{"id":10145,"date":"2020-04-01T15:32:07","date_gmt":"2020-04-01T13:32:07","guid":{"rendered":"https:\/\/charleroi-pourlapalestine.be\/?p=10145"},"modified":"2020-04-01T18:10:34","modified_gmt":"2020-04-01T16:10:34","slug":"israel-sen-prend-aux-palestiniens-pendant-quils-luttent-contre-le-covid-19","status":"publish","type":"post","link":"https:\/\/charleroi-pourlapalestine.be\/index.php\/2020\/04\/01\/israel-sen-prend-aux-palestiniens-pendant-quils-luttent-contre-le-covid-19\/","title":{"rendered":"Isra\u00ebl s&rsquo;en prend aux Palestiniens pendant qu&rsquo;ils luttent contre le Covid-19"},"content":{"rendered":"<p>&nbsp;<\/p>\n<div id=\"attachment_10147\" style=\"width: 429px\" class=\"wp-caption aligncenter\"><img loading=\"lazy\" decoding=\"async\" aria-describedby=\"caption-attachment-10147\" class=\"wp-image-10147 size-full\" src=\"https:\/\/charleroi-pourlapalestine.be\/wp-content\/uploads\/2020\/04\/unrwa-gaza-Copy.jpg\" alt=\"\" width=\"419\" height=\"279\" srcset=\"https:\/\/charleroi-pourlapalestine.be\/wp-content\/uploads\/2020\/04\/unrwa-gaza-Copy.jpg 419w, https:\/\/charleroi-pourlapalestine.be\/wp-content\/uploads\/2020\/04\/unrwa-gaza-Copy-300x200.jpg 300w\" sizes=\"auto, (max-width: 419px) 100vw, 419px\" \/><p id=\"caption-attachment-10147\" class=\"wp-caption-text\">Le 31 mars, des travailleurs de l&rsquo;agence des Nations unies, l&rsquo;UNRWA, \u00e0 Deir al-Balah, dans la bande de Gaza, pr\u00e9parent des rations de nourriture qui doivent \u00eatre livr\u00e9es dans les logements des familles de r\u00e9fugi\u00e9s palestiniens, et ce, afin d&rsquo;\u00e9viter les grands rassemblements de personnes devant les centres de distribution. La mesure vise \u00e0 emp\u00eacher une \u00e9pid\u00e9mie de Covid-19 dans le territoire \u00e0 la population tr\u00e8s dense. (Photo : Ashraf Amra APA images)<\/p><\/div>\n<p><strong>Ali Abunimah<\/strong>, 31 mars 2020<\/p>\n<p>Les forces isra\u00e9liennes d&rsquo;occupation continuent \u00e0 s&rsquo;en prendre aux communaut\u00e9s palestiniennes alors qu&rsquo;elles luttent pour endiguer la menace de pand\u00e9mie du coronavirus.<\/p>\n<p>La vid\u00e9o qui suit montre les forces d&rsquo;occupation portant des combinaisons <em>\u00ab&nbsp;hazmat&nbsp;\u00bb<\/em> (= hazardous materials ou produits dangereux, NdT) et des fusils d&rsquo;assaut au moment o\u00f9 elles font irruption dans une maison pr\u00e8s de Ramallah, mardi matin&nbsp;:<\/p>\n<blockquote class=\"twitter-tweet\" data-width=\"500\" data-dnt=\"true\">\n<p lang=\"en\" dir=\"ltr\">Heavily armed <a href=\"https:\/\/twitter.com\/hashtag\/Israeli?src=hash&amp;ref_src=twsrc%5Etfw\">#Israeli<\/a> soldiers accompanied by attack dogs raid a house in the city of <a href=\"https:\/\/twitter.com\/hashtag\/Ramallah?src=hash&amp;ref_src=twsrc%5Etfw\">#Ramallah<\/a>, in the central West Bank, and detain one of its residents, last night. <a href=\"https:\/\/t.co\/fmYcAmwnao\">pic.twitter.com\/fmYcAmwnao<\/a><\/p>\n<p>&mdash; Quds News Network (@Qudsn_en) <a href=\"https:\/\/twitter.com\/Qudsn_en\/status\/1244894529897062400?ref_src=twsrc%5Etfw\">March 31, 2020<\/a><\/p><\/blockquote>\n<p><script async src=\"https:\/\/platform.twitter.com\/widgets.js\" charset=\"utf-8\"><\/script><\/p>\n<p>Selon les m\u00e9dias locaux, les forces d&rsquo;occupation ont arr\u00eat\u00e9 au moins quatre Palestiniens lors de raids nocturnes dans des maisons de Ramallah (si\u00e8ge de l&rsquo;Autorit\u00e9 palestinienne, en Cisjordanie) ou de la p\u00e9riph\u00e9rie.<\/p>\n<blockquote class=\"twitter-tweet\" data-width=\"500\" data-dnt=\"true\">\n<p lang=\"en\" dir=\"ltr\">While the Palestinian and Israeli governments jointly fight the coronavirus, last night the Israeli army raided Ramallah &#8211; where the Palestinian government sits &#8211; for several hours, making arrests and waking up much of the city with sound bombs<\/p>\n<p>&mdash; Joe (@joedyke) <a href=\"https:\/\/twitter.com\/joedyke\/status\/1244872315919368192?ref_src=twsrc%5Etfw\">March 31, 2020<\/a><\/p><\/blockquote>\n<p><script async src=\"https:\/\/platform.twitter.com\/widgets.js\" charset=\"utf-8\"><\/script><\/p>\n<p>Mardi soir, les forces isra\u00e9liennes ont confisqu\u00e9 des colis de nourriture qui devaient \u00eatre distribu\u00e9s \u00e0 des familles en quarantaine \u00e0 Sur Baher, un village situ\u00e9 au sud de J\u00e9rusalem&nbsp;:<\/p>\n<blockquote class=\"twitter-tweet\" data-width=\"500\" data-dnt=\"true\">\n<p lang=\"ar\" dir=\"rtl\">\u0642\u0648\u0627\u062a \u0627\u0644\u0627\u062d\u062a\u0644\u0627\u0644 \u062a\u0635\u0627\u062f\u0631 \u0637\u0631\u0648\u062f\u064b\u0627 \u063a\u0630\u0627\u0626\u064a\u0629 \u0642\u0628\u064a\u0644 \u062a\u0648\u0632\u064a\u0639\u0647\u0627 \u0639\u0644\u0649 \u0639\u0627\u0626\u0644\u0627\u062a \u0645\u062a\u0639\u0641\u0641\u0629 \u062f\u0627\u062e\u0644 \u0628\u0644\u062f\u0629 \u0635\u0648\u0631 \u0628\u0627\u0647\u0631 \u0641\u064a <a href=\"https:\/\/twitter.com\/hashtag\/%D8%A7%D9%84%D9%82%D8%AF%D8%B3?src=hash&amp;ref_src=twsrc%5Etfw\">#\u0627\u0644\u0642\u062f\u0633<\/a> \u0627\u0644\u0645\u062d\u062a\u0644\u0629.<a href=\"https:\/\/twitter.com\/hashtag\/%D9%81%D9%84%D8%B3%D8%B7%D9%8A%D9%86?src=hash&amp;ref_src=twsrc%5Etfw\">#\u0641\u0644\u0633\u0637\u064a\u0646<\/a> <a href=\"https:\/\/twitter.com\/hashtag\/%D9%83%D9%88%D9%81%D9%8A%D8%AF19?src=hash&amp;ref_src=twsrc%5Etfw\">#\u0643\u0648\u0641\u064a\u062f19<\/a> <a href=\"https:\/\/twitter.com\/hashtag\/%D9%83%D9%88%D8%B1%D9%88%D9%86%D8%A7?src=hash&amp;ref_src=twsrc%5Etfw\">#\u0643\u0648\u0631\u0648\u0646\u0627<\/a> <a href=\"https:\/\/t.co\/x01k4LCaBv\">pic.twitter.com\/x01k4LCaBv<\/a><\/p>\n<p>&mdash; \u0623\u062e\u0628\u0627\u0631 \u0641\u0644\u0633\u0637\u064a\u0646 (@QudsNN) <a href=\"https:\/\/twitter.com\/QudsNN\/status\/1245039246882353154?ref_src=twsrc%5Etfw\">March 31, 2020<\/a><\/p><\/blockquote>\n<p><script async src=\"https:\/\/platform.twitter.com\/widgets.js\" charset=\"utf-8\"><\/script><\/p>\n<p>Selon les m\u00e9dias palestiniens, les forces d&rsquo;occupation ont fait irruption dans une \u00e9cole o\u00f9 les colis \u00e9taient pr\u00e9par\u00e9s, ont arr\u00eat\u00e9 quatre membres du comit\u00e9 local d&rsquo;urgence et se sont empar\u00e9es de 300 colis de nourriture.<\/p>\n<p>La distribution de bienfaisance avait \u00e9t\u00e9 mise sur pied gr\u00e2ce \u00e0 des contributions provenant de citoyens palestiniens d&rsquo;Isra\u00ebl.<\/p>\n<p>Les forces isra\u00e9liennes ont \u00e9galement effectu\u00e9 des raids et proc\u00e9d\u00e9 \u00e0 des arrestations dans le quartier de <a href=\"https:\/\/charleroi-pourlapalestine.be\/index.php\/2020\/04\/01\/shuafat-jerusalem-est-scenes-de-guerre\/\">Shuafat<\/a>, \u00e0 J\u00e9rusalem-Est occup\u00e9e.<\/p>\n<blockquote class=\"twitter-tweet\" data-width=\"500\" data-dnt=\"true\">\n<p lang=\"en\" dir=\"ltr\">Watch | <a href=\"https:\/\/twitter.com\/hashtag\/IOF?src=hash&amp;ref_src=twsrc%5Etfw\">#IOF<\/a> troops detain sever Palestinian civilians during a wide-scale raid of the occupied Jerusalem neighborhood of Shuafat, today. <a href=\"https:\/\/t.co\/GWmLTnvOom\">pic.twitter.com\/GWmLTnvOom<\/a><\/p>\n<p>&mdash; Quds News Network (@Qudsn_en) <a href=\"https:\/\/twitter.com\/Qudsn_en\/status\/1244687919266385922?ref_src=twsrc%5Etfw\">March 30, 2020<\/a><\/p><\/blockquote>\n<p><script async src=\"https:\/\/platform.twitter.com\/widgets.js\" charset=\"utf-8\"><\/script><\/p>\n<blockquote class=\"twitter-tweet\" data-width=\"500\" data-dnt=\"true\">\n<p lang=\"en\" dir=\"ltr\">The latest in Israel&#39;s brutality&#8230;<br \/>Watch | Israeli military police humiliate a Palestinian young man while detaining him during a raid of the occupied Jerusalem neighborhood of Shuafat, today. <a href=\"https:\/\/t.co\/K4yKZpiO3S\">pic.twitter.com\/K4yKZpiO3S<\/a><\/p>\n<p>&mdash; Quds News Network (@Qudsn_en) <a href=\"https:\/\/twitter.com\/Qudsn_en\/status\/1244683502685229058?ref_src=twsrc%5Etfw\">March 30, 2020<\/a><\/p><\/blockquote>\n<p><script async src=\"https:\/\/platform.twitter.com\/widgets.js\" charset=\"utf-8\"><\/script><\/p>\n<p>&nbsp;<\/p>\n<p>D&rsquo;autres vid\u00e9os montrent les forces isra\u00e9liennes attaquer et arr\u00eater des Palestiniens sans prendre la moindre pr\u00e9caution en vue d&#8217;emp\u00eacher une potentielle transmission du virus&nbsp;:<\/p>\n<blockquote class=\"twitter-tweet\" data-width=\"500\" data-dnt=\"true\">\n<p lang=\"en\" dir=\"ltr\">Watch | Israeli occupation forces assault and detain a Palestinian young man at Herod&#39;s Gate in occupied Jerusalem, today. <a href=\"https:\/\/t.co\/XLR1Wfun5H\">pic.twitter.com\/XLR1Wfun5H<\/a><\/p>\n<p>&mdash; Quds News Network (@Qudsn_en) <a href=\"https:\/\/twitter.com\/Qudsn_en\/status\/1244666494476312577?ref_src=twsrc%5Etfw\">March 30, 2020<\/a><\/p><\/blockquote>\n<p><script async src=\"https:\/\/platform.twitter.com\/widgets.js\" charset=\"utf-8\"><\/script><\/p>\n<p>Dans cet indident qui a eu lieu mardi dans le village d<strong>&lsquo;Issawiyeh<\/strong>, \u00e0 J\u00e9rusalem-Est, les forces d&rsquo;occupation ont violemment molest\u00e9 un Palestinien sous les yeux de son jeune fils avant de l&rsquo;immobiliser et de l&rsquo;entraver&nbsp;:<\/p>\n<p>https:\/\/twitter.com\/sharona_weiss\/status\/1244950640662654976?ref_src=twsrc%5Etfw%7Ctwcamp%5Etweetembed%7Ctwterm%5E1244950640662654976&#038;ref_url=https%3A%2F%2Felectronicintifada.net%2Fblogs%2Fali-abunimah%2Fisrael-attacks-palestinians-they-fight-covid-19<\/p>\n<p>Toujours selon les m\u00e9dias locaux, les forces isra\u00e9liennes ont \u00e9galement attaqu\u00e9 un groupe de Palestiniens qui priaient \u00e0 l&rsquo;ext\u00e9rieur d&rsquo;une mosqu\u00e9e locale.<\/p>\n<h3>Le nombre de cas augmente<\/h3>\n<p>Ce mardi, il y avait 119 cas confirm\u00e9s de coronavirus parmi les Palestiniens, dont la grande majorit\u00e9 en <strong>Cisjordanie occup\u00e9e<\/strong>, bien que le nombre de cas augmente \u00e9galement \u00e0 <strong>Gaza.<\/strong><\/p>\n<p><a href=\"https:\/\/www.ochaopt.org\/content\/covid-19-emergency-situation-report-2\" target=\"_blank\" rel=\"noopener noreferrer\">Selon<\/a> le <strong>Bureau de la coordination des affaires humanitaires<\/strong> (BCAH ou OCHA) de l&rsquo;ONU, le nombre relativement peu \u00e9lev\u00e9 <em>\u00ab&nbsp;peut refl\u00e9ter la capacit\u00e9 de test limit\u00e9e&nbsp;\u00bb.<\/em><\/p>\n<p>Isra\u00ebl, dont le nombre de cas d\u00e9pass\u00e9 les 5&nbsp;000, lutte pour endiguer l&rsquo;\u00e9pid\u00e9mie.<\/p>\n<p>M\u00eame le Premier ministre Benjamin Netanyahou, le chef d&rsquo;\u00e9tat-major de l&rsquo;arm\u00e9e Aviv Kochavi et d&rsquo;autres officiers sup\u00e9rieurs sont d\u00e9sormais <a href=\"https:\/\/in.news.yahoo.com\/coronavirus-pm-netanyahu-israels-army-163200165.html\" target=\"_blank\" rel=\"noopener noreferrer\">en isolement<\/a> apr\u00e8s \u00eatre entr\u00e9s en contact avec des personnes infect\u00e9es.<\/p>\n<p>L&rsquo;\u00e9pid\u00e9mie en Isra\u00ebl constitue une menace directe pour les Palestiniens.<\/p>\n<p>Depuis le 23 mars, les autorit\u00e9s isra\u00e9liennes ont expuls\u00e9 des milliers de travailleurs palestiniens et les ont renvoy\u00e9s en Cisjordanie occup\u00e9e, <em>\u00ab&nbsp;apr\u00e8s que certains d&rsquo;entre eux avaient montr\u00e9 des signes de fatigue et une temp\u00e9rature \u00e9lev\u00e9e&nbsp;\u00bb<\/em>, pr\u00e9tend l&rsquo;association des droits de l&rsquo;homme <a href=\"https:\/\/euromedmonitor.org\/en\/article\/3459\" target=\"_blank\" rel=\"noopener noreferrer\">Euro-Med Monitor<\/a>.<\/p>\n<blockquote><p>\u00ab&nbsp;La plupart des d\u00e9portations ont eu lieu sans examen m\u00e9dical ou sans arrangement particulier avec les autorit\u00e9s palestiniennes afin de faire en sorte que les travailleurs soient examin\u00e9s et soign\u00e9s d\u00e8s leur retour, et ce, dans le but de garantir leur bien-\u00eatre. Cette fa\u00e7on d&rsquo;agir \u00e9quivaut \u00e0 de la discrimination raciale.&nbsp;\u00bb<\/p><\/blockquote>\n<p>L&rsquo;association a d\u00e9clar\u00e9 que ces pratiques<\/p>\n<blockquote><p>\u00ab&nbsp;posaient une menace pour la sant\u00e9 publique et facilitaient la propagation du Covid-19 parmi les Palestiniens&nbsp;\u00bb.<\/p><\/blockquote>\n<p>Euro-Med Monitor a ajout\u00e9 que <a href=\"https:\/\/charleroi-pourlapalestine.be\/index.php\/2020\/03\/26\/une-cisjordanienne-premiere-palestinienne-a-mourir-du-covid-19\/\">la premi\u00e8re Palestinienne morte du Covid-19,<\/a> une femme du village de Biddu, avait \u00e9t\u00e9 infect\u00e9e par son fils qui travaillait en Isra\u00ebl.<\/p>\n<p>Un grand nombre des Palestiniens qui ont \u00e9t\u00e9 test\u00e9s positifs au coronavirus<\/p>\n<blockquote><p>\u00ab&nbsp;ont \u00e9t\u00e9 infect\u00e9s pendant leur travail en Isra\u00ebl ou dans les colonies isra\u00e9liennes en Cisjordanie&nbsp;\u00bb,<\/p><\/blockquote>\n<p>a d\u00e9clar\u00e9 l&rsquo;association ce mardi.<\/p>\n<p>Depuis le 22 mars, l&rsquo;Autorit\u00e9 palestinienne a plac\u00e9 sous confinement les zones de Cisjordanie qu&rsquo;elle contr\u00f4le.<\/p>\n<p>Elle a \u00e9galement invit\u00e9 tous les travailleurs palestiniens employ\u00e9s en Isra\u00ebl \u00e0 rentrer en Cisjordanie, o\u00f9 ils seront cens\u00e9s \u00eatre mis en quarantaine \u00e0 leur domicile pendant deux semaines.<\/p>\n<p>Mais, comme le fait remarquer le BCAH (ou OCHA),<\/p>\n<blockquote><p>\u00ab&nbsp;l&rsquo;ampleur de la mesure reste vague, puisque le secteur de la construction en Isra\u00ebl, qui emploie la plupart de ces travailleurs, est rest\u00e9 actif&nbsp;\u00bb.<\/p><\/blockquote>\n<p>Il n&rsquo;y a <em>\u00ab&nbsp;pas moyen non plus de garantir qu&rsquo;ils suivront les directives de quarantaine \u00e0 domicile&nbsp;\u00bb.<\/em><\/p>\n<p>Le BCAH (ou <strong>OCHA)<\/strong> a lou\u00e9 <em>\u00ab&nbsp;l&rsquo;\u00e9troite collaboration entre les autorit\u00e9s palestiniennes et isra\u00e9liennes&nbsp;\u00bb<\/em> depuis le d\u00e9but de la crise du coronavirus.<\/p>\n<p>L&rsquo;agence de l&rsquo;ONU cr\u00e9dite Isra\u00ebl d&rsquo;avoir facilit\u00e9 l&rsquo;importation de 10&nbsp;000 kits de test par l&rsquo;Autorit\u00e9 palestinienne et d&rsquo;avoir organis\u00e9 une formation pour une \u00e9quipe m\u00e9dicale de l&rsquo;h\u00f4pital <strong>al-Makassed,<\/strong> \u00e0 J\u00e9rusalem-Est.<\/p>\n<p>N&#8217;emp\u00eache que les attaques permanentes d&rsquo;Isra\u00ebl contre la population palestinienne, exposant potentiellement cette derni\u00e8re \u00e0 la contagion, font perdre toute cr\u00e9dibilit\u00e9 \u00e0 la bonne volont\u00e9 isra\u00e9lienne.<\/p>\n<h3>Inqui\u00e9tude \u00e0 propos des prisonniers<\/h3>\n<p>L&rsquo;inqui\u00e9tude augmente aussi \u00e0 propos du bien-\u00eatre des quelque 5&nbsp;000 prisonniers politiques palestiniens d\u00e9tenus par Isra\u00ebl.<\/p>\n<blockquote><p>\u00ab&nbsp;Notre inqui\u00e9tude croissante pour les prisonniers et d\u00e9tenus palestiniens durant la pand\u00e9mie de Covid-19 en cours provient de la n\u00e9gligence m\u00e9dicale, syst\u00e9matique et routini\u00e8re, au sein des centres isra\u00e9liens de d\u00e9tention et d&rsquo;interrogatoire&nbsp;\u00bb,<\/p><\/blockquote>\n<p>a d\u00e9clar\u00e9 mardi <a href=\"http:\/\/www.addameer.org\/news\/urgent-action-free-our-prisoners\" target=\"_blank\" rel=\"noopener noreferrer\">Addameer<\/a>, l&rsquo;association de d\u00e9fense des droits des prisonniers.<\/p>\n<p>En 2019, cinq Palestiniens sont morts en d\u00e9tention en Isra\u00ebl, dont trois suite \u00e0 des n\u00e9gligences m\u00e9dicales, alors que des centaines d&rsquo;autres d\u00e9tenus souffrent de maladies chroniques auxquelles on n&rsquo;apporte pas de traitement, explique encore Addameer.<\/p>\n<p>L&rsquo;association pousse activement \u00e0 la mise sur pied d&rsquo;une campagne internationale en vue de r\u00e9clamer la lib\u00e9ration de tous les prisonniers.<\/p>\n<p>Depuis le d\u00e9but mars, Isra\u00ebl a interdit toute visite des familles et des avocats aux prisonniers palestiniens, en invoquant la crise du coronavirus.<\/p>\n<p>Isra\u00ebl a report\u00e9 sine die toutes les auditions des tribunaux militaires, prolongeant ainsi ind\u00e9finiment les temps de d\u00e9tention.<\/p>\n<p>Les autorit\u00e9s p\u00e9nitentiaires isra\u00e9liennes refusent \u00e9galement d&rsquo;installer des t\u00e9l\u00e9phones fixes en vue de permettre aux prisonniers de s&rsquo;entretenir avec leurs familles \u2013 alors qu&rsquo;elles l&rsquo;avaient promis pr\u00e9c\u00e9demment \u2013 ce qui durcit encore leur isolement.<\/p>\n<p><a href=\"https:\/\/charleroi-pourlapalestine.be\/index.php\/2020\/03\/26\/une-cisjordanienne-premiere-palestinienne-a-mourir-du-covid-19\/\">Quatre prisonniers palestiniens<\/a> entr\u00e9s en contact avec un agent p\u00e9nitentiaire isra\u00e9lien infect\u00e9 par le virus \u00e0 la mi-mars viennent d&rsquo;\u00eatre sortis de leur quarantaine.<\/p>\n<p>Deux de ces prisonniers ont \u00e9t\u00e9 lib\u00e9r\u00e9s et renvoy\u00e9s dans leurs familles en Cisjordanie, sans toutefois avoir \u00e9t\u00e9 test\u00e9s au coronavirus, et les deux autres sont retourn\u00e9s en prison, d\u00e9clare Addameer.<\/p>\n<h3>Gaza<\/h3>\n<p>Depuis lundi, les autorit\u00e9s sanitaires de Gaza ont annonc\u00e9 trois nouveaux cas de coronavirus, portant ainsi \u00e0 12 le nombre total de personnes infect\u00e9es dans le territoire.<\/p>\n<p>Toutes les personnes infect\u00e9es \u00e9taient des voyageurs mis en quarantaine \u00e0 leur retour \u00e0 Gaza, ou des agents de la s\u00e9curit\u00e9 qui avaient \u00e9t\u00e9 en contact avec ces personnes, et qui se trouvent \u00e9galement en quarantaine.<\/p>\n<p>Jusqu&rsquo;\u00e0 pr\u00e9sent, aucun cas n&rsquo;a encore \u00e9t\u00e9 rapport\u00e9 parmi la population g\u00e9n\u00e9rale.<\/p>\n<p>Pourtant, les mises en garde se sont multipli\u00e9es \u00e0 propos de la catastrophe que pourrait engendrer le d\u00e9clenchement d&rsquo;une telle \u00e9pid\u00e9mie.<\/p>\n<blockquote><p>\u00ab&nbsp;La capacit\u00e9 du syst\u00e8me de sant\u00e9 palestinien \u00e0 g\u00e9rer une augmentation attendue du nombre de patients reste s\u00e9v\u00e8rement entrav\u00e9e par des probl\u00e8mes pr\u00e9sents depuis tr\u00e8s longtemps et des p\u00e9nuries critiques, particuli\u00e8rement dans la bande de Gaza&nbsp;\u00bb,<\/p><\/blockquote>\n<p>d\u00e9clare le bureau de coordination humanitaire de l&rsquo;ONU, le BCAH (ou OCHA).<\/p>\n<blockquote><p>\u00ab&nbsp;Les gens des camps de r\u00e9fugi\u00e9s et des autres r\u00e9gions pauvres \u00e0 forte densit\u00e9 de population des territoires palestiniens occup\u00e9s sont confront\u00e9s \u00e0 un risque de contagion plus \u00e9lev\u00e9 en raison du surpeuplement et d&rsquo;\u00e9quipements sanitaires inad\u00e9quats.&nbsp;\u00bb<\/p><\/blockquote>\n<p>Bien des organisations et <a href=\"https:\/\/electronicintifada.net\/blogs\/nora-barrows-friedman\/understaffed-and-under-equipped-gaza\" target=\"_blank\" rel=\"noopener noreferrer\">experts de la sant\u00e9<\/a> <a href=\"https:\/\/electronicintifada.net\/blogs\/tamara-nassar\/palestinians-face-two-enemies-occupation-and-pandemic\" target=\"_blank\" rel=\"noopener noreferrer\">palestiniens<\/a> et <a href=\"https:\/\/charleroi-pourlapalestine.be\/index.php\/2020\/03\/28\/la-carte-du-covid-19-de-luniversite-john-hopkins-critiquee-pour-avoir-occulte-les-palestiniens\/\">internationaux<\/a> ont d\u00e9j\u00e0 <a href=\"https:\/\/electronicintifada.net\/blogs\/nora-barrows-friedman\/podcast-ep-16-gaza-physicians-brace-impact\" target=\"_blank\" rel=\"noopener noreferrer\">mis en garde<\/a> contre la catastrophe qui guettait si la pand\u00e9mie ateignait la population de Gaza, o\u00f9 le syst\u00e8me de sant\u00e9, la distribution d&rsquo;eau et les \u00e9quipements sanitaires ont \u00e9t\u00e9 s\u00e9v\u00e8rement d\u00e9t\u00e9rior\u00e9s par trois grandes offensives militaires isra\u00e9liennes et un si\u00e8ge \u00e9touffant, ces derni\u00e8res ann\u00e9es.<\/p>\n<p>En raison du virus, les autorit\u00e9s de Gaza ont annonc\u00e9 mardi que les insititutions d&rsquo;enseignement resteraient ferm\u00e9es ind\u00e9finiment et que, de m\u00eame, d&rsquo;autres mesures resteraient en vigueur afin d&rsquo;\u00e9viter une \u00e9pid\u00e9mie.<\/p>\n<p>Les autorit\u00e9s \u00e0 Gaza ont annonc\u00e9 qu&rsquo;elles alloueraient un million de USD pour leurs paiements d&rsquo;urgence \u00e0 10&nbsp;000 familles qui ont perdu leur revenu suite \u00e0 la pand\u00e9mie et qu&rsquo;une donation de 300&nbsp;000 autres USD, constitu\u00e9e \u00e0 partir des salaires des employ\u00e9s gouvernementaux, serait redistribu\u00e9e \u00e0 des familles \u00e0 bas revenu.<\/p>\n<p>La <a href=\"https:\/\/www.aa.com.tr\/en\/health\/turkish-hospital-to-operate-in-gaza-to-curb-coronavirus\/1786335\" target=\"_blank\" rel=\"noopener noreferrer\">Turquie<\/a> a accept\u00e9 d&rsquo;\u00e9quiper l&rsquo;h\u00f4pital qu&rsquo;elle aide \u00e0 Gaza afin qu&rsquo;il puisse traiter les patients atreints du Covid-19.<\/p>\n<p>Des organisations internationales ont demand\u00e9 un financement d&rsquo;urgence de 34 millions de USD afin de combattre la pand\u00e9mie en Cisjordanie et \u00e0 Gaza. De cette somme, 9 millions ont d\u00e9j\u00e0 \u00e9t\u00e9 vers\u00e9s par des agences de d\u00e9veloppement, ainsi que par les gouvernements britannique et irlandais.<\/p>\n<p>Pr\u00e9c\u00e9demment, dans un effort en vue de combattre le Covid-19 \u00e0 Gaza, le Qatar avait d\u00e9j\u00e0 <a href=\"https:\/\/www.rt.com\/newsline\/483805-qatar-gaza-aid-un\/\" target=\"_blank\" rel=\"noopener noreferrer\">promis 150 millions de USD<\/a> ventil\u00e9s sur six mois.<\/p>\n<p>Mardi, 100&nbsp;000 familles de Gaza ont <a href=\"http:\/\/www.china.org.cn\/world\/Off_the_Wire\/2020-03\/31\/content_75883158.htm\" target=\"_blank\" rel=\"noopener noreferrer\">commenc\u00e9 \u00e0 recevoir<\/a> chacune 100 USD donn\u00e9s par le Qatar afin de les aider \u00e0 affonter la crise provoqu\u00e9e par la pand\u00e9mie.<\/p>\n<hr>\n<p>Publi\u00e9 le 31 mars 2020 sur <a href=\"https:\/\/electronicintifada.net\/blogs\/ali-abunimah\/israel-attacks-palestinians-they-fight-covid-19\" target=\"_blank\" rel=\"noopener noreferrer\">The Electronic Intifada<\/a><br \/>\nTraduction : Jean-Marie Fl\u00e9mal<\/p>\n<p><strong><img loading=\"lazy\" decoding=\"async\" class=\"alignleft wp-image-4837 size-thumbnail\" src=\"https:\/\/www.pourlapalestine.be\/wp-content\/uploads\/2015\/11\/ali-abunimah-21-150x150.jpg\" alt=\"ali-abunimah-21\" width=\"150\" height=\"150\">Ali Abunimah<\/strong>, journaliste palestino-am\u00e9ricain est le cofondateur de \u2019<strong><a href=\"https:\/\/electronicintifada.net\/news\">The Electronic Intifada<\/a>\u2019 <\/strong>et auteur des livres&nbsp; <em><strong>One Country : A bold Proposal to end the Israeli-Palestinian Impasse <\/strong>et<strong> The battle for Justice in Palestine<br \/>\n<\/strong><\/em><\/p>\n<p><strong>On peut suivre Ali Abunimah sur Twitter : <\/strong><strong><a href=\"https:\/\/www.twitter.com\/AliAbunimah\" target=\"_blank\" rel=\"noopener noreferrer\">@AliAbunimah<\/a><\/strong><\/p>\n<p>&nbsp;<\/p>\n","protected":false},"excerpt":{"rendered":"<p>Ce lundi 30 mars, il y avait 119 cas confirm\u00e9s de covid-19 parmi les Palestiniens, surtout en Cisjordanie occup\u00e9e, mais aussi \u00e0 Gaza.<\/p>\n","protected":false},"author":1,"featured_media":10147,"comment_status":"closed","ping_status":"closed","sticky":false,"template":"","format":"standard","meta":{"ngg_post_thumbnail":0,"footnotes":""},"categories":[412,346,91,387,201],"tags":[],"class_list":["post-10145","post","type-post","status-publish","format-standard","has-post-thumbnail","hentry","category-coronavirus","category-discriminaton","category-racisme","category-terrorisme-detat","category-travailleurs"],"yoast_head":"<!-- This site is optimized with the Yoast SEO plugin v27.3 - https:\/\/yoast.com\/product\/yoast-seo-wordpress\/ -->\n<title>Isra\u00ebl s&#039;en prend aux Palestiniens pendant qu&#039;ils luttent contre le Covid-19<\/title>\n<meta name=\"description\" content=\"Ce lundi 30 mars, il y avait 119 cas confirm\u00e9s de covid-19 parmi les Palestiniens, surtout en Cisjordanie occup\u00e9e, mais aussi \u00e0 Gaza.\" \/>\n<meta name=\"robots\" content=\"index, follow, max-snippet:-1, max-image-preview:large, max-video-preview:-1\" \/>\n<link rel=\"canonical\" href=\"https:\/\/charleroi-pourlapalestine.be\/index.php\/2020\/04\/01\/israel-sen-prend-aux-palestiniens-pendant-quils-luttent-contre-le-covid-19\/\" \/>\n<script type=\"application\/ld+json\" class=\"yoast-schema-graph\">{\"@context\":\"https:\\\/\\\/schema.org\",\"@graph\":[{\"@type\":\"Article\",\"@id\":\"https:\\\/\\\/charleroi-pourlapalestine.be\\\/index.php\\\/2020\\\/04\\\/01\\\/israel-sen-prend-aux-palestiniens-pendant-quils-luttent-contre-le-covid-19\\\/#article\",\"isPartOf\":{\"@id\":\"https:\\\/\\\/charleroi-pourlapalestine.be\\\/index.php\\\/2020\\\/04\\\/01\\\/israel-sen-prend-aux-palestiniens-pendant-quils-luttent-contre-le-covid-19\\\/\"},\"author\":{\"name\":\"admin1873\",\"@id\":\"https:\\\/\\\/charleroi-pourlapalestine.be\\\/#\\\/schema\\\/person\\\/c19ff515112f1299d8c12671d8fe3faa\"},\"headline\":\"Isra\u00ebl s&rsquo;en prend aux Palestiniens pendant qu&rsquo;ils luttent contre le Covid-19\",\"datePublished\":\"2020-04-01T13:32:07+00:00\",\"dateModified\":\"2020-04-01T16:10:34+00:00\",\"mainEntityOfPage\":{\"@id\":\"https:\\\/\\\/charleroi-pourlapalestine.be\\\/index.php\\\/2020\\\/04\\\/01\\\/israel-sen-prend-aux-palestiniens-pendant-quils-luttent-contre-le-covid-19\\\/\"},\"wordCount\":2008,\"publisher\":{\"@id\":\"https:\\\/\\\/charleroi-pourlapalestine.be\\\/#organization\"},\"image\":{\"@id\":\"https:\\\/\\\/charleroi-pourlapalestine.be\\\/index.php\\\/2020\\\/04\\\/01\\\/israel-sen-prend-aux-palestiniens-pendant-quils-luttent-contre-le-covid-19\\\/#primaryimage\"},\"thumbnailUrl\":\"https:\\\/\\\/charleroi-pourlapalestine.be\\\/wp-content\\\/uploads\\\/2020\\\/04\\\/unrwa-gaza-Copy.jpg\",\"articleSection\":[\"Coronavirus\",\"Discriminaton\",\"Racisme\",\"Terrorisme d'Etat\",\"Travailleurs\"],\"inLanguage\":\"fr-FR\"},{\"@type\":\"WebPage\",\"@id\":\"https:\\\/\\\/charleroi-pourlapalestine.be\\\/index.php\\\/2020\\\/04\\\/01\\\/israel-sen-prend-aux-palestiniens-pendant-quils-luttent-contre-le-covid-19\\\/\",\"url\":\"https:\\\/\\\/charleroi-pourlapalestine.be\\\/index.php\\\/2020\\\/04\\\/01\\\/israel-sen-prend-aux-palestiniens-pendant-quils-luttent-contre-le-covid-19\\\/\",\"name\":\"Isra\u00ebl s'en prend aux Palestiniens pendant qu'ils luttent contre le Covid-19\",\"isPartOf\":{\"@id\":\"https:\\\/\\\/charleroi-pourlapalestine.be\\\/#website\"},\"primaryImageOfPage\":{\"@id\":\"https:\\\/\\\/charleroi-pourlapalestine.be\\\/index.php\\\/2020\\\/04\\\/01\\\/israel-sen-prend-aux-palestiniens-pendant-quils-luttent-contre-le-covid-19\\\/#primaryimage\"},\"image\":{\"@id\":\"https:\\\/\\\/charleroi-pourlapalestine.be\\\/index.php\\\/2020\\\/04\\\/01\\\/israel-sen-prend-aux-palestiniens-pendant-quils-luttent-contre-le-covid-19\\\/#primaryimage\"},\"thumbnailUrl\":\"https:\\\/\\\/charleroi-pourlapalestine.be\\\/wp-content\\\/uploads\\\/2020\\\/04\\\/unrwa-gaza-Copy.jpg\",\"datePublished\":\"2020-04-01T13:32:07+00:00\",\"dateModified\":\"2020-04-01T16:10:34+00:00\",\"description\":\"Ce lundi 30 mars, il y avait 119 cas confirm\u00e9s de covid-19 parmi les Palestiniens, surtout en Cisjordanie occup\u00e9e, mais aussi \u00e0 Gaza.\",\"breadcrumb\":{\"@id\":\"https:\\\/\\\/charleroi-pourlapalestine.be\\\/index.php\\\/2020\\\/04\\\/01\\\/israel-sen-prend-aux-palestiniens-pendant-quils-luttent-contre-le-covid-19\\\/#breadcrumb\"},\"inLanguage\":\"fr-FR\",\"potentialAction\":[{\"@type\":\"ReadAction\",\"target\":[\"https:\\\/\\\/charleroi-pourlapalestine.be\\\/index.php\\\/2020\\\/04\\\/01\\\/israel-sen-prend-aux-palestiniens-pendant-quils-luttent-contre-le-covid-19\\\/\"]}]},{\"@type\":\"ImageObject\",\"inLanguage\":\"fr-FR\",\"@id\":\"https:\\\/\\\/charleroi-pourlapalestine.be\\\/index.php\\\/2020\\\/04\\\/01\\\/israel-sen-prend-aux-palestiniens-pendant-quils-luttent-contre-le-covid-19\\\/#primaryimage\",\"url\":\"https:\\\/\\\/charleroi-pourlapalestine.be\\\/wp-content\\\/uploads\\\/2020\\\/04\\\/unrwa-gaza-Copy.jpg\",\"contentUrl\":\"https:\\\/\\\/charleroi-pourlapalestine.be\\\/wp-content\\\/uploads\\\/2020\\\/04\\\/unrwa-gaza-Copy.jpg\",\"width\":419,\"height\":279},{\"@type\":\"BreadcrumbList\",\"@id\":\"https:\\\/\\\/charleroi-pourlapalestine.be\\\/index.php\\\/2020\\\/04\\\/01\\\/israel-sen-prend-aux-palestiniens-pendant-quils-luttent-contre-le-covid-19\\\/#breadcrumb\",\"itemListElement\":[{\"@type\":\"ListItem\",\"position\":1,\"name\":\"Accueil\",\"item\":\"https:\\\/\\\/charleroi-pourlapalestine.be\\\/\"},{\"@type\":\"ListItem\",\"position\":2,\"name\":\"Isra\u00ebl s&#8217;en prend aux Palestiniens pendant qu&#8217;ils luttent contre le Covid-19\"}]},{\"@type\":\"WebSite\",\"@id\":\"https:\\\/\\\/charleroi-pourlapalestine.be\\\/#website\",\"url\":\"https:\\\/\\\/charleroi-pourlapalestine.be\\\/\",\"name\":\"Charleroi Pour la Palestine\",\"description\":\"\",\"publisher\":{\"@id\":\"https:\\\/\\\/charleroi-pourlapalestine.be\\\/#organization\"},\"potentialAction\":[{\"@type\":\"SearchAction\",\"target\":{\"@type\":\"EntryPoint\",\"urlTemplate\":\"https:\\\/\\\/charleroi-pourlapalestine.be\\\/?s={search_term_string}\"},\"query-input\":{\"@type\":\"PropertyValueSpecification\",\"valueRequired\":true,\"valueName\":\"search_term_string\"}}],\"inLanguage\":\"fr-FR\"},{\"@type\":\"Organization\",\"@id\":\"https:\\\/\\\/charleroi-pourlapalestine.be\\\/#organization\",\"name\":\"Plate-forme Charleroi-Palestine\",\"url\":\"https:\\\/\\\/charleroi-pourlapalestine.be\\\/\",\"logo\":{\"@type\":\"ImageObject\",\"inLanguage\":\"fr-FR\",\"@id\":\"https:\\\/\\\/charleroi-pourlapalestine.be\\\/#\\\/schema\\\/logo\\\/image\\\/\",\"url\":\"https:\\\/\\\/charleroi-pourlapalestine.be\\\/wp-content\\\/uploads\\\/2020\\\/01\\\/logo-Copy.jpg\",\"contentUrl\":\"https:\\\/\\\/charleroi-pourlapalestine.be\\\/wp-content\\\/uploads\\\/2020\\\/01\\\/logo-Copy.jpg\",\"width\":180,\"height\":180,\"caption\":\"Plate-forme Charleroi-Palestine\"},\"image\":{\"@id\":\"https:\\\/\\\/charleroi-pourlapalestine.be\\\/#\\\/schema\\\/logo\\\/image\\\/\"},\"sameAs\":[\"https:\\\/\\\/www.facebook.com\\\/PlateformeCharleroiPalestine\\\/\",\"https:\\\/\\\/x.com\\\/LaCharleroi\"]},{\"@type\":\"Person\",\"@id\":\"https:\\\/\\\/charleroi-pourlapalestine.be\\\/#\\\/schema\\\/person\\\/c19ff515112f1299d8c12671d8fe3faa\",\"name\":\"admin1873\",\"url\":\"https:\\\/\\\/charleroi-pourlapalestine.be\\\/index.php\\\/author\\\/admin1873\\\/\"}]}<\/script>\n<!-- \/ Yoast SEO plugin. -->","yoast_head_json":{"title":"Isra\u00ebl s'en prend aux Palestiniens pendant qu'ils luttent contre le Covid-19","description":"Ce lundi 30 mars, il y avait 119 cas confirm\u00e9s de covid-19 parmi les Palestiniens, surtout en Cisjordanie occup\u00e9e, mais aussi \u00e0 Gaza.","robots":{"index":"index","follow":"follow","max-snippet":"max-snippet:-1","max-image-preview":"max-image-preview:large","max-video-preview":"max-video-preview:-1"},"canonical":"https:\/\/charleroi-pourlapalestine.be\/index.php\/2020\/04\/01\/israel-sen-prend-aux-palestiniens-pendant-quils-luttent-contre-le-covid-19\/","schema":{"@context":"https:\/\/schema.org","@graph":[{"@type":"Article","@id":"https:\/\/charleroi-pourlapalestine.be\/index.php\/2020\/04\/01\/israel-sen-prend-aux-palestiniens-pendant-quils-luttent-contre-le-covid-19\/#article","isPartOf":{"@id":"https:\/\/charleroi-pourlapalestine.be\/index.php\/2020\/04\/01\/israel-sen-prend-aux-palestiniens-pendant-quils-luttent-contre-le-covid-19\/"},"author":{"name":"admin1873","@id":"https:\/\/charleroi-pourlapalestine.be\/#\/schema\/person\/c19ff515112f1299d8c12671d8fe3faa"},"headline":"Isra\u00ebl s&rsquo;en prend aux Palestiniens pendant qu&rsquo;ils luttent contre le Covid-19","datePublished":"2020-04-01T13:32:07+00:00","dateModified":"2020-04-01T16:10:34+00:00","mainEntityOfPage":{"@id":"https:\/\/charleroi-pourlapalestine.be\/index.php\/2020\/04\/01\/israel-sen-prend-aux-palestiniens-pendant-quils-luttent-contre-le-covid-19\/"},"wordCount":2008,"publisher":{"@id":"https:\/\/charleroi-pourlapalestine.be\/#organization"},"image":{"@id":"https:\/\/charleroi-pourlapalestine.be\/index.php\/2020\/04\/01\/israel-sen-prend-aux-palestiniens-pendant-quils-luttent-contre-le-covid-19\/#primaryimage"},"thumbnailUrl":"https:\/\/charleroi-pourlapalestine.be\/wp-content\/uploads\/2020\/04\/unrwa-gaza-Copy.jpg","articleSection":["Coronavirus","Discriminaton","Racisme","Terrorisme d'Etat","Travailleurs"],"inLanguage":"fr-FR"},{"@type":"WebPage","@id":"https:\/\/charleroi-pourlapalestine.be\/index.php\/2020\/04\/01\/israel-sen-prend-aux-palestiniens-pendant-quils-luttent-contre-le-covid-19\/","url":"https:\/\/charleroi-pourlapalestine.be\/index.php\/2020\/04\/01\/israel-sen-prend-aux-palestiniens-pendant-quils-luttent-contre-le-covid-19\/","name":"Isra\u00ebl s'en prend aux Palestiniens pendant qu'ils luttent contre le Covid-19","isPartOf":{"@id":"https:\/\/charleroi-pourlapalestine.be\/#website"},"primaryImageOfPage":{"@id":"https:\/\/charleroi-pourlapalestine.be\/index.php\/2020\/04\/01\/israel-sen-prend-aux-palestiniens-pendant-quils-luttent-contre-le-covid-19\/#primaryimage"},"image":{"@id":"https:\/\/charleroi-pourlapalestine.be\/index.php\/2020\/04\/01\/israel-sen-prend-aux-palestiniens-pendant-quils-luttent-contre-le-covid-19\/#primaryimage"},"thumbnailUrl":"https:\/\/charleroi-pourlapalestine.be\/wp-content\/uploads\/2020\/04\/unrwa-gaza-Copy.jpg","datePublished":"2020-04-01T13:32:07+00:00","dateModified":"2020-04-01T16:10:34+00:00","description":"Ce lundi 30 mars, il y avait 119 cas confirm\u00e9s de covid-19 parmi les Palestiniens, surtout en Cisjordanie occup\u00e9e, mais aussi \u00e0 Gaza.","breadcrumb":{"@id":"https:\/\/charleroi-pourlapalestine.be\/index.php\/2020\/04\/01\/israel-sen-prend-aux-palestiniens-pendant-quils-luttent-contre-le-covid-19\/#breadcrumb"},"inLanguage":"fr-FR","potentialAction":[{"@type":"ReadAction","target":["https:\/\/charleroi-pourlapalestine.be\/index.php\/2020\/04\/01\/israel-sen-prend-aux-palestiniens-pendant-quils-luttent-contre-le-covid-19\/"]}]},{"@type":"ImageObject","inLanguage":"fr-FR","@id":"https:\/\/charleroi-pourlapalestine.be\/index.php\/2020\/04\/01\/israel-sen-prend-aux-palestiniens-pendant-quils-luttent-contre-le-covid-19\/#primaryimage","url":"https:\/\/charleroi-pourlapalestine.be\/wp-content\/uploads\/2020\/04\/unrwa-gaza-Copy.jpg","contentUrl":"https:\/\/charleroi-pourlapalestine.be\/wp-content\/uploads\/2020\/04\/unrwa-gaza-Copy.jpg","width":419,"height":279},{"@type":"BreadcrumbList","@id":"https:\/\/charleroi-pourlapalestine.be\/index.php\/2020\/04\/01\/israel-sen-prend-aux-palestiniens-pendant-quils-luttent-contre-le-covid-19\/#breadcrumb","itemListElement":[{"@type":"ListItem","position":1,"name":"Accueil","item":"https:\/\/charleroi-pourlapalestine.be\/"},{"@type":"ListItem","position":2,"name":"Isra\u00ebl s&#8217;en prend aux Palestiniens pendant qu&#8217;ils luttent contre le Covid-19"}]},{"@type":"WebSite","@id":"https:\/\/charleroi-pourlapalestine.be\/#website","url":"https:\/\/charleroi-pourlapalestine.be\/","name":"Charleroi Pour la Palestine","description":"","publisher":{"@id":"https:\/\/charleroi-pourlapalestine.be\/#organization"},"potentialAction":[{"@type":"SearchAction","target":{"@type":"EntryPoint","urlTemplate":"https:\/\/charleroi-pourlapalestine.be\/?s={search_term_string}"},"query-input":{"@type":"PropertyValueSpecification","valueRequired":true,"valueName":"search_term_string"}}],"inLanguage":"fr-FR"},{"@type":"Organization","@id":"https:\/\/charleroi-pourlapalestine.be\/#organization","name":"Plate-forme Charleroi-Palestine","url":"https:\/\/charleroi-pourlapalestine.be\/","logo":{"@type":"ImageObject","inLanguage":"fr-FR","@id":"https:\/\/charleroi-pourlapalestine.be\/#\/schema\/logo\/image\/","url":"https:\/\/charleroi-pourlapalestine.be\/wp-content\/uploads\/2020\/01\/logo-Copy.jpg","contentUrl":"https:\/\/charleroi-pourlapalestine.be\/wp-content\/uploads\/2020\/01\/logo-Copy.jpg","width":180,"height":180,"caption":"Plate-forme Charleroi-Palestine"},"image":{"@id":"https:\/\/charleroi-pourlapalestine.be\/#\/schema\/logo\/image\/"},"sameAs":["https:\/\/www.facebook.com\/PlateformeCharleroiPalestine\/","https:\/\/x.com\/LaCharleroi"]},{"@type":"Person","@id":"https:\/\/charleroi-pourlapalestine.be\/#\/schema\/person\/c19ff515112f1299d8c12671d8fe3faa","name":"admin1873","url":"https:\/\/charleroi-pourlapalestine.be\/index.php\/author\/admin1873\/"}]}},"_links":{"self":[{"href":"https:\/\/charleroi-pourlapalestine.be\/index.php\/wp-json\/wp\/v2\/posts\/10145","targetHints":{"allow":["GET"]}}],"collection":[{"href":"https:\/\/charleroi-pourlapalestine.be\/index.php\/wp-json\/wp\/v2\/posts"}],"about":[{"href":"https:\/\/charleroi-pourlapalestine.be\/index.php\/wp-json\/wp\/v2\/types\/post"}],"author":[{"embeddable":true,"href":"https:\/\/charleroi-pourlapalestine.be\/index.php\/wp-json\/wp\/v2\/users\/1"}],"replies":[{"embeddable":true,"href":"https:\/\/charleroi-pourlapalestine.be\/index.php\/wp-json\/wp\/v2\/comments?post=10145"}],"version-history":[{"count":0,"href":"https:\/\/charleroi-pourlapalestine.be\/index.php\/wp-json\/wp\/v2\/posts\/10145\/revisions"}],"wp:featuredmedia":[{"embeddable":true,"href":"https:\/\/charleroi-pourlapalestine.be\/index.php\/wp-json\/wp\/v2\/media\/10147"}],"wp:attachment":[{"href":"https:\/\/charleroi-pourlapalestine.be\/index.php\/wp-json\/wp\/v2\/media?parent=10145"}],"wp:term":[{"taxonomy":"category","embeddable":true,"href":"https:\/\/charleroi-pourlapalestine.be\/index.php\/wp-json\/wp\/v2\/categories?post=10145"},{"taxonomy":"post_tag","embeddable":true,"href":"https:\/\/charleroi-pourlapalestine.be\/index.php\/wp-json\/wp\/v2\/tags?post=10145"}],"curies":[{"name":"wp","href":"https:\/\/api.w.org\/{rel}","templated":true}]}}