{"id":10285,"date":"2020-04-04T13:14:46","date_gmt":"2020-04-04T11:14:46","guid":{"rendered":"https:\/\/charleroi-pourlapalestine.be\/?p=10285"},"modified":"2020-04-04T14:25:49","modified_gmt":"2020-04-04T12:25:49","slug":"41-palestiniennes-dont-israa-jaabis-en-danger-dans-la-prison-de-damon","status":"publish","type":"post","link":"https:\/\/charleroi-pourlapalestine.be\/index.php\/2020\/04\/04\/41-palestiniennes-dont-israa-jaabis-en-danger-dans-la-prison-de-damon\/","title":{"rendered":"41 Palestiniennes, dont Israa Jaabis, en danger dans la prison de Damon"},"content":{"rendered":"<p>Isra\u00ebl d\u00e9tient 41 Palestiniennes dans la prison <strong>Damon<\/strong>, dans le nord d&rsquo;Isra\u00ebl, dans des conditions tr\u00e8s dures, a d\u00e9clar\u00e9 lundi la <em>Soci\u00e9t\u00e9 des prisonniers palestiniens (PPS)<\/em>, en particulier avec la pr\u00e9occupation accrue de l&rsquo;apparition de la maladie mortelle du coronavirus parmi les prisonniers.<\/p>\n<div id=\"attachment_10288\" style=\"width: 410px\" class=\"wp-caption aligncenter\"><img loading=\"lazy\" decoding=\"async\" aria-describedby=\"caption-attachment-10288\" class=\"wp-image-10288 size-full\" src=\"https:\/\/charleroi-pourlapalestine.be\/wp-content\/uploads\/2020\/04\/israa-jaabis-Copy.jpg\" alt=\"Parmi les bless\u00e9es : Israa Jabis, laiss\u00e9e sans soins par les services p\u00e9nitentiaires du r\u00e9gime d'occupation, alors qu'elle souffre de terribles br\u00fblures sur tout le corps provoqu\u00e9es par son arrestation\" width=\"400\" height=\"225\" srcset=\"https:\/\/charleroi-pourlapalestine.be\/wp-content\/uploads\/2020\/04\/israa-jaabis-Copy.jpg 400w, https:\/\/charleroi-pourlapalestine.be\/wp-content\/uploads\/2020\/04\/israa-jaabis-Copy-300x169.jpg 300w\" sizes=\"auto, (max-width: 400px) 100vw, 400px\" \/><p id=\"caption-attachment-10288\" class=\"wp-caption-text\">Israa Jabis, laiss\u00e9e sans soins par les services p\u00e9nitentiaires du r\u00e9gime d&rsquo;occupation, alors qu&rsquo;elle souffre de terribles br\u00fblures sur tout le corps provoqu\u00e9es par son arrestation<\/p><\/div>\n<p>Elle a indiqu\u00e9 qu&rsquo;il y a 18 m\u00e8res parmi les prisonni\u00e8res et que 26 femmes sont condamn\u00e9es \u00e0 de longues peines de prison pour leur r\u00e9sistance \u00e0 l&rsquo;occupation isra\u00e9lienne, les peines les plus \u00e9lev\u00e9es \u00e9tant celles de <strong>Shuruq Dwayat<\/strong>, de J\u00e9rusalem occup\u00e9e, et de <strong>Shatila Abu Ayyad<\/strong>, de Palestine 48, qui purgent chacune une peine de 16 ans.<\/p>\n<div id=\"attachment_10290\" style=\"width: 387px\" class=\"wp-caption aligncenter\"><img loading=\"lazy\" decoding=\"async\" aria-describedby=\"caption-attachment-10290\" class=\"wp-image-10290 size-full\" src=\"https:\/\/charleroi-pourlapalestine.be\/wp-content\/uploads\/2020\/04\/shuruq-dwayat-opt.jpg\" alt=\"Shuruq Dwayat, une des 41 prisonni\u00e8res, dont certaines sont bless\u00e9es et malades\" width=\"377\" height=\"400\" srcset=\"https:\/\/charleroi-pourlapalestine.be\/wp-content\/uploads\/2020\/04\/shuruq-dwayat-opt.jpg 377w, https:\/\/charleroi-pourlapalestine.be\/wp-content\/uploads\/2020\/04\/shuruq-dwayat-opt-283x300.jpg 283w\" sizes=\"auto, (max-width: 377px) 100vw, 377px\" \/><p id=\"caption-attachment-10290\" class=\"wp-caption-text\">Shuruq Dwayat<\/p><\/div>\n<div id=\"attachment_10291\" style=\"width: 250px\" class=\"wp-caption aligncenter\"><img loading=\"lazy\" decoding=\"async\" aria-describedby=\"caption-attachment-10291\" class=\"wp-image-10291 size-full\" src=\"https:\/\/charleroi-pourlapalestine.be\/wp-content\/uploads\/2020\/04\/shatila-suleiman-abu-ayad-24-1-orig-opt.jpg\" alt=\"Shatila Abu Ayyad, , une des 41 prisonni\u00e8res, dont certaines sont bless\u00e9es et malades\" width=\"240\" height=\"400\" srcset=\"https:\/\/charleroi-pourlapalestine.be\/wp-content\/uploads\/2020\/04\/shatila-suleiman-abu-ayad-24-1-orig-opt.jpg 240w, https:\/\/charleroi-pourlapalestine.be\/wp-content\/uploads\/2020\/04\/shatila-suleiman-abu-ayad-24-1-orig-opt-180x300.jpg 180w\" sizes=\"auto, (max-width: 240px) 100vw, 240px\" \/><p id=\"caption-attachment-10291\" class=\"wp-caption-text\">Shatila Abu Ayyad<\/p><\/div>\n<p>Selon PPS, 3 des femmes d\u00e9tenues purgent une peine de d\u00e9tention administrative sans inculpation ni jugement. Il s&rsquo;agit de<strong> Shuruq Badan, de Bethl\u00e9em, et de Shatha Hassan et Bushra Tawil, de Ramallah<\/strong>.<\/p>\n<div id=\"attachment_10293\" style=\"width: 310px\" class=\"wp-caption aligncenter\"><img loading=\"lazy\" decoding=\"async\" aria-describedby=\"caption-attachment-10293\" class=\"wp-image-10293 size-medium\" src=\"https:\/\/charleroi-pourlapalestine.be\/wp-content\/uploads\/2020\/04\/shuruk-al-badan-300x300.jpg\" alt=\"Shuruq Al-Badan, , une des 41 prisonni\u00e8res, dont certaines sont bless\u00e9es et malades\" width=\"300\" height=\"300\" srcset=\"https:\/\/charleroi-pourlapalestine.be\/wp-content\/uploads\/2020\/04\/shuruk-al-badan-300x300.jpg 300w, https:\/\/charleroi-pourlapalestine.be\/wp-content\/uploads\/2020\/04\/shuruk-al-badan-150x150.jpg 150w, https:\/\/charleroi-pourlapalestine.be\/wp-content\/uploads\/2020\/04\/shuruk-al-badan-160x160.jpg 160w, https:\/\/charleroi-pourlapalestine.be\/wp-content\/uploads\/2020\/04\/shuruk-al-badan.jpg 320w\" sizes=\"auto, (max-width: 300px) 100vw, 300px\" \/><p id=\"caption-attachment-10293\" class=\"wp-caption-text\">Shuruq Al-Badan<\/p><\/div>\n<div id=\"attachment_10295\" style=\"width: 460px\" class=\"wp-caption aligncenter\"><img loading=\"lazy\" decoding=\"async\" aria-describedby=\"caption-attachment-10295\" class=\"wp-image-10295 size-full\" src=\"https:\/\/charleroi-pourlapalestine.be\/wp-content\/uploads\/2020\/04\/shata-hassan-bushra-tawil-opt.jpg\" alt=\"Shata Hassn et Bushra Tawil, deux des 41 prisonni\u00e8res, dont certaines sont bless\u00e9es et malades\" width=\"450\" height=\"238\" srcset=\"https:\/\/charleroi-pourlapalestine.be\/wp-content\/uploads\/2020\/04\/shata-hassan-bushra-tawil-opt.jpg 450w, https:\/\/charleroi-pourlapalestine.be\/wp-content\/uploads\/2020\/04\/shata-hassan-bushra-tawil-opt-300x159.jpg 300w\" sizes=\"auto, (max-width: 450px) 100vw, 450px\" \/><p id=\"caption-attachment-10295\" class=\"wp-caption-text\">Shata Hassn et Bushra Tawil<\/p><\/div>\n<p><strong>La Soci\u00e9t\u00e9 des prisonniers palestiniens appelle \u00e0 la lib\u00e9ration des prisonni\u00e8res pour \u00e9viter qu\u2019elles contractent l&rsquo;infection par le coronavirus, en particulier parce que certaines d&rsquo;entre elles ont \u00e9t\u00e9 bless\u00e9es et sont malades, comme Israa Jaabis, une m\u00e8re condamn\u00e9e \u00e0 une peine de 11 ans et qui souffre de br\u00fblures sur 60% de son corps.<\/strong><\/p>\n<hr>\n<p>Publi\u00e9 le 31 mars 2020 sur <a href=\"https:\/\/daysofpalestine.com\/post\/14002\/41-women-in-israeli-jails-live-in-harsh-conditions\" target=\"_blank\" rel=\"noopener noreferrer\">Days of Palestine<\/a><br \/>\nTraduction : MR pour <a href=\"http:\/\/www.ism-france.org\/temoignages\/41-femmes-dans-les-prisons-israeliennes-vivent-dans-des-conditions-tres-difficiles-article-21099\" target=\"_blank\" rel=\"noopener noreferrer\">ISM<\/a><\/p>\n<h3>L&rsquo;histoire d&rsquo;Israa Jaabis<\/h3>\n<p><img loading=\"lazy\" decoding=\"async\" class=\"aligncenter wp-image-10343 size-full\" src=\"https:\/\/charleroi-pourlapalestine.be\/wp-content\/uploads\/2020\/04\/israaa2-Copy.jpg\" alt=\"\" width=\"311\" height=\"346\" srcset=\"https:\/\/charleroi-pourlapalestine.be\/wp-content\/uploads\/2020\/04\/israaa2-Copy.jpg 311w, https:\/\/charleroi-pourlapalestine.be\/wp-content\/uploads\/2020\/04\/israaa2-Copy-270x300.jpg 270w\" sizes=\"auto, (max-width: 311px) 100vw, 311px\" \/><\/p>\n<p>L\u2019histoire d\u2019<strong>Israa Jaabis<\/strong> est une trag\u00e9die humaine provoqu\u00e9e par l\u2019occupation, le racisme, l\u2019oppression et l\u2019injustice.<\/p>\n<p>Israa, qui est m\u00e8re d\u2019un enfant de 9 ans, a \u00e9t\u00e9 arr\u00eat\u00e9e en octobre 2015 \u00e0 proximit\u00e9 du check-point d\u2019al-Zaim, \u00e0 l\u2019entr\u00e9e de J\u00e9rusalem.<\/p>\n<p>Israa est titulaire d\u2019une carte d\u2019identit\u00e9 de J\u00e9rusalem, mais vivait en Cisjordanie avec sa famille et son fils qui, lui, a une carte d\u2019identit\u00e9 cisjordanienne.<\/p>\n<p>Il a \u00e9t\u00e9 dit qu\u2019elle avait \u00e9t\u00e9 inform\u00e9e qu\u2019elle perdrait sa carte d\u2019identit\u00e9 de J\u00e9rusalem, si elle n\u2019y emm\u00e9nageait pas de nouveau \u2013 cela fait partie des tentatives syst\u00e9matiques et habituelles d\u2019Isra\u00ebl d\u2019effacer toute pr\u00e9sence palestinienne \u00e0 J\u00e9rusalem \u2013 et elle avait donc \u00e9t\u00e9 oblig\u00e9e de vivre s\u00e9par\u00e9e de son enfant.<\/p>\n<p>Elle avait lou\u00e9 un appartement \u00e0 Jabal al-Mukabber et \u00e9tait occup\u00e9e \u00e0 d\u00e9m\u00e9nager ses biens essentiels dans son appartement, biens parmi lesquels figurait une bonbonne de gaz destin\u00e9e \u00e0 alimenter un po\u00eale.<\/p>\n<p>Alors qu\u2019elle s\u2019approchait du check-point, la bonbonne de gaz avait pris feu apr\u00e8s qu\u2019un airbag s\u2019\u00e9tait brusquement ouvert \u00e0 l\u2019int\u00e9rieur de son v\u00e9hicule.<\/p>\n<p>Israa avait \u00e9t\u00e9 gravement br\u00fbl\u00e9e sur 60 pour 100 du corps, mais les forces d\u2019occupation sur place avaient trait\u00e9 la situation comme s\u2019il s\u2019\u00e9tait agi d\u2019un <em>\u00ab&nbsp;attentat terroriste&nbsp;\u00bb<\/em> et non comme une urgence m\u00e9dicale.<\/p>\n<p>Au lieu d\u2019appeler une ambulance, ce sont les forces de s\u00e9curit\u00e9 et la police, qu\u2019on avait amen\u00e9es sur les lieux.<\/p>\n<p>Malgr\u00e9 les rapports initiaux \u00e9tablissant qu\u2019il s\u2019agissait d\u2019un accident de la circulation, les m\u00e9dias isra\u00e9liens avaient rapport\u00e9 qu\u2019il s\u2019agissait d\u2019une op\u00e9ration visant des soldats isra\u00e9liens.<\/p>\n<p>Alors qu\u2019elle \u00e9tait hospitalis\u00e9e et qu\u2019on l\u2019avait amput\u00e9e de huit doigts, Israa avait \u00e9t\u00e9 envoy\u00e9e en prison et accus\u00e9e de <em>\u00ab&nbsp;tentative de meurtre&nbsp;\u00bb<\/em> contre les forces isra\u00e9liennes d\u2019occupation en poste au check-point.<\/p>\n<p>Le minist\u00e8re public isra\u00e9lien avait pr\u00e9tendu que les messages publi\u00e9s dans les m\u00e9dias sociaux et exprimant leur soutien \u00e0 la r\u00e9sistance palestinienne et autres opinions politiques m\u00e9ritaient bien cette sentence tr\u00e8s lourde de 11 ans.<\/p>\n<p>L\u2019histoire d&rsquo;Israa Jaabis combine la terreur de l\u2019emprisonnement colonial et l\u2019\u00e9puration ethnique de J\u00e9rusalem en m\u00eame temps que la violence permanente inflig\u00e9e par le colonialisme isra\u00e9lien aux familles palestiniennes, et plus particuli\u00e8rement aux femmes et aux enfants.<\/p>\n<p>Extrait de l&rsquo;article : <a href=\"https:\/\/charleroi-pourlapalestine.be\/index.php\/2018\/01\/01\/israa-jaabis-reclame-justice-freeisraa-helpisraa\/\">Israa Jaabis r\u00e9clame justice #FreeIsraa #HelpIsraa<\/a><\/p>\n<p>Lisez aussi : <a href=\"https:\/\/charleroi-pourlapalestine.be\/index.php\/2018\/02\/02\/torture-et-humiliations-le-calvaire-des-prisonnieres-palestiniennes\/\">Torture et humiliations : le calvaire des prisonni\u00e8res palestiniennes<\/a><\/p>\n<p>&nbsp;<\/p>\n","protected":false},"excerpt":{"rendered":"<p>Le PPS appelle \u00e0 la lib\u00e9ration des prisonni\u00e8res, en particulier parce que certaines d&rsquo;entre elles ont \u00e9t\u00e9 bless\u00e9es et sont malades, comme Israa Jaabis<\/p>\n","protected":false},"author":1,"featured_media":10288,"comment_status":"closed","ping_status":"closed","sticky":false,"template":"","format":"standard","meta":{"ngg_post_thumbnail":0,"footnotes":""},"categories":[412,16,13],"tags":[],"class_list":["post-10285","post","type-post","status-publish","format-standard","has-post-thumbnail","hentry","category-coronavirus","category-les-femmes","category-les-prisionners-palestiniens"],"yoast_head":"<!-- This site is optimized with the Yoast SEO plugin v27.3 - https:\/\/yoast.com\/product\/yoast-seo-wordpress\/ -->\n<title>41 Palestiniennes, dont Israa Jaabis, en danger dans la prison de Damon<\/title>\n<meta name=\"description\" content=\"Le PPS appelle \u00e0 la lib\u00e9ration des prisonni\u00e8res, en particulier parce que certaines d&#039;entre elles ont \u00e9t\u00e9 bless\u00e9es et sont malades, comme Israa Jaabis\" \/>\n<meta name=\"robots\" content=\"index, follow, max-snippet:-1, max-image-preview:large, max-video-preview:-1\" \/>\n<link rel=\"canonical\" href=\"https:\/\/charleroi-pourlapalestine.be\/index.php\/2020\/04\/04\/41-palestiniennes-dont-israa-jaabis-en-danger-dans-la-prison-de-damon\/\" \/>\n<script type=\"application\/ld+json\" class=\"yoast-schema-graph\">{\"@context\":\"https:\\\/\\\/schema.org\",\"@graph\":[{\"@type\":\"Article\",\"@id\":\"https:\\\/\\\/charleroi-pourlapalestine.be\\\/index.php\\\/2020\\\/04\\\/04\\\/41-palestiniennes-dont-israa-jaabis-en-danger-dans-la-prison-de-damon\\\/#article\",\"isPartOf\":{\"@id\":\"https:\\\/\\\/charleroi-pourlapalestine.be\\\/index.php\\\/2020\\\/04\\\/04\\\/41-palestiniennes-dont-israa-jaabis-en-danger-dans-la-prison-de-damon\\\/\"},\"author\":{\"name\":\"admin1873\",\"@id\":\"https:\\\/\\\/charleroi-pourlapalestine.be\\\/#\\\/schema\\\/person\\\/c19ff515112f1299d8c12671d8fe3faa\"},\"headline\":\"41 Palestiniennes, dont Israa Jaabis, en danger dans la prison de Damon\",\"datePublished\":\"2020-04-04T11:14:46+00:00\",\"dateModified\":\"2020-04-04T12:25:49+00:00\",\"mainEntityOfPage\":{\"@id\":\"https:\\\/\\\/charleroi-pourlapalestine.be\\\/index.php\\\/2020\\\/04\\\/04\\\/41-palestiniennes-dont-israa-jaabis-en-danger-dans-la-prison-de-damon\\\/\"},\"wordCount\":775,\"publisher\":{\"@id\":\"https:\\\/\\\/charleroi-pourlapalestine.be\\\/#organization\"},\"image\":{\"@id\":\"https:\\\/\\\/charleroi-pourlapalestine.be\\\/index.php\\\/2020\\\/04\\\/04\\\/41-palestiniennes-dont-israa-jaabis-en-danger-dans-la-prison-de-damon\\\/#primaryimage\"},\"thumbnailUrl\":\"https:\\\/\\\/charleroi-pourlapalestine.be\\\/wp-content\\\/uploads\\\/2020\\\/04\\\/israa-jaabis-Copy.jpg\",\"articleSection\":[\"Coronavirus\",\"Femmes\",\"Prisonniers\"],\"inLanguage\":\"fr-FR\"},{\"@type\":\"WebPage\",\"@id\":\"https:\\\/\\\/charleroi-pourlapalestine.be\\\/index.php\\\/2020\\\/04\\\/04\\\/41-palestiniennes-dont-israa-jaabis-en-danger-dans-la-prison-de-damon\\\/\",\"url\":\"https:\\\/\\\/charleroi-pourlapalestine.be\\\/index.php\\\/2020\\\/04\\\/04\\\/41-palestiniennes-dont-israa-jaabis-en-danger-dans-la-prison-de-damon\\\/\",\"name\":\"41 Palestiniennes, dont Israa Jaabis, en danger dans la prison de Damon\",\"isPartOf\":{\"@id\":\"https:\\\/\\\/charleroi-pourlapalestine.be\\\/#website\"},\"primaryImageOfPage\":{\"@id\":\"https:\\\/\\\/charleroi-pourlapalestine.be\\\/index.php\\\/2020\\\/04\\\/04\\\/41-palestiniennes-dont-israa-jaabis-en-danger-dans-la-prison-de-damon\\\/#primaryimage\"},\"image\":{\"@id\":\"https:\\\/\\\/charleroi-pourlapalestine.be\\\/index.php\\\/2020\\\/04\\\/04\\\/41-palestiniennes-dont-israa-jaabis-en-danger-dans-la-prison-de-damon\\\/#primaryimage\"},\"thumbnailUrl\":\"https:\\\/\\\/charleroi-pourlapalestine.be\\\/wp-content\\\/uploads\\\/2020\\\/04\\\/israa-jaabis-Copy.jpg\",\"datePublished\":\"2020-04-04T11:14:46+00:00\",\"dateModified\":\"2020-04-04T12:25:49+00:00\",\"description\":\"Le PPS appelle \u00e0 la lib\u00e9ration des prisonni\u00e8res, en particulier parce que certaines d'entre elles ont \u00e9t\u00e9 bless\u00e9es et sont malades, comme Israa Jaabis\",\"breadcrumb\":{\"@id\":\"https:\\\/\\\/charleroi-pourlapalestine.be\\\/index.php\\\/2020\\\/04\\\/04\\\/41-palestiniennes-dont-israa-jaabis-en-danger-dans-la-prison-de-damon\\\/#breadcrumb\"},\"inLanguage\":\"fr-FR\",\"potentialAction\":[{\"@type\":\"ReadAction\",\"target\":[\"https:\\\/\\\/charleroi-pourlapalestine.be\\\/index.php\\\/2020\\\/04\\\/04\\\/41-palestiniennes-dont-israa-jaabis-en-danger-dans-la-prison-de-damon\\\/\"]}]},{\"@type\":\"ImageObject\",\"inLanguage\":\"fr-FR\",\"@id\":\"https:\\\/\\\/charleroi-pourlapalestine.be\\\/index.php\\\/2020\\\/04\\\/04\\\/41-palestiniennes-dont-israa-jaabis-en-danger-dans-la-prison-de-damon\\\/#primaryimage\",\"url\":\"https:\\\/\\\/charleroi-pourlapalestine.be\\\/wp-content\\\/uploads\\\/2020\\\/04\\\/israa-jaabis-Copy.jpg\",\"contentUrl\":\"https:\\\/\\\/charleroi-pourlapalestine.be\\\/wp-content\\\/uploads\\\/2020\\\/04\\\/israa-jaabis-Copy.jpg\",\"width\":400,\"height\":225},{\"@type\":\"BreadcrumbList\",\"@id\":\"https:\\\/\\\/charleroi-pourlapalestine.be\\\/index.php\\\/2020\\\/04\\\/04\\\/41-palestiniennes-dont-israa-jaabis-en-danger-dans-la-prison-de-damon\\\/#breadcrumb\",\"itemListElement\":[{\"@type\":\"ListItem\",\"position\":1,\"name\":\"Accueil\",\"item\":\"https:\\\/\\\/charleroi-pourlapalestine.be\\\/\"},{\"@type\":\"ListItem\",\"position\":2,\"name\":\"41 Palestiniennes, dont Israa Jaabis, en danger dans la prison de Damon\"}]},{\"@type\":\"WebSite\",\"@id\":\"https:\\\/\\\/charleroi-pourlapalestine.be\\\/#website\",\"url\":\"https:\\\/\\\/charleroi-pourlapalestine.be\\\/\",\"name\":\"Charleroi Pour la Palestine\",\"description\":\"\",\"publisher\":{\"@id\":\"https:\\\/\\\/charleroi-pourlapalestine.be\\\/#organization\"},\"potentialAction\":[{\"@type\":\"SearchAction\",\"target\":{\"@type\":\"EntryPoint\",\"urlTemplate\":\"https:\\\/\\\/charleroi-pourlapalestine.be\\\/?s={search_term_string}\"},\"query-input\":{\"@type\":\"PropertyValueSpecification\",\"valueRequired\":true,\"valueName\":\"search_term_string\"}}],\"inLanguage\":\"fr-FR\"},{\"@type\":\"Organization\",\"@id\":\"https:\\\/\\\/charleroi-pourlapalestine.be\\\/#organization\",\"name\":\"Plate-forme Charleroi-Palestine\",\"url\":\"https:\\\/\\\/charleroi-pourlapalestine.be\\\/\",\"logo\":{\"@type\":\"ImageObject\",\"inLanguage\":\"fr-FR\",\"@id\":\"https:\\\/\\\/charleroi-pourlapalestine.be\\\/#\\\/schema\\\/logo\\\/image\\\/\",\"url\":\"https:\\\/\\\/charleroi-pourlapalestine.be\\\/wp-content\\\/uploads\\\/2020\\\/01\\\/logo-Copy.jpg\",\"contentUrl\":\"https:\\\/\\\/charleroi-pourlapalestine.be\\\/wp-content\\\/uploads\\\/2020\\\/01\\\/logo-Copy.jpg\",\"width\":180,\"height\":180,\"caption\":\"Plate-forme Charleroi-Palestine\"},\"image\":{\"@id\":\"https:\\\/\\\/charleroi-pourlapalestine.be\\\/#\\\/schema\\\/logo\\\/image\\\/\"},\"sameAs\":[\"https:\\\/\\\/www.facebook.com\\\/PlateformeCharleroiPalestine\\\/\",\"https:\\\/\\\/x.com\\\/LaCharleroi\"]},{\"@type\":\"Person\",\"@id\":\"https:\\\/\\\/charleroi-pourlapalestine.be\\\/#\\\/schema\\\/person\\\/c19ff515112f1299d8c12671d8fe3faa\",\"name\":\"admin1873\",\"url\":\"https:\\\/\\\/charleroi-pourlapalestine.be\\\/index.php\\\/author\\\/admin1873\\\/\"}]}<\/script>\n<!-- \/ Yoast SEO plugin. -->","yoast_head_json":{"title":"41 Palestiniennes, dont Israa Jaabis, en danger dans la prison de Damon","description":"Le PPS appelle \u00e0 la lib\u00e9ration des prisonni\u00e8res, en particulier parce que certaines d'entre elles ont \u00e9t\u00e9 bless\u00e9es et sont malades, comme Israa Jaabis","robots":{"index":"index","follow":"follow","max-snippet":"max-snippet:-1","max-image-preview":"max-image-preview:large","max-video-preview":"max-video-preview:-1"},"canonical":"https:\/\/charleroi-pourlapalestine.be\/index.php\/2020\/04\/04\/41-palestiniennes-dont-israa-jaabis-en-danger-dans-la-prison-de-damon\/","schema":{"@context":"https:\/\/schema.org","@graph":[{"@type":"Article","@id":"https:\/\/charleroi-pourlapalestine.be\/index.php\/2020\/04\/04\/41-palestiniennes-dont-israa-jaabis-en-danger-dans-la-prison-de-damon\/#article","isPartOf":{"@id":"https:\/\/charleroi-pourlapalestine.be\/index.php\/2020\/04\/04\/41-palestiniennes-dont-israa-jaabis-en-danger-dans-la-prison-de-damon\/"},"author":{"name":"admin1873","@id":"https:\/\/charleroi-pourlapalestine.be\/#\/schema\/person\/c19ff515112f1299d8c12671d8fe3faa"},"headline":"41 Palestiniennes, dont Israa Jaabis, en danger dans la prison de Damon","datePublished":"2020-04-04T11:14:46+00:00","dateModified":"2020-04-04T12:25:49+00:00","mainEntityOfPage":{"@id":"https:\/\/charleroi-pourlapalestine.be\/index.php\/2020\/04\/04\/41-palestiniennes-dont-israa-jaabis-en-danger-dans-la-prison-de-damon\/"},"wordCount":775,"publisher":{"@id":"https:\/\/charleroi-pourlapalestine.be\/#organization"},"image":{"@id":"https:\/\/charleroi-pourlapalestine.be\/index.php\/2020\/04\/04\/41-palestiniennes-dont-israa-jaabis-en-danger-dans-la-prison-de-damon\/#primaryimage"},"thumbnailUrl":"https:\/\/charleroi-pourlapalestine.be\/wp-content\/uploads\/2020\/04\/israa-jaabis-Copy.jpg","articleSection":["Coronavirus","Femmes","Prisonniers"],"inLanguage":"fr-FR"},{"@type":"WebPage","@id":"https:\/\/charleroi-pourlapalestine.be\/index.php\/2020\/04\/04\/41-palestiniennes-dont-israa-jaabis-en-danger-dans-la-prison-de-damon\/","url":"https:\/\/charleroi-pourlapalestine.be\/index.php\/2020\/04\/04\/41-palestiniennes-dont-israa-jaabis-en-danger-dans-la-prison-de-damon\/","name":"41 Palestiniennes, dont Israa Jaabis, en danger dans la prison de Damon","isPartOf":{"@id":"https:\/\/charleroi-pourlapalestine.be\/#website"},"primaryImageOfPage":{"@id":"https:\/\/charleroi-pourlapalestine.be\/index.php\/2020\/04\/04\/41-palestiniennes-dont-israa-jaabis-en-danger-dans-la-prison-de-damon\/#primaryimage"},"image":{"@id":"https:\/\/charleroi-pourlapalestine.be\/index.php\/2020\/04\/04\/41-palestiniennes-dont-israa-jaabis-en-danger-dans-la-prison-de-damon\/#primaryimage"},"thumbnailUrl":"https:\/\/charleroi-pourlapalestine.be\/wp-content\/uploads\/2020\/04\/israa-jaabis-Copy.jpg","datePublished":"2020-04-04T11:14:46+00:00","dateModified":"2020-04-04T12:25:49+00:00","description":"Le PPS appelle \u00e0 la lib\u00e9ration des prisonni\u00e8res, en particulier parce que certaines d'entre elles ont \u00e9t\u00e9 bless\u00e9es et sont malades, comme Israa Jaabis","breadcrumb":{"@id":"https:\/\/charleroi-pourlapalestine.be\/index.php\/2020\/04\/04\/41-palestiniennes-dont-israa-jaabis-en-danger-dans-la-prison-de-damon\/#breadcrumb"},"inLanguage":"fr-FR","potentialAction":[{"@type":"ReadAction","target":["https:\/\/charleroi-pourlapalestine.be\/index.php\/2020\/04\/04\/41-palestiniennes-dont-israa-jaabis-en-danger-dans-la-prison-de-damon\/"]}]},{"@type":"ImageObject","inLanguage":"fr-FR","@id":"https:\/\/charleroi-pourlapalestine.be\/index.php\/2020\/04\/04\/41-palestiniennes-dont-israa-jaabis-en-danger-dans-la-prison-de-damon\/#primaryimage","url":"https:\/\/charleroi-pourlapalestine.be\/wp-content\/uploads\/2020\/04\/israa-jaabis-Copy.jpg","contentUrl":"https:\/\/charleroi-pourlapalestine.be\/wp-content\/uploads\/2020\/04\/israa-jaabis-Copy.jpg","width":400,"height":225},{"@type":"BreadcrumbList","@id":"https:\/\/charleroi-pourlapalestine.be\/index.php\/2020\/04\/04\/41-palestiniennes-dont-israa-jaabis-en-danger-dans-la-prison-de-damon\/#breadcrumb","itemListElement":[{"@type":"ListItem","position":1,"name":"Accueil","item":"https:\/\/charleroi-pourlapalestine.be\/"},{"@type":"ListItem","position":2,"name":"41 Palestiniennes, dont Israa Jaabis, en danger dans la prison de Damon"}]},{"@type":"WebSite","@id":"https:\/\/charleroi-pourlapalestine.be\/#website","url":"https:\/\/charleroi-pourlapalestine.be\/","name":"Charleroi Pour la Palestine","description":"","publisher":{"@id":"https:\/\/charleroi-pourlapalestine.be\/#organization"},"potentialAction":[{"@type":"SearchAction","target":{"@type":"EntryPoint","urlTemplate":"https:\/\/charleroi-pourlapalestine.be\/?s={search_term_string}"},"query-input":{"@type":"PropertyValueSpecification","valueRequired":true,"valueName":"search_term_string"}}],"inLanguage":"fr-FR"},{"@type":"Organization","@id":"https:\/\/charleroi-pourlapalestine.be\/#organization","name":"Plate-forme Charleroi-Palestine","url":"https:\/\/charleroi-pourlapalestine.be\/","logo":{"@type":"ImageObject","inLanguage":"fr-FR","@id":"https:\/\/charleroi-pourlapalestine.be\/#\/schema\/logo\/image\/","url":"https:\/\/charleroi-pourlapalestine.be\/wp-content\/uploads\/2020\/01\/logo-Copy.jpg","contentUrl":"https:\/\/charleroi-pourlapalestine.be\/wp-content\/uploads\/2020\/01\/logo-Copy.jpg","width":180,"height":180,"caption":"Plate-forme Charleroi-Palestine"},"image":{"@id":"https:\/\/charleroi-pourlapalestine.be\/#\/schema\/logo\/image\/"},"sameAs":["https:\/\/www.facebook.com\/PlateformeCharleroiPalestine\/","https:\/\/x.com\/LaCharleroi"]},{"@type":"Person","@id":"https:\/\/charleroi-pourlapalestine.be\/#\/schema\/person\/c19ff515112f1299d8c12671d8fe3faa","name":"admin1873","url":"https:\/\/charleroi-pourlapalestine.be\/index.php\/author\/admin1873\/"}]}},"_links":{"self":[{"href":"https:\/\/charleroi-pourlapalestine.be\/index.php\/wp-json\/wp\/v2\/posts\/10285","targetHints":{"allow":["GET"]}}],"collection":[{"href":"https:\/\/charleroi-pourlapalestine.be\/index.php\/wp-json\/wp\/v2\/posts"}],"about":[{"href":"https:\/\/charleroi-pourlapalestine.be\/index.php\/wp-json\/wp\/v2\/types\/post"}],"author":[{"embeddable":true,"href":"https:\/\/charleroi-pourlapalestine.be\/index.php\/wp-json\/wp\/v2\/users\/1"}],"replies":[{"embeddable":true,"href":"https:\/\/charleroi-pourlapalestine.be\/index.php\/wp-json\/wp\/v2\/comments?post=10285"}],"version-history":[{"count":0,"href":"https:\/\/charleroi-pourlapalestine.be\/index.php\/wp-json\/wp\/v2\/posts\/10285\/revisions"}],"wp:featuredmedia":[{"embeddable":true,"href":"https:\/\/charleroi-pourlapalestine.be\/index.php\/wp-json\/wp\/v2\/media\/10288"}],"wp:attachment":[{"href":"https:\/\/charleroi-pourlapalestine.be\/index.php\/wp-json\/wp\/v2\/media?parent=10285"}],"wp:term":[{"taxonomy":"category","embeddable":true,"href":"https:\/\/charleroi-pourlapalestine.be\/index.php\/wp-json\/wp\/v2\/categories?post=10285"},{"taxonomy":"post_tag","embeddable":true,"href":"https:\/\/charleroi-pourlapalestine.be\/index.php\/wp-json\/wp\/v2\/tags?post=10285"}],"curies":[{"name":"wp","href":"https:\/\/api.w.org\/{rel}","templated":true}]}}