{"id":10378,"date":"2020-04-05T16:08:32","date_gmt":"2020-04-05T14:08:32","guid":{"rendered":"https:\/\/charleroi-pourlapalestine.be\/?p=10378"},"modified":"2020-04-07T13:54:25","modified_gmt":"2020-04-07T11:54:25","slug":"al-haq-la-violence-des-colons-2","status":"publish","type":"post","link":"https:\/\/charleroi-pourlapalestine.be\/index.php\/2020\/04\/05\/al-haq-la-violence-des-colons-2\/","title":{"rendered":"Al-Haq (2) : La violence des colons"},"content":{"rendered":"<p><em>\u00ab\u00a0La violence des colons\u00a0\u00bb<\/em> est un extrait du rapport d&rsquo;<strong>Al-Haq<\/strong> : <em>\u00ab\u00a0<strong>Les violations grossi\u00e8res des droits de l\u2019homme par Isra\u00ebl dans le contexte du Covid-19&Prime;<\/strong><\/em><br \/>\n&nbsp;<br \/>\nCe rapport de l&rsquo;association palestinienne pour les droits de l\u2019homme couvre la p\u00e9riode du 8 au 29 mars 2020.<\/p>\n<p>Trouvez ici la premi\u00e8re partie :<\/p>\n<p><a href=\"https:\/\/charleroi-pourlapalestine.be\/index.php\/2020\/04\/05\/alhaq-les-violations-grossieres-des-droits-de-lhomme-par-israel-dans-le-contexte-du-covid-19-1\/\">I. Homicides volontaires commis par les forces isra\u00e9liennes d\u2019occupation en Cisjordanie<\/a><\/p>\n<p>Voici la deuxi\u00e8me partie :<\/p>\n<h3>II : la violence des colons<\/h3>\n<div id=\"attachment_10383\" style=\"width: 424px\" class=\"wp-caption aligncenter\"><img loading=\"lazy\" decoding=\"async\" aria-describedby=\"caption-attachment-10383\" class=\"wp-image-10383 size-full\" src=\"https:\/\/charleroi-pourlapalestine.be\/wp-content\/uploads\/2020\/04\/Colons-yitzar-Copy.jpg\" alt=\"Des colons arm\u00e9s de la colonie de Yitzhar se tiennent sur une falaise surplombant un village palestinien (AFP)\" width=\"414\" height=\"279\"><p id=\"caption-attachment-10383\" class=\"wp-caption-text\">Des colons arm\u00e9s de la colonie de Yitzhar se tiennent sur une falaise surplombant un village palestinien (AFP)<\/p><\/div>\n<h4>1. Des colons agressent Tareq Hussein Mahmoud Rafa\u2019ai, 38 ans, et ses deux enfants<\/h4>\n<p>Le 10 mars 2020, vers 15 heures, <strong>Tareq Hussein Mahmoud Rafa\u2019ai<\/strong>, 38 ans, de <strong>Turmus\u2019ayya<\/strong>, accompagn\u00e9 de ses deux jumeaux de deux ans et demi, <strong>Adam<\/strong> et <strong>Noah<\/strong>, et de son beau-p\u00e8re <strong>Mousa Abou Awwad<\/strong>, 65 ans, ont \u00e9t\u00e9 pris \u00e0 partie par un groupe de colons.<\/p>\n<p>Dans sa d\u00e9claration \u00e0 Al-Haq, Tareq a expliqu\u00e9 ce qui suit&nbsp;:<\/p>\n<blockquote><p>\u00ab Mon beau-p\u00e8re, Mousa Abou Awwad, 65 ans, et moi avions emmen\u00e9 les enfants pour une balade dans sa voiture, histoire de distraire un peu les enfants, en direction de la r\u00e9gion d&rsquo;al-Sahel, \u00e0 l&rsquo;est de Turmus\u2019ayya, d&rsquo;autant que le temps \u00e9tait ensoleill\u00e9e et que la r\u00e9gion est parsem\u00e9e d&rsquo;oliviers et d&rsquo;autres plantations.<\/p>\n<p>Nous \u00e9tions arriv\u00e9s au bout de la route asphalt\u00e9e et avions d\u00e9cid\u00e9 de retourner au village. Sur le chemin du retour, mais toujours loin du village, nous avons \u00e9t\u00e9 surpris par trois motos qui nous suivaient.<\/p>\n<p>Je conduisais et je les avais remarqu\u00e9s parce qu&rsquo;ils avaient klaxonn\u00e9 \u00e0 notre adresse \u00e0 plusieurs reprises. Je pensais qu&rsquo;ils klaxonnaient parce qu&rsquo;ils voulaient que j&#8217;emprunte la bonne bande afin qu&rsquo;ils puissent nous d\u00e9passer, mais ils se sont alors arr\u00eat\u00e9s devant notre voiture, nous bloquant le passage.<\/p>\n<p>\u00ab&nbsp;Les trois pilotes des motos ont mis pied \u00e0 terre et se sont approch\u00e9s de nous.<\/p>\n<p>\u00c0 ce moment, j&rsquo;ai compris que c&rsquo;\u00e9taient des colons, du fait que deux d&rsquo;entre eux avaient de longs favoris. Le premier \u00e9tait blond, le deuxi\u00e8me avait les cheveux roux et le troisi\u00e8me avait la peau l\u00e9g\u00e8rement bronz\u00e9e, et ils portaient des tatouages sur le visage. Le troisi\u00e8me avait un tatouage repr\u00e9sentant une t\u00eate de mort crucifi\u00e9e [un signe de danger].<\/p>\n<p>Ils se sont approch\u00e9s de la voiture et leurs visages exprimaient la col\u00e8re. Ils se sont mis \u00e0 crier en h\u00e9breu et j&rsquo;ai compris en partie ce qu&rsquo;ils criaient, quelque chose comme <em>\u00ab&nbsp;Qu&rsquo;est-ce que vous faites ici&nbsp;?&nbsp;\u00bb<\/em> et <em>\u00ab&nbsp;Vous n&rsquo;\u00eates pas chez vous, ici&nbsp;!&nbsp;\u00bb.<\/em><\/p>\n<p>Puis ils se sont mis \u00e0 prendre des photos de la voiture avec leurs portables, alors que les gosses \u00e9taient sur nos genoux, endormis. L&rsquo;un des colons est venu tr\u00e8s pr\u00e8s de la voiture et nous a film\u00e9s avec les gosses sur nos genoux.<\/p>\n<p>\u00ab&nbsp;Le colon roux, dont j&rsquo;ai remarqu\u00e9 qu&rsquo;il \u00e9tait solide et muscl\u00e9, a sorti ma main de la voiture et m&rsquo;a oblig\u00e9 \u00e0 poser le doigt sur l&rsquo;\u00e9cran de son iPhone, et je n&rsquo;ai pas compris pourquoi il faisait cela&#8230;<\/p>\n<p>Puis un des colons nous a demand\u00e9 nos cartes d&rsquo;identit\u00e9, et nous avons refus\u00e9 de les leur donner.<\/p>\n<p>Puis un colon, debout pr\u00e8s de la vitre du c\u00f4t\u00e9 o\u00f9 mon beau-p\u00e8re \u00e9tait assis, lui a sorti ca carte d&rsquo;identit\u00e9 de la poche de sa chemise, est all\u00e9 derri\u00e8re la voiture et a photographi\u00e9 la carte avec son t\u00e9l\u00e9phone.<\/p>\n<p>Mes deux enfants se sont alors r\u00e9veill\u00e9s et se sont mis \u00e0 pleurer, terrifi\u00e9s par ce qu&rsquo;ils voyaient et par les cris de col\u00e8re des colons.<\/p>\n<p>Mon beau-p\u00e8re, tout en portant mon fils Adam dans ses bras, est sorti de la voiture pour reprendre sa carte que le colon avait emmen\u00e9e.<\/p>\n<p>Les trois colons se sont avanc\u00e9s pour l&rsquo;attaquer, l&rsquo;ont entour\u00e9 et se sont mis \u00e0 le pousser, lui criant dessus et l&rsquo;insultant.<\/p>\n<p>\u00ab&nbsp;J&rsquo;ai d\u00e9pos\u00e9 mon fils Noah sur le si\u00e8ge arri\u00e8re, puis suis sorti de la voiture. J&rsquo;avais peur pour mon beau-p\u00e8re, surtout qu&rsquo;il a 65 ans, qu&rsquo;il a le diab\u00e8te et qu&rsquo;il fait de l&rsquo;hypertension, et pour mon fils Adam, qui \u00e9tait dans les bras de mon beau-p\u00e8re.<\/p>\n<p>\u00c0 ce moment, j&rsquo;ai vu le colon roux retirer Adam des bras de son grand-p\u00e8re. Adam pleurait et j&rsquo;\u00e9tais terrifi\u00e9 parce que je me souvenais de ce que les colons avaient fait \u00e0 <strong>Ali Dawabsha<\/strong> et \u00e0 <strong>Muhammad Abu Khdeir<\/strong>&#8230;<\/p>\n<p>Le colon tenait Adam par les pieds et c&rsquo;est ainsi que nous le lui avons retir\u00e9 des mains, jusqu&rsquo;au moment o\u00f9 nous sommes parvenus \u00e0 le reprendre&#8230; (9)&nbsp;\u00bb<\/p><\/blockquote>\n<p>Avant que Tareq et sa famille ne puissent quitter les lieux, l&rsquo;un des colons avait bris\u00e9 la vitre arri\u00e8re de la voiture, tentant par la m\u00eame occasion d&rsquo;attraper le fils de Tareq, Noah, assis sur le si\u00e8ge arri\u00e8re (10).<\/p>\n<p>Apr\u00e8s le retour de Tareq et des siens sains et saufs chez eux, Tareq s&rsquo;adressait au<em> Bureau de liaison palestinien<\/em> et d\u00e9crivait l&rsquo;agression qu&rsquo;ils venaient de subir. Il partageait \u00e9galement l&rsquo;incident sur sa page Facebook.<\/p>\n<p>Pr\u00e8s de trois heures plus tard, un agent isra\u00e9lien le contactait, lui demandant des d\u00e9tails de l&rsquo;incident et lui demandant aussi de se pr\u00e9senter au bureau de la police isra\u00e9lienne, appel\u00e9 commun\u00e9ment <em>\u00ab&nbsp;chez Benyamin&nbsp;\u00bb<\/em> et situ\u00e9 dans la zone de <strong>Mikhmas<\/strong>, \u00e0 l&rsquo;est de <strong>Ramallah<\/strong>, afin d&rsquo;identifier les suspects. L&rsquo;agent isra\u00e9lien lui dit en outre qu&rsquo;ils allaient ouvrir une enqu\u00eate.<\/p>\n<p>Tareq, toutefois, ne s&rsquo;y est pas rendu, pr\u00e9f\u00e9rant rester chez lui et se tenir \u00e0 l&rsquo;\u00e9cart de cette zone, en raison de la propagation du Covid-19 dans le centre commercial Rami Levy, situ\u00e9 \u00e0 proximit\u00e9 du bureau de police (11). Au moment de consigner la pr\u00e9sente d\u00e9claration, la police isra\u00e9lienne n&rsquo;a toujours pas repris le contact avec Tareq.<\/p>\n<h4>2. Agressions de la part des colons de Yitzhar<\/h4>\n<p>Le 11 mars 2020, vers 11&nbsp;h&nbsp;45 du matin, des colons isra\u00e9liens appartenant au groupe <em><strong>\u00ab&nbsp;Paying the Price&nbsp;\u00bb<\/strong> (Le prix \u00e0 payer)<\/em>, s&rsquo;en sont pris \u00e0 des propri\u00e9t\u00e9s palestiniennes, non loin du carrefour de <strong>Yitzhar<\/strong>, \u00e0 proximit\u00e9 de la colonie ill\u00e9gale de Yitzhar, \u00e9tablie sur les terres des villages de <strong>Huwwara<\/strong>,<em> \u2018Ourif et &lsquo;Aynabous<\/em>, au sud-est de <strong>Naplouse.<\/strong><\/p>\n<p>Les colons isra\u00e9liens ont lanc\u00e9 des pierres sur la maison de <strong>Mu&rsquo;taz Sadiq<\/strong> <strong>Qasrawi<\/strong>, brisant plusieurs de ses vitres. Ils ont \u00e9galement bris\u00e9 les vitres de trois voitures gar\u00e9es dans la cour de la maison de <strong>Mohammed Abdel Aziz Ahmed Harzallah<\/strong>, situ\u00e9e \u00e0 pr\u00e8s de 200 m\u00e8tres du carrefour de Yitzhar.<\/p>\n<p>De m\u00eame, le 12 mars 2020, un groupe de colons isra\u00e9liens r\u00e9sidant dans la colonie de Yitzhar a fait irruption dans le village de <strong>&lsquo;Aynabous<\/strong>, au sud de <strong>Naplouse<\/strong>, et a jet\u00e9 des pierres sur les maisons d&rsquo;<strong>Awwad Ameen Hamad<\/strong> et de <strong>Shakri al-Shqour<\/strong>, brisant ainsi plusieurs vitres. Au cours du m\u00eame raid, ils ont \u00e9galement d\u00e9truit la voiture de <strong>Hani Nabil.<\/strong><\/p>\n<p><strong>Al-Haq<\/strong> a \u00e9galement enregistr\u00e9 une agression de la part de colons isra\u00e9liens, aid\u00e9s et prot\u00e9g\u00e9s par les FIO, contre plusieurs bergers de <strong>Khirbet Jab\u2019eet,<\/strong> pr\u00e8s du village d&rsquo;<strong>al-Mghayyer<\/strong>, \u00e0 l&rsquo;est de <strong>Ramallah,<\/strong> le 14 mars 2020. Les colons ont tabass\u00e9 les bergers et ont tent\u00e9 de leur voler leurs troupeaux.<\/p>\n<h4>3. Des colons aggressent Ali Mustafa Mohammad Zu\u2019bi, 55 ans<\/h4>\n<p>Le 20 mars 2020, vers 13&nbsp;h&nbsp;30, cinq colons isra\u00e9liens ont agress\u00e9, frapp\u00e9 et cribl\u00e9 de pierres <strong>Ali Mustafa Mohammad Zu\u2019bi<\/strong>, 55 ans, r\u00e9sident du village de <strong>Funduqoumiyya<\/strong>, au sud de<strong> J\u00e9nine.<\/strong><\/p>\n<p>Ali, un fermier, poss\u00e8de un lop\u00een de 550 m\u00e8tres carr\u00e9s situ\u00e9 entre <strong>Funduqoumiyya<\/strong> et la colonie de <strong>Homesh<\/strong>, \u00e9vacu\u00e9e apr\u00e8s une d\u00e9cision des autorit\u00e9s isra\u00e9liennes en 2005.<\/p>\n<p>Cela dit, les colons isra\u00e9liens sont presque toujours pr\u00e9sents dans cette zone.<\/p>\n<p>Ali \u00e9tait all\u00e9 \u00e0 son champ en utilisant sa mule, puisqu&rsquo;il voulait y ramasser du thym vert. Alors qu&rsquo;il \u00e9tait occup\u00e9, il a \u00e9t\u00e9 surpris par une pierre de dimension moyenne qui l&rsquo;a frapp\u00e9 dans le dos, de sorte qu&rsquo;il s&rsquo;est retourn\u00e9 et, dans cette direction, il a vu trois colons isra\u00e9liens, portant des v\u00eatements civils et des masques noirs sur leurs visages.<\/p>\n<p>Dans sa d\u00e9claration \u00e0 Al-Haq, Ali relate ce qui suit&nbsp;:<\/p>\n<blockquote><p>\u00ab&nbsp;Ils se sont alors mis \u00e0 crier en h\u00e9breu, que je comprends bien. Ils se sont ensuite approch\u00e9s de moi, tout en continuant \u00e0 me jeter des pierres.<\/p>\n<p>Malgr\u00e9 la forte douleur dans mon dos, je me suis mis \u00e0 courir pour leur \u00e9chapper. Cependant, j&rsquo;en ai \u00e9t\u00e9 incapable, surtout que la terre, l\u00e0, est un terrain rocailleux, et je suis tomb\u00e9 sur le sol.<\/p>\n<p>J&rsquo;avais pu courir 250 m\u00e8tres, mais les colons m&rsquo;avaient rattrap\u00e9, m&rsquo;avaient rejet\u00e9 au sol et s&rsquo;\u00e9taient mis \u00e0 me frapper avec leurs mains et leurs pieds partout sur le corps.<\/p>\n<p>Tout cela a co\u00efncid\u00e9 avec l&rsquo;arriv\u00e9e de deux autres colons, \u00e9galement habill\u00e9s comme les trois premiers. Eux aussi se sont mis \u00e0 me frapper et l&rsquo;un d&rsquo;eux tenait un pistolet en main.<\/p>\n<p>Chaque fois que j&rsquo;essayais de me relever et de m&rsquo;enfuir, ils me renvoyaient au sol, me tapaient dessus en m&rsquo;insultant. Les coups ont dur\u00e9 10 ou 15 minutes, \u00e0 mon avis, au cours desquelles j&rsquo;ai re\u00e7u des coups de pied partout sur le corps.<\/p>\n<p>La seule chose que j&rsquo;ai pu faire, c&rsquo;est prot\u00e9ger mon visage et ma t\u00eate avec mes mains. Le colon arm\u00e9 a alors lev\u00e9 son pistolet vers moi, comme s&rsquo;il avait l&rsquo;intention de tirer et de me tuer, mais l&rsquo;un des colons lui a dit en h\u00e9breu de ne pas tirer.<\/p>\n<p>C&rsquo;est \u00e0 ce moment-l\u00e0 que j&rsquo;ai pu me relever et m&rsquo;enfuir en direction des maisons toutes proches. Les colons m&rsquo;ont poursuivi mais, quand je suis arriv\u00e9 \u00e0 proximit\u00e9 des maisons, ils sont retourn\u00e9s en direction de la colonie (12).&nbsp;\u00bb<\/p><\/blockquote>\n<p>Suite \u00e0 cette agression, Ali est retourn\u00e9 \u00e0 sa terre pour chercher sa mule. N\u00e9anmoins, il n&rsquo;a pu la retrouver, malgr\u00e9 le fait qu&rsquo;elle \u00e9tait attach\u00e9e (13).<\/p>\n<p>Il a alors introduit une plainte officielle aupr\u00e8s du <em>Bureau de liaison palestinien<\/em>, contre les cinq colons qui l&rsquo;avaient attaqu\u00e9.<\/p>\n<p>Le 25 mars 2020, vers 18&nbsp;h&nbsp;30, Ali est retourn\u00e9 une nouvelle fois \u00e0 sa terre pour se mettre en qu\u00eate de sa mule et il a \u00e9t\u00e9 agress\u00e9 une fois de plus par cinq colons isra\u00e9liens.<\/p>\n<hr>\n<p>Le rapport a \u00e9t\u00e9 publi\u00e9 le 3 avril 2020 sur <a href=\"http:\/\/www.alhaq.org\/advocacy\/16676.html\" target=\"_blank\" rel=\"noopener noreferrer\">Al-Haq<\/a><br \/>\nTraduction : Jean-Marie Fl\u00e9mal<\/p>\n<p><strong>Notes<\/strong> :<\/p>\n<p align=\"JUSTIFY\"><span style=\"color: #000000;\"><span style=\"font-family: Times New Roman, serif;\"><span style=\"font-size: medium;\"><span lang=\"fr-BE\">(8) Wafa, \u00ab&nbsp;Palestinian killed by Israeli soldiers in West Bank village&nbsp;\u00bb (Un Palestinien tu\u00e9 par les soldats isra\u00e9liens dans un village de Cisjordanie) (23 mars 2020), disponible sur&nbsp;: <\/span><\/span><\/span><\/span><span style=\"color: #000080;\"><span lang=\"zxx\"><u><a href=\"http:\/\/english.wafa.ps\/page.aspx?id=589DKMa115477143243a589DKM\" target=\"_blank\" rel=\"noopener noreferrer\" data-saferedirecturl=\"https:\/\/www.google.com\/url?q=http:\/\/english.wafa.ps\/page.aspx?id%3D589DKMa115477143243a589DKM&amp;source=gmail&amp;ust=1586159938304000&amp;usg=AFQjCNE0Fyn0DSzq7s_cHCudPSa9hUzeSw\"><span style=\"color: #000000;\"><span style=\"font-family: Times New Roman, serif;\"><span style=\"font-size: medium;\"><span lang=\"fr-BE\">http:\/\/english.wafa.ps\/page.<wbr>aspx?id=<wbr>589DKMa115477143243a589DKM<\/span><\/span><\/span><\/span><\/a><\/u><\/span><\/span><\/p>\n<p lang=\"fr-BE\" align=\"JUSTIFY\"><span style=\"color: #000000;\"><span style=\"font-family: Times New Roman, serif;\"><span style=\"font-size: medium;\">(9) Al-Haq, d\u00e9claration 87A\/2020, d\u00e9pos\u00e9e par Tareq Hussein Mahmoud Rafa\u2019ai, 53 ans, r\u00e9sident du village de Turmus\u2019ayya, dans le gouvernorat de Ramallah, le 14 mars 2020. <\/span><\/span><\/span><\/p>\n<p lang=\"fr-BE\" align=\"JUSTIFY\"><span style=\"color: #000000;\"><span style=\"font-family: Times New Roman, serif;\"><span style=\"font-size: medium;\">(10) Ibid.<\/span><\/span><\/span><\/p>\n<p lang=\"fr-BE\" align=\"JUSTIFY\"><span style=\"color: #000000;\"><span style=\"font-family: Times New Roman, serif;\"><span style=\"font-size: medium;\">(11) Ibid. <\/span><\/span><\/span><\/p>\n<p lang=\"fr-BE\" align=\"JUSTIFY\"><span style=\"color: #000000;\"><span style=\"font-family: Times New Roman, serif;\"><span style=\"font-size: medium;\">(12) Al-Haq, d\u00e9claration 96A\/2020, d\u00e9pos\u00e9e par Ali Mustafa Mohammad Zu\u2019bi, 55 ans, r\u00e9sident du village de Funduqoumiyya, dans le gouvernorat de J\u00e9nine, le 21 mars 2020. <\/span><\/span><\/span><\/p>\n<p lang=\"fr-BE\" align=\"JUSTIFY\"><span style=\"color: #000000;\"><span style=\"font-family: Times New Roman, serif;\"><span style=\"font-size: medium;\">(13) Ibid.<\/span><\/span><\/span><\/p>\n<p>Lisez aussi : <a href=\"https:\/\/www.middleeasteye.net\/fr\/reportages\/ils-font-de-notre-vie-un-cauchemar-les-palestiniens-confrontes-la-violence-des-colons\" target=\"_blank\" rel=\"noopener noreferrer\"><em>\u00ab Ils font de notre vie un cauchemar \u00bb<\/em> : les Palestiniens confront\u00e9s \u00e0 la violence des colons<\/a><\/p>\n<p><a href=\"http:\/\/www.ism-france.org\/analyses\/Yitzhar-tude-de-cas-La-violence-des-colons-comme-moyen-de-conquerir-des-terres-palestiniennes-avec-le-soutien-de-l-tat-et-de-l-armee-article-20766\" target=\"_blank\" rel=\"noopener noreferrer\">Yitzhar &#8211; \u00c9tude de cas :<em> La violence des colons comme moyen de conqu\u00e9rir des terres palestiniennes avec le soutien de l&rsquo;\u00c9tat et de l&rsquo;arm\u00e9e<\/em><\/a><\/p>\n","protected":false},"excerpt":{"rendered":"<p>\u00ab\u00a0La violence des colons\u00a0\u00bb est un extrait du rapport d&rsquo;Al-Haq : les violations grossi\u00e8res des droits de l\u2019homme par Isra\u00ebl dans le contexte du Covid-19\u00a0<\/p>\n","protected":false},"author":1,"featured_media":0,"comment_status":"closed","ping_status":"closed","sticky":false,"template":"","format":"standard","meta":{"ngg_post_thumbnail":0,"footnotes":""},"categories":[7,41,47],"tags":[],"class_list":["post-10378","post","type-post","status-publish","format-standard","hentry","category-cisjordanie","category-les-colonies","category-loccupation-militaire"],"yoast_head":"<!-- This site is optimized with the Yoast SEO plugin v27.3 - https:\/\/yoast.com\/product\/yoast-seo-wordpress\/ -->\n<title>Al-Haq (2) : La violence des colons - Charleroi Pour la Palestine<\/title>\n<meta name=\"description\" content=\"&quot;La violence des colons&quot; est un extrait du rapport d&#039;Al-Haq : les violations grossi\u00e8res des droits de l\u2019homme par Isra\u00ebl dans le contexte du Covid-19\u00a0\" \/>\n<meta name=\"robots\" content=\"index, follow, max-snippet:-1, max-image-preview:large, max-video-preview:-1\" \/>\n<link rel=\"canonical\" href=\"https:\/\/charleroi-pourlapalestine.be\/index.php\/2020\/04\/05\/al-haq-la-violence-des-colons-2\/\" \/>\n<script type=\"application\/ld+json\" class=\"yoast-schema-graph\">{\"@context\":\"https:\\\/\\\/schema.org\",\"@graph\":[{\"@type\":\"Article\",\"@id\":\"https:\\\/\\\/charleroi-pourlapalestine.be\\\/index.php\\\/2020\\\/04\\\/05\\\/al-haq-la-violence-des-colons-2\\\/#article\",\"isPartOf\":{\"@id\":\"https:\\\/\\\/charleroi-pourlapalestine.be\\\/index.php\\\/2020\\\/04\\\/05\\\/al-haq-la-violence-des-colons-2\\\/\"},\"author\":{\"name\":\"admin1873\",\"@id\":\"https:\\\/\\\/charleroi-pourlapalestine.be\\\/#\\\/schema\\\/person\\\/c19ff515112f1299d8c12671d8fe3faa\"},\"headline\":\"Al-Haq (2) : La violence des colons\",\"datePublished\":\"2020-04-05T14:08:32+00:00\",\"dateModified\":\"2020-04-07T11:54:25+00:00\",\"mainEntityOfPage\":{\"@id\":\"https:\\\/\\\/charleroi-pourlapalestine.be\\\/index.php\\\/2020\\\/04\\\/05\\\/al-haq-la-violence-des-colons-2\\\/\"},\"wordCount\":2006,\"publisher\":{\"@id\":\"https:\\\/\\\/charleroi-pourlapalestine.be\\\/#organization\"},\"image\":{\"@id\":\"https:\\\/\\\/charleroi-pourlapalestine.be\\\/index.php\\\/2020\\\/04\\\/05\\\/al-haq-la-violence-des-colons-2\\\/#primaryimage\"},\"thumbnailUrl\":\"https:\\\/\\\/charleroi-pourlapalestine.be\\\/wp-content\\\/uploads\\\/2020\\\/04\\\/Colons-yitzar-Copy.jpg\",\"articleSection\":[\"Cisjordanie\",\"Colonies\",\"Occupation\"],\"inLanguage\":\"fr-FR\"},{\"@type\":\"WebPage\",\"@id\":\"https:\\\/\\\/charleroi-pourlapalestine.be\\\/index.php\\\/2020\\\/04\\\/05\\\/al-haq-la-violence-des-colons-2\\\/\",\"url\":\"https:\\\/\\\/charleroi-pourlapalestine.be\\\/index.php\\\/2020\\\/04\\\/05\\\/al-haq-la-violence-des-colons-2\\\/\",\"name\":\"Al-Haq (2) : La violence des colons - Charleroi Pour la Palestine\",\"isPartOf\":{\"@id\":\"https:\\\/\\\/charleroi-pourlapalestine.be\\\/#website\"},\"primaryImageOfPage\":{\"@id\":\"https:\\\/\\\/charleroi-pourlapalestine.be\\\/index.php\\\/2020\\\/04\\\/05\\\/al-haq-la-violence-des-colons-2\\\/#primaryimage\"},\"image\":{\"@id\":\"https:\\\/\\\/charleroi-pourlapalestine.be\\\/index.php\\\/2020\\\/04\\\/05\\\/al-haq-la-violence-des-colons-2\\\/#primaryimage\"},\"thumbnailUrl\":\"https:\\\/\\\/charleroi-pourlapalestine.be\\\/wp-content\\\/uploads\\\/2020\\\/04\\\/Colons-yitzar-Copy.jpg\",\"datePublished\":\"2020-04-05T14:08:32+00:00\",\"dateModified\":\"2020-04-07T11:54:25+00:00\",\"description\":\"\\\"La violence des colons\\\" est un extrait du rapport d'Al-Haq : les violations grossi\u00e8res des droits de l\u2019homme par Isra\u00ebl dans le contexte du Covid-19\u00a0\",\"breadcrumb\":{\"@id\":\"https:\\\/\\\/charleroi-pourlapalestine.be\\\/index.php\\\/2020\\\/04\\\/05\\\/al-haq-la-violence-des-colons-2\\\/#breadcrumb\"},\"inLanguage\":\"fr-FR\",\"potentialAction\":[{\"@type\":\"ReadAction\",\"target\":[\"https:\\\/\\\/charleroi-pourlapalestine.be\\\/index.php\\\/2020\\\/04\\\/05\\\/al-haq-la-violence-des-colons-2\\\/\"]}]},{\"@type\":\"ImageObject\",\"inLanguage\":\"fr-FR\",\"@id\":\"https:\\\/\\\/charleroi-pourlapalestine.be\\\/index.php\\\/2020\\\/04\\\/05\\\/al-haq-la-violence-des-colons-2\\\/#primaryimage\",\"url\":\"\",\"contentUrl\":\"\"},{\"@type\":\"BreadcrumbList\",\"@id\":\"https:\\\/\\\/charleroi-pourlapalestine.be\\\/index.php\\\/2020\\\/04\\\/05\\\/al-haq-la-violence-des-colons-2\\\/#breadcrumb\",\"itemListElement\":[{\"@type\":\"ListItem\",\"position\":1,\"name\":\"Accueil\",\"item\":\"https:\\\/\\\/charleroi-pourlapalestine.be\\\/\"},{\"@type\":\"ListItem\",\"position\":2,\"name\":\"Al-Haq (2) : La violence des colons\"}]},{\"@type\":\"WebSite\",\"@id\":\"https:\\\/\\\/charleroi-pourlapalestine.be\\\/#website\",\"url\":\"https:\\\/\\\/charleroi-pourlapalestine.be\\\/\",\"name\":\"Charleroi Pour la Palestine\",\"description\":\"\",\"publisher\":{\"@id\":\"https:\\\/\\\/charleroi-pourlapalestine.be\\\/#organization\"},\"potentialAction\":[{\"@type\":\"SearchAction\",\"target\":{\"@type\":\"EntryPoint\",\"urlTemplate\":\"https:\\\/\\\/charleroi-pourlapalestine.be\\\/?s={search_term_string}\"},\"query-input\":{\"@type\":\"PropertyValueSpecification\",\"valueRequired\":true,\"valueName\":\"search_term_string\"}}],\"inLanguage\":\"fr-FR\"},{\"@type\":\"Organization\",\"@id\":\"https:\\\/\\\/charleroi-pourlapalestine.be\\\/#organization\",\"name\":\"Plate-forme Charleroi-Palestine\",\"url\":\"https:\\\/\\\/charleroi-pourlapalestine.be\\\/\",\"logo\":{\"@type\":\"ImageObject\",\"inLanguage\":\"fr-FR\",\"@id\":\"https:\\\/\\\/charleroi-pourlapalestine.be\\\/#\\\/schema\\\/logo\\\/image\\\/\",\"url\":\"https:\\\/\\\/charleroi-pourlapalestine.be\\\/wp-content\\\/uploads\\\/2020\\\/01\\\/logo-Copy.jpg\",\"contentUrl\":\"https:\\\/\\\/charleroi-pourlapalestine.be\\\/wp-content\\\/uploads\\\/2020\\\/01\\\/logo-Copy.jpg\",\"width\":180,\"height\":180,\"caption\":\"Plate-forme Charleroi-Palestine\"},\"image\":{\"@id\":\"https:\\\/\\\/charleroi-pourlapalestine.be\\\/#\\\/schema\\\/logo\\\/image\\\/\"},\"sameAs\":[\"https:\\\/\\\/www.facebook.com\\\/PlateformeCharleroiPalestine\\\/\",\"https:\\\/\\\/x.com\\\/LaCharleroi\"]},{\"@type\":\"Person\",\"@id\":\"https:\\\/\\\/charleroi-pourlapalestine.be\\\/#\\\/schema\\\/person\\\/c19ff515112f1299d8c12671d8fe3faa\",\"name\":\"admin1873\",\"url\":\"https:\\\/\\\/charleroi-pourlapalestine.be\\\/index.php\\\/author\\\/admin1873\\\/\"}]}<\/script>\n<!-- \/ Yoast SEO plugin. -->","yoast_head_json":{"title":"Al-Haq (2) : La violence des colons - Charleroi Pour la Palestine","description":"\"La violence des colons\" est un extrait du rapport d'Al-Haq : les violations grossi\u00e8res des droits de l\u2019homme par Isra\u00ebl dans le contexte du Covid-19\u00a0","robots":{"index":"index","follow":"follow","max-snippet":"max-snippet:-1","max-image-preview":"max-image-preview:large","max-video-preview":"max-video-preview:-1"},"canonical":"https:\/\/charleroi-pourlapalestine.be\/index.php\/2020\/04\/05\/al-haq-la-violence-des-colons-2\/","schema":{"@context":"https:\/\/schema.org","@graph":[{"@type":"Article","@id":"https:\/\/charleroi-pourlapalestine.be\/index.php\/2020\/04\/05\/al-haq-la-violence-des-colons-2\/#article","isPartOf":{"@id":"https:\/\/charleroi-pourlapalestine.be\/index.php\/2020\/04\/05\/al-haq-la-violence-des-colons-2\/"},"author":{"name":"admin1873","@id":"https:\/\/charleroi-pourlapalestine.be\/#\/schema\/person\/c19ff515112f1299d8c12671d8fe3faa"},"headline":"Al-Haq (2) : La violence des colons","datePublished":"2020-04-05T14:08:32+00:00","dateModified":"2020-04-07T11:54:25+00:00","mainEntityOfPage":{"@id":"https:\/\/charleroi-pourlapalestine.be\/index.php\/2020\/04\/05\/al-haq-la-violence-des-colons-2\/"},"wordCount":2006,"publisher":{"@id":"https:\/\/charleroi-pourlapalestine.be\/#organization"},"image":{"@id":"https:\/\/charleroi-pourlapalestine.be\/index.php\/2020\/04\/05\/al-haq-la-violence-des-colons-2\/#primaryimage"},"thumbnailUrl":"https:\/\/charleroi-pourlapalestine.be\/wp-content\/uploads\/2020\/04\/Colons-yitzar-Copy.jpg","articleSection":["Cisjordanie","Colonies","Occupation"],"inLanguage":"fr-FR"},{"@type":"WebPage","@id":"https:\/\/charleroi-pourlapalestine.be\/index.php\/2020\/04\/05\/al-haq-la-violence-des-colons-2\/","url":"https:\/\/charleroi-pourlapalestine.be\/index.php\/2020\/04\/05\/al-haq-la-violence-des-colons-2\/","name":"Al-Haq (2) : La violence des colons - Charleroi Pour la Palestine","isPartOf":{"@id":"https:\/\/charleroi-pourlapalestine.be\/#website"},"primaryImageOfPage":{"@id":"https:\/\/charleroi-pourlapalestine.be\/index.php\/2020\/04\/05\/al-haq-la-violence-des-colons-2\/#primaryimage"},"image":{"@id":"https:\/\/charleroi-pourlapalestine.be\/index.php\/2020\/04\/05\/al-haq-la-violence-des-colons-2\/#primaryimage"},"thumbnailUrl":"https:\/\/charleroi-pourlapalestine.be\/wp-content\/uploads\/2020\/04\/Colons-yitzar-Copy.jpg","datePublished":"2020-04-05T14:08:32+00:00","dateModified":"2020-04-07T11:54:25+00:00","description":"\"La violence des colons\" est un extrait du rapport d'Al-Haq : les violations grossi\u00e8res des droits de l\u2019homme par Isra\u00ebl dans le contexte du Covid-19\u00a0","breadcrumb":{"@id":"https:\/\/charleroi-pourlapalestine.be\/index.php\/2020\/04\/05\/al-haq-la-violence-des-colons-2\/#breadcrumb"},"inLanguage":"fr-FR","potentialAction":[{"@type":"ReadAction","target":["https:\/\/charleroi-pourlapalestine.be\/index.php\/2020\/04\/05\/al-haq-la-violence-des-colons-2\/"]}]},{"@type":"ImageObject","inLanguage":"fr-FR","@id":"https:\/\/charleroi-pourlapalestine.be\/index.php\/2020\/04\/05\/al-haq-la-violence-des-colons-2\/#primaryimage","url":"","contentUrl":""},{"@type":"BreadcrumbList","@id":"https:\/\/charleroi-pourlapalestine.be\/index.php\/2020\/04\/05\/al-haq-la-violence-des-colons-2\/#breadcrumb","itemListElement":[{"@type":"ListItem","position":1,"name":"Accueil","item":"https:\/\/charleroi-pourlapalestine.be\/"},{"@type":"ListItem","position":2,"name":"Al-Haq (2) : La violence des colons"}]},{"@type":"WebSite","@id":"https:\/\/charleroi-pourlapalestine.be\/#website","url":"https:\/\/charleroi-pourlapalestine.be\/","name":"Charleroi Pour la Palestine","description":"","publisher":{"@id":"https:\/\/charleroi-pourlapalestine.be\/#organization"},"potentialAction":[{"@type":"SearchAction","target":{"@type":"EntryPoint","urlTemplate":"https:\/\/charleroi-pourlapalestine.be\/?s={search_term_string}"},"query-input":{"@type":"PropertyValueSpecification","valueRequired":true,"valueName":"search_term_string"}}],"inLanguage":"fr-FR"},{"@type":"Organization","@id":"https:\/\/charleroi-pourlapalestine.be\/#organization","name":"Plate-forme Charleroi-Palestine","url":"https:\/\/charleroi-pourlapalestine.be\/","logo":{"@type":"ImageObject","inLanguage":"fr-FR","@id":"https:\/\/charleroi-pourlapalestine.be\/#\/schema\/logo\/image\/","url":"https:\/\/charleroi-pourlapalestine.be\/wp-content\/uploads\/2020\/01\/logo-Copy.jpg","contentUrl":"https:\/\/charleroi-pourlapalestine.be\/wp-content\/uploads\/2020\/01\/logo-Copy.jpg","width":180,"height":180,"caption":"Plate-forme Charleroi-Palestine"},"image":{"@id":"https:\/\/charleroi-pourlapalestine.be\/#\/schema\/logo\/image\/"},"sameAs":["https:\/\/www.facebook.com\/PlateformeCharleroiPalestine\/","https:\/\/x.com\/LaCharleroi"]},{"@type":"Person","@id":"https:\/\/charleroi-pourlapalestine.be\/#\/schema\/person\/c19ff515112f1299d8c12671d8fe3faa","name":"admin1873","url":"https:\/\/charleroi-pourlapalestine.be\/index.php\/author\/admin1873\/"}]}},"_links":{"self":[{"href":"https:\/\/charleroi-pourlapalestine.be\/index.php\/wp-json\/wp\/v2\/posts\/10378","targetHints":{"allow":["GET"]}}],"collection":[{"href":"https:\/\/charleroi-pourlapalestine.be\/index.php\/wp-json\/wp\/v2\/posts"}],"about":[{"href":"https:\/\/charleroi-pourlapalestine.be\/index.php\/wp-json\/wp\/v2\/types\/post"}],"author":[{"embeddable":true,"href":"https:\/\/charleroi-pourlapalestine.be\/index.php\/wp-json\/wp\/v2\/users\/1"}],"replies":[{"embeddable":true,"href":"https:\/\/charleroi-pourlapalestine.be\/index.php\/wp-json\/wp\/v2\/comments?post=10378"}],"version-history":[{"count":0,"href":"https:\/\/charleroi-pourlapalestine.be\/index.php\/wp-json\/wp\/v2\/posts\/10378\/revisions"}],"wp:attachment":[{"href":"https:\/\/charleroi-pourlapalestine.be\/index.php\/wp-json\/wp\/v2\/media?parent=10378"}],"wp:term":[{"taxonomy":"category","embeddable":true,"href":"https:\/\/charleroi-pourlapalestine.be\/index.php\/wp-json\/wp\/v2\/categories?post=10378"},{"taxonomy":"post_tag","embeddable":true,"href":"https:\/\/charleroi-pourlapalestine.be\/index.php\/wp-json\/wp\/v2\/tags?post=10378"}],"curies":[{"name":"wp","href":"https:\/\/api.w.org\/{rel}","templated":true}]}}