{"id":10440,"date":"2020-04-06T14:00:42","date_gmt":"2020-04-06T12:00:42","guid":{"rendered":"https:\/\/charleroi-pourlapalestine.be\/?p=10440"},"modified":"2020-04-07T13:53:41","modified_gmt":"2020-04-07T11:53:41","slug":"al-haq-5-violations-par-israel-des-droits-de-lhomme-dans-la-bande-de-gaza","status":"publish","type":"post","link":"https:\/\/charleroi-pourlapalestine.be\/index.php\/2020\/04\/06\/al-haq-5-violations-par-israel-des-droits-de-lhomme-dans-la-bande-de-gaza\/","title":{"rendered":"Al-Haq (5) : Violations par Isra\u00ebl des droits de l&rsquo;homme dans la bande de Gaza"},"content":{"rendered":"<hr>\n<p><strong><em>\u00ab\u00a0Violations par Isra\u00ebl des droits de l&rsquo;homme dans la bande de Gaza\u00a0\u00bb<\/em> <\/strong>est un extrait du rapport d\u2019<strong>Al-Haq<\/strong> : <em>\u00ab&nbsp;<strong>Les violations grossi\u00e8res des droits de l\u2019homme par Isra\u00ebl dans le contexte du Covid-19\u2033<\/strong><\/em><br \/>\n&nbsp;<br \/>\nCe rapport de l\u2019association palestinienne pour les droits de l\u2019homme couvre la p\u00e9riode du<strong> 8 au 29 mars 2020.<\/strong><\/p>\n<p>Trouvez ici les quatre premi\u00e8res parties :<\/p>\n<p><a href=\"https:\/\/charleroi-pourlapalestine.be\/index.php\/2020\/04\/05\/alhaq-les-violations-grossieres-des-droits-de-lhomme-par-israel-dans-le-contexte-du-covid-19-1\/\">I. Homicides volontaires commis par les forces isra\u00e9liennes d\u2019occupation en Cisjord<\/a><\/p>\n<p class=\"fittexted_for_content_h3\"><a href=\"https:\/\/charleroi-pourlapalestine.be\/index.php\/2020\/04\/05\/al-haq-la-violence-des-colons-2\/\" target=\"_blank\" rel=\"noopener noreferrer\">II : la violence des colons<\/a><\/p>\n<p><a href=\"https:\/\/charleroi-pourlapalestine.be\/index.php\/2020\/04\/06\/al-haq-3-raids-et-arrestations-arbitraires-de-palestiniens-en-cisjordanie\/\">III : Raids et arrestations arbitraires en Cisjordanie<\/a><\/p>\n<p><a href=\"https:\/\/charleroi-pourlapalestine.be\/index.php\/2020\/04\/06\/requisitions-et-demolitions-illegales\/\">IV : R\u00e9quisitions et d\u00e9molitions ill\u00e9gales<\/a><\/p>\n<p>Voici la quatri\u00e8me partie :<\/p>\n<h3>V. Violations par Isra\u00ebl des droits de l&rsquo;homme dans la bande de Gaza<\/h3>\n<div id=\"attachment_10450\" style=\"width: 430px\" class=\"wp-caption aligncenter\"><img loading=\"lazy\" decoding=\"async\" aria-describedby=\"caption-attachment-10450\" class=\"wp-image-10450 size-full\" src=\"https:\/\/charleroi-pourlapalestine.be\/wp-content\/uploads\/2020\/04\/navy-attacks-fishermen-Copy.jpg\" alt=\"des navires de guerre isra\u00e9liens ont \u00e0 nouveau attaqu\u00e9 des p\u00eacheurs palestiniens.\" width=\"420\" height=\"222\"><p id=\"caption-attachment-10450\" class=\"wp-caption-text\">Les navires de guerre isra\u00e9liens ont \u00e0 nouveau attaqu\u00e9 des p\u00eacheurs palestiniens.<\/p><\/div>\n<p><strong>La bande de Gaza<\/strong> reste un territoire occup\u00e9, avec Isra\u00ebl dans le r\u00f4le de puissance occupante, apr\u00e8s qu&rsquo;il a transform\u00e9 Gaza en <em>\u00ab un territoire herm\u00e9tiquement ferm\u00e9, totalement emprisonn\u00e9 et occup\u00e9 \u00bb<\/em>. (15)&nbsp;<\/p>\n<p>L&rsquo;actuel rapporteur sp\u00e9cial sur la situation des droits de l&rsquo;homme dans les TPO, le Professeur <strong>Michael Lynk<\/strong>, a fait remarquer que le Covid-19 constituait une menace particuli\u00e8re pour la bande de Gaza,<\/p>\n<p>-en raison de l&rsquo;effondrement de son syst\u00e8me de sant\u00e9,<\/p>\n<p>-de l&rsquo;extr\u00eame pauvret\u00e9 de ses r\u00e9serves en m\u00e9dicaments essentiels,<\/p>\n<p>-de son manque d&rsquo;eau potable et propre (16),<\/p>\n<p>-de la forte densit\u00e9,<\/p>\n<p>-de l&rsquo;ins\u00e9curit\u00e9 et des conditions de vie d\u00e9plorables de sa population,<\/p>\n<p>-et du probl\u00e8me de plus en plus grave de la malnutrition.<\/p>\n<p>Tous ces probl\u00e8mes ont \u00e9t\u00e9 impos\u00e9s en raison du blocus impos\u00e9 par Isra\u00ebl \u00e0 la bande de Gaza (17).<\/p>\n<p>Autre grand motif d&rsquo;inqui\u00e9tude, tout r\u00e9cemment, Gaza a confirm\u00e9 neuf cas de virus (au moment de r\u00e9diger le pr\u00e9sent texte) (18).<\/p>\n<h3>\n1. Ciblage des civils sans la moindre discrimination<\/h3>\n<p>En tant que principale nation responsable et, \u00e0 ce titre, tenue \u00e0 des devoirs, Isra\u00ebl n&rsquo;a toutefois pas respect\u00e9 son obligation de garantir le bien-\u00eatre et la s\u00e9curit\u00e9 de la population palestinienne occup\u00e9e (19).<\/p>\n<p>Au contraire, Al-Haq a r\u00e9pertori\u00e9 de nombreuses violations des droits de l&rsquo;homme perp\u00e9tr\u00e9es par le FIO depuis le d\u00e9but de la crise.<\/p>\n<p>Parmi celles-ci, <strong>le 8 mars 2020<\/strong>, vers 8&nbsp;h du matin, il a \u00e9t\u00e9 rapport\u00e9 que des soldats des FIO avaient tir\u00e9 des grenades de gaz lacrymog\u00e8ne en direction de terres agricoles civiles situ\u00e9es \u00e0 l&rsquo;est de la ville d&rsquo;<strong>al-Fukhari<\/strong>, \u00e0 l&rsquo;est de <strong>Khan Younes. <\/strong><\/p>\n<p>De m\u00eame, quelque 30 minutes plus tard, des terres agricoles civiles situ\u00e9es \u00e0 l&rsquo;est du village d&rsquo;<strong>al-Qarara, \u00e0 l&rsquo;est de Khan Younes<\/strong>, ont \u00e9galement \u00e9t\u00e9 prises pour cibles par les FIO. Il n&rsquo;a \u00e9t\u00e9 fait \u00e9tat d&rsquo;aucun bless\u00e9, lors des deux incidents.<\/p>\n<p><strong>Le<\/strong> <strong>9 mars 2020<\/strong>, vers 8&nbsp;h&nbsp;30 du matin, les FIO, positionn\u00e9es \u00e0 l&rsquo;int\u00e9rieur de la cl\u00f4ture, ont tir\u00e9 \u00e0 balles r\u00e9elles et lanc\u00e9 des grenades lacrymog\u00e8nes sur des bergers, \u00e0 l&rsquo;est du camp d&rsquo;<strong>al-Maghazi,<\/strong> situ\u00e9 dans le centre de la bande de Gaza.<\/p>\n<p>Ces tirs se sont poursuivis par intermitence jusque dans la soir\u00e9e. Aucun bless\u00e9 n&rsquo;a \u00e9t\u00e9 mentionn\u00e9.<\/p>\n<p>De m\u00eame, <strong>le 10 mars 2020<\/strong>, vers 9&nbsp;h du matin, les FIO, post\u00e9es derri\u00e8re la cl\u00f4ture, ont ouvert le feu en direction de terres agricoles civiles situ\u00e9es \u00e0 l&rsquo;est de la ville de \u2018<strong>Abasan al-Kabira<\/strong>, \u00e0 l&rsquo;est de Khan Younes. Aucun bless\u00e9 n&rsquo;a \u00e9t\u00e9 mentionn\u00e9 non plus.<\/p>\n<h3>\n2. Attaques contre les p\u00eacheurs<\/h3>\n<p><strong>Le 22 mars 2020<\/strong>, vers 4&nbsp;h&nbsp;10 du matin, des navires de guerre isra\u00e9liens, en position face \u00e0 la c\u00f4te situ\u00e9e au nord-ouest de <strong>Beit Lahia<\/strong>, ainsi qu&rsquo;\u00e0 l&rsquo;ouest d&rsquo;<strong>al-Sudaniyaarea<\/strong> (\u00e0 l&rsquo;ouest de Jabaliya, dans le nord de la bande de Gaza) ont pourchass\u00e9 et attaqu\u00e9 des embarcations de p\u00eache qui se trouvaient \u00e0 2 ou 3 milles nautiques seulement du littoral.<\/p>\n<p>Les navires de guerre isra\u00e9liens ont ouvert le feu contre les b\u00e2teaux de p\u00eache, provoquant des d\u00e9g\u00e2ts aux filets de bon nombre de p\u00eacheurs.<\/p>\n<p>Cela a incit\u00e9 ces derniers \u00e0 quitter les lieux en toute h\u00e2te, avant m\u00eame d&rsquo;avoir termin\u00e9 leur travail. On ne rapporte aucun bless\u00e9.<\/p>\n<p>Dans la m\u00eame semaine, <strong>le 25 mars 2020<\/strong>, vers 8&nbsp;h&nbsp;50 du matin, des navires de guerre isra\u00e9liens ont \u00e0 nouveau attaqu\u00e9 des p\u00eacheurs palestiniens.<\/p>\n<p>Les navires de guerre isra\u00e9liens, en position en face de la zone d&rsquo;<strong>al-Waha<\/strong>, au nord-ouest de la ville de Beit Lahia dans le nord de la bande de Gaza, ont pourchass\u00e9 et attaqu\u00e9 les bateaux de p\u00eache qui se trouvaient \u00e0 ce moment \u00e0 quelque 2 millies nautiques de la c\u00f4te.<\/p>\n<p>L&rsquo;attaque isra\u00e9lienne a sem\u00e9 la crainte et la panique parmi les p\u00eacheurs, qui ont \u00e9t\u00e9 contraints de fuir la zone et de cesser leurs activit\u00e9s. Aucun bless\u00e9 n&rsquo;a \u00e9t\u00e9 mentionn\u00e9.<\/p>\n<hr>\n<p>Le rapport a \u00e9t\u00e9 publi\u00e9 le 3 avril 2020 sur <a href=\"http:\/\/www.alhaq.org\/advocacy\/16676.html\" target=\"_blank\" rel=\"noopener noreferrer\">Al-Haq<\/a><br \/>\nTraduction : Jean-Marie Fl\u00e9mal<\/p>\n<p>Lisez \u00e9galement :<a href=\"https:\/\/charleroi-pourlapalestine.be\/index.php\/2020\/03\/28\/bombardements-sur-gaza-pendant-le-confinement\/\"> Bombardements sur Gaza pendant le<em> \u00ab&nbsp;confinement&nbsp;\u00bb<\/em>&nbsp;!<\/a><\/p>\n<p><strong>Notes :<\/strong><\/p>\n<p lang=\"fr-BE\" align=\"JUSTIFY\"><span style=\"color: #000000;\"><span style=\"font-family: Times New Roman, serif;\"><span style=\"font-size: medium;\">(15) ONU, Conseil des droits de l&rsquo;homme, Rapport du rapporteur sp\u00e9cial sur la situation des droits de l&rsquo;homme dans les Territoires palestiniens occup\u00e9s depuis 1967 (29 janvier 2007), UN Doc A\/HRC\/4\/17, paragraphe 6.<\/span><\/span><\/span><\/p>\n<p lang=\"fr-BE\" align=\"JUSTIFY\"><span style=\"color: #000000;\"><span style=\"font-family: Times New Roman, serif;\"><span style=\"font-size: medium;\">(16) Voir Al-Haq, \u00ab&nbsp;Sur la Journ\u00e9e mondiale de l&rsquo;eau. En pleine pand\u00e9mie mondiale, Al-Haq rappelle l&rsquo;apartheid isra\u00e9lien sur l&rsquo;eau&nbsp;\u00bb (23 mars 2020), disponible sur&nbsp;:<\/span><\/span><\/span><\/p>\n<p align=\"JUSTIFY\"><span style=\"color: #000080;\"><span lang=\"zxx\"><u><a href=\"http:\/\/www.alhaq.org\/advocacy\/16625.html\" target=\"_blank\" rel=\"noopener noreferrer\" data-saferedirecturl=\"https:\/\/www.google.com\/url?q=http:\/\/www.alhaq.org\/advocacy\/16625.html&amp;source=gmail&amp;ust=1586244875119000&amp;usg=AFQjCNE-DqwmNIJLBwouVkhpiBAHyhrh3A\"><span style=\"color: #000000;\"><span style=\"font-family: Times New Roman, serif;\"><span style=\"font-size: medium;\"><span lang=\"fr-BE\">http:\/\/www.alhaq.org\/advocacy\/<wbr>16625.html<\/span><\/span><\/span><\/span><\/a><\/u><\/span><\/span><span style=\"color: #000000;\"><span style=\"font-family: Times New Roman, serif;\"><span style=\"font-size: medium;\"><span lang=\"fr-BE\">.<\/span><\/span><\/span><\/span><\/p>\n<p lang=\"fr-BE\" align=\"JUSTIFY\"><span style=\"color: #000000;\"><span style=\"font-family: Times New Roman, serif;\"><span style=\"font-size: medium;\">(17) UN, COVID-19&nbsp;: Israel has \u2018legal duty\u2019 to ensure that Palestinians in OPT receive essential health services \u2013 UN expert (Isra\u00ebl a le \u00ab&nbsp;devoir l\u00e9gal&nbsp;\u00bb de faire en sorte que les Palestiniens des TPO re\u00e7oivent les services de sant\u00e9 essentiels \u2013 L&rsquo;expert de l&rsquo;ONU) (19 mars 2020), disponible sur&nbsp;:<\/span><\/span><\/span><\/p>\n<p align=\"JUSTIFY\"><span style=\"color: #000080;\"><span lang=\"zxx\"><u><a href=\"https:\/\/www.ohchr.org\/FR\/NewsEvents\/Pages\/DisplayNews.aspx?NewsID=25728&amp;LangID=E\" target=\"_blank\" rel=\"noopener noreferrer\" data-saferedirecturl=\"https:\/\/www.google.com\/url?q=https:\/\/www.ohchr.org\/FR\/NewsEvents\/Pages\/DisplayNews.aspx?NewsID%3D25728%26LangID%3DE&amp;source=gmail&amp;ust=1586244875119000&amp;usg=AFQjCNG7legxhNeCgklKgI8KFyL-S-XH0Q\"><span style=\"color: #000000;\"><span style=\"font-family: Times New Roman, serif;\"><span style=\"font-size: medium;\"><span lang=\"fr-BE\">https:\/\/www.ohchr.org\/FR\/<wbr>NewsEvents\/Pages\/DisplayNews.<wbr>aspx?NewsID=25728&amp;LangID=E<\/span><\/span><\/span><\/span><\/a><\/u><\/span><\/span><span style=\"color: #000000;\"><span style=\"font-family: Times New Roman, serif;\"><span style=\"font-size: medium;\"><span lang=\"fr-BE\">.<\/span><\/span><\/span><\/span><\/p>\n<p align=\"JUSTIFY\"><span style=\"color: #000000;\"><span style=\"font-family: Times New Roman, serif;\"><span style=\"font-size: medium;\"><span lang=\"fr-BE\">(18) Al Jazeera, <em>\u00ab&nbsp;\u00a0\u00bbCatastrophe\u00a0\u00bb&nbsp;: Fears over outbreak of coronavirus in Gaza&nbsp;\u00bb<\/em> (Catastrophe&nbsp;: Craintes \u00e0 propos de l&rsquo;\u00e9pid\u00e9mie de coronavirus \u00e0 Gaza) (26 mars 2020), disponible sur&nbsp;: <\/span><\/span><\/span><\/span><span style=\"color: #000080;\"><span lang=\"zxx\"><u><a href=\"https:\/\/www.aljazeera.com\/news\/2020\/03\/fears-outbreak-coronavirus-gaza-200326111450748.html\" target=\"_blank\" rel=\"noopener noreferrer\" data-saferedirecturl=\"https:\/\/www.google.com\/url?q=https:\/\/www.aljazeera.com\/news\/2020\/03\/fears-outbreak-coronavirus-gaza-200326111450748.html&amp;source=gmail&amp;ust=1586244875119000&amp;usg=AFQjCNHD1jp1mo5uQLURj0A0zz_vGP2AWg\"><span style=\"color: #000000;\"><span style=\"font-family: Times New Roman, serif;\"><span style=\"font-size: medium;\"><span lang=\"fr-BE\">https:\/\/www.aljazeera.com\/<wbr>news\/2020\/03\/fears-outbreak-<wbr>coronavirus-gaza-<wbr>200326111450748.html<\/span><\/span><\/span><\/span><\/a><\/u><\/span><\/span><span style=\"color: #000000;\"><span style=\"font-family: Times New Roman, serif;\"><span style=\"font-size: medium;\"><span lang=\"fr-BE\">; <\/span><\/span><\/span><\/span><span style=\"color: #000000;\"><span style=\"font-family: Times New Roman, serif;\"><span style=\"font-size: medium;\"><span lang=\"fr-BE\"><i>Times of Israel<\/i><\/span><\/span><\/span><\/span><span style=\"color: #000000;\"><span style=\"font-family: Times New Roman, serif;\"><span style=\"font-size: medium;\"><span lang=\"fr-BE\">, <em>\u00ab Seven new cases of coronavirus emerge in Gaza Strip, bringing total to nine \u00bb<\/em> (Apparition de sept nouveaux cas de coronavirus dans la bande de Gaza, ce qui porte le total \u00e0 neuf) (26 mars 2020), disponible sur : <a href=\"https:\/\/www.timesofisrael.com\/seven-new-cases-of-coronavirus-emerge-in-gaza-strip-brining-total-to-nine\/\" target=\"_blank\" rel=\"noopener noreferrer\" data-saferedirecturl=\"https:\/\/www.google.com\/url?q=https:\/\/www.timesofisrael.com\/seven-new-cases-of-coronavirus-emerge-in-gaza-strip-brining-total-to-nine\/&amp;source=gmail&amp;ust=1586244875119000&amp;usg=AFQjCNFw7fV7giuTQ0zLJiPhce_d16v8PQ\">https:\/\/www.timesofisrael.com\/<wbr>seven-new-cases-of-<wbr>coronavirus-emerge-in-gaza-<wbr>strip-brining-total-to-nine\/<\/a>. <\/span><\/span><\/span><\/span><\/p>\n","protected":false},"excerpt":{"rendered":"<p>\u00ab\u00a0Violations des droits de l&rsquo;homme \u00e0 Gaza\u00a0\u00bb  est un extrait du rapport d\u2019Al-Haq : Les violations des droits de l\u2019homme par Isra\u00ebl dans le contexte du Covid-19 <\/p>\n","protected":false},"author":1,"featured_media":0,"comment_status":"closed","ping_status":"closed","sticky":false,"template":"","format":"standard","meta":{"ngg_post_thumbnail":0,"footnotes":""},"categories":[390,6],"tags":[],"class_list":["post-10440","post","type-post","status-publish","format-standard","hentry","category-armee-israelienne","category-gaza"],"yoast_head":"<!-- This site is optimized with the Yoast SEO plugin v27.3 - https:\/\/yoast.com\/product\/yoast-seo-wordpress\/ -->\n<title>Violations par Isra\u00ebl des droits de l&#039;homme dans la bande de Gaza<\/title>\n<meta name=\"description\" content=\"&quot;Violations des droits de l&#039;homme \u00e0 Gaza&quot; est un extrait du rapport d\u2019Al-Haq : Les violations des droits de l\u2019homme par Isra\u00ebl dans le contexte du Covid-19\" \/>\n<meta name=\"robots\" content=\"index, follow, max-snippet:-1, max-image-preview:large, max-video-preview:-1\" \/>\n<link rel=\"canonical\" href=\"https:\/\/charleroi-pourlapalestine.be\/index.php\/2020\/04\/06\/al-haq-5-violations-par-israel-des-droits-de-lhomme-dans-la-bande-de-gaza\/\" \/>\n<script type=\"application\/ld+json\" class=\"yoast-schema-graph\">{\"@context\":\"https:\\\/\\\/schema.org\",\"@graph\":[{\"@type\":\"Article\",\"@id\":\"https:\\\/\\\/charleroi-pourlapalestine.be\\\/index.php\\\/2020\\\/04\\\/06\\\/al-haq-5-violations-par-israel-des-droits-de-lhomme-dans-la-bande-de-gaza\\\/#article\",\"isPartOf\":{\"@id\":\"https:\\\/\\\/charleroi-pourlapalestine.be\\\/index.php\\\/2020\\\/04\\\/06\\\/al-haq-5-violations-par-israel-des-droits-de-lhomme-dans-la-bande-de-gaza\\\/\"},\"author\":{\"name\":\"admin1873\",\"@id\":\"https:\\\/\\\/charleroi-pourlapalestine.be\\\/#\\\/schema\\\/person\\\/c19ff515112f1299d8c12671d8fe3faa\"},\"headline\":\"Al-Haq (5) : Violations par Isra\u00ebl des droits de l&rsquo;homme dans la bande de Gaza\",\"datePublished\":\"2020-04-06T12:00:42+00:00\",\"dateModified\":\"2020-04-07T11:53:41+00:00\",\"mainEntityOfPage\":{\"@id\":\"https:\\\/\\\/charleroi-pourlapalestine.be\\\/index.php\\\/2020\\\/04\\\/06\\\/al-haq-5-violations-par-israel-des-droits-de-lhomme-dans-la-bande-de-gaza\\\/\"},\"wordCount\":1086,\"publisher\":{\"@id\":\"https:\\\/\\\/charleroi-pourlapalestine.be\\\/#organization\"},\"image\":{\"@id\":\"https:\\\/\\\/charleroi-pourlapalestine.be\\\/index.php\\\/2020\\\/04\\\/06\\\/al-haq-5-violations-par-israel-des-droits-de-lhomme-dans-la-bande-de-gaza\\\/#primaryimage\"},\"thumbnailUrl\":\"https:\\\/\\\/charleroi-pourlapalestine.be\\\/wp-content\\\/uploads\\\/2020\\\/04\\\/navy-attacks-fishermen-Copy.jpg\",\"articleSection\":[\"arm\u00e9e isra\u00e9lienne\",\"Gaza\"],\"inLanguage\":\"fr-FR\"},{\"@type\":\"WebPage\",\"@id\":\"https:\\\/\\\/charleroi-pourlapalestine.be\\\/index.php\\\/2020\\\/04\\\/06\\\/al-haq-5-violations-par-israel-des-droits-de-lhomme-dans-la-bande-de-gaza\\\/\",\"url\":\"https:\\\/\\\/charleroi-pourlapalestine.be\\\/index.php\\\/2020\\\/04\\\/06\\\/al-haq-5-violations-par-israel-des-droits-de-lhomme-dans-la-bande-de-gaza\\\/\",\"name\":\"Violations par Isra\u00ebl des droits de l'homme dans la bande de Gaza\",\"isPartOf\":{\"@id\":\"https:\\\/\\\/charleroi-pourlapalestine.be\\\/#website\"},\"primaryImageOfPage\":{\"@id\":\"https:\\\/\\\/charleroi-pourlapalestine.be\\\/index.php\\\/2020\\\/04\\\/06\\\/al-haq-5-violations-par-israel-des-droits-de-lhomme-dans-la-bande-de-gaza\\\/#primaryimage\"},\"image\":{\"@id\":\"https:\\\/\\\/charleroi-pourlapalestine.be\\\/index.php\\\/2020\\\/04\\\/06\\\/al-haq-5-violations-par-israel-des-droits-de-lhomme-dans-la-bande-de-gaza\\\/#primaryimage\"},\"thumbnailUrl\":\"https:\\\/\\\/charleroi-pourlapalestine.be\\\/wp-content\\\/uploads\\\/2020\\\/04\\\/navy-attacks-fishermen-Copy.jpg\",\"datePublished\":\"2020-04-06T12:00:42+00:00\",\"dateModified\":\"2020-04-07T11:53:41+00:00\",\"description\":\"\\\"Violations des droits de l'homme \u00e0 Gaza\\\" est un extrait du rapport d\u2019Al-Haq : Les violations des droits de l\u2019homme par Isra\u00ebl dans le contexte du Covid-19\",\"breadcrumb\":{\"@id\":\"https:\\\/\\\/charleroi-pourlapalestine.be\\\/index.php\\\/2020\\\/04\\\/06\\\/al-haq-5-violations-par-israel-des-droits-de-lhomme-dans-la-bande-de-gaza\\\/#breadcrumb\"},\"inLanguage\":\"fr-FR\",\"potentialAction\":[{\"@type\":\"ReadAction\",\"target\":[\"https:\\\/\\\/charleroi-pourlapalestine.be\\\/index.php\\\/2020\\\/04\\\/06\\\/al-haq-5-violations-par-israel-des-droits-de-lhomme-dans-la-bande-de-gaza\\\/\"]}]},{\"@type\":\"ImageObject\",\"inLanguage\":\"fr-FR\",\"@id\":\"https:\\\/\\\/charleroi-pourlapalestine.be\\\/index.php\\\/2020\\\/04\\\/06\\\/al-haq-5-violations-par-israel-des-droits-de-lhomme-dans-la-bande-de-gaza\\\/#primaryimage\",\"url\":\"\",\"contentUrl\":\"\"},{\"@type\":\"BreadcrumbList\",\"@id\":\"https:\\\/\\\/charleroi-pourlapalestine.be\\\/index.php\\\/2020\\\/04\\\/06\\\/al-haq-5-violations-par-israel-des-droits-de-lhomme-dans-la-bande-de-gaza\\\/#breadcrumb\",\"itemListElement\":[{\"@type\":\"ListItem\",\"position\":1,\"name\":\"Accueil\",\"item\":\"https:\\\/\\\/charleroi-pourlapalestine.be\\\/\"},{\"@type\":\"ListItem\",\"position\":2,\"name\":\"Al-Haq (5) : Violations par Isra\u00ebl des droits de l&#8217;homme dans la bande de Gaza\"}]},{\"@type\":\"WebSite\",\"@id\":\"https:\\\/\\\/charleroi-pourlapalestine.be\\\/#website\",\"url\":\"https:\\\/\\\/charleroi-pourlapalestine.be\\\/\",\"name\":\"Charleroi Pour la Palestine\",\"description\":\"\",\"publisher\":{\"@id\":\"https:\\\/\\\/charleroi-pourlapalestine.be\\\/#organization\"},\"potentialAction\":[{\"@type\":\"SearchAction\",\"target\":{\"@type\":\"EntryPoint\",\"urlTemplate\":\"https:\\\/\\\/charleroi-pourlapalestine.be\\\/?s={search_term_string}\"},\"query-input\":{\"@type\":\"PropertyValueSpecification\",\"valueRequired\":true,\"valueName\":\"search_term_string\"}}],\"inLanguage\":\"fr-FR\"},{\"@type\":\"Organization\",\"@id\":\"https:\\\/\\\/charleroi-pourlapalestine.be\\\/#organization\",\"name\":\"Plate-forme Charleroi-Palestine\",\"url\":\"https:\\\/\\\/charleroi-pourlapalestine.be\\\/\",\"logo\":{\"@type\":\"ImageObject\",\"inLanguage\":\"fr-FR\",\"@id\":\"https:\\\/\\\/charleroi-pourlapalestine.be\\\/#\\\/schema\\\/logo\\\/image\\\/\",\"url\":\"https:\\\/\\\/charleroi-pourlapalestine.be\\\/wp-content\\\/uploads\\\/2020\\\/01\\\/logo-Copy.jpg\",\"contentUrl\":\"https:\\\/\\\/charleroi-pourlapalestine.be\\\/wp-content\\\/uploads\\\/2020\\\/01\\\/logo-Copy.jpg\",\"width\":180,\"height\":180,\"caption\":\"Plate-forme Charleroi-Palestine\"},\"image\":{\"@id\":\"https:\\\/\\\/charleroi-pourlapalestine.be\\\/#\\\/schema\\\/logo\\\/image\\\/\"},\"sameAs\":[\"https:\\\/\\\/www.facebook.com\\\/PlateformeCharleroiPalestine\\\/\",\"https:\\\/\\\/x.com\\\/LaCharleroi\"]},{\"@type\":\"Person\",\"@id\":\"https:\\\/\\\/charleroi-pourlapalestine.be\\\/#\\\/schema\\\/person\\\/c19ff515112f1299d8c12671d8fe3faa\",\"name\":\"admin1873\",\"url\":\"https:\\\/\\\/charleroi-pourlapalestine.be\\\/index.php\\\/author\\\/admin1873\\\/\"}]}<\/script>\n<!-- \/ Yoast SEO plugin. -->","yoast_head_json":{"title":"Violations par Isra\u00ebl des droits de l'homme dans la bande de Gaza","description":"\"Violations des droits de l'homme \u00e0 Gaza\" est un extrait du rapport d\u2019Al-Haq : Les violations des droits de l\u2019homme par Isra\u00ebl dans le contexte du Covid-19","robots":{"index":"index","follow":"follow","max-snippet":"max-snippet:-1","max-image-preview":"max-image-preview:large","max-video-preview":"max-video-preview:-1"},"canonical":"https:\/\/charleroi-pourlapalestine.be\/index.php\/2020\/04\/06\/al-haq-5-violations-par-israel-des-droits-de-lhomme-dans-la-bande-de-gaza\/","schema":{"@context":"https:\/\/schema.org","@graph":[{"@type":"Article","@id":"https:\/\/charleroi-pourlapalestine.be\/index.php\/2020\/04\/06\/al-haq-5-violations-par-israel-des-droits-de-lhomme-dans-la-bande-de-gaza\/#article","isPartOf":{"@id":"https:\/\/charleroi-pourlapalestine.be\/index.php\/2020\/04\/06\/al-haq-5-violations-par-israel-des-droits-de-lhomme-dans-la-bande-de-gaza\/"},"author":{"name":"admin1873","@id":"https:\/\/charleroi-pourlapalestine.be\/#\/schema\/person\/c19ff515112f1299d8c12671d8fe3faa"},"headline":"Al-Haq (5) : Violations par Isra\u00ebl des droits de l&rsquo;homme dans la bande de Gaza","datePublished":"2020-04-06T12:00:42+00:00","dateModified":"2020-04-07T11:53:41+00:00","mainEntityOfPage":{"@id":"https:\/\/charleroi-pourlapalestine.be\/index.php\/2020\/04\/06\/al-haq-5-violations-par-israel-des-droits-de-lhomme-dans-la-bande-de-gaza\/"},"wordCount":1086,"publisher":{"@id":"https:\/\/charleroi-pourlapalestine.be\/#organization"},"image":{"@id":"https:\/\/charleroi-pourlapalestine.be\/index.php\/2020\/04\/06\/al-haq-5-violations-par-israel-des-droits-de-lhomme-dans-la-bande-de-gaza\/#primaryimage"},"thumbnailUrl":"https:\/\/charleroi-pourlapalestine.be\/wp-content\/uploads\/2020\/04\/navy-attacks-fishermen-Copy.jpg","articleSection":["arm\u00e9e isra\u00e9lienne","Gaza"],"inLanguage":"fr-FR"},{"@type":"WebPage","@id":"https:\/\/charleroi-pourlapalestine.be\/index.php\/2020\/04\/06\/al-haq-5-violations-par-israel-des-droits-de-lhomme-dans-la-bande-de-gaza\/","url":"https:\/\/charleroi-pourlapalestine.be\/index.php\/2020\/04\/06\/al-haq-5-violations-par-israel-des-droits-de-lhomme-dans-la-bande-de-gaza\/","name":"Violations par Isra\u00ebl des droits de l'homme dans la bande de Gaza","isPartOf":{"@id":"https:\/\/charleroi-pourlapalestine.be\/#website"},"primaryImageOfPage":{"@id":"https:\/\/charleroi-pourlapalestine.be\/index.php\/2020\/04\/06\/al-haq-5-violations-par-israel-des-droits-de-lhomme-dans-la-bande-de-gaza\/#primaryimage"},"image":{"@id":"https:\/\/charleroi-pourlapalestine.be\/index.php\/2020\/04\/06\/al-haq-5-violations-par-israel-des-droits-de-lhomme-dans-la-bande-de-gaza\/#primaryimage"},"thumbnailUrl":"https:\/\/charleroi-pourlapalestine.be\/wp-content\/uploads\/2020\/04\/navy-attacks-fishermen-Copy.jpg","datePublished":"2020-04-06T12:00:42+00:00","dateModified":"2020-04-07T11:53:41+00:00","description":"\"Violations des droits de l'homme \u00e0 Gaza\" est un extrait du rapport d\u2019Al-Haq : Les violations des droits de l\u2019homme par Isra\u00ebl dans le contexte du Covid-19","breadcrumb":{"@id":"https:\/\/charleroi-pourlapalestine.be\/index.php\/2020\/04\/06\/al-haq-5-violations-par-israel-des-droits-de-lhomme-dans-la-bande-de-gaza\/#breadcrumb"},"inLanguage":"fr-FR","potentialAction":[{"@type":"ReadAction","target":["https:\/\/charleroi-pourlapalestine.be\/index.php\/2020\/04\/06\/al-haq-5-violations-par-israel-des-droits-de-lhomme-dans-la-bande-de-gaza\/"]}]},{"@type":"ImageObject","inLanguage":"fr-FR","@id":"https:\/\/charleroi-pourlapalestine.be\/index.php\/2020\/04\/06\/al-haq-5-violations-par-israel-des-droits-de-lhomme-dans-la-bande-de-gaza\/#primaryimage","url":"","contentUrl":""},{"@type":"BreadcrumbList","@id":"https:\/\/charleroi-pourlapalestine.be\/index.php\/2020\/04\/06\/al-haq-5-violations-par-israel-des-droits-de-lhomme-dans-la-bande-de-gaza\/#breadcrumb","itemListElement":[{"@type":"ListItem","position":1,"name":"Accueil","item":"https:\/\/charleroi-pourlapalestine.be\/"},{"@type":"ListItem","position":2,"name":"Al-Haq (5) : Violations par Isra\u00ebl des droits de l&#8217;homme dans la bande de Gaza"}]},{"@type":"WebSite","@id":"https:\/\/charleroi-pourlapalestine.be\/#website","url":"https:\/\/charleroi-pourlapalestine.be\/","name":"Charleroi Pour la Palestine","description":"","publisher":{"@id":"https:\/\/charleroi-pourlapalestine.be\/#organization"},"potentialAction":[{"@type":"SearchAction","target":{"@type":"EntryPoint","urlTemplate":"https:\/\/charleroi-pourlapalestine.be\/?s={search_term_string}"},"query-input":{"@type":"PropertyValueSpecification","valueRequired":true,"valueName":"search_term_string"}}],"inLanguage":"fr-FR"},{"@type":"Organization","@id":"https:\/\/charleroi-pourlapalestine.be\/#organization","name":"Plate-forme Charleroi-Palestine","url":"https:\/\/charleroi-pourlapalestine.be\/","logo":{"@type":"ImageObject","inLanguage":"fr-FR","@id":"https:\/\/charleroi-pourlapalestine.be\/#\/schema\/logo\/image\/","url":"https:\/\/charleroi-pourlapalestine.be\/wp-content\/uploads\/2020\/01\/logo-Copy.jpg","contentUrl":"https:\/\/charleroi-pourlapalestine.be\/wp-content\/uploads\/2020\/01\/logo-Copy.jpg","width":180,"height":180,"caption":"Plate-forme Charleroi-Palestine"},"image":{"@id":"https:\/\/charleroi-pourlapalestine.be\/#\/schema\/logo\/image\/"},"sameAs":["https:\/\/www.facebook.com\/PlateformeCharleroiPalestine\/","https:\/\/x.com\/LaCharleroi"]},{"@type":"Person","@id":"https:\/\/charleroi-pourlapalestine.be\/#\/schema\/person\/c19ff515112f1299d8c12671d8fe3faa","name":"admin1873","url":"https:\/\/charleroi-pourlapalestine.be\/index.php\/author\/admin1873\/"}]}},"_links":{"self":[{"href":"https:\/\/charleroi-pourlapalestine.be\/index.php\/wp-json\/wp\/v2\/posts\/10440","targetHints":{"allow":["GET"]}}],"collection":[{"href":"https:\/\/charleroi-pourlapalestine.be\/index.php\/wp-json\/wp\/v2\/posts"}],"about":[{"href":"https:\/\/charleroi-pourlapalestine.be\/index.php\/wp-json\/wp\/v2\/types\/post"}],"author":[{"embeddable":true,"href":"https:\/\/charleroi-pourlapalestine.be\/index.php\/wp-json\/wp\/v2\/users\/1"}],"replies":[{"embeddable":true,"href":"https:\/\/charleroi-pourlapalestine.be\/index.php\/wp-json\/wp\/v2\/comments?post=10440"}],"version-history":[{"count":0,"href":"https:\/\/charleroi-pourlapalestine.be\/index.php\/wp-json\/wp\/v2\/posts\/10440\/revisions"}],"wp:attachment":[{"href":"https:\/\/charleroi-pourlapalestine.be\/index.php\/wp-json\/wp\/v2\/media?parent=10440"}],"wp:term":[{"taxonomy":"category","embeddable":true,"href":"https:\/\/charleroi-pourlapalestine.be\/index.php\/wp-json\/wp\/v2\/categories?post=10440"},{"taxonomy":"post_tag","embeddable":true,"href":"https:\/\/charleroi-pourlapalestine.be\/index.php\/wp-json\/wp\/v2\/tags?post=10440"}],"curies":[{"name":"wp","href":"https:\/\/api.w.org\/{rel}","templated":true}]}}