{"id":10617,"date":"2018-12-18T13:53:00","date_gmt":"2018-12-18T12:53:00","guid":{"rendered":"https:\/\/charleroi-pourlapalestine.be\/?p=10617"},"modified":"2020-04-10T14:04:25","modified_gmt":"2020-04-10T12:04:25","slug":"le-president-libanais-sattache-au-dossier-de-georges-abdallah","status":"publish","type":"post","link":"https:\/\/charleroi-pourlapalestine.be\/index.php\/2018\/12\/18\/le-president-libanais-sattache-au-dossier-de-georges-abdallah\/","title":{"rendered":"Le pr\u00e9sident libanais s\u2019attache au dossier d&rsquo;Abdallah"},"content":{"rendered":"<div class=\"entry-content mh-clearfix\">\n<figure class=\"entry-thumbnail\"><\/figure>\n<div class=\"pf-content\">\n<div class=\"entry clearfix\">\n<p><img loading=\"lazy\" decoding=\"async\" class=\"aligncenter wp-image-5490\" src=\"http:\/\/liberonsgeorges.samizdat.net\/wp-content\/uploads\/2010\/09\/banderolle-rouge-liban.jpg\" alt=\"\" width=\"388\" height=\"236\"><\/p>\n<p><strong>Pour la premi\u00e8re fois en 34 ans, l\u2019\u00c9tat libanais semble d\u00e9termin\u00e9 \u00e0 adopter officiellement la cause du&nbsp;combattant Georges Ibrahim Abdallah. La Pr\u00e9sidence de la R\u00e9publique, le Minist\u00e8re des&nbsp;Affaires \u00e9trang\u00e8res et des \u00c9migr\u00e9s et la S\u00e9curit\u00e9 g\u00e9n\u00e9rale coop\u00e8rent pour faire pression sur les&nbsp;autorit\u00e9s fran\u00e7aises afin qu\u2019elles lib\u00e8rent Abdallah dans le cadre de la visite d\u2019Emmanuel&nbsp;Macron en f\u00e9vrier.<\/strong><\/p>\n<p><a href=\"https:\/\/al-akhbar.com\/Politics\/263349\" target=\"_blank\" rel=\"noopener noreferrer\">Lire dans le quotidien libanais Al Akbar<\/a> (pour les arabophones) l\u2019article dat\u00e9 de lundi 17 d\u00e9cembre 2018, o\u00f9 il est question d\u2019une d\u00e9marche gouvernementale <strong>officielle<\/strong> qui aura pour objectif de remporter la lib\u00e9ration de Georges Abdallah.<\/p>\n<p>On y lit \u00e9galement :<\/p>\n<p>\u261e que <strong>Georges Abdallah<\/strong> a \u00e9t\u00e9 <em>\u00ab&nbsp;puni&nbsp;\u00bb<\/em> pour sa lutte et sa r\u00e9sistance \u00e0 l\u2019occupant et que c\u2019est un d\u00e9tenu politique pour lequel aucun int\u00e9r\u00eat s\u00e9rieux n\u2019a \u00e9t\u00e9 port\u00e9 jusqu\u2019ici par l\u2019<strong>\u00c9tat libanais.<\/strong><\/p>\n<p>\u261e que la pression monte pour faire&nbsp;en sorte que la question de <strong>Georges Abdallah<\/strong> soit un \u00e9l\u00e9ment cl\u00e9 des discussions bilat\u00e9rales entre les deux pr\u00e9sidents, fran\u00e7ais et libanais.<\/p>\n<p>\u261e que lors de sa pr\u00e9c\u00e9dente visite d\u2019\u00c9tat \u00e0 <strong>Paris<\/strong>, le pr\u00e9sident libanais <strong>Michel Aoun<\/strong> avait \u00e9voqu\u00e9 le&nbsp;probl\u00e8me. <em>\u00ab&nbsp;Mais la r\u00e9ponse officielle et claire de l\u2019administration fran\u00e7aise a \u00e9t\u00e9 mise sous&nbsp;pression des <strong>\u00c9tats-Unis<\/strong> et d\u2019<strong>Isra\u00ebl<\/strong>.&nbsp;\u00bb <\/em><\/p>\n<p>\u261e que des pressions am\u00e9ricaines continuent d\u2019emp\u00eacher la lib\u00e9ration de <strong>Georges Abdallah<\/strong> via des diplomates ou des notes envoy\u00e9es au gouvernement fran\u00e7ais,<\/p>\n<p>\u261e que l\u2019ambassadeur libanais en <strong>France, Rami Adwan,<\/strong> a entam\u00e9 une d\u00e9marche pour visiter Georges Abdallah en prison.<\/p>\n<p>\u261e que la visite du pr\u00e9sident fran\u00e7ais au <strong>Liban<\/strong>&nbsp;sera pr\u00e9c\u00e9d\u00e9e de l\u2019envoi par l\u2019<strong>\u00c9tat libanais<\/strong> \u00ab&nbsp;<em>d\u2019une lettre officielle au minist\u00e8re fran\u00e7ais de&nbsp;l\u2019<strong>Int\u00e9rieur<\/strong>, qui comprend la pr\u00e9tendue demande d\u2019expulsion de<strong> Georges<\/strong> au <strong>Liban<\/strong><\/em>\u00ab&nbsp;. En effet la demande d\u2019expulsion, envoy\u00e9e &nbsp;en juillet dernier au gouvernement fran\u00e7ais par <strong>Jean-Louis Chalanset<\/strong>, avocat de<strong> Georges Abdallah,<\/strong> est rest\u00e9e \u00e0 ce jour sans r\u00e9ponse.<\/p>\n<h2><strong>Pour m\u00e9moire\u2026<\/strong><\/h2>\n<p><strong>Georges Abdallah<\/strong>, arr\u00eat\u00e9 \u00e0 <strong>Lyon<\/strong> en 1984 et condamn\u00e9 \u00e0 perp\u00e9tuit\u00e9 en 1987 pour complicit\u00e9 dans l\u2019ex\u00e9cution d\u2019un diplomate isra\u00e9lien et d\u2019un attach\u00e9 militaire \u00e9tatsunien, est lib\u00e9rable depuis 1999. <a href=\"http:\/\/liberonsgeorges.samizdat.net\/qui-est-georges-abdallah\/\" target=\"_blank\" rel=\"noopener noreferrer\">Plus\u2026<\/a><\/p>\n<p>Au cours de ses 34 ans de d\u00e9tention, neuf demandes de lib\u00e9ration ayant \u00e9t\u00e9 d\u00e9pos\u00e9es \u2013 toutes au final refus\u00e9es \u2013 le tribunal d\u2019application des peines a prononc\u00e9 deux fois sa lib\u00e9ration, en 2003 et en 2013. Lors de cette derni\u00e8re, la lib\u00e9ration \u00e9tait conditionn\u00e9e \u00e0 un d\u00e9cret d\u2019expulsion que le ministre de l\u2019<strong>Int\u00e9rieur,<\/strong> \u00e0 cette \u00e9poque <strong>Manuel Valls<\/strong>, n\u2019a pas voulu signer. <a href=\"http:\/\/liberonsgeorges.samizdat.net\/justice\/le-gouvernement-francais-decide-de-ne-pas-liberer-georges-ibrahim-abdallah\/\" target=\"_blank\" rel=\"noopener noreferrer\">Plus\u2026<\/a><\/p>\n<p>Les gouvernements successifs, depuis l\u2019arrestation de <strong>Georges Abdallah<\/strong>, ont toujours ais\u00e9ment c\u00e9d\u00e9 aux injonctions \u00e9tats-uniennes de ne pas le lib\u00e9rer.&nbsp;<a href=\"http:\/\/liberonsgeorges.samizdat.net\/justice\/en-toute-independance\/\" target=\"_blank\" rel=\"noopener noreferrer\">Lire ici<\/a>. L\u2019<strong>\u00c9tat libanais<\/strong>, par l\u2019interm\u00e9diaire de son <strong>Consulat<\/strong> en <strong>France,<\/strong> a toujours d\u00e9clar\u00e9 qu\u2019il \u00e9tait pr\u00eat \u00e0 l\u2019accueillir. Aujourd\u2019hui, il est pr\u00eat \u00e0 le r\u00e9clamer officiellement.<\/p>\n<p>Nous ne pouvons que souhaiter, de toutes nos forces militantes, que leur compatriote <strong>Georges Ibrahim Abdallah,<\/strong> qui vient d\u2019entrer dans une 35e ann\u00e9e de d\u00e9tention en <strong>France<\/strong>, soit lib\u00e9r\u00e9 le plus t\u00f4t possible.<\/p>\n<hr>\n<p>Publi\u00e9 le 18\/12\/2018 sur <a href=\"http:\/\/liberonsgeorges.samizdat.net\/presse\/le-president-libanais-sattache-au-dossier-de-georges-abdallah\/?fbclid=IwAR22QTgihJngIyrMzevfi0p0HZO3YBRrYno5WJJwFR_yD69IgWqFBY_BkjA\" target=\"_blank\" rel=\"noopener noreferrer\">Lib\u00e9rez Georges Abdallah<\/a><\/p>\n<p><a href=\"_wp_link_placeholder\" data-wplink-edit=\"true\">Lisez ici tous les articles concernant Georges Abdallah publi\u00e9s sur ce site<\/a><\/p>\n<p>Une d\u00e9l\u00e9gation de l\u2019<strong>Appel belge pour la lib\u00e9ration de Georges Abdallah<\/strong> \u00e9tait pr\u00e9sente le 20 octobre \u00e0 la manifestation devant la prison \u00e0<strong> Lannemezan<\/strong> o\u00f9 <strong>Georges Abdallah<\/strong> est incarc\u00e9r\u00e9.<\/p>\n<p><img loading=\"lazy\" decoding=\"async\" class=\"aligncenter wp-image-34343 size-full\" src=\"https:\/\/www.pourlapalestine.be\/wp-content\/uploads\/2018\/12\/delegation-belge-copy.jpg\" sizes=\"auto, (max-width: 520px) 100vw, 520px\" srcset=\"https:\/\/www.pourlapalestine.be\/wp-content\/uploads\/2018\/12\/delegation-belge-copy.jpg 520w, https:\/\/www.pourlapalestine.be\/wp-content\/uploads\/2018\/12\/delegation-belge-copy-350x263.jpg 350w, https:\/\/www.pourlapalestine.be\/wp-content\/uploads\/2018\/12\/delegation-belge-copy-174x131.jpg 174w, https:\/\/www.pourlapalestine.be\/wp-content\/uploads\/2018\/12\/delegation-belge-copy-300x225.jpg 300w, https:\/\/www.pourlapalestine.be\/wp-content\/uploads\/2018\/12\/delegation-belge-copy-70x53.jpg 70w\" alt=\"\" width=\"520\" height=\"390\"><\/p>\n<\/div>\n<\/div>\n<\/div>\n","protected":false},"excerpt":{"rendered":"<p>Pour la premi\u00e8re fois en 34 ans, l\u2019\u00c9tat libanais semble d\u00e9termin\u00e9 \u00e0 adopter officiellement la cause du\u00a0combattant Georges Ibrahim Abdallah.<\/p>\n","protected":false},"author":1,"featured_media":10621,"comment_status":"closed","ping_status":"closed","sticky":false,"template":"","format":"standard","meta":{"ngg_post_thumbnail":0,"footnotes":""},"categories":[136,14,191,391,13,363],"tags":[216],"class_list":["post-10617","post","type-post","status-publish","format-standard","has-post-thumbnail","hentry","category-france","category-georges-ibrahim-abdallah","category-liban","category-lutte-armee","category-les-prisionners-palestiniens","category-resistance","tag-georges-abdallah"],"yoast_head":"<!-- This site is optimized with the Yoast SEO plugin v27.3 - https:\/\/yoast.com\/product\/yoast-seo-wordpress\/ -->\n<title>Le pr\u00e9sident libanais s\u2019attache au dossier d&#039;Abdallah<\/title>\n<meta name=\"description\" content=\"Pour la premi\u00e8re fois en 34 ans, l\u2019\u00c9tat libanais semble d\u00e9termin\u00e9 \u00e0 adopter officiellement la cause du\u00a0combattant Georges Ibrahim Abdallah.\" \/>\n<meta name=\"robots\" content=\"index, follow, max-snippet:-1, max-image-preview:large, max-video-preview:-1\" \/>\n<link rel=\"canonical\" href=\"https:\/\/charleroi-pourlapalestine.be\/index.php\/2018\/12\/18\/le-president-libanais-sattache-au-dossier-de-georges-abdallah\/\" \/>\n<script type=\"application\/ld+json\" class=\"yoast-schema-graph\">{\"@context\":\"https:\\\/\\\/schema.org\",\"@graph\":[{\"@type\":\"Article\",\"@id\":\"https:\\\/\\\/charleroi-pourlapalestine.be\\\/index.php\\\/2018\\\/12\\\/18\\\/le-president-libanais-sattache-au-dossier-de-georges-abdallah\\\/#article\",\"isPartOf\":{\"@id\":\"https:\\\/\\\/charleroi-pourlapalestine.be\\\/index.php\\\/2018\\\/12\\\/18\\\/le-president-libanais-sattache-au-dossier-de-georges-abdallah\\\/\"},\"author\":{\"name\":\"admin1873\",\"@id\":\"https:\\\/\\\/charleroi-pourlapalestine.be\\\/#\\\/schema\\\/person\\\/c19ff515112f1299d8c12671d8fe3faa\"},\"headline\":\"Le pr\u00e9sident libanais s\u2019attache au dossier d&rsquo;Abdallah\",\"datePublished\":\"2018-12-18T12:53:00+00:00\",\"dateModified\":\"2020-04-10T12:04:25+00:00\",\"mainEntityOfPage\":{\"@id\":\"https:\\\/\\\/charleroi-pourlapalestine.be\\\/index.php\\\/2018\\\/12\\\/18\\\/le-president-libanais-sattache-au-dossier-de-georges-abdallah\\\/\"},\"wordCount\":644,\"publisher\":{\"@id\":\"https:\\\/\\\/charleroi-pourlapalestine.be\\\/#organization\"},\"image\":{\"@id\":\"https:\\\/\\\/charleroi-pourlapalestine.be\\\/index.php\\\/2018\\\/12\\\/18\\\/le-president-libanais-sattache-au-dossier-de-georges-abdallah\\\/#primaryimage\"},\"thumbnailUrl\":\"https:\\\/\\\/charleroi-pourlapalestine.be\\\/wp-content\\\/uploads\\\/2018\\\/12\\\/georges-liban-Copy-e1587625981832.jpg\",\"keywords\":[\"Georges Abdallah\"],\"articleSection\":[\"France\",\"Georges Abdallah\",\"Liban\",\"Lutte arm\u00e9e\",\"Prisonniers\",\"r\u00e9sistance\"],\"inLanguage\":\"fr-FR\"},{\"@type\":\"WebPage\",\"@id\":\"https:\\\/\\\/charleroi-pourlapalestine.be\\\/index.php\\\/2018\\\/12\\\/18\\\/le-president-libanais-sattache-au-dossier-de-georges-abdallah\\\/\",\"url\":\"https:\\\/\\\/charleroi-pourlapalestine.be\\\/index.php\\\/2018\\\/12\\\/18\\\/le-president-libanais-sattache-au-dossier-de-georges-abdallah\\\/\",\"name\":\"Le pr\u00e9sident libanais s\u2019attache au dossier d'Abdallah\",\"isPartOf\":{\"@id\":\"https:\\\/\\\/charleroi-pourlapalestine.be\\\/#website\"},\"primaryImageOfPage\":{\"@id\":\"https:\\\/\\\/charleroi-pourlapalestine.be\\\/index.php\\\/2018\\\/12\\\/18\\\/le-president-libanais-sattache-au-dossier-de-georges-abdallah\\\/#primaryimage\"},\"image\":{\"@id\":\"https:\\\/\\\/charleroi-pourlapalestine.be\\\/index.php\\\/2018\\\/12\\\/18\\\/le-president-libanais-sattache-au-dossier-de-georges-abdallah\\\/#primaryimage\"},\"thumbnailUrl\":\"https:\\\/\\\/charleroi-pourlapalestine.be\\\/wp-content\\\/uploads\\\/2018\\\/12\\\/georges-liban-Copy-e1587625981832.jpg\",\"datePublished\":\"2018-12-18T12:53:00+00:00\",\"dateModified\":\"2020-04-10T12:04:25+00:00\",\"description\":\"Pour la premi\u00e8re fois en 34 ans, l\u2019\u00c9tat libanais semble d\u00e9termin\u00e9 \u00e0 adopter officiellement la cause du\u00a0combattant Georges Ibrahim Abdallah.\",\"breadcrumb\":{\"@id\":\"https:\\\/\\\/charleroi-pourlapalestine.be\\\/index.php\\\/2018\\\/12\\\/18\\\/le-president-libanais-sattache-au-dossier-de-georges-abdallah\\\/#breadcrumb\"},\"inLanguage\":\"fr-FR\",\"potentialAction\":[{\"@type\":\"ReadAction\",\"target\":[\"https:\\\/\\\/charleroi-pourlapalestine.be\\\/index.php\\\/2018\\\/12\\\/18\\\/le-president-libanais-sattache-au-dossier-de-georges-abdallah\\\/\"]}]},{\"@type\":\"ImageObject\",\"inLanguage\":\"fr-FR\",\"@id\":\"https:\\\/\\\/charleroi-pourlapalestine.be\\\/index.php\\\/2018\\\/12\\\/18\\\/le-president-libanais-sattache-au-dossier-de-georges-abdallah\\\/#primaryimage\",\"url\":\"https:\\\/\\\/charleroi-pourlapalestine.be\\\/wp-content\\\/uploads\\\/2018\\\/12\\\/georges-liban-Copy-e1587625981832.jpg\",\"contentUrl\":\"https:\\\/\\\/charleroi-pourlapalestine.be\\\/wp-content\\\/uploads\\\/2018\\\/12\\\/georges-liban-Copy-e1587625981832.jpg\",\"width\":300,\"height\":160},{\"@type\":\"BreadcrumbList\",\"@id\":\"https:\\\/\\\/charleroi-pourlapalestine.be\\\/index.php\\\/2018\\\/12\\\/18\\\/le-president-libanais-sattache-au-dossier-de-georges-abdallah\\\/#breadcrumb\",\"itemListElement\":[{\"@type\":\"ListItem\",\"position\":1,\"name\":\"Accueil\",\"item\":\"https:\\\/\\\/charleroi-pourlapalestine.be\\\/\"},{\"@type\":\"ListItem\",\"position\":2,\"name\":\"Le pr\u00e9sident libanais s\u2019attache au dossier d&#8217;Abdallah\"}]},{\"@type\":\"WebSite\",\"@id\":\"https:\\\/\\\/charleroi-pourlapalestine.be\\\/#website\",\"url\":\"https:\\\/\\\/charleroi-pourlapalestine.be\\\/\",\"name\":\"Charleroi Pour la Palestine\",\"description\":\"\",\"publisher\":{\"@id\":\"https:\\\/\\\/charleroi-pourlapalestine.be\\\/#organization\"},\"potentialAction\":[{\"@type\":\"SearchAction\",\"target\":{\"@type\":\"EntryPoint\",\"urlTemplate\":\"https:\\\/\\\/charleroi-pourlapalestine.be\\\/?s={search_term_string}\"},\"query-input\":{\"@type\":\"PropertyValueSpecification\",\"valueRequired\":true,\"valueName\":\"search_term_string\"}}],\"inLanguage\":\"fr-FR\"},{\"@type\":\"Organization\",\"@id\":\"https:\\\/\\\/charleroi-pourlapalestine.be\\\/#organization\",\"name\":\"Plate-forme Charleroi-Palestine\",\"url\":\"https:\\\/\\\/charleroi-pourlapalestine.be\\\/\",\"logo\":{\"@type\":\"ImageObject\",\"inLanguage\":\"fr-FR\",\"@id\":\"https:\\\/\\\/charleroi-pourlapalestine.be\\\/#\\\/schema\\\/logo\\\/image\\\/\",\"url\":\"https:\\\/\\\/charleroi-pourlapalestine.be\\\/wp-content\\\/uploads\\\/2020\\\/01\\\/logo-Copy.jpg\",\"contentUrl\":\"https:\\\/\\\/charleroi-pourlapalestine.be\\\/wp-content\\\/uploads\\\/2020\\\/01\\\/logo-Copy.jpg\",\"width\":180,\"height\":180,\"caption\":\"Plate-forme Charleroi-Palestine\"},\"image\":{\"@id\":\"https:\\\/\\\/charleroi-pourlapalestine.be\\\/#\\\/schema\\\/logo\\\/image\\\/\"},\"sameAs\":[\"https:\\\/\\\/www.facebook.com\\\/PlateformeCharleroiPalestine\\\/\",\"https:\\\/\\\/x.com\\\/LaCharleroi\"]},{\"@type\":\"Person\",\"@id\":\"https:\\\/\\\/charleroi-pourlapalestine.be\\\/#\\\/schema\\\/person\\\/c19ff515112f1299d8c12671d8fe3faa\",\"name\":\"admin1873\",\"url\":\"https:\\\/\\\/charleroi-pourlapalestine.be\\\/index.php\\\/author\\\/admin1873\\\/\"}]}<\/script>\n<!-- \/ Yoast SEO plugin. -->","yoast_head_json":{"title":"Le pr\u00e9sident libanais s\u2019attache au dossier d'Abdallah","description":"Pour la premi\u00e8re fois en 34 ans, l\u2019\u00c9tat libanais semble d\u00e9termin\u00e9 \u00e0 adopter officiellement la cause du\u00a0combattant Georges Ibrahim Abdallah.","robots":{"index":"index","follow":"follow","max-snippet":"max-snippet:-1","max-image-preview":"max-image-preview:large","max-video-preview":"max-video-preview:-1"},"canonical":"https:\/\/charleroi-pourlapalestine.be\/index.php\/2018\/12\/18\/le-president-libanais-sattache-au-dossier-de-georges-abdallah\/","schema":{"@context":"https:\/\/schema.org","@graph":[{"@type":"Article","@id":"https:\/\/charleroi-pourlapalestine.be\/index.php\/2018\/12\/18\/le-president-libanais-sattache-au-dossier-de-georges-abdallah\/#article","isPartOf":{"@id":"https:\/\/charleroi-pourlapalestine.be\/index.php\/2018\/12\/18\/le-president-libanais-sattache-au-dossier-de-georges-abdallah\/"},"author":{"name":"admin1873","@id":"https:\/\/charleroi-pourlapalestine.be\/#\/schema\/person\/c19ff515112f1299d8c12671d8fe3faa"},"headline":"Le pr\u00e9sident libanais s\u2019attache au dossier d&rsquo;Abdallah","datePublished":"2018-12-18T12:53:00+00:00","dateModified":"2020-04-10T12:04:25+00:00","mainEntityOfPage":{"@id":"https:\/\/charleroi-pourlapalestine.be\/index.php\/2018\/12\/18\/le-president-libanais-sattache-au-dossier-de-georges-abdallah\/"},"wordCount":644,"publisher":{"@id":"https:\/\/charleroi-pourlapalestine.be\/#organization"},"image":{"@id":"https:\/\/charleroi-pourlapalestine.be\/index.php\/2018\/12\/18\/le-president-libanais-sattache-au-dossier-de-georges-abdallah\/#primaryimage"},"thumbnailUrl":"https:\/\/charleroi-pourlapalestine.be\/wp-content\/uploads\/2018\/12\/georges-liban-Copy-e1587625981832.jpg","keywords":["Georges Abdallah"],"articleSection":["France","Georges Abdallah","Liban","Lutte arm\u00e9e","Prisonniers","r\u00e9sistance"],"inLanguage":"fr-FR"},{"@type":"WebPage","@id":"https:\/\/charleroi-pourlapalestine.be\/index.php\/2018\/12\/18\/le-president-libanais-sattache-au-dossier-de-georges-abdallah\/","url":"https:\/\/charleroi-pourlapalestine.be\/index.php\/2018\/12\/18\/le-president-libanais-sattache-au-dossier-de-georges-abdallah\/","name":"Le pr\u00e9sident libanais s\u2019attache au dossier d'Abdallah","isPartOf":{"@id":"https:\/\/charleroi-pourlapalestine.be\/#website"},"primaryImageOfPage":{"@id":"https:\/\/charleroi-pourlapalestine.be\/index.php\/2018\/12\/18\/le-president-libanais-sattache-au-dossier-de-georges-abdallah\/#primaryimage"},"image":{"@id":"https:\/\/charleroi-pourlapalestine.be\/index.php\/2018\/12\/18\/le-president-libanais-sattache-au-dossier-de-georges-abdallah\/#primaryimage"},"thumbnailUrl":"https:\/\/charleroi-pourlapalestine.be\/wp-content\/uploads\/2018\/12\/georges-liban-Copy-e1587625981832.jpg","datePublished":"2018-12-18T12:53:00+00:00","dateModified":"2020-04-10T12:04:25+00:00","description":"Pour la premi\u00e8re fois en 34 ans, l\u2019\u00c9tat libanais semble d\u00e9termin\u00e9 \u00e0 adopter officiellement la cause du\u00a0combattant Georges Ibrahim Abdallah.","breadcrumb":{"@id":"https:\/\/charleroi-pourlapalestine.be\/index.php\/2018\/12\/18\/le-president-libanais-sattache-au-dossier-de-georges-abdallah\/#breadcrumb"},"inLanguage":"fr-FR","potentialAction":[{"@type":"ReadAction","target":["https:\/\/charleroi-pourlapalestine.be\/index.php\/2018\/12\/18\/le-president-libanais-sattache-au-dossier-de-georges-abdallah\/"]}]},{"@type":"ImageObject","inLanguage":"fr-FR","@id":"https:\/\/charleroi-pourlapalestine.be\/index.php\/2018\/12\/18\/le-president-libanais-sattache-au-dossier-de-georges-abdallah\/#primaryimage","url":"https:\/\/charleroi-pourlapalestine.be\/wp-content\/uploads\/2018\/12\/georges-liban-Copy-e1587625981832.jpg","contentUrl":"https:\/\/charleroi-pourlapalestine.be\/wp-content\/uploads\/2018\/12\/georges-liban-Copy-e1587625981832.jpg","width":300,"height":160},{"@type":"BreadcrumbList","@id":"https:\/\/charleroi-pourlapalestine.be\/index.php\/2018\/12\/18\/le-president-libanais-sattache-au-dossier-de-georges-abdallah\/#breadcrumb","itemListElement":[{"@type":"ListItem","position":1,"name":"Accueil","item":"https:\/\/charleroi-pourlapalestine.be\/"},{"@type":"ListItem","position":2,"name":"Le pr\u00e9sident libanais s\u2019attache au dossier d&#8217;Abdallah"}]},{"@type":"WebSite","@id":"https:\/\/charleroi-pourlapalestine.be\/#website","url":"https:\/\/charleroi-pourlapalestine.be\/","name":"Charleroi Pour la Palestine","description":"","publisher":{"@id":"https:\/\/charleroi-pourlapalestine.be\/#organization"},"potentialAction":[{"@type":"SearchAction","target":{"@type":"EntryPoint","urlTemplate":"https:\/\/charleroi-pourlapalestine.be\/?s={search_term_string}"},"query-input":{"@type":"PropertyValueSpecification","valueRequired":true,"valueName":"search_term_string"}}],"inLanguage":"fr-FR"},{"@type":"Organization","@id":"https:\/\/charleroi-pourlapalestine.be\/#organization","name":"Plate-forme Charleroi-Palestine","url":"https:\/\/charleroi-pourlapalestine.be\/","logo":{"@type":"ImageObject","inLanguage":"fr-FR","@id":"https:\/\/charleroi-pourlapalestine.be\/#\/schema\/logo\/image\/","url":"https:\/\/charleroi-pourlapalestine.be\/wp-content\/uploads\/2020\/01\/logo-Copy.jpg","contentUrl":"https:\/\/charleroi-pourlapalestine.be\/wp-content\/uploads\/2020\/01\/logo-Copy.jpg","width":180,"height":180,"caption":"Plate-forme Charleroi-Palestine"},"image":{"@id":"https:\/\/charleroi-pourlapalestine.be\/#\/schema\/logo\/image\/"},"sameAs":["https:\/\/www.facebook.com\/PlateformeCharleroiPalestine\/","https:\/\/x.com\/LaCharleroi"]},{"@type":"Person","@id":"https:\/\/charleroi-pourlapalestine.be\/#\/schema\/person\/c19ff515112f1299d8c12671d8fe3faa","name":"admin1873","url":"https:\/\/charleroi-pourlapalestine.be\/index.php\/author\/admin1873\/"}]}},"_links":{"self":[{"href":"https:\/\/charleroi-pourlapalestine.be\/index.php\/wp-json\/wp\/v2\/posts\/10617","targetHints":{"allow":["GET"]}}],"collection":[{"href":"https:\/\/charleroi-pourlapalestine.be\/index.php\/wp-json\/wp\/v2\/posts"}],"about":[{"href":"https:\/\/charleroi-pourlapalestine.be\/index.php\/wp-json\/wp\/v2\/types\/post"}],"author":[{"embeddable":true,"href":"https:\/\/charleroi-pourlapalestine.be\/index.php\/wp-json\/wp\/v2\/users\/1"}],"replies":[{"embeddable":true,"href":"https:\/\/charleroi-pourlapalestine.be\/index.php\/wp-json\/wp\/v2\/comments?post=10617"}],"version-history":[{"count":0,"href":"https:\/\/charleroi-pourlapalestine.be\/index.php\/wp-json\/wp\/v2\/posts\/10617\/revisions"}],"wp:featuredmedia":[{"embeddable":true,"href":"https:\/\/charleroi-pourlapalestine.be\/index.php\/wp-json\/wp\/v2\/media\/10621"}],"wp:attachment":[{"href":"https:\/\/charleroi-pourlapalestine.be\/index.php\/wp-json\/wp\/v2\/media?parent=10617"}],"wp:term":[{"taxonomy":"category","embeddable":true,"href":"https:\/\/charleroi-pourlapalestine.be\/index.php\/wp-json\/wp\/v2\/categories?post=10617"},{"taxonomy":"post_tag","embeddable":true,"href":"https:\/\/charleroi-pourlapalestine.be\/index.php\/wp-json\/wp\/v2\/tags?post=10617"}],"curies":[{"name":"wp","href":"https:\/\/api.w.org\/{rel}","templated":true}]}}