{"id":11829,"date":"2016-05-05T09:49:00","date_gmt":"2016-05-05T07:49:00","guid":{"rendered":"https:\/\/charleroi-pourlapalestine.be\/?p=11829"},"modified":"2024-12-12T10:36:59","modified_gmt":"2024-12-12T09:36:59","slug":"ilan-pappe-ne-cedons-pas-a-lintimidation-disrael-sur-lantisemitisme","status":"publish","type":"post","link":"https:\/\/charleroi-pourlapalestine.be\/index.php\/2016\/05\/05\/ilan-pappe-ne-cedons-pas-a-lintimidation-disrael-sur-lantisemitisme\/","title":{"rendered":"Ilan Papp\u00e9 : \u201cNe c\u00e9dons pas \u00e0 l\u2019intimidation d\u2019Isra\u00ebl sur l\u2019antis\u00e9mitisme\u201d"},"content":{"rendered":"\n<h1 class=\"wp-block-heading\"><\/h1>\n\n\n\n<p>Il arrive un moment dans le combat d\u2019un mouvement o\u00f9 le succ\u00e8s est \u00e0 la fois gratifiant et tr\u00e8s dangereux. En Afrique du Sud, le r\u00e9gime d\u2019apartheid poursuivait ses politiques les plus cruelles et meurtri\u00e8res peu de temps avant sa chute. Si vous ne menacez pas sp\u00e9cifiquement un r\u00e9gime ou un \u00c9tat injuste et ses partisans, ceux-ci vous ignorent et ne ressentent pas le besoin de vous affronter&nbsp;; si v<strong>ous mettez le doigt sur le probl\u00e8me, cela entra\u00eene une r\u00e9action.<\/strong><\/p>\n\n\n\n<p>C\u2019est ce qu\u2019il s\u2019est pass\u00e9 avec le mouvement Boycott, d\u00e9sinvestissement et sanctions (<strong>BDS<\/strong>). Ce mouvement est le prolongement logique de l\u2019excellent travail pr\u00e9alablement r\u00e9alis\u00e9 par l\u2019ensemble des groupes et comit\u00e9s de solidarit\u00e9 avec la Palestine. <\/p>\n\n\n\n<p>Il fait preuve d\u2019un soutien ferme et ind\u00e9fectible envers le peuple palestinien gr\u00e2ce \u00e0 des relations directes avec d\u2019authentiques repr\u00e9sentants des communaut\u00e9s palestiniennes en Palestine et \u00e0 l\u2019\u00e9tranger.<\/p>\n\n\n\n<p> Jusqu\u2019\u00e0 r\u00e9cemment, Isra\u00ebl consid\u00e9rait qu\u2019il s\u2019agissait d\u2019un d\u00e9veloppement marginal et inefficace; certains partisans de la Palestine eux-m\u00eames s\u2019opposaient au <strong>BDS<\/strong> pour la m\u00eame raison&nbsp;: son inefficacit\u00e9.<\/p>\n\n\n\n<p>Mais il semble toutefois que le mouvement ait d\u00e9pass\u00e9 les attentes de ses propres fondateurs en ce qui concerne son efficacit\u00e9. Cela n\u2019a rien de surprenant&nbsp;: il refl\u00e8te un renouveau g\u00e9n\u00e9ral de la politique, comme en t\u00e9moignent les jeunes \u00e9lecteurs qui ont vot\u00e9 pour <strong>Jeremy Corbyn<\/strong> au Royaume-Uni et pour <strong>Bernie Sanders<\/strong> aux \u00c9tats-Unis. <\/p>\n\n\n\n<p>Cette recherche d\u2019une politique plus saine et plus \u00e9thique qui ose remettre en cause la configuration n\u00e9olib\u00e9rale de l\u2019\u00e9conomie et de la politique occidentales a paradoxalement pouss\u00e9 ces jeunes gens \u00e0 soutenir deux vieux messieurs qui repr\u00e9sentent une forme pure de la politique.<\/p>\n\n\n\n<p>Cette politique plus pure entra\u00eene dans son sillage un solide soutien au peuple palestinien. Aujourd\u2019hui, la seule fa\u00e7on d\u2019exprimer son soutien aux Palestiniens en dehors de la Palestine est le <strong>BDS<\/strong>. <\/p>\n\n\n\n<p>Au Royaume-Uni, cette logique est comprise par ceux qui ont vot\u00e9 pour <strong>Jeremy Corbyn<\/strong> et par ceux qui s\u2019engagent par ailleurs pour des causes telles que la justice sociale, les strat\u00e9gies \u00e9cologiques et les droits de l\u2019homme et des autochtones.<\/p>\n\n\n\n<p>Certains membres des \u00e9lites politiques et de la classe dirigeante occupant des fonctions tr\u00e8s \u00e9lev\u00e9es expriment un soutien clair et d\u00e9complex\u00e9 envers la Palestine. <\/p>\n\n\n\n<p>\u00c0 quel moment le chef de l\u2019opposition britannique et le candidat pr\u00e9sidentiel am\u00e9ricain ont-ils manifest\u00e9 un tel soutien&nbsp;? <\/p>\n\n\n\n<p>M\u00eame si le soutien du second est plut\u00f4t ch\u00e9tif et timide, dans la sph\u00e8re politique am\u00e9ricaine, un candidat qui se permet de ne pas assister \u00e0 la conf\u00e9rence de l\u2019<strong>AIPAC<\/strong> [1] sans provoquer de cataclysme constitue une r\u00e9volution.<\/p>\n\n\n\n<p>Voici la toile de fond de l\u2019attaque violente que subissent actuellement le Parti travailliste britannique et <strong>Jeremy Corbyn<\/strong>. Tout ce que les sionistes britanniques d\u00e9signent comme une expression d\u2019antis\u00e9mitisme, c\u2019est-\u00e0-dire, la plupart du temps, des critiques l\u00e9gitimes \u00e0 l\u2019encontre d\u2019Isra\u00ebl, a d\u00e9j\u00e0 \u00e9t\u00e9 dit au cours des cinquante derni\u00e8res ann\u00e9es. <\/p>\n\n\n\n<p>Le lobby sioniste britannique, supervis\u00e9 directement par Isra\u00ebl, y a recours car la position clairement antisioniste du BDS a atteint les \u00e9chelons sup\u00e9rieurs. Les sionistes sont v\u00e9ritablement terrifi\u00e9s par ce d\u00e9veloppement. F\u00e9licitations au mouvement <strong>BDS<\/strong>&nbsp;!<\/p>\n\n\n\n<p>Il faut admettre que la r\u00e9action est forte et brutale. Toutefois, le fait de capituler en suspendant des membres de partis, en cong\u00e9diant des repr\u00e9sentants \u00e9tudiants et en s\u2019excusant inutilement pour des crimes qui n\u2019ont pas \u00e9t\u00e9 commis n\u2019est pas la bonne m\u00e9thode pour y faire face. <\/p>\n\n\n\n<p>Nous menons un combat pour que la Palestine et Isra\u00ebl soient libres et d\u00e9mocratiques&nbsp;: la peur de l\u2019intimidation sioniste n\u2019est pas la marche \u00e0 suivre.<\/p>\n\n\n\n<p>Les jours \u00e0 venir seront tr\u00e8s \u00e9prouvants et nous devrons non seulement \u00eatre patients mais aussi retourner \u00e0 la tribune, sur les sites web, \u00e0 la radio et \u00e0 la t\u00e9l\u00e9vision pour expliquer de nouveau ce qui est \u00e9vident pour bon nombre d\u2019entre nous&nbsp;: le sionisme n\u2019est pas le juda\u00efsme et l\u2019antisionisme n\u2019est pas synonyme d\u2019antis\u00e9mitisme.<\/p>\n\n\n\n<p>Le sionisme n\u2019a pas \u00e9t\u00e9 le rem\u00e8de au pire \u00e9pisode antis\u00e9mite qu\u2019a v\u00e9cu l\u2019Europe&nbsp;: l\u2019Holocauste. Le sionisme n\u2019a pas \u00e9t\u00e9 la bonne r\u00e9ponse \u00e0 cette atrocit\u00e9. En r\u00e9alit\u00e9, lorsque les dirigeants europ\u00e9ens ont apport\u00e9 leur soutien au sionisme sans l\u2019ombre d\u2019une h\u00e9sitation, leurs motivations \u00e9taient bien souvent antis\u00e9mites. <\/p>\n\n\n\n<p>Comment expliquer autrement que l\u2019Europe n\u2019ait rien fait alors que le r\u00e9gime nazi exterminait les juifs et qu\u2019elle ait demand\u00e9 pardon en soutenant un nouveau plan visant \u00e0 se d\u00e9barrasser des juifs en les envoyant coloniser la Palestine&nbsp;? Rien de surpre\u00adnant \u00e0 ce que cette logique absurde n\u2019ait pas mis un terme \u00e0 cet \u00e9lan antis\u00e9mite. Elle l\u2019a plut\u00f4t entretenu.<\/p>\n\n\n\n<p>Mais cette histoire appartient au pass\u00e9. Les colons juifs et les Palestiniens indig\u00e8nes partagent un territoire et continu\u00aderont de le faire \u00e0 l\u2019avenir. <\/p>\n\n\n\n<p>La meilleure fa\u00e7on de lutter contre l\u2019antis\u00e9mitisme aujourd\u2019hui consiste \u00e0 faire de ce territoire un \u00c9tat libre et d\u00e9mocratique reposant autant que possible sur des principes \u00e9conomiques, sociaux et politiques justes et \u00e9quitables. <\/p>\n\n\n\n<p>Il s\u2019agira d\u2019une transformation complexe et douloureuse de la r\u00e9alit\u00e9 sur le terrain dont la mise en \u0153uvre prendra peut-\u00eatre des d\u00e9cennies. Mais il est urgent de commencer \u00e0 l\u2019\u00e9voquer clairement, sans peur, sans apolog\u00e9tique inutile ni fausse r\u00e9f\u00e9rence \u00e0 la realpolitik.<\/p>\n\n\n\n<p><strong>Jeremy Corbin<\/strong> trouvera peut-\u00eatre difficile de sensibiliser son parti \u00e0 la n\u00e9cessit\u00e9 d\u2019adopter un discours honn\u00eate et \u00e9thique sur la Palestine. Il a d\u00e9j\u00e0 tant fait pour cette cause que nous devons \u00eatre patients, m\u00eame si certaines de ses r\u00e9actions et celles de son parti sont d\u00e9cevantes (malgr\u00e9 le fait qu\u2019il soit de toute fa\u00e7on \u00e9vident que les r\u00e9centes disputes au sein du Parti travailliste pour des questions d\u2019antis\u00e9mitisme r\u00e9sultent principalement d\u2019une tentative des blairistes du parti, qui ont toujours \u00e9t\u00e9 \u00e0 la botte des sionistes, pour discr\u00e9diter <strong>Jeremy Corbyn<\/strong> au m\u00eame titre qu\u2019Isra\u00ebl les utilise dans un effort d\u00e9sesp\u00e9r\u00e9 pour mettre un terme au basculement massif de l\u2019opinion publique britannique en sa d\u00e9faveur).<\/p>\n\n\n\n<p>Mais l\u00e0 n\u2019est pas le probl\u00e8me. Ce que l\u2019avenir nous r\u00e9serve est bien plus important que la sc\u00e8ne politique nationale britannique. Ce qui importe vraiment, c\u2019est de reconna\u00eetre qu\u2019une nouvelle \u00e9tape a \u00e9t\u00e9 franchie en Grande-Bretagne comme aux \u00c9tats-Unis dans la lutte pour la paix, la justice et la r\u00e9conciliation en Palestine. Ce combat ne remplace pas celui qui a lieu sur le terrain, mais il le valorise et lui donne plus de poids.<\/p>\n\n\n\n<p>En r\u00e9alit\u00e9, nous nous trouvons face \u00e0 un ensemble de combats in\u00e9vitables&nbsp;: contre les l\u00e9gislateurs qui sont intimid\u00e9s ou soudoy\u00e9s par Isra\u00ebl&nbsp;; contre les juges et les policiers qui sont contraints de respecter de nouvelles lois injustes et ridicules qui condamneront le <strong>BDS<\/strong> pour antis\u00e9mitisme (et nous savons d\u00e9j\u00e0 que bon nombre d\u2019entre eux trouvent ces directives ridicules); contre les directions des universit\u00e9s qui s\u2019inclineront face \u00e0 l\u2019intimidation et \u00e0 la pression; et contre les journaux et les soci\u00e9t\u00e9s audiovisuelles qui enfreindront leur code d\u2019\u00e9thique et trahiront leurs engagements professionnels face \u00e0 la nouvelle contre-attaque.<\/p>\n\n\n\n<p>La lutte sur le terrain en Palestine est bien plus difficile, bien plus dangereuse et requiert de lourds sacrifices que l\u2019on ne nous demande pas d\u2019endurer en Occident.<\/p>\n\n\n\n<p> La moindre des choses est de ne pas \u00eatre nous-m\u00eames intimid\u00e9s par des accusations absurdes et d\u2019\u00eatre assur\u00e9s que de nos jours, la lutte contre l\u2019islamophobie, contre les dangers du n\u00e9olib\u00e9ralisme, pour les droits des peuples autochtones du monde entier et pour la Palestine constituent un seul et m\u00eame combat.<\/p>\n\n\n\n<p>Cette campagne ne concerne pas uniquement les musulmans britanniques, les exil\u00e9s palestiniens en Europe, les vieux gauchistes am\u00e9ricains et les antisionistes en Isra\u00ebl. <\/p>\n\n\n\n<p>Elle fait partie d\u2019un mouvement bien plus vaste qui a amen\u00e9 de nouveaux partis au pouvoir en Gr\u00e8ce, en Espagne et au Portugal, de nouvelles valeurs au sein du Parti travailliste et des opinions diff\u00e9rentes au sein du Parti d\u00e9mocrate aux \u00c9tats-Unis.<\/p>\n\n\n\n<p>Nous ne devons pas nous inqui\u00e9ter des nouveaux projets de loi, des nouvelles directives de la police ou de l\u2019hyst\u00e9rie m\u00e9diatique. M\u00eame l\u2019attitude l\u00e2che du Parti travailliste avec son \u00e9puration de conseillers ne doit pas nous d\u00e9tourner des accomplissements dans la lutte pour conqu\u00e9rir l\u2019opinion et le c\u0153ur du public en faveur de la Palestine.<\/p>\n\n\n\n<p>La perspective rev\u00eat aujourd\u2019hui une importance capitale. Si Isra\u00ebl pense qu\u2019il peut impun\u00e9ment d\u00e9signer <strong>Mark Regev<\/strong>, le visage public de sa politique criminelle \u00e0 Gaza, comme ambassadeur \u00e0 Londres et que l\u2019ambassadeur isra\u00e9lien \u00e0 Washington peut d\u00e9cider de combattre le <strong>BDS<\/strong> en envoyant des produits provenant de Cisjordanie occup\u00e9e \u00e0 tous les d\u00e9l\u00e9gu\u00e9s et les s\u00e9nateurs du Congr\u00e8s, enfreignant ainsi purement et simplement la l\u00e9gislation am\u00e9ricaine, cela ne signifie pas qu\u2019Isra\u00ebl est invincible, mais plut\u00f4t qu\u2019il constitue un syst\u00e8me politique idiot incapable d\u2019appr\u00e9hender le cours de l\u2019histoire.<\/p>\n\n\n\n<p>Comme toutes les phobies, la palestinophobie peut intimider et paralyser, mais elle peut aussi \u00eatre mise en \u00e9chec, particuli\u00e8rement au cours de la p\u00e9riode exceptionnelle dans laquelle nous vivons. <\/p>\n\n\n\n<p>Nous qui nous trouvons dans la zone de confort occidentale ne devons pas battre en retraite ou c\u00e9der aux fausses accusations d\u2019antis\u00e9mitisme des anglo-sionistes, des hommes politiques l\u00e2ches et des journalistes cyniques. Il est temps de riposter au tribunal, sur les places, au Parlement et dans les m\u00e9dias.<\/p>\n\n\n\n<hr class=\"wp-block-separator has-css-opacity\"\/>\n\n\n\n<p>[1] American Israel Public Affairs Committee : puissant lobby aux \u00c9tats-Unis visant \u00e0 soutenir Isra\u00ebl et l\u2019id\u00e9ologie sioniste<\/p>\n\n\n<div class=\"wp-block-image\">\n<figure class=\"alignleft\"><img decoding=\"async\" src=\"https:\/\/www.pourlapalestine.be\/wp-content\/uploads\/2015\/10\/Ilan_Pappe-483x322-150x150.jpg\" alt=\"Ilan Papp\u00e9\" class=\"wp-image-3619\"\/><figcaption class=\"wp-element-caption\">Ilan Papp\u00e9<\/figcaption><\/figure>\n<\/div>\n\n\n<p><strong>Ilan Papp\u00e9<\/strong> est professeur d\u2019histoire, directeur du Centre europ\u00e9en pour les \u00e9tudes palestiniennes et co-directeur du Centre d\u2019\u00e9tudes ethno-politiques \u00e0 l\u2019Universit\u00e9 d\u2019Exeter.<\/p>\n\n\n\n<p><a href=\"https:\/\/charleroi-pourlapalestine.be\/index.php\/tag\/ilan-pappe\/\">Plusieurs autres articles de Ilan Papp\u00e9 sont disponibles en fran\u00e7ais sur ce site<\/a><\/p>\n\n\n\n<p>L\u2019original publi\u00e9 par <a href=\"http:\/\/www.middleeasteye.net\/fr\" target=\"_blank\" rel=\"noreferrer noopener\">Middle Eest Eye<\/a> a \u00e9t\u00e9 traduit de l\u2019anglais par VECTranslation.<\/p>\n","protected":false},"excerpt":{"rendered":"<p>Ilan Papp\u00e9 : Nous qui nous trouvons dans la zone de confort occidentale ne devons pas battre en retraite ou c\u00e9der aux fausses accusations d\u2019antis\u00e9mitisme <\/p>\n","protected":false},"author":1,"featured_media":0,"comment_status":"closed","ping_status":"closed","sticky":false,"template":"","format":"standard","meta":{"ngg_post_thumbnail":0,"footnotes":""},"categories":[160,44,90,342,382,95,161,162],"tags":[],"class_list":["post-11829","post","type-post","status-publish","format-standard","hentry","category-antisemitisme","category-lappartheid","category-bds","category-extreme-droite","category-grande-bretagne","category-hasbara-propagande-israelienne","category-lobby","category-medias"],"yoast_head":"<!-- This site is optimized with the Yoast SEO plugin v27.3 - https:\/\/yoast.com\/product\/yoast-seo-wordpress\/ -->\n<title>Ilan Papp\u00e9 : \u201cNe c\u00e9dons pas \u00e0 l\u2019intimidation d\u2019Isra\u00ebl sur l\u2019antis\u00e9mitisme\u201d<\/title>\n<meta name=\"description\" content=\"Papp\u00e9 : Nous qui nous trouvons dans la zone de confort occidentale ne devons pas battre en retraite ou c\u00e9der aux fausses accusations d\u2019antis\u00e9mitisme\" \/>\n<meta name=\"robots\" content=\"index, follow, max-snippet:-1, max-image-preview:large, max-video-preview:-1\" \/>\n<link rel=\"canonical\" href=\"https:\/\/charleroi-pourlapalestine.be\/index.php\/2016\/05\/05\/ilan-pappe-ne-cedons-pas-a-lintimidation-disrael-sur-lantisemitisme\/\" \/>\n<script type=\"application\/ld+json\" class=\"yoast-schema-graph\">{\"@context\":\"https:\\\/\\\/schema.org\",\"@graph\":[{\"@type\":\"Article\",\"@id\":\"https:\\\/\\\/charleroi-pourlapalestine.be\\\/index.php\\\/2016\\\/05\\\/05\\\/ilan-pappe-ne-cedons-pas-a-lintimidation-disrael-sur-lantisemitisme\\\/#article\",\"isPartOf\":{\"@id\":\"https:\\\/\\\/charleroi-pourlapalestine.be\\\/index.php\\\/2016\\\/05\\\/05\\\/ilan-pappe-ne-cedons-pas-a-lintimidation-disrael-sur-lantisemitisme\\\/\"},\"author\":{\"name\":\"admin1873\",\"@id\":\"https:\\\/\\\/charleroi-pourlapalestine.be\\\/#\\\/schema\\\/person\\\/c19ff515112f1299d8c12671d8fe3faa\"},\"headline\":\"Ilan Papp\u00e9 : \u201cNe c\u00e9dons pas \u00e0 l\u2019intimidation d\u2019Isra\u00ebl sur l\u2019antis\u00e9mitisme\u201d\",\"datePublished\":\"2016-05-05T07:49:00+00:00\",\"dateModified\":\"2024-12-12T09:36:59+00:00\",\"mainEntityOfPage\":{\"@id\":\"https:\\\/\\\/charleroi-pourlapalestine.be\\\/index.php\\\/2016\\\/05\\\/05\\\/ilan-pappe-ne-cedons-pas-a-lintimidation-disrael-sur-lantisemitisme\\\/\"},\"wordCount\":1809,\"publisher\":{\"@id\":\"https:\\\/\\\/charleroi-pourlapalestine.be\\\/#organization\"},\"image\":{\"@id\":\"https:\\\/\\\/charleroi-pourlapalestine.be\\\/index.php\\\/2016\\\/05\\\/05\\\/ilan-pappe-ne-cedons-pas-a-lintimidation-disrael-sur-lantisemitisme\\\/#primaryimage\"},\"thumbnailUrl\":\"https:\\\/\\\/www.pourlapalestine.be\\\/wp-content\\\/uploads\\\/2015\\\/10\\\/Ilan_Pappe-483x322-150x150.jpg\",\"articleSection\":[\"Antis\u00e9mitisme comme chantage\",\"Apartheid\",\"BDS\",\"Extr\u00eame droite\",\"Grande Bretagne\",\"Hasbara\",\"Lobby\",\"M\u00e9dias\"],\"inLanguage\":\"fr-FR\"},{\"@type\":\"WebPage\",\"@id\":\"https:\\\/\\\/charleroi-pourlapalestine.be\\\/index.php\\\/2016\\\/05\\\/05\\\/ilan-pappe-ne-cedons-pas-a-lintimidation-disrael-sur-lantisemitisme\\\/\",\"url\":\"https:\\\/\\\/charleroi-pourlapalestine.be\\\/index.php\\\/2016\\\/05\\\/05\\\/ilan-pappe-ne-cedons-pas-a-lintimidation-disrael-sur-lantisemitisme\\\/\",\"name\":\"Ilan Papp\u00e9 : \u201cNe c\u00e9dons pas \u00e0 l\u2019intimidation d\u2019Isra\u00ebl sur l\u2019antis\u00e9mitisme\u201d\",\"isPartOf\":{\"@id\":\"https:\\\/\\\/charleroi-pourlapalestine.be\\\/#website\"},\"primaryImageOfPage\":{\"@id\":\"https:\\\/\\\/charleroi-pourlapalestine.be\\\/index.php\\\/2016\\\/05\\\/05\\\/ilan-pappe-ne-cedons-pas-a-lintimidation-disrael-sur-lantisemitisme\\\/#primaryimage\"},\"image\":{\"@id\":\"https:\\\/\\\/charleroi-pourlapalestine.be\\\/index.php\\\/2016\\\/05\\\/05\\\/ilan-pappe-ne-cedons-pas-a-lintimidation-disrael-sur-lantisemitisme\\\/#primaryimage\"},\"thumbnailUrl\":\"https:\\\/\\\/www.pourlapalestine.be\\\/wp-content\\\/uploads\\\/2015\\\/10\\\/Ilan_Pappe-483x322-150x150.jpg\",\"datePublished\":\"2016-05-05T07:49:00+00:00\",\"dateModified\":\"2024-12-12T09:36:59+00:00\",\"description\":\"Papp\u00e9 : Nous qui nous trouvons dans la zone de confort occidentale ne devons pas battre en retraite ou c\u00e9der aux fausses accusations d\u2019antis\u00e9mitisme\",\"breadcrumb\":{\"@id\":\"https:\\\/\\\/charleroi-pourlapalestine.be\\\/index.php\\\/2016\\\/05\\\/05\\\/ilan-pappe-ne-cedons-pas-a-lintimidation-disrael-sur-lantisemitisme\\\/#breadcrumb\"},\"inLanguage\":\"fr-FR\",\"potentialAction\":[{\"@type\":\"ReadAction\",\"target\":[\"https:\\\/\\\/charleroi-pourlapalestine.be\\\/index.php\\\/2016\\\/05\\\/05\\\/ilan-pappe-ne-cedons-pas-a-lintimidation-disrael-sur-lantisemitisme\\\/\"]}]},{\"@type\":\"ImageObject\",\"inLanguage\":\"fr-FR\",\"@id\":\"https:\\\/\\\/charleroi-pourlapalestine.be\\\/index.php\\\/2016\\\/05\\\/05\\\/ilan-pappe-ne-cedons-pas-a-lintimidation-disrael-sur-lantisemitisme\\\/#primaryimage\",\"url\":\"https:\\\/\\\/www.pourlapalestine.be\\\/wp-content\\\/uploads\\\/2015\\\/10\\\/Ilan_Pappe-483x322-150x150.jpg\",\"contentUrl\":\"https:\\\/\\\/www.pourlapalestine.be\\\/wp-content\\\/uploads\\\/2015\\\/10\\\/Ilan_Pappe-483x322-150x150.jpg\"},{\"@type\":\"BreadcrumbList\",\"@id\":\"https:\\\/\\\/charleroi-pourlapalestine.be\\\/index.php\\\/2016\\\/05\\\/05\\\/ilan-pappe-ne-cedons-pas-a-lintimidation-disrael-sur-lantisemitisme\\\/#breadcrumb\",\"itemListElement\":[{\"@type\":\"ListItem\",\"position\":1,\"name\":\"Accueil\",\"item\":\"https:\\\/\\\/charleroi-pourlapalestine.be\\\/\"},{\"@type\":\"ListItem\",\"position\":2,\"name\":\"Ilan Papp\u00e9 : \u201cNe c\u00e9dons pas \u00e0 l\u2019intimidation d\u2019Isra\u00ebl sur l\u2019antis\u00e9mitisme\u201d\"}]},{\"@type\":\"WebSite\",\"@id\":\"https:\\\/\\\/charleroi-pourlapalestine.be\\\/#website\",\"url\":\"https:\\\/\\\/charleroi-pourlapalestine.be\\\/\",\"name\":\"Charleroi Pour la Palestine\",\"description\":\"\",\"publisher\":{\"@id\":\"https:\\\/\\\/charleroi-pourlapalestine.be\\\/#organization\"},\"potentialAction\":[{\"@type\":\"SearchAction\",\"target\":{\"@type\":\"EntryPoint\",\"urlTemplate\":\"https:\\\/\\\/charleroi-pourlapalestine.be\\\/?s={search_term_string}\"},\"query-input\":{\"@type\":\"PropertyValueSpecification\",\"valueRequired\":true,\"valueName\":\"search_term_string\"}}],\"inLanguage\":\"fr-FR\"},{\"@type\":\"Organization\",\"@id\":\"https:\\\/\\\/charleroi-pourlapalestine.be\\\/#organization\",\"name\":\"Plate-forme Charleroi-Palestine\",\"url\":\"https:\\\/\\\/charleroi-pourlapalestine.be\\\/\",\"logo\":{\"@type\":\"ImageObject\",\"inLanguage\":\"fr-FR\",\"@id\":\"https:\\\/\\\/charleroi-pourlapalestine.be\\\/#\\\/schema\\\/logo\\\/image\\\/\",\"url\":\"https:\\\/\\\/charleroi-pourlapalestine.be\\\/wp-content\\\/uploads\\\/2020\\\/01\\\/logo-Copy.jpg\",\"contentUrl\":\"https:\\\/\\\/charleroi-pourlapalestine.be\\\/wp-content\\\/uploads\\\/2020\\\/01\\\/logo-Copy.jpg\",\"width\":180,\"height\":180,\"caption\":\"Plate-forme Charleroi-Palestine\"},\"image\":{\"@id\":\"https:\\\/\\\/charleroi-pourlapalestine.be\\\/#\\\/schema\\\/logo\\\/image\\\/\"},\"sameAs\":[\"https:\\\/\\\/www.facebook.com\\\/PlateformeCharleroiPalestine\\\/\",\"https:\\\/\\\/x.com\\\/LaCharleroi\"]},{\"@type\":\"Person\",\"@id\":\"https:\\\/\\\/charleroi-pourlapalestine.be\\\/#\\\/schema\\\/person\\\/c19ff515112f1299d8c12671d8fe3faa\",\"name\":\"admin1873\",\"url\":\"https:\\\/\\\/charleroi-pourlapalestine.be\\\/index.php\\\/author\\\/admin1873\\\/\"}]}<\/script>\n<!-- \/ Yoast SEO plugin. -->","yoast_head_json":{"title":"Ilan Papp\u00e9 : \u201cNe c\u00e9dons pas \u00e0 l\u2019intimidation d\u2019Isra\u00ebl sur l\u2019antis\u00e9mitisme\u201d","description":"Papp\u00e9 : Nous qui nous trouvons dans la zone de confort occidentale ne devons pas battre en retraite ou c\u00e9der aux fausses accusations d\u2019antis\u00e9mitisme","robots":{"index":"index","follow":"follow","max-snippet":"max-snippet:-1","max-image-preview":"max-image-preview:large","max-video-preview":"max-video-preview:-1"},"canonical":"https:\/\/charleroi-pourlapalestine.be\/index.php\/2016\/05\/05\/ilan-pappe-ne-cedons-pas-a-lintimidation-disrael-sur-lantisemitisme\/","schema":{"@context":"https:\/\/schema.org","@graph":[{"@type":"Article","@id":"https:\/\/charleroi-pourlapalestine.be\/index.php\/2016\/05\/05\/ilan-pappe-ne-cedons-pas-a-lintimidation-disrael-sur-lantisemitisme\/#article","isPartOf":{"@id":"https:\/\/charleroi-pourlapalestine.be\/index.php\/2016\/05\/05\/ilan-pappe-ne-cedons-pas-a-lintimidation-disrael-sur-lantisemitisme\/"},"author":{"name":"admin1873","@id":"https:\/\/charleroi-pourlapalestine.be\/#\/schema\/person\/c19ff515112f1299d8c12671d8fe3faa"},"headline":"Ilan Papp\u00e9 : \u201cNe c\u00e9dons pas \u00e0 l\u2019intimidation d\u2019Isra\u00ebl sur l\u2019antis\u00e9mitisme\u201d","datePublished":"2016-05-05T07:49:00+00:00","dateModified":"2024-12-12T09:36:59+00:00","mainEntityOfPage":{"@id":"https:\/\/charleroi-pourlapalestine.be\/index.php\/2016\/05\/05\/ilan-pappe-ne-cedons-pas-a-lintimidation-disrael-sur-lantisemitisme\/"},"wordCount":1809,"publisher":{"@id":"https:\/\/charleroi-pourlapalestine.be\/#organization"},"image":{"@id":"https:\/\/charleroi-pourlapalestine.be\/index.php\/2016\/05\/05\/ilan-pappe-ne-cedons-pas-a-lintimidation-disrael-sur-lantisemitisme\/#primaryimage"},"thumbnailUrl":"https:\/\/www.pourlapalestine.be\/wp-content\/uploads\/2015\/10\/Ilan_Pappe-483x322-150x150.jpg","articleSection":["Antis\u00e9mitisme comme chantage","Apartheid","BDS","Extr\u00eame droite","Grande Bretagne","Hasbara","Lobby","M\u00e9dias"],"inLanguage":"fr-FR"},{"@type":"WebPage","@id":"https:\/\/charleroi-pourlapalestine.be\/index.php\/2016\/05\/05\/ilan-pappe-ne-cedons-pas-a-lintimidation-disrael-sur-lantisemitisme\/","url":"https:\/\/charleroi-pourlapalestine.be\/index.php\/2016\/05\/05\/ilan-pappe-ne-cedons-pas-a-lintimidation-disrael-sur-lantisemitisme\/","name":"Ilan Papp\u00e9 : \u201cNe c\u00e9dons pas \u00e0 l\u2019intimidation d\u2019Isra\u00ebl sur l\u2019antis\u00e9mitisme\u201d","isPartOf":{"@id":"https:\/\/charleroi-pourlapalestine.be\/#website"},"primaryImageOfPage":{"@id":"https:\/\/charleroi-pourlapalestine.be\/index.php\/2016\/05\/05\/ilan-pappe-ne-cedons-pas-a-lintimidation-disrael-sur-lantisemitisme\/#primaryimage"},"image":{"@id":"https:\/\/charleroi-pourlapalestine.be\/index.php\/2016\/05\/05\/ilan-pappe-ne-cedons-pas-a-lintimidation-disrael-sur-lantisemitisme\/#primaryimage"},"thumbnailUrl":"https:\/\/www.pourlapalestine.be\/wp-content\/uploads\/2015\/10\/Ilan_Pappe-483x322-150x150.jpg","datePublished":"2016-05-05T07:49:00+00:00","dateModified":"2024-12-12T09:36:59+00:00","description":"Papp\u00e9 : Nous qui nous trouvons dans la zone de confort occidentale ne devons pas battre en retraite ou c\u00e9der aux fausses accusations d\u2019antis\u00e9mitisme","breadcrumb":{"@id":"https:\/\/charleroi-pourlapalestine.be\/index.php\/2016\/05\/05\/ilan-pappe-ne-cedons-pas-a-lintimidation-disrael-sur-lantisemitisme\/#breadcrumb"},"inLanguage":"fr-FR","potentialAction":[{"@type":"ReadAction","target":["https:\/\/charleroi-pourlapalestine.be\/index.php\/2016\/05\/05\/ilan-pappe-ne-cedons-pas-a-lintimidation-disrael-sur-lantisemitisme\/"]}]},{"@type":"ImageObject","inLanguage":"fr-FR","@id":"https:\/\/charleroi-pourlapalestine.be\/index.php\/2016\/05\/05\/ilan-pappe-ne-cedons-pas-a-lintimidation-disrael-sur-lantisemitisme\/#primaryimage","url":"https:\/\/www.pourlapalestine.be\/wp-content\/uploads\/2015\/10\/Ilan_Pappe-483x322-150x150.jpg","contentUrl":"https:\/\/www.pourlapalestine.be\/wp-content\/uploads\/2015\/10\/Ilan_Pappe-483x322-150x150.jpg"},{"@type":"BreadcrumbList","@id":"https:\/\/charleroi-pourlapalestine.be\/index.php\/2016\/05\/05\/ilan-pappe-ne-cedons-pas-a-lintimidation-disrael-sur-lantisemitisme\/#breadcrumb","itemListElement":[{"@type":"ListItem","position":1,"name":"Accueil","item":"https:\/\/charleroi-pourlapalestine.be\/"},{"@type":"ListItem","position":2,"name":"Ilan Papp\u00e9 : \u201cNe c\u00e9dons pas \u00e0 l\u2019intimidation d\u2019Isra\u00ebl sur l\u2019antis\u00e9mitisme\u201d"}]},{"@type":"WebSite","@id":"https:\/\/charleroi-pourlapalestine.be\/#website","url":"https:\/\/charleroi-pourlapalestine.be\/","name":"Charleroi Pour la Palestine","description":"","publisher":{"@id":"https:\/\/charleroi-pourlapalestine.be\/#organization"},"potentialAction":[{"@type":"SearchAction","target":{"@type":"EntryPoint","urlTemplate":"https:\/\/charleroi-pourlapalestine.be\/?s={search_term_string}"},"query-input":{"@type":"PropertyValueSpecification","valueRequired":true,"valueName":"search_term_string"}}],"inLanguage":"fr-FR"},{"@type":"Organization","@id":"https:\/\/charleroi-pourlapalestine.be\/#organization","name":"Plate-forme Charleroi-Palestine","url":"https:\/\/charleroi-pourlapalestine.be\/","logo":{"@type":"ImageObject","inLanguage":"fr-FR","@id":"https:\/\/charleroi-pourlapalestine.be\/#\/schema\/logo\/image\/","url":"https:\/\/charleroi-pourlapalestine.be\/wp-content\/uploads\/2020\/01\/logo-Copy.jpg","contentUrl":"https:\/\/charleroi-pourlapalestine.be\/wp-content\/uploads\/2020\/01\/logo-Copy.jpg","width":180,"height":180,"caption":"Plate-forme Charleroi-Palestine"},"image":{"@id":"https:\/\/charleroi-pourlapalestine.be\/#\/schema\/logo\/image\/"},"sameAs":["https:\/\/www.facebook.com\/PlateformeCharleroiPalestine\/","https:\/\/x.com\/LaCharleroi"]},{"@type":"Person","@id":"https:\/\/charleroi-pourlapalestine.be\/#\/schema\/person\/c19ff515112f1299d8c12671d8fe3faa","name":"admin1873","url":"https:\/\/charleroi-pourlapalestine.be\/index.php\/author\/admin1873\/"}]}},"_links":{"self":[{"href":"https:\/\/charleroi-pourlapalestine.be\/index.php\/wp-json\/wp\/v2\/posts\/11829","targetHints":{"allow":["GET"]}}],"collection":[{"href":"https:\/\/charleroi-pourlapalestine.be\/index.php\/wp-json\/wp\/v2\/posts"}],"about":[{"href":"https:\/\/charleroi-pourlapalestine.be\/index.php\/wp-json\/wp\/v2\/types\/post"}],"author":[{"embeddable":true,"href":"https:\/\/charleroi-pourlapalestine.be\/index.php\/wp-json\/wp\/v2\/users\/1"}],"replies":[{"embeddable":true,"href":"https:\/\/charleroi-pourlapalestine.be\/index.php\/wp-json\/wp\/v2\/comments?post=11829"}],"version-history":[{"count":0,"href":"https:\/\/charleroi-pourlapalestine.be\/index.php\/wp-json\/wp\/v2\/posts\/11829\/revisions"}],"wp:attachment":[{"href":"https:\/\/charleroi-pourlapalestine.be\/index.php\/wp-json\/wp\/v2\/media?parent=11829"}],"wp:term":[{"taxonomy":"category","embeddable":true,"href":"https:\/\/charleroi-pourlapalestine.be\/index.php\/wp-json\/wp\/v2\/categories?post=11829"},{"taxonomy":"post_tag","embeddable":true,"href":"https:\/\/charleroi-pourlapalestine.be\/index.php\/wp-json\/wp\/v2\/tags?post=11829"}],"curies":[{"name":"wp","href":"https:\/\/api.w.org\/{rel}","templated":true}]}}