{"id":12755,"date":"2019-01-21T21:06:00","date_gmt":"2019-01-21T20:06:00","guid":{"rendered":"https:\/\/charleroi-pourlapalestine.be\/?p=12755"},"modified":"2020-05-20T04:19:56","modified_gmt":"2020-05-20T02:19:56","slug":"birmingham-honore-angela-davis-apres-le-sabotage-du-lobby-pro-israelien","status":"publish","type":"post","link":"https:\/\/charleroi-pourlapalestine.be\/index.php\/2019\/01\/21\/birmingham-honore-angela-davis-apres-le-sabotage-du-lobby-pro-israelien\/","title":{"rendered":"Birmingham honore Angela Davis apr\u00e8s le sabotage du lobby pro-isra\u00e9lien"},"content":{"rendered":"<p><strong>Angela Davis dit qu\u2019elle a \u00e9t\u00e9 <em>\u00ab&nbsp;sid\u00e9r\u00e9e&nbsp;\u00bb<\/em> par la d\u00e9cision de l\u2019Institut des droits civiques de Birmingham (BCRI), en Alabama, d\u2019annuler le remise d\u2019un prix des droits de l\u2019homme qu\u2019il avait pr\u00e9vu de lui d\u00e9cerner au cours d\u2019un gala, le mois prochain.<\/strong><\/p>\n<div id=\"attachment_12763\" style=\"width: 209px\" class=\"wp-caption alignleft\"><img loading=\"lazy\" decoding=\"async\" aria-describedby=\"caption-attachment-12763\" class=\"wp-image-12763 size-medium\" src=\"https:\/\/charleroi-pourlapalestine.be\/wp-content\/uploads\/2019\/01\/angela_davis_portrait-199x300.jpg\" alt=\"Angela Davis\" width=\"199\" height=\"300\"><p id=\"caption-attachment-12763\" class=\"wp-caption-text\">Angela Davis (Tribunal Russell)<\/p><\/div>\n<p>D ans une d\u00e9clartion post\u00e9e sur Facebook, la l\u00e9gendaire intellectuelle et activiste noire a expliqu\u00e9 que le<strong> BCRI<\/strong> avait <em>\u00ab&nbsp;rejet\u00e9 mes demandes de r\u00e9v\u00e9ler les raisons r\u00e9elles de cette action&nbsp;\u00bb<\/em>, mais qu\u2019elle <em>\u00ab&nbsp;avait appris plus tard que mon soutien de longue date \u00e0 la justice en faveur de la Palestine avait \u00e9t\u00e9 mis en cause&nbsp;\u00bb.<\/em><\/p>\n<p>R\u00e9affirmant son<em> \u00ab&nbsp;soutien aux prisonniers politiques palestiniens&nbsp;\u00bb<\/em> et son <em>\u00ab&nbsp;opposition \u00e0 la politique et aux pratiques de l\u2019\u00c9tat d\u2019Isra\u00ebl&nbsp;\u00bb<\/em>, <strong>Davis<\/strong> a ajout\u00e9 que l\u2019annulation de la remise de la r\u00e9compense et de l\u2019invitation \u00e0 prendre la parole <em>\u00ab&nbsp;n\u2019\u00e9tait pas en premier lieu une attaque contre moi, mais plut\u00f4t contre l\u2019esprit m\u00eame de l\u2019indivisibilit\u00e9 de la justice&nbsp;\u00bb.<\/em><\/p>\n<p><strong>Davis<\/strong> a expliqu\u00e9 que le d\u00e9placement \u00e0 <strong>Birmingham<\/strong> afin d\u2019y recevoir le prix du<strong> BCRI<\/strong> devait \u00eatre <em>\u00ab&nbsp;l\u2019\u00e9v\u00e9nement marquant de mon ann\u00e9e&nbsp;\u00bb<\/em>, mais qu\u2019en d\u00e9pit de son annulation, elle allait quand m\u00eame s\u2019y rendre le mois d\u2019apr\u00e8s <em>\u00ab&nbsp;pour un \u00e9v\u00e9nement alternatif organis\u00e9 par ceux qui croient que, en ce moment, le mouvement des droits civiques doit inclure une solide discussion \u00e0 propos de toutes les injustices qui nous entourent&nbsp;\u00bb<\/em>.<\/p>\n<p>La coalition citoyenne qui organise cet \u00e9v\u00e9nement alternatif repr\u00e9sente un large \u00e9chantillonnage des organisations et dirigeants de la ville.<\/p>\n<p>Mercredi, les organisateurs de l\u2019initiative ont tenu une conf\u00e9rence de presse afin d\u2019exprimer leur soutien \u00e0 <strong>Davis.<\/strong><\/p>\n<h3>\u00ab&nbsp;Absolument embarrassant&nbsp;\u00bb<\/h3>\n<p>La d\u00e9cision du <strong>BCRI<\/strong> est en train de susciter une riposte de plus en plus intense.<\/p>\n<p>Mardi, le conseil municipal de <strong>Birmingham<\/strong>, en <strong>Alabama<\/strong>, a adopt\u00e9 \u00e0 l\u2019unanimit\u00e9 une r\u00e9solution <em>\u00ab&nbsp;reconnaissant le travail de toute une vie effectu\u00e9 par Angela Davis&nbsp;\u00bb<\/em> \u2013 un camouflet implicite \u00e0 l\u2019adresse du <strong>BCRI<\/strong>.<\/p>\n<p><strong>Davis<\/strong>, qui a connu la prison et les poursuites politiques en raison de son soutien \u00e0 la lib\u00e9ration des noirs, a grandi \u00e0 <strong>Dynamite Hill<\/strong>, un quartier de <strong>Birmingham<\/strong> qui tire son nom de la fr\u00e9quence des attentats \u00e0 la bombe et autres agressions violentes commises par les supr\u00e9macistes blancs \u00e0 l\u2019encontre de ses r\u00e9sidents.<\/p>\n<p>Le conseiller municipal<strong> Steven Hoyt,<\/strong> qui a propos\u00e9 la r\u00e9solution du conseil, a d\u00e9clar\u00e9 dans les m\u00e9dias que le geste de l\u2019institut \u00e9tait <em>\u00ab&nbsp;absolument embarrassant&nbsp;\u00bb<\/em>.<\/p>\n<p><em>\u00ab&nbsp;Tout le monde la respecte, sauf nous. Dans les milieux acad\u00e9miques de m\u00eame que dans la soci\u00e9t\u00e9 et ses divers groupes&nbsp;\u00bb<\/em>, a ajout\u00e9 <strong>Hoyt<\/strong>. <em>\u00ab&nbsp;Je suis embarrass\u00e9. Je suis embarrass\u00e9, ne serait-ce que d\u2019\u00eatre au service d\u2019une ville qui ferait cela.&nbsp;\u00bb<\/em><\/p>\n<p>Lundi, des activistes noirs ont adress\u00e9 des protestations au <strong>BCRI<\/strong> et ont r\u00e9clam\u00e9 des changements dans son personnel de direction, compte tenu du fait que le<strong> BCRI<\/strong> est une institution manifestement instaur\u00e9e pour honorer et faire progresser la cause des droits civiques.<\/p>\n<p>Mercredi, les pr\u00e9sident, vice-pr\u00e9sident et secr\u00e9taire du<strong> BCRI<\/strong> d\u00e9missionnaient du conseil d\u2019administration.<\/p>\n<p><em>\u00ab&nbsp;En tant que membres de ce conseil, nous regrettons les circonstances qui ont entour\u00e9 le processus de s\u00e9lection concernant le prix R\u00e9v\u00e9rend Fred L. Shuttlesworth 2018 des droits de l\u2019homme et les dissensions que cela a provoqu\u00e9es&nbsp;<\/em>\u00bb, ont-ils expliqu\u00e9 dans une d\u00e9claration.<\/p>\n<p>Plus t\u00f4t, le maire de <strong>Birmingham, Randall Woodfin<\/strong>, avait exprim\u00e9 sa <em>\u00ab&nbsp;consternation&nbsp;\u00bb<\/em> suite \u00e0 la d\u00e9cision d\u2019annuler le gala de remise du prix, d\u00e9cision prise <em>\u00ab&nbsp;apr\u00e8s les protestations de notre communaut\u00e9 juive locale et de certains de ses alli\u00e9s&nbsp;\u00bb.<\/em><\/p>\n<p>Les m\u00e9dias locaux ont r\u00e9v\u00e9l\u00e9 que les pressions \u00e9manaient, entre autres, de la <strong>F\u00e9d\u00e9ration juive de Birmingham<\/strong>, un groupement local inconditionnellement favorable \u00e0 <strong>Isra\u00ebl.<\/strong><\/p>\n<p>Mercredi encore, le site d\u2019information AL.com confirmait que le <strong>Centre \u00e9ducatif de Birmingham sur l\u2019Holocauste<\/strong> avait \u00e9crit au <strong>BCRI<\/strong> afin d\u2019exprimer <em>\u00ab&nbsp;son inqui\u00e9tude et sa d\u00e9ception&nbsp;\u00bb<\/em> \u00e0 propos des honneurs t\u00e9moign\u00e9s \u00e0 Davis, citant en m\u00eame temps le soutien de cette derni\u00e8re au mouvement <strong>BDS<\/strong> (boycott, d\u00e9sinvestissement, sanctions), qui exerce des pressions sur <strong>Isra\u00ebl<\/strong> afin de l\u2019amener \u00e0 respecter les lois internationales et les droits de l\u2019homme.<\/p>\n<p><strong>Davis<\/strong> est la deuxi\u00e8me personnalit\u00e9 et intellectuelle noire \u00e0 \u00eatre cibl\u00e9e par les pressions du lobby pro-isra\u00e9lien ces derni\u00e8res semaines.<\/p>\n<p>En novembre, <strong>Marc Lamont Hill<\/strong> avait \u00e9t\u00e9 limog\u00e9 de son poste de commentateur politique \u00e0 CNN suite \u00e0 une campagne de pression diffamatoire et mensong\u00e8re d\u2019<strong>Isra\u00ebl<\/strong> d\u00e9formant un discours tenu par <strong>Hill<\/strong> aux <strong>Nations unies<\/strong> afin de soutenir les droits palestiniens et le mouvement <strong>BDS.<\/strong><\/p>\n<p>L\u2019<strong>Universit\u00e9 du Temple<\/strong> a elle aussi \u00e9t\u00e9 confront\u00e9e \u00e0 des pressions de la part de l\u2019<strong>Organisation sioniste d\u2019Am\u00e9rique<\/strong>, en vue de licencier <strong>Hill<\/strong> de ses fonctions de professeur \u2013 une mesure que l\u2019universit\u00e9 n\u2019a pas prise, vu les mises en garde disant qu\u2019elle violerait les droits de <strong>Hill<\/strong> tels que cit\u00e9s dans le Premier Amendement.<\/p>\n<p>En juin dernier, l\u2019<strong>Universit\u00e9 de Vienne<\/strong> a interdit une conf\u00e9rence publique de <strong>Dhoruba Bin-Wahad<\/strong> apr\u00e8s une campagne de calomnies contre l\u2019activiste v\u00e9t\u00e9ran noir am\u00e9ricain, \u00e9crivain et ancien prisonnier politique, ainsi que contre les groupes de solidarit\u00e9 avec la <strong>Palestine<\/strong> qui faisaient partie des sponsors de l\u2019\u00e9v\u00e9nement.<\/p>\n<h3>Punir et censurer<\/h3>\n<p>Le groupement des droits civiques <strong>Palestine Legal<\/strong> a qualifi\u00e9 la d\u00e9cision du <strong>BCRI<\/strong> d\u2019annuler l\u2019hommage \u00e0 <strong>Angela Davis<\/strong> de <em>\u00ab&nbsp;tout dernier incident d\u2019une campagne nationale bien \u00e9tay\u00e9e visant \u00e0 censurer et punir les critiques \u00e0 l\u2019encontre d\u2019Isra\u00ebl&nbsp;\u00bb.<\/em><\/p>\n<p><em>\u00ab&nbsp;Le mod\u00e8le de censure visant les critiques d\u2019Isra\u00ebl est d\u00e9j\u00e0 bien document\u00e9&nbsp;\u00bb<\/em>, a ajout\u00e9 <strong>Palestine Legal<\/strong>, <em>\u00ab&nbsp;de m\u00eame que les tentatives des responsables du gouvernement isra\u00e9lien en vue de diviser les dirigeants noirs et de r\u00e9primer les personnes \u00e9tablissant des liens entre les luttes de lib\u00e9ration des noirs am\u00e9ricains et des Palestiniens.&nbsp;\u00bb<\/em><\/p>\n<hr>\n<p>Publi\u00e9 le 9\/1\/2019&nbsp; sur <a href=\"https:\/\/electronicintifada.net\/blogs\/ali-abunimah\/birmingham-honors-angela-davis-after-israel-lobby-sabotages-award\" target=\"_blank\" rel=\"noopener noreferrer\">The Electronic Intifada<\/a><br>Traduction : Jean-Marie Fl\u00e9mal<\/p>\n<p><strong><img loading=\"lazy\" decoding=\"async\" class=\"alignleft wp-image-4837 size-thumbnail\" src=\"https:\/\/www.pourlapalestine.be\/wp-content\/uploads\/2015\/11\/ali-abunimah-21-150x150.jpg\" alt=\"ali-abunimah-21\" width=\"150\" height=\"150\">Ali Abunimah<\/strong>, journaliste palestino-am\u00e9ricain est le cofondateur de \u2019<strong><a href=\"https:\/\/electronicintifada.net\/news\">The Electronic Intifada<\/a>\u2019 <\/strong>et auteur des livres&nbsp; <em><strong>One Country : A bold Proposal to end the Israeli-Palestinian Impasse <\/strong>et<strong> The battle for Justice in Palestine<br><\/strong><\/em><\/p>\n<p><strong>On peut suivre Ali Abunimah sur Twitter : <\/strong><strong><a href=\"https:\/\/www.twitter.com\/AliAbunimah\" target=\"_blank\" rel=\"noopener noreferrer\">@AliAbunimah<\/a><\/strong><\/p>\n<p><a href=\"https:\/\/charleroi-pourlapalestine.be\/index.php\/tag\/ali-abunimah\/\">Trouvez ici d&rsquo;autres articles d&rsquo;Ali Abunimah, publi\u00e9s sur ce site<\/a><\/p>\n\n\n<p><\/p>\n","protected":false},"excerpt":{"rendered":"<p>Angela Davis : \u00ab\u00a0Mon soutien de longue date \u00e0 la justice en faveur de la Palestine avait \u00e9t\u00e9 mis en cause\u00a0\u00bb <\/p>\n","protected":false},"author":1,"featured_media":0,"comment_status":"closed","ping_status":"closed","sticky":false,"template":"","format":"standard","meta":{"ngg_post_thumbnail":0,"footnotes":""},"categories":[160,382],"tags":[],"class_list":["post-12755","post","type-post","status-publish","format-standard","hentry","category-antisemitisme","category-grande-bretagne"],"yoast_head":"<!-- This site is optimized with the Yoast SEO plugin v27.3 - https:\/\/yoast.com\/product\/yoast-seo-wordpress\/ -->\n<title>Birmingham honore Angela Davis apr\u00e8s le sabotage du lobby pro-isra\u00e9lien<\/title>\n<meta name=\"description\" content=\"Angela Davis : &quot;Mon soutien de longue date \u00e0 la justice en faveur de la Palestine avait \u00e9t\u00e9 mis en cause&quot;\" \/>\n<meta name=\"robots\" content=\"index, follow, max-snippet:-1, max-image-preview:large, max-video-preview:-1\" \/>\n<link rel=\"canonical\" href=\"https:\/\/charleroi-pourlapalestine.be\/index.php\/2019\/01\/21\/birmingham-honore-angela-davis-apres-le-sabotage-du-lobby-pro-israelien\/\" \/>\n<script type=\"application\/ld+json\" class=\"yoast-schema-graph\">{\"@context\":\"https:\\\/\\\/schema.org\",\"@graph\":[{\"@type\":\"Article\",\"@id\":\"https:\\\/\\\/charleroi-pourlapalestine.be\\\/index.php\\\/2019\\\/01\\\/21\\\/birmingham-honore-angela-davis-apres-le-sabotage-du-lobby-pro-israelien\\\/#article\",\"isPartOf\":{\"@id\":\"https:\\\/\\\/charleroi-pourlapalestine.be\\\/index.php\\\/2019\\\/01\\\/21\\\/birmingham-honore-angela-davis-apres-le-sabotage-du-lobby-pro-israelien\\\/\"},\"author\":{\"name\":\"admin1873\",\"@id\":\"https:\\\/\\\/charleroi-pourlapalestine.be\\\/#\\\/schema\\\/person\\\/c19ff515112f1299d8c12671d8fe3faa\"},\"headline\":\"Birmingham honore Angela Davis apr\u00e8s le sabotage du lobby pro-isra\u00e9lien\",\"datePublished\":\"2019-01-21T20:06:00+00:00\",\"dateModified\":\"2020-05-20T02:19:56+00:00\",\"mainEntityOfPage\":{\"@id\":\"https:\\\/\\\/charleroi-pourlapalestine.be\\\/index.php\\\/2019\\\/01\\\/21\\\/birmingham-honore-angela-davis-apres-le-sabotage-du-lobby-pro-israelien\\\/\"},\"wordCount\":1164,\"publisher\":{\"@id\":\"https:\\\/\\\/charleroi-pourlapalestine.be\\\/#organization\"},\"image\":{\"@id\":\"https:\\\/\\\/charleroi-pourlapalestine.be\\\/index.php\\\/2019\\\/01\\\/21\\\/birmingham-honore-angela-davis-apres-le-sabotage-du-lobby-pro-israelien\\\/#primaryimage\"},\"thumbnailUrl\":\"https:\\\/\\\/charleroi-pourlapalestine.be\\\/wp-content\\\/uploads\\\/2019\\\/01\\\/angela_davis_portrait-199x300.jpg\",\"articleSection\":[\"Antis\u00e9mitisme comme chantage\",\"Grande Bretagne\"],\"inLanguage\":\"fr-FR\"},{\"@type\":\"WebPage\",\"@id\":\"https:\\\/\\\/charleroi-pourlapalestine.be\\\/index.php\\\/2019\\\/01\\\/21\\\/birmingham-honore-angela-davis-apres-le-sabotage-du-lobby-pro-israelien\\\/\",\"url\":\"https:\\\/\\\/charleroi-pourlapalestine.be\\\/index.php\\\/2019\\\/01\\\/21\\\/birmingham-honore-angela-davis-apres-le-sabotage-du-lobby-pro-israelien\\\/\",\"name\":\"Birmingham honore Angela Davis apr\u00e8s le sabotage du lobby pro-isra\u00e9lien\",\"isPartOf\":{\"@id\":\"https:\\\/\\\/charleroi-pourlapalestine.be\\\/#website\"},\"primaryImageOfPage\":{\"@id\":\"https:\\\/\\\/charleroi-pourlapalestine.be\\\/index.php\\\/2019\\\/01\\\/21\\\/birmingham-honore-angela-davis-apres-le-sabotage-du-lobby-pro-israelien\\\/#primaryimage\"},\"image\":{\"@id\":\"https:\\\/\\\/charleroi-pourlapalestine.be\\\/index.php\\\/2019\\\/01\\\/21\\\/birmingham-honore-angela-davis-apres-le-sabotage-du-lobby-pro-israelien\\\/#primaryimage\"},\"thumbnailUrl\":\"https:\\\/\\\/charleroi-pourlapalestine.be\\\/wp-content\\\/uploads\\\/2019\\\/01\\\/angela_davis_portrait-199x300.jpg\",\"datePublished\":\"2019-01-21T20:06:00+00:00\",\"dateModified\":\"2020-05-20T02:19:56+00:00\",\"description\":\"Angela Davis : \\\"Mon soutien de longue date \u00e0 la justice en faveur de la Palestine avait \u00e9t\u00e9 mis en cause\\\"\",\"breadcrumb\":{\"@id\":\"https:\\\/\\\/charleroi-pourlapalestine.be\\\/index.php\\\/2019\\\/01\\\/21\\\/birmingham-honore-angela-davis-apres-le-sabotage-du-lobby-pro-israelien\\\/#breadcrumb\"},\"inLanguage\":\"fr-FR\",\"potentialAction\":[{\"@type\":\"ReadAction\",\"target\":[\"https:\\\/\\\/charleroi-pourlapalestine.be\\\/index.php\\\/2019\\\/01\\\/21\\\/birmingham-honore-angela-davis-apres-le-sabotage-du-lobby-pro-israelien\\\/\"]}]},{\"@type\":\"ImageObject\",\"inLanguage\":\"fr-FR\",\"@id\":\"https:\\\/\\\/charleroi-pourlapalestine.be\\\/index.php\\\/2019\\\/01\\\/21\\\/birmingham-honore-angela-davis-apres-le-sabotage-du-lobby-pro-israelien\\\/#primaryimage\",\"url\":\"https:\\\/\\\/charleroi-pourlapalestine.be\\\/wp-content\\\/uploads\\\/2019\\\/01\\\/angela_davis_portrait-199x300.jpg\",\"contentUrl\":\"https:\\\/\\\/charleroi-pourlapalestine.be\\\/wp-content\\\/uploads\\\/2019\\\/01\\\/angela_davis_portrait-199x300.jpg\"},{\"@type\":\"BreadcrumbList\",\"@id\":\"https:\\\/\\\/charleroi-pourlapalestine.be\\\/index.php\\\/2019\\\/01\\\/21\\\/birmingham-honore-angela-davis-apres-le-sabotage-du-lobby-pro-israelien\\\/#breadcrumb\",\"itemListElement\":[{\"@type\":\"ListItem\",\"position\":1,\"name\":\"Accueil\",\"item\":\"https:\\\/\\\/charleroi-pourlapalestine.be\\\/\"},{\"@type\":\"ListItem\",\"position\":2,\"name\":\"Birmingham honore Angela Davis apr\u00e8s le sabotage du lobby pro-isra\u00e9lien\"}]},{\"@type\":\"WebSite\",\"@id\":\"https:\\\/\\\/charleroi-pourlapalestine.be\\\/#website\",\"url\":\"https:\\\/\\\/charleroi-pourlapalestine.be\\\/\",\"name\":\"Charleroi Pour la Palestine\",\"description\":\"\",\"publisher\":{\"@id\":\"https:\\\/\\\/charleroi-pourlapalestine.be\\\/#organization\"},\"potentialAction\":[{\"@type\":\"SearchAction\",\"target\":{\"@type\":\"EntryPoint\",\"urlTemplate\":\"https:\\\/\\\/charleroi-pourlapalestine.be\\\/?s={search_term_string}\"},\"query-input\":{\"@type\":\"PropertyValueSpecification\",\"valueRequired\":true,\"valueName\":\"search_term_string\"}}],\"inLanguage\":\"fr-FR\"},{\"@type\":\"Organization\",\"@id\":\"https:\\\/\\\/charleroi-pourlapalestine.be\\\/#organization\",\"name\":\"Plate-forme Charleroi-Palestine\",\"url\":\"https:\\\/\\\/charleroi-pourlapalestine.be\\\/\",\"logo\":{\"@type\":\"ImageObject\",\"inLanguage\":\"fr-FR\",\"@id\":\"https:\\\/\\\/charleroi-pourlapalestine.be\\\/#\\\/schema\\\/logo\\\/image\\\/\",\"url\":\"https:\\\/\\\/charleroi-pourlapalestine.be\\\/wp-content\\\/uploads\\\/2020\\\/01\\\/logo-Copy.jpg\",\"contentUrl\":\"https:\\\/\\\/charleroi-pourlapalestine.be\\\/wp-content\\\/uploads\\\/2020\\\/01\\\/logo-Copy.jpg\",\"width\":180,\"height\":180,\"caption\":\"Plate-forme Charleroi-Palestine\"},\"image\":{\"@id\":\"https:\\\/\\\/charleroi-pourlapalestine.be\\\/#\\\/schema\\\/logo\\\/image\\\/\"},\"sameAs\":[\"https:\\\/\\\/www.facebook.com\\\/PlateformeCharleroiPalestine\\\/\",\"https:\\\/\\\/x.com\\\/LaCharleroi\"]},{\"@type\":\"Person\",\"@id\":\"https:\\\/\\\/charleroi-pourlapalestine.be\\\/#\\\/schema\\\/person\\\/c19ff515112f1299d8c12671d8fe3faa\",\"name\":\"admin1873\",\"url\":\"https:\\\/\\\/charleroi-pourlapalestine.be\\\/index.php\\\/author\\\/admin1873\\\/\"}]}<\/script>\n<!-- \/ Yoast SEO plugin. -->","yoast_head_json":{"title":"Birmingham honore Angela Davis apr\u00e8s le sabotage du lobby pro-isra\u00e9lien","description":"Angela Davis : \"Mon soutien de longue date \u00e0 la justice en faveur de la Palestine avait \u00e9t\u00e9 mis en cause\"","robots":{"index":"index","follow":"follow","max-snippet":"max-snippet:-1","max-image-preview":"max-image-preview:large","max-video-preview":"max-video-preview:-1"},"canonical":"https:\/\/charleroi-pourlapalestine.be\/index.php\/2019\/01\/21\/birmingham-honore-angela-davis-apres-le-sabotage-du-lobby-pro-israelien\/","schema":{"@context":"https:\/\/schema.org","@graph":[{"@type":"Article","@id":"https:\/\/charleroi-pourlapalestine.be\/index.php\/2019\/01\/21\/birmingham-honore-angela-davis-apres-le-sabotage-du-lobby-pro-israelien\/#article","isPartOf":{"@id":"https:\/\/charleroi-pourlapalestine.be\/index.php\/2019\/01\/21\/birmingham-honore-angela-davis-apres-le-sabotage-du-lobby-pro-israelien\/"},"author":{"name":"admin1873","@id":"https:\/\/charleroi-pourlapalestine.be\/#\/schema\/person\/c19ff515112f1299d8c12671d8fe3faa"},"headline":"Birmingham honore Angela Davis apr\u00e8s le sabotage du lobby pro-isra\u00e9lien","datePublished":"2019-01-21T20:06:00+00:00","dateModified":"2020-05-20T02:19:56+00:00","mainEntityOfPage":{"@id":"https:\/\/charleroi-pourlapalestine.be\/index.php\/2019\/01\/21\/birmingham-honore-angela-davis-apres-le-sabotage-du-lobby-pro-israelien\/"},"wordCount":1164,"publisher":{"@id":"https:\/\/charleroi-pourlapalestine.be\/#organization"},"image":{"@id":"https:\/\/charleroi-pourlapalestine.be\/index.php\/2019\/01\/21\/birmingham-honore-angela-davis-apres-le-sabotage-du-lobby-pro-israelien\/#primaryimage"},"thumbnailUrl":"https:\/\/charleroi-pourlapalestine.be\/wp-content\/uploads\/2019\/01\/angela_davis_portrait-199x300.jpg","articleSection":["Antis\u00e9mitisme comme chantage","Grande Bretagne"],"inLanguage":"fr-FR"},{"@type":"WebPage","@id":"https:\/\/charleroi-pourlapalestine.be\/index.php\/2019\/01\/21\/birmingham-honore-angela-davis-apres-le-sabotage-du-lobby-pro-israelien\/","url":"https:\/\/charleroi-pourlapalestine.be\/index.php\/2019\/01\/21\/birmingham-honore-angela-davis-apres-le-sabotage-du-lobby-pro-israelien\/","name":"Birmingham honore Angela Davis apr\u00e8s le sabotage du lobby pro-isra\u00e9lien","isPartOf":{"@id":"https:\/\/charleroi-pourlapalestine.be\/#website"},"primaryImageOfPage":{"@id":"https:\/\/charleroi-pourlapalestine.be\/index.php\/2019\/01\/21\/birmingham-honore-angela-davis-apres-le-sabotage-du-lobby-pro-israelien\/#primaryimage"},"image":{"@id":"https:\/\/charleroi-pourlapalestine.be\/index.php\/2019\/01\/21\/birmingham-honore-angela-davis-apres-le-sabotage-du-lobby-pro-israelien\/#primaryimage"},"thumbnailUrl":"https:\/\/charleroi-pourlapalestine.be\/wp-content\/uploads\/2019\/01\/angela_davis_portrait-199x300.jpg","datePublished":"2019-01-21T20:06:00+00:00","dateModified":"2020-05-20T02:19:56+00:00","description":"Angela Davis : \"Mon soutien de longue date \u00e0 la justice en faveur de la Palestine avait \u00e9t\u00e9 mis en cause\"","breadcrumb":{"@id":"https:\/\/charleroi-pourlapalestine.be\/index.php\/2019\/01\/21\/birmingham-honore-angela-davis-apres-le-sabotage-du-lobby-pro-israelien\/#breadcrumb"},"inLanguage":"fr-FR","potentialAction":[{"@type":"ReadAction","target":["https:\/\/charleroi-pourlapalestine.be\/index.php\/2019\/01\/21\/birmingham-honore-angela-davis-apres-le-sabotage-du-lobby-pro-israelien\/"]}]},{"@type":"ImageObject","inLanguage":"fr-FR","@id":"https:\/\/charleroi-pourlapalestine.be\/index.php\/2019\/01\/21\/birmingham-honore-angela-davis-apres-le-sabotage-du-lobby-pro-israelien\/#primaryimage","url":"https:\/\/charleroi-pourlapalestine.be\/wp-content\/uploads\/2019\/01\/angela_davis_portrait-199x300.jpg","contentUrl":"https:\/\/charleroi-pourlapalestine.be\/wp-content\/uploads\/2019\/01\/angela_davis_portrait-199x300.jpg"},{"@type":"BreadcrumbList","@id":"https:\/\/charleroi-pourlapalestine.be\/index.php\/2019\/01\/21\/birmingham-honore-angela-davis-apres-le-sabotage-du-lobby-pro-israelien\/#breadcrumb","itemListElement":[{"@type":"ListItem","position":1,"name":"Accueil","item":"https:\/\/charleroi-pourlapalestine.be\/"},{"@type":"ListItem","position":2,"name":"Birmingham honore Angela Davis apr\u00e8s le sabotage du lobby pro-isra\u00e9lien"}]},{"@type":"WebSite","@id":"https:\/\/charleroi-pourlapalestine.be\/#website","url":"https:\/\/charleroi-pourlapalestine.be\/","name":"Charleroi Pour la Palestine","description":"","publisher":{"@id":"https:\/\/charleroi-pourlapalestine.be\/#organization"},"potentialAction":[{"@type":"SearchAction","target":{"@type":"EntryPoint","urlTemplate":"https:\/\/charleroi-pourlapalestine.be\/?s={search_term_string}"},"query-input":{"@type":"PropertyValueSpecification","valueRequired":true,"valueName":"search_term_string"}}],"inLanguage":"fr-FR"},{"@type":"Organization","@id":"https:\/\/charleroi-pourlapalestine.be\/#organization","name":"Plate-forme Charleroi-Palestine","url":"https:\/\/charleroi-pourlapalestine.be\/","logo":{"@type":"ImageObject","inLanguage":"fr-FR","@id":"https:\/\/charleroi-pourlapalestine.be\/#\/schema\/logo\/image\/","url":"https:\/\/charleroi-pourlapalestine.be\/wp-content\/uploads\/2020\/01\/logo-Copy.jpg","contentUrl":"https:\/\/charleroi-pourlapalestine.be\/wp-content\/uploads\/2020\/01\/logo-Copy.jpg","width":180,"height":180,"caption":"Plate-forme Charleroi-Palestine"},"image":{"@id":"https:\/\/charleroi-pourlapalestine.be\/#\/schema\/logo\/image\/"},"sameAs":["https:\/\/www.facebook.com\/PlateformeCharleroiPalestine\/","https:\/\/x.com\/LaCharleroi"]},{"@type":"Person","@id":"https:\/\/charleroi-pourlapalestine.be\/#\/schema\/person\/c19ff515112f1299d8c12671d8fe3faa","name":"admin1873","url":"https:\/\/charleroi-pourlapalestine.be\/index.php\/author\/admin1873\/"}]}},"_links":{"self":[{"href":"https:\/\/charleroi-pourlapalestine.be\/index.php\/wp-json\/wp\/v2\/posts\/12755","targetHints":{"allow":["GET"]}}],"collection":[{"href":"https:\/\/charleroi-pourlapalestine.be\/index.php\/wp-json\/wp\/v2\/posts"}],"about":[{"href":"https:\/\/charleroi-pourlapalestine.be\/index.php\/wp-json\/wp\/v2\/types\/post"}],"author":[{"embeddable":true,"href":"https:\/\/charleroi-pourlapalestine.be\/index.php\/wp-json\/wp\/v2\/users\/1"}],"replies":[{"embeddable":true,"href":"https:\/\/charleroi-pourlapalestine.be\/index.php\/wp-json\/wp\/v2\/comments?post=12755"}],"version-history":[{"count":0,"href":"https:\/\/charleroi-pourlapalestine.be\/index.php\/wp-json\/wp\/v2\/posts\/12755\/revisions"}],"wp:attachment":[{"href":"https:\/\/charleroi-pourlapalestine.be\/index.php\/wp-json\/wp\/v2\/media?parent=12755"}],"wp:term":[{"taxonomy":"category","embeddable":true,"href":"https:\/\/charleroi-pourlapalestine.be\/index.php\/wp-json\/wp\/v2\/categories?post=12755"},{"taxonomy":"post_tag","embeddable":true,"href":"https:\/\/charleroi-pourlapalestine.be\/index.php\/wp-json\/wp\/v2\/tags?post=12755"}],"curies":[{"name":"wp","href":"https:\/\/api.w.org\/{rel}","templated":true}]}}