{"id":12829,"date":"2017-09-07T17:10:00","date_gmt":"2017-09-07T15:10:00","guid":{"rendered":"https:\/\/charleroi-pourlapalestine.be\/?p=12829"},"modified":"2020-05-21T10:28:14","modified_gmt":"2020-05-21T08:28:14","slug":"salah-hamouri-est-une-cible","status":"publish","type":"post","link":"https:\/\/charleroi-pourlapalestine.be\/index.php\/2017\/09\/07\/salah-hamouri-est-une-cible\/","title":{"rendered":"<em>\u00ab Salah Hamouri est une cible \u00bb<\/em>"},"content":{"rendered":"<header class=\"entry-header mh-clearfix\">\n<p class=\"entry-title\"><strong>Le juge a refus\u00e9 la d\u00e9tention administrative, mais le Franco-Palestinien est condamn\u00e9 \u00e0 trois mois de prison. Tel-Aviv, g\u00ean\u00e9 par la mobilisation en France, essaie de donner le change. <\/strong>L&rsquo;Humanit\u00e9, 6 septembre 2017<br><\/p>\n<p><img loading=\"lazy\" decoding=\"async\" class=\"aligncenter wp-image-12834 size-full\" src=\"https:\/\/charleroi-pourlapalestine.be\/wp-content\/uploads\/2017\/09\/humanit\u00e9.jpg\" alt=\"Le franco-palestinien, Salah Hamouri\" width=\"343\" height=\"147\" srcset=\"https:\/\/charleroi-pourlapalestine.be\/wp-content\/uploads\/2017\/09\/humanit\u00e9.jpg 343w, https:\/\/charleroi-pourlapalestine.be\/wp-content\/uploads\/2017\/09\/humanit\u00e9-300x129.jpg 300w\" sizes=\"auto, (max-width: 343px) 100vw, 343px\" \/><\/p>\n<\/header>\n<div class=\"entry-content mh-clearfix\">\n<div class=\"pf-content\">\n<p><em>\u00abIncroyable justice \u00bb<\/em> isra\u00e9lienne&nbsp;! Une attitude et un comportement \u00e0 inscrire tr\u00e8s vite dans toutes les universit\u00e9s de droit du monde entier. <strong>Salah Hamouri<\/strong> a \u00e9t\u00e9 arr\u00eat\u00e9 le 23 ao\u00fbt dernier au pr\u00e9texte qu\u2019une enqu\u00eate \u00e9tait en cours sur son appartenance suppos\u00e9e \u00e0 une<em> \u00ab&nbsp;organisation ennemie&nbsp;\u00bb<\/em>.<\/p>\n<p>Le jeune <strong>Franco-Palestinien<\/strong> de 32 ans, qui a r\u00e9cemment obtenu avec succ\u00e8s son dipl\u00f4me d\u2019avocat qu\u2019il met au service de la d\u00e9fense des prisonniers politiques palestiniens, \u00e9tait suppos\u00e9 \u00eatre lib\u00e9r\u00e9 cinq jours plus tard, apr\u00e8s avoir subi en tout et pour tout un interrogatoire d\u2019une vingtaine de minutes \u00e0 son arriv\u00e9e au centre de police.<\/p>\n<p>Mis \u00e0 l\u2019isolement, il apprend par la suite que, pour les besoins de l\u2019enqu\u00eate, il est maintenu en d\u00e9tention. Le 29 ao\u00fbt, il est pr\u00e9sent\u00e9 devant un juge de la cour de <strong>J\u00e9rusalem<\/strong>, qui d\u00e9cide tout d\u2019abord de le placer en r\u00e9sidence surveill\u00e9e pour vingt jours, sans qu\u2019aucune des charges ne soit r\u00e9v\u00e9l\u00e9e, contenues dans un <em>\u00ab&nbsp;dossier secret&nbsp;\u00bb.<\/em> Le magistrat lui interdisait \u00e9galement l\u2019entr\u00e9e \u00e0 <strong>J\u00e9rusalem<\/strong> ainsi que toute sortie du pays pendant trois mois.<\/p>\n<p>En plus de cette d\u00e9cision, <strong>Salah Hamouri<\/strong> devait s\u2019acquitter d\u2019une caution de 10&nbsp;000 shekels (environ 2&nbsp;300 euros). Sa famille s\u2019est alors rendue \u00e0 <strong>Al-Moskobyeh<\/strong>, le centre d\u2019interrogatoire, pour payer la caution. C\u2019est alors que l\u2019ordre \u00e9manant du ministre de la D\u00e9fense, <strong>Avigdor Liberman<\/strong>, est tomb\u00e9&nbsp;: placer <strong>Salah Hamouri<\/strong> en d\u00e9tention administrative. Soit six mois renouvelables au bon gr\u00e9 du minist\u00e8re.<\/p>\n<h3>Le <em>\u00ab&nbsp;dossier secret&nbsp;\u00bb<\/em> du franco-palestinien est vide<\/h3>\n<p>Dans son simulacre de justice, l\u2019\u00c9tat d\u2019<strong>Isra\u00ebl<\/strong> fait bien les choses. Un juge de la cour de<strong> J\u00e9rusalem<\/strong> devait se prononcer sur cette mise en d\u00e9tention administrative. L\u2019audience s\u2019est tenue, hier, \u00e0 huis clos.<\/p>\n<p>Le juge a refus\u00e9 la d\u00e9tention administrative mais a estim\u00e9 que le jeune <strong>Franco-palestinien<\/strong> devait purger la peine de trois mois de prison qui lui restait \u00e0 effectuer lorsqu\u2019il a \u00e9t\u00e9 lib\u00e9r\u00e9 le 18 d\u00e9cembre 2011 \u00e0 l\u2019occasion d\u2019un \u00e9change de prisonniers palestiniens et du soldat isra\u00e9lien <strong>Gilad Shalit<\/strong>, poss\u00e9dant la double nationalit\u00e9 isra\u00e9lienne et fran\u00e7aise.<\/p>\n<p>La <strong>France<\/strong> a eu son mot \u00e0 dire dans la n\u00e9gociation. De plus, d\u00e8s sa sortie les autorit\u00e9s isra\u00e9liennes ont interdit \u00e0<strong> Salah Hamouri<\/strong> de sortir du pays jusqu\u2019\u00e0 la fin de la dur\u00e9e r\u00e9elle de sa peine.<\/p>\n<p><img loading=\"lazy\" decoding=\"async\" class=\"alignleft wp-image-26930 size-medium\" src=\"https:\/\/www.pourlapalestine.be\/wp-content\/uploads\/2017\/09\/affiche-salah-283x400.jpg\" sizes=\"auto, (max-width: 283px) 100vw, 283px\" srcset=\"https:\/\/www.pourlapalestine.be\/wp-content\/uploads\/2017\/09\/affiche-salah-283x400.jpg 283w, https:\/\/www.pourlapalestine.be\/wp-content\/uploads\/2017\/09\/affiche-salah-650x920.jpg 650w, https:\/\/www.pourlapalestine.be\/wp-content\/uploads\/2017\/09\/affiche-salah.jpg 678w\" alt=\"Affiche pour la lib\u00e9ration de Salah Hamouri, l'avocat franco-palestinien\" width=\"283\" height=\"400\">En refusant la d\u00e9tention administrative, le juge montre l\u2019\u00e9vidence&nbsp;: le<em> \u00ab&nbsp;dossier secret&nbsp;\u00bb<\/em> est vide et la mobilisation qui s\u2019est amplifi\u00e9e en<strong> France<\/strong> a forc\u00e9 les autorit\u00e9s isra\u00e9liennes \u00e0, au moins, donner le change&nbsp;!<\/p>\n<p>Mais le but est le harc\u00e8lement. La <strong>Haute Cour<\/strong> de justice isra\u00e9lienne a indiqu\u00e9 qu\u2019elle faisait appel. Rien ne dit, donc, que dans les prochains jours, une nouvelle d\u00e9tention administrative ne sera pas ordonn\u00e9e et le cycle serait sans fin, dans le cadre d\u2019une mascarade judiciaire.<\/p>\n<p>Le m\u00eame probl\u00e8me pourrait de toute mani\u00e8re se poser dans trois mois. <em>\u00ab&nbsp;Salah est une cible, pour rendre sa vie tr\u00e8s difficile&nbsp;\u00bb<\/em>, estime son avocat, <strong>Hassan Mahmoud.<\/strong><\/p>\n<p>Malgr\u00e9 les appels de milliers de citoyens en <strong>France<\/strong>, de d\u00e9put\u00e9s et de s\u00e9nateurs de diff\u00e9rents groupes, <strong>Emmanuel Macron<\/strong> ne dit mot et consent donc \u00e0 ce qu\u2019un ressortissant fran\u00e7ais soit emprisonn\u00e9 sans aucune raison.<\/p>\n<p>Il accepte que la parole donn\u00e9e \u00e0 la <strong>France<\/strong> soit bafou\u00e9e. Le consul g\u00e9n\u00e9ral de <strong>France<\/strong> \u00e0 <strong>J\u00e9rusalem<\/strong> a pu rencontrer <strong>Salah Hamouri<\/strong> en prison. Mais le minist\u00e8re fran\u00e7ais des <strong>Affaires \u00e9trang\u00e8res<\/strong> adopte une \u00e9trange attitude.<\/p>\n<p>L\u2019<em><strong>Humanit\u00e9<\/strong><\/em> a envoy\u00e9 plusieurs questions au <strong>Quai d\u2019Orsay<\/strong>. Nous interpellions ainsi le minist\u00e8re, notamment pour savoir pourquoi la <strong>France<\/strong> n\u2019avait pas <em>\u00ab&nbsp;officiellement r\u00e9agi lors de l\u2019arrestation de Salah Hamouri et sa d\u00e9tention sur la base d\u2019un dossier secret&nbsp;\u00bb.<\/em><\/p>\n<p>Nous demandions \u00e9galement ce que pense le minist\u00e8re sur l\u2019attitude de l\u2019ambassade d\u2019<strong>Isra\u00ebl<\/strong> en <strong>France<\/strong>, qui a envoy\u00e9 une lettre \u00e0 certains d\u00e9put\u00e9s fran\u00e7ais sign\u00e9e par un ministre pl\u00e9nipotentiaire, <strong>Marc Attali<\/strong>, dans laquelle des contrev\u00e9rit\u00e9s et de fausses informations sont pr\u00e9sent\u00e9es comme des r\u00e9alit\u00e9s. <em>\u00ab&nbsp;Peut-on accepter que les d\u00e9put\u00e9s fran\u00e7ais re\u00e7oivent ainsi de fausses informations de la part de repr\u00e9sentants d\u2019un pays \u00e9tranger sans que les autorit\u00e9s fran\u00e7aises ne r\u00e9agissent&nbsp;?&nbsp;\u00bb<\/em><\/p>\n<p>Seule r\u00e9ponse obtenue, outre le rappel de l\u2019aide consulaire&nbsp;: <em>\u00ab&nbsp;Le minist\u00e8re suit avec beaucoup d\u2019attention la situation de M.&nbsp;Salah Hamouri et est pleinement mobilis\u00e9&nbsp;\u00bb<\/em> et \u00ab<em>&nbsp;Nous continuerons de suivre avec la plus grande attention la proc\u00e9dure judiciaire en cours&nbsp;\u00bb<\/em>.<\/p>\n<p>Et un appel aux autorit\u00e9s isra\u00e9liennes pour <em>\u00ab&nbsp;permettre \u00e0 M.&nbsp;Hamouri de recevoir la visite de son \u00e9pouse et de leur enfant comme sa famille en a exprim\u00e9 le souhait&nbsp;\u00bb<\/em>, ce que celle-ci r\u00e9fute.<\/p>\n<p>Rien, en tout cas, qui s\u2019apparente \u00e0 une exigence de lib\u00e9ration imm\u00e9diate. Le<strong> PCF<\/strong> appelle \u00e0 amplifier la mobilisation en ces termes&nbsp;: <em>\u00ab&nbsp;Ce n\u2019est ni 3 mois, ni 6 mois que Salah Hamouri doit passer en prison. Innocent, Salah doit \u00eatre rel\u00e2ch\u00e9 imm\u00e9diatement&nbsp;: #Lib\u00e9rezSalah&nbsp;!&nbsp;\u00bb<\/em><\/p>\n<hr>\n<div id=\"js_i44\" class=\"_5pbx userContent\" data-ft=\"{&quot;tn&quot;:&quot;K&quot;}\">Publi\u00e9 le 6\/9\/2017 sur<a href=\"https:\/\/www.humanite.fr\/palestine-salah-hamouri-est-une-cible-641547\" target=\"_blank\" rel=\"noopener noreferrer\"> l\u2019Humanit\u00e9 <\/a><\/div>\n<div data-ft=\"{&quot;tn&quot;:&quot;K&quot;}\"><a href=\"https:\/\/charleroi-pourlapalestine.be\/index.php\/tag\/salah-hamouri\/\">Trouvez ici d&rsquo;autres articles concernant Salah Hamouri, publi\u00e9s sur ce site<\/a><\/div>\n<\/div>\n<\/div>\n\n\n<p><\/p>\n","protected":false},"excerpt":{"rendered":"<p>Le \u00ab dossier secret \u00bb de Salah Hamouri est vide et la mobilisation qui s\u2019est amplifi\u00e9e en France a forc\u00e9 les autorit\u00e9s isra\u00e9liennes \u00e0, au moins, donner le change ! <\/p>\n","protected":false},"author":1,"featured_media":12834,"comment_status":"closed","ping_status":"closed","sticky":false,"template":"","format":"standard","meta":{"ngg_post_thumbnail":0,"footnotes":""},"categories":[136,8,13,358],"tags":[479],"class_list":["post-12829","post","type-post","status-publish","format-standard","has-post-thumbnail","hentry","category-france","category-jerusalem","category-les-prisionners-palestiniens","category-repression","tag-salah-hamouri"],"yoast_head":"<!-- This site is optimized with the Yoast SEO plugin v27.3 - https:\/\/yoast.com\/product\/yoast-seo-wordpress\/ -->\n<title>\u00ab Salah Hamouri est une cible \u00bb - Charleroi Pour la Palestine<\/title>\n<meta name=\"description\" content=\"Le \u00ab dossier secret \u00bb de l&#039;avocat franco-palestinien est vide et la mobilisation qui s\u2019est amplifi\u00e9e en France a forc\u00e9 les autorit\u00e9s isra\u00e9liennes \u00e0, au moins, donner le change !\" \/>\n<meta name=\"robots\" content=\"index, follow, max-snippet:-1, max-image-preview:large, max-video-preview:-1\" \/>\n<link rel=\"canonical\" href=\"https:\/\/charleroi-pourlapalestine.be\/index.php\/2017\/09\/07\/salah-hamouri-est-une-cible\/\" \/>\n<script type=\"application\/ld+json\" class=\"yoast-schema-graph\">{\"@context\":\"https:\\\/\\\/schema.org\",\"@graph\":[{\"@type\":\"Article\",\"@id\":\"https:\\\/\\\/charleroi-pourlapalestine.be\\\/index.php\\\/2017\\\/09\\\/07\\\/salah-hamouri-est-une-cible\\\/#article\",\"isPartOf\":{\"@id\":\"https:\\\/\\\/charleroi-pourlapalestine.be\\\/index.php\\\/2017\\\/09\\\/07\\\/salah-hamouri-est-une-cible\\\/\"},\"author\":{\"name\":\"admin1873\",\"@id\":\"https:\\\/\\\/charleroi-pourlapalestine.be\\\/#\\\/schema\\\/person\\\/c19ff515112f1299d8c12671d8fe3faa\"},\"headline\":\"\u00ab Salah Hamouri est une cible \u00bb\",\"datePublished\":\"2017-09-07T15:10:00+00:00\",\"dateModified\":\"2020-05-21T08:28:14+00:00\",\"mainEntityOfPage\":{\"@id\":\"https:\\\/\\\/charleroi-pourlapalestine.be\\\/index.php\\\/2017\\\/09\\\/07\\\/salah-hamouri-est-une-cible\\\/\"},\"wordCount\":984,\"publisher\":{\"@id\":\"https:\\\/\\\/charleroi-pourlapalestine.be\\\/#organization\"},\"image\":{\"@id\":\"https:\\\/\\\/charleroi-pourlapalestine.be\\\/index.php\\\/2017\\\/09\\\/07\\\/salah-hamouri-est-une-cible\\\/#primaryimage\"},\"thumbnailUrl\":\"https:\\\/\\\/charleroi-pourlapalestine.be\\\/wp-content\\\/uploads\\\/2017\\\/09\\\/humanit\u00e9.jpg\",\"keywords\":[\"Salah Hamouri\"],\"articleSection\":[\"France\",\"J\u00e9rusalem\",\"Prisonniers\",\"R\u00e9pression\"],\"inLanguage\":\"fr-FR\"},{\"@type\":\"WebPage\",\"@id\":\"https:\\\/\\\/charleroi-pourlapalestine.be\\\/index.php\\\/2017\\\/09\\\/07\\\/salah-hamouri-est-une-cible\\\/\",\"url\":\"https:\\\/\\\/charleroi-pourlapalestine.be\\\/index.php\\\/2017\\\/09\\\/07\\\/salah-hamouri-est-une-cible\\\/\",\"name\":\"\u00ab Salah Hamouri est une cible \u00bb - Charleroi Pour la Palestine\",\"isPartOf\":{\"@id\":\"https:\\\/\\\/charleroi-pourlapalestine.be\\\/#website\"},\"primaryImageOfPage\":{\"@id\":\"https:\\\/\\\/charleroi-pourlapalestine.be\\\/index.php\\\/2017\\\/09\\\/07\\\/salah-hamouri-est-une-cible\\\/#primaryimage\"},\"image\":{\"@id\":\"https:\\\/\\\/charleroi-pourlapalestine.be\\\/index.php\\\/2017\\\/09\\\/07\\\/salah-hamouri-est-une-cible\\\/#primaryimage\"},\"thumbnailUrl\":\"https:\\\/\\\/charleroi-pourlapalestine.be\\\/wp-content\\\/uploads\\\/2017\\\/09\\\/humanit\u00e9.jpg\",\"datePublished\":\"2017-09-07T15:10:00+00:00\",\"dateModified\":\"2020-05-21T08:28:14+00:00\",\"description\":\"Le \u00ab dossier secret \u00bb de l'avocat franco-palestinien est vide et la mobilisation qui s\u2019est amplifi\u00e9e en France a forc\u00e9 les autorit\u00e9s isra\u00e9liennes \u00e0, au moins, donner le change !\",\"breadcrumb\":{\"@id\":\"https:\\\/\\\/charleroi-pourlapalestine.be\\\/index.php\\\/2017\\\/09\\\/07\\\/salah-hamouri-est-une-cible\\\/#breadcrumb\"},\"inLanguage\":\"fr-FR\",\"potentialAction\":[{\"@type\":\"ReadAction\",\"target\":[\"https:\\\/\\\/charleroi-pourlapalestine.be\\\/index.php\\\/2017\\\/09\\\/07\\\/salah-hamouri-est-une-cible\\\/\"]}]},{\"@type\":\"ImageObject\",\"inLanguage\":\"fr-FR\",\"@id\":\"https:\\\/\\\/charleroi-pourlapalestine.be\\\/index.php\\\/2017\\\/09\\\/07\\\/salah-hamouri-est-une-cible\\\/#primaryimage\",\"url\":\"https:\\\/\\\/charleroi-pourlapalestine.be\\\/wp-content\\\/uploads\\\/2017\\\/09\\\/humanit\u00e9.jpg\",\"contentUrl\":\"https:\\\/\\\/charleroi-pourlapalestine.be\\\/wp-content\\\/uploads\\\/2017\\\/09\\\/humanit\u00e9.jpg\",\"width\":343,\"height\":147},{\"@type\":\"BreadcrumbList\",\"@id\":\"https:\\\/\\\/charleroi-pourlapalestine.be\\\/index.php\\\/2017\\\/09\\\/07\\\/salah-hamouri-est-une-cible\\\/#breadcrumb\",\"itemListElement\":[{\"@type\":\"ListItem\",\"position\":1,\"name\":\"Accueil\",\"item\":\"https:\\\/\\\/charleroi-pourlapalestine.be\\\/\"},{\"@type\":\"ListItem\",\"position\":2,\"name\":\"\u00ab Salah Hamouri est une cible \u00bb\"}]},{\"@type\":\"WebSite\",\"@id\":\"https:\\\/\\\/charleroi-pourlapalestine.be\\\/#website\",\"url\":\"https:\\\/\\\/charleroi-pourlapalestine.be\\\/\",\"name\":\"Charleroi Pour la Palestine\",\"description\":\"\",\"publisher\":{\"@id\":\"https:\\\/\\\/charleroi-pourlapalestine.be\\\/#organization\"},\"potentialAction\":[{\"@type\":\"SearchAction\",\"target\":{\"@type\":\"EntryPoint\",\"urlTemplate\":\"https:\\\/\\\/charleroi-pourlapalestine.be\\\/?s={search_term_string}\"},\"query-input\":{\"@type\":\"PropertyValueSpecification\",\"valueRequired\":true,\"valueName\":\"search_term_string\"}}],\"inLanguage\":\"fr-FR\"},{\"@type\":\"Organization\",\"@id\":\"https:\\\/\\\/charleroi-pourlapalestine.be\\\/#organization\",\"name\":\"Plate-forme Charleroi-Palestine\",\"url\":\"https:\\\/\\\/charleroi-pourlapalestine.be\\\/\",\"logo\":{\"@type\":\"ImageObject\",\"inLanguage\":\"fr-FR\",\"@id\":\"https:\\\/\\\/charleroi-pourlapalestine.be\\\/#\\\/schema\\\/logo\\\/image\\\/\",\"url\":\"https:\\\/\\\/charleroi-pourlapalestine.be\\\/wp-content\\\/uploads\\\/2020\\\/01\\\/logo-Copy.jpg\",\"contentUrl\":\"https:\\\/\\\/charleroi-pourlapalestine.be\\\/wp-content\\\/uploads\\\/2020\\\/01\\\/logo-Copy.jpg\",\"width\":180,\"height\":180,\"caption\":\"Plate-forme Charleroi-Palestine\"},\"image\":{\"@id\":\"https:\\\/\\\/charleroi-pourlapalestine.be\\\/#\\\/schema\\\/logo\\\/image\\\/\"},\"sameAs\":[\"https:\\\/\\\/www.facebook.com\\\/PlateformeCharleroiPalestine\\\/\",\"https:\\\/\\\/x.com\\\/LaCharleroi\"]},{\"@type\":\"Person\",\"@id\":\"https:\\\/\\\/charleroi-pourlapalestine.be\\\/#\\\/schema\\\/person\\\/c19ff515112f1299d8c12671d8fe3faa\",\"name\":\"admin1873\",\"url\":\"https:\\\/\\\/charleroi-pourlapalestine.be\\\/index.php\\\/author\\\/admin1873\\\/\"}]}<\/script>\n<!-- \/ Yoast SEO plugin. -->","yoast_head_json":{"title":"\u00ab Salah Hamouri est une cible \u00bb - Charleroi Pour la Palestine","description":"Le \u00ab dossier secret \u00bb de l'avocat franco-palestinien est vide et la mobilisation qui s\u2019est amplifi\u00e9e en France a forc\u00e9 les autorit\u00e9s isra\u00e9liennes \u00e0, au moins, donner le change !","robots":{"index":"index","follow":"follow","max-snippet":"max-snippet:-1","max-image-preview":"max-image-preview:large","max-video-preview":"max-video-preview:-1"},"canonical":"https:\/\/charleroi-pourlapalestine.be\/index.php\/2017\/09\/07\/salah-hamouri-est-une-cible\/","schema":{"@context":"https:\/\/schema.org","@graph":[{"@type":"Article","@id":"https:\/\/charleroi-pourlapalestine.be\/index.php\/2017\/09\/07\/salah-hamouri-est-une-cible\/#article","isPartOf":{"@id":"https:\/\/charleroi-pourlapalestine.be\/index.php\/2017\/09\/07\/salah-hamouri-est-une-cible\/"},"author":{"name":"admin1873","@id":"https:\/\/charleroi-pourlapalestine.be\/#\/schema\/person\/c19ff515112f1299d8c12671d8fe3faa"},"headline":"\u00ab Salah Hamouri est une cible \u00bb","datePublished":"2017-09-07T15:10:00+00:00","dateModified":"2020-05-21T08:28:14+00:00","mainEntityOfPage":{"@id":"https:\/\/charleroi-pourlapalestine.be\/index.php\/2017\/09\/07\/salah-hamouri-est-une-cible\/"},"wordCount":984,"publisher":{"@id":"https:\/\/charleroi-pourlapalestine.be\/#organization"},"image":{"@id":"https:\/\/charleroi-pourlapalestine.be\/index.php\/2017\/09\/07\/salah-hamouri-est-une-cible\/#primaryimage"},"thumbnailUrl":"https:\/\/charleroi-pourlapalestine.be\/wp-content\/uploads\/2017\/09\/humanit\u00e9.jpg","keywords":["Salah Hamouri"],"articleSection":["France","J\u00e9rusalem","Prisonniers","R\u00e9pression"],"inLanguage":"fr-FR"},{"@type":"WebPage","@id":"https:\/\/charleroi-pourlapalestine.be\/index.php\/2017\/09\/07\/salah-hamouri-est-une-cible\/","url":"https:\/\/charleroi-pourlapalestine.be\/index.php\/2017\/09\/07\/salah-hamouri-est-une-cible\/","name":"\u00ab Salah Hamouri est une cible \u00bb - Charleroi Pour la Palestine","isPartOf":{"@id":"https:\/\/charleroi-pourlapalestine.be\/#website"},"primaryImageOfPage":{"@id":"https:\/\/charleroi-pourlapalestine.be\/index.php\/2017\/09\/07\/salah-hamouri-est-une-cible\/#primaryimage"},"image":{"@id":"https:\/\/charleroi-pourlapalestine.be\/index.php\/2017\/09\/07\/salah-hamouri-est-une-cible\/#primaryimage"},"thumbnailUrl":"https:\/\/charleroi-pourlapalestine.be\/wp-content\/uploads\/2017\/09\/humanit\u00e9.jpg","datePublished":"2017-09-07T15:10:00+00:00","dateModified":"2020-05-21T08:28:14+00:00","description":"Le \u00ab dossier secret \u00bb de l'avocat franco-palestinien est vide et la mobilisation qui s\u2019est amplifi\u00e9e en France a forc\u00e9 les autorit\u00e9s isra\u00e9liennes \u00e0, au moins, donner le change !","breadcrumb":{"@id":"https:\/\/charleroi-pourlapalestine.be\/index.php\/2017\/09\/07\/salah-hamouri-est-une-cible\/#breadcrumb"},"inLanguage":"fr-FR","potentialAction":[{"@type":"ReadAction","target":["https:\/\/charleroi-pourlapalestine.be\/index.php\/2017\/09\/07\/salah-hamouri-est-une-cible\/"]}]},{"@type":"ImageObject","inLanguage":"fr-FR","@id":"https:\/\/charleroi-pourlapalestine.be\/index.php\/2017\/09\/07\/salah-hamouri-est-une-cible\/#primaryimage","url":"https:\/\/charleroi-pourlapalestine.be\/wp-content\/uploads\/2017\/09\/humanit\u00e9.jpg","contentUrl":"https:\/\/charleroi-pourlapalestine.be\/wp-content\/uploads\/2017\/09\/humanit\u00e9.jpg","width":343,"height":147},{"@type":"BreadcrumbList","@id":"https:\/\/charleroi-pourlapalestine.be\/index.php\/2017\/09\/07\/salah-hamouri-est-une-cible\/#breadcrumb","itemListElement":[{"@type":"ListItem","position":1,"name":"Accueil","item":"https:\/\/charleroi-pourlapalestine.be\/"},{"@type":"ListItem","position":2,"name":"\u00ab Salah Hamouri est une cible \u00bb"}]},{"@type":"WebSite","@id":"https:\/\/charleroi-pourlapalestine.be\/#website","url":"https:\/\/charleroi-pourlapalestine.be\/","name":"Charleroi Pour la Palestine","description":"","publisher":{"@id":"https:\/\/charleroi-pourlapalestine.be\/#organization"},"potentialAction":[{"@type":"SearchAction","target":{"@type":"EntryPoint","urlTemplate":"https:\/\/charleroi-pourlapalestine.be\/?s={search_term_string}"},"query-input":{"@type":"PropertyValueSpecification","valueRequired":true,"valueName":"search_term_string"}}],"inLanguage":"fr-FR"},{"@type":"Organization","@id":"https:\/\/charleroi-pourlapalestine.be\/#organization","name":"Plate-forme Charleroi-Palestine","url":"https:\/\/charleroi-pourlapalestine.be\/","logo":{"@type":"ImageObject","inLanguage":"fr-FR","@id":"https:\/\/charleroi-pourlapalestine.be\/#\/schema\/logo\/image\/","url":"https:\/\/charleroi-pourlapalestine.be\/wp-content\/uploads\/2020\/01\/logo-Copy.jpg","contentUrl":"https:\/\/charleroi-pourlapalestine.be\/wp-content\/uploads\/2020\/01\/logo-Copy.jpg","width":180,"height":180,"caption":"Plate-forme Charleroi-Palestine"},"image":{"@id":"https:\/\/charleroi-pourlapalestine.be\/#\/schema\/logo\/image\/"},"sameAs":["https:\/\/www.facebook.com\/PlateformeCharleroiPalestine\/","https:\/\/x.com\/LaCharleroi"]},{"@type":"Person","@id":"https:\/\/charleroi-pourlapalestine.be\/#\/schema\/person\/c19ff515112f1299d8c12671d8fe3faa","name":"admin1873","url":"https:\/\/charleroi-pourlapalestine.be\/index.php\/author\/admin1873\/"}]}},"_links":{"self":[{"href":"https:\/\/charleroi-pourlapalestine.be\/index.php\/wp-json\/wp\/v2\/posts\/12829","targetHints":{"allow":["GET"]}}],"collection":[{"href":"https:\/\/charleroi-pourlapalestine.be\/index.php\/wp-json\/wp\/v2\/posts"}],"about":[{"href":"https:\/\/charleroi-pourlapalestine.be\/index.php\/wp-json\/wp\/v2\/types\/post"}],"author":[{"embeddable":true,"href":"https:\/\/charleroi-pourlapalestine.be\/index.php\/wp-json\/wp\/v2\/users\/1"}],"replies":[{"embeddable":true,"href":"https:\/\/charleroi-pourlapalestine.be\/index.php\/wp-json\/wp\/v2\/comments?post=12829"}],"version-history":[{"count":0,"href":"https:\/\/charleroi-pourlapalestine.be\/index.php\/wp-json\/wp\/v2\/posts\/12829\/revisions"}],"wp:featuredmedia":[{"embeddable":true,"href":"https:\/\/charleroi-pourlapalestine.be\/index.php\/wp-json\/wp\/v2\/media\/12834"}],"wp:attachment":[{"href":"https:\/\/charleroi-pourlapalestine.be\/index.php\/wp-json\/wp\/v2\/media?parent=12829"}],"wp:term":[{"taxonomy":"category","embeddable":true,"href":"https:\/\/charleroi-pourlapalestine.be\/index.php\/wp-json\/wp\/v2\/categories?post=12829"},{"taxonomy":"post_tag","embeddable":true,"href":"https:\/\/charleroi-pourlapalestine.be\/index.php\/wp-json\/wp\/v2\/tags?post=12829"}],"curies":[{"name":"wp","href":"https:\/\/api.w.org\/{rel}","templated":true}]}}