{"id":13081,"date":"2016-01-09T10:49:00","date_gmt":"2016-01-09T09:49:00","guid":{"rendered":"https:\/\/charleroi-pourlapalestine.be\/?p=13081"},"modified":"2020-05-24T17:06:34","modified_gmt":"2020-05-24T15:06:34","slug":"israel-reduire-les-temoins-au-silence","status":"publish","type":"post","link":"https:\/\/charleroi-pourlapalestine.be\/index.php\/2016\/01\/09\/israel-reduire-les-temoins-au-silence\/","title":{"rendered":"Isra\u00ebl : r\u00e9duire les t\u00e9moins au silence"},"content":{"rendered":"<header class=\"entry-header mh-clearfix\">\n<p class=\"mh-meta entry-meta\">&nbsp;<\/p>\n<\/header>\n<div class=\"entry-content mh-clearfix\">\n<figure class=\"entry-thumbnail\"><figcaption class=\"wp-caption-text\"><\/figcaption><\/figure>\n<div class=\"pf-content\">\n<p>Malgr\u00e9 les violentes attaques qu\u2019elle subit actuellement, l\u2019ONG <em>Breaking the Silence<\/em> n\u2019a pas r\u00e9ussi \u00e0 faire \u00e9voluer le discours public en <strong>Isra\u00ebl<\/strong> au sujet de l\u2019occupation.<\/p>\n<figure id=\"attachment_6782\" class=\"wp-caption aligncenter\" aria-describedby=\"caption-attachment-6782\">\n<div id=\"attachment_6782\" style=\"width: 630px\" class=\"wp-caption aligncenter\"><img loading=\"lazy\" decoding=\"async\" aria-describedby=\"caption-attachment-6782\" class=\"wp-image-6782 size-full\" src=\"https:\/\/www.pourlapalestine.be\/wp-content\/uploads\/2016\/01\/Breaking_the-_Silence_AFP.jpg\" sizes=\"auto, (max-width: 620px) 100vw, 620px\" srcset=\"https:\/\/www.pourlapalestine.be\/wp-content\/uploads\/2016\/01\/Breaking_the-_Silence_AFP.jpg 620w, https:\/\/www.pourlapalestine.be\/wp-content\/uploads\/2016\/01\/Breaking_the-_Silence_AFP-350x226.jpg 350w\" alt=\"Alon Sahar (\u00e0 gauche) et Shay Davidovich, deux anciens soldats de l\u2019arm\u00e9e isra\u00e9lienne, discutent en regardant les photographies d\u2019une exposition organis\u00e9e par l\u2019ONG Breaking the Silence le 3 juin 2015 \u00e0 la Kulturhaus Helferei de Zurich, en Suisse (AFP)\" width=\"620\" height=\"401\"><p id=\"caption-attachment-6782\" class=\"wp-caption-text\">Alon Sahar (\u00e0 gauche) et Shay Davidovich, deux anciens soldats de l\u2019arm\u00e9e isra\u00e9lienne, discutent en regardant les photographies d\u2019une exposition organis\u00e9e par l\u2019ONG Breaking the Silence le 3 juin 2015 \u00e0 la Kulturhaus Helferei de Zurich, en Suisse (AFP).<\/p><\/div>\n<p>&nbsp;<\/figure>\n<p>Les organisations isra\u00e9liennes de d\u00e9fense des droits de l\u2019homme ont l\u2019habitude d\u2019\u00eatre catalogu\u00e9es comme antipatriotes et antisionistes, mais la semaine derni\u00e8re, m\u00eame elles ont \u00e9t\u00e9 prises par surprise par la violence d\u2019une vid\u00e9o post\u00e9e par le mouvement de droite <em>Im Tirtzu.<\/em><\/p>\n<p><a href=\"https:\/\/www.youtube.com\/watch?v=NGnz2zm_rg0\" target=\"_blank\" rel=\"noopener noreferrer\">Dans cette vid\u00e9o<\/a>, un jeune homme d\u2019apparence palestinienne s\u2019approche de la cam\u00e9ra avec un couteau \u00e0 la main, puis, un court instant avant ce qui semble \u00eatre un in\u00e9vitable coup de poignard, les visages de quatre activistes d\u2019une importante association de d\u00e9fense des droits de l\u2019homme apparaissent \u00e0 l\u2019\u00e9cran sous la forme de faux avis de recherche, et une voix pr\u00e9vient <em>\u00ab&nbsp;[qu\u2019avant] qu\u2019un nouveau terroriste nous poignarde&nbsp;\u00bb<\/em>, on sait d\u00e9j\u00e0 que ces activistes seront l\u00e0 pour assurer sa d\u00e9fense. <em>\u00ab&nbsp;Ils sont isra\u00e9liens, ils vivent parmi nous et ce sont des \u2018\u2018implants\u2019\u2019. Quand nous cherchons \u00e0 combattre le terrorisme, eux cherchent \u00e0 nous combattre.&nbsp;\u00bb<\/em><\/p>\n<p>Ce spot entrait dans le cadre d\u2019une campagne de promotion de la loi contre les <em>\u00ab&nbsp;implants&nbsp;\u00bb<\/em>, qui a pour but de faire entrer dans la cat\u00e9gorie des<em> \u00ab&nbsp;implants&nbsp;\u00bb<\/em> des organisations recevant l\u2019aide de pays \u00e9trangers et de leur interdire d\u2019entrer en contact avec toute administration gouvernementale ou avec l\u2019arm\u00e9e isra\u00e9lienne en l\u2019absence d\u2019autorisation sp\u00e9ciale. Cependant, il est \u00e9vident que ce spot avait un objectif plus large que celui de la simple promotion de cette loi. Il a \u00e9t\u00e9 r\u00e9alis\u00e9 pour pr\u00e9senter ces d\u00e9fenseurs des droits de l\u2019homme comme des ennemis issus de l\u2019int\u00e9rieur, qui aident les <em>\u00ab&nbsp;terroristes palestiniens&nbsp;\u00bb<\/em> \u00e0 assassiner d\u2019innocents citoyens isra\u00e9liens.<\/p>\n<p>Les quatre <strong>ONG<\/strong> cit\u00e9es dans ce spot s\u2019opposent ouvertement \u00e0 l\u2019occupation isra\u00e9lienne. <a href=\"http:\/\/www.btselem.org\" target=\"_blank\" rel=\"noopener noreferrer\">B\u2019tselem<\/a> recueille des informations sur les violations des droits de l\u2019homme dans les territoires occup\u00e9s, le <a href=\"http:\/\/stoptorture.org.il\/projects\/engaging-with-diplomatic-circles\/?lang=en\" target=\"_blank\" rel=\"noopener noreferrer\"> Comit\u00e9 contre la torture<\/a> surveille le traitement r\u00e9serv\u00e9 aux d\u00e9tenus palestiniens dans les prisons isra\u00e9liennes, et \u00ab<a href=\"http:\/\/www.hamoked.org\/home.aspx\" target=\"_blank\" rel=\"noopener noreferrer\"> HaMoked : centre pour la d\u00e9fense de l\u2019individu <\/a>\u00bb vient en aide aux Palestiniens dont les droits sont bafou\u00e9s en cons\u00e9quence des politiques isra\u00e9liennes.<\/p>\n<p>C\u2019est la quatri\u00e8me de ces organisations, <a href=\"http:\/\/www.breakingthesilence.org.il\/\" target=\"_blank\" rel=\"noopener noreferrer\">Breaking the Silence <\/a>(<strong>Chovrim Chtika<\/strong> en h\u00e9breu, <strong>\u00ab&nbsp;Briser le silence&nbsp;\u00bb<\/strong> en fran\u00e7ais), qui \u00e9tait la plus vis\u00e9e. Seulement deux jours auparavant, le pr\u00e9sident isra\u00e9lien <strong>Reuven Rivlin<\/strong> \u00e9tait sous le feu des critiques pour sa participation \u00e0 une conf\u00e9rence \u00e0 <strong>New York<\/strong> au cours de laquelle un membre de cette <em>\u00ab&nbsp;abominable&nbsp;\u00bb<\/em> organisation, selon des propos tenus sur l\u2019une des cha\u00eenes de t\u00e9l\u00e9vision isra\u00e9liennes, a prononc\u00e9 un discours.<\/p>\n<p>Dans les jours qui ont suivi le lancement de cette vid\u00e9o diffamatoire, le ministre de la D\u00e9fense<strong> Moshe Ya\u2019alon<\/strong> a d\u00e9clar\u00e9 que l\u2019arm\u00e9e isra\u00e9lienne ne coop\u00e9rerait d\u00e9sormais plus avec <strong>Breaking the Silence<\/strong>, et le ministre de l\u2019\u00c9ducation <strong>Naftaly Bennett<\/strong> a donn\u00e9 l\u2019ordre \u00e0 toutes les \u00e9coles de s\u2019abstenir d\u2019accueillir des repr\u00e9sentants de cette association.<\/p>\n<p>Le spot ne constituait qu\u2019un volet d\u2019une attaque cibl\u00e9e et probablement pr\u00e9m\u00e9dit\u00e9e contre cette organisation.<\/p>\n<p><strong>Breaking the Silence<\/strong> a \u00e9t\u00e9 fond\u00e9e il y a onze ans apr\u00e8s qu\u2019un groupe d\u2019anciens soldats se sont r\u00e9unis pour raconter leurs d\u00e9sagr\u00e9ables anecdotes sur la perception que les occupants ont de l\u2019occupation&nbsp;: cela va de simples actes de harc\u00e8lement \u00e0 des accusations de meurtres volontaires de citoyens ou de miliciens palestiniens en dehors de tout cadre judiciaire.<\/p>\n<p>Les ann\u00e9es passant, ils ont recueilli les t\u00e9moignages de plus de 1&nbsp;000 soldats et publi\u00e9 un certain nombre de rapports tr\u00e8s document\u00e9s et compromettants. Il semble cependant que leur objectif principal, celui de faire prendre conscience aux <strong>Isra\u00e9liens<\/strong> du prix moral \u00e0 payer pour la poursuite de l\u2019occupation et le contr\u00f4le exerc\u00e9 sur des millions de Palestiniens, et d\u2019inciter les Isra\u00e9liens \u00e0 mettre fin \u00e0 cette occupation, se soit finalement sold\u00e9 par un \u00e9chec.<\/p>\n<p>En grande majorit\u00e9, le public isra\u00e9lien ignore d\u00e9lib\u00e9r\u00e9ment ces rapports, quand il ne catalogue pas ses auteurs comme des <em>\u00ab&nbsp;anti-Isra\u00e9liens&nbsp;\u00bb<\/em> qui re\u00e7oivent de l\u2019argent de gouvernements \u00e9trangers comme l\u2019<strong>Union europ\u00e9enne<\/strong>, la <strong>Norv\u00e8ge<\/strong> et d\u2019autres pays dans le but de ternir l\u2019image d\u2019<strong>Isra\u00ebl<\/strong> \u00e0 l\u2019\u00e9tranger, ou m\u00eame pire, de lier les mains des militaires isra\u00e9liens dans leur combat contre <em>\u00ab&nbsp;les ennemis d\u2019Isra\u00ebl&nbsp;\u00bb<\/em> en mena\u00e7ant de les d\u00e9noncer pour crimes de guerre aupr\u00e8s des organes judiciaires internationaux. La vid\u00e9o diffus\u00e9e par<strong> Iz Tirtzu<\/strong> a seulement r\u00e9sum\u00e9 ces sentiments tr\u00e8s grossi\u00e8rement.<\/p>\n<p>Pourquoi <strong>Breaking the Silence<\/strong> est-il point\u00e9 du doigt maintenant ? Difficile de r\u00e9pondre. Habituellement, <strong>Breaking the Silence<\/strong> est accus\u00e9 par les hommes politiques et les m\u00e9dias isra\u00e9liens de faire le mal \u00e0 trois niveaux&nbsp;: en n\u2019\u00e9tant pas fiable, en s\u2019adressant au public international au lieu de viser le public local, et en diffusant ses accusations de violations des droits de l\u2019homme au lieu d\u2019en faire \u00e9tat aupr\u00e8s des organes de l\u2019arm\u00e9e dont le travail est d\u2019enqu\u00eater sur ces questions.<\/p>\n<p>Le premier de ces reproches est en grande partie infond\u00e9. Aucune erreur majeure n\u2019a \u00e9t\u00e9 d\u00e9cel\u00e9e dans les plus de 1&nbsp;000 t\u00e9moignages qui ont \u00e9t\u00e9 rendus publics. La seconde accusation trouve un bon retentissement au sein de la soci\u00e9t\u00e9 isra\u00e9lienne. De nombreux juifs isra\u00e9liens sont convaincus que si des journaux isra\u00e9liens comme<em> Haaretz<\/em> ou des organisations de d\u00e9fense des droits de l\u2019homme comme <strong>Breaking the Silence<\/strong> et <strong>B\u2019tselem<\/strong> ne racontaient pas \u00e0 qui veut l\u2019entendre leur version de ce que fait<strong> Isra\u00ebl<\/strong> dans les territoires occup\u00e9s, le public international apporterait son soutien \u00e0<strong> Isra\u00ebl<\/strong>. Il \u00e9tait donc ais\u00e9 de percevoir les activistes pr\u00e9sent\u00e9s dans le spot d\u2019<strong>Im Tirtzu<\/strong> comme les instigateurs de ce qui est qualifi\u00e9 de campagne de diffamation.<\/p>\n<p>Cela \u00e9tant, la troisi\u00e8me de ces accusations, selon laquelle <strong>Breaking the Silence<\/strong> devrait d\u2019abord d\u00e9poser plainte aupr\u00e8s des autorit\u00e9s judiciaires concern\u00e9es au lieu de les diffuser au grand public, est peut-\u00eatre la plus dangereuse. Elle suppose que les questions concernant les r\u00e9percussions de l\u2019occupation isra\u00e9lienne de <strong>Gaza<\/strong> et de la <strong>Cisjordanie<\/strong> ne devraient pas \u00eatre trait\u00e9es dans le cadre de discussions civiles et politiques en Isra\u00ebl. Cette approche est une menace \u00e0 l\u2019encontre de toute soci\u00e9t\u00e9 d\u00e9mocratique.<\/p>\n<p>Cependant, c\u2019est pr\u00e9cis\u00e9ment ce qui se produit en Isra\u00ebl depuis dix ans, et c\u2019est peut-\u00eatre pour cela que <strong>Breaking the Silence<\/strong> fait l\u2019objet d\u2019attaques si violentes. Tandis que<strong> B\u2019tselem<\/strong> et les autres organisations de d\u00e9fense des droits de l\u2019homme travaillent principalement \u00e0 partir de t\u00e9moignages de <strong>Palestiniens, Breaking the Silence<\/strong> se base exclusivement sur des \u00e9v\u00e9nements relat\u00e9s par des soldats isra\u00e9liens.<\/p>\n<p><strong>Breaking the Silence<\/strong> donne la parole \u00e0 <em>\u00ab&nbsp;nos fils&nbsp;\u00bb<\/em>, et \u00e9voque le prix \u00e0 payer par les occupants, qui est fatalement immoral. Ces voix qui s\u2019expriment sont g\u00eanantes pour le mouvement colonisateur isra\u00e9lien car elles ne font pas qu\u2019associer l\u2019arm\u00e9e isra\u00e9lienne \u00e0 des violations des droits de l\u2019homme&nbsp;: elles associent la soci\u00e9t\u00e9 isra\u00e9lienne dans son ensemble \u00e0 la r\u00e9alit\u00e9 de la<strong> Cisjordanie<\/strong> et de Gaza. Ces gens s\u2019\u00e9vertuent \u00e0 ramener le mot interdit, celui d\u2019occupation, dans la sph\u00e8re publique isra\u00e9lienne.<\/p>\n<p>Il est donc compr\u00e9hensible qu\u2019outre son efficacit\u00e9, c\u2019est l\u2019existence m\u00eame de <strong>Breaking the Silence<\/strong> qui puisse repr\u00e9senter une menace. Cependant, une attaque aussi virulente que la vid\u00e9o d\u2019<strong>Im Tirtzu<\/strong> n\u2019aurait pu \u00eatre possible sans la faiblesse de la gauche isra\u00e9lienne et ses divisions internes.<\/p>\n<p>Le plus grand parti de centre gauche, le <strong>Camp sioniste<\/strong>, s\u2019exprime rarement sur la n\u00e9cessit\u00e9 de mettre fin \u00e0 l\u2019occupation isra\u00e9lienne. Lors d\u2019un d\u00e9bat houleux au parlement, son dirigeant<strong> Isaac Herzog<\/strong> a v\u00e9ritablement fait le serment <em>\u00ab&nbsp;de se battre pour qu\u2019ils [les membres de Breaking the Silence] puissent exprimer leur point de vue&nbsp;\u00bb,<\/em> mais sans toutefois prendre la d\u00e9fense de leurs activit\u00e9s, d\u00e9clarant que les opinions de cette organisation \u00e9taient \u00e0 ses yeux<em> \u00ab&nbsp;r\u00e9voltantes&nbsp;\u00bb<\/em>.&nbsp;<\/p>\n<p>\u00c0 part dans <em>Haaretz<\/em> et dans quelques autres journaux, l\u2019occupation et ses m\u00e9faits sont pratiquement \u00e9cart\u00e9s du d\u00e9bat public. Ceux qui \u00e9voquent la r\u00e9alit\u00e9 dans les territoires occup\u00e9s sont repouss\u00e9s de plus en plus \u00e0 la marge de la soci\u00e9t\u00e9 juive isra\u00e9lienne. La r\u00e9cente campagne contre<strong> Breaking the Silence, <a href=\"https:\/\/charleroi-pourlapalestine.be\/?s=B%27tselem\">B\u2019tselem<\/a><\/strong> et leurs semblables semble \u00eatre une man\u0153uvre visant \u00e0 les repousser depuis la marge vers le domaine de l\u2019ill\u00e9galit\u00e9.<\/p>\n<p>Alors qu\u2019<strong>Isra\u00ebl<\/strong> se sent de plus en plus isol\u00e9, les militants pour la d\u00e9fense des droits de l\u2019homme deviennent une cible facile car ils sont tenus pour responsables de cet isolement \u00e0 cause de leurs rapports <strong>\u00ab&nbsp;partiaux&nbsp;\u00bb<\/strong>. L\u2019actuelle campagne \u00e0 leur encontre leur rappelle \u00e9galement, ainsi qu\u2019\u00e0 tous ceux qui souhaitent se joindre \u00e0 eux, combien ils sont isol\u00e9s au sein de la soci\u00e9t\u00e9 isra\u00e9lienne&nbsp;; cela leur rappelle qu\u2019ils ont perdu la bataille.<\/p>\n<p>La vid\u00e9o d\u2019<strong>Im Tirtzu<\/strong> a imm\u00e9diatement suscit\u00e9 une vague de soutien pour <strong>Breaking the Silence<\/strong> sur les r\u00e9seaux sociaux, obtenant m\u00eame la participation de certains anciens g\u00e9n\u00e9raux qui ont d\u00e9clar\u00e9 que le travail de cette organisation \u00e9tait important dans l\u2019optique des valeurs morales isra\u00e9liennes. De nouveaux ex-soldats se sont port\u00e9s volontaires pour fournir des preuves, et m\u00eame les dons en faveur de cette association ont augment\u00e9. Ceci est peut-\u00eatre le signe de l\u2019\u00e9veil de la gauche isra\u00e9lienne en sommeil. Ce pourrait aussi repr\u00e9senter son agonie.<\/p>\n<hr>\n<p>Publi\u00e9 le 23 d\u00e9cembre sur <a href=\"http:\/\/www.middleeasteye.net\/fr\/opinions\/isra-l-r-duire-les-t-moins-au-silence-200552256\" target=\"_blank\" rel=\"noopener noreferrer\">Middle East Eye \u2013 \u00e9dition fran\u00e7aise<br \/>\n<\/a>Traduction de l\u2019anglais (<a href=\"http:\/\/www.middleeasteye.net\/users\/meron-rapoport\" target=\"_blank\" rel=\"noopener noreferrer\">original<\/a>) par Mathieu Vigouroux.<\/p>\n<figure id=\"attachment_6787\" class=\"wp-caption alignleft\" aria-describedby=\"caption-attachment-6787\"><img loading=\"lazy\" decoding=\"async\" class=\"wp-image-6787 size-thumbnail\" src=\"https:\/\/www.pourlapalestine.be\/wp-content\/uploads\/2016\/01\/Meron-Rapoport-150x150.jpg\" alt=\"\" width=\"150\" height=\"150\">&nbsp;<figcaption id=\"caption-attachment-6787\" class=\"wp-caption-text\">Meron Rapoport (photo Martina Zanzinelli)<\/figcaption><\/figure>\n<p><strong>Meron Rapoport<\/strong>&nbsp;est un journaliste et \u00e9crivain isra\u00e9lien, laur\u00e9at du <strong>Prix international de journalisme de Naples<\/strong> pour une enqu\u00eate au sujet du vol d\u2019oliviers \u00e0 leurs propri\u00e9taires palestiniens. Il est l\u2019ancien responsable du service d\u2019actualit\u00e9s du journal <em>Haaretz<\/em>, et est maintenant journaliste ind\u00e9pendant.<\/p>\n<p>&nbsp;<\/p>\n<\/div>\n<\/div>\n","protected":false},"excerpt":{"rendered":"<p>La r\u00e9cente campagne contre Breaking the Silence, B\u2019tselem et leurs semblables semble \u00eatre une man\u0153uvre visant \u00e0 les repousser depuis la marge vers le domaine de l\u2019ill\u00e9galit\u00e9.<\/p>\n","protected":false},"author":1,"featured_media":0,"comment_status":"closed","ping_status":"closed","sticky":false,"template":"","format":"standard","meta":{"ngg_post_thumbnail":0,"footnotes":""},"categories":[46,390,7,98,40,6,8,140,362],"tags":[],"class_list":["post-13081","post","type-post","status-publish","format-standard","hentry","category-les-agressions-militaires","category-armee-israelienne","category-cisjordanie","category-crimes-contre-lhumanite","category-les-crimes-de-guerre","category-gaza","category-jerusalem","category-letat-colonial","category-repression-lautorite-palestinienne"],"yoast_head":"<!-- This site is optimized with the Yoast SEO plugin v27.3 - https:\/\/yoast.com\/product\/yoast-seo-wordpress\/ -->\n<title>Isra\u00ebl : r\u00e9duire les t\u00e9moins au silence - Charleroi Pour la Palestine<\/title>\n<meta name=\"description\" content=\"La r\u00e9cente campagne contre Breaking the Silence, B\u2019tselem et leurs semblables semble \u00eatre une man\u0153uvre visant \u00e0 les repousser depuis la marge vers le domaine de l\u2019ill\u00e9galit\u00e9.\" \/>\n<meta name=\"robots\" content=\"index, follow, max-snippet:-1, max-image-preview:large, max-video-preview:-1\" \/>\n<link rel=\"canonical\" href=\"https:\/\/charleroi-pourlapalestine.be\/index.php\/2016\/01\/09\/israel-reduire-les-temoins-au-silence\/\" \/>\n<script type=\"application\/ld+json\" class=\"yoast-schema-graph\">{\"@context\":\"https:\\\/\\\/schema.org\",\"@graph\":[{\"@type\":\"Article\",\"@id\":\"https:\\\/\\\/charleroi-pourlapalestine.be\\\/index.php\\\/2016\\\/01\\\/09\\\/israel-reduire-les-temoins-au-silence\\\/#article\",\"isPartOf\":{\"@id\":\"https:\\\/\\\/charleroi-pourlapalestine.be\\\/index.php\\\/2016\\\/01\\\/09\\\/israel-reduire-les-temoins-au-silence\\\/\"},\"author\":{\"name\":\"admin1873\",\"@id\":\"https:\\\/\\\/charleroi-pourlapalestine.be\\\/#\\\/schema\\\/person\\\/c19ff515112f1299d8c12671d8fe3faa\"},\"headline\":\"Isra\u00ebl : r\u00e9duire les t\u00e9moins au silence\",\"datePublished\":\"2016-01-09T09:49:00+00:00\",\"dateModified\":\"2020-05-24T15:06:34+00:00\",\"mainEntityOfPage\":{\"@id\":\"https:\\\/\\\/charleroi-pourlapalestine.be\\\/index.php\\\/2016\\\/01\\\/09\\\/israel-reduire-les-temoins-au-silence\\\/\"},\"wordCount\":1875,\"publisher\":{\"@id\":\"https:\\\/\\\/charleroi-pourlapalestine.be\\\/#organization\"},\"image\":{\"@id\":\"https:\\\/\\\/charleroi-pourlapalestine.be\\\/index.php\\\/2016\\\/01\\\/09\\\/israel-reduire-les-temoins-au-silence\\\/#primaryimage\"},\"thumbnailUrl\":\"https:\\\/\\\/www.pourlapalestine.be\\\/wp-content\\\/uploads\\\/2016\\\/01\\\/Breaking_the-_Silence_AFP.jpg\",\"articleSection\":[\"Agressions militaires\",\"arm\u00e9e isra\u00e9lienne\",\"Cisjordanie\",\"Crimes contre l'humanit\u00e9\",\"Crimes de guerre\",\"Gaza\",\"J\u00e9rusalem\",\"L'Etat colonial\",\"R\u00e9pression\"],\"inLanguage\":\"fr-FR\"},{\"@type\":\"WebPage\",\"@id\":\"https:\\\/\\\/charleroi-pourlapalestine.be\\\/index.php\\\/2016\\\/01\\\/09\\\/israel-reduire-les-temoins-au-silence\\\/\",\"url\":\"https:\\\/\\\/charleroi-pourlapalestine.be\\\/index.php\\\/2016\\\/01\\\/09\\\/israel-reduire-les-temoins-au-silence\\\/\",\"name\":\"Isra\u00ebl : r\u00e9duire les t\u00e9moins au silence - Charleroi Pour la Palestine\",\"isPartOf\":{\"@id\":\"https:\\\/\\\/charleroi-pourlapalestine.be\\\/#website\"},\"primaryImageOfPage\":{\"@id\":\"https:\\\/\\\/charleroi-pourlapalestine.be\\\/index.php\\\/2016\\\/01\\\/09\\\/israel-reduire-les-temoins-au-silence\\\/#primaryimage\"},\"image\":{\"@id\":\"https:\\\/\\\/charleroi-pourlapalestine.be\\\/index.php\\\/2016\\\/01\\\/09\\\/israel-reduire-les-temoins-au-silence\\\/#primaryimage\"},\"thumbnailUrl\":\"https:\\\/\\\/www.pourlapalestine.be\\\/wp-content\\\/uploads\\\/2016\\\/01\\\/Breaking_the-_Silence_AFP.jpg\",\"datePublished\":\"2016-01-09T09:49:00+00:00\",\"dateModified\":\"2020-05-24T15:06:34+00:00\",\"description\":\"La r\u00e9cente campagne contre Breaking the Silence, B\u2019tselem et leurs semblables semble \u00eatre une man\u0153uvre visant \u00e0 les repousser depuis la marge vers le domaine de l\u2019ill\u00e9galit\u00e9.\",\"breadcrumb\":{\"@id\":\"https:\\\/\\\/charleroi-pourlapalestine.be\\\/index.php\\\/2016\\\/01\\\/09\\\/israel-reduire-les-temoins-au-silence\\\/#breadcrumb\"},\"inLanguage\":\"fr-FR\",\"potentialAction\":[{\"@type\":\"ReadAction\",\"target\":[\"https:\\\/\\\/charleroi-pourlapalestine.be\\\/index.php\\\/2016\\\/01\\\/09\\\/israel-reduire-les-temoins-au-silence\\\/\"]}]},{\"@type\":\"ImageObject\",\"inLanguage\":\"fr-FR\",\"@id\":\"https:\\\/\\\/charleroi-pourlapalestine.be\\\/index.php\\\/2016\\\/01\\\/09\\\/israel-reduire-les-temoins-au-silence\\\/#primaryimage\",\"url\":\"https:\\\/\\\/www.pourlapalestine.be\\\/wp-content\\\/uploads\\\/2016\\\/01\\\/Breaking_the-_Silence_AFP.jpg\",\"contentUrl\":\"https:\\\/\\\/www.pourlapalestine.be\\\/wp-content\\\/uploads\\\/2016\\\/01\\\/Breaking_the-_Silence_AFP.jpg\"},{\"@type\":\"BreadcrumbList\",\"@id\":\"https:\\\/\\\/charleroi-pourlapalestine.be\\\/index.php\\\/2016\\\/01\\\/09\\\/israel-reduire-les-temoins-au-silence\\\/#breadcrumb\",\"itemListElement\":[{\"@type\":\"ListItem\",\"position\":1,\"name\":\"Accueil\",\"item\":\"https:\\\/\\\/charleroi-pourlapalestine.be\\\/\"},{\"@type\":\"ListItem\",\"position\":2,\"name\":\"Isra\u00ebl : r\u00e9duire les t\u00e9moins au silence\"}]},{\"@type\":\"WebSite\",\"@id\":\"https:\\\/\\\/charleroi-pourlapalestine.be\\\/#website\",\"url\":\"https:\\\/\\\/charleroi-pourlapalestine.be\\\/\",\"name\":\"Charleroi Pour la Palestine\",\"description\":\"\",\"publisher\":{\"@id\":\"https:\\\/\\\/charleroi-pourlapalestine.be\\\/#organization\"},\"potentialAction\":[{\"@type\":\"SearchAction\",\"target\":{\"@type\":\"EntryPoint\",\"urlTemplate\":\"https:\\\/\\\/charleroi-pourlapalestine.be\\\/?s={search_term_string}\"},\"query-input\":{\"@type\":\"PropertyValueSpecification\",\"valueRequired\":true,\"valueName\":\"search_term_string\"}}],\"inLanguage\":\"fr-FR\"},{\"@type\":\"Organization\",\"@id\":\"https:\\\/\\\/charleroi-pourlapalestine.be\\\/#organization\",\"name\":\"Plate-forme Charleroi-Palestine\",\"url\":\"https:\\\/\\\/charleroi-pourlapalestine.be\\\/\",\"logo\":{\"@type\":\"ImageObject\",\"inLanguage\":\"fr-FR\",\"@id\":\"https:\\\/\\\/charleroi-pourlapalestine.be\\\/#\\\/schema\\\/logo\\\/image\\\/\",\"url\":\"https:\\\/\\\/charleroi-pourlapalestine.be\\\/wp-content\\\/uploads\\\/2020\\\/01\\\/logo-Copy.jpg\",\"contentUrl\":\"https:\\\/\\\/charleroi-pourlapalestine.be\\\/wp-content\\\/uploads\\\/2020\\\/01\\\/logo-Copy.jpg\",\"width\":180,\"height\":180,\"caption\":\"Plate-forme Charleroi-Palestine\"},\"image\":{\"@id\":\"https:\\\/\\\/charleroi-pourlapalestine.be\\\/#\\\/schema\\\/logo\\\/image\\\/\"},\"sameAs\":[\"https:\\\/\\\/www.facebook.com\\\/PlateformeCharleroiPalestine\\\/\",\"https:\\\/\\\/x.com\\\/LaCharleroi\"]},{\"@type\":\"Person\",\"@id\":\"https:\\\/\\\/charleroi-pourlapalestine.be\\\/#\\\/schema\\\/person\\\/c19ff515112f1299d8c12671d8fe3faa\",\"name\":\"admin1873\",\"url\":\"https:\\\/\\\/charleroi-pourlapalestine.be\\\/index.php\\\/author\\\/admin1873\\\/\"}]}<\/script>\n<!-- \/ Yoast SEO plugin. -->","yoast_head_json":{"title":"Isra\u00ebl : r\u00e9duire les t\u00e9moins au silence - Charleroi Pour la Palestine","description":"La r\u00e9cente campagne contre Breaking the Silence, B\u2019tselem et leurs semblables semble \u00eatre une man\u0153uvre visant \u00e0 les repousser depuis la marge vers le domaine de l\u2019ill\u00e9galit\u00e9.","robots":{"index":"index","follow":"follow","max-snippet":"max-snippet:-1","max-image-preview":"max-image-preview:large","max-video-preview":"max-video-preview:-1"},"canonical":"https:\/\/charleroi-pourlapalestine.be\/index.php\/2016\/01\/09\/israel-reduire-les-temoins-au-silence\/","schema":{"@context":"https:\/\/schema.org","@graph":[{"@type":"Article","@id":"https:\/\/charleroi-pourlapalestine.be\/index.php\/2016\/01\/09\/israel-reduire-les-temoins-au-silence\/#article","isPartOf":{"@id":"https:\/\/charleroi-pourlapalestine.be\/index.php\/2016\/01\/09\/israel-reduire-les-temoins-au-silence\/"},"author":{"name":"admin1873","@id":"https:\/\/charleroi-pourlapalestine.be\/#\/schema\/person\/c19ff515112f1299d8c12671d8fe3faa"},"headline":"Isra\u00ebl : r\u00e9duire les t\u00e9moins au silence","datePublished":"2016-01-09T09:49:00+00:00","dateModified":"2020-05-24T15:06:34+00:00","mainEntityOfPage":{"@id":"https:\/\/charleroi-pourlapalestine.be\/index.php\/2016\/01\/09\/israel-reduire-les-temoins-au-silence\/"},"wordCount":1875,"publisher":{"@id":"https:\/\/charleroi-pourlapalestine.be\/#organization"},"image":{"@id":"https:\/\/charleroi-pourlapalestine.be\/index.php\/2016\/01\/09\/israel-reduire-les-temoins-au-silence\/#primaryimage"},"thumbnailUrl":"https:\/\/www.pourlapalestine.be\/wp-content\/uploads\/2016\/01\/Breaking_the-_Silence_AFP.jpg","articleSection":["Agressions militaires","arm\u00e9e isra\u00e9lienne","Cisjordanie","Crimes contre l'humanit\u00e9","Crimes de guerre","Gaza","J\u00e9rusalem","L'Etat colonial","R\u00e9pression"],"inLanguage":"fr-FR"},{"@type":"WebPage","@id":"https:\/\/charleroi-pourlapalestine.be\/index.php\/2016\/01\/09\/israel-reduire-les-temoins-au-silence\/","url":"https:\/\/charleroi-pourlapalestine.be\/index.php\/2016\/01\/09\/israel-reduire-les-temoins-au-silence\/","name":"Isra\u00ebl : r\u00e9duire les t\u00e9moins au silence - Charleroi Pour la Palestine","isPartOf":{"@id":"https:\/\/charleroi-pourlapalestine.be\/#website"},"primaryImageOfPage":{"@id":"https:\/\/charleroi-pourlapalestine.be\/index.php\/2016\/01\/09\/israel-reduire-les-temoins-au-silence\/#primaryimage"},"image":{"@id":"https:\/\/charleroi-pourlapalestine.be\/index.php\/2016\/01\/09\/israel-reduire-les-temoins-au-silence\/#primaryimage"},"thumbnailUrl":"https:\/\/www.pourlapalestine.be\/wp-content\/uploads\/2016\/01\/Breaking_the-_Silence_AFP.jpg","datePublished":"2016-01-09T09:49:00+00:00","dateModified":"2020-05-24T15:06:34+00:00","description":"La r\u00e9cente campagne contre Breaking the Silence, B\u2019tselem et leurs semblables semble \u00eatre une man\u0153uvre visant \u00e0 les repousser depuis la marge vers le domaine de l\u2019ill\u00e9galit\u00e9.","breadcrumb":{"@id":"https:\/\/charleroi-pourlapalestine.be\/index.php\/2016\/01\/09\/israel-reduire-les-temoins-au-silence\/#breadcrumb"},"inLanguage":"fr-FR","potentialAction":[{"@type":"ReadAction","target":["https:\/\/charleroi-pourlapalestine.be\/index.php\/2016\/01\/09\/israel-reduire-les-temoins-au-silence\/"]}]},{"@type":"ImageObject","inLanguage":"fr-FR","@id":"https:\/\/charleroi-pourlapalestine.be\/index.php\/2016\/01\/09\/israel-reduire-les-temoins-au-silence\/#primaryimage","url":"https:\/\/www.pourlapalestine.be\/wp-content\/uploads\/2016\/01\/Breaking_the-_Silence_AFP.jpg","contentUrl":"https:\/\/www.pourlapalestine.be\/wp-content\/uploads\/2016\/01\/Breaking_the-_Silence_AFP.jpg"},{"@type":"BreadcrumbList","@id":"https:\/\/charleroi-pourlapalestine.be\/index.php\/2016\/01\/09\/israel-reduire-les-temoins-au-silence\/#breadcrumb","itemListElement":[{"@type":"ListItem","position":1,"name":"Accueil","item":"https:\/\/charleroi-pourlapalestine.be\/"},{"@type":"ListItem","position":2,"name":"Isra\u00ebl : r\u00e9duire les t\u00e9moins au silence"}]},{"@type":"WebSite","@id":"https:\/\/charleroi-pourlapalestine.be\/#website","url":"https:\/\/charleroi-pourlapalestine.be\/","name":"Charleroi Pour la Palestine","description":"","publisher":{"@id":"https:\/\/charleroi-pourlapalestine.be\/#organization"},"potentialAction":[{"@type":"SearchAction","target":{"@type":"EntryPoint","urlTemplate":"https:\/\/charleroi-pourlapalestine.be\/?s={search_term_string}"},"query-input":{"@type":"PropertyValueSpecification","valueRequired":true,"valueName":"search_term_string"}}],"inLanguage":"fr-FR"},{"@type":"Organization","@id":"https:\/\/charleroi-pourlapalestine.be\/#organization","name":"Plate-forme Charleroi-Palestine","url":"https:\/\/charleroi-pourlapalestine.be\/","logo":{"@type":"ImageObject","inLanguage":"fr-FR","@id":"https:\/\/charleroi-pourlapalestine.be\/#\/schema\/logo\/image\/","url":"https:\/\/charleroi-pourlapalestine.be\/wp-content\/uploads\/2020\/01\/logo-Copy.jpg","contentUrl":"https:\/\/charleroi-pourlapalestine.be\/wp-content\/uploads\/2020\/01\/logo-Copy.jpg","width":180,"height":180,"caption":"Plate-forme Charleroi-Palestine"},"image":{"@id":"https:\/\/charleroi-pourlapalestine.be\/#\/schema\/logo\/image\/"},"sameAs":["https:\/\/www.facebook.com\/PlateformeCharleroiPalestine\/","https:\/\/x.com\/LaCharleroi"]},{"@type":"Person","@id":"https:\/\/charleroi-pourlapalestine.be\/#\/schema\/person\/c19ff515112f1299d8c12671d8fe3faa","name":"admin1873","url":"https:\/\/charleroi-pourlapalestine.be\/index.php\/author\/admin1873\/"}]}},"_links":{"self":[{"href":"https:\/\/charleroi-pourlapalestine.be\/index.php\/wp-json\/wp\/v2\/posts\/13081","targetHints":{"allow":["GET"]}}],"collection":[{"href":"https:\/\/charleroi-pourlapalestine.be\/index.php\/wp-json\/wp\/v2\/posts"}],"about":[{"href":"https:\/\/charleroi-pourlapalestine.be\/index.php\/wp-json\/wp\/v2\/types\/post"}],"author":[{"embeddable":true,"href":"https:\/\/charleroi-pourlapalestine.be\/index.php\/wp-json\/wp\/v2\/users\/1"}],"replies":[{"embeddable":true,"href":"https:\/\/charleroi-pourlapalestine.be\/index.php\/wp-json\/wp\/v2\/comments?post=13081"}],"version-history":[{"count":0,"href":"https:\/\/charleroi-pourlapalestine.be\/index.php\/wp-json\/wp\/v2\/posts\/13081\/revisions"}],"wp:attachment":[{"href":"https:\/\/charleroi-pourlapalestine.be\/index.php\/wp-json\/wp\/v2\/media?parent=13081"}],"wp:term":[{"taxonomy":"category","embeddable":true,"href":"https:\/\/charleroi-pourlapalestine.be\/index.php\/wp-json\/wp\/v2\/categories?post=13081"},{"taxonomy":"post_tag","embeddable":true,"href":"https:\/\/charleroi-pourlapalestine.be\/index.php\/wp-json\/wp\/v2\/tags?post=13081"}],"curies":[{"name":"wp","href":"https:\/\/api.w.org\/{rel}","templated":true}]}}