{"id":13343,"date":"2020-05-28T08:47:31","date_gmt":"2020-05-28T06:47:31","guid":{"rendered":"https:\/\/charleroi-pourlapalestine.be\/?p=13343"},"modified":"2020-05-28T11:55:00","modified_gmt":"2020-05-28T09:55:00","slug":"une-geopolitique-de-gangsters-et-les-plans-dannexion-disrael","status":"publish","type":"post","link":"https:\/\/charleroi-pourlapalestine.be\/index.php\/2020\/05\/28\/une-geopolitique-de-gangsters-et-les-plans-dannexion-disrael\/","title":{"rendered":"Une g\u00e9opolitique de gangsters et les plans d&rsquo;annexion d&rsquo;Isra\u00ebl"},"content":{"rendered":"<p>Le plan isra\u00e9lien visant \u00e0 annexer certaines parties de la Cisjordanie occup\u00e9e t\u00e9moigne d&rsquo;un m\u00e9pris choquant des lois internationales.<\/p>\n<p><strong>Richard Falk<\/strong>, 13 mai 2020<\/p>\n<div id=\"attachment_13345\" style=\"width: 579px\" class=\"wp-caption alignnone\"><img loading=\"lazy\" decoding=\"async\" aria-describedby=\"caption-attachment-13345\" class=\"wp-image-13345 size-full\" src=\"https:\/\/charleroi-pourlapalestine.be\/wp-content\/uploads\/2020\/05\/Trump-Netanyahou-e1590606102477.jpg\" alt=\"Trump-Netanyahou : les relations isra\u00e9lo-am\u00e9ricaines sont g\u00e9r\u00e9es en accord avec une \u00ab&nbsp;g\u00e9opolitique de gangsters&nbsp;\u00bb\" width=\"569\" height=\"320\"><p id=\"caption-attachment-13345\" class=\"wp-caption-text\">Washington, 28 janvier 2020.&nbsp; Donald Trump aux c\u00f4t\u00e9s de Benjamin Netanyahou avant d&rsquo;annoncer son plan pour le Moyen-Orient. [Photo : Reuters\/Brendan McDermid]<\/p><\/div>\n<p>Nous vivons une \u00e9poque des plus \u00e9trangers. Tout le monde ou presque sera d&rsquo;accord, \u00e0 ce propos.<\/p>\n<p>Les existences partout sur la plan\u00e8te sont soit isol\u00e9es les unes des autres par le Covid-19, soit d\u00e9chir\u00e9es par les effets d\u00e9vastateurs de dislocations sociales et \u00e9conomiques. En de tels moments, il n&rsquo;est gu\u00e8re surprenant que l&rsquo;on d\u00e9couvre en m\u00eame temps le meilleur et le pire de l&rsquo;humanit\u00e9.<\/p>\n<p>Pourtant, ce qui semble pire m\u00eame que ces pressentiments, c&rsquo;est la persistance d&rsquo;une g\u00e9opolitique de gangsters dans ses diverses manifestations.<\/p>\n<p>Au beau milieu de cette crise de la sant\u00e9, l&rsquo;intensification des sanctions des \u00c9tats-Unis \u00e0 l&rsquo;encontre de pays d\u00e9j\u00e0 profond\u00e9ment affect\u00e9s comme l&rsquo;Iran et le Venezuela en est un exemple frappant. Cet \u00e9talage de la primaut\u00e9 de la g\u00e9opolitique est mis en exergue par ses rejets de nombreux appels humanitaires, pourtant tr\u00e8s m\u00e9diatis\u00e9s, en faveur de la suspension des sanctions, au moins pour la dur\u00e9e de la pand\u00e9mie. Au lieu de suspension et d&#8217;empathie, nous d\u00e9couvrons un Washington absolument sourd qui intensifie presque all\u00e8grement sa politique de la<em> \u00ab pression maximale \u00bb<\/em>, en sautant avec perversit\u00e9 sur l&rsquo;occasion d&rsquo;accro\u00eetre encore le niveau de la douleur.<\/p>\n<p>Une autre histoire peu reluisante, c&rsquo;est la danse macabre isra\u00e9lienne autour de l&rsquo;ill\u00e9galit\u00e9 subversive de l&rsquo;annexion de certaines parties de la Cisjordanie occup\u00e9e promise par le Premier ministre isra\u00e9lien Benjamin Netanyahou.<\/p>\n<p>L&rsquo;insistance sur le fait que toute annexion du territoire palestinien occup\u00e9 constitue une violation directe des normes fondamentales des lois internationales ne semble plus \u00eatre prise au s\u00e9rieux. C&rsquo;est peut-\u00eatre \u00e0 cause de cela qu&rsquo;Isra\u00ebl est pr\u00eat \u00e0 proc\u00e9der \u00e0 l&rsquo;annexion sans m\u00eame tenter de proposer des justifications juridiques de son contournement de la r\u00e8gle, largement appliqu\u00e9e et interpr\u00e9t\u00e9e de fa\u00e7on rigide, voulant qu&rsquo;un \u00c9tat souverain ne soit pas autoris\u00e9 \u00e0 annexer un territoire \u00e9tranger acquis par la force.<\/p>\n<p>Cet exemple d&rsquo;annexion implique en outre un extr\u00eame d\u00e9saveu des lois humanitaires internationales reprises dans la Quatri\u00e8me Convention de Gen\u00e8ve. Elle \u00e9quivaut \u00e0 une d\u00e9marche unilat\u00e9rale d&rsquo;Isra\u00ebl visant \u00e0 modifier le statut de la terre de Cisjordanie de terre occup\u00e9e depuis 1967 pour en faire une terre sous son autorit\u00e9 territoriale souveraine. Et, de plus, le fait d&rsquo;envisager une telle annexion d\u00e9fie directement l&rsquo;autorit\u00e9 des Nations unies qui, via un consensus \u00e9crasant permanent, consid\u00e8re la pr\u00e9sence d&rsquo;Isra\u00ebl en Cisjordanie, \u00e0 J\u00e9rusalem-Est et \u00e0 Gaza comme reposant uniquement sur la force et l&rsquo;occupation, ce qui rend toute modification d\u00e9pendante au pr\u00e9alable d&rsquo;une expression autoris\u00e9e d&rsquo;un consentement palestinien, par ailleurs tr\u00e8s difficilement imaginable en quelque moment que ce soit.<\/p>\n<h3>Le <em>\u00ab&nbsp;d\u00e9bat&nbsp;\u00bb<\/em> s\u00e9curitaire isra\u00e9lien<\/h3>\n<p>Pour toutes ces raisons, il n&rsquo;est pas surprenant que m\u00eame des poids lourds isra\u00e9liens, y compris d&rsquo;anciens patrons du Mossad et du Shin Bet, ainsi que des officiers retrait\u00e9s de l&rsquo;arm\u00e9e, tirent la sonnette d&rsquo;alarme. Naturellement, personne dans ce d\u00e9bat interne isra\u00e9lien n&rsquo;a d&rsquo;objection contre l&rsquo;annexion parce qu&rsquo;elle viole les lois internationales, qu&rsquo;elle rejette l&rsquo;autorit\u00e9 de l&rsquo;ONU ou de l&rsquo;Union europ\u00e9enne, et qu&rsquo;elle ignore les droits inali\u00e9nables des Palestiniens.<\/p>\n<p>Toutes les objections \u00e0 l&rsquo;annexion venant d&rsquo;Isra\u00ebl m\u00eame sont articul\u00e9es autour d&rsquo;une r\u00e9f\u00e9rence exclusive \u00e0 une vari\u00e9t\u00e9 de pr\u00e9occupations concernant de suppos\u00e9s impacts n\u00e9gatifs sur la s\u00e9curit\u00e9 isra\u00e9lienne. En particulier, ces personnages critiques, \u00e9manant de l&rsquo;establishment s\u00e9curitaire national d&rsquo;Isra\u00ebl, sont embarrass\u00e9s parce que cela pourrait d\u00e9ranger les voisins arabes et ali\u00e9ner un peu plus encore l&rsquo;opinion publique internationale, particuli\u00e8rement en Europe. Et, jusqu&rsquo;\u00e0 un certain point, ces critiques craignent aussi que ne s&rsquo;affaiblisse la solidarit\u00e9 des Juifs am\u00e9ricains et europ\u00e9ens avec Isra\u00ebl.<\/p>\n<p>Le camp pro-annexion du d\u00e9bat politique isra\u00e9lien fait \u00e9galement \u00e9tat de consid\u00e9rations s\u00e9curitaires, particuli\u00e8rement en ce qui concerne la vall\u00e9e du Jourdain ainsi que les colonies, mais beaucoup moins. Au contraire des critiques mentionn\u00e9s plus haut, les partisans les plus ardents de l&rsquo;annexion sont les gens qui revendiquent des terres.<\/p>\n<p>Ils invoquent un droit biblique des juifs sur la Jud\u00e9e et la Samarie (internationalement connues sous le nom de Cisjordanie). Ce droit est renforc\u00e9 en faisant r\u00e9f\u00e9rence au caract\u00e8re per\u00e7u comme sacr\u00e9 des profondes traditions culturelles juives et des si\u00e8cles de connexions historiques qui ont toujours exist\u00e9 entre une petite pr\u00e9sence juive et ce pays.<\/p>\n<p>De m\u00eame que les critiques isra\u00e9liennes concernant l&rsquo;annexion, ses partisans n&rsquo;\u00e9prouvent pas le besoin d&rsquo;expliquer, ni m\u00eame de remarquer, le m\u00e9pris qu&rsquo;elle a des dol\u00e9ances et des droits des Palestiniens. Les partisans de l&rsquo;annexion n&rsquo;osent pas avancer un argument pr\u00e9tendant que les revendications juives m\u00e9ritent davantage d&rsquo;\u00eatre reconnues que ne le sont leurs concurrentes, c&rsquo;est-\u00e0-dire les revendications nationales des Palestiniens, sans nul doute parce que leur cas est vraiment tr\u00e8s faible en termes de conceptions modernes de la loi et de l&rsquo;\u00e9thique du droit \u00e0 revendiquer quelque chose.<\/p>\n<p>Comme \u00e7&rsquo;a \u00e9t\u00e9 le cas tout au long du discours sioniste, les dol\u00e9ances et aspirations palestiniennes, et m\u00eame l&rsquo;existence d&rsquo;un peuple palestinien, ne font pas partie de l&rsquo;imaginaire sioniste, sauf en tant qu&rsquo;obstacles politiques et entraves d\u00e9mographiques.<\/p>\n<p>Dans un m\u00eame temps, le sionisme n&rsquo;a jamais cess\u00e9 de se montrer tactiquement opportuniste dans l&rsquo;expos\u00e9 de l&rsquo;\u00e9tendue compl\u00e8te de son projet, au lieu de mettre l&rsquo;accent sur ce qu&rsquo;il pourrait obtenir comme \u00e9tant tout ce qu&rsquo;il d\u00e9sirerait dans le cadre de certaines circonstances donn\u00e9es.<\/p>\n<p>Quand on consid\u00e8re l&rsquo;\u00e9volution de la principale d\u00e9rive du sionisme depuis ses d\u00e9buts, l&rsquo;aspiration \u00e0 long terme \u00e0 une marginalisation des Palestiniens dans un seul \u00c9tat juif dominant, regroupant la totalit\u00e9 de la <em>\u00ab&nbsp;terre promise&nbsp;\u00bb<\/em> d&rsquo;Isra\u00ebl, n&rsquo;a jamais \u00e9t\u00e9 abandonn\u00e9e. En ce sens, le plan de partition de l&rsquo;ONU \u2013 alors qu&rsquo;\u00e0 l&rsquo;\u00e9poque, il avait \u00e9t\u00e9 accept\u00e9 comme une solution \u2013 est mieux compris comme un tremplin, une premi\u00e8re \u00e9tape vers la r\u00e9cup\u00e9ration d&rsquo;autant de terre promise que possible. Au cours des cent derni\u00e8res ann\u00e9es, vue selon une perspective sioniste, l&rsquo;utopie est devenue r\u00e9alit\u00e9, alors que, pour les Palestiniens, la r\u00e9alit\u00e9 est devenue une dystopie.<\/p>\n<h3>Une g\u00e9opolitique de gangsters<\/h3>\n<p>La fa\u00e7on dont le pr\u00e9lude \u00e0 l&rsquo;annexion est abord\u00e9 par Isra\u00ebl et les \u00c9tats-Unis est aussi consternant que le gommage sous-jacent des Palestiniens, qui seront rejet\u00e9s comme une population rebelle qu&rsquo;il convient de garder morcel\u00e9e et aussi d\u00e9sunie que possible, de sorte que sa r\u00e9sistance et ses objections puissent \u00eatre efficacement \u00e9cart\u00e9es.<\/p>\n<p>Netanyahou est parvenu \u00e0 obtenir l&rsquo;approbation de son plan d&rsquo;annexion dans un arrangement du gouvernement d&rsquo;unit\u00e9 avec son rival mu\u00e9 en partenaire de coalition, Benny Gantz. La seule pr\u00e9condition \u00e0 la proposition qu&rsquo;il est cens\u00e9 soumettre apr\u00e8s le 1er juillet \u00e9tait de conformer les contours de l&rsquo;annexion aux allocations territoriales reprises dans la fameuse proposition unilat\u00e9rale, <em>\u00ab&nbsp;De la paix \u00e0 la prosp\u00e9rit\u00e9&nbsp;\u00bb<\/em>, mise en avant par l&rsquo;administration Trump.<\/p>\n<p>M\u00eame sans la r\u00e9v\u00e9lation du plan de paix de Trump, l&rsquo;approbation tacite des Am\u00e9ricains en faveur de l&rsquo;annexion pouvait difficilement faire l&rsquo;objet d&rsquo;un doute. Elle fait suite au soutien de Trump, en mars 2019, \u00e0 l&rsquo;annexion par Isra\u00ebl des hauteurs syriennes du Golan d\u00e9j\u00e0 occup\u00e9es.<\/p>\n<p>Comme on pouvait s&rsquo;y attendre, l&rsquo;Am\u00e9rique de Donald Trump ne cr\u00e9e par de friction, ne chuchote m\u00eame pas \u00e0 l&rsquo;adresse de Netanyahou qu&rsquo;il doit au moins proposer des justifications juridiques ou des explications en vue de dissiper les effets n\u00e9gatifs de l&rsquo;annexion sur les perspectives de paix palestiniennes. Au lieu de cela, le secr\u00e9taire d&rsquo;\u00c9tat am\u00e9ricain, Mike Pompeo, a donn\u00e9 le feu vert \u00e0 l&rsquo;annexion de la Cisjordanie m\u00eame avant qu&rsquo;Isra\u00ebl ait officialis\u00e9 sa revendication, d\u00e9clarant de fa\u00e7on provocatrice qie l&rsquo;annexion \u00e9tait une question que les Isra\u00e9liens devaient d\u00e9terminer eux-m\u00eames (comme si ni les Palestiniens ni les lois internationales n&rsquo;avaient quelque importance). Et d&rsquo;ajouter que les \u00c9tats-Unis allaient communiquer leur avis en priv\u00e9 au gouvernement d&rsquo;Isra\u00ebl.<\/p>\n<p>Dans un arri\u00e8re-plan non d\u00e9voil\u00e9, la duret\u00e9 de l&rsquo;initiative de l&rsquo;annexion semble destin\u00e9e \u00e0 neutraliser l&rsquo;ONU et \u00e0 \u00e9mousser les critiques internationales \u00e0 l&rsquo;\u00e9gard d&rsquo;Isra\u00ebl. On s&rsquo;attend \u00e0 ce que l&rsquo;annexion soit salu\u00e9e par une forte rh\u00e9torique de d\u00e9nonciation de la part de plusieurs dirigeants europ\u00e9ens et, peut-\u00eatre, du pr\u00e9sum\u00e9 candidat d\u00e9mocratique \u00e0 la pr\u00e9sidence, Joe Biden, mais sans que cela s&rsquo;accompagne de la moindre pouss\u00e9e s\u00e9rieuse vers une campagne internationale en vue d&rsquo;annuler cet accaparement de la terre palestinienne.<\/p>\n<p>Sur base de l&rsquo;exp\u00e9rience pass\u00e9e, il semble vraisemblable qu&rsquo;apr\u00e8s quelques jours de couverture m\u00e9diatique, les inqui\u00e9tudes s&rsquo;att\u00e9nueront et le monde continuera \u00e0 tourner comme avant. M\u00eame les Palestiniens, d\u00e9courag\u00e9s par des ann\u00e9es d&rsquo;attente st\u00e9rile, semblent souffrir, du moins temporairement, d&rsquo;une combinaison entre la fatigue de r\u00e9sister et des initiatives de solidarit\u00e9 sans effet.<\/p>\n<p>Une telle \u00e9valuation est un signe de plus que les relations isra\u00e9lo-am\u00e9ricaines sont g\u00e9r\u00e9es en accord avec une <em>\u00ab&nbsp;g\u00e9opolitique de gangsters&nbsp;\u00bb<\/em> et sans accorder la moindre attention aux lois internationales ou \u00e0 l&rsquo;autorit\u00e9 de l&rsquo;ONU. Il s&rsquo;agit d&rsquo;un acte hautement m\u00e9prisable qui repousse les lois et la moralit\u00e9 de c\u00f4t\u00e9 tout en d\u00e9gageant par la force un espace politique en vue d&rsquo;un accaparement de terre.<\/p>\n<p>Il s&rsquo;ensuit un mod\u00e8le incroyable de comportement politique aussi bien aux \u00c9tats-Unis qu&rsquo;en Isra\u00ebl.<\/p>\n<p>Primo, il y a la nature provocatrice de la pr\u00e9tention isra\u00e9lienne \u00e0 l&rsquo;annexion. Secundo, il y a la qualification unique selon laquelle Isra\u00ebl doit obtenir un sceau g\u00e9opolitique d&rsquo;approbation de la part du gouvernement am\u00e9ricain avant d&rsquo;aller plus de l&rsquo;avant avec l&rsquo;annexion. Tertio, il y a la d\u00e9marche du gouvernement am\u00e9ricain repassant la balle \u00e0 Isra\u00ebl en disant que c&rsquo;est \u00e0 Isra\u00ebl qu&rsquo;il revient de d\u00e9cider de l&rsquo;annexion et que cela n&#8217;emp\u00eachera pas Isra\u00ebl de se voir accorder le b\u00e9n\u00e9fice de son opinion priv\u00e9e sur la question, probablement concernant la tactique du timing et de la pr\u00e9sentation de la chose et sans la moindre consid\u00e9ration pour les questions de principe.<\/p>\n<p>Il existe une m\u00e9lodie fant\u00f4me pour accompagner cette danse macabre. Isra\u00ebl ma\u00eetrise son unilat\u00e9ralisme via un geste de d\u00e9f\u00e9rence g\u00e9opolitique et, en prenant de tels grands airs, il agit comme si l&rsquo;approbation des \u00c9tats-Unis importait un peu plus qu&rsquo;un simple \u00e9talage politique de soutien. Les \u00c9tats-Unis ne mettent pas en question la logique isra\u00e9lienne, mais ils ne veulent pas accepter la responsabilit\u00e9 d&rsquo;un \u00e9talage public d&rsquo;approbation. Ils d\u00e9clarent en public qu&rsquo;Isra\u00ebl est libre d&rsquo;agir \u00e0 sa guise, tout en s&rsquo;abstenant, du moins actuellement, de toute expression en public d&rsquo;une approbation ou d&rsquo;une d\u00e9sapprobation \u00e0 propos de l&rsquo;annexion.<\/p>\n<p>Quant \u00e0 savoir si cela causera des probl\u00e8mes \u00e0 l&rsquo;approche du rendez-vous de juillet, c&rsquo;est improbable, surtout qu&rsquo;Isra\u00ebl va pr\u00e9senter l&rsquo;annexion comme une concr\u00e9tisation partielle des propositions de Trump.<\/p>\n<p>Je soup\u00e7onne que le message <em>\u00ab&nbsp;priv\u00e9&nbsp;\u00bb<\/em> des \u00c9tats-Unis sera un message d&rsquo;approbation discr\u00e8te, dont Netanyahou dira sans aucun doute qu&rsquo;il satisfait \u00e0 l&rsquo;accord avec Gantz.<\/p>\n<p>Ce qui ressort ici, c&rsquo;est l&rsquo;arrogance de la politique d&rsquo;annexion. Non seulement, les r\u00e8gles et proc\u00e9dures de l&rsquo;ordre public mondial sont repouss\u00e9es sur le c\u00f4t\u00e9, mais, en outre, le discours interne sur le transfert des droits est appliqu\u00e9 comme si les gens qui en \u00e9taient les plus affect\u00e9s n&rsquo;avaient aucune importance. Un genre d&rsquo; <em>\u00ab&nbsp;orientalisme interne&nbsp;\u00bb<\/em>, en quelque sorte. Telle est la r\u00e9alit\u00e9 d&rsquo;une g\u00e9opolitique de gangsters.<\/p>\n<hr>\n<p>Publi\u00e9 le 13 mai 2020 sur <a href=\"https:\/\/www.aljazeera.com\/indepth\/opinion\/gangster-geopolitics-israel-annexation-plans-200511154825347.html\" target=\"_blank\" rel=\"noopener noreferrer\">Al Jazeera<\/a><br \/>\nTraduction : Jean-Marie Fl\u00e9mal<\/p>\n<p><img loading=\"lazy\" decoding=\"async\" class=\"alignleft wp-image-1256 size-thumbnail\" src=\"https:\/\/www.pourlapalestine.be\/wp-content\/uploads\/2015\/09\/richard-falk_532x288-150x150.jpg\" width=\"150\" height=\"150\"><strong>Richard Falk<\/strong>&nbsp;est un sp\u00e9cialiste en droit international et relations internationales qui a enseign\u00e9 \u00e0 l\u2019universit\u00e9 de Princeton pendant 40 ans. A partir de 2002, il a v\u00e9cu \u00e0 Santa Barbara, en Californie, et enseign\u00e9 \u00e0 la branche locale de l\u2019universit\u00e9 de Californie dans le d\u00e9partement d\u2019Etudes globales et internationales. Depuis 2005, il appartient au Bureau de la Fondation pour la paix \u00e0 l\u2019\u00e2ge nucl\u00e9aire (Nuclear Age Peace Foundation). En 2008, il a \u00e9t\u00e9 nomm\u00e9 par l\u2019ONU pour un mandat de six ans en tant que Rapporteur sp\u00e9cial sur les droits de l\u2019homme dans les territoires palestiniens.<\/p>\n<p><a href=\"https:\/\/charleroi-pourlapalestine.be\/index.php\/tag\/richard-falk\/\" target=\"_blank\" rel=\"noopener noreferrer\">Trouvez ici d\u2019articles de Richard Falk ou le concernant, publi\u00e9s sur ce site<\/a><\/p>\n","protected":false},"excerpt":{"rendered":"<p>Richard Falk : La politique d&rsquo;annexion r\u00e9v\u00e8le un genre d&rsquo;\u00ab orientalisme interne \u00bb, en quelque sorte. Telle est la r\u00e9alit\u00e9 d&rsquo;une g\u00e9opolitique de gangsters.<\/p>\n","protected":false},"author":1,"featured_media":0,"comment_status":"closed","ping_status":"closed","sticky":false,"template":"","format":"standard","meta":{"ngg_post_thumbnail":0,"footnotes":""},"categories":[496,7,412,164,42,52,142,126,50,38,527],"tags":[],"class_list":["post-13343","post","type-post","status-publish","format-standard","hentry","category-annexation","category-cisjordanie","category-coronavirus","category-droit-international","category-letat-juif","category-la-cour-penale-internationale","category-iran","category-israel","category-les-nations-unies","category-le-sionisme","category-venezuela"],"yoast_head":"<!-- This site is optimized with the Yoast SEO plugin v27.3 - https:\/\/yoast.com\/product\/yoast-seo-wordpress\/ -->\n<title>Une g\u00e9opolitique de gangsters et les plans d&#039;annexion d&#039;Isra\u00ebl<\/title>\n<meta name=\"description\" content=\"Richard Falk : La politique d&#039;annexion r\u00e9v\u00e8le un genre d&#039;\u00ab orientalisme interne \u00bb, en quelque sorte. Telle est la r\u00e9alit\u00e9 d&#039;une g\u00e9opolitique de gangsters.\" \/>\n<meta name=\"robots\" content=\"index, follow, max-snippet:-1, max-image-preview:large, max-video-preview:-1\" \/>\n<link rel=\"canonical\" href=\"https:\/\/charleroi-pourlapalestine.be\/index.php\/2020\/05\/28\/une-geopolitique-de-gangsters-et-les-plans-dannexion-disrael\/\" \/>\n<script type=\"application\/ld+json\" class=\"yoast-schema-graph\">{\"@context\":\"https:\\\/\\\/schema.org\",\"@graph\":[{\"@type\":\"Article\",\"@id\":\"https:\\\/\\\/charleroi-pourlapalestine.be\\\/index.php\\\/2020\\\/05\\\/28\\\/une-geopolitique-de-gangsters-et-les-plans-dannexion-disrael\\\/#article\",\"isPartOf\":{\"@id\":\"https:\\\/\\\/charleroi-pourlapalestine.be\\\/index.php\\\/2020\\\/05\\\/28\\\/une-geopolitique-de-gangsters-et-les-plans-dannexion-disrael\\\/\"},\"author\":{\"name\":\"admin1873\",\"@id\":\"https:\\\/\\\/charleroi-pourlapalestine.be\\\/#\\\/schema\\\/person\\\/c19ff515112f1299d8c12671d8fe3faa\"},\"headline\":\"Une g\u00e9opolitique de gangsters et les plans d&rsquo;annexion d&rsquo;Isra\u00ebl\",\"datePublished\":\"2020-05-28T06:47:31+00:00\",\"dateModified\":\"2020-05-28T09:55:00+00:00\",\"mainEntityOfPage\":{\"@id\":\"https:\\\/\\\/charleroi-pourlapalestine.be\\\/index.php\\\/2020\\\/05\\\/28\\\/une-geopolitique-de-gangsters-et-les-plans-dannexion-disrael\\\/\"},\"wordCount\":2336,\"publisher\":{\"@id\":\"https:\\\/\\\/charleroi-pourlapalestine.be\\\/#organization\"},\"image\":{\"@id\":\"https:\\\/\\\/charleroi-pourlapalestine.be\\\/index.php\\\/2020\\\/05\\\/28\\\/une-geopolitique-de-gangsters-et-les-plans-dannexion-disrael\\\/#primaryimage\"},\"thumbnailUrl\":\"https:\\\/\\\/charleroi-pourlapalestine.be\\\/wp-content\\\/uploads\\\/2020\\\/05\\\/Trump-Netanyahou-e1590606102477.jpg\",\"articleSection\":[\"Annexion\",\"Cisjordanie\",\"Coronavirus\",\"Droit international\",\"Etat juif\",\"Etats-Unis\",\"Iran\",\"Isra\u00ebl\",\"Nations Unies\",\"Sionisme\",\"Venezuela\"],\"inLanguage\":\"fr-FR\"},{\"@type\":\"WebPage\",\"@id\":\"https:\\\/\\\/charleroi-pourlapalestine.be\\\/index.php\\\/2020\\\/05\\\/28\\\/une-geopolitique-de-gangsters-et-les-plans-dannexion-disrael\\\/\",\"url\":\"https:\\\/\\\/charleroi-pourlapalestine.be\\\/index.php\\\/2020\\\/05\\\/28\\\/une-geopolitique-de-gangsters-et-les-plans-dannexion-disrael\\\/\",\"name\":\"Une g\u00e9opolitique de gangsters et les plans d'annexion d'Isra\u00ebl\",\"isPartOf\":{\"@id\":\"https:\\\/\\\/charleroi-pourlapalestine.be\\\/#website\"},\"primaryImageOfPage\":{\"@id\":\"https:\\\/\\\/charleroi-pourlapalestine.be\\\/index.php\\\/2020\\\/05\\\/28\\\/une-geopolitique-de-gangsters-et-les-plans-dannexion-disrael\\\/#primaryimage\"},\"image\":{\"@id\":\"https:\\\/\\\/charleroi-pourlapalestine.be\\\/index.php\\\/2020\\\/05\\\/28\\\/une-geopolitique-de-gangsters-et-les-plans-dannexion-disrael\\\/#primaryimage\"},\"thumbnailUrl\":\"https:\\\/\\\/charleroi-pourlapalestine.be\\\/wp-content\\\/uploads\\\/2020\\\/05\\\/Trump-Netanyahou-e1590606102477.jpg\",\"datePublished\":\"2020-05-28T06:47:31+00:00\",\"dateModified\":\"2020-05-28T09:55:00+00:00\",\"description\":\"Richard Falk : La politique d'annexion r\u00e9v\u00e8le un genre d'\u00ab orientalisme interne \u00bb, en quelque sorte. Telle est la r\u00e9alit\u00e9 d'une g\u00e9opolitique de gangsters.\",\"breadcrumb\":{\"@id\":\"https:\\\/\\\/charleroi-pourlapalestine.be\\\/index.php\\\/2020\\\/05\\\/28\\\/une-geopolitique-de-gangsters-et-les-plans-dannexion-disrael\\\/#breadcrumb\"},\"inLanguage\":\"fr-FR\",\"potentialAction\":[{\"@type\":\"ReadAction\",\"target\":[\"https:\\\/\\\/charleroi-pourlapalestine.be\\\/index.php\\\/2020\\\/05\\\/28\\\/une-geopolitique-de-gangsters-et-les-plans-dannexion-disrael\\\/\"]}]},{\"@type\":\"ImageObject\",\"inLanguage\":\"fr-FR\",\"@id\":\"https:\\\/\\\/charleroi-pourlapalestine.be\\\/index.php\\\/2020\\\/05\\\/28\\\/une-geopolitique-de-gangsters-et-les-plans-dannexion-disrael\\\/#primaryimage\",\"url\":\"https:\\\/\\\/charleroi-pourlapalestine.be\\\/wp-content\\\/uploads\\\/2020\\\/05\\\/Trump-Netanyahou-e1590606102477.jpg\",\"contentUrl\":\"https:\\\/\\\/charleroi-pourlapalestine.be\\\/wp-content\\\/uploads\\\/2020\\\/05\\\/Trump-Netanyahou-e1590606102477.jpg\"},{\"@type\":\"BreadcrumbList\",\"@id\":\"https:\\\/\\\/charleroi-pourlapalestine.be\\\/index.php\\\/2020\\\/05\\\/28\\\/une-geopolitique-de-gangsters-et-les-plans-dannexion-disrael\\\/#breadcrumb\",\"itemListElement\":[{\"@type\":\"ListItem\",\"position\":1,\"name\":\"Accueil\",\"item\":\"https:\\\/\\\/charleroi-pourlapalestine.be\\\/\"},{\"@type\":\"ListItem\",\"position\":2,\"name\":\"Une g\u00e9opolitique de gangsters et les plans d&#8217;annexion d&#8217;Isra\u00ebl\"}]},{\"@type\":\"WebSite\",\"@id\":\"https:\\\/\\\/charleroi-pourlapalestine.be\\\/#website\",\"url\":\"https:\\\/\\\/charleroi-pourlapalestine.be\\\/\",\"name\":\"Charleroi Pour la Palestine\",\"description\":\"\",\"publisher\":{\"@id\":\"https:\\\/\\\/charleroi-pourlapalestine.be\\\/#organization\"},\"potentialAction\":[{\"@type\":\"SearchAction\",\"target\":{\"@type\":\"EntryPoint\",\"urlTemplate\":\"https:\\\/\\\/charleroi-pourlapalestine.be\\\/?s={search_term_string}\"},\"query-input\":{\"@type\":\"PropertyValueSpecification\",\"valueRequired\":true,\"valueName\":\"search_term_string\"}}],\"inLanguage\":\"fr-FR\"},{\"@type\":\"Organization\",\"@id\":\"https:\\\/\\\/charleroi-pourlapalestine.be\\\/#organization\",\"name\":\"Plate-forme Charleroi-Palestine\",\"url\":\"https:\\\/\\\/charleroi-pourlapalestine.be\\\/\",\"logo\":{\"@type\":\"ImageObject\",\"inLanguage\":\"fr-FR\",\"@id\":\"https:\\\/\\\/charleroi-pourlapalestine.be\\\/#\\\/schema\\\/logo\\\/image\\\/\",\"url\":\"https:\\\/\\\/charleroi-pourlapalestine.be\\\/wp-content\\\/uploads\\\/2020\\\/01\\\/logo-Copy.jpg\",\"contentUrl\":\"https:\\\/\\\/charleroi-pourlapalestine.be\\\/wp-content\\\/uploads\\\/2020\\\/01\\\/logo-Copy.jpg\",\"width\":180,\"height\":180,\"caption\":\"Plate-forme Charleroi-Palestine\"},\"image\":{\"@id\":\"https:\\\/\\\/charleroi-pourlapalestine.be\\\/#\\\/schema\\\/logo\\\/image\\\/\"},\"sameAs\":[\"https:\\\/\\\/www.facebook.com\\\/PlateformeCharleroiPalestine\\\/\",\"https:\\\/\\\/x.com\\\/LaCharleroi\"]},{\"@type\":\"Person\",\"@id\":\"https:\\\/\\\/charleroi-pourlapalestine.be\\\/#\\\/schema\\\/person\\\/c19ff515112f1299d8c12671d8fe3faa\",\"name\":\"admin1873\",\"url\":\"https:\\\/\\\/charleroi-pourlapalestine.be\\\/index.php\\\/author\\\/admin1873\\\/\"}]}<\/script>\n<!-- \/ Yoast SEO plugin. -->","yoast_head_json":{"title":"Une g\u00e9opolitique de gangsters et les plans d'annexion d'Isra\u00ebl","description":"Richard Falk : La politique d'annexion r\u00e9v\u00e8le un genre d'\u00ab orientalisme interne \u00bb, en quelque sorte. Telle est la r\u00e9alit\u00e9 d'une g\u00e9opolitique de gangsters.","robots":{"index":"index","follow":"follow","max-snippet":"max-snippet:-1","max-image-preview":"max-image-preview:large","max-video-preview":"max-video-preview:-1"},"canonical":"https:\/\/charleroi-pourlapalestine.be\/index.php\/2020\/05\/28\/une-geopolitique-de-gangsters-et-les-plans-dannexion-disrael\/","schema":{"@context":"https:\/\/schema.org","@graph":[{"@type":"Article","@id":"https:\/\/charleroi-pourlapalestine.be\/index.php\/2020\/05\/28\/une-geopolitique-de-gangsters-et-les-plans-dannexion-disrael\/#article","isPartOf":{"@id":"https:\/\/charleroi-pourlapalestine.be\/index.php\/2020\/05\/28\/une-geopolitique-de-gangsters-et-les-plans-dannexion-disrael\/"},"author":{"name":"admin1873","@id":"https:\/\/charleroi-pourlapalestine.be\/#\/schema\/person\/c19ff515112f1299d8c12671d8fe3faa"},"headline":"Une g\u00e9opolitique de gangsters et les plans d&rsquo;annexion d&rsquo;Isra\u00ebl","datePublished":"2020-05-28T06:47:31+00:00","dateModified":"2020-05-28T09:55:00+00:00","mainEntityOfPage":{"@id":"https:\/\/charleroi-pourlapalestine.be\/index.php\/2020\/05\/28\/une-geopolitique-de-gangsters-et-les-plans-dannexion-disrael\/"},"wordCount":2336,"publisher":{"@id":"https:\/\/charleroi-pourlapalestine.be\/#organization"},"image":{"@id":"https:\/\/charleroi-pourlapalestine.be\/index.php\/2020\/05\/28\/une-geopolitique-de-gangsters-et-les-plans-dannexion-disrael\/#primaryimage"},"thumbnailUrl":"https:\/\/charleroi-pourlapalestine.be\/wp-content\/uploads\/2020\/05\/Trump-Netanyahou-e1590606102477.jpg","articleSection":["Annexion","Cisjordanie","Coronavirus","Droit international","Etat juif","Etats-Unis","Iran","Isra\u00ebl","Nations Unies","Sionisme","Venezuela"],"inLanguage":"fr-FR"},{"@type":"WebPage","@id":"https:\/\/charleroi-pourlapalestine.be\/index.php\/2020\/05\/28\/une-geopolitique-de-gangsters-et-les-plans-dannexion-disrael\/","url":"https:\/\/charleroi-pourlapalestine.be\/index.php\/2020\/05\/28\/une-geopolitique-de-gangsters-et-les-plans-dannexion-disrael\/","name":"Une g\u00e9opolitique de gangsters et les plans d'annexion d'Isra\u00ebl","isPartOf":{"@id":"https:\/\/charleroi-pourlapalestine.be\/#website"},"primaryImageOfPage":{"@id":"https:\/\/charleroi-pourlapalestine.be\/index.php\/2020\/05\/28\/une-geopolitique-de-gangsters-et-les-plans-dannexion-disrael\/#primaryimage"},"image":{"@id":"https:\/\/charleroi-pourlapalestine.be\/index.php\/2020\/05\/28\/une-geopolitique-de-gangsters-et-les-plans-dannexion-disrael\/#primaryimage"},"thumbnailUrl":"https:\/\/charleroi-pourlapalestine.be\/wp-content\/uploads\/2020\/05\/Trump-Netanyahou-e1590606102477.jpg","datePublished":"2020-05-28T06:47:31+00:00","dateModified":"2020-05-28T09:55:00+00:00","description":"Richard Falk : La politique d'annexion r\u00e9v\u00e8le un genre d'\u00ab orientalisme interne \u00bb, en quelque sorte. Telle est la r\u00e9alit\u00e9 d'une g\u00e9opolitique de gangsters.","breadcrumb":{"@id":"https:\/\/charleroi-pourlapalestine.be\/index.php\/2020\/05\/28\/une-geopolitique-de-gangsters-et-les-plans-dannexion-disrael\/#breadcrumb"},"inLanguage":"fr-FR","potentialAction":[{"@type":"ReadAction","target":["https:\/\/charleroi-pourlapalestine.be\/index.php\/2020\/05\/28\/une-geopolitique-de-gangsters-et-les-plans-dannexion-disrael\/"]}]},{"@type":"ImageObject","inLanguage":"fr-FR","@id":"https:\/\/charleroi-pourlapalestine.be\/index.php\/2020\/05\/28\/une-geopolitique-de-gangsters-et-les-plans-dannexion-disrael\/#primaryimage","url":"https:\/\/charleroi-pourlapalestine.be\/wp-content\/uploads\/2020\/05\/Trump-Netanyahou-e1590606102477.jpg","contentUrl":"https:\/\/charleroi-pourlapalestine.be\/wp-content\/uploads\/2020\/05\/Trump-Netanyahou-e1590606102477.jpg"},{"@type":"BreadcrumbList","@id":"https:\/\/charleroi-pourlapalestine.be\/index.php\/2020\/05\/28\/une-geopolitique-de-gangsters-et-les-plans-dannexion-disrael\/#breadcrumb","itemListElement":[{"@type":"ListItem","position":1,"name":"Accueil","item":"https:\/\/charleroi-pourlapalestine.be\/"},{"@type":"ListItem","position":2,"name":"Une g\u00e9opolitique de gangsters et les plans d&#8217;annexion d&#8217;Isra\u00ebl"}]},{"@type":"WebSite","@id":"https:\/\/charleroi-pourlapalestine.be\/#website","url":"https:\/\/charleroi-pourlapalestine.be\/","name":"Charleroi Pour la Palestine","description":"","publisher":{"@id":"https:\/\/charleroi-pourlapalestine.be\/#organization"},"potentialAction":[{"@type":"SearchAction","target":{"@type":"EntryPoint","urlTemplate":"https:\/\/charleroi-pourlapalestine.be\/?s={search_term_string}"},"query-input":{"@type":"PropertyValueSpecification","valueRequired":true,"valueName":"search_term_string"}}],"inLanguage":"fr-FR"},{"@type":"Organization","@id":"https:\/\/charleroi-pourlapalestine.be\/#organization","name":"Plate-forme Charleroi-Palestine","url":"https:\/\/charleroi-pourlapalestine.be\/","logo":{"@type":"ImageObject","inLanguage":"fr-FR","@id":"https:\/\/charleroi-pourlapalestine.be\/#\/schema\/logo\/image\/","url":"https:\/\/charleroi-pourlapalestine.be\/wp-content\/uploads\/2020\/01\/logo-Copy.jpg","contentUrl":"https:\/\/charleroi-pourlapalestine.be\/wp-content\/uploads\/2020\/01\/logo-Copy.jpg","width":180,"height":180,"caption":"Plate-forme Charleroi-Palestine"},"image":{"@id":"https:\/\/charleroi-pourlapalestine.be\/#\/schema\/logo\/image\/"},"sameAs":["https:\/\/www.facebook.com\/PlateformeCharleroiPalestine\/","https:\/\/x.com\/LaCharleroi"]},{"@type":"Person","@id":"https:\/\/charleroi-pourlapalestine.be\/#\/schema\/person\/c19ff515112f1299d8c12671d8fe3faa","name":"admin1873","url":"https:\/\/charleroi-pourlapalestine.be\/index.php\/author\/admin1873\/"}]}},"_links":{"self":[{"href":"https:\/\/charleroi-pourlapalestine.be\/index.php\/wp-json\/wp\/v2\/posts\/13343","targetHints":{"allow":["GET"]}}],"collection":[{"href":"https:\/\/charleroi-pourlapalestine.be\/index.php\/wp-json\/wp\/v2\/posts"}],"about":[{"href":"https:\/\/charleroi-pourlapalestine.be\/index.php\/wp-json\/wp\/v2\/types\/post"}],"author":[{"embeddable":true,"href":"https:\/\/charleroi-pourlapalestine.be\/index.php\/wp-json\/wp\/v2\/users\/1"}],"replies":[{"embeddable":true,"href":"https:\/\/charleroi-pourlapalestine.be\/index.php\/wp-json\/wp\/v2\/comments?post=13343"}],"version-history":[{"count":0,"href":"https:\/\/charleroi-pourlapalestine.be\/index.php\/wp-json\/wp\/v2\/posts\/13343\/revisions"}],"wp:attachment":[{"href":"https:\/\/charleroi-pourlapalestine.be\/index.php\/wp-json\/wp\/v2\/media?parent=13343"}],"wp:term":[{"taxonomy":"category","embeddable":true,"href":"https:\/\/charleroi-pourlapalestine.be\/index.php\/wp-json\/wp\/v2\/categories?post=13343"},{"taxonomy":"post_tag","embeddable":true,"href":"https:\/\/charleroi-pourlapalestine.be\/index.php\/wp-json\/wp\/v2\/tags?post=13343"}],"curies":[{"name":"wp","href":"https:\/\/api.w.org\/{rel}","templated":true}]}}