{"id":14537,"date":"2020-06-22T16:53:49","date_gmt":"2020-06-22T14:53:49","guid":{"rendered":"https:\/\/charleroi-pourlapalestine.be\/?p=14537"},"modified":"2020-06-24T11:13:01","modified_gmt":"2020-06-24T09:13:01","slug":"badil-declaration-sur-le-financement-conditionnel-de-lue","status":"publish","type":"post","link":"https:\/\/charleroi-pourlapalestine.be\/index.php\/2020\/06\/22\/badil-declaration-sur-le-financement-conditionnel-de-lue\/","title":{"rendered":"Badil : d\u00e9claration sur le financement  conditionnel de l&rsquo;UE"},"content":{"rendered":"<p><strong>Bethl\u00e9em, Palestine, 7 mai 2020. BADIL, <em>Resource Center for Palestinian Residency and Refugee Rights (Centre de Ressource pour la Protections des Palestiniens et sur les Droits de R\u00e9fugi\u00e9s)<\/em> publie sa toute derni\u00e8re <a href=\"http:\/\/www.badil.org\/phocadownloadpap\/badil-new\/publications\/research\/in-focus\/EuropeanUnionConditionalFunding(PositionPaper-April2020).pdf\" target=\"_blank\" rel=\"noopener noreferrer\">d\u00e9claration de principe<\/a>, intitul\u00e9e : <em>Le financement conditionnel de l\u2019Union europ\u00e9enne : son ill\u00e9galit\u00e9 et ses implications politiques.<\/em><\/strong><\/p>\n<p><img loading=\"lazy\" decoding=\"async\" class=\"alignleft wp-image-14549 size-medium\" src=\"https:\/\/charleroi-pourlapalestine.be\/wp-content\/uploads\/2020\/06\/PPCF-212x300.png\" alt=\"La d\u00e9claration de Badil : Le financement conditionnel de l\u2019Union europ\u00e9enne : son ill\u00e9galit\u00e9 et ses implications politiques.\" width=\"212\" height=\"300\" srcset=\"https:\/\/charleroi-pourlapalestine.be\/wp-content\/uploads\/2020\/06\/PPCF-212x300.png 212w, https:\/\/charleroi-pourlapalestine.be\/wp-content\/uploads\/2020\/06\/PPCF.png 650w\" sizes=\"auto, (max-width: 212px) 100vw, 212px\" \/><\/p>\n<p>Ce texte fournit une analyse en profondeur de la l\u00e9galit\u00e9 et des implications politiques de l\u2019<strong>Article 1.5 bis<\/strong> impos\u00e9 dans l\u2019Annexe II des Conditions g\u00e9n\u00e9rales applicables aux<strong> contrats de subventions financ\u00e9es par l\u2019Union europ\u00e9enne pour des actions ext\u00e9rieures.<\/strong><\/p>\n<p>Cette analyse s\u2019appuie \u00e0 la fois sur les<strong> lois internationales<\/strong> et sur les <strong>lois internes de la Palestine.<\/strong> Elle fournit un contexte juridique et politique au caract\u00e8re inacceptable de l\u2019imposition de l\u2019article susmentionn\u00e9 et aux arguments et pr\u00e9occupations des Palestiniens vis-\u00e0-vis des exigences formul\u00e9es par l\u2019Union europ\u00e9enne (UE).<\/p>\n<p>Le texte d\u00e9montre que le fait d\u2019imposer un financement soumis \u00e0 des <strong>conditions politiques \u00e0 des OSC (organisations de la soci\u00e9t\u00e9 civile<\/strong>) luttant pour le droit \u00e0 l\u2019autod\u00e9termination d\u2019un peuple opprim\u00e9 et colonis\u00e9 n\u2019est pas seulement inacceptable moralement et politiquement, mais est de plus ill\u00e9gal par rapport aux lois internationales. En particulier&nbsp;:<\/p>\n<p>Bien qu\u2019en accord avec le renforcement permanent du r\u00e9gime de contre-terrorisme au sein de l\u2019UE, l\u2019Article 1.5 bis n\u2019a \u00e9t\u00e9 inclus qu\u2019en 2019 et dans les seuls contrats de subsides avec les OSC palestiniennes&nbsp;; et il constitue <strong>un pr\u00e9c\u00e9dent inqui\u00e9tant<\/strong> qui sape la confiance sur laquelle s\u2019appuient les relations entre l\u2019UE et la Palestine.<\/p>\n<p>L\u2019Article 1.5 bis impose une nouvelle obligation aux r\u00e9cipiendaires palestiniens de subsides, puisqu\u2019il provoque l\u2019application de mesures restrictives de l\u2019UE en screenant et en examinant les all\u00e9es et venues du peuple m\u00eame des OSC palestiniens, c\u2019est-\u00e0-dire les Palestiniens.<\/p>\n<p>En imposant de telles conditions aux b\u00e9n\u00e9ficiaires palestiniens de subsides, l\u2019UE demande de fa\u00e7on inadmissible aux OSC palestiniennes de<strong> contr\u00f4ler et de rappeler \u00e0 l\u2019ordre leur homologues palestiniennes<\/strong> et d\u2019appliquer pour ce faire <strong>le cadre europ\u00e9en sur le plan du contre-terrorisme.<\/strong><\/p>\n<p>L\u2019Article 1.5 bis est non seulement en d\u00e9saccord avec les principes de l\u2019action humanitaire, mais aussi avec les droits humains l\u00e9gitimes du peuple palestinien tels que reconnus par les lois internationales, y compris le droit \u00e0 l\u2019autod\u00e9termination et le droit de r\u00e9sister par n\u2019importe quel moyen l\u00e9gitime \u00e0 l\u2019oppression, l\u2019occupation, la colonisation et l\u2019apartheid impos\u00e9s par une puissance \u00e9trang\u00e8re.<\/p>\n<p>L\u2019actuel cadre du contre-terrorisme impos\u00e9 \u00e0 la soci\u00e9t\u00e9 civile palestinienne par le biais de l\u2019Article 1.5 bis <strong>criminalise<\/strong> la lutte du peuple palestinien pour son droit \u00e0 l\u2019autod\u00e9termination, contribue \u00e0 la d\u00e9politisation et \u00e0 l\u2019ali\u00e9nation de la soci\u00e9t\u00e9 civile palestinienne et ignore le droit du peuple palestinien \u00e0 une r\u00e9sistance l\u00e9gitime.<\/p>\n<h4>L\u2019Article 1.5 bis est en contradiction avec la loi palestinienne qui interdit le financement politique conditionnel<\/h4>\n<p>L\u2019Article 1.5 bis est en contradiction avec la loi palestinienne qui interdit le financement politique conditionnel, en imposant par cons\u00e9quent<strong> un dilemme juridique et moral inacceptable<\/strong> aux OSC palestiniennes vis-\u00e0-vis de leur propre l\u00e9gislation domestique.<\/p>\n<p>Etant donn\u00e9 que l\u2019Article 1.5 bis refl\u00e8te l\u2019actuelle politique de l\u2019UE en mati\u00e8re de contre-terrorisme, largement influenc\u00e9e en cela par les <strong>Etats-Unis et Isra\u00ebl<\/strong>, il existe des preuves solides soutenant <strong>la possible escalade des mesures visant les organisations de la soci\u00e9t\u00e9 civile palestinienne<\/strong> et situant leur travail dans le cadre du terrorisme afin de les discr\u00e9diter.<\/p>\n<p>Bien que pr\u00e9sent\u00e9 de fa\u00e7on inoffensive et alors qu\u2019aucune personne palestinienne ne figure nomm\u00e9ment sur les listes de sanctions de l\u2019UE, <strong>l\u2019Article 1.5 bis pourrait avoir de graves cons\u00e9quences<\/strong>, puisqu\u2019il pose<strong> les bases d\u2019un syst\u00e8me de screening et d\u2019examen g\u00e9n\u00e9ralis\u00e9s de l\u2019ensemble de la soci\u00e9t\u00e9 civile palestinienne.<\/strong><\/p>\n<p>Si on la compare aux conditions de l<strong>\u2019USAID<\/strong> impos\u00e9es au d\u00e9but du 21e si\u00e8cle,<strong> l\u2019imposition par l\u2019UE d\u2019un cadre terroriste&nbsp;\u00e0 la soci\u00e9t\u00e9 civile palestinienne a eu lieu plus tard, mais suit n\u00e9anmoins le cadre antiterroriste de plus en plus restrictif qu\u2019ont impos\u00e9 les Etats-Unis.&nbsp;<\/strong><\/p>\n<p>En somme, l\u2019Article 1.5 bis <strong>discr\u00e9dite non seulement la lutte l\u00e9gitime du peuple palestinien<\/strong> en vue de r\u00e9aliser son droit \u00e0 l\u2019autod\u00e9termination vis-\u00e0-vis de&nbsp;la communaut\u00e9 internationale mais, surtout, <strong>il d\u00e9shonore les OSC palestiniennes<\/strong> \u00e0 un niveau national en mettant \u00e0 mal l\u2019int\u00e9grit\u00e9 et la cr\u00e9dibilit\u00e9 des OSC palestiniennes parmi la communaut\u00e9 palestinienne, rompant de la sorte des relations solides et essentielles entre des partenaires, ce qui, d\u00e8s lors, facilite la fragmentation de la soci\u00e9t\u00e9 civile palestinienne et consolide l\u2019isolement des OSC palestiniennes.<\/p>\n<p>Une version en arabe de cette d\u00e9claration de principe est en cours de r\u00e9alisation.<\/p>\n<hr>\n<p>Publi\u00e9 le 7 mai 2020 sur <a href=\"https:\/\/www.badil.org\/en\/publication\/press-releases\/92-2020\/5068-pr-en-070520-16.html\" target=\"_blank\" rel=\"noopener noreferrer\">Badil<\/a><br \/>\nTraduction : Jean-Marie Fl\u00e9mal<\/p>\n<p><strong>Lisez \u00e9galement : <a href=\"https:\/\/charleroi-pourlapalestine.be\/index.php\/2020\/04\/08\/apres-wadie-haddad-la-guerre-contre-la-terreur-et-la-resistance\/\">Apr\u00e8s Wadie Haddad : La \u00abguerre contre la terreur\u00bb et la r\u00e9sistance<\/a><\/strong><\/p>\n","protected":false},"excerpt":{"rendered":"<p>L\u2019actuel cadre du contre-terrorisme impos\u00e9 \u00e0 la soci\u00e9t\u00e9 civile palestinienne  criminalise la lutte du peuple palestinien pour son droit \u00e0 l\u2019autod\u00e9termination<\/p>\n","protected":false},"author":1,"featured_media":14609,"comment_status":"closed","ping_status":"closed","sticky":false,"template":"","format":"standard","meta":{"ngg_post_thumbnail":0,"footnotes":""},"categories":[454,185],"tags":[],"class_list":["post-14537","post","type-post","status-publish","format-standard","has-post-thumbnail","hentry","category-criminalisation","category-union-europeenne"],"yoast_head":"<!-- This site is optimized with the Yoast SEO plugin v27.3 - https:\/\/yoast.com\/product\/yoast-seo-wordpress\/ -->\n<title>Badil : d\u00e9claration sur le financement conditionnel de l&#039;UE<\/title>\n<meta name=\"description\" content=\"L\u2019actuel cadre du contre-terrorisme impos\u00e9 \u00e0 la soci\u00e9t\u00e9 civile palestinienne criminalise la lutte du peuple palestinien pour son droit \u00e0 l\u2019autod\u00e9termination\" \/>\n<meta name=\"robots\" content=\"index, follow, max-snippet:-1, max-image-preview:large, max-video-preview:-1\" \/>\n<link rel=\"canonical\" href=\"https:\/\/charleroi-pourlapalestine.be\/index.php\/2020\/06\/22\/badil-declaration-sur-le-financement-conditionnel-de-lue\/\" \/>\n<script type=\"application\/ld+json\" class=\"yoast-schema-graph\">{\"@context\":\"https:\\\/\\\/schema.org\",\"@graph\":[{\"@type\":\"Article\",\"@id\":\"https:\\\/\\\/charleroi-pourlapalestine.be\\\/index.php\\\/2020\\\/06\\\/22\\\/badil-declaration-sur-le-financement-conditionnel-de-lue\\\/#article\",\"isPartOf\":{\"@id\":\"https:\\\/\\\/charleroi-pourlapalestine.be\\\/index.php\\\/2020\\\/06\\\/22\\\/badil-declaration-sur-le-financement-conditionnel-de-lue\\\/\"},\"author\":{\"name\":\"admin1873\",\"@id\":\"https:\\\/\\\/charleroi-pourlapalestine.be\\\/#\\\/schema\\\/person\\\/c19ff515112f1299d8c12671d8fe3faa\"},\"headline\":\"Badil : d\u00e9claration sur le financement conditionnel de l&rsquo;UE\",\"datePublished\":\"2020-06-22T14:53:49+00:00\",\"dateModified\":\"2020-06-24T09:13:01+00:00\",\"mainEntityOfPage\":{\"@id\":\"https:\\\/\\\/charleroi-pourlapalestine.be\\\/index.php\\\/2020\\\/06\\\/22\\\/badil-declaration-sur-le-financement-conditionnel-de-lue\\\/\"},\"wordCount\":879,\"publisher\":{\"@id\":\"https:\\\/\\\/charleroi-pourlapalestine.be\\\/#organization\"},\"image\":{\"@id\":\"https:\\\/\\\/charleroi-pourlapalestine.be\\\/index.php\\\/2020\\\/06\\\/22\\\/badil-declaration-sur-le-financement-conditionnel-de-lue\\\/#primaryimage\"},\"thumbnailUrl\":\"https:\\\/\\\/charleroi-pourlapalestine.be\\\/wp-content\\\/uploads\\\/2020\\\/06\\\/badil-resource-center.png\",\"articleSection\":[\"criminalisation\",\"Union europ\u00e9enne\"],\"inLanguage\":\"fr-FR\"},{\"@type\":\"WebPage\",\"@id\":\"https:\\\/\\\/charleroi-pourlapalestine.be\\\/index.php\\\/2020\\\/06\\\/22\\\/badil-declaration-sur-le-financement-conditionnel-de-lue\\\/\",\"url\":\"https:\\\/\\\/charleroi-pourlapalestine.be\\\/index.php\\\/2020\\\/06\\\/22\\\/badil-declaration-sur-le-financement-conditionnel-de-lue\\\/\",\"name\":\"Badil : d\u00e9claration sur le financement conditionnel de l'UE\",\"isPartOf\":{\"@id\":\"https:\\\/\\\/charleroi-pourlapalestine.be\\\/#website\"},\"primaryImageOfPage\":{\"@id\":\"https:\\\/\\\/charleroi-pourlapalestine.be\\\/index.php\\\/2020\\\/06\\\/22\\\/badil-declaration-sur-le-financement-conditionnel-de-lue\\\/#primaryimage\"},\"image\":{\"@id\":\"https:\\\/\\\/charleroi-pourlapalestine.be\\\/index.php\\\/2020\\\/06\\\/22\\\/badil-declaration-sur-le-financement-conditionnel-de-lue\\\/#primaryimage\"},\"thumbnailUrl\":\"https:\\\/\\\/charleroi-pourlapalestine.be\\\/wp-content\\\/uploads\\\/2020\\\/06\\\/badil-resource-center.png\",\"datePublished\":\"2020-06-22T14:53:49+00:00\",\"dateModified\":\"2020-06-24T09:13:01+00:00\",\"description\":\"L\u2019actuel cadre du contre-terrorisme impos\u00e9 \u00e0 la soci\u00e9t\u00e9 civile palestinienne criminalise la lutte du peuple palestinien pour son droit \u00e0 l\u2019autod\u00e9termination\",\"breadcrumb\":{\"@id\":\"https:\\\/\\\/charleroi-pourlapalestine.be\\\/index.php\\\/2020\\\/06\\\/22\\\/badil-declaration-sur-le-financement-conditionnel-de-lue\\\/#breadcrumb\"},\"inLanguage\":\"fr-FR\",\"potentialAction\":[{\"@type\":\"ReadAction\",\"target\":[\"https:\\\/\\\/charleroi-pourlapalestine.be\\\/index.php\\\/2020\\\/06\\\/22\\\/badil-declaration-sur-le-financement-conditionnel-de-lue\\\/\"]}]},{\"@type\":\"ImageObject\",\"inLanguage\":\"fr-FR\",\"@id\":\"https:\\\/\\\/charleroi-pourlapalestine.be\\\/index.php\\\/2020\\\/06\\\/22\\\/badil-declaration-sur-le-financement-conditionnel-de-lue\\\/#primaryimage\",\"url\":\"https:\\\/\\\/charleroi-pourlapalestine.be\\\/wp-content\\\/uploads\\\/2020\\\/06\\\/badil-resource-center.png\",\"contentUrl\":\"https:\\\/\\\/charleroi-pourlapalestine.be\\\/wp-content\\\/uploads\\\/2020\\\/06\\\/badil-resource-center.png\",\"width\":332,\"height\":152},{\"@type\":\"BreadcrumbList\",\"@id\":\"https:\\\/\\\/charleroi-pourlapalestine.be\\\/index.php\\\/2020\\\/06\\\/22\\\/badil-declaration-sur-le-financement-conditionnel-de-lue\\\/#breadcrumb\",\"itemListElement\":[{\"@type\":\"ListItem\",\"position\":1,\"name\":\"Accueil\",\"item\":\"https:\\\/\\\/charleroi-pourlapalestine.be\\\/\"},{\"@type\":\"ListItem\",\"position\":2,\"name\":\"Badil : d\u00e9claration sur le financement conditionnel de l&#8217;UE\"}]},{\"@type\":\"WebSite\",\"@id\":\"https:\\\/\\\/charleroi-pourlapalestine.be\\\/#website\",\"url\":\"https:\\\/\\\/charleroi-pourlapalestine.be\\\/\",\"name\":\"Charleroi Pour la Palestine\",\"description\":\"\",\"publisher\":{\"@id\":\"https:\\\/\\\/charleroi-pourlapalestine.be\\\/#organization\"},\"potentialAction\":[{\"@type\":\"SearchAction\",\"target\":{\"@type\":\"EntryPoint\",\"urlTemplate\":\"https:\\\/\\\/charleroi-pourlapalestine.be\\\/?s={search_term_string}\"},\"query-input\":{\"@type\":\"PropertyValueSpecification\",\"valueRequired\":true,\"valueName\":\"search_term_string\"}}],\"inLanguage\":\"fr-FR\"},{\"@type\":\"Organization\",\"@id\":\"https:\\\/\\\/charleroi-pourlapalestine.be\\\/#organization\",\"name\":\"Plate-forme Charleroi-Palestine\",\"url\":\"https:\\\/\\\/charleroi-pourlapalestine.be\\\/\",\"logo\":{\"@type\":\"ImageObject\",\"inLanguage\":\"fr-FR\",\"@id\":\"https:\\\/\\\/charleroi-pourlapalestine.be\\\/#\\\/schema\\\/logo\\\/image\\\/\",\"url\":\"https:\\\/\\\/charleroi-pourlapalestine.be\\\/wp-content\\\/uploads\\\/2020\\\/01\\\/logo-Copy.jpg\",\"contentUrl\":\"https:\\\/\\\/charleroi-pourlapalestine.be\\\/wp-content\\\/uploads\\\/2020\\\/01\\\/logo-Copy.jpg\",\"width\":180,\"height\":180,\"caption\":\"Plate-forme Charleroi-Palestine\"},\"image\":{\"@id\":\"https:\\\/\\\/charleroi-pourlapalestine.be\\\/#\\\/schema\\\/logo\\\/image\\\/\"},\"sameAs\":[\"https:\\\/\\\/www.facebook.com\\\/PlateformeCharleroiPalestine\\\/\",\"https:\\\/\\\/x.com\\\/LaCharleroi\"]},{\"@type\":\"Person\",\"@id\":\"https:\\\/\\\/charleroi-pourlapalestine.be\\\/#\\\/schema\\\/person\\\/c19ff515112f1299d8c12671d8fe3faa\",\"name\":\"admin1873\",\"url\":\"https:\\\/\\\/charleroi-pourlapalestine.be\\\/index.php\\\/author\\\/admin1873\\\/\"}]}<\/script>\n<!-- \/ Yoast SEO plugin. -->","yoast_head_json":{"title":"Badil : d\u00e9claration sur le financement conditionnel de l'UE","description":"L\u2019actuel cadre du contre-terrorisme impos\u00e9 \u00e0 la soci\u00e9t\u00e9 civile palestinienne criminalise la lutte du peuple palestinien pour son droit \u00e0 l\u2019autod\u00e9termination","robots":{"index":"index","follow":"follow","max-snippet":"max-snippet:-1","max-image-preview":"max-image-preview:large","max-video-preview":"max-video-preview:-1"},"canonical":"https:\/\/charleroi-pourlapalestine.be\/index.php\/2020\/06\/22\/badil-declaration-sur-le-financement-conditionnel-de-lue\/","schema":{"@context":"https:\/\/schema.org","@graph":[{"@type":"Article","@id":"https:\/\/charleroi-pourlapalestine.be\/index.php\/2020\/06\/22\/badil-declaration-sur-le-financement-conditionnel-de-lue\/#article","isPartOf":{"@id":"https:\/\/charleroi-pourlapalestine.be\/index.php\/2020\/06\/22\/badil-declaration-sur-le-financement-conditionnel-de-lue\/"},"author":{"name":"admin1873","@id":"https:\/\/charleroi-pourlapalestine.be\/#\/schema\/person\/c19ff515112f1299d8c12671d8fe3faa"},"headline":"Badil : d\u00e9claration sur le financement conditionnel de l&rsquo;UE","datePublished":"2020-06-22T14:53:49+00:00","dateModified":"2020-06-24T09:13:01+00:00","mainEntityOfPage":{"@id":"https:\/\/charleroi-pourlapalestine.be\/index.php\/2020\/06\/22\/badil-declaration-sur-le-financement-conditionnel-de-lue\/"},"wordCount":879,"publisher":{"@id":"https:\/\/charleroi-pourlapalestine.be\/#organization"},"image":{"@id":"https:\/\/charleroi-pourlapalestine.be\/index.php\/2020\/06\/22\/badil-declaration-sur-le-financement-conditionnel-de-lue\/#primaryimage"},"thumbnailUrl":"https:\/\/charleroi-pourlapalestine.be\/wp-content\/uploads\/2020\/06\/badil-resource-center.png","articleSection":["criminalisation","Union europ\u00e9enne"],"inLanguage":"fr-FR"},{"@type":"WebPage","@id":"https:\/\/charleroi-pourlapalestine.be\/index.php\/2020\/06\/22\/badil-declaration-sur-le-financement-conditionnel-de-lue\/","url":"https:\/\/charleroi-pourlapalestine.be\/index.php\/2020\/06\/22\/badil-declaration-sur-le-financement-conditionnel-de-lue\/","name":"Badil : d\u00e9claration sur le financement conditionnel de l'UE","isPartOf":{"@id":"https:\/\/charleroi-pourlapalestine.be\/#website"},"primaryImageOfPage":{"@id":"https:\/\/charleroi-pourlapalestine.be\/index.php\/2020\/06\/22\/badil-declaration-sur-le-financement-conditionnel-de-lue\/#primaryimage"},"image":{"@id":"https:\/\/charleroi-pourlapalestine.be\/index.php\/2020\/06\/22\/badil-declaration-sur-le-financement-conditionnel-de-lue\/#primaryimage"},"thumbnailUrl":"https:\/\/charleroi-pourlapalestine.be\/wp-content\/uploads\/2020\/06\/badil-resource-center.png","datePublished":"2020-06-22T14:53:49+00:00","dateModified":"2020-06-24T09:13:01+00:00","description":"L\u2019actuel cadre du contre-terrorisme impos\u00e9 \u00e0 la soci\u00e9t\u00e9 civile palestinienne criminalise la lutte du peuple palestinien pour son droit \u00e0 l\u2019autod\u00e9termination","breadcrumb":{"@id":"https:\/\/charleroi-pourlapalestine.be\/index.php\/2020\/06\/22\/badil-declaration-sur-le-financement-conditionnel-de-lue\/#breadcrumb"},"inLanguage":"fr-FR","potentialAction":[{"@type":"ReadAction","target":["https:\/\/charleroi-pourlapalestine.be\/index.php\/2020\/06\/22\/badil-declaration-sur-le-financement-conditionnel-de-lue\/"]}]},{"@type":"ImageObject","inLanguage":"fr-FR","@id":"https:\/\/charleroi-pourlapalestine.be\/index.php\/2020\/06\/22\/badil-declaration-sur-le-financement-conditionnel-de-lue\/#primaryimage","url":"https:\/\/charleroi-pourlapalestine.be\/wp-content\/uploads\/2020\/06\/badil-resource-center.png","contentUrl":"https:\/\/charleroi-pourlapalestine.be\/wp-content\/uploads\/2020\/06\/badil-resource-center.png","width":332,"height":152},{"@type":"BreadcrumbList","@id":"https:\/\/charleroi-pourlapalestine.be\/index.php\/2020\/06\/22\/badil-declaration-sur-le-financement-conditionnel-de-lue\/#breadcrumb","itemListElement":[{"@type":"ListItem","position":1,"name":"Accueil","item":"https:\/\/charleroi-pourlapalestine.be\/"},{"@type":"ListItem","position":2,"name":"Badil : d\u00e9claration sur le financement conditionnel de l&#8217;UE"}]},{"@type":"WebSite","@id":"https:\/\/charleroi-pourlapalestine.be\/#website","url":"https:\/\/charleroi-pourlapalestine.be\/","name":"Charleroi Pour la Palestine","description":"","publisher":{"@id":"https:\/\/charleroi-pourlapalestine.be\/#organization"},"potentialAction":[{"@type":"SearchAction","target":{"@type":"EntryPoint","urlTemplate":"https:\/\/charleroi-pourlapalestine.be\/?s={search_term_string}"},"query-input":{"@type":"PropertyValueSpecification","valueRequired":true,"valueName":"search_term_string"}}],"inLanguage":"fr-FR"},{"@type":"Organization","@id":"https:\/\/charleroi-pourlapalestine.be\/#organization","name":"Plate-forme Charleroi-Palestine","url":"https:\/\/charleroi-pourlapalestine.be\/","logo":{"@type":"ImageObject","inLanguage":"fr-FR","@id":"https:\/\/charleroi-pourlapalestine.be\/#\/schema\/logo\/image\/","url":"https:\/\/charleroi-pourlapalestine.be\/wp-content\/uploads\/2020\/01\/logo-Copy.jpg","contentUrl":"https:\/\/charleroi-pourlapalestine.be\/wp-content\/uploads\/2020\/01\/logo-Copy.jpg","width":180,"height":180,"caption":"Plate-forme Charleroi-Palestine"},"image":{"@id":"https:\/\/charleroi-pourlapalestine.be\/#\/schema\/logo\/image\/"},"sameAs":["https:\/\/www.facebook.com\/PlateformeCharleroiPalestine\/","https:\/\/x.com\/LaCharleroi"]},{"@type":"Person","@id":"https:\/\/charleroi-pourlapalestine.be\/#\/schema\/person\/c19ff515112f1299d8c12671d8fe3faa","name":"admin1873","url":"https:\/\/charleroi-pourlapalestine.be\/index.php\/author\/admin1873\/"}]}},"_links":{"self":[{"href":"https:\/\/charleroi-pourlapalestine.be\/index.php\/wp-json\/wp\/v2\/posts\/14537","targetHints":{"allow":["GET"]}}],"collection":[{"href":"https:\/\/charleroi-pourlapalestine.be\/index.php\/wp-json\/wp\/v2\/posts"}],"about":[{"href":"https:\/\/charleroi-pourlapalestine.be\/index.php\/wp-json\/wp\/v2\/types\/post"}],"author":[{"embeddable":true,"href":"https:\/\/charleroi-pourlapalestine.be\/index.php\/wp-json\/wp\/v2\/users\/1"}],"replies":[{"embeddable":true,"href":"https:\/\/charleroi-pourlapalestine.be\/index.php\/wp-json\/wp\/v2\/comments?post=14537"}],"version-history":[{"count":0,"href":"https:\/\/charleroi-pourlapalestine.be\/index.php\/wp-json\/wp\/v2\/posts\/14537\/revisions"}],"wp:featuredmedia":[{"embeddable":true,"href":"https:\/\/charleroi-pourlapalestine.be\/index.php\/wp-json\/wp\/v2\/media\/14609"}],"wp:attachment":[{"href":"https:\/\/charleroi-pourlapalestine.be\/index.php\/wp-json\/wp\/v2\/media?parent=14537"}],"wp:term":[{"taxonomy":"category","embeddable":true,"href":"https:\/\/charleroi-pourlapalestine.be\/index.php\/wp-json\/wp\/v2\/categories?post=14537"},{"taxonomy":"post_tag","embeddable":true,"href":"https:\/\/charleroi-pourlapalestine.be\/index.php\/wp-json\/wp\/v2\/tags?post=14537"}],"curies":[{"name":"wp","href":"https:\/\/api.w.org\/{rel}","templated":true}]}}