{"id":14741,"date":"2020-06-28T17:06:59","date_gmt":"2020-06-28T15:06:59","guid":{"rendered":"https:\/\/charleroi-pourlapalestine.be\/?p=14741"},"modified":"2020-06-28T17:15:38","modified_gmt":"2020-06-28T15:15:38","slug":"janna-jihad-vous-invite-a-rallier-laction-du-1er-juillet-contre-lannexion","status":"publish","type":"post","link":"https:\/\/charleroi-pourlapalestine.be\/index.php\/2020\/06\/28\/janna-jihad-vous-invite-a-rallier-laction-du-1er-juillet-contre-lannexion\/","title":{"rendered":"Janna Jihad vous invite \u00e0 rallier l\u2019action du 1er juillet contre l\u2019annexion"},"content":{"rendered":"<p>Lors des protestations de Tala\u2019at qui ont eu lieu le 9 juin \u00e0 Ramallah, en Palestine occup\u00e9e, <strong><a href=\"https:\/\/charleroi-pourlapalestine.be\/index.php\/tag\/janna-jihad\/\">Janna Jihad<\/a>,<\/strong> la jeune activiste et journaliste palestinienne du village de <strong>Nabi Saleh,<\/strong> a insist\u00e9 pour que les gens participent aux actions du 1er juillet contre les plans d\u2019annexion isra\u00e9liens et contre la colonisation en cours de la Palestine.<\/p>\n<div id=\"attachment_14746\" style=\"width: 579px\" class=\"wp-caption aligncenter\"><img loading=\"lazy\" decoding=\"async\" aria-describedby=\"caption-attachment-14746\" class=\"wp-image-14746 size-full\" src=\"https:\/\/charleroi-pourlapalestine.be\/wp-content\/uploads\/2020\/06\/janna-e1593348139405.jpg\" alt=\"Janna Jihad\" width=\"569\" height=\"320\"><p id=\"caption-attachment-14746\" class=\"wp-caption-text\">Janna Jihad<\/p><\/div>\n<p><strong>Janna<\/strong> <strong>Jihad<\/strong> est connue du fait qu\u2019elle tient une chronique de la lutte de son village contre l\u2019occupation isra\u00e9lienne et contre les confiscations des terres et ressources palestiniennes.<\/p>\n<p>Via les m\u00e9dias sociaux, ses reportages atteignent un public dans le monde entier. Cousine d\u2019<strong><a href=\"https:\/\/charleroi-pourlapalestine.be\/index.php\/tag\/ahed-tamimi\/\">Ahed Tamimi<\/a>, Janna<\/strong> s\u2019est mise \u00e0 faire des reportages sur l\u2019occupation \u00e0 sept ans, apr\u00e8s que deux membres de sa famille avaient \u00e9t\u00e9 assassin\u00e9s par Isra\u00ebl. Elle est l\u2019une des plus jeunes journalistes reconnues dans le monde.<\/p>\n<p><strong>Visionnez la vid\u00e9o de Janna<\/strong> <strong>Jihad<\/strong> :<\/p>\n<p>https:\/\/youtu.be\/tLkrWyEu7PE<\/p>\n<p><strong>Janna<\/strong> <strong>Jihad<\/strong> d\u00e9clare :<\/p>\n<blockquote><p>\u00ab Salut. Nous sommes pour l\u2019instant avec la marche Tala\u2019at \u00e0 Ramallah, parce que nous voulons nous opposer aux actions men\u00e9es par l\u2019occupation isra\u00e9lienne contre le peuple palestinien. \u00bb<\/p>\n<p>\u00ab&nbsp;J\u2019aimerais vous inviter \u00e0 la marche du 1er juillet organis\u00e9e par le r\u00e9seau Samidoun, afin d\u2019exprimer notre refus des plans d\u2019annexion de la terre palestinienne de la vall\u00e9e du Jourdain.&nbsp;\u00bb<\/p><\/blockquote>\n<p>S\u2019opposer aux plans d\u2019annexion d\u2019Isra\u00ebl \u2013 pleinement soutenus par<strong> l\u2019imp\u00e9rialisme am\u00e9ricain et inspir\u00e9s par le racisme sioniste<\/strong> \u2013 fait aussi partie de<strong> la riposte du monde au racisme, du colonialisme et \u00e0 l\u2019imp\u00e9rialisme.<\/strong> Les crimes d\u2019Isra\u00ebl sont soutenus par 3,8 milliards de USD d\u2019aide militaire des Etats-Unis, chaque ann\u00e9e, ainsi que par un appui diplomatique, politique et <em>\u00ab s\u00e9curitaire \u00bb<\/em> illimit\u00e9 de la part du <strong>Canada, de l\u2019Union europ\u00e9enne, de la Grande-Bretagne, de l\u2019Australie et d\u2019autres puissances imp\u00e9rialistes.<\/strong><\/p>\n<p><em>Rejoignez-nous le 1er juillet pour soutenir le peuple palestinien contre l\u2019annexion isra\u00e9lienne et pour la justice, le retour des r\u00e9fugi\u00e9s et la lib\u00e9ration de la Palestine. Si vous organisez un \u00e9v\u00e9nement, un rassemblement ou une action de quelque genre que ce soit, faites-le-nous savoir \u2013 adressez-nous un courriel \u00e0&nbsp;<strong>samidoun@samidoun.net<\/strong>&nbsp;ou un message sur Facebook et soyez assur\u00e9 que nous en parlerons&nbsp;!<\/em><\/p>\n<hr>\n<p>Publi\u00e9 le 9 juin 2020 sur <a href=\"https:\/\/samidoun.net\/2020\/06\/janna-jihad-calls-to-join-action-on-1-july-to-confront-annexation\/\" target=\"_blank\" rel=\"noopener noreferrer\">Samidoun Palestinian Prisoners Solidarity Network<\/a><br \/>\nTraduction : Jean-Marie Fl\u00e9mal<\/p>\n<p><a href=\"https:\/\/samidoun.net\/2020\/06\/1-july-call-to-action-to-confront-israeli-annexation-struggle-for-a-free-palestine\/\" target=\"_blank\" rel=\"noopener noreferrer\">Lisez ici l\u2019appel de Samidoun, lanc\u00e9 en Palestine occup\u00e9e et dans la diaspora <\/a><\/p>\n<div id=\"attachment_14768\" style=\"width: 463px\" class=\"wp-caption aligncenter\"><img loading=\"lazy\" decoding=\"async\" aria-describedby=\"caption-attachment-14768\" class=\"wp-image-14768 size-full\" src=\"https:\/\/charleroi-pourlapalestine.be\/wp-content\/uploads\/2020\/06\/WhatsApp-Image-2020-06-06-at-12.29.38-e1593356402373.jpeg\" alt=\"\" width=\"453\" height=\"320\"><p id=\"caption-attachment-14768\" class=\"wp-caption-text\">Affiche pour la mobilisation du 1er juillet<\/p><\/div>\n<p><strong>Appel au peuple palestinien en lutte en Palestine occup\u00e9e et aux masses de notre peuple luttant en exil et dans la diaspora<\/strong><\/p>\n<p><strong>Appel aux Palestiniens, aux Arabes et aux peuples du monde entier\u2026<\/strong><\/p>\n<blockquote><p>I<em>sra\u00ebl, le projet sioniste enti\u00e8rement soutenu par les Etats-Unis d\u2019Am\u00e9rique et les forces r\u00e9actionnaires de la r\u00e9gion, s\u2019obstine dans sa tentative de liquidation de la cause et des droits palestiniens. Il vise \u00e0 imposer son r\u00e9gime colonial raciste par la force des armes, par des syst\u00e8mes r\u00e9pressifs, des prisons et centres de d\u00e9tention, et en semant syst\u00e9matiquement une destruction ciblant le peuple palestinien.<\/em><\/p>\n<p><em>Non seulement Isra\u00ebl refuse ses droits nationaux au peuple palestinien, mais il viole \u00e9galement les droits les plus \u00e9l\u00e9mentaires et naturels des individus et de la terre.<\/em><\/p>\n<p><em>Notre peuple palestinien en lutte, ainsi que la nation arabe, les peuples de la r\u00e9gion et les forces progressistes et mouvements de lib\u00e9ration du monde entier, sont conscients du vrai visage de l\u2019entit\u00e9 sioniste, coloniale et raciste et de sa nature et de ses buts expansionnistes, aujourd\u2019hui plus que jamais.<\/em><\/p>\n<p><em>Ils voient \u00e9galement avec une clart\u00e9 totale comment l\u2019occupation continue \u00e0 commettre ses crimes permanents et ses agressions quotidiennes contre le peuple palestinien.<\/em><\/p>\n<p><em>Ces crimes et violations ne ralentissent pas un seul instant&nbsp;: assassinats, \u00e9tat de si\u00e8ge, arrestations massives, d\u00e9molitions de maisons, confiscation de terres palestiniennes via des projets d\u2019annexion et de d\u00e9portation. Ces crimes quotidiens commis par les forces d\u2019occupation ont lieu au vu et au su du monde entier, sans qu\u2019il en soit requis la moindre justification, explication ou r\u00e9ponse juridique internationale, m\u00eame minime.<\/em><\/p>\n<p><em>La politique de l\u2019Etat sioniste et de l\u2019administration Trump op\u00e9rant de concert avec Netanyahou et Gantz sont la continuation naturelle de l\u2019histoire contemporaine de chacun des gouvernements et directions isra\u00e9liens successifs, et ce, depuis la p\u00e9riode qui a pr\u00e9c\u00e9d\u00e9 la cr\u00e9ation de l\u2019Etat sioniste en 1948, jusqu\u2019\u00e0 nos jours.<\/em><\/p>\n<p><em>Cette alliance de droite et les structures profond\u00e9ment et fondamentalement racistes qui la soutiennent sont convaincues qu\u2019elles peuvent imposer leur volont\u00e9 par la force au peuple palestinien en raison de l\u2019\u00e9tat de d\u00e9sint\u00e9gration, de faiblesse et de d\u00e9sorganisation des fronts internes palestinien et arabes.<\/em><\/p>\n<p><em>Elles ciblent avec impunit\u00e9 les maisons et l\u2019existence m\u00eame du peuple palestinien, d\u00e9molissant nos maisons dans le N\u00e9guev, \u00e0 Qalansuwa, \u00e0 J\u00e9rusalem et dans toute la Cisjordanie, poursuivant un si\u00e8ge d\u00e9vastateur de notre peuple dans la bande de Gaza en lutte, refusant notre droit au retour et \u00e0 l\u2019autod\u00e9termination dans toute la terre de Palestine.<\/em><\/p>\n<p><em>Aujourd\u2019hui, l\u2019alliance de droite sioniste s\u2019appr\u00eate \u00e0 piller toute la terre palestinienne en Cisjordanie occup\u00e9e, cr\u00e9ant un syst\u00e8me de ghettos, de cantons, d\u2019\u00e9tranglement et de paup\u00e9risation, de ce qu\u2019elle appelle les \u00ab&nbsp;faits sur le terrain&nbsp;\u00bb qui ciblent, avant toute chose, les droits et int\u00e9r\u00eats des classes populaires palestiniennes sur toute l\u2019\u00e9tendue de la Palestine occup\u00e9e.<\/em><\/p>\n<p><em>Par ailleurs, cette politique isra\u00e9lienne agit aussi pour acc\u00e9l\u00e9rer la chute retentissante de tous les projets de reddition et d\u2019illusion, la voie des n\u00e9gociations qui a commenc\u00e9 avec la conf\u00e9rence de Madrid en 1991 et les d\u00e9sastreux et d\u00e9vastateurs accords d\u2019Oslo qui ont d\u00e9truit les institutions et organisations du peuple palestinien.<\/em><\/p>\n<p><em>Ce courant a entra\u00een\u00e9 le mouvement national palestinien vers une situation de d\u00e9faite, de conflit interne et de d\u00e9sint\u00e9gration, en confisquant le r\u00f4le de l\u2019Organisation de lib\u00e9ration de la Palestine et en la vidant de son r\u00f4le populaire et d\u00e9mocratique.<\/em><\/p>\n<p><em>Aujourd\u2019hui, les peuples du monde, ainsi que les forces aussi bien amies qu\u2019hostiles, guettent la r\u00e9ponse palestinienne, non seulement \u00e0 ce tout r\u00e9cent crime sioniste, mais aussi \u00e0 toute cette d\u00e9marche de destruction. Leurs yeux sont fix\u00e9s sur l\u2019importance critique d\u2019une r\u00e9ponse populaire palestinienne et arabe au projet d\u2019annexion et \u00e0 l\u2019imposition des pr\u00e9tendues \u00ab&nbsp;lois et souverainet\u00e9 isra\u00e9liennes \u00e0 la Jud\u00e9e et \u00e0 la Samarie&nbsp;\u00bb.<\/em><\/p>\n<p><em>Par cons\u00e9quent, nous appelons toutes les forces et organisations et nationales et islamiques, en Palestine et en exil et dans la diaspora, ainsi que nos syndicats de travailleurs, nos organisations de femmes et notre mouvement estudiantin \u00e0 participer largement et \u00e0 diriger la <strong>marche populaire<\/strong> qui d\u00e9butera le 1er juillet 2020 \u00e0 Ramallah, lorsque nous emprunterons la voie d\u2019un peuple palestinien unifi\u00e9 et d\u2019une lutte palestinienne unifi\u00e9e, d\u00e9fendant les droits et la dignit\u00e9 de notre peuple \u2013 toujours et seulement, les droits et la dignit\u00e9 du peuple palestinien.<\/em><\/p>\n<p><em>Nous appelons le peuple palestinien de toute la Palestine occup\u00e9e, de tous les lieux d\u2019exil, de toute la diaspora, et tous ceux qui luttent pour la justice en Palestine \u2013 toutes les forces nationales, associations de jeunes, institutions de la soci\u00e9t\u00e9 civile et mouvements populaires \u2013 \u00e0 organiser des actions directes et des mobilisations populaires dans les camps de r\u00e9fugi\u00e9s, les villes et les villages et \u00e0 formuler des plans d\u2019action commune et d\u2019organisation massive.<\/em><\/p>\n<p><em>Ensemble, nous pouvons mobiliser la force et le potentiel du peuple palestinien, du peuple arabe et du mouvement international pour la justice afin qu\u2019ils combattent les plans de l\u2019occupant et de ses collaborateurs. Le temps est venu d\u2019entreprendre une d\u00e9marche quantitative en vue de prot\u00e9ger le peuple palestinien et de reconstruire les fondations du mouvement de lib\u00e9ration nationale. &nbsp;<\/em><\/p>\n<p><em>Notre peuple palestinien partout et la marche du mouvement de lib\u00e9ration nationale sur la voie de la lib\u00e9ration et du retour.<\/em><\/p>\n<p><em>Avec loyaut\u00e9 envers les martyrs et le mouvement des prisonniers en lutte, la direction de la lutte palestinienne.<\/em><\/p>\n<p><em>A bas l\u2019occupation&nbsp;! Les projets d\u2019annexion, de colonisation et d\u2019implantation seront vaincus. La victoire est avec le peuple palestinien et avec la cause palestinienne&nbsp;!<\/em><\/p>\n<p><em>6 juin 2020<\/em><\/p><\/blockquote>\n<p>&nbsp;<\/p>\n<p>&nbsp;<\/p>\n","protected":false},"excerpt":{"rendered":"<p>Janna Jihad, jeune journaliste et activiste palestinienne du village de Nabi Saleh, appelle \u00e0 la mobilisation contre l&rsquo;annexion le mercredi 1er juillet<\/p>\n","protected":false},"author":1,"featured_media":14768,"comment_status":"closed","ping_status":"closed","sticky":false,"template":"","format":"standard","meta":{"ngg_post_thumbnail":0,"footnotes":""},"categories":[496,7,39,140,192,38],"tags":[],"class_list":["post-14741","post","type-post","status-publish","format-standard","has-post-thumbnail","hentry","category-annexation","category-cisjordanie","category-le-colonialisme","category-letat-colonial","category-palestine","category-le-sionisme"],"yoast_head":"<!-- This site is optimized with the Yoast SEO plugin v27.3 - https:\/\/yoast.com\/product\/yoast-seo-wordpress\/ -->\n<title>Janna Jihad vous invite \u00e0 rallier l\u2019action du 1er juillet contre l\u2019annexion<\/title>\n<meta name=\"description\" content=\"Janna Jihad, jeune journaliste et activiste palestinienne du village de Nabi Saleh, appelle \u00e0 la mobilisation contre l&#039;annexion le mercredi 1er juillet\" \/>\n<meta name=\"robots\" content=\"index, follow, max-snippet:-1, max-image-preview:large, max-video-preview:-1\" \/>\n<link rel=\"canonical\" href=\"https:\/\/charleroi-pourlapalestine.be\/index.php\/2020\/06\/28\/janna-jihad-vous-invite-a-rallier-laction-du-1er-juillet-contre-lannexion\/\" \/>\n<script type=\"application\/ld+json\" class=\"yoast-schema-graph\">{\"@context\":\"https:\\\/\\\/schema.org\",\"@graph\":[{\"@type\":\"Article\",\"@id\":\"https:\\\/\\\/charleroi-pourlapalestine.be\\\/index.php\\\/2020\\\/06\\\/28\\\/janna-jihad-vous-invite-a-rallier-laction-du-1er-juillet-contre-lannexion\\\/#article\",\"isPartOf\":{\"@id\":\"https:\\\/\\\/charleroi-pourlapalestine.be\\\/index.php\\\/2020\\\/06\\\/28\\\/janna-jihad-vous-invite-a-rallier-laction-du-1er-juillet-contre-lannexion\\\/\"},\"author\":{\"name\":\"admin1873\",\"@id\":\"https:\\\/\\\/charleroi-pourlapalestine.be\\\/#\\\/schema\\\/person\\\/c19ff515112f1299d8c12671d8fe3faa\"},\"headline\":\"Janna Jihad vous invite \u00e0 rallier l\u2019action du 1er juillet contre l\u2019annexion\",\"datePublished\":\"2020-06-28T15:06:59+00:00\",\"dateModified\":\"2020-06-28T15:15:38+00:00\",\"mainEntityOfPage\":{\"@id\":\"https:\\\/\\\/charleroi-pourlapalestine.be\\\/index.php\\\/2020\\\/06\\\/28\\\/janna-jihad-vous-invite-a-rallier-laction-du-1er-juillet-contre-lannexion\\\/\"},\"wordCount\":1472,\"publisher\":{\"@id\":\"https:\\\/\\\/charleroi-pourlapalestine.be\\\/#organization\"},\"image\":{\"@id\":\"https:\\\/\\\/charleroi-pourlapalestine.be\\\/index.php\\\/2020\\\/06\\\/28\\\/janna-jihad-vous-invite-a-rallier-laction-du-1er-juillet-contre-lannexion\\\/#primaryimage\"},\"thumbnailUrl\":\"https:\\\/\\\/charleroi-pourlapalestine.be\\\/wp-content\\\/uploads\\\/2020\\\/06\\\/WhatsApp-Image-2020-06-06-at-12.29.38-e1593356402373.jpeg\",\"articleSection\":[\"Annexion\",\"Cisjordanie\",\"Colonialisme\",\"L'Etat colonial\",\"Palestine\",\"Sionisme\"],\"inLanguage\":\"fr-FR\"},{\"@type\":\"WebPage\",\"@id\":\"https:\\\/\\\/charleroi-pourlapalestine.be\\\/index.php\\\/2020\\\/06\\\/28\\\/janna-jihad-vous-invite-a-rallier-laction-du-1er-juillet-contre-lannexion\\\/\",\"url\":\"https:\\\/\\\/charleroi-pourlapalestine.be\\\/index.php\\\/2020\\\/06\\\/28\\\/janna-jihad-vous-invite-a-rallier-laction-du-1er-juillet-contre-lannexion\\\/\",\"name\":\"Janna Jihad vous invite \u00e0 rallier l\u2019action du 1er juillet contre l\u2019annexion\",\"isPartOf\":{\"@id\":\"https:\\\/\\\/charleroi-pourlapalestine.be\\\/#website\"},\"primaryImageOfPage\":{\"@id\":\"https:\\\/\\\/charleroi-pourlapalestine.be\\\/index.php\\\/2020\\\/06\\\/28\\\/janna-jihad-vous-invite-a-rallier-laction-du-1er-juillet-contre-lannexion\\\/#primaryimage\"},\"image\":{\"@id\":\"https:\\\/\\\/charleroi-pourlapalestine.be\\\/index.php\\\/2020\\\/06\\\/28\\\/janna-jihad-vous-invite-a-rallier-laction-du-1er-juillet-contre-lannexion\\\/#primaryimage\"},\"thumbnailUrl\":\"https:\\\/\\\/charleroi-pourlapalestine.be\\\/wp-content\\\/uploads\\\/2020\\\/06\\\/WhatsApp-Image-2020-06-06-at-12.29.38-e1593356402373.jpeg\",\"datePublished\":\"2020-06-28T15:06:59+00:00\",\"dateModified\":\"2020-06-28T15:15:38+00:00\",\"description\":\"Janna Jihad, jeune journaliste et activiste palestinienne du village de Nabi Saleh, appelle \u00e0 la mobilisation contre l'annexion le mercredi 1er juillet\",\"breadcrumb\":{\"@id\":\"https:\\\/\\\/charleroi-pourlapalestine.be\\\/index.php\\\/2020\\\/06\\\/28\\\/janna-jihad-vous-invite-a-rallier-laction-du-1er-juillet-contre-lannexion\\\/#breadcrumb\"},\"inLanguage\":\"fr-FR\",\"potentialAction\":[{\"@type\":\"ReadAction\",\"target\":[\"https:\\\/\\\/charleroi-pourlapalestine.be\\\/index.php\\\/2020\\\/06\\\/28\\\/janna-jihad-vous-invite-a-rallier-laction-du-1er-juillet-contre-lannexion\\\/\"]}]},{\"@type\":\"ImageObject\",\"inLanguage\":\"fr-FR\",\"@id\":\"https:\\\/\\\/charleroi-pourlapalestine.be\\\/index.php\\\/2020\\\/06\\\/28\\\/janna-jihad-vous-invite-a-rallier-laction-du-1er-juillet-contre-lannexion\\\/#primaryimage\",\"url\":\"https:\\\/\\\/charleroi-pourlapalestine.be\\\/wp-content\\\/uploads\\\/2020\\\/06\\\/WhatsApp-Image-2020-06-06-at-12.29.38-e1593356402373.jpeg\",\"contentUrl\":\"https:\\\/\\\/charleroi-pourlapalestine.be\\\/wp-content\\\/uploads\\\/2020\\\/06\\\/WhatsApp-Image-2020-06-06-at-12.29.38-e1593356402373.jpeg\",\"width\":453,\"height\":320},{\"@type\":\"BreadcrumbList\",\"@id\":\"https:\\\/\\\/charleroi-pourlapalestine.be\\\/index.php\\\/2020\\\/06\\\/28\\\/janna-jihad-vous-invite-a-rallier-laction-du-1er-juillet-contre-lannexion\\\/#breadcrumb\",\"itemListElement\":[{\"@type\":\"ListItem\",\"position\":1,\"name\":\"Accueil\",\"item\":\"https:\\\/\\\/charleroi-pourlapalestine.be\\\/\"},{\"@type\":\"ListItem\",\"position\":2,\"name\":\"Janna Jihad vous invite \u00e0 rallier l\u2019action du 1er juillet contre l\u2019annexion\"}]},{\"@type\":\"WebSite\",\"@id\":\"https:\\\/\\\/charleroi-pourlapalestine.be\\\/#website\",\"url\":\"https:\\\/\\\/charleroi-pourlapalestine.be\\\/\",\"name\":\"Charleroi Pour la Palestine\",\"description\":\"\",\"publisher\":{\"@id\":\"https:\\\/\\\/charleroi-pourlapalestine.be\\\/#organization\"},\"potentialAction\":[{\"@type\":\"SearchAction\",\"target\":{\"@type\":\"EntryPoint\",\"urlTemplate\":\"https:\\\/\\\/charleroi-pourlapalestine.be\\\/?s={search_term_string}\"},\"query-input\":{\"@type\":\"PropertyValueSpecification\",\"valueRequired\":true,\"valueName\":\"search_term_string\"}}],\"inLanguage\":\"fr-FR\"},{\"@type\":\"Organization\",\"@id\":\"https:\\\/\\\/charleroi-pourlapalestine.be\\\/#organization\",\"name\":\"Plate-forme Charleroi-Palestine\",\"url\":\"https:\\\/\\\/charleroi-pourlapalestine.be\\\/\",\"logo\":{\"@type\":\"ImageObject\",\"inLanguage\":\"fr-FR\",\"@id\":\"https:\\\/\\\/charleroi-pourlapalestine.be\\\/#\\\/schema\\\/logo\\\/image\\\/\",\"url\":\"https:\\\/\\\/charleroi-pourlapalestine.be\\\/wp-content\\\/uploads\\\/2020\\\/01\\\/logo-Copy.jpg\",\"contentUrl\":\"https:\\\/\\\/charleroi-pourlapalestine.be\\\/wp-content\\\/uploads\\\/2020\\\/01\\\/logo-Copy.jpg\",\"width\":180,\"height\":180,\"caption\":\"Plate-forme Charleroi-Palestine\"},\"image\":{\"@id\":\"https:\\\/\\\/charleroi-pourlapalestine.be\\\/#\\\/schema\\\/logo\\\/image\\\/\"},\"sameAs\":[\"https:\\\/\\\/www.facebook.com\\\/PlateformeCharleroiPalestine\\\/\",\"https:\\\/\\\/x.com\\\/LaCharleroi\"]},{\"@type\":\"Person\",\"@id\":\"https:\\\/\\\/charleroi-pourlapalestine.be\\\/#\\\/schema\\\/person\\\/c19ff515112f1299d8c12671d8fe3faa\",\"name\":\"admin1873\",\"url\":\"https:\\\/\\\/charleroi-pourlapalestine.be\\\/index.php\\\/author\\\/admin1873\\\/\"}]}<\/script>\n<!-- \/ Yoast SEO plugin. -->","yoast_head_json":{"title":"Janna Jihad vous invite \u00e0 rallier l\u2019action du 1er juillet contre l\u2019annexion","description":"Janna Jihad, jeune journaliste et activiste palestinienne du village de Nabi Saleh, appelle \u00e0 la mobilisation contre l'annexion le mercredi 1er juillet","robots":{"index":"index","follow":"follow","max-snippet":"max-snippet:-1","max-image-preview":"max-image-preview:large","max-video-preview":"max-video-preview:-1"},"canonical":"https:\/\/charleroi-pourlapalestine.be\/index.php\/2020\/06\/28\/janna-jihad-vous-invite-a-rallier-laction-du-1er-juillet-contre-lannexion\/","schema":{"@context":"https:\/\/schema.org","@graph":[{"@type":"Article","@id":"https:\/\/charleroi-pourlapalestine.be\/index.php\/2020\/06\/28\/janna-jihad-vous-invite-a-rallier-laction-du-1er-juillet-contre-lannexion\/#article","isPartOf":{"@id":"https:\/\/charleroi-pourlapalestine.be\/index.php\/2020\/06\/28\/janna-jihad-vous-invite-a-rallier-laction-du-1er-juillet-contre-lannexion\/"},"author":{"name":"admin1873","@id":"https:\/\/charleroi-pourlapalestine.be\/#\/schema\/person\/c19ff515112f1299d8c12671d8fe3faa"},"headline":"Janna Jihad vous invite \u00e0 rallier l\u2019action du 1er juillet contre l\u2019annexion","datePublished":"2020-06-28T15:06:59+00:00","dateModified":"2020-06-28T15:15:38+00:00","mainEntityOfPage":{"@id":"https:\/\/charleroi-pourlapalestine.be\/index.php\/2020\/06\/28\/janna-jihad-vous-invite-a-rallier-laction-du-1er-juillet-contre-lannexion\/"},"wordCount":1472,"publisher":{"@id":"https:\/\/charleroi-pourlapalestine.be\/#organization"},"image":{"@id":"https:\/\/charleroi-pourlapalestine.be\/index.php\/2020\/06\/28\/janna-jihad-vous-invite-a-rallier-laction-du-1er-juillet-contre-lannexion\/#primaryimage"},"thumbnailUrl":"https:\/\/charleroi-pourlapalestine.be\/wp-content\/uploads\/2020\/06\/WhatsApp-Image-2020-06-06-at-12.29.38-e1593356402373.jpeg","articleSection":["Annexion","Cisjordanie","Colonialisme","L'Etat colonial","Palestine","Sionisme"],"inLanguage":"fr-FR"},{"@type":"WebPage","@id":"https:\/\/charleroi-pourlapalestine.be\/index.php\/2020\/06\/28\/janna-jihad-vous-invite-a-rallier-laction-du-1er-juillet-contre-lannexion\/","url":"https:\/\/charleroi-pourlapalestine.be\/index.php\/2020\/06\/28\/janna-jihad-vous-invite-a-rallier-laction-du-1er-juillet-contre-lannexion\/","name":"Janna Jihad vous invite \u00e0 rallier l\u2019action du 1er juillet contre l\u2019annexion","isPartOf":{"@id":"https:\/\/charleroi-pourlapalestine.be\/#website"},"primaryImageOfPage":{"@id":"https:\/\/charleroi-pourlapalestine.be\/index.php\/2020\/06\/28\/janna-jihad-vous-invite-a-rallier-laction-du-1er-juillet-contre-lannexion\/#primaryimage"},"image":{"@id":"https:\/\/charleroi-pourlapalestine.be\/index.php\/2020\/06\/28\/janna-jihad-vous-invite-a-rallier-laction-du-1er-juillet-contre-lannexion\/#primaryimage"},"thumbnailUrl":"https:\/\/charleroi-pourlapalestine.be\/wp-content\/uploads\/2020\/06\/WhatsApp-Image-2020-06-06-at-12.29.38-e1593356402373.jpeg","datePublished":"2020-06-28T15:06:59+00:00","dateModified":"2020-06-28T15:15:38+00:00","description":"Janna Jihad, jeune journaliste et activiste palestinienne du village de Nabi Saleh, appelle \u00e0 la mobilisation contre l'annexion le mercredi 1er juillet","breadcrumb":{"@id":"https:\/\/charleroi-pourlapalestine.be\/index.php\/2020\/06\/28\/janna-jihad-vous-invite-a-rallier-laction-du-1er-juillet-contre-lannexion\/#breadcrumb"},"inLanguage":"fr-FR","potentialAction":[{"@type":"ReadAction","target":["https:\/\/charleroi-pourlapalestine.be\/index.php\/2020\/06\/28\/janna-jihad-vous-invite-a-rallier-laction-du-1er-juillet-contre-lannexion\/"]}]},{"@type":"ImageObject","inLanguage":"fr-FR","@id":"https:\/\/charleroi-pourlapalestine.be\/index.php\/2020\/06\/28\/janna-jihad-vous-invite-a-rallier-laction-du-1er-juillet-contre-lannexion\/#primaryimage","url":"https:\/\/charleroi-pourlapalestine.be\/wp-content\/uploads\/2020\/06\/WhatsApp-Image-2020-06-06-at-12.29.38-e1593356402373.jpeg","contentUrl":"https:\/\/charleroi-pourlapalestine.be\/wp-content\/uploads\/2020\/06\/WhatsApp-Image-2020-06-06-at-12.29.38-e1593356402373.jpeg","width":453,"height":320},{"@type":"BreadcrumbList","@id":"https:\/\/charleroi-pourlapalestine.be\/index.php\/2020\/06\/28\/janna-jihad-vous-invite-a-rallier-laction-du-1er-juillet-contre-lannexion\/#breadcrumb","itemListElement":[{"@type":"ListItem","position":1,"name":"Accueil","item":"https:\/\/charleroi-pourlapalestine.be\/"},{"@type":"ListItem","position":2,"name":"Janna Jihad vous invite \u00e0 rallier l\u2019action du 1er juillet contre l\u2019annexion"}]},{"@type":"WebSite","@id":"https:\/\/charleroi-pourlapalestine.be\/#website","url":"https:\/\/charleroi-pourlapalestine.be\/","name":"Charleroi Pour la Palestine","description":"","publisher":{"@id":"https:\/\/charleroi-pourlapalestine.be\/#organization"},"potentialAction":[{"@type":"SearchAction","target":{"@type":"EntryPoint","urlTemplate":"https:\/\/charleroi-pourlapalestine.be\/?s={search_term_string}"},"query-input":{"@type":"PropertyValueSpecification","valueRequired":true,"valueName":"search_term_string"}}],"inLanguage":"fr-FR"},{"@type":"Organization","@id":"https:\/\/charleroi-pourlapalestine.be\/#organization","name":"Plate-forme Charleroi-Palestine","url":"https:\/\/charleroi-pourlapalestine.be\/","logo":{"@type":"ImageObject","inLanguage":"fr-FR","@id":"https:\/\/charleroi-pourlapalestine.be\/#\/schema\/logo\/image\/","url":"https:\/\/charleroi-pourlapalestine.be\/wp-content\/uploads\/2020\/01\/logo-Copy.jpg","contentUrl":"https:\/\/charleroi-pourlapalestine.be\/wp-content\/uploads\/2020\/01\/logo-Copy.jpg","width":180,"height":180,"caption":"Plate-forme Charleroi-Palestine"},"image":{"@id":"https:\/\/charleroi-pourlapalestine.be\/#\/schema\/logo\/image\/"},"sameAs":["https:\/\/www.facebook.com\/PlateformeCharleroiPalestine\/","https:\/\/x.com\/LaCharleroi"]},{"@type":"Person","@id":"https:\/\/charleroi-pourlapalestine.be\/#\/schema\/person\/c19ff515112f1299d8c12671d8fe3faa","name":"admin1873","url":"https:\/\/charleroi-pourlapalestine.be\/index.php\/author\/admin1873\/"}]}},"_links":{"self":[{"href":"https:\/\/charleroi-pourlapalestine.be\/index.php\/wp-json\/wp\/v2\/posts\/14741","targetHints":{"allow":["GET"]}}],"collection":[{"href":"https:\/\/charleroi-pourlapalestine.be\/index.php\/wp-json\/wp\/v2\/posts"}],"about":[{"href":"https:\/\/charleroi-pourlapalestine.be\/index.php\/wp-json\/wp\/v2\/types\/post"}],"author":[{"embeddable":true,"href":"https:\/\/charleroi-pourlapalestine.be\/index.php\/wp-json\/wp\/v2\/users\/1"}],"replies":[{"embeddable":true,"href":"https:\/\/charleroi-pourlapalestine.be\/index.php\/wp-json\/wp\/v2\/comments?post=14741"}],"version-history":[{"count":0,"href":"https:\/\/charleroi-pourlapalestine.be\/index.php\/wp-json\/wp\/v2\/posts\/14741\/revisions"}],"wp:featuredmedia":[{"embeddable":true,"href":"https:\/\/charleroi-pourlapalestine.be\/index.php\/wp-json\/wp\/v2\/media\/14768"}],"wp:attachment":[{"href":"https:\/\/charleroi-pourlapalestine.be\/index.php\/wp-json\/wp\/v2\/media?parent=14741"}],"wp:term":[{"taxonomy":"category","embeddable":true,"href":"https:\/\/charleroi-pourlapalestine.be\/index.php\/wp-json\/wp\/v2\/categories?post=14741"},{"taxonomy":"post_tag","embeddable":true,"href":"https:\/\/charleroi-pourlapalestine.be\/index.php\/wp-json\/wp\/v2\/tags?post=14741"}],"curies":[{"name":"wp","href":"https:\/\/api.w.org\/{rel}","templated":true}]}}