{"id":14794,"date":"2020-06-29T15:58:10","date_gmt":"2020-06-29T13:58:10","guid":{"rendered":"https:\/\/charleroi-pourlapalestine.be\/?p=14794"},"modified":"2020-06-29T15:58:12","modified_gmt":"2020-06-29T13:58:12","slug":"haidar-eid-ce-quil-convient-de-faire","status":"publish","type":"post","link":"https:\/\/charleroi-pourlapalestine.be\/index.php\/2020\/06\/29\/haidar-eid-ce-quil-convient-de-faire\/","title":{"rendered":"Haidar Eid : <em>\u00ab\u00a0Ce qu\u2019il convient de faire\u00a0\u00bb<\/em>"},"content":{"rendered":"<p>&nbsp;<\/p>\n<p><a href=\"https:\/\/charleroi-pourlapalestine.be\/index.php\/tag\/haidar-eid\/\"><strong>Haidar Eid<\/strong><\/a> : Le but du gouvernement isra\u00e9lien est clair : \u00e9tablir un r\u00e9gime d\u2019apartheid via l\u2019annexion de certaines parties de la Cisjordanie et, par la m\u00eame occasion, liquider la cause palestinienne pour de bon. Les Palestiniens doivent reconna\u00eetre les erreurs du pass\u00e9 et ne pas accepter de compromis quand ils r\u00e9clament leurs pleins droits humains.<\/p>\n<div id=\"attachment_14798\" style=\"width: 488px\" class=\"wp-caption aligncenter\"><img loading=\"lazy\" decoding=\"async\" aria-describedby=\"caption-attachment-14798\" class=\"wp-image-14798 size-full\" src=\"https:\/\/charleroi-pourlapalestine.be\/wp-content\/uploads\/2020\/06\/SQ_00-16-770x515-1-e1593437497740.jpg\" alt=\"3 avril 2014. Des enfants palestiniens rassembl\u00e9s au pied de la barri\u00e8re isra\u00e9lienne de s\u00e9paration, dans le village d\u2019Abu Dis, \u00e0 J\u00e9rusalem-Est. (Photo : Saeed Qaq\/APA Images)\" width=\"478\" height=\"320\"><p id=\"caption-attachment-14798\" class=\"wp-caption-text\">3 avril 2014. Des enfants palestiniens rassembl\u00e9s au pied de la barri\u00e8re isra\u00e9lienne de s\u00e9paration, dans le village d\u2019Abu Dis, \u00e0 J\u00e9rusalem-Est. (Photo : Saeed Qaq\/APA Images)<\/p><\/div>\n<p><strong>Haidar Eid<\/strong>, 19 juin 2020<\/p>\n<p>Le gouvernement isra\u00e9lien dirig\u00e9 par Benjamin Netanyahou a l\u2019intention d\u2019annexer au moins 30 pour 100 de la Cisjordanie occup\u00e9e.&nbsp;<\/p>\n<p>En agissant de la sorte, le mouvement sioniste, qui a refus\u00e9 historiquement les droits nationaux et culturels \u00e0 la population autochtone de la Palestine, <strong>va finalement tuer la solution raciste \u00e0 deux Etats<\/strong>, pr\u00e9parant ainsi la voie \u00e0 <strong>une forme \u00e9largie d\u2019apartheid institutionnalis\u00e9 et militaris\u00e9 r\u00e9unissant les zones de 1948 et de 1967.<\/strong><\/p>\n<p>Isra\u00ebl a toujours fait savoir clairement que son objectif \u00e9tait d\u2019occuper la terre tout enti\u00e8re d\u2019<em>\u00ab&nbsp;Isra\u00ebl&nbsp;\u00bb<\/em>, c\u2019est-\u00e0-dire la <strong>Palestine historique<\/strong> avec, en plus, <strong>les hauteurs du Golan syrien.<\/strong> Mais o\u00f9 cela laisse-t-il le peuple palestinien&nbsp;?<\/p>\n<p>En Afrique du Sud, le r\u00e9gime d\u2019apartheid avait d\u00e9cid\u00e9 de parquer une partie de la population africaine noire dans les <strong>bantoustans<\/strong>, dans le m\u00eame temps qu\u2019elle allait laisser les autres pourrir dans des <strong>townships.<\/strong><\/p>\n<p>Si seulement ces indig\u00e8nes avaient accept\u00e9 leur sort de cr\u00e9atures inf\u00e9rieures, les choses seraient rest\u00e9es inchang\u00e9es&nbsp;! Mais tel n\u2019avait pas \u00e9t\u00e9 le choix des Africains et de ceux qui croyaient en l\u2019\u00e9galit\u00e9. Il n\u2019y eut pas le moindre compromis, \u00e0 propos de ce droit humain fondamental.<\/p>\n<p>Par contre, en Palestine, nous avons d\u00e9cid\u00e9 de nous lancer dans des <strong>n\u00e9gociations marathoniennes avec les Isra\u00e9liens dans l\u2019espoir que l\u2019on nous accorderait une <em>\u00ab&nbsp;patrie ind\u00e9pendante&nbsp;\u00bb<\/em> pour un tiers d\u2019entre nous seulement<\/strong>, <strong>tout en oubliant les droits de deux tiers restants du peuple palestinien, \u00e0 savoir les r\u00e9fugi\u00e9s et les citoyens palestiniens d\u2019Isra\u00ebl.<\/strong><\/p>\n<p>Feu le Premier ministre isra\u00e9lien Yitzhak Shamir esp\u00e9rait tra\u00eener en longueur, au moins pendant dix ans, les n\u00e9gociations avec les repr\u00e9sentants des Palestiniens de la Cisjordanie et de la bande de Gaza de 1967. Les n\u00e9gociations dur\u00e8rent plus de deux d\u00e9cennies et aboutirent \u00e0 une situation de facto o\u00f9 il est devenu impossible pour les Palestiniens d\u2019avoir leur propre Etat<em> \u00ab&nbsp;ind\u00e9pendant&nbsp;\u00bb<\/em> sur moins de 22 pour 100 de la Palestine historique.&nbsp;<\/p>\n<p>On a dit que feu le dirigeant palestinien, Yasser Arafat, avait compris en 2000,&nbsp;lors du sommet de <strong>Camp David,<\/strong> qu\u2019il n\u2019obtiendrait rien d\u2019Isra\u00ebl et qu\u2019on attendait de lui qu\u2019il c\u00e8de J\u00e9rusalem et renonce au droit au retour de 6 millions de r\u00e9fugi\u00e9s. En \u00e9change, il se serait vu accorder de <strong>minuscules parcelles de terre d\u00e9connect\u00e9es les unes des autres<\/strong> et il lui aurait \u00e9t\u00e9 permis de leur donner le nom de<em> \u00ab&nbsp;Palestine&nbsp;\u00bb<\/em>. Et voil\u00e0 ce que le gouvernement isra\u00e9lien et ses sponsors am\u00e9ricains ont d\u00e9crit comme une <em>\u00ab&nbsp;offre g\u00e9n\u00e9reuse&nbsp;\u00bb&nbsp;!<\/em><\/p>\n<p>Pendant ce temps, Isra\u00ebl n\u2019a jamais cess\u00e9 de<strong> cr\u00e9er des faits sur le terrain<\/strong> en expropriant de plus en plus de terres, en les annexant aux colonies isra\u00e9liennes existantes, en construisant un mur de l\u2019apartheid des plus monstrueux, en expulsant de fa\u00e7on extr\u00eamement violente les habitants de J\u00e9rusalem de leurs logements et en enfermant en cage deux millions de Palestiniens dans le minuscule ghetto de Gaza.<\/p>\n<p>En fait, ce qui se cr\u00e9ait sur le terrain, c\u2019\u00e9tait une r\u00e9alit\u00e9 \u00e0 un seul Etat, mais qu\u2019aucun dirigeant isra\u00e9lien ou palestinien ne voulait reconna\u00eetre.<\/p>\n<p>Quand on examine cette histoire, on voit clairement quel a \u00e9t\u00e9 le but des colonisateurs isra\u00e9liens d\u00e8s le d\u00e9part&nbsp;:<strong> l\u2019instauration de l\u2019apartheid et, en m\u00eame temps, la liquidation de la cause palestinienne.<\/strong> Point final.<\/p>\n<h3>D\u00e8s lors, que convient-il de faire&nbsp;?<\/h3>\n<p><strong>C\u2019est une question \u00e0 poser aux Palestiniens colonis\u00e9s<\/strong> suite \u00e0 l\u2019\u00e9chec catastrophique de leur choix en faveur des n\u00e9gociations depuis trois d\u00e9cennies, en d\u00e9pit de l\u2019\u00e9norme d\u00e9s\u00e9quilibre de pouvoir par rapport aux Isra\u00e9liens, et ce, <strong>pour avoir cru que les Am\u00e9ricains et l\u2019Union europ\u00e9enne<\/strong>, sans caract\u00e8re, allaient exercer quelque pression sur Isra\u00ebl afin de leur accorder un Etat \u00ab<em>&nbsp;ind\u00e9pendant&nbsp;\u00bb<\/em>.<\/p>\n<p>Cette possibilit\u00e9 s\u2019est d\u00e9sormais volatilis\u00e9e, avec le gouvernement isra\u00e9lien de droite qui ne m\u00e2che pas ses mots ni ne cache ses intentions&nbsp;: <strong>un seul Etat juif entre le Jourdain et la M\u00e9diterran\u00e9e.<\/strong><\/p>\n<p>Avant tout, nous devons <strong>admettre notre \u00e9chec lamentable<\/strong> en ne parvenant pas \u00e0 lib\u00e9rer ne serait qu\u2019un seul pouce de la Palestine historique, depuis 1948.<\/p>\n<p>L\u2019\u00e9mergence de notre <strong>r\u00e9volution contemporaine en 1965<\/strong> et la formation de l\u2019<strong>Organisation de lib\u00e9ration de la Palestine<\/strong> un an plus t\u00f4t ont \u00e9t\u00e9 deux moments importants, entre autres, dans la formation d\u2019une identit\u00e9 nationale qui nous est refus\u00e9e par les colonisateurs sionistes.(*)<\/p>\n<p>Mais, aujourd\u2019hui, il nous faut aller de l\u2019avant. <strong>Nous ne pouvons plus nous permettre de flirter avec le sionisme<\/strong> ou avec les r\u00e9gimes arabes r\u00e9actionnaires. <strong>La menace est existentielle<\/strong> et, partant, elle doit \u00eatre trait\u00e9e d\u2019une fa\u00e7on qui ne compromettra pas nos droits fondamentaux.<\/p>\n<p>C\u2019est le moment ad\u00e9quat pour \u00e9laborer la cr\u00e9ation d\u2019un <strong><em>\u00ab&nbsp;nouveau&nbsp;\u00bb<\/em> mouvement politique<\/strong> qui s\u2019adressera \u00e0 un plus grand nombre de circonscriptions que les partis nationalistes traditionnels&nbsp;; et des organisations politiques progressistes se sont av\u00e9r\u00e9es capables de faire mieux, jusqu\u2019\u00e0 pr\u00e9sent. Le probl\u00e8me avec la plupart des forces politiques en Palestine occup\u00e9e, c\u2019est qu\u2019elles ont<strong> capitul\u00e9<\/strong> sous la s\u00e9duction de l\u2019assimilation \u00e9manant de l\u2019<em>\u00ab&nbsp;id\u00e9ologie&nbsp;\u00bb<\/em> d\u2019<strong>Oslo.<\/strong><\/p>\n<p>Il est tr\u00e8s encourageant de voir un plus grand nombre d\u2019activistes palestiniens adopter une analyse plus claire refl\u00e9tant <strong>une vision capable d\u2019aller au-del\u00e0 de la solution raciste \u00e0 deux Etats<\/strong>, en critiquant radicalement l\u2019activisme et les th\u00e9ories nationaliste du pass\u00e9.<\/p>\n<p>Un bon exemple est la formation de la <strong>Campagne pour un seul Etat d\u00e9mocratique<\/strong> qui a des membres dans les trois composantes du peuple palestinien.<\/p>\n<p>Son objectif a \u00e9t\u00e9 d\u00e9fini tr\u00e8s clairement&nbsp;: remplacer le r\u00e9gime d\u2019apartheid par <strong>un Etat d\u00e9mocratique aux droits \u00e9gaux pour tous ses habitants<\/strong>, y compris les r\u00e9fugi\u00e9s de retour.<\/p>\n<p>Sa vision est<\/p>\n<blockquote>\n<p>\u00ab&nbsp;une d\u00e9mocratie qui donnera des droits \u00e9gaux \u00e0 tous les habitants de la Palestine, qui finira par ramener tous les r\u00e9fugi\u00e9s au pays et qui respectera les cultures, les religions et les identit\u00e9s de tous les peuples que comprendra notre soci\u00e9t\u00e9&nbsp;\u00bb.<\/p>\n<\/blockquote>\n<p>Voil\u00e0 pr\u00e9cis\u00e9ment pourquoi il est d\u2019une importance capitale de situer le discours sur<strong> un Etat et BDS<\/strong> <strong>au sein de la tradition radicale palestinienne<\/strong> via des liens vers les \u0153uvres de<strong> Ghassan Kanafani, Edward Sa\u00efd<\/strong> et la gauche antistalinienne.<\/p>\n<p>Nous, en Palestine, nous avons besoin d\u2019un mouvement qui accorde de l\u2019attention \u00e0 <strong>l\u2019\u00e9ducation politique populaire<\/strong> et qui s\u2019\u00e9loigne de la dichotomie h\u00e9g\u00e9monique et factionnelle.<\/p>\n<p>Ce mouvement doit donner la priorit\u00e9 au travail et \u00e0 l\u2019activisme sur le terrain, ce que les activistes sud-africains ont appel\u00e9 la <em>\u00ab&nbsp;mobilisation de masse&nbsp;\u00bb<\/em> et associer cela \u00e0 la <strong>campagne BDS mondiale<\/strong>, laquelle a d\u00e9j\u00e0 reconnu l\u2019intersectionnalit\u00e9 d\u2019un grand nombre de questions actuelles.<\/p>\n<hr>\n<p>Publi\u00e9 le 19 juin sur <a href=\"https:\/\/mondoweiss.net\/2020\/06\/what-needs-to-be-done\/?fbclid=IwAR2sM-qWWs2X-eJeeojyqb5oxNa_s5_QRMW25sDGHNkbsxOIkKrAW4qPfgs\" target=\"_blank\" rel=\"noopener noreferrer\">Mondoweiss<\/a><br>Traduction : Jean-Marie Fl\u00e9mal<\/p>\n<div id=\"attachment_3774\" style=\"width: 160px\" class=\"wp-caption alignleft\"><img loading=\"lazy\" decoding=\"async\" aria-describedby=\"caption-attachment-3774\" class=\"wp-image-3774 size-thumbnail\" src=\"https:\/\/charleroi-pourlapalestine.be\/wp-content\/uploads\/2020\/01\/Haidar-Eid-150x150.jpg\" sizes=\"auto, (max-width: 150px) 100vw, 150px\" srcset=\"https:\/\/charleroi-pourlapalestine.be\/wp-content\/uploads\/2020\/01\/Haidar-Eid-150x150.jpg 150w, https:\/\/charleroi-pourlapalestine.be\/wp-content\/uploads\/2020\/01\/Haidar-Eid-160x160.jpg 160w\" alt=\"Haidar Eid\" width=\"150\" height=\"150\"><p id=\"caption-attachment-3774\" class=\"wp-caption-text\">Haidar Eid<\/p><\/div>\n<p><strong>Haidar Eid<\/strong> est \u00e9crivain et professeur de litt\u00e9rature postcoloniale \u00e0 l\u2019universit\u00e9 Al-Aqsa \u00e0 <strong>Gaza<\/strong>, apr\u00e8s avoir enseign\u00e9 dans plusieurs universit\u00e9s \u00e0 l\u2019\u00e9tranger. V\u00e9t\u00e9ran dans le mouvement des droits nationaux palestiniens, c\u2019est un commentateur politique ind\u00e9pendant, auteur de nombreux articles sur la situation en Palestine.<\/p>\n<p>(*) Lisez \u00e0 ce propos la s\u00e9rie d&rsquo;articles, publi\u00e9 sur ce site dans la cat\u00e9gorie <em><a href=\"https:\/\/charleroi-pourlapalestine.be\/index.php\/category\/histoire\/la-revolution-palestinienne\/enseigner-la-revolution-la-revolution-palestinienne\/\">\u00ab\u00a0La R\u00e9volution palestinienne\u00a0\u00bb<\/a><\/em><\/p>\n\n\n<p><\/p>\n","protected":false},"excerpt":{"rendered":"<p>Haidar Eid : Il est encourageant de voir un plus grand nombre d\u2019activistes palestiniens adopter une vision capable d\u2019aller au-del\u00e0 de la solution raciste \u00e0 deux Etats<\/p>\n","protected":false},"author":1,"featured_media":0,"comment_status":"closed","ping_status":"closed","sticky":false,"template":"","format":"standard","meta":{"ngg_post_thumbnail":0,"footnotes":""},"categories":[496,44,23,192,25],"tags":[270,218],"class_list":["post-14794","post","type-post","status-publish","format-standard","hentry","category-annexation","category-lappartheid","category-oslo","category-palestine","category-la-resistance-palestinienne","tag-edward-said","tag-ghassan-kanafani"],"yoast_head":"<!-- This site is optimized with the Yoast SEO plugin v27.3 - https:\/\/yoast.com\/product\/yoast-seo-wordpress\/ -->\n<title>Haidar Eid : &quot;Ce qu\u2019il convient de faire&quot; - Charleroi Pour la Palestine<\/title>\n<meta name=\"description\" content=\"Haidar Eid : Il est encourageant de voir un plus grand nombre d\u2019activistes palestiniens adopter une vision capable d\u2019aller au-del\u00e0 de la solution raciste \u00e0 deux Etats\" \/>\n<meta name=\"robots\" content=\"index, follow, max-snippet:-1, max-image-preview:large, max-video-preview:-1\" \/>\n<link rel=\"canonical\" href=\"https:\/\/charleroi-pourlapalestine.be\/index.php\/2020\/06\/29\/haidar-eid-ce-quil-convient-de-faire\/\" \/>\n<script type=\"application\/ld+json\" class=\"yoast-schema-graph\">{\"@context\":\"https:\\\/\\\/schema.org\",\"@graph\":[{\"@type\":\"Article\",\"@id\":\"https:\\\/\\\/charleroi-pourlapalestine.be\\\/index.php\\\/2020\\\/06\\\/29\\\/haidar-eid-ce-quil-convient-de-faire\\\/#article\",\"isPartOf\":{\"@id\":\"https:\\\/\\\/charleroi-pourlapalestine.be\\\/index.php\\\/2020\\\/06\\\/29\\\/haidar-eid-ce-quil-convient-de-faire\\\/\"},\"author\":{\"name\":\"admin1873\",\"@id\":\"https:\\\/\\\/charleroi-pourlapalestine.be\\\/#\\\/schema\\\/person\\\/c19ff515112f1299d8c12671d8fe3faa\"},\"headline\":\"Haidar Eid : \u00ab\u00a0Ce qu\u2019il convient de faire\u00a0\u00bb\",\"datePublished\":\"2020-06-29T13:58:10+00:00\",\"dateModified\":\"2020-06-29T13:58:12+00:00\",\"mainEntityOfPage\":{\"@id\":\"https:\\\/\\\/charleroi-pourlapalestine.be\\\/index.php\\\/2020\\\/06\\\/29\\\/haidar-eid-ce-quil-convient-de-faire\\\/\"},\"wordCount\":1420,\"publisher\":{\"@id\":\"https:\\\/\\\/charleroi-pourlapalestine.be\\\/#organization\"},\"image\":{\"@id\":\"https:\\\/\\\/charleroi-pourlapalestine.be\\\/index.php\\\/2020\\\/06\\\/29\\\/haidar-eid-ce-quil-convient-de-faire\\\/#primaryimage\"},\"thumbnailUrl\":\"https:\\\/\\\/charleroi-pourlapalestine.be\\\/wp-content\\\/uploads\\\/2020\\\/06\\\/SQ_00-16-770x515-1-e1593437497740.jpg\",\"keywords\":[\"Edward Sa\u00efd\",\"Ghassan Kanafani\"],\"articleSection\":[\"Annexion\",\"Apartheid\",\"Oslo\",\"Palestine\",\"R\u00e9sistance\"],\"inLanguage\":\"fr-FR\"},{\"@type\":\"WebPage\",\"@id\":\"https:\\\/\\\/charleroi-pourlapalestine.be\\\/index.php\\\/2020\\\/06\\\/29\\\/haidar-eid-ce-quil-convient-de-faire\\\/\",\"url\":\"https:\\\/\\\/charleroi-pourlapalestine.be\\\/index.php\\\/2020\\\/06\\\/29\\\/haidar-eid-ce-quil-convient-de-faire\\\/\",\"name\":\"Haidar Eid : \\\"Ce qu\u2019il convient de faire\\\" - Charleroi Pour la Palestine\",\"isPartOf\":{\"@id\":\"https:\\\/\\\/charleroi-pourlapalestine.be\\\/#website\"},\"primaryImageOfPage\":{\"@id\":\"https:\\\/\\\/charleroi-pourlapalestine.be\\\/index.php\\\/2020\\\/06\\\/29\\\/haidar-eid-ce-quil-convient-de-faire\\\/#primaryimage\"},\"image\":{\"@id\":\"https:\\\/\\\/charleroi-pourlapalestine.be\\\/index.php\\\/2020\\\/06\\\/29\\\/haidar-eid-ce-quil-convient-de-faire\\\/#primaryimage\"},\"thumbnailUrl\":\"https:\\\/\\\/charleroi-pourlapalestine.be\\\/wp-content\\\/uploads\\\/2020\\\/06\\\/SQ_00-16-770x515-1-e1593437497740.jpg\",\"datePublished\":\"2020-06-29T13:58:10+00:00\",\"dateModified\":\"2020-06-29T13:58:12+00:00\",\"description\":\"Haidar Eid : Il est encourageant de voir un plus grand nombre d\u2019activistes palestiniens adopter une vision capable d\u2019aller au-del\u00e0 de la solution raciste \u00e0 deux Etats\",\"breadcrumb\":{\"@id\":\"https:\\\/\\\/charleroi-pourlapalestine.be\\\/index.php\\\/2020\\\/06\\\/29\\\/haidar-eid-ce-quil-convient-de-faire\\\/#breadcrumb\"},\"inLanguage\":\"fr-FR\",\"potentialAction\":[{\"@type\":\"ReadAction\",\"target\":[\"https:\\\/\\\/charleroi-pourlapalestine.be\\\/index.php\\\/2020\\\/06\\\/29\\\/haidar-eid-ce-quil-convient-de-faire\\\/\"]}]},{\"@type\":\"ImageObject\",\"inLanguage\":\"fr-FR\",\"@id\":\"https:\\\/\\\/charleroi-pourlapalestine.be\\\/index.php\\\/2020\\\/06\\\/29\\\/haidar-eid-ce-quil-convient-de-faire\\\/#primaryimage\",\"url\":\"https:\\\/\\\/charleroi-pourlapalestine.be\\\/wp-content\\\/uploads\\\/2020\\\/06\\\/SQ_00-16-770x515-1-e1593437497740.jpg\",\"contentUrl\":\"https:\\\/\\\/charleroi-pourlapalestine.be\\\/wp-content\\\/uploads\\\/2020\\\/06\\\/SQ_00-16-770x515-1-e1593437497740.jpg\"},{\"@type\":\"BreadcrumbList\",\"@id\":\"https:\\\/\\\/charleroi-pourlapalestine.be\\\/index.php\\\/2020\\\/06\\\/29\\\/haidar-eid-ce-quil-convient-de-faire\\\/#breadcrumb\",\"itemListElement\":[{\"@type\":\"ListItem\",\"position\":1,\"name\":\"Accueil\",\"item\":\"https:\\\/\\\/charleroi-pourlapalestine.be\\\/\"},{\"@type\":\"ListItem\",\"position\":2,\"name\":\"Haidar Eid : &#8220;Ce qu\u2019il convient de faire&#8221;\"}]},{\"@type\":\"WebSite\",\"@id\":\"https:\\\/\\\/charleroi-pourlapalestine.be\\\/#website\",\"url\":\"https:\\\/\\\/charleroi-pourlapalestine.be\\\/\",\"name\":\"Charleroi Pour la Palestine\",\"description\":\"\",\"publisher\":{\"@id\":\"https:\\\/\\\/charleroi-pourlapalestine.be\\\/#organization\"},\"potentialAction\":[{\"@type\":\"SearchAction\",\"target\":{\"@type\":\"EntryPoint\",\"urlTemplate\":\"https:\\\/\\\/charleroi-pourlapalestine.be\\\/?s={search_term_string}\"},\"query-input\":{\"@type\":\"PropertyValueSpecification\",\"valueRequired\":true,\"valueName\":\"search_term_string\"}}],\"inLanguage\":\"fr-FR\"},{\"@type\":\"Organization\",\"@id\":\"https:\\\/\\\/charleroi-pourlapalestine.be\\\/#organization\",\"name\":\"Plate-forme Charleroi-Palestine\",\"url\":\"https:\\\/\\\/charleroi-pourlapalestine.be\\\/\",\"logo\":{\"@type\":\"ImageObject\",\"inLanguage\":\"fr-FR\",\"@id\":\"https:\\\/\\\/charleroi-pourlapalestine.be\\\/#\\\/schema\\\/logo\\\/image\\\/\",\"url\":\"https:\\\/\\\/charleroi-pourlapalestine.be\\\/wp-content\\\/uploads\\\/2020\\\/01\\\/logo-Copy.jpg\",\"contentUrl\":\"https:\\\/\\\/charleroi-pourlapalestine.be\\\/wp-content\\\/uploads\\\/2020\\\/01\\\/logo-Copy.jpg\",\"width\":180,\"height\":180,\"caption\":\"Plate-forme Charleroi-Palestine\"},\"image\":{\"@id\":\"https:\\\/\\\/charleroi-pourlapalestine.be\\\/#\\\/schema\\\/logo\\\/image\\\/\"},\"sameAs\":[\"https:\\\/\\\/www.facebook.com\\\/PlateformeCharleroiPalestine\\\/\",\"https:\\\/\\\/x.com\\\/LaCharleroi\"]},{\"@type\":\"Person\",\"@id\":\"https:\\\/\\\/charleroi-pourlapalestine.be\\\/#\\\/schema\\\/person\\\/c19ff515112f1299d8c12671d8fe3faa\",\"name\":\"admin1873\",\"url\":\"https:\\\/\\\/charleroi-pourlapalestine.be\\\/index.php\\\/author\\\/admin1873\\\/\"}]}<\/script>\n<!-- \/ Yoast SEO plugin. -->","yoast_head_json":{"title":"Haidar Eid : \"Ce qu\u2019il convient de faire\" - Charleroi Pour la Palestine","description":"Haidar Eid : Il est encourageant de voir un plus grand nombre d\u2019activistes palestiniens adopter une vision capable d\u2019aller au-del\u00e0 de la solution raciste \u00e0 deux Etats","robots":{"index":"index","follow":"follow","max-snippet":"max-snippet:-1","max-image-preview":"max-image-preview:large","max-video-preview":"max-video-preview:-1"},"canonical":"https:\/\/charleroi-pourlapalestine.be\/index.php\/2020\/06\/29\/haidar-eid-ce-quil-convient-de-faire\/","schema":{"@context":"https:\/\/schema.org","@graph":[{"@type":"Article","@id":"https:\/\/charleroi-pourlapalestine.be\/index.php\/2020\/06\/29\/haidar-eid-ce-quil-convient-de-faire\/#article","isPartOf":{"@id":"https:\/\/charleroi-pourlapalestine.be\/index.php\/2020\/06\/29\/haidar-eid-ce-quil-convient-de-faire\/"},"author":{"name":"admin1873","@id":"https:\/\/charleroi-pourlapalestine.be\/#\/schema\/person\/c19ff515112f1299d8c12671d8fe3faa"},"headline":"Haidar Eid : \u00ab\u00a0Ce qu\u2019il convient de faire\u00a0\u00bb","datePublished":"2020-06-29T13:58:10+00:00","dateModified":"2020-06-29T13:58:12+00:00","mainEntityOfPage":{"@id":"https:\/\/charleroi-pourlapalestine.be\/index.php\/2020\/06\/29\/haidar-eid-ce-quil-convient-de-faire\/"},"wordCount":1420,"publisher":{"@id":"https:\/\/charleroi-pourlapalestine.be\/#organization"},"image":{"@id":"https:\/\/charleroi-pourlapalestine.be\/index.php\/2020\/06\/29\/haidar-eid-ce-quil-convient-de-faire\/#primaryimage"},"thumbnailUrl":"https:\/\/charleroi-pourlapalestine.be\/wp-content\/uploads\/2020\/06\/SQ_00-16-770x515-1-e1593437497740.jpg","keywords":["Edward Sa\u00efd","Ghassan Kanafani"],"articleSection":["Annexion","Apartheid","Oslo","Palestine","R\u00e9sistance"],"inLanguage":"fr-FR"},{"@type":"WebPage","@id":"https:\/\/charleroi-pourlapalestine.be\/index.php\/2020\/06\/29\/haidar-eid-ce-quil-convient-de-faire\/","url":"https:\/\/charleroi-pourlapalestine.be\/index.php\/2020\/06\/29\/haidar-eid-ce-quil-convient-de-faire\/","name":"Haidar Eid : \"Ce qu\u2019il convient de faire\" - Charleroi Pour la Palestine","isPartOf":{"@id":"https:\/\/charleroi-pourlapalestine.be\/#website"},"primaryImageOfPage":{"@id":"https:\/\/charleroi-pourlapalestine.be\/index.php\/2020\/06\/29\/haidar-eid-ce-quil-convient-de-faire\/#primaryimage"},"image":{"@id":"https:\/\/charleroi-pourlapalestine.be\/index.php\/2020\/06\/29\/haidar-eid-ce-quil-convient-de-faire\/#primaryimage"},"thumbnailUrl":"https:\/\/charleroi-pourlapalestine.be\/wp-content\/uploads\/2020\/06\/SQ_00-16-770x515-1-e1593437497740.jpg","datePublished":"2020-06-29T13:58:10+00:00","dateModified":"2020-06-29T13:58:12+00:00","description":"Haidar Eid : Il est encourageant de voir un plus grand nombre d\u2019activistes palestiniens adopter une vision capable d\u2019aller au-del\u00e0 de la solution raciste \u00e0 deux Etats","breadcrumb":{"@id":"https:\/\/charleroi-pourlapalestine.be\/index.php\/2020\/06\/29\/haidar-eid-ce-quil-convient-de-faire\/#breadcrumb"},"inLanguage":"fr-FR","potentialAction":[{"@type":"ReadAction","target":["https:\/\/charleroi-pourlapalestine.be\/index.php\/2020\/06\/29\/haidar-eid-ce-quil-convient-de-faire\/"]}]},{"@type":"ImageObject","inLanguage":"fr-FR","@id":"https:\/\/charleroi-pourlapalestine.be\/index.php\/2020\/06\/29\/haidar-eid-ce-quil-convient-de-faire\/#primaryimage","url":"https:\/\/charleroi-pourlapalestine.be\/wp-content\/uploads\/2020\/06\/SQ_00-16-770x515-1-e1593437497740.jpg","contentUrl":"https:\/\/charleroi-pourlapalestine.be\/wp-content\/uploads\/2020\/06\/SQ_00-16-770x515-1-e1593437497740.jpg"},{"@type":"BreadcrumbList","@id":"https:\/\/charleroi-pourlapalestine.be\/index.php\/2020\/06\/29\/haidar-eid-ce-quil-convient-de-faire\/#breadcrumb","itemListElement":[{"@type":"ListItem","position":1,"name":"Accueil","item":"https:\/\/charleroi-pourlapalestine.be\/"},{"@type":"ListItem","position":2,"name":"Haidar Eid : &#8220;Ce qu\u2019il convient de faire&#8221;"}]},{"@type":"WebSite","@id":"https:\/\/charleroi-pourlapalestine.be\/#website","url":"https:\/\/charleroi-pourlapalestine.be\/","name":"Charleroi Pour la Palestine","description":"","publisher":{"@id":"https:\/\/charleroi-pourlapalestine.be\/#organization"},"potentialAction":[{"@type":"SearchAction","target":{"@type":"EntryPoint","urlTemplate":"https:\/\/charleroi-pourlapalestine.be\/?s={search_term_string}"},"query-input":{"@type":"PropertyValueSpecification","valueRequired":true,"valueName":"search_term_string"}}],"inLanguage":"fr-FR"},{"@type":"Organization","@id":"https:\/\/charleroi-pourlapalestine.be\/#organization","name":"Plate-forme Charleroi-Palestine","url":"https:\/\/charleroi-pourlapalestine.be\/","logo":{"@type":"ImageObject","inLanguage":"fr-FR","@id":"https:\/\/charleroi-pourlapalestine.be\/#\/schema\/logo\/image\/","url":"https:\/\/charleroi-pourlapalestine.be\/wp-content\/uploads\/2020\/01\/logo-Copy.jpg","contentUrl":"https:\/\/charleroi-pourlapalestine.be\/wp-content\/uploads\/2020\/01\/logo-Copy.jpg","width":180,"height":180,"caption":"Plate-forme Charleroi-Palestine"},"image":{"@id":"https:\/\/charleroi-pourlapalestine.be\/#\/schema\/logo\/image\/"},"sameAs":["https:\/\/www.facebook.com\/PlateformeCharleroiPalestine\/","https:\/\/x.com\/LaCharleroi"]},{"@type":"Person","@id":"https:\/\/charleroi-pourlapalestine.be\/#\/schema\/person\/c19ff515112f1299d8c12671d8fe3faa","name":"admin1873","url":"https:\/\/charleroi-pourlapalestine.be\/index.php\/author\/admin1873\/"}]}},"_links":{"self":[{"href":"https:\/\/charleroi-pourlapalestine.be\/index.php\/wp-json\/wp\/v2\/posts\/14794","targetHints":{"allow":["GET"]}}],"collection":[{"href":"https:\/\/charleroi-pourlapalestine.be\/index.php\/wp-json\/wp\/v2\/posts"}],"about":[{"href":"https:\/\/charleroi-pourlapalestine.be\/index.php\/wp-json\/wp\/v2\/types\/post"}],"author":[{"embeddable":true,"href":"https:\/\/charleroi-pourlapalestine.be\/index.php\/wp-json\/wp\/v2\/users\/1"}],"replies":[{"embeddable":true,"href":"https:\/\/charleroi-pourlapalestine.be\/index.php\/wp-json\/wp\/v2\/comments?post=14794"}],"version-history":[{"count":0,"href":"https:\/\/charleroi-pourlapalestine.be\/index.php\/wp-json\/wp\/v2\/posts\/14794\/revisions"}],"wp:attachment":[{"href":"https:\/\/charleroi-pourlapalestine.be\/index.php\/wp-json\/wp\/v2\/media?parent=14794"}],"wp:term":[{"taxonomy":"category","embeddable":true,"href":"https:\/\/charleroi-pourlapalestine.be\/index.php\/wp-json\/wp\/v2\/categories?post=14794"},{"taxonomy":"post_tag","embeddable":true,"href":"https:\/\/charleroi-pourlapalestine.be\/index.php\/wp-json\/wp\/v2\/tags?post=14794"}],"curies":[{"name":"wp","href":"https:\/\/api.w.org\/{rel}","templated":true}]}}