{"id":14804,"date":"2020-06-30T16:36:37","date_gmt":"2020-06-30T14:36:37","guid":{"rendered":"https:\/\/charleroi-pourlapalestine.be\/?p=14804"},"modified":"2020-06-30T16:43:24","modified_gmt":"2020-06-30T14:43:24","slug":"pour-certains-les-gazaouis-ne-sont-pas-des-etres-humains","status":"publish","type":"post","link":"https:\/\/charleroi-pourlapalestine.be\/index.php\/2020\/06\/30\/pour-certains-les-gazaouis-ne-sont-pas-des-etres-humains\/","title":{"rendered":"Pour certains, les Gazaouis ne sont pas des \u00eatres humains"},"content":{"rendered":"<h4>Ceux qui pr\u00e9tendent que le transfert de l\u2019ambassade \u00e0 J\u00e9rusalem s\u2019est fait sans douleur ne pensent pas que les Gazaouis sont des \u00eatres humains<\/h4>\n<p><strong>Philip Weiss,<\/strong> 24 juin 2020<\/p>\n<div id=\"attachment_14809\" style=\"width: 488px\" class=\"wp-caption aligncenter\"><img loading=\"lazy\" decoding=\"async\" aria-describedby=\"caption-attachment-14809\" class=\"wp-image-14809 size-full\" src=\"https:\/\/charleroi-pourlapalestine.be\/wp-content\/uploads\/2020\/06\/qNU2l2Yg-e1593527614257.jpeg\" alt=\"Gaza, d\u00e9cembre 2018. Des footballeurs gazouis montrent l\u2019\u0153uvre des snipers isra\u00e9liens. (Photo : Mohammed Asad)\" width=\"478\" height=\"320\"><p id=\"caption-attachment-14809\" class=\"wp-caption-text\">Gaza, d\u00e9cembre 2018. Des footballeurs gazouis montrent l\u2019\u0153uvre des snipers isra\u00e9liens. (Photo : Mohammed Asad)<\/p><\/div>\n<p>Un argument qui revient sans cesse, ces derniers jours, \u00e0 propos de l\u2019annexion, dit que <em>\u00ab&nbsp;rien ne s\u2019est pass\u00e9&nbsp;\u00bb<\/em> lorsque les <strong>Etats-Unis<\/strong> ont transf\u00e9r\u00e9 leur ambassade \u00e0 J\u00e9rusalem en 2018. Dans ce cas, pourquoi s\u2019inqui\u00e9ter de l\u2019annexion de la Cisjordanie&nbsp;? Les Palestiniens ont beau se lamenter sans arr\u00eat, ils ne se r\u00e9volteront pas. De quoi s\u2019inqui\u00e9ter, alors&nbsp;?<\/p>\n<p><strong>Cet argument escamote l\u2019humanit\u00e9 des Palestiniens<\/strong> parce que, en r\u00e9alit\u00e9, les Palestiniens se sont bel et bien insurg\u00e9s \u00e0 propos du transfert de l\u2019ambassade.<\/p>\n<p><strong>La <a href=\"https:\/\/charleroi-pourlapalestine.be\/index.php\/category\/palestine\/la-resistance-palestinienne\/grande-marche-du-retour\/\">Grande Marche du Retour \u00e0 Gaza<\/a><\/strong> avait \u00e9t\u00e9 initi\u00e9e pour une bonne part en r\u00e9ponse \u00e0 la d\u00e9cision de Trump, en 2017, et ces manifestations ont pr\u00e9lev\u00e9 un horrible tribut en morts et mutil\u00e9s palestiniens.<\/p>\n<p>Mais, tout d\u2019abord, \u00e9coutons certaines d\u00e9clarations de ces personnes dures d\u2019oreille. <strong>Dennis Ross, s\u2019adressant au WINEP<\/strong> (Washington Institute for Near East Policy), le 18 juin&nbsp;:<\/p>\n<blockquote><p>\u00ab&nbsp;[Netanyahou] ne croit nullement aux risques [de l\u2019annexion] (\u2026) \u201cOn nous avait pr\u00e9venus qu\u2019il y aurait des violences si Trump transf\u00e9rait son ambassade \u00e0 J\u00e9rusalem. Rien ne s\u2019est pass\u00e9.\u201d (\u2026) Ainsi donc, il consid\u00e8re la chose et dit que rien ne n\u2019est pass\u00e9 \u00e0 ce moment. Tous ces avertissements du style Cassandre \u00e9taient exag\u00e9r\u00e9s.&nbsp;\u00bb<\/p><\/blockquote>\n<p><strong>Michael Koplow, de l\u2019Israel Policy Forum<\/strong>, le 4 juin&nbsp;:<\/p>\n<blockquote><p>\u00ab&nbsp;Bien des gens (dont moi-m\u00eame, d\u2019ailleurs) avaient erron\u00e9ment pr\u00e9dit qu\u2019une des cons\u00e9quences [du transfert de l\u2019ambassade] serait une violence \u00e0 grande \u00e9chelle qui allait cr\u00e9er un v\u00e9ritable compromis entre le redressement d\u2019un tort historique et un inutile gaspillage en vies humaines. Quand la violence pr\u00e9dite n\u2019eut pas lieu, la r\u00e9action imm\u00e9diate fut de pointer du doigt ceux qui avaient mis en garde \u00e0 propos des inconv\u00e9nients et de rejeter leurs inqui\u00e9tudes et leurs analyses comme un stupide enfilage de perles (\u2026) Les pr\u00e9dictions de violence \u00e0 court terme \u00e9taient incorrectes.&nbsp;\u00bb<\/p><\/blockquote>\n<p><strong>Robert Satloff, du WINEP<\/strong>, en juin&nbsp;: &nbsp;<\/p>\n<blockquote><p>\u00ab&nbsp;Deux d\u00e9cisions de l\u2019administration Trump (\u2026) ont modifi\u00e9 des d\u00e9cennies de politique am\u00e9ricaine mais n\u2019ont pratiquement d\u00e9clench\u00e9 aucune vague de turbulence dans le Moyen-Orient \u2013 l\u2019annonce en d\u00e9cembre 2017 de l\u2019intention de Washington de transf\u00e9rer l\u2019ambassade des Etats-Unis de Tel-Aviv \u00e0 J\u00e9rusalem et la reconnaissance en mars 2019 des revendications d\u2019Isra\u00ebl concernant la souverainet\u00e9 sur les hauteurs du Golan, auxquelles Isra\u00ebl avait officiellement \u00e9tendu sa juridiction en 1981, quatorze ans apr\u00e8s avoir ravi le territoire \u00e0 la Syrie. Les voix partisanes pr\u00e9tendent que, semblablement, une annexion de la Cisjordanie se fera sans grandes r\u00e9actions.&nbsp;\u00bb<\/p><\/blockquote>\n<p><strong>Une nouvelle fois, les protestations \u00e0 Gaza d\u00e9but\u00e8rent en mars 2018 et l\u2019un de leurs buts \u00e9tait de protester contre le transfert de l\u2019ambassade des Etats-Unis.<\/strong><\/p>\n<blockquote><p>\u00ab&nbsp;Une fois que Trump eut proclam\u00e9 J\u00e9rusalem capitale d\u2019Isra\u00ebl l\u2019an dernier, Ahmed [Abou Artema] d\u00e9clara que c\u2019\u00e9tait un changement de donne, pour lui et ses amis&nbsp;\u00bb,<\/p><\/blockquote>\n<p>rapporta Allison Deger \u00e0 propos de l\u2019un des dirigeants des marches.<em> \u00ab&nbsp;Trump&nbsp;\u00bb<\/em>, ajouta Ahmed, <em>\u00ab&nbsp;\u00e9tait la raison pour laquelle les Palestiniens se sentaient pouss\u00e9s \u00e0 bout.&nbsp;\u00bb<\/em><\/p>\n<p><strong>Le jour o\u00f9 les Etats-Unis transf\u00e9r\u00e8rent leur ambassade, Isra\u00ebl tua 59 manifestants \u00e0 Gaza et en blessa 2200 autres.<\/strong><\/p>\n<p>Des milliers de Gazaouis se rendirent \u00e0 la cl\u00f4ture \u00e0 la fronti\u00e8re isra\u00e9lienne, chaque vendredi, en 2018 et 2019, et, au total, les forces isra\u00e9liennes abattirent et tu\u00e8rent 214 manifestants, dont 41 au moins \u00e9taient des enfants.<\/p>\n<p>Le bureau de l\u2019ONU pour la coordination des affaires humanitaires en Palestine occup\u00e9e d\u00e9clara qu\u2019Isra\u00ebl avait bless\u00e9 plus de 36&nbsp;000 Palestiniens, au cours des protestations \u2013 8&nbsp;000 par des snipers et 17&nbsp;000 autres par des balles enrob\u00e9es de caoutchouc et des gaz lacrymog\u00e8nes.<\/p>\n<p>Un grand nombre de ces personnes bless\u00e9es souffrent toujours aujourd\u2019hui.<\/p>\n<p>Plus de 7&nbsp;000 des blessures occasionn\u00e9es \u00e0 balles r\u00e9elles (soit 88 pour 100) \u00e9taient des blessures aux membres, suivies par des blessures \u00e0 l\u2019abdomen et au pelvis. Cent cinquante-six (156) des blessures aux membres ont d\u00e9bouch\u00e9 sur des amputations (126 membres inf\u00e9rieurs et 30 membres sup\u00e9rieurs). Parmi ceux-ci, au moins 94 cas ont impliqu\u00e9 des amputations secondaires, dues \u00e0 des infections osseuses apparues par la suite.<\/p>\n<p>Les r\u00e9cits que nous avons pr\u00e9sent\u00e9s sur les amputations et les parties de football entre unijambistes ne sont pour ainsi dire pas des aberrations&nbsp;: elles sont typiques de l\u2019exp\u00e9rience de Gaza sur le plan de l\u2019occupation violente. &nbsp;<\/p>\n<p><strong>Les gens qui pr\u00e9tendent que le transfert de l\u2019ambassade des Etats-Unis n\u2019a provoqu\u00e9 aucune agitation ferment tout simplement les yeux sur ce torrent de souffrance.<\/strong><\/p>\n<p>Bien s\u00fbr, ils ont \u00e9t\u00e9 aid\u00e9s par le New York Times, qui avait publi\u00e9 quatre \u00e9ditoriaux justifiant les tirs sur les manifestants.<\/p>\n<hr>\n<p>Publi\u00e9 le 24 juin 2020 sur <a href=\"https:\/\/mondoweiss.net\/2020\/06\/anyone-who-says-jerusalem-embassy-move-was-painless-doesnt-think-gazans-are-human-beings\/\" target=\"_blank\" rel=\"noopener noreferrer\">Mondoweiss<\/a><br \/>\nTraduction : Jean-Marie Fl\u00e9mal<\/p>\n","protected":false},"excerpt":{"rendered":"<p>Ceux qui pr\u00e9tendent que le transfert de l\u2019ambassade \u00e0 J\u00e9rusalem s\u2019est fait sans douleur ne pensent pas que les Gazaouis sont des \u00eatres humains<\/p>\n","protected":false},"author":1,"featured_media":0,"comment_status":"closed","ping_status":"closed","sticky":false,"template":"","format":"standard","meta":{"ngg_post_thumbnail":0,"footnotes":""},"categories":[52,195,8,192,25],"tags":[],"class_list":["post-14804","post","type-post","status-publish","format-standard","hentry","category-la-cour-penale-internationale","category-grande-marche-du-retour","category-jerusalem","category-palestine","category-la-resistance-palestinienne"],"yoast_head":"<!-- This site is optimized with the Yoast SEO plugin v27.3 - https:\/\/yoast.com\/product\/yoast-seo-wordpress\/ -->\n<title>Pour certains, les Gazaouis ne sont pas des \u00eatres humains<\/title>\n<meta name=\"description\" content=\"Ceux qui pr\u00e9tendent que le transfert de l\u2019ambassade \u00e0 J\u00e9rusalem s\u2019est fait sans douleur ne pensent pas que les Gazaouis sont des \u00eatres humains\" \/>\n<meta name=\"robots\" content=\"index, follow, max-snippet:-1, max-image-preview:large, max-video-preview:-1\" \/>\n<link rel=\"canonical\" href=\"https:\/\/charleroi-pourlapalestine.be\/index.php\/2020\/06\/30\/pour-certains-les-gazaouis-ne-sont-pas-des-etres-humains\/\" \/>\n<script type=\"application\/ld+json\" class=\"yoast-schema-graph\">{\"@context\":\"https:\\\/\\\/schema.org\",\"@graph\":[{\"@type\":\"Article\",\"@id\":\"https:\\\/\\\/charleroi-pourlapalestine.be\\\/index.php\\\/2020\\\/06\\\/30\\\/pour-certains-les-gazaouis-ne-sont-pas-des-etres-humains\\\/#article\",\"isPartOf\":{\"@id\":\"https:\\\/\\\/charleroi-pourlapalestine.be\\\/index.php\\\/2020\\\/06\\\/30\\\/pour-certains-les-gazaouis-ne-sont-pas-des-etres-humains\\\/\"},\"author\":{\"name\":\"admin1873\",\"@id\":\"https:\\\/\\\/charleroi-pourlapalestine.be\\\/#\\\/schema\\\/person\\\/c19ff515112f1299d8c12671d8fe3faa\"},\"headline\":\"Pour certains, les Gazaouis ne sont pas des \u00eatres humains\",\"datePublished\":\"2020-06-30T14:36:37+00:00\",\"dateModified\":\"2020-06-30T14:43:24+00:00\",\"mainEntityOfPage\":{\"@id\":\"https:\\\/\\\/charleroi-pourlapalestine.be\\\/index.php\\\/2020\\\/06\\\/30\\\/pour-certains-les-gazaouis-ne-sont-pas-des-etres-humains\\\/\"},\"wordCount\":895,\"publisher\":{\"@id\":\"https:\\\/\\\/charleroi-pourlapalestine.be\\\/#organization\"},\"image\":{\"@id\":\"https:\\\/\\\/charleroi-pourlapalestine.be\\\/index.php\\\/2020\\\/06\\\/30\\\/pour-certains-les-gazaouis-ne-sont-pas-des-etres-humains\\\/#primaryimage\"},\"thumbnailUrl\":\"https:\\\/\\\/charleroi-pourlapalestine.be\\\/wp-content\\\/uploads\\\/2020\\\/06\\\/qNU2l2Yg-e1593527614257.jpeg\",\"articleSection\":[\"Etats-Unis\",\"Grande Marche du Retour\",\"J\u00e9rusalem\",\"Palestine\",\"R\u00e9sistance\"],\"inLanguage\":\"fr-FR\"},{\"@type\":\"WebPage\",\"@id\":\"https:\\\/\\\/charleroi-pourlapalestine.be\\\/index.php\\\/2020\\\/06\\\/30\\\/pour-certains-les-gazaouis-ne-sont-pas-des-etres-humains\\\/\",\"url\":\"https:\\\/\\\/charleroi-pourlapalestine.be\\\/index.php\\\/2020\\\/06\\\/30\\\/pour-certains-les-gazaouis-ne-sont-pas-des-etres-humains\\\/\",\"name\":\"Pour certains, les Gazaouis ne sont pas des \u00eatres humains\",\"isPartOf\":{\"@id\":\"https:\\\/\\\/charleroi-pourlapalestine.be\\\/#website\"},\"primaryImageOfPage\":{\"@id\":\"https:\\\/\\\/charleroi-pourlapalestine.be\\\/index.php\\\/2020\\\/06\\\/30\\\/pour-certains-les-gazaouis-ne-sont-pas-des-etres-humains\\\/#primaryimage\"},\"image\":{\"@id\":\"https:\\\/\\\/charleroi-pourlapalestine.be\\\/index.php\\\/2020\\\/06\\\/30\\\/pour-certains-les-gazaouis-ne-sont-pas-des-etres-humains\\\/#primaryimage\"},\"thumbnailUrl\":\"https:\\\/\\\/charleroi-pourlapalestine.be\\\/wp-content\\\/uploads\\\/2020\\\/06\\\/qNU2l2Yg-e1593527614257.jpeg\",\"datePublished\":\"2020-06-30T14:36:37+00:00\",\"dateModified\":\"2020-06-30T14:43:24+00:00\",\"description\":\"Ceux qui pr\u00e9tendent que le transfert de l\u2019ambassade \u00e0 J\u00e9rusalem s\u2019est fait sans douleur ne pensent pas que les Gazaouis sont des \u00eatres humains\",\"breadcrumb\":{\"@id\":\"https:\\\/\\\/charleroi-pourlapalestine.be\\\/index.php\\\/2020\\\/06\\\/30\\\/pour-certains-les-gazaouis-ne-sont-pas-des-etres-humains\\\/#breadcrumb\"},\"inLanguage\":\"fr-FR\",\"potentialAction\":[{\"@type\":\"ReadAction\",\"target\":[\"https:\\\/\\\/charleroi-pourlapalestine.be\\\/index.php\\\/2020\\\/06\\\/30\\\/pour-certains-les-gazaouis-ne-sont-pas-des-etres-humains\\\/\"]}]},{\"@type\":\"ImageObject\",\"inLanguage\":\"fr-FR\",\"@id\":\"https:\\\/\\\/charleroi-pourlapalestine.be\\\/index.php\\\/2020\\\/06\\\/30\\\/pour-certains-les-gazaouis-ne-sont-pas-des-etres-humains\\\/#primaryimage\",\"url\":\"https:\\\/\\\/charleroi-pourlapalestine.be\\\/wp-content\\\/uploads\\\/2020\\\/06\\\/qNU2l2Yg-e1593527614257.jpeg\",\"contentUrl\":\"https:\\\/\\\/charleroi-pourlapalestine.be\\\/wp-content\\\/uploads\\\/2020\\\/06\\\/qNU2l2Yg-e1593527614257.jpeg\"},{\"@type\":\"BreadcrumbList\",\"@id\":\"https:\\\/\\\/charleroi-pourlapalestine.be\\\/index.php\\\/2020\\\/06\\\/30\\\/pour-certains-les-gazaouis-ne-sont-pas-des-etres-humains\\\/#breadcrumb\",\"itemListElement\":[{\"@type\":\"ListItem\",\"position\":1,\"name\":\"Accueil\",\"item\":\"https:\\\/\\\/charleroi-pourlapalestine.be\\\/\"},{\"@type\":\"ListItem\",\"position\":2,\"name\":\"Pour certains, les Gazaouis ne sont pas des \u00eatres humains\"}]},{\"@type\":\"WebSite\",\"@id\":\"https:\\\/\\\/charleroi-pourlapalestine.be\\\/#website\",\"url\":\"https:\\\/\\\/charleroi-pourlapalestine.be\\\/\",\"name\":\"Charleroi Pour la Palestine\",\"description\":\"\",\"publisher\":{\"@id\":\"https:\\\/\\\/charleroi-pourlapalestine.be\\\/#organization\"},\"potentialAction\":[{\"@type\":\"SearchAction\",\"target\":{\"@type\":\"EntryPoint\",\"urlTemplate\":\"https:\\\/\\\/charleroi-pourlapalestine.be\\\/?s={search_term_string}\"},\"query-input\":{\"@type\":\"PropertyValueSpecification\",\"valueRequired\":true,\"valueName\":\"search_term_string\"}}],\"inLanguage\":\"fr-FR\"},{\"@type\":\"Organization\",\"@id\":\"https:\\\/\\\/charleroi-pourlapalestine.be\\\/#organization\",\"name\":\"Plate-forme Charleroi-Palestine\",\"url\":\"https:\\\/\\\/charleroi-pourlapalestine.be\\\/\",\"logo\":{\"@type\":\"ImageObject\",\"inLanguage\":\"fr-FR\",\"@id\":\"https:\\\/\\\/charleroi-pourlapalestine.be\\\/#\\\/schema\\\/logo\\\/image\\\/\",\"url\":\"https:\\\/\\\/charleroi-pourlapalestine.be\\\/wp-content\\\/uploads\\\/2020\\\/01\\\/logo-Copy.jpg\",\"contentUrl\":\"https:\\\/\\\/charleroi-pourlapalestine.be\\\/wp-content\\\/uploads\\\/2020\\\/01\\\/logo-Copy.jpg\",\"width\":180,\"height\":180,\"caption\":\"Plate-forme Charleroi-Palestine\"},\"image\":{\"@id\":\"https:\\\/\\\/charleroi-pourlapalestine.be\\\/#\\\/schema\\\/logo\\\/image\\\/\"},\"sameAs\":[\"https:\\\/\\\/www.facebook.com\\\/PlateformeCharleroiPalestine\\\/\",\"https:\\\/\\\/x.com\\\/LaCharleroi\"]},{\"@type\":\"Person\",\"@id\":\"https:\\\/\\\/charleroi-pourlapalestine.be\\\/#\\\/schema\\\/person\\\/c19ff515112f1299d8c12671d8fe3faa\",\"name\":\"admin1873\",\"url\":\"https:\\\/\\\/charleroi-pourlapalestine.be\\\/index.php\\\/author\\\/admin1873\\\/\"}]}<\/script>\n<!-- \/ Yoast SEO plugin. -->","yoast_head_json":{"title":"Pour certains, les Gazaouis ne sont pas des \u00eatres humains","description":"Ceux qui pr\u00e9tendent que le transfert de l\u2019ambassade \u00e0 J\u00e9rusalem s\u2019est fait sans douleur ne pensent pas que les Gazaouis sont des \u00eatres humains","robots":{"index":"index","follow":"follow","max-snippet":"max-snippet:-1","max-image-preview":"max-image-preview:large","max-video-preview":"max-video-preview:-1"},"canonical":"https:\/\/charleroi-pourlapalestine.be\/index.php\/2020\/06\/30\/pour-certains-les-gazaouis-ne-sont-pas-des-etres-humains\/","schema":{"@context":"https:\/\/schema.org","@graph":[{"@type":"Article","@id":"https:\/\/charleroi-pourlapalestine.be\/index.php\/2020\/06\/30\/pour-certains-les-gazaouis-ne-sont-pas-des-etres-humains\/#article","isPartOf":{"@id":"https:\/\/charleroi-pourlapalestine.be\/index.php\/2020\/06\/30\/pour-certains-les-gazaouis-ne-sont-pas-des-etres-humains\/"},"author":{"name":"admin1873","@id":"https:\/\/charleroi-pourlapalestine.be\/#\/schema\/person\/c19ff515112f1299d8c12671d8fe3faa"},"headline":"Pour certains, les Gazaouis ne sont pas des \u00eatres humains","datePublished":"2020-06-30T14:36:37+00:00","dateModified":"2020-06-30T14:43:24+00:00","mainEntityOfPage":{"@id":"https:\/\/charleroi-pourlapalestine.be\/index.php\/2020\/06\/30\/pour-certains-les-gazaouis-ne-sont-pas-des-etres-humains\/"},"wordCount":895,"publisher":{"@id":"https:\/\/charleroi-pourlapalestine.be\/#organization"},"image":{"@id":"https:\/\/charleroi-pourlapalestine.be\/index.php\/2020\/06\/30\/pour-certains-les-gazaouis-ne-sont-pas-des-etres-humains\/#primaryimage"},"thumbnailUrl":"https:\/\/charleroi-pourlapalestine.be\/wp-content\/uploads\/2020\/06\/qNU2l2Yg-e1593527614257.jpeg","articleSection":["Etats-Unis","Grande Marche du Retour","J\u00e9rusalem","Palestine","R\u00e9sistance"],"inLanguage":"fr-FR"},{"@type":"WebPage","@id":"https:\/\/charleroi-pourlapalestine.be\/index.php\/2020\/06\/30\/pour-certains-les-gazaouis-ne-sont-pas-des-etres-humains\/","url":"https:\/\/charleroi-pourlapalestine.be\/index.php\/2020\/06\/30\/pour-certains-les-gazaouis-ne-sont-pas-des-etres-humains\/","name":"Pour certains, les Gazaouis ne sont pas des \u00eatres humains","isPartOf":{"@id":"https:\/\/charleroi-pourlapalestine.be\/#website"},"primaryImageOfPage":{"@id":"https:\/\/charleroi-pourlapalestine.be\/index.php\/2020\/06\/30\/pour-certains-les-gazaouis-ne-sont-pas-des-etres-humains\/#primaryimage"},"image":{"@id":"https:\/\/charleroi-pourlapalestine.be\/index.php\/2020\/06\/30\/pour-certains-les-gazaouis-ne-sont-pas-des-etres-humains\/#primaryimage"},"thumbnailUrl":"https:\/\/charleroi-pourlapalestine.be\/wp-content\/uploads\/2020\/06\/qNU2l2Yg-e1593527614257.jpeg","datePublished":"2020-06-30T14:36:37+00:00","dateModified":"2020-06-30T14:43:24+00:00","description":"Ceux qui pr\u00e9tendent que le transfert de l\u2019ambassade \u00e0 J\u00e9rusalem s\u2019est fait sans douleur ne pensent pas que les Gazaouis sont des \u00eatres humains","breadcrumb":{"@id":"https:\/\/charleroi-pourlapalestine.be\/index.php\/2020\/06\/30\/pour-certains-les-gazaouis-ne-sont-pas-des-etres-humains\/#breadcrumb"},"inLanguage":"fr-FR","potentialAction":[{"@type":"ReadAction","target":["https:\/\/charleroi-pourlapalestine.be\/index.php\/2020\/06\/30\/pour-certains-les-gazaouis-ne-sont-pas-des-etres-humains\/"]}]},{"@type":"ImageObject","inLanguage":"fr-FR","@id":"https:\/\/charleroi-pourlapalestine.be\/index.php\/2020\/06\/30\/pour-certains-les-gazaouis-ne-sont-pas-des-etres-humains\/#primaryimage","url":"https:\/\/charleroi-pourlapalestine.be\/wp-content\/uploads\/2020\/06\/qNU2l2Yg-e1593527614257.jpeg","contentUrl":"https:\/\/charleroi-pourlapalestine.be\/wp-content\/uploads\/2020\/06\/qNU2l2Yg-e1593527614257.jpeg"},{"@type":"BreadcrumbList","@id":"https:\/\/charleroi-pourlapalestine.be\/index.php\/2020\/06\/30\/pour-certains-les-gazaouis-ne-sont-pas-des-etres-humains\/#breadcrumb","itemListElement":[{"@type":"ListItem","position":1,"name":"Accueil","item":"https:\/\/charleroi-pourlapalestine.be\/"},{"@type":"ListItem","position":2,"name":"Pour certains, les Gazaouis ne sont pas des \u00eatres humains"}]},{"@type":"WebSite","@id":"https:\/\/charleroi-pourlapalestine.be\/#website","url":"https:\/\/charleroi-pourlapalestine.be\/","name":"Charleroi Pour la Palestine","description":"","publisher":{"@id":"https:\/\/charleroi-pourlapalestine.be\/#organization"},"potentialAction":[{"@type":"SearchAction","target":{"@type":"EntryPoint","urlTemplate":"https:\/\/charleroi-pourlapalestine.be\/?s={search_term_string}"},"query-input":{"@type":"PropertyValueSpecification","valueRequired":true,"valueName":"search_term_string"}}],"inLanguage":"fr-FR"},{"@type":"Organization","@id":"https:\/\/charleroi-pourlapalestine.be\/#organization","name":"Plate-forme Charleroi-Palestine","url":"https:\/\/charleroi-pourlapalestine.be\/","logo":{"@type":"ImageObject","inLanguage":"fr-FR","@id":"https:\/\/charleroi-pourlapalestine.be\/#\/schema\/logo\/image\/","url":"https:\/\/charleroi-pourlapalestine.be\/wp-content\/uploads\/2020\/01\/logo-Copy.jpg","contentUrl":"https:\/\/charleroi-pourlapalestine.be\/wp-content\/uploads\/2020\/01\/logo-Copy.jpg","width":180,"height":180,"caption":"Plate-forme Charleroi-Palestine"},"image":{"@id":"https:\/\/charleroi-pourlapalestine.be\/#\/schema\/logo\/image\/"},"sameAs":["https:\/\/www.facebook.com\/PlateformeCharleroiPalestine\/","https:\/\/x.com\/LaCharleroi"]},{"@type":"Person","@id":"https:\/\/charleroi-pourlapalestine.be\/#\/schema\/person\/c19ff515112f1299d8c12671d8fe3faa","name":"admin1873","url":"https:\/\/charleroi-pourlapalestine.be\/index.php\/author\/admin1873\/"}]}},"_links":{"self":[{"href":"https:\/\/charleroi-pourlapalestine.be\/index.php\/wp-json\/wp\/v2\/posts\/14804","targetHints":{"allow":["GET"]}}],"collection":[{"href":"https:\/\/charleroi-pourlapalestine.be\/index.php\/wp-json\/wp\/v2\/posts"}],"about":[{"href":"https:\/\/charleroi-pourlapalestine.be\/index.php\/wp-json\/wp\/v2\/types\/post"}],"author":[{"embeddable":true,"href":"https:\/\/charleroi-pourlapalestine.be\/index.php\/wp-json\/wp\/v2\/users\/1"}],"replies":[{"embeddable":true,"href":"https:\/\/charleroi-pourlapalestine.be\/index.php\/wp-json\/wp\/v2\/comments?post=14804"}],"version-history":[{"count":0,"href":"https:\/\/charleroi-pourlapalestine.be\/index.php\/wp-json\/wp\/v2\/posts\/14804\/revisions"}],"wp:attachment":[{"href":"https:\/\/charleroi-pourlapalestine.be\/index.php\/wp-json\/wp\/v2\/media?parent=14804"}],"wp:term":[{"taxonomy":"category","embeddable":true,"href":"https:\/\/charleroi-pourlapalestine.be\/index.php\/wp-json\/wp\/v2\/categories?post=14804"},{"taxonomy":"post_tag","embeddable":true,"href":"https:\/\/charleroi-pourlapalestine.be\/index.php\/wp-json\/wp\/v2\/tags?post=14804"}],"curies":[{"name":"wp","href":"https:\/\/api.w.org\/{rel}","templated":true}]}}