{"id":14816,"date":"2020-07-01T08:04:04","date_gmt":"2020-07-01T06:04:04","guid":{"rendered":"https:\/\/charleroi-pourlapalestine.be\/?p=14816"},"modified":"2020-07-01T08:27:35","modified_gmt":"2020-07-01T06:27:35","slug":"honaida-ghanim-lannexion-a-refait-de-la-lutte-palestinienne-un-combat-anticolonial","status":"publish","type":"post","link":"https:\/\/charleroi-pourlapalestine.be\/index.php\/2020\/07\/01\/honaida-ghanim-lannexion-a-refait-de-la-lutte-palestinienne-un-combat-anticolonial\/","title":{"rendered":"Honaida Ghanim : <em>\u00ab L&rsquo;annexion a refait de la lutte palestinienne un combat anticolonial \u00bb<\/em>"},"content":{"rendered":"<p><strong>La Dre Honaida Ghanim croit que, s&rsquo;il va \u00eatre malais\u00e9 d&#8217;emp\u00eacher l&rsquo;annexion, ce moment pr\u00e9sente n\u00e9anmoins une possibilit\u00e9 de ramener la lutte \u00e0 ses premiers fondements.<\/strong><\/p>\n<p>Par <a href=\"https:\/\/charleroi-pourlapalestine.be\/index.php\/tag\/meron-rapoport\/\">Meron Rapoport<\/a>, 23 juin 2020<\/p>\n<div id=\"attachment_14819\" style=\"width: 489px\" class=\"wp-caption aligncenter\"><img loading=\"lazy\" decoding=\"async\" aria-describedby=\"caption-attachment-14819\" class=\"wp-image-14819 size-full\" src=\"https:\/\/charleroi-pourlapalestine.be\/wp-content\/uploads\/2020\/07\/Honaida-1000x668-1-e1593556937402.jpg\" alt=\"La Dre Honaida Ghanim, sociologue palestinienne. \u00ab&nbsp;Les cons\u00e9quences involontaires de l'annexion pourraient \u00eatre de cr\u00e9er de nouvelles conditions et de faire rena\u00eetre en nous la reconnaissance de ce que ce conflit est li\u00e9 au colonialisme.&nbsp;\u00bb (Photo&nbsp;: +972)\" width=\"479\" height=\"320\"><p id=\"caption-attachment-14819\" class=\"wp-caption-text\">La Dre Honaida Ghanim, sociologue palestinienne. \u00ab&nbsp;Les cons\u00e9quences involontaires de l&rsquo;annexion pourraient \u00eatre de cr\u00e9er de nouvelles conditions et de faire rena\u00eetre en nous la reconnaissance de ce que ce conflit est li\u00e9 au colonialisme.&nbsp;\u00bb (Photo&nbsp;: +972)<\/p><\/div>\n<p>Enfant, la Dre <strong>Honaida Ghanim<\/strong> participait \u00e0 un jeu avec ses amis&nbsp;: ils passaient d&rsquo;un c\u00f4t\u00e9 \u00e0 l&rsquo;autre de la Ligne verte dans son village natal d&rsquo;al-Marja \u2013 pendant un instant, ils \u00e9taient des Arabes isra\u00e9liens, et l&rsquo;instant d&rsquo;apr\u00e8s, des Palestiniens.<\/p>\n<p><strong>Ghanim<\/strong>, aujourd&rsquo;hui une sociologue palestinienne de premier plan, recherche cette exp\u00e9rience liminale (en marge de la perception et malais\u00e9e \u00e0 d\u00e9finir, NdT) des <strong>citoyens palestiniens d&rsquo;Isra\u00ebl<\/strong> qui, en eux-m\u00eames, repr\u00e9sentent des fronti\u00e8res, n&rsquo;\u00e9tant ni ici, ni l\u00e0. Son livre sur la question,<em><strong> \u00ab&nbsp;Reinventing the Nation&nbsp;: Palestinian Intellectuals and Persons of Pen in Israel, 1948-2000&nbsp;\u00bb<\/strong> (R\u00e9inventer la nation&nbsp;: intellectuels et gens de lettres en Isra\u00ebl, 1948-2000<\/em>), s&rsquo;appuie sur sa th\u00e8se de doctorat.<\/p>\n<p>Ghanim elle-m\u00eame incarne cette liminarit\u00e9, en vivant \u00e0 Ramallah et en enseignant au <strong>Forum palestinien des \u00c9tudes isra\u00e9liennes (MADAR)<\/strong>. Bien au fait de la politique palestinienne des deux c\u00f4t\u00e9s de la Ligne verte et tout aussi au fait de la politique juive isra\u00e9lienne, les recherches et les id\u00e9es de Ghanim ont model\u00e9 sa perspective de l&rsquo;annexion. Alors qu&rsquo;elle fait remarquer que la Ligne verte a \u00e9t\u00e9 supprim\u00e9e voici quelque temps et que l&rsquo;annexion est d\u00e9j\u00e0 en cours, elle per\u00e7oit n\u00e9anmoins une possibilit\u00e9 pour la lutte palestinienne de retourner \u00e0 ses racines, c&rsquo;est-\u00e0-dire dans l&rsquo;anticolonialisme et la justice.<\/p>\n<h4><strong>Les Palestiniens peuvent-ils emp\u00eacher l&rsquo;annexion&nbsp;?<\/strong><\/h4>\n<blockquote><p>\u00ab Les conditions r\u00e9gionales et mondiales, ainsi que les divisions internes palestiniennes \u2013 entre le Fatah et le Hamas, entre Gaza et la Cisjordanie \u2013 ont cr\u00e9\u00e9 une situation probl\u00e9matique qui ne favorise pas les Palestiniens. La volont\u00e9 de la communaut\u00e9 internationale d&#8217;emp\u00eacher l&rsquo;annexion est limit\u00e9e, alors que les Am\u00e9ricains la soutiennent. L&rsquo;intersection de tous ces facteurs signifie qu&rsquo;il sera tr\u00e8s malais\u00e9 d&#8217;emp\u00eacher l&rsquo;annexion.<\/p>\n<p>\u00ab&nbsp;N\u00e9anmoins, <strong>une solution alternative \u00e0 long terme<\/strong> est apparue et elle repose sur la justice plut\u00f4t que sur la notion d&rsquo;\u00c9tat. Les cons\u00e9quences involontaires de l&rsquo;annexion pourraient \u00eatre de cr\u00e9er de nouvelles conditions et de faire rena\u00eetre en nous la reconnaissance de ce que<strong> ce conflit est li\u00e9 au colonialisme<\/strong> \u2013 le projet <em>\u00ab&nbsp;moins d&rsquo;Arabes, plus de terre&nbsp;\u00bb<\/em> visant \u00e0 forcer les Palestiniens \u00e0 s&rsquo;en aller. Mais cette tentative d&rsquo;effacer les Palestiniens a \u00e9chou\u00e9.\u00bb<\/p><\/blockquote>\n<h4>Il semble, au contraire, qu&rsquo;elle ait r\u00e9ussi&#8230;<\/h4>\n<blockquote><p>\u00ab&nbsp;Apr\u00e8s 1967, il aurait \u00e9t\u00e9 possible de r\u00e9soudre le conflit sur la base de deux \u00c9tats pour deux peuples. Il aurait pu y avoir un accord entre les Palestiniens et les Isra\u00e9liens, avec Isra\u00ebl recevant une l\u00e9gitimit\u00e9 en tant qu&rsquo;\u00c9tat. Il \u00e9tait tr\u00e8s difficile pour les Palestiniens de renoncer \u00e0 78 pour 100 de leur patrie. Mais la logique isra\u00e9lienne de l&rsquo;implantation l&rsquo;a emport\u00e9 sur tout le reste.<\/p>\n<p>\u00ab&nbsp;Cette logique de la cannibalisation [du territoire] a ramen\u00e9 la lutte \u00e0 son essence anticoloniale, plut\u00f4t qu&rsquo;\u00e0 une lutte pour un \u00c9tat. C&rsquo;est une lutte pour la justice et la libert\u00e9.&nbsp;\u00bb<\/p>\n<p>\u00ab&nbsp;Le projet sioniste est parvenu \u00e0 \u00e9tablir un \u00c9tat s&rsquo;appuyant sur le mod\u00e8le d&rsquo;un peuple autochtone [sur sa terre]. Les Palestiniens ont per\u00e7u la chose comme un projet colonial, y compris apr\u00e8s 1967, mais se sont mis \u00e0 chercher une solution s&rsquo;appuyant sur le dialogue. Les choses se sont d\u00e9velopp\u00e9es en direction de la solution \u00e0 deux \u00c9tats. Il y avait une opposition, mais la direction de l&rsquo;Organisation de lib\u00e9ration de la Palestine a continu\u00e9 \u00e0 descendre le long de cette voie.<\/p>\n<p>\u00ab&nbsp;La guerre de 1967 [des Six-Jours] pr\u00e9sentait une option de blanchiment de ce projet via un accord avec le peuple autochtone. Mais la combinaison des forces religieuses, nationales et d&rsquo;implantation en Isra\u00ebl s&rsquo;est amplifi\u00e9e et nous a ramen\u00e9s en 1948.<\/p>\n<p>\u00ab&nbsp;Il y a quelques rares solutions au colonialisme d&rsquo;implantation. L&rsquo;une est ce que <strong>l&rsquo;Alg\u00e9rie<\/strong> a fait, et je sais que cela ne se produira pas ici. Une autre solution est le g\u00e9nocide, comme il a eu lieu en Am\u00e9rique, et un autre mod\u00e8le est l&rsquo;<strong>Afrique du Sud<\/strong>.<\/p>\n<p>\u00ab&nbsp;Trump sugg\u00e8re [quelque chose qui ressemble \u00e0] l&rsquo;Afrique du Sud de l&rsquo;apartheid, un mod\u00e8le d&rsquo;implantation dans sa forme la plus r\u00e9trograde, qui enferme les gens dans des cages. Mais personne n&rsquo;a l&rsquo;intention de l&rsquo;acheter, pas m\u00eame la droite.<\/p>\n<p>\u00ab<strong>&nbsp;L&rsquo;annexion, c&rsquo;est <em>\u00ab&nbsp;moins d&rsquo;Arabes, plus de terre&nbsp;\u00bb<\/em>.<\/strong> La terre est la forme de capital la plus importante. Le but consiste \u00e0 trouver un arrangement pour les Arabes. <strong>L&rsquo;expulsion et le transfert, qui \u00e9taient possibles en 1948, ne le sont plus aujourd&rsquo;hui<\/strong>. En lieu et place, [les Palestiniens se voient proposer] l&rsquo;autonomie et des bantoustans, qui ont constitu\u00e9 le stade final de l&rsquo;apartheid avant sa chute.&nbsp;\u00bb<\/p>\n<p>\u00ab&nbsp;Les fronti\u00e8res sont compl\u00e8tement brouill\u00e9es. La Loi de l&rsquo;\u00c9tat-nation juif et le plan de transfert du Triangle [vers un futur \u00c9tat palestinien potentiel] font partie de cet embrouillamini. La Ligne verte ne repr\u00e9sente absolument plus rien. Mais <strong>l&#8217;embrouillement des fronti\u00e8res aide les Palestiniens \u00e0 s&rsquo;unir, \u00e0 s&rsquo;organiser bien au-del\u00e0 d&rsquo;une fronti\u00e8re politique qu&rsquo;Isra\u00ebl a mise en place en faveur de l&rsquo;apartheid.<\/strong>&nbsp;\u00bb<\/p><\/blockquote>\n<h4>Quel est le r\u00f4le des citoyens palestiniens d&rsquo;Isra\u00ebl, ici&nbsp;?<\/h4>\n<blockquote><p>\u00ab&nbsp;Dans mon doctorat, j&rsquo;ai \u00e9crit sur le r\u00f4le des intellectuels palestiniens et leur situation liminale. Ils \u00e9voluent dans de nombreux milieux mais ne sont des partenaires \u00e0 part enti\u00e8re dans aucun. Ils participent sous la banni\u00e8re de leur exceptionnalisme. Ils sont citoyens d&rsquo;Isra\u00ebl, mais pas enti\u00e8rement. Ils sont palestiniens mais pas suppos\u00e9s faire partie de quelque \u00c9tat palestinien que ce soit. Ils ne sont chez eux nulle part et sont en m\u00eame temps chez eux partout.<\/p>\n<p>\u00ab J&rsquo;observe ce qui se passe avec les Palestiniens en Isra\u00ebl \u2013 les manifestations \u00e0 Jaffa et \u00e0 Ha\u00effa, l&rsquo;identification \u00e0 Iyad al-Hallaq, la manifestation \u00e0 Tel-Aviv. Ces processus sont tous connect\u00e9s les uns aux autres. <strong>Les Palestiniens en Isra\u00ebl doivent ouvrir et dissoudre les fronti\u00e8res.<\/strong><\/p><\/blockquote>\n<div id=\"attachment_14826\" style=\"width: 490px\" class=\"wp-caption aligncenter\"><img loading=\"lazy\" decoding=\"async\" aria-describedby=\"caption-attachment-14826\" class=\"wp-image-14826 size-full\" src=\"https:\/\/charleroi-pourlapalestine.be\/wp-content\/uploads\/2020\/07\/Palestinian-e1593583175569.jpeg\" alt=\"Des milliers de manifestants isra\u00e9liens et palestiniens participent \u00e0 une manifestation au square Rabin contre le plan d'annexion du gouvernement. Tel-Aviv, le 6 juin 2020. (Photo : Oren Ziv)\" width=\"480\" height=\"320\"><p id=\"caption-attachment-14826\" class=\"wp-caption-text\">Des milliers de manifestants isra\u00e9liens et palestiniens participent \u00e0 une manifestation au square Rabin contre le plan d&rsquo;annexion du gouvernement. Tel-Aviv, le 6 juin 2020. (Photo : Oren Ziv)<\/p><\/div>\n<blockquote><p>\u00ab&nbsp;Apr\u00e8s tout, que s&rsquo;est-il pass\u00e9, en Isra\u00ebl&nbsp;? Les juifs sont devenus une race, le juda\u00efsme est devenu un processus de racialisation. La t\u00e2che des Palestiniens en Isra\u00ebl consiste \u00e0 se d\u00e9barrasser des fronti\u00e8res raciales, de remballer le colonialisme, d&rsquo;\u00e9largir la discussion sur les droits et la justice, en lieu et place de ce qui se passe aujourd&rsquo;hui.&nbsp;\u00bb<\/p><\/blockquote>\n<h4>Les Palestiniens en Isra\u00ebl seront-ils capables d&rsquo;assumer un r\u00f4le pr\u00e9pond\u00e9rant&nbsp;?<\/h4>\n<blockquote><p>\u00ab&nbsp;La lutte palestinienne <strong>a d\u00e9but\u00e9 dans la diaspora, dans les camps de r\u00e9fugi\u00e9s<\/strong>, elle s&rsquo;est d\u00e9plac\u00e9e vers <strong>le Liban et la Jordanie<\/strong>, puis est all\u00e9e <strong>en Cisjordanie et \u00e0 Gaza<\/strong> lors de la Premi\u00e8re Intifada. <strong>Le centre de gravit\u00e9 se d\u00e9place aujourd&rsquo;hui vers les Palestiniens en Isra\u00ebl<\/strong>. Pas sous la m\u00eame forme et sans utiliser les m\u00eames outils, mais c&rsquo;est <strong>le m\u00eame combat<\/strong> \u2013 qui adopte des mod\u00e8les et aspects diff\u00e9rents selon le d\u00e9veloppement du projet sioniste.<\/p>\n<p>\u00ab&nbsp;La Loi de l&rsquo;\u00c9tat-nation juif a cr\u00e9\u00e9 Isra\u00ebl sur base de la race et les Palestiniens ont \u00e9t\u00e9 exclus de la citoyennet\u00e9 sur la m\u00eame base. La bataille contre eux s&rsquo;est intensifi\u00e9e au fur et \u00e0 mesure qu&rsquo;ils sont devenus plus forts. Mais, malgr\u00e9 les circonstances actuelles, les Palestiniens en Isra\u00ebl font partie du corps politique \u2013 ils peuvent participer aux \u00e9lections et b\u00e9n\u00e9ficient d&rsquo;une relative libert\u00e9. Ils sont un peu comme la communaut\u00e9 de couleur en Afrique du Sud, et cela leur permet de constituer des coalitions avec les groupes juifs progressistes. Leur liminarit\u00e9 le permet.&nbsp;\u00bb<\/p><\/blockquote>\n<h4>Revenons \u00e0 l&rsquo;annexion. Pensez-vous que l&rsquo;Autorit\u00e9 palestinienne va s&rsquo;effrondrer quand elle aura lieu&nbsp;?<\/h4>\n<blockquote><p>Le maintien de l&rsquo;Autorit\u00e9 palestinienne est \u00e0 coup s\u00fbr dans l&rsquo;int\u00e9r\u00eat d&rsquo;Isra\u00ebl. <strong>Isra\u00ebl veut que l&rsquo;AP survive<\/strong>, de sorte qu&rsquo;elle puisse servir de sous-traitant au profit de la s\u00e9curit\u00e9 isra\u00e9lienne. Apr\u00e8s tout, qui veut collecter les immondices dans les camps de r\u00e9fugi\u00e9s&nbsp;?<\/p>\n<p>\u00ab&nbsp;Mais je ne pense pas non plus que les Palestiniens veulent que l&rsquo;AP s&rsquo;\u00e9croule, ils ne veulent tout simplement pas qu&rsquo;elle agisse comme sous-traitant d&rsquo;Isra\u00ebl. La meilleure option serait de r\u00e9tablir les institutions de l&rsquo;OLP en tant qu&rsquo;organisation politique et de transformer l&rsquo;AP en quelque chose qui serait davantage un corps municipal veillant aux besoins des Palestiniens. De toute fa\u00e7on, c&rsquo;est pr\u00e9cis\u00e9ment ce qui s&rsquo;est pass\u00e9 durant la p\u00e9riode du coronavirus.<\/p>\n<p>\u00ab&nbsp;Je ne veux pas que les soldats isra\u00e9liens retournent \u00e0 la place Manara [\u00e0 Ramallah]. Je veux que les soldats isra\u00e9liens quittent la Cisjordanie.&nbsp;\u00bb<\/p><\/blockquote>\n<h4>L&rsquo;AP est-elle pr\u00eate \u00e0 affronter l&rsquo;annexion&nbsp;?<\/h4>\n<blockquote><p>\u00ab&nbsp;La situation est tr\u00e8s ind\u00e9cise. Le tableau \u00e9conomique est tr\u00e8s peu engageant. Les gens n&rsquo;ont pas re\u00e7u leurs ch\u00e8ques de paie, ce mois-ci. Ainsi donc, le point de d\u00e9part est tr\u00e8s bas.<\/p>\n<p>\u00ab&nbsp;Je ne sais pas si le gouvernement [palestinien] a un plan. Il y a une tentative de provoquer une crise, la premi\u00e8re depuis Oslo. Il y a de la col\u00e8re, contre l&rsquo;AP. Le sentiment est qu&rsquo;ils ont n\u00e9goci\u00e9 pendant 25 ans et qu&rsquo;ils ont tromp\u00e9 les gens. <strong>Chaque concession qu&rsquo;ils ont faite a donn\u00e9 naissance \u00e0 une nouvelle colonie.<\/strong> Je n&rsquo;envie pas l&rsquo;AP \u2013 Mahmoud Abbas s&rsquo;est install\u00e9 \u00e0 l&rsquo;aise et il a insist\u00e9 sur le fait qu&rsquo;il voulait la paix et il a \u00e9t\u00e9 critiqu\u00e9 tout le temps. Les gens lui ont dit&nbsp;: <strong><em>vous, vous parlez de paix&nbsp;; eux, ils parlent de colonies<\/em><\/strong>.<\/p>\n<p>\u00ab&nbsp;O\u00f9 cela va-t-il&nbsp;? Cela d\u00e9pend de la fa\u00e7on dont la communaut\u00e9 internationale agira. Elle a soutenu le processus diplomatique et il lui faut maintenant en affronter les cons\u00e9quences.&nbsp;\u00bb<\/p><\/blockquote>\n<h4>Et quid si l&rsquo;annexion est \u00e9vit\u00e9e&nbsp;? Reviendrons-nous au statu quo&nbsp;?<\/h4>\n<blockquote><p>\u00ab&nbsp;Un nouveau processus a d\u00e9marr\u00e9 et il sera difficile de l&rsquo;arr\u00eater. <strong>Le plan d&rsquo;annexion vise essentiellement \u00e0 transformer une situation de facto en une situation de jure.<\/strong> Ce qui se passe en Cisjordanie aujourd&rsquo;hui va au-del\u00e0 de la r\u00e9pression. M\u00eame si le processus [d&rsquo;annexion] est arr\u00eat\u00e9, la situation sur le terrain restera intol\u00e9rable, selon une perspective humaniste.&nbsp;\u00bb<\/p><\/blockquote>\n<h4>Est-il possible de revenir au processus de paix d&rsquo;Oslo&nbsp;?<\/h4>\n<blockquote><p>\u00ab&nbsp;Ce serait encore plus difficile, m\u00eame. Si vous voulez une solution \u00e0 deux \u00c9tats, il vous faut impliquer la communaut\u00e9 internationale. Je ne vois pas cela se faire. Je ne pense pas qu&rsquo;elle soit pr\u00eate \u00e0 mettre Isra\u00ebl sous pression.<\/p>\n<p>\u00ab&nbsp;Mais les Palestiniens y sont oppos\u00e9s. Ils sont oppos\u00e9s [au sionisme] depuis 1917 [l&rsquo;ann\u00e9e de la D\u00e9claration Balfour] jusqu&rsquo;\u00e0 ce jour. Ils ont \u00e9t\u00e9 battus. Il vous faut \u00e9galement regarder ce qui se passe un peu partout dans le monde, en Europe et aux \u00c9tats-Unis. Nous ne sommes pas isol\u00e9s. Il y a une combat mondial entre un discours populiste et un discours sur la justice et les droits humains. Le discours palestinien emprunte cette voie lui aussi.&nbsp;\u00bb<\/p><\/blockquote>\n<h4>Si arr\u00eater l&rsquo;annexion signifie un retour au statu quo, pr\u00e9f\u00e9reriez-vous que la chose aille de l&rsquo;avant&nbsp;?<\/h4>\n<blockquote><p>\u00ab&nbsp;Je ne veux vraiment pas que l&rsquo;annexion ait lieu. Je ne suis pas de ces gens qui appellent la venue d&rsquo;une crise plus grave encore. Nous n&rsquo;avons nul besoin de voir encore plus de d\u00e9t\u00e9rioration qu&rsquo;il n&rsquo;y en a d\u00e9j\u00e0 aujourd&rsquo;hui.&nbsp;\u00bb<\/p><\/blockquote>\n<hr>\n<p>Publi\u00e9 le 23 juin 2020 sur <a href=\"https:\/\/www.972mag.com\/honaida-ghanim-annexation-palestinian-anti-colonial\/?fbclid=IwAR2Iv3N9b0TFqKGcembzNei6SbrLwivPQmOSjBkwQgddeSaO5HFvUpWCPnM\" target=\"_blank\" rel=\"noopener noreferrer\">+972 Magazine<\/a><br \/>\nTraduction : Jean-Marie Fl\u00e9mal<\/p>\n","protected":false},"excerpt":{"rendered":"<p>Honaida Ghanim per\u00e7oit une possibilit\u00e9 pour la lutte palestinienne de retourner \u00e0 ses racines, c&rsquo;est-\u00e0-dire dans l&rsquo;anticolonialisme et la justice<\/p>\n","protected":false},"author":1,"featured_media":14819,"comment_status":"closed","ping_status":"closed","sticky":false,"template":"","format":"standard","meta":{"ngg_post_thumbnail":0,"footnotes":""},"categories":[496,7,4],"tags":[],"class_list":["post-14816","post","type-post","status-publish","format-standard","has-post-thumbnail","hentry","category-annexation","category-cisjordanie","category-les-palestiniens-de-48"],"yoast_head":"<!-- This site is optimized with the Yoast SEO plugin v27.3 - https:\/\/yoast.com\/product\/yoast-seo-wordpress\/ -->\n<title>Honaida Ghanim : \u00ab L&#039;annexion a refait de la lutte palestinienne un combat anticolonial \u00bb<\/title>\n<meta name=\"description\" content=\"Honaida Ghanim per\u00e7oit une possibilit\u00e9 pour la lutte palestinienne de retourner \u00e0 ses racines, c&#039;est-\u00e0-dire dans l&#039;anticolonialisme et la justice.\" \/>\n<meta name=\"robots\" content=\"index, follow, max-snippet:-1, max-image-preview:large, max-video-preview:-1\" \/>\n<link rel=\"canonical\" href=\"https:\/\/charleroi-pourlapalestine.be\/index.php\/2020\/07\/01\/honaida-ghanim-lannexion-a-refait-de-la-lutte-palestinienne-un-combat-anticolonial\/\" \/>\n<script type=\"application\/ld+json\" class=\"yoast-schema-graph\">{\"@context\":\"https:\\\/\\\/schema.org\",\"@graph\":[{\"@type\":\"Article\",\"@id\":\"https:\\\/\\\/charleroi-pourlapalestine.be\\\/index.php\\\/2020\\\/07\\\/01\\\/honaida-ghanim-lannexion-a-refait-de-la-lutte-palestinienne-un-combat-anticolonial\\\/#article\",\"isPartOf\":{\"@id\":\"https:\\\/\\\/charleroi-pourlapalestine.be\\\/index.php\\\/2020\\\/07\\\/01\\\/honaida-ghanim-lannexion-a-refait-de-la-lutte-palestinienne-un-combat-anticolonial\\\/\"},\"author\":{\"name\":\"admin1873\",\"@id\":\"https:\\\/\\\/charleroi-pourlapalestine.be\\\/#\\\/schema\\\/person\\\/c19ff515112f1299d8c12671d8fe3faa\"},\"headline\":\"Honaida Ghanim : \u00ab L&rsquo;annexion a refait de la lutte palestinienne un combat anticolonial \u00bb\",\"datePublished\":\"2020-07-01T06:04:04+00:00\",\"dateModified\":\"2020-07-01T06:27:35+00:00\",\"mainEntityOfPage\":{\"@id\":\"https:\\\/\\\/charleroi-pourlapalestine.be\\\/index.php\\\/2020\\\/07\\\/01\\\/honaida-ghanim-lannexion-a-refait-de-la-lutte-palestinienne-un-combat-anticolonial\\\/\"},\"wordCount\":2167,\"publisher\":{\"@id\":\"https:\\\/\\\/charleroi-pourlapalestine.be\\\/#organization\"},\"image\":{\"@id\":\"https:\\\/\\\/charleroi-pourlapalestine.be\\\/index.php\\\/2020\\\/07\\\/01\\\/honaida-ghanim-lannexion-a-refait-de-la-lutte-palestinienne-un-combat-anticolonial\\\/#primaryimage\"},\"thumbnailUrl\":\"https:\\\/\\\/charleroi-pourlapalestine.be\\\/wp-content\\\/uploads\\\/2020\\\/07\\\/Honaida-1000x668-1-e1593556937402.jpg\",\"articleSection\":[\"Annexion\",\"Cisjordanie\",\"Les Palestiniens de 48\"],\"inLanguage\":\"fr-FR\"},{\"@type\":\"WebPage\",\"@id\":\"https:\\\/\\\/charleroi-pourlapalestine.be\\\/index.php\\\/2020\\\/07\\\/01\\\/honaida-ghanim-lannexion-a-refait-de-la-lutte-palestinienne-un-combat-anticolonial\\\/\",\"url\":\"https:\\\/\\\/charleroi-pourlapalestine.be\\\/index.php\\\/2020\\\/07\\\/01\\\/honaida-ghanim-lannexion-a-refait-de-la-lutte-palestinienne-un-combat-anticolonial\\\/\",\"name\":\"Honaida Ghanim : \u00ab L'annexion a refait de la lutte palestinienne un combat anticolonial \u00bb\",\"isPartOf\":{\"@id\":\"https:\\\/\\\/charleroi-pourlapalestine.be\\\/#website\"},\"primaryImageOfPage\":{\"@id\":\"https:\\\/\\\/charleroi-pourlapalestine.be\\\/index.php\\\/2020\\\/07\\\/01\\\/honaida-ghanim-lannexion-a-refait-de-la-lutte-palestinienne-un-combat-anticolonial\\\/#primaryimage\"},\"image\":{\"@id\":\"https:\\\/\\\/charleroi-pourlapalestine.be\\\/index.php\\\/2020\\\/07\\\/01\\\/honaida-ghanim-lannexion-a-refait-de-la-lutte-palestinienne-un-combat-anticolonial\\\/#primaryimage\"},\"thumbnailUrl\":\"https:\\\/\\\/charleroi-pourlapalestine.be\\\/wp-content\\\/uploads\\\/2020\\\/07\\\/Honaida-1000x668-1-e1593556937402.jpg\",\"datePublished\":\"2020-07-01T06:04:04+00:00\",\"dateModified\":\"2020-07-01T06:27:35+00:00\",\"description\":\"Honaida Ghanim per\u00e7oit une possibilit\u00e9 pour la lutte palestinienne de retourner \u00e0 ses racines, c'est-\u00e0-dire dans l'anticolonialisme et la justice.\",\"breadcrumb\":{\"@id\":\"https:\\\/\\\/charleroi-pourlapalestine.be\\\/index.php\\\/2020\\\/07\\\/01\\\/honaida-ghanim-lannexion-a-refait-de-la-lutte-palestinienne-un-combat-anticolonial\\\/#breadcrumb\"},\"inLanguage\":\"fr-FR\",\"potentialAction\":[{\"@type\":\"ReadAction\",\"target\":[\"https:\\\/\\\/charleroi-pourlapalestine.be\\\/index.php\\\/2020\\\/07\\\/01\\\/honaida-ghanim-lannexion-a-refait-de-la-lutte-palestinienne-un-combat-anticolonial\\\/\"]}]},{\"@type\":\"ImageObject\",\"inLanguage\":\"fr-FR\",\"@id\":\"https:\\\/\\\/charleroi-pourlapalestine.be\\\/index.php\\\/2020\\\/07\\\/01\\\/honaida-ghanim-lannexion-a-refait-de-la-lutte-palestinienne-un-combat-anticolonial\\\/#primaryimage\",\"url\":\"https:\\\/\\\/charleroi-pourlapalestine.be\\\/wp-content\\\/uploads\\\/2020\\\/07\\\/Honaida-1000x668-1-e1593556937402.jpg\",\"contentUrl\":\"https:\\\/\\\/charleroi-pourlapalestine.be\\\/wp-content\\\/uploads\\\/2020\\\/07\\\/Honaida-1000x668-1-e1593556937402.jpg\",\"width\":479,\"height\":320},{\"@type\":\"BreadcrumbList\",\"@id\":\"https:\\\/\\\/charleroi-pourlapalestine.be\\\/index.php\\\/2020\\\/07\\\/01\\\/honaida-ghanim-lannexion-a-refait-de-la-lutte-palestinienne-un-combat-anticolonial\\\/#breadcrumb\",\"itemListElement\":[{\"@type\":\"ListItem\",\"position\":1,\"name\":\"Accueil\",\"item\":\"https:\\\/\\\/charleroi-pourlapalestine.be\\\/\"},{\"@type\":\"ListItem\",\"position\":2,\"name\":\"Honaida Ghanim : \u00ab L&#8217;annexion a refait de la lutte palestinienne un combat anticolonial \u00bb\"}]},{\"@type\":\"WebSite\",\"@id\":\"https:\\\/\\\/charleroi-pourlapalestine.be\\\/#website\",\"url\":\"https:\\\/\\\/charleroi-pourlapalestine.be\\\/\",\"name\":\"Charleroi Pour la Palestine\",\"description\":\"\",\"publisher\":{\"@id\":\"https:\\\/\\\/charleroi-pourlapalestine.be\\\/#organization\"},\"potentialAction\":[{\"@type\":\"SearchAction\",\"target\":{\"@type\":\"EntryPoint\",\"urlTemplate\":\"https:\\\/\\\/charleroi-pourlapalestine.be\\\/?s={search_term_string}\"},\"query-input\":{\"@type\":\"PropertyValueSpecification\",\"valueRequired\":true,\"valueName\":\"search_term_string\"}}],\"inLanguage\":\"fr-FR\"},{\"@type\":\"Organization\",\"@id\":\"https:\\\/\\\/charleroi-pourlapalestine.be\\\/#organization\",\"name\":\"Plate-forme Charleroi-Palestine\",\"url\":\"https:\\\/\\\/charleroi-pourlapalestine.be\\\/\",\"logo\":{\"@type\":\"ImageObject\",\"inLanguage\":\"fr-FR\",\"@id\":\"https:\\\/\\\/charleroi-pourlapalestine.be\\\/#\\\/schema\\\/logo\\\/image\\\/\",\"url\":\"https:\\\/\\\/charleroi-pourlapalestine.be\\\/wp-content\\\/uploads\\\/2020\\\/01\\\/logo-Copy.jpg\",\"contentUrl\":\"https:\\\/\\\/charleroi-pourlapalestine.be\\\/wp-content\\\/uploads\\\/2020\\\/01\\\/logo-Copy.jpg\",\"width\":180,\"height\":180,\"caption\":\"Plate-forme Charleroi-Palestine\"},\"image\":{\"@id\":\"https:\\\/\\\/charleroi-pourlapalestine.be\\\/#\\\/schema\\\/logo\\\/image\\\/\"},\"sameAs\":[\"https:\\\/\\\/www.facebook.com\\\/PlateformeCharleroiPalestine\\\/\",\"https:\\\/\\\/x.com\\\/LaCharleroi\"]},{\"@type\":\"Person\",\"@id\":\"https:\\\/\\\/charleroi-pourlapalestine.be\\\/#\\\/schema\\\/person\\\/c19ff515112f1299d8c12671d8fe3faa\",\"name\":\"admin1873\",\"url\":\"https:\\\/\\\/charleroi-pourlapalestine.be\\\/index.php\\\/author\\\/admin1873\\\/\"}]}<\/script>\n<!-- \/ Yoast SEO plugin. -->","yoast_head_json":{"title":"Honaida Ghanim : \u00ab L'annexion a refait de la lutte palestinienne un combat anticolonial \u00bb","description":"Honaida Ghanim per\u00e7oit une possibilit\u00e9 pour la lutte palestinienne de retourner \u00e0 ses racines, c'est-\u00e0-dire dans l'anticolonialisme et la justice.","robots":{"index":"index","follow":"follow","max-snippet":"max-snippet:-1","max-image-preview":"max-image-preview:large","max-video-preview":"max-video-preview:-1"},"canonical":"https:\/\/charleroi-pourlapalestine.be\/index.php\/2020\/07\/01\/honaida-ghanim-lannexion-a-refait-de-la-lutte-palestinienne-un-combat-anticolonial\/","schema":{"@context":"https:\/\/schema.org","@graph":[{"@type":"Article","@id":"https:\/\/charleroi-pourlapalestine.be\/index.php\/2020\/07\/01\/honaida-ghanim-lannexion-a-refait-de-la-lutte-palestinienne-un-combat-anticolonial\/#article","isPartOf":{"@id":"https:\/\/charleroi-pourlapalestine.be\/index.php\/2020\/07\/01\/honaida-ghanim-lannexion-a-refait-de-la-lutte-palestinienne-un-combat-anticolonial\/"},"author":{"name":"admin1873","@id":"https:\/\/charleroi-pourlapalestine.be\/#\/schema\/person\/c19ff515112f1299d8c12671d8fe3faa"},"headline":"Honaida Ghanim : \u00ab L&rsquo;annexion a refait de la lutte palestinienne un combat anticolonial \u00bb","datePublished":"2020-07-01T06:04:04+00:00","dateModified":"2020-07-01T06:27:35+00:00","mainEntityOfPage":{"@id":"https:\/\/charleroi-pourlapalestine.be\/index.php\/2020\/07\/01\/honaida-ghanim-lannexion-a-refait-de-la-lutte-palestinienne-un-combat-anticolonial\/"},"wordCount":2167,"publisher":{"@id":"https:\/\/charleroi-pourlapalestine.be\/#organization"},"image":{"@id":"https:\/\/charleroi-pourlapalestine.be\/index.php\/2020\/07\/01\/honaida-ghanim-lannexion-a-refait-de-la-lutte-palestinienne-un-combat-anticolonial\/#primaryimage"},"thumbnailUrl":"https:\/\/charleroi-pourlapalestine.be\/wp-content\/uploads\/2020\/07\/Honaida-1000x668-1-e1593556937402.jpg","articleSection":["Annexion","Cisjordanie","Les Palestiniens de 48"],"inLanguage":"fr-FR"},{"@type":"WebPage","@id":"https:\/\/charleroi-pourlapalestine.be\/index.php\/2020\/07\/01\/honaida-ghanim-lannexion-a-refait-de-la-lutte-palestinienne-un-combat-anticolonial\/","url":"https:\/\/charleroi-pourlapalestine.be\/index.php\/2020\/07\/01\/honaida-ghanim-lannexion-a-refait-de-la-lutte-palestinienne-un-combat-anticolonial\/","name":"Honaida Ghanim : \u00ab L'annexion a refait de la lutte palestinienne un combat anticolonial \u00bb","isPartOf":{"@id":"https:\/\/charleroi-pourlapalestine.be\/#website"},"primaryImageOfPage":{"@id":"https:\/\/charleroi-pourlapalestine.be\/index.php\/2020\/07\/01\/honaida-ghanim-lannexion-a-refait-de-la-lutte-palestinienne-un-combat-anticolonial\/#primaryimage"},"image":{"@id":"https:\/\/charleroi-pourlapalestine.be\/index.php\/2020\/07\/01\/honaida-ghanim-lannexion-a-refait-de-la-lutte-palestinienne-un-combat-anticolonial\/#primaryimage"},"thumbnailUrl":"https:\/\/charleroi-pourlapalestine.be\/wp-content\/uploads\/2020\/07\/Honaida-1000x668-1-e1593556937402.jpg","datePublished":"2020-07-01T06:04:04+00:00","dateModified":"2020-07-01T06:27:35+00:00","description":"Honaida Ghanim per\u00e7oit une possibilit\u00e9 pour la lutte palestinienne de retourner \u00e0 ses racines, c'est-\u00e0-dire dans l'anticolonialisme et la justice.","breadcrumb":{"@id":"https:\/\/charleroi-pourlapalestine.be\/index.php\/2020\/07\/01\/honaida-ghanim-lannexion-a-refait-de-la-lutte-palestinienne-un-combat-anticolonial\/#breadcrumb"},"inLanguage":"fr-FR","potentialAction":[{"@type":"ReadAction","target":["https:\/\/charleroi-pourlapalestine.be\/index.php\/2020\/07\/01\/honaida-ghanim-lannexion-a-refait-de-la-lutte-palestinienne-un-combat-anticolonial\/"]}]},{"@type":"ImageObject","inLanguage":"fr-FR","@id":"https:\/\/charleroi-pourlapalestine.be\/index.php\/2020\/07\/01\/honaida-ghanim-lannexion-a-refait-de-la-lutte-palestinienne-un-combat-anticolonial\/#primaryimage","url":"https:\/\/charleroi-pourlapalestine.be\/wp-content\/uploads\/2020\/07\/Honaida-1000x668-1-e1593556937402.jpg","contentUrl":"https:\/\/charleroi-pourlapalestine.be\/wp-content\/uploads\/2020\/07\/Honaida-1000x668-1-e1593556937402.jpg","width":479,"height":320},{"@type":"BreadcrumbList","@id":"https:\/\/charleroi-pourlapalestine.be\/index.php\/2020\/07\/01\/honaida-ghanim-lannexion-a-refait-de-la-lutte-palestinienne-un-combat-anticolonial\/#breadcrumb","itemListElement":[{"@type":"ListItem","position":1,"name":"Accueil","item":"https:\/\/charleroi-pourlapalestine.be\/"},{"@type":"ListItem","position":2,"name":"Honaida Ghanim : \u00ab L&#8217;annexion a refait de la lutte palestinienne un combat anticolonial \u00bb"}]},{"@type":"WebSite","@id":"https:\/\/charleroi-pourlapalestine.be\/#website","url":"https:\/\/charleroi-pourlapalestine.be\/","name":"Charleroi Pour la Palestine","description":"","publisher":{"@id":"https:\/\/charleroi-pourlapalestine.be\/#organization"},"potentialAction":[{"@type":"SearchAction","target":{"@type":"EntryPoint","urlTemplate":"https:\/\/charleroi-pourlapalestine.be\/?s={search_term_string}"},"query-input":{"@type":"PropertyValueSpecification","valueRequired":true,"valueName":"search_term_string"}}],"inLanguage":"fr-FR"},{"@type":"Organization","@id":"https:\/\/charleroi-pourlapalestine.be\/#organization","name":"Plate-forme Charleroi-Palestine","url":"https:\/\/charleroi-pourlapalestine.be\/","logo":{"@type":"ImageObject","inLanguage":"fr-FR","@id":"https:\/\/charleroi-pourlapalestine.be\/#\/schema\/logo\/image\/","url":"https:\/\/charleroi-pourlapalestine.be\/wp-content\/uploads\/2020\/01\/logo-Copy.jpg","contentUrl":"https:\/\/charleroi-pourlapalestine.be\/wp-content\/uploads\/2020\/01\/logo-Copy.jpg","width":180,"height":180,"caption":"Plate-forme Charleroi-Palestine"},"image":{"@id":"https:\/\/charleroi-pourlapalestine.be\/#\/schema\/logo\/image\/"},"sameAs":["https:\/\/www.facebook.com\/PlateformeCharleroiPalestine\/","https:\/\/x.com\/LaCharleroi"]},{"@type":"Person","@id":"https:\/\/charleroi-pourlapalestine.be\/#\/schema\/person\/c19ff515112f1299d8c12671d8fe3faa","name":"admin1873","url":"https:\/\/charleroi-pourlapalestine.be\/index.php\/author\/admin1873\/"}]}},"_links":{"self":[{"href":"https:\/\/charleroi-pourlapalestine.be\/index.php\/wp-json\/wp\/v2\/posts\/14816","targetHints":{"allow":["GET"]}}],"collection":[{"href":"https:\/\/charleroi-pourlapalestine.be\/index.php\/wp-json\/wp\/v2\/posts"}],"about":[{"href":"https:\/\/charleroi-pourlapalestine.be\/index.php\/wp-json\/wp\/v2\/types\/post"}],"author":[{"embeddable":true,"href":"https:\/\/charleroi-pourlapalestine.be\/index.php\/wp-json\/wp\/v2\/users\/1"}],"replies":[{"embeddable":true,"href":"https:\/\/charleroi-pourlapalestine.be\/index.php\/wp-json\/wp\/v2\/comments?post=14816"}],"version-history":[{"count":0,"href":"https:\/\/charleroi-pourlapalestine.be\/index.php\/wp-json\/wp\/v2\/posts\/14816\/revisions"}],"wp:featuredmedia":[{"embeddable":true,"href":"https:\/\/charleroi-pourlapalestine.be\/index.php\/wp-json\/wp\/v2\/media\/14819"}],"wp:attachment":[{"href":"https:\/\/charleroi-pourlapalestine.be\/index.php\/wp-json\/wp\/v2\/media?parent=14816"}],"wp:term":[{"taxonomy":"category","embeddable":true,"href":"https:\/\/charleroi-pourlapalestine.be\/index.php\/wp-json\/wp\/v2\/categories?post=14816"},{"taxonomy":"post_tag","embeddable":true,"href":"https:\/\/charleroi-pourlapalestine.be\/index.php\/wp-json\/wp\/v2\/tags?post=14816"}],"curies":[{"name":"wp","href":"https:\/\/api.w.org\/{rel}","templated":true}]}}