{"id":14902,"date":"2020-07-21T14:37:41","date_gmt":"2020-07-21T12:37:41","guid":{"rendered":"https:\/\/charleroi-pourlapalestine.be\/?p=14902"},"modified":"2020-07-21T16:30:07","modified_gmt":"2020-07-21T14:30:07","slug":"leurope-opte-pour-le-pipe-line-eastmed-le-projet-israelien-controverse","status":"publish","type":"post","link":"https:\/\/charleroi-pourlapalestine.be\/index.php\/2020\/07\/21\/leurope-opte-pour-le-pipe-line-eastmed-le-projet-israelien-controverse\/","title":{"rendered":"L&rsquo;Europe opte pour le pipe-line EastMed, le projet isra\u00e9lien controvers\u00e9"},"content":{"rendered":"<h1 lang=\"fr-BE\" align=\"JUSTIFY\">&nbsp;<\/h1>\n<p><em>L&rsquo;<strong>EastMed Pipeline<\/strong> : L&rsquo;Europe hypoth\u00e8que le \u00ab greendeal \u00bb et opte pour le gaz isra\u00e9lien controvers\u00e9<\/em><\/p>\n<p><strong> <img loading=\"lazy\" decoding=\"async\" class=\"aligncenter wp-image-15374 size-full\" src=\"https:\/\/charleroi-pourlapalestine.be\/wp-content\/uploads\/2020\/07\/EastMed-e1595333958462.jpg\" alt=\"L'EastMed Pipeline : L'Europe hypoth\u00e8que le \u00ab greendeal \u00bb et opte pour le gaz isra\u00e9lien controvers\u00e9\" width=\"632\" height=\"320\"><\/strong><\/p>\n<p>En 2017, l<strong>&lsquo;Italie, la Gr\u00e8ce, Chypre et Isra\u00ebl<\/strong> d\u00e9gageaient un accord portant sur la construction d&rsquo;<strong>un pipeline sous-marin de 2000 km de long, reliant \u00e0 l&rsquo;Europe les gisements gaziers r\u00e9cemment d\u00e9couverts au Moyen-Orient<\/strong>. Le projet, appel\u00e9 l&rsquo;<strong>EastMed Pipeline<\/strong>, est aux mains de la soci\u00e9t\u00e9 grecque DEPA et de la soci\u00e9t\u00e9 italienne Edison.<\/p>\n<p>Isra\u00ebl a propos\u00e9 que l<strong>&lsquo;Union europ\u00e9enne<\/strong> investisse dans le pipeline. En faisant venir du gaz du Moyen-Orient, l&rsquo;Union europ\u00e9enne serait moins d\u00e9pendante de l&rsquo;importation de gaz de la Russie, d&rsquo;o\u00f9 provient la majeure partie du gaz consomm\u00e9 pour l&rsquo;instant en Europe.<\/p>\n<p>Vu les d\u00e9veloppements politiques entre les diverses grandes puissances, il serait d\u00e9savantageux pour l&rsquo;Europe de d\u00e9pendre de la Russie.<\/p>\n<p>L&rsquo;Union europ\u00e9enne a saut\u00e9 sur l&rsquo;occasion et a investi au moins <strong>2 millions d&rsquo;euros en subsides publics de l&rsquo;UE dans le projet<\/strong>, en guise d&rsquo;<em>\u00ab&nbsp;examen pr\u00e9alable&nbsp;\u00bb,<\/em> avant m\u00eame que le projet soit concr\u00e9tis\u00e9.<\/p>\n<p>En outre, l&rsquo;EastMed Pipeline a \u00e9t\u00e9 repris sur la<em> \u00ab&nbsp;liste des PIC&nbsp;\u00bb<\/em> (liste des Projets d&rsquo;int\u00e9r\u00eat commun), une liste de projets qui, selon l&rsquo;Union europ\u00e9enne, servent l&rsquo;int\u00e9r\u00eat communautaire et qui, en faisant partie de la liste PIC, b\u00e9n\u00e9ficient de proc\u00e9dures acc\u00e9l\u00e9r\u00e9es de permis et d&rsquo;autorisation et peuvent faire appel aux subsides europ\u00e9ens.<\/p>\n<p>L&rsquo;Union europ\u00e9enne a donc d\u00e9cid\u00e9 qu&rsquo;il \u00e9tait plus avantageux de <strong>d\u00e9pendre d&rsquo;Isra\u00ebl pour l&rsquo;apport de gaz<\/strong> que de rester d\u00e9pendante de la Russie, sur ce plan. Elle opte pour un pays qui ne respecte pas les droits de l&rsquo;homme et qui a int\u00e9gr\u00e9 la discrimination et l&rsquo;oppression \u00e0 ses structures d&rsquo;Etat, et ce, sous la forme de l&rsquo;apartheid.<\/p>\n<h3>Un motif d&rsquo;escalade<\/h3>\n<p><strong>Les investissements dans un pipeline cens\u00e9 transporter des carburants fossiles vers l&rsquo;Europe vont \u00e0 l&rsquo;encontre des objectifs climatiques europ\u00e9ens.<\/strong><\/p>\n<p>L&rsquo;impact n\u00e9gatif sur notre climat et notre environnement de l&rsquo;utilisation de carburants fossiles a \u00e9t\u00e9 maintes fois prouv\u00e9 de fa\u00e7on irr\u00e9futable. Le PRM (potentiel de r\u00e9chauffement mondial) du gaz naturel, du m\u00e9thane, est au moins 86 fois plus \u00e9lev\u00e9 que celui du CO2, et tous deux sont des gaz \u00e0 effet de serre. La consommation de gaz pr\u00e9vue en Europe n&rsquo;est pas compatible avec l&rsquo;intention de rester en de\u00e7\u00e0 d&rsquo;un r\u00e9chauffement climatique de 2&nbsp;\u00b0C. Afin d&rsquo;atteindre cet objectif, l&rsquo;Europe devrait \u00eatre totalement ind\u00e9pendante des carburants fossiles en 2040. Outre l&rsquo;impact de l&rsquo;utilisation de carburants fossiles sur le climat, la r\u00e9alisation du pipeline aurait des cons\u00e9quences n\u00e9gatives pour les communaut\u00e9s locales.<\/p>\n<p>De plus, le projet a le potentiel de devenir un facteur d&rsquo;escalade dans divers cas d\u00e9licats sur le plan g\u00e9opolitique. En <strong>Italie<\/strong>, depuis plusieurs ann\u00e9es d\u00e9j\u00e0, des communaut\u00e9s locales et des activistes environnementaux protestent avec v\u00e9h\u00e9mence contre le <strong>TAP (Trans Adriatic Pipeline)<\/strong>, un pipeline qui traversera diverses zones pr\u00e9cieuses sur le plan \u00e9cologique ainsi que des r\u00e9gions agricoles. Les communaut\u00e9s travers\u00e9es par le pipeline craignent la destruction de leurs r\u00e9gions naturelles, de leurs terres agricoles et elles craignent \u00e9galement des risques s\u00e9curitaires du fait de la pr\u00e9sence du pipeline.<\/p>\n<p>La construction d&rsquo;un second pipeline, l&rsquo;<strong>EastMed Pipeline<\/strong>, provoquera non seulement une intensification des protestations en Italie mais, en Gr\u00e8ce aussi, les communaut\u00e9s locales expriment leurs inqui\u00e9tudes \u00e0 propos de la venue de ce pipeline.<\/p>\n<p>La <strong>Turquie<\/strong> a d\u00e9j\u00e0 fait savoir qu&rsquo;elle ne reconnaissait pas la R\u00e9publique chypriote ni sa Zone \u00e9conomique exclusive et qu&rsquo;elle estimait donc devoir revendiquer une partie des approvisionnements gaziers de l&rsquo;\u00eele. En 2018, le pr\u00e9sident turc, Recep Tayyip Erdogan a pr\u00e9venu que la Turquie tenait la r\u00e9gion particuli\u00e8rement \u00e0 l&rsquo;\u0153il et que ses navires de guerre \u00e9taient pr\u00eats. De plus, un des gisements gaziers chypriotes s&rsquo;\u00e9tend jusque dans la zone maritime isra\u00e9lienne, ce qui, malgr\u00e9 l&rsquo;accord de collaboration, pourrait cr\u00e9er des tensions entre les deux \u00c9tats s&rsquo;il y avait contestation \u00e0 propos de qui pourrait revendiquer sa partie propre du gisement gazier.<\/p>\n<p>En 2000, on a \u00e9galement d\u00e9couvert des gisements gaziers devant la c\u00f4te de<strong> Gaza,<\/strong> lesquels, en th\u00e9orie, ont un \u00e9norme potentiel \u00e9conomique pour les Palestiniens. Ces derniers pourraient en effet devenir ind\u00e9pendants vis-\u00e0-vis d&rsquo;isra\u00ebl pour la satisfaction de leurs besoins en \u00e9nergie.<\/p>\n<p><strong>Les gisements p\u00e9troliers ont \u00e9t\u00e9 de facto<\/strong> <strong>accapar\u00e9s par Isra\u00ebl, en cons\u00e9quence directe de l&rsquo;occupation<\/strong>, et cela va \u00e0 l&rsquo;encontre du droit international. Juridiquement, les gisements gaziers gazaouis appartiennent aux Palestiniens, mais Isra\u00ebl exerce le contr\u00f4le de facto sur les r\u00e9serves. En raison des restrictions impos\u00e9es par Isra\u00ebl, le gaz palestinien n&rsquo;a aucune valeur \u00e9conomique. <strong>La quantit\u00e9 de gaz contr\u00f4l\u00e9e par Isra\u00ebl offre \u00e0 ce dernier pays le potentiel de devenir une grande puissance de l&rsquo;\u00e9nergie et de consolider encore sa position internationale.<\/strong><\/p>\n<p>L&rsquo;EastMed Pipeline partira de la c\u00f4te isra\u00e9lienne mais il est d\u00e9j\u00e0 certain qu&rsquo;il traversera la Zone d&rsquo;\u00e9conomie exclusive de <strong>Gaza,<\/strong> <strong>sans accord avec les Palestiniens<\/strong>, ce qui constituera une violation des directives des Nations unies. En outre, Isra\u00ebl n&rsquo;a pas l&rsquo;accord non plus des Palestiniens pour exploiter le gaz des r\u00e9gions frontali\u00e8res maritimes, ce qui constitue une violation grave du droit international. L&rsquo;extraction unilat\u00e9rale, l&rsquo;exploitation du gaz sans l&rsquo;accord de l&rsquo;Autorit\u00e9 palestinienne, viole la souverainet\u00e9 du peuple palestinien sur ses ressources naturelles. Ceci comprend une violation du devoir d&rsquo;Isra\u00ebl en tant que puissance occupante de prot\u00e9ger les biens immobiliers de l&rsquo;\u00c9tat occup\u00e9.<\/p>\n<p><strong>Lors d&rsquo;une pr\u00e9c\u00e9dente exploitation du gaz isra\u00e9lien, il a \u00e9t\u00e9 prouv\u00e9 qu&rsquo;en raison du principe des vases communicants, le gaz palestinien avait remont\u00e9 et avait \u00e9t\u00e9 vendu par Isra\u00ebl.<\/strong> L&rsquo;exploitation n&rsquo;avait toutefois pas \u00e9t\u00e9 mise \u00e0 l&rsquo;arr\u00eat. Le vol conscient de mati\u00e8res premi\u00e8res, une fois de plus, constitue une violation grave du droit international. Dans <em>\u00ab Beneath troubled waters \u00bb (Sous les eaux troubles),<\/em> un rapport de <strong>Somo<\/strong> (Centre de recherche sur les soci\u00e9t\u00e9s multinationales) de 2017 exprime son inqui\u00e9tude du fait qu&rsquo;<strong>une partie du gaz qui ira en Europe via l&rsquo;EastMed Pipeline pourrait \u00eatre du gaz vol\u00e9, ce qui fait que l&rsquo;UE se rendra complice d&rsquo;un pillage de mati\u00e8res premi\u00e8res<\/strong>. Le porte-parole de la Commission europ\u00e9enne a refus\u00e9 de faire un commentaire quand on lui a demand\u00e9 une explication sur la position de l&rsquo;UE en mati\u00e8re d&rsquo;achat de gaz d&rsquo;Isra\u00ebl qui pourrait contenir du gaz palestinien ill\u00e9galement exploit\u00e9. Le forage sans accord de l&rsquo;Autorit\u00e9 palestinienne, ou m\u00eame sans n\u00e9gociations avec l&rsquo;AP, rend les entreprises impliqu\u00e9es coupables d&rsquo;une violation des directives de l&rsquo;OCDE concernant les entreprises multinationales et de celles des Nations unies en mati\u00e8re d&rsquo;entreprises et de droits de l&rsquo;homme. <strong>Pourtant, le FIT (Flanders Investment and Trade) fait la promotion du secteur gazier isra\u00e9lien comme une possibilit\u00e9 tr\u00e8s prometteuse de nouveaux investissements pour les investisseurs flamands.<\/strong><\/p>\n<p>Qui plus est, r\u00e9cemment, Isra\u00ebl a exprim\u00e9 son intention, sur base du <em>\u00ab&nbsp;plan de paix&nbsp;\u00bb<\/em> du pr\u00e9sident am\u00e9ricain Donald Trump, d&rsquo;annexer d&rsquo;importantes parties de la Cisjordanie. C&rsquo;est un tr\u00e8s mauvais signal de la part de l&rsquo;Union europ\u00e9enne \u2013 et certainement en ce moment \u2013 de consolider une collaboration avec Isra\u00ebl. Enfin, Isra\u00ebl et le <strong>Liban<\/strong> se trouvent \u00e9galement dans une situation tendue. La contestation sur les fronti\u00e8res territoriales entre les deux nations se poursuit dans la contestation concernant les limites de leurs zones maritimes. Le Liban a d\u00e9j\u00e0 fait savoir clairement qu&rsquo;il interviendra quand Isra\u00ebl se lancera dans l&rsquo;exploitation du gaz dans le voisinage des zones maritimes contest\u00e9es. Il faut de ce fait insister sur le fait qu&rsquo;Isra\u00ebl a \u00e9t\u00e9 impliqu\u00e9 dans divers conflits militaires, ces derni\u00e8res d\u00e9cennies. L&rsquo;Union europ\u00e9enne court un important risque, tant financier que politique, de d\u00e9pendre pour nos approvisionnement en \u00e9nergie, d&rsquo;un pays qui se trouve dans une situation des plus tendues.<\/p>\n<p><strong>En investissant dans l&rsquo;EastMed Pipeline, l&rsquo;Union europ\u00e9enne court donc le risque de devenir la complice d&rsquo;un pillage, d&rsquo;une violation des lois internationales et de plusieurs trait\u00e9s internationaux.<\/strong><\/p>\n<p>En outre, l&rsquo;UE consolide une relation commerciale avec une nation qui ne respecte gu\u00e8re les droits humains internationaux et qui est situ\u00e9e dans une r\u00e9gion tr\u00e8s instable depuis de longues d\u00e9cennies, o\u00f9 les conflits se suivent l&rsquo;un apr\u00e8s l&rsquo;autre, avec de nombreuses victimes civiles comme cons\u00e9quence. Avec ce projet, l&rsquo;UE choisit d&rsquo;investir de l&rsquo;argent public dans une aventure qui est tout sauf durable. Investir dans les carburants fossiles va \u00e0 l&rsquo;encontre des objectifs climatiques et, en outre, les r\u00e9serves ne sont pas in\u00e9puisables. Les investisseurs priv\u00e9s encourag\u00e9s par le FIT \u00e0 investir dans le secteur gazier isra\u00e9lien courent le risque d&rsquo;investir en fait dans des violations des droits de l&rsquo;homme et de diverses directives internationales. En outre, plusieurs nations voisines concern\u00e9es affirment d\u00e9j\u00e0 que ce projet pourrait mener une une (nouvelle) escalade dans les tensions d\u00e9j\u00e0 existantes.<\/p>\n<p>D\u00e9sirez-vous rester inform\u00e9(e) sur cette question&nbsp;? Tenez nos mises \u00e0 jours sur l&rsquo;information \u00e0 l&rsquo;\u0153il, nous suivons ce projet de tr\u00e8s pr\u00e8s, de m\u00eame que l&rsquo;implication possible dans ce projet des entreprises, communes et \u00c9tat belges.<\/p>\n<hr>\n<p>Publi\u00e9 le 22 juin 2020 sur<a href=\"https:\/\/palestinasolidariteit.be\/2020\/06\/22\/eastmed-pipeline\/?fbclid=IwAR22aA8iQQLAoAQ7NkNcdG64-OFUkmnUaE6D4X1u08wqHWjMTGg43YdUb3I\" target=\"_blank\" rel=\"noopener noreferrer\"> Palestina Solidariteit<\/a><br \/>\nTraduction : Jean-Marie Fl\u00e9mal<\/p>\n<p>Lisez \u00e9galement : <a href=\"https:\/\/charleroi-pourlapalestine.be\/index.php\/2020\/05\/21\/syriza-et-le-gazoduc-east-med\/\">Syriza et EastMed<\/a><\/p>\n<p><a href=\"https:\/\/charleroi-pourlapalestine.be\/index.php\/2017\/07\/17\/grandes-manoeuvres-autour-du-gaz-naturel-la-grece-alliee-disrael\/\">Grandes man\u0153uvres autour du gaz naturel: la Gr\u00e8ce alli\u00e9e d\u2019Isra\u00ebl<\/a><\/p>\n","protected":false},"excerpt":{"rendered":"<p>L&rsquo;EastMed Pipeline : L&rsquo;Europe hypoth\u00e8que le \u00ab greendeal \u00bb et opte pour le gaz isra\u00e9lien controvers\u00e9<\/p>\n","protected":false},"author":1,"featured_media":15374,"comment_status":"closed","ping_status":"closed","sticky":false,"template":"","format":"standard","meta":{"ngg_post_thumbnail":0,"footnotes":""},"categories":[508,6,126,185],"tags":[],"class_list":["post-14902","post","type-post","status-publish","format-standard","has-post-thumbnail","hentry","category-gaz","category-gaza","category-israel","category-union-europeenne"],"yoast_head":"<!-- This site is optimized with the Yoast SEO plugin v27.3 - https:\/\/yoast.com\/product\/yoast-seo-wordpress\/ -->\n<title>L&#039;Europe opte pour le pipe-line EastMed, le projet isra\u00e9lien controvers\u00e9<\/title>\n<meta name=\"description\" content=\"L&#039;EastMed Pipeline : L&#039;Europe hypoth\u00e8que le \u00ab greendeal \u00bb et opte pour le gaz isra\u00e9lien controvers\u00e9\" \/>\n<meta name=\"robots\" content=\"index, follow, max-snippet:-1, max-image-preview:large, max-video-preview:-1\" \/>\n<link rel=\"canonical\" href=\"https:\/\/charleroi-pourlapalestine.be\/index.php\/2020\/07\/21\/leurope-opte-pour-le-pipe-line-eastmed-le-projet-israelien-controverse\/\" \/>\n<script type=\"application\/ld+json\" class=\"yoast-schema-graph\">{\"@context\":\"https:\\\/\\\/schema.org\",\"@graph\":[{\"@type\":\"Article\",\"@id\":\"https:\\\/\\\/charleroi-pourlapalestine.be\\\/index.php\\\/2020\\\/07\\\/21\\\/leurope-opte-pour-le-pipe-line-eastmed-le-projet-israelien-controverse\\\/#article\",\"isPartOf\":{\"@id\":\"https:\\\/\\\/charleroi-pourlapalestine.be\\\/index.php\\\/2020\\\/07\\\/21\\\/leurope-opte-pour-le-pipe-line-eastmed-le-projet-israelien-controverse\\\/\"},\"author\":{\"name\":\"admin1873\",\"@id\":\"https:\\\/\\\/charleroi-pourlapalestine.be\\\/#\\\/schema\\\/person\\\/c19ff515112f1299d8c12671d8fe3faa\"},\"headline\":\"L&rsquo;Europe opte pour le pipe-line EastMed, le projet isra\u00e9lien controvers\u00e9\",\"datePublished\":\"2020-07-21T12:37:41+00:00\",\"dateModified\":\"2020-07-21T14:30:07+00:00\",\"mainEntityOfPage\":{\"@id\":\"https:\\\/\\\/charleroi-pourlapalestine.be\\\/index.php\\\/2020\\\/07\\\/21\\\/leurope-opte-pour-le-pipe-line-eastmed-le-projet-israelien-controverse\\\/\"},\"wordCount\":1726,\"publisher\":{\"@id\":\"https:\\\/\\\/charleroi-pourlapalestine.be\\\/#organization\"},\"image\":{\"@id\":\"https:\\\/\\\/charleroi-pourlapalestine.be\\\/index.php\\\/2020\\\/07\\\/21\\\/leurope-opte-pour-le-pipe-line-eastmed-le-projet-israelien-controverse\\\/#primaryimage\"},\"thumbnailUrl\":\"https:\\\/\\\/charleroi-pourlapalestine.be\\\/wp-content\\\/uploads\\\/2020\\\/07\\\/EastMed-e1595333958462.jpg\",\"articleSection\":[\"Gaz\",\"Gaza\",\"Isra\u00ebl\",\"Union europ\u00e9enne\"],\"inLanguage\":\"fr-FR\"},{\"@type\":\"WebPage\",\"@id\":\"https:\\\/\\\/charleroi-pourlapalestine.be\\\/index.php\\\/2020\\\/07\\\/21\\\/leurope-opte-pour-le-pipe-line-eastmed-le-projet-israelien-controverse\\\/\",\"url\":\"https:\\\/\\\/charleroi-pourlapalestine.be\\\/index.php\\\/2020\\\/07\\\/21\\\/leurope-opte-pour-le-pipe-line-eastmed-le-projet-israelien-controverse\\\/\",\"name\":\"L'Europe opte pour le pipe-line EastMed, le projet isra\u00e9lien controvers\u00e9\",\"isPartOf\":{\"@id\":\"https:\\\/\\\/charleroi-pourlapalestine.be\\\/#website\"},\"primaryImageOfPage\":{\"@id\":\"https:\\\/\\\/charleroi-pourlapalestine.be\\\/index.php\\\/2020\\\/07\\\/21\\\/leurope-opte-pour-le-pipe-line-eastmed-le-projet-israelien-controverse\\\/#primaryimage\"},\"image\":{\"@id\":\"https:\\\/\\\/charleroi-pourlapalestine.be\\\/index.php\\\/2020\\\/07\\\/21\\\/leurope-opte-pour-le-pipe-line-eastmed-le-projet-israelien-controverse\\\/#primaryimage\"},\"thumbnailUrl\":\"https:\\\/\\\/charleroi-pourlapalestine.be\\\/wp-content\\\/uploads\\\/2020\\\/07\\\/EastMed-e1595333958462.jpg\",\"datePublished\":\"2020-07-21T12:37:41+00:00\",\"dateModified\":\"2020-07-21T14:30:07+00:00\",\"description\":\"L'EastMed Pipeline : L'Europe hypoth\u00e8que le \u00ab greendeal \u00bb et opte pour le gaz isra\u00e9lien controvers\u00e9\",\"breadcrumb\":{\"@id\":\"https:\\\/\\\/charleroi-pourlapalestine.be\\\/index.php\\\/2020\\\/07\\\/21\\\/leurope-opte-pour-le-pipe-line-eastmed-le-projet-israelien-controverse\\\/#breadcrumb\"},\"inLanguage\":\"fr-FR\",\"potentialAction\":[{\"@type\":\"ReadAction\",\"target\":[\"https:\\\/\\\/charleroi-pourlapalestine.be\\\/index.php\\\/2020\\\/07\\\/21\\\/leurope-opte-pour-le-pipe-line-eastmed-le-projet-israelien-controverse\\\/\"]}]},{\"@type\":\"ImageObject\",\"inLanguage\":\"fr-FR\",\"@id\":\"https:\\\/\\\/charleroi-pourlapalestine.be\\\/index.php\\\/2020\\\/07\\\/21\\\/leurope-opte-pour-le-pipe-line-eastmed-le-projet-israelien-controverse\\\/#primaryimage\",\"url\":\"https:\\\/\\\/charleroi-pourlapalestine.be\\\/wp-content\\\/uploads\\\/2020\\\/07\\\/EastMed-e1595333958462.jpg\",\"contentUrl\":\"https:\\\/\\\/charleroi-pourlapalestine.be\\\/wp-content\\\/uploads\\\/2020\\\/07\\\/EastMed-e1595333958462.jpg\",\"width\":632,\"height\":320},{\"@type\":\"BreadcrumbList\",\"@id\":\"https:\\\/\\\/charleroi-pourlapalestine.be\\\/index.php\\\/2020\\\/07\\\/21\\\/leurope-opte-pour-le-pipe-line-eastmed-le-projet-israelien-controverse\\\/#breadcrumb\",\"itemListElement\":[{\"@type\":\"ListItem\",\"position\":1,\"name\":\"Accueil\",\"item\":\"https:\\\/\\\/charleroi-pourlapalestine.be\\\/\"},{\"@type\":\"ListItem\",\"position\":2,\"name\":\"L&#8217;Europe opte pour le pipe-line EastMed, le projet isra\u00e9lien controvers\u00e9\"}]},{\"@type\":\"WebSite\",\"@id\":\"https:\\\/\\\/charleroi-pourlapalestine.be\\\/#website\",\"url\":\"https:\\\/\\\/charleroi-pourlapalestine.be\\\/\",\"name\":\"Charleroi Pour la Palestine\",\"description\":\"\",\"publisher\":{\"@id\":\"https:\\\/\\\/charleroi-pourlapalestine.be\\\/#organization\"},\"potentialAction\":[{\"@type\":\"SearchAction\",\"target\":{\"@type\":\"EntryPoint\",\"urlTemplate\":\"https:\\\/\\\/charleroi-pourlapalestine.be\\\/?s={search_term_string}\"},\"query-input\":{\"@type\":\"PropertyValueSpecification\",\"valueRequired\":true,\"valueName\":\"search_term_string\"}}],\"inLanguage\":\"fr-FR\"},{\"@type\":\"Organization\",\"@id\":\"https:\\\/\\\/charleroi-pourlapalestine.be\\\/#organization\",\"name\":\"Plate-forme Charleroi-Palestine\",\"url\":\"https:\\\/\\\/charleroi-pourlapalestine.be\\\/\",\"logo\":{\"@type\":\"ImageObject\",\"inLanguage\":\"fr-FR\",\"@id\":\"https:\\\/\\\/charleroi-pourlapalestine.be\\\/#\\\/schema\\\/logo\\\/image\\\/\",\"url\":\"https:\\\/\\\/charleroi-pourlapalestine.be\\\/wp-content\\\/uploads\\\/2020\\\/01\\\/logo-Copy.jpg\",\"contentUrl\":\"https:\\\/\\\/charleroi-pourlapalestine.be\\\/wp-content\\\/uploads\\\/2020\\\/01\\\/logo-Copy.jpg\",\"width\":180,\"height\":180,\"caption\":\"Plate-forme Charleroi-Palestine\"},\"image\":{\"@id\":\"https:\\\/\\\/charleroi-pourlapalestine.be\\\/#\\\/schema\\\/logo\\\/image\\\/\"},\"sameAs\":[\"https:\\\/\\\/www.facebook.com\\\/PlateformeCharleroiPalestine\\\/\",\"https:\\\/\\\/x.com\\\/LaCharleroi\"]},{\"@type\":\"Person\",\"@id\":\"https:\\\/\\\/charleroi-pourlapalestine.be\\\/#\\\/schema\\\/person\\\/c19ff515112f1299d8c12671d8fe3faa\",\"name\":\"admin1873\",\"url\":\"https:\\\/\\\/charleroi-pourlapalestine.be\\\/index.php\\\/author\\\/admin1873\\\/\"}]}<\/script>\n<!-- \/ Yoast SEO plugin. -->","yoast_head_json":{"title":"L'Europe opte pour le pipe-line EastMed, le projet isra\u00e9lien controvers\u00e9","description":"L'EastMed Pipeline : L'Europe hypoth\u00e8que le \u00ab greendeal \u00bb et opte pour le gaz isra\u00e9lien controvers\u00e9","robots":{"index":"index","follow":"follow","max-snippet":"max-snippet:-1","max-image-preview":"max-image-preview:large","max-video-preview":"max-video-preview:-1"},"canonical":"https:\/\/charleroi-pourlapalestine.be\/index.php\/2020\/07\/21\/leurope-opte-pour-le-pipe-line-eastmed-le-projet-israelien-controverse\/","schema":{"@context":"https:\/\/schema.org","@graph":[{"@type":"Article","@id":"https:\/\/charleroi-pourlapalestine.be\/index.php\/2020\/07\/21\/leurope-opte-pour-le-pipe-line-eastmed-le-projet-israelien-controverse\/#article","isPartOf":{"@id":"https:\/\/charleroi-pourlapalestine.be\/index.php\/2020\/07\/21\/leurope-opte-pour-le-pipe-line-eastmed-le-projet-israelien-controverse\/"},"author":{"name":"admin1873","@id":"https:\/\/charleroi-pourlapalestine.be\/#\/schema\/person\/c19ff515112f1299d8c12671d8fe3faa"},"headline":"L&rsquo;Europe opte pour le pipe-line EastMed, le projet isra\u00e9lien controvers\u00e9","datePublished":"2020-07-21T12:37:41+00:00","dateModified":"2020-07-21T14:30:07+00:00","mainEntityOfPage":{"@id":"https:\/\/charleroi-pourlapalestine.be\/index.php\/2020\/07\/21\/leurope-opte-pour-le-pipe-line-eastmed-le-projet-israelien-controverse\/"},"wordCount":1726,"publisher":{"@id":"https:\/\/charleroi-pourlapalestine.be\/#organization"},"image":{"@id":"https:\/\/charleroi-pourlapalestine.be\/index.php\/2020\/07\/21\/leurope-opte-pour-le-pipe-line-eastmed-le-projet-israelien-controverse\/#primaryimage"},"thumbnailUrl":"https:\/\/charleroi-pourlapalestine.be\/wp-content\/uploads\/2020\/07\/EastMed-e1595333958462.jpg","articleSection":["Gaz","Gaza","Isra\u00ebl","Union europ\u00e9enne"],"inLanguage":"fr-FR"},{"@type":"WebPage","@id":"https:\/\/charleroi-pourlapalestine.be\/index.php\/2020\/07\/21\/leurope-opte-pour-le-pipe-line-eastmed-le-projet-israelien-controverse\/","url":"https:\/\/charleroi-pourlapalestine.be\/index.php\/2020\/07\/21\/leurope-opte-pour-le-pipe-line-eastmed-le-projet-israelien-controverse\/","name":"L'Europe opte pour le pipe-line EastMed, le projet isra\u00e9lien controvers\u00e9","isPartOf":{"@id":"https:\/\/charleroi-pourlapalestine.be\/#website"},"primaryImageOfPage":{"@id":"https:\/\/charleroi-pourlapalestine.be\/index.php\/2020\/07\/21\/leurope-opte-pour-le-pipe-line-eastmed-le-projet-israelien-controverse\/#primaryimage"},"image":{"@id":"https:\/\/charleroi-pourlapalestine.be\/index.php\/2020\/07\/21\/leurope-opte-pour-le-pipe-line-eastmed-le-projet-israelien-controverse\/#primaryimage"},"thumbnailUrl":"https:\/\/charleroi-pourlapalestine.be\/wp-content\/uploads\/2020\/07\/EastMed-e1595333958462.jpg","datePublished":"2020-07-21T12:37:41+00:00","dateModified":"2020-07-21T14:30:07+00:00","description":"L'EastMed Pipeline : L'Europe hypoth\u00e8que le \u00ab greendeal \u00bb et opte pour le gaz isra\u00e9lien controvers\u00e9","breadcrumb":{"@id":"https:\/\/charleroi-pourlapalestine.be\/index.php\/2020\/07\/21\/leurope-opte-pour-le-pipe-line-eastmed-le-projet-israelien-controverse\/#breadcrumb"},"inLanguage":"fr-FR","potentialAction":[{"@type":"ReadAction","target":["https:\/\/charleroi-pourlapalestine.be\/index.php\/2020\/07\/21\/leurope-opte-pour-le-pipe-line-eastmed-le-projet-israelien-controverse\/"]}]},{"@type":"ImageObject","inLanguage":"fr-FR","@id":"https:\/\/charleroi-pourlapalestine.be\/index.php\/2020\/07\/21\/leurope-opte-pour-le-pipe-line-eastmed-le-projet-israelien-controverse\/#primaryimage","url":"https:\/\/charleroi-pourlapalestine.be\/wp-content\/uploads\/2020\/07\/EastMed-e1595333958462.jpg","contentUrl":"https:\/\/charleroi-pourlapalestine.be\/wp-content\/uploads\/2020\/07\/EastMed-e1595333958462.jpg","width":632,"height":320},{"@type":"BreadcrumbList","@id":"https:\/\/charleroi-pourlapalestine.be\/index.php\/2020\/07\/21\/leurope-opte-pour-le-pipe-line-eastmed-le-projet-israelien-controverse\/#breadcrumb","itemListElement":[{"@type":"ListItem","position":1,"name":"Accueil","item":"https:\/\/charleroi-pourlapalestine.be\/"},{"@type":"ListItem","position":2,"name":"L&#8217;Europe opte pour le pipe-line EastMed, le projet isra\u00e9lien controvers\u00e9"}]},{"@type":"WebSite","@id":"https:\/\/charleroi-pourlapalestine.be\/#website","url":"https:\/\/charleroi-pourlapalestine.be\/","name":"Charleroi Pour la Palestine","description":"","publisher":{"@id":"https:\/\/charleroi-pourlapalestine.be\/#organization"},"potentialAction":[{"@type":"SearchAction","target":{"@type":"EntryPoint","urlTemplate":"https:\/\/charleroi-pourlapalestine.be\/?s={search_term_string}"},"query-input":{"@type":"PropertyValueSpecification","valueRequired":true,"valueName":"search_term_string"}}],"inLanguage":"fr-FR"},{"@type":"Organization","@id":"https:\/\/charleroi-pourlapalestine.be\/#organization","name":"Plate-forme Charleroi-Palestine","url":"https:\/\/charleroi-pourlapalestine.be\/","logo":{"@type":"ImageObject","inLanguage":"fr-FR","@id":"https:\/\/charleroi-pourlapalestine.be\/#\/schema\/logo\/image\/","url":"https:\/\/charleroi-pourlapalestine.be\/wp-content\/uploads\/2020\/01\/logo-Copy.jpg","contentUrl":"https:\/\/charleroi-pourlapalestine.be\/wp-content\/uploads\/2020\/01\/logo-Copy.jpg","width":180,"height":180,"caption":"Plate-forme Charleroi-Palestine"},"image":{"@id":"https:\/\/charleroi-pourlapalestine.be\/#\/schema\/logo\/image\/"},"sameAs":["https:\/\/www.facebook.com\/PlateformeCharleroiPalestine\/","https:\/\/x.com\/LaCharleroi"]},{"@type":"Person","@id":"https:\/\/charleroi-pourlapalestine.be\/#\/schema\/person\/c19ff515112f1299d8c12671d8fe3faa","name":"admin1873","url":"https:\/\/charleroi-pourlapalestine.be\/index.php\/author\/admin1873\/"}]}},"_links":{"self":[{"href":"https:\/\/charleroi-pourlapalestine.be\/index.php\/wp-json\/wp\/v2\/posts\/14902","targetHints":{"allow":["GET"]}}],"collection":[{"href":"https:\/\/charleroi-pourlapalestine.be\/index.php\/wp-json\/wp\/v2\/posts"}],"about":[{"href":"https:\/\/charleroi-pourlapalestine.be\/index.php\/wp-json\/wp\/v2\/types\/post"}],"author":[{"embeddable":true,"href":"https:\/\/charleroi-pourlapalestine.be\/index.php\/wp-json\/wp\/v2\/users\/1"}],"replies":[{"embeddable":true,"href":"https:\/\/charleroi-pourlapalestine.be\/index.php\/wp-json\/wp\/v2\/comments?post=14902"}],"version-history":[{"count":0,"href":"https:\/\/charleroi-pourlapalestine.be\/index.php\/wp-json\/wp\/v2\/posts\/14902\/revisions"}],"wp:featuredmedia":[{"embeddable":true,"href":"https:\/\/charleroi-pourlapalestine.be\/index.php\/wp-json\/wp\/v2\/media\/15374"}],"wp:attachment":[{"href":"https:\/\/charleroi-pourlapalestine.be\/index.php\/wp-json\/wp\/v2\/media?parent=14902"}],"wp:term":[{"taxonomy":"category","embeddable":true,"href":"https:\/\/charleroi-pourlapalestine.be\/index.php\/wp-json\/wp\/v2\/categories?post=14902"},{"taxonomy":"post_tag","embeddable":true,"href":"https:\/\/charleroi-pourlapalestine.be\/index.php\/wp-json\/wp\/v2\/tags?post=14902"}],"curies":[{"name":"wp","href":"https:\/\/api.w.org\/{rel}","templated":true}]}}