{"id":15205,"date":"2020-07-15T02:39:29","date_gmt":"2020-07-15T00:39:29","guid":{"rendered":"https:\/\/charleroi-pourlapalestine.be\/?p=15205"},"modified":"2020-07-15T02:40:24","modified_gmt":"2020-07-15T00:40:24","slug":"le-groupe-stern-et-les-lettres-explosives-de-betty","status":"publish","type":"post","link":"https:\/\/charleroi-pourlapalestine.be\/index.php\/2020\/07\/15\/le-groupe-stern-et-les-lettres-explosives-de-betty\/","title":{"rendered":"Le groupe Stern et les lettres explosives de Betty"},"content":{"rendered":"<p>Dans le pr\u00e9ambule de la cr\u00e9ation de l\u2019Etat d\u2019Isra\u00ebl, en 1948, la Belgique fut elle aussi confront\u00e9e aux prolongements d\u2019une campagne de terreur men\u00e9e par le groupe Stern contre la Grande-Bretagne.&nbsp; A l\u2019\u00e9poque, les Britanniques exer\u00e7aient toujours un mandat sur la Palestine, et ce, au nom des Nations unies.<strong> Le groupe Stern (appel\u00e9 \u00e9galement le Lehi) \u00e9tait la plus petite et la plus dangereuse des organisations terroristes sionistes.<\/strong><\/p>\n<div id=\"attachment_15209\" style=\"width: 311px\" class=\"wp-caption aligncenter\"><img loading=\"lazy\" decoding=\"async\" aria-describedby=\"caption-attachment-15209\" class=\"wp-image-15209 size-full\" src=\"https:\/\/charleroi-pourlapalestine.be\/wp-content\/uploads\/2020\/07\/Palestine_Police_Force_Wanted_List_Lehi-e1594737124418.jpg\" alt=\"Avis de recherche de la Palestine Police Force concernant des membres du Lehi (ou le groupe Stern) avec, \u00e0 gauche, Yaacov Levstein. (Photo : Palestine Police Force)\" width=\"301\" height=\"320\"><p id=\"caption-attachment-15209\" class=\"wp-caption-text\">Avis de recherche de la Palestine Police Force concernant des membres du Lehi (ou groupe Stern) avec, \u00e0 gauche, Yaacov Levstein. (Photo : Palestine Police Force)<\/p><\/div>\n<p><strong>Georges Timmerman<\/strong>, 9 juillet 2020<\/p>\n<p>Le lundi 2 juin 1947 \u00e0 cinq heures du matin, le rapide Paris-Amsterdam s\u2019arr\u00eata \u00e0 la gare frontali\u00e8re d\u2019Aulnois, un village hennuyer, pour ce qui avait l\u2019air d\u2019un contr\u00f4le de routine effectu\u00e9 par la douane belge. Les quatre cents voyageurs et plus durent descendre du train.<\/p>\n<p>Sur le quai, une jeune femme fut fouill\u00e9e superficiellement par une employ\u00e9e de la douane, puis escort\u00e9e jusqu\u2019\u00e0 un local o\u00f9 elle dut se d\u00e9shabiller. Dans son corset se trouvaient quatorze petits paquets de la taille d\u2019un \u00e9tui \u00e0 cigarettes. Chacun contenait 75 grammes de dynamite, soit en tout un peu plus d\u2019un kilogramme d\u2019explosifs.&nbsp;<\/p>\n<p>Entre-temps, la gendarmerie avait mis le grappin sur un autre voyageur, qui tentait de se d\u00e9rober avec une grande valise. Apr\u00e8s un examen plus minutieux, il s\u2019av\u00e9ra que la valise appartenait \u00e9galement \u00e0 la jeune femme, elle \u00e9tait bourr\u00e9e de linges et pourvue d\u2019un double fond o\u00f9 \u00e9taient dissimul\u00e9es quatorze petites batteries, sept d\u00e9tonateurs et une petite minuterie, ainsi que six enveloppes brun jaune de vingt centim\u00e8tres sur quinze, adress\u00e9es \u00e0 six g\u00e9n\u00e9raux et hauts fonctionnaires britanniques de Palestine, \u00e0 l\u2019\u00e9poque encore r\u00e9gion sous mandat.<\/p>\n<p>Une enveloppe fut ouverte. Une charge explosive apparut, reli\u00e9e par des fils \u00e0 une petite batterie. Les lettres \u00e9taient entre autres adress\u00e9es au g\u00e9n\u00e9ral Miles Dempsey (commandant des troupes britanniques au Moyen-Orient), \u00e0 Alan Cunningham (haut-commissaire pour la Palestine) et \u00e0 John Shaw (gouverneur de Trinidad, ancien secr\u00e9taire du gouvernement palestinien et, plus tard, haut responsable des services secrets britanniques du MI5).<\/p>\n<div id=\"attachment_15211\" style=\"width: 169px\" class=\"wp-caption alignleft\"><img loading=\"lazy\" decoding=\"async\" aria-describedby=\"caption-attachment-15211\" class=\"wp-image-15211 size-medium\" src=\"https:\/\/charleroi-pourlapalestine.be\/wp-content\/uploads\/2020\/07\/knouth-1948-159x300.jpg\" alt=\"Betty Knouth. (Photo : CC BY-SA 3.0 Daily Express)\" width=\"159\" height=\"300\"><p id=\"caption-attachment-15211\" class=\"wp-caption-text\">Betty Knouth. (Photo : CC BY-SA 3.0 Daily Express)<\/p><\/div>\n<p>D\u2019apr\u00e8s ses papiers d\u2019identit\u00e9, la jeune femme s\u2019appelait Gilberte Elisabeth Lazarus, avait 21 ans et \u00e9tait de nationalit\u00e9 fran\u00e7aise. Le passeport de l\u2019homme avait \u00e9t\u00e9 \u00e9tabli au nom de Jacob Albert Eliav, 29 ans, n\u00e9 en Russie et domicili\u00e9 \u00e0 Paris.<\/p>\n<p>Interrog\u00e9e sur ce qu\u2019on avait trouv\u00e9 dans le double fond de sa valise, Gilberte expliqua qu\u2019il s\u2019agissait de lettres pi\u00e9g\u00e9es. Elle refusa d\u2019expliquer comment fonctionnait le m\u00e9canisme mais<em> \u00ab&nbsp;proposa de faire exploser l\u2019une des lettres en notre pr\u00e9sence&nbsp;\u00bb,<\/em> nota un gendarme effray\u00e9. Les deux voyageurs furent arr\u00eat\u00e9s.<\/p>\n<p>Manifestement, il ne s\u2019agissait pas d\u2019un contr\u00f4le de routine, mais d\u2019une op\u00e9ration cibl\u00e9e r\u00e9sultant d\u2019un tuyau en provenance des services secrets belges. Dans la chasse aux terroristes sionistes, la S\u00fbret\u00e9 belge de l\u2019Etat collaborait intensivement avec le MI5 britannique.&nbsp;<\/p>\n<p>L\u2019histoire selon laquelle les deux personnes arr\u00eat\u00e9es \u00e9taient li\u00e9es n\u2019avait pas l\u2019air des plus cr\u00e9dibles. Toutes deux \u00e9taient pr\u00e9tendument mont\u00e9es dans le train chacune de son c\u00f4t\u00e9, la veille \u00e0 dix heures du soir, \u00e0 la gare du Nord, \u00e0 Paris. Elles ne se connaissaient auparavant, dirent-elles, mais s\u2019\u00e9taient par hasard adress\u00e9 la parole en cours de voyage. Tous deux \u00e9taient juifs et parlaient russe. La conversation porta sur la Palestine.<\/p>\n<p>A un moment donn\u00e9, juste avant de franchir la fronti\u00e8re, Gilberte avait \u00f4t\u00e9 sa petite veste parce qu\u2019elle commen\u00e7ait \u00e0 avoir trop chaud. Un petit paquet \u00e9tait alors tomb\u00e9 sur le sol et Jacob l\u2019avait ramass\u00e9. Puisque Gilberte n\u2019avait pas place pour le dissimuler, elle lui avait demand\u00e9 de le garder sur lui et de lui rendre plus tard. Il l\u2019avait fourr\u00e9 dans sa mallette, mais il fut d\u00e9couvert un peu plus tard par les gendarmes. C\u2019\u00e9tait une pile pour une lettre pi\u00e9g\u00e9e. Au moment de descendre, le jeune homme lui avait propos\u00e9 de porter sa valise et c\u2019\u00e9tait la raison pour laquelle il l\u2019avait avec lui.<\/p>\n<h3>Une intelligence sup\u00e9rieure<\/h3>\n<p>Gilberte reconnut sans difficult\u00e9 qu\u2019elle travaillait pour le groupe Stern&nbsp;:<\/p>\n<p><em>\u00ab&nbsp;Il y a un an environ, j\u2019ai \u00e9t\u00e9 recrut\u00e9e \u00e0 Boulogne&nbsp;\u00bb<\/em>, expliqua-t-elle.<\/p>\n<blockquote><p>\u00ab&nbsp;J\u2019ai re\u00e7u un coup de fil de quelqu\u2019un qui est rest\u00e9 anonyme, mais qui m\u2019a fait comprendre qu\u2019il travaillait pour une organisation juive de r\u00e9sistance. Nous avons fix\u00e9 un rendez-vous au Caf\u00e9 de la Paix, place de l\u2019Op\u00e9ra, \u00e0 Paris. L\u2019homme s\u2019appelait Albert, mais c\u2019\u00e9tait un de ses noms de guerre. Albert m\u2019a propos\u00e9 de devenir membre du groupe Stern, dont le but principal est de lib\u00e9rer la Palestine de l\u2019occupant britannique. Il m\u2019a confi\u00e9 que je recevrais des missions qui pourraient \u00eatre dangereuses et j\u2019ai compris qu\u2019il s\u2019agissait de transporter des armes et des explosifs destin\u00e9s \u00e0 la lutte contre l\u2019imp\u00e9rialisme britannique. &nbsp;<\/p>\n<p>\u00ab&nbsp;J\u2019ai transport\u00e9 des armes de guerre, des grenades, des explosifs, des mitraillettes, surtout en France. Les marchandises m\u2019\u00e9taient livr\u00e9es par un monsieur juif que je connais tr\u00e8s bien et dont je ne veux pas citer le nom. Quand j\u2019assure un transport, je ne sais g\u00e9n\u00e9ralement pas ce qu\u2019il y a dans les valises. C\u2019est \u00e9galement le cas aujourd\u2019hui, je ne savais absolument pas que je transportais des enveloppes. Je ne sais pas non plus si les adresses qui y figurent sont bien celles des destinataires. Je ne sais pas non plus o\u00f9 et comment ces enveloppes devaient \u00eatre post\u00e9es. Je vous assure que c\u2019est la premi\u00e8re fois que j\u2019effectue un tel voyage en Belgique.&nbsp;\u00bb &nbsp;<\/p><\/blockquote>\n<p>Jacob par contre joua l\u2019innocence bafou\u00e9e. Il d\u00e9clara \u00eatre venu en Belgique pour y chercher du travail et peut-\u00eatre gagner assez pour pouvoir passer en Am\u00e9rique.<\/p>\n<blockquote><p>\u00ab&nbsp;Je ne savais pas que cette fille \u00e9tait membre d\u2019une organisation terroriste et qu\u2019elle avait sur elle des explosifs et des d\u00e9tonateurs&nbsp;\u00bb, pr\u00e9tendit-il. \u00ab&nbsp;Moi-m\u00eame je ne suis membre d\u2019aucun de ces groupes terroristes juifs, ni de l\u2019Irgoun, ni de Stern. Je vous assure que j\u2019ai \u00e9t\u00e9 na\u00eff, dans cette affaire. Je ne m\u2019occupe pas de choses comme l\u2019\u00e9migration vers la Palestine.&nbsp;\u00bb<\/p><\/blockquote>\n<p>Gilberte put le confirmer&nbsp;:<\/p>\n<blockquote><p>\u00ab&nbsp;Je vous assure que monsieur Eliav n\u2019a rien \u00e0 voir avec cette affaire et qu\u2019il n\u2019y a \u00e9t\u00e9 impliqu\u00e9 que suite \u00e0 des circonstances extraordinaires, dues au hasard, sans rien savoir du travail que j\u2019effectuais.&nbsp;\u00bb<\/p><\/blockquote>\n<p><em>\u00ab&nbsp;Lazarus est une femme d\u2019une intelligence sup\u00e9rieure&nbsp;\u00bb<\/em>, \u00e9crivit la gendarmerie dans le proc\u00e8s-verbal de son arrestation.<\/p>\n<blockquote><p>\u00ab&nbsp;Elle dit qu\u2019elle est \u00e9crivain, que, pendant la guerre, elle a \u00e9t\u00e9 membre de la r\u00e9sistance en France, qu\u2019elle a envahi l\u2019Allemagne avec les troupes fran\u00e7aises. Elle ma\u00eetrise parfaitement le fran\u00e7ais et le russe et conna\u00eet assez bien l\u2019anglais. D\u2019apr\u00e8s son passeport, entre le 10 et le 15 avril 1947, elle a fait un voyage en Grande-Bretagne. Par contre, Jacob Eliav parle difficilement le fran\u00e7ais et il ne semble pas qu\u2019il ait fait gu\u00e8re plus que de l\u2019aider.&nbsp;\u00bb<\/p><\/blockquote>\n<p>Les deux avaient des billets de train pour Anvers. D\u2019apr\u00e8s une source, ils \u00e9taient en route pour Bruxelles, dans l\u2019intention d\u2019y faire sauter l\u2019ambassade du Royaume-Uni. D\u2019autres sources ont affirm\u00e9 qu\u2019ils voulaient commettre des attentats \u00e0 Anvers, sur des navires de guerre qui y \u00e9taient amarr\u00e9s. Ces navires b\u00e9n\u00e9fici\u00e8rent d\u2019une surveillance polici\u00e8re accrue.<\/p>\n<p><em>\u00ab&nbsp;Tous deux refusent opini\u00e2trement d\u2019expliquer o\u00f9 ils voulaient se rendre en Belgique&nbsp;\u00bb<\/em>, consigna la gendarmerie.<\/p>\n<blockquote><p>\u00ab&nbsp;Manifestement, ces personnes se rendaient \u00e0 Anvers, ou \u00e0 Amsterdam, vu que le train dans lequel ils avaient pris place poursuivait sa route jusqu\u2019Amsterdam.&nbsp;\u00bb<\/p><\/blockquote>\n<h3>La femme de charge<\/h3>\n<p>Il fallut quelques semaines avant que la justice belge ne puisse v\u00e9rifier l\u2019identit\u00e9 des deux voyageurs ferroviaires arr\u00eat\u00e9s. Des photos de Gilberte Lazarus furent envoy\u00e9es \u00e0 Paris par avion. Il s\u2019av\u00e9ra qu\u2019elle s\u2019appelait en r\u00e9alit\u00e9 Elizabeth <em>\u00ab&nbsp;Betty&nbsp;\u00bb<\/em> Knouth.<\/p>\n<p>En France, elle \u00e9tait connue par la police et le service de renseignement de la Direction de la Surveillance du Territoire (DST). Elle avait d\u00e9j\u00e0 \u00e9t\u00e9 arr\u00eat\u00e9e en raison de ses plans pr\u00e9voyant de larguer des tracts sur Londres par avion et de commettre un attentat \u00e0 la bombe contre le parlement britannique.<\/p>\n<p>Betty Knouth \u00e9tait la fille d\u2019Arianne Scriabine, une Russe en provenance de la noblesse, fille elle-m\u00eame du c\u00e9l\u00e8bre compositeur Alexandre Scriabine et ni\u00e8ce de Viatcheslav Molotov, le ministre sovi\u00e9tique des Affaires \u00e9trang\u00e8res. Apr\u00e8s son premier mariage avec le p\u00e8re de Betty, elle s\u2019\u00e9tait convertie au juda\u00efsme, avait \u00e9pous\u00e9 le po\u00e8te juif David Knouth et \u00e9tait devenue une sioniste fanatique.<\/p>\n<p>Betty Knouth avait d\u00e9but\u00e9 sa carri\u00e8re comme combattante de la r\u00e9sistance contre les occupants nazis au tout jeune \u00e2ge de quatorze ans, en tant que courrier pour une cellule clandestine dirig\u00e9e par ses parents. En 1944, sa m\u00e8re fut abattue par les Allemands. Apr\u00e8s le d\u00e9barquement des alli\u00e9s en Normandie, Betty, 16 ans, devint correspondante de guerre et fut bless\u00e9e au cours des combats.<\/p>\n<p>Apr\u00e8s la guerre, on lui demanda de devenir membre aussi bien de la Haganah et de l\u2019Irgoun que du groupe Stern, trois organisations paramilitaires sionistes. \u00ab&nbsp;J\u2019ai opt\u00e9 pour le groupe Stern, qui me semblait le meilleur des trois&nbsp;\u00bb, expliqua-t-elle.<\/p>\n<p>Les empreintes digitales de Jacob Eliav furent envoy\u00e9es \u00e0 Londres, o\u00f9 elles furent reconnues comme celle de Yaacov Levstein, le fabricant de bombes et commandant op\u00e9rationnel du groupe Stern en Europe. Il \u00e9tait donc tout sauf un assistant innocent et na\u00eff, mais un terroriste des plus aguerris.<\/p>\n<blockquote><p>\u00ab&nbsp;Levstein \u00e9tait d\u00e9j\u00e0 un terroriste du groupe Stern durant la Seconde Guerre mondiale et il fut estim\u00e9 responsable de la mort de nombre de policiers en Palestine et d\u2019une tentative d\u2019assassinat avort\u00e9e contre le haut-commissaire de Palestine&nbsp;\u00bb,<\/p><\/blockquote>\n<p>\u00e9crivait l\u2019historien britannique Christopher Andrew.<\/p>\n<blockquote><p>\u00ab&nbsp;En 1942, il fut condamn\u00e9 \u00e0 la prison \u00e0 vie en Palestine (la peine fut ramen\u00e9e plus tard \u00e0 dix ans) mais, apr\u00e8s huit mois, il s\u2019\u00e9vada de sa prison.&nbsp;\u00bb<\/p><\/blockquote>\n<p>En 1946, \u00e0 Paris, Levstein avait \u00e9galement organis\u00e9 un attentat \u00e0 la voiture pi\u00e9g\u00e9e \u2013 avort\u00e9 \u2013 contre <strong>Haj Amin Al-Husseini<\/strong>, le grand mufti de J\u00e9rusalem, un dirigeant palestinien qui, durant la guerre, avait collabor\u00e9 avec les nazis. Le nomm\u00e9 <em>\u00ab&nbsp;Albert&nbsp;\u00bb<\/em> qui avait recrut\u00e9 Knouth \u00e9tait peut-\u00eatre bien Levstein lui-m\u00eame.<\/p>\n<p>Quelques semaines \u00e0 peine avant leur arrestation en Belgique, Knouth et Levstein avaient encore collabor\u00e9 \u00e0 Londres, dans une tentative de faire sauter le Colonial Office \u00e0 Whitehall. C\u2019\u00e9tait le minist\u00e8re qui avait sous tutelle le territoire mandataire de Palestine.<\/p>\n<p>Knouth arriva en Grande-Bretagne avec le bateau et put franchir sans entrave la douane \u00e0 Douvres avec trois kilogrammes d\u2019explosifs. Elle avait assembl\u00e9 la bombe elle-m\u00eame dans un h\u00f4tel de Londres. Avec la minuterie r\u00e9gl\u00e9e pour d\u00e9clencher l\u2019explosion quelques minutes plus tard et mise sur son trente-et-un \u2013 il y avait justement une parade de la Horse Guard \u2013 elle prit la direction du Colonial Office et, sur place, demanda d\u2019un air ang\u00e9lique aux gardes si elle pouvait se rendre aux toilettes. Avec un peu d\u2019insistance, elle finit par pouvoir entrer.<\/p>\n<p>L\u2019attentat \u00e9choua&nbsp;: le m\u00e9canisme ne fonctionna pas. Avant l\u2019heure, une femme de charge d\u00e9couvrit la bombe dans les toilettes des dames et, sans s\u2019en rendre compte elle-m\u00eame, elle rendit la bombe inoffensive&nbsp;: En \u00f4tant le papier qui emballait l\u2019engin, elle arracha le fil qui reliait le d\u00e9tonateur et la charge d\u2019explosifs.<\/p>\n<blockquote><p>\u00ab&nbsp;On trouva les empreintes digitales de Levstein sur le m\u00e9canisme d\u2019horlogerie de la bombe qui n\u2019avait pas explos\u00e9 et qui fut d\u00e9couverte le 15 avril au Colonial Office, \u00e0 Londres&nbsp;\u00bb,<\/p><\/blockquote>\n<p>\u00e9crivit l\u2019historien Andrew.<\/p>\n<blockquote><p>\u00ab&nbsp;Le Security Service (MI5) croyait toutefois que cette bombe avait \u00e9t\u00e9 pos\u00e9e par Betty Knouth. Elle correspondait au signalement d\u2019une jeune dame attrayante qui avait \u00e9t\u00e9 vue dans le voisinage du Colonial Office. Elle portait alors un sac \u00e0 main caract\u00e9ristique en cuir bleu, qu\u2019elle avait encore sur elle quand elle avait \u00e9t\u00e9 arr\u00eat\u00e9e en Belgique. Knouth reconnut qu\u2019elle \u00e9tait arriv\u00e9e \u00e0 Londres le 11 avril et qu\u2019elle en \u00e9tait repartie le 15.&nbsp;\u00bb<\/p><\/blockquote>\n<h3>Assassinats<\/h3>\n<p>Ce n\u2019est qu\u2019au surlendemain de l\u2019arrestation de Knouth et de Levstein \u00e0 la fronti\u00e8re belge que la campagne de lettres pi\u00e9g\u00e9es du groupe Stern d\u00e9buta s\u00e9rieusement. Le 4 juin, \u00e0 partir de la ville italienne de Turin, deux autres membres de Stern envoy\u00e8rent au moins 21 lettres pi\u00e9g\u00e9es potentiellement mortelles \u00e0 des hommes politiques britanniques de premier plan.<\/p>\n<div id=\"attachment_15213\" style=\"width: 647px\" class=\"wp-caption aligncenter\"><img loading=\"lazy\" decoding=\"async\" aria-describedby=\"caption-attachment-15213\" class=\"wp-image-15213 size-full\" src=\"https:\/\/charleroi-pourlapalestine.be\/wp-content\/uploads\/2020\/07\/brief-arrestaties-637x762-1.png\" alt=\"\" width=\"637\" height=\"762\" srcset=\"https:\/\/charleroi-pourlapalestine.be\/wp-content\/uploads\/2020\/07\/brief-arrestaties-637x762-1.png 637w, https:\/\/charleroi-pourlapalestine.be\/wp-content\/uploads\/2020\/07\/brief-arrestaties-637x762-1-251x300.png 251w\" sizes=\"auto, (max-width: 637px) 100vw, 637px\" \/><p id=\"caption-attachment-15213\" class=\"wp-caption-text\">Une lettre concernant des arrestations<\/p><\/div>\n<p>Les lettres \u00e9taient adress\u00e9es, entre autres, au Premier ministre Clement Attlee, \u00e0 l\u2019ancien Premier ministre Winston Churchill et au ministre des Affaires \u00e9trang\u00e8res Ernest Bevin. Certaines de ces lettres arriv\u00e8rent \u00e0 destination, mais n\u2019explos\u00e8rent pas. D\u2019autres furent intercept\u00e9es \u00e0 temps par Scotland Yard.<\/p>\n<p>Le ministre des Finances Stafford Cripps fut sauv\u00e9 par sa secr\u00e9taire vigilante, qui fit preuve de m\u00e9fiance parce qu\u2019il sortait de la fum\u00e9e de l\u2019enveloppe, et elle plongea \u00e0 temps la lettre dans un seau d\u2019eau. Anthony Eden, ancien ministre de l\u2019Int\u00e9rieur, passa toute la journ\u00e9e sans se douter de rien aux abords d\u2019une lettre pi\u00e9g\u00e9e qui se trouvait dans sa mallette.<\/p>\n<p>Le fait que les services belges de s\u00e9curit\u00e9 \u00e9taient compl\u00e8tement impliqu\u00e9s dans la protection des hommes politiques britanniques s\u2019est r\u00e9v\u00e9l\u00e9 par exemple quand, en avril 1947, le ministre Bevin traversa notre pays en train pour se rendre en France. La S\u00fbret\u00e9 de l\u2019Etat demanda alors \u00e0 la Police judiciaire de \u00ab&nbsp;se livrer \u00e0 des enqu\u00eates dans les milieux isra\u00e9lites qui seraient de tendances r\u00e9volutionnaires, afin de d\u00e9couvrir des organisations qui pourraient entrer en ligne de compte pour fomenter des complots contre l\u2019Etat britannique et ses repr\u00e9sentants&nbsp;\u00bb.<\/p>\n<p>De l\u2019enqu\u00eate, il apparut clairement, entre autres, que l\u2019Irgoun disposait d\u2019une section \u00e0 Anvers, <em>\u00ab&nbsp;laquelle avait pour t\u00e2che de fournir des armes et des effectifs destin\u00e9s \u00e0 la Palestine&nbsp;\u00bb.<\/em><\/p>\n<p>Le m\u00eame mois, un journaliste de la Gazet van Antwerpen re\u00e7ut un coup de fil anonyme de quelqu\u2019un qui se pr\u00e9senta comme <em>\u00ab&nbsp;un soldat de l\u2019Irgoun de passage en Belgique&nbsp;\u00bb<\/em>. L\u2019homme exigeait que le journal publie un communiqu\u00e9 comportant une menace d\u2019attentat \u00e0 la bombe contre l\u2019ambassade du Royaume-Uni \u00e0 Bruxelles, contre le consulat britannique \u00e0 Anvers ainsi que contre d\u2019autres b\u00e2timents officiels britanniques. Ces adresses elles aussi b\u00e9n\u00e9fici\u00e8rent d\u2019une surveillance polici\u00e8re accrue.<\/p>\n<p>Le 18 mai 1947, le procureur d\u2019Anvers apprit que<\/p>\n<blockquote><p>\u00ab&nbsp;les services comp\u00e9tents anglais avaient d\u00e9termin\u00e9 que, dans un laps de temps tr\u00e8s court, les organisations terroristes juives allaient se livrer \u00e0 des attentats \u00e0 Bruxelles, Gand, Anvers et Li\u00e8ge, et ce, tant contre des vies humaines anglaises que contre des propri\u00e9t\u00e9s anglaises&nbsp;\u00bb. &nbsp;<\/p><\/blockquote>\n<p><strong>Le groupe de Knouth fut consid\u00e9r\u00e9 comme l\u2019organisation sioniste la plus dangereuse<\/strong>. Officiellement, elle s\u2019appelait le <strong>Lehi<\/strong> (Lohamei Herut Jisra\u00ebel, Combattants pour la libert\u00e9 d\u2019Isra\u00ebl), mais les Britanniques utilisaient le nom <strong><em>\u00ab&nbsp;Stern Gang&nbsp;\u00bb<\/em> (groupe Stern)<\/strong>, d\u2019apr\u00e8s le nom de son fondateur, Avraham Stern, qui, apr\u00e8s son arrestation, fut abattu et tu\u00e9 par un policier britannique.<\/p>\n<p>En huit ann\u00e9es d\u2019existence, de 1940 \u00e0 1948, le groupe avait commis 42 assassinats, soit le double de l\u2019Irgoun et de la Haganah mis ensemble. Leur fait d\u2019armes le plus spectaculaire fut l\u2019assassinat de Walter Edward Guinness, \u00e9galement connu sous le nom de lord Moyne, le ministre r\u00e9sident britannique pour le Moyen-Orient. Lui et son chauffeur furent abattus au Caire, le 6 novembre 1944, par deux membres du groupe Stern.<\/p>\n<p>Dans les premi\u00e8res ann\u00e9es qui suivirent la guerre mondiale, le service de renseignement britannique MI5 consid\u00e9rait<strong> les groupes terroristes sionistes comme la toute premi\u00e8re priorit\u00e9<\/strong>, plus importante encore que la menace communiste et l\u2019Union sovi\u00e9tique.<\/p>\n<p>Selon certains historiens, <strong>le groupe Stern \u00e9tait une scission<em> \u00ab&nbsp;quasi fasciste&nbsp;\u00bb<\/em> de l\u2019Irgoun<\/strong> qui, \u00e0 son tour \u00e9tait un groupe dissident d\u2019extr\u00eame droite de la <strong>Haganah,<\/strong> de <em>\u00ab\u00a0gauche\u00a0\u00bb.<\/em> Le groupe Stern ne comptait gu\u00e8re plus de quelques centaines de membres et il \u00e9tait le plus petit, mais le plus radical des trois.<\/p>\n<p>Tous les groupes sionistes arm\u00e9s travaillaient ensemble jusqu\u2019\u00e0 un certain point et ils avaient le m\u00eame but&nbsp;: mettre un terme au mandat britannique sur la Palestine, lever les limitations britanniques \u00e0 l\u2019immigration juive en Palestine et <strong>arracher la cr\u00e9ation d\u2019un Etat juif<\/strong>. Vu sous cet angle, les groupes terroristes sionistes \u00e9taient particuli\u00e8rement efficaces, car tous ces objectifs furent r\u00e9alis\u00e9s en peu de temps.<\/p>\n<h3>La derni\u00e8re chance<\/h3>\n<p>La justice belge travailla \u00e9tonnamment vite et se montra en m\u00eame temps remarquablement peu s\u00e9v\u00e8re&nbsp;: en 1947, Knouth fut condamn\u00e9e \u00e0 un an d\u2019emprisonnement, Levstein ne re\u00e7ut que huit mois. Apr\u00e8s sa lib\u00e9ration, Knouth retourna en France o\u00f9, vu son statut d\u2019ancienne combattante de la r\u00e9sistance, elle \u00e9tait toujours la bienvenue.<\/p>\n<p>Toutefois, les autorit\u00e9s fran\u00e7aises rest\u00e8rent sur leurs gardes&nbsp;: Quand la reine d\u2019Angleterre Elisabeth se rendit en visite officielle en France, la police fran\u00e7aise pria Knouth avec insistance de prendre quelques br\u00e8ves vacances \u00e0 la Riviera, jusqu\u2019\u00e0 ce que la visite royale f\u00fbt termin\u00e9e.<\/p>\n<p>Apr\u00e8s la proclamation de l\u2019Etat d\u2019Isra\u00ebl le 14 mai 1948 et la guerre qui s\u2019ensuivit contre les pays arabes, Knouth alla travailler en Isra\u00ebl comme correspondante de guerre pour un journal fran\u00e7ais. Peu apr\u00e8s, le groupe Stern fut officiellement dissous, ses membres furent r\u00e9incorpor\u00e9s dans l\u2019arm\u00e9e isra\u00e9lienne et les dirigeants de l\u2019organisation terroriste furent amnisti\u00e9s de leurs crimes et m\u00e9faits.<\/p>\n<div id=\"attachment_15215\" style=\"width: 225px\" class=\"wp-caption alignright\"><img loading=\"lazy\" decoding=\"async\" aria-describedby=\"caption-attachment-15215\" class=\"wp-image-15215 size-medium\" src=\"https:\/\/charleroi-pourlapalestine.be\/wp-content\/uploads\/2020\/07\/Knout-637x888-1-215x300.jpg\" alt=\"Article du Daily Express\" width=\"215\" height=\"300\"><p id=\"caption-attachment-15215\" class=\"wp-caption-text\">Article du Daily Express<\/p><\/div>\n<p>Malgr\u00e9 cette dissolution officielle, Stern r\u00e9ussit encore un gros coup&nbsp;: <strong>l\u2019assassinat du diplomate su\u00e9dois des Nations unies, le comte Folke Bernadotte et son assistant fran\u00e7ais le colonel Andr\u00e9 Serot<\/strong>, le 17 septembre 1948, \u00e0 J\u00e9rusalem. L\u2019ONU avait envoy\u00e9 Bernadotte en Palestine comme m\u00e9diateur sp\u00e9cial afin d\u2019\u00e9laborer un plan de paix. <strong>Son assassinat fut approuv\u00e9 par Yitzhak Shamir, l\u2019un des dirigeants de Stern. Plus tard, Shamir allait devenir Premier ministre d\u2019Isra\u00ebl.<\/strong><\/p>\n<p>Pour le Premier ministre de l\u2019\u00e9poque, David Ben-Gourion, l\u2019assassinat de Bernadotte fut l\u2019occasion de dissoudre d\u00e9finitivement le groupe Stern. Il s\u2019ensuivit des centaines d\u2019arrestations et, dans le cadre de l\u2019enqu\u00eate sur l\u2019assassinat, Betty Knouth fut elle aussi bri\u00e8vement arr\u00eat\u00e9e. Officiellement, les auteurs ne furent jamais d\u00e9couverts, bien que leurs noms, entre-temps, eussent \u00e9t\u00e9 r\u00e9v\u00e9l\u00e9s dans les m\u00e9dias.<\/p>\n<p>D\u00e8s qu\u2019elle fut remise en libert\u00e9, Knouth annon\u00e7a qu\u2019elle se retirait de ses activit\u00e9s ill\u00e9gales et qu\u2019elle disait adieu \u00e0 ses ann\u00e9es aventureuses. Pour la circonstance, le groupe Stern organisa une conf\u00e9rence de presse le 25 ao\u00fbt 1948 \u00e0 Tel-Aviv, et elle y alla encore de quelques phrases assez color\u00e9es.<\/p>\n<blockquote><p>\u00ab&nbsp;Si j\u2019ai envoy\u00e9 des lettres pi\u00e9g\u00e9es&nbsp;? H\u00e9las, la police belge m\u2019a attrap\u00e9e avant que j\u2019en aie l\u2019occasion. Les lettres pi\u00e9g\u00e9es sont la marque de fabrique du groupe Stern, vous savez. Les experts belges ont dit qu\u2019elles \u00e9taient mortelles. Je regrette que pas une seule d\u2019entre elles ne soit arriv\u00e9e \u00e0 destination.&nbsp;\u00bb<\/p><\/blockquote>\n<p>Quand on lui demanda si elle avait quelque chose \u00e0 voir dans l\u2019attentat \u00e0 la bombe contre le Colonial Office, Knouth r\u00e9pondit&nbsp;:<\/p>\n<blockquote><p>\u00ab&nbsp;Scotland Yard peut vous donner des d\u00e9tails tr\u00e8s pr\u00e9cis, l\u00e0-dessus, mais je ne consid\u00e8re pas que le moment convient de parler de ce sujet. Nous sommes toujours en guerre avec la Grande-Bretagne. Mais ma p\u00e9riode terroriste est d\u00e9sormais r\u00e9volue.&nbsp;\u00bb<\/p><\/blockquote>\n<p>En 1951, Knouth ouvrit une bo\u00eete de nuit \u00e0 Beer Sheva, dot\u00e9e d\u2019un nom charg\u00e9 de toute une symbolique, <em>\u00ab&nbsp;La Derni\u00e8re Chance&nbsp;\u00bb.<\/em> Elle mourut en 1965, \u00e0 37 ans, d\u2019une crise cardiaque.<\/p>\n<p><strong>Sources<\/strong><\/p>\n<p>* Rijksarchief (Archives royales) Beveren, PK Antwerpen 2001 C, dossier 5365.<\/p>\n<p>* \u00ab&nbsp;The Defense of the Realm. The authorized history of MI5&nbsp;\u00bb (La d\u00e9fense du royaume. L\u2019histoire autoris\u00e9e du MI5), Christopher Andrew, Penguin Books, 2009.<\/p>\n<p>* \u00ab&nbsp;DST. Police secr\u00e8te&nbsp;\u00bb, Roger Faligot &amp; Pascal Krop, Flammarion, 1999.<\/p>\n<p>* \u00ab&nbsp;British Intelligence and the Mandate of Palestine: Threats to British National Security Immediately After the Second World War&nbsp;\u00bb (Les renseignements britanniques et le mandat de Palestine&nbsp;: Menaces contre la s\u00e9curit\u00e9 nationale britannique imm\u00e9diatement apr\u00e8s la Seconde Guerre mondiale), Calder Walton, Intelligence and National Security, Routledge, Taylor &amp; Francis, ao\u00fbt 2008.<\/p>\n<p>* <em>\u00ab&nbsp;Rise and kill first. The secret history of Israel\u2019s targeted assassinations&nbsp;\u00bb<\/em> (L\u00e8ve-toi et tue d\u2019abord. <em>Histoire secr\u00e8te des assassinats cibl\u00e9s d\u2019Isra\u00ebl<\/em>), Ronen Bergman, Random House, 2018.<\/p>\n<hr>\n<p>Publi\u00e9 le 9 juillet 2020 sur<a href=\"https:\/\/www.apache.be\/2020\/07\/09\/de-bombrieven-van-betty\/?sh=2dbc8b7e64d0a81fbeb33-790875359&amp;fbclid=IwAR331L4JHexKbmBelJjWIWuk_hds2OZE9mBQzkShxVUY_y18NIps0BxwzRs\" target=\"_blank\" rel=\"noopener noreferrer\"> Apache<\/a><br \/>\nTraduction : Jean-Marie Fl\u00e9mal<\/p>\n<p><strong>L\u2019auteur&nbsp;: Georges Timmerman<\/strong><\/p>\n<p><strong>Georges Timmerman<\/strong> a travaill\u00e9 pendant quinze ans en free-lance, entre autres, pour Knack, Trends, VRT-radio, Belgian Business Magazine et Markant. De 1992 \u00e0 2009, il a \u00e9t\u00e9 r\u00e9dacteur \u00e0 De Morgen. Il y \u00e9tait charg\u00e9 de l\u2019information \u00e9conomique, politique et g\u00e9n\u00e9rale. Georges est sp\u00e9cialis\u00e9 dans le journalisme d\u2019enqu\u00eate, les affaires de fraude et de corruption, le crime organis\u00e9 et les services de renseignement. A De Morgen, il a \u00e9t\u00e9 pr\u00e9sident du conseil de r\u00e9daction et il a dirig\u00e9 la d\u00e9l\u00e9gation du personnel lors du licenciement collectif, en 2009.<\/p>\n<p><strong>Les archives de Georges Timmerman<br \/>\n<\/strong><\/p>\n<p>Pendant 45 ans, le journaliste&nbsp;Georges Timmerman&nbsp;a collectionn\u00e9 coupures de presse, rapports, notes, proc\u00e8s-verbaux et autres documents. Il plonge dans ses archives et il en ressort des histoires oubli\u00e9es, laiss\u00e9es de c\u00f4t\u00e9, perdues, sans causalit\u00e9 directe ni lien avec l\u2019actualit\u00e9. Il s\u2019agit en quelque sorte d\u2019arch\u00e9ologie journalistique, un genre qui se situe dans le no man\u2019s land entre reportage et historiographie.<\/p>\n<p>Lisez \u00e9galement : <a href=\"https:\/\/charleroi-pourlapalestine.be\/index.php\/2019\/06\/13\/comment-le-terrorisme-a-cree-israel\/\">Thomas Suarez : Comment le terrorisme a cr\u00e9\u00e9 Isra\u00ebl<\/a><\/p>\n<p>&nbsp;<\/p>\n","protected":false},"excerpt":{"rendered":"<p>En 1948, la Belgique fut elle aussi confront\u00e9e \u00e0 la campagne de terreur men\u00e9e par le groupe Stern contre la Grande- Bretagne<\/p>\n","protected":false},"author":1,"featured_media":15209,"comment_status":"closed","ping_status":"closed","sticky":false,"template":"","format":"standard","meta":{"ngg_post_thumbnail":0,"footnotes":""},"categories":[64,42,382,532,38],"tags":[],"class_list":["post-15205","post","type-post","status-publish","format-standard","has-post-thumbnail","hentry","category-la-belgique","category-letat-juif","category-grande-bretagne","category-organisations-terroristes","category-le-sionisme"],"yoast_head":"<!-- This site is optimized with the Yoast SEO plugin v27.3 - https:\/\/yoast.com\/product\/yoast-seo-wordpress\/ -->\n<title>Le groupe Stern et les lettres explosives de Betty -<\/title>\n<meta name=\"description\" content=\"En 1948, la Belgique fut elle aussi confront\u00e9e \u00e0 la campagne de terreur men\u00e9e par le groupe Stern contre la Grande- Bretagne\" \/>\n<meta name=\"robots\" content=\"index, follow, max-snippet:-1, max-image-preview:large, max-video-preview:-1\" \/>\n<link rel=\"canonical\" href=\"https:\/\/charleroi-pourlapalestine.be\/index.php\/2020\/07\/15\/le-groupe-stern-et-les-lettres-explosives-de-betty\/\" \/>\n<script type=\"application\/ld+json\" class=\"yoast-schema-graph\">{\"@context\":\"https:\\\/\\\/schema.org\",\"@graph\":[{\"@type\":\"Article\",\"@id\":\"https:\\\/\\\/charleroi-pourlapalestine.be\\\/index.php\\\/2020\\\/07\\\/15\\\/le-groupe-stern-et-les-lettres-explosives-de-betty\\\/#article\",\"isPartOf\":{\"@id\":\"https:\\\/\\\/charleroi-pourlapalestine.be\\\/index.php\\\/2020\\\/07\\\/15\\\/le-groupe-stern-et-les-lettres-explosives-de-betty\\\/\"},\"author\":{\"name\":\"admin1873\",\"@id\":\"https:\\\/\\\/charleroi-pourlapalestine.be\\\/#\\\/schema\\\/person\\\/c19ff515112f1299d8c12671d8fe3faa\"},\"headline\":\"Le groupe Stern et les lettres explosives de Betty\",\"datePublished\":\"2020-07-15T00:39:29+00:00\",\"dateModified\":\"2020-07-15T00:40:24+00:00\",\"mainEntityOfPage\":{\"@id\":\"https:\\\/\\\/charleroi-pourlapalestine.be\\\/index.php\\\/2020\\\/07\\\/15\\\/le-groupe-stern-et-les-lettres-explosives-de-betty\\\/\"},\"wordCount\":3909,\"publisher\":{\"@id\":\"https:\\\/\\\/charleroi-pourlapalestine.be\\\/#organization\"},\"image\":{\"@id\":\"https:\\\/\\\/charleroi-pourlapalestine.be\\\/index.php\\\/2020\\\/07\\\/15\\\/le-groupe-stern-et-les-lettres-explosives-de-betty\\\/#primaryimage\"},\"thumbnailUrl\":\"https:\\\/\\\/charleroi-pourlapalestine.be\\\/wp-content\\\/uploads\\\/2020\\\/07\\\/Palestine_Police_Force_Wanted_List_Lehi-e1594737124418.jpg\",\"articleSection\":[\"Belgique\",\"Etat juif\",\"Grande Bretagne\",\"Organisations terroristes\",\"Sionisme\"],\"inLanguage\":\"fr-FR\"},{\"@type\":\"WebPage\",\"@id\":\"https:\\\/\\\/charleroi-pourlapalestine.be\\\/index.php\\\/2020\\\/07\\\/15\\\/le-groupe-stern-et-les-lettres-explosives-de-betty\\\/\",\"url\":\"https:\\\/\\\/charleroi-pourlapalestine.be\\\/index.php\\\/2020\\\/07\\\/15\\\/le-groupe-stern-et-les-lettres-explosives-de-betty\\\/\",\"name\":\"Le groupe Stern et les lettres explosives de Betty -\",\"isPartOf\":{\"@id\":\"https:\\\/\\\/charleroi-pourlapalestine.be\\\/#website\"},\"primaryImageOfPage\":{\"@id\":\"https:\\\/\\\/charleroi-pourlapalestine.be\\\/index.php\\\/2020\\\/07\\\/15\\\/le-groupe-stern-et-les-lettres-explosives-de-betty\\\/#primaryimage\"},\"image\":{\"@id\":\"https:\\\/\\\/charleroi-pourlapalestine.be\\\/index.php\\\/2020\\\/07\\\/15\\\/le-groupe-stern-et-les-lettres-explosives-de-betty\\\/#primaryimage\"},\"thumbnailUrl\":\"https:\\\/\\\/charleroi-pourlapalestine.be\\\/wp-content\\\/uploads\\\/2020\\\/07\\\/Palestine_Police_Force_Wanted_List_Lehi-e1594737124418.jpg\",\"datePublished\":\"2020-07-15T00:39:29+00:00\",\"dateModified\":\"2020-07-15T00:40:24+00:00\",\"description\":\"En 1948, la Belgique fut elle aussi confront\u00e9e \u00e0 la campagne de terreur men\u00e9e par le groupe Stern contre la Grande- Bretagne\",\"breadcrumb\":{\"@id\":\"https:\\\/\\\/charleroi-pourlapalestine.be\\\/index.php\\\/2020\\\/07\\\/15\\\/le-groupe-stern-et-les-lettres-explosives-de-betty\\\/#breadcrumb\"},\"inLanguage\":\"fr-FR\",\"potentialAction\":[{\"@type\":\"ReadAction\",\"target\":[\"https:\\\/\\\/charleroi-pourlapalestine.be\\\/index.php\\\/2020\\\/07\\\/15\\\/le-groupe-stern-et-les-lettres-explosives-de-betty\\\/\"]}]},{\"@type\":\"ImageObject\",\"inLanguage\":\"fr-FR\",\"@id\":\"https:\\\/\\\/charleroi-pourlapalestine.be\\\/index.php\\\/2020\\\/07\\\/15\\\/le-groupe-stern-et-les-lettres-explosives-de-betty\\\/#primaryimage\",\"url\":\"https:\\\/\\\/charleroi-pourlapalestine.be\\\/wp-content\\\/uploads\\\/2020\\\/07\\\/Palestine_Police_Force_Wanted_List_Lehi-e1594737124418.jpg\",\"contentUrl\":\"https:\\\/\\\/charleroi-pourlapalestine.be\\\/wp-content\\\/uploads\\\/2020\\\/07\\\/Palestine_Police_Force_Wanted_List_Lehi-e1594737124418.jpg\",\"width\":301,\"height\":320},{\"@type\":\"BreadcrumbList\",\"@id\":\"https:\\\/\\\/charleroi-pourlapalestine.be\\\/index.php\\\/2020\\\/07\\\/15\\\/le-groupe-stern-et-les-lettres-explosives-de-betty\\\/#breadcrumb\",\"itemListElement\":[{\"@type\":\"ListItem\",\"position\":1,\"name\":\"Accueil\",\"item\":\"https:\\\/\\\/charleroi-pourlapalestine.be\\\/\"},{\"@type\":\"ListItem\",\"position\":2,\"name\":\"Le groupe Stern et les lettres explosives de Betty\"}]},{\"@type\":\"WebSite\",\"@id\":\"https:\\\/\\\/charleroi-pourlapalestine.be\\\/#website\",\"url\":\"https:\\\/\\\/charleroi-pourlapalestine.be\\\/\",\"name\":\"Charleroi Pour la Palestine\",\"description\":\"\",\"publisher\":{\"@id\":\"https:\\\/\\\/charleroi-pourlapalestine.be\\\/#organization\"},\"potentialAction\":[{\"@type\":\"SearchAction\",\"target\":{\"@type\":\"EntryPoint\",\"urlTemplate\":\"https:\\\/\\\/charleroi-pourlapalestine.be\\\/?s={search_term_string}\"},\"query-input\":{\"@type\":\"PropertyValueSpecification\",\"valueRequired\":true,\"valueName\":\"search_term_string\"}}],\"inLanguage\":\"fr-FR\"},{\"@type\":\"Organization\",\"@id\":\"https:\\\/\\\/charleroi-pourlapalestine.be\\\/#organization\",\"name\":\"Plate-forme Charleroi-Palestine\",\"url\":\"https:\\\/\\\/charleroi-pourlapalestine.be\\\/\",\"logo\":{\"@type\":\"ImageObject\",\"inLanguage\":\"fr-FR\",\"@id\":\"https:\\\/\\\/charleroi-pourlapalestine.be\\\/#\\\/schema\\\/logo\\\/image\\\/\",\"url\":\"https:\\\/\\\/charleroi-pourlapalestine.be\\\/wp-content\\\/uploads\\\/2020\\\/01\\\/logo-Copy.jpg\",\"contentUrl\":\"https:\\\/\\\/charleroi-pourlapalestine.be\\\/wp-content\\\/uploads\\\/2020\\\/01\\\/logo-Copy.jpg\",\"width\":180,\"height\":180,\"caption\":\"Plate-forme Charleroi-Palestine\"},\"image\":{\"@id\":\"https:\\\/\\\/charleroi-pourlapalestine.be\\\/#\\\/schema\\\/logo\\\/image\\\/\"},\"sameAs\":[\"https:\\\/\\\/www.facebook.com\\\/PlateformeCharleroiPalestine\\\/\",\"https:\\\/\\\/x.com\\\/LaCharleroi\"]},{\"@type\":\"Person\",\"@id\":\"https:\\\/\\\/charleroi-pourlapalestine.be\\\/#\\\/schema\\\/person\\\/c19ff515112f1299d8c12671d8fe3faa\",\"name\":\"admin1873\",\"url\":\"https:\\\/\\\/charleroi-pourlapalestine.be\\\/index.php\\\/author\\\/admin1873\\\/\"}]}<\/script>\n<!-- \/ Yoast SEO plugin. -->","yoast_head_json":{"title":"Le groupe Stern et les lettres explosives de Betty -","description":"En 1948, la Belgique fut elle aussi confront\u00e9e \u00e0 la campagne de terreur men\u00e9e par le groupe Stern contre la Grande- Bretagne","robots":{"index":"index","follow":"follow","max-snippet":"max-snippet:-1","max-image-preview":"max-image-preview:large","max-video-preview":"max-video-preview:-1"},"canonical":"https:\/\/charleroi-pourlapalestine.be\/index.php\/2020\/07\/15\/le-groupe-stern-et-les-lettres-explosives-de-betty\/","schema":{"@context":"https:\/\/schema.org","@graph":[{"@type":"Article","@id":"https:\/\/charleroi-pourlapalestine.be\/index.php\/2020\/07\/15\/le-groupe-stern-et-les-lettres-explosives-de-betty\/#article","isPartOf":{"@id":"https:\/\/charleroi-pourlapalestine.be\/index.php\/2020\/07\/15\/le-groupe-stern-et-les-lettres-explosives-de-betty\/"},"author":{"name":"admin1873","@id":"https:\/\/charleroi-pourlapalestine.be\/#\/schema\/person\/c19ff515112f1299d8c12671d8fe3faa"},"headline":"Le groupe Stern et les lettres explosives de Betty","datePublished":"2020-07-15T00:39:29+00:00","dateModified":"2020-07-15T00:40:24+00:00","mainEntityOfPage":{"@id":"https:\/\/charleroi-pourlapalestine.be\/index.php\/2020\/07\/15\/le-groupe-stern-et-les-lettres-explosives-de-betty\/"},"wordCount":3909,"publisher":{"@id":"https:\/\/charleroi-pourlapalestine.be\/#organization"},"image":{"@id":"https:\/\/charleroi-pourlapalestine.be\/index.php\/2020\/07\/15\/le-groupe-stern-et-les-lettres-explosives-de-betty\/#primaryimage"},"thumbnailUrl":"https:\/\/charleroi-pourlapalestine.be\/wp-content\/uploads\/2020\/07\/Palestine_Police_Force_Wanted_List_Lehi-e1594737124418.jpg","articleSection":["Belgique","Etat juif","Grande Bretagne","Organisations terroristes","Sionisme"],"inLanguage":"fr-FR"},{"@type":"WebPage","@id":"https:\/\/charleroi-pourlapalestine.be\/index.php\/2020\/07\/15\/le-groupe-stern-et-les-lettres-explosives-de-betty\/","url":"https:\/\/charleroi-pourlapalestine.be\/index.php\/2020\/07\/15\/le-groupe-stern-et-les-lettres-explosives-de-betty\/","name":"Le groupe Stern et les lettres explosives de Betty -","isPartOf":{"@id":"https:\/\/charleroi-pourlapalestine.be\/#website"},"primaryImageOfPage":{"@id":"https:\/\/charleroi-pourlapalestine.be\/index.php\/2020\/07\/15\/le-groupe-stern-et-les-lettres-explosives-de-betty\/#primaryimage"},"image":{"@id":"https:\/\/charleroi-pourlapalestine.be\/index.php\/2020\/07\/15\/le-groupe-stern-et-les-lettres-explosives-de-betty\/#primaryimage"},"thumbnailUrl":"https:\/\/charleroi-pourlapalestine.be\/wp-content\/uploads\/2020\/07\/Palestine_Police_Force_Wanted_List_Lehi-e1594737124418.jpg","datePublished":"2020-07-15T00:39:29+00:00","dateModified":"2020-07-15T00:40:24+00:00","description":"En 1948, la Belgique fut elle aussi confront\u00e9e \u00e0 la campagne de terreur men\u00e9e par le groupe Stern contre la Grande- Bretagne","breadcrumb":{"@id":"https:\/\/charleroi-pourlapalestine.be\/index.php\/2020\/07\/15\/le-groupe-stern-et-les-lettres-explosives-de-betty\/#breadcrumb"},"inLanguage":"fr-FR","potentialAction":[{"@type":"ReadAction","target":["https:\/\/charleroi-pourlapalestine.be\/index.php\/2020\/07\/15\/le-groupe-stern-et-les-lettres-explosives-de-betty\/"]}]},{"@type":"ImageObject","inLanguage":"fr-FR","@id":"https:\/\/charleroi-pourlapalestine.be\/index.php\/2020\/07\/15\/le-groupe-stern-et-les-lettres-explosives-de-betty\/#primaryimage","url":"https:\/\/charleroi-pourlapalestine.be\/wp-content\/uploads\/2020\/07\/Palestine_Police_Force_Wanted_List_Lehi-e1594737124418.jpg","contentUrl":"https:\/\/charleroi-pourlapalestine.be\/wp-content\/uploads\/2020\/07\/Palestine_Police_Force_Wanted_List_Lehi-e1594737124418.jpg","width":301,"height":320},{"@type":"BreadcrumbList","@id":"https:\/\/charleroi-pourlapalestine.be\/index.php\/2020\/07\/15\/le-groupe-stern-et-les-lettres-explosives-de-betty\/#breadcrumb","itemListElement":[{"@type":"ListItem","position":1,"name":"Accueil","item":"https:\/\/charleroi-pourlapalestine.be\/"},{"@type":"ListItem","position":2,"name":"Le groupe Stern et les lettres explosives de Betty"}]},{"@type":"WebSite","@id":"https:\/\/charleroi-pourlapalestine.be\/#website","url":"https:\/\/charleroi-pourlapalestine.be\/","name":"Charleroi Pour la Palestine","description":"","publisher":{"@id":"https:\/\/charleroi-pourlapalestine.be\/#organization"},"potentialAction":[{"@type":"SearchAction","target":{"@type":"EntryPoint","urlTemplate":"https:\/\/charleroi-pourlapalestine.be\/?s={search_term_string}"},"query-input":{"@type":"PropertyValueSpecification","valueRequired":true,"valueName":"search_term_string"}}],"inLanguage":"fr-FR"},{"@type":"Organization","@id":"https:\/\/charleroi-pourlapalestine.be\/#organization","name":"Plate-forme Charleroi-Palestine","url":"https:\/\/charleroi-pourlapalestine.be\/","logo":{"@type":"ImageObject","inLanguage":"fr-FR","@id":"https:\/\/charleroi-pourlapalestine.be\/#\/schema\/logo\/image\/","url":"https:\/\/charleroi-pourlapalestine.be\/wp-content\/uploads\/2020\/01\/logo-Copy.jpg","contentUrl":"https:\/\/charleroi-pourlapalestine.be\/wp-content\/uploads\/2020\/01\/logo-Copy.jpg","width":180,"height":180,"caption":"Plate-forme Charleroi-Palestine"},"image":{"@id":"https:\/\/charleroi-pourlapalestine.be\/#\/schema\/logo\/image\/"},"sameAs":["https:\/\/www.facebook.com\/PlateformeCharleroiPalestine\/","https:\/\/x.com\/LaCharleroi"]},{"@type":"Person","@id":"https:\/\/charleroi-pourlapalestine.be\/#\/schema\/person\/c19ff515112f1299d8c12671d8fe3faa","name":"admin1873","url":"https:\/\/charleroi-pourlapalestine.be\/index.php\/author\/admin1873\/"}]}},"_links":{"self":[{"href":"https:\/\/charleroi-pourlapalestine.be\/index.php\/wp-json\/wp\/v2\/posts\/15205","targetHints":{"allow":["GET"]}}],"collection":[{"href":"https:\/\/charleroi-pourlapalestine.be\/index.php\/wp-json\/wp\/v2\/posts"}],"about":[{"href":"https:\/\/charleroi-pourlapalestine.be\/index.php\/wp-json\/wp\/v2\/types\/post"}],"author":[{"embeddable":true,"href":"https:\/\/charleroi-pourlapalestine.be\/index.php\/wp-json\/wp\/v2\/users\/1"}],"replies":[{"embeddable":true,"href":"https:\/\/charleroi-pourlapalestine.be\/index.php\/wp-json\/wp\/v2\/comments?post=15205"}],"version-history":[{"count":0,"href":"https:\/\/charleroi-pourlapalestine.be\/index.php\/wp-json\/wp\/v2\/posts\/15205\/revisions"}],"wp:featuredmedia":[{"embeddable":true,"href":"https:\/\/charleroi-pourlapalestine.be\/index.php\/wp-json\/wp\/v2\/media\/15209"}],"wp:attachment":[{"href":"https:\/\/charleroi-pourlapalestine.be\/index.php\/wp-json\/wp\/v2\/media?parent=15205"}],"wp:term":[{"taxonomy":"category","embeddable":true,"href":"https:\/\/charleroi-pourlapalestine.be\/index.php\/wp-json\/wp\/v2\/categories?post=15205"},{"taxonomy":"post_tag","embeddable":true,"href":"https:\/\/charleroi-pourlapalestine.be\/index.php\/wp-json\/wp\/v2\/tags?post=15205"}],"curies":[{"name":"wp","href":"https:\/\/api.w.org\/{rel}","templated":true}]}}