{"id":15493,"date":"2020-07-31T14:51:58","date_gmt":"2020-07-31T12:51:58","guid":{"rendered":"https:\/\/charleroi-pourlapalestine.be\/?p=15493"},"modified":"2020-07-31T14:57:03","modified_gmt":"2020-07-31T12:57:03","slug":"mourir-pour-quitter-gaza","status":"publish","type":"post","link":"https:\/\/charleroi-pourlapalestine.be\/index.php\/2020\/07\/31\/mourir-pour-quitter-gaza\/","title":{"rendered":"Mourir pour quitter Gaza"},"content":{"rendered":"<p><em>Mourir pour quitter Gaza : des jeunes de 14 et 30 ans risquent leur vie pour atteindre la ville de <strong>Beersheba<\/strong> ou d\u2019autres zones \u00e0 l\u2019int\u00e9rieur d\u2019Isra\u00ebl ou vivent de grands nombres de Palestiniens, o\u00f9 ils esp\u00e8rent de trouver du travail avec l&rsquo;aide de proches ou d&rsquo;amis.<\/em><\/p>\n<div id=\"attachment_15514\" style=\"width: 490px\" class=\"wp-caption aligncenter\"><img loading=\"lazy\" decoding=\"async\" aria-describedby=\"caption-attachment-15514\" class=\"wp-image-15514 size-full\" src=\"https:\/\/charleroi-pourlapalestine.be\/wp-content\/uploads\/2020\/07\/abed_rabbo_al-nabahin_mohammeds_father_holds_a_picture_of_muhammad_2-e1596111736259.jpg\" alt=\"Abed Rabbo al-Nabahin montre une photographie de son fils, en prison en Isra\u00ebl. (Photo : Mohammed Al-Hajjar The Electronic Intifada)\" width=\"480\" height=\"320\"><p id=\"caption-attachment-15514\" class=\"wp-caption-text\">Abed Rabbo al-Nabahin montre une photographie de son fils, en prison en Isra\u00ebl. (Photo : Mohammed Al-Hajjar The Electronic Intifada)<\/p><\/div>\n<p>Isra\u00ebl pr\u00e9tend souvent qu\u2019il s\u2019est <em>\u00ab&nbsp;d\u00e9sengag\u00e9&nbsp;\u00bb<\/em> de Gaza en 2005. Le traitement qu\u2019a subi <strong>Muhammad al-Nabahin<\/strong> illustre bien \u00e0 quel point cette affirmation est malhonn\u00eate.<\/p>\n<p>En septembre 2018, Muhammad, alors \u00e2g\u00e9 de 19 ans, et son cousin Khaled al-Nabahin, 16 ans, se trouvaient \u00e0 quelque 250 m\u00e8tres de la fronti\u00e8re entre Gaza et Isra\u00ebl. Ils participaient \u00e0 une manifestation quand les troupes isra\u00e9liennes stationn\u00e9es \u00e0 la fronti\u00e8re avaient ouvert le feu sur eux.<\/p>\n<p>Apr\u00e8s les avoir attaqu\u00e9s, les soldats isra\u00e9liens avaient arr\u00eat\u00e9 les deux jeunes, qui furent emmen\u00e9s en Isra\u00ebl.<\/p>\n<p>Le p\u00e8re de Muhammad, Abed Rabbo al-Nabahin, apprit plus tard du Comit\u00e9 international de la Croix-Rouge que son fils \u00e9tait d\u00e9tenu \u00e0 la <strong>prison d\u2019Ashkelon.<\/strong> Muhammad \u00e9tait accus\u00e9 de d\u00e9tention d\u2019armes, de trafic d\u2019armes, de franchissement de la cl\u00f4ture frontali\u00e8re et de jets de pierres en direction des soldats isra\u00e9liens.<\/p>\n<p>Sa famille a fait savoir que ces accusations \u00e9taient d\u00e9raisonnables.<\/p>\n<p><em>\u00ab&nbsp;Comment aurait-il pu \u00eatre un trafiquant d\u2019armes alors qu\u2019il n\u2019avait que 19 ans&nbsp;?&nbsp;\u00bb<\/em>, s\u2019est interrog\u00e9 Abed Rabbo. <em>\u00ab&nbsp;Cela n\u2019a aucun sens&nbsp;!&nbsp;\u00bb<\/em><\/p>\n<p>L\u2019accusation de d\u00e9tention, affirme la famille, reposait sur une photographie de Muhammad trouv\u00e9e par les autorit\u00e9s isra\u00e9liennes sur sa page Facebook et le montrant avec une arme \u00e0 feu en main.<\/p>\n<p><em>\u00ab&nbsp;C\u2019\u00e9tait juste pour la frime&nbsp;\u00bb<\/em>, a d\u00e9clar\u00e9 Abed Rabbo. <em>\u00ab&nbsp;Les gens aiment prendre des photos avec des armes.&nbsp;\u00bb<\/em><\/p>\n<p>Selon Abed Rabbo, l\u2019arme en question appartenait \u00e0 un proche. Il ajouta que ce parent avait l\u2019autorisation du minist\u00e8re de l\u2019Int\u00e9rieur de Gaza de garder cette arme \u00e0 des fins d\u2019autod\u00e9fense.<\/p>\n<p>Un tribunal isra\u00e9lien a condamn\u00e9 Muhammad \u00e0 28 mois d\u2019emprisonnement. Il est rest\u00e9 derri\u00e8re les barreaux.<\/p>\n<p>Khaled de son c\u00f4t\u00e9 a \u00e9cop\u00e9 d\u2019un an de prison.<\/p>\n<h3>La crainte<\/h3>\n<p>Les parents de Muhammad craignent que d\u2019autres membres de la famille ne soient attaqu\u00e9s. Ils vivent au camp de r\u00e9fugi\u00e9s d\u2019<strong>al-Bureij,<\/strong> \u00e0 moins d\u2019un kilom\u00e8tre de la fronti\u00e8re entre Gaza et Isra\u00ebl.<\/p>\n<p><em>\u00ab&nbsp;Ma famille et moi-m\u00eame sommes n\u00e9s et avons grandi ici, dans cette zone&nbsp;\u00bb<\/em>, a expliqu\u00e9 Abed Rabbo, le p\u00e8re de Muhammad.<\/p>\n<p>La zone frontali\u00e8re entre Gaza et Isra\u00ebl est un endroit tr\u00e8s dangereux, pour les Palestiniens.<\/p>\n<p>Ces quelques derni\u00e8res ann\u00e9es, la zone a assist\u00e9 \u00e0 des manifestations r\u00e9guli\u00e8res sous l\u2019appellation g\u00e9n\u00e9rique de<a href=\"https:\/\/charleroi-pourlapalestine.be\/index.php\/category\/palestine\/la-resistance-palestinienne\/grande-marche-du-retour\/\"><strong> Grande Marche du Retour<\/strong><\/a>. A maintes reprises, Isra\u00ebl a ouvert le feu sur les participants, de m\u00eame que sur le personnel et les journalistes pr\u00e9sents.<\/p>\n<p>En tout, 217 Palestiniens ont \u00e9t\u00e9 tu\u00e9s au cours de la Grande Marche du Retour depuis le d\u00e9but des protestations, le 30 mars 2018. Parmi ces morts figuraient 48 enfants et 9 personnes handicap\u00e9es.<\/p>\n<p><strong>Du fait de la vie sous blocus total, certains Palestiniens ont tent\u00e9 de fuir Gaza en franchissant la cl\u00f4ture frontali\u00e8re. Ceux qui ont \u00e9t\u00e9 captur\u00e9s par Isra\u00ebl en le faisant ont pay\u00e9 le prix cher.<\/strong><\/p>\n<p><strong>Al-Mezan<\/strong>, une association des droits de l\u2019homme, a interview\u00e9<strong> 91 enfants<\/strong> qui avaient \u00e9t\u00e9 arr\u00eat\u00e9s alors qu\u2019ils tentaient de franchir la cl\u00f4ture frontali\u00e8re, entre 2015 et 2019.<\/p>\n<p>Dans 66 des cas, les forces isra\u00e9liennes ont tir\u00e9 \u00e0 balles r\u00e9elles sur les enfants avant de les arr\u00eater. Trente-trois des enfants ont \u00e9t\u00e9 battus lors de leur arrestation et les militaires isra\u00e9liens ont l\u00e2ch\u00e9 leurs chiens sur 27 d\u2019entre eux.<\/p>\n<h3>\u00ab&nbsp;Ex\u00e9cut\u00e9s&nbsp;\u00bb<\/h3>\n<p>En janvier dernier, Isra\u00ebl a tu\u00e9 trois adolescents \u00e0 la fronti\u00e8re. &nbsp;<\/p>\n<p><strong>Muhammed Abu Mandeel,<\/strong> 17 ans, \u00e9tait l\u2019un d\u2019eux.<\/p>\n<p>Isra\u00ebl a pr\u00e9tendu que lui et les deux autres adolescents avaient balanc\u00e9 un engin explosif en direction des soldats au moment o\u00f9 ils tentaient de franchir la cl\u00f4ture. Mais la m\u00e8re de Muhammad, Duaa, a contest\u00e9 la version isra\u00e9lienne des \u00e9v\u00e9nements. Elle a d\u00e9clar\u00e9 que Muhammad voulait entrer en Isra\u00ebl afin d\u2019y chercher du travail.<\/p>\n<p><em>\u00ab&nbsp;Les gar\u00e7ons ont \u00e9t\u00e9 ex\u00e9cut\u00e9s, m\u00eame si les soldats ne couraient aucun danger avec eux&nbsp;\u00bb<\/em>, a ajout\u00e9 Duaa.<\/p>\n<blockquote><p>Nous avons entendu l\u2019all\u00e9gation des Isra\u00e9liens disant que les gar\u00e7ons ont lanc\u00e9 des grenades. Mais mon fils ne savait m\u00eame pas comment se servir d\u2019une arme ! \u00bb<\/p><\/blockquote>\n<p>Isra\u00ebl a gard\u00e9 le corps de Muhammad et celui des deux autres ados, Salem al-Naami et <strong>Mahmoud Saed<\/strong>.<\/p>\n<p><strong>Abdel Nasser Ferwana<\/strong>, de la Commission de l\u2019Autorit\u00e9 palestinienne pour les Affaires des d\u00e9tenus et anciens d\u00e9tenus a d\u00e9clar\u00e9 que les gens qui tentaient de fuir Gaza avaient en g\u00e9n\u00e9ral entre 14 et 30 ans. Dans bien des cas, ils souhaitent atteindre la ville de <strong>Beersheba<\/strong> ou d\u2019autres zones \u00e0 l\u2019int\u00e9rieur d\u2019Isra\u00ebl ou vivent de grands nombres de Palestiniens.<\/p>\n<p>Les gens qui s\u2019enfuient esp\u00e8rent \u00eatre \u00e0 m\u00eame de trouver du travail avec l\u2019aide de proches ou d\u2019amis vivant \u00e0 l\u2019int\u00e9rieur d\u2019Isra\u00ebl.<\/p>\n<p><em>\u00ab&nbsp;Des jeunes, et m\u00eame des enfants, risquent leurs vie&nbsp;\u00bb<\/em>, a d\u00e9clar\u00e9 Ferwana.<\/p>\n<blockquote><p>\u00ab&nbsp;Pour eux, prendre des risques et \u00eatre confront\u00e9s \u00e0 la mort n\u2019a rien d\u2019inhabituel. Ils veulent d\u00e9couvrir la vie \u00e0 l\u2019ext\u00e9rieur de la bande de Gaza.&nbsp;\u00bb<\/p><\/blockquote>\n<p>Isra\u00ebl ne fait pas la distinction entre les adultes et les enfants s\u2019il les attrape en train de franchir la fronti\u00e8re, a expliqu\u00e9 <strong>Ferwana.<\/strong><\/p>\n<p>En octobre 2015, <strong>Wissam Iseifan<\/strong>, 25 ans, \u00e9tait, selon ses dires, <em>\u00ab&nbsp;sans emploi et sans existence&nbsp;\u00bb.<\/em><\/p>\n<p>Dans cette situation d\u00e9sesp\u00e9r\u00e9e, il a tent\u00e9 de p\u00e9n\u00e9trer en Isra\u00ebl dans l\u2019espoir de pouvoir y chercher un emploi. Mais quand il a essay\u00e9 de franchir la cl\u00f4ture frontali\u00e8re, il a \u00e9t\u00e9 arr\u00eat\u00e9 par les forces isra\u00e9liennes.<\/p>\n<p><strong>Iseifan<\/strong> a d\u00e9clar\u00e9 qu\u2019on avait l\u00e2ch\u00e9 des chiens de l\u2019arm\u00e9e sur lui, au moment de son arrestation. Il avait \u00e9galement \u00e9t\u00e9 vilainement tabass\u00e9.<\/p>\n<p>Les coups avaient continu\u00e9 apr\u00e8s qu\u2019on l\u2019eut emmen\u00e9 en prison. Malgr\u00e9 les blessures qu\u2019on lui avait inflig\u00e9es, des soins m\u00e9dicaux lui avaient \u00e9t\u00e9 refus\u00e9s.<\/p>\n<p><em>\u00ab&nbsp;Je me sens boulevers\u00e9, quand je repense \u00e0 cette exp\u00e9rience&nbsp;\u00bb<\/em>, a-t-il d\u00e9clar\u00e9. <em>\u00ab J\u2019ai toujours des douleurs au dos, suite \u00e0 ces tabassages.<br \/>\n<\/em><\/p>\n<hr>\n<p>Publi\u00e9 le 28 juillet 2020 sur <a href=\"https:\/\/electronicintifada.net\/content\/dying-leave-gaza\/30781?fbclid=IwAR1cLtz7DpiNBl_QY3q0vs_UDlxOZvDxnKb3tMoHxYPCm5hXVef40zbBHec\" target=\"_blank\" rel=\"noopener noreferrer\">The Electronic Intifada<\/a><br \/>\nTraduction : Jean-Marie Fl\u00e9mal<\/p>\n<p><strong>Amjad Ayman Yaghi<\/strong> est un journaliste qui vit \u00e0 Gaza<\/p>\n","protected":false},"excerpt":{"rendered":"<p>Mourir pour quitter Gaza : des jeunes risquent leur vie pour atteindre Beersheba o\u00f9 ils esp\u00e8rent de trouver du travail avec l&rsquo;aide de proches<\/p>\n","protected":false},"author":1,"featured_media":0,"comment_status":"closed","ping_status":"closed","sticky":false,"template":"","format":"standard","meta":{"ngg_post_thumbnail":0,"footnotes":""},"categories":[6,47,387],"tags":[],"class_list":["post-15493","post","type-post","status-publish","format-standard","hentry","category-gaza","category-loccupation-militaire","category-terrorisme-detat"],"yoast_head":"<!-- This site is optimized with the Yoast SEO plugin v27.3 - https:\/\/yoast.com\/product\/yoast-seo-wordpress\/ -->\n<title>Mourir pour quitter Gaza - Charleroi Pour la Palestine<\/title>\n<meta name=\"description\" content=\"Mourir pour quitter Gaza : des jeunes risquent leur vie pour atteindre Beersheba o\u00f9 ils esp\u00e8rent de trouver du travail avec l&#039;aide de proches\" \/>\n<meta name=\"robots\" content=\"index, follow, max-snippet:-1, max-image-preview:large, max-video-preview:-1\" \/>\n<link rel=\"canonical\" href=\"https:\/\/charleroi-pourlapalestine.be\/index.php\/2020\/07\/31\/mourir-pour-quitter-gaza\/\" \/>\n<script type=\"application\/ld+json\" class=\"yoast-schema-graph\">{\"@context\":\"https:\\\/\\\/schema.org\",\"@graph\":[{\"@type\":\"Article\",\"@id\":\"https:\\\/\\\/charleroi-pourlapalestine.be\\\/index.php\\\/2020\\\/07\\\/31\\\/mourir-pour-quitter-gaza\\\/#article\",\"isPartOf\":{\"@id\":\"https:\\\/\\\/charleroi-pourlapalestine.be\\\/index.php\\\/2020\\\/07\\\/31\\\/mourir-pour-quitter-gaza\\\/\"},\"author\":{\"name\":\"admin1873\",\"@id\":\"https:\\\/\\\/charleroi-pourlapalestine.be\\\/#\\\/schema\\\/person\\\/c19ff515112f1299d8c12671d8fe3faa\"},\"headline\":\"Mourir pour quitter Gaza\",\"datePublished\":\"2020-07-31T12:51:58+00:00\",\"dateModified\":\"2020-07-31T12:57:03+00:00\",\"mainEntityOfPage\":{\"@id\":\"https:\\\/\\\/charleroi-pourlapalestine.be\\\/index.php\\\/2020\\\/07\\\/31\\\/mourir-pour-quitter-gaza\\\/\"},\"wordCount\":1194,\"publisher\":{\"@id\":\"https:\\\/\\\/charleroi-pourlapalestine.be\\\/#organization\"},\"image\":{\"@id\":\"https:\\\/\\\/charleroi-pourlapalestine.be\\\/index.php\\\/2020\\\/07\\\/31\\\/mourir-pour-quitter-gaza\\\/#primaryimage\"},\"thumbnailUrl\":\"https:\\\/\\\/charleroi-pourlapalestine.be\\\/wp-content\\\/uploads\\\/2020\\\/07\\\/abed_rabbo_al-nabahin_mohammeds_father_holds_a_picture_of_muhammad_2-e1596111736259.jpg\",\"articleSection\":[\"Gaza\",\"Occupation\",\"Terrorisme d'Etat\"],\"inLanguage\":\"fr-FR\"},{\"@type\":\"WebPage\",\"@id\":\"https:\\\/\\\/charleroi-pourlapalestine.be\\\/index.php\\\/2020\\\/07\\\/31\\\/mourir-pour-quitter-gaza\\\/\",\"url\":\"https:\\\/\\\/charleroi-pourlapalestine.be\\\/index.php\\\/2020\\\/07\\\/31\\\/mourir-pour-quitter-gaza\\\/\",\"name\":\"Mourir pour quitter Gaza - Charleroi Pour la Palestine\",\"isPartOf\":{\"@id\":\"https:\\\/\\\/charleroi-pourlapalestine.be\\\/#website\"},\"primaryImageOfPage\":{\"@id\":\"https:\\\/\\\/charleroi-pourlapalestine.be\\\/index.php\\\/2020\\\/07\\\/31\\\/mourir-pour-quitter-gaza\\\/#primaryimage\"},\"image\":{\"@id\":\"https:\\\/\\\/charleroi-pourlapalestine.be\\\/index.php\\\/2020\\\/07\\\/31\\\/mourir-pour-quitter-gaza\\\/#primaryimage\"},\"thumbnailUrl\":\"https:\\\/\\\/charleroi-pourlapalestine.be\\\/wp-content\\\/uploads\\\/2020\\\/07\\\/abed_rabbo_al-nabahin_mohammeds_father_holds_a_picture_of_muhammad_2-e1596111736259.jpg\",\"datePublished\":\"2020-07-31T12:51:58+00:00\",\"dateModified\":\"2020-07-31T12:57:03+00:00\",\"description\":\"Mourir pour quitter Gaza : des jeunes risquent leur vie pour atteindre Beersheba o\u00f9 ils esp\u00e8rent de trouver du travail avec l'aide de proches\",\"breadcrumb\":{\"@id\":\"https:\\\/\\\/charleroi-pourlapalestine.be\\\/index.php\\\/2020\\\/07\\\/31\\\/mourir-pour-quitter-gaza\\\/#breadcrumb\"},\"inLanguage\":\"fr-FR\",\"potentialAction\":[{\"@type\":\"ReadAction\",\"target\":[\"https:\\\/\\\/charleroi-pourlapalestine.be\\\/index.php\\\/2020\\\/07\\\/31\\\/mourir-pour-quitter-gaza\\\/\"]}]},{\"@type\":\"ImageObject\",\"inLanguage\":\"fr-FR\",\"@id\":\"https:\\\/\\\/charleroi-pourlapalestine.be\\\/index.php\\\/2020\\\/07\\\/31\\\/mourir-pour-quitter-gaza\\\/#primaryimage\",\"url\":\"https:\\\/\\\/charleroi-pourlapalestine.be\\\/wp-content\\\/uploads\\\/2020\\\/07\\\/abed_rabbo_al-nabahin_mohammeds_father_holds_a_picture_of_muhammad_2-e1596111736259.jpg\",\"contentUrl\":\"https:\\\/\\\/charleroi-pourlapalestine.be\\\/wp-content\\\/uploads\\\/2020\\\/07\\\/abed_rabbo_al-nabahin_mohammeds_father_holds_a_picture_of_muhammad_2-e1596111736259.jpg\"},{\"@type\":\"BreadcrumbList\",\"@id\":\"https:\\\/\\\/charleroi-pourlapalestine.be\\\/index.php\\\/2020\\\/07\\\/31\\\/mourir-pour-quitter-gaza\\\/#breadcrumb\",\"itemListElement\":[{\"@type\":\"ListItem\",\"position\":1,\"name\":\"Accueil\",\"item\":\"https:\\\/\\\/charleroi-pourlapalestine.be\\\/\"},{\"@type\":\"ListItem\",\"position\":2,\"name\":\"Mourir pour quitter Gaza\"}]},{\"@type\":\"WebSite\",\"@id\":\"https:\\\/\\\/charleroi-pourlapalestine.be\\\/#website\",\"url\":\"https:\\\/\\\/charleroi-pourlapalestine.be\\\/\",\"name\":\"Charleroi Pour la Palestine\",\"description\":\"\",\"publisher\":{\"@id\":\"https:\\\/\\\/charleroi-pourlapalestine.be\\\/#organization\"},\"potentialAction\":[{\"@type\":\"SearchAction\",\"target\":{\"@type\":\"EntryPoint\",\"urlTemplate\":\"https:\\\/\\\/charleroi-pourlapalestine.be\\\/?s={search_term_string}\"},\"query-input\":{\"@type\":\"PropertyValueSpecification\",\"valueRequired\":true,\"valueName\":\"search_term_string\"}}],\"inLanguage\":\"fr-FR\"},{\"@type\":\"Organization\",\"@id\":\"https:\\\/\\\/charleroi-pourlapalestine.be\\\/#organization\",\"name\":\"Plate-forme Charleroi-Palestine\",\"url\":\"https:\\\/\\\/charleroi-pourlapalestine.be\\\/\",\"logo\":{\"@type\":\"ImageObject\",\"inLanguage\":\"fr-FR\",\"@id\":\"https:\\\/\\\/charleroi-pourlapalestine.be\\\/#\\\/schema\\\/logo\\\/image\\\/\",\"url\":\"https:\\\/\\\/charleroi-pourlapalestine.be\\\/wp-content\\\/uploads\\\/2020\\\/01\\\/logo-Copy.jpg\",\"contentUrl\":\"https:\\\/\\\/charleroi-pourlapalestine.be\\\/wp-content\\\/uploads\\\/2020\\\/01\\\/logo-Copy.jpg\",\"width\":180,\"height\":180,\"caption\":\"Plate-forme Charleroi-Palestine\"},\"image\":{\"@id\":\"https:\\\/\\\/charleroi-pourlapalestine.be\\\/#\\\/schema\\\/logo\\\/image\\\/\"},\"sameAs\":[\"https:\\\/\\\/www.facebook.com\\\/PlateformeCharleroiPalestine\\\/\",\"https:\\\/\\\/x.com\\\/LaCharleroi\"]},{\"@type\":\"Person\",\"@id\":\"https:\\\/\\\/charleroi-pourlapalestine.be\\\/#\\\/schema\\\/person\\\/c19ff515112f1299d8c12671d8fe3faa\",\"name\":\"admin1873\",\"url\":\"https:\\\/\\\/charleroi-pourlapalestine.be\\\/index.php\\\/author\\\/admin1873\\\/\"}]}<\/script>\n<!-- \/ Yoast SEO plugin. -->","yoast_head_json":{"title":"Mourir pour quitter Gaza - Charleroi Pour la Palestine","description":"Mourir pour quitter Gaza : des jeunes risquent leur vie pour atteindre Beersheba o\u00f9 ils esp\u00e8rent de trouver du travail avec l'aide de proches","robots":{"index":"index","follow":"follow","max-snippet":"max-snippet:-1","max-image-preview":"max-image-preview:large","max-video-preview":"max-video-preview:-1"},"canonical":"https:\/\/charleroi-pourlapalestine.be\/index.php\/2020\/07\/31\/mourir-pour-quitter-gaza\/","schema":{"@context":"https:\/\/schema.org","@graph":[{"@type":"Article","@id":"https:\/\/charleroi-pourlapalestine.be\/index.php\/2020\/07\/31\/mourir-pour-quitter-gaza\/#article","isPartOf":{"@id":"https:\/\/charleroi-pourlapalestine.be\/index.php\/2020\/07\/31\/mourir-pour-quitter-gaza\/"},"author":{"name":"admin1873","@id":"https:\/\/charleroi-pourlapalestine.be\/#\/schema\/person\/c19ff515112f1299d8c12671d8fe3faa"},"headline":"Mourir pour quitter Gaza","datePublished":"2020-07-31T12:51:58+00:00","dateModified":"2020-07-31T12:57:03+00:00","mainEntityOfPage":{"@id":"https:\/\/charleroi-pourlapalestine.be\/index.php\/2020\/07\/31\/mourir-pour-quitter-gaza\/"},"wordCount":1194,"publisher":{"@id":"https:\/\/charleroi-pourlapalestine.be\/#organization"},"image":{"@id":"https:\/\/charleroi-pourlapalestine.be\/index.php\/2020\/07\/31\/mourir-pour-quitter-gaza\/#primaryimage"},"thumbnailUrl":"https:\/\/charleroi-pourlapalestine.be\/wp-content\/uploads\/2020\/07\/abed_rabbo_al-nabahin_mohammeds_father_holds_a_picture_of_muhammad_2-e1596111736259.jpg","articleSection":["Gaza","Occupation","Terrorisme d'Etat"],"inLanguage":"fr-FR"},{"@type":"WebPage","@id":"https:\/\/charleroi-pourlapalestine.be\/index.php\/2020\/07\/31\/mourir-pour-quitter-gaza\/","url":"https:\/\/charleroi-pourlapalestine.be\/index.php\/2020\/07\/31\/mourir-pour-quitter-gaza\/","name":"Mourir pour quitter Gaza - Charleroi Pour la Palestine","isPartOf":{"@id":"https:\/\/charleroi-pourlapalestine.be\/#website"},"primaryImageOfPage":{"@id":"https:\/\/charleroi-pourlapalestine.be\/index.php\/2020\/07\/31\/mourir-pour-quitter-gaza\/#primaryimage"},"image":{"@id":"https:\/\/charleroi-pourlapalestine.be\/index.php\/2020\/07\/31\/mourir-pour-quitter-gaza\/#primaryimage"},"thumbnailUrl":"https:\/\/charleroi-pourlapalestine.be\/wp-content\/uploads\/2020\/07\/abed_rabbo_al-nabahin_mohammeds_father_holds_a_picture_of_muhammad_2-e1596111736259.jpg","datePublished":"2020-07-31T12:51:58+00:00","dateModified":"2020-07-31T12:57:03+00:00","description":"Mourir pour quitter Gaza : des jeunes risquent leur vie pour atteindre Beersheba o\u00f9 ils esp\u00e8rent de trouver du travail avec l'aide de proches","breadcrumb":{"@id":"https:\/\/charleroi-pourlapalestine.be\/index.php\/2020\/07\/31\/mourir-pour-quitter-gaza\/#breadcrumb"},"inLanguage":"fr-FR","potentialAction":[{"@type":"ReadAction","target":["https:\/\/charleroi-pourlapalestine.be\/index.php\/2020\/07\/31\/mourir-pour-quitter-gaza\/"]}]},{"@type":"ImageObject","inLanguage":"fr-FR","@id":"https:\/\/charleroi-pourlapalestine.be\/index.php\/2020\/07\/31\/mourir-pour-quitter-gaza\/#primaryimage","url":"https:\/\/charleroi-pourlapalestine.be\/wp-content\/uploads\/2020\/07\/abed_rabbo_al-nabahin_mohammeds_father_holds_a_picture_of_muhammad_2-e1596111736259.jpg","contentUrl":"https:\/\/charleroi-pourlapalestine.be\/wp-content\/uploads\/2020\/07\/abed_rabbo_al-nabahin_mohammeds_father_holds_a_picture_of_muhammad_2-e1596111736259.jpg"},{"@type":"BreadcrumbList","@id":"https:\/\/charleroi-pourlapalestine.be\/index.php\/2020\/07\/31\/mourir-pour-quitter-gaza\/#breadcrumb","itemListElement":[{"@type":"ListItem","position":1,"name":"Accueil","item":"https:\/\/charleroi-pourlapalestine.be\/"},{"@type":"ListItem","position":2,"name":"Mourir pour quitter Gaza"}]},{"@type":"WebSite","@id":"https:\/\/charleroi-pourlapalestine.be\/#website","url":"https:\/\/charleroi-pourlapalestine.be\/","name":"Charleroi Pour la Palestine","description":"","publisher":{"@id":"https:\/\/charleroi-pourlapalestine.be\/#organization"},"potentialAction":[{"@type":"SearchAction","target":{"@type":"EntryPoint","urlTemplate":"https:\/\/charleroi-pourlapalestine.be\/?s={search_term_string}"},"query-input":{"@type":"PropertyValueSpecification","valueRequired":true,"valueName":"search_term_string"}}],"inLanguage":"fr-FR"},{"@type":"Organization","@id":"https:\/\/charleroi-pourlapalestine.be\/#organization","name":"Plate-forme Charleroi-Palestine","url":"https:\/\/charleroi-pourlapalestine.be\/","logo":{"@type":"ImageObject","inLanguage":"fr-FR","@id":"https:\/\/charleroi-pourlapalestine.be\/#\/schema\/logo\/image\/","url":"https:\/\/charleroi-pourlapalestine.be\/wp-content\/uploads\/2020\/01\/logo-Copy.jpg","contentUrl":"https:\/\/charleroi-pourlapalestine.be\/wp-content\/uploads\/2020\/01\/logo-Copy.jpg","width":180,"height":180,"caption":"Plate-forme Charleroi-Palestine"},"image":{"@id":"https:\/\/charleroi-pourlapalestine.be\/#\/schema\/logo\/image\/"},"sameAs":["https:\/\/www.facebook.com\/PlateformeCharleroiPalestine\/","https:\/\/x.com\/LaCharleroi"]},{"@type":"Person","@id":"https:\/\/charleroi-pourlapalestine.be\/#\/schema\/person\/c19ff515112f1299d8c12671d8fe3faa","name":"admin1873","url":"https:\/\/charleroi-pourlapalestine.be\/index.php\/author\/admin1873\/"}]}},"_links":{"self":[{"href":"https:\/\/charleroi-pourlapalestine.be\/index.php\/wp-json\/wp\/v2\/posts\/15493","targetHints":{"allow":["GET"]}}],"collection":[{"href":"https:\/\/charleroi-pourlapalestine.be\/index.php\/wp-json\/wp\/v2\/posts"}],"about":[{"href":"https:\/\/charleroi-pourlapalestine.be\/index.php\/wp-json\/wp\/v2\/types\/post"}],"author":[{"embeddable":true,"href":"https:\/\/charleroi-pourlapalestine.be\/index.php\/wp-json\/wp\/v2\/users\/1"}],"replies":[{"embeddable":true,"href":"https:\/\/charleroi-pourlapalestine.be\/index.php\/wp-json\/wp\/v2\/comments?post=15493"}],"version-history":[{"count":0,"href":"https:\/\/charleroi-pourlapalestine.be\/index.php\/wp-json\/wp\/v2\/posts\/15493\/revisions"}],"wp:attachment":[{"href":"https:\/\/charleroi-pourlapalestine.be\/index.php\/wp-json\/wp\/v2\/media?parent=15493"}],"wp:term":[{"taxonomy":"category","embeddable":true,"href":"https:\/\/charleroi-pourlapalestine.be\/index.php\/wp-json\/wp\/v2\/categories?post=15493"},{"taxonomy":"post_tag","embeddable":true,"href":"https:\/\/charleroi-pourlapalestine.be\/index.php\/wp-json\/wp\/v2\/tags?post=15493"}],"curies":[{"name":"wp","href":"https:\/\/api.w.org\/{rel}","templated":true}]}}