{"id":15556,"date":"2020-08-02T10:54:11","date_gmt":"2020-08-02T08:54:11","guid":{"rendered":"https:\/\/charleroi-pourlapalestine.be\/?p=15556"},"modified":"2020-08-03T21:43:26","modified_gmt":"2020-08-03T19:43:26","slug":"israel-arrete-mahmoud-nawajaa-le-coordinateur-de-bds","status":"publish","type":"post","link":"https:\/\/charleroi-pourlapalestine.be\/index.php\/2020\/08\/02\/israel-arrete-mahmoud-nawajaa-le-coordinateur-de-bds\/","title":{"rendered":"Isra\u00ebl arr\u00eate Mahmoud Nawajaa, le coordinateur de BDS"},"content":{"rendered":"<div class=\"et_post_meta_wrapper\">\n<p class=\"post-meta\"><span class=\"published\"><a href=\"https:\/\/charleroi-pourlapalestine.be\/index.php\/tag\/ali-abunimah\/\">Ali Abunimah<\/a>, 30 juillet 2020<\/span><\/p>\n<div id=\"attachment_15560\" style=\"width: 428px\" class=\"wp-caption aligncenter\"><img loading=\"lazy\" decoding=\"async\" aria-describedby=\"caption-attachment-15560\" class=\"wp-image-15560 size-full\" src=\"https:\/\/charleroi-pourlapalestine.be\/wp-content\/uploads\/2020\/08\/Mahmoud-Nawajaa-e1596358118188.jpg\" alt=\"Mahmoud Nawajaa\" width=\"418\" height=\"320\"><p id=\"caption-attachment-15560\" class=\"wp-caption-text\">Mahmoud Nawajaa<\/p><\/div>\n<\/div>\n<div class=\"entry-content\">\n<div class=\"heateorSssClear\">&nbsp;<\/div>\n<div class=\"heateor_sss_sharing_container heateor_sss_horizontal_sharing\">\n<div class=\"heateor_sss_sharing_title\">Les forces d\u2019occupation isra\u00e9liennes ont arr\u00eat\u00e9 <strong>Mahmoud Nawajaa<\/strong>, le coordinateur g\u00e9n\u00e9ral du mouvement BDS \u2013 boycott, d\u00e9sinvestissement et sanctions \u2013 lors d\u2019un raid nocturne en d\u00e9but de journ\u00e9e jeudi.<\/div>\n<div>&nbsp;<\/div>\n<\/div>\n<p>Vers 3h30 du matin, des dizaines de soldats isra\u00e9liens, accompagn\u00e9s d\u2019au moins un chien, ont pris d\u2019assaut la maison de Mahmoud Nawajaa,<em> \u00ab&nbsp;le menottant, lui bandant les yeux et l\u2019emmenant loin de sa femme et de ses trois jeunes enfants&nbsp;\u00bb<\/em>, <a href=\"https:\/\/bdsmovement.net\/news\/freemahmoud-israeli-occupation-forces-arrest-bds-coordinator-mahmoud-nawajaa-during-night-raid\">a d\u00e9clar\u00e9 le Comit\u00e9 national du BDS (BNC)<\/a>.<\/p>\n<p>Cette vid\u00e9o publi\u00e9e par le BNC montre Nawajaa, 34 ans, alors qu\u2019il est emmen\u00e9 les yeux band\u00e9s par des soldats arm\u00e9s :<\/p>\n<div id=\"file-94541\" class=\"file file-video file-video-oembed oembed-video oembed-default oembed-youtube\">\n<div class=\"oembed-content oembed-fluid\"><iframe loading=\"lazy\" src=\"https:\/\/www.youtube.com\/embed\/B8T12tL4fGc?feature=oembed\" allowfullscreen=\"allowfullscreen\" data-mce-fragment=\"1\" width=\"560\" height=\"315\" frameborder=\"0\"><\/iframe><\/div>\n<\/div>\n<\/div>\n<div class=\"entry-content\">\n<p>L\u2019arrestation ne s\u2019est pas faite sans protestations, notamment de la part des deux enfants plus \u00e2g\u00e9s de Nawajaa, 9 et 7 ans, qui ont cri\u00e9 sur les soldats, a ajout\u00e9 le BNC. Le fils a\u00een\u00e9 a dit : <em>\u00ab&nbsp;Laissez papa tranquille. Sortez. Ton chien ne me fait pas peur.&nbsp;\u00bb<\/em><\/p>\n<p>Le BNC a not\u00e9 qu\u2019en vertu de la Convention des Nations unies sur l\u2019\u00e9limination et la r\u00e9pression du crime d\u2019apartheid, la <em>\u00ab&nbsp;pers\u00e9cution d\u2019organisations et de personnes, en les privant de leurs droits et libert\u00e9s fondamentaux, parce qu\u2019elles s\u2019opposent \u00e0 l\u2019apartheid&nbsp;\u00bb<\/em>, est l\u2019un des actes inhumains commis pour maintenir un syst\u00e8me d\u2019apartheid.<\/p>\n<p>Nawajaa a fr\u00e9quemment condamn\u00e9 l\u2019apartheid isra\u00e9lien dans le cadre de son travail avec le BNC.<\/p>\n<p><a href=\"https:\/\/electronicintifada.net\/tags\/omar-barghouti\">Omar Barghouti<\/a>, co-fondateur du mouvement BDS, a appel\u00e9 \u00e0 une pression internationale sur Isra\u00ebl pour que Nawajaa soit imm\u00e9diatement lib\u00e9r\u00e9.<\/p>\n<p><em>\u00ab&nbsp;Mahmoud est un grand d\u00e9fenseur des droits de l\u2019homme palestinien qui est tr\u00e8s estim\u00e9 en Palestine et dans le monde entier pour sa d\u00e9fense inlassable et passionn\u00e9e des droits des Palestiniens&nbsp;\u00bb<\/em>, a d\u00e9clar\u00e9 Barghouti.<\/p>\n<p><em>\u00ab&nbsp;Le r\u00e9gime isra\u00e9lien d\u2019occupation militaire, de colonisation et d\u2019apartheid tente d\u00e9sesp\u00e9r\u00e9ment de terroriser les militants palestiniens du BDS et leurs familles, apr\u00e8s avoir \u00e9chou\u00e9 \u00e0 ralentir la croissance du mouvement&nbsp;\u00bb<\/em>, a ajout\u00e9 M. Barghouti.<\/p>\n<p><em>\u00ab&nbsp;Nous appelons tous les militants BDS du monde entier \u00e0 renforcer encore la campagne BDS afin de tenir Isra\u00ebl pour responsable&nbsp;\u00bb<\/em>.<\/p>\n<p>Barghouti lui-m\u00eame a longtemps \u00e9t\u00e9 la cible de harc\u00e8lement et de restrictions de la part du gouvernement isra\u00e9lien et de ses alli\u00e9s <a href=\"https:\/\/electronicintifada.net\/blogs\/ali-abunimah\/uk-blocks-visit-bds-co-founder-omar-barghouti\">britanniques<\/a> et <a href=\"https:\/\/www.npr.org\/2019\/04\/11\/712189791\/u-s-denies-entry-to-leader-of-movement-to-boycott-israel?t=1596127875010\">am\u00e9ricains<\/a>.<\/p>\n<p><em>\u00ab&nbsp;Alors qu\u2019Isra\u00ebl devient un mod\u00e8le pour l\u2019extr\u00eame droite raciste et autoritaire, le BDS devient un \u00e9l\u00e9ment cl\u00e9 de la vague progressiste mondiale qui se bat pour la justice indig\u00e8ne, raciale, \u00e9conomique, sociale, de genre et climatique&nbsp;\u00bb<\/em>, a affirm\u00e9 Barghouti.<\/p>\n<p>Il a r\u00e9affirm\u00e9 le r\u00e9cent appel de la soci\u00e9t\u00e9 civile palestinienne \u00e0 des sanctions contre Isra\u00ebl <em>\u00ab&nbsp;pour mettre fin aux crimes de guerre, aux crimes contre l\u2019humanit\u00e9 et \u00e0 l\u2019ensemble du r\u00e9gime d\u2019oppression des Palestiniens indig\u00e8nes&nbsp;\u00bb<\/em>.<\/p>\n<p><em>\u00ab&nbsp;Seul cela peut nous aider \u00e0 atteindre la libert\u00e9, la justice et l\u2019\u00e9galit\u00e9.&nbsp;\u00bb<\/em><\/p>\n<hr>\n<p>Publi\u00e9 le 30 juillet 2020 sur <a href=\"https:\/\/electronicintifada.net\/blogs\/ali-abunimah\/israel-arrests-bds-coordinator-night-raid\">The Electronic Intifada<\/a><br>Traduction :<a href=\"https:\/\/palestinevaincra.com\/2020\/07\/israel-arrete-le-coordinateur-de-bds-lors-dun-raid-nocturne\/\" target=\"_blank\" rel=\"noopener noreferrer\"> Collectif Palestine Vaincra<\/a><\/p>\n<p class=\"field-label field field-tag\">Traduction : Jean-Marie Fl\u00e9mal<\/p>\n<div class=\"pf-content\">\n<p><img loading=\"lazy\" decoding=\"async\" class=\"alignleft wp-image-2800 size-thumbnail\" src=\"https:\/\/charleroi-pourlapalestine.be\/wp-content\/uploads\/2020\/01\/Ali-Abunimah-Copy-150x150.jpg\" sizes=\"auto, (max-width: 150px) 100vw, 150px\" srcset=\"https:\/\/charleroi-pourlapalestine.be\/wp-content\/uploads\/2020\/01\/Ali-Abunimah-Copy-150x150.jpg 150w, https:\/\/charleroi-pourlapalestine.be\/wp-content\/uploads\/2020\/01\/Ali-Abunimah-Copy-160x160.jpg 160w\" alt=\"\" width=\"150\" height=\"150\"><strong>Ali Abunimah,<\/strong> cofondateur de <a href=\"https:\/\/electronicintifada.net\/blogs\/ali-abunimah\/israel-arrests-bds-coordinator-night-raid\" target=\"_blank\" rel=\"noopener noreferrer\"><em>The Electronic Intifada<\/em><\/a>, est l\u2019auteur de <em>The Battle for Justice in Palestine<\/em>, paru chez Haymarket Books.<\/p>\n<p>Il a aussi \u00e9crit : <em>One Country: A Bold Proposal to end the Israeli-Palestinian Impasse.<\/em><\/p>\n<\/div>\n<\/div>\n\n\n<p><\/p>\n","protected":false},"excerpt":{"rendered":"<p>Les forces d\u2019occupation isra\u00e9liennes ont arr\u00eat\u00e9 Mahmoud Nawaja, le coordinateur g\u00e9n\u00e9ral du mouvement BDS lors d\u2019un raid nocturne<\/p>\n","protected":false},"author":1,"featured_media":15560,"comment_status":"closed","ping_status":"closed","sticky":false,"template":"","format":"standard","meta":{"ngg_post_thumbnail":0,"footnotes":""},"categories":[90,47,13],"tags":[],"class_list":["post-15556","post","type-post","status-publish","format-standard","has-post-thumbnail","hentry","category-bds","category-loccupation-militaire","category-les-prisionners-palestiniens"],"yoast_head":"<!-- This site is optimized with the Yoast SEO plugin v27.3 - https:\/\/yoast.com\/product\/yoast-seo-wordpress\/ -->\n<title>Isra\u00ebl arr\u00eate Mahmoud Nawajaa, le coordinateur de BDS<\/title>\n<meta name=\"description\" content=\"Les forces d\u2019occupation isra\u00e9liennes ont arr\u00eat\u00e9 Mahmoud Nawajaa, le coordinateur g\u00e9n\u00e9ral du mouvement BDS lors d\u2019un raid nocturne\" \/>\n<meta name=\"robots\" content=\"index, follow, max-snippet:-1, max-image-preview:large, max-video-preview:-1\" \/>\n<link rel=\"canonical\" href=\"https:\/\/charleroi-pourlapalestine.be\/index.php\/2020\/08\/02\/israel-arrete-mahmoud-nawajaa-le-coordinateur-de-bds\/\" \/>\n<script type=\"application\/ld+json\" class=\"yoast-schema-graph\">{\"@context\":\"https:\\\/\\\/schema.org\",\"@graph\":[{\"@type\":\"Article\",\"@id\":\"https:\\\/\\\/charleroi-pourlapalestine.be\\\/index.php\\\/2020\\\/08\\\/02\\\/israel-arrete-mahmoud-nawajaa-le-coordinateur-de-bds\\\/#article\",\"isPartOf\":{\"@id\":\"https:\\\/\\\/charleroi-pourlapalestine.be\\\/index.php\\\/2020\\\/08\\\/02\\\/israel-arrete-mahmoud-nawajaa-le-coordinateur-de-bds\\\/\"},\"author\":{\"name\":\"admin1873\",\"@id\":\"https:\\\/\\\/charleroi-pourlapalestine.be\\\/#\\\/schema\\\/person\\\/c19ff515112f1299d8c12671d8fe3faa\"},\"headline\":\"Isra\u00ebl arr\u00eate Mahmoud Nawajaa, le coordinateur de BDS\",\"datePublished\":\"2020-08-02T08:54:11+00:00\",\"dateModified\":\"2020-08-03T19:43:26+00:00\",\"mainEntityOfPage\":{\"@id\":\"https:\\\/\\\/charleroi-pourlapalestine.be\\\/index.php\\\/2020\\\/08\\\/02\\\/israel-arrete-mahmoud-nawajaa-le-coordinateur-de-bds\\\/\"},\"wordCount\":594,\"publisher\":{\"@id\":\"https:\\\/\\\/charleroi-pourlapalestine.be\\\/#organization\"},\"image\":{\"@id\":\"https:\\\/\\\/charleroi-pourlapalestine.be\\\/index.php\\\/2020\\\/08\\\/02\\\/israel-arrete-mahmoud-nawajaa-le-coordinateur-de-bds\\\/#primaryimage\"},\"thumbnailUrl\":\"https:\\\/\\\/charleroi-pourlapalestine.be\\\/wp-content\\\/uploads\\\/2020\\\/08\\\/Mahmoud-Nawajaa-e1596358118188.jpg\",\"articleSection\":[\"BDS\",\"Occupation\",\"Prisonniers\"],\"inLanguage\":\"fr-FR\"},{\"@type\":\"WebPage\",\"@id\":\"https:\\\/\\\/charleroi-pourlapalestine.be\\\/index.php\\\/2020\\\/08\\\/02\\\/israel-arrete-mahmoud-nawajaa-le-coordinateur-de-bds\\\/\",\"url\":\"https:\\\/\\\/charleroi-pourlapalestine.be\\\/index.php\\\/2020\\\/08\\\/02\\\/israel-arrete-mahmoud-nawajaa-le-coordinateur-de-bds\\\/\",\"name\":\"Isra\u00ebl arr\u00eate Mahmoud Nawajaa, le coordinateur de BDS\",\"isPartOf\":{\"@id\":\"https:\\\/\\\/charleroi-pourlapalestine.be\\\/#website\"},\"primaryImageOfPage\":{\"@id\":\"https:\\\/\\\/charleroi-pourlapalestine.be\\\/index.php\\\/2020\\\/08\\\/02\\\/israel-arrete-mahmoud-nawajaa-le-coordinateur-de-bds\\\/#primaryimage\"},\"image\":{\"@id\":\"https:\\\/\\\/charleroi-pourlapalestine.be\\\/index.php\\\/2020\\\/08\\\/02\\\/israel-arrete-mahmoud-nawajaa-le-coordinateur-de-bds\\\/#primaryimage\"},\"thumbnailUrl\":\"https:\\\/\\\/charleroi-pourlapalestine.be\\\/wp-content\\\/uploads\\\/2020\\\/08\\\/Mahmoud-Nawajaa-e1596358118188.jpg\",\"datePublished\":\"2020-08-02T08:54:11+00:00\",\"dateModified\":\"2020-08-03T19:43:26+00:00\",\"description\":\"Les forces d\u2019occupation isra\u00e9liennes ont arr\u00eat\u00e9 Mahmoud Nawajaa, le coordinateur g\u00e9n\u00e9ral du mouvement BDS lors d\u2019un raid nocturne\",\"breadcrumb\":{\"@id\":\"https:\\\/\\\/charleroi-pourlapalestine.be\\\/index.php\\\/2020\\\/08\\\/02\\\/israel-arrete-mahmoud-nawajaa-le-coordinateur-de-bds\\\/#breadcrumb\"},\"inLanguage\":\"fr-FR\",\"potentialAction\":[{\"@type\":\"ReadAction\",\"target\":[\"https:\\\/\\\/charleroi-pourlapalestine.be\\\/index.php\\\/2020\\\/08\\\/02\\\/israel-arrete-mahmoud-nawajaa-le-coordinateur-de-bds\\\/\"]}]},{\"@type\":\"ImageObject\",\"inLanguage\":\"fr-FR\",\"@id\":\"https:\\\/\\\/charleroi-pourlapalestine.be\\\/index.php\\\/2020\\\/08\\\/02\\\/israel-arrete-mahmoud-nawajaa-le-coordinateur-de-bds\\\/#primaryimage\",\"url\":\"https:\\\/\\\/charleroi-pourlapalestine.be\\\/wp-content\\\/uploads\\\/2020\\\/08\\\/Mahmoud-Nawajaa-e1596358118188.jpg\",\"contentUrl\":\"https:\\\/\\\/charleroi-pourlapalestine.be\\\/wp-content\\\/uploads\\\/2020\\\/08\\\/Mahmoud-Nawajaa-e1596358118188.jpg\",\"width\":418,\"height\":320},{\"@type\":\"BreadcrumbList\",\"@id\":\"https:\\\/\\\/charleroi-pourlapalestine.be\\\/index.php\\\/2020\\\/08\\\/02\\\/israel-arrete-mahmoud-nawajaa-le-coordinateur-de-bds\\\/#breadcrumb\",\"itemListElement\":[{\"@type\":\"ListItem\",\"position\":1,\"name\":\"Accueil\",\"item\":\"https:\\\/\\\/charleroi-pourlapalestine.be\\\/\"},{\"@type\":\"ListItem\",\"position\":2,\"name\":\"Isra\u00ebl arr\u00eate Mahmoud Nawajaa, le coordinateur de BDS\"}]},{\"@type\":\"WebSite\",\"@id\":\"https:\\\/\\\/charleroi-pourlapalestine.be\\\/#website\",\"url\":\"https:\\\/\\\/charleroi-pourlapalestine.be\\\/\",\"name\":\"Charleroi Pour la Palestine\",\"description\":\"\",\"publisher\":{\"@id\":\"https:\\\/\\\/charleroi-pourlapalestine.be\\\/#organization\"},\"potentialAction\":[{\"@type\":\"SearchAction\",\"target\":{\"@type\":\"EntryPoint\",\"urlTemplate\":\"https:\\\/\\\/charleroi-pourlapalestine.be\\\/?s={search_term_string}\"},\"query-input\":{\"@type\":\"PropertyValueSpecification\",\"valueRequired\":true,\"valueName\":\"search_term_string\"}}],\"inLanguage\":\"fr-FR\"},{\"@type\":\"Organization\",\"@id\":\"https:\\\/\\\/charleroi-pourlapalestine.be\\\/#organization\",\"name\":\"Plate-forme Charleroi-Palestine\",\"url\":\"https:\\\/\\\/charleroi-pourlapalestine.be\\\/\",\"logo\":{\"@type\":\"ImageObject\",\"inLanguage\":\"fr-FR\",\"@id\":\"https:\\\/\\\/charleroi-pourlapalestine.be\\\/#\\\/schema\\\/logo\\\/image\\\/\",\"url\":\"https:\\\/\\\/charleroi-pourlapalestine.be\\\/wp-content\\\/uploads\\\/2020\\\/01\\\/logo-Copy.jpg\",\"contentUrl\":\"https:\\\/\\\/charleroi-pourlapalestine.be\\\/wp-content\\\/uploads\\\/2020\\\/01\\\/logo-Copy.jpg\",\"width\":180,\"height\":180,\"caption\":\"Plate-forme Charleroi-Palestine\"},\"image\":{\"@id\":\"https:\\\/\\\/charleroi-pourlapalestine.be\\\/#\\\/schema\\\/logo\\\/image\\\/\"},\"sameAs\":[\"https:\\\/\\\/www.facebook.com\\\/PlateformeCharleroiPalestine\\\/\",\"https:\\\/\\\/x.com\\\/LaCharleroi\"]},{\"@type\":\"Person\",\"@id\":\"https:\\\/\\\/charleroi-pourlapalestine.be\\\/#\\\/schema\\\/person\\\/c19ff515112f1299d8c12671d8fe3faa\",\"name\":\"admin1873\",\"url\":\"https:\\\/\\\/charleroi-pourlapalestine.be\\\/index.php\\\/author\\\/admin1873\\\/\"}]}<\/script>\n<!-- \/ Yoast SEO plugin. -->","yoast_head_json":{"title":"Isra\u00ebl arr\u00eate Mahmoud Nawajaa, le coordinateur de BDS","description":"Les forces d\u2019occupation isra\u00e9liennes ont arr\u00eat\u00e9 Mahmoud Nawajaa, le coordinateur g\u00e9n\u00e9ral du mouvement BDS lors d\u2019un raid nocturne","robots":{"index":"index","follow":"follow","max-snippet":"max-snippet:-1","max-image-preview":"max-image-preview:large","max-video-preview":"max-video-preview:-1"},"canonical":"https:\/\/charleroi-pourlapalestine.be\/index.php\/2020\/08\/02\/israel-arrete-mahmoud-nawajaa-le-coordinateur-de-bds\/","schema":{"@context":"https:\/\/schema.org","@graph":[{"@type":"Article","@id":"https:\/\/charleroi-pourlapalestine.be\/index.php\/2020\/08\/02\/israel-arrete-mahmoud-nawajaa-le-coordinateur-de-bds\/#article","isPartOf":{"@id":"https:\/\/charleroi-pourlapalestine.be\/index.php\/2020\/08\/02\/israel-arrete-mahmoud-nawajaa-le-coordinateur-de-bds\/"},"author":{"name":"admin1873","@id":"https:\/\/charleroi-pourlapalestine.be\/#\/schema\/person\/c19ff515112f1299d8c12671d8fe3faa"},"headline":"Isra\u00ebl arr\u00eate Mahmoud Nawajaa, le coordinateur de BDS","datePublished":"2020-08-02T08:54:11+00:00","dateModified":"2020-08-03T19:43:26+00:00","mainEntityOfPage":{"@id":"https:\/\/charleroi-pourlapalestine.be\/index.php\/2020\/08\/02\/israel-arrete-mahmoud-nawajaa-le-coordinateur-de-bds\/"},"wordCount":594,"publisher":{"@id":"https:\/\/charleroi-pourlapalestine.be\/#organization"},"image":{"@id":"https:\/\/charleroi-pourlapalestine.be\/index.php\/2020\/08\/02\/israel-arrete-mahmoud-nawajaa-le-coordinateur-de-bds\/#primaryimage"},"thumbnailUrl":"https:\/\/charleroi-pourlapalestine.be\/wp-content\/uploads\/2020\/08\/Mahmoud-Nawajaa-e1596358118188.jpg","articleSection":["BDS","Occupation","Prisonniers"],"inLanguage":"fr-FR"},{"@type":"WebPage","@id":"https:\/\/charleroi-pourlapalestine.be\/index.php\/2020\/08\/02\/israel-arrete-mahmoud-nawajaa-le-coordinateur-de-bds\/","url":"https:\/\/charleroi-pourlapalestine.be\/index.php\/2020\/08\/02\/israel-arrete-mahmoud-nawajaa-le-coordinateur-de-bds\/","name":"Isra\u00ebl arr\u00eate Mahmoud Nawajaa, le coordinateur de BDS","isPartOf":{"@id":"https:\/\/charleroi-pourlapalestine.be\/#website"},"primaryImageOfPage":{"@id":"https:\/\/charleroi-pourlapalestine.be\/index.php\/2020\/08\/02\/israel-arrete-mahmoud-nawajaa-le-coordinateur-de-bds\/#primaryimage"},"image":{"@id":"https:\/\/charleroi-pourlapalestine.be\/index.php\/2020\/08\/02\/israel-arrete-mahmoud-nawajaa-le-coordinateur-de-bds\/#primaryimage"},"thumbnailUrl":"https:\/\/charleroi-pourlapalestine.be\/wp-content\/uploads\/2020\/08\/Mahmoud-Nawajaa-e1596358118188.jpg","datePublished":"2020-08-02T08:54:11+00:00","dateModified":"2020-08-03T19:43:26+00:00","description":"Les forces d\u2019occupation isra\u00e9liennes ont arr\u00eat\u00e9 Mahmoud Nawajaa, le coordinateur g\u00e9n\u00e9ral du mouvement BDS lors d\u2019un raid nocturne","breadcrumb":{"@id":"https:\/\/charleroi-pourlapalestine.be\/index.php\/2020\/08\/02\/israel-arrete-mahmoud-nawajaa-le-coordinateur-de-bds\/#breadcrumb"},"inLanguage":"fr-FR","potentialAction":[{"@type":"ReadAction","target":["https:\/\/charleroi-pourlapalestine.be\/index.php\/2020\/08\/02\/israel-arrete-mahmoud-nawajaa-le-coordinateur-de-bds\/"]}]},{"@type":"ImageObject","inLanguage":"fr-FR","@id":"https:\/\/charleroi-pourlapalestine.be\/index.php\/2020\/08\/02\/israel-arrete-mahmoud-nawajaa-le-coordinateur-de-bds\/#primaryimage","url":"https:\/\/charleroi-pourlapalestine.be\/wp-content\/uploads\/2020\/08\/Mahmoud-Nawajaa-e1596358118188.jpg","contentUrl":"https:\/\/charleroi-pourlapalestine.be\/wp-content\/uploads\/2020\/08\/Mahmoud-Nawajaa-e1596358118188.jpg","width":418,"height":320},{"@type":"BreadcrumbList","@id":"https:\/\/charleroi-pourlapalestine.be\/index.php\/2020\/08\/02\/israel-arrete-mahmoud-nawajaa-le-coordinateur-de-bds\/#breadcrumb","itemListElement":[{"@type":"ListItem","position":1,"name":"Accueil","item":"https:\/\/charleroi-pourlapalestine.be\/"},{"@type":"ListItem","position":2,"name":"Isra\u00ebl arr\u00eate Mahmoud Nawajaa, le coordinateur de BDS"}]},{"@type":"WebSite","@id":"https:\/\/charleroi-pourlapalestine.be\/#website","url":"https:\/\/charleroi-pourlapalestine.be\/","name":"Charleroi Pour la Palestine","description":"","publisher":{"@id":"https:\/\/charleroi-pourlapalestine.be\/#organization"},"potentialAction":[{"@type":"SearchAction","target":{"@type":"EntryPoint","urlTemplate":"https:\/\/charleroi-pourlapalestine.be\/?s={search_term_string}"},"query-input":{"@type":"PropertyValueSpecification","valueRequired":true,"valueName":"search_term_string"}}],"inLanguage":"fr-FR"},{"@type":"Organization","@id":"https:\/\/charleroi-pourlapalestine.be\/#organization","name":"Plate-forme Charleroi-Palestine","url":"https:\/\/charleroi-pourlapalestine.be\/","logo":{"@type":"ImageObject","inLanguage":"fr-FR","@id":"https:\/\/charleroi-pourlapalestine.be\/#\/schema\/logo\/image\/","url":"https:\/\/charleroi-pourlapalestine.be\/wp-content\/uploads\/2020\/01\/logo-Copy.jpg","contentUrl":"https:\/\/charleroi-pourlapalestine.be\/wp-content\/uploads\/2020\/01\/logo-Copy.jpg","width":180,"height":180,"caption":"Plate-forme Charleroi-Palestine"},"image":{"@id":"https:\/\/charleroi-pourlapalestine.be\/#\/schema\/logo\/image\/"},"sameAs":["https:\/\/www.facebook.com\/PlateformeCharleroiPalestine\/","https:\/\/x.com\/LaCharleroi"]},{"@type":"Person","@id":"https:\/\/charleroi-pourlapalestine.be\/#\/schema\/person\/c19ff515112f1299d8c12671d8fe3faa","name":"admin1873","url":"https:\/\/charleroi-pourlapalestine.be\/index.php\/author\/admin1873\/"}]}},"_links":{"self":[{"href":"https:\/\/charleroi-pourlapalestine.be\/index.php\/wp-json\/wp\/v2\/posts\/15556","targetHints":{"allow":["GET"]}}],"collection":[{"href":"https:\/\/charleroi-pourlapalestine.be\/index.php\/wp-json\/wp\/v2\/posts"}],"about":[{"href":"https:\/\/charleroi-pourlapalestine.be\/index.php\/wp-json\/wp\/v2\/types\/post"}],"author":[{"embeddable":true,"href":"https:\/\/charleroi-pourlapalestine.be\/index.php\/wp-json\/wp\/v2\/users\/1"}],"replies":[{"embeddable":true,"href":"https:\/\/charleroi-pourlapalestine.be\/index.php\/wp-json\/wp\/v2\/comments?post=15556"}],"version-history":[{"count":0,"href":"https:\/\/charleroi-pourlapalestine.be\/index.php\/wp-json\/wp\/v2\/posts\/15556\/revisions"}],"wp:featuredmedia":[{"embeddable":true,"href":"https:\/\/charleroi-pourlapalestine.be\/index.php\/wp-json\/wp\/v2\/media\/15560"}],"wp:attachment":[{"href":"https:\/\/charleroi-pourlapalestine.be\/index.php\/wp-json\/wp\/v2\/media?parent=15556"}],"wp:term":[{"taxonomy":"category","embeddable":true,"href":"https:\/\/charleroi-pourlapalestine.be\/index.php\/wp-json\/wp\/v2\/categories?post=15556"},{"taxonomy":"post_tag","embeddable":true,"href":"https:\/\/charleroi-pourlapalestine.be\/index.php\/wp-json\/wp\/v2\/tags?post=15556"}],"curies":[{"name":"wp","href":"https:\/\/api.w.org\/{rel}","templated":true}]}}