{"id":15735,"date":"2020-08-07T09:11:03","date_gmt":"2020-08-07T07:11:03","guid":{"rendered":"https:\/\/charleroi-pourlapalestine.be\/?p=15735"},"modified":"2020-08-07T09:32:08","modified_gmt":"2020-08-07T07:32:08","slug":"israel-destructeur-du-liban-se-pose-comme-son-sauveur","status":"publish","type":"post","link":"https:\/\/charleroi-pourlapalestine.be\/index.php\/2020\/08\/07\/israel-destructeur-du-liban-se-pose-comme-son-sauveur\/","title":{"rendered":"Isra\u00ebl, destructeur du Liban, se pose comme son sauveur"},"content":{"rendered":"<div id=\"left-area\">\n<article id=\"post-5621\" class=\"et_pb_post post-5621 post type-post status-publish format-standard has-post-thumbnail hentry category-sionisme-antisionisme\">\n<div class=\"et_post_meta_wrapper\">\n<p class=\"entry-title\">M\u00eame au milieu de la catastrophe, l\u2019hypocrisie d\u2019Isra\u00ebl ne conna\u00eet pas de limites.<\/p>\n<div id=\"attachment_15739\" style=\"width: 495px\" class=\"wp-caption aligncenter\"><img loading=\"lazy\" decoding=\"async\" aria-describedby=\"caption-attachment-15739\" class=\"wp-image-15739 size-full\" src=\"https:\/\/charleroi-pourlapalestine.be\/wp-content\/uploads\/2020\/08\/aptopix_mideast_israel_lebanon-e1596765892506.jpg\" alt=\"17 juillet 2006. De jeunes Isra\u00e9liennes de Kiryat Shmona, dans le nord d'Isra\u00ebl, \u00e9crivent des messages sur de lourds obus d'artillerie avant qu'ils ne soient tir\u00e9s vers le Liban. L'offensive isra\u00e9lienne de cet \u00e9t\u00e9-l\u00e0 visait les civils et les infrastructures, causant des morts et des destructions en masse. \" width=\"485\" height=\"320\"><p id=\"caption-attachment-15739\" class=\"wp-caption-text\">17 juillet 2006. De jeunes Isra\u00e9liennes de Kiryat Shmona, dans le nord d&rsquo;Isra\u00ebl, \u00e9crivent des messages sur de lourds obus d&rsquo;artillerie avant qu&rsquo;ils ne soient tir\u00e9s vers le Liban. L&rsquo;offensive isra\u00e9lienne de cet \u00e9t\u00e9-l\u00e0 visait les civils et les infrastructures, causant des morts et des destructions en masse.<\/p><\/div>\n<\/div>\n<div class=\"entry-content\">\n<div class=\"heateor_sss_sharing_container heateor_sss_horizontal_sharing\">\n<div class=\"heateorSssClear\">&nbsp;<\/div>\n<\/div>\n<div class=\"et_post_meta_wrapper\">&nbsp;<\/div>\n<div class=\"entry-content\">\n<div class=\"heateor_sss_sharing_container heateor_sss_horizontal_sharing\">\n<div class=\"heateorSssClear\">&nbsp;<\/div>\n<\/div>\n<\/div>\n<p><strong>Tamara Nassar<\/strong>, le 6 ao\u00fbt 2020<\/p>\n<p>Une explosion massive a secou\u00e9 Beyrouth mardi, tuant au moins 135 personnes, en blessant plus de 5 000 et d\u00e9pla\u00e7ant des centaines de milliers d\u2019autres.<\/p>\n<p>Le nombre de morts va probablement augmenter alors que les sauveteurs fouillent la capitale libanaise d\u00e9vast\u00e9e.<br>L\u2019explosion n\u2019a gu\u00e8re \u00e9pargn\u00e9, les citoyens ayant post\u00e9 des photos et des vid\u00e9os de maisons d\u00e9truites, de voitures endommag\u00e9es et d\u2019immeubles effondr\u00e9s dans toute la ville.<br>Les causes de l\u2019explosion font toujours l\u2019objet d\u2019une enqu\u00eate. Les autorit\u00e9s libanaises l\u2019ont reli\u00e9e \u00e0 2 750 tonnes de nitrate d\u2019ammonium stock\u00e9es depuis six ans dans des entrep\u00f4ts du port sans pr\u00e9cautions de s\u00e9curit\u00e9.<\/p>\n<p>Aujourd\u2019hui, Isra\u00ebl exploite cette trag\u00e9die pour effacer ses propres crimes contre le <a href=\"https:\/\/charleroi-pourlapalestine.be\/index.php\/category\/le-monde-et-la-palestine\/le-monde-arabe\/liban\/\">Liban<\/a>, d\u00e9tourner l\u2019attention de l\u2019occupation militaire et polir son image \u2013 une strat\u00e9gie de propagande appel\u00e9e <em>\u00ab&nbsp;bluewashing&nbsp;\u00bb.<\/em><\/p>\n<h3><strong>Bluewashing<\/strong><\/h3>\n<p>Isra\u00ebl a annonc\u00e9 qu\u2019il offrait au Liban une aide humanitaire par la voie diplomatique.<\/p>\n<div class=\"et_post_video\">\n<div class=\"twitter-tweet twitter-tweet-rendered\"><iframe id=\"twitter-widget-1\" class=\"\" title=\"Twitter Tweet\" src=\"https:\/\/platform.twitter.com\/embed\/index.html?dnt=true&amp;embedId=twitter-widget-1&amp;frame=false&amp;hideCard=false&amp;hideThread=false&amp;id=1290728299841433600&amp;lang=fr&amp;origin=https%3A%2F%2Fpalestinevaincra.com%2F2020%2F08%2Fisrael-destructeur-du-liban-se-pose-comme-son-sauveur%2F&amp;siteScreenName=CollectifPV&amp;theme=light&amp;widgetsVersion=223fc1c4%3A1596143124634&amp;width=550px\" scrolling=\"no\" allowfullscreen=\"allowfullscreen\" data-tweet-id=\"1290728299841433600\" data-mce-fragment=\"1\" frameborder=\"0\"><\/iframe><\/div>\n<\/div>\n<div class=\"et_post_video\">\n<div class=\"twitter-tweet twitter-tweet-rendered\"><iframe id=\"twitter-widget-2\" class=\"\" title=\"Twitter Tweet\" src=\"https:\/\/platform.twitter.com\/embed\/index.html?dnt=true&amp;embedId=twitter-widget-2&amp;frame=false&amp;hideCard=false&amp;hideThread=false&amp;id=1290738929239547909&amp;lang=fr&amp;origin=https%3A%2F%2Fpalestinevaincra.com%2F2020%2F08%2Fisrael-destructeur-du-liban-se-pose-comme-son-sauveur%2F&amp;siteScreenName=CollectifPV&amp;theme=light&amp;widgetsVersion=223fc1c4%3A1596143124634&amp;width=550px\" scrolling=\"no\" allowfullscreen=\"allowfullscreen\" data-tweet-id=\"1290738929239547909\" data-mce-fragment=\"1\" frameborder=\"0\"><\/iframe><\/div>\n<\/div>\n<div class=\"et_post_video\">\n<div class=\"twitter-tweet twitter-tweet-rendered\"><iframe id=\"twitter-widget-3\" class=\"\" title=\"Twitter Tweet\" src=\"https:\/\/platform.twitter.com\/embed\/index.html?dnt=true&amp;embedId=twitter-widget-3&amp;frame=false&amp;hideCard=false&amp;hideThread=false&amp;id=1290733776922968064&amp;lang=fr&amp;origin=https%3A%2F%2Fpalestinevaincra.com%2F2020%2F08%2Fisrael-destructeur-du-liban-se-pose-comme-son-sauveur%2F&amp;siteScreenName=CollectifPV&amp;theme=light&amp;widgetsVersion=223fc1c4%3A1596143124634&amp;width=550px\" scrolling=\"no\" allowfullscreen=\"allowfullscreen\" data-tweet-id=\"1290733776922968064\" data-mce-fragment=\"1\" frameborder=\"0\"><\/iframe><\/div>\n<\/div>\n<p>&nbsp;<\/p>\n<p><em>\u00ab&nbsp;C\u2019est le moment de transcender le conflit&nbsp;\u00bb<\/em>, a tweet\u00e9 le compte-rendu officiel de l\u2019arm\u00e9e isra\u00e9lienne.<br>Mercredi soir, Tel-Aviv a m\u00eame illumin\u00e9 son h\u00f4tel de ville avec le drapeau libanais.<\/p>\n<div class=\"et_post_video\">\n<div class=\"twitter-tweet twitter-tweet-rendered\"><iframe id=\"twitter-widget-4\" class=\"\" title=\"Twitter Tweet\" src=\"https:\/\/platform.twitter.com\/embed\/index.html?dnt=true&amp;embedId=twitter-widget-4&amp;frame=false&amp;hideCard=false&amp;hideThread=false&amp;id=1291060116071096320&amp;lang=fr&amp;origin=https%3A%2F%2Fpalestinevaincra.com%2F2020%2F08%2Fisrael-destructeur-du-liban-se-pose-comme-son-sauveur%2F&amp;siteScreenName=CollectifPV&amp;theme=light&amp;widgetsVersion=223fc1c4%3A1596143124634&amp;width=550px\" scrolling=\"no\" allowfullscreen=\"allowfullscreen\" data-tweet-id=\"1291060116071096320\" data-mce-fragment=\"1\" frameborder=\"0\"><\/iframe><\/div>\n<\/div>\n<p>&nbsp;<\/p>\n<p>Cette hypocrisie \u00e0 couper le souffle n\u2019a pas \u00e9chapp\u00e9 aux utilisateurs de Twitter qui ont post\u00e9 des images notoires prises lors de l\u2019invasion isra\u00e9lienne de 2006 montrant des enfants isra\u00e9liens en train d\u2019\u00e9crire des messages sur des obus d\u2019artillerie avant que l\u2019arm\u00e9e ne les tire sur le Liban.<\/p>\n<p>https:\/\/twitter.com\/apoIlon\/status\/1290743845836206091<\/p>\n<p>&nbsp;<\/p>\n<p><em>\u00ab&nbsp;Vos paniers cadeaux seront-ils sign\u00e9s comme vos missiles ?&nbsp;\u00bb<\/em> a \u00e9crit une personne sur les r\u00e9seaux sociaux.<br>Les offres d\u2019aide \u00ab&nbsp;humanitaire&nbsp;\u00bb proviennent du m\u00eame pays qui a tu\u00e9 et bless\u00e9 des dizaines de milliers de civils palestiniens et libanais et qui <a href=\"https:\/\/www.reuters.com\/article\/us-israel-lebanon-iran\/lebanon-accuses-israel-of-threatening-civilian-infrastructure-idUSKCN1UI2SJ\">menace<\/a> <a href=\"https:\/\/twitter.com\/IDF\/status\/1286692803305766912\">r\u00e9guli\u00e8rement<\/a> de <a href=\"https:\/\/www.washingtonpost.com\/gdpr-consent\/?next_url=https%3a%2f%2fwww.washingtonpost.com%2fworld%2fmiddle_east%2ften-years-after-last-lebanon-war-israel-warns-next-one-will-be-far-worse%2f2016%2f07%2f23%2f58d7a6ca-4388-11e6-a76d-3550dba926ac_story.html\">d\u00e9truire<\/a> les infrastructures civiles du Liban comme il l\u2019a fait \u00e0 maintes reprises.<br><a href=\"https:\/\/electronicintifada.net\/blogs\/ali-abunimah\/eu-funds-firm-supplying-israel-banned-cluster-weapons\">Lors de l\u2019invasion de 2006<\/a>, Isra\u00ebl a tir\u00e9 plus d\u2019un million de bombes \u00e0 sous-munitions sur le pays.<br><em>\u00ab&nbsp;Ce que nous avons fait \u00e9tait fou et monstrueux, nous avons couvert des villes enti\u00e8res de bombes \u00e0 fragmentation&nbsp;\u00bb<\/em>, a d\u00e9clar\u00e9 un officier de l\u2019arm\u00e9e isra\u00e9lienne au journal Haaretz de Tel Aviv.<br>Au cours de cette guerre, Isra\u00ebl a largu\u00e9 quelque 7 000 bombes et missiles, et a bombard\u00e9 toutes les r\u00e9gions du Liban par l\u2019artillerie terrestre et navale \u00e9galement.<br>Plus de 1 100 personnes ont \u00e9t\u00e9 tu\u00e9es et quelque 4 400 bless\u00e9es, en grande majorit\u00e9 des civils.<br><a href=\"https:\/\/www.hrw.org\/report\/2007\/09\/05\/why-they-died\/civilian-casualties-lebanon-during-2006-war#\" data-et-has-event-already=\"true\">Une enqu\u00eate<\/a> men\u00e9e par <em>Human Rights Watch<\/em> a compl\u00e8tement d\u00e9menti les affirmations d\u2019Isra\u00ebl selon lesquelles le bilan effroyable \u00e9tait le r\u00e9sultat de \u00ab&nbsp;dommages collat\u00e9raux&nbsp;\u00bb parce que les combattants du Hezbollah se cachaient parmi les civils ou les utilisaient comme \u00ab&nbsp;boucliers humains&nbsp;\u00bb.<br><em>Human Rights Watch<\/em> a conclu qu\u2019Isra\u00ebl avait cibl\u00e9 sans distinction des zones civiles \u2013 une strat\u00e9gie connue sous le nom de <a href=\"https:\/\/imeu.org\/article\/the-dahiya-doctrine-and-israels-use-of-disproportionate-force\">\u00ab&nbsp;Doctrine Dahiya&nbsp;\u00bb<\/a>, d\u2019apr\u00e8s la banlieue sud de Beyrouth qu\u2019Isra\u00ebl a d\u00e9lib\u00e9r\u00e9ment \u00e9cras\u00e9.<br>Et les dirigeants isra\u00e9liens menacent fr\u00e9quemment de le refaire.En 2018, par exemple, Yisrael Katz, un membre important du gouvernement du Premier ministre isra\u00e9lien Benjamin Netanyahu, a menac\u00e9 de <a href=\"https:\/\/www.ynetnews.com\/articles\/0,7340,L-5087166,00.html\">bombarder<\/a> le Liban jusqu\u2019\u00e0 <em>\u00ab&nbsp;l\u2019\u00e2ge de pierre&nbsp;\u00bb<\/em> et <em>\u00ab&nbsp;l\u2019\u00e2ge des hommes des cavernes&nbsp;\u00bb<\/em>.<br>Et il y a quelques jours \u00e0 peine, apr\u00e8s avoir affirm\u00e9 que les combattants du Hezbollah avaient tent\u00e9 d\u2019attaquer l\u2019arm\u00e9e isra\u00e9lienne de l\u2019autre c\u00f4t\u00e9 de la fronti\u00e8re, Netanyahu a fait allusion \u00e0 la guerre de 2006.<br>Le 27 juillet, <a href=\"https:\/\/www.timesofisrael.com\/netanyahu-hezbollah-is-playing-with-fire-any-attack-to-be-met-with-great-force\/\">le leader isra\u00e9lien a d\u00e9clar\u00e9<\/a> qu\u2019en 2006, le chef du Hezbollah, Hassan Nasrallah, <em>\u00ab&nbsp;a commis une grave erreur en mettant \u00e0 l\u2019\u00e9preuve la d\u00e9termination d\u2019Isra\u00ebl \u00e0 se d\u00e9fendre, et l\u2019\u00c9tat libanais a pay\u00e9 un lourd tribut pour cela&nbsp;\u00bb.<br>\u00ab&nbsp;Je sugg\u00e8re qu\u2019il ne r\u00e9p\u00e8te pas cette erreur&nbsp;\u00bb<\/em>, a ajout\u00e9 M. Netanyahu \u2013 une menace \u00e0 peine voil\u00e9e de r\u00e9p\u00e9ter la m\u00eame destruction massive.<br>Netanyahu a r\u00e9p\u00e9t\u00e9 ses menaces quelques heures seulement avant l\u2019explosion de Beyrouth.<\/p>\n<div class=\"et_post_video\">\n<div class=\"twitter-tweet twitter-tweet-rendered\"><iframe id=\"twitter-widget-5\" class=\"\" title=\"Twitter Tweet\" src=\"https:\/\/platform.twitter.com\/embed\/index.html?dnt=true&amp;embedId=twitter-widget-5&amp;frame=false&amp;hideCard=false&amp;hideThread=false&amp;id=1290609407500398592&amp;lang=fr&amp;origin=https%3A%2F%2Fpalestinevaincra.com%2F2020%2F08%2Fisrael-destructeur-du-liban-se-pose-comme-son-sauveur%2F&amp;siteScreenName=CollectifPV&amp;theme=light&amp;widgetsVersion=223fc1c4%3A1596143124634&amp;width=550px\" scrolling=\"no\" allowfullscreen=\"allowfullscreen\" data-tweet-id=\"1290609407500398592\" data-mce-fragment=\"1\" frameborder=\"0\"><\/iframe><\/div>\n<\/div>\n<h3>&nbsp;<\/h3>\n<h3><strong>R\u00e9pandre des rumeurs<\/strong><\/h3>\n<p>Pour une valeur maximale de propagande, Isra\u00ebl insisterait sur le maintien de marquages en h\u00e9breu sur tout envoi d\u2019aide qui pourrait atteindre le Liban \u2013 bien que le Liban soit presque certain de rejeter cette aide.<\/p>\n<div class=\"twitter-tweet twitter-tweet-rendered\"><iframe id=\"twitter-widget-6\" class=\"\" title=\"Twitter Tweet\" src=\"https:\/\/platform.twitter.com\/embed\/index.html?dnt=true&amp;embedId=twitter-widget-6&amp;frame=false&amp;hideCard=false&amp;hideThread=false&amp;id=1291085169798021121&amp;lang=fr&amp;origin=https%3A%2F%2Fpalestinevaincra.com%2F2020%2F08%2Fisrael-destructeur-du-liban-se-pose-comme-son-sauveur%2F&amp;siteScreenName=CollectifPV&amp;theme=light&amp;widgetsVersion=223fc1c4%3A1596143124634&amp;width=550px\" scrolling=\"no\" allowfullscreen=\"allowfullscreen\" data-tweet-id=\"1291085169798021121\" data-mce-fragment=\"1\" frameborder=\"0\"><\/iframe><\/div>\n<p>&nbsp;<\/p>\n<p>Pendant ce temps, Isra\u00ebl s\u2019est empress\u00e9 de r\u00e9pandre des rumeurs infond\u00e9es accusant le Hezbollah d\u2019\u00eatre \u00e0 l\u2019origine de l\u2019explosion.<br><em>\u00ab&nbsp;Suite \u00e0 la trag\u00e9die de Beyrouth, Isra\u00ebl a officiellement offert une aide humanitaire au Liban&nbsp;\u00bb<\/em>, a tweet\u00e9 le 4IL,<a href=\"https:\/\/4il.org.il\/he\/\"> un organe de propagande<\/a> du <a href=\"https:\/\/electronicintifada.net\/tags\/ministry-strategic-affairs\">minist\u00e8re isra\u00e9lien des affaires strat\u00e9giques<\/a>.<br><em>\u00ab&nbsp;Cela arrive malgr\u00e9 les preuves que l\u2019explosion provient d\u2019un entrep\u00f4t de munitions du Hezbollah&nbsp;\u00bb<\/em>, ajoute le compte-rendu.<br>Absolument aucune preuve de ce genre n\u2019a \u00e9t\u00e9 mise au jour.<\/p>\n<div class=\"et_post_video\">\n<div class=\"twitter-tweet twitter-tweet-rendered\"><iframe id=\"twitter-widget-7\" class=\"\" title=\"Twitter Tweet\" src=\"https:\/\/platform.twitter.com\/embed\/index.html?dnt=true&amp;embedId=twitter-widget-7&amp;frame=false&amp;hideCard=false&amp;hideThread=false&amp;id=1290965752607014913&amp;lang=fr&amp;origin=https%3A%2F%2Fpalestinevaincra.com%2F2020%2F08%2Fisrael-destructeur-du-liban-se-pose-comme-son-sauveur%2F&amp;siteScreenName=CollectifPV&amp;theme=light&amp;widgetsVersion=223fc1c4%3A1596143124634&amp;width=550px\" scrolling=\"no\" allowfullscreen=\"allowfullscreen\" data-tweet-id=\"1290965752607014913\" data-mce-fragment=\"1\" frameborder=\"0\"><\/iframe><\/div>\n<\/div>\n<h3><strong>L\u2019ONU vend Isra\u00ebl<\/strong><\/h3>\n<p>Isra\u00ebl <a href=\"https:\/\/www.aa.com.tr\/en\/middle-east\/lebanon-israel-violated-air-space-29-times-in-48-hours\/1922581\">viole<\/a> r\u00e9guli\u00e8rement l\u2019espace a\u00e9rien et la souverainet\u00e9 du Liban, en faisant voler des avions sans pilote et des avions de chasse au-dessus du sud du pays et m\u00eame de <a href=\"https:\/\/www.jpost.com\/Israel-News\/IAF-commander-Israel-first-to-use-F-35-jet-in-combat-558030\">sa capitale<\/a>.<br>Au lieu de condamner ces violations et de demander justice pour les victimes des crimes de guerre isra\u00e9liens au Liban, Nickolay Mladenov, l\u2019envoy\u00e9 de l\u2019ONU pour la paix au Moyen-Orient, a lou\u00e9 l\u2019aide offerte par Isra\u00ebl :<\/p>\n<div class=\"et_post_video\">\n<div class=\"twitter-tweet twitter-tweet-rendered\"><iframe id=\"twitter-widget-8\" class=\"\" title=\"Twitter Tweet\" src=\"https:\/\/platform.twitter.com\/embed\/index.html?dnt=true&amp;embedId=twitter-widget-8&amp;frame=false&amp;hideCard=false&amp;hideThread=false&amp;id=1290761423883247616&amp;lang=fr&amp;origin=https%3A%2F%2Fpalestinevaincra.com%2F2020%2F08%2Fisrael-destructeur-du-liban-se-pose-comme-son-sauveur%2F&amp;siteScreenName=CollectifPV&amp;theme=light&amp;widgetsVersion=223fc1c4%3A1596143124634&amp;width=550px\" scrolling=\"no\" allowfullscreen=\"allowfullscreen\" data-tweet-id=\"1290761423883247616\" data-mce-fragment=\"1\" frameborder=\"0\"><\/iframe><\/div>\n<\/div>\n<p>&nbsp;<\/p>\n<p>Mladenov semble utiliser cyniquement cette trag\u00e9die comme une opportunit\u00e9 pour faire avancer un programme politique de normalisation des liens r\u00e9gionaux avec Isra\u00ebl.<br>Le compte Twitter de propagande en langue arabe d\u2019Isra\u00ebl a continu\u00e9 \u00e0 diffuser des affirmations \u00e9hont\u00e9es de <em>\u00ab&nbsp;solidarit\u00e9&nbsp;\u00bb<\/em> avec le peuple libanais :<\/p>\n<div class=\"et_post_video\">\n<div class=\"twitter-tweet twitter-tweet-rendered\"><iframe id=\"twitter-widget-9\" class=\"\" title=\"Twitter Tweet\" src=\"https:\/\/platform.twitter.com\/embed\/index.html?dnt=true&amp;embedId=twitter-widget-9&amp;frame=false&amp;hideCard=false&amp;hideThread=false&amp;id=1290979415023910915&amp;lang=fr&amp;origin=https%3A%2F%2Fpalestinevaincra.com%2F2020%2F08%2Fisrael-destructeur-du-liban-se-pose-comme-son-sauveur%2F&amp;siteScreenName=CollectifPV&amp;theme=light&amp;widgetsVersion=223fc1c4%3A1596143124634&amp;width=550px\" scrolling=\"no\" allowfullscreen=\"allowfullscreen\" data-tweet-id=\"1290979415023910915\" data-mce-fragment=\"1\" frameborder=\"0\"><\/iframe><\/div>\n<\/div>\n<div class=\"et_post_video\">\n<div class=\"twitter-tweet twitter-tweet-rendered\"><iframe id=\"twitter-widget-10\" class=\"\" title=\"Twitter Tweet\" src=\"https:\/\/platform.twitter.com\/embed\/index.html?dnt=true&amp;embedId=twitter-widget-10&amp;frame=false&amp;hideCard=false&amp;hideThread=false&amp;id=1291022250817323009&amp;lang=fr&amp;origin=https%3A%2F%2Fpalestinevaincra.com%2F2020%2F08%2Fisrael-destructeur-du-liban-se-pose-comme-son-sauveur%2F&amp;siteScreenName=CollectifPV&amp;theme=light&amp;widgetsVersion=223fc1c4%3A1596143124634&amp;width=550px\" scrolling=\"no\" allowfullscreen=\"allowfullscreen\" data-tweet-id=\"1291022250817323009\" data-mce-fragment=\"1\" frameborder=\"0\"><\/iframe><\/div>\n<\/div>\n<div class=\"et_post_video\">\n<div class=\"twitter-tweet twitter-tweet-rendered\"><iframe id=\"twitter-widget-11\" class=\"\" title=\"Twitter Tweet\" src=\"https:\/\/platform.twitter.com\/embed\/index.html?dnt=true&amp;embedId=twitter-widget-11&amp;frame=false&amp;hideCard=false&amp;hideThread=false&amp;id=1290732962368167944&amp;lang=fr&amp;origin=https%3A%2F%2Fpalestinevaincra.com%2F2020%2F08%2Fisrael-destructeur-du-liban-se-pose-comme-son-sauveur%2F&amp;siteScreenName=CollectifPV&amp;theme=light&amp;widgetsVersion=223fc1c4%3A1596143124634&amp;width=550px\" scrolling=\"no\" allowfullscreen=\"allowfullscreen\" data-tweet-id=\"1290732962368167944\" data-mce-fragment=\"1\" frameborder=\"0\"><\/iframe><\/div>\n<\/div>\n<div class=\"et_post_video\">\n<div class=\"twitter-tweet twitter-tweet-rendered\"><iframe id=\"twitter-widget-12\" class=\"\" title=\"Twitter Tweet\" src=\"https:\/\/platform.twitter.com\/embed\/index.html?dnt=true&amp;embedId=twitter-widget-12&amp;frame=false&amp;hideCard=false&amp;hideThread=false&amp;id=1291060479205548034&amp;lang=fr&amp;origin=https%3A%2F%2Fpalestinevaincra.com%2F2020%2F08%2Fisrael-destructeur-du-liban-se-pose-comme-son-sauveur%2F&amp;siteScreenName=CollectifPV&amp;theme=light&amp;widgetsVersion=223fc1c4%3A1596143124634&amp;width=550px\" scrolling=\"no\" allowfullscreen=\"allowfullscreen\" data-tweet-id=\"1291060479205548034\" data-mce-fragment=\"1\" frameborder=\"0\"><\/iframe><\/div>\n<\/div>\n<p>&nbsp;<\/p>\n<p>Cependant, tout le monde n\u2019\u00e9tait pas d\u2019accord avec le message.<br>Moshe Feiglin, l\u2019ancien vice-pr\u00e9sident de la Knesset en Isra\u00ebl, <a href=\"https:\/\/www.facebook.com\/MFeiglin\/posts\/3225157277563365\">a c\u00e9l\u00e9br\u00e9<\/a> l\u2019explosion \u00e0 Beyrouth comme un<em> \u00ab&nbsp;spectacle pyrotechnique spectaculaire&nbsp;\u00bb<\/em> et une<em> \u00ab&nbsp;merveilleuse c\u00e9l\u00e9bration&nbsp;\u00bb<\/em> co\u00efncidant avec une date que les Juifs marquent comme une f\u00eate de l\u2019amour.<br>C\u2019est ce m\u00eame Feiglin qui, lors de l\u2019assaut isra\u00e9lien de 2014 sur Gaza, <a href=\"https:\/\/electronicintifada.net\/blogs\/ali-abunimah\/concentrate-and-exterminate-israel-parliament-deputy-speakers-gaza-genocide-plan\">a propos\u00e9<\/a> un plan visant \u00e0 \u00ab&nbsp;concentrer&nbsp;\u00bb les Palestiniens dans des camps frontaliers et \u00e0 \u00ab&nbsp;exterminer&nbsp;\u00bb tous ceux qui ont r\u00e9sist\u00e9, tout en d\u00e9truisant tous les logements et infrastructures civils.<br>Mais la plupart des politiciens isra\u00e9liens ont apparemment re\u00e7u le m\u00e9mo que ce genre de d\u00e9clarations ne sont pas l\u2019image qu\u2019Isra\u00ebl veut donner.M\u00eame si Isra\u00ebl illumine l\u2019h\u00f4tel de ville de Tel-Aviv dans une manifestation cynique de soutien, peu de Libanais oublieront qu\u2019il y a presque 14 ans jour pour jour, Isra\u00ebl illuminait le ciel du Liban avec des missiles et des bombes.<\/p>\n<div class=\"et_post_video\">\n<div class=\"twitter-tweet twitter-tweet-rendered\"><iframe id=\"twitter-widget-13\" class=\"\" title=\"Twitter Tweet\" src=\"https:\/\/platform.twitter.com\/embed\/index.html?dnt=true&amp;embedId=twitter-widget-13&amp;frame=false&amp;hideCard=false&amp;hideThread=false&amp;id=1290950155584376832&amp;lang=fr&amp;origin=https%3A%2F%2Fpalestinevaincra.com%2F2020%2F08%2Fisrael-destructeur-du-liban-se-pose-comme-son-sauveur%2F&amp;siteScreenName=CollectifPV&amp;theme=light&amp;widgetsVersion=223fc1c4%3A1596143124634&amp;width=550px\" scrolling=\"no\" allowfullscreen=\"allowfullscreen\" data-tweet-id=\"1290950155584376832\" data-mce-fragment=\"1\" frameborder=\"0\"><\/iframe><\/div>\n<\/div>\n<p>&nbsp;<\/p>\n<hr>\n<p>Publi\u00e9 le 6 ao\u00fbt 2020 sur <a href=\"https:\/\/electronicintifada.net\/blogs\/tamara-nassar\/israel-destroyer-lebanon-poses-its-savior\">The Electronic Intifada<\/a> <br>Traduction : <a href=\"https:\/\/palestinevaincra.com\/2020\/08\/israel-destructeur-du-liban-se-pose-comme-son-sauveur\/\" target=\"_blank\" rel=\"noopener noreferrer\">Collectif Palestine Vaincra<\/a><\/p>\n<\/div>\n<div class=\"et_post_meta_wrapper\">&nbsp;<\/div>\n<\/article>\n<\/div>\n\n\n<p><\/p>\n","protected":false},"excerpt":{"rendered":"<p>Aujourd\u2019hui, Isra\u00ebl exploite la trag\u00e9die de Beyrouth pour effacer ses propres crimes contre le Liban, d\u00e9tourner l\u2019attention et polir son image<\/p>\n","protected":false},"author":1,"featured_media":15739,"comment_status":"closed","ping_status":"closed","sticky":false,"template":"","format":"standard","meta":{"ngg_post_thumbnail":0,"footnotes":""},"categories":[126,191],"tags":[],"class_list":["post-15735","post","type-post","status-publish","format-standard","has-post-thumbnail","hentry","category-israel","category-liban"],"yoast_head":"<!-- This site is optimized with the Yoast SEO plugin v27.3 - https:\/\/yoast.com\/product\/yoast-seo-wordpress\/ -->\n<title>Isra\u00ebl, destructeur du Liban, se pose comme son sauveur<\/title>\n<meta name=\"description\" content=\"Aujourd\u2019hui, Isra\u00ebl exploite la trag\u00e9die de Beyrouth pour effacer ses propres crimes contre le Liban, d\u00e9tourner l\u2019attention et polir son image\" \/>\n<meta name=\"robots\" content=\"index, follow, max-snippet:-1, max-image-preview:large, max-video-preview:-1\" \/>\n<link rel=\"canonical\" href=\"https:\/\/charleroi-pourlapalestine.be\/index.php\/2020\/08\/07\/israel-destructeur-du-liban-se-pose-comme-son-sauveur\/\" \/>\n<script type=\"application\/ld+json\" class=\"yoast-schema-graph\">{\"@context\":\"https:\\\/\\\/schema.org\",\"@graph\":[{\"@type\":\"Article\",\"@id\":\"https:\\\/\\\/charleroi-pourlapalestine.be\\\/index.php\\\/2020\\\/08\\\/07\\\/israel-destructeur-du-liban-se-pose-comme-son-sauveur\\\/#article\",\"isPartOf\":{\"@id\":\"https:\\\/\\\/charleroi-pourlapalestine.be\\\/index.php\\\/2020\\\/08\\\/07\\\/israel-destructeur-du-liban-se-pose-comme-son-sauveur\\\/\"},\"author\":{\"name\":\"admin1873\",\"@id\":\"https:\\\/\\\/charleroi-pourlapalestine.be\\\/#\\\/schema\\\/person\\\/c19ff515112f1299d8c12671d8fe3faa\"},\"headline\":\"Isra\u00ebl, destructeur du Liban, se pose comme son sauveur\",\"datePublished\":\"2020-08-07T07:11:03+00:00\",\"dateModified\":\"2020-08-07T07:32:08+00:00\",\"mainEntityOfPage\":{\"@id\":\"https:\\\/\\\/charleroi-pourlapalestine.be\\\/index.php\\\/2020\\\/08\\\/07\\\/israel-destructeur-du-liban-se-pose-comme-son-sauveur\\\/\"},\"wordCount\":1300,\"publisher\":{\"@id\":\"https:\\\/\\\/charleroi-pourlapalestine.be\\\/#organization\"},\"image\":{\"@id\":\"https:\\\/\\\/charleroi-pourlapalestine.be\\\/index.php\\\/2020\\\/08\\\/07\\\/israel-destructeur-du-liban-se-pose-comme-son-sauveur\\\/#primaryimage\"},\"thumbnailUrl\":\"https:\\\/\\\/charleroi-pourlapalestine.be\\\/wp-content\\\/uploads\\\/2020\\\/08\\\/aptopix_mideast_israel_lebanon-e1596765892506.jpg\",\"articleSection\":[\"Isra\u00ebl\",\"Liban\"],\"inLanguage\":\"fr-FR\"},{\"@type\":\"WebPage\",\"@id\":\"https:\\\/\\\/charleroi-pourlapalestine.be\\\/index.php\\\/2020\\\/08\\\/07\\\/israel-destructeur-du-liban-se-pose-comme-son-sauveur\\\/\",\"url\":\"https:\\\/\\\/charleroi-pourlapalestine.be\\\/index.php\\\/2020\\\/08\\\/07\\\/israel-destructeur-du-liban-se-pose-comme-son-sauveur\\\/\",\"name\":\"Isra\u00ebl, destructeur du Liban, se pose comme son sauveur\",\"isPartOf\":{\"@id\":\"https:\\\/\\\/charleroi-pourlapalestine.be\\\/#website\"},\"primaryImageOfPage\":{\"@id\":\"https:\\\/\\\/charleroi-pourlapalestine.be\\\/index.php\\\/2020\\\/08\\\/07\\\/israel-destructeur-du-liban-se-pose-comme-son-sauveur\\\/#primaryimage\"},\"image\":{\"@id\":\"https:\\\/\\\/charleroi-pourlapalestine.be\\\/index.php\\\/2020\\\/08\\\/07\\\/israel-destructeur-du-liban-se-pose-comme-son-sauveur\\\/#primaryimage\"},\"thumbnailUrl\":\"https:\\\/\\\/charleroi-pourlapalestine.be\\\/wp-content\\\/uploads\\\/2020\\\/08\\\/aptopix_mideast_israel_lebanon-e1596765892506.jpg\",\"datePublished\":\"2020-08-07T07:11:03+00:00\",\"dateModified\":\"2020-08-07T07:32:08+00:00\",\"description\":\"Aujourd\u2019hui, Isra\u00ebl exploite la trag\u00e9die de Beyrouth pour effacer ses propres crimes contre le Liban, d\u00e9tourner l\u2019attention et polir son image\",\"breadcrumb\":{\"@id\":\"https:\\\/\\\/charleroi-pourlapalestine.be\\\/index.php\\\/2020\\\/08\\\/07\\\/israel-destructeur-du-liban-se-pose-comme-son-sauveur\\\/#breadcrumb\"},\"inLanguage\":\"fr-FR\",\"potentialAction\":[{\"@type\":\"ReadAction\",\"target\":[\"https:\\\/\\\/charleroi-pourlapalestine.be\\\/index.php\\\/2020\\\/08\\\/07\\\/israel-destructeur-du-liban-se-pose-comme-son-sauveur\\\/\"]}]},{\"@type\":\"ImageObject\",\"inLanguage\":\"fr-FR\",\"@id\":\"https:\\\/\\\/charleroi-pourlapalestine.be\\\/index.php\\\/2020\\\/08\\\/07\\\/israel-destructeur-du-liban-se-pose-comme-son-sauveur\\\/#primaryimage\",\"url\":\"https:\\\/\\\/charleroi-pourlapalestine.be\\\/wp-content\\\/uploads\\\/2020\\\/08\\\/aptopix_mideast_israel_lebanon-e1596765892506.jpg\",\"contentUrl\":\"https:\\\/\\\/charleroi-pourlapalestine.be\\\/wp-content\\\/uploads\\\/2020\\\/08\\\/aptopix_mideast_israel_lebanon-e1596765892506.jpg\",\"width\":485,\"height\":320},{\"@type\":\"BreadcrumbList\",\"@id\":\"https:\\\/\\\/charleroi-pourlapalestine.be\\\/index.php\\\/2020\\\/08\\\/07\\\/israel-destructeur-du-liban-se-pose-comme-son-sauveur\\\/#breadcrumb\",\"itemListElement\":[{\"@type\":\"ListItem\",\"position\":1,\"name\":\"Accueil\",\"item\":\"https:\\\/\\\/charleroi-pourlapalestine.be\\\/\"},{\"@type\":\"ListItem\",\"position\":2,\"name\":\"Isra\u00ebl, destructeur du Liban, se pose comme son sauveur\"}]},{\"@type\":\"WebSite\",\"@id\":\"https:\\\/\\\/charleroi-pourlapalestine.be\\\/#website\",\"url\":\"https:\\\/\\\/charleroi-pourlapalestine.be\\\/\",\"name\":\"Charleroi Pour la Palestine\",\"description\":\"\",\"publisher\":{\"@id\":\"https:\\\/\\\/charleroi-pourlapalestine.be\\\/#organization\"},\"potentialAction\":[{\"@type\":\"SearchAction\",\"target\":{\"@type\":\"EntryPoint\",\"urlTemplate\":\"https:\\\/\\\/charleroi-pourlapalestine.be\\\/?s={search_term_string}\"},\"query-input\":{\"@type\":\"PropertyValueSpecification\",\"valueRequired\":true,\"valueName\":\"search_term_string\"}}],\"inLanguage\":\"fr-FR\"},{\"@type\":\"Organization\",\"@id\":\"https:\\\/\\\/charleroi-pourlapalestine.be\\\/#organization\",\"name\":\"Plate-forme Charleroi-Palestine\",\"url\":\"https:\\\/\\\/charleroi-pourlapalestine.be\\\/\",\"logo\":{\"@type\":\"ImageObject\",\"inLanguage\":\"fr-FR\",\"@id\":\"https:\\\/\\\/charleroi-pourlapalestine.be\\\/#\\\/schema\\\/logo\\\/image\\\/\",\"url\":\"https:\\\/\\\/charleroi-pourlapalestine.be\\\/wp-content\\\/uploads\\\/2020\\\/01\\\/logo-Copy.jpg\",\"contentUrl\":\"https:\\\/\\\/charleroi-pourlapalestine.be\\\/wp-content\\\/uploads\\\/2020\\\/01\\\/logo-Copy.jpg\",\"width\":180,\"height\":180,\"caption\":\"Plate-forme Charleroi-Palestine\"},\"image\":{\"@id\":\"https:\\\/\\\/charleroi-pourlapalestine.be\\\/#\\\/schema\\\/logo\\\/image\\\/\"},\"sameAs\":[\"https:\\\/\\\/www.facebook.com\\\/PlateformeCharleroiPalestine\\\/\",\"https:\\\/\\\/x.com\\\/LaCharleroi\"]},{\"@type\":\"Person\",\"@id\":\"https:\\\/\\\/charleroi-pourlapalestine.be\\\/#\\\/schema\\\/person\\\/c19ff515112f1299d8c12671d8fe3faa\",\"name\":\"admin1873\",\"url\":\"https:\\\/\\\/charleroi-pourlapalestine.be\\\/index.php\\\/author\\\/admin1873\\\/\"}]}<\/script>\n<!-- \/ Yoast SEO plugin. -->","yoast_head_json":{"title":"Isra\u00ebl, destructeur du Liban, se pose comme son sauveur","description":"Aujourd\u2019hui, Isra\u00ebl exploite la trag\u00e9die de Beyrouth pour effacer ses propres crimes contre le Liban, d\u00e9tourner l\u2019attention et polir son image","robots":{"index":"index","follow":"follow","max-snippet":"max-snippet:-1","max-image-preview":"max-image-preview:large","max-video-preview":"max-video-preview:-1"},"canonical":"https:\/\/charleroi-pourlapalestine.be\/index.php\/2020\/08\/07\/israel-destructeur-du-liban-se-pose-comme-son-sauveur\/","schema":{"@context":"https:\/\/schema.org","@graph":[{"@type":"Article","@id":"https:\/\/charleroi-pourlapalestine.be\/index.php\/2020\/08\/07\/israel-destructeur-du-liban-se-pose-comme-son-sauveur\/#article","isPartOf":{"@id":"https:\/\/charleroi-pourlapalestine.be\/index.php\/2020\/08\/07\/israel-destructeur-du-liban-se-pose-comme-son-sauveur\/"},"author":{"name":"admin1873","@id":"https:\/\/charleroi-pourlapalestine.be\/#\/schema\/person\/c19ff515112f1299d8c12671d8fe3faa"},"headline":"Isra\u00ebl, destructeur du Liban, se pose comme son sauveur","datePublished":"2020-08-07T07:11:03+00:00","dateModified":"2020-08-07T07:32:08+00:00","mainEntityOfPage":{"@id":"https:\/\/charleroi-pourlapalestine.be\/index.php\/2020\/08\/07\/israel-destructeur-du-liban-se-pose-comme-son-sauveur\/"},"wordCount":1300,"publisher":{"@id":"https:\/\/charleroi-pourlapalestine.be\/#organization"},"image":{"@id":"https:\/\/charleroi-pourlapalestine.be\/index.php\/2020\/08\/07\/israel-destructeur-du-liban-se-pose-comme-son-sauveur\/#primaryimage"},"thumbnailUrl":"https:\/\/charleroi-pourlapalestine.be\/wp-content\/uploads\/2020\/08\/aptopix_mideast_israel_lebanon-e1596765892506.jpg","articleSection":["Isra\u00ebl","Liban"],"inLanguage":"fr-FR"},{"@type":"WebPage","@id":"https:\/\/charleroi-pourlapalestine.be\/index.php\/2020\/08\/07\/israel-destructeur-du-liban-se-pose-comme-son-sauveur\/","url":"https:\/\/charleroi-pourlapalestine.be\/index.php\/2020\/08\/07\/israel-destructeur-du-liban-se-pose-comme-son-sauveur\/","name":"Isra\u00ebl, destructeur du Liban, se pose comme son sauveur","isPartOf":{"@id":"https:\/\/charleroi-pourlapalestine.be\/#website"},"primaryImageOfPage":{"@id":"https:\/\/charleroi-pourlapalestine.be\/index.php\/2020\/08\/07\/israel-destructeur-du-liban-se-pose-comme-son-sauveur\/#primaryimage"},"image":{"@id":"https:\/\/charleroi-pourlapalestine.be\/index.php\/2020\/08\/07\/israel-destructeur-du-liban-se-pose-comme-son-sauveur\/#primaryimage"},"thumbnailUrl":"https:\/\/charleroi-pourlapalestine.be\/wp-content\/uploads\/2020\/08\/aptopix_mideast_israel_lebanon-e1596765892506.jpg","datePublished":"2020-08-07T07:11:03+00:00","dateModified":"2020-08-07T07:32:08+00:00","description":"Aujourd\u2019hui, Isra\u00ebl exploite la trag\u00e9die de Beyrouth pour effacer ses propres crimes contre le Liban, d\u00e9tourner l\u2019attention et polir son image","breadcrumb":{"@id":"https:\/\/charleroi-pourlapalestine.be\/index.php\/2020\/08\/07\/israel-destructeur-du-liban-se-pose-comme-son-sauveur\/#breadcrumb"},"inLanguage":"fr-FR","potentialAction":[{"@type":"ReadAction","target":["https:\/\/charleroi-pourlapalestine.be\/index.php\/2020\/08\/07\/israel-destructeur-du-liban-se-pose-comme-son-sauveur\/"]}]},{"@type":"ImageObject","inLanguage":"fr-FR","@id":"https:\/\/charleroi-pourlapalestine.be\/index.php\/2020\/08\/07\/israel-destructeur-du-liban-se-pose-comme-son-sauveur\/#primaryimage","url":"https:\/\/charleroi-pourlapalestine.be\/wp-content\/uploads\/2020\/08\/aptopix_mideast_israel_lebanon-e1596765892506.jpg","contentUrl":"https:\/\/charleroi-pourlapalestine.be\/wp-content\/uploads\/2020\/08\/aptopix_mideast_israel_lebanon-e1596765892506.jpg","width":485,"height":320},{"@type":"BreadcrumbList","@id":"https:\/\/charleroi-pourlapalestine.be\/index.php\/2020\/08\/07\/israel-destructeur-du-liban-se-pose-comme-son-sauveur\/#breadcrumb","itemListElement":[{"@type":"ListItem","position":1,"name":"Accueil","item":"https:\/\/charleroi-pourlapalestine.be\/"},{"@type":"ListItem","position":2,"name":"Isra\u00ebl, destructeur du Liban, se pose comme son sauveur"}]},{"@type":"WebSite","@id":"https:\/\/charleroi-pourlapalestine.be\/#website","url":"https:\/\/charleroi-pourlapalestine.be\/","name":"Charleroi Pour la Palestine","description":"","publisher":{"@id":"https:\/\/charleroi-pourlapalestine.be\/#organization"},"potentialAction":[{"@type":"SearchAction","target":{"@type":"EntryPoint","urlTemplate":"https:\/\/charleroi-pourlapalestine.be\/?s={search_term_string}"},"query-input":{"@type":"PropertyValueSpecification","valueRequired":true,"valueName":"search_term_string"}}],"inLanguage":"fr-FR"},{"@type":"Organization","@id":"https:\/\/charleroi-pourlapalestine.be\/#organization","name":"Plate-forme Charleroi-Palestine","url":"https:\/\/charleroi-pourlapalestine.be\/","logo":{"@type":"ImageObject","inLanguage":"fr-FR","@id":"https:\/\/charleroi-pourlapalestine.be\/#\/schema\/logo\/image\/","url":"https:\/\/charleroi-pourlapalestine.be\/wp-content\/uploads\/2020\/01\/logo-Copy.jpg","contentUrl":"https:\/\/charleroi-pourlapalestine.be\/wp-content\/uploads\/2020\/01\/logo-Copy.jpg","width":180,"height":180,"caption":"Plate-forme Charleroi-Palestine"},"image":{"@id":"https:\/\/charleroi-pourlapalestine.be\/#\/schema\/logo\/image\/"},"sameAs":["https:\/\/www.facebook.com\/PlateformeCharleroiPalestine\/","https:\/\/x.com\/LaCharleroi"]},{"@type":"Person","@id":"https:\/\/charleroi-pourlapalestine.be\/#\/schema\/person\/c19ff515112f1299d8c12671d8fe3faa","name":"admin1873","url":"https:\/\/charleroi-pourlapalestine.be\/index.php\/author\/admin1873\/"}]}},"_links":{"self":[{"href":"https:\/\/charleroi-pourlapalestine.be\/index.php\/wp-json\/wp\/v2\/posts\/15735","targetHints":{"allow":["GET"]}}],"collection":[{"href":"https:\/\/charleroi-pourlapalestine.be\/index.php\/wp-json\/wp\/v2\/posts"}],"about":[{"href":"https:\/\/charleroi-pourlapalestine.be\/index.php\/wp-json\/wp\/v2\/types\/post"}],"author":[{"embeddable":true,"href":"https:\/\/charleroi-pourlapalestine.be\/index.php\/wp-json\/wp\/v2\/users\/1"}],"replies":[{"embeddable":true,"href":"https:\/\/charleroi-pourlapalestine.be\/index.php\/wp-json\/wp\/v2\/comments?post=15735"}],"version-history":[{"count":0,"href":"https:\/\/charleroi-pourlapalestine.be\/index.php\/wp-json\/wp\/v2\/posts\/15735\/revisions"}],"wp:featuredmedia":[{"embeddable":true,"href":"https:\/\/charleroi-pourlapalestine.be\/index.php\/wp-json\/wp\/v2\/media\/15739"}],"wp:attachment":[{"href":"https:\/\/charleroi-pourlapalestine.be\/index.php\/wp-json\/wp\/v2\/media?parent=15735"}],"wp:term":[{"taxonomy":"category","embeddable":true,"href":"https:\/\/charleroi-pourlapalestine.be\/index.php\/wp-json\/wp\/v2\/categories?post=15735"},{"taxonomy":"post_tag","embeddable":true,"href":"https:\/\/charleroi-pourlapalestine.be\/index.php\/wp-json\/wp\/v2\/tags?post=15735"}],"curies":[{"name":"wp","href":"https:\/\/api.w.org\/{rel}","templated":true}]}}