{"id":16279,"date":"2014-08-03T12:40:00","date_gmt":"2014-08-03T10:40:00","guid":{"rendered":"https:\/\/charleroi-pourlapalestine.be\/?p=16279"},"modified":"2020-08-28T12:53:08","modified_gmt":"2020-08-28T10:53:08","slug":"troisieme-rassemblement-de-solidarite-avec-gaza-a-charleroi","status":"publish","type":"post","link":"https:\/\/charleroi-pourlapalestine.be\/index.php\/2014\/08\/03\/troisieme-rassemblement-de-solidarite-avec-gaza-a-charleroi\/","title":{"rendered":"Troisi\u00e8me rassemblement de solidarit\u00e9 avec Gaza"},"content":{"rendered":"<div id=\"main-content\" class=\"mh-content\" role=\"main\">\n<article id=\"post-852\" class=\"post-852 post type-post status-publish format-standard has-post-thumbnail hentry category-actions-plate-forme category-agressions-militaires category-crimes-de-guerrescontre-lhumanite category-gaza\">\n<header class=\"entry-header mh-clearfix\">\n<p class=\"entry-title\">Les membres de la <a href=\"https:\/\/charleroi-pourlapalestine.be\/index.php\/category\/plate-forme-charleroi-palestine\/page\/6\/\">Plate-forme Charleroi-Palestine<\/a> ont organis\u00e9 un troisi\u00e8me rassemblement avec Gaza, avec t\u00e9moignages, po\u00e8mes et action symbolique sur la place.<\/p>\n<p class=\"mh-meta entry-meta\">&nbsp;<\/p>\n<\/header>\n<div class=\"entry-content mh-clearfix\">\n<figure class=\"entry-thumbnail\"><img decoding=\"async\" title=\"assembl12\" src=\"https:\/\/www.pourlapalestine.be\/wp-content\/uploads\/2015\/09\/assembl12.jpg\" alt=\"\"><\/figure>\n<div class=\"pf-content\">\n<figure id=\"attachment_856\" class=\"wp-caption aligncenter\" aria-describedby=\"caption-attachment-856\"><a class=\"fancybox image\" href=\"https:\/\/www.pourlapalestine.be\/wp-content\/uploads\/2015\/09\/assembl15.jpg\"><img loading=\"lazy\" decoding=\"async\" class=\"wp-image-856 size-full\" src=\"https:\/\/www.pourlapalestine.be\/wp-content\/uploads\/2015\/09\/assembl15.jpg\" sizes=\"auto, (max-width: 520px) 100vw, 520px\" srcset=\"https:\/\/www.pourlapalestine.be\/wp-content\/uploads\/2015\/09\/assembl15.jpg 520w, https:\/\/www.pourlapalestine.be\/wp-content\/uploads\/2015\/09\/assembl15-400x265.jpg 400w\" alt=\"\" width=\"520\" height=\"344\"><\/a><figcaption id=\"caption-attachment-856\" class=\"wp-caption-text\">Une jeune fille de 12 ans lit sa <em>\u00ab lettre pour Gaza \u00bb<\/em><\/figcaption><\/figure>\n<p><a class=\"fancybox image\" href=\"https:\/\/www.pourlapalestine.be\/wp-content\/uploads\/2015\/09\/pal-charleroi-1-8-2014-7.jpg\"><img loading=\"lazy\" decoding=\"async\" class=\"size-full wp-image-855 aligncenter\" src=\"https:\/\/www.pourlapalestine.be\/wp-content\/uploads\/2015\/09\/pal-charleroi-1-8-2014-7.jpg\" sizes=\"auto, (max-width: 520px) 100vw, 520px\" srcset=\"https:\/\/www.pourlapalestine.be\/wp-content\/uploads\/2015\/09\/pal-charleroi-1-8-2014-7.jpg 520w, https:\/\/www.pourlapalestine.be\/wp-content\/uploads\/2015\/09\/pal-charleroi-1-8-2014-7-400x267.jpg 400w\" alt=\"pal charleroi 1-8-2014 7\" width=\"520\" height=\"347\"><img loading=\"lazy\" decoding=\"async\" class=\"size-full wp-image-855 aligncenter\" src=\"https:\/\/www.pourlapalestine.be\/wp-content\/uploads\/2015\/09\/pal-charleroi-1-8-2014-7.jpg\" sizes=\"auto, (max-width: 520px) 100vw, 520px\" srcset=\"https:\/\/www.pourlapalestine.be\/wp-content\/uploads\/2015\/09\/pal-charleroi-1-8-2014-7.jpg 520w, https:\/\/www.pourlapalestine.be\/wp-content\/uploads\/2015\/09\/pal-charleroi-1-8-2014-7-400x267.jpg 400w\" alt=\"pal charleroi 1-8-2014 7\" width=\"520\" height=\"347\"><\/a>Les moments forts :<br \/>\nLes prises de paroles d\u2019<a href=\"http:\/\/www.francoweb.net\/pal_old\/index.php?option=com_content&amp;view=article&amp;id=1840:lettre-dune-jeune-fille-pour-gaza&amp;catid=1:latest-news\">un enfant de 12 ans<\/a>, de Serge Simon, membre de l\u2019UPJB (membre de l\u2019Union des Progressistes Juifs de Belgique), de Jean-Fran\u00e7ois Tamellini, secr\u00e9taire f\u00e9d\u00e9ral de la FGTB,\u2026<\/p>\n<figure id=\"attachment_860\" class=\"wp-caption aligncenter\" aria-describedby=\"caption-attachment-860\"><a class=\"fancybox image\" href=\"https:\/\/www.pourlapalestine.be\/wp-content\/uploads\/2015\/09\/assembl14.jpg\"><img loading=\"lazy\" decoding=\"async\" class=\"size-full wp-image-860\" src=\"https:\/\/www.pourlapalestine.be\/wp-content\/uploads\/2015\/09\/assembl14.jpg\" sizes=\"auto, (max-width: 520px) 100vw, 520px\" srcset=\"https:\/\/www.pourlapalestine.be\/wp-content\/uploads\/2015\/09\/assembl14.jpg 520w, https:\/\/www.pourlapalestine.be\/wp-content\/uploads\/2015\/09\/assembl14-400x265.jpg 400w\" alt=\"Lecture du po\u00e8me &quot;Je r\u00e9sisterai&quot; de Samih Al Kassem, de l'appel des syndicats de Palestine, de la plainte d\u00e9pos\u00e9e \u00e0 la Cour p\u00e9nale internationale, t\u00e9moignage d'un jeune revenant de Palestine\" width=\"520\" height=\"344\"><\/a><figcaption id=\"caption-attachment-860\" class=\"wp-caption-text\">Lecture du po\u00e8me \u00ab&nbsp;Je r\u00e9sisterai&nbsp;\u00bb de Samih Al Kassem, de l\u2019appel des syndicats de Palestine, de la plainte d\u00e9pos\u00e9e \u00e0 la Cour p\u00e9nale internationale, t\u00e9moignage d\u2019un jeune revenant de Palestine<\/figcaption><\/figure>\n<table>\n<tbody>\n<tr>\n<td><a class=\"fancybox image\" href=\"https:\/\/www.pourlapalestine.be\/wp-content\/uploads\/2015\/09\/assembl19.jpg\"><img loading=\"lazy\" decoding=\"async\" class=\"alignleft size-full wp-image-857\" src=\"https:\/\/www.pourlapalestine.be\/wp-content\/uploads\/2015\/09\/assembl19.jpg\" alt=\"assembl19\" width=\"292\" height=\"390\"><\/a><\/td>\n<td>\n<figure id=\"attachment_859\" class=\"wp-caption alignleft\" aria-describedby=\"caption-attachment-859\"><a class=\"fancybox image\" href=\"https:\/\/www.pourlapalestine.be\/wp-content\/uploads\/2015\/09\/atelier-cratif1-copy.jpg\"><img loading=\"lazy\" decoding=\"async\" class=\"wp-image-859 size-full\" src=\"https:\/\/www.pourlapalestine.be\/wp-content\/uploads\/2015\/09\/atelier-cratif1-copy.jpg\" alt=\"\" width=\"291\" height=\"390\"><\/a><figcaption id=\"caption-attachment-859\" class=\"wp-caption-text\">Des enfants revenant d\u2019un atelier cr\u00e9atif qui am\u00e8nent leurs r\u00e9sultats au rassemblement<\/figcaption><\/figure>\n<\/td>\n<\/tr>\n<\/tbody>\n<\/table>\n<p><a class=\"fancybox image\" href=\"https:\/\/www.pourlapalestine.be\/wp-content\/uploads\/2015\/09\/pal-charleroi-1-8-2014-13.jpg\"><img loading=\"lazy\" decoding=\"async\" class=\"aligncenter size-full wp-image-861\" src=\"https:\/\/www.pourlapalestine.be\/wp-content\/uploads\/2015\/09\/pal-charleroi-1-8-2014-13.jpg\" sizes=\"auto, (max-width: 520px) 100vw, 520px\" srcset=\"https:\/\/www.pourlapalestine.be\/wp-content\/uploads\/2015\/09\/pal-charleroi-1-8-2014-13.jpg 520w, https:\/\/www.pourlapalestine.be\/wp-content\/uploads\/2015\/09\/pal-charleroi-1-8-2014-13-400x267.jpg 400w\" alt=\"\" width=\"520\" height=\"347\"><\/a><\/p>\n<figure id=\"attachment_862\" class=\"wp-caption aligncenter\" aria-describedby=\"caption-attachment-862\"><a class=\"fancybox image\" href=\"https:\/\/www.pourlapalestine.be\/wp-content\/uploads\/2015\/09\/pal-charleroi-1-8-2014-19.jpg\"><img loading=\"lazy\" decoding=\"async\" class=\"size-full wp-image-862\" src=\"https:\/\/www.pourlapalestine.be\/wp-content\/uploads\/2015\/09\/pal-charleroi-1-8-2014-19.jpg\" sizes=\"auto, (max-width: 520px) 100vw, 520px\" srcset=\"https:\/\/www.pourlapalestine.be\/wp-content\/uploads\/2015\/09\/pal-charleroi-1-8-2014-19.jpg 520w, https:\/\/www.pourlapalestine.be\/wp-content\/uploads\/2015\/09\/pal-charleroi-1-8-2014-19-400x112.jpg 400w\" alt=\"Action symbolique sur la place du jet d'eau autour des banderolles : Boycott Isra\u00ebl. Tous ensemble pour la Palestine !\" width=\"520\" height=\"146\"><\/a><figcaption id=\"caption-attachment-862\" class=\"wp-caption-text\">Action symbolique sur la place du jet d\u2019eau autour des banderolles : Boycott Isra\u00ebl.<br \/>\nTous ensemble pour la Palestine !<\/figcaption><\/figure>\n<p><a class=\"fancybox image\" href=\"https:\/\/www.pourlapalestine.be\/wp-content\/uploads\/2015\/09\/assembl18.jpg\"><img loading=\"lazy\" decoding=\"async\" class=\"aligncenter size-full wp-image-863\" src=\"https:\/\/www.pourlapalestine.be\/wp-content\/uploads\/2015\/09\/assembl18.jpg\" sizes=\"auto, (max-width: 520px) 100vw, 520px\" srcset=\"https:\/\/www.pourlapalestine.be\/wp-content\/uploads\/2015\/09\/assembl18.jpg 520w, https:\/\/www.pourlapalestine.be\/wp-content\/uploads\/2015\/09\/assembl18-400x300.jpg 400w, https:\/\/www.pourlapalestine.be\/wp-content\/uploads\/2015\/09\/assembl18-174x131.jpg 174w, https:\/\/www.pourlapalestine.be\/wp-content\/uploads\/2015\/09\/assembl18-300x225.jpg 300w, https:\/\/www.pourlapalestine.be\/wp-content\/uploads\/2015\/09\/assembl18-70x53.jpg 70w\" alt=\"\" width=\"520\" height=\"390\"><\/a><\/p>\n<\/div>\n<\/div>\n<\/article>\n<nav class=\"mh-post-nav mh-row mh-clearfix\">\n<div class=\"mh-col-1-2 mh-post-nav-item mh-post-nav-prev\">&nbsp;<\/div>\n<\/nav>\n<\/div>\n<aside class=\"mh-widget-col-1 mh-sidebar\">\n<div id=\"archives-2\" class=\"mh-widget widget_archive\"><label class=\"screen-reader-text\" for=\"archives-dropdown-2\">Archiv<\/label><\/div>\n<\/aside>\n","protected":false},"excerpt":{"rendered":"<p>Les membres de la Plate-forme Charleroi-Palestine ont organis\u00e9 un troisi\u00e8me rassemblement avec  Gaza : t\u00e9moignages, po\u00e8mes et action symbolique sur la place<\/p>\n","protected":false},"author":1,"featured_media":16281,"comment_status":"closed","ping_status":"closed","sticky":false,"template":"","format":"standard","meta":{"ngg_post_thumbnail":0,"footnotes":""},"categories":[64,600,6,190],"tags":[],"class_list":["post-16279","post","type-post","status-publish","format-standard","has-post-thumbnail","hentry","category-la-belgique","category-charleroi","category-gaza","category-plate-forme-charleroi-palestine"],"yoast_head":"<!-- This site is optimized with the Yoast SEO plugin v27.3 - https:\/\/yoast.com\/product\/yoast-seo-wordpress\/ -->\n<title>Troisi\u00e8me rassemblement de solidarit\u00e9 avec Gaza<\/title>\n<meta name=\"description\" content=\"Les membres de la Plate-forme Charleroi-Palestine ont organis\u00e9 un troisi\u00e8me rassemblement avec Gaza : t\u00e9moignages, po\u00e8mes et action symbolique sur la place.\" \/>\n<meta name=\"robots\" content=\"index, follow, max-snippet:-1, max-image-preview:large, max-video-preview:-1\" \/>\n<link rel=\"canonical\" href=\"https:\/\/charleroi-pourlapalestine.be\/index.php\/2014\/08\/03\/troisieme-rassemblement-de-solidarite-avec-gaza-a-charleroi\/\" \/>\n<script type=\"application\/ld+json\" class=\"yoast-schema-graph\">{\"@context\":\"https:\\\/\\\/schema.org\",\"@graph\":[{\"@type\":\"Article\",\"@id\":\"https:\\\/\\\/charleroi-pourlapalestine.be\\\/index.php\\\/2014\\\/08\\\/03\\\/troisieme-rassemblement-de-solidarite-avec-gaza-a-charleroi\\\/#article\",\"isPartOf\":{\"@id\":\"https:\\\/\\\/charleroi-pourlapalestine.be\\\/index.php\\\/2014\\\/08\\\/03\\\/troisieme-rassemblement-de-solidarite-avec-gaza-a-charleroi\\\/\"},\"author\":{\"name\":\"admin1873\",\"@id\":\"https:\\\/\\\/charleroi-pourlapalestine.be\\\/#\\\/schema\\\/person\\\/c19ff515112f1299d8c12671d8fe3faa\"},\"headline\":\"Troisi\u00e8me rassemblement de solidarit\u00e9 avec Gaza\",\"datePublished\":\"2014-08-03T10:40:00+00:00\",\"dateModified\":\"2020-08-28T10:53:08+00:00\",\"mainEntityOfPage\":{\"@id\":\"https:\\\/\\\/charleroi-pourlapalestine.be\\\/index.php\\\/2014\\\/08\\\/03\\\/troisieme-rassemblement-de-solidarite-avec-gaza-a-charleroi\\\/\"},\"wordCount\":160,\"publisher\":{\"@id\":\"https:\\\/\\\/charleroi-pourlapalestine.be\\\/#organization\"},\"image\":{\"@id\":\"https:\\\/\\\/charleroi-pourlapalestine.be\\\/index.php\\\/2014\\\/08\\\/03\\\/troisieme-rassemblement-de-solidarite-avec-gaza-a-charleroi\\\/#primaryimage\"},\"thumbnailUrl\":\"https:\\\/\\\/charleroi-pourlapalestine.be\\\/wp-content\\\/uploads\\\/2020\\\/08\\\/assembl12-e1598611461259.jpg\",\"articleSection\":[\"Belgique\",\"Charleroi\",\"Gaza\",\"La Plate-forme\"],\"inLanguage\":\"fr-FR\"},{\"@type\":\"WebPage\",\"@id\":\"https:\\\/\\\/charleroi-pourlapalestine.be\\\/index.php\\\/2014\\\/08\\\/03\\\/troisieme-rassemblement-de-solidarite-avec-gaza-a-charleroi\\\/\",\"url\":\"https:\\\/\\\/charleroi-pourlapalestine.be\\\/index.php\\\/2014\\\/08\\\/03\\\/troisieme-rassemblement-de-solidarite-avec-gaza-a-charleroi\\\/\",\"name\":\"Troisi\u00e8me rassemblement de solidarit\u00e9 avec Gaza\",\"isPartOf\":{\"@id\":\"https:\\\/\\\/charleroi-pourlapalestine.be\\\/#website\"},\"primaryImageOfPage\":{\"@id\":\"https:\\\/\\\/charleroi-pourlapalestine.be\\\/index.php\\\/2014\\\/08\\\/03\\\/troisieme-rassemblement-de-solidarite-avec-gaza-a-charleroi\\\/#primaryimage\"},\"image\":{\"@id\":\"https:\\\/\\\/charleroi-pourlapalestine.be\\\/index.php\\\/2014\\\/08\\\/03\\\/troisieme-rassemblement-de-solidarite-avec-gaza-a-charleroi\\\/#primaryimage\"},\"thumbnailUrl\":\"https:\\\/\\\/charleroi-pourlapalestine.be\\\/wp-content\\\/uploads\\\/2020\\\/08\\\/assembl12-e1598611461259.jpg\",\"datePublished\":\"2014-08-03T10:40:00+00:00\",\"dateModified\":\"2020-08-28T10:53:08+00:00\",\"description\":\"Les membres de la Plate-forme Charleroi-Palestine ont organis\u00e9 un troisi\u00e8me rassemblement avec Gaza : t\u00e9moignages, po\u00e8mes et action symbolique sur la place.\",\"breadcrumb\":{\"@id\":\"https:\\\/\\\/charleroi-pourlapalestine.be\\\/index.php\\\/2014\\\/08\\\/03\\\/troisieme-rassemblement-de-solidarite-avec-gaza-a-charleroi\\\/#breadcrumb\"},\"inLanguage\":\"fr-FR\",\"potentialAction\":[{\"@type\":\"ReadAction\",\"target\":[\"https:\\\/\\\/charleroi-pourlapalestine.be\\\/index.php\\\/2014\\\/08\\\/03\\\/troisieme-rassemblement-de-solidarite-avec-gaza-a-charleroi\\\/\"]}]},{\"@type\":\"ImageObject\",\"inLanguage\":\"fr-FR\",\"@id\":\"https:\\\/\\\/charleroi-pourlapalestine.be\\\/index.php\\\/2014\\\/08\\\/03\\\/troisieme-rassemblement-de-solidarite-avec-gaza-a-charleroi\\\/#primaryimage\",\"url\":\"https:\\\/\\\/charleroi-pourlapalestine.be\\\/wp-content\\\/uploads\\\/2020\\\/08\\\/assembl12-e1598611461259.jpg\",\"contentUrl\":\"https:\\\/\\\/charleroi-pourlapalestine.be\\\/wp-content\\\/uploads\\\/2020\\\/08\\\/assembl12-e1598611461259.jpg\",\"width\":484,\"height\":320},{\"@type\":\"BreadcrumbList\",\"@id\":\"https:\\\/\\\/charleroi-pourlapalestine.be\\\/index.php\\\/2014\\\/08\\\/03\\\/troisieme-rassemblement-de-solidarite-avec-gaza-a-charleroi\\\/#breadcrumb\",\"itemListElement\":[{\"@type\":\"ListItem\",\"position\":1,\"name\":\"Accueil\",\"item\":\"https:\\\/\\\/charleroi-pourlapalestine.be\\\/\"},{\"@type\":\"ListItem\",\"position\":2,\"name\":\"Troisi\u00e8me rassemblement de solidarit\u00e9 avec Gaza\"}]},{\"@type\":\"WebSite\",\"@id\":\"https:\\\/\\\/charleroi-pourlapalestine.be\\\/#website\",\"url\":\"https:\\\/\\\/charleroi-pourlapalestine.be\\\/\",\"name\":\"Charleroi Pour la Palestine\",\"description\":\"\",\"publisher\":{\"@id\":\"https:\\\/\\\/charleroi-pourlapalestine.be\\\/#organization\"},\"potentialAction\":[{\"@type\":\"SearchAction\",\"target\":{\"@type\":\"EntryPoint\",\"urlTemplate\":\"https:\\\/\\\/charleroi-pourlapalestine.be\\\/?s={search_term_string}\"},\"query-input\":{\"@type\":\"PropertyValueSpecification\",\"valueRequired\":true,\"valueName\":\"search_term_string\"}}],\"inLanguage\":\"fr-FR\"},{\"@type\":\"Organization\",\"@id\":\"https:\\\/\\\/charleroi-pourlapalestine.be\\\/#organization\",\"name\":\"Plate-forme Charleroi-Palestine\",\"url\":\"https:\\\/\\\/charleroi-pourlapalestine.be\\\/\",\"logo\":{\"@type\":\"ImageObject\",\"inLanguage\":\"fr-FR\",\"@id\":\"https:\\\/\\\/charleroi-pourlapalestine.be\\\/#\\\/schema\\\/logo\\\/image\\\/\",\"url\":\"https:\\\/\\\/charleroi-pourlapalestine.be\\\/wp-content\\\/uploads\\\/2020\\\/01\\\/logo-Copy.jpg\",\"contentUrl\":\"https:\\\/\\\/charleroi-pourlapalestine.be\\\/wp-content\\\/uploads\\\/2020\\\/01\\\/logo-Copy.jpg\",\"width\":180,\"height\":180,\"caption\":\"Plate-forme Charleroi-Palestine\"},\"image\":{\"@id\":\"https:\\\/\\\/charleroi-pourlapalestine.be\\\/#\\\/schema\\\/logo\\\/image\\\/\"},\"sameAs\":[\"https:\\\/\\\/www.facebook.com\\\/PlateformeCharleroiPalestine\\\/\",\"https:\\\/\\\/x.com\\\/LaCharleroi\"]},{\"@type\":\"Person\",\"@id\":\"https:\\\/\\\/charleroi-pourlapalestine.be\\\/#\\\/schema\\\/person\\\/c19ff515112f1299d8c12671d8fe3faa\",\"name\":\"admin1873\",\"url\":\"https:\\\/\\\/charleroi-pourlapalestine.be\\\/index.php\\\/author\\\/admin1873\\\/\"}]}<\/script>\n<!-- \/ Yoast SEO plugin. -->","yoast_head_json":{"title":"Troisi\u00e8me rassemblement de solidarit\u00e9 avec Gaza","description":"Les membres de la Plate-forme Charleroi-Palestine ont organis\u00e9 un troisi\u00e8me rassemblement avec Gaza : t\u00e9moignages, po\u00e8mes et action symbolique sur la place.","robots":{"index":"index","follow":"follow","max-snippet":"max-snippet:-1","max-image-preview":"max-image-preview:large","max-video-preview":"max-video-preview:-1"},"canonical":"https:\/\/charleroi-pourlapalestine.be\/index.php\/2014\/08\/03\/troisieme-rassemblement-de-solidarite-avec-gaza-a-charleroi\/","schema":{"@context":"https:\/\/schema.org","@graph":[{"@type":"Article","@id":"https:\/\/charleroi-pourlapalestine.be\/index.php\/2014\/08\/03\/troisieme-rassemblement-de-solidarite-avec-gaza-a-charleroi\/#article","isPartOf":{"@id":"https:\/\/charleroi-pourlapalestine.be\/index.php\/2014\/08\/03\/troisieme-rassemblement-de-solidarite-avec-gaza-a-charleroi\/"},"author":{"name":"admin1873","@id":"https:\/\/charleroi-pourlapalestine.be\/#\/schema\/person\/c19ff515112f1299d8c12671d8fe3faa"},"headline":"Troisi\u00e8me rassemblement de solidarit\u00e9 avec Gaza","datePublished":"2014-08-03T10:40:00+00:00","dateModified":"2020-08-28T10:53:08+00:00","mainEntityOfPage":{"@id":"https:\/\/charleroi-pourlapalestine.be\/index.php\/2014\/08\/03\/troisieme-rassemblement-de-solidarite-avec-gaza-a-charleroi\/"},"wordCount":160,"publisher":{"@id":"https:\/\/charleroi-pourlapalestine.be\/#organization"},"image":{"@id":"https:\/\/charleroi-pourlapalestine.be\/index.php\/2014\/08\/03\/troisieme-rassemblement-de-solidarite-avec-gaza-a-charleroi\/#primaryimage"},"thumbnailUrl":"https:\/\/charleroi-pourlapalestine.be\/wp-content\/uploads\/2020\/08\/assembl12-e1598611461259.jpg","articleSection":["Belgique","Charleroi","Gaza","La Plate-forme"],"inLanguage":"fr-FR"},{"@type":"WebPage","@id":"https:\/\/charleroi-pourlapalestine.be\/index.php\/2014\/08\/03\/troisieme-rassemblement-de-solidarite-avec-gaza-a-charleroi\/","url":"https:\/\/charleroi-pourlapalestine.be\/index.php\/2014\/08\/03\/troisieme-rassemblement-de-solidarite-avec-gaza-a-charleroi\/","name":"Troisi\u00e8me rassemblement de solidarit\u00e9 avec Gaza","isPartOf":{"@id":"https:\/\/charleroi-pourlapalestine.be\/#website"},"primaryImageOfPage":{"@id":"https:\/\/charleroi-pourlapalestine.be\/index.php\/2014\/08\/03\/troisieme-rassemblement-de-solidarite-avec-gaza-a-charleroi\/#primaryimage"},"image":{"@id":"https:\/\/charleroi-pourlapalestine.be\/index.php\/2014\/08\/03\/troisieme-rassemblement-de-solidarite-avec-gaza-a-charleroi\/#primaryimage"},"thumbnailUrl":"https:\/\/charleroi-pourlapalestine.be\/wp-content\/uploads\/2020\/08\/assembl12-e1598611461259.jpg","datePublished":"2014-08-03T10:40:00+00:00","dateModified":"2020-08-28T10:53:08+00:00","description":"Les membres de la Plate-forme Charleroi-Palestine ont organis\u00e9 un troisi\u00e8me rassemblement avec Gaza : t\u00e9moignages, po\u00e8mes et action symbolique sur la place.","breadcrumb":{"@id":"https:\/\/charleroi-pourlapalestine.be\/index.php\/2014\/08\/03\/troisieme-rassemblement-de-solidarite-avec-gaza-a-charleroi\/#breadcrumb"},"inLanguage":"fr-FR","potentialAction":[{"@type":"ReadAction","target":["https:\/\/charleroi-pourlapalestine.be\/index.php\/2014\/08\/03\/troisieme-rassemblement-de-solidarite-avec-gaza-a-charleroi\/"]}]},{"@type":"ImageObject","inLanguage":"fr-FR","@id":"https:\/\/charleroi-pourlapalestine.be\/index.php\/2014\/08\/03\/troisieme-rassemblement-de-solidarite-avec-gaza-a-charleroi\/#primaryimage","url":"https:\/\/charleroi-pourlapalestine.be\/wp-content\/uploads\/2020\/08\/assembl12-e1598611461259.jpg","contentUrl":"https:\/\/charleroi-pourlapalestine.be\/wp-content\/uploads\/2020\/08\/assembl12-e1598611461259.jpg","width":484,"height":320},{"@type":"BreadcrumbList","@id":"https:\/\/charleroi-pourlapalestine.be\/index.php\/2014\/08\/03\/troisieme-rassemblement-de-solidarite-avec-gaza-a-charleroi\/#breadcrumb","itemListElement":[{"@type":"ListItem","position":1,"name":"Accueil","item":"https:\/\/charleroi-pourlapalestine.be\/"},{"@type":"ListItem","position":2,"name":"Troisi\u00e8me rassemblement de solidarit\u00e9 avec Gaza"}]},{"@type":"WebSite","@id":"https:\/\/charleroi-pourlapalestine.be\/#website","url":"https:\/\/charleroi-pourlapalestine.be\/","name":"Charleroi Pour la Palestine","description":"","publisher":{"@id":"https:\/\/charleroi-pourlapalestine.be\/#organization"},"potentialAction":[{"@type":"SearchAction","target":{"@type":"EntryPoint","urlTemplate":"https:\/\/charleroi-pourlapalestine.be\/?s={search_term_string}"},"query-input":{"@type":"PropertyValueSpecification","valueRequired":true,"valueName":"search_term_string"}}],"inLanguage":"fr-FR"},{"@type":"Organization","@id":"https:\/\/charleroi-pourlapalestine.be\/#organization","name":"Plate-forme Charleroi-Palestine","url":"https:\/\/charleroi-pourlapalestine.be\/","logo":{"@type":"ImageObject","inLanguage":"fr-FR","@id":"https:\/\/charleroi-pourlapalestine.be\/#\/schema\/logo\/image\/","url":"https:\/\/charleroi-pourlapalestine.be\/wp-content\/uploads\/2020\/01\/logo-Copy.jpg","contentUrl":"https:\/\/charleroi-pourlapalestine.be\/wp-content\/uploads\/2020\/01\/logo-Copy.jpg","width":180,"height":180,"caption":"Plate-forme Charleroi-Palestine"},"image":{"@id":"https:\/\/charleroi-pourlapalestine.be\/#\/schema\/logo\/image\/"},"sameAs":["https:\/\/www.facebook.com\/PlateformeCharleroiPalestine\/","https:\/\/x.com\/LaCharleroi"]},{"@type":"Person","@id":"https:\/\/charleroi-pourlapalestine.be\/#\/schema\/person\/c19ff515112f1299d8c12671d8fe3faa","name":"admin1873","url":"https:\/\/charleroi-pourlapalestine.be\/index.php\/author\/admin1873\/"}]}},"_links":{"self":[{"href":"https:\/\/charleroi-pourlapalestine.be\/index.php\/wp-json\/wp\/v2\/posts\/16279","targetHints":{"allow":["GET"]}}],"collection":[{"href":"https:\/\/charleroi-pourlapalestine.be\/index.php\/wp-json\/wp\/v2\/posts"}],"about":[{"href":"https:\/\/charleroi-pourlapalestine.be\/index.php\/wp-json\/wp\/v2\/types\/post"}],"author":[{"embeddable":true,"href":"https:\/\/charleroi-pourlapalestine.be\/index.php\/wp-json\/wp\/v2\/users\/1"}],"replies":[{"embeddable":true,"href":"https:\/\/charleroi-pourlapalestine.be\/index.php\/wp-json\/wp\/v2\/comments?post=16279"}],"version-history":[{"count":0,"href":"https:\/\/charleroi-pourlapalestine.be\/index.php\/wp-json\/wp\/v2\/posts\/16279\/revisions"}],"wp:featuredmedia":[{"embeddable":true,"href":"https:\/\/charleroi-pourlapalestine.be\/index.php\/wp-json\/wp\/v2\/media\/16281"}],"wp:attachment":[{"href":"https:\/\/charleroi-pourlapalestine.be\/index.php\/wp-json\/wp\/v2\/media?parent=16279"}],"wp:term":[{"taxonomy":"category","embeddable":true,"href":"https:\/\/charleroi-pourlapalestine.be\/index.php\/wp-json\/wp\/v2\/categories?post=16279"},{"taxonomy":"post_tag","embeddable":true,"href":"https:\/\/charleroi-pourlapalestine.be\/index.php\/wp-json\/wp\/v2\/tags?post=16279"}],"curies":[{"name":"wp","href":"https:\/\/api.w.org\/{rel}","templated":true}]}}