{"id":16480,"date":"2010-09-23T09:55:00","date_gmt":"2010-09-23T07:55:00","guid":{"rendered":"https:\/\/charleroi-pourlapalestine.be\/?p=16480"},"modified":"2020-08-30T10:14:00","modified_gmt":"2020-08-30T08:14:00","slug":"palestine-occupee-dexia-impliquee-informons-les-clients","status":"publish","type":"post","link":"https:\/\/charleroi-pourlapalestine.be\/index.php\/2010\/09\/23\/palestine-occupee-dexia-impliquee-informons-les-clients\/","title":{"rendered":"Palestine occup\u00e9e, Dexia impliqu\u00e9e : informons les clients"},"content":{"rendered":"<header class=\"entry-header mh-clearfix\">\n<h1 class=\"entry-title\">&nbsp;<\/h1>\n<p class=\"mh-meta entry-meta\">&nbsp;<\/p>\n<\/header>\n<div class=\"entry-content mh-clearfix\">\n<figure class=\"entry-thumbnail\"><img loading=\"lazy\" decoding=\"async\" class=\"alignnone\" title=\"dexia3x2_FR_4\" src=\"https:\/\/www.pourlapalestine.be\/wp-content\/uploads\/2011\/05\/dexia3x2_FR_4.jpg\" alt=\"Affiche de la campagne : Palestine occup\u00e9e, Dexia impliqu\u00e9e\" width=\"464\" height=\"309\"><\/figure>\n<div class=\"pf-content\">\n<p><strong>Les clients de la banque DEXIA savent-ils que leur banque contribue fortement au financement de la colonisation de la Palestine ?<\/strong><\/p>\n<p>Peut-\u00eatre ont-il accord\u00e9 foi aux bonnes paroles distill\u00e9es par le pr\u00e9sident de DEXIA, M. <strong>Jean-Luc DEHAENE<\/strong>, lors de deux assembl\u00e9e g\u00e9n\u00e9rales des actionnaires de <strong>Dexia<\/strong> \u00e0 Bruxelles. Il a en effet affirm\u00e9, avec l\u2019aplomb qu\u2019on lui conna\u00eet, que la filiale isra\u00e9lienne de <strong>DEXIA<\/strong> a cess\u00e9 de conclure de nouveaux contrats de financement avec les colonies juives en Cisjordanie.<\/p>\n<p>De multiples preuves ont \u00e9t\u00e9 r\u00e9colt\u00e9es en Isra\u00ebl \u2013 y compris des actes officiels comme des hypoth\u00e8ques, car DEXIA accepte des hypoth\u00e8ques sur des biens construits ill\u00e9galement sur des terres vol\u00e9es (que ceux \u00e0 qui la banque refuserait un cr\u00e9dit au logement s\u2019en souvienne : <strong>DEXIA<\/strong> sait se montrer tr\u00e8s accommodante dans certains cas) \u2013 qui d\u00e9montrent que les assurances donn\u00e9es par <strong>J-L DEHAENE<\/strong> ne sont que des balivernes.<\/p>\n<p>La <a href=\"https:\/\/charleroi-pourlapalestine.be\/index.php\/2011\/07\/10\/retour-de-deux-des-belges-refoules-a-lentree-en-palestine\/\">Plate-forme Charleroi-Palestine<\/a>&#8211; toujours pleine de bonne volont\u00e9 et de sollicitude \u2013 a donc voulu aider <strong>DEXIA<\/strong> \u00e0 informer correctement sa client\u00e8le en dotant une de ses agences du mat\u00e9riel publicitaire ad\u00e9quat, que l\u2019on peut voir sur la vid\u00e9o ci-dessous :<\/p>\n<p><center><iframe loading=\"lazy\" src=\"https:\/\/player.vimeo.com\/video\/15228846\" allowfullscreen=\"allowfullscreen\" data-mce-fragment=\"1\" width=\"560\" height=\"420\" frameborder=\"0\"><\/iframe><\/center><center><a href=\"https:\/\/vimeo.com\/15228846\">Palestine occup\u00e9e \u2013 Dexia impliqu\u00e9e : informons les clients<\/a><\/p>\n<p><\/center>&nbsp;<\/p>\n<p>Dans ce quartier commer\u00e7ant tr\u00e8s vivant, l\u2019agence <strong>DEXIA<\/strong> choisie est ordinairement tr\u00e8s fr\u00e9quent\u00e9e en fin d\u2019apr\u00e8s-midi par des clients qui utilisent le \u201cself-banking\u201d. Malheureusement, ce jeudi 23 septembre, au moment o\u00f9 d\u00e9butait l\u2019action de sensibilisation, une pluie battante s\u2019est abattue sur la ville, ce qui a nettement clairsem\u00e9 les rangs des passants et des clients.<\/p>\n<p>Nous avons cependant eu la satisfaction de constater que plusieurs heures apr\u00e8s l\u2019action, les grands adh\u00e9sifs appos\u00e9s sur toutes les vitrines \u00e9taient toujours bien en place. <del><br \/>\n<\/del><\/p>\n<p>Une campagne est en cours depuis 2 ans contre le financement par <strong>Dexia<\/strong> des colonies isra\u00e9liennes dans les territoires palestiniens. Des cartes de protestation, des actions devant les bureaux de <strong>Dexia<\/strong>, des interpellations aux Assembl\u00e9es G\u00e9n\u00e9rales, des questions parlementaires, des entretiens avec la direction de <strong>Dexia<\/strong>, etc\u2026.<\/p>\n<p>Le Pr\u00e9sident de <strong>DEXIA<\/strong> a r\u00e9pliqu\u00e9 par des mensonges devant l\u2019assembl\u00e9e de ses actionnaires, o\u00f9 il a pr\u00e9tendu \u00e0 deux reprises que la filiale isra\u00e9lienne ne concluait plus de nouveaux contrats concernant le territoire palestinien (tout en restant tr\u00e8s vague \u00e0 propos de J\u00e9rusalem-est), et que donc progressivement tous les engagements du groupe dans ces territoires prendraient fin.<\/p>\n<p>Non seulement le financement des colonies isra\u00e9liennes en CIsjordanie et \u00e0 J\u00e9rusalem-est se poursuit, de nouveaux contrats sont pass\u00e9s, comme des preuves en ont \u00e9t\u00e9 apport\u00e9es par l\u2019organisation isra\u00e9lienne \u00ab&nbsp;<a href=\"http:\/\/www.whoprofits.org\/s?text=Dexia&amp;title=&amp;vid_4=All&amp;5f6_name=00133324cf4cf9413276de383917a_form&amp;8ec_name=163c79b81001b6a6185dc23ae2_form&amp;timegate=1459337066&amp;vid_2=All&amp;vid_5=All&amp;vid_7=All&amp;vid_3=All&amp;field_rev_hid_value[min]=All&amp;field_rev_hid_value[max]=All&amp;traded=All&amp;revenues=&amp;5f6_name=00133324cf4cf9413276de383917a_form&amp;8ec_name=163c79b81001b6a6185dc23ae2_form\" target=\"_blank\" rel=\"noopener noreferrer\"><strong>Who Profits<\/strong><\/a>\u00ab&nbsp;, mais <strong>Dexia<\/strong> travaille m\u00eame apparemment en \u00e9troite collaboration \u2013 gratuitement ! \u2013 avec les autorit\u00e9s isra\u00e9liennes pour pouvoir fournir d\u2019autres ressources n\u00e9cessaires aux colonies et \u00e0 leur extension continue. Face \u00e0 la campagne \u201c<strong><em>Palestine occup\u00e9e \u2013 Dexia Impliqu\u00e9e<\/em><\/strong>\u201d, la banque a donc choisi les man\u0153uvres dilatoires et la dissimulation.<\/p>\n<h3>Mais peut-\u00eatre la banque DEXIA \u00e9couterait-elle ses clients ?<\/h3>\n<p>Nous cherchons des clients <strong>Dexia<\/strong> qui acceptent de cl\u00f4turer leur(s) compte(s) \u00e0 l\u2019occasion d\u2019une action commune pr\u00e9vue le mercredi 27 octobre 2010. Des gros clients et des clients plus modestes, peu importe.<\/p>\n<p>Plusieurs dizaines de clients se rendront le m\u00eame jour aux guichets de <strong>DEXIA<\/strong>, quelque part \u00e0 Bruxelles, pour cl\u00f4turer leurs comptes. Nous faisons appel aux clients <strong>Dexia<\/strong> qui souhaiteraient participer \u00e0 l\u2019action \u201c<em><strong>Je cl\u00f4ture mon compte chez Dexia !<\/strong><\/em>\u201d<\/p>\n<\/div>\n<\/div>\n","protected":false},"excerpt":{"rendered":"<p>Action d&rsquo;information de la Plate-forme Charleroi-Palestine dans le cadre de la campagne : Palestine occup\u00e9e &#8211; Dexia impliqu\u00e9e<\/p>\n","protected":false},"author":1,"featured_media":16484,"comment_status":"closed","ping_status":"closed","sticky":false,"template":"","format":"standard","meta":{"ngg_post_thumbnail":0,"footnotes":""},"categories":[90,190],"tags":[],"class_list":["post-16480","post","type-post","status-publish","format-standard","has-post-thumbnail","hentry","category-bds","category-plate-forme-charleroi-palestine"],"yoast_head":"<!-- This site is optimized with the Yoast SEO plugin v27.3 - https:\/\/yoast.com\/product\/yoast-seo-wordpress\/ -->\n<title>Palestine occup\u00e9e, Dexia impliqu\u00e9e : informons les clients<\/title>\n<meta name=\"description\" content=\"Action d&#039;information de la Plate-forme Charleroi-Palestine dans le cadre de la campagne : Palestine occup\u00e9e - Dexia impliqu\u00e9e\" \/>\n<meta name=\"robots\" content=\"index, follow, max-snippet:-1, max-image-preview:large, max-video-preview:-1\" \/>\n<link rel=\"canonical\" href=\"https:\/\/charleroi-pourlapalestine.be\/index.php\/2010\/09\/23\/palestine-occupee-dexia-impliquee-informons-les-clients\/\" \/>\n<script type=\"application\/ld+json\" class=\"yoast-schema-graph\">{\"@context\":\"https:\\\/\\\/schema.org\",\"@graph\":[{\"@type\":\"Article\",\"@id\":\"https:\\\/\\\/charleroi-pourlapalestine.be\\\/index.php\\\/2010\\\/09\\\/23\\\/palestine-occupee-dexia-impliquee-informons-les-clients\\\/#article\",\"isPartOf\":{\"@id\":\"https:\\\/\\\/charleroi-pourlapalestine.be\\\/index.php\\\/2010\\\/09\\\/23\\\/palestine-occupee-dexia-impliquee-informons-les-clients\\\/\"},\"author\":{\"name\":\"admin1873\",\"@id\":\"https:\\\/\\\/charleroi-pourlapalestine.be\\\/#\\\/schema\\\/person\\\/c19ff515112f1299d8c12671d8fe3faa\"},\"headline\":\"Palestine occup\u00e9e, Dexia impliqu\u00e9e : informons les clients\",\"datePublished\":\"2010-09-23T07:55:00+00:00\",\"dateModified\":\"2020-08-30T08:14:00+00:00\",\"mainEntityOfPage\":{\"@id\":\"https:\\\/\\\/charleroi-pourlapalestine.be\\\/index.php\\\/2010\\\/09\\\/23\\\/palestine-occupee-dexia-impliquee-informons-les-clients\\\/\"},\"wordCount\":610,\"publisher\":{\"@id\":\"https:\\\/\\\/charleroi-pourlapalestine.be\\\/#organization\"},\"image\":{\"@id\":\"https:\\\/\\\/charleroi-pourlapalestine.be\\\/index.php\\\/2010\\\/09\\\/23\\\/palestine-occupee-dexia-impliquee-informons-les-clients\\\/#primaryimage\"},\"thumbnailUrl\":\"https:\\\/\\\/charleroi-pourlapalestine.be\\\/wp-content\\\/uploads\\\/2010\\\/09\\\/dexia.jpg\",\"articleSection\":[\"BDS\",\"La Plate-forme\"],\"inLanguage\":\"fr-FR\"},{\"@type\":\"WebPage\",\"@id\":\"https:\\\/\\\/charleroi-pourlapalestine.be\\\/index.php\\\/2010\\\/09\\\/23\\\/palestine-occupee-dexia-impliquee-informons-les-clients\\\/\",\"url\":\"https:\\\/\\\/charleroi-pourlapalestine.be\\\/index.php\\\/2010\\\/09\\\/23\\\/palestine-occupee-dexia-impliquee-informons-les-clients\\\/\",\"name\":\"Palestine occup\u00e9e, Dexia impliqu\u00e9e : informons les clients\",\"isPartOf\":{\"@id\":\"https:\\\/\\\/charleroi-pourlapalestine.be\\\/#website\"},\"primaryImageOfPage\":{\"@id\":\"https:\\\/\\\/charleroi-pourlapalestine.be\\\/index.php\\\/2010\\\/09\\\/23\\\/palestine-occupee-dexia-impliquee-informons-les-clients\\\/#primaryimage\"},\"image\":{\"@id\":\"https:\\\/\\\/charleroi-pourlapalestine.be\\\/index.php\\\/2010\\\/09\\\/23\\\/palestine-occupee-dexia-impliquee-informons-les-clients\\\/#primaryimage\"},\"thumbnailUrl\":\"https:\\\/\\\/charleroi-pourlapalestine.be\\\/wp-content\\\/uploads\\\/2010\\\/09\\\/dexia.jpg\",\"datePublished\":\"2010-09-23T07:55:00+00:00\",\"dateModified\":\"2020-08-30T08:14:00+00:00\",\"description\":\"Action d'information de la Plate-forme Charleroi-Palestine dans le cadre de la campagne : Palestine occup\u00e9e - Dexia impliqu\u00e9e\",\"breadcrumb\":{\"@id\":\"https:\\\/\\\/charleroi-pourlapalestine.be\\\/index.php\\\/2010\\\/09\\\/23\\\/palestine-occupee-dexia-impliquee-informons-les-clients\\\/#breadcrumb\"},\"inLanguage\":\"fr-FR\",\"potentialAction\":[{\"@type\":\"ReadAction\",\"target\":[\"https:\\\/\\\/charleroi-pourlapalestine.be\\\/index.php\\\/2010\\\/09\\\/23\\\/palestine-occupee-dexia-impliquee-informons-les-clients\\\/\"]}]},{\"@type\":\"ImageObject\",\"inLanguage\":\"fr-FR\",\"@id\":\"https:\\\/\\\/charleroi-pourlapalestine.be\\\/index.php\\\/2010\\\/09\\\/23\\\/palestine-occupee-dexia-impliquee-informons-les-clients\\\/#primaryimage\",\"url\":\"https:\\\/\\\/charleroi-pourlapalestine.be\\\/wp-content\\\/uploads\\\/2010\\\/09\\\/dexia.jpg\",\"contentUrl\":\"https:\\\/\\\/charleroi-pourlapalestine.be\\\/wp-content\\\/uploads\\\/2010\\\/09\\\/dexia.jpg\",\"width\":373,\"height\":280},{\"@type\":\"BreadcrumbList\",\"@id\":\"https:\\\/\\\/charleroi-pourlapalestine.be\\\/index.php\\\/2010\\\/09\\\/23\\\/palestine-occupee-dexia-impliquee-informons-les-clients\\\/#breadcrumb\",\"itemListElement\":[{\"@type\":\"ListItem\",\"position\":1,\"name\":\"Accueil\",\"item\":\"https:\\\/\\\/charleroi-pourlapalestine.be\\\/\"},{\"@type\":\"ListItem\",\"position\":2,\"name\":\"Palestine occup\u00e9e, Dexia impliqu\u00e9e : informons les clients\"}]},{\"@type\":\"WebSite\",\"@id\":\"https:\\\/\\\/charleroi-pourlapalestine.be\\\/#website\",\"url\":\"https:\\\/\\\/charleroi-pourlapalestine.be\\\/\",\"name\":\"Charleroi Pour la Palestine\",\"description\":\"\",\"publisher\":{\"@id\":\"https:\\\/\\\/charleroi-pourlapalestine.be\\\/#organization\"},\"potentialAction\":[{\"@type\":\"SearchAction\",\"target\":{\"@type\":\"EntryPoint\",\"urlTemplate\":\"https:\\\/\\\/charleroi-pourlapalestine.be\\\/?s={search_term_string}\"},\"query-input\":{\"@type\":\"PropertyValueSpecification\",\"valueRequired\":true,\"valueName\":\"search_term_string\"}}],\"inLanguage\":\"fr-FR\"},{\"@type\":\"Organization\",\"@id\":\"https:\\\/\\\/charleroi-pourlapalestine.be\\\/#organization\",\"name\":\"Plate-forme Charleroi-Palestine\",\"url\":\"https:\\\/\\\/charleroi-pourlapalestine.be\\\/\",\"logo\":{\"@type\":\"ImageObject\",\"inLanguage\":\"fr-FR\",\"@id\":\"https:\\\/\\\/charleroi-pourlapalestine.be\\\/#\\\/schema\\\/logo\\\/image\\\/\",\"url\":\"https:\\\/\\\/charleroi-pourlapalestine.be\\\/wp-content\\\/uploads\\\/2020\\\/01\\\/logo-Copy.jpg\",\"contentUrl\":\"https:\\\/\\\/charleroi-pourlapalestine.be\\\/wp-content\\\/uploads\\\/2020\\\/01\\\/logo-Copy.jpg\",\"width\":180,\"height\":180,\"caption\":\"Plate-forme Charleroi-Palestine\"},\"image\":{\"@id\":\"https:\\\/\\\/charleroi-pourlapalestine.be\\\/#\\\/schema\\\/logo\\\/image\\\/\"},\"sameAs\":[\"https:\\\/\\\/www.facebook.com\\\/PlateformeCharleroiPalestine\\\/\",\"https:\\\/\\\/x.com\\\/LaCharleroi\"]},{\"@type\":\"Person\",\"@id\":\"https:\\\/\\\/charleroi-pourlapalestine.be\\\/#\\\/schema\\\/person\\\/c19ff515112f1299d8c12671d8fe3faa\",\"name\":\"admin1873\",\"url\":\"https:\\\/\\\/charleroi-pourlapalestine.be\\\/index.php\\\/author\\\/admin1873\\\/\"}]}<\/script>\n<!-- \/ Yoast SEO plugin. -->","yoast_head_json":{"title":"Palestine occup\u00e9e, Dexia impliqu\u00e9e : informons les clients","description":"Action d'information de la Plate-forme Charleroi-Palestine dans le cadre de la campagne : Palestine occup\u00e9e - Dexia impliqu\u00e9e","robots":{"index":"index","follow":"follow","max-snippet":"max-snippet:-1","max-image-preview":"max-image-preview:large","max-video-preview":"max-video-preview:-1"},"canonical":"https:\/\/charleroi-pourlapalestine.be\/index.php\/2010\/09\/23\/palestine-occupee-dexia-impliquee-informons-les-clients\/","schema":{"@context":"https:\/\/schema.org","@graph":[{"@type":"Article","@id":"https:\/\/charleroi-pourlapalestine.be\/index.php\/2010\/09\/23\/palestine-occupee-dexia-impliquee-informons-les-clients\/#article","isPartOf":{"@id":"https:\/\/charleroi-pourlapalestine.be\/index.php\/2010\/09\/23\/palestine-occupee-dexia-impliquee-informons-les-clients\/"},"author":{"name":"admin1873","@id":"https:\/\/charleroi-pourlapalestine.be\/#\/schema\/person\/c19ff515112f1299d8c12671d8fe3faa"},"headline":"Palestine occup\u00e9e, Dexia impliqu\u00e9e : informons les clients","datePublished":"2010-09-23T07:55:00+00:00","dateModified":"2020-08-30T08:14:00+00:00","mainEntityOfPage":{"@id":"https:\/\/charleroi-pourlapalestine.be\/index.php\/2010\/09\/23\/palestine-occupee-dexia-impliquee-informons-les-clients\/"},"wordCount":610,"publisher":{"@id":"https:\/\/charleroi-pourlapalestine.be\/#organization"},"image":{"@id":"https:\/\/charleroi-pourlapalestine.be\/index.php\/2010\/09\/23\/palestine-occupee-dexia-impliquee-informons-les-clients\/#primaryimage"},"thumbnailUrl":"https:\/\/charleroi-pourlapalestine.be\/wp-content\/uploads\/2010\/09\/dexia.jpg","articleSection":["BDS","La Plate-forme"],"inLanguage":"fr-FR"},{"@type":"WebPage","@id":"https:\/\/charleroi-pourlapalestine.be\/index.php\/2010\/09\/23\/palestine-occupee-dexia-impliquee-informons-les-clients\/","url":"https:\/\/charleroi-pourlapalestine.be\/index.php\/2010\/09\/23\/palestine-occupee-dexia-impliquee-informons-les-clients\/","name":"Palestine occup\u00e9e, Dexia impliqu\u00e9e : informons les clients","isPartOf":{"@id":"https:\/\/charleroi-pourlapalestine.be\/#website"},"primaryImageOfPage":{"@id":"https:\/\/charleroi-pourlapalestine.be\/index.php\/2010\/09\/23\/palestine-occupee-dexia-impliquee-informons-les-clients\/#primaryimage"},"image":{"@id":"https:\/\/charleroi-pourlapalestine.be\/index.php\/2010\/09\/23\/palestine-occupee-dexia-impliquee-informons-les-clients\/#primaryimage"},"thumbnailUrl":"https:\/\/charleroi-pourlapalestine.be\/wp-content\/uploads\/2010\/09\/dexia.jpg","datePublished":"2010-09-23T07:55:00+00:00","dateModified":"2020-08-30T08:14:00+00:00","description":"Action d'information de la Plate-forme Charleroi-Palestine dans le cadre de la campagne : Palestine occup\u00e9e - Dexia impliqu\u00e9e","breadcrumb":{"@id":"https:\/\/charleroi-pourlapalestine.be\/index.php\/2010\/09\/23\/palestine-occupee-dexia-impliquee-informons-les-clients\/#breadcrumb"},"inLanguage":"fr-FR","potentialAction":[{"@type":"ReadAction","target":["https:\/\/charleroi-pourlapalestine.be\/index.php\/2010\/09\/23\/palestine-occupee-dexia-impliquee-informons-les-clients\/"]}]},{"@type":"ImageObject","inLanguage":"fr-FR","@id":"https:\/\/charleroi-pourlapalestine.be\/index.php\/2010\/09\/23\/palestine-occupee-dexia-impliquee-informons-les-clients\/#primaryimage","url":"https:\/\/charleroi-pourlapalestine.be\/wp-content\/uploads\/2010\/09\/dexia.jpg","contentUrl":"https:\/\/charleroi-pourlapalestine.be\/wp-content\/uploads\/2010\/09\/dexia.jpg","width":373,"height":280},{"@type":"BreadcrumbList","@id":"https:\/\/charleroi-pourlapalestine.be\/index.php\/2010\/09\/23\/palestine-occupee-dexia-impliquee-informons-les-clients\/#breadcrumb","itemListElement":[{"@type":"ListItem","position":1,"name":"Accueil","item":"https:\/\/charleroi-pourlapalestine.be\/"},{"@type":"ListItem","position":2,"name":"Palestine occup\u00e9e, Dexia impliqu\u00e9e : informons les clients"}]},{"@type":"WebSite","@id":"https:\/\/charleroi-pourlapalestine.be\/#website","url":"https:\/\/charleroi-pourlapalestine.be\/","name":"Charleroi Pour la Palestine","description":"","publisher":{"@id":"https:\/\/charleroi-pourlapalestine.be\/#organization"},"potentialAction":[{"@type":"SearchAction","target":{"@type":"EntryPoint","urlTemplate":"https:\/\/charleroi-pourlapalestine.be\/?s={search_term_string}"},"query-input":{"@type":"PropertyValueSpecification","valueRequired":true,"valueName":"search_term_string"}}],"inLanguage":"fr-FR"},{"@type":"Organization","@id":"https:\/\/charleroi-pourlapalestine.be\/#organization","name":"Plate-forme Charleroi-Palestine","url":"https:\/\/charleroi-pourlapalestine.be\/","logo":{"@type":"ImageObject","inLanguage":"fr-FR","@id":"https:\/\/charleroi-pourlapalestine.be\/#\/schema\/logo\/image\/","url":"https:\/\/charleroi-pourlapalestine.be\/wp-content\/uploads\/2020\/01\/logo-Copy.jpg","contentUrl":"https:\/\/charleroi-pourlapalestine.be\/wp-content\/uploads\/2020\/01\/logo-Copy.jpg","width":180,"height":180,"caption":"Plate-forme Charleroi-Palestine"},"image":{"@id":"https:\/\/charleroi-pourlapalestine.be\/#\/schema\/logo\/image\/"},"sameAs":["https:\/\/www.facebook.com\/PlateformeCharleroiPalestine\/","https:\/\/x.com\/LaCharleroi"]},{"@type":"Person","@id":"https:\/\/charleroi-pourlapalestine.be\/#\/schema\/person\/c19ff515112f1299d8c12671d8fe3faa","name":"admin1873","url":"https:\/\/charleroi-pourlapalestine.be\/index.php\/author\/admin1873\/"}]}},"_links":{"self":[{"href":"https:\/\/charleroi-pourlapalestine.be\/index.php\/wp-json\/wp\/v2\/posts\/16480","targetHints":{"allow":["GET"]}}],"collection":[{"href":"https:\/\/charleroi-pourlapalestine.be\/index.php\/wp-json\/wp\/v2\/posts"}],"about":[{"href":"https:\/\/charleroi-pourlapalestine.be\/index.php\/wp-json\/wp\/v2\/types\/post"}],"author":[{"embeddable":true,"href":"https:\/\/charleroi-pourlapalestine.be\/index.php\/wp-json\/wp\/v2\/users\/1"}],"replies":[{"embeddable":true,"href":"https:\/\/charleroi-pourlapalestine.be\/index.php\/wp-json\/wp\/v2\/comments?post=16480"}],"version-history":[{"count":0,"href":"https:\/\/charleroi-pourlapalestine.be\/index.php\/wp-json\/wp\/v2\/posts\/16480\/revisions"}],"wp:featuredmedia":[{"embeddable":true,"href":"https:\/\/charleroi-pourlapalestine.be\/index.php\/wp-json\/wp\/v2\/media\/16484"}],"wp:attachment":[{"href":"https:\/\/charleroi-pourlapalestine.be\/index.php\/wp-json\/wp\/v2\/media?parent=16480"}],"wp:term":[{"taxonomy":"category","embeddable":true,"href":"https:\/\/charleroi-pourlapalestine.be\/index.php\/wp-json\/wp\/v2\/categories?post=16480"},{"taxonomy":"post_tag","embeddable":true,"href":"https:\/\/charleroi-pourlapalestine.be\/index.php\/wp-json\/wp\/v2\/tags?post=16480"}],"curies":[{"name":"wp","href":"https:\/\/api.w.org\/{rel}","templated":true}]}}