{"id":16527,"date":"2010-11-18T14:29:00","date_gmt":"2010-11-18T13:29:00","guid":{"rendered":"https:\/\/charleroi-pourlapalestine.be\/?p=16527"},"modified":"2020-08-31T14:45:55","modified_gmt":"2020-08-31T12:45:55","slug":"fayez-taneeb-il-ny-a-pas-quune-solution-au-conflit","status":"publish","type":"post","link":"https:\/\/charleroi-pourlapalestine.be\/index.php\/2010\/11\/18\/fayez-taneeb-il-ny-a-pas-quune-solution-au-conflit\/","title":{"rendered":"Fayez Taneeb : il n\u2019y a pas qu\u2019une solution au conflit\u2026"},"content":{"rendered":"<header class=\"entry-header mh-clearfix\">\n<p class=\"mh-meta entry-meta\"><img loading=\"lazy\" decoding=\"async\" class=\"aligncenter wp-image-16528 size-full\" src=\"https:\/\/charleroi-pourlapalestine.be\/wp-content\/uploads\/2020\/08\/Fayez_Taneeb_Charleroi-e1598877835623.jpg\" alt=\"Fayez Taneeb (Photo : Plate-forme Charleroi-Palestine)\" width=\"519\" height=\"320\"><\/p>\n<\/header>\n<div class=\"entry-content mh-clearfix\">\n<figure class=\"entry-thumbnail\"><\/figure>\n<div class=\"pf-content\">\n<p><strong>Fayez Taneeb<\/strong>, agriculteur palestinien de la r\u00e9gion de <strong>Tulkarem<\/strong>, dont les Isra\u00e9liens ont confisqu\u00e9 la majeure partie des terres agricoles pour \u00e9riger leur mur de l\u2019apartheid, et qui doit en outre subir les multiples cons\u00e9quences de l\u2019installation sur des terres confisqu\u00e9es d\u2019usines chimiques isra\u00e9liennes extr\u00eamement polluantes, t\u00e9moignera samedi devant le <a href=\"http:\/\/www.russelltribunalonpalestine.com\" target=\"_blank\" rel=\"noopener noreferrer\"><strong>Tribunal Russell pour la Palestine<\/strong><\/a>, qui tiendra sa seconde session \u00e0 Londres.<\/p>\n<p>Jeudi, il \u00e9tait l\u2019h\u00f4te de la <a href=\"https:\/\/charleroi-pourlapalestine.be\/index.php\/category\/plate-forme-charleroi-palestine\/\"><strong>Plate-forme Charleroi-Palestine<\/strong><\/a> et de <strong>G\u00e9n\u00e9ration Palestine<\/strong> \u00e0 Charleroi. Apr\u00e8s avoir le matin rencontr\u00e9 des \u00e9tudiants de l\u2019Institut Provincial Sup\u00e9rieur des Sciences sociales, et ensuite eu un \u00e9change avec des militants du <strong>Mouvement Ouvrier Chr\u00e9tien<\/strong>, il a pris la parole le soir devant un public enthousiaste et admiratif au Th\u00e9\u00e2tre de <strong>L\u2019Eden<\/strong>.<\/p>\n<p>Nous vous livrons ici un bref extrait de ses propos, qui entrent en r\u00e9sonance avec un article de <strong>Haaretz<\/strong> qui, au m\u00eame moment, proclame que<em> \u00ab&nbsp;<strong>les implantations<\/strong> [terme utilis\u00e9 en Isra\u00ebl pour d\u00e9signer les colonies juives en Cisjordanie] <strong>d\u00e9truisent le sionisme<\/strong>\u00ab<\/em>&nbsp;. Pour l\u2019auteur de cet article (qui n\u2019est pas le premier du genre), <strong>Ari Shavit<\/strong>, si Isra\u00ebl s\u2019obstine \u00e0 ne pas vouloir d\u00e9finir ses fronti\u00e8res, comme il le fait depuis ses origines dans le but \u00e9vident de toujours les repousser plus loin, il n\u2019y aura en fin de compte pas d\u2019\u00c9tat juif du tout\u2026 (\u00e9videmment ce qu\u2019il envisage comme une menace sonne \u00e0 d\u2019autres oreilles comme une promesse !)<\/p>\n<p><strong>Fayez Taneeb<\/strong>, du point de vue qui est l\u00e9gitimement le sien, ne dit pas autre chose. Il y a trois solutions\u2026<\/p>\n<p><center><iframe loading=\"lazy\" src=\"https:\/\/player.vimeo.com\/video\/16980944\" allowfullscreen=\"allowfullscreen\" data-mce-fragment=\"1\" width=\"500\" height=\"375\" frameborder=\"0\"><\/iframe><\/center>&nbsp;<\/p>\n<p>Voir aussi son <a href=\"https:\/\/www.vimeo.com\/16863774\" target=\"_blank\" rel=\"noopener noreferrer\">t\u00e9moignage devant le Tribunal Russell sur la Palestine, le 20 novembre \u00e0 Londres<\/a><\/p>\n<\/div>\n<\/div>\n","protected":false},"excerpt":{"rendered":"<p>Fayez Taneeb \u00e9tait \u00e0 Charleroi.Iil a rencontr\u00e9 des \u00e9tudiants et des syndicalistes. Il est \u00e9galement intervenu \u00e0 soir\u00e9e public au Centre culturel de l&rsquo;Eden <\/p>\n","protected":false},"author":1,"featured_media":16528,"comment_status":"closed","ping_status":"closed","sticky":false,"template":"","format":"standard","meta":{"ngg_post_thumbnail":0,"footnotes":""},"categories":[44,152,341,190],"tags":[],"class_list":["post-16527","post","type-post","status-publish","format-standard","has-post-thumbnail","hentry","category-lappartheid","category-environnement","category-environnement-2","category-plate-forme-charleroi-palestine"],"yoast_head":"<!-- This site is optimized with the Yoast SEO plugin v27.3 - https:\/\/yoast.com\/product\/yoast-seo-wordpress\/ -->\n<title>Fayez Taneeb : il n\u2019y a pas qu\u2019une solution au conflit\u2026<\/title>\n<meta name=\"description\" content=\"Fayez Taneeb \u00e9tait \u00e0 Charleroi.Iil a rencontr\u00e9 des \u00e9tudiants et des syndicalistes. Il est \u00e9galement intervenu \u00e0 soir\u00e9e public au Centre culturel de l&#039;Eden\" \/>\n<meta name=\"robots\" content=\"index, follow, max-snippet:-1, max-image-preview:large, max-video-preview:-1\" \/>\n<link rel=\"canonical\" href=\"https:\/\/charleroi-pourlapalestine.be\/index.php\/2010\/11\/18\/fayez-taneeb-il-ny-a-pas-quune-solution-au-conflit\/\" \/>\n<script type=\"application\/ld+json\" class=\"yoast-schema-graph\">{\"@context\":\"https:\\\/\\\/schema.org\",\"@graph\":[{\"@type\":\"Article\",\"@id\":\"https:\\\/\\\/charleroi-pourlapalestine.be\\\/index.php\\\/2010\\\/11\\\/18\\\/fayez-taneeb-il-ny-a-pas-quune-solution-au-conflit\\\/#article\",\"isPartOf\":{\"@id\":\"https:\\\/\\\/charleroi-pourlapalestine.be\\\/index.php\\\/2010\\\/11\\\/18\\\/fayez-taneeb-il-ny-a-pas-quune-solution-au-conflit\\\/\"},\"author\":{\"name\":\"admin1873\",\"@id\":\"https:\\\/\\\/charleroi-pourlapalestine.be\\\/#\\\/schema\\\/person\\\/c19ff515112f1299d8c12671d8fe3faa\"},\"headline\":\"Fayez Taneeb : il n\u2019y a pas qu\u2019une solution au conflit\u2026\",\"datePublished\":\"2010-11-18T13:29:00+00:00\",\"dateModified\":\"2020-08-31T12:45:55+00:00\",\"mainEntityOfPage\":{\"@id\":\"https:\\\/\\\/charleroi-pourlapalestine.be\\\/index.php\\\/2010\\\/11\\\/18\\\/fayez-taneeb-il-ny-a-pas-quune-solution-au-conflit\\\/\"},\"wordCount\":310,\"publisher\":{\"@id\":\"https:\\\/\\\/charleroi-pourlapalestine.be\\\/#organization\"},\"image\":{\"@id\":\"https:\\\/\\\/charleroi-pourlapalestine.be\\\/index.php\\\/2010\\\/11\\\/18\\\/fayez-taneeb-il-ny-a-pas-quune-solution-au-conflit\\\/#primaryimage\"},\"thumbnailUrl\":\"https:\\\/\\\/charleroi-pourlapalestine.be\\\/wp-content\\\/uploads\\\/2020\\\/08\\\/Fayez_Taneeb_Charleroi-e1598877835623.jpg\",\"articleSection\":[\"Apartheid\",\"Environnement\",\"Environnement\",\"La Plate-forme\"],\"inLanguage\":\"fr-FR\"},{\"@type\":\"WebPage\",\"@id\":\"https:\\\/\\\/charleroi-pourlapalestine.be\\\/index.php\\\/2010\\\/11\\\/18\\\/fayez-taneeb-il-ny-a-pas-quune-solution-au-conflit\\\/\",\"url\":\"https:\\\/\\\/charleroi-pourlapalestine.be\\\/index.php\\\/2010\\\/11\\\/18\\\/fayez-taneeb-il-ny-a-pas-quune-solution-au-conflit\\\/\",\"name\":\"Fayez Taneeb : il n\u2019y a pas qu\u2019une solution au conflit\u2026\",\"isPartOf\":{\"@id\":\"https:\\\/\\\/charleroi-pourlapalestine.be\\\/#website\"},\"primaryImageOfPage\":{\"@id\":\"https:\\\/\\\/charleroi-pourlapalestine.be\\\/index.php\\\/2010\\\/11\\\/18\\\/fayez-taneeb-il-ny-a-pas-quune-solution-au-conflit\\\/#primaryimage\"},\"image\":{\"@id\":\"https:\\\/\\\/charleroi-pourlapalestine.be\\\/index.php\\\/2010\\\/11\\\/18\\\/fayez-taneeb-il-ny-a-pas-quune-solution-au-conflit\\\/#primaryimage\"},\"thumbnailUrl\":\"https:\\\/\\\/charleroi-pourlapalestine.be\\\/wp-content\\\/uploads\\\/2020\\\/08\\\/Fayez_Taneeb_Charleroi-e1598877835623.jpg\",\"datePublished\":\"2010-11-18T13:29:00+00:00\",\"dateModified\":\"2020-08-31T12:45:55+00:00\",\"description\":\"Fayez Taneeb \u00e9tait \u00e0 Charleroi.Iil a rencontr\u00e9 des \u00e9tudiants et des syndicalistes. Il est \u00e9galement intervenu \u00e0 soir\u00e9e public au Centre culturel de l'Eden\",\"breadcrumb\":{\"@id\":\"https:\\\/\\\/charleroi-pourlapalestine.be\\\/index.php\\\/2010\\\/11\\\/18\\\/fayez-taneeb-il-ny-a-pas-quune-solution-au-conflit\\\/#breadcrumb\"},\"inLanguage\":\"fr-FR\",\"potentialAction\":[{\"@type\":\"ReadAction\",\"target\":[\"https:\\\/\\\/charleroi-pourlapalestine.be\\\/index.php\\\/2010\\\/11\\\/18\\\/fayez-taneeb-il-ny-a-pas-quune-solution-au-conflit\\\/\"]}]},{\"@type\":\"ImageObject\",\"inLanguage\":\"fr-FR\",\"@id\":\"https:\\\/\\\/charleroi-pourlapalestine.be\\\/index.php\\\/2010\\\/11\\\/18\\\/fayez-taneeb-il-ny-a-pas-quune-solution-au-conflit\\\/#primaryimage\",\"url\":\"https:\\\/\\\/charleroi-pourlapalestine.be\\\/wp-content\\\/uploads\\\/2020\\\/08\\\/Fayez_Taneeb_Charleroi-e1598877835623.jpg\",\"contentUrl\":\"https:\\\/\\\/charleroi-pourlapalestine.be\\\/wp-content\\\/uploads\\\/2020\\\/08\\\/Fayez_Taneeb_Charleroi-e1598877835623.jpg\",\"width\":519,\"height\":320},{\"@type\":\"BreadcrumbList\",\"@id\":\"https:\\\/\\\/charleroi-pourlapalestine.be\\\/index.php\\\/2010\\\/11\\\/18\\\/fayez-taneeb-il-ny-a-pas-quune-solution-au-conflit\\\/#breadcrumb\",\"itemListElement\":[{\"@type\":\"ListItem\",\"position\":1,\"name\":\"Accueil\",\"item\":\"https:\\\/\\\/charleroi-pourlapalestine.be\\\/\"},{\"@type\":\"ListItem\",\"position\":2,\"name\":\"Fayez Taneeb : il n\u2019y a pas qu\u2019une solution au conflit\u2026\"}]},{\"@type\":\"WebSite\",\"@id\":\"https:\\\/\\\/charleroi-pourlapalestine.be\\\/#website\",\"url\":\"https:\\\/\\\/charleroi-pourlapalestine.be\\\/\",\"name\":\"Charleroi Pour la Palestine\",\"description\":\"\",\"publisher\":{\"@id\":\"https:\\\/\\\/charleroi-pourlapalestine.be\\\/#organization\"},\"potentialAction\":[{\"@type\":\"SearchAction\",\"target\":{\"@type\":\"EntryPoint\",\"urlTemplate\":\"https:\\\/\\\/charleroi-pourlapalestine.be\\\/?s={search_term_string}\"},\"query-input\":{\"@type\":\"PropertyValueSpecification\",\"valueRequired\":true,\"valueName\":\"search_term_string\"}}],\"inLanguage\":\"fr-FR\"},{\"@type\":\"Organization\",\"@id\":\"https:\\\/\\\/charleroi-pourlapalestine.be\\\/#organization\",\"name\":\"Plate-forme Charleroi-Palestine\",\"url\":\"https:\\\/\\\/charleroi-pourlapalestine.be\\\/\",\"logo\":{\"@type\":\"ImageObject\",\"inLanguage\":\"fr-FR\",\"@id\":\"https:\\\/\\\/charleroi-pourlapalestine.be\\\/#\\\/schema\\\/logo\\\/image\\\/\",\"url\":\"https:\\\/\\\/charleroi-pourlapalestine.be\\\/wp-content\\\/uploads\\\/2020\\\/01\\\/logo-Copy.jpg\",\"contentUrl\":\"https:\\\/\\\/charleroi-pourlapalestine.be\\\/wp-content\\\/uploads\\\/2020\\\/01\\\/logo-Copy.jpg\",\"width\":180,\"height\":180,\"caption\":\"Plate-forme Charleroi-Palestine\"},\"image\":{\"@id\":\"https:\\\/\\\/charleroi-pourlapalestine.be\\\/#\\\/schema\\\/logo\\\/image\\\/\"},\"sameAs\":[\"https:\\\/\\\/www.facebook.com\\\/PlateformeCharleroiPalestine\\\/\",\"https:\\\/\\\/x.com\\\/LaCharleroi\"]},{\"@type\":\"Person\",\"@id\":\"https:\\\/\\\/charleroi-pourlapalestine.be\\\/#\\\/schema\\\/person\\\/c19ff515112f1299d8c12671d8fe3faa\",\"name\":\"admin1873\",\"url\":\"https:\\\/\\\/charleroi-pourlapalestine.be\\\/index.php\\\/author\\\/admin1873\\\/\"}]}<\/script>\n<!-- \/ Yoast SEO plugin. -->","yoast_head_json":{"title":"Fayez Taneeb : il n\u2019y a pas qu\u2019une solution au conflit\u2026","description":"Fayez Taneeb \u00e9tait \u00e0 Charleroi.Iil a rencontr\u00e9 des \u00e9tudiants et des syndicalistes. Il est \u00e9galement intervenu \u00e0 soir\u00e9e public au Centre culturel de l'Eden","robots":{"index":"index","follow":"follow","max-snippet":"max-snippet:-1","max-image-preview":"max-image-preview:large","max-video-preview":"max-video-preview:-1"},"canonical":"https:\/\/charleroi-pourlapalestine.be\/index.php\/2010\/11\/18\/fayez-taneeb-il-ny-a-pas-quune-solution-au-conflit\/","schema":{"@context":"https:\/\/schema.org","@graph":[{"@type":"Article","@id":"https:\/\/charleroi-pourlapalestine.be\/index.php\/2010\/11\/18\/fayez-taneeb-il-ny-a-pas-quune-solution-au-conflit\/#article","isPartOf":{"@id":"https:\/\/charleroi-pourlapalestine.be\/index.php\/2010\/11\/18\/fayez-taneeb-il-ny-a-pas-quune-solution-au-conflit\/"},"author":{"name":"admin1873","@id":"https:\/\/charleroi-pourlapalestine.be\/#\/schema\/person\/c19ff515112f1299d8c12671d8fe3faa"},"headline":"Fayez Taneeb : il n\u2019y a pas qu\u2019une solution au conflit\u2026","datePublished":"2010-11-18T13:29:00+00:00","dateModified":"2020-08-31T12:45:55+00:00","mainEntityOfPage":{"@id":"https:\/\/charleroi-pourlapalestine.be\/index.php\/2010\/11\/18\/fayez-taneeb-il-ny-a-pas-quune-solution-au-conflit\/"},"wordCount":310,"publisher":{"@id":"https:\/\/charleroi-pourlapalestine.be\/#organization"},"image":{"@id":"https:\/\/charleroi-pourlapalestine.be\/index.php\/2010\/11\/18\/fayez-taneeb-il-ny-a-pas-quune-solution-au-conflit\/#primaryimage"},"thumbnailUrl":"https:\/\/charleroi-pourlapalestine.be\/wp-content\/uploads\/2020\/08\/Fayez_Taneeb_Charleroi-e1598877835623.jpg","articleSection":["Apartheid","Environnement","Environnement","La Plate-forme"],"inLanguage":"fr-FR"},{"@type":"WebPage","@id":"https:\/\/charleroi-pourlapalestine.be\/index.php\/2010\/11\/18\/fayez-taneeb-il-ny-a-pas-quune-solution-au-conflit\/","url":"https:\/\/charleroi-pourlapalestine.be\/index.php\/2010\/11\/18\/fayez-taneeb-il-ny-a-pas-quune-solution-au-conflit\/","name":"Fayez Taneeb : il n\u2019y a pas qu\u2019une solution au conflit\u2026","isPartOf":{"@id":"https:\/\/charleroi-pourlapalestine.be\/#website"},"primaryImageOfPage":{"@id":"https:\/\/charleroi-pourlapalestine.be\/index.php\/2010\/11\/18\/fayez-taneeb-il-ny-a-pas-quune-solution-au-conflit\/#primaryimage"},"image":{"@id":"https:\/\/charleroi-pourlapalestine.be\/index.php\/2010\/11\/18\/fayez-taneeb-il-ny-a-pas-quune-solution-au-conflit\/#primaryimage"},"thumbnailUrl":"https:\/\/charleroi-pourlapalestine.be\/wp-content\/uploads\/2020\/08\/Fayez_Taneeb_Charleroi-e1598877835623.jpg","datePublished":"2010-11-18T13:29:00+00:00","dateModified":"2020-08-31T12:45:55+00:00","description":"Fayez Taneeb \u00e9tait \u00e0 Charleroi.Iil a rencontr\u00e9 des \u00e9tudiants et des syndicalistes. Il est \u00e9galement intervenu \u00e0 soir\u00e9e public au Centre culturel de l'Eden","breadcrumb":{"@id":"https:\/\/charleroi-pourlapalestine.be\/index.php\/2010\/11\/18\/fayez-taneeb-il-ny-a-pas-quune-solution-au-conflit\/#breadcrumb"},"inLanguage":"fr-FR","potentialAction":[{"@type":"ReadAction","target":["https:\/\/charleroi-pourlapalestine.be\/index.php\/2010\/11\/18\/fayez-taneeb-il-ny-a-pas-quune-solution-au-conflit\/"]}]},{"@type":"ImageObject","inLanguage":"fr-FR","@id":"https:\/\/charleroi-pourlapalestine.be\/index.php\/2010\/11\/18\/fayez-taneeb-il-ny-a-pas-quune-solution-au-conflit\/#primaryimage","url":"https:\/\/charleroi-pourlapalestine.be\/wp-content\/uploads\/2020\/08\/Fayez_Taneeb_Charleroi-e1598877835623.jpg","contentUrl":"https:\/\/charleroi-pourlapalestine.be\/wp-content\/uploads\/2020\/08\/Fayez_Taneeb_Charleroi-e1598877835623.jpg","width":519,"height":320},{"@type":"BreadcrumbList","@id":"https:\/\/charleroi-pourlapalestine.be\/index.php\/2010\/11\/18\/fayez-taneeb-il-ny-a-pas-quune-solution-au-conflit\/#breadcrumb","itemListElement":[{"@type":"ListItem","position":1,"name":"Accueil","item":"https:\/\/charleroi-pourlapalestine.be\/"},{"@type":"ListItem","position":2,"name":"Fayez Taneeb : il n\u2019y a pas qu\u2019une solution au conflit\u2026"}]},{"@type":"WebSite","@id":"https:\/\/charleroi-pourlapalestine.be\/#website","url":"https:\/\/charleroi-pourlapalestine.be\/","name":"Charleroi Pour la Palestine","description":"","publisher":{"@id":"https:\/\/charleroi-pourlapalestine.be\/#organization"},"potentialAction":[{"@type":"SearchAction","target":{"@type":"EntryPoint","urlTemplate":"https:\/\/charleroi-pourlapalestine.be\/?s={search_term_string}"},"query-input":{"@type":"PropertyValueSpecification","valueRequired":true,"valueName":"search_term_string"}}],"inLanguage":"fr-FR"},{"@type":"Organization","@id":"https:\/\/charleroi-pourlapalestine.be\/#organization","name":"Plate-forme Charleroi-Palestine","url":"https:\/\/charleroi-pourlapalestine.be\/","logo":{"@type":"ImageObject","inLanguage":"fr-FR","@id":"https:\/\/charleroi-pourlapalestine.be\/#\/schema\/logo\/image\/","url":"https:\/\/charleroi-pourlapalestine.be\/wp-content\/uploads\/2020\/01\/logo-Copy.jpg","contentUrl":"https:\/\/charleroi-pourlapalestine.be\/wp-content\/uploads\/2020\/01\/logo-Copy.jpg","width":180,"height":180,"caption":"Plate-forme Charleroi-Palestine"},"image":{"@id":"https:\/\/charleroi-pourlapalestine.be\/#\/schema\/logo\/image\/"},"sameAs":["https:\/\/www.facebook.com\/PlateformeCharleroiPalestine\/","https:\/\/x.com\/LaCharleroi"]},{"@type":"Person","@id":"https:\/\/charleroi-pourlapalestine.be\/#\/schema\/person\/c19ff515112f1299d8c12671d8fe3faa","name":"admin1873","url":"https:\/\/charleroi-pourlapalestine.be\/index.php\/author\/admin1873\/"}]}},"_links":{"self":[{"href":"https:\/\/charleroi-pourlapalestine.be\/index.php\/wp-json\/wp\/v2\/posts\/16527","targetHints":{"allow":["GET"]}}],"collection":[{"href":"https:\/\/charleroi-pourlapalestine.be\/index.php\/wp-json\/wp\/v2\/posts"}],"about":[{"href":"https:\/\/charleroi-pourlapalestine.be\/index.php\/wp-json\/wp\/v2\/types\/post"}],"author":[{"embeddable":true,"href":"https:\/\/charleroi-pourlapalestine.be\/index.php\/wp-json\/wp\/v2\/users\/1"}],"replies":[{"embeddable":true,"href":"https:\/\/charleroi-pourlapalestine.be\/index.php\/wp-json\/wp\/v2\/comments?post=16527"}],"version-history":[{"count":0,"href":"https:\/\/charleroi-pourlapalestine.be\/index.php\/wp-json\/wp\/v2\/posts\/16527\/revisions"}],"wp:featuredmedia":[{"embeddable":true,"href":"https:\/\/charleroi-pourlapalestine.be\/index.php\/wp-json\/wp\/v2\/media\/16528"}],"wp:attachment":[{"href":"https:\/\/charleroi-pourlapalestine.be\/index.php\/wp-json\/wp\/v2\/media?parent=16527"}],"wp:term":[{"taxonomy":"category","embeddable":true,"href":"https:\/\/charleroi-pourlapalestine.be\/index.php\/wp-json\/wp\/v2\/categories?post=16527"},{"taxonomy":"post_tag","embeddable":true,"href":"https:\/\/charleroi-pourlapalestine.be\/index.php\/wp-json\/wp\/v2\/tags?post=16527"}],"curies":[{"name":"wp","href":"https:\/\/api.w.org\/{rel}","templated":true}]}}