{"id":16557,"date":"2020-08-05T17:29:00","date_gmt":"2020-08-05T15:29:00","guid":{"rendered":"https:\/\/charleroi-pourlapalestine.be\/?p=16557"},"modified":"2020-09-05T09:39:25","modified_gmt":"2020-09-05T07:39:25","slug":"il-est-temps-de-mettre-fin-a-la-detention-de-georges-ibrahim-abdallah","status":"publish","type":"post","link":"https:\/\/charleroi-pourlapalestine.be\/index.php\/2020\/08\/05\/il-est-temps-de-mettre-fin-a-la-detention-de-georges-ibrahim-abdallah\/","title":{"rendered":"Il est temps de mettre fin \u00e0 la d\u00e9tention de Georges Ibrahim Abdallah"},"content":{"rendered":"<div>\n<p>Pour complaire aux USA : la d\u00e9tention perp\u00e9tuelle de Georges Abdallah.<\/p>\n<p><img loading=\"lazy\" decoding=\"async\" class=\"alignleft wp-image-16571 size-medium\" src=\"https:\/\/charleroi-pourlapalestine.be\/wp-content\/uploads\/2020\/08\/GA2020_Page_1-212x300.jpg\" alt=\"Mettre fin \u00e0 la d\u00e9tention de Georges Abdallah\" width=\"212\" height=\"300\"><\/p>\n<p>La convention europ\u00e9enne des droits de l\u2019homme interdit de maintenir un condamn\u00e9 en prison <em>\u00ab&nbsp;sans aucun espoir de sortie&nbsp;\u00bb<\/em>. Cela semble pourtant correspondre au sort du militant communiste libanais <strong>Georges Ibrahim Abdallah,<\/strong> incarc\u00e9r\u00e9 en France depuis plus d\u2019un tiers de si\u00e8cle. La prolongation de sa d\u00e9tention doit beaucoup au climat cr\u00e9\u00e9 par des attentats auxquels il est \u00e9tranger.<\/p>\n<p><strong>Un article Pierre Carles <\/strong>&nbsp;<\/p>\n<p>Fin mars 2020, afin de d\u00e9sengorger des prisons fran\u00e7aises \u00e0 un moment o\u00f9 la pand\u00e9mie de Covid-19 risque d\u2019y faire des ravages, la ministre de la justice <strong>Nicole Belloubet<\/strong> ordonne la lib\u00e9ration de 13 500 d\u00e9tenus dans les deux mois qui suivent. Il s\u2019agit surtout de personnes ayant purg\u00e9 l\u2019essentiel de leur peine. Au moment o\u00f9 Mme Belloubet prend cette d\u00e9cision, la maison d\u2019arr\u00eat de <strong>Lannemezan<\/strong> (Hautes-Pyr\u00e9n\u00e9es) h\u00e9berge M. <a href=\"https:\/\/charleroi-pourlapalestine.be\/index.php\/tag\/georges-abdallah\/\">Georges Ibrahim Abdallah<\/a>, un militant communiste libanais, qui a combattu l\u2019occupation de son pays par Isra\u00ebl en 1978. Il a achev\u00e9 sa peine incompressible depuis le 27 octobre 1999. L\u2019homme est donc lib\u00e9rable depuis\u2026 le si\u00e8cle dernier (1).<\/p>\n<p>En 2020, il vit sa trente-sixi\u00e8me ann\u00e9e d\u2019incarc\u00e9ration. Un <em>\u00ab&nbsp;record de France&nbsp;\u00bb<\/em> depuis un demi-si\u00e8cle pour un militant politique. Exception faite de l\u2019Italie, une incarc\u00e9ration d\u2019une telle longueur est exceptionnelle dans les pays de l\u2019Union europ\u00e9enne.<\/p>\n<p>M.&nbsp;Abdallah a \u00e9t\u00e9 jug\u00e9 et condamn\u00e9 pour <strong>complicit\u00e9 d\u2019homicide volontaire.<\/strong> Aux yeux de la justice, il n\u2019est pas un meurtrier. Lors de son proc\u00e8s, il a ni\u00e9 avoir particip\u00e9 aux actions pour lesquelles il a \u00e9t\u00e9 arr\u00eat\u00e9 et condamn\u00e9. Mais il s\u2019est d\u00e9clar\u00e9 solidaire de certaines luttes militantes radicales, a exprim\u00e9 son soutien aux Fractions arm\u00e9es r\u00e9volutionnaires libanaises (<strong>FARL<\/strong>), un groupe de r\u00e9sistants communistes qui a pris les armes et qui a assassin\u00e9, en 1982, l\u2019attach\u00e9 militaire de l\u2019ambassade des \u00c9tats-Unis, Charles Ray, ainsi qu\u2019un fonctionnaire isra\u00e9lien membre du Mossad (les services secrets isra\u00e9liens), Yacov Barsimentov, l\u2019un et l\u2019autre en poste \u00e0 Paris.<\/p>\n<p>Cette ann\u00e9e-l\u00e0, <strong>Isra\u00ebl attaquait le Liban<\/strong>, avec la b\u00e9n\u00e9diction de l\u2019administration <strong>Reagan<\/strong>, pour tenter d\u2019an\u00e9antir l\u2019<strong>Organisation de lib\u00e9ration de la Palestine (OLP)<\/strong>, tuer ou capturer <strong>Yasser Arafat,<\/strong> le leader de la r\u00e9sistance palestinienne. Aux yeux des <strong>FARL<\/strong>, les deux assassinats commis \u00e0 Paris constituaient <strong>un acte de r\u00e9sistance arm\u00e9e \u00e0 une agression militaire.<\/strong> Et, lors de son proc\u00e8s aux assises, en f\u00e9vrier&nbsp;1987, M.&nbsp;Abdallah lan\u00e7a&nbsp;:<\/p>\n<blockquote><p>\u00ab&nbsp;Si le peuple ne m\u2019a pas confi\u00e9 l\u2019honneur de participer \u00e0 ces actions anti-imp\u00e9rialistes que vous m\u2019attribuez, au moins j\u2019ai l\u2019honneur d\u2019en \u00eatre accus\u00e9 par votre cour et de d\u00e9fendre leur l\u00e9gitimit\u00e9 face \u00e0 la criminelle l\u00e9gitimit\u00e9 des bourreaux.&nbsp;\u00bb<\/p><\/blockquote>\n<h3>\u00ab&nbsp;Tous les barbus se ressemblent&nbsp;\u00bb<\/h3>\n<p>Quelle autre raison peut justifier la non-lib\u00e9ration, en 2020, d\u2019un complice d\u2019homicide ayant purg\u00e9 plus de trente-cinq ann\u00e9es d\u2019incarc\u00e9ration&nbsp;? Son comportement en d\u00e9tention inspire le <strong>respect<\/strong> aux gardiens, et le directeur de la maison d\u2019arr\u00eat appr\u00e9cie de discuter avec lui de la situation au Proche-Orient.<\/p>\n<p>Aussi \u00e9trange que cela puisse para\u00eetre, ce sont m\u00eame des surveillants syndiqu\u00e9s du centre p\u00e9nitentiaire qui, ne comprenant pas pourquoi leurs camarades tarbais ne se mobilisaient pour r\u00e9clamer sa lib\u00e9ration, ont alert\u00e9 les militants de la cellule communiste de Tarbes de la pr\u00e9sence de ce marxiste libanais en longue d\u00e9tention.<\/p>\n<p>Mais sa non-lib\u00e9ration trouve une explication dans les propos de la garde des sceaux \u00e0 l\u2019Assembl\u00e9e nationale le 8&nbsp;avril dernier, en pleine pand\u00e9mie.<\/p>\n<p>Ce jour-l\u00e0, Mme&nbsp;Belloubet pr\u00e9cise qu\u2019elle exclut des lib\u00e9rations anticip\u00e9es <em>\u00ab&nbsp;les criminels, les personnes condamn\u00e9es pour des faits de violences intrafamiliales et les d\u00e9tenus terroristes&nbsp;\u00bb.<\/em><\/p>\n<p>Or, bien que le groupe arm\u00e9 auquel M.&nbsp;Abdallah est cens\u00e9 avoir appartenu n\u2019ait pas commis d\u2019actions terroristes au sens o\u00f9 on l\u2019entend habituellement (attentats aveugles, pose de bombe dans la rue, assassinats de civils destin\u00e9s \u00e0 terroriser la population), la justice fran\u00e7aise le qualifie de <em>\u00ab&nbsp;terroriste&nbsp;\u00bb<\/em>. Pourquoi&nbsp;? En raison d\u2019actes assur\u00e9ment criminels, mais <strong>dont les FARL ne sont pas les auteurs<\/strong>\u2026<\/p>\n<p>Car, quelques mois avant la comparution de M.&nbsp;Abdallah devant la cour d\u2019assises, \u00e0 Paris, fin f\u00e9vrier&nbsp;1987, des attentats ont endeuill\u00e9 la capitale (RER, bureau de poste, magasin Tati). Bilan&nbsp;: quatorze morts et plus de deux cents bless\u00e9s. La plupart des grands m\u00e9dias (Le Monde, Lib\u00e9ration, Le Figaro, RTL, France Inter, Europe&nbsp;1, les principales cha\u00eenes de t\u00e9l\u00e9vision) reprennent alors les propos du ministre de l\u2019int\u00e9rieur <strong>Charles Pasqua<\/strong> et de son ministre d\u00e9l\u00e9gu\u00e9 de la s\u00e9curit\u00e9 <strong>Robert Pandraud<\/strong>&nbsp;(2). <strong>Tous deux attribuent aux FARL et aux fr\u00e8res de M.&nbsp;Abdallah la responsabilit\u00e9 de ces actions terroristes<\/strong>. Or, comme Pandraud et Pasqua l\u2019admettront quelques ann\u00e9es plus tard, ils jettent en p\u00e2ture \u00e0 la presse le nom <strong><em>\u00ab&nbsp;Abdallah&nbsp;\u00bb<\/em><\/strong> afin de dissimuler qu\u2019ils ne savent pas sur le moment qui sont les poseurs de bombe&nbsp;:<\/p>\n<blockquote><p>\u00ab&nbsp;Nous avions lanc\u00e9 la piste des FARL sur la base des premiers t\u00e9moignages, m\u00eame si nous savions que pour des Fran\u00e7ais, qui pensaient avoir reconnu les fr\u00e8res Abdallah sur les lieux des attentats, tous les barbus proche-orientaux se ressemblent, reconna\u00eet Pandraud. Je me suis dit que mettre en avant la piste Abdallah ne ferait pas de mal, m\u00eame si \u00e7a ne faisait pas de bien. En r\u00e9alit\u00e9, nous n\u2019avions alors aucune piste&nbsp;(3). &nbsp;\u00bb<\/p><\/blockquote>\n<p>Des journalistes influents (<strong>Edwy Plenel et Georges Marion<\/strong>, alors enqu\u00eateurs au Monde, <strong>Charles Villeneuve<\/strong>, de TF1, <strong>Herv\u00e9 Brusini<\/strong>, d\u2019Antenne&nbsp;2, etc.) accr\u00e9ditent la <em>\u00ab&nbsp;piste Abdallah&nbsp;\u00bb<\/em>. Ils pr\u00e9tendent que les fr\u00e8res de M.&nbsp;Abdallah auraient voulu faire pression sur le gouvernement fran\u00e7ais afin d\u2019obtenir sa lib\u00e9ration en faisant exploser ces bombes.<\/p>\n<p>Mais, en r\u00e9alit\u00e9, les attentats terroristes de 1986 ont \u00e9t\u00e9 commis par des membres du Hezbollah libanais instrumentalis\u00e9s par T\u00e9h\u00e9ran. \u00c0 l\u2019\u00e9poque, l\u2019Iran en veut \u00e0 la France d\u2019appuyer militairement l\u2019Irak de Saddam Hussein dans sa longue guerre contre la R\u00e9publique islamique (1980-1988), qui a provoqu\u00e9 un million de morts.<\/p>\n<p>Les FARL, elles, ne pratiquaient pas d\u2019actes terroristes contre les civils, mais des assassinats ciblant des militaires. Toutefois, influenc\u00e9e par les fausses informations d\u00e9livr\u00e9es par les m\u00e9dias, la justice fran\u00e7aise n\u2019a pas dout\u00e9 du caract\u00e8re <em>\u00ab&nbsp;terroriste&nbsp;\u00bb<\/em> des actes reproch\u00e9s \u00e0 M.&nbsp;Abdallah et aux FARL. Depuis, impossible de d\u00e9coller cette \u00e9tiquette.<\/p>\n<p>Le <strong>25&nbsp;f\u00e9vrier dernier, \u00e0 Beyrouth<\/strong>, M.&nbsp;<strong>Bruno Foucher<\/strong>, ambassadeur de France au Liban, re\u00e7oit une dizaine de journalistes \u00e0 d\u00e9jeuner. Entre le dessert et le caf\u00e9, il est interpell\u00e9 par un correspondant fran\u00e7ais sur le cas de M.&nbsp;Abdallah.<\/p>\n<p>Le diplomate peut difficilement feindre d\u2019ignorer ce dossier. T<strong>ous les 14&nbsp;Juillet,<\/strong> \u00e0 Beyrouth, des centaines de manifestants se postent devant son ambassade pour r\u00e9clamer la lib\u00e9ration de leur compatriote. Depuis 2004, date du rejet en appel de la premi\u00e8re demande de lib\u00e9ration conditionnelle, le militant libanais s\u2019est vu refuser sa lib\u00e9ration \u00e0 neuf reprises. Comme on pouvait s\u2019y attendre, M.&nbsp;Foucher r\u00e9pond que l\u2019affaire rel\u00e8ve de la justice et non de la diplomatie ou du pouvoir politique. Pourtant, on va le voir, s<strong>ous la pr\u00e9sidence de M.&nbsp;Fran\u00e7ois Hollande, M.&nbsp;Manuel Valls, ministre de l\u2019int\u00e9rieur, est intervenu directement pour bloquer la lib\u00e9ration de M.&nbsp;Abdallah.<\/strong><\/p>\n<p>Le secr\u00e9taire national du <strong>Parti communiste fran\u00e7ais (PCF), M.&nbsp;Fabien Roussel,<\/strong> a adress\u00e9 le 14&nbsp;avril&nbsp;2020 un courrier \u00e0 la garde des sceaux, Mme&nbsp;Belloubet. Il y r\u00e9clame la lib\u00e9ration de M.&nbsp;Abdallah, estimant que<\/p>\n<blockquote><p>\u00ab&nbsp;personne ne peut aujourd\u2019hui affirmer qu\u2019il repr\u00e9senterait un quelconque danger pour notre pays&nbsp;\u00bb.<\/p><\/blockquote>\n<p>M.&nbsp;Roussel devance ainsi les assertions du gouvernement am\u00e9ricain pour qui<\/p>\n<blockquote><p>\u00ab&nbsp;l\u2019emprisonnement \u00e0 vie [est] appropri\u00e9 aux graves crimes perp\u00e9tr\u00e9s par M.&nbsp;Abdallah, et il est l\u00e9gitime de s\u2019inqui\u00e9ter du danger qu\u2019il repr\u00e9senterait pour la communaut\u00e9 internationale s\u2019il \u00e9tait lib\u00e9r\u00e9&nbsp;(4) &nbsp;\u00bb.<\/p><\/blockquote>\n<p>D\u00e9put\u00e9 du Nord, le dirigeant du PCF sait que, dans les fiefs communistes de l\u2019ancien bassin minier, M.&nbsp;Abdallah est parfois pr\u00e9sent\u00e9 comme un <em><strong>\u00ab&nbsp;Nelson Mandela du Proche-Orient&nbsp;\u00bb.<\/strong> <\/em>Les communes de <strong>Grenay<\/strong> et de <strong>Calonne-Ricouart (Pas-de-Calais)<\/strong> en ont fait un citoyen d\u2019honneur.<\/p>\n<p>Mme&nbsp;Belloubet a r\u00e9pondu \u00e0 M.&nbsp;Roussel le 6&nbsp;mai dernier&nbsp;:<\/p>\n<blockquote><p>\u00ab&nbsp;Il n\u2019appartient pas au ministre de la justice de donner quelque instruction que ce soit aux procureurs dans le cadre de dossiers individuels, ni d\u2019interf\u00e9rer dans les proc\u00e9dures judiciaires. (\u2026) L\u2019octroi d\u2019un am\u00e9nagement de peine rel\u00e8ve de la seule comp\u00e9tence des juridictions de l\u2019application des peines qui appr\u00e9cient souverainement et en toute ind\u00e9pendance l\u2019opportunit\u00e9 d\u2019accorder une telle mesure.&nbsp;\u00bb<\/p><\/blockquote>\n<p>Mais, six semaines plus t\u00f4t, le gouvernement fran\u00e7ais rel\u00e2chait <strong>M.&nbsp;Jalal Rohollahnejad<\/strong>, un ing\u00e9nieur iranien arr\u00eat\u00e9 \u00e0 l\u2019a\u00e9roport de Nice sur demande am\u00e9ricaine. La justice avait donn\u00e9 un avis favorable \u00e0 son extradition vers les \u00c9tats-Unis&nbsp;; l\u2019homme \u00e9tait sur le point d\u2019\u00eatre remis aux autorit\u00e9s am\u00e9ricaines. Mais l\u2019Iran a alors propos\u00e9 \u00e0 la France de l\u2019\u00e9changer contre la lib\u00e9ration du chercheur fran\u00e7ais Roland Marchal. Et, le 20&nbsp;mars&nbsp;2020, M.&nbsp;Rohollahnejad embarqua dans un avion vers T\u00e9h\u00e9ran pendant que Roland Marchal prenait le chemin inverse. Lorsqu\u2019il s\u2019agit de M.&nbsp;Abdallah, en revanche, <strong>le pouvoir politique fran\u00e7ais le maintient en d\u00e9tention pour complaire \u00e0 Washington.<\/strong><\/p>\n<p>L\u2019ing\u00e9rence am\u00e9ricaine n\u2019a jamais cess\u00e9 dans cette affaire. Le 21&nbsp;novembre&nbsp;<strong>2012<\/strong>, alors que <strong>le tribunal de l\u2019application des peines (TAP) se pronon\u00e7ait en faveur de la lib\u00e9ration de M.&nbsp;Abdallah<\/strong>, l\u2019ambassadeur des \u00c9tats-Unis en France, M.&nbsp;<strong>Charles Rivkin<\/strong>, faisait savoir dans un communiqu\u00e9 qu\u2019il<\/p>\n<blockquote><p>\u00ab&nbsp;d\u00e9plorait la d\u00e9cision du TAP d\u2019accorder la libert\u00e9 conditionnelle au terroriste reconnu coupable Georges Ibrahim Abdallah&nbsp;\u00bb.<\/p><\/blockquote>\n<p>Il ajoutait&nbsp;:<\/p>\n<blockquote><p>\u00ab&nbsp;J\u2019esp\u00e8re que les autorit\u00e9s fran\u00e7aises feront appel de la d\u00e9cision prise aujourd\u2019hui et qu\u2019elle sera annul\u00e9e.&nbsp;\u00bb<\/p><\/blockquote>\n<p>Le parquet fit appel de la d\u00e9cision. Et cette fois, le 10&nbsp;janvier&nbsp;2013, <strong>la cour d\u2019appel confirma que M.&nbsp;Abdallah devait \u00eatre lib\u00e9r\u00e9.<\/strong> N\u2019ayant pas la nationalit\u00e9 fran\u00e7aise, ni titre de s\u00e9jour, il ne lui restait plus qu\u2019\u00e0 quitter le territoire fran\u00e7ais. Son avocat <strong>Jacques Verg\u00e8s<\/strong> exultait d\u00e9j\u00e0&nbsp;:&nbsp;<\/p>\n<blockquote><p>\u00ab&nbsp;J\u2019accueille avec satisfaction cette d\u00e9cision, car j\u2019avais demand\u00e9 \u00e0 la justice fran\u00e7aise de ne plus se comporter comme une putain face au maquereau am\u00e9ricain.&nbsp;\u00bb<\/p><\/blockquote>\n<p>La lib\u00e9ration de son client n\u2019attendait plus que la signature d\u2019un arr\u00eat\u00e9 d\u2019expulsion \u2014 une formalit\u00e9.<\/p>\n<p>Mais, le lendemain de la d\u00e9cision de la cour d\u2019appel, la porte-parole du d\u00e9partement d\u2019\u00c9tat am\u00e9ricain, Mme<strong>&nbsp;Victoria Nuland<\/strong>, l\u00e2che&nbsp;:<\/p>\n<blockquote><p>\u00ab&nbsp;Nous sommes d\u00e9\u00e7us par la d\u00e9cision de la cour [d\u2019appel] fran\u00e7aise (\u2026). Nous ne pensons pas qu\u2019il doive \u00eatre lib\u00e9r\u00e9 et nous poursuivons nos consultations avec le gouvernement fran\u00e7ais \u00e0 ce sujet&nbsp;(5). &nbsp;\u00bb<\/p><\/blockquote>\n<p>Alors secr\u00e9taire d\u2019\u00c9tat du pr\u00e9sident Barack Obama, Mme&nbsp;<strong>Hillary Clinton<\/strong> escompte en effet que certains membres du gouvernement fran\u00e7ais, dont le ministre des affaires \u00e9trang\u00e8res <strong>Laurent Fabius<\/strong>, se montreront r\u00e9ceptifs aux demandes de l\u2019administration am\u00e9ricaine.<\/p>\n<p>Apr\u00e8s la d\u00e9cision de la cour d\u2019appel, alors qu\u2019elle s\u2019appr\u00eate \u00e0 quitter le d\u00e9partement d\u2019\u00c9tat, elle lui fait passer le message suivant&nbsp;:<\/p>\n<blockquote><p>\u00ab&nbsp;Bien que le gouvernement fran\u00e7ais ne soit pas l\u00e9galement autoris\u00e9 \u00e0 annuler la d\u00e9cision de la cour d\u2019appel du 10&nbsp;janvier, nous esp\u00e9rons que les autorit\u00e9s fran\u00e7aises pourraient trouver une autre base pour contester la l\u00e9galit\u00e9 de la d\u00e9cision&nbsp;(6). &nbsp;\u00bb<\/p><\/blockquote>\n<p>Mais r\u00e9pondre positivement \u00e0 cette demande imposait le concours de la ministre de la justice fran\u00e7aise <strong>Christiane Taubira<\/strong>. Laquelle avait, quelques mois plus t\u00f4t, pris une circulaire lui interdisant, ainsi qu\u2019\u00e0 tout autre membre de l\u2019ex\u00e9cutif, d\u2019adresser des instructions aux magistrats du parquet.<\/p>\n<h3>Emmanuel Macron interpell\u00e9 \u00e0 Tunis<\/h3>\n<p>Sur qui pouvaient donc compter les<strong> \u00c9tats-Unis et M.&nbsp;Fabius<\/strong> pour faire capoter, malgr\u00e9 cela, la lib\u00e9ration de M.&nbsp;Abdallah&nbsp;?<\/p>\n<p>La r\u00e9ponse est venue trois jours plus tard. Le 14&nbsp;janvier&nbsp;2013, le ministre de l\u2019int\u00e9rieur <strong>Manuel Valls<\/strong> refuse de signer l\u2019arr\u00eat\u00e9 d\u2019expulsion de M.&nbsp;Abdallah. Surprise par cette intervention d\u2019un membre de l\u2019ex\u00e9cutif dans une affaire judiciaire \u2014 ce qui contredisait sa circulaire de septembre&nbsp;2012&nbsp;, la ministre de la justice, <strong>Mme&nbsp;Taubira,<\/strong> r\u00e9clame l\u2019arbitrage du pr\u00e9sident de la R\u00e9publique. <strong>M.&nbsp;Hollande n\u2019intervient pas<\/strong>. Il laisse agir son ministre de l\u2019int\u00e9rieur, alors beaucoup plus populaire que lui. Et le militant communiste libanais reste en prison. Au Liban, sa famille avait d\u00e9j\u00e0 pris le chemin de l\u2019a\u00e9roport de Beyrouth pour l\u2019accueillir.<\/p>\n<p>M. Emmanuel <strong>Macron<\/strong> a \u00e9t\u00e9 interpell\u00e9 sur le cas Abdallah lors de sa premi\u00e8re visite officielle en Tunisie, le 1er f\u00e9vrier 2018. Alors qu\u2019il d\u00e9ambule dans la m\u00e9dina de la capitale, des militants tunisiens se mettent \u00e0 scander <em>\u00ab Lib\u00e9rez Abdallah ! \u00bb.<\/em> Sur les images des t\u00e9l\u00e9phones portables ayant immortalis\u00e9 la sc\u00e8ne, on voit que le pr\u00e9sident de la R\u00e9publique se retourne interloqu\u00e9 vers ses conseillers. Il semble ne pas comprendre ce qui se passe, jusqu\u2019\u00e0 ce qu\u2019un officiel tunisien accompagnant la d\u00e9l\u00e9gation lui explique qui est cet Abdallah.<\/p>\n<p>Apr\u00e8s le dernier avis n\u00e9gatif rendu par la Cour de cassation, le 7&nbsp;septembre&nbsp;2016, \u00e9c\u0153ur\u00e9 par la partialit\u00e9 de l\u2019ex\u00e9cutif fran\u00e7ais et par le traitement d\u2019exception qu\u2019il subit, M.&nbsp;Abdallah a demand\u00e9 \u00e0 son avocat de cesser d\u2019effectuer des d\u00e9marches pour obtenir sa lib\u00e9ration. Toutefois, une gr\u00e2ce pr\u00e9sidentielle rel\u00e8ve du seul pr\u00e9sident de la R\u00e9publique.<\/p>\n<hr>\n<p><strong>Article de Pierre Carles, publi\u00e9s dans le <a href=\"https:\/\/sd-5b.archive-host.com\/membres\/up\/29b72e7b8387d2014690b4aea20c293508c66477\/docs\/article_Abdallah_Monde_Diplo_aout_2020.pdf\" target=\"_blank\" rel=\"noopener noreferrer\">Monde Diplomatique<\/a>, <\/strong>ao\u00fbt 2020, sous le titre <em>\u00ab\u00a0Terroriste\u00a0\u00bb un jour, terroriste toujours ?\u00a0\u00bb<\/em><strong><br \/>\n<\/strong><\/p>\n<p>Source : <a href=\"https:\/\/liberonsgeorges.samizdat.net\/mobilisation\/la-liberation-de-georges-abdallah-une-exigence-renouvelee\/\" target=\"_blank\" rel=\"noopener noreferrer\">Collectif pour la Lib\u00e9ration de Georges Ibrahim Abdallah<\/a><\/p>\n<p>Pierre Carles est le r\u00e9alisateur de <strong><em>Who Wants Georges Ibrahim Abdallah in Jail ?<\/em><\/strong> (C-P Productions, film en cours de r\u00e9alisation).<\/p>\n<p><strong>Notes<\/strong><\/p>\n<p>(1)&nbsp;Lire Alain Gresh et Marina da Silva, <em>\u00ab&nbsp;Un prisonnier politique expiatoire&nbsp;\u00bb<\/em>, Le Monde diplomatique, mai&nbsp;2012.<br \/>\n(2)&nbsp;Lire Pierre Carles et Pierre Rimbert, \u00ab<em>&nbsp;Des plumes empoisonn\u00e9es&nbsp;\u00bb<\/em>, Mani\u00e8re de voir, no&nbsp;172, \u00ab<em>&nbsp;Fake news, une fausse \u00e9pid\u00e9mie&nbsp;\u00bb<\/em>, ao\u00fbt-septembre&nbsp;2020.<br \/>\n(3)&nbsp;Cit\u00e9 par Pierre Favier et Michel Martin-Roland, La D\u00e9cennie Mitterrand, Seuil, Paris, 1996.<br \/>\n(4)&nbsp;D\u00e9claration de Charles Rivkin, ambassadeur des \u00c9tats-Unis en France, 21&nbsp;novembre&nbsp;2012.<br \/>\n(5)&nbsp;D\u00e9p\u00eache de l\u2019agence Reuters, 12&nbsp;janvier 2013.<br \/>\n(6)&nbsp;Courriel du 11&nbsp;juin 2013, \u00ab&nbsp;Hillary Clinton archive&nbsp;\u00bb.<br \/>\nLire Alain Gresh et Marina da Silva, \u00ab\u00bb, mai&nbsp;2012.<br \/>\nLire Pierre Carles et Pierre Rimbert, \u00ab\u00bb, no&nbsp;172, <em>\u00abFake news, une fausse \u00e9pid\u00e9mie\u00bb,<\/em> ao\u00fbt-septembre&nbsp;2020.<br \/>\nCit\u00e9 par Pierre Favier et Michel Martin-Roland, Seuil, Paris, 1996.<br \/>\nD\u00e9claration de Charles Rivkin, ambassadeur des \u00c9tats-Unis en France, 21&nbsp;novembre&nbsp;2012.<br \/>\nD\u00e9p\u00eache de l\u2019agence Reuters, 12&nbsp;janvier 2013.<br \/>\nCourriel du 11&nbsp;juin 2013, \u00ab\u00bb.<\/p>\n<\/div>\n","protected":false},"excerpt":{"rendered":"<p>Georges Abdallah risque t\u2019entamer scandaleusement une 37e ann\u00e9e de d\u00e9tention en octobre prochain si le rapport de force n\u2019est pas cons\u00e9quent<\/p>\n","protected":false},"author":1,"featured_media":11470,"comment_status":"closed","ping_status":"closed","sticky":false,"template":"","format":"standard","meta":{"ngg_post_thumbnail":0,"footnotes":""},"categories":[136,14,191,13],"tags":[216],"class_list":["post-16557","post","type-post","status-publish","format-standard","has-post-thumbnail","hentry","category-france","category-georges-ibrahim-abdallah","category-liban","category-les-prisionners-palestiniens","tag-georges-abdallah"],"yoast_head":"<!-- This site is optimized with the Yoast SEO plugin v27.3 - https:\/\/yoast.com\/product\/yoast-seo-wordpress\/ -->\n<title>Il est temps de mettre fin \u00e0 la d\u00e9tention perp\u00e9tuelle de Georges Abdallah<\/title>\n<meta name=\"description\" content=\"Georges Abdallah risque t\u2019entamer scandaleusement une 37e ann\u00e9e de d\u00e9tention en octobre prochain si le rapport de force n\u2019est pas cons\u00e9quent\" \/>\n<meta name=\"robots\" content=\"index, follow, max-snippet:-1, max-image-preview:large, max-video-preview:-1\" \/>\n<link rel=\"canonical\" href=\"https:\/\/charleroi-pourlapalestine.be\/index.php\/2020\/08\/05\/il-est-temps-de-mettre-fin-a-la-detention-de-georges-ibrahim-abdallah\/\" \/>\n<script type=\"application\/ld+json\" class=\"yoast-schema-graph\">{\"@context\":\"https:\\\/\\\/schema.org\",\"@graph\":[{\"@type\":\"Article\",\"@id\":\"https:\\\/\\\/charleroi-pourlapalestine.be\\\/index.php\\\/2020\\\/08\\\/05\\\/il-est-temps-de-mettre-fin-a-la-detention-de-georges-ibrahim-abdallah\\\/#article\",\"isPartOf\":{\"@id\":\"https:\\\/\\\/charleroi-pourlapalestine.be\\\/index.php\\\/2020\\\/08\\\/05\\\/il-est-temps-de-mettre-fin-a-la-detention-de-georges-ibrahim-abdallah\\\/\"},\"author\":{\"name\":\"admin1873\",\"@id\":\"https:\\\/\\\/charleroi-pourlapalestine.be\\\/#\\\/schema\\\/person\\\/c19ff515112f1299d8c12671d8fe3faa\"},\"headline\":\"Il est temps de mettre fin \u00e0 la d\u00e9tention de Georges Ibrahim Abdallah\",\"datePublished\":\"2020-08-05T15:29:00+00:00\",\"dateModified\":\"2020-09-05T07:39:25+00:00\",\"mainEntityOfPage\":{\"@id\":\"https:\\\/\\\/charleroi-pourlapalestine.be\\\/index.php\\\/2020\\\/08\\\/05\\\/il-est-temps-de-mettre-fin-a-la-detention-de-georges-ibrahim-abdallah\\\/\"},\"wordCount\":2716,\"publisher\":{\"@id\":\"https:\\\/\\\/charleroi-pourlapalestine.be\\\/#organization\"},\"image\":{\"@id\":\"https:\\\/\\\/charleroi-pourlapalestine.be\\\/index.php\\\/2020\\\/08\\\/05\\\/il-est-temps-de-mettre-fin-a-la-detention-de-georges-ibrahim-abdallah\\\/#primaryimage\"},\"thumbnailUrl\":\"https:\\\/\\\/charleroi-pourlapalestine.be\\\/wp-content\\\/uploads\\\/2020\\\/04\\\/affiche-Georges-e1588162937946.jpg\",\"keywords\":[\"Georges Abdallah\"],\"articleSection\":[\"France\",\"Georges Abdallah\",\"Liban\",\"Prisonniers\"],\"inLanguage\":\"fr-FR\"},{\"@type\":\"WebPage\",\"@id\":\"https:\\\/\\\/charleroi-pourlapalestine.be\\\/index.php\\\/2020\\\/08\\\/05\\\/il-est-temps-de-mettre-fin-a-la-detention-de-georges-ibrahim-abdallah\\\/\",\"url\":\"https:\\\/\\\/charleroi-pourlapalestine.be\\\/index.php\\\/2020\\\/08\\\/05\\\/il-est-temps-de-mettre-fin-a-la-detention-de-georges-ibrahim-abdallah\\\/\",\"name\":\"Il est temps de mettre fin \u00e0 la d\u00e9tention perp\u00e9tuelle de Georges Abdallah\",\"isPartOf\":{\"@id\":\"https:\\\/\\\/charleroi-pourlapalestine.be\\\/#website\"},\"primaryImageOfPage\":{\"@id\":\"https:\\\/\\\/charleroi-pourlapalestine.be\\\/index.php\\\/2020\\\/08\\\/05\\\/il-est-temps-de-mettre-fin-a-la-detention-de-georges-ibrahim-abdallah\\\/#primaryimage\"},\"image\":{\"@id\":\"https:\\\/\\\/charleroi-pourlapalestine.be\\\/index.php\\\/2020\\\/08\\\/05\\\/il-est-temps-de-mettre-fin-a-la-detention-de-georges-ibrahim-abdallah\\\/#primaryimage\"},\"thumbnailUrl\":\"https:\\\/\\\/charleroi-pourlapalestine.be\\\/wp-content\\\/uploads\\\/2020\\\/04\\\/affiche-Georges-e1588162937946.jpg\",\"datePublished\":\"2020-08-05T15:29:00+00:00\",\"dateModified\":\"2020-09-05T07:39:25+00:00\",\"description\":\"Georges Abdallah risque t\u2019entamer scandaleusement une 37e ann\u00e9e de d\u00e9tention en octobre prochain si le rapport de force n\u2019est pas cons\u00e9quent\",\"breadcrumb\":{\"@id\":\"https:\\\/\\\/charleroi-pourlapalestine.be\\\/index.php\\\/2020\\\/08\\\/05\\\/il-est-temps-de-mettre-fin-a-la-detention-de-georges-ibrahim-abdallah\\\/#breadcrumb\"},\"inLanguage\":\"fr-FR\",\"potentialAction\":[{\"@type\":\"ReadAction\",\"target\":[\"https:\\\/\\\/charleroi-pourlapalestine.be\\\/index.php\\\/2020\\\/08\\\/05\\\/il-est-temps-de-mettre-fin-a-la-detention-de-georges-ibrahim-abdallah\\\/\"]}]},{\"@type\":\"ImageObject\",\"inLanguage\":\"fr-FR\",\"@id\":\"https:\\\/\\\/charleroi-pourlapalestine.be\\\/index.php\\\/2020\\\/08\\\/05\\\/il-est-temps-de-mettre-fin-a-la-detention-de-georges-ibrahim-abdallah\\\/#primaryimage\",\"url\":\"https:\\\/\\\/charleroi-pourlapalestine.be\\\/wp-content\\\/uploads\\\/2020\\\/04\\\/affiche-Georges-e1588162937946.jpg\",\"contentUrl\":\"https:\\\/\\\/charleroi-pourlapalestine.be\\\/wp-content\\\/uploads\\\/2020\\\/04\\\/affiche-Georges-e1588162937946.jpg\",\"width\":520,\"height\":453},{\"@type\":\"BreadcrumbList\",\"@id\":\"https:\\\/\\\/charleroi-pourlapalestine.be\\\/index.php\\\/2020\\\/08\\\/05\\\/il-est-temps-de-mettre-fin-a-la-detention-de-georges-ibrahim-abdallah\\\/#breadcrumb\",\"itemListElement\":[{\"@type\":\"ListItem\",\"position\":1,\"name\":\"Accueil\",\"item\":\"https:\\\/\\\/charleroi-pourlapalestine.be\\\/\"},{\"@type\":\"ListItem\",\"position\":2,\"name\":\"Il est temps de mettre fin \u00e0 la d\u00e9tention de Georges Ibrahim Abdallah\"}]},{\"@type\":\"WebSite\",\"@id\":\"https:\\\/\\\/charleroi-pourlapalestine.be\\\/#website\",\"url\":\"https:\\\/\\\/charleroi-pourlapalestine.be\\\/\",\"name\":\"Charleroi Pour la Palestine\",\"description\":\"\",\"publisher\":{\"@id\":\"https:\\\/\\\/charleroi-pourlapalestine.be\\\/#organization\"},\"potentialAction\":[{\"@type\":\"SearchAction\",\"target\":{\"@type\":\"EntryPoint\",\"urlTemplate\":\"https:\\\/\\\/charleroi-pourlapalestine.be\\\/?s={search_term_string}\"},\"query-input\":{\"@type\":\"PropertyValueSpecification\",\"valueRequired\":true,\"valueName\":\"search_term_string\"}}],\"inLanguage\":\"fr-FR\"},{\"@type\":\"Organization\",\"@id\":\"https:\\\/\\\/charleroi-pourlapalestine.be\\\/#organization\",\"name\":\"Plate-forme Charleroi-Palestine\",\"url\":\"https:\\\/\\\/charleroi-pourlapalestine.be\\\/\",\"logo\":{\"@type\":\"ImageObject\",\"inLanguage\":\"fr-FR\",\"@id\":\"https:\\\/\\\/charleroi-pourlapalestine.be\\\/#\\\/schema\\\/logo\\\/image\\\/\",\"url\":\"https:\\\/\\\/charleroi-pourlapalestine.be\\\/wp-content\\\/uploads\\\/2020\\\/01\\\/logo-Copy.jpg\",\"contentUrl\":\"https:\\\/\\\/charleroi-pourlapalestine.be\\\/wp-content\\\/uploads\\\/2020\\\/01\\\/logo-Copy.jpg\",\"width\":180,\"height\":180,\"caption\":\"Plate-forme Charleroi-Palestine\"},\"image\":{\"@id\":\"https:\\\/\\\/charleroi-pourlapalestine.be\\\/#\\\/schema\\\/logo\\\/image\\\/\"},\"sameAs\":[\"https:\\\/\\\/www.facebook.com\\\/PlateformeCharleroiPalestine\\\/\",\"https:\\\/\\\/x.com\\\/LaCharleroi\"]},{\"@type\":\"Person\",\"@id\":\"https:\\\/\\\/charleroi-pourlapalestine.be\\\/#\\\/schema\\\/person\\\/c19ff515112f1299d8c12671d8fe3faa\",\"name\":\"admin1873\",\"url\":\"https:\\\/\\\/charleroi-pourlapalestine.be\\\/index.php\\\/author\\\/admin1873\\\/\"}]}<\/script>\n<!-- \/ Yoast SEO plugin. -->","yoast_head_json":{"title":"Il est temps de mettre fin \u00e0 la d\u00e9tention perp\u00e9tuelle de Georges Abdallah","description":"Georges Abdallah risque t\u2019entamer scandaleusement une 37e ann\u00e9e de d\u00e9tention en octobre prochain si le rapport de force n\u2019est pas cons\u00e9quent","robots":{"index":"index","follow":"follow","max-snippet":"max-snippet:-1","max-image-preview":"max-image-preview:large","max-video-preview":"max-video-preview:-1"},"canonical":"https:\/\/charleroi-pourlapalestine.be\/index.php\/2020\/08\/05\/il-est-temps-de-mettre-fin-a-la-detention-de-georges-ibrahim-abdallah\/","schema":{"@context":"https:\/\/schema.org","@graph":[{"@type":"Article","@id":"https:\/\/charleroi-pourlapalestine.be\/index.php\/2020\/08\/05\/il-est-temps-de-mettre-fin-a-la-detention-de-georges-ibrahim-abdallah\/#article","isPartOf":{"@id":"https:\/\/charleroi-pourlapalestine.be\/index.php\/2020\/08\/05\/il-est-temps-de-mettre-fin-a-la-detention-de-georges-ibrahim-abdallah\/"},"author":{"name":"admin1873","@id":"https:\/\/charleroi-pourlapalestine.be\/#\/schema\/person\/c19ff515112f1299d8c12671d8fe3faa"},"headline":"Il est temps de mettre fin \u00e0 la d\u00e9tention de Georges Ibrahim Abdallah","datePublished":"2020-08-05T15:29:00+00:00","dateModified":"2020-09-05T07:39:25+00:00","mainEntityOfPage":{"@id":"https:\/\/charleroi-pourlapalestine.be\/index.php\/2020\/08\/05\/il-est-temps-de-mettre-fin-a-la-detention-de-georges-ibrahim-abdallah\/"},"wordCount":2716,"publisher":{"@id":"https:\/\/charleroi-pourlapalestine.be\/#organization"},"image":{"@id":"https:\/\/charleroi-pourlapalestine.be\/index.php\/2020\/08\/05\/il-est-temps-de-mettre-fin-a-la-detention-de-georges-ibrahim-abdallah\/#primaryimage"},"thumbnailUrl":"https:\/\/charleroi-pourlapalestine.be\/wp-content\/uploads\/2020\/04\/affiche-Georges-e1588162937946.jpg","keywords":["Georges Abdallah"],"articleSection":["France","Georges Abdallah","Liban","Prisonniers"],"inLanguage":"fr-FR"},{"@type":"WebPage","@id":"https:\/\/charleroi-pourlapalestine.be\/index.php\/2020\/08\/05\/il-est-temps-de-mettre-fin-a-la-detention-de-georges-ibrahim-abdallah\/","url":"https:\/\/charleroi-pourlapalestine.be\/index.php\/2020\/08\/05\/il-est-temps-de-mettre-fin-a-la-detention-de-georges-ibrahim-abdallah\/","name":"Il est temps de mettre fin \u00e0 la d\u00e9tention perp\u00e9tuelle de Georges Abdallah","isPartOf":{"@id":"https:\/\/charleroi-pourlapalestine.be\/#website"},"primaryImageOfPage":{"@id":"https:\/\/charleroi-pourlapalestine.be\/index.php\/2020\/08\/05\/il-est-temps-de-mettre-fin-a-la-detention-de-georges-ibrahim-abdallah\/#primaryimage"},"image":{"@id":"https:\/\/charleroi-pourlapalestine.be\/index.php\/2020\/08\/05\/il-est-temps-de-mettre-fin-a-la-detention-de-georges-ibrahim-abdallah\/#primaryimage"},"thumbnailUrl":"https:\/\/charleroi-pourlapalestine.be\/wp-content\/uploads\/2020\/04\/affiche-Georges-e1588162937946.jpg","datePublished":"2020-08-05T15:29:00+00:00","dateModified":"2020-09-05T07:39:25+00:00","description":"Georges Abdallah risque t\u2019entamer scandaleusement une 37e ann\u00e9e de d\u00e9tention en octobre prochain si le rapport de force n\u2019est pas cons\u00e9quent","breadcrumb":{"@id":"https:\/\/charleroi-pourlapalestine.be\/index.php\/2020\/08\/05\/il-est-temps-de-mettre-fin-a-la-detention-de-georges-ibrahim-abdallah\/#breadcrumb"},"inLanguage":"fr-FR","potentialAction":[{"@type":"ReadAction","target":["https:\/\/charleroi-pourlapalestine.be\/index.php\/2020\/08\/05\/il-est-temps-de-mettre-fin-a-la-detention-de-georges-ibrahim-abdallah\/"]}]},{"@type":"ImageObject","inLanguage":"fr-FR","@id":"https:\/\/charleroi-pourlapalestine.be\/index.php\/2020\/08\/05\/il-est-temps-de-mettre-fin-a-la-detention-de-georges-ibrahim-abdallah\/#primaryimage","url":"https:\/\/charleroi-pourlapalestine.be\/wp-content\/uploads\/2020\/04\/affiche-Georges-e1588162937946.jpg","contentUrl":"https:\/\/charleroi-pourlapalestine.be\/wp-content\/uploads\/2020\/04\/affiche-Georges-e1588162937946.jpg","width":520,"height":453},{"@type":"BreadcrumbList","@id":"https:\/\/charleroi-pourlapalestine.be\/index.php\/2020\/08\/05\/il-est-temps-de-mettre-fin-a-la-detention-de-georges-ibrahim-abdallah\/#breadcrumb","itemListElement":[{"@type":"ListItem","position":1,"name":"Accueil","item":"https:\/\/charleroi-pourlapalestine.be\/"},{"@type":"ListItem","position":2,"name":"Il est temps de mettre fin \u00e0 la d\u00e9tention de Georges Ibrahim Abdallah"}]},{"@type":"WebSite","@id":"https:\/\/charleroi-pourlapalestine.be\/#website","url":"https:\/\/charleroi-pourlapalestine.be\/","name":"Charleroi Pour la Palestine","description":"","publisher":{"@id":"https:\/\/charleroi-pourlapalestine.be\/#organization"},"potentialAction":[{"@type":"SearchAction","target":{"@type":"EntryPoint","urlTemplate":"https:\/\/charleroi-pourlapalestine.be\/?s={search_term_string}"},"query-input":{"@type":"PropertyValueSpecification","valueRequired":true,"valueName":"search_term_string"}}],"inLanguage":"fr-FR"},{"@type":"Organization","@id":"https:\/\/charleroi-pourlapalestine.be\/#organization","name":"Plate-forme Charleroi-Palestine","url":"https:\/\/charleroi-pourlapalestine.be\/","logo":{"@type":"ImageObject","inLanguage":"fr-FR","@id":"https:\/\/charleroi-pourlapalestine.be\/#\/schema\/logo\/image\/","url":"https:\/\/charleroi-pourlapalestine.be\/wp-content\/uploads\/2020\/01\/logo-Copy.jpg","contentUrl":"https:\/\/charleroi-pourlapalestine.be\/wp-content\/uploads\/2020\/01\/logo-Copy.jpg","width":180,"height":180,"caption":"Plate-forme Charleroi-Palestine"},"image":{"@id":"https:\/\/charleroi-pourlapalestine.be\/#\/schema\/logo\/image\/"},"sameAs":["https:\/\/www.facebook.com\/PlateformeCharleroiPalestine\/","https:\/\/x.com\/LaCharleroi"]},{"@type":"Person","@id":"https:\/\/charleroi-pourlapalestine.be\/#\/schema\/person\/c19ff515112f1299d8c12671d8fe3faa","name":"admin1873","url":"https:\/\/charleroi-pourlapalestine.be\/index.php\/author\/admin1873\/"}]}},"_links":{"self":[{"href":"https:\/\/charleroi-pourlapalestine.be\/index.php\/wp-json\/wp\/v2\/posts\/16557","targetHints":{"allow":["GET"]}}],"collection":[{"href":"https:\/\/charleroi-pourlapalestine.be\/index.php\/wp-json\/wp\/v2\/posts"}],"about":[{"href":"https:\/\/charleroi-pourlapalestine.be\/index.php\/wp-json\/wp\/v2\/types\/post"}],"author":[{"embeddable":true,"href":"https:\/\/charleroi-pourlapalestine.be\/index.php\/wp-json\/wp\/v2\/users\/1"}],"replies":[{"embeddable":true,"href":"https:\/\/charleroi-pourlapalestine.be\/index.php\/wp-json\/wp\/v2\/comments?post=16557"}],"version-history":[{"count":0,"href":"https:\/\/charleroi-pourlapalestine.be\/index.php\/wp-json\/wp\/v2\/posts\/16557\/revisions"}],"wp:featuredmedia":[{"embeddable":true,"href":"https:\/\/charleroi-pourlapalestine.be\/index.php\/wp-json\/wp\/v2\/media\/11470"}],"wp:attachment":[{"href":"https:\/\/charleroi-pourlapalestine.be\/index.php\/wp-json\/wp\/v2\/media?parent=16557"}],"wp:term":[{"taxonomy":"category","embeddable":true,"href":"https:\/\/charleroi-pourlapalestine.be\/index.php\/wp-json\/wp\/v2\/categories?post=16557"},{"taxonomy":"post_tag","embeddable":true,"href":"https:\/\/charleroi-pourlapalestine.be\/index.php\/wp-json\/wp\/v2\/tags?post=16557"}],"curies":[{"name":"wp","href":"https:\/\/api.w.org\/{rel}","templated":true}]}}