{"id":17496,"date":"2016-10-27T16:26:00","date_gmt":"2016-10-27T14:26:00","guid":{"rendered":"https:\/\/charleroi-pourlapalestine.be\/?p=17496"},"modified":"2020-09-28T16:47:14","modified_gmt":"2020-09-28T14:47:14","slug":"le-veritable-probleme-est-le-sionisme-pas-l-occupation","status":"publish","type":"post","link":"https:\/\/charleroi-pourlapalestine.be\/index.php\/2016\/10\/27\/le-veritable-probleme-est-le-sionisme-pas-l-occupation\/","title":{"rendered":"Le v\u00e9ritable probl\u00e8me est le sionisme, pas l\u2019occupation"},"content":{"rendered":"<header class=\"entry-header mh-clearfix\">\n<p class=\"mh-meta entry-meta\">&nbsp;<\/p>\n<\/header>\n<div class=\"entry-content mh-clearfix\">\n<p class=\"entry-thumbnail\"><strong>&nbsp;<\/strong><\/p>\n<div class=\"pf-content\">\n<p>Plus t\u00f4t ce mois-ci, lors de la 15<sup>e<\/sup> conf\u00e9rence annuelle organis\u00e9e pr\u00e8s de Washington DC, la <em><strong>\u201cCampagne am\u00e9ricaine pour mettre fin \u00e0 l\u2019occupation isra\u00e9lienne\u201d<\/strong> <\/em>a officiellement annonc\u00e9 son changement de nom, devenant la <em><strong>\u201cCampagne am\u00e9ricaine pour les droits des Palestiniens\u201d.<\/strong><\/em><\/p>\n<p>Cette d\u00e9marche, attendue depuis longtemps, a \u00e9t\u00e9 bien accueillie, \u00e9tant donn\u00e9 que la campagne am\u00e9ricaine a en effet \u00e9volu\u00e9 au fil des ans, passant d\u2019un groupe ax\u00e9 sur le lobbying aupr\u00e8s du gouvernement am\u00e9ricain pour que celui-ci mette fin \u00e0 son soutien financier et politique \u00e0 l\u2019occupation isra\u00e9lienne de la Cisjordanie et de la bande de Gaza, \u00e0 un r\u00e9seau effectif de plus de 400&nbsp;organisations populaires d\u00e9termin\u00e9es \u00e0 r\u00e9tablir les droits de l\u2019homme de tous les Palestiniens, et pas seulement de ceux qui vivent sous l\u2019occupation militaire ill\u00e9gale.<\/p>\n<figure id=\"attachment_19432\" class=\"wp-caption aligncenter\" aria-describedby=\"caption-attachment-19432\"><img loading=\"lazy\" decoding=\"async\" class=\"aligncenter wp-image-19432 size-full\" src=\"https:\/\/www.pourlapalestine.be\/wp-content\/uploads\/2016\/10\/AntiOccupationProtest.TelAviv.25Oct2016.AFP__0.jpg\" sizes=\"auto, (max-width: 620px) 100vw, 620px\" srcset=\"https:\/\/www.pourlapalestine.be\/wp-content\/uploads\/2016\/10\/AntiOccupationProtest.TelAviv.25Oct2016.AFP__0.jpg 620w, https:\/\/www.pourlapalestine.be\/wp-content\/uploads\/2016\/10\/AntiOccupationProtest.TelAviv.25Oct2016.AFP__0-350x233.jpg 350w\" alt=\"De nombreux juifs \u00ab&nbsp;lib\u00e9raux&nbsp;\u00bb ou \u00ab&nbsp;progressistes&nbsp;\u00bb et des Isra\u00e9liens ont persistent \u00e0 se concentrer sur les sympt\u00f4mes, \u00e0 savoir \u00ab&nbsp;l\u2019occupation&nbsp;\u00bb, manifestation du novembre , 2015. \/ AFP PHOTO \/ JACK GUEZ \" width=\"620\" height=\"413\"><figcaption id=\"caption-attachment-19432\" class=\"wp-caption-text\">Des Isra\u00e9liens \u201cprogressistes\u201d participent \u00e0 une marche \u00e0 l\u2019appel de \u201cPeace Now\u201d \u00e0 Tel Aviv en d\u00e9cembre 2015 \u2013 AFP PHOTO \/ JACK GUEZ<\/figcaption><\/figure>\n<p>Pourtant, alors m\u00eame que les membres de la <strong>Campagne am\u00e9ricaine<\/strong> c\u00e9l\u00e9braient ce changement, de nombreux juifs <em>\u00ab&nbsp;lib\u00e9raux&nbsp;\u00bb<\/em> ou <em>\u00ab&nbsp;progressistes&nbsp;\u00bb<\/em> et des Isra\u00e9liens ont persist\u00e9 \u00e0 se concentrer sur les sympt\u00f4mes, \u00e0 savoir <em>\u00ab&nbsp;l\u2019occupation&nbsp;\u00bb,<\/em> plut\u00f4t que sur la cause, de l\u2019oppression du peuple palestinien, \u00e0 savoir le concept m\u00eame de sionisme.<\/p>\n<p>\u00c0 l\u2019occasion de la rencontre entre les membres de la campagne am\u00e9ricaine, le directeur ex\u00e9cutif de <strong>B\u2019Tselem<\/strong>, <strong>Hagai El-Ad<\/strong>, alors \u00e0 New York, s\u2019est adress\u00e9 aux membres du Conseil de s\u00e9curit\u00e9 de l\u2019ONU lors d\u2019une session sp\u00e9ciale intitul\u00e9e <em>\u00ab&nbsp;<\/em><strong><em>Colonies isra\u00e9liennes ill\u00e9gales&nbsp;: un obstacle \u00e0 la paix et \u00e0 la solution \u00e0 deux \u00c9tat<\/em>s<\/strong>&nbsp;\u00bb.<\/p>\n<p>L\u2019occupation de la Cisjordanie, depuis quarante-neuf&nbsp;ans, n\u2019a dur\u00e9 que parce que les pouvoirs en place ont permis qu\u2019elle se maintienne, a d\u00e9clar\u00e9 El-Ad.<\/p>\n<p>D\u00e9taillant une longue liste de violations et d\u2019exp\u00e9riences humiliantes quotidiennes endur\u00e9es par les Palestiniens en Cisjordanie, El-Ad a d\u00e9clar\u00e9&nbsp;: \u00ab&nbsp;<em>Isra\u00ebl a syst\u00e9matiquement l\u00e9galis\u00e9 les violations des droits de l\u2019homme dans les territoires occup\u00e9s \u00e0 travers l\u2019\u00e9tablissement de colonies permanentes, des d\u00e9molitions punitives de maisons, un m\u00e9canisme de construction et de planification biais\u00e9, la prise de terres palestiniennes et bien plus encore.<\/em>&nbsp;\u00bb<\/p>\n<figure id=\"attachment_19433\" class=\"wp-caption alignright\" aria-describedby=\"caption-attachment-19433\">&nbsp;<\/figure>\n<p>\u00ab&nbsp;<em>Les droits des Palestiniens doivent \u00eatre instaur\u00e9s, l\u2019occupation doit cesser, le Conseil de s\u00e9curit\u00e9 des Nations unies doit agir et le temps presse<\/em>&nbsp;\u00bb, a implor\u00e9 El-Ad.<\/p>\n<p>M\u00eame si le discours prononc\u00e9 par <strong>El-Ad<\/strong> \u00e0 l\u2019ONU a rendu le Premier ministre isra\u00e9lien Benjamin Netanyahou furieux et pouss\u00e9 un homme politique isra\u00e9lien \u00e0 r\u00e9clamer la d\u00e9ch\u00e9ance de sa citoyennet\u00e9, <strong>son discours n\u2019a pas mis le doigt sur le vrai probl\u00e8me&nbsp;: le sionisme.<\/strong><\/p>\n<p>Les <em>\u00ab&nbsp;droits des Palestiniens&nbsp;\u00bb<\/em> ne sont pas uniquement viol\u00e9s par l\u2019occupation militaire de la Cisjordanie. <strong>El-Ad<\/strong> n\u2019a jamais mentionn\u00e9 le si\u00e8ge meurtrier de la bande de Gaza, ni les droits des millions de Palestiniens \u2013&nbsp;en r\u00e9alit\u00e9, la majorit\u00e9 du peuple palestinien&nbsp;\u2013 qui vivent dans la diaspora et qui jouissent du droit reconnu par l\u2019ONU de retourner dans leur patrie.<\/p>\n<h2>En de\u00e7\u00e0 des attentes<\/h2>\n<p>\u00c0 peu pr\u00e8s au m\u00eame moment que le discours d\u2019<strong>El-Ad<\/strong> \u00e0 l\u2019ONU, le rabbin <strong>Alissa Wise<\/strong>, directrice adjointe de <strong>Jewish Voice for Peace<\/strong> (JVP), un groupe de ressortissants juifs am\u00e9ricains, a \u00e9crit sur Facebook que son groupe \u00e9tait \u00ab&nbsp;<em>s\u00e9rieux au sujet de la transformation de la communaut\u00e9 juive<\/em>&nbsp;\u00bb.<\/p>\n<p>Pour le Yom Kippour 5777, a-t-elle \u00e9crit, JVP diffusera des sermons en ligne de rabbins progressistes critiquant l\u2019occupation d\u2019une mani\u00e8re rarement tol\u00e9r\u00e9e dans les synagogues \u00e0 travers les \u00c9tats-Unis.<\/p>\n<p>Quelques semaines plus t\u00f4t, \u00e0 l\u2019occasion de Roch Hachana, JVP avait \u00e9galement organis\u00e9 la diffusion en ligne de sermons prononc\u00e9s par des rabbins associ\u00e9s \u00e0 JVP qui ont critiqu\u00e9 \u00ab&nbsp;<em>l\u2019occupation militaire isra\u00e9lienne de la Palestine<\/em>&nbsp;\u00bb, effectu\u00e9e \u00ab&nbsp;<em>au nom de tous les Juifs&nbsp;<\/em>\u00bb selon JVP.<\/p>\n<p>Dans la m\u00eame veine, ce mois-ci \u00e9galement, <strong>The New York Review of Books<\/strong> a publi\u00e9 une d\u00e9claration appelant \u00e0 un \u00ab&nbsp;<em>boycott cibl\u00e9 de l\u2019ensemble des marchandises et services provenant de toutes les colonies isra\u00e9liennes dans les territoires occup\u00e9s<\/em>&nbsp;\u00bb, tout en s\u2019opposant sp\u00e9cifiquement au boycott de tous les produits isra\u00e9liens, strat\u00e9gie mise en avant par des leaders de la soci\u00e9t\u00e9 civile palestinienne.<\/p>\n<p><strong>L\u2019appel au boycott partiel est particuli\u00e8rement probl\u00e9matique<\/strong> non seulement parce qu\u2019il ne respecte pas les dirigeants palestiniens, mais aussi parce qu\u2019il ne satisfait \u00e0 aucune notion de coh\u00e9rence morale. Cet appel ne reconna\u00eet pas que les colonies ill\u00e9gales qu\u2019il cherche \u00e0 \u00ab&nbsp;<em>cibler<\/em>&nbsp;\u00bb n\u2019existeraient pas sans la politique gouvernementale isra\u00e9lienne form\u00e9e en dehors de la Cisjordanie occup\u00e9e.<\/p>\n<p>De m\u00eame, il ne tient pas compte des circonstances endur\u00e9es par la majorit\u00e9 du peuple palestinien, \u00e0 savoir les r\u00e9fugi\u00e9s, ainsi que par ceux qui vivent en tant que citoyens priv\u00e9s de leurs droits au sein de l\u2019\u00c9tat isra\u00e9lien \u00ab&nbsp;<em>l\u00e9gal<\/em>&nbsp;\u00bb.<\/p>\n<p>Un autre groupe juif relativement nouveau et autoproclam\u00e9 \u00ab&nbsp;<em>progressiste<\/em>&nbsp;\u00bb cherchant \u00e0 \u00ab&nbsp;<em>changer la communaut\u00e9<\/em>&nbsp;\u00bb, se pr\u00e9sentant comme le mouvement <strong>\u00ab&nbsp;<em>If not now<\/em>&nbsp;\u00bb<\/strong>, a \u00e9t\u00e9 form\u00e9 en 2014 lors de l\u2019assaut d\u2019Isra\u00ebl contre Gaza.<\/p>\n<p>\u00ab&nbsp;<em>L\u2019appel pour que les institutions juives am\u00e9ricaines mettent fin \u00e0 leur soutien \u00e0 l\u2019occupation n\u2019a fait que gagner en urgence et en clart\u00e9 depuis cet \u00e9t\u00e9<\/em>&nbsp;\u00bb, explique <em>If not now<\/em> sur son site web. \u00ab&nbsp;<em>Bien que l\u2019ordre \u00e9tabli d\u00e9pass\u00e9 pr\u00e9tende parler au nom de notre communaut\u00e9, nous savons que la communaut\u00e9 juive am\u00e9ricaine a soif de changement.<\/em>&nbsp;\u00bb<\/p>\n<p>Plus t\u00f4t ce mois-ci, le jour de Yom Kippour, la section new-yorkaise d\u2019<em>If not now<\/em> a organis\u00e9 un rituel de l\u2019\u00ab&nbsp;<em>achamnou<\/em>&nbsp;\u00bb (pri\u00e8re) en public \u00e0 l\u2019ext\u00e9rieur des locaux de l\u2019UJA-Federation of New York (United Jewish Appeal), et encore une fois, <strong>l\u2019accent a \u00e9t\u00e9 mis sur la fin du \u00ab&nbsp;<em>soutien \u00e0 l\u2019occupation<\/em>&nbsp;\u00bb.<\/strong><\/p>\n<p>Je suis certaine que ma liste n\u2019est pas exhaustive, alors m\u00eame que j\u2019ajoute une autre tribune libre, tir\u00e9e cette fois-ci du journal \u00e9tudiant The Michigan Daily, demandant en toute urgence aux Am\u00e9ricains d\u2019origine juive de \u00ab&nbsp;<em>se montrer<\/em>&nbsp;\u00bb pour s\u2019opposer \u00e0 l\u2019oppression des Palestiniens par Isra\u00ebl.<\/p>\n<p>L\u2019auteur, un Am\u00e9ricain d\u2019origine juive, dresse un plaidoyer passionn\u00e9 et \u00e9loquent appelant les autres personnes comme lui \u00e0 sortir de leur zone de confort et \u00e0 reconna\u00eetre que les Palestiniens sont opprim\u00e9s. \u00ab&nbsp;<em>En tant que juif farouchement oppos\u00e9 \u00e0 l\u2019occupation, il est de ma responsabilit\u00e9 de reconna\u00eetre que lorsque j\u2019\u00e9tais assis pour c\u00e9l\u00e9brer Roch Hachana ce mardi, des hommes, des femmes et des enfants en Palestine vivaient encore dans les conditions difficiles auxquelles ils sont soumis sous l\u2019occupation<\/em>&nbsp;\u00bb, \u00e9crit-il.<\/p>\n<p>\u00ab&nbsp;<em>Le besoin urgent de mettre fin \u00e0 l\u2019occupation ne peut attendre plus longtemps et ne devrait certainement pas avoir \u00e0 attendre une ouverture dans le calendrier juif<\/em>&nbsp;\u00bb, a-t-il ajout\u00e9.<\/p>\n<p>Ici encore, le plaidoyer passionn\u00e9 est <strong>en faveur de la fin de l\u2019occupation.<\/strong><\/p>\n<h2>Regarder le tableau d\u2019ensemble<\/h2>\n<p>Dans ces tribunes libres, dans le tract distribu\u00e9 par JVP \u00e0 l\u2019occasion de Roch Hachana ou encore dans les \u00e9v\u00e9nements et les discours qui ont eu lieu au cours des derni\u00e8res semaines, <strong>il n\u2019y a pas un seul mot pour d\u00e9crire le sionisme comme une id\u00e9ologie raciste, un privil\u00e8ge racial et la v\u00e9ritable politique oppressive.<\/strong><\/p>\n<p>2017 arrive \u00e0 grands pas. C\u2019est une ann\u00e9e cruciale qui marque la cinquanti\u00e8me ann\u00e9e d\u2019occupation de la Cisjordanie, mais aussi le centenaire de la d\u00e9claration du Britannique <strong>Lord Balfour<\/strong>, qui a affirm\u00e9 aux sionistes europ\u00e9ens que la Grande-Bretagne \u00ab&nbsp;<em>envisage<\/em>[ait] <em>favorablement l\u2019\u00e9tablissement en Palestine d\u2019un foyer national pour le peuple juif<\/em>&nbsp;[\u2026]&nbsp;\u00bb.<\/p>\n<p>La d\u00e9possession des Palestiniens n\u2019a alors pas commenc\u00e9 en 1967, mais <strong>en 1917,<\/strong> lorsque le mandat britannique, une puissance imp\u00e9riale qui jouait une partie d\u2019\u00e9checs mondiale avec les autres puissances europ\u00e9ennes, a d\u00e9cid\u00e9 d\u2019amputer la Palestine afin de la transformer en un refuge pour les Juifs europ\u00e9ens fuyant l\u2019antis\u00e9mitisme europ\u00e9en.<\/p>\n<p>Trente ans plus tard, en 1947, l\u2019ONU a d\u00e9cid\u00e9 de diviser la Palestine historique entre la Palestine et Isra\u00ebl. Cette division a enclench\u00e9 la <strong>Nakba<\/strong>, la \u00ab&nbsp;<em>catastrophe<\/em>&nbsp;\u00bb palestinienne qui se poursuit encore. Et vingt ans plus tard encore, en 1967, Isra\u00ebl occupait le reste de la Palestine historique.<\/p>\n<p>Ces cent ans de d\u00e9possession planifi\u00e9e puis mise en \u0153uvre sont cent ans de trop. Aujourd\u2019hui, nous devons nous tourner vers un avenir qui tient compte des personnes vivant dans la Palestine historique ainsi que de celles qui jouissent du droit internationalement reconnu d\u2019y vivre, c\u2019est-\u00e0-dire les r\u00e9fugi\u00e9s palestiniens.<\/p>\n<p><strong>D\u00e9noncer l\u2019occupation ne suffit pas.<\/strong> Le changement de nom de la campagne am\u00e9ricaine est un signe opportun indiquant que nous devons<strong> changer le discours<\/strong> pour placer au centre les victimes d\u2019un nettoyage ethnique et d\u2019un effacement culturel, tout en nous focalisant sur leurs droits.<\/p>\n<p>Et comme l\u2019ont \u00e9crit les \u00e9rudits juifs <strong>Joshua Schreier<\/strong> et <strong>Mira Sukarov<\/strong> dans leur essai opportun, le retour des Palestiniens dans l\u2019Isra\u00ebl d\u2019aujourd\u2019hui ne contribuera pas uniquement \u00e0 rendre enfin justice \u00e0 ce peuple d\u00e9poss\u00e9d\u00e9, mais aussi \u00e0 faire de l\u2019\u00c9tat d\u2019Isra\u00ebl un meilleur endroit o\u00f9 vivre pour tout le monde. Cela fera pencher la balance en d\u00e9faveur d\u2019une pr\u00e9occupation \u00e9touffante quant \u00e0 la majorit\u00e9 d\u00e9mographique, dans un pays \u00ab&nbsp;<em>plus accueillant envers le pluralisme religieux juif<\/em> [et non-juif] <em>qui pourrait faire respecter les droits relatifs aux genres, auxquels les courants religieux lib\u00e9raux adh\u00e8rent d\u00e9j\u00e0&nbsp;<\/em>\u00bb.<\/p>\n<p>Certes, l\u2019occupation va bient\u00f4t entrer dans sa cinquanti\u00e8me ann\u00e9e. Le si\u00e8ge de Gaza va bient\u00f4t entrer dans sa dixi\u00e8me ann\u00e9e. <strong>Mais nous devons cesser de regarder des fragments disparates du tableau.<\/strong><\/p>\n<p>\u00c0 ce stade, il est extr\u00eamement inqui\u00e9tant de constater que tous ceux qui se consid\u00e8rent comme \u00ab&nbsp;<em>progressistes<\/em>&nbsp;\u00bb persistent dans la recherche de solutions partielles telles que la fin de l\u2019occupation, qui cimentent le nettoyage ethnique et l\u2019apartheid dans la Palestine historique.<\/p>\n<p>Au lieu de cela, c\u2019est le sionisme, qui met l\u2019accent sur la supr\u00e9matie juive, qui forme le probl\u00e8me \u00e0 traiter, l\u2019occupation n\u2019\u00e9tant qu\u2019une de ses manifestations.<\/p>\n<p><strong>Nada Elia&nbsp;&nbsp;&nbsp;&nbsp;<\/strong>&nbsp;&nbsp;&nbsp;&nbsp;&nbsp;&nbsp;&nbsp;&nbsp;&nbsp;<\/p>\n<hr>\n<p>Cet article a \u00e9t\u00e9 publi\u00e9 par l\u2019<a href=\"http:\/\/www.middleeasteye.net\/fr\/opinions\/le-v-ritable-probl-me-est-le-sionisme-pas-l-occupation-1599075774\" target=\"_blank\" rel=\"noopener noreferrer\">\u00e9dition fran\u00e7aise de Middle East Eye<\/a> le 26 octobre 2016.<br \/>\nTraduit de l\u2019anglais (<a href=\"http:\/\/www.middleeasteye.net\/columns\/its-zionism-not-occupation-thats-real-problem-1414109624\" target=\"_blank\" rel=\"noopener noreferrer\">original<\/a>) par VECTranslation.<\/p>\n<p><a href=\"https:\/\/charleroi-pourlapalestine.be\/index.php\/tag\/nada-elia\/page\/2\/\" target=\"_blank\" rel=\"noopener noreferrer\"><strong>Nada Elia<\/strong><\/a> est une \u00e9crivaine et commentatrice politique issue de la diaspora palestinienne. Elle travaille actuellement sur son deuxi\u00e8me livre, <em><strong>Who You Callin\u2019 \u00ab&nbsp;Demographic Threat&nbsp;\u00bb&nbsp;?<\/strong><\/em> Notes from the Global Intifada. Professeur (retrait\u00e9e) d\u2019\u00e9tudes sur le genre et la mondialisation, elle est membre du collectif de pilotage de la Campagne am\u00e9ricaine pour le boycott universitaire et culturel d\u2019Isra\u00ebl (USACBI).<\/p>\n<\/div>\n<\/div>\n","protected":false},"excerpt":{"rendered":"<p>La \u201cCampagne am\u00e9ricaine pour mettre fin \u00e0 l\u2019occupation isra\u00e9lienne\u201d a chang\u00e9 son nom, devenant la \u201cCampagne am\u00e9ricaine pour les droits des Palestiniens\u201d.<\/p>\n","protected":false},"author":1,"featured_media":17498,"comment_status":"closed","ping_status":"closed","sticky":false,"template":"","format":"standard","meta":{"ngg_post_thumbnail":0,"footnotes":""},"categories":[140,47,38],"tags":[],"class_list":["post-17496","post","type-post","status-publish","format-standard","has-post-thumbnail","hentry","category-letat-colonial","category-loccupation-militaire","category-le-sionisme"],"yoast_head":"<!-- This site is optimized with the Yoast SEO plugin v27.3 - https:\/\/yoast.com\/product\/yoast-seo-wordpress\/ -->\n<title>Le v\u00e9ritable probl\u00e8me est le sionisme, pas l\u2019occupation<\/title>\n<meta name=\"description\" content=\"La \u201cCampagne am\u00e9ricaine pour mettre fin \u00e0 l\u2019occupation isra\u00e9lienne\u201d a chang\u00e9 son nom, devenant la \u201cCampagne am\u00e9ricaine pour les droits des Palestiniens\u201d.\" \/>\n<meta name=\"robots\" content=\"index, follow, max-snippet:-1, max-image-preview:large, max-video-preview:-1\" \/>\n<link rel=\"canonical\" href=\"https:\/\/charleroi-pourlapalestine.be\/index.php\/2016\/10\/27\/le-veritable-probleme-est-le-sionisme-pas-l-occupation\/\" \/>\n<script type=\"application\/ld+json\" class=\"yoast-schema-graph\">{\"@context\":\"https:\\\/\\\/schema.org\",\"@graph\":[{\"@type\":\"Article\",\"@id\":\"https:\\\/\\\/charleroi-pourlapalestine.be\\\/index.php\\\/2016\\\/10\\\/27\\\/le-veritable-probleme-est-le-sionisme-pas-l-occupation\\\/#article\",\"isPartOf\":{\"@id\":\"https:\\\/\\\/charleroi-pourlapalestine.be\\\/index.php\\\/2016\\\/10\\\/27\\\/le-veritable-probleme-est-le-sionisme-pas-l-occupation\\\/\"},\"author\":{\"name\":\"admin1873\",\"@id\":\"https:\\\/\\\/charleroi-pourlapalestine.be\\\/#\\\/schema\\\/person\\\/c19ff515112f1299d8c12671d8fe3faa\"},\"headline\":\"Le v\u00e9ritable probl\u00e8me est le sionisme, pas l\u2019occupation\",\"datePublished\":\"2016-10-27T14:26:00+00:00\",\"dateModified\":\"2020-09-28T14:47:14+00:00\",\"mainEntityOfPage\":{\"@id\":\"https:\\\/\\\/charleroi-pourlapalestine.be\\\/index.php\\\/2016\\\/10\\\/27\\\/le-veritable-probleme-est-le-sionisme-pas-l-occupation\\\/\"},\"wordCount\":1933,\"publisher\":{\"@id\":\"https:\\\/\\\/charleroi-pourlapalestine.be\\\/#organization\"},\"image\":{\"@id\":\"https:\\\/\\\/charleroi-pourlapalestine.be\\\/index.php\\\/2016\\\/10\\\/27\\\/le-veritable-probleme-est-le-sionisme-pas-l-occupation\\\/#primaryimage\"},\"thumbnailUrl\":\"https:\\\/\\\/charleroi-pourlapalestine.be\\\/wp-content\\\/uploads\\\/2020\\\/09\\\/AntiOccupationProtest.TelAviv.25Oct2016.AFP__0-e1601303363186.jpg\",\"articleSection\":[\"L'Etat colonial\",\"Occupation\",\"Sionisme\"],\"inLanguage\":\"fr-FR\"},{\"@type\":\"WebPage\",\"@id\":\"https:\\\/\\\/charleroi-pourlapalestine.be\\\/index.php\\\/2016\\\/10\\\/27\\\/le-veritable-probleme-est-le-sionisme-pas-l-occupation\\\/\",\"url\":\"https:\\\/\\\/charleroi-pourlapalestine.be\\\/index.php\\\/2016\\\/10\\\/27\\\/le-veritable-probleme-est-le-sionisme-pas-l-occupation\\\/\",\"name\":\"Le v\u00e9ritable probl\u00e8me est le sionisme, pas l\u2019occupation\",\"isPartOf\":{\"@id\":\"https:\\\/\\\/charleroi-pourlapalestine.be\\\/#website\"},\"primaryImageOfPage\":{\"@id\":\"https:\\\/\\\/charleroi-pourlapalestine.be\\\/index.php\\\/2016\\\/10\\\/27\\\/le-veritable-probleme-est-le-sionisme-pas-l-occupation\\\/#primaryimage\"},\"image\":{\"@id\":\"https:\\\/\\\/charleroi-pourlapalestine.be\\\/index.php\\\/2016\\\/10\\\/27\\\/le-veritable-probleme-est-le-sionisme-pas-l-occupation\\\/#primaryimage\"},\"thumbnailUrl\":\"https:\\\/\\\/charleroi-pourlapalestine.be\\\/wp-content\\\/uploads\\\/2020\\\/09\\\/AntiOccupationProtest.TelAviv.25Oct2016.AFP__0-e1601303363186.jpg\",\"datePublished\":\"2016-10-27T14:26:00+00:00\",\"dateModified\":\"2020-09-28T14:47:14+00:00\",\"description\":\"La \u201cCampagne am\u00e9ricaine pour mettre fin \u00e0 l\u2019occupation isra\u00e9lienne\u201d a chang\u00e9 son nom, devenant la \u201cCampagne am\u00e9ricaine pour les droits des Palestiniens\u201d.\",\"breadcrumb\":{\"@id\":\"https:\\\/\\\/charleroi-pourlapalestine.be\\\/index.php\\\/2016\\\/10\\\/27\\\/le-veritable-probleme-est-le-sionisme-pas-l-occupation\\\/#breadcrumb\"},\"inLanguage\":\"fr-FR\",\"potentialAction\":[{\"@type\":\"ReadAction\",\"target\":[\"https:\\\/\\\/charleroi-pourlapalestine.be\\\/index.php\\\/2016\\\/10\\\/27\\\/le-veritable-probleme-est-le-sionisme-pas-l-occupation\\\/\"]}]},{\"@type\":\"ImageObject\",\"inLanguage\":\"fr-FR\",\"@id\":\"https:\\\/\\\/charleroi-pourlapalestine.be\\\/index.php\\\/2016\\\/10\\\/27\\\/le-veritable-probleme-est-le-sionisme-pas-l-occupation\\\/#primaryimage\",\"url\":\"https:\\\/\\\/charleroi-pourlapalestine.be\\\/wp-content\\\/uploads\\\/2020\\\/09\\\/AntiOccupationProtest.TelAviv.25Oct2016.AFP__0-e1601303363186.jpg\",\"contentUrl\":\"https:\\\/\\\/charleroi-pourlapalestine.be\\\/wp-content\\\/uploads\\\/2020\\\/09\\\/AntiOccupationProtest.TelAviv.25Oct2016.AFP__0-e1601303363186.jpg\",\"width\":480,\"height\":320,\"caption\":\"Israeli left-wing activists take part in a 'Peace Now' march calling on Israelis to choose ''another way'' at the Rabin Square in the city of Tel Aviv, on December 19, 2015. \\\/ AFP PHOTO \\\/ JACK GUEZ\"},{\"@type\":\"BreadcrumbList\",\"@id\":\"https:\\\/\\\/charleroi-pourlapalestine.be\\\/index.php\\\/2016\\\/10\\\/27\\\/le-veritable-probleme-est-le-sionisme-pas-l-occupation\\\/#breadcrumb\",\"itemListElement\":[{\"@type\":\"ListItem\",\"position\":1,\"name\":\"Accueil\",\"item\":\"https:\\\/\\\/charleroi-pourlapalestine.be\\\/\"},{\"@type\":\"ListItem\",\"position\":2,\"name\":\"Le v\u00e9ritable probl\u00e8me est le sionisme, pas l\u2019occupation\"}]},{\"@type\":\"WebSite\",\"@id\":\"https:\\\/\\\/charleroi-pourlapalestine.be\\\/#website\",\"url\":\"https:\\\/\\\/charleroi-pourlapalestine.be\\\/\",\"name\":\"Charleroi Pour la Palestine\",\"description\":\"\",\"publisher\":{\"@id\":\"https:\\\/\\\/charleroi-pourlapalestine.be\\\/#organization\"},\"potentialAction\":[{\"@type\":\"SearchAction\",\"target\":{\"@type\":\"EntryPoint\",\"urlTemplate\":\"https:\\\/\\\/charleroi-pourlapalestine.be\\\/?s={search_term_string}\"},\"query-input\":{\"@type\":\"PropertyValueSpecification\",\"valueRequired\":true,\"valueName\":\"search_term_string\"}}],\"inLanguage\":\"fr-FR\"},{\"@type\":\"Organization\",\"@id\":\"https:\\\/\\\/charleroi-pourlapalestine.be\\\/#organization\",\"name\":\"Plate-forme Charleroi-Palestine\",\"url\":\"https:\\\/\\\/charleroi-pourlapalestine.be\\\/\",\"logo\":{\"@type\":\"ImageObject\",\"inLanguage\":\"fr-FR\",\"@id\":\"https:\\\/\\\/charleroi-pourlapalestine.be\\\/#\\\/schema\\\/logo\\\/image\\\/\",\"url\":\"https:\\\/\\\/charleroi-pourlapalestine.be\\\/wp-content\\\/uploads\\\/2020\\\/01\\\/logo-Copy.jpg\",\"contentUrl\":\"https:\\\/\\\/charleroi-pourlapalestine.be\\\/wp-content\\\/uploads\\\/2020\\\/01\\\/logo-Copy.jpg\",\"width\":180,\"height\":180,\"caption\":\"Plate-forme Charleroi-Palestine\"},\"image\":{\"@id\":\"https:\\\/\\\/charleroi-pourlapalestine.be\\\/#\\\/schema\\\/logo\\\/image\\\/\"},\"sameAs\":[\"https:\\\/\\\/www.facebook.com\\\/PlateformeCharleroiPalestine\\\/\",\"https:\\\/\\\/x.com\\\/LaCharleroi\"]},{\"@type\":\"Person\",\"@id\":\"https:\\\/\\\/charleroi-pourlapalestine.be\\\/#\\\/schema\\\/person\\\/c19ff515112f1299d8c12671d8fe3faa\",\"name\":\"admin1873\",\"url\":\"https:\\\/\\\/charleroi-pourlapalestine.be\\\/index.php\\\/author\\\/admin1873\\\/\"}]}<\/script>\n<!-- \/ Yoast SEO plugin. -->","yoast_head_json":{"title":"Le v\u00e9ritable probl\u00e8me est le sionisme, pas l\u2019occupation","description":"La \u201cCampagne am\u00e9ricaine pour mettre fin \u00e0 l\u2019occupation isra\u00e9lienne\u201d a chang\u00e9 son nom, devenant la \u201cCampagne am\u00e9ricaine pour les droits des Palestiniens\u201d.","robots":{"index":"index","follow":"follow","max-snippet":"max-snippet:-1","max-image-preview":"max-image-preview:large","max-video-preview":"max-video-preview:-1"},"canonical":"https:\/\/charleroi-pourlapalestine.be\/index.php\/2016\/10\/27\/le-veritable-probleme-est-le-sionisme-pas-l-occupation\/","schema":{"@context":"https:\/\/schema.org","@graph":[{"@type":"Article","@id":"https:\/\/charleroi-pourlapalestine.be\/index.php\/2016\/10\/27\/le-veritable-probleme-est-le-sionisme-pas-l-occupation\/#article","isPartOf":{"@id":"https:\/\/charleroi-pourlapalestine.be\/index.php\/2016\/10\/27\/le-veritable-probleme-est-le-sionisme-pas-l-occupation\/"},"author":{"name":"admin1873","@id":"https:\/\/charleroi-pourlapalestine.be\/#\/schema\/person\/c19ff515112f1299d8c12671d8fe3faa"},"headline":"Le v\u00e9ritable probl\u00e8me est le sionisme, pas l\u2019occupation","datePublished":"2016-10-27T14:26:00+00:00","dateModified":"2020-09-28T14:47:14+00:00","mainEntityOfPage":{"@id":"https:\/\/charleroi-pourlapalestine.be\/index.php\/2016\/10\/27\/le-veritable-probleme-est-le-sionisme-pas-l-occupation\/"},"wordCount":1933,"publisher":{"@id":"https:\/\/charleroi-pourlapalestine.be\/#organization"},"image":{"@id":"https:\/\/charleroi-pourlapalestine.be\/index.php\/2016\/10\/27\/le-veritable-probleme-est-le-sionisme-pas-l-occupation\/#primaryimage"},"thumbnailUrl":"https:\/\/charleroi-pourlapalestine.be\/wp-content\/uploads\/2020\/09\/AntiOccupationProtest.TelAviv.25Oct2016.AFP__0-e1601303363186.jpg","articleSection":["L'Etat colonial","Occupation","Sionisme"],"inLanguage":"fr-FR"},{"@type":"WebPage","@id":"https:\/\/charleroi-pourlapalestine.be\/index.php\/2016\/10\/27\/le-veritable-probleme-est-le-sionisme-pas-l-occupation\/","url":"https:\/\/charleroi-pourlapalestine.be\/index.php\/2016\/10\/27\/le-veritable-probleme-est-le-sionisme-pas-l-occupation\/","name":"Le v\u00e9ritable probl\u00e8me est le sionisme, pas l\u2019occupation","isPartOf":{"@id":"https:\/\/charleroi-pourlapalestine.be\/#website"},"primaryImageOfPage":{"@id":"https:\/\/charleroi-pourlapalestine.be\/index.php\/2016\/10\/27\/le-veritable-probleme-est-le-sionisme-pas-l-occupation\/#primaryimage"},"image":{"@id":"https:\/\/charleroi-pourlapalestine.be\/index.php\/2016\/10\/27\/le-veritable-probleme-est-le-sionisme-pas-l-occupation\/#primaryimage"},"thumbnailUrl":"https:\/\/charleroi-pourlapalestine.be\/wp-content\/uploads\/2020\/09\/AntiOccupationProtest.TelAviv.25Oct2016.AFP__0-e1601303363186.jpg","datePublished":"2016-10-27T14:26:00+00:00","dateModified":"2020-09-28T14:47:14+00:00","description":"La \u201cCampagne am\u00e9ricaine pour mettre fin \u00e0 l\u2019occupation isra\u00e9lienne\u201d a chang\u00e9 son nom, devenant la \u201cCampagne am\u00e9ricaine pour les droits des Palestiniens\u201d.","breadcrumb":{"@id":"https:\/\/charleroi-pourlapalestine.be\/index.php\/2016\/10\/27\/le-veritable-probleme-est-le-sionisme-pas-l-occupation\/#breadcrumb"},"inLanguage":"fr-FR","potentialAction":[{"@type":"ReadAction","target":["https:\/\/charleroi-pourlapalestine.be\/index.php\/2016\/10\/27\/le-veritable-probleme-est-le-sionisme-pas-l-occupation\/"]}]},{"@type":"ImageObject","inLanguage":"fr-FR","@id":"https:\/\/charleroi-pourlapalestine.be\/index.php\/2016\/10\/27\/le-veritable-probleme-est-le-sionisme-pas-l-occupation\/#primaryimage","url":"https:\/\/charleroi-pourlapalestine.be\/wp-content\/uploads\/2020\/09\/AntiOccupationProtest.TelAviv.25Oct2016.AFP__0-e1601303363186.jpg","contentUrl":"https:\/\/charleroi-pourlapalestine.be\/wp-content\/uploads\/2020\/09\/AntiOccupationProtest.TelAviv.25Oct2016.AFP__0-e1601303363186.jpg","width":480,"height":320,"caption":"Israeli left-wing activists take part in a 'Peace Now' march calling on Israelis to choose ''another way'' at the Rabin Square in the city of Tel Aviv, on December 19, 2015. \/ AFP PHOTO \/ JACK GUEZ"},{"@type":"BreadcrumbList","@id":"https:\/\/charleroi-pourlapalestine.be\/index.php\/2016\/10\/27\/le-veritable-probleme-est-le-sionisme-pas-l-occupation\/#breadcrumb","itemListElement":[{"@type":"ListItem","position":1,"name":"Accueil","item":"https:\/\/charleroi-pourlapalestine.be\/"},{"@type":"ListItem","position":2,"name":"Le v\u00e9ritable probl\u00e8me est le sionisme, pas l\u2019occupation"}]},{"@type":"WebSite","@id":"https:\/\/charleroi-pourlapalestine.be\/#website","url":"https:\/\/charleroi-pourlapalestine.be\/","name":"Charleroi Pour la Palestine","description":"","publisher":{"@id":"https:\/\/charleroi-pourlapalestine.be\/#organization"},"potentialAction":[{"@type":"SearchAction","target":{"@type":"EntryPoint","urlTemplate":"https:\/\/charleroi-pourlapalestine.be\/?s={search_term_string}"},"query-input":{"@type":"PropertyValueSpecification","valueRequired":true,"valueName":"search_term_string"}}],"inLanguage":"fr-FR"},{"@type":"Organization","@id":"https:\/\/charleroi-pourlapalestine.be\/#organization","name":"Plate-forme Charleroi-Palestine","url":"https:\/\/charleroi-pourlapalestine.be\/","logo":{"@type":"ImageObject","inLanguage":"fr-FR","@id":"https:\/\/charleroi-pourlapalestine.be\/#\/schema\/logo\/image\/","url":"https:\/\/charleroi-pourlapalestine.be\/wp-content\/uploads\/2020\/01\/logo-Copy.jpg","contentUrl":"https:\/\/charleroi-pourlapalestine.be\/wp-content\/uploads\/2020\/01\/logo-Copy.jpg","width":180,"height":180,"caption":"Plate-forme Charleroi-Palestine"},"image":{"@id":"https:\/\/charleroi-pourlapalestine.be\/#\/schema\/logo\/image\/"},"sameAs":["https:\/\/www.facebook.com\/PlateformeCharleroiPalestine\/","https:\/\/x.com\/LaCharleroi"]},{"@type":"Person","@id":"https:\/\/charleroi-pourlapalestine.be\/#\/schema\/person\/c19ff515112f1299d8c12671d8fe3faa","name":"admin1873","url":"https:\/\/charleroi-pourlapalestine.be\/index.php\/author\/admin1873\/"}]}},"_links":{"self":[{"href":"https:\/\/charleroi-pourlapalestine.be\/index.php\/wp-json\/wp\/v2\/posts\/17496","targetHints":{"allow":["GET"]}}],"collection":[{"href":"https:\/\/charleroi-pourlapalestine.be\/index.php\/wp-json\/wp\/v2\/posts"}],"about":[{"href":"https:\/\/charleroi-pourlapalestine.be\/index.php\/wp-json\/wp\/v2\/types\/post"}],"author":[{"embeddable":true,"href":"https:\/\/charleroi-pourlapalestine.be\/index.php\/wp-json\/wp\/v2\/users\/1"}],"replies":[{"embeddable":true,"href":"https:\/\/charleroi-pourlapalestine.be\/index.php\/wp-json\/wp\/v2\/comments?post=17496"}],"version-history":[{"count":0,"href":"https:\/\/charleroi-pourlapalestine.be\/index.php\/wp-json\/wp\/v2\/posts\/17496\/revisions"}],"wp:featuredmedia":[{"embeddable":true,"href":"https:\/\/charleroi-pourlapalestine.be\/index.php\/wp-json\/wp\/v2\/media\/17498"}],"wp:attachment":[{"href":"https:\/\/charleroi-pourlapalestine.be\/index.php\/wp-json\/wp\/v2\/media?parent=17496"}],"wp:term":[{"taxonomy":"category","embeddable":true,"href":"https:\/\/charleroi-pourlapalestine.be\/index.php\/wp-json\/wp\/v2\/categories?post=17496"},{"taxonomy":"post_tag","embeddable":true,"href":"https:\/\/charleroi-pourlapalestine.be\/index.php\/wp-json\/wp\/v2\/tags?post=17496"}],"curies":[{"name":"wp","href":"https:\/\/api.w.org\/{rel}","templated":true}]}}