{"id":17564,"date":"2017-10-10T11:44:00","date_gmt":"2017-10-10T09:44:00","guid":{"rendered":"https:\/\/charleroi-pourlapalestine.be\/?p=17564"},"modified":"2025-03-13T11:39:38","modified_gmt":"2025-03-13T10:39:38","slug":"dalal-al-mughrabi-une-combattante-pour-la-liberte-de-son-peuple","status":"publish","type":"post","link":"https:\/\/charleroi-pourlapalestine.be\/index.php\/2017\/10\/10\/dalal-al-mughrabi-une-combattante-pour-la-liberte-de-son-peuple\/","title":{"rendered":"Dalal al-Mughrabi : Une combattante pour la libert\u00e9 de son peuple."},"content":{"rendered":"<header class=\"entry-header mh-clearfix\">\n<p class=\"entry-title\"><em><strong>Dalal al-Mughrabi <\/strong>est une combattante palestinienne devenue une l\u00e9gende depuis de nombreuses ann\u00e9es. Elle dirigeait un groupe de 12 combattants dans l\u2019une des attaques les plus comment\u00e9es qui furent jamais men\u00e9es contre les forces isra\u00e9liennes<\/em><\/p>\n<p><img loading=\"lazy\" decoding=\"async\" class=\"aligncenter wp-image-83077 size-full\" src=\"https:\/\/charleroi-pourlapalestine.be\/wp-content\/uploads\/2017\/10\/Dalal-al-Maghrebi.png\" alt=\"\" width=\"486\" height=\"501\" srcset=\"https:\/\/charleroi-pourlapalestine.be\/wp-content\/uploads\/2017\/10\/Dalal-al-Maghrebi.png 486w, https:\/\/charleroi-pourlapalestine.be\/wp-content\/uploads\/2017\/10\/Dalal-al-Maghrebi-243x250.png 243w\" sizes=\"auto, (max-width: 486px) 100vw, 486px\" \/><\/p>\n<p class=\"mh-meta entry-meta\">\n<\/header>\n<div class=\"entry-content mh-clearfix\">\n<figure class=\"entry-thumbnail\"><\/figure>\n<div class=\"pf-content\">\n<p>Le gouvernement belge a encore fait fort aujourd\u2019hui : il a suspendu son aide \u00e0 une \u00e9cole palestinienne \u00e0<strong> Beit Awwa<\/strong> en <strong>Cisjordanie occup\u00e9e<\/strong>. Pourquoi ? Parce que l\u2019\u00e9cole a \u00e9t\u00e9 rebaptis\u00e9e d\u2019apr\u00e8s le nom d\u2019une <em>\u00ab\u00a0terroriste\u00a0\u00bb,<\/em> entend-on aux cabinets des minist\u00e8res des <strong>Affaires \u00e9trang\u00e8res<\/strong> et de la <strong>Coop\u00e9ration au d\u00e9veloppement<\/strong>. Faut dire qu\u2019ils font beaucoup moins de bruit quand les projets qu\u2019ils soutiennent sont d\u00e9truits par l\u2019arm\u00e9e isra\u00e9lienne.<\/p>\n<h3>Mais qui \u00e9tait en fait Dalal al-Mughrabi ?<\/h3>\n<p lang=\"fr-BE\"><strong>Dalal al-Mughrabi <\/strong>est une combattante palestinienne devenue une l\u00e9gende depuis de nombreuses ann\u00e9es. Elle dirigeait un groupe de 12 combattants dans l\u2019une des attaques les plus comment\u00e9es qui furent jamais men\u00e9es contre les forces isra\u00e9liennes, voici 39 ans.<\/p>\n<p lang=\"fr-BE\">Le 11 mars 1978, <strong>Dalal<\/strong> et son groupe de combattants parvenaient \u00e0 s\u2019infiltrer de l\u2019autre c\u00f4t\u00e9 de la fronti\u00e8re libano-isra\u00e9lienne, en direction de la plaine c\u00f4ti\u00e8re \u00e0 proximit\u00e9 de<strong> Tel-Aviv<\/strong>, en utilisant des dinghys (petites embarcations gonflables). Elle et ses camarades avaient d\u00e9truit leurs bateaux au moment o\u00f9 ils avaient atteint la c\u00f4te. Le voyage \u00e9tait pr\u00e9vu sans retour, puisqu\u2019ils rentraient chez eux dans l\u2019intention d\u2019y rester. Ils s\u2019\u00e9taient empar\u00e9s de force d\u2019un <strong>autobus militaire isra\u00e9lien<\/strong> et avaient pris ses passagers \u2013 <strong>trois douzaines de soldats environ<\/strong> \u2013 en otages apr\u00e8s avoir conduit le v\u00e9hicule le long de l\u2019autoroute c\u00f4ti\u00e8re menant \u00e0 la colonie de <strong>Herzliya<\/strong>, o\u00f9 un combat de neuf heures avait eu lieu entre eux et les forces isra\u00e9liennes. Tous les membres du groupe avaient \u00e9t\u00e9 tu\u00e9s, au cours de cet affrontement, que la majorit\u00e9 des soldats isra\u00e9liens d\u00e9tenus en otages dans l\u2019autobus.<\/p>\n<p lang=\"fr-BE\"><strong>Dalal al-Mughrabi<\/strong>, une femme de 20 ans qui n\u2019avait encore jamais vu sa patrie avant l\u2019heure de sa mort, \u00e9tait n\u00e9e en 1958 au camp de r\u00e9fugi\u00e9s de <strong>Sabra<\/strong>, au<strong> Liban.<\/strong> Apr\u00e8s sa mort, sa m\u00e8re avait d\u00e9clar\u00e9 qu\u2019elle pr\u00e9f\u00e9rait que le corps de sa fille f\u00fbt inhum\u00e9 en <strong>Palestine.<\/strong><\/p>\n<p lang=\"fr-BE\"><strong>Dalal<\/strong> est toujours per\u00e7ue par les <strong>Palestiniens<\/strong> et les <strong>Arabes<\/strong> comme une h\u00e9ro\u00efne et une combattante exceptionnelle. Dans un message envoy\u00e9 peu de temps avant sa mort,<strong> Dalal<\/strong> avait demand\u00e9 aux factions palestiniennes de pointer leurs armes sur leur ennemi \u2013<strong> Isra\u00ebl,<\/strong> et de ne pas s\u2019impliquer dans des querelles internes. Elle allait inspirer des milliers de jeunes femmes palestiniennes et libanaises qui allaient suivre ses traces par la suite.<\/p>\n<p><span lang=\"fr-BE\">Selon sa m\u00e8re, qui avait pris la parole sur une cha\u00eene de TV arabe\u00a0: <\/span><span lang=\"fr-BE\"><i>\u00ab\u00a0<strong>Dalal<\/strong> ne sera jamais oubli\u00e9e, du fait qu\u2019elle restera un admirable symbole de la lutte des femmes palestiniennes et un exemple demandant \u00e0 \u00eatre imit\u00e9 par les jeunes hommes et femmes palestiniens qui poursuivront la lutte arm\u00e9e jusqu\u2019\u00e0 la lib\u00e9ration de la <strong>Palestine<\/strong>.\u00a0\u00bb<\/i>\u00a0 MDL.<i><br \/>\n<\/i><\/span><\/p>\n<hr \/>\n<p>D\u2019apr\u00e8s l\u2019article <em>Remembering Dalal al-Mughrabi, symbol of the struggle for liberation (Palestine)<\/em>, publi\u00e9 sur <a href=\"https:\/\/325.nostate.net\/2011\/03\/14\/remembering-dalal-al-mughrabi-symbol-of-the-struggle-for-liberation-palestine\/\" target=\"_blank\" rel=\"noopener noreferrer\">325<\/a><br \/>\nTraduction : Jean-Marie Fl\u00e9mal<\/p>\n<\/div>\n<\/div>\n","protected":false},"excerpt":{"rendered":"<p>Dalal al-Mughrabi est une combattante palestinienne devenue une l\u00e9gende depuis de nombreuses ann\u00e9es.<\/p>\n","protected":false},"author":1,"featured_media":83077,"comment_status":"closed","ping_status":"closed","sticky":false,"template":"","format":"standard","meta":{"ngg_post_thumbnail":0,"footnotes":""},"categories":[64,191,192,25],"tags":[],"class_list":["post-17564","post","type-post","status-publish","format-standard","has-post-thumbnail","hentry","category-la-belgique","category-liban","category-palestine","category-la-resistance-palestinienne"],"yoast_head":"<!-- This site is optimized with the Yoast SEO plugin v27.3 - https:\/\/yoast.com\/product\/yoast-seo-wordpress\/ -->\n<title>Dalal al-Mughrabi : Une combattante pour la libert\u00e9 de son peuple.<\/title>\n<meta name=\"description\" content=\"Dalal al-Mughrabi est une combattante palestinienne devenue une l\u00e9gende depuis de nombreuses ann\u00e9es.\" \/>\n<meta name=\"robots\" content=\"index, follow, max-snippet:-1, max-image-preview:large, max-video-preview:-1\" \/>\n<link rel=\"canonical\" href=\"https:\/\/charleroi-pourlapalestine.be\/index.php\/2017\/10\/10\/dalal-al-mughrabi-une-combattante-pour-la-liberte-de-son-peuple\/\" \/>\n<script type=\"application\/ld+json\" class=\"yoast-schema-graph\">{\"@context\":\"https:\\\/\\\/schema.org\",\"@graph\":[{\"@type\":\"Article\",\"@id\":\"https:\\\/\\\/charleroi-pourlapalestine.be\\\/index.php\\\/2017\\\/10\\\/10\\\/dalal-al-mughrabi-une-combattante-pour-la-liberte-de-son-peuple\\\/#article\",\"isPartOf\":{\"@id\":\"https:\\\/\\\/charleroi-pourlapalestine.be\\\/index.php\\\/2017\\\/10\\\/10\\\/dalal-al-mughrabi-une-combattante-pour-la-liberte-de-son-peuple\\\/\"},\"author\":{\"name\":\"admin1873\",\"@id\":\"https:\\\/\\\/charleroi-pourlapalestine.be\\\/#\\\/schema\\\/person\\\/c19ff515112f1299d8c12671d8fe3faa\"},\"headline\":\"Dalal al-Mughrabi : Une combattante pour la libert\u00e9 de son peuple.\",\"datePublished\":\"2017-10-10T09:44:00+00:00\",\"dateModified\":\"2025-03-13T10:39:38+00:00\",\"mainEntityOfPage\":{\"@id\":\"https:\\\/\\\/charleroi-pourlapalestine.be\\\/index.php\\\/2017\\\/10\\\/10\\\/dalal-al-mughrabi-une-combattante-pour-la-liberte-de-son-peuple\\\/\"},\"wordCount\":564,\"publisher\":{\"@id\":\"https:\\\/\\\/charleroi-pourlapalestine.be\\\/#organization\"},\"image\":{\"@id\":\"https:\\\/\\\/charleroi-pourlapalestine.be\\\/index.php\\\/2017\\\/10\\\/10\\\/dalal-al-mughrabi-une-combattante-pour-la-liberte-de-son-peuple\\\/#primaryimage\"},\"thumbnailUrl\":\"https:\\\/\\\/charleroi-pourlapalestine.be\\\/wp-content\\\/uploads\\\/2017\\\/10\\\/Dalal-al-Maghrebi.png\",\"articleSection\":[\"Belgique\",\"Liban\",\"Palestine\",\"R\u00e9sistance\"],\"inLanguage\":\"fr-FR\"},{\"@type\":\"WebPage\",\"@id\":\"https:\\\/\\\/charleroi-pourlapalestine.be\\\/index.php\\\/2017\\\/10\\\/10\\\/dalal-al-mughrabi-une-combattante-pour-la-liberte-de-son-peuple\\\/\",\"url\":\"https:\\\/\\\/charleroi-pourlapalestine.be\\\/index.php\\\/2017\\\/10\\\/10\\\/dalal-al-mughrabi-une-combattante-pour-la-liberte-de-son-peuple\\\/\",\"name\":\"Dalal al-Mughrabi : Une combattante pour la libert\u00e9 de son peuple.\",\"isPartOf\":{\"@id\":\"https:\\\/\\\/charleroi-pourlapalestine.be\\\/#website\"},\"primaryImageOfPage\":{\"@id\":\"https:\\\/\\\/charleroi-pourlapalestine.be\\\/index.php\\\/2017\\\/10\\\/10\\\/dalal-al-mughrabi-une-combattante-pour-la-liberte-de-son-peuple\\\/#primaryimage\"},\"image\":{\"@id\":\"https:\\\/\\\/charleroi-pourlapalestine.be\\\/index.php\\\/2017\\\/10\\\/10\\\/dalal-al-mughrabi-une-combattante-pour-la-liberte-de-son-peuple\\\/#primaryimage\"},\"thumbnailUrl\":\"https:\\\/\\\/charleroi-pourlapalestine.be\\\/wp-content\\\/uploads\\\/2017\\\/10\\\/Dalal-al-Maghrebi.png\",\"datePublished\":\"2017-10-10T09:44:00+00:00\",\"dateModified\":\"2025-03-13T10:39:38+00:00\",\"description\":\"Dalal al-Mughrabi est une combattante palestinienne devenue une l\u00e9gende depuis de nombreuses ann\u00e9es.\",\"breadcrumb\":{\"@id\":\"https:\\\/\\\/charleroi-pourlapalestine.be\\\/index.php\\\/2017\\\/10\\\/10\\\/dalal-al-mughrabi-une-combattante-pour-la-liberte-de-son-peuple\\\/#breadcrumb\"},\"inLanguage\":\"fr-FR\",\"potentialAction\":[{\"@type\":\"ReadAction\",\"target\":[\"https:\\\/\\\/charleroi-pourlapalestine.be\\\/index.php\\\/2017\\\/10\\\/10\\\/dalal-al-mughrabi-une-combattante-pour-la-liberte-de-son-peuple\\\/\"]}]},{\"@type\":\"ImageObject\",\"inLanguage\":\"fr-FR\",\"@id\":\"https:\\\/\\\/charleroi-pourlapalestine.be\\\/index.php\\\/2017\\\/10\\\/10\\\/dalal-al-mughrabi-une-combattante-pour-la-liberte-de-son-peuple\\\/#primaryimage\",\"url\":\"https:\\\/\\\/charleroi-pourlapalestine.be\\\/wp-content\\\/uploads\\\/2017\\\/10\\\/Dalal-al-Maghrebi.png\",\"contentUrl\":\"https:\\\/\\\/charleroi-pourlapalestine.be\\\/wp-content\\\/uploads\\\/2017\\\/10\\\/Dalal-al-Maghrebi.png\",\"width\":486,\"height\":501},{\"@type\":\"BreadcrumbList\",\"@id\":\"https:\\\/\\\/charleroi-pourlapalestine.be\\\/index.php\\\/2017\\\/10\\\/10\\\/dalal-al-mughrabi-une-combattante-pour-la-liberte-de-son-peuple\\\/#breadcrumb\",\"itemListElement\":[{\"@type\":\"ListItem\",\"position\":1,\"name\":\"Accueil\",\"item\":\"https:\\\/\\\/charleroi-pourlapalestine.be\\\/\"},{\"@type\":\"ListItem\",\"position\":2,\"name\":\"Dalal al-Mughrabi : Une combattante pour la libert\u00e9 de son peuple.\"}]},{\"@type\":\"WebSite\",\"@id\":\"https:\\\/\\\/charleroi-pourlapalestine.be\\\/#website\",\"url\":\"https:\\\/\\\/charleroi-pourlapalestine.be\\\/\",\"name\":\"Charleroi Pour la Palestine\",\"description\":\"\",\"publisher\":{\"@id\":\"https:\\\/\\\/charleroi-pourlapalestine.be\\\/#organization\"},\"potentialAction\":[{\"@type\":\"SearchAction\",\"target\":{\"@type\":\"EntryPoint\",\"urlTemplate\":\"https:\\\/\\\/charleroi-pourlapalestine.be\\\/?s={search_term_string}\"},\"query-input\":{\"@type\":\"PropertyValueSpecification\",\"valueRequired\":true,\"valueName\":\"search_term_string\"}}],\"inLanguage\":\"fr-FR\"},{\"@type\":\"Organization\",\"@id\":\"https:\\\/\\\/charleroi-pourlapalestine.be\\\/#organization\",\"name\":\"Plate-forme Charleroi-Palestine\",\"url\":\"https:\\\/\\\/charleroi-pourlapalestine.be\\\/\",\"logo\":{\"@type\":\"ImageObject\",\"inLanguage\":\"fr-FR\",\"@id\":\"https:\\\/\\\/charleroi-pourlapalestine.be\\\/#\\\/schema\\\/logo\\\/image\\\/\",\"url\":\"https:\\\/\\\/charleroi-pourlapalestine.be\\\/wp-content\\\/uploads\\\/2020\\\/01\\\/logo-Copy.jpg\",\"contentUrl\":\"https:\\\/\\\/charleroi-pourlapalestine.be\\\/wp-content\\\/uploads\\\/2020\\\/01\\\/logo-Copy.jpg\",\"width\":180,\"height\":180,\"caption\":\"Plate-forme Charleroi-Palestine\"},\"image\":{\"@id\":\"https:\\\/\\\/charleroi-pourlapalestine.be\\\/#\\\/schema\\\/logo\\\/image\\\/\"},\"sameAs\":[\"https:\\\/\\\/www.facebook.com\\\/PlateformeCharleroiPalestine\\\/\",\"https:\\\/\\\/x.com\\\/LaCharleroi\"]},{\"@type\":\"Person\",\"@id\":\"https:\\\/\\\/charleroi-pourlapalestine.be\\\/#\\\/schema\\\/person\\\/c19ff515112f1299d8c12671d8fe3faa\",\"name\":\"admin1873\",\"url\":\"https:\\\/\\\/charleroi-pourlapalestine.be\\\/index.php\\\/author\\\/admin1873\\\/\"}]}<\/script>\n<!-- \/ Yoast SEO plugin. -->","yoast_head_json":{"title":"Dalal al-Mughrabi : Une combattante pour la libert\u00e9 de son peuple.","description":"Dalal al-Mughrabi est une combattante palestinienne devenue une l\u00e9gende depuis de nombreuses ann\u00e9es.","robots":{"index":"index","follow":"follow","max-snippet":"max-snippet:-1","max-image-preview":"max-image-preview:large","max-video-preview":"max-video-preview:-1"},"canonical":"https:\/\/charleroi-pourlapalestine.be\/index.php\/2017\/10\/10\/dalal-al-mughrabi-une-combattante-pour-la-liberte-de-son-peuple\/","schema":{"@context":"https:\/\/schema.org","@graph":[{"@type":"Article","@id":"https:\/\/charleroi-pourlapalestine.be\/index.php\/2017\/10\/10\/dalal-al-mughrabi-une-combattante-pour-la-liberte-de-son-peuple\/#article","isPartOf":{"@id":"https:\/\/charleroi-pourlapalestine.be\/index.php\/2017\/10\/10\/dalal-al-mughrabi-une-combattante-pour-la-liberte-de-son-peuple\/"},"author":{"name":"admin1873","@id":"https:\/\/charleroi-pourlapalestine.be\/#\/schema\/person\/c19ff515112f1299d8c12671d8fe3faa"},"headline":"Dalal al-Mughrabi : Une combattante pour la libert\u00e9 de son peuple.","datePublished":"2017-10-10T09:44:00+00:00","dateModified":"2025-03-13T10:39:38+00:00","mainEntityOfPage":{"@id":"https:\/\/charleroi-pourlapalestine.be\/index.php\/2017\/10\/10\/dalal-al-mughrabi-une-combattante-pour-la-liberte-de-son-peuple\/"},"wordCount":564,"publisher":{"@id":"https:\/\/charleroi-pourlapalestine.be\/#organization"},"image":{"@id":"https:\/\/charleroi-pourlapalestine.be\/index.php\/2017\/10\/10\/dalal-al-mughrabi-une-combattante-pour-la-liberte-de-son-peuple\/#primaryimage"},"thumbnailUrl":"https:\/\/charleroi-pourlapalestine.be\/wp-content\/uploads\/2017\/10\/Dalal-al-Maghrebi.png","articleSection":["Belgique","Liban","Palestine","R\u00e9sistance"],"inLanguage":"fr-FR"},{"@type":"WebPage","@id":"https:\/\/charleroi-pourlapalestine.be\/index.php\/2017\/10\/10\/dalal-al-mughrabi-une-combattante-pour-la-liberte-de-son-peuple\/","url":"https:\/\/charleroi-pourlapalestine.be\/index.php\/2017\/10\/10\/dalal-al-mughrabi-une-combattante-pour-la-liberte-de-son-peuple\/","name":"Dalal al-Mughrabi : Une combattante pour la libert\u00e9 de son peuple.","isPartOf":{"@id":"https:\/\/charleroi-pourlapalestine.be\/#website"},"primaryImageOfPage":{"@id":"https:\/\/charleroi-pourlapalestine.be\/index.php\/2017\/10\/10\/dalal-al-mughrabi-une-combattante-pour-la-liberte-de-son-peuple\/#primaryimage"},"image":{"@id":"https:\/\/charleroi-pourlapalestine.be\/index.php\/2017\/10\/10\/dalal-al-mughrabi-une-combattante-pour-la-liberte-de-son-peuple\/#primaryimage"},"thumbnailUrl":"https:\/\/charleroi-pourlapalestine.be\/wp-content\/uploads\/2017\/10\/Dalal-al-Maghrebi.png","datePublished":"2017-10-10T09:44:00+00:00","dateModified":"2025-03-13T10:39:38+00:00","description":"Dalal al-Mughrabi est une combattante palestinienne devenue une l\u00e9gende depuis de nombreuses ann\u00e9es.","breadcrumb":{"@id":"https:\/\/charleroi-pourlapalestine.be\/index.php\/2017\/10\/10\/dalal-al-mughrabi-une-combattante-pour-la-liberte-de-son-peuple\/#breadcrumb"},"inLanguage":"fr-FR","potentialAction":[{"@type":"ReadAction","target":["https:\/\/charleroi-pourlapalestine.be\/index.php\/2017\/10\/10\/dalal-al-mughrabi-une-combattante-pour-la-liberte-de-son-peuple\/"]}]},{"@type":"ImageObject","inLanguage":"fr-FR","@id":"https:\/\/charleroi-pourlapalestine.be\/index.php\/2017\/10\/10\/dalal-al-mughrabi-une-combattante-pour-la-liberte-de-son-peuple\/#primaryimage","url":"https:\/\/charleroi-pourlapalestine.be\/wp-content\/uploads\/2017\/10\/Dalal-al-Maghrebi.png","contentUrl":"https:\/\/charleroi-pourlapalestine.be\/wp-content\/uploads\/2017\/10\/Dalal-al-Maghrebi.png","width":486,"height":501},{"@type":"BreadcrumbList","@id":"https:\/\/charleroi-pourlapalestine.be\/index.php\/2017\/10\/10\/dalal-al-mughrabi-une-combattante-pour-la-liberte-de-son-peuple\/#breadcrumb","itemListElement":[{"@type":"ListItem","position":1,"name":"Accueil","item":"https:\/\/charleroi-pourlapalestine.be\/"},{"@type":"ListItem","position":2,"name":"Dalal al-Mughrabi : Une combattante pour la libert\u00e9 de son peuple."}]},{"@type":"WebSite","@id":"https:\/\/charleroi-pourlapalestine.be\/#website","url":"https:\/\/charleroi-pourlapalestine.be\/","name":"Charleroi Pour la Palestine","description":"","publisher":{"@id":"https:\/\/charleroi-pourlapalestine.be\/#organization"},"potentialAction":[{"@type":"SearchAction","target":{"@type":"EntryPoint","urlTemplate":"https:\/\/charleroi-pourlapalestine.be\/?s={search_term_string}"},"query-input":{"@type":"PropertyValueSpecification","valueRequired":true,"valueName":"search_term_string"}}],"inLanguage":"fr-FR"},{"@type":"Organization","@id":"https:\/\/charleroi-pourlapalestine.be\/#organization","name":"Plate-forme Charleroi-Palestine","url":"https:\/\/charleroi-pourlapalestine.be\/","logo":{"@type":"ImageObject","inLanguage":"fr-FR","@id":"https:\/\/charleroi-pourlapalestine.be\/#\/schema\/logo\/image\/","url":"https:\/\/charleroi-pourlapalestine.be\/wp-content\/uploads\/2020\/01\/logo-Copy.jpg","contentUrl":"https:\/\/charleroi-pourlapalestine.be\/wp-content\/uploads\/2020\/01\/logo-Copy.jpg","width":180,"height":180,"caption":"Plate-forme Charleroi-Palestine"},"image":{"@id":"https:\/\/charleroi-pourlapalestine.be\/#\/schema\/logo\/image\/"},"sameAs":["https:\/\/www.facebook.com\/PlateformeCharleroiPalestine\/","https:\/\/x.com\/LaCharleroi"]},{"@type":"Person","@id":"https:\/\/charleroi-pourlapalestine.be\/#\/schema\/person\/c19ff515112f1299d8c12671d8fe3faa","name":"admin1873","url":"https:\/\/charleroi-pourlapalestine.be\/index.php\/author\/admin1873\/"}]}},"_links":{"self":[{"href":"https:\/\/charleroi-pourlapalestine.be\/index.php\/wp-json\/wp\/v2\/posts\/17564","targetHints":{"allow":["GET"]}}],"collection":[{"href":"https:\/\/charleroi-pourlapalestine.be\/index.php\/wp-json\/wp\/v2\/posts"}],"about":[{"href":"https:\/\/charleroi-pourlapalestine.be\/index.php\/wp-json\/wp\/v2\/types\/post"}],"author":[{"embeddable":true,"href":"https:\/\/charleroi-pourlapalestine.be\/index.php\/wp-json\/wp\/v2\/users\/1"}],"replies":[{"embeddable":true,"href":"https:\/\/charleroi-pourlapalestine.be\/index.php\/wp-json\/wp\/v2\/comments?post=17564"}],"version-history":[{"count":0,"href":"https:\/\/charleroi-pourlapalestine.be\/index.php\/wp-json\/wp\/v2\/posts\/17564\/revisions"}],"wp:featuredmedia":[{"embeddable":true,"href":"https:\/\/charleroi-pourlapalestine.be\/index.php\/wp-json\/wp\/v2\/media\/83077"}],"wp:attachment":[{"href":"https:\/\/charleroi-pourlapalestine.be\/index.php\/wp-json\/wp\/v2\/media?parent=17564"}],"wp:term":[{"taxonomy":"category","embeddable":true,"href":"https:\/\/charleroi-pourlapalestine.be\/index.php\/wp-json\/wp\/v2\/categories?post=17564"},{"taxonomy":"post_tag","embeddable":true,"href":"https:\/\/charleroi-pourlapalestine.be\/index.php\/wp-json\/wp\/v2\/tags?post=17564"}],"curies":[{"name":"wp","href":"https:\/\/api.w.org\/{rel}","templated":true}]}}