{"id":17635,"date":"2016-11-18T09:53:00","date_gmt":"2016-11-18T08:53:00","guid":{"rendered":"https:\/\/charleroi-pourlapalestine.be\/?p=17635"},"modified":"2020-10-01T10:11:09","modified_gmt":"2020-10-01T08:11:09","slug":"ces-journalistes-occidentaux-qui-se-forgent-une-carriere-en-palestine","status":"publish","type":"post","link":"https:\/\/charleroi-pourlapalestine.be\/index.php\/2016\/11\/18\/ces-journalistes-occidentaux-qui-se-forgent-une-carriere-en-palestine\/","title":{"rendered":"Ces journalistes occidentaux qui se forgent une carri\u00e8re en Palestine"},"content":{"rendered":"<section><\/section>\n<section><\/section>\n<section class=\"page-main-content\">\n<div class=\"region region-content\">\n<div class=\"scrollmagic-pin-spacer\" data-scrollmagic-pin-spacer=\"\">\n<section id=\"block-meesocialshare\" class=\"block block-mee-social-share block-mee-social-share-block clearfix\">\n<div id=\"block-sharethis\" class=\"mee-social-share-block\">\n<div class=\"sharethis-wrapper\">&nbsp;<\/div>\n<\/div>\n<\/section>\n<\/div>\n<article class=\"opinion full article-type clearfix\" role=\"article\" data-history-node-id=\"58776\">\n<div class=\"field field-body clearfix\">\n<section>Les journalistes occidentaux se forgent une carri\u00e8re en Palestine, puis nous laissent dans la mis\u00e8re.<\/section>\n<section><\/section>\n<section><\/section>\n<section><\/section>\n<section><\/section>\n<section><\/section>\n<section class=\"page-main-content\"><a href=\"https:\/\/charleroi-pourlapalestine.be\/index.php\/tag\/mariam-barghouti\/page\/2\/\"><strong>Mariam Barghouti<\/strong><\/a>, 18 novembre 2016<\/p>\n<div class=\"author-field author-info author-picture\">\n<div>&nbsp;<\/div>\n<\/div>\n<div class=\"submitted-date\">&nbsp;<\/div>\n<div class=\"field field-field-subhead\">Depuis trop longtemps, nos voix sont trait\u00e9es comme des sources secondaires pour booster des carri\u00e8res au lieu de nous donner v\u00e9ritablement le pouvoir<\/div>\n<div class=\"field field-field-main-image\">&nbsp;<\/div>\n<div class=\"region region-content\">\n<div class=\"scrollmagic-pin-spacer\" data-scrollmagic-pin-spacer=\"\">\n<section id=\"block-meesocialshare\" class=\"block block-mee-social-share block-mee-social-share-block clearfix\">\n<div id=\"block-sharethis\" class=\"mee-social-share-block\">\n<div class=\"sharethis-wrapper\"><span class=\"st_sharethis_hcount\"><span class=\"stButton\"><span class=\"stArrow\"><span class=\"stButton_gradient stHBubble\"><span class=\"stBubble_hcount\">&nbsp;<\/span><\/span><\/span><\/span><\/span><img loading=\"lazy\" decoding=\"async\" class=\"aligncenter wp-image-17639 size-full\" src=\"https:\/\/charleroi-pourlapalestine.be\/wp-content\/uploads\/2016\/11\/Presse-e1601539304526.jpg\" alt=\"\" width=\"496\" height=\"320\"><\/div>\n<\/div>\n<\/section>\n<\/div>\n<\/div>\n<\/section>\n<p>Ces jours-ci, on voit beaucoup moins d\u2019internationaux dans les rues de Ramallah par rapport \u00e0 l&rsquo;afflux d&rsquo;\u00e9trangers \u2013 de journalistes \u2013 d\u2019octobre dernier, au moment de l&rsquo;escalade de la violence.<\/p>\n<p><em>\u00ab&nbsp;Nous ne sommes pas dignes d&rsquo;int\u00e9r\u00eat m\u00e9diatique ces jours-ci&nbsp;\u00bb<\/em>, ironise un ami. Nous \u00e9clatons tous deux d\u2019un rire cynique.<\/p>\n<p>Nos observations provoquent cependant une r\u00e9flexion plus vaste sur les journalistes internationaux. Apr\u00e8s avoir travaill\u00e9 avec eux pendant des ann\u00e9es, je pense que le fait que de nombreux auteurs amateurs visitant la Palestine aient b\u00e2ti leurs carri\u00e8res apr\u00e8s avoir couvert le milieu palestinien m\u00e9rite une critique n\u00e9cessaire.<\/p>\n<p>Je trouve que, en tant que Palestiniens, notre ressentiment envers ces journalistes est non seulement valide, mais aussi in\u00e9vitable dans une sph\u00e8re o\u00f9 nos voix sont inf\u00e9rioris\u00e9es et notre cause exploit\u00e9e par des individus cherchant \u00e0 atteindre leurs propres objectifs.<\/p>\n<p>Les opportunistes utilisant les efforts de groupes de r\u00e9sistance pour leur propre b\u00e9n\u00e9fice ne constituent pas un ph\u00e9nom\u00e8ne nouveau. Que ce soit pour la reconnaissance, le gain politique ou le profit, les voix des communaut\u00e9s marginalis\u00e9es qui d\u00e9fient l\u2019ordre \u00e9tabli invitent souvent l&rsquo;exploitation machiav\u00e9lique des opportunistes.<\/p>\n<p>En Palestine, cela est \u00e9vident dans le carri\u00e9risme des militants pro-palestiniens internationaux et, plus insidieusement, dans l&rsquo;opportunisme de ceux qui s\u2019essaient aux m\u00e9tiers de l&rsquo;analyse politique et du journalisme.<\/p>\n<h3><strong>Observations sur le terrain<\/strong><\/h3>\n<p>\u00c0 une \u00e9poque de diffusion majeure de la technologie et des m\u00e9dias de masse, les voix du Sud apparaissent plus brouill\u00e9es que jamais. En Palestine, nos voix sont souvent entendues uniquement lorsque nous souffrons ou lors de protestations violentes.<\/p>\n<p>Malgr\u00e9 la capacit\u00e9 des journalistes locaux \u00e0 produire des reportages nuanc\u00e9s, nous sommes r\u00e9duits \u00e0 des r\u00e9f\u00e9rences annot\u00e9es. Il m\u2019est arriv\u00e9 de constater que des reportages que j\u2019avais propos\u00e9s sur la r\u00e9gion avaient \u00e9t\u00e9 rejet\u00e9s mais qu\u2019exactement le m\u00eame sujet avait \u00e9t\u00e9 confi\u00e9 \u00e0 un journaliste international.<\/p>\n<p>Il semble que les r\u00e9dactions ne soient pas int\u00e9ress\u00e9es par notre voix professionnelle, invoquant souvent pour se justifier le motif grotesque de la promotion de l&rsquo;objectivit\u00e9.<\/p>\n<p>En retour, nos opinions sont soigneusement assorties dans des phrases choc et des citations d\u00e9contextualis\u00e9es qui servent aux journalistes internationaux pour confectionner leur perception de la r\u00e9gion. Au travers de leur couverture journalistique apparemment innocente de la question palestinienne, ils construisent \u00e9galement leur curriculum vitae en tant que reporters de conflit.<\/p>\n<p>Une fois, j\u2019ai rencontr\u00e9 en une seule semaine cinq diff\u00e9rents aspirants journalistes originaires des \u00c9tats-Unis et d\u2019Europe. Alors qu&rsquo;ils venaient tous d&rsquo;horizons divers et vari\u00e9s, ils semblaient partager une chose : la Palestine. Ce serait l\u00e0 leur premi\u00e8re tentative de couvrir vraiment l\u2019actualit\u00e9 internationale d&rsquo;un lieu qui continue de recueillir l&rsquo;attention du monde entier.&nbsp;<\/p>\n<p>Il est remarquable qu&rsquo;un nombre important de Palestiniens anglophones impliqu\u00e9s dans le domaine de la politique et de l&rsquo;activisme palestinien ait eu \u00e0 faire d\u2019une fa\u00e7on ou d\u2019une autre \u00e0 des journalistes internationaux. Nous avons servi de traducteurs, de fixeurs ou de r\u00e9dacteurs, nous avons accept\u00e9 d\u2019\u00eatre interview\u00e9s pour leurs reportages, et ce souvent sans qu\u2019on nous en reconnaisse le moindre m\u00e9rite.<\/p>\n<p>Nous, Palestiniens, avons utilis\u00e9 notre cr\u00e9dibilit\u00e9 aupr\u00e8s des communaut\u00e9s locales pour nous porter garants du travail d\u2019auteurs, d\u2019analystes et de journalistes.<\/p>\n<p>En raison de cette \u00e9troite proximit\u00e9, au fil des ans, notre d\u00e9senchantement vis-\u00e0-vis de ces journalistes de passage dans notre pays s\u2019est accru, de m\u00eame que notre amertume. Il n\u2019est pas rare d&rsquo;entendre le mot <em>ajanib<\/em> (litt\u00e9ralement \u00ab&nbsp;\u00e9trangers&nbsp;\u00bb) utilis\u00e9 de mani\u00e8re p\u00e9jorative quand on parle de journalistes internationaux.<\/p>\n<p>Comme s\u2019il ne suffisait pas que notre r\u00e9cit soit d\u00e9tourn\u00e9 et appropri\u00e9 par une puissance coloniale, il faut ajouter la monopolisation de notre malheur par d\u2019ambitieux novices \u00e9trangers.<\/p>\n<p><strong>La Palestine comme rampe de lancement<\/strong><\/p>\n<p>Il semble que si les efforts de la r\u00e9sistance palestinienne cr\u00e9ent une impression notable \u2013 que ce soit via la violence souvent condamn\u00e9e ou les efforts non violents tels que le mouvement Boycott, D\u00e9sinvestissement et Sanctions (BDS) \u2013, l&rsquo;effort palestinien pour graver notre propre r\u00e9cit continue en revanche d&rsquo;\u00eatre \u00e9clips\u00e9 par les internationaux qui dominent la sc\u00e8ne.<\/p>\n<p>Lorsqu\u2019on l\u2019examine minutieusement, il est clair que la r\u00e9f\u00e9rence \u00e0 la question palestinienne est monopolis\u00e9e par les voix des visiteurs ou des journalistes internationaux pendant que nous continuons \u00e0 souffrir dans notre lutte pour l&rsquo;autod\u00e9termination et la justice.<\/p>\n<p>Cela dit, je reconnais que la couverture m\u00e9diatique internationale des troubles qui agitent le Sud est essentielle, surtout compte tenu de la complicit\u00e9 de l&rsquo;Occident et de son pass\u00e9 imp\u00e9rial et colonial. Il y a toutefois un \u00e9l\u00e9ment sinistre dans l&rsquo;utilisation brutale de notre cause comme tremplin par des journalistes souhaitant obtenir des r\u00e9f\u00e9rences pour se forger une carri\u00e8re dans ce milieu professionnel comp\u00e9titif.<\/p>\n<p>Malheureusement, la Palestine leur fournit la cr\u00e9dibilit\u00e9 pr\u00e9cieuse qui valide leur int\u00e9grit\u00e9 journalistique lors de la couverture d&rsquo;autres endroits de la r\u00e9gion. Leur nom, comme auteurs, analystes et commentateurs cr\u00e9dibles et nuanc\u00e9s, est directement associ\u00e9 \u00e0 la Palestine.<\/p>\n<p>C\u2019est comme si, \u00e0 travers la Palestine, ils obtenaient les qualifications requises pour construire le r\u00e9cit d&rsquo;autres lieux opprim\u00e9s. Insidieusement et dangereusement, l&rsquo;exploitation commence \u00e0 transcender la Palestine, atteignant notamment le Y\u00e9men, Bahre\u00efn, la Syrie et le Cachemire.<\/p>\n<h3><strong>La complicit\u00e9 de tous<\/strong><\/h3>\n<p>Tout en affirmant ce qui pr\u00e9c\u00e8de, il est important de noter que cet opportunisme ne d\u00e9coule pas d\u2019un effort individuel. Des groupes de solidarit\u00e9 avec la Palestine ont \u00e9galement contribu\u00e9 \u00e0 cette exploitation. Il existe une galvanisation dangereuse de journalistes qui se promeuvent comme des porte-paroles pertinents de la lutte palestinienne. On constate aussi une rafale d&rsquo;\u00e9gotisme parmi les opportunistes qui couvrent la Palestine.<\/p>\n<p>J&rsquo;ai rencontr\u00e9 des ouvriers du b\u00e2timent am\u00e9ricains qui sont devenus journalistes et cin\u00e9astes ind\u00e9pendants simplement parce qu\u2019ils se sont rendus en Palestine. Le privil\u00e8ge dont ils jouissent leur permet d\u2019acc\u00e9der \u00e0 des endroits interdits aux journalistes locaux, allant de Gaza aux conf\u00e9rences du gouvernement isra\u00e9lien, soutenant ainsi l&rsquo;effort colonial qui vise \u00e0 ignorer les voix colonis\u00e9es.<\/p>\n<p>Alors que les voix de ces visiteurs sont glorifi\u00e9es par des groupes de solidarit\u00e9 internationale, qui les invitent \u00e0 titre d&rsquo;experts sur la r\u00e9gion \u2013 les pr\u00e9f\u00e9rant souvent aux voix des autochtones \u2013, notre contribution reste une fois de plus cantonn\u00e9e aux <em>\u00ab r\u00e9cits personnels \u00bb<\/em>. Se nourrissant de nos histoires \u00e9vocatrices sur le plan \u00e9motionnel, ce sont ces m\u00eames journalistes qui, envoy\u00e9s en missions temporaires, font office de voix de la raison et de l&rsquo;analyse <em>\u00ab neutre \u00bb<\/em> sur ce qui devrait \u00eatre fait dans la r\u00e9gion.<\/p>\n<p>Le message qu\u2019envoie cet arrangement est que, pour que nos paroles aient du poids, elles ont besoin de l&rsquo;imprimatur d&rsquo;une voix ext\u00e9rieure qui \u00ab l\u00e9gitime \u00bb nos besoins et nos exigences. Ce syst\u00e8me a ouvert grand la voie aux dilettantes qui utilisent les pays du Sud, y compris la Palestine, comme un pi\u00e9destal pour lancer leur carri\u00e8re balbutiante en journalisme.<\/p>\n<h3><strong>Reprendre possession de notre voix<\/strong><\/h3>\n<p>Il est vrai que notre lutte, en tant que cause perp\u00e9tuellement ignor\u00e9e, a besoin de plus de voix et de journalistes internationaux relayant haut et fort la qu\u00eate de la justice et de la dignit\u00e9. Mais nous devons faire la distinction entre les Palestiniens qui ont besoin des journalistes \u00e9trangers pour faire \u00e9cho \u00e0 notre r\u00e9cit et une communaut\u00e9 internationale qui ne consid\u00e8re pas nos voix comme \u00e9tant suffisantes.<\/p>\n<p>Alors que l&rsquo;agitation augmente dans le monde arabe, nous continuons d\u2019\u00eatre d\u00e9pouill\u00e9s de notre capacit\u00e9 d\u2019action et de voir nos efforts pour que justice soit faite r\u00e9pudi\u00e9s par des internationaux adeptes du pronostic. Tandis que nos vies complexes continuent de servir de notes de bas de page sur des curriculum vitae et que les voix internationales continuent d\u2019\u00eatre idol\u00e2tr\u00e9es, nous devons \u00e0 pr\u00e9sent lutter non seulement contre l&rsquo;oppression qui nous touche directement, mais \u00e9galement contre l&rsquo;exploitation brutale de notre douleur.<\/p>\n<p>Ce syst\u00e8me d&rsquo;exploitation comporte en son sein une cooptation probl\u00e9matique et ne devrait pas seulement \u00eatre mis \u00e0 nu, il devrait \u00eatre rejet\u00e9. Il entrave davantage nos authentiques efforts de solidarit\u00e9 et contribue indirectement \u00e0 la perp\u00e9tuation de notre assujettissement. Nos voix, celles des personnes dont le sort est directement affect\u00e9, doivent \u00eatre des sources primaires, pas secondaires.<\/p>\n<hr>\n<p>Publi\u00e9 le 18 novembre 2016 sur <a href=\"https:\/\/www.middleeasteye.net\/fr\/opinion-fr\/les-journalistes-occidentaux-se-forgent-une-carriere-en-palestine-puis-nous-laissent\" target=\"_blank\" rel=\"noopener noreferrer\">Middle East Eye (fran\u00e7ais)<\/a><\/p>\n<p><em><img loading=\"lazy\" decoding=\"async\" class=\"alignleft wp-image-17641 size-thumbnail\" src=\"https:\/\/charleroi-pourlapalestine.be\/wp-content\/uploads\/2016\/11\/mariam-barghouti-150x150.jpg\" alt=\"\" width=\"150\" height=\"150\" srcset=\"https:\/\/charleroi-pourlapalestine.be\/wp-content\/uploads\/2016\/11\/mariam-barghouti-150x150.jpg 150w, https:\/\/charleroi-pourlapalestine.be\/wp-content\/uploads\/2016\/11\/mariam-barghouti-160x160.jpg 160w, https:\/\/charleroi-pourlapalestine.be\/wp-content\/uploads\/2016\/11\/mariam-barghouti.jpg 225w\" sizes=\"auto, (max-width: 150px) 100vw, 150px\" \/><strong>Mariam Barghouti<\/strong> est une auteure et commentatrice palestinienne originaire de Ramallah. Ses travaux sont parus dans le <\/em>New York Times<em>, <\/em>Al Jazeera English, <em>le<\/em> Huffington Post<em>, <\/em><em>Middle East Monitor<\/em><em>, <\/em>Mondoweiss <em>et<\/em> International Business Times<em> entre autres.<\/em><\/p>\n<p><em><strong>Photo<\/strong>&nbsp;: cr\u00e9ation de MEE Infographies.<\/em><\/p>\n<p><em>Traduit de l\u2019anglais (<\/em><a href=\"https:\/\/www.middleeasteye.net\/columns\/international-journalists-build-careers-palestine-and-then-leave-us-dust-2014460606\" target=\"_blank\" rel=\"noopener noreferrer\"><em>original<\/em><\/a><em>).<\/em><\/p>\n<\/div>\n<\/article>\n<\/div>\n<\/section>\n","protected":false},"excerpt":{"rendered":"<p>Les journalistes occidentaux se forgent une carri\u00e8re en Palestine, puis nous laissent dans la mis\u00e8re<\/p>\n","protected":false},"author":1,"featured_media":17639,"comment_status":"closed","ping_status":"closed","sticky":false,"template":"","format":"standard","meta":{"ngg_post_thumbnail":0,"footnotes":""},"categories":[162,92,192],"tags":[274],"class_list":["post-17635","post","type-post","status-publish","format-standard","has-post-thumbnail","hentry","category-medias","category-occident","category-palestine","tag-mariam-barghouti"],"yoast_head":"<!-- This site is optimized with the Yoast SEO plugin v27.3 - https:\/\/yoast.com\/product\/yoast-seo-wordpress\/ -->\n<title>Ces journalistes occidentaux qui se forgent une carri\u00e8re en Palestine<\/title>\n<meta name=\"description\" content=\"Les journalistes occidentaux se forgent une carri\u00e8re en Palestine, puis nous laissent dans la mis\u00e8re\" \/>\n<meta name=\"robots\" content=\"index, follow, max-snippet:-1, max-image-preview:large, max-video-preview:-1\" \/>\n<link rel=\"canonical\" href=\"https:\/\/charleroi-pourlapalestine.be\/index.php\/2016\/11\/18\/ces-journalistes-occidentaux-qui-se-forgent-une-carriere-en-palestine\/\" \/>\n<script type=\"application\/ld+json\" class=\"yoast-schema-graph\">{\"@context\":\"https:\\\/\\\/schema.org\",\"@graph\":[{\"@type\":\"Article\",\"@id\":\"https:\\\/\\\/charleroi-pourlapalestine.be\\\/index.php\\\/2016\\\/11\\\/18\\\/ces-journalistes-occidentaux-qui-se-forgent-une-carriere-en-palestine\\\/#article\",\"isPartOf\":{\"@id\":\"https:\\\/\\\/charleroi-pourlapalestine.be\\\/index.php\\\/2016\\\/11\\\/18\\\/ces-journalistes-occidentaux-qui-se-forgent-une-carriere-en-palestine\\\/\"},\"author\":{\"name\":\"admin1873\",\"@id\":\"https:\\\/\\\/charleroi-pourlapalestine.be\\\/#\\\/schema\\\/person\\\/c19ff515112f1299d8c12671d8fe3faa\"},\"headline\":\"Ces journalistes occidentaux qui se forgent une carri\u00e8re en Palestine\",\"datePublished\":\"2016-11-18T08:53:00+00:00\",\"dateModified\":\"2020-10-01T08:11:09+00:00\",\"mainEntityOfPage\":{\"@id\":\"https:\\\/\\\/charleroi-pourlapalestine.be\\\/index.php\\\/2016\\\/11\\\/18\\\/ces-journalistes-occidentaux-qui-se-forgent-une-carriere-en-palestine\\\/\"},\"wordCount\":1602,\"publisher\":{\"@id\":\"https:\\\/\\\/charleroi-pourlapalestine.be\\\/#organization\"},\"image\":{\"@id\":\"https:\\\/\\\/charleroi-pourlapalestine.be\\\/index.php\\\/2016\\\/11\\\/18\\\/ces-journalistes-occidentaux-qui-se-forgent-une-carriere-en-palestine\\\/#primaryimage\"},\"thumbnailUrl\":\"https:\\\/\\\/charleroi-pourlapalestine.be\\\/wp-content\\\/uploads\\\/2016\\\/11\\\/Presse-e1601539304526.jpg\",\"keywords\":[\"Mariam Barghouti\"],\"articleSection\":[\"M\u00e9dias\",\"Occident\",\"Palestine\"],\"inLanguage\":\"fr-FR\"},{\"@type\":\"WebPage\",\"@id\":\"https:\\\/\\\/charleroi-pourlapalestine.be\\\/index.php\\\/2016\\\/11\\\/18\\\/ces-journalistes-occidentaux-qui-se-forgent-une-carriere-en-palestine\\\/\",\"url\":\"https:\\\/\\\/charleroi-pourlapalestine.be\\\/index.php\\\/2016\\\/11\\\/18\\\/ces-journalistes-occidentaux-qui-se-forgent-une-carriere-en-palestine\\\/\",\"name\":\"Ces journalistes occidentaux qui se forgent une carri\u00e8re en Palestine\",\"isPartOf\":{\"@id\":\"https:\\\/\\\/charleroi-pourlapalestine.be\\\/#website\"},\"primaryImageOfPage\":{\"@id\":\"https:\\\/\\\/charleroi-pourlapalestine.be\\\/index.php\\\/2016\\\/11\\\/18\\\/ces-journalistes-occidentaux-qui-se-forgent-une-carriere-en-palestine\\\/#primaryimage\"},\"image\":{\"@id\":\"https:\\\/\\\/charleroi-pourlapalestine.be\\\/index.php\\\/2016\\\/11\\\/18\\\/ces-journalistes-occidentaux-qui-se-forgent-une-carriere-en-palestine\\\/#primaryimage\"},\"thumbnailUrl\":\"https:\\\/\\\/charleroi-pourlapalestine.be\\\/wp-content\\\/uploads\\\/2016\\\/11\\\/Presse-e1601539304526.jpg\",\"datePublished\":\"2016-11-18T08:53:00+00:00\",\"dateModified\":\"2020-10-01T08:11:09+00:00\",\"description\":\"Les journalistes occidentaux se forgent une carri\u00e8re en Palestine, puis nous laissent dans la mis\u00e8re\",\"breadcrumb\":{\"@id\":\"https:\\\/\\\/charleroi-pourlapalestine.be\\\/index.php\\\/2016\\\/11\\\/18\\\/ces-journalistes-occidentaux-qui-se-forgent-une-carriere-en-palestine\\\/#breadcrumb\"},\"inLanguage\":\"fr-FR\",\"potentialAction\":[{\"@type\":\"ReadAction\",\"target\":[\"https:\\\/\\\/charleroi-pourlapalestine.be\\\/index.php\\\/2016\\\/11\\\/18\\\/ces-journalistes-occidentaux-qui-se-forgent-une-carriere-en-palestine\\\/\"]}]},{\"@type\":\"ImageObject\",\"inLanguage\":\"fr-FR\",\"@id\":\"https:\\\/\\\/charleroi-pourlapalestine.be\\\/index.php\\\/2016\\\/11\\\/18\\\/ces-journalistes-occidentaux-qui-se-forgent-une-carriere-en-palestine\\\/#primaryimage\",\"url\":\"https:\\\/\\\/charleroi-pourlapalestine.be\\\/wp-content\\\/uploads\\\/2016\\\/11\\\/Presse-e1601539304526.jpg\",\"contentUrl\":\"https:\\\/\\\/charleroi-pourlapalestine.be\\\/wp-content\\\/uploads\\\/2016\\\/11\\\/Presse-e1601539304526.jpg\",\"width\":496,\"height\":320},{\"@type\":\"BreadcrumbList\",\"@id\":\"https:\\\/\\\/charleroi-pourlapalestine.be\\\/index.php\\\/2016\\\/11\\\/18\\\/ces-journalistes-occidentaux-qui-se-forgent-une-carriere-en-palestine\\\/#breadcrumb\",\"itemListElement\":[{\"@type\":\"ListItem\",\"position\":1,\"name\":\"Accueil\",\"item\":\"https:\\\/\\\/charleroi-pourlapalestine.be\\\/\"},{\"@type\":\"ListItem\",\"position\":2,\"name\":\"Ces journalistes occidentaux qui se forgent une carri\u00e8re en Palestine\"}]},{\"@type\":\"WebSite\",\"@id\":\"https:\\\/\\\/charleroi-pourlapalestine.be\\\/#website\",\"url\":\"https:\\\/\\\/charleroi-pourlapalestine.be\\\/\",\"name\":\"Charleroi Pour la Palestine\",\"description\":\"\",\"publisher\":{\"@id\":\"https:\\\/\\\/charleroi-pourlapalestine.be\\\/#organization\"},\"potentialAction\":[{\"@type\":\"SearchAction\",\"target\":{\"@type\":\"EntryPoint\",\"urlTemplate\":\"https:\\\/\\\/charleroi-pourlapalestine.be\\\/?s={search_term_string}\"},\"query-input\":{\"@type\":\"PropertyValueSpecification\",\"valueRequired\":true,\"valueName\":\"search_term_string\"}}],\"inLanguage\":\"fr-FR\"},{\"@type\":\"Organization\",\"@id\":\"https:\\\/\\\/charleroi-pourlapalestine.be\\\/#organization\",\"name\":\"Plate-forme Charleroi-Palestine\",\"url\":\"https:\\\/\\\/charleroi-pourlapalestine.be\\\/\",\"logo\":{\"@type\":\"ImageObject\",\"inLanguage\":\"fr-FR\",\"@id\":\"https:\\\/\\\/charleroi-pourlapalestine.be\\\/#\\\/schema\\\/logo\\\/image\\\/\",\"url\":\"https:\\\/\\\/charleroi-pourlapalestine.be\\\/wp-content\\\/uploads\\\/2020\\\/01\\\/logo-Copy.jpg\",\"contentUrl\":\"https:\\\/\\\/charleroi-pourlapalestine.be\\\/wp-content\\\/uploads\\\/2020\\\/01\\\/logo-Copy.jpg\",\"width\":180,\"height\":180,\"caption\":\"Plate-forme Charleroi-Palestine\"},\"image\":{\"@id\":\"https:\\\/\\\/charleroi-pourlapalestine.be\\\/#\\\/schema\\\/logo\\\/image\\\/\"},\"sameAs\":[\"https:\\\/\\\/www.facebook.com\\\/PlateformeCharleroiPalestine\\\/\",\"https:\\\/\\\/x.com\\\/LaCharleroi\"]},{\"@type\":\"Person\",\"@id\":\"https:\\\/\\\/charleroi-pourlapalestine.be\\\/#\\\/schema\\\/person\\\/c19ff515112f1299d8c12671d8fe3faa\",\"name\":\"admin1873\",\"url\":\"https:\\\/\\\/charleroi-pourlapalestine.be\\\/index.php\\\/author\\\/admin1873\\\/\"}]}<\/script>\n<!-- \/ Yoast SEO plugin. -->","yoast_head_json":{"title":"Ces journalistes occidentaux qui se forgent une carri\u00e8re en Palestine","description":"Les journalistes occidentaux se forgent une carri\u00e8re en Palestine, puis nous laissent dans la mis\u00e8re","robots":{"index":"index","follow":"follow","max-snippet":"max-snippet:-1","max-image-preview":"max-image-preview:large","max-video-preview":"max-video-preview:-1"},"canonical":"https:\/\/charleroi-pourlapalestine.be\/index.php\/2016\/11\/18\/ces-journalistes-occidentaux-qui-se-forgent-une-carriere-en-palestine\/","schema":{"@context":"https:\/\/schema.org","@graph":[{"@type":"Article","@id":"https:\/\/charleroi-pourlapalestine.be\/index.php\/2016\/11\/18\/ces-journalistes-occidentaux-qui-se-forgent-une-carriere-en-palestine\/#article","isPartOf":{"@id":"https:\/\/charleroi-pourlapalestine.be\/index.php\/2016\/11\/18\/ces-journalistes-occidentaux-qui-se-forgent-une-carriere-en-palestine\/"},"author":{"name":"admin1873","@id":"https:\/\/charleroi-pourlapalestine.be\/#\/schema\/person\/c19ff515112f1299d8c12671d8fe3faa"},"headline":"Ces journalistes occidentaux qui se forgent une carri\u00e8re en Palestine","datePublished":"2016-11-18T08:53:00+00:00","dateModified":"2020-10-01T08:11:09+00:00","mainEntityOfPage":{"@id":"https:\/\/charleroi-pourlapalestine.be\/index.php\/2016\/11\/18\/ces-journalistes-occidentaux-qui-se-forgent-une-carriere-en-palestine\/"},"wordCount":1602,"publisher":{"@id":"https:\/\/charleroi-pourlapalestine.be\/#organization"},"image":{"@id":"https:\/\/charleroi-pourlapalestine.be\/index.php\/2016\/11\/18\/ces-journalistes-occidentaux-qui-se-forgent-une-carriere-en-palestine\/#primaryimage"},"thumbnailUrl":"https:\/\/charleroi-pourlapalestine.be\/wp-content\/uploads\/2016\/11\/Presse-e1601539304526.jpg","keywords":["Mariam Barghouti"],"articleSection":["M\u00e9dias","Occident","Palestine"],"inLanguage":"fr-FR"},{"@type":"WebPage","@id":"https:\/\/charleroi-pourlapalestine.be\/index.php\/2016\/11\/18\/ces-journalistes-occidentaux-qui-se-forgent-une-carriere-en-palestine\/","url":"https:\/\/charleroi-pourlapalestine.be\/index.php\/2016\/11\/18\/ces-journalistes-occidentaux-qui-se-forgent-une-carriere-en-palestine\/","name":"Ces journalistes occidentaux qui se forgent une carri\u00e8re en Palestine","isPartOf":{"@id":"https:\/\/charleroi-pourlapalestine.be\/#website"},"primaryImageOfPage":{"@id":"https:\/\/charleroi-pourlapalestine.be\/index.php\/2016\/11\/18\/ces-journalistes-occidentaux-qui-se-forgent-une-carriere-en-palestine\/#primaryimage"},"image":{"@id":"https:\/\/charleroi-pourlapalestine.be\/index.php\/2016\/11\/18\/ces-journalistes-occidentaux-qui-se-forgent-une-carriere-en-palestine\/#primaryimage"},"thumbnailUrl":"https:\/\/charleroi-pourlapalestine.be\/wp-content\/uploads\/2016\/11\/Presse-e1601539304526.jpg","datePublished":"2016-11-18T08:53:00+00:00","dateModified":"2020-10-01T08:11:09+00:00","description":"Les journalistes occidentaux se forgent une carri\u00e8re en Palestine, puis nous laissent dans la mis\u00e8re","breadcrumb":{"@id":"https:\/\/charleroi-pourlapalestine.be\/index.php\/2016\/11\/18\/ces-journalistes-occidentaux-qui-se-forgent-une-carriere-en-palestine\/#breadcrumb"},"inLanguage":"fr-FR","potentialAction":[{"@type":"ReadAction","target":["https:\/\/charleroi-pourlapalestine.be\/index.php\/2016\/11\/18\/ces-journalistes-occidentaux-qui-se-forgent-une-carriere-en-palestine\/"]}]},{"@type":"ImageObject","inLanguage":"fr-FR","@id":"https:\/\/charleroi-pourlapalestine.be\/index.php\/2016\/11\/18\/ces-journalistes-occidentaux-qui-se-forgent-une-carriere-en-palestine\/#primaryimage","url":"https:\/\/charleroi-pourlapalestine.be\/wp-content\/uploads\/2016\/11\/Presse-e1601539304526.jpg","contentUrl":"https:\/\/charleroi-pourlapalestine.be\/wp-content\/uploads\/2016\/11\/Presse-e1601539304526.jpg","width":496,"height":320},{"@type":"BreadcrumbList","@id":"https:\/\/charleroi-pourlapalestine.be\/index.php\/2016\/11\/18\/ces-journalistes-occidentaux-qui-se-forgent-une-carriere-en-palestine\/#breadcrumb","itemListElement":[{"@type":"ListItem","position":1,"name":"Accueil","item":"https:\/\/charleroi-pourlapalestine.be\/"},{"@type":"ListItem","position":2,"name":"Ces journalistes occidentaux qui se forgent une carri\u00e8re en Palestine"}]},{"@type":"WebSite","@id":"https:\/\/charleroi-pourlapalestine.be\/#website","url":"https:\/\/charleroi-pourlapalestine.be\/","name":"Charleroi Pour la Palestine","description":"","publisher":{"@id":"https:\/\/charleroi-pourlapalestine.be\/#organization"},"potentialAction":[{"@type":"SearchAction","target":{"@type":"EntryPoint","urlTemplate":"https:\/\/charleroi-pourlapalestine.be\/?s={search_term_string}"},"query-input":{"@type":"PropertyValueSpecification","valueRequired":true,"valueName":"search_term_string"}}],"inLanguage":"fr-FR"},{"@type":"Organization","@id":"https:\/\/charleroi-pourlapalestine.be\/#organization","name":"Plate-forme Charleroi-Palestine","url":"https:\/\/charleroi-pourlapalestine.be\/","logo":{"@type":"ImageObject","inLanguage":"fr-FR","@id":"https:\/\/charleroi-pourlapalestine.be\/#\/schema\/logo\/image\/","url":"https:\/\/charleroi-pourlapalestine.be\/wp-content\/uploads\/2020\/01\/logo-Copy.jpg","contentUrl":"https:\/\/charleroi-pourlapalestine.be\/wp-content\/uploads\/2020\/01\/logo-Copy.jpg","width":180,"height":180,"caption":"Plate-forme Charleroi-Palestine"},"image":{"@id":"https:\/\/charleroi-pourlapalestine.be\/#\/schema\/logo\/image\/"},"sameAs":["https:\/\/www.facebook.com\/PlateformeCharleroiPalestine\/","https:\/\/x.com\/LaCharleroi"]},{"@type":"Person","@id":"https:\/\/charleroi-pourlapalestine.be\/#\/schema\/person\/c19ff515112f1299d8c12671d8fe3faa","name":"admin1873","url":"https:\/\/charleroi-pourlapalestine.be\/index.php\/author\/admin1873\/"}]}},"_links":{"self":[{"href":"https:\/\/charleroi-pourlapalestine.be\/index.php\/wp-json\/wp\/v2\/posts\/17635","targetHints":{"allow":["GET"]}}],"collection":[{"href":"https:\/\/charleroi-pourlapalestine.be\/index.php\/wp-json\/wp\/v2\/posts"}],"about":[{"href":"https:\/\/charleroi-pourlapalestine.be\/index.php\/wp-json\/wp\/v2\/types\/post"}],"author":[{"embeddable":true,"href":"https:\/\/charleroi-pourlapalestine.be\/index.php\/wp-json\/wp\/v2\/users\/1"}],"replies":[{"embeddable":true,"href":"https:\/\/charleroi-pourlapalestine.be\/index.php\/wp-json\/wp\/v2\/comments?post=17635"}],"version-history":[{"count":0,"href":"https:\/\/charleroi-pourlapalestine.be\/index.php\/wp-json\/wp\/v2\/posts\/17635\/revisions"}],"wp:featuredmedia":[{"embeddable":true,"href":"https:\/\/charleroi-pourlapalestine.be\/index.php\/wp-json\/wp\/v2\/media\/17639"}],"wp:attachment":[{"href":"https:\/\/charleroi-pourlapalestine.be\/index.php\/wp-json\/wp\/v2\/media?parent=17635"}],"wp:term":[{"taxonomy":"category","embeddable":true,"href":"https:\/\/charleroi-pourlapalestine.be\/index.php\/wp-json\/wp\/v2\/categories?post=17635"},{"taxonomy":"post_tag","embeddable":true,"href":"https:\/\/charleroi-pourlapalestine.be\/index.php\/wp-json\/wp\/v2\/tags?post=17635"}],"curies":[{"name":"wp","href":"https:\/\/api.w.org\/{rel}","templated":true}]}}