{"id":18111,"date":"2020-10-16T15:17:47","date_gmt":"2020-10-16T13:17:47","guid":{"rendered":"https:\/\/charleroi-pourlapalestine.be\/?p=18111"},"modified":"2020-10-16T15:40:10","modified_gmt":"2020-10-16T13:40:10","slug":"35-ans-apres-lassassinat-dalex-odeh-un-activiste-palestino-americain-en-californie","status":"publish","type":"post","link":"https:\/\/charleroi-pourlapalestine.be\/index.php\/2020\/10\/16\/35-ans-apres-lassassinat-dalex-odeh-un-activiste-palestino-americain-en-californie\/","title":{"rendered":"35 ans apr\u00e8s l&rsquo;assassinat d&rsquo;Alex Odeh, un activiste palestino-am\u00e9ricain en Californie"},"content":{"rendered":"<p>Baruch Ben-Yosef, n\u00e9 Andy Green aux \u00c9tats-Unis, et Keith \u00ab Israel \u00bb Fuchs ont \u00e9t\u00e9 cit\u00e9s comme suspects imm\u00e9diatement apr\u00e8s l&rsquo;assassinat d&rsquo;Alex Odeh, en 1985. Ils vivent maintenant au grand jour en Isra\u00ebl.<\/p>\n<p><a href=\"https:\/\/charleroi-pourlapalestine.be\/index.php\/tag\/david-sheen\/\">David Sheen<\/a>, 6 f\u00e9vrier 2020<\/p>\n<div id=\"attachment_18126\" style=\"width: 650px\" class=\"wp-caption aligncenter\"><img loading=\"lazy\" decoding=\"async\" aria-describedby=\"caption-attachment-18126\" class=\"wp-image-18126 size-full\" src=\"https:\/\/charleroi-pourlapalestine.be\/wp-content\/uploads\/2020\/10\/Alex-Odeh_30-Years-and-still-waiting-e1602839837221.jpg\" alt=\"Affiche r\u00e9alis\u00e9e au 30e anniversaire de l'assassinat d'Alex Odeh\" width=\"640\" height=\"320\"><p id=\"caption-attachment-18126\" class=\"wp-caption-text\">Affiche r\u00e9alis\u00e9e au 30e anniversaire de l&rsquo;assassinat d&rsquo;Alex Odeh : Alex Odeh, un activiste pour les droits de l&rsquo;homme a \u00e9t\u00e9 assassin\u00e9 dans un acte de terrorisme en 1985. Les suspects vivent actuellement dans des colonies isra\u00e9liennes. Nous demandons : Justice pour Alex Odeh<\/p><\/div>\n<p><strong>Alex Odeh<\/strong> \u00e9tait n\u00e9 en 1944 en Palestine sous mandat britannique dans une famille chr\u00e9tienne du village cisjordanien de<strong> Jifna,<\/strong> pr\u00e8s de Ramallah, quatre ans exactement avant la cr\u00e9ation d&rsquo;Isra\u00ebl. En 1972, il avait \u00e9migr\u00e9 aux \u00c9tats-Unis, o\u00f9 il \u00e9tait devenu le porte-parole de la communaut\u00e9 arabo-am\u00e9ricaine, remettant ainsi en question les descriptions n\u00e9gatives des gens du Moyen-Orient et des musulmans, en fait aussi habituelles \u00e0 l&rsquo;\u00e9poque qu&rsquo;elles ne le sont aujourd&rsquo;hui.<\/p>\n<p><strong>Odeh<\/strong>, directeur r\u00e9gional pour la Californie du Sud du <strong>Comit\u00e9 arabo-am\u00e9ricain contre la discrimination (ADC)<\/strong> \u00e9tait connu pour ses efforts en vue de b\u00e2tir des ponts entre Juifs et Arabes, mais son rayonnement \u00e9tait rejet\u00e9 par les \u00e9l\u00e9ments nationalistes de la communaut\u00e9 juive, qui voyaient en lui une menace \u00e9mergente.<\/p>\n<p>L&rsquo;<strong>ADC<\/strong> \u00e9tait devenu une cible de la droite juive apr\u00e8s qu&rsquo;il avait contest\u00e9 le consensus pro-isra\u00e9lien aux \u00c9tats-Unis en organisant des manifestations contre l&rsquo;invasion du Liban par Isra\u00ebl en 1982. En 1984, des membres de l&rsquo;ADC recevaient r\u00e9guli\u00e8rement des appels t\u00e9l\u00e9phoniques mena\u00e7ants de la part d&rsquo;un ou de plusieurs individus se faisant passer pour des responsables de la <strong>Ligue juive de d\u00e9fense (JDL)<\/strong>, un mouvement anti-arabe dirig\u00e9 par le rabbin <strong>Meir Kahane<\/strong>. Les agressions physiques d\u00e9butaient l&rsquo;ann\u00e9e suivante, apr\u00e8s que l&rsquo;ADC s&rsquo;\u00e9tait mis \u00e0 faire publier des encarts dans le Washington Post pour tenter de convaincre les \u00e9lecteurs et responsables publics am\u00e9ricains de ce qu&rsquo;Isra\u00ebl ne devrait plus recevoir des dotations annuelles de plusieurs millions de dollars dans le cadre de l&rsquo;aide am\u00e9ricaine \u00e0 l&rsquo;\u00e9tranger.<\/p>\n<p>Le 11 octobre 1985, il \u00e9tait pr\u00e9vu qu&rsquo;Odeh prenne la parole \u00e0 la Congregation B\u2019nai Tzedek, une synagogue r\u00e9formiste. Toutefois, au moment o\u00f9 il entrait au bureau de l&rsquo;ADC \u00e0 Santa Ana, en Californie, une bombe explosait. Odeh d\u00e9c\u00e9dait deux heures plus tard sur la table d&rsquo;op\u00e9ration. C&rsquo;\u00e9tait le second attentat \u00e0 la bombe contre l&rsquo;ADC en quelques mois \u00e0 peine.<\/p>\n<p>Quelques heures apr\u00e8s la mort d&rsquo;Odeh, son ex\u00e9cution \u00e9tait justifi\u00e9e par la<strong> Ligue juive de d\u00e9fense<\/strong>. <em>\u00ab&nbsp;Je n&rsquo;ai pas de larmes pour M. Odeh&nbsp;\u00bb,<\/em> d\u00e9clarait Irv Rubin, \u00e0 l&rsquo;\u00e9poque secr\u00e9taire national de la LDJ. <em>\u00ab&nbsp;Il a eu exactement ce qu&rsquo;il m\u00e9ritait.&nbsp;\u00bb<\/em><\/p>\n<p>Il n&rsquo;y eut pas d&rsquo;arrestations. En avril 1994, au moment o\u00f9 Odeh aurait f\u00eat\u00e9 son 50e anniversaire, la municipalit\u00e9 de Santa Ana \u00e9rigea une statue \u00e0 son effigie afin de comm\u00e9morer sa vie et son \u0153uvre. Deux ans plus tard, la statue \u00e9tait d\u00e9figur\u00e9e et, quelques mois plus tard, elle \u00e9tait de nouveau profan\u00e9e par des vandales qui l&rsquo;aspergeaient de seaux de peinture rouge sang.<\/p>\n<p>La m\u00eame ann\u00e9e, le FBI annon\u00e7a une r\u00e9compense d&rsquo;un million de dollars pour des informations aboutissant \u00e0 l&rsquo;arrestation et \u00e0 la condamnation des assassins d&rsquo;Odeh. \u00c0 ce jour, personne n&rsquo;a encore revendiqu\u00e9 la r\u00e9compense.<\/p>\n<h3>Soustraction \u00e0 la justice<\/h3>\n<p><strong>Baruch Ben-Yosef,<\/strong> 60 ans, vit dans une colonie r\u00e9serv\u00e9e exclusivement aux Juifs et situ\u00e9e au sud de Bethl\u00e9em. Il exerce le droit en tant que membre du barreau isra\u00e9lien depuis un quart de si\u00e8cle, additionnant en quatre d\u00e9cennies des dizaines d&rsquo;apparitions devant la Cour supr\u00eame isra\u00e9lienne \u2013 en tant que client, avocat, plaignant et accus\u00e9. Durant tout ce temps, il a \u00e9galement intent\u00e9 des proc\u00e8s contre plusieurs Premiers ministres isra\u00e9liens, y compris l&rsquo;actuel, Benjamin Netanyahou.<\/p>\n<p>Apr\u00e8s avoir immigr\u00e9 en Isra\u00ebl une fois termin\u00e9es ses \u00e9tudes secondaires dans le Bronx, Ben-Yosef fut parmi les premiers Juifs \u00e0 s&rsquo;installer dans les territoires palestiniens occup\u00e9s par Isra\u00ebl en<strong> juin 1967<\/strong>. Quelques mois apr\u00e8s son arriv\u00e9e, Ben-Yosef s&rsquo;engagea dans les forces arm\u00e9es isra\u00e9liennes, servant dans une unit\u00e9 de commando aujourd&rsquo;hui dissoute, <strong>Sayeret Shaked<\/strong>, et il continua \u00e0 effectuer un service de r\u00e9serve r\u00e9gulier jusqu&rsquo;\u00e0 plus de 30 ans. Toutefois, apr\u00e8s la signature par Isra\u00ebl de l&rsquo;accord d&rsquo;<strong>Oslo<\/strong> avec l&rsquo;Organisation de lib\u00e9ration de la Palestine, Ben-Yosef refusa d\u00e9sormais de poursuivre son service de r\u00e9serviste \u00e0 l&rsquo;arm\u00e9e.<\/p>\n<p>Ben-Yosef est aussi<strong> l&rsquo;un de p\u00e8res fondateurs du mouvement dominioniste moderne du Temple<\/strong>, en Isra\u00ebl, qui cherche \u00e0 remplacer le<strong> d\u00f4me du Rocher de J\u00e9rusalem<\/strong> \u2013 un sanctuaire v\u00e9n\u00e9r\u00e9 par les musulmans et qui fait partie des plus beaux monuments du pays \u2013 par un temple h\u00e9bra\u00efque.<\/p>\n<p>Aux \u00c9tats-Unis, o\u00f9 Ben-Yosef a grandi et est retourn\u00e9 au d\u00e9but des ann\u00e9es 1980, il fut impliqu\u00e9 dans la <strong>Ligue juive de d\u00e9fense (JDL)<\/strong>, le groupe raciste violent fond\u00e9 par Kahane. Ben-Yosef fut \u00e9galement actif au sein du <strong>mouvement de Kahane en Isra\u00ebl<\/strong>, \u00e0 la suite de quoi il fut l&rsquo;un des tr\u00e8s rares citoyens juifs soumis \u00e0 la d\u00e9tention administrative par l&rsquo;\u00c9tat isra\u00e9lien, une mesure draconienne utilis\u00e9e presque exclusivement contre les Palestiniens. En 1980, il fut emprisonn\u00e9 pendant six mois en compagnie de Kahane lui-m\u00eame pour avoir <strong>complot\u00e9 en vue de faire sauter le d\u00f4me du Rocher<\/strong>. Ben-Yosef fut emprisonn\u00e9 durant six autres mois en 1994, en m\u00eame temps que le reste de la direction du mouvement ultranationaliste<strong> Kach<\/strong>, un parti politique fond\u00e9 par <strong>Kahane<\/strong>, apr\u00e8s que le gouvernement isra\u00e9lien avait <a href=\"https:\/\/www.nytimes.com\/1994\/03\/14\/world\/israel-votes-ban-on-jewish-groups-linked-to-kahane.html\" target=\"_blank\" rel=\"noopener noreferrer\">rendu ill\u00e9gale l&rsquo;appartenance \u00e0 des groupes kahanistes.<\/a><\/p>\n<p>Un autre membre de la <strong>JDL<\/strong> \u00e9tait <strong>Keith Israel Fuchs<\/strong>, qui avait \u00e9t\u00e9 \u00e9lev\u00e9 \u00e0 Brooklyn, New York, avant de d\u00e9m\u00e9nager pour Santa Monica, en Californie. Apr\u00e8s ses \u00e9tudes secondaires, Fuchs alla s&rsquo;installer dans la colonie de <strong>Kiryat Arba,<\/strong> en Cisjordanie, o\u00f9 le rabbin <strong>Meir Kahane<\/strong> et ses disciples avaient cr\u00e9\u00e9 une communaut\u00e9 kahaniste au sein m\u00eame de la communaut\u00e9 juive.<\/p>\n<p>Lors de la f\u00eate juive de Pourim, en f\u00e9vrier 1983, Fuchs tira plusieurs coups \u00e0 l&rsquo;aide d&rsquo;une carabine Kalachnikov sur une voiture palestinienne qui passait sur la route, \u00e0 l&rsquo;ext\u00e9rieur de Kiryat Arba. Le New York Times <a href=\"https:\/\/www.nytimes.com\/1983\/06\/05\/world\/israel-urged-to-curb-jewish-vigilantes.html\" target=\"_blank\" rel=\"noopener noreferrer\">rapporta<\/a> que Fuchs avait \u00e9t\u00e9 arr\u00eat\u00e9 pour <em>\u00ab&nbsp;avoir tir\u00e9 sur une automobile arabe qui l&rsquo;avait \u00e9clabouss\u00e9 en roulant dans une flaque d&rsquo;eau&nbsp;\u00bb.<\/em><\/p>\n<p>Un rapport de l&rsquo;attorney g\u00e9n\u00e9ral adjoint d&rsquo;Isra\u00ebl, <strong>Yehudit Karp,<\/strong> publi\u00e9 l&rsquo;ann\u00e9e pr\u00e9c\u00e9dente, faisait remarquer que les colons juifs avaient longtemps fait preuve de violence contre les Palestiniens locaux sans qu&rsquo;il y ait eu de r\u00e9percussions, mais les agressions commises par <strong>Fuchs<\/strong> et d&rsquo;autres colons la m\u00eame semaine avaient grandement perturb\u00e9 les hauts responsables isra\u00e9liens du fait qu&rsquo;elles avaient impliqu\u00e9 le recours \u00e0 des armes \u00e0 feu.<\/p>\n<p>Par cons\u00e9quent, le nouveau ministre isra\u00e9lien de la D\u00e9fense,<strong> Moshe Arens,<\/strong> ordonna la d\u00e9molition des nouvelles installations kahanistes et <strong>Fuchs<\/strong> fut condamn\u00e9 \u00e0 39 mois de prison, ce qui, d&rsquo;apr\u00e8s un rapport de presse, fut \u00e0 l&rsquo;\u00e9poque <em>\u00ab&nbsp;la condamnation la plus longue jamais prononc\u00e9e contre un paramilitaire juif&nbsp;\u00bb.<\/em> Finalement, la sentence fut ramen\u00e9e \u00e0 22 mois, \u00e0 condition que Fuchs passe le reste de sa peine originale en dehors d&rsquo;Isra\u00ebl.<\/p>\n<p>En d\u00e9cembre 1984, Fuchs retourna aux \u00c9tats-Unis dans le cadre de sa lib\u00e9ration conditionnelle. Il y resta jusqu&rsquo;en septembre 1986 \u2013 soit environ un an apr\u00e8s l&rsquo;assassinat d&rsquo;Odeh.<\/p>\n<p>Pr\u00e8s de 35 ans plus tard, ni lui ni Ben-Yosef n&rsquo;ont \u00e9t\u00e9 confront\u00e9s \u00e0 des accusations pour un crime qu&rsquo;au moins trois responsables du maintien de l&rsquo;ordre les soup\u00e7onnent d&rsquo;avoir commis aux \u00c9tats-Unis&nbsp;: l&rsquo;assassinat d&rsquo;Alex Odeh.<\/p>\n<h3>Double identit\u00e9<\/h3>\n<p><strong>Ben-Yosef<\/strong> est n\u00e9 Andy Green aux \u00c9tats-Unis et il a longtemps \u00e9t\u00e9 recherch\u00e9 par le FBI afin d&rsquo;\u00eatre interrog\u00e9 \u00e0 propos de l&rsquo;assassinat d&rsquo;Odeh.<\/p>\n<p><strong>Ben-Yosef et Fuchs<\/strong> (connu en Isra\u00ebl sous son nom h\u00e9breu, Israel) ont \u00e9t\u00e9 identifi\u00e9s comme suspects dans le sillage imm\u00e9diat de l&rsquo;assassinat d&rsquo;Odeh, selon trois repr\u00e9sentants de l&rsquo;ordre, aujourd&rsquo;hui retrait\u00e9s, qui travaillaient sur l&rsquo;affaire et qui furent interview\u00e9s par The Intercept, ainsi que d&rsquo;apr\u00e8s plusieurs rapports de presse de l&rsquo;\u00e9poque. Les repr\u00e9sentants de l&rsquo;ordre \u2013 membres de la police locale, dont deux avaient travaill\u00e9 au sein de la <strong><em>Joint Terrorism Task Force<\/em><\/strong> (Unit\u00e9 auxiliaire contre le terrorisme) du FBI \u2013 ont parl\u00e9 \u00e0 The Intercept sous l&rsquo;anonymat, du fait que l&rsquo;enqu\u00eate est toujours en cours depuis les faits.<\/p>\n<blockquote><p>\u00ab&nbsp;C&rsquo;est une affaire toujours en cours. Nous avions des tas d&rsquo;affaires de meurtre et autres en cours. Mais celle-ci \u00e9tait frustrante, parce que nous avions d\u00e9sign\u00e9 des suspects&nbsp;\u00bb,<\/p><\/blockquote>\n<p>a racont\u00e9 un policier retrait\u00e9 qui a travaill\u00e9 sur l&rsquo;affaire Odeh pendant plus de dix ans, et de citer <strong>Ben-Yosef<\/strong> comme suspect, ainsi que deux autres individus disciples de Kahane&nbsp;: <strong>Keith Israel Fuchs <\/strong>et <strong>Robert Manning.<\/strong><\/p>\n<blockquote><p>\u00ab&nbsp;Nous savons qui a fait le coup. Nous savons o\u00f9 ils vivaient. Nous savons pourquoi ils l&rsquo;ont fait, et comment ils l&rsquo;ont fait.&nbsp;\u00bb<\/p><\/blockquote>\n<p>Au cours des d\u00e9cennies qui ont suivi l&rsquo;assassinat d&rsquo;<strong>Odeh,<\/strong> des preuves abondantes sont apparues dans le domaine public pour \u00e9tablir que <strong>Andy Green<\/strong>, n\u00e9 am\u00e9ricain, \u00e9tait la m\u00eame personne que le citoyen isra\u00e9lien <strong>Baruch Ben-Yosef<\/strong>. Quatre journaux isra\u00e9liens parlant de son arrestation en 1980 faisaient allusion \u00e0 lui en tant que Baruch Green Ben-Yosef. Il est identifi\u00e9 sous les deux noms dans des rapports de 1994 \u00e9manant de la Knesset et du S\u00e9nat des \u00c9tats-Unis. Un article du Wall Street Journal publi\u00e9 le 18 mai 1994 et ins\u00e9r\u00e9 dans le <a href=\"https:\/\/www.govinfo.gov\/content\/pkg\/CREC-1994-05-18\/html\/CREC-1994-05-18-pt1-PgS21.htm\" target=\"_blank\" rel=\"noopener noreferrer\">Volume 140, n\u00b0 62 des archives du Congr\u00e8s<\/a>, inclut un reportage sur les activit\u00e9s au sein du mouvement du Temple de Keith Fuchs et de <em>\u00ab&nbsp;Baruch Ben-Yosef, n\u00e9 Andy Green&nbsp;\u00bb<\/em>. Le Wall Street Journal a \u00e9galement rapport\u00e9 que Fuchs avait<\/p>\n<blockquote><p>\u00ab&nbsp;fait l&rsquo;objet d&rsquo;une enqu\u00eate du FBI, mais sans jamais avoir \u00e9t\u00e9 accus\u00e9, en relation avec plusieurs attentats \u00e0 la bombe aux \u00c9tats-Unis, y compris la mort d&rsquo;un activiste arabo-am\u00e9ricain et d&rsquo;un homme soup\u00e7onn\u00e9 d&rsquo;\u00eatre un criminel de guerre nazi&nbsp;\u00bb.<\/p><\/blockquote>\n<p>Dans des rapports de presse am\u00e9ricains et isra\u00e9liens sur les m\u00eames \u00e9v\u00e9nements, comme son arrestation en Isra\u00ebl en 1983 et l&rsquo;assassinat d&rsquo;Odeh, Fuchs avait \u00e9t\u00e9 identifi\u00e9 comme <strong>Keith Fuchs, Israel \u00ab&nbsp;Keith&nbsp;\u00bb Fuchs, Yisrael Fuchs <\/strong>et<strong> Israel Fox.<\/strong><\/p>\n<p>Il y a un quart de si\u00e8cle, Ben-Yosef a lui-m\u00eame admis lors d&rsquo;une rencontre entre partisans de la cr\u00e9ation de colonies que le FBI le recherchait \u00e0 propos de l&rsquo;assassinat d&rsquo;<strong>Alex Odeh<\/strong>, <a href=\"https:\/\/www.documentcloud.org\/documents\/6767043-Mannings-at-End-of-the-Road-JP-93.html\" target=\"_blank\" rel=\"noopener noreferrer\">rapportait<\/a> le Jerusalem Post en janvier 1973. Selon le quotidien, Ben-Yosef avait dit que le FBI s&rsquo;\u00e9tait mis en qu\u00eate de Manning \u00e0 tort pour l&rsquo;assassinat d&rsquo;Odeh ainsi que celui d&rsquo;un criminel de guerre nazi suppos\u00e9 en 1985, et Ben-Yosef avait continu\u00e9 \u00e0 pr\u00e9tendre que Manning \u00e9tait innocent. L&rsquo;article poursuivait&nbsp;:<\/p>\n<blockquote><p>\u00ab&nbsp;Ben-Yosef a d\u00e9clar\u00e9 que lui aussi \u00e9tait recherch\u00e9 par le FBI&nbsp;\u00bb \u00e0 propos de ces assassinats et qu&rsquo;il avait \u00e9t\u00e9 \u00ab&nbsp;malmen\u00e9&nbsp;\u00bb par un agent du FBI aux \u00c9tats-Unis. Le Post faisait \u00e9galement remarquer que Ben-Yosef \u00e9tait \u00ab&nbsp;connu aux \u00c9tats-Unis sous le nom d&rsquo;Andy Green&nbsp;\u00bb.<\/p><\/blockquote>\n<p>Selon un <a href=\"https:\/\/www.jta.org\/1993\/12\/21\/archive\/6-kach-members-held-on-conspiracy-charges\" target=\"_blank\" rel=\"noopener noreferrer\">rapport<\/a> de la <strong>Jewish Telegraphic Agency (JTA)<\/strong> publi\u00e9 la m\u00eame ann\u00e9e, Ben-Yosef a reconnu en public qu&rsquo;il avait \u00e9t\u00e9 recherch\u00e9 par les forces de l&rsquo;ordre am\u00e9ricaines, bien que ses commentaires n&rsquo;aient pas fait r\u00e9f\u00e9rence explicitement \u00e0 l&rsquo;assassinet d&rsquo;Odeh.<\/p>\n<blockquote><p>\u00ab&nbsp;Ben-Yosef, directeur ex\u00e9cutif de la Yeshiva du Mont du Temple, et figure centrale de l&rsquo;organisation Kach, a admis qu&rsquo;il \u00e9tait recherch\u00e9 par le FBI aux \u00c9tats-Unis pour son implication au sein de la JDL militante dans les ann\u00e9es 1970 et 1980&nbsp;\u00bb,<\/p><\/blockquote>\n<p>rapportait la JTA en 1993, apr\u00e8s que Ben-Yosef et Fuchs avaient \u00e9t\u00e9 arr\u00eat\u00e9s en Isra\u00ebl sur des soup\u00e7ons de pr\u00e9paration d&rsquo;attentats contre des Palestiniens.<\/p>\n<p>Ben-Yosef\/Green, Fuchs et Manning ont \u00e9t\u00e9 identifi\u00e9s comme suspects dans l&rsquo;assassinat d&rsquo;Odeh par le journaliste <strong>Robert Friedman<\/strong>, qui \u00e9crivait dans le <a href=\"https:\/\/www.documentcloud.org\/documents\/6769580-88suspects-Village-Voice.html\" target=\"_blank\" rel=\"noopener noreferrer\">Village Voice<\/a> en 1988 et dans le <a href=\"https:\/\/www.latimes.com\/archives\/la-xpm-1990-05-13-op-61-story.html\" target=\"_blank\" rel=\"noopener noreferrer\">Los Angeles Times<\/a> en 1990. En 1994, un <a href=\"https:\/\/www.documentcloud.org\/documents\/6767044-APOCALYPSE-NOW-JP-94.html\" target=\"_blank\" rel=\"noopener noreferrer\">portrait fouill\u00e9<\/a> de Ben-Yosef publi\u00e9 dans le Jerusalem Post ressortait les m\u00eame all\u00e9gations contre sa personne.<\/p>\n<p>D&rsquo;apr\u00e8s l&rsquo;article de Friedman publi\u00e9 dans le Los Angeles Times, le FBI avait identifi\u00e9 Fuchs, Ben-Yosef\/Green et Manning comme principaux suspects dans l&rsquo;ex\u00e9cution d&rsquo;Odeh, avant m\u00eame que la destruction des bureaux de l&rsquo;ADC n&rsquo;ait \u00e9t\u00e9 \u00e9lucid\u00e9e.<\/p>\n<blockquote><p>\u00ab&nbsp;Les noms de Fuchs, Green et Manning furent d\u00e9j\u00e0 mentionn\u00e9s comme \u00e9tant les poseurs de bombe alors que nous \u00e9tions encore en face de l&rsquo;immeuble d\u00e9truit&nbsp;\u00bb,<\/p><\/blockquote>\n<p>d\u00e9clara un responsable de la police californienne dans le LA Times en 1990.<\/p>\n<p>Manning fut extrad\u00e9 vers les \u00c9tats-Unis en 1994 pour un autre meurtre qui n&rsquo;\u00e9tait pas directement en rapport avec des activit\u00e9s d&rsquo;extr\u00eame droite ou avec la polique de pouvoir juive et il purge pour l&rsquo;instant une d\u00e9tention \u00e0 perp\u00e9tuit\u00e9 pour ce crime dans un p\u00e9nitencier f\u00e9d\u00e9ral de l&rsquo;Arizona. Pendant ce temps, Fuchs conserve un profil bas depuis un quart de si\u00e8cle, mais<strong> The Intercept<\/strong> a confirm\u00e9 qu&rsquo;il vivait dans une petite colonie au sud de Bethl\u00e9em et qu&rsquo;il continuait \u00e0 participer \u00e0 des r\u00e9unions politiques priv\u00e9es de l&rsquo;extr\u00eame droite isra\u00e9lienne. La rue o\u00f9 il vit est la seule du pays \u00e0 porter le nom du village de Jifna, o\u00f9 Alex Odeh \u00e9tait n\u00e9 et avait grandi<\/p>\n<h3>\u00ab&nbsp;On croit que les parties responsables se sont r\u00e9fugi\u00e9es en Isra\u00ebl&nbsp;\u00bb<\/h3>\n<p>En 1986, Ben-Yosef et Fuchs quitt\u00e8rent les \u00c9tats-Unis pour Isra\u00ebl et, l&rsquo;ann\u00e9e suivante, le d\u00e9partement de la Justice demanda au gouvernement isra\u00e9lien de l&rsquo;aider dans l&rsquo;enqu\u00eate sur l&rsquo;assassinat d&rsquo;Odeh. Vingt ans apr\u00e8s la mort d&rsquo;Odeh, le d\u00e9partement de la Justice continuait \u00e0 suivre la m\u00eame piste. En 2006, le ministre am\u00e9ricain de la Justice de l&rsquo;\u00e9poque, Alberto Gonzales se rendit \u00e0 Tel-Aviv et demanda \u00e0 son homologue isra\u00e9lien, le ministre de la Justice d&rsquo;alors, Haim Ramon, de l&rsquo;aider dans cette affaire.<\/p>\n<blockquote><p>\u00ab&nbsp;On croit que les parties responsables se sont r\u00e9fugi\u00e9es en Isra\u00ebl. Une requ\u00eate d&rsquo;assistance mutuelle \u2013 une proc\u00e9dure qui permet l&rsquo;\u00e9change d&rsquo;informations au cours d&rsquo;une enqu\u00eate criminelle \u2013 a \u00e9t\u00e9 soumise au GOI [Government of Israel], et l&rsquo;absence de r\u00e9ponse reste un sujet d&rsquo;inqui\u00e9tude pour le FBI&nbsp;\u00bb,<\/p><\/blockquote>\n<p>faisait remarquer un c\u00e2ble diplomatique deux jours apr\u00e8s la r\u00e9union du 28 juin.<\/p>\n<p>La c\u00e2ble, publi\u00e9 par <strong>WikiLeaks<\/strong> en 2011, fait remarquer de Ramon s&rsquo;\u00e9tait engag\u00e9<\/p>\n<blockquote><p>\u00ab&nbsp;\u00e0 examiner l&rsquo;affaire d&rsquo;Alex Odeh&nbsp;\u00bb.<\/p><\/blockquote>\n<p>Ramon d\u00e9missionna de son poste environ deux mois apr\u00e8s sa rencontre avec Gonzales, et on n&rsquo;est pas du tout s\u00fbr de ce qui est advenu de l&rsquo;enqu\u00eate en Isra\u00ebl par la suite. Dans une interview r\u00e9cente, Ramon a expliqu\u00e9 \u00e0 The Intercept qu&rsquo;il ne se souvenait de rien concernant l&rsquo;affaire Odeh.<\/p>\n<blockquote><p>\u00ab&nbsp;C&rsquo;est une des questions dans laquelle je n&rsquo;\u00e9tais vraiment pas trop impliqu\u00e9&nbsp;\u00bb,<\/p><\/blockquote>\n<p>a-t-il d\u00e9clar\u00e9,<\/p>\n<blockquote><p>\u00ab&nbsp;et je ne puis r\u00e9pondre, et je ne sais pas ce qu&rsquo;il est advenu de cette affaire.&nbsp;\u00bb<\/p><\/blockquote>\n<p>Gonzales, de son c\u00f4t\u00e9, a d\u00e9clin\u00e9 tout commentaire.<\/p>\n<p>Les d\u00e9clarations de Ben-Yosef lui-m\u00eame sur des vid\u00e9os plac\u00e9es sur YouTube ces derni\u00e8res ann\u00e9es par un activiste kahaniste indiquent \u00e9galement qu&rsquo;il est Andy Green. L&rsquo;enregistrement de Ben-Yosef d\u00e9crivant lui-m\u00eame sa propre arrestation est \u00e0 mettre en parall\u00e8le avec la narration des m\u00eames incidents par le journaliste <strong>Robert Freedman<\/strong>, qui les attribue \u00e0 Andy Green dans sa biographie de <em><strong>Kahane, Le faux proph\u00e8te.<\/strong><\/em><\/p>\n<p>Un porte-parole du Santa Ana Police Department a expliqu\u00e9 \u00e0 The Intercept que les dossiers du d\u00e9partement concernant l&rsquo;affaire toujours en cours avaient \u00e9t\u00e9 transf\u00e9r\u00e9s au FBI, l&rsquo;agence qui les traite, d\u00e9sormais. Le FBI n&rsquo;a pas r\u00e9pondu \u00e0 des requ\u00eates de commentaire sur le statut de l&rsquo;enqu\u00eate concernant l&rsquo;assassinat d&rsquo;Odeh. Invit\u00e9 \u00e0 faire un commentaire sur les conclusions de l&rsquo;enqu\u00eate de The Intercept, Ben-Yosef a d\u00e9clar\u00e9&nbsp;:<\/p>\n<blockquote><p>\u00ab&nbsp;Je nie cat\u00e9goriquement toute connexion avec les questions mentionn\u00e9es dans votre lettre&nbsp;\u00bb,<\/p><\/blockquote>\n<p>et il n&rsquo;a pas r\u00e9pondu \u00e0 de nouvelles questions. Contact\u00e9 par t\u00e9l\u00e9phone pour un commentaire, Fuchs a d\u00e9clar\u00e9 \u00e0 The Intercept qu&rsquo;il ne donnait pas d&rsquo;interview. Plus tard, il confirma la r\u00e9ception d&rsquo;un questionnaire d\u00e9taill\u00e9 qu&rsquo;on lui avait envoy\u00e9 via WhatsApp, mais il ne r\u00e9pondit pas aux questions.<\/p>\n<p>Malgr\u00e9 la documentation substantielle publi\u00e9e dans la presse isra\u00e9lienne, <strong>l&rsquo;une des principales agences mondiales de renseignement a permis \u00e0 Ben-Yosef et Fuchs de s&rsquo;encourir librement et d&rsquo;\u00e9chapper ainsi aux autorit\u00e9s am\u00e9ricaines.<\/strong><\/p>\n<h3>\u00ab&nbsp;Notre politique consiste \u00e0 coop\u00e9rer pleinement avec les assassins&nbsp;\u00bb<\/h3>\n<p>Au cours des ann\u00e9es qui ont directement suivi l&rsquo;assassinat d&rsquo;<strong>Odeh<\/strong>, les appels persistants du gouvernement am\u00e9ricain aux autorit\u00e9s judiciaires am\u00e9ricaines pour qu&rsquo;elles l&rsquo;aident \u00e0 conclure l&rsquo;affaire ont tourn\u00e9 court. En 1987, Floyd Clarke, \u00e0 l&rsquo;\u00e9poque directeur adjoint du <strong>FBI<\/strong>, adressa une note interne \u00e0 Oliver Revell, alors directeur ex\u00e9cutif adjoint de l&rsquo;agence, se plaignant que ses efforts r\u00e9p\u00e9t\u00e9s en vue d&rsquo;apprendre ce qu&rsquo;Isra\u00ebl savait des suspects de l&rsquo;attentat \u00e0 la bombe se heurtaient \u00e0 un mur, s&rsquo;il faut en croire un article du <a href=\"https:\/\/www.washingtonpost.com\/gdpr-consent\/?next_url=https%3a%2f%2fwww.washingtonpost.com%2farchive%2fpolitics%2f1987%2f11%2f19%2ffbi-memo-israelis-hampering-probe%2fdb37deac-4232-4e52-af84-d26d4577516a%2f\" target=\"_blank\" rel=\"noopener noreferrer\">Washington Post<\/a> publi\u00e9 la m\u00eame ann\u00e9e.<\/p>\n<blockquote><p>\u00ab&nbsp;De nombreuses pistes ont \u00e9t\u00e9 livr\u00e9es par le QG du FBI aux Services secrets des renseignements isra\u00e9liens (ISIS) \u00e0 Washington, D.C.&nbsp;\u00bb,<\/p><\/blockquote>\n<p>\u00e9crivait Clarke dans sa note \u00e0 Revell, dont des extraits ont \u00e9t\u00e9 publi\u00e9s pour la premi\u00e8re fois dans <a href=\"http:\/\/davidsheen.com\/odeh\/87suspects.pdf\" target=\"_blank\" rel=\"noopener noreferrer\">Village Voice.<\/a><\/p>\n<blockquote><p>\u00ab&nbsp;La section terrorisme a eu de nombreuses r\u00e9unions avec les repr\u00e9sentants [isra\u00e9liens] \u00e0 Washington, DC, au cours desquelles nous avons fait \u00e9tat de nos pr\u00e9occupations concernant le traitement qu&rsquo;ils accordaient \u00e0 nos requ\u00eates. Bien que ces discussions aient parfois r\u00e9sult\u00e9 en un &lsquo;sursaut&rsquo; d&rsquo;activit\u00e9 de leur part, aucune am\u00e9lioration durable ne s&rsquo;est manifestr\u00e9e dans le flux des informations.&nbsp;\u00bb<\/p><\/blockquote>\n<p>Lors d&rsquo;une visite officielle \u00e0 Washingtron, D.C., une dizaine d&rsquo;ann\u00e9es plus tard, <strong>Netanyahou<\/strong> fut interrog\u00e9 directement sur l&rsquo;affaire <strong>Odeh<\/strong>. Lors d&rsquo;un \u00e9v\u00e9nement au National Press Club, le 21 janvier 1998, Netanyahou \u2013 qui exer\u00e7ait alors son premier mandat de Premier ministre isra\u00e9lien \u2013 pr\u00e9tendit qu&rsquo;Isra\u00ebl n&rsquo;avait re\u00e7u aucune requ\u00eate officielle de la part des autorit\u00e9s am\u00e9ricaines en vue d&rsquo;enqu\u00eater sur l&rsquo;affaire.<\/p>\n<blockquote><p>\u00ab&nbsp;Je ne suis pas familier avec des requ\u00eates d&rsquo;extradition concernant l&rsquo;assassinat d&rsquo;Odeh. Mais je suis certain que si on me les apportait, je les consulterais&nbsp;\u00bb,<\/p><\/blockquote>\n<p>avait d\u00e9clar\u00e9 Netanyahou. En pla\u00e7ant sa r\u00e9ponse dans le cadre d&rsquo;une demande d&rsquo;extradition, Netanyahou assimilait de fa\u00e7on indue la participation \u00e0 une enqu\u00eate en partageant des renseignements \u00e0 un tranfert de suspects vers les \u00c9tats-Unis pour qu&rsquo;ils y soient poursuivis, c&rsquo;est-\u00e0-dire pour laquelle les autorit\u00e9s judiciaires ne disposaient toujours pas de preuves suffisantes.<\/p>\n<blockquote><p>\u00ab&nbsp;Apparemment, Keith Fuchs et Andy Green sont toujours \u00e0 Kiryat Arba&nbsp;\u00bb,<\/p><\/blockquote>\n<p>r\u00e9pondit <strong>Sam Husseini,<\/strong> directeur de la section de l&rsquo;ADC traitant des m\u00e9dias, en faisant allusion \u00e0 la colonie install\u00e9e en Cisjordanie dans la r\u00e9gion de H\u00e9bron et qui est un important foyer de l&rsquo;activit\u00e9 kahaniste.<\/p>\n<blockquote><p>\u00ab&nbsp;Et ce que l&rsquo;on nous a dit \u2013 puisque nous sommes l&rsquo;organisation concern\u00e9e, ici \u2013 c&rsquo;est que le d\u00e9partement de la Justice n&rsquo;avait absolument pas re\u00e7u la coop\u00e9ration totale du gouvernement isra\u00e9lien, dans cette affaire.&nbsp;\u00bb<\/p><\/blockquote>\n<p>Bizarrement, dans ce qui pourrait passer pour un acte manqu\u00e9 (lapsus freudien), Netanyahou <a href=\"https:\/\/www.c-span.org\/video\/?99264-1\/middle-east-peace-process&amp;start=76640\" target=\"_blank\" rel=\"noopener noreferrer\">avait dit<\/a> \u00e0 Husseini :<\/p>\n<blockquote><p>\u00ab&nbsp;Je vous assure que notre politique consiste \u00e0 coop\u00e9rer pleinement avec les assassins.&nbsp;\u00bb<\/p><\/blockquote>\n<p>Le Premier ministre isra\u00e9lien s&#8217;empressa de se corriger en exprimant une garantie passe-partout disant que les autorit\u00e9s judiciaires isra\u00e9liennes allaient traiter le cas sans le moindre pr\u00e9jug\u00e9 anti-palestinien.<\/p>\n<p>Dans les semaines qui avaient pr\u00e9c\u00e9d\u00e9 l&rsquo;apparition de Netanyahou au National Press Club, Baruch Ben-Yosef avait comparu \u00e0 plusieurs reprises devant la Cour supr\u00eame d&rsquo;Isra\u00ebl. Une nouvelle fois, en novembre 1998, soit 10 mois apr\u00e8s la conf\u00e9rence de presse de Netanyahou \u00e0 Wahsington, D.C., Ben-Yosef repr\u00e9sentait l&rsquo;Am\u00e9ricain Jonathan Pollard, accus\u00e9 d&rsquo;espionnage, dans une action de la Cour supr\u00eame contre Netanyahou lui-m\u00eame, \u00e0 l&rsquo;\u00e9poque toujours Premier ministre.<\/p>\n<p>Du fait qu&rsquo;il est l&rsquo;un des militants juifs les plus r\u00e9actionnaires d&rsquo;Isra\u00ebl, les activit\u00e9s de Ben-Yosef des deux c\u00f4t\u00e9s de l&rsquo;Atlantique devaient \u00e9taient susceptibles d&rsquo;\u00eatre bien connues des chefs du<strong> Shin Bet<\/strong> et du <strong>Mossad,<\/strong> les services de s\u00e9curit\u00e9 int\u00e9rieur et ext\u00e9rieur d&rsquo;Isra\u00ebl, qui adressent tous deux leurs rapports directement \u00e0 Netanyahou.<\/p>\n<p>Deux des d\u00e9put\u00e9s et coll\u00e8gues de parti (Likoud) de Netanyahou, <strong>Limor Livnat <\/strong>et <strong>Uzi Landau<\/strong> \u2014 \u00e0 l&rsquo;\u00e9poque, respectivement, le ministre des communications et le pr\u00e9sident de la Commission des Affaires \u00e9trang\u00e8res et de la D\u00e9fense \u2013 auraient eux aussi d\u00fb \u00eatre au courant de la double identit\u00e9 de Ben-Yosef et de l&rsquo;endroit o\u00f9 il vivait. Le 26 avril 1994, lors d&rsquo;un d\u00e9bat \u00e0 la Knesset sur le recours \u00e0 la d\u00e9tention administrative contre Ben-Yosef ainsi que contre le reste de la direction kahaniste, le ministre isra\u00e9lien de la Police \u00e0 l&rsquo;\u00e9poque, Moshe Shahal, avait dit \u00e0 Livnat et \u00e0 Landau que la mesure avait en fait d\u00e9j\u00e0 \u00e9t\u00e9 appliqu\u00e9e \u00e0 Ben-Yosef plus de dix ans auparavant. Cela avait \u00e9t\u00e9 fait en 1980 par un gouvernement dirig\u00e9 par leur propre parti du Likoud, avait-il ajout\u00e9,<\/p>\n<blockquote><p>\u00ab&nbsp;contre le rabbin Kahane, et contre le rabbin Baruch Ben-Yosef Green&nbsp;\u00bb.<\/p><\/blockquote>\n<p>Le bureau de Netanyahou n&rsquo;avait pas r\u00e9pondu \u00e0 une demande de commentaire.<\/p>\n<h3>Colon pionnier, militant anti-arabe et avocat d&rsquo;extr\u00eame droite<\/h3>\n<p>Ces derni\u00e8res ann\u00e9es, <strong>Fuchs<\/strong>, qui travaille comme garde de la s\u00e9curit\u00e9 dans les colonies, a \u00e9t\u00e9 impliqu\u00e9 dans des tentatives en vue d&rsquo;\u00e9laborer des lois d&rsquo;extr\u00eame droite. En 2013, en compagnie de divers affili\u00e9s de Komemiut, un groupe d&rsquo;extr\u00eame droite nourrissant des sympathies pour l&rsquo;enseignement de <strong>Meir Kahane,<\/strong> il cofondait la tr\u00e8s influente ONG<strong> Meshilut,<\/strong> le Mouvement pour la gouvernance et la d\u00e9mocratie. Meshilut a \u00e9labor\u00e9 lui-m\u00eame divers projets de loi qui ont \u00e9t\u00e9 d\u00e9pos\u00e9s par des repr\u00e9sentants du gouvernement isra\u00e9lien. En 2015, Fuchs assistait \u00e0 une r\u00e9union du comit\u00e9 int\u00e9rieur du parlement isra\u00e9lien, o\u00f9 \u00e9taient \u00e9galement pr\u00e9sents le directeur et le conseiller juridique de Meshilut.<\/p>\n<p><strong>Meshilut<\/strong> pr\u00e9tend qu&rsquo;il cherche \u00e0 r\u00e9former la bureaucratie du pays et \u00e0 la faire r\u00e9pondre davantage aux desiderata des citoyens isra\u00e9liens. Toutefois, des critiques se demandant si Meshilut, \u00e0 l&rsquo;instar de <strong>Kahane<\/strong> en personne et du groupe <strong>Komemiut<\/strong> auquel sont affili\u00e9s la moiti\u00e9 des fondateurs de Meshilut, ne tente pas d&rsquo;affaiblir l&rsquo;appareil judiciaire isra\u00e9lien de sorte que son r\u00e9gime principalement la\u00efque puisse \u00eatre transform\u00e9 en un r\u00e9gime strictement religieux.<\/p>\n<p>Pendant ce temps, Ben-Yosef s&#8217;emploie toujours \u00e0 f<strong>aire remplacer le sanctuaire religieux musulman au centre de la Vieille Ville de J\u00e9rusalem par un sanctuaire juif<\/strong> mais, aujourd&rsquo;hui, c&rsquo;est en avocat activiste, qu&rsquo;il le fait.<\/p>\n<p>Depuis qu&rsquo;il a obtenu son dipl\u00f4me \u00e0 l&rsquo;Universit\u00e9 de Bar Ilan avec une licence en droit, au d\u00e9but des ann\u00e9es 1990, Ben-Yosef s&rsquo;est toujours repr\u00e9sent\u00e9 lui-m\u00eame ou a repr\u00e9sent\u00e9 d&rsquo;autres disciples de Kahane devant les tribunaux isra\u00e9liens, les d\u00e9fendant contre diverses accusations p\u00e9nales et intentant des proc\u00e8s \u00e0 l&rsquo;\u00c9tat afin r\u00e9clamer des droits juifs sur Haram al-Sharif, y compris le droit de sacrifier des animaux en ce lieu.<\/p>\n<p>Connu par les Juifs sous l&rsquo;appellation de mont du Temple, le site constituait l&#8217;emplacement de temples juifs, dans un lointain pass\u00e9, le dernier ayant \u00e9t\u00e9 d\u00e9truit par les forces romaines il y a environ 2&nbsp;000 ans. Six cents ans plus tard, le Qubbat al-Sakhrah au d\u00f4me dor\u00e9, appel\u00e9 \u00e9galement le <strong>d\u00f4me du Rocher<\/strong>, fut construit sur le m\u00eame emplacement, et la mosqu\u00e9e adjacente Al-Aqsa, le troisi\u00e8me lieu saint des musulmans, y fut ajout\u00e9e quelques m\u00e8tres plus loin. Les deux constructions et l&rsquo;enceinte de 36 arpents (14,5 hectares) d&rsquo;Al-Aqsa qui les entoure constituent un symbole potentiel du nationalisme palestinien.<\/p>\n<p>Ben-Yosef a travaill\u00e9 dans les \u00e9quipes de d\u00e9fense juridique d&rsquo;autres disciples de <strong>Meir Kahane<\/strong> n\u00e9s en Am\u00e9rique et qui pr\u00e9paraient des attaques \u00e0 main arm\u00e9e contre Haram al-Sharif&nbsp;: <strong>Yoel Lerner <\/strong>et<strong> Alan Goodman<\/strong>. En 1975, 1978 et 1982, les plans de Yoel Lerner en vue de faire exploser le d\u00f4me du Rocher furent d\u00e9jou\u00e9s \u00e0 temps par la police isra\u00e9lienne. Mais, plus tard en 1982, Alan Goodman parvint \u00e0 se frayer un chemin jusqu&rsquo;au site sacr\u00e9 et \u00e0 s&rsquo;y glisser arm\u00e9 d&rsquo;une mitraillette de l&rsquo;arm\u00e9e isra\u00e9lienne. Il laissa sur le carreau deux palestiniens tu\u00e9s et onze bless\u00e9s. (Ce fut Ben-Yosef qui repr\u00e9senta Goodman dans sa tentative fructueuse de r\u00e9duire sa sentence pour cette tuerie. Il repr\u00e9sentait Lerner dans une affaire bien distincte.)<\/p>\n<p>Lerner fut condamn\u00e9 \u00e0 2 ans et demi de prison pour sa tentative d&rsquo;attentat de 1982 et Goodman fut <a href=\"https:\/\/www.nytimes.com\/1983\/04\/08\/world\/soldier-gets-life-term-in-dome-of-rock-death.html\" target=\"_blank\" rel=\"noopener noreferrer\">condamn\u00e9 \u00e0 la prison \u00e0 vie<\/a>, mais sa peine fut commu\u00e9e apr\u00e8s 15 ann\u00e9es pass\u00e9es derri\u00e8re les barreaux.<\/p>\n<p>Dans des conf\u00e9rences enregistr\u00e9es ces derni\u00e8res ann\u00e9es sur une cha\u00eene YouTube kahaniste, avant la destruction de la cha\u00eene en d\u00e9cembre, Bel-Yosef continua \u00e0 plaider pour qu&rsquo;une masse importante de Juifs prennent le contr\u00f4le du mont du Temple, en chassent les musulmans et d\u00e9molissent leurs mosqu\u00e9es.<\/p>\n<p>S&rsquo;adressant \u00e0 des compagnons disciples de Meir Kahane en 2015, lors du 25e anniversaire de son assassinat, Ben-Yosef fit une conf\u00e9rence \u00e0 la Yeshiva of the Jewish Idea (Yeshiva de l&rsquo;id\u00e9e juive), le s\u00e9minaire religieux fond\u00e9 par Kahane \u00e0 J\u00e9rusalem. \u00ab&nbsp;Toute la chose bout pour former une seule et unique chose, qui s&rsquo;appelle le mont du Temple, HAR HABAYIT. L&rsquo;AM HA\u2019HAMOR, la nation des \u00e2nes qui s&rsquo;assied ici, ils comprennent que cela va venir \u00e0 \u00e9bullition&nbsp;\u00bb, d\u00e9clara Ben-Yosef en parlant du peuple palestinien. \u00ab&nbsp;Ainsi donc, toutes les choses que le gouvernement, la police et tout le monde tentent de faire pour calmer les choses, ce n&rsquo;est pas ce que nous voulons, nous. Nous ne voulons rien qui puisse calmer les choses ici&nbsp;! Nous voulons pr\u00e9cis\u00e9ment le contraire&nbsp;!&nbsp;\u00bb<\/p>\n<p>Lors d&rsquo;une autre conf\u00e9rence post\u00e9e par Ben-Yosef sur YouTube, il \u00e9labore sur le m\u00eame th\u00e8me&nbsp;:<\/p>\n<blockquote><p>\u00ab&nbsp;Comment t\u00e9moignons-nous notre foi en Hashem [Dieu]&nbsp;? Comment sanctifions-nous son nom et t\u00e9moignons-nous notre foi&nbsp;? B\u2019GERUSH HA\u2019ARAVIM [en chassant les Arabes] et TIHUR HAR HABAYIT [en purifiant le mont du Temple]&nbsp;! En \u00e9loignant les mosqu\u00e9es du mont du Temple&nbsp;! Si vous croyez r\u00e9ellement en Hashem, voil\u00e0 ce qu&rsquo;il vous faut faire&nbsp;!&nbsp;\u00bb !<\/p><\/blockquote>\n<p>Aujourd&rsquo;hui, Ben-Yosef continue \u00e0 exercer le droit, en travaillant depuis un bureau de la ville basse de J\u00e9rusalem et il fait des p\u00e8lerinages r\u00e9guliers au Haram al-Sharif, ou mont du Temple, le centre de ses aspirations politiques et religieuses.<\/p>\n<hr>\n<p>Publi\u00e9 le 6 f\u00e9vrier 2020 sur <a href=\"https:\/\/theintercept.com\/2020\/02\/06\/alex-odeh-bombing-israel\/\">The Intercept<\/a><br \/>\nTraduction : Jean-Marie Fl\u00e9mal<\/p>\n","protected":false},"excerpt":{"rendered":"<p>Deux hommes ont \u00e9t\u00e9 cit\u00e9s comme suspects imm\u00e9diatement apr\u00e8s l&rsquo;assassinat d&rsquo;Alex Odeh en 1985. Ils vivent maintenant dans une colonie isra\u00e9lienne.<\/p>\n","protected":false},"author":1,"featured_media":18126,"comment_status":"closed","ping_status":"closed","sticky":false,"template":"","format":"standard","meta":{"ngg_post_thumbnail":0,"footnotes":""},"categories":[41,52,342,126],"tags":[],"class_list":["post-18111","post","type-post","status-publish","format-standard","has-post-thumbnail","hentry","category-les-colonies","category-la-cour-penale-internationale","category-extreme-droite","category-israel"],"yoast_head":"<!-- This site is optimized with the Yoast SEO plugin v27.3 - https:\/\/yoast.com\/product\/yoast-seo-wordpress\/ -->\n<title>35 ans apr\u00e8s l&#039;assassinat d&#039;Alex Odeh, activiste palestino-am\u00e9ricain<\/title>\n<meta name=\"description\" content=\"Deux hommes ont \u00e9t\u00e9 cit\u00e9s comme suspects imm\u00e9diatement apr\u00e8s l&#039;assassinat d&#039;Alex Odeh en 1985. Ils vivent maintenant dans une colonie isra\u00e9lienne.\" \/>\n<meta name=\"robots\" content=\"index, follow, max-snippet:-1, max-image-preview:large, max-video-preview:-1\" \/>\n<link rel=\"canonical\" href=\"https:\/\/charleroi-pourlapalestine.be\/index.php\/2020\/10\/16\/35-ans-apres-lassassinat-dalex-odeh-un-activiste-palestino-americain-en-californie\/\" \/>\n<script type=\"application\/ld+json\" class=\"yoast-schema-graph\">{\"@context\":\"https:\\\/\\\/schema.org\",\"@graph\":[{\"@type\":\"Article\",\"@id\":\"https:\\\/\\\/charleroi-pourlapalestine.be\\\/index.php\\\/2020\\\/10\\\/16\\\/35-ans-apres-lassassinat-dalex-odeh-un-activiste-palestino-americain-en-californie\\\/#article\",\"isPartOf\":{\"@id\":\"https:\\\/\\\/charleroi-pourlapalestine.be\\\/index.php\\\/2020\\\/10\\\/16\\\/35-ans-apres-lassassinat-dalex-odeh-un-activiste-palestino-americain-en-californie\\\/\"},\"author\":{\"name\":\"admin1873\",\"@id\":\"https:\\\/\\\/charleroi-pourlapalestine.be\\\/#\\\/schema\\\/person\\\/c19ff515112f1299d8c12671d8fe3faa\"},\"headline\":\"35 ans apr\u00e8s l&rsquo;assassinat d&rsquo;Alex Odeh, un activiste palestino-am\u00e9ricain en Californie\",\"datePublished\":\"2020-10-16T13:17:47+00:00\",\"dateModified\":\"2020-10-16T13:40:10+00:00\",\"mainEntityOfPage\":{\"@id\":\"https:\\\/\\\/charleroi-pourlapalestine.be\\\/index.php\\\/2020\\\/10\\\/16\\\/35-ans-apres-lassassinat-dalex-odeh-un-activiste-palestino-americain-en-californie\\\/\"},\"wordCount\":4806,\"publisher\":{\"@id\":\"https:\\\/\\\/charleroi-pourlapalestine.be\\\/#organization\"},\"image\":{\"@id\":\"https:\\\/\\\/charleroi-pourlapalestine.be\\\/index.php\\\/2020\\\/10\\\/16\\\/35-ans-apres-lassassinat-dalex-odeh-un-activiste-palestino-americain-en-californie\\\/#primaryimage\"},\"thumbnailUrl\":\"https:\\\/\\\/charleroi-pourlapalestine.be\\\/wp-content\\\/uploads\\\/2020\\\/10\\\/Alex-Odeh_30-Years-and-still-waiting-e1602839837221.jpg\",\"articleSection\":[\"Colonies\",\"Etats-Unis\",\"Extr\u00eame droite\",\"Isra\u00ebl\"],\"inLanguage\":\"fr-FR\"},{\"@type\":\"WebPage\",\"@id\":\"https:\\\/\\\/charleroi-pourlapalestine.be\\\/index.php\\\/2020\\\/10\\\/16\\\/35-ans-apres-lassassinat-dalex-odeh-un-activiste-palestino-americain-en-californie\\\/\",\"url\":\"https:\\\/\\\/charleroi-pourlapalestine.be\\\/index.php\\\/2020\\\/10\\\/16\\\/35-ans-apres-lassassinat-dalex-odeh-un-activiste-palestino-americain-en-californie\\\/\",\"name\":\"35 ans apr\u00e8s l'assassinat d'Alex Odeh, activiste palestino-am\u00e9ricain\",\"isPartOf\":{\"@id\":\"https:\\\/\\\/charleroi-pourlapalestine.be\\\/#website\"},\"primaryImageOfPage\":{\"@id\":\"https:\\\/\\\/charleroi-pourlapalestine.be\\\/index.php\\\/2020\\\/10\\\/16\\\/35-ans-apres-lassassinat-dalex-odeh-un-activiste-palestino-americain-en-californie\\\/#primaryimage\"},\"image\":{\"@id\":\"https:\\\/\\\/charleroi-pourlapalestine.be\\\/index.php\\\/2020\\\/10\\\/16\\\/35-ans-apres-lassassinat-dalex-odeh-un-activiste-palestino-americain-en-californie\\\/#primaryimage\"},\"thumbnailUrl\":\"https:\\\/\\\/charleroi-pourlapalestine.be\\\/wp-content\\\/uploads\\\/2020\\\/10\\\/Alex-Odeh_30-Years-and-still-waiting-e1602839837221.jpg\",\"datePublished\":\"2020-10-16T13:17:47+00:00\",\"dateModified\":\"2020-10-16T13:40:10+00:00\",\"description\":\"Deux hommes ont \u00e9t\u00e9 cit\u00e9s comme suspects imm\u00e9diatement apr\u00e8s l'assassinat d'Alex Odeh en 1985. Ils vivent maintenant dans une colonie isra\u00e9lienne.\",\"breadcrumb\":{\"@id\":\"https:\\\/\\\/charleroi-pourlapalestine.be\\\/index.php\\\/2020\\\/10\\\/16\\\/35-ans-apres-lassassinat-dalex-odeh-un-activiste-palestino-americain-en-californie\\\/#breadcrumb\"},\"inLanguage\":\"fr-FR\",\"potentialAction\":[{\"@type\":\"ReadAction\",\"target\":[\"https:\\\/\\\/charleroi-pourlapalestine.be\\\/index.php\\\/2020\\\/10\\\/16\\\/35-ans-apres-lassassinat-dalex-odeh-un-activiste-palestino-americain-en-californie\\\/\"]}]},{\"@type\":\"ImageObject\",\"inLanguage\":\"fr-FR\",\"@id\":\"https:\\\/\\\/charleroi-pourlapalestine.be\\\/index.php\\\/2020\\\/10\\\/16\\\/35-ans-apres-lassassinat-dalex-odeh-un-activiste-palestino-americain-en-californie\\\/#primaryimage\",\"url\":\"https:\\\/\\\/charleroi-pourlapalestine.be\\\/wp-content\\\/uploads\\\/2020\\\/10\\\/Alex-Odeh_30-Years-and-still-waiting-e1602839837221.jpg\",\"contentUrl\":\"https:\\\/\\\/charleroi-pourlapalestine.be\\\/wp-content\\\/uploads\\\/2020\\\/10\\\/Alex-Odeh_30-Years-and-still-waiting-e1602839837221.jpg\",\"width\":640,\"height\":320},{\"@type\":\"BreadcrumbList\",\"@id\":\"https:\\\/\\\/charleroi-pourlapalestine.be\\\/index.php\\\/2020\\\/10\\\/16\\\/35-ans-apres-lassassinat-dalex-odeh-un-activiste-palestino-americain-en-californie\\\/#breadcrumb\",\"itemListElement\":[{\"@type\":\"ListItem\",\"position\":1,\"name\":\"Accueil\",\"item\":\"https:\\\/\\\/charleroi-pourlapalestine.be\\\/\"},{\"@type\":\"ListItem\",\"position\":2,\"name\":\"35 ans apr\u00e8s l&#8217;assassinat d&#8217;Alex Odeh, un activiste palestino-am\u00e9ricain en Californie\"}]},{\"@type\":\"WebSite\",\"@id\":\"https:\\\/\\\/charleroi-pourlapalestine.be\\\/#website\",\"url\":\"https:\\\/\\\/charleroi-pourlapalestine.be\\\/\",\"name\":\"Charleroi Pour la Palestine\",\"description\":\"\",\"publisher\":{\"@id\":\"https:\\\/\\\/charleroi-pourlapalestine.be\\\/#organization\"},\"potentialAction\":[{\"@type\":\"SearchAction\",\"target\":{\"@type\":\"EntryPoint\",\"urlTemplate\":\"https:\\\/\\\/charleroi-pourlapalestine.be\\\/?s={search_term_string}\"},\"query-input\":{\"@type\":\"PropertyValueSpecification\",\"valueRequired\":true,\"valueName\":\"search_term_string\"}}],\"inLanguage\":\"fr-FR\"},{\"@type\":\"Organization\",\"@id\":\"https:\\\/\\\/charleroi-pourlapalestine.be\\\/#organization\",\"name\":\"Plate-forme Charleroi-Palestine\",\"url\":\"https:\\\/\\\/charleroi-pourlapalestine.be\\\/\",\"logo\":{\"@type\":\"ImageObject\",\"inLanguage\":\"fr-FR\",\"@id\":\"https:\\\/\\\/charleroi-pourlapalestine.be\\\/#\\\/schema\\\/logo\\\/image\\\/\",\"url\":\"https:\\\/\\\/charleroi-pourlapalestine.be\\\/wp-content\\\/uploads\\\/2020\\\/01\\\/logo-Copy.jpg\",\"contentUrl\":\"https:\\\/\\\/charleroi-pourlapalestine.be\\\/wp-content\\\/uploads\\\/2020\\\/01\\\/logo-Copy.jpg\",\"width\":180,\"height\":180,\"caption\":\"Plate-forme Charleroi-Palestine\"},\"image\":{\"@id\":\"https:\\\/\\\/charleroi-pourlapalestine.be\\\/#\\\/schema\\\/logo\\\/image\\\/\"},\"sameAs\":[\"https:\\\/\\\/www.facebook.com\\\/PlateformeCharleroiPalestine\\\/\",\"https:\\\/\\\/x.com\\\/LaCharleroi\"]},{\"@type\":\"Person\",\"@id\":\"https:\\\/\\\/charleroi-pourlapalestine.be\\\/#\\\/schema\\\/person\\\/c19ff515112f1299d8c12671d8fe3faa\",\"name\":\"admin1873\",\"url\":\"https:\\\/\\\/charleroi-pourlapalestine.be\\\/index.php\\\/author\\\/admin1873\\\/\"}]}<\/script>\n<!-- \/ Yoast SEO plugin. -->","yoast_head_json":{"title":"35 ans apr\u00e8s l'assassinat d'Alex Odeh, activiste palestino-am\u00e9ricain","description":"Deux hommes ont \u00e9t\u00e9 cit\u00e9s comme suspects imm\u00e9diatement apr\u00e8s l'assassinat d'Alex Odeh en 1985. Ils vivent maintenant dans une colonie isra\u00e9lienne.","robots":{"index":"index","follow":"follow","max-snippet":"max-snippet:-1","max-image-preview":"max-image-preview:large","max-video-preview":"max-video-preview:-1"},"canonical":"https:\/\/charleroi-pourlapalestine.be\/index.php\/2020\/10\/16\/35-ans-apres-lassassinat-dalex-odeh-un-activiste-palestino-americain-en-californie\/","schema":{"@context":"https:\/\/schema.org","@graph":[{"@type":"Article","@id":"https:\/\/charleroi-pourlapalestine.be\/index.php\/2020\/10\/16\/35-ans-apres-lassassinat-dalex-odeh-un-activiste-palestino-americain-en-californie\/#article","isPartOf":{"@id":"https:\/\/charleroi-pourlapalestine.be\/index.php\/2020\/10\/16\/35-ans-apres-lassassinat-dalex-odeh-un-activiste-palestino-americain-en-californie\/"},"author":{"name":"admin1873","@id":"https:\/\/charleroi-pourlapalestine.be\/#\/schema\/person\/c19ff515112f1299d8c12671d8fe3faa"},"headline":"35 ans apr\u00e8s l&rsquo;assassinat d&rsquo;Alex Odeh, un activiste palestino-am\u00e9ricain en Californie","datePublished":"2020-10-16T13:17:47+00:00","dateModified":"2020-10-16T13:40:10+00:00","mainEntityOfPage":{"@id":"https:\/\/charleroi-pourlapalestine.be\/index.php\/2020\/10\/16\/35-ans-apres-lassassinat-dalex-odeh-un-activiste-palestino-americain-en-californie\/"},"wordCount":4806,"publisher":{"@id":"https:\/\/charleroi-pourlapalestine.be\/#organization"},"image":{"@id":"https:\/\/charleroi-pourlapalestine.be\/index.php\/2020\/10\/16\/35-ans-apres-lassassinat-dalex-odeh-un-activiste-palestino-americain-en-californie\/#primaryimage"},"thumbnailUrl":"https:\/\/charleroi-pourlapalestine.be\/wp-content\/uploads\/2020\/10\/Alex-Odeh_30-Years-and-still-waiting-e1602839837221.jpg","articleSection":["Colonies","Etats-Unis","Extr\u00eame droite","Isra\u00ebl"],"inLanguage":"fr-FR"},{"@type":"WebPage","@id":"https:\/\/charleroi-pourlapalestine.be\/index.php\/2020\/10\/16\/35-ans-apres-lassassinat-dalex-odeh-un-activiste-palestino-americain-en-californie\/","url":"https:\/\/charleroi-pourlapalestine.be\/index.php\/2020\/10\/16\/35-ans-apres-lassassinat-dalex-odeh-un-activiste-palestino-americain-en-californie\/","name":"35 ans apr\u00e8s l'assassinat d'Alex Odeh, activiste palestino-am\u00e9ricain","isPartOf":{"@id":"https:\/\/charleroi-pourlapalestine.be\/#website"},"primaryImageOfPage":{"@id":"https:\/\/charleroi-pourlapalestine.be\/index.php\/2020\/10\/16\/35-ans-apres-lassassinat-dalex-odeh-un-activiste-palestino-americain-en-californie\/#primaryimage"},"image":{"@id":"https:\/\/charleroi-pourlapalestine.be\/index.php\/2020\/10\/16\/35-ans-apres-lassassinat-dalex-odeh-un-activiste-palestino-americain-en-californie\/#primaryimage"},"thumbnailUrl":"https:\/\/charleroi-pourlapalestine.be\/wp-content\/uploads\/2020\/10\/Alex-Odeh_30-Years-and-still-waiting-e1602839837221.jpg","datePublished":"2020-10-16T13:17:47+00:00","dateModified":"2020-10-16T13:40:10+00:00","description":"Deux hommes ont \u00e9t\u00e9 cit\u00e9s comme suspects imm\u00e9diatement apr\u00e8s l'assassinat d'Alex Odeh en 1985. Ils vivent maintenant dans une colonie isra\u00e9lienne.","breadcrumb":{"@id":"https:\/\/charleroi-pourlapalestine.be\/index.php\/2020\/10\/16\/35-ans-apres-lassassinat-dalex-odeh-un-activiste-palestino-americain-en-californie\/#breadcrumb"},"inLanguage":"fr-FR","potentialAction":[{"@type":"ReadAction","target":["https:\/\/charleroi-pourlapalestine.be\/index.php\/2020\/10\/16\/35-ans-apres-lassassinat-dalex-odeh-un-activiste-palestino-americain-en-californie\/"]}]},{"@type":"ImageObject","inLanguage":"fr-FR","@id":"https:\/\/charleroi-pourlapalestine.be\/index.php\/2020\/10\/16\/35-ans-apres-lassassinat-dalex-odeh-un-activiste-palestino-americain-en-californie\/#primaryimage","url":"https:\/\/charleroi-pourlapalestine.be\/wp-content\/uploads\/2020\/10\/Alex-Odeh_30-Years-and-still-waiting-e1602839837221.jpg","contentUrl":"https:\/\/charleroi-pourlapalestine.be\/wp-content\/uploads\/2020\/10\/Alex-Odeh_30-Years-and-still-waiting-e1602839837221.jpg","width":640,"height":320},{"@type":"BreadcrumbList","@id":"https:\/\/charleroi-pourlapalestine.be\/index.php\/2020\/10\/16\/35-ans-apres-lassassinat-dalex-odeh-un-activiste-palestino-americain-en-californie\/#breadcrumb","itemListElement":[{"@type":"ListItem","position":1,"name":"Accueil","item":"https:\/\/charleroi-pourlapalestine.be\/"},{"@type":"ListItem","position":2,"name":"35 ans apr\u00e8s l&#8217;assassinat d&#8217;Alex Odeh, un activiste palestino-am\u00e9ricain en Californie"}]},{"@type":"WebSite","@id":"https:\/\/charleroi-pourlapalestine.be\/#website","url":"https:\/\/charleroi-pourlapalestine.be\/","name":"Charleroi Pour la Palestine","description":"","publisher":{"@id":"https:\/\/charleroi-pourlapalestine.be\/#organization"},"potentialAction":[{"@type":"SearchAction","target":{"@type":"EntryPoint","urlTemplate":"https:\/\/charleroi-pourlapalestine.be\/?s={search_term_string}"},"query-input":{"@type":"PropertyValueSpecification","valueRequired":true,"valueName":"search_term_string"}}],"inLanguage":"fr-FR"},{"@type":"Organization","@id":"https:\/\/charleroi-pourlapalestine.be\/#organization","name":"Plate-forme Charleroi-Palestine","url":"https:\/\/charleroi-pourlapalestine.be\/","logo":{"@type":"ImageObject","inLanguage":"fr-FR","@id":"https:\/\/charleroi-pourlapalestine.be\/#\/schema\/logo\/image\/","url":"https:\/\/charleroi-pourlapalestine.be\/wp-content\/uploads\/2020\/01\/logo-Copy.jpg","contentUrl":"https:\/\/charleroi-pourlapalestine.be\/wp-content\/uploads\/2020\/01\/logo-Copy.jpg","width":180,"height":180,"caption":"Plate-forme Charleroi-Palestine"},"image":{"@id":"https:\/\/charleroi-pourlapalestine.be\/#\/schema\/logo\/image\/"},"sameAs":["https:\/\/www.facebook.com\/PlateformeCharleroiPalestine\/","https:\/\/x.com\/LaCharleroi"]},{"@type":"Person","@id":"https:\/\/charleroi-pourlapalestine.be\/#\/schema\/person\/c19ff515112f1299d8c12671d8fe3faa","name":"admin1873","url":"https:\/\/charleroi-pourlapalestine.be\/index.php\/author\/admin1873\/"}]}},"_links":{"self":[{"href":"https:\/\/charleroi-pourlapalestine.be\/index.php\/wp-json\/wp\/v2\/posts\/18111","targetHints":{"allow":["GET"]}}],"collection":[{"href":"https:\/\/charleroi-pourlapalestine.be\/index.php\/wp-json\/wp\/v2\/posts"}],"about":[{"href":"https:\/\/charleroi-pourlapalestine.be\/index.php\/wp-json\/wp\/v2\/types\/post"}],"author":[{"embeddable":true,"href":"https:\/\/charleroi-pourlapalestine.be\/index.php\/wp-json\/wp\/v2\/users\/1"}],"replies":[{"embeddable":true,"href":"https:\/\/charleroi-pourlapalestine.be\/index.php\/wp-json\/wp\/v2\/comments?post=18111"}],"version-history":[{"count":0,"href":"https:\/\/charleroi-pourlapalestine.be\/index.php\/wp-json\/wp\/v2\/posts\/18111\/revisions"}],"wp:featuredmedia":[{"embeddable":true,"href":"https:\/\/charleroi-pourlapalestine.be\/index.php\/wp-json\/wp\/v2\/media\/18126"}],"wp:attachment":[{"href":"https:\/\/charleroi-pourlapalestine.be\/index.php\/wp-json\/wp\/v2\/media?parent=18111"}],"wp:term":[{"taxonomy":"category","embeddable":true,"href":"https:\/\/charleroi-pourlapalestine.be\/index.php\/wp-json\/wp\/v2\/categories?post=18111"},{"taxonomy":"post_tag","embeddable":true,"href":"https:\/\/charleroi-pourlapalestine.be\/index.php\/wp-json\/wp\/v2\/tags?post=18111"}],"curies":[{"name":"wp","href":"https:\/\/api.w.org\/{rel}","templated":true}]}}