{"id":18269,"date":"2020-10-26T11:11:19","date_gmt":"2020-10-26T10:11:19","guid":{"rendered":"https:\/\/charleroi-pourlapalestine.be\/?p=18269"},"modified":"2021-02-22T09:00:52","modified_gmt":"2021-02-22T08:00:52","slug":"plus-de-600-personnes-devant-la-prison-de-lannemezan-pour-la-liberation-de-georges-abdallah","status":"publish","type":"post","link":"https:\/\/charleroi-pourlapalestine.be\/index.php\/2020\/10\/26\/plus-de-600-personnes-devant-la-prison-de-lannemezan-pour-la-liberation-de-georges-abdallah\/","title":{"rendered":"Plus de 600 personnes devant la prison de Lannemezan pour la lib\u00e9ration de Georges Abdallah !"},"content":{"rendered":"<p>Samedi 24 octobre devant les portes de la prison de <strong>Lannemezan<\/strong> c\u2019est finalement plus de 600 personnes qui se sont rassembl\u00e9es pour exiger la lib\u00e9ration imm\u00e9diate de <a href=\"https:\/\/charleroi-pourlapalestine.be\/index.php\/tag\/georges-abdallah\/\"><strong>Georges Abdallah<\/strong><\/a>, communiste arabe et combattant de la r\u00e9sistance palestinienne emprisonn\u00e9 en France depuis 1984. Pour la dixi\u00e8me ann\u00e9e cons\u00e9cutive, cette manifestation a connu une participation historique malgr\u00e9 le couvre-feu et la pand\u00e9mie qui ont limit\u00e9 les d\u00e9placements.<\/p>\n<div id=\"attachment_18276\" style=\"width: 396px\" class=\"wp-caption alignnone\"><img loading=\"lazy\" decoding=\"async\" aria-describedby=\"caption-attachment-18276\" class=\"wp-image-18276 size-full\" src=\"https:\/\/charleroi-pourlapalestine.be\/wp-content\/uploads\/2020\/10\/Lannemezan-2020-2-e1603706836718.jpeg\" alt=\"Plus de 600 personnes marchent vers la prison de Lannemezan\" width=\"386\" height=\"320\"><p id=\"caption-attachment-18276\" class=\"wp-caption-text\">Plus de 600 personnes marchent vers la prison de Lannemezan<\/p><\/div>\n<p>Vid\u00e9o de<a href=\"https:\/\/charleroi-pourlapalestine.be\/index.php\/tag\/chris-den-hond\/\"><strong> Chris den Hond<\/strong><\/a> :<\/p>\n<div class=\"video-container\"><iframe loading=\"lazy\" title=\"Georges Abdallah MANIF LANNEMEZAN 2020\" width=\"500\" height=\"281\" src=\"https:\/\/www.youtube.com\/embed\/pIOi3brdFAI?start=63&#038;feature=oembed&#038;wmode=opaque\" frameborder=\"0\" allow=\"accelerometer; autoplay; clipboard-write; encrypted-media; gyroscope; picture-in-picture; web-share\" referrerpolicy=\"strict-origin-when-cross-origin\" allowfullscreen><\/iframe><\/div>\n<p>&nbsp;<\/p>\n<p>De nombreuses d\u00e9l\u00e9gations de <strong>Toulouse, Bordeaux, Pau, Auch, Tarbes, Paris, Lille, Lyon, Grenoble, Marseille, Martigues, Annecy, Montpellier<\/strong> et d\u2019ailleurs avaient fait le d\u00e9placement. De nombreux comit\u00e9s de soutien \u00e0 la Palestine et \u00e0 Georges Abdallah \u00e9taient pr\u00e9sents (Collectif Palestine Vaincra, Samidoun, Campagne unitaire pour la lib\u00e9ration de Georges Abdallah, Couserans-Palestine, UJFP, ISM-France, CAPJPO-EuroPalestine, des comit\u00e9s BDS, des sections de l\u2019AFPS, Collectif 65 pour la lib\u00e9ration de Georges Abdallah, Lib\u00e9rons Georges 33\u2026), des organisations politiques de gauche et d\u2019extr\u00eame gauche (UJDL\/PCL, JC\/PCF, FI, NPA, Lutte Ouvri\u00e8re, UCL, Secours Rouge, Eunomia, PRCF, ANC, PCRF, PCOF, JR, PCM, DIP, Partizan, Libertat, Partido de los trabajadores, Rete dei Comunisti\u2026) tout comme des syndicats (Union Syndicale Solidaires, des sections SUD et CGT\u2026) et des organisations antiracistes et antifascistes (ATIK, FUIQP, AFA Pau, AFA Paris Banlieue, AFA Tolosa, AFA 79, DAR Harraga, Toulouse Anti CRA, Comit\u00e9 V\u00e9rit\u00e9 et Justice 31\u2026).<\/p>\n<p>L\u2019immense diversit\u00e9 politique et organisationnelle des participants \u00e0 la manifestation t\u00e9moigne que le combat pour la lib\u00e9ration de Georges Abdallah unis toutes les personnes \u00e9prises de justice. La marche \u00e9tait ouverte par une banderole unitaire des diff\u00e9rents comit\u00e9s de soutien \u00e0 la lib\u00e9ration de Georges Abdallah.<\/p>\n<p>&nbsp;Le <strong>Collectif Palestine Vaincra<\/strong>, membre du r\u00e9seau <strong>Samidoun<\/strong>, a organis\u00e9 un cort\u00e8ge autour du mot d\u2019ordre <em>\u00ab&nbsp;Libert\u00e9 pour Georges Abdallah ! Libert\u00e9 pour la Palestine !&nbsp;\u00bb<\/em> qui a regroup\u00e9 plusieurs dizaines de manifestant\u00b7e\u00b7s. Une repr\u00e9sentante de <strong>Samidoun Espagn<\/strong>e et de l\u2019organisation de femmes palestiniennes <strong>Alkarama<\/strong> \u00e9tait pr\u00e9sente \u00e0 nos c\u00f4t\u00e9s. De nombreux drapeaux palestiniens, du collectif et de Samidoun \u00e9taient brandis tout comme deux calicots exigeant la lib\u00e9ration de <strong>Georges Abdallah<\/strong> et celle d\u2019<strong>Ahmad Sa\u2019adat<\/strong>, secr\u00e9taire g\u00e9n\u00e9ral du <strong>Front Populaire de Lib\u00e9ration de la Palestine<\/strong> emprisonn\u00e9 par l\u2019occupation isra\u00e9lienne. Nous avons scand\u00e9 de nombreux slogans de solidarit\u00e9 avec la r\u00e9sistance palestinienne et ses combattants emprisonn\u00e9s comme : <em>Palestine vivra ! Palestine vaincra ! Lib\u00e9rez Georges Abdallah !, Vive la lutte du peuple palestinien ! et \u00e9galement en arabe : Palestine libre ! Sionistes dehors !&nbsp; ou encore Que l\u2019imp\u00e9rialisme tombe ! La Palestine libre !<\/em><\/p>\n<p>La manifestation s\u2019est termin\u00e9e par un hommage aux militant\u00b7e\u00b7s de la campagne de soutien d\u00e9c\u00e9d\u00e9s r\u00e9cemment et un l\u00e2cher de ballons aux couleurs de la Palestine. Puis une d\u00e9claration de <strong>Georges Abdallah<\/strong> \u00e9crite pour l\u2019occasion a \u00e9t\u00e9 lue. Il a soulign\u00e9 que<\/p>\n<blockquote><p>\u00ab&nbsp;plus que jamais les masses palestiniennes, en d\u00e9pit des trahisons de la bourgeoisie, assument leur r\u00f4le de v\u00e9ritable garant des int\u00e9r\u00eats du peuple. Face \u00e0 l\u2019occupation et \u00e0 la barbarie de l\u2019occupant, la premi\u00e8re r\u00e9ponse l\u00e9gitime que l\u2019on doit afficher avant tout autre chose est la solidarit\u00e9, toute la solidarit\u00e9, avec ceux et celles qui par leur sang font face \u00e0 la soldatesque de l\u2019occupation. Les conditions de d\u00e9tention dans les ge\u00f4les sionistes ne cessent de s\u2019empirer de jour en jour et comme vous le savez, camarades, pour y faire face la solidarit\u00e9 internationale s\u2019av\u00e8re une arme indispensable. Tout naturellement les masses populaires palestiniennes et leurs avant-gardes r\u00e9volutionnaires peuvent toujours compter sur votre mobilisation et votre solidarit\u00e9 active&nbsp;\u00bb.<\/p><\/blockquote>\n<p>Ensuite, une <strong>d\u00e9claration commune<\/strong> (*) de nombreuses organisations et comit\u00e9s de soutien (dont le Collectif Palestine Vaincra et le r\u00e9seau Samidoun) a \u00e9t\u00e9 lue. Elle a rappel\u00e9 que<\/p>\n<blockquote><p>\u00ab lutter pour Georges Abdallah et avec Georges Abdallah [\u2026] c\u2019est lutter aux c\u00f4t\u00e9s de la r\u00e9sistance palestinienne, pour la r\u00e9alisation de tous les droits du peuple palestinien, y compris le droit au retour de tous les \u00ab r\u00e9fugi\u00e9s \u00bb, en soutien \u00e0 l\u2019Intifada, \u00e0 la jeunesse palestinienne, aux h\u00e9ros r\u00e9sistants captifs des ge\u00f4les sionistes ; c\u2019est soutenir la r\u00e9volution palestinienne et lutter contre la normalisation et toutes les formes de liquidation. C\u2019est clairement se positionner contre toutes formes de tergiversations, de compromissions, de n\u00e9gociations et d\u2019illusions sans fin qui ne visent qu\u2019\u00e0 liquider le mouvement de lib\u00e9ration national palestinien pour le r\u00e9duire \u00e0 une simple question humanitaire. C\u2019est soutenir la r\u00e9sistance par tous les moyens au profit des int\u00e9r\u00eats du peuple palestinien et des peuples de la r\u00e9gion. \u00bb<\/p><\/blockquote>\n<p>La <strong>Campagne libanaise pour la lib\u00e9ration de Georges Abdallah<\/strong> avait \u00e9galement transmis une d\u00e9claration qui a \u00e9t\u00e9 lue devant la prison. Celle-ci a soulign\u00e9 l\u2019hypocrisie des occidentaux en rappelant<\/p>\n<blockquote><p>\u00ab&nbsp;qu\u2019aujourd\u2019hui les milliers des prisonnier\u00b7e\u00b7s politiques dans les prisons sionistes, les milliers des r\u00e9fugi\u00e9\u00b7e\u00b7s au Liban, en Syrie et ailleurs sont les t\u00e9moins de l\u2019occupation et de l\u2019expansion de cette entit\u00e9. \u201cN\u2019en parlez pas, vous risquez des peines\u201d.<\/p>\n<p>Mais normalisez avec l\u2019entit\u00e9 sioniste vous allez \u00eatre nomm\u00e9 \u201clibre\u201d, vous voyez camarades ? Le r\u00e9gime en Arabie Saoudite et les \u00e9mirats arabes unis font partie du monde libre des USA !&nbsp;\u00bb<\/p><\/blockquote>\n<p>Parall\u00e8lement \u00e0 l\u2019initiative nationale devant la prison de Lannemezan des activit\u00e9s ont \u00e9galement eu lieu autour de la date du 24 octobre dans plusieurs villes et pays en particulier \u00e0 <strong>Beyrouth, Ramallah, Gaza, Tunis, Francfort, Gen\u00e8ve, G\u00f6teborg, Bruxelles, Valparaiso <\/strong>et<strong> Z\u00fcrich.<\/strong>&nbsp;<\/p>\n<p>Le mois de mobilisation pour la lib\u00e9ration de Georges Abdallah s\u2019ach\u00e8ve et il a \u00e9t\u00e9 un v\u00e9ritable succ\u00e8s. Malgr\u00e9 le contexte sanitaire difficile, le Collectif Palestine Vaincra a men\u00e9 une campagne d\u2019information \u00e0 Toulouse sur la situation de Georges Abdallah en diffusant 10000 flyers, 900 affiches et pr\u00e8s de 5000 stickers tout en organisant avec d\u2019autres collectifs une large participation des toulousain\u00b7e\u00b7s \u00e0 la manifestation de Lannemezan. Cela nous invite \u00e0 redoubler d\u2019efforts, \u00e0 poursuivre et intensifier la campagne pour sa lib\u00e9ration pour qu\u2019enfin Georges Abdallah retrouve son pays, le Liban.<\/p>\n<p>N\u2019h\u00e9sitez pas \u00e0 nous contacter si vous souhaitez participer aux prochaines activit\u00e9s que nous organiserons ! Plus que jamais, Palestine vaincra !<\/p>\n<hr>\n<p>Publi\u00e9 le 25 octobre 2020 sur <a href=\"https:\/\/palestinevaincra.com\/2020\/10\/plus-de-600-personnes-devant-la-prison-de-lannemezan-pour-la-liberation-de-georges-abdallah\/\" target=\"_blank\" rel=\"noopener noreferrer\"><strong>Collectif Palestine Vaincra<\/strong><\/a><\/p>\n<p>(*) Cette d\u00e9claration a \u00e9galement \u00e9t\u00e9 sign\u00e9e par la <a href=\"https:\/\/charleroi-pourlapalestine.be\/index.php\/category\/plate-forme-charleroi-palestine\/\"><strong>Plate-forme Charleroi-Palestine<\/strong><\/a> et l&rsquo;<strong>Appel belge pour la lib\u00e9ration de Georges Abdallah<\/strong><\/p>\n<p>Voyez \u00e9galement ic l&rsquo;interview de <a href=\"https:\/\/www.facebook.com\/decolonialnews\/videos\/1014336975709103\/\" target=\"_blank\" rel=\"noopener noreferrer\"><strong>Sa\u00efd Bouamama<\/strong><\/a>, r\u00e9alis\u00e9 par D\u00e9colonial News<\/p>\n<p>&nbsp;<\/p>\n","protected":false},"excerpt":{"rendered":"<p>Pour la dixi\u00e8me ann\u00e9e cons\u00e9cutive, cette manifestation a connu une participation historique malgr\u00e9 le couvre-feu et la pand\u00e9mie qui ont limit\u00e9 les d\u00e9placements.<\/p>\n","protected":false},"author":1,"featured_media":18277,"comment_status":"closed","ping_status":"closed","sticky":false,"template":"","format":"standard","meta":{"ngg_post_thumbnail":0,"footnotes":""},"categories":[136,14,13,193],"tags":[216,725],"class_list":["post-18269","post","type-post","status-publish","format-standard","has-post-thumbnail","hentry","category-france","category-georges-ibrahim-abdallah","category-les-prisionners-palestiniens","category-mouvement-de-solidarite","tag-georges-abdallah","tag-said-bouamama"],"yoast_head":"<!-- This site is optimized with the Yoast SEO plugin v27.3 - https:\/\/yoast.com\/product\/yoast-seo-wordpress\/ -->\n<title>Plus de 600 personnes devant la prison de Lannemezan<\/title>\n<meta name=\"description\" content=\"Plus de 600 personnes se sont rassembl\u00e9es devant la prison de Lannemezan pour exiger la lib\u00e9ration imm\u00e9diate de Georges Abdallah\" \/>\n<meta name=\"robots\" content=\"index, follow, max-snippet:-1, max-image-preview:large, max-video-preview:-1\" \/>\n<link rel=\"canonical\" href=\"https:\/\/charleroi-pourlapalestine.be\/index.php\/2020\/10\/26\/plus-de-600-personnes-devant-la-prison-de-lannemezan-pour-la-liberation-de-georges-abdallah\/\" \/>\n<script type=\"application\/ld+json\" class=\"yoast-schema-graph\">{\"@context\":\"https:\\\/\\\/schema.org\",\"@graph\":[{\"@type\":\"Article\",\"@id\":\"https:\\\/\\\/charleroi-pourlapalestine.be\\\/index.php\\\/2020\\\/10\\\/26\\\/plus-de-600-personnes-devant-la-prison-de-lannemezan-pour-la-liberation-de-georges-abdallah\\\/#article\",\"isPartOf\":{\"@id\":\"https:\\\/\\\/charleroi-pourlapalestine.be\\\/index.php\\\/2020\\\/10\\\/26\\\/plus-de-600-personnes-devant-la-prison-de-lannemezan-pour-la-liberation-de-georges-abdallah\\\/\"},\"author\":{\"name\":\"admin1873\",\"@id\":\"https:\\\/\\\/charleroi-pourlapalestine.be\\\/#\\\/schema\\\/person\\\/c19ff515112f1299d8c12671d8fe3faa\"},\"headline\":\"Plus de 600 personnes devant la prison de Lannemezan pour la lib\u00e9ration de Georges Abdallah !\",\"datePublished\":\"2020-10-26T10:11:19+00:00\",\"dateModified\":\"2021-02-22T08:00:52+00:00\",\"mainEntityOfPage\":{\"@id\":\"https:\\\/\\\/charleroi-pourlapalestine.be\\\/index.php\\\/2020\\\/10\\\/26\\\/plus-de-600-personnes-devant-la-prison-de-lannemezan-pour-la-liberation-de-georges-abdallah\\\/\"},\"wordCount\":1168,\"publisher\":{\"@id\":\"https:\\\/\\\/charleroi-pourlapalestine.be\\\/#organization\"},\"image\":{\"@id\":\"https:\\\/\\\/charleroi-pourlapalestine.be\\\/index.php\\\/2020\\\/10\\\/26\\\/plus-de-600-personnes-devant-la-prison-de-lannemezan-pour-la-liberation-de-georges-abdallah\\\/#primaryimage\"},\"thumbnailUrl\":\"https:\\\/\\\/charleroi-pourlapalestine.be\\\/wp-content\\\/uploads\\\/2020\\\/10\\\/Lannemezan-2020-3-e1603706868190.jpeg\",\"keywords\":[\"Georges Abdallah\",\"Said Bouamama\"],\"articleSection\":[\"France\",\"Georges Abdallah\",\"Prisonniers\",\"Solidarit\u00e9 internationale\"],\"inLanguage\":\"fr-FR\"},{\"@type\":\"WebPage\",\"@id\":\"https:\\\/\\\/charleroi-pourlapalestine.be\\\/index.php\\\/2020\\\/10\\\/26\\\/plus-de-600-personnes-devant-la-prison-de-lannemezan-pour-la-liberation-de-georges-abdallah\\\/\",\"url\":\"https:\\\/\\\/charleroi-pourlapalestine.be\\\/index.php\\\/2020\\\/10\\\/26\\\/plus-de-600-personnes-devant-la-prison-de-lannemezan-pour-la-liberation-de-georges-abdallah\\\/\",\"name\":\"Plus de 600 personnes devant la prison de Lannemezan\",\"isPartOf\":{\"@id\":\"https:\\\/\\\/charleroi-pourlapalestine.be\\\/#website\"},\"primaryImageOfPage\":{\"@id\":\"https:\\\/\\\/charleroi-pourlapalestine.be\\\/index.php\\\/2020\\\/10\\\/26\\\/plus-de-600-personnes-devant-la-prison-de-lannemezan-pour-la-liberation-de-georges-abdallah\\\/#primaryimage\"},\"image\":{\"@id\":\"https:\\\/\\\/charleroi-pourlapalestine.be\\\/index.php\\\/2020\\\/10\\\/26\\\/plus-de-600-personnes-devant-la-prison-de-lannemezan-pour-la-liberation-de-georges-abdallah\\\/#primaryimage\"},\"thumbnailUrl\":\"https:\\\/\\\/charleroi-pourlapalestine.be\\\/wp-content\\\/uploads\\\/2020\\\/10\\\/Lannemezan-2020-3-e1603706868190.jpeg\",\"datePublished\":\"2020-10-26T10:11:19+00:00\",\"dateModified\":\"2021-02-22T08:00:52+00:00\",\"description\":\"Plus de 600 personnes se sont rassembl\u00e9es devant la prison de Lannemezan pour exiger la lib\u00e9ration imm\u00e9diate de Georges Abdallah\",\"breadcrumb\":{\"@id\":\"https:\\\/\\\/charleroi-pourlapalestine.be\\\/index.php\\\/2020\\\/10\\\/26\\\/plus-de-600-personnes-devant-la-prison-de-lannemezan-pour-la-liberation-de-georges-abdallah\\\/#breadcrumb\"},\"inLanguage\":\"fr-FR\",\"potentialAction\":[{\"@type\":\"ReadAction\",\"target\":[\"https:\\\/\\\/charleroi-pourlapalestine.be\\\/index.php\\\/2020\\\/10\\\/26\\\/plus-de-600-personnes-devant-la-prison-de-lannemezan-pour-la-liberation-de-georges-abdallah\\\/\"]}]},{\"@type\":\"ImageObject\",\"inLanguage\":\"fr-FR\",\"@id\":\"https:\\\/\\\/charleroi-pourlapalestine.be\\\/index.php\\\/2020\\\/10\\\/26\\\/plus-de-600-personnes-devant-la-prison-de-lannemezan-pour-la-liberation-de-georges-abdallah\\\/#primaryimage\",\"url\":\"https:\\\/\\\/charleroi-pourlapalestine.be\\\/wp-content\\\/uploads\\\/2020\\\/10\\\/Lannemezan-2020-3-e1603706868190.jpeg\",\"contentUrl\":\"https:\\\/\\\/charleroi-pourlapalestine.be\\\/wp-content\\\/uploads\\\/2020\\\/10\\\/Lannemezan-2020-3-e1603706868190.jpeg\",\"width\":427,\"height\":320},{\"@type\":\"BreadcrumbList\",\"@id\":\"https:\\\/\\\/charleroi-pourlapalestine.be\\\/index.php\\\/2020\\\/10\\\/26\\\/plus-de-600-personnes-devant-la-prison-de-lannemezan-pour-la-liberation-de-georges-abdallah\\\/#breadcrumb\",\"itemListElement\":[{\"@type\":\"ListItem\",\"position\":1,\"name\":\"Accueil\",\"item\":\"https:\\\/\\\/charleroi-pourlapalestine.be\\\/\"},{\"@type\":\"ListItem\",\"position\":2,\"name\":\"Plus de 600 personnes devant la prison de Lannemezan pour la lib\u00e9ration de Georges Abdallah !\"}]},{\"@type\":\"WebSite\",\"@id\":\"https:\\\/\\\/charleroi-pourlapalestine.be\\\/#website\",\"url\":\"https:\\\/\\\/charleroi-pourlapalestine.be\\\/\",\"name\":\"Charleroi Pour la Palestine\",\"description\":\"\",\"publisher\":{\"@id\":\"https:\\\/\\\/charleroi-pourlapalestine.be\\\/#organization\"},\"potentialAction\":[{\"@type\":\"SearchAction\",\"target\":{\"@type\":\"EntryPoint\",\"urlTemplate\":\"https:\\\/\\\/charleroi-pourlapalestine.be\\\/?s={search_term_string}\"},\"query-input\":{\"@type\":\"PropertyValueSpecification\",\"valueRequired\":true,\"valueName\":\"search_term_string\"}}],\"inLanguage\":\"fr-FR\"},{\"@type\":\"Organization\",\"@id\":\"https:\\\/\\\/charleroi-pourlapalestine.be\\\/#organization\",\"name\":\"Plate-forme Charleroi-Palestine\",\"url\":\"https:\\\/\\\/charleroi-pourlapalestine.be\\\/\",\"logo\":{\"@type\":\"ImageObject\",\"inLanguage\":\"fr-FR\",\"@id\":\"https:\\\/\\\/charleroi-pourlapalestine.be\\\/#\\\/schema\\\/logo\\\/image\\\/\",\"url\":\"https:\\\/\\\/charleroi-pourlapalestine.be\\\/wp-content\\\/uploads\\\/2020\\\/01\\\/logo-Copy.jpg\",\"contentUrl\":\"https:\\\/\\\/charleroi-pourlapalestine.be\\\/wp-content\\\/uploads\\\/2020\\\/01\\\/logo-Copy.jpg\",\"width\":180,\"height\":180,\"caption\":\"Plate-forme Charleroi-Palestine\"},\"image\":{\"@id\":\"https:\\\/\\\/charleroi-pourlapalestine.be\\\/#\\\/schema\\\/logo\\\/image\\\/\"},\"sameAs\":[\"https:\\\/\\\/www.facebook.com\\\/PlateformeCharleroiPalestine\\\/\",\"https:\\\/\\\/x.com\\\/LaCharleroi\"]},{\"@type\":\"Person\",\"@id\":\"https:\\\/\\\/charleroi-pourlapalestine.be\\\/#\\\/schema\\\/person\\\/c19ff515112f1299d8c12671d8fe3faa\",\"name\":\"admin1873\",\"url\":\"https:\\\/\\\/charleroi-pourlapalestine.be\\\/index.php\\\/author\\\/admin1873\\\/\"}]}<\/script>\n<!-- \/ Yoast SEO plugin. -->","yoast_head_json":{"title":"Plus de 600 personnes devant la prison de Lannemezan","description":"Plus de 600 personnes se sont rassembl\u00e9es devant la prison de Lannemezan pour exiger la lib\u00e9ration imm\u00e9diate de Georges Abdallah","robots":{"index":"index","follow":"follow","max-snippet":"max-snippet:-1","max-image-preview":"max-image-preview:large","max-video-preview":"max-video-preview:-1"},"canonical":"https:\/\/charleroi-pourlapalestine.be\/index.php\/2020\/10\/26\/plus-de-600-personnes-devant-la-prison-de-lannemezan-pour-la-liberation-de-georges-abdallah\/","schema":{"@context":"https:\/\/schema.org","@graph":[{"@type":"Article","@id":"https:\/\/charleroi-pourlapalestine.be\/index.php\/2020\/10\/26\/plus-de-600-personnes-devant-la-prison-de-lannemezan-pour-la-liberation-de-georges-abdallah\/#article","isPartOf":{"@id":"https:\/\/charleroi-pourlapalestine.be\/index.php\/2020\/10\/26\/plus-de-600-personnes-devant-la-prison-de-lannemezan-pour-la-liberation-de-georges-abdallah\/"},"author":{"name":"admin1873","@id":"https:\/\/charleroi-pourlapalestine.be\/#\/schema\/person\/c19ff515112f1299d8c12671d8fe3faa"},"headline":"Plus de 600 personnes devant la prison de Lannemezan pour la lib\u00e9ration de Georges Abdallah !","datePublished":"2020-10-26T10:11:19+00:00","dateModified":"2021-02-22T08:00:52+00:00","mainEntityOfPage":{"@id":"https:\/\/charleroi-pourlapalestine.be\/index.php\/2020\/10\/26\/plus-de-600-personnes-devant-la-prison-de-lannemezan-pour-la-liberation-de-georges-abdallah\/"},"wordCount":1168,"publisher":{"@id":"https:\/\/charleroi-pourlapalestine.be\/#organization"},"image":{"@id":"https:\/\/charleroi-pourlapalestine.be\/index.php\/2020\/10\/26\/plus-de-600-personnes-devant-la-prison-de-lannemezan-pour-la-liberation-de-georges-abdallah\/#primaryimage"},"thumbnailUrl":"https:\/\/charleroi-pourlapalestine.be\/wp-content\/uploads\/2020\/10\/Lannemezan-2020-3-e1603706868190.jpeg","keywords":["Georges Abdallah","Said Bouamama"],"articleSection":["France","Georges Abdallah","Prisonniers","Solidarit\u00e9 internationale"],"inLanguage":"fr-FR"},{"@type":"WebPage","@id":"https:\/\/charleroi-pourlapalestine.be\/index.php\/2020\/10\/26\/plus-de-600-personnes-devant-la-prison-de-lannemezan-pour-la-liberation-de-georges-abdallah\/","url":"https:\/\/charleroi-pourlapalestine.be\/index.php\/2020\/10\/26\/plus-de-600-personnes-devant-la-prison-de-lannemezan-pour-la-liberation-de-georges-abdallah\/","name":"Plus de 600 personnes devant la prison de Lannemezan","isPartOf":{"@id":"https:\/\/charleroi-pourlapalestine.be\/#website"},"primaryImageOfPage":{"@id":"https:\/\/charleroi-pourlapalestine.be\/index.php\/2020\/10\/26\/plus-de-600-personnes-devant-la-prison-de-lannemezan-pour-la-liberation-de-georges-abdallah\/#primaryimage"},"image":{"@id":"https:\/\/charleroi-pourlapalestine.be\/index.php\/2020\/10\/26\/plus-de-600-personnes-devant-la-prison-de-lannemezan-pour-la-liberation-de-georges-abdallah\/#primaryimage"},"thumbnailUrl":"https:\/\/charleroi-pourlapalestine.be\/wp-content\/uploads\/2020\/10\/Lannemezan-2020-3-e1603706868190.jpeg","datePublished":"2020-10-26T10:11:19+00:00","dateModified":"2021-02-22T08:00:52+00:00","description":"Plus de 600 personnes se sont rassembl\u00e9es devant la prison de Lannemezan pour exiger la lib\u00e9ration imm\u00e9diate de Georges Abdallah","breadcrumb":{"@id":"https:\/\/charleroi-pourlapalestine.be\/index.php\/2020\/10\/26\/plus-de-600-personnes-devant-la-prison-de-lannemezan-pour-la-liberation-de-georges-abdallah\/#breadcrumb"},"inLanguage":"fr-FR","potentialAction":[{"@type":"ReadAction","target":["https:\/\/charleroi-pourlapalestine.be\/index.php\/2020\/10\/26\/plus-de-600-personnes-devant-la-prison-de-lannemezan-pour-la-liberation-de-georges-abdallah\/"]}]},{"@type":"ImageObject","inLanguage":"fr-FR","@id":"https:\/\/charleroi-pourlapalestine.be\/index.php\/2020\/10\/26\/plus-de-600-personnes-devant-la-prison-de-lannemezan-pour-la-liberation-de-georges-abdallah\/#primaryimage","url":"https:\/\/charleroi-pourlapalestine.be\/wp-content\/uploads\/2020\/10\/Lannemezan-2020-3-e1603706868190.jpeg","contentUrl":"https:\/\/charleroi-pourlapalestine.be\/wp-content\/uploads\/2020\/10\/Lannemezan-2020-3-e1603706868190.jpeg","width":427,"height":320},{"@type":"BreadcrumbList","@id":"https:\/\/charleroi-pourlapalestine.be\/index.php\/2020\/10\/26\/plus-de-600-personnes-devant-la-prison-de-lannemezan-pour-la-liberation-de-georges-abdallah\/#breadcrumb","itemListElement":[{"@type":"ListItem","position":1,"name":"Accueil","item":"https:\/\/charleroi-pourlapalestine.be\/"},{"@type":"ListItem","position":2,"name":"Plus de 600 personnes devant la prison de Lannemezan pour la lib\u00e9ration de Georges Abdallah !"}]},{"@type":"WebSite","@id":"https:\/\/charleroi-pourlapalestine.be\/#website","url":"https:\/\/charleroi-pourlapalestine.be\/","name":"Charleroi Pour la Palestine","description":"","publisher":{"@id":"https:\/\/charleroi-pourlapalestine.be\/#organization"},"potentialAction":[{"@type":"SearchAction","target":{"@type":"EntryPoint","urlTemplate":"https:\/\/charleroi-pourlapalestine.be\/?s={search_term_string}"},"query-input":{"@type":"PropertyValueSpecification","valueRequired":true,"valueName":"search_term_string"}}],"inLanguage":"fr-FR"},{"@type":"Organization","@id":"https:\/\/charleroi-pourlapalestine.be\/#organization","name":"Plate-forme Charleroi-Palestine","url":"https:\/\/charleroi-pourlapalestine.be\/","logo":{"@type":"ImageObject","inLanguage":"fr-FR","@id":"https:\/\/charleroi-pourlapalestine.be\/#\/schema\/logo\/image\/","url":"https:\/\/charleroi-pourlapalestine.be\/wp-content\/uploads\/2020\/01\/logo-Copy.jpg","contentUrl":"https:\/\/charleroi-pourlapalestine.be\/wp-content\/uploads\/2020\/01\/logo-Copy.jpg","width":180,"height":180,"caption":"Plate-forme Charleroi-Palestine"},"image":{"@id":"https:\/\/charleroi-pourlapalestine.be\/#\/schema\/logo\/image\/"},"sameAs":["https:\/\/www.facebook.com\/PlateformeCharleroiPalestine\/","https:\/\/x.com\/LaCharleroi"]},{"@type":"Person","@id":"https:\/\/charleroi-pourlapalestine.be\/#\/schema\/person\/c19ff515112f1299d8c12671d8fe3faa","name":"admin1873","url":"https:\/\/charleroi-pourlapalestine.be\/index.php\/author\/admin1873\/"}]}},"_links":{"self":[{"href":"https:\/\/charleroi-pourlapalestine.be\/index.php\/wp-json\/wp\/v2\/posts\/18269","targetHints":{"allow":["GET"]}}],"collection":[{"href":"https:\/\/charleroi-pourlapalestine.be\/index.php\/wp-json\/wp\/v2\/posts"}],"about":[{"href":"https:\/\/charleroi-pourlapalestine.be\/index.php\/wp-json\/wp\/v2\/types\/post"}],"author":[{"embeddable":true,"href":"https:\/\/charleroi-pourlapalestine.be\/index.php\/wp-json\/wp\/v2\/users\/1"}],"replies":[{"embeddable":true,"href":"https:\/\/charleroi-pourlapalestine.be\/index.php\/wp-json\/wp\/v2\/comments?post=18269"}],"version-history":[{"count":0,"href":"https:\/\/charleroi-pourlapalestine.be\/index.php\/wp-json\/wp\/v2\/posts\/18269\/revisions"}],"wp:featuredmedia":[{"embeddable":true,"href":"https:\/\/charleroi-pourlapalestine.be\/index.php\/wp-json\/wp\/v2\/media\/18277"}],"wp:attachment":[{"href":"https:\/\/charleroi-pourlapalestine.be\/index.php\/wp-json\/wp\/v2\/media?parent=18269"}],"wp:term":[{"taxonomy":"category","embeddable":true,"href":"https:\/\/charleroi-pourlapalestine.be\/index.php\/wp-json\/wp\/v2\/categories?post=18269"},{"taxonomy":"post_tag","embeddable":true,"href":"https:\/\/charleroi-pourlapalestine.be\/index.php\/wp-json\/wp\/v2\/tags?post=18269"}],"curies":[{"name":"wp","href":"https:\/\/api.w.org\/{rel}","templated":true}]}}