{"id":18373,"date":"2020-10-31T17:05:44","date_gmt":"2020-10-31T16:05:44","guid":{"rendered":"https:\/\/charleroi-pourlapalestine.be\/?p=18373"},"modified":"2020-10-31T17:05:46","modified_gmt":"2020-10-31T16:05:46","slug":"les-footballeurs-palestiniens-de-bnei-sakhnin-fc-victimes-de-racisme","status":"publish","type":"post","link":"https:\/\/charleroi-pourlapalestine.be\/index.php\/2020\/10\/31\/les-footballeurs-palestiniens-de-bnei-sakhnin-fc-victimes-de-racisme\/","title":{"rendered":"Les footballeurs palestiniens  de Bnei Sakhnin FC victimes de racisme"},"content":{"rendered":"<p><strong>Bnei Sakhnin FC<\/strong> est de loin le meilleur club de football principalement compos\u00e9 de Palestiniens vivant en Isra\u00ebl.<\/p>\n<p>Il a remport\u00e9 la Coupe d&rsquo;Isra\u00ebl et a concouru dans la Coupe UEFA de la Ligue europ\u00e9enne. La t\u00e9nacit\u00e9 de l&rsquo;\u00e9quipe lui a valu de nombreux admirateurs et a m\u00eame inspir\u00e9 un long m\u00e9trage cin\u00e9matographique.<\/p>\n<p>Le triomphes occasionnels qu&rsquo;il a connus n&rsquo;effacent toutefois pas une triste r\u00e9alit\u00e9, pour l&rsquo;\u00e9quipe&nbsp;: <strong>Ses joueurs et ses supporters font r\u00e9guli\u00e8rement l&rsquo;objet d&rsquo;insultes racistes.<\/strong><\/p>\n<div id=\"attachment_18377\" style=\"width: 454px\" class=\"wp-caption aligncenter\"><img loading=\"lazy\" decoding=\"async\" aria-describedby=\"caption-attachment-18377\" class=\"wp-image-18377 size-full\" src=\"https:\/\/charleroi-pourlapalestine.be\/wp-content\/uploads\/2020\/10\/Khalid-Khalaila-e1604159348362.jpg\" alt=\"Bien qu'il ait mis un terme \u00e0 sa carri\u00e8re de footballeur professionnel, Khalid Khalaila (\u00e0 l'avant-plan) re\u00e7oit toujours des messages racistes sur son GSM. (Photo : Ognen Teofilovski Reuters)\" width=\"444\" height=\"320\"><p id=\"caption-attachment-18377\" class=\"wp-caption-text\">Bien qu&rsquo;il ait mis un terme \u00e0 sa carri\u00e8re de footballeur professionnel, Khalid Khalaila (\u00e0 l&rsquo;avant-plan) re\u00e7oit toujours des messages racistes sur son GSM. (Photo : Ognen Teofilovski Reuters)<\/p><\/div>\n<p><a href=\"https:\/\/charleroi-pourlapalestine.be\/index.php\/tag\/amjad-ayman-yaghi\/\"><strong>Amjad Ayman Yaghi<\/strong><\/a>, 23 octobre 2020<\/p>\n<p><strong>Khalid Khalaila<\/strong> a jou\u00e9 environ vingt ans comme milieu de terrain \u00e0 <strong>Bnei Sakhnin<\/strong> et il a \u00e9t\u00e9 le capitaine de l&rsquo;\u00e9quipe pendant une d\u00e9cennie. Il faisait \u00e9galement partie de l&rsquo;\u00e9quipe qui avait remport\u00e9 la Coupe d&rsquo;Isra\u00ebl en 2004.<\/p>\n<p>Bien qu&rsquo;il ait mis un terme \u00e0 sa carri\u00e8re de joueur professionnel, il re\u00e7oit toujours des messages hostiles sur son GSM.<\/p>\n<p>Presque \u00e0 coup s\u00fbr, ces messages \u00e9manent de supporters du <strong>Beitar Jerusalem.<\/strong> Typiquement, ils traitent Khalid de <em>\u00ab&nbsp;sale Arabe&nbsp;\u00bb<\/em> et adressent des mal\u00e9dictions \u00e0 sa famille.<\/p>\n<h3>Sceptique<\/h3>\n<p>Les supporters du<strong> Beitar<\/strong> ont hurl\u00e9 des insult\u00e9s \u00e0 l&rsquo;adresse de <strong>Bnei Sakhnin<\/strong> chaque fois que les deux \u00e9quipes se sont rencontr\u00e9es.<\/p>\n<p>Ces insultes ont \u00e9t\u00e9 soutenues effectivement par des hommes politiques isra\u00e9liens de haut niveau.<\/p>\n<p><strong>Miri Regev,<\/strong> \u00e0 l&rsquo;\u00e9poque ministre isra\u00e9lienne des Sports et de la Culture, a post\u00e9 une vid\u00e9o sur Facebook en 2018 sur laquelle on la voit qui assiste \u00e0 un match entre le <strong>Beitar<\/strong> et <strong>Bnei Sakhnin<\/strong>. Sur la vid\u00e9o, on voit \u00e9galement Regev afficher un large sourire quand les supporters du Beitar chantent <em>\u00ab&nbsp;Puisse votre village \u00eatre incendi\u00e9&nbsp;\u00bb<\/em>.<\/p>\n<p>Le <strong>Beitar<\/strong> a \u00e9t\u00e9 r\u00e9primand\u00e9 et p\u00e9nalis\u00e9 pour la conduite de ses supporters par les autorit\u00e9s footballistiques isra\u00e9liennes. Pourtant, Khalid reste sceptique et se demande si les autorit\u00e9s ont vraiment l&rsquo;intention d&rsquo;\u00e9radiquer le racisme du football.<\/p>\n<blockquote><p>\u00ab&nbsp;Nous ne cessons d&rsquo;entendre &lsquo;mort aux Arabes&rsquo; et autres slogans&nbsp;\u00bb,<\/p><\/blockquote>\n<p>a-t-il dit.<\/p>\n<blockquote><p>\u00ab&nbsp;L&rsquo;Israel Football Association impose des sanctions mais, malheureusement, elles n&#8217;emp\u00eachent pas les insultes. Ce ne sont que des formalit\u00e9s.&nbsp;\u00bb<\/p><\/blockquote>\n<p>Khalid fait toujours partie des joueurs les plus connus de l&rsquo;histoire de <strong>Bnei Sakhnin<\/strong>, qui est install\u00e9 dans la r\u00e9gion de la <strong>Galil\u00e9e.<\/strong><\/p>\n<blockquote><p>\u00ab&nbsp;Je jouais un jeu muscl\u00e9 et physique&nbsp;\u00bb,<\/p><\/blockquote>\n<p>dit-il.<\/p>\n<blockquote><p>\u00ab&nbsp;Certains disaient que j&rsquo;\u00e9tais un joueur rude. J&rsquo;attirais beaucoup l&rsquo;attention et cela peut expliquer la raison pour laquelle j&rsquo;ai d\u00fb entendre un tas d&rsquo;insultes racistes.&nbsp;\u00bb<\/p><\/blockquote>\n<p>Alors que la plupart des joueurs de <strong>Bnei Sakhnin<\/strong> sont des citoyens palestiniens d&rsquo;Isra\u00ebl, le club emploie \u00e9galement quelques joueurs juifs isra\u00e9liens ainsi que des footballeurs venus de Colombie, du Nigeria et du Br\u00e9sil.<\/p>\n<h3>\u00ab&nbsp;Plus de d\u00e9termination&nbsp;\u00bb<\/h3>\n<p><strong>Ali Othman<\/strong>, 33 ans, est l&rsquo;actuel capitaine de l&rsquo;\u00e9quipe.<\/p>\n<p>Les insultes racistes qu&rsquo;il subit peuvent \u00eatre si virulentes qu&rsquo;il a entrepris des d\u00e9marches pour prot\u00e9ger sa s\u00e9curit\u00e9. Quand l&rsquo;\u00e9quipe joue contre le <strong>Beitar,<\/strong> il voyage dans un autocar en \u00e9tant s\u00e9par\u00e9 du reste de l&rsquo;\u00e9quipe, tentant ainsi de passer plus inaper\u00e7u.<\/p>\n<p>Selon son exp\u00e9rience, les joueurs de <strong>Bnei Sakhnin<\/strong> sont plus expos\u00e9s au racisme que les Palestiniens s\u00e9lectionn\u00e9s par d&rsquo;autres \u00e9quipes en Isra\u00ebl.<\/p>\n<p><strong>Othman<\/strong> a rejoint les rangs de Bnei Sakhnin en 2006.<\/p>\n<p>Trois ans plus tard, il a \u00e9t\u00e9 transf\u00e9r\u00e9 au Maccabi Ha\u00effa. Ce transfert lui a permis de jouer contre certaines des meilleures \u00e9quipes europ\u00e9ennes.<\/p>\n<p>Othman a d\u00e9clar\u00e9 qu&rsquo;il n&rsquo;avait jamais subi d&rsquo;insultes racistes durant son passage au Maccabi Ha\u00effa. Pourtant, quand il est retourn\u00e9 \u00e0 Bnei Sakhnin, en 2012, il a pu se rendre compte \u00e0 quel point l&rsquo;\u00e9quipe \u00e9tait d\u00e9test\u00e9e par certains Isra\u00e9liens.<\/p>\n<p>Il fait n\u00e9anmoins tout ce qu&rsquo;il peut pour s&rsquo;\u00e9lever au-dessus du racisme qui le vise.<\/p>\n<blockquote><p>\u00ab&nbsp;Je fais de mon mieux pour rester positif lorsque nous entendons scander des slogans racistes&nbsp;\u00bb,<\/p><\/blockquote>\n<p>a-t-il d\u00e9clar\u00e9.<\/p>\n<blockquote><p>\u00ab&nbsp;Ils scandent de tr\u00e8s vilaines choses sur les Arabes et sur le proph\u00e8te Mahomet. Mais cette m\u00e9chancet\u00e9 m&rsquo;encourage \u00e0 pers\u00e9v\u00e9rer plus encore. Cela accro\u00eet ma d\u00e9termination de vaincre.&nbsp;\u00bb<\/p><\/blockquote>\n<p><strong>Saeed Hasanein<\/strong>, a journaliste sportif du quotidien Kul al-Arab, a d\u00e9clar\u00e9 que<\/p>\n<blockquote><p>\u00ab&nbsp;chaque Palestinien en Isra\u00ebl est fier de Bnei Sakhnin, malgr\u00e9 tout le racisme auquel l&rsquo;\u00e9quipe est expos\u00e9e&nbsp;\u00bb.<\/p>\n<p>\u00ab&nbsp;J&rsquo;ai assist\u00e9 \u00e0 de nombreux incidents racistes contre des joueurs arabes, depuis 1980 jusqu&rsquo;\u00e0 pr\u00e9sent&nbsp;\u00bb,<\/p><\/blockquote>\n<p>a-t-il ajout\u00e9.<\/p>\n<blockquote><p>\u00ab&nbsp;La f\u00e9d\u00e9ration isra\u00e9lienne de football n&rsquo;a jamais entrepris d&rsquo;action r\u00e9elle contre ce racisme. Nous, les Arabes, sommes un peuple inf\u00e9rieur, en ce qui les concerne. D\u00e8s lors, elle se contente de fermer les yeux.&nbsp;\u00bb<\/p><\/blockquote>\n<p><strong>Munther Khalaila<\/strong>, un porte-parole de Bnei Sakhnin, faisait remarquer que lorsque les supporters de l&rsquo;\u00e9quipe entendent <em>\u00ab&nbsp;mot aux Arabes&nbsp;\u00bb<\/em> lors des matches contre le Beitar, ils r\u00e9pondent en scandant <em>\u00ab&nbsp;Allahu akbar.&nbsp;\u00bb<\/em> Bien que cette expression soit largement incomprise en Occident, elle signifie tout simplement \u00ab&nbsp;<em>Dieu est le plus grand&nbsp;\u00bb<\/em> et elle est souvent utilis\u00e9e par les Palestiniens lors de c\u00e9l\u00e9brations.<\/p>\n<p><strong>Bnei Sakhnin<\/strong> a poursuivi sa route malgr\u00e9 des difficult\u00e9s financi\u00e8res r\u00e9centes. Le soutien et le sponsoring re\u00e7us de certaines entreprises se sont av\u00e9r\u00e9s inad\u00e9quats.<\/p>\n<p>Les joueurs ont accept\u00e9 des r\u00e9ductions salariales et une partie du travail de gestion est effectu\u00e9e sur base b\u00e9n\u00e9vole. Rel\u00e9gu\u00e9 l&rsquo;an dernier, le club est de retour cette ann\u00e9e en premi\u00e8re division isra\u00e9lienne, bien que, jusqu&rsquo;\u00e0 pr\u00e9sent, sa saison n&rsquo;ait pas \u00e9t\u00e9 bonne.<\/p>\n<p>Bien des citoyens palestiniens d&rsquo;Isra\u00ebl s&rsquo;identifient \u00e0 Bnei Sakhnin, parce qu&rsquo;ils respectent son esprit rebelle.<\/p>\n<p>La ville de <strong>Sakhnin<\/strong> a assist\u00e9 \u00e0 des combats entre forces sionistes et arabes en 1948, l&rsquo;ann\u00e9e de la cr\u00e9ation d&rsquo;Isra\u00ebl. Alors que nombre de ses r\u00e9sidents ont fui pendant la <strong>Nakba<\/strong> \u2013 le nettoyage ethnique de la Palestine \u2013 ils sont nombreux aussi \u00e0 s&rsquo;\u00eatre incrust\u00e9s opini\u00e2trement.<\/p>\n<blockquote><p>\u00ab&nbsp;Les jeunes g\u00e9n\u00e9rations sont n\u00e9es en tant que citoyens d&rsquo;Isra\u00ebl&nbsp;\u00bb,<\/p><\/blockquote>\n<p>a d\u00e9clar\u00e9 Munther Khalaila.<\/p>\n<blockquote><p>\u00ab&nbsp;Nous c\u00f4toyons le racisme depuis notre enfance. Un tas de supporters de foot isra\u00e9liens ne veulent pas de nous ici.&nbsp;\u00bb<\/p><\/blockquote>\n<hr>\n<p>Publi\u00e9 le 23 octobre 2020 sur<a href=\"https:\/\/electronicintifada.net\/content\/rising-above-racism\/31541\" target=\"_blank\" rel=\"noopener noreferrer\"> The Electronic Intifada<\/a><br \/>\nTraduction : Jean-Marie Fl\u00e9mal<\/p>\n<p><strong>Amjad Ayman Yaghi<\/strong> est un journaliste qui vit \u00e0 Gaza.<\/p>\n","protected":false},"excerpt":{"rendered":"<p>Bnei Sakhnin FC est de loin le meilleur club de football principalement compos\u00e9 de Palestiniens vivant en Isra\u00ebl. Ses joueurs et ses supporters font r\u00e9guli\u00e8rement l&rsquo;objet d&rsquo;insultes racistes.<\/p>\n","protected":false},"author":1,"featured_media":18377,"comment_status":"closed","ping_status":"closed","sticky":false,"template":"","format":"standard","meta":{"ngg_post_thumbnail":0,"footnotes":""},"categories":[4,91,650],"tags":[],"class_list":["post-18373","post","type-post","status-publish","format-standard","has-post-thumbnail","hentry","category-les-palestiniens-de-48","category-racisme","category-sport"],"yoast_head":"<!-- This site is optimized with the Yoast SEO plugin v27.3 - https:\/\/yoast.com\/product\/yoast-seo-wordpress\/ -->\n<title>Les footballeurs palestiniens de Bnei Sakhnin FC victimes de racisme<\/title>\n<meta name=\"description\" content=\"Bnei Sakhnin FC est de loin le meilleur club de football principalement compos\u00e9 de Palestiniens vivant en Isra\u00ebl. Ses joueurs et ses supporters font r\u00e9guli\u00e8rement l&#039;objet d&#039;insultes racistes.\" \/>\n<meta name=\"robots\" content=\"index, follow, max-snippet:-1, max-image-preview:large, max-video-preview:-1\" \/>\n<link rel=\"canonical\" href=\"https:\/\/charleroi-pourlapalestine.be\/index.php\/2020\/10\/31\/les-footballeurs-palestiniens-de-bnei-sakhnin-fc-victimes-de-racisme\/\" \/>\n<script type=\"application\/ld+json\" class=\"yoast-schema-graph\">{\"@context\":\"https:\\\/\\\/schema.org\",\"@graph\":[{\"@type\":\"Article\",\"@id\":\"https:\\\/\\\/charleroi-pourlapalestine.be\\\/index.php\\\/2020\\\/10\\\/31\\\/les-footballeurs-palestiniens-de-bnei-sakhnin-fc-victimes-de-racisme\\\/#article\",\"isPartOf\":{\"@id\":\"https:\\\/\\\/charleroi-pourlapalestine.be\\\/index.php\\\/2020\\\/10\\\/31\\\/les-footballeurs-palestiniens-de-bnei-sakhnin-fc-victimes-de-racisme\\\/\"},\"author\":{\"name\":\"admin1873\",\"@id\":\"https:\\\/\\\/charleroi-pourlapalestine.be\\\/#\\\/schema\\\/person\\\/c19ff515112f1299d8c12671d8fe3faa\"},\"headline\":\"Les footballeurs palestiniens de Bnei Sakhnin FC victimes de racisme\",\"datePublished\":\"2020-10-31T16:05:44+00:00\",\"dateModified\":\"2020-10-31T16:05:46+00:00\",\"mainEntityOfPage\":{\"@id\":\"https:\\\/\\\/charleroi-pourlapalestine.be\\\/index.php\\\/2020\\\/10\\\/31\\\/les-footballeurs-palestiniens-de-bnei-sakhnin-fc-victimes-de-racisme\\\/\"},\"wordCount\":1171,\"publisher\":{\"@id\":\"https:\\\/\\\/charleroi-pourlapalestine.be\\\/#organization\"},\"image\":{\"@id\":\"https:\\\/\\\/charleroi-pourlapalestine.be\\\/index.php\\\/2020\\\/10\\\/31\\\/les-footballeurs-palestiniens-de-bnei-sakhnin-fc-victimes-de-racisme\\\/#primaryimage\"},\"thumbnailUrl\":\"https:\\\/\\\/charleroi-pourlapalestine.be\\\/wp-content\\\/uploads\\\/2020\\\/10\\\/Khalid-Khalaila-e1604159348362.jpg\",\"articleSection\":[\"Les Palestiniens de 48\",\"Racisme\",\"Sport\"],\"inLanguage\":\"fr-FR\"},{\"@type\":\"WebPage\",\"@id\":\"https:\\\/\\\/charleroi-pourlapalestine.be\\\/index.php\\\/2020\\\/10\\\/31\\\/les-footballeurs-palestiniens-de-bnei-sakhnin-fc-victimes-de-racisme\\\/\",\"url\":\"https:\\\/\\\/charleroi-pourlapalestine.be\\\/index.php\\\/2020\\\/10\\\/31\\\/les-footballeurs-palestiniens-de-bnei-sakhnin-fc-victimes-de-racisme\\\/\",\"name\":\"Les footballeurs palestiniens de Bnei Sakhnin FC victimes de racisme\",\"isPartOf\":{\"@id\":\"https:\\\/\\\/charleroi-pourlapalestine.be\\\/#website\"},\"primaryImageOfPage\":{\"@id\":\"https:\\\/\\\/charleroi-pourlapalestine.be\\\/index.php\\\/2020\\\/10\\\/31\\\/les-footballeurs-palestiniens-de-bnei-sakhnin-fc-victimes-de-racisme\\\/#primaryimage\"},\"image\":{\"@id\":\"https:\\\/\\\/charleroi-pourlapalestine.be\\\/index.php\\\/2020\\\/10\\\/31\\\/les-footballeurs-palestiniens-de-bnei-sakhnin-fc-victimes-de-racisme\\\/#primaryimage\"},\"thumbnailUrl\":\"https:\\\/\\\/charleroi-pourlapalestine.be\\\/wp-content\\\/uploads\\\/2020\\\/10\\\/Khalid-Khalaila-e1604159348362.jpg\",\"datePublished\":\"2020-10-31T16:05:44+00:00\",\"dateModified\":\"2020-10-31T16:05:46+00:00\",\"description\":\"Bnei Sakhnin FC est de loin le meilleur club de football principalement compos\u00e9 de Palestiniens vivant en Isra\u00ebl. Ses joueurs et ses supporters font r\u00e9guli\u00e8rement l'objet d'insultes racistes.\",\"breadcrumb\":{\"@id\":\"https:\\\/\\\/charleroi-pourlapalestine.be\\\/index.php\\\/2020\\\/10\\\/31\\\/les-footballeurs-palestiniens-de-bnei-sakhnin-fc-victimes-de-racisme\\\/#breadcrumb\"},\"inLanguage\":\"fr-FR\",\"potentialAction\":[{\"@type\":\"ReadAction\",\"target\":[\"https:\\\/\\\/charleroi-pourlapalestine.be\\\/index.php\\\/2020\\\/10\\\/31\\\/les-footballeurs-palestiniens-de-bnei-sakhnin-fc-victimes-de-racisme\\\/\"]}]},{\"@type\":\"ImageObject\",\"inLanguage\":\"fr-FR\",\"@id\":\"https:\\\/\\\/charleroi-pourlapalestine.be\\\/index.php\\\/2020\\\/10\\\/31\\\/les-footballeurs-palestiniens-de-bnei-sakhnin-fc-victimes-de-racisme\\\/#primaryimage\",\"url\":\"https:\\\/\\\/charleroi-pourlapalestine.be\\\/wp-content\\\/uploads\\\/2020\\\/10\\\/Khalid-Khalaila-e1604159348362.jpg\",\"contentUrl\":\"https:\\\/\\\/charleroi-pourlapalestine.be\\\/wp-content\\\/uploads\\\/2020\\\/10\\\/Khalid-Khalaila-e1604159348362.jpg\",\"width\":444,\"height\":320},{\"@type\":\"BreadcrumbList\",\"@id\":\"https:\\\/\\\/charleroi-pourlapalestine.be\\\/index.php\\\/2020\\\/10\\\/31\\\/les-footballeurs-palestiniens-de-bnei-sakhnin-fc-victimes-de-racisme\\\/#breadcrumb\",\"itemListElement\":[{\"@type\":\"ListItem\",\"position\":1,\"name\":\"Accueil\",\"item\":\"https:\\\/\\\/charleroi-pourlapalestine.be\\\/\"},{\"@type\":\"ListItem\",\"position\":2,\"name\":\"Les footballeurs palestiniens de Bnei Sakhnin FC victimes de racisme\"}]},{\"@type\":\"WebSite\",\"@id\":\"https:\\\/\\\/charleroi-pourlapalestine.be\\\/#website\",\"url\":\"https:\\\/\\\/charleroi-pourlapalestine.be\\\/\",\"name\":\"Charleroi Pour la Palestine\",\"description\":\"\",\"publisher\":{\"@id\":\"https:\\\/\\\/charleroi-pourlapalestine.be\\\/#organization\"},\"potentialAction\":[{\"@type\":\"SearchAction\",\"target\":{\"@type\":\"EntryPoint\",\"urlTemplate\":\"https:\\\/\\\/charleroi-pourlapalestine.be\\\/?s={search_term_string}\"},\"query-input\":{\"@type\":\"PropertyValueSpecification\",\"valueRequired\":true,\"valueName\":\"search_term_string\"}}],\"inLanguage\":\"fr-FR\"},{\"@type\":\"Organization\",\"@id\":\"https:\\\/\\\/charleroi-pourlapalestine.be\\\/#organization\",\"name\":\"Plate-forme Charleroi-Palestine\",\"url\":\"https:\\\/\\\/charleroi-pourlapalestine.be\\\/\",\"logo\":{\"@type\":\"ImageObject\",\"inLanguage\":\"fr-FR\",\"@id\":\"https:\\\/\\\/charleroi-pourlapalestine.be\\\/#\\\/schema\\\/logo\\\/image\\\/\",\"url\":\"https:\\\/\\\/charleroi-pourlapalestine.be\\\/wp-content\\\/uploads\\\/2020\\\/01\\\/logo-Copy.jpg\",\"contentUrl\":\"https:\\\/\\\/charleroi-pourlapalestine.be\\\/wp-content\\\/uploads\\\/2020\\\/01\\\/logo-Copy.jpg\",\"width\":180,\"height\":180,\"caption\":\"Plate-forme Charleroi-Palestine\"},\"image\":{\"@id\":\"https:\\\/\\\/charleroi-pourlapalestine.be\\\/#\\\/schema\\\/logo\\\/image\\\/\"},\"sameAs\":[\"https:\\\/\\\/www.facebook.com\\\/PlateformeCharleroiPalestine\\\/\",\"https:\\\/\\\/x.com\\\/LaCharleroi\"]},{\"@type\":\"Person\",\"@id\":\"https:\\\/\\\/charleroi-pourlapalestine.be\\\/#\\\/schema\\\/person\\\/c19ff515112f1299d8c12671d8fe3faa\",\"name\":\"admin1873\",\"url\":\"https:\\\/\\\/charleroi-pourlapalestine.be\\\/index.php\\\/author\\\/admin1873\\\/\"}]}<\/script>\n<!-- \/ Yoast SEO plugin. -->","yoast_head_json":{"title":"Les footballeurs palestiniens de Bnei Sakhnin FC victimes de racisme","description":"Bnei Sakhnin FC est de loin le meilleur club de football principalement compos\u00e9 de Palestiniens vivant en Isra\u00ebl. Ses joueurs et ses supporters font r\u00e9guli\u00e8rement l'objet d'insultes racistes.","robots":{"index":"index","follow":"follow","max-snippet":"max-snippet:-1","max-image-preview":"max-image-preview:large","max-video-preview":"max-video-preview:-1"},"canonical":"https:\/\/charleroi-pourlapalestine.be\/index.php\/2020\/10\/31\/les-footballeurs-palestiniens-de-bnei-sakhnin-fc-victimes-de-racisme\/","schema":{"@context":"https:\/\/schema.org","@graph":[{"@type":"Article","@id":"https:\/\/charleroi-pourlapalestine.be\/index.php\/2020\/10\/31\/les-footballeurs-palestiniens-de-bnei-sakhnin-fc-victimes-de-racisme\/#article","isPartOf":{"@id":"https:\/\/charleroi-pourlapalestine.be\/index.php\/2020\/10\/31\/les-footballeurs-palestiniens-de-bnei-sakhnin-fc-victimes-de-racisme\/"},"author":{"name":"admin1873","@id":"https:\/\/charleroi-pourlapalestine.be\/#\/schema\/person\/c19ff515112f1299d8c12671d8fe3faa"},"headline":"Les footballeurs palestiniens de Bnei Sakhnin FC victimes de racisme","datePublished":"2020-10-31T16:05:44+00:00","dateModified":"2020-10-31T16:05:46+00:00","mainEntityOfPage":{"@id":"https:\/\/charleroi-pourlapalestine.be\/index.php\/2020\/10\/31\/les-footballeurs-palestiniens-de-bnei-sakhnin-fc-victimes-de-racisme\/"},"wordCount":1171,"publisher":{"@id":"https:\/\/charleroi-pourlapalestine.be\/#organization"},"image":{"@id":"https:\/\/charleroi-pourlapalestine.be\/index.php\/2020\/10\/31\/les-footballeurs-palestiniens-de-bnei-sakhnin-fc-victimes-de-racisme\/#primaryimage"},"thumbnailUrl":"https:\/\/charleroi-pourlapalestine.be\/wp-content\/uploads\/2020\/10\/Khalid-Khalaila-e1604159348362.jpg","articleSection":["Les Palestiniens de 48","Racisme","Sport"],"inLanguage":"fr-FR"},{"@type":"WebPage","@id":"https:\/\/charleroi-pourlapalestine.be\/index.php\/2020\/10\/31\/les-footballeurs-palestiniens-de-bnei-sakhnin-fc-victimes-de-racisme\/","url":"https:\/\/charleroi-pourlapalestine.be\/index.php\/2020\/10\/31\/les-footballeurs-palestiniens-de-bnei-sakhnin-fc-victimes-de-racisme\/","name":"Les footballeurs palestiniens de Bnei Sakhnin FC victimes de racisme","isPartOf":{"@id":"https:\/\/charleroi-pourlapalestine.be\/#website"},"primaryImageOfPage":{"@id":"https:\/\/charleroi-pourlapalestine.be\/index.php\/2020\/10\/31\/les-footballeurs-palestiniens-de-bnei-sakhnin-fc-victimes-de-racisme\/#primaryimage"},"image":{"@id":"https:\/\/charleroi-pourlapalestine.be\/index.php\/2020\/10\/31\/les-footballeurs-palestiniens-de-bnei-sakhnin-fc-victimes-de-racisme\/#primaryimage"},"thumbnailUrl":"https:\/\/charleroi-pourlapalestine.be\/wp-content\/uploads\/2020\/10\/Khalid-Khalaila-e1604159348362.jpg","datePublished":"2020-10-31T16:05:44+00:00","dateModified":"2020-10-31T16:05:46+00:00","description":"Bnei Sakhnin FC est de loin le meilleur club de football principalement compos\u00e9 de Palestiniens vivant en Isra\u00ebl. Ses joueurs et ses supporters font r\u00e9guli\u00e8rement l'objet d'insultes racistes.","breadcrumb":{"@id":"https:\/\/charleroi-pourlapalestine.be\/index.php\/2020\/10\/31\/les-footballeurs-palestiniens-de-bnei-sakhnin-fc-victimes-de-racisme\/#breadcrumb"},"inLanguage":"fr-FR","potentialAction":[{"@type":"ReadAction","target":["https:\/\/charleroi-pourlapalestine.be\/index.php\/2020\/10\/31\/les-footballeurs-palestiniens-de-bnei-sakhnin-fc-victimes-de-racisme\/"]}]},{"@type":"ImageObject","inLanguage":"fr-FR","@id":"https:\/\/charleroi-pourlapalestine.be\/index.php\/2020\/10\/31\/les-footballeurs-palestiniens-de-bnei-sakhnin-fc-victimes-de-racisme\/#primaryimage","url":"https:\/\/charleroi-pourlapalestine.be\/wp-content\/uploads\/2020\/10\/Khalid-Khalaila-e1604159348362.jpg","contentUrl":"https:\/\/charleroi-pourlapalestine.be\/wp-content\/uploads\/2020\/10\/Khalid-Khalaila-e1604159348362.jpg","width":444,"height":320},{"@type":"BreadcrumbList","@id":"https:\/\/charleroi-pourlapalestine.be\/index.php\/2020\/10\/31\/les-footballeurs-palestiniens-de-bnei-sakhnin-fc-victimes-de-racisme\/#breadcrumb","itemListElement":[{"@type":"ListItem","position":1,"name":"Accueil","item":"https:\/\/charleroi-pourlapalestine.be\/"},{"@type":"ListItem","position":2,"name":"Les footballeurs palestiniens de Bnei Sakhnin FC victimes de racisme"}]},{"@type":"WebSite","@id":"https:\/\/charleroi-pourlapalestine.be\/#website","url":"https:\/\/charleroi-pourlapalestine.be\/","name":"Charleroi Pour la Palestine","description":"","publisher":{"@id":"https:\/\/charleroi-pourlapalestine.be\/#organization"},"potentialAction":[{"@type":"SearchAction","target":{"@type":"EntryPoint","urlTemplate":"https:\/\/charleroi-pourlapalestine.be\/?s={search_term_string}"},"query-input":{"@type":"PropertyValueSpecification","valueRequired":true,"valueName":"search_term_string"}}],"inLanguage":"fr-FR"},{"@type":"Organization","@id":"https:\/\/charleroi-pourlapalestine.be\/#organization","name":"Plate-forme Charleroi-Palestine","url":"https:\/\/charleroi-pourlapalestine.be\/","logo":{"@type":"ImageObject","inLanguage":"fr-FR","@id":"https:\/\/charleroi-pourlapalestine.be\/#\/schema\/logo\/image\/","url":"https:\/\/charleroi-pourlapalestine.be\/wp-content\/uploads\/2020\/01\/logo-Copy.jpg","contentUrl":"https:\/\/charleroi-pourlapalestine.be\/wp-content\/uploads\/2020\/01\/logo-Copy.jpg","width":180,"height":180,"caption":"Plate-forme Charleroi-Palestine"},"image":{"@id":"https:\/\/charleroi-pourlapalestine.be\/#\/schema\/logo\/image\/"},"sameAs":["https:\/\/www.facebook.com\/PlateformeCharleroiPalestine\/","https:\/\/x.com\/LaCharleroi"]},{"@type":"Person","@id":"https:\/\/charleroi-pourlapalestine.be\/#\/schema\/person\/c19ff515112f1299d8c12671d8fe3faa","name":"admin1873","url":"https:\/\/charleroi-pourlapalestine.be\/index.php\/author\/admin1873\/"}]}},"_links":{"self":[{"href":"https:\/\/charleroi-pourlapalestine.be\/index.php\/wp-json\/wp\/v2\/posts\/18373","targetHints":{"allow":["GET"]}}],"collection":[{"href":"https:\/\/charleroi-pourlapalestine.be\/index.php\/wp-json\/wp\/v2\/posts"}],"about":[{"href":"https:\/\/charleroi-pourlapalestine.be\/index.php\/wp-json\/wp\/v2\/types\/post"}],"author":[{"embeddable":true,"href":"https:\/\/charleroi-pourlapalestine.be\/index.php\/wp-json\/wp\/v2\/users\/1"}],"replies":[{"embeddable":true,"href":"https:\/\/charleroi-pourlapalestine.be\/index.php\/wp-json\/wp\/v2\/comments?post=18373"}],"version-history":[{"count":0,"href":"https:\/\/charleroi-pourlapalestine.be\/index.php\/wp-json\/wp\/v2\/posts\/18373\/revisions"}],"wp:featuredmedia":[{"embeddable":true,"href":"https:\/\/charleroi-pourlapalestine.be\/index.php\/wp-json\/wp\/v2\/media\/18377"}],"wp:attachment":[{"href":"https:\/\/charleroi-pourlapalestine.be\/index.php\/wp-json\/wp\/v2\/media?parent=18373"}],"wp:term":[{"taxonomy":"category","embeddable":true,"href":"https:\/\/charleroi-pourlapalestine.be\/index.php\/wp-json\/wp\/v2\/categories?post=18373"},{"taxonomy":"post_tag","embeddable":true,"href":"https:\/\/charleroi-pourlapalestine.be\/index.php\/wp-json\/wp\/v2\/tags?post=18373"}],"curies":[{"name":"wp","href":"https:\/\/api.w.org\/{rel}","templated":true}]}}