{"id":19089,"date":"2020-11-15T16:05:58","date_gmt":"2020-11-15T15:05:58","guid":{"rendered":"https:\/\/charleroi-pourlapalestine.be\/?p=19089"},"modified":"2020-11-15T16:06:40","modified_gmt":"2020-11-15T15:06:40","slug":"kamal-abu-waar-meurt-apres-17-ans-de-detention-en-israel","status":"publish","type":"post","link":"https:\/\/charleroi-pourlapalestine.be\/index.php\/2020\/11\/15\/kamal-abu-waar-meurt-apres-17-ans-de-detention-en-israel\/","title":{"rendered":"Kamal Abu Waar meurt apr\u00e8s 17 ans de d\u00e9tention en Isra\u00ebl"},"content":{"rendered":"<p><strong> Kamal Abu Waar, 46 ans, est d\u00e9c\u00e9d\u00e9 au Centre m\u00e9dical Shamir, \u00e0 Tel-Aviv. L&rsquo;an dernier, on lui avait diagnostiqu\u00e9 un cancer de la gorge.<\/strong><\/p>\n<div id=\"attachment_19091\" style=\"width: 490px\" class=\"wp-caption aligncenter\"><img loading=\"lazy\" decoding=\"async\" aria-describedby=\"caption-attachment-19091\" class=\"wp-image-19091 size-full\" src=\"https:\/\/charleroi-pourlapalestine.be\/wp-content\/uploads\/2020\/11\/Un-prisonnier-palestinien-meurt-apr\u00e8s-17-ans-de-d\u00e9tention-en-Isra\u00ebl-e1605445104609.jpg\" alt=\"Le 11 novembre, des Palestiniens de Gaza se sont rassembl\u00e9s pour protester contre le d\u00e9c\u00e8s du prisonnier palestinien Kamal Abu Waar, en d\u00e9tention en Isra\u00ebl. (Photo : Mahmoud Ajjour APA images) \" width=\"480\" height=\"320\"><p id=\"caption-attachment-19091\" class=\"wp-caption-text\">Le 11 novembre, des Palestiniens de Gaza se sont rassembl\u00e9s pour protester contre le d\u00e9c\u00e8s du prisonnier palestinien Kamal Abu Waar, en d\u00e9tention en Isra\u00ebl. (Photo : Mahmoud Ajjour APA images)<\/p><\/div>\n<p><a href=\"https:\/\/charleroi-pourlapalestine.be\/index.php\/tag\/tamara-nasser\/\"><strong>Tamara Nassar,<\/strong><\/a> 13 novembre 2020<strong><br \/>\n<\/strong><\/p>\n<p><strong>Abu Waar<\/strong> \u00e9tait d\u00e9tenu \u00e0 la prison de <strong>Gilboa<\/strong>, dans le nord de l&rsquo;actuel Isra\u00ebl, quand, en juillet, il avait \u00e9t\u00e9 test\u00e9 positif au virus du <strong>Covid-19.<\/strong><\/p>\n<p>R\u00e9cemment, il avait \u00e9t\u00e9 transf\u00e9r\u00e9 successivement dans plusieurs h\u00f4pitaux isra\u00e9liens et il avait \u00e9galement subi une intervention chirurgicale afin de se faire ins\u00e9rer un tube respiratoire dans la gorge.<\/p>\n<p>Finalement, il avait \u00e9t\u00e9 admis \u00e0 la clinique de la prison de <strong>Ramle,<\/strong> surnomm\u00e9e <em>\u00ab&nbsp;l&rsquo;abattoir&nbsp;\u00bb<\/em> par les prisonniers, en raison de l&rsquo;impossibilit\u00e9 d&rsquo;y recevoir des soins m\u00e9dicaux ad\u00e9quats.<\/p>\n<p>https:\/\/twitter.com\/ShehabAgency\/status\/1326173072265801729?ref_src=twsrc%5Etfw%7Ctwcamp%5Etweetembed%7Ctwterm%5E1326173072265801729%7Ctwgr%5E&#038;ref_url=https%3A%2F%2Felectronicintifada.net%2Fblogs%2Ftamara-nassar%2Fprisoner-dies-after-17-years-israeli-detention<\/p>\n<p>Suite au <a href=\"https:\/\/electronicintifada.net\/blogs\/tamara-nassar\/palestinian-dies-after-severe-beating-israeli-prison\" target=\"_blank\" rel=\"noopener noreferrer\">d\u00e9c\u00e8s<\/a> d&rsquo;un prisonnier palestinien en 2018, l&rsquo;association <strong>Addameer<\/strong> d&rsquo;aide aux prisonniers palestiniens avait d\u00e9j\u00e0<a href=\"http:\/\/www.addameer.org\/news\/statement-occupation-bears-full-responsibility-death-aziz-awisat\" target=\"_blank\" rel=\"noopener noreferrer\"> invit\u00e9<\/a> l&rsquo;Organisation mondiale de la sant\u00e9 (OMS) \u00e0 visiter les cliniques des prisons <em>\u00ab&nbsp;afin d&rsquo;\u00e9tablir un rapport sur le niveau nettenment insuffisant de leurs soins de sant\u00e9&nbsp;\u00bb.<\/em><\/p>\n<p><strong>Abu Waar<\/strong> \u00e9tait n\u00e9 au Kowe\u00eft en 1974 et il s&rsquo;\u00e9tait install\u00e9 plus tard en Cisjordanie occup\u00e9e&nbsp;; il avait v\u00e9cu au village de<strong> Qabatiya<\/strong>, au sud de <strong>J\u00e9nine.<\/strong><\/p>\n<p>Au cours de la <strong>Seconde Intifada,<\/strong> en 2003, les forces isra\u00e9liennes l&rsquo;avaient captur\u00e9 et accus\u00e9 d&rsquo;\u00eatre impliqu\u00e9 dans le meurtre d&rsquo;un soldat isra\u00e9lien, avait confi\u00e9 son ami <strong>Basel Kataneh<\/strong> \u00e0 <em>The New Arab<\/em>, un journal publi\u00e9 au Royaume-Uni.<\/p>\n<p>Le Club des prisonniers palestiniens avait <a href=\"https:\/\/www.facebook.com\/ppsmo\/posts\/3560112950720045\" target=\"_blank\" rel=\"noopener noreferrer\">d\u00e9clar\u00e9<\/a> qu&rsquo;\u00e0 l&rsquo;\u00e9poque, il faisait partie de la <strong>Force 17<\/strong>, la troupe d&rsquo;\u00e9lite de <strong>Yasser Arafat.<\/strong><\/p>\n<p>L&rsquo;association a expliqu\u00e9 qu&rsquo;il avait \u00e9t\u00e9 interrog\u00e9 avec une grande brutalit\u00e9 par les autorit\u00e9s isra\u00e9liennes durant une centaine de jours, avant de se voir infliger <strong>de multiples sentences de prison \u00e0 vie<\/strong>, plus 50 ann\u00e9es additionnelles.<\/p>\n<p>Des Palestiniens se sont rassembl\u00e9s \u00e0 <strong>Gaza<\/strong> et en <strong>Cisjordanie occup\u00e9e<\/strong> afin de protester contre sa mort et contre les conditions de d\u00e9tention des prisonniers palestiniens en Isra\u00ebl durant la pand\u00e9mie.<\/p>\n<p>https:\/\/twitter.com\/ShehabAgency\/status\/1326211196085825536?ref_src=twsrc%5Etfw%7Ctwcamp%5Etweetembed%7Ctwterm%5E1326211196085825536%7Ctwgr%5E&#038;ref_url=https%3A%2F%2Felectronicintifada.net%2Fblogs%2Ftamara-nassar%2Fprisoner-dies-after-17-years-israeli-detention<\/p>\n<p>https:\/\/twitter.com\/SafaPs\/status\/1326213525413498882?ref_src=twsrc%5Etfw%7Ctwcamp%5Etweetembed%7Ctwterm%5E1326213525413498882%7Ctwgr%5E&#038;ref_url=https%3A%2F%2Felectronicintifada.net%2Fblogs%2Ftamara-nassar%2Fprisoner-dies-after-17-years-israeli-detention<\/p>\n<p>La famille d&rsquo;<strong>Abu Waar<\/strong> a ouvert sa maison pour y recevoir des condol\u00e9ances, m\u00eame si les autorit\u00e9s isra\u00e9liennes<strong> retiennent le corps<\/strong> d&rsquo;Abu Waar, refusant ainsi \u00e0 ses proches le droit de l&rsquo;enterrer.<\/p>\n<blockquote class=\"twitter-tweet\" data-width=\"500\" data-dnt=\"true\">\n<p lang=\"ar\" dir=\"rtl\"><a href=\"https:\/\/twitter.com\/hashtag\/%D8%B5%D9%88%D8%B1?src=hash&amp;ref_src=twsrc%5Etfw\">#\u0635\u0648\u0631<\/a> \u0645\u0646 \u0628\u064a\u062a \u0639\u0632\u0627\u0621 \u0627\u0644\u0640\u0634\u0647\u064a\u062f \u0643\u0645\u0627\u0644 \u0623\u0628\u0648 \u0648\u0639\u0631 \u0641\u064a \u0628\u0644\u062f\u0629 \u0642\u0628\u0627\u0637\u064a\u0629 \u0642\u0636\u0627\u0621 \u062c\u0646\u064a\u0646. <a href=\"https:\/\/t.co\/32tSKuaZNr\">pic.twitter.com\/32tSKuaZNr<\/a><\/p>\n<p>&mdash; \u0627\u0644\u0645\u0631\u0643\u0632 \u0627\u0644\u0641\u0644\u0633\u0637\u064a\u0646\u064a \u0644\u0644\u0625\u0639\u0644\u0627\u0645 (@PalinfoAr) <a href=\"https:\/\/twitter.com\/PalinfoAr\/status\/1326223371999334401?ref_src=twsrc%5Etfw\">November 10, 2020<\/a><\/p><\/blockquote>\n<p><script async src=\"https:\/\/platform.twitter.com\/widgets.js\" charset=\"utf-8\"><\/script><\/p>\n<blockquote class=\"twitter-tweet\" data-width=\"500\" data-dnt=\"true\">\n<p lang=\"en\" dir=\"ltr\">Bodies of 8 Palestinians who died inside the Israeli occupation prisons are still withheld by the Israeli prison authorities. One of those Palestinian prisoners died over 30 years ago! <a href=\"https:\/\/t.co\/VZMzUmsUjg\">pic.twitter.com\/VZMzUmsUjg<\/a><\/p>\n<p>&mdash; Quds News Network (@Qudsn_en) <a href=\"https:\/\/twitter.com\/Qudsn_en\/status\/1326509904291631105?ref_src=twsrc%5Etfw\">November 11, 2020<\/a><\/p><\/blockquote>\n<p><script async src=\"https:\/\/platform.twitter.com\/widgets.js\" charset=\"utf-8\"><\/script><\/p>\n<p>Sa famille a d\u00e9clar\u00e9 dans <em>The New Arab<\/em> que les autorit\u00e9s carc\u00e9rales isra\u00e9liennes l&rsquo;avaient <strong>emp\u00each\u00e9e de voir<\/strong> Abu Waar au cours des derniers mois qui avaient pr\u00e9c\u00e9d\u00e9 son d\u00e9c\u00e8s.<\/p>\n<p>Son corps a \u00e9t\u00e9 transf\u00e9r\u00e9 \u00e0 l&rsquo;Institut m\u00e9dico-l\u00e9gal isra\u00e9lien Abu Kabir afin d&rsquo;y subir une autopsie.<\/p>\n<p><strong>Abu Waar<\/strong> est le troisi\u00e8me Palestinien qui meurt en d\u00e9tention en Isra\u00ebl cette ann\u00e9e. Les deux autres, <a href=\"https:\/\/electronicintifada.net\/blogs\/tamara-nassar\/palestinian-dies-after-18-years-israeli-prison\" target=\"_blank\" rel=\"noopener noreferrer\"><strong>Daoud al-Khatib<\/strong><\/a> et <a href=\"https:\/\/electronicintifada.net\/blogs\/tamara-nassar\/elderly-palestinian-dies-after-26-years-israeli-prison\" target=\"_blank\" rel=\"noopener noreferrer\"><strong>Saadi al-Gharabli<\/strong><\/a>, \u00e9taient eux aussi des d\u00e9tenus de longue date.<\/p>\n<p>Le d\u00e9c\u00e8s d&rsquo;Abu Waar porte \u00e0 <strong>226<\/strong> le <strong>nombre de Palestiniens morts en d\u00e9tention<\/strong> en Isra\u00ebl<strong> depuis 1967.<\/strong><\/p>\n<h3>\u00c9pid\u00e9mie \u00e0 Gilboa<\/h3>\n<p><strong>Gilboa<\/strong>, la prison o\u00f9 Abu Waar \u00e9tait d\u00e9tenu, est <strong>le centre d&rsquo;une <a href=\"https:\/\/electronicintifada.net\/blogs\/tamara-nassar\/palestinian-prisoners-face-coronavirus-outbreak\" target=\"_blank\" rel=\"noopener noreferrer\">\u00e9pid\u00e9mie<\/a> de coronavirus parmi les prisonniers palestiniens.<\/strong><\/p>\n<p><strong>Cent cas<\/strong> ont \u00e9t\u00e9 confirm\u00e9s jusqu&rsquo;\u00e0 pr\u00e9sent dans la prison surpeupl\u00e9e.<\/p>\n<p><strong>Gilboa<\/strong> a \u00e9galement \u00e9t\u00e9 le sujet d&rsquo;une<a href=\"https:\/\/www.adalah.org\/uploads\/uploads\/Gilboa_prisoners_conditions_petition_07052020_no_TZ.pdf\" target=\"_blank\" rel=\"noopener noreferrer\"> requ\u00eate<\/a> introduite par le groupe de soutien juridique palestinien <strong>Adala<\/strong>h \u00e0 la haute cour de justice isra\u00e9lienne, lui demandant instamment de proposer des services de soins \u00e9l\u00e9mentaires aux prisonniers politiques palestiniens \u2013 qu&rsquo;Isra\u00ebl qualifie de prisonniers <em>\u00ab&nbsp;s\u00e9curitaires&nbsp;\u00bb<\/em> \u2013 de la prison.<\/p>\n<p>\u00c0 Gilboa se trouvent 450 prisonniers, dont la grande majorit\u00e9 sont des prisonniers <em>\u00ab&nbsp;s\u00e9curitaires&nbsp;\u00bb<\/em> palestiniens.<\/p>\n<p>Adalah a mis en garde contre le <em>\u00ab&nbsp;danger r\u00e9el pour les existences&nbsp;\u00bb<\/em> des prisonniers de<strong> Gilboa,<\/strong> citant le surpeuplement et l&rsquo;absence d&rsquo;hygi\u00e8ne ad\u00e9quate. Plusieurs prisonniers partagent la m\u00eame cellule, laquelle comprend une minuscule kitchenette et un r\u00e9duit pour la douche.<\/p>\n<p>Selon la requ\u00eate d&rsquo;<strong>Adalah,<\/strong> le<strong> surpeuplement<\/strong> signifie que les prisonniers ne peuvent assurer entre eux une distance sociale s\u00fbre afin d&#8217;emp\u00eacher la propagation du virus.<\/p>\n<p>La cour a d\u00e9cid\u00e9 que les prisonniers palestiniens <a href=\"https:\/\/charleroi-pourlapalestine.be\/index.php\/2020\/07\/28\/les-prisonniers-palestiniens-nont-pas-droit-a-une-protection-contre-covid-19\/\">n&rsquo;avaient pas droit \u00e0 la protection de la distanciation physique contre le virus<\/a>, en prison.<\/p>\n<p>Son raisonnement \u00e9tait que les Palestiniens en d\u00e9tention sont comme les membres d&rsquo;une famille ou d&rsquo;un appartement vivant dans la m\u00eame maison. Sur cette base, la cour a d\u00e9cid\u00e9 que les autorit\u00e9s carc\u00e9rales n&rsquo;\u00e9taient pas oblig\u00e9es de fournir des moyens permettant aux prisonniers de pratiquer la distanciation physique.<\/p>\n<p><strong>Myssana Morany,<\/strong> une avocate d&rsquo;Adalah, a qualifi\u00e9 cela de <em>\u00ab&nbsp;fiction&nbsp;\u00bb.<\/em><\/p>\n<blockquote><p>\u00ab&nbsp;Ce n&rsquo;est pas comme une maison priv\u00e9e dans laquelle je puis dire aux gardiens de ne pas entrer, afin d&rsquo;\u00eatre prudents&nbsp;\u00bb,<\/p><\/blockquote>\n<p>a <a href=\"https:\/\/www.haaretz.com\/israel-news\/.premium-covid-19-outbreak-among-palestinian-security-prisoners-was-preventable-1.9298739?utm_source=smartfocus&amp;utm_medium=email&amp;utm_campaign=breaking-news&amp;utm_content=5035206\" target=\"_blank\" rel=\"noopener noreferrer\">d\u00e9clar\u00e9<\/a> Morani dans le quotidien isra\u00e9lien <em>Haaretz.<\/em><\/p>\n<blockquote><p>\u00ab&nbsp;Les gardiens entrent et sortent, ils rentrent \u00e9galement chez eux et reviennent au travail. Ce n&rsquo;est pas comme dans un espace priv\u00e9.&nbsp;\u00bb<\/p><\/blockquote>\n<p>En d&rsquo;autres termes, les gardiens pourraient introduire le virus dans les prisons.<\/p>\n<h3>\u00ab&nbsp;Un m\u00e9pris permanent&nbsp;\u00bb<\/h3>\n<p>Cette fois, ce qu&rsquo;on craignait se produit.<\/p>\n<p>Environ 20 pour 100 des prisonniers <em>\u00ab&nbsp;s\u00e9curitaires&nbsp;\u00bb<\/em> de <strong>Gilbo<\/strong>a ont contract\u00e9 le virus, et 80 pour 100 de ces d\u00e9tenus contamin\u00e9s se trouvent dans la m\u00eame aile.<\/p>\n<p><strong>Adalah<\/strong> a adress\u00e9 une lettre aux Services p\u00e9nitentiaires isra\u00e9liens (<strong>IPS<\/strong>) en leur posant des questions sur les d\u00e9marches qu&rsquo;ils avaient entreprises pour assurer une hygi\u00e8ne convenable aux prisonniers, pour leur permettre de s&rsquo;entretenir avec leurs familles et pour emp\u00eacher la propagation du virus \u00e0 d&rsquo;autres pavillons.<\/p>\n<p>L&rsquo;organisation des droits de l&rsquo;homme <strong>Al Mezan,<\/strong> dont le si\u00e8ge est \u00e0 <strong>Gaza<\/strong>, a <a href=\"http:\/\/www.mezan.org\/post\/31038http:\/\/www.mezan.org\/post\/31038\" target=\"_blank\" rel=\"noopener noreferrer\">mis en garde<\/a> contre le fait que l&rsquo;\u00e9pid\u00e9mie se r\u00e9pand malgr\u00e9 les avertissements contre cette \u00e9ventualit\u00e9 d\u00e9j\u00e0 maintes fois r\u00e9it\u00e9r\u00e9s par d&rsquo;autres groupes des droits de l&rsquo;homme.<\/p>\n<p><strong>Al Mezan<\/strong> a \u00e9galement r\u00e9p\u00e9t\u00e9 l&rsquo;obligation pour Isra\u00ebl, en vertu des lois internationales, de garantir la sant\u00e9 des d\u00e9tenus palestiniens.<\/p>\n<p>Les autorit\u00e9s carc\u00e9rales isra\u00e9liennes, dit-on, isolent les prisonniers infect\u00e9s dans une section s\u00e9par\u00e9e de la prison.<\/p>\n<p>Le<strong> Club des prisonniers palestiniens<\/strong> a <a href=\"https:\/\/www.facebook.com\/ppsmo\/posts\/3559541010777239\" target=\"_blank\" rel=\"noopener noreferrer\">d\u00e9clar\u00e9<\/a> que les prisonniers \u00e9taient forc\u00e9s d&rsquo;acheter de leurs propres deniers des masques et des produits d\u00e9sinfectants.<\/p>\n<p>Isra\u00ebl <a href=\"http:\/\/www.addameer.org\/statistics\" target=\"_blank\" rel=\"noopener noreferrer\">d\u00e9tient<\/a> pour l&rsquo;instant <strong>4&nbsp;500 prisonniers palestiniens, dont 170 enfants et 370 prisonniers administratifs<\/strong>, c&rsquo;est-\u00e0-dire sans accusation ni proc\u00e8s.<\/p>\n<hr>\n<p>Publi\u00e9 le 13 novembre 2020 sur <a href=\"https:\/\/electronicintifada.net\/blogs\/tamara-nassar\/prisoner-dies-after-17-years-israeli-detention\" target=\"_blank\" rel=\"noopener noreferrer\">The Electronic Intifada<\/a><br \/>\nTraduction : Jean-Marie Fl\u00e9mal<\/p>\n","protected":false},"excerpt":{"rendered":"<p>Le prisonnier Kamal Abu Waar, 46 ans, est d\u00e9c\u00e9d\u00e9 au Centre m\u00e9dical Shamir, \u00e0 Tel-Aviv. L&rsquo;an dernier, on lui avait diagnostiqu\u00e9 un cancer de la gorge.<\/p>\n","protected":false},"author":1,"featured_media":19091,"comment_status":"closed","ping_status":"closed","sticky":false,"template":"","format":"standard","meta":{"ngg_post_thumbnail":0,"footnotes":""},"categories":[412,13],"tags":[],"class_list":["post-19089","post","type-post","status-publish","format-standard","has-post-thumbnail","hentry","category-coronavirus","category-les-prisionners-palestiniens"],"yoast_head":"<!-- This site is optimized with the Yoast SEO plugin v27.3 - https:\/\/yoast.com\/product\/yoast-seo-wordpress\/ -->\n<title>Kamal Abu Waar meurt apr\u00e8s 17 ans de d\u00e9tention en Isra\u00ebl<\/title>\n<meta name=\"description\" content=\"Kamal Abu Waar, 46 ans, est d\u00e9c\u00e9d\u00e9 au Centre m\u00e9dical Shamir, \u00e0 Tel-Aviv. L&#039;an dernier, on lui avait diagnostiqu\u00e9 un cancer de la gorge\" \/>\n<meta name=\"robots\" content=\"index, follow, max-snippet:-1, max-image-preview:large, max-video-preview:-1\" \/>\n<link rel=\"canonical\" href=\"https:\/\/charleroi-pourlapalestine.be\/index.php\/2020\/11\/15\/kamal-abu-waar-meurt-apres-17-ans-de-detention-en-israel\/\" \/>\n<script type=\"application\/ld+json\" class=\"yoast-schema-graph\">{\"@context\":\"https:\\\/\\\/schema.org\",\"@graph\":[{\"@type\":\"Article\",\"@id\":\"https:\\\/\\\/charleroi-pourlapalestine.be\\\/index.php\\\/2020\\\/11\\\/15\\\/kamal-abu-waar-meurt-apres-17-ans-de-detention-en-israel\\\/#article\",\"isPartOf\":{\"@id\":\"https:\\\/\\\/charleroi-pourlapalestine.be\\\/index.php\\\/2020\\\/11\\\/15\\\/kamal-abu-waar-meurt-apres-17-ans-de-detention-en-israel\\\/\"},\"author\":{\"name\":\"admin1873\",\"@id\":\"https:\\\/\\\/charleroi-pourlapalestine.be\\\/#\\\/schema\\\/person\\\/c19ff515112f1299d8c12671d8fe3faa\"},\"headline\":\"Kamal Abu Waar meurt apr\u00e8s 17 ans de d\u00e9tention en Isra\u00ebl\",\"datePublished\":\"2020-11-15T15:05:58+00:00\",\"dateModified\":\"2020-11-15T15:06:40+00:00\",\"mainEntityOfPage\":{\"@id\":\"https:\\\/\\\/charleroi-pourlapalestine.be\\\/index.php\\\/2020\\\/11\\\/15\\\/kamal-abu-waar-meurt-apres-17-ans-de-detention-en-israel\\\/\"},\"wordCount\":1306,\"publisher\":{\"@id\":\"https:\\\/\\\/charleroi-pourlapalestine.be\\\/#organization\"},\"image\":{\"@id\":\"https:\\\/\\\/charleroi-pourlapalestine.be\\\/index.php\\\/2020\\\/11\\\/15\\\/kamal-abu-waar-meurt-apres-17-ans-de-detention-en-israel\\\/#primaryimage\"},\"thumbnailUrl\":\"https:\\\/\\\/charleroi-pourlapalestine.be\\\/wp-content\\\/uploads\\\/2020\\\/11\\\/Un-prisonnier-palestinien-meurt-apr\u00e8s-17-ans-de-d\u00e9tention-en-Isra\u00ebl-e1605445104609.jpg\",\"articleSection\":[\"Coronavirus\",\"Prisonniers\"],\"inLanguage\":\"fr-FR\"},{\"@type\":\"WebPage\",\"@id\":\"https:\\\/\\\/charleroi-pourlapalestine.be\\\/index.php\\\/2020\\\/11\\\/15\\\/kamal-abu-waar-meurt-apres-17-ans-de-detention-en-israel\\\/\",\"url\":\"https:\\\/\\\/charleroi-pourlapalestine.be\\\/index.php\\\/2020\\\/11\\\/15\\\/kamal-abu-waar-meurt-apres-17-ans-de-detention-en-israel\\\/\",\"name\":\"Kamal Abu Waar meurt apr\u00e8s 17 ans de d\u00e9tention en Isra\u00ebl\",\"isPartOf\":{\"@id\":\"https:\\\/\\\/charleroi-pourlapalestine.be\\\/#website\"},\"primaryImageOfPage\":{\"@id\":\"https:\\\/\\\/charleroi-pourlapalestine.be\\\/index.php\\\/2020\\\/11\\\/15\\\/kamal-abu-waar-meurt-apres-17-ans-de-detention-en-israel\\\/#primaryimage\"},\"image\":{\"@id\":\"https:\\\/\\\/charleroi-pourlapalestine.be\\\/index.php\\\/2020\\\/11\\\/15\\\/kamal-abu-waar-meurt-apres-17-ans-de-detention-en-israel\\\/#primaryimage\"},\"thumbnailUrl\":\"https:\\\/\\\/charleroi-pourlapalestine.be\\\/wp-content\\\/uploads\\\/2020\\\/11\\\/Un-prisonnier-palestinien-meurt-apr\u00e8s-17-ans-de-d\u00e9tention-en-Isra\u00ebl-e1605445104609.jpg\",\"datePublished\":\"2020-11-15T15:05:58+00:00\",\"dateModified\":\"2020-11-15T15:06:40+00:00\",\"description\":\"Kamal Abu Waar, 46 ans, est d\u00e9c\u00e9d\u00e9 au Centre m\u00e9dical Shamir, \u00e0 Tel-Aviv. L'an dernier, on lui avait diagnostiqu\u00e9 un cancer de la gorge\",\"breadcrumb\":{\"@id\":\"https:\\\/\\\/charleroi-pourlapalestine.be\\\/index.php\\\/2020\\\/11\\\/15\\\/kamal-abu-waar-meurt-apres-17-ans-de-detention-en-israel\\\/#breadcrumb\"},\"inLanguage\":\"fr-FR\",\"potentialAction\":[{\"@type\":\"ReadAction\",\"target\":[\"https:\\\/\\\/charleroi-pourlapalestine.be\\\/index.php\\\/2020\\\/11\\\/15\\\/kamal-abu-waar-meurt-apres-17-ans-de-detention-en-israel\\\/\"]}]},{\"@type\":\"ImageObject\",\"inLanguage\":\"fr-FR\",\"@id\":\"https:\\\/\\\/charleroi-pourlapalestine.be\\\/index.php\\\/2020\\\/11\\\/15\\\/kamal-abu-waar-meurt-apres-17-ans-de-detention-en-israel\\\/#primaryimage\",\"url\":\"https:\\\/\\\/charleroi-pourlapalestine.be\\\/wp-content\\\/uploads\\\/2020\\\/11\\\/Un-prisonnier-palestinien-meurt-apr\u00e8s-17-ans-de-d\u00e9tention-en-Isra\u00ebl-e1605445104609.jpg\",\"contentUrl\":\"https:\\\/\\\/charleroi-pourlapalestine.be\\\/wp-content\\\/uploads\\\/2020\\\/11\\\/Un-prisonnier-palestinien-meurt-apr\u00e8s-17-ans-de-d\u00e9tention-en-Isra\u00ebl-e1605445104609.jpg\",\"width\":480,\"height\":320},{\"@type\":\"BreadcrumbList\",\"@id\":\"https:\\\/\\\/charleroi-pourlapalestine.be\\\/index.php\\\/2020\\\/11\\\/15\\\/kamal-abu-waar-meurt-apres-17-ans-de-detention-en-israel\\\/#breadcrumb\",\"itemListElement\":[{\"@type\":\"ListItem\",\"position\":1,\"name\":\"Accueil\",\"item\":\"https:\\\/\\\/charleroi-pourlapalestine.be\\\/\"},{\"@type\":\"ListItem\",\"position\":2,\"name\":\"Kamal Abu Waar meurt apr\u00e8s 17 ans de d\u00e9tention en Isra\u00ebl\"}]},{\"@type\":\"WebSite\",\"@id\":\"https:\\\/\\\/charleroi-pourlapalestine.be\\\/#website\",\"url\":\"https:\\\/\\\/charleroi-pourlapalestine.be\\\/\",\"name\":\"Charleroi Pour la Palestine\",\"description\":\"\",\"publisher\":{\"@id\":\"https:\\\/\\\/charleroi-pourlapalestine.be\\\/#organization\"},\"potentialAction\":[{\"@type\":\"SearchAction\",\"target\":{\"@type\":\"EntryPoint\",\"urlTemplate\":\"https:\\\/\\\/charleroi-pourlapalestine.be\\\/?s={search_term_string}\"},\"query-input\":{\"@type\":\"PropertyValueSpecification\",\"valueRequired\":true,\"valueName\":\"search_term_string\"}}],\"inLanguage\":\"fr-FR\"},{\"@type\":\"Organization\",\"@id\":\"https:\\\/\\\/charleroi-pourlapalestine.be\\\/#organization\",\"name\":\"Plate-forme Charleroi-Palestine\",\"url\":\"https:\\\/\\\/charleroi-pourlapalestine.be\\\/\",\"logo\":{\"@type\":\"ImageObject\",\"inLanguage\":\"fr-FR\",\"@id\":\"https:\\\/\\\/charleroi-pourlapalestine.be\\\/#\\\/schema\\\/logo\\\/image\\\/\",\"url\":\"https:\\\/\\\/charleroi-pourlapalestine.be\\\/wp-content\\\/uploads\\\/2020\\\/01\\\/logo-Copy.jpg\",\"contentUrl\":\"https:\\\/\\\/charleroi-pourlapalestine.be\\\/wp-content\\\/uploads\\\/2020\\\/01\\\/logo-Copy.jpg\",\"width\":180,\"height\":180,\"caption\":\"Plate-forme Charleroi-Palestine\"},\"image\":{\"@id\":\"https:\\\/\\\/charleroi-pourlapalestine.be\\\/#\\\/schema\\\/logo\\\/image\\\/\"},\"sameAs\":[\"https:\\\/\\\/www.facebook.com\\\/PlateformeCharleroiPalestine\\\/\",\"https:\\\/\\\/x.com\\\/LaCharleroi\"]},{\"@type\":\"Person\",\"@id\":\"https:\\\/\\\/charleroi-pourlapalestine.be\\\/#\\\/schema\\\/person\\\/c19ff515112f1299d8c12671d8fe3faa\",\"name\":\"admin1873\",\"url\":\"https:\\\/\\\/charleroi-pourlapalestine.be\\\/index.php\\\/author\\\/admin1873\\\/\"}]}<\/script>\n<!-- \/ Yoast SEO plugin. -->","yoast_head_json":{"title":"Kamal Abu Waar meurt apr\u00e8s 17 ans de d\u00e9tention en Isra\u00ebl","description":"Kamal Abu Waar, 46 ans, est d\u00e9c\u00e9d\u00e9 au Centre m\u00e9dical Shamir, \u00e0 Tel-Aviv. L'an dernier, on lui avait diagnostiqu\u00e9 un cancer de la gorge","robots":{"index":"index","follow":"follow","max-snippet":"max-snippet:-1","max-image-preview":"max-image-preview:large","max-video-preview":"max-video-preview:-1"},"canonical":"https:\/\/charleroi-pourlapalestine.be\/index.php\/2020\/11\/15\/kamal-abu-waar-meurt-apres-17-ans-de-detention-en-israel\/","schema":{"@context":"https:\/\/schema.org","@graph":[{"@type":"Article","@id":"https:\/\/charleroi-pourlapalestine.be\/index.php\/2020\/11\/15\/kamal-abu-waar-meurt-apres-17-ans-de-detention-en-israel\/#article","isPartOf":{"@id":"https:\/\/charleroi-pourlapalestine.be\/index.php\/2020\/11\/15\/kamal-abu-waar-meurt-apres-17-ans-de-detention-en-israel\/"},"author":{"name":"admin1873","@id":"https:\/\/charleroi-pourlapalestine.be\/#\/schema\/person\/c19ff515112f1299d8c12671d8fe3faa"},"headline":"Kamal Abu Waar meurt apr\u00e8s 17 ans de d\u00e9tention en Isra\u00ebl","datePublished":"2020-11-15T15:05:58+00:00","dateModified":"2020-11-15T15:06:40+00:00","mainEntityOfPage":{"@id":"https:\/\/charleroi-pourlapalestine.be\/index.php\/2020\/11\/15\/kamal-abu-waar-meurt-apres-17-ans-de-detention-en-israel\/"},"wordCount":1306,"publisher":{"@id":"https:\/\/charleroi-pourlapalestine.be\/#organization"},"image":{"@id":"https:\/\/charleroi-pourlapalestine.be\/index.php\/2020\/11\/15\/kamal-abu-waar-meurt-apres-17-ans-de-detention-en-israel\/#primaryimage"},"thumbnailUrl":"https:\/\/charleroi-pourlapalestine.be\/wp-content\/uploads\/2020\/11\/Un-prisonnier-palestinien-meurt-apr\u00e8s-17-ans-de-d\u00e9tention-en-Isra\u00ebl-e1605445104609.jpg","articleSection":["Coronavirus","Prisonniers"],"inLanguage":"fr-FR"},{"@type":"WebPage","@id":"https:\/\/charleroi-pourlapalestine.be\/index.php\/2020\/11\/15\/kamal-abu-waar-meurt-apres-17-ans-de-detention-en-israel\/","url":"https:\/\/charleroi-pourlapalestine.be\/index.php\/2020\/11\/15\/kamal-abu-waar-meurt-apres-17-ans-de-detention-en-israel\/","name":"Kamal Abu Waar meurt apr\u00e8s 17 ans de d\u00e9tention en Isra\u00ebl","isPartOf":{"@id":"https:\/\/charleroi-pourlapalestine.be\/#website"},"primaryImageOfPage":{"@id":"https:\/\/charleroi-pourlapalestine.be\/index.php\/2020\/11\/15\/kamal-abu-waar-meurt-apres-17-ans-de-detention-en-israel\/#primaryimage"},"image":{"@id":"https:\/\/charleroi-pourlapalestine.be\/index.php\/2020\/11\/15\/kamal-abu-waar-meurt-apres-17-ans-de-detention-en-israel\/#primaryimage"},"thumbnailUrl":"https:\/\/charleroi-pourlapalestine.be\/wp-content\/uploads\/2020\/11\/Un-prisonnier-palestinien-meurt-apr\u00e8s-17-ans-de-d\u00e9tention-en-Isra\u00ebl-e1605445104609.jpg","datePublished":"2020-11-15T15:05:58+00:00","dateModified":"2020-11-15T15:06:40+00:00","description":"Kamal Abu Waar, 46 ans, est d\u00e9c\u00e9d\u00e9 au Centre m\u00e9dical Shamir, \u00e0 Tel-Aviv. L'an dernier, on lui avait diagnostiqu\u00e9 un cancer de la gorge","breadcrumb":{"@id":"https:\/\/charleroi-pourlapalestine.be\/index.php\/2020\/11\/15\/kamal-abu-waar-meurt-apres-17-ans-de-detention-en-israel\/#breadcrumb"},"inLanguage":"fr-FR","potentialAction":[{"@type":"ReadAction","target":["https:\/\/charleroi-pourlapalestine.be\/index.php\/2020\/11\/15\/kamal-abu-waar-meurt-apres-17-ans-de-detention-en-israel\/"]}]},{"@type":"ImageObject","inLanguage":"fr-FR","@id":"https:\/\/charleroi-pourlapalestine.be\/index.php\/2020\/11\/15\/kamal-abu-waar-meurt-apres-17-ans-de-detention-en-israel\/#primaryimage","url":"https:\/\/charleroi-pourlapalestine.be\/wp-content\/uploads\/2020\/11\/Un-prisonnier-palestinien-meurt-apr\u00e8s-17-ans-de-d\u00e9tention-en-Isra\u00ebl-e1605445104609.jpg","contentUrl":"https:\/\/charleroi-pourlapalestine.be\/wp-content\/uploads\/2020\/11\/Un-prisonnier-palestinien-meurt-apr\u00e8s-17-ans-de-d\u00e9tention-en-Isra\u00ebl-e1605445104609.jpg","width":480,"height":320},{"@type":"BreadcrumbList","@id":"https:\/\/charleroi-pourlapalestine.be\/index.php\/2020\/11\/15\/kamal-abu-waar-meurt-apres-17-ans-de-detention-en-israel\/#breadcrumb","itemListElement":[{"@type":"ListItem","position":1,"name":"Accueil","item":"https:\/\/charleroi-pourlapalestine.be\/"},{"@type":"ListItem","position":2,"name":"Kamal Abu Waar meurt apr\u00e8s 17 ans de d\u00e9tention en Isra\u00ebl"}]},{"@type":"WebSite","@id":"https:\/\/charleroi-pourlapalestine.be\/#website","url":"https:\/\/charleroi-pourlapalestine.be\/","name":"Charleroi Pour la Palestine","description":"","publisher":{"@id":"https:\/\/charleroi-pourlapalestine.be\/#organization"},"potentialAction":[{"@type":"SearchAction","target":{"@type":"EntryPoint","urlTemplate":"https:\/\/charleroi-pourlapalestine.be\/?s={search_term_string}"},"query-input":{"@type":"PropertyValueSpecification","valueRequired":true,"valueName":"search_term_string"}}],"inLanguage":"fr-FR"},{"@type":"Organization","@id":"https:\/\/charleroi-pourlapalestine.be\/#organization","name":"Plate-forme Charleroi-Palestine","url":"https:\/\/charleroi-pourlapalestine.be\/","logo":{"@type":"ImageObject","inLanguage":"fr-FR","@id":"https:\/\/charleroi-pourlapalestine.be\/#\/schema\/logo\/image\/","url":"https:\/\/charleroi-pourlapalestine.be\/wp-content\/uploads\/2020\/01\/logo-Copy.jpg","contentUrl":"https:\/\/charleroi-pourlapalestine.be\/wp-content\/uploads\/2020\/01\/logo-Copy.jpg","width":180,"height":180,"caption":"Plate-forme Charleroi-Palestine"},"image":{"@id":"https:\/\/charleroi-pourlapalestine.be\/#\/schema\/logo\/image\/"},"sameAs":["https:\/\/www.facebook.com\/PlateformeCharleroiPalestine\/","https:\/\/x.com\/LaCharleroi"]},{"@type":"Person","@id":"https:\/\/charleroi-pourlapalestine.be\/#\/schema\/person\/c19ff515112f1299d8c12671d8fe3faa","name":"admin1873","url":"https:\/\/charleroi-pourlapalestine.be\/index.php\/author\/admin1873\/"}]}},"_links":{"self":[{"href":"https:\/\/charleroi-pourlapalestine.be\/index.php\/wp-json\/wp\/v2\/posts\/19089","targetHints":{"allow":["GET"]}}],"collection":[{"href":"https:\/\/charleroi-pourlapalestine.be\/index.php\/wp-json\/wp\/v2\/posts"}],"about":[{"href":"https:\/\/charleroi-pourlapalestine.be\/index.php\/wp-json\/wp\/v2\/types\/post"}],"author":[{"embeddable":true,"href":"https:\/\/charleroi-pourlapalestine.be\/index.php\/wp-json\/wp\/v2\/users\/1"}],"replies":[{"embeddable":true,"href":"https:\/\/charleroi-pourlapalestine.be\/index.php\/wp-json\/wp\/v2\/comments?post=19089"}],"version-history":[{"count":0,"href":"https:\/\/charleroi-pourlapalestine.be\/index.php\/wp-json\/wp\/v2\/posts\/19089\/revisions"}],"wp:featuredmedia":[{"embeddable":true,"href":"https:\/\/charleroi-pourlapalestine.be\/index.php\/wp-json\/wp\/v2\/media\/19091"}],"wp:attachment":[{"href":"https:\/\/charleroi-pourlapalestine.be\/index.php\/wp-json\/wp\/v2\/media?parent=19089"}],"wp:term":[{"taxonomy":"category","embeddable":true,"href":"https:\/\/charleroi-pourlapalestine.be\/index.php\/wp-json\/wp\/v2\/categories?post=19089"},{"taxonomy":"post_tag","embeddable":true,"href":"https:\/\/charleroi-pourlapalestine.be\/index.php\/wp-json\/wp\/v2\/tags?post=19089"}],"curies":[{"name":"wp","href":"https:\/\/api.w.org\/{rel}","templated":true}]}}