{"id":19418,"date":"2020-11-22T09:55:24","date_gmt":"2020-11-22T08:55:24","guid":{"rendered":"https:\/\/charleroi-pourlapalestine.be\/?p=19418"},"modified":"2020-11-22T10:05:57","modified_gmt":"2020-11-22T09:05:57","slug":"en-pleine-couvre-feu-sept-raids-et-bombardements-israeliens-sur-gaza","status":"publish","type":"post","link":"https:\/\/charleroi-pourlapalestine.be\/index.php\/2020\/11\/22\/en-pleine-couvre-feu-sept-raids-et-bombardements-israeliens-sur-gaza\/","title":{"rendered":"En plein couvre-feu, sept raids et bombardements isra\u00e9liens sur Gaza"},"content":{"rendered":"<div id=\"attachment_10083\" class=\"wp-caption alignright\">\n<p>L&rsquo;aviation militaire isra\u00e9lienne a men\u00e9 sept raids sur plusieurs endroits, et l&rsquo;artillerie de l&rsquo;occupation a bombard\u00e9 partout dans la bande de Gaza ce dimanche 22 novembre 2020<\/p>\n<\/div>\n<p><img loading=\"lazy\" decoding=\"async\" class=\"aligncenter wp-image-19420 size-full\" src=\"https:\/\/charleroi-pourlapalestine.be\/wp-content\/uploads\/2020\/11\/Raids-et-bombardements-sur-GAZA1-e1606034570195.jpg\" alt=\"Raids et bombardements sur Gaza\" width=\"525\" height=\"320\"><\/p>\n<p><a href=\"https:\/\/charleroi-pourlapalestine.be\/index.php\/tag\/ziad-medoukh\/\"><strong>Ziad Medoukh<\/strong><\/a>, 22 novembre 2020<\/p>\n<p><img loading=\"lazy\" decoding=\"async\" class=\"aligncenter wp-image-19421 size-full\" src=\"https:\/\/charleroi-pourlapalestine.be\/wp-content\/uploads\/2020\/11\/Raids-et-bombardements-sur-GAZA2-e1606034660183.jpg\" alt=\"Raids et bombardements sur Gaza\" width=\"570\" height=\"320\"><\/p>\n<p>C&rsquo;\u00e9tait dans la ville de<strong> Gaza, <\/strong>de <strong>Deir El-Balah <\/strong>au centre<strong>, <\/strong>et de <strong>Khan-Younis<\/strong> et<strong> Rafah<\/strong> au sud de cette r\u00e9gion sous blocus, et actuellement sous couvre-feu sanitaire.<br \/>\nEt \u00e7a continue!<br \/>\nTerrible !<br \/>\nSilence, on bombarde les villes palestiniennes en plein couvre-feu !<br \/>\nLes crimes isra\u00e9liens contre notre peuple se poursuivent<br \/>\nJusqu&rsquo;\u00e0 quand ces agressions isra\u00e9liennes contre notre peuple ?<br \/>\nJusqu&rsquo;\u00e0 quand ce silence complice de ce monde officiel !<br \/>\nHonte \u00e0 cette occupation ill\u00e9gale !<br \/>\nHonte \u00e0 ces dirigeants arabes qui cautionnent les crimes isra\u00e9liens !<br \/>\nQui donnent une l\u00e9gitimit\u00e9 \u00e0 ces criminels pour poursuivre leurs agressions contre les Palestiniens.<br \/>\nVive la solidarit\u00e9 !<br \/>\nGaza sous les bombes r\u00e9siste!<br \/>\nLa Palestine vivra !<br \/>\nLa justice triomphera<\/p>\n<hr>\n<p>Publi\u00e9 le 22 novembre sur la page FB de <a href=\"https:\/\/www.facebook.com\/ziad.medoukh\" target=\"_blank\" rel=\"noopener noreferrer\">Ziad Medoukh<\/a><\/p>\n<div id=\"attachment_10083\" class=\"wp-caption alignright\"><a href=\"https:\/\/www.editions-harmattan.fr\/index.asp?navig=auteurs&amp;obj=artiste&amp;no=22066\" target=\"_blank\" rel=\"noopener noreferrer\"><img loading=\"lazy\" decoding=\"async\" class=\"wp-image-10083 size-full\" src=\"https:\/\/charleroi-pourlapalestine.be\/wp-content\/uploads\/2018\/03\/ziad-medhouk-150x150-1.jpg\" alt=\"Ziad Medoukh\" aria-describedby=\"caption-attachment-10083\" width=\"150\" height=\"150\"><\/a><\/p>\n<p id=\"caption-attachment-10083\" class=\"wp-caption-text\">Ziad Medoukh<\/p>\n<\/div>\n<p><strong><a href=\"https:\/\/www.editions-harmattan.fr\/index.asp?navig=auteurs&amp;obj=artiste&amp;no=22066\" target=\"_blank\" rel=\"noopener noreferrer\">Ziad Medoukh<\/a><\/strong> est directeur du d\u00e9partement de fran\u00e7ais \u00e0 l\u2019Universit\u00e9 Al Aqsa de Gaza et coordinateur du Centre de la Paix de Gaza. Il vit \u00e0 Gaza.<\/p>\n<p>Il a termin\u00e9 ses \u00e9tudes de didactique du fran\u00e7ais \u00e0 l\u2019universit\u00e9 de Paris VIII o\u00f9 il obtint en 2009 un doctorat en Sciences du Langage.<\/p>\n<p>Il est l\u2019auteur de nombreuses publications concernant l\u2019enseignement du fran\u00e7ais en Palestine et aussi la non-violence. Il est l\u2019auteur de <em><strong>Gaza, Terre Des Oubli\u00e9s, Terre Des Vivants<\/strong><\/em>, et de <em><strong>70 po\u00e8mes de la paix palestinienne<\/strong><\/em>.<\/p>\n<p><a href=\"https:\/\/charleroi-pourlapalestine.be\/index.php\/tag\/ziad-medoukh\/\">Trouvez ici, quelques autres articles de Ziad Medoukh, publi\u00e9s sur ce site<\/a><\/p>\n","protected":false},"excerpt":{"rendered":"<p>Silence, on bombarde les villes palestiniennes sous blocus et en plein couvre-feu.<br \/>\nSoutien \u00e0 la r\u00e9sistance palestinienne ! Boycott Isra\u00ebl !<\/p>\n","protected":false},"author":1,"featured_media":19421,"comment_status":"closed","ping_status":"closed","sticky":false,"template":"","format":"standard","meta":{"ngg_post_thumbnail":0,"footnotes":""},"categories":[40,6],"tags":[],"class_list":["post-19418","post","type-post","status-publish","format-standard","has-post-thumbnail","hentry","category-les-crimes-de-guerre","category-gaza"],"yoast_head":"<!-- This site is optimized with the Yoast SEO plugin v27.3 - https:\/\/yoast.com\/product\/yoast-seo-wordpress\/ -->\n<title>Raids et bombardements isra\u00e9liens sur Gaza, en pleine couvre-feu<\/title>\n<meta name=\"description\" content=\"L&#039;aviation militaire isra\u00e9lienne a men\u00e9 sept raids sur plusieurs endroits, et l&#039;artillerie de l&#039;occupation a bombard\u00e9 partout dans la bande de Gaza\" \/>\n<meta name=\"robots\" content=\"index, follow, max-snippet:-1, max-image-preview:large, max-video-preview:-1\" \/>\n<link rel=\"canonical\" href=\"https:\/\/charleroi-pourlapalestine.be\/index.php\/2020\/11\/22\/en-pleine-couvre-feu-sept-raids-et-bombardements-israeliens-sur-gaza\/\" \/>\n<script type=\"application\/ld+json\" class=\"yoast-schema-graph\">{\"@context\":\"https:\\\/\\\/schema.org\",\"@graph\":[{\"@type\":\"Article\",\"@id\":\"https:\\\/\\\/charleroi-pourlapalestine.be\\\/index.php\\\/2020\\\/11\\\/22\\\/en-pleine-couvre-feu-sept-raids-et-bombardements-israeliens-sur-gaza\\\/#article\",\"isPartOf\":{\"@id\":\"https:\\\/\\\/charleroi-pourlapalestine.be\\\/index.php\\\/2020\\\/11\\\/22\\\/en-pleine-couvre-feu-sept-raids-et-bombardements-israeliens-sur-gaza\\\/\"},\"author\":{\"name\":\"admin1873\",\"@id\":\"https:\\\/\\\/charleroi-pourlapalestine.be\\\/#\\\/schema\\\/person\\\/c19ff515112f1299d8c12671d8fe3faa\"},\"headline\":\"En plein couvre-feu, sept raids et bombardements isra\u00e9liens sur Gaza\",\"datePublished\":\"2020-11-22T08:55:24+00:00\",\"dateModified\":\"2020-11-22T09:05:57+00:00\",\"mainEntityOfPage\":{\"@id\":\"https:\\\/\\\/charleroi-pourlapalestine.be\\\/index.php\\\/2020\\\/11\\\/22\\\/en-pleine-couvre-feu-sept-raids-et-bombardements-israeliens-sur-gaza\\\/\"},\"wordCount\":275,\"publisher\":{\"@id\":\"https:\\\/\\\/charleroi-pourlapalestine.be\\\/#organization\"},\"image\":{\"@id\":\"https:\\\/\\\/charleroi-pourlapalestine.be\\\/index.php\\\/2020\\\/11\\\/22\\\/en-pleine-couvre-feu-sept-raids-et-bombardements-israeliens-sur-gaza\\\/#primaryimage\"},\"thumbnailUrl\":\"https:\\\/\\\/charleroi-pourlapalestine.be\\\/wp-content\\\/uploads\\\/2020\\\/11\\\/Raids-et-bombardements-sur-GAZA2-e1606034660183.jpg\",\"articleSection\":[\"Crimes de guerre\",\"Gaza\"],\"inLanguage\":\"fr-FR\"},{\"@type\":\"WebPage\",\"@id\":\"https:\\\/\\\/charleroi-pourlapalestine.be\\\/index.php\\\/2020\\\/11\\\/22\\\/en-pleine-couvre-feu-sept-raids-et-bombardements-israeliens-sur-gaza\\\/\",\"url\":\"https:\\\/\\\/charleroi-pourlapalestine.be\\\/index.php\\\/2020\\\/11\\\/22\\\/en-pleine-couvre-feu-sept-raids-et-bombardements-israeliens-sur-gaza\\\/\",\"name\":\"Raids et bombardements isra\u00e9liens sur Gaza, en pleine couvre-feu\",\"isPartOf\":{\"@id\":\"https:\\\/\\\/charleroi-pourlapalestine.be\\\/#website\"},\"primaryImageOfPage\":{\"@id\":\"https:\\\/\\\/charleroi-pourlapalestine.be\\\/index.php\\\/2020\\\/11\\\/22\\\/en-pleine-couvre-feu-sept-raids-et-bombardements-israeliens-sur-gaza\\\/#primaryimage\"},\"image\":{\"@id\":\"https:\\\/\\\/charleroi-pourlapalestine.be\\\/index.php\\\/2020\\\/11\\\/22\\\/en-pleine-couvre-feu-sept-raids-et-bombardements-israeliens-sur-gaza\\\/#primaryimage\"},\"thumbnailUrl\":\"https:\\\/\\\/charleroi-pourlapalestine.be\\\/wp-content\\\/uploads\\\/2020\\\/11\\\/Raids-et-bombardements-sur-GAZA2-e1606034660183.jpg\",\"datePublished\":\"2020-11-22T08:55:24+00:00\",\"dateModified\":\"2020-11-22T09:05:57+00:00\",\"description\":\"L'aviation militaire isra\u00e9lienne a men\u00e9 sept raids sur plusieurs endroits, et l'artillerie de l'occupation a bombard\u00e9 partout dans la bande de Gaza\",\"breadcrumb\":{\"@id\":\"https:\\\/\\\/charleroi-pourlapalestine.be\\\/index.php\\\/2020\\\/11\\\/22\\\/en-pleine-couvre-feu-sept-raids-et-bombardements-israeliens-sur-gaza\\\/#breadcrumb\"},\"inLanguage\":\"fr-FR\",\"potentialAction\":[{\"@type\":\"ReadAction\",\"target\":[\"https:\\\/\\\/charleroi-pourlapalestine.be\\\/index.php\\\/2020\\\/11\\\/22\\\/en-pleine-couvre-feu-sept-raids-et-bombardements-israeliens-sur-gaza\\\/\"]}]},{\"@type\":\"ImageObject\",\"inLanguage\":\"fr-FR\",\"@id\":\"https:\\\/\\\/charleroi-pourlapalestine.be\\\/index.php\\\/2020\\\/11\\\/22\\\/en-pleine-couvre-feu-sept-raids-et-bombardements-israeliens-sur-gaza\\\/#primaryimage\",\"url\":\"https:\\\/\\\/charleroi-pourlapalestine.be\\\/wp-content\\\/uploads\\\/2020\\\/11\\\/Raids-et-bombardements-sur-GAZA2-e1606034660183.jpg\",\"contentUrl\":\"https:\\\/\\\/charleroi-pourlapalestine.be\\\/wp-content\\\/uploads\\\/2020\\\/11\\\/Raids-et-bombardements-sur-GAZA2-e1606034660183.jpg\",\"width\":570,\"height\":320},{\"@type\":\"BreadcrumbList\",\"@id\":\"https:\\\/\\\/charleroi-pourlapalestine.be\\\/index.php\\\/2020\\\/11\\\/22\\\/en-pleine-couvre-feu-sept-raids-et-bombardements-israeliens-sur-gaza\\\/#breadcrumb\",\"itemListElement\":[{\"@type\":\"ListItem\",\"position\":1,\"name\":\"Accueil\",\"item\":\"https:\\\/\\\/charleroi-pourlapalestine.be\\\/\"},{\"@type\":\"ListItem\",\"position\":2,\"name\":\"En plein couvre-feu, sept raids et bombardements isra\u00e9liens sur Gaza\"}]},{\"@type\":\"WebSite\",\"@id\":\"https:\\\/\\\/charleroi-pourlapalestine.be\\\/#website\",\"url\":\"https:\\\/\\\/charleroi-pourlapalestine.be\\\/\",\"name\":\"Charleroi Pour la Palestine\",\"description\":\"\",\"publisher\":{\"@id\":\"https:\\\/\\\/charleroi-pourlapalestine.be\\\/#organization\"},\"potentialAction\":[{\"@type\":\"SearchAction\",\"target\":{\"@type\":\"EntryPoint\",\"urlTemplate\":\"https:\\\/\\\/charleroi-pourlapalestine.be\\\/?s={search_term_string}\"},\"query-input\":{\"@type\":\"PropertyValueSpecification\",\"valueRequired\":true,\"valueName\":\"search_term_string\"}}],\"inLanguage\":\"fr-FR\"},{\"@type\":\"Organization\",\"@id\":\"https:\\\/\\\/charleroi-pourlapalestine.be\\\/#organization\",\"name\":\"Plate-forme Charleroi-Palestine\",\"url\":\"https:\\\/\\\/charleroi-pourlapalestine.be\\\/\",\"logo\":{\"@type\":\"ImageObject\",\"inLanguage\":\"fr-FR\",\"@id\":\"https:\\\/\\\/charleroi-pourlapalestine.be\\\/#\\\/schema\\\/logo\\\/image\\\/\",\"url\":\"https:\\\/\\\/charleroi-pourlapalestine.be\\\/wp-content\\\/uploads\\\/2020\\\/01\\\/logo-Copy.jpg\",\"contentUrl\":\"https:\\\/\\\/charleroi-pourlapalestine.be\\\/wp-content\\\/uploads\\\/2020\\\/01\\\/logo-Copy.jpg\",\"width\":180,\"height\":180,\"caption\":\"Plate-forme Charleroi-Palestine\"},\"image\":{\"@id\":\"https:\\\/\\\/charleroi-pourlapalestine.be\\\/#\\\/schema\\\/logo\\\/image\\\/\"},\"sameAs\":[\"https:\\\/\\\/www.facebook.com\\\/PlateformeCharleroiPalestine\\\/\",\"https:\\\/\\\/x.com\\\/LaCharleroi\"]},{\"@type\":\"Person\",\"@id\":\"https:\\\/\\\/charleroi-pourlapalestine.be\\\/#\\\/schema\\\/person\\\/c19ff515112f1299d8c12671d8fe3faa\",\"name\":\"admin1873\",\"url\":\"https:\\\/\\\/charleroi-pourlapalestine.be\\\/index.php\\\/author\\\/admin1873\\\/\"}]}<\/script>\n<!-- \/ Yoast SEO plugin. -->","yoast_head_json":{"title":"Raids et bombardements isra\u00e9liens sur Gaza, en pleine couvre-feu","description":"L'aviation militaire isra\u00e9lienne a men\u00e9 sept raids sur plusieurs endroits, et l'artillerie de l'occupation a bombard\u00e9 partout dans la bande de Gaza","robots":{"index":"index","follow":"follow","max-snippet":"max-snippet:-1","max-image-preview":"max-image-preview:large","max-video-preview":"max-video-preview:-1"},"canonical":"https:\/\/charleroi-pourlapalestine.be\/index.php\/2020\/11\/22\/en-pleine-couvre-feu-sept-raids-et-bombardements-israeliens-sur-gaza\/","schema":{"@context":"https:\/\/schema.org","@graph":[{"@type":"Article","@id":"https:\/\/charleroi-pourlapalestine.be\/index.php\/2020\/11\/22\/en-pleine-couvre-feu-sept-raids-et-bombardements-israeliens-sur-gaza\/#article","isPartOf":{"@id":"https:\/\/charleroi-pourlapalestine.be\/index.php\/2020\/11\/22\/en-pleine-couvre-feu-sept-raids-et-bombardements-israeliens-sur-gaza\/"},"author":{"name":"admin1873","@id":"https:\/\/charleroi-pourlapalestine.be\/#\/schema\/person\/c19ff515112f1299d8c12671d8fe3faa"},"headline":"En plein couvre-feu, sept raids et bombardements isra\u00e9liens sur Gaza","datePublished":"2020-11-22T08:55:24+00:00","dateModified":"2020-11-22T09:05:57+00:00","mainEntityOfPage":{"@id":"https:\/\/charleroi-pourlapalestine.be\/index.php\/2020\/11\/22\/en-pleine-couvre-feu-sept-raids-et-bombardements-israeliens-sur-gaza\/"},"wordCount":275,"publisher":{"@id":"https:\/\/charleroi-pourlapalestine.be\/#organization"},"image":{"@id":"https:\/\/charleroi-pourlapalestine.be\/index.php\/2020\/11\/22\/en-pleine-couvre-feu-sept-raids-et-bombardements-israeliens-sur-gaza\/#primaryimage"},"thumbnailUrl":"https:\/\/charleroi-pourlapalestine.be\/wp-content\/uploads\/2020\/11\/Raids-et-bombardements-sur-GAZA2-e1606034660183.jpg","articleSection":["Crimes de guerre","Gaza"],"inLanguage":"fr-FR"},{"@type":"WebPage","@id":"https:\/\/charleroi-pourlapalestine.be\/index.php\/2020\/11\/22\/en-pleine-couvre-feu-sept-raids-et-bombardements-israeliens-sur-gaza\/","url":"https:\/\/charleroi-pourlapalestine.be\/index.php\/2020\/11\/22\/en-pleine-couvre-feu-sept-raids-et-bombardements-israeliens-sur-gaza\/","name":"Raids et bombardements isra\u00e9liens sur Gaza, en pleine couvre-feu","isPartOf":{"@id":"https:\/\/charleroi-pourlapalestine.be\/#website"},"primaryImageOfPage":{"@id":"https:\/\/charleroi-pourlapalestine.be\/index.php\/2020\/11\/22\/en-pleine-couvre-feu-sept-raids-et-bombardements-israeliens-sur-gaza\/#primaryimage"},"image":{"@id":"https:\/\/charleroi-pourlapalestine.be\/index.php\/2020\/11\/22\/en-pleine-couvre-feu-sept-raids-et-bombardements-israeliens-sur-gaza\/#primaryimage"},"thumbnailUrl":"https:\/\/charleroi-pourlapalestine.be\/wp-content\/uploads\/2020\/11\/Raids-et-bombardements-sur-GAZA2-e1606034660183.jpg","datePublished":"2020-11-22T08:55:24+00:00","dateModified":"2020-11-22T09:05:57+00:00","description":"L'aviation militaire isra\u00e9lienne a men\u00e9 sept raids sur plusieurs endroits, et l'artillerie de l'occupation a bombard\u00e9 partout dans la bande de Gaza","breadcrumb":{"@id":"https:\/\/charleroi-pourlapalestine.be\/index.php\/2020\/11\/22\/en-pleine-couvre-feu-sept-raids-et-bombardements-israeliens-sur-gaza\/#breadcrumb"},"inLanguage":"fr-FR","potentialAction":[{"@type":"ReadAction","target":["https:\/\/charleroi-pourlapalestine.be\/index.php\/2020\/11\/22\/en-pleine-couvre-feu-sept-raids-et-bombardements-israeliens-sur-gaza\/"]}]},{"@type":"ImageObject","inLanguage":"fr-FR","@id":"https:\/\/charleroi-pourlapalestine.be\/index.php\/2020\/11\/22\/en-pleine-couvre-feu-sept-raids-et-bombardements-israeliens-sur-gaza\/#primaryimage","url":"https:\/\/charleroi-pourlapalestine.be\/wp-content\/uploads\/2020\/11\/Raids-et-bombardements-sur-GAZA2-e1606034660183.jpg","contentUrl":"https:\/\/charleroi-pourlapalestine.be\/wp-content\/uploads\/2020\/11\/Raids-et-bombardements-sur-GAZA2-e1606034660183.jpg","width":570,"height":320},{"@type":"BreadcrumbList","@id":"https:\/\/charleroi-pourlapalestine.be\/index.php\/2020\/11\/22\/en-pleine-couvre-feu-sept-raids-et-bombardements-israeliens-sur-gaza\/#breadcrumb","itemListElement":[{"@type":"ListItem","position":1,"name":"Accueil","item":"https:\/\/charleroi-pourlapalestine.be\/"},{"@type":"ListItem","position":2,"name":"En plein couvre-feu, sept raids et bombardements isra\u00e9liens sur Gaza"}]},{"@type":"WebSite","@id":"https:\/\/charleroi-pourlapalestine.be\/#website","url":"https:\/\/charleroi-pourlapalestine.be\/","name":"Charleroi Pour la Palestine","description":"","publisher":{"@id":"https:\/\/charleroi-pourlapalestine.be\/#organization"},"potentialAction":[{"@type":"SearchAction","target":{"@type":"EntryPoint","urlTemplate":"https:\/\/charleroi-pourlapalestine.be\/?s={search_term_string}"},"query-input":{"@type":"PropertyValueSpecification","valueRequired":true,"valueName":"search_term_string"}}],"inLanguage":"fr-FR"},{"@type":"Organization","@id":"https:\/\/charleroi-pourlapalestine.be\/#organization","name":"Plate-forme Charleroi-Palestine","url":"https:\/\/charleroi-pourlapalestine.be\/","logo":{"@type":"ImageObject","inLanguage":"fr-FR","@id":"https:\/\/charleroi-pourlapalestine.be\/#\/schema\/logo\/image\/","url":"https:\/\/charleroi-pourlapalestine.be\/wp-content\/uploads\/2020\/01\/logo-Copy.jpg","contentUrl":"https:\/\/charleroi-pourlapalestine.be\/wp-content\/uploads\/2020\/01\/logo-Copy.jpg","width":180,"height":180,"caption":"Plate-forme Charleroi-Palestine"},"image":{"@id":"https:\/\/charleroi-pourlapalestine.be\/#\/schema\/logo\/image\/"},"sameAs":["https:\/\/www.facebook.com\/PlateformeCharleroiPalestine\/","https:\/\/x.com\/LaCharleroi"]},{"@type":"Person","@id":"https:\/\/charleroi-pourlapalestine.be\/#\/schema\/person\/c19ff515112f1299d8c12671d8fe3faa","name":"admin1873","url":"https:\/\/charleroi-pourlapalestine.be\/index.php\/author\/admin1873\/"}]}},"_links":{"self":[{"href":"https:\/\/charleroi-pourlapalestine.be\/index.php\/wp-json\/wp\/v2\/posts\/19418","targetHints":{"allow":["GET"]}}],"collection":[{"href":"https:\/\/charleroi-pourlapalestine.be\/index.php\/wp-json\/wp\/v2\/posts"}],"about":[{"href":"https:\/\/charleroi-pourlapalestine.be\/index.php\/wp-json\/wp\/v2\/types\/post"}],"author":[{"embeddable":true,"href":"https:\/\/charleroi-pourlapalestine.be\/index.php\/wp-json\/wp\/v2\/users\/1"}],"replies":[{"embeddable":true,"href":"https:\/\/charleroi-pourlapalestine.be\/index.php\/wp-json\/wp\/v2\/comments?post=19418"}],"version-history":[{"count":0,"href":"https:\/\/charleroi-pourlapalestine.be\/index.php\/wp-json\/wp\/v2\/posts\/19418\/revisions"}],"wp:featuredmedia":[{"embeddable":true,"href":"https:\/\/charleroi-pourlapalestine.be\/index.php\/wp-json\/wp\/v2\/media\/19421"}],"wp:attachment":[{"href":"https:\/\/charleroi-pourlapalestine.be\/index.php\/wp-json\/wp\/v2\/media?parent=19418"}],"wp:term":[{"taxonomy":"category","embeddable":true,"href":"https:\/\/charleroi-pourlapalestine.be\/index.php\/wp-json\/wp\/v2\/categories?post=19418"},{"taxonomy":"post_tag","embeddable":true,"href":"https:\/\/charleroi-pourlapalestine.be\/index.php\/wp-json\/wp\/v2\/tags?post=19418"}],"curies":[{"name":"wp","href":"https:\/\/api.w.org\/{rel}","templated":true}]}}