{"id":19631,"date":"2016-02-14T12:12:00","date_gmt":"2016-02-14T11:12:00","guid":{"rendered":"https:\/\/charleroi-pourlapalestine.be\/?p=19631"},"modified":"2020-11-25T13:03:04","modified_gmt":"2020-11-25T12:03:04","slug":"shlomo-sand-comment-jai-appris-a-aimer-les-sanctions","status":"publish","type":"post","link":"https:\/\/charleroi-pourlapalestine.be\/index.php\/2016\/02\/14\/shlomo-sand-comment-jai-appris-a-aimer-les-sanctions\/","title":{"rendered":"Shlomo Sand : <em>Comment j\u2019ai appris \u00e0 aimer les sanctions<\/em>"},"content":{"rendered":"<div class=\"entry-content mh-clearfix\">\n<p><strong>Shlomo Sand : Les sanctions n\u2019ont d\u00e9vast\u00e9 ni l\u2019Afrique du Sud ni l\u2019Iran. Pas plus qu\u2019elles ne d\u00e9truiront Isra\u00ebl ; par-dessus tout, elles d\u00e9gageront Isra\u00ebl d\u2019un pi\u00e8ge d\u2019o\u00f9 il est incapable de s\u2019extraire tout seul.<br \/>\n<\/strong><\/p>\n<p><img loading=\"lazy\" decoding=\"async\" class=\"aligncenter wp-image-19634 size-full\" src=\"https:\/\/charleroi-pourlapalestine.be\/wp-content\/uploads\/2016\/02\/T-shirt-e1606302940169.jpg\" alt=\"Un autre Juif soutenant comme Shlomo Sand les sanctions et le d\u00e9sinvestissement\" width=\"554\" height=\"320\"><\/p>\n<div class=\"pf-content\">\n<p>Les m\u00e9dias isra\u00e9liens l\u2019appellent<em> \u00ab&nbsp;l\u2019Intifada des individus&nbsp;\u00bb.<\/em> Mais nous savons tous que c\u2019est avant toute chose une intifada des jeunes. L\u2019\u00e9lite politique isra\u00e9lienne la per\u00e7oit comme le produit d\u2019une incitation, mais toute personne soucieuse d\u2019\u00eatre honn\u00eate avec elle-m\u00eame sait que les raisons d\u00e9cisives de la r\u00e9cente vague d\u2019agressions sont l\u2019occupation en cours, l\u2019humiliation au quotidien, le vide existentiel et le sentiment d\u2019\u00eatre pi\u00e9g\u00e9 sans avoir aucune issue.<\/p>\n<p>\u00c0 tr\u00e8s peu de distance de nos existences quotidiennes \u00e0 <strong>Tel-Aviv<\/strong> et <strong>Ha\u00effa<\/strong>, vit depuis pr\u00e8s d\u2019un demi-si\u00e8cle une population priv\u00e9e des droits de l\u2019homme et des droits civils les plus essentiels. Nous, les <strong>Isra\u00e9liens<\/strong>, nous travaillons, r\u00eavons et vivons en libert\u00e9 et dans le confort alors que, pas tr\u00e8s loin de chez nous, des gens sont \u00e0 la merci de militaires et d\u2019un app\u00e9tit gargantuesque de terres des colons encourag\u00e9s par le gouvernement.<\/p>\n<p>Chaque fois que j\u2019entends des infos \u00e0 propos d\u2019un <strong>Palestinien<\/strong>, gar\u00e7on ou fille, qui a renonc\u00e9 \u00e0 sa vie pour tuer des <strong>Isra\u00e9liens<\/strong>, je suis choqu\u00e9 mais, en m\u00eame temps, je ne puis m\u2019emp\u00eacher de me rem\u00e9morer les mots tr\u00e8s durs d\u2019<strong>Alexander Penn&nbsp;<\/strong>: <em>\u00ab&nbsp;Et il s\u2019est enflamm\u00e9, et il br\u00fble de col\u00e8re et il se sacrifie pour faire dispara\u00eetre par le feu la douloureuse insulte de l\u2019esclavage.\u00bb<\/em><\/p>\n<p>Naturellement, la r\u00e9sistance arm\u00e9e n\u2019est pas en soi quelque chose de noble et de vertueux. Elle est difficile et souvent horrible. Des femmes et des enfants innocents sont bless\u00e9s, et m\u00eame tu\u00e9s.<\/p>\n<p>Mais ceux qui font cela ne sont pas des tueurs n\u00e9s. Dans des circonstances historiques diff\u00e9rentes, ces enfants et ces jeunes qui attrapent un couteau de cuisine, un tranchoir ou une vieille voiture pour les transformer en armes mortelles, auraient pu terminer leurs \u00e9tudes, devenir des professionnels honn\u00eates, devenir des p\u00e8res et des m\u00e8res, \u00e9lever des enfants et vieillir paisiblement.<\/p>\n<p>Mais quelque chose dans leur histoire a \u00e9t\u00e9 d\u00e9t\u00e9rior\u00e9 et provoque de graves d\u00e9g\u00e2ts, et quelque chose dans notre histoire isra\u00e9lienne est occup\u00e9 \u00e0 se muer en monstruosit\u00e9.<\/p>\n<p>Quand je rencontre des coll\u00e8gues \u00e0 l\u2019\u00e9tranger, on me demande souvent comment il se fait que les descendants des <strong>Juifs<\/strong> pers\u00e9cut\u00e9s peuvent \u00e0 leur tour se muer en de tels pers\u00e9cuteurs impitoyables. Je r\u00e9ponds que la pers\u00e9cution n\u2019a jamais fourni une vaccination automatique contre l\u2019arbitraire et le refus aveugle de consid\u00e9rer le sort d\u2019autrui.<\/p>\n<p>Toutefois, si l\u2019installation des r\u00e9fugi\u00e9s chass\u00e9s d\u2019Europe peut \u00eatre consid\u00e9r\u00e9e comme l\u2019une ou l\u2019autre forme de justice historique mineure (apr\u00e8s tout, la population locale ne devrait pas \u00eatre tenue de payer ce que la civilisation chr\u00e9tienne a inflig\u00e9 \u00e0 nos parents et aux parents de nos parents), continuer \u00e0 installer des fils de r\u00e9fugi\u00e9s alors qu\u2019ils ont d\u00e9j\u00e0 acquis leur souverainet\u00e9 est un mal d\u00e9nu\u00e9 de la moindre justice.<\/p>\n<p>Le plus gros de la soci\u00e9t\u00e9 isra\u00e9lienne soutient les maux de l\u2019occupation ou se montre apathique \u00e0 leur propos. Certains pensent que c\u2019est le prix qu\u2019ils doivent payer pour la lente lib\u00e9ration de la patrie imaginaire que la Bible leur a promise. D\u2019autres tirent profit de son patrimoine immobilier et de subsides g\u00e9n\u00e9reux; pour la plupart, il est tout simplement confortable d\u2019\u00eatre inconscient de ce qui se passe autour de soi.<\/p>\n<p>Les vacances en vue, la carri\u00e8re qu\u2019il est si malais\u00e9 de d\u00e9velopper et d\u2019assurer, les difficult\u00e9s et pi\u00e8ges \u00e9conomiques et autres probl\u00e8mes similaires nous emp\u00eachent d\u2019examiner et de comprendre pourquoi des enfants se muent en tueurs. Pourquoi des jeunes \u00e2g\u00e9s de 13, 14 ou 15 ans ont apparemment perdu tout int\u00e9r\u00eat dans la vie et sont de ce fait pr\u00eats \u00e0 ravir celle d\u2019autrui dans un acc\u00e8s de haine.<\/p>\n<p>Je n\u2019\u00e9cris pas pour convaincre les colons et leurs ardents partisans. Je n\u2019essaie pas de changer les mentalit\u00e9s des politiciens populistes qui nagent dans un oc\u00e9an de manipulation du pouvoir.<\/p>\n<p>J\u2019essaie de m\u2019adresser \u00e0 ceux qui sont apathiques, soit par fain\u00e9antise, soit tout simplement en raison d\u2019une confortable igno\u00adrance. La vague de terreur des quelques mois \u00e9coul\u00e9s ne nous a pas encore emp\u00each\u00e9s de mener des existences normales. Il est toujours possible de mener une vie d\u2019illusion, en supposant qu\u2019\u00e0 la fin tout va de toute fa\u00e7on s\u2019arranger.<\/p>\n<p>Si nous, les <strong>Isra\u00e9liens<\/strong>, sommes parvenus \u00e0 traverser toutes les guerres et intifadas jusqu\u2019\u00e0 pr\u00e9sent, n\u2019est-il pas \u00e9vident que nous nous sortirons aussi de tous les ennuis \u00e0 venir ?<\/p>\n<p>En ce qui me concerne, contrairement \u00e0 eux, j\u2019ai l\u2019impression que la vie aujourd\u2019hui dans un <strong>Moyen-Orient<\/strong> instable et dans un pays juif en expansion constante ressemble \u00e0 une course vou\u00e9e \u00e0 l\u2019\u00e9chec et sans espoir. Non seulement les valeurs normatives s\u2019\u00e9miettent, mais la logique politique suppos\u00e9e centr\u00e9e sur ses propres int\u00e9r\u00eats s\u2019\u00e9rode avec elles.<\/p>\n<p>Est-ce que je crois que mes \u00e9crits na\u00effs vont \u00eatre d\u2019une aide quelconque&nbsp;? Pas vraiment. Je suis de plus en plus persuad\u00e9 que la possibilit\u00e9 d\u2019une opposition politique capable de changer la tendance qui cro\u00eet en<strong> Isra\u00ebl<\/strong> \u2013 une opposition qui annoncerait qu<strong>\u2018Isra\u00ebl<\/strong> n\u2019est int\u00e9ress\u00e9 par aucune souverainet\u00e9 au-del\u00e0 des fronti\u00e8res de 1967 et qu\u2019il a l\u2019intention de ramener tous les colons dans leur patrie initiale, que les lieux saints n\u2019ont nullement besoin d\u2019\u00eatre sous contr\u00f4le isra\u00e9lien exclusif et que J\u00e9rusalem peut \u00eatre la capitale de deux \u00c9tats \u2013 la possibilit\u00e9 que cela arrive est proche de z\u00e9ro.<\/p>\n<p>Si la terreur devait s\u2019accro\u00eetre et si \u2013 grands dieux non&nbsp;! \u2013 des agresseurs suicidaires plus \u00e2g\u00e9s devaient rallier les jeunes d\u2019aujourd\u2019hui, il est possible, sinon aujourd\u2019hui, la prochaine fois, alors, que de plus en plus d\u2019<strong>Isra\u00e9liens<\/strong> en auront r\u00e9ellement assez de l\u2019occupation. Mais si ce triste sc\u00e9nario devait se mat\u00e9rialiser, ce ne serait qu\u2019apr\u00e8s que des quantit\u00e9s de sang encore bien plus grandes aient \u00e9t\u00e9 vers\u00e9es dans les deux camps.<\/p>\n<p>De m\u00eame que je m\u2019oppose \u00e0 l\u2019occupation et au refus des droits \u00e0 autrui, je d\u00e9teste \u00e9galement la terreur et je m\u2019en d\u00e9tourne. Pour cette raison, j\u2019en suis malheureusement venu \u00e0 une conclusion que j\u2019avais refus\u00e9 pr\u00e9c\u00e9demment de faire ou d\u2019exprimer en public. Je ne puis plus continuer \u00e0 critiquer l\u2019application de pressions [ext\u00e9rieures] sur le gouvernement isra\u00e9lien.<\/p>\n<p>Pendant des ann\u00e9es, je me suis oppos\u00e9 aux boycotts et aux sanctions, mais je suis de plus en plus convaincu que, de m\u00eame que les sanctions avaient fonctionn\u00e9 lorsqu\u2019elles avaient \u00e9t\u00e9 appliqu\u00e9es \u00e0 l\u2019<strong>Afrique du Sud<\/strong> et \u00e0 l\u2019<strong>Iran,<\/strong> elles pourraient tout aussi bien fonctionner si elles \u00e9taient appliqu\u00e9es \u00e0 <strong>Isra\u00ebl.<\/strong><\/p>\n<p>Les sanctions n\u2019ont pas d\u00e9vast\u00e9 l\u2019<strong>Afrique du Sud<\/strong> ou l\u2019<strong>Iran<\/strong>. Elle ne d\u00e9truiront pas davantage<strong> Isra\u00ebl.<\/strong> Naturellement, je suis oppos\u00e9 en principe \u00e0 des sanctions dont le but est de changer le r\u00e9gime et le style de vie en <strong>Isra\u00ebl<\/strong>. Personne d\u2019autre, en dehors des<strong> Isra\u00e9liens<\/strong>, n\u2019a le droit de le faire.<\/p>\n<p>Mais les sanctions qui seraient prises dans l\u2019intention d\u2019emp\u00eacher<strong> Isra\u00ebl<\/strong> de contr\u00f4ler en permanence les exis\u00adtences d\u2019autres personnes en les privant du droit de contr\u00f4ler leur propre territoire et leur propre sort au cours de ces 50 derni\u00e8res ann\u00e9es, ne contreviennent pas au principe d\u00e9mocratique de souverainet\u00e9. C\u2019est le contraire qui est vrai. Elles lui donnent de l\u2019expansion.<\/p>\n<p>Il existe une possibilit\u00e9, et non des moindres, que de telles sanctions puissent sauver les vies des agresseurs suicidaires aussi bien que celles de leurs victimes. Et, par-dessus tout, elles pourraient d\u00e9gager <strong>Isra\u00ebl<\/strong> d\u2019un pi\u00e8ge dont \u2013 et chaque jour qui passe le prouve \u2013 il est incapable de s\u2019extraire tout seul. \u00c0 mon humble avis, quiconque aime cet endroit et refuse la terreur ne peut se permettre de continuer \u00e0 protester contre des pressions et des sanctions qui deviennent de plus en plus l\u00e9gitimes.<\/p>\n<hr>\n<p>Publi\u00e9 le 13 f\u00e9vrier 2016 sur <a href=\"http:\/\/www.haaretz.com\/opinion\/.premium-1.703059\" target=\"_blank\" rel=\"noopener noreferrer\">Haaretz<\/a><br \/>\n<a href=\"https:\/\/charleroi-pourlapalestine.be\/index.php\/2015\/10\/14\/shlomo-sand-rejoint-la-campagne-bds\/\">Traduction : Jean-Marie Fl\u00e9mal<\/a><\/p>\n<p><a href=\"https:\/\/charleroi-pourlapalestine.be\/index.php\/2015\/10\/14\/shlomo-sand-rejoint-la-campagne-bds\/\"><img loading=\"lazy\" decoding=\"async\" class=\"alignleft wp-image-2916 size-thumbnail\" src=\"https:\/\/www.pourlapalestine.be\/wp-content\/uploads\/2015\/10\/s.sand_-150x150.jpg\" alt=\"\" width=\"150\" height=\"150\"><\/a><\/p>\n<p><a href=\"https:\/\/charleroi-pourlapalestine.be\/index.php\/2015\/10\/14\/shlomo-sand-rejoint-la-campagne-bds\/\"><strong>Shlomo Sand<\/strong> est historien, sp\u00e9cialiste de l\u2019histoire contemporaine. Il est professeur \u00e0 l\u2019universit\u00e9 de<strong> Tel Aviv<\/strong> depuis 1985.<\/a><br \/>\n<a href=\"https:\/\/charleroi-pourlapalestine.be\/index.php\/2015\/10\/14\/shlomo-sand-rejoint-la-campagne-bds\/\">Il est l\u2019auteur de nombreux ouvrages, dont plusieurs ont \u00e9t\u00e9 publi\u00e9s en fran\u00e7ais, tels que :<\/a><br \/>\n<a href=\"https:\/\/charleroi-pourlapalestine.be\/index.php\/2015\/10\/14\/shlomo-sand-rejoint-la-campagne-bds\/\"><em>Comment le peuple juif fut invent\u00e9<\/em> (Fayard \u2013 2008) \u2013<em> \u00ab&nbsp;Comment j\u2019ai cess\u00e9 d\u2019\u00eatre juif&nbsp;\u00bb<\/em> (Flammarion \u2013 2013), <em>Les mots et la terre \u2013 Les intellectuels en Isra\u00ebl<\/em> (Flammarion \u2013 2010), <em>Comment la Terre sainte fut invent\u00e9e \u2013 De la Terre sainte \u00e0 la m\u00e8re patrie<\/em> (Flammarion \u2013 2014)<\/a><\/p>\n<p><a href=\"https:\/\/charleroi-pourlapalestine.be\/index.php\/2015\/10\/14\/shlomo-sand-rejoint-la-campagne-bds\/\">Lisez \u00e9galement : Shlomo Sand rejoint la campagne BDS<\/a><\/p>\n<\/div>\n<\/div>\n","protected":false},"excerpt":{"rendered":"<p>Shlomo Sand : par-dessus tout, les sanctions pourraient d\u00e9gager Isra\u00ebl d\u2019un pi\u00e8ge dont  il est incapable de s\u2019extraire tout seul<\/p>\n","protected":false},"author":1,"featured_media":19634,"comment_status":"closed","ping_status":"closed","sticky":false,"template":"","format":"standard","meta":{"ngg_post_thumbnail":0,"footnotes":""},"categories":[90,71],"tags":[],"class_list":["post-19631","post","type-post","status-publish","format-standard","has-post-thumbnail","hentry","category-bds","category-les-sanctions"],"yoast_head":"<!-- This site is optimized with the Yoast SEO plugin v27.3 - https:\/\/yoast.com\/product\/yoast-seo-wordpress\/ -->\n<title>Shlomo Sand : Comment j\u2019ai appris \u00e0 aimer les sanctions<\/title>\n<meta name=\"description\" content=\"Shlomo Sand : par-dessus tout, les sanctions pourraient d\u00e9gager Isra\u00ebl d\u2019un pi\u00e8ge dont il est incapable de s\u2019extraire tout seul\" \/>\n<meta name=\"robots\" content=\"index, follow, max-snippet:-1, max-image-preview:large, max-video-preview:-1\" \/>\n<link rel=\"canonical\" href=\"https:\/\/charleroi-pourlapalestine.be\/index.php\/2016\/02\/14\/shlomo-sand-comment-jai-appris-a-aimer-les-sanctions\/\" \/>\n<script type=\"application\/ld+json\" class=\"yoast-schema-graph\">{\"@context\":\"https:\\\/\\\/schema.org\",\"@graph\":[{\"@type\":\"Article\",\"@id\":\"https:\\\/\\\/charleroi-pourlapalestine.be\\\/index.php\\\/2016\\\/02\\\/14\\\/shlomo-sand-comment-jai-appris-a-aimer-les-sanctions\\\/#article\",\"isPartOf\":{\"@id\":\"https:\\\/\\\/charleroi-pourlapalestine.be\\\/index.php\\\/2016\\\/02\\\/14\\\/shlomo-sand-comment-jai-appris-a-aimer-les-sanctions\\\/\"},\"author\":{\"name\":\"admin1873\",\"@id\":\"https:\\\/\\\/charleroi-pourlapalestine.be\\\/#\\\/schema\\\/person\\\/c19ff515112f1299d8c12671d8fe3faa\"},\"headline\":\"Shlomo Sand : Comment j\u2019ai appris \u00e0 aimer les sanctions\",\"datePublished\":\"2016-02-14T11:12:00+00:00\",\"dateModified\":\"2020-11-25T12:03:04+00:00\",\"mainEntityOfPage\":{\"@id\":\"https:\\\/\\\/charleroi-pourlapalestine.be\\\/index.php\\\/2016\\\/02\\\/14\\\/shlomo-sand-comment-jai-appris-a-aimer-les-sanctions\\\/\"},\"wordCount\":1587,\"publisher\":{\"@id\":\"https:\\\/\\\/charleroi-pourlapalestine.be\\\/#organization\"},\"image\":{\"@id\":\"https:\\\/\\\/charleroi-pourlapalestine.be\\\/index.php\\\/2016\\\/02\\\/14\\\/shlomo-sand-comment-jai-appris-a-aimer-les-sanctions\\\/#primaryimage\"},\"thumbnailUrl\":\"https:\\\/\\\/charleroi-pourlapalestine.be\\\/wp-content\\\/uploads\\\/2016\\\/02\\\/T-shirt-e1606302940169.jpg\",\"articleSection\":[\"BDS\",\"Sanctions\"],\"inLanguage\":\"fr-FR\"},{\"@type\":\"WebPage\",\"@id\":\"https:\\\/\\\/charleroi-pourlapalestine.be\\\/index.php\\\/2016\\\/02\\\/14\\\/shlomo-sand-comment-jai-appris-a-aimer-les-sanctions\\\/\",\"url\":\"https:\\\/\\\/charleroi-pourlapalestine.be\\\/index.php\\\/2016\\\/02\\\/14\\\/shlomo-sand-comment-jai-appris-a-aimer-les-sanctions\\\/\",\"name\":\"Shlomo Sand : Comment j\u2019ai appris \u00e0 aimer les sanctions\",\"isPartOf\":{\"@id\":\"https:\\\/\\\/charleroi-pourlapalestine.be\\\/#website\"},\"primaryImageOfPage\":{\"@id\":\"https:\\\/\\\/charleroi-pourlapalestine.be\\\/index.php\\\/2016\\\/02\\\/14\\\/shlomo-sand-comment-jai-appris-a-aimer-les-sanctions\\\/#primaryimage\"},\"image\":{\"@id\":\"https:\\\/\\\/charleroi-pourlapalestine.be\\\/index.php\\\/2016\\\/02\\\/14\\\/shlomo-sand-comment-jai-appris-a-aimer-les-sanctions\\\/#primaryimage\"},\"thumbnailUrl\":\"https:\\\/\\\/charleroi-pourlapalestine.be\\\/wp-content\\\/uploads\\\/2016\\\/02\\\/T-shirt-e1606302940169.jpg\",\"datePublished\":\"2016-02-14T11:12:00+00:00\",\"dateModified\":\"2020-11-25T12:03:04+00:00\",\"description\":\"Shlomo Sand : par-dessus tout, les sanctions pourraient d\u00e9gager Isra\u00ebl d\u2019un pi\u00e8ge dont il est incapable de s\u2019extraire tout seul\",\"breadcrumb\":{\"@id\":\"https:\\\/\\\/charleroi-pourlapalestine.be\\\/index.php\\\/2016\\\/02\\\/14\\\/shlomo-sand-comment-jai-appris-a-aimer-les-sanctions\\\/#breadcrumb\"},\"inLanguage\":\"fr-FR\",\"potentialAction\":[{\"@type\":\"ReadAction\",\"target\":[\"https:\\\/\\\/charleroi-pourlapalestine.be\\\/index.php\\\/2016\\\/02\\\/14\\\/shlomo-sand-comment-jai-appris-a-aimer-les-sanctions\\\/\"]}]},{\"@type\":\"ImageObject\",\"inLanguage\":\"fr-FR\",\"@id\":\"https:\\\/\\\/charleroi-pourlapalestine.be\\\/index.php\\\/2016\\\/02\\\/14\\\/shlomo-sand-comment-jai-appris-a-aimer-les-sanctions\\\/#primaryimage\",\"url\":\"https:\\\/\\\/charleroi-pourlapalestine.be\\\/wp-content\\\/uploads\\\/2016\\\/02\\\/T-shirt-e1606302940169.jpg\",\"contentUrl\":\"https:\\\/\\\/charleroi-pourlapalestine.be\\\/wp-content\\\/uploads\\\/2016\\\/02\\\/T-shirt-e1606302940169.jpg\",\"width\":554,\"height\":320},{\"@type\":\"BreadcrumbList\",\"@id\":\"https:\\\/\\\/charleroi-pourlapalestine.be\\\/index.php\\\/2016\\\/02\\\/14\\\/shlomo-sand-comment-jai-appris-a-aimer-les-sanctions\\\/#breadcrumb\",\"itemListElement\":[{\"@type\":\"ListItem\",\"position\":1,\"name\":\"Accueil\",\"item\":\"https:\\\/\\\/charleroi-pourlapalestine.be\\\/\"},{\"@type\":\"ListItem\",\"position\":2,\"name\":\"Shlomo Sand : Comment j\u2019ai appris \u00e0 aimer les sanctions\"}]},{\"@type\":\"WebSite\",\"@id\":\"https:\\\/\\\/charleroi-pourlapalestine.be\\\/#website\",\"url\":\"https:\\\/\\\/charleroi-pourlapalestine.be\\\/\",\"name\":\"Charleroi Pour la Palestine\",\"description\":\"\",\"publisher\":{\"@id\":\"https:\\\/\\\/charleroi-pourlapalestine.be\\\/#organization\"},\"potentialAction\":[{\"@type\":\"SearchAction\",\"target\":{\"@type\":\"EntryPoint\",\"urlTemplate\":\"https:\\\/\\\/charleroi-pourlapalestine.be\\\/?s={search_term_string}\"},\"query-input\":{\"@type\":\"PropertyValueSpecification\",\"valueRequired\":true,\"valueName\":\"search_term_string\"}}],\"inLanguage\":\"fr-FR\"},{\"@type\":\"Organization\",\"@id\":\"https:\\\/\\\/charleroi-pourlapalestine.be\\\/#organization\",\"name\":\"Plate-forme Charleroi-Palestine\",\"url\":\"https:\\\/\\\/charleroi-pourlapalestine.be\\\/\",\"logo\":{\"@type\":\"ImageObject\",\"inLanguage\":\"fr-FR\",\"@id\":\"https:\\\/\\\/charleroi-pourlapalestine.be\\\/#\\\/schema\\\/logo\\\/image\\\/\",\"url\":\"https:\\\/\\\/charleroi-pourlapalestine.be\\\/wp-content\\\/uploads\\\/2020\\\/01\\\/logo-Copy.jpg\",\"contentUrl\":\"https:\\\/\\\/charleroi-pourlapalestine.be\\\/wp-content\\\/uploads\\\/2020\\\/01\\\/logo-Copy.jpg\",\"width\":180,\"height\":180,\"caption\":\"Plate-forme Charleroi-Palestine\"},\"image\":{\"@id\":\"https:\\\/\\\/charleroi-pourlapalestine.be\\\/#\\\/schema\\\/logo\\\/image\\\/\"},\"sameAs\":[\"https:\\\/\\\/www.facebook.com\\\/PlateformeCharleroiPalestine\\\/\",\"https:\\\/\\\/x.com\\\/LaCharleroi\"]},{\"@type\":\"Person\",\"@id\":\"https:\\\/\\\/charleroi-pourlapalestine.be\\\/#\\\/schema\\\/person\\\/c19ff515112f1299d8c12671d8fe3faa\",\"name\":\"admin1873\",\"url\":\"https:\\\/\\\/charleroi-pourlapalestine.be\\\/index.php\\\/author\\\/admin1873\\\/\"}]}<\/script>\n<!-- \/ Yoast SEO plugin. -->","yoast_head_json":{"title":"Shlomo Sand : Comment j\u2019ai appris \u00e0 aimer les sanctions","description":"Shlomo Sand : par-dessus tout, les sanctions pourraient d\u00e9gager Isra\u00ebl d\u2019un pi\u00e8ge dont il est incapable de s\u2019extraire tout seul","robots":{"index":"index","follow":"follow","max-snippet":"max-snippet:-1","max-image-preview":"max-image-preview:large","max-video-preview":"max-video-preview:-1"},"canonical":"https:\/\/charleroi-pourlapalestine.be\/index.php\/2016\/02\/14\/shlomo-sand-comment-jai-appris-a-aimer-les-sanctions\/","schema":{"@context":"https:\/\/schema.org","@graph":[{"@type":"Article","@id":"https:\/\/charleroi-pourlapalestine.be\/index.php\/2016\/02\/14\/shlomo-sand-comment-jai-appris-a-aimer-les-sanctions\/#article","isPartOf":{"@id":"https:\/\/charleroi-pourlapalestine.be\/index.php\/2016\/02\/14\/shlomo-sand-comment-jai-appris-a-aimer-les-sanctions\/"},"author":{"name":"admin1873","@id":"https:\/\/charleroi-pourlapalestine.be\/#\/schema\/person\/c19ff515112f1299d8c12671d8fe3faa"},"headline":"Shlomo Sand : Comment j\u2019ai appris \u00e0 aimer les sanctions","datePublished":"2016-02-14T11:12:00+00:00","dateModified":"2020-11-25T12:03:04+00:00","mainEntityOfPage":{"@id":"https:\/\/charleroi-pourlapalestine.be\/index.php\/2016\/02\/14\/shlomo-sand-comment-jai-appris-a-aimer-les-sanctions\/"},"wordCount":1587,"publisher":{"@id":"https:\/\/charleroi-pourlapalestine.be\/#organization"},"image":{"@id":"https:\/\/charleroi-pourlapalestine.be\/index.php\/2016\/02\/14\/shlomo-sand-comment-jai-appris-a-aimer-les-sanctions\/#primaryimage"},"thumbnailUrl":"https:\/\/charleroi-pourlapalestine.be\/wp-content\/uploads\/2016\/02\/T-shirt-e1606302940169.jpg","articleSection":["BDS","Sanctions"],"inLanguage":"fr-FR"},{"@type":"WebPage","@id":"https:\/\/charleroi-pourlapalestine.be\/index.php\/2016\/02\/14\/shlomo-sand-comment-jai-appris-a-aimer-les-sanctions\/","url":"https:\/\/charleroi-pourlapalestine.be\/index.php\/2016\/02\/14\/shlomo-sand-comment-jai-appris-a-aimer-les-sanctions\/","name":"Shlomo Sand : Comment j\u2019ai appris \u00e0 aimer les sanctions","isPartOf":{"@id":"https:\/\/charleroi-pourlapalestine.be\/#website"},"primaryImageOfPage":{"@id":"https:\/\/charleroi-pourlapalestine.be\/index.php\/2016\/02\/14\/shlomo-sand-comment-jai-appris-a-aimer-les-sanctions\/#primaryimage"},"image":{"@id":"https:\/\/charleroi-pourlapalestine.be\/index.php\/2016\/02\/14\/shlomo-sand-comment-jai-appris-a-aimer-les-sanctions\/#primaryimage"},"thumbnailUrl":"https:\/\/charleroi-pourlapalestine.be\/wp-content\/uploads\/2016\/02\/T-shirt-e1606302940169.jpg","datePublished":"2016-02-14T11:12:00+00:00","dateModified":"2020-11-25T12:03:04+00:00","description":"Shlomo Sand : par-dessus tout, les sanctions pourraient d\u00e9gager Isra\u00ebl d\u2019un pi\u00e8ge dont il est incapable de s\u2019extraire tout seul","breadcrumb":{"@id":"https:\/\/charleroi-pourlapalestine.be\/index.php\/2016\/02\/14\/shlomo-sand-comment-jai-appris-a-aimer-les-sanctions\/#breadcrumb"},"inLanguage":"fr-FR","potentialAction":[{"@type":"ReadAction","target":["https:\/\/charleroi-pourlapalestine.be\/index.php\/2016\/02\/14\/shlomo-sand-comment-jai-appris-a-aimer-les-sanctions\/"]}]},{"@type":"ImageObject","inLanguage":"fr-FR","@id":"https:\/\/charleroi-pourlapalestine.be\/index.php\/2016\/02\/14\/shlomo-sand-comment-jai-appris-a-aimer-les-sanctions\/#primaryimage","url":"https:\/\/charleroi-pourlapalestine.be\/wp-content\/uploads\/2016\/02\/T-shirt-e1606302940169.jpg","contentUrl":"https:\/\/charleroi-pourlapalestine.be\/wp-content\/uploads\/2016\/02\/T-shirt-e1606302940169.jpg","width":554,"height":320},{"@type":"BreadcrumbList","@id":"https:\/\/charleroi-pourlapalestine.be\/index.php\/2016\/02\/14\/shlomo-sand-comment-jai-appris-a-aimer-les-sanctions\/#breadcrumb","itemListElement":[{"@type":"ListItem","position":1,"name":"Accueil","item":"https:\/\/charleroi-pourlapalestine.be\/"},{"@type":"ListItem","position":2,"name":"Shlomo Sand : Comment j\u2019ai appris \u00e0 aimer les sanctions"}]},{"@type":"WebSite","@id":"https:\/\/charleroi-pourlapalestine.be\/#website","url":"https:\/\/charleroi-pourlapalestine.be\/","name":"Charleroi Pour la Palestine","description":"","publisher":{"@id":"https:\/\/charleroi-pourlapalestine.be\/#organization"},"potentialAction":[{"@type":"SearchAction","target":{"@type":"EntryPoint","urlTemplate":"https:\/\/charleroi-pourlapalestine.be\/?s={search_term_string}"},"query-input":{"@type":"PropertyValueSpecification","valueRequired":true,"valueName":"search_term_string"}}],"inLanguage":"fr-FR"},{"@type":"Organization","@id":"https:\/\/charleroi-pourlapalestine.be\/#organization","name":"Plate-forme Charleroi-Palestine","url":"https:\/\/charleroi-pourlapalestine.be\/","logo":{"@type":"ImageObject","inLanguage":"fr-FR","@id":"https:\/\/charleroi-pourlapalestine.be\/#\/schema\/logo\/image\/","url":"https:\/\/charleroi-pourlapalestine.be\/wp-content\/uploads\/2020\/01\/logo-Copy.jpg","contentUrl":"https:\/\/charleroi-pourlapalestine.be\/wp-content\/uploads\/2020\/01\/logo-Copy.jpg","width":180,"height":180,"caption":"Plate-forme Charleroi-Palestine"},"image":{"@id":"https:\/\/charleroi-pourlapalestine.be\/#\/schema\/logo\/image\/"},"sameAs":["https:\/\/www.facebook.com\/PlateformeCharleroiPalestine\/","https:\/\/x.com\/LaCharleroi"]},{"@type":"Person","@id":"https:\/\/charleroi-pourlapalestine.be\/#\/schema\/person\/c19ff515112f1299d8c12671d8fe3faa","name":"admin1873","url":"https:\/\/charleroi-pourlapalestine.be\/index.php\/author\/admin1873\/"}]}},"_links":{"self":[{"href":"https:\/\/charleroi-pourlapalestine.be\/index.php\/wp-json\/wp\/v2\/posts\/19631","targetHints":{"allow":["GET"]}}],"collection":[{"href":"https:\/\/charleroi-pourlapalestine.be\/index.php\/wp-json\/wp\/v2\/posts"}],"about":[{"href":"https:\/\/charleroi-pourlapalestine.be\/index.php\/wp-json\/wp\/v2\/types\/post"}],"author":[{"embeddable":true,"href":"https:\/\/charleroi-pourlapalestine.be\/index.php\/wp-json\/wp\/v2\/users\/1"}],"replies":[{"embeddable":true,"href":"https:\/\/charleroi-pourlapalestine.be\/index.php\/wp-json\/wp\/v2\/comments?post=19631"}],"version-history":[{"count":0,"href":"https:\/\/charleroi-pourlapalestine.be\/index.php\/wp-json\/wp\/v2\/posts\/19631\/revisions"}],"wp:featuredmedia":[{"embeddable":true,"href":"https:\/\/charleroi-pourlapalestine.be\/index.php\/wp-json\/wp\/v2\/media\/19634"}],"wp:attachment":[{"href":"https:\/\/charleroi-pourlapalestine.be\/index.php\/wp-json\/wp\/v2\/media?parent=19631"}],"wp:term":[{"taxonomy":"category","embeddable":true,"href":"https:\/\/charleroi-pourlapalestine.be\/index.php\/wp-json\/wp\/v2\/categories?post=19631"},{"taxonomy":"post_tag","embeddable":true,"href":"https:\/\/charleroi-pourlapalestine.be\/index.php\/wp-json\/wp\/v2\/tags?post=19631"}],"curies":[{"name":"wp","href":"https:\/\/api.w.org\/{rel}","templated":true}]}}