{"id":19885,"date":"2020-12-02T05:50:08","date_gmt":"2020-12-02T04:50:08","guid":{"rendered":"https:\/\/charleroi-pourlapalestine.be\/?p=19885"},"modified":"2020-12-02T05:50:10","modified_gmt":"2020-12-02T04:50:10","slug":"lobjectif-strategique-du-racisme-israelien-en-palestine","status":"publish","type":"post","link":"https:\/\/charleroi-pourlapalestine.be\/index.php\/2020\/12\/02\/lobjectif-strategique-du-racisme-israelien-en-palestine\/","title":{"rendered":"L\u2019objectif strat\u00e9gique du racisme isra\u00e9lien en Palestine"},"content":{"rendered":"<p class=\"entry-title\"><em>La discussion sur le racisme institutionnel isra\u00e9lien contre sa propre population arabe palestinienne a tout sauf cess\u00e9 apr\u00e8s l\u2019approbation de la<a href=\"https:\/\/www.chroniquepalestine.com\/lois-nuremberg-loi-etat-nation-juif\/\" target=\"_blank\" rel=\"noopener noreferrer\"> l<\/a><a href=\"https:\/\/www.chroniquepalestine.com\/lois-nuremberg-loi-etat-nation-juif\">oi discriminatoire sur l\u2019\u00c9tat-nation<\/a> en juillet 2018.<\/em><\/p>\n<header class=\"entry-header clearfix\">\n<div class=\"mh-meta entry-meta\">&nbsp;<\/div>\n<\/header>\n<div class=\"entry-content clearfix\">\n<div align=\"justify\">\n<div id=\"attachment_19891\" style=\"width: 487px\" class=\"wp-caption aligncenter\"><img loading=\"lazy\" decoding=\"async\" aria-describedby=\"caption-attachment-19891\" class=\"wp-image-19891 size-full\" src=\"https:\/\/charleroi-pourlapalestine.be\/wp-content\/uploads\/2020\/12\/Al-Arakib-e1606884033298.jpg\" alt=\"Les habitants du village b\u00e9douin d'Al-Arakib r\u00e9agissent avec d\u00e9sespoir au moment o\u00f9 les autorit\u00e9s isra\u00e9liennes d'occupation d\u00e9truisent le village pour la 65\u00e8me fois, le 12 juin 2014. L'administration isra\u00e9lienne des terres (ILA), appuy\u00e9e par d'importantes forces de police, est entr\u00e9e dans le village t\u00f4t le matin et a d\u00e9truit toutes les structures, y compris la mosqu\u00e9e - Photo : Oren Ziv\/Activestills.org\" width=\"477\" height=\"320\"><p id=\"caption-attachment-19891\" class=\"wp-caption-text\">Les habitants du village b\u00e9douin d&rsquo;Al-Arakib r\u00e9agissent avec d\u00e9sespoir au moment o\u00f9 les autorit\u00e9s isra\u00e9liennes d&rsquo;occupation d\u00e9truisent le village pour la 65\u00e8me fois, le 12 juin 2014. L&rsquo;administration isra\u00e9lienne des terres (ILA), appuy\u00e9e par d&rsquo;importantes forces de police, est entr\u00e9e dans le village t\u00f4t le matin et a d\u00e9truit toutes les structures, y compris la mosqu\u00e9e &#8211; Photo : Oren Ziv\/Activestills.org<\/p><\/div>\n<p><strong>Par <a href=\"https:\/\/charleroi-pourlapalestine.be\/index.php\/tag\/ramzy-baroud\/\">Ramzy Baroud<\/a><\/strong><\/p>\n<div align=\"justify\">\n<p>En effet, le dernier amendement \u00e0 la Loi fondamentale d\u2019Isra\u00ebl n\u2019est que le d\u00e9but d\u2019un nouveau programme lanc\u00e9 par le gouvernement et con\u00e7u pour renforcer la marginalisation de plus du cinqui\u00e8me de la population isra\u00e9lienne.<\/p>\n<\/div>\n<p>Le mercredi 28 octobre, dix-huit membres du Parlement isra\u00e9lien (Knesset) ont concoct\u00e9 un nouveau stratag\u00e8me pour s\u2019attaquer aux citoyens arabes isra\u00e9liens. Ils ont propos\u00e9 un <a href=\"https:\/\/www.middleeastmonitor.com\/20201028-israel-bill-to-revoke-arab-prisoners-citizenship-if-they-receive-pa-aid\/\" target=\"_blank\" rel=\"noopener noreferrer\">projet de loi<\/a> qui <strong>r\u00e9voquerait la citoyennet\u00e9 isra\u00e9lienne pour tout prisonnier arabe palestinien en Isra\u00ebl qui, directement ou indirectement, re\u00e7oit une aide financi\u00e8re de l\u2019Autorit\u00e9 palestinienne (AP).<\/strong><\/p>\n<p>Il convient de mentionner que ces d\u00e9put\u00e9s ne repr\u00e9sentent pas seulement des partis de droite, fascisants et religieux, mais aussi le parti pr\u00e9tendument <em>\u00ab&nbsp;centriste&nbsp;\u00bb<\/em> Bleu et Blanc (Kahol Lavan). De fait, le projet de loi propos\u00e9 dispose d\u00e9j\u00e0 du soutien de la majorit\u00e9 parlementaire isra\u00e9lienne.<\/p>\n<p>Mais la question est-elle vraiment celle d\u2019une aide financi\u00e8re pour les prisonniers ? D\u2019autant plus que l\u2019AP est au bord de la faillite et que sa contribution financi\u00e8re aux familles des prisonniers palestiniens, m\u00eame dans les Territoires occup\u00e9s \u2013 Cisjordanie, J\u00e9rusalem-Est et Gaza \u2013 est symbolique ?<\/p>\n<p>Voici un autre fait int\u00e9ressant. Le jeudi 29 octobre, le journal isra\u00e9lien <em>Haaretz<\/em> a <a href=\"https:\/\/www.haaretz.com\/opinion\/editorial\/today-s-koenig-memorandum-1.9274303\" target=\"_blank\" rel=\"noopener noreferrer\">r\u00e9v\u00e9l\u00e9<\/a> que le gouvernement isra\u00e9lien du Premier ministre de d\u2019extr\u00eame-droite, Benjamin Netanyahu, pr\u00e9voyait d\u2019\u00e9tendre de 50 % la juridiction de la ville juive de <strong>Harish,<\/strong> dans le nord d\u2019Isra\u00ebl. L\u2019objectif \u2013 par cette augmentation de surface \u2013 est <strong>d\u2019emp\u00eacher les Palestiniens de devenir majoritaires dans ce secteur.<\/strong><\/p>\n<p>Ce plan d\u2019urgence a \u00e9t\u00e9 concoct\u00e9 par le minist\u00e8re isra\u00e9lien du logement comme une r\u00e9ponse imm\u00e9diate \u00e0 un document interne qui pr\u00e9voit que, d<strong>\u2019ici 2050, les Arabes palestiniens constitueront 51 % de la population de cette r\u00e9gion, soit 700 000 habitants.<\/strong><\/p>\n<p>Ce ne sont l\u00e0 que deux exemples d\u2019actions r\u00e9centes men\u00e9es en deux jours, preuves accablantes qu\u2019en r\u00e9alit\u00e9,<strong> la loi sur l\u2019\u00c9tat-nation n\u2019\u00e9tait que l\u2019introduction d\u2019une longue p\u00e9riode de racisme institutionnel<\/strong> qui vise finalement \u00e0 gagner une <a href=\"https:\/\/www.chroniquepalestine.com\/la-guerre-sioniste-sans-fin\/\" target=\"_blank\" rel=\"noopener noreferrer\">guerre d\u00e9mographique<\/a> unilat\u00e9rale lanc\u00e9e il y a de nombreuses ann\u00e9es par Isra\u00ebl contre le peuple palestinien.<\/p>\n<p>Comme le nettoyage ethnique pur et simple \u2013 qu\u2019Isra\u00ebl a pratiqu\u00e9 pendant et apr\u00e8s les guerres de 1948 et 1967 \u2013 est difficilement praticable pour l\u2019instant, Isra\u00ebl trouve d\u2019autres moyens <strong>d\u2019assurer une majorit\u00e9 juive en Isra\u00ebl m\u00eame, \u00e0 J\u00e9rusalem, dans la zone C de la Cisjordanie occup\u00e9e et, par extension, partout ailleurs en Palestine.<\/strong><\/p>\n<p>L\u2019historien dissident isra\u00e9lien, le professeur <a href=\"https:\/\/charleroi-pourlapalestine.be\/index.php\/tag\/ilan-pappe\/\">Ilan Pappe<\/a>, appelle cela un \u00ab&nbsp;<a href=\"https:\/\/www.jadaliyya.com\/Details\/30968\" target=\"_blank\" rel=\"noopener noreferrer\">g\u00e9nocide progressif<\/a>\u00ab&nbsp;. Ce nettoyage ethnique progressif comprend l\u2019expansion des colonies juives ill\u00e9gales \u00e0 J\u00e9rusalem-Est et en Cisjordanie occup\u00e9es, et la proposition d\u2019<a href=\"https:\/\/www.chroniquepalestine.com\/annexion-sera-desastre-de-plus-pour-palestiniens\/\" target=\"_blank\" rel=\"noopener noreferrer\">annexion<\/a> de pr\u00e8s d\u2019un tiers des territoires occup\u00e9s.<\/p>\n<p>La bande de <strong>Gaza<\/strong> assi\u00e9g\u00e9e est une autre question. Gagner une guerre d\u00e9mographique dans une r\u00e9gion de petite taille dens\u00e9ment peupl\u00e9e avec deux millions d\u2019habitants vivant sur 365 km2, n\u2019a jamais \u00e9t\u00e9 envisageable pour Isra\u00ebl. Le ainsi-nomm\u00e9 \u00ab&nbsp;<a href=\"https:\/\/www.paljourneys.org\/en\/timeline\/overallchronology?synopses%5B0%5D=14505&amp;nid=14505\" target=\"_blank\" rel=\"noopener noreferrer\">red\u00e9ploiement<\/a>&nbsp;\u00bb de Gaza par l\u2019ancien Premier ministre isra\u00e9lien, <a href=\"http:\/\/www.info-palestine.eu\/spip.php?article14342\" target=\"_blank\" rel=\"noopener noreferrer\">Ariel Sharon<\/a>, en 2005 \u00e9tait une d\u00e9cision strat\u00e9gique, qui <strong>visait \u00e0 r\u00e9duire les pertes d\u2019Isra\u00ebl dans la bande de Gaza en faveur de l\u2019acc\u00e9l\u00e9ration du processus de colonisation en Cisjordanie et dans le d\u00e9sert du Naqab.<\/strong><\/p>\n<p>En fait, la plupart des colons juifs ill\u00e9gaux de Gaza ont finalement \u00e9t\u00e9 relocalis\u00e9s dans ces r\u00e9gions dont la d\u00e9mographie est remise en cause par l\u2019occupant isra\u00e9lien<\/p>\n<p>Mais comment Isra\u00ebl doit-il faire face \u00e0 sa propre population arabe palestinienne, qui constitue d\u00e9sormais une minorit\u00e9 d\u00e9mographique importante et un bloc politique influent, souvent uni ?<\/p>\n<p>Lors des \u00e9lections g\u00e9n\u00e9rales isra\u00e9liennes de mars 2020, les partis politiques palestiniens arabes, qui se sont mis dans la course sous l\u2019\u00e9gide de la <strong>Liste Unie<\/strong>, ont obtenu leur plus grand <a href=\"https:\/\/www.timesofisrael.com\/joint-list-4-arab-parties-on-1-slate-is-poles-apart-but-strong-together\/\" target=\"_blank\" rel=\"noopener noreferrer\">succ\u00e8s \u00e9lectoral<\/a> \u00e0 ce jour, puisqu\u2019ils sont devenus le <a href=\"https:\/\/www.chroniquepalestine.com\/un-etat-raciste-et-colonialiste-ne-peut-etre-reforme\">troisi\u00e8me parti<\/a> politique d\u2019Isra\u00ebl.<\/p>\n<p>Ce succ\u00e8s a tir\u00e9 la sonnette d\u2019alarme parmi les \u00e9lites dirigeantes juives d\u2019Isra\u00ebl, ce qui a conduit \u00e0 la <a href=\"https:\/\/www.bbc.com\/news\/world-middle-east-52699156\" target=\"_blank\" rel=\"noopener noreferrer\">formation<\/a> de l\u2019actuel<em> \u00ab&nbsp;gouvernement d\u2019unit\u00e9&nbsp;\u00bb<\/em> d\u2019Isra\u00ebl. Les deux principaux partis politiques isra\u00e9liens, le Likoud et Kahol Lavan, ont clairement fait savoir qu\u2019aucun parti arabe ne serait inclus dans une coalition gouvernementale.<\/p>\n<p>Une repr\u00e9sentation et r\u00e9alit\u00e9 politiques arabes fortes repr\u00e9sentent un sc\u00e9nario cauchemardesque pour les strat\u00e8ges du gouvernement isra\u00e9lien, qui sont obs\u00e9d\u00e9s par la <strong>d\u00e9mographie et la marginalisation des Arabes palestiniens dans tous les domaines possibles.<\/strong> Ainsi, les repr\u00e9sentants m\u00eames de la communaut\u00e9 arabe palestinienne en Isra\u00ebl sont devenus la cible de la r\u00e9pression politique.<\/p>\n<p>Dans un rapport publi\u00e9 en septembre 2019, le groupe de d\u00e9fense des droits de l\u2019Homme, <strong>Amnesty International<\/strong>, a <a href=\"https:\/\/www.amnesty.org\/en\/latest\/news\/2019\/09\/israel-discriminatory-measures-undermine-palestinian-representation-in-knesset\/\" target=\"_blank\" rel=\"noopener noreferrer\">r\u00e9v\u00e9l\u00e9<\/a> que<\/p>\n<blockquote><p>\u00ab&nbsp;les membres palestiniens de la Knesset en Isra\u00ebl sont de plus en plus confront\u00e9s \u00e0 des attaques discriminatoires&nbsp;\u00bb.<\/p>\n<p>\u00ab&nbsp;Bien qu\u2019ils soient d\u00e9mocratiquement \u00e9lus comme leurs homologues juifs isra\u00e9liens, les d\u00e9put\u00e9s palestiniens sont la cible de discriminations profond\u00e9ment enracin\u00e9es et de restrictions de fait qui paralysent leur capacit\u00e9 \u00e0 s\u2019exprimer pour d\u00e9fendre les droits du peuple palestinien&nbsp;\u00bb,<\/p><\/blockquote>\n<p>a d\u00e9clar\u00e9 Amnesty.<\/p>\n<blockquote><p>Lire \u00e9galement : <a href=\"https:\/\/www.chroniquepalestine.com\/haine-des-arabes-ciment-politique-israelienne\/\" target=\"_blank\" rel=\"noopener noreferrer\">La haine des Arabes est le ciment de la politique isra\u00e9lienne<\/a><\/p><\/blockquote>\n<p>Ces r\u00e9v\u00e9lations ont \u00e9t\u00e9 diffus\u00e9es par Amnesty juste avant les \u00e9lections du 27 septembre. Le ciblage des citoyens palestiniens d\u2019Isra\u00ebl rappelle le harc\u00e8lement et les attaques similaires des repr\u00e9sentants et des partis palestiniens dans les territoires occup\u00e9s, en particulier avant des \u00e9lections locales ou g\u00e9n\u00e9rales. En effet, <strong>Isra\u00ebl consid\u00e8re sa propre population arabe palestinienne \u00e0 travers le m\u00eame prisme qu\u2019il consid\u00e8re les Palestiniens occup\u00e9s militairement.<\/strong><\/p>\n<p>Depuis son installation par la force sur les ruines de la Palestine historique, et jusqu\u2019en 1979, Isra\u00ebl a gouvern\u00e9 sa population palestinienne par le biais des r\u00e8glements de d\u00e9fense (<a href=\"https:\/\/repository.law.umich.edu\/cgi\/viewcontent.cgi?article=1565&amp;context=mjil\" target=\"_blank\" rel=\"noopener noreferrer\">loi d\u2019urgence<\/a>). Le syst\u00e8me juridique arbitraire a impos\u00e9 de nombreuses restrictions aux Palestiniens qui ont \u00e9t\u00e9 tol\u00e9r\u00e9s en Isra\u00ebl apr\u00e8s la <a href=\"https:\/\/www.chroniquepalestine.com\/jour-de-la-nakba-72-ans-de-nettoyage-ethnique-et-de-depossession\/\">Nakba<\/a> de 1948, ou nettoyage ethnique de la Palestine.<\/p>\n<p>Mais en pratique, <strong>les r\u00e8glements d\u2019urgence n\u2019ont \u00e9t\u00e9 lev\u00e9s que formellement.<\/strong> Ils ont simplement \u00e9t\u00e9 red\u00e9finis et remplac\u00e9s \u2013 selon le groupe de d\u00e9fense des droits d\u2019<a href=\"https:\/\/www.adalah.org\/en\" target=\"_blank\" rel=\"noopener noreferrer\">Adalah<\/a>, bas\u00e9 en Isra\u00ebl \u2013 par plus de 65 lois qui visent directement la minorit\u00e9 arabe palestinienne d\u2019Isra\u00ebl.<\/p>\n<p>La loi sur l\u2019<a href=\"https:\/\/www.chroniquepalestine.com\/palestine-face-avenir-depossession-racisme-segregation-apartheid\/\">\u00c9tat-nation<\/a>, <strong>qui prive la minorit\u00e9 arabe d\u2019Isra\u00ebl de son statut juridique<\/strong>, donc de la protection du droit international, accentue encore la guerre acharn\u00e9e d\u2019Isra\u00ebl contre sa minorit\u00e9 arabe.<\/p>\n<p>En outre,<\/p>\n<blockquote><p><em>\u00ab&nbsp;la d\u00e9finition d\u2019Isra\u00ebl comme \u00ab&nbsp;\u00c9tat juif&nbsp;\u00bb<\/em> ou <em>\u00ab&nbsp;\u00c9tat du peuple juif&nbsp;\u00bb<\/em> fait de l\u2019in\u00e9galit\u00e9 une r\u00e9alit\u00e9 pratique, politique et id\u00e9ologique pour les citoyens palestiniens d\u2019Isra\u00ebl&nbsp;\u00bb,<\/p><\/blockquote>\n<p>toujours selon <strong>Adalah.<\/strong><\/p>\n<p>Le racisme isra\u00e9lien n\u2019est pas le fruit du hasard et ne peut \u00eatre simplement class\u00e9 comme une \u00e9ni\u00e8me violation des droits de l\u2019homme. Il est au c\u0153ur d\u2019un plan d\u00fbment \u00e9labor\u00e9 qui vise \u00e0 la <strong>marginalisation politique et \u00e0 l\u2019\u00e9tranglement \u00e9conomique de la minorit\u00e9 arabe palestinienne<\/strong> d\u2019Isra\u00ebl dans un cadre constitutionnel, donc pr\u00e9tendument <em>\u00ab&nbsp;l\u00e9gal&nbsp;\u00bb.<\/em><\/p>\n<p>Sans v\u00e9ritable prise en compte de l\u2019objectif final de cette strat\u00e9gie isra\u00e9lienne, les Palestiniens et leurs alli\u00e9s n\u2019auront pas la possibilit\u00e9 de la combattre de fa\u00e7on efficace.<\/p>\n<\/div>\n<\/div>\n<hr>\n<p>Publi\u00e9 le 4 novembre 2020 sur <a href=\"http:\/\/www.ramzybaroud.net\/escalating-the-demographic-war-the-strategic-goal-of-israeli-racism-in-palestine\/\" target=\"_blank\" rel=\"noopener noreferrer\">RamzyBaroud.net<\/a><em><br \/>\n<\/em>Traduction : <a href=\"http:\/\/www.chroniquepalestine.com\/objectif-strategique-racisme-israelien-en-palestine\">Chronique de Palestine<\/a> \u2013 Lotfallah<\/p>\n<div class=\"entry-content clearfix\">\n<div align=\"justify\">\n<p><img loading=\"lazy\" decoding=\"async\" class=\"alignleft size-full wp-image-1738\" src=\"https:\/\/chroniquepalestine.com\/wp-content\/uploads\/2017\/01\/a1-46.jpg\" alt=\"Ramzy Baroud\" width=\"110\" height=\"95\"> * <strong>Ramzy Baroud<\/strong> est journaliste, auteur et r\u00e9dacteur en chef de <a href=\"http:\/\/www.palestinechronicle.com\/\" target=\"_blank\" rel=\"noopener noreferrer\">Palestine Chronicle<\/a>. Son dernier livre est \u00ab<a href=\"http:\/\/www.ramzybaroud.net\/these-chains-will-be-broken-palestinian-stories-of-struggle-and-defiance-in-israeli-prisons\/\" target=\"_blank\" rel=\"noopener noreferrer\">These Chains Will Be Broken: Palestinian Stories of Struggle and Defiance in Israeli Prisons<\/a>\u00bb (Pluto Press). Baroud a un doctorat en \u00e9tudes de la Palestine de l\u2019Universit\u00e9 d\u2019Exeter et est chercheur associ\u00e9 au Centre Orfalea d\u2019\u00e9tudes mondiales et internationales, Universit\u00e9 de Californie. Visitez son site web: <a href=\"http:\/\/www.ramzybaroud.net\" target=\"_blank\" rel=\"noopener noreferrer\">www.ramzybaroud.net<\/a>.<\/p>\n<\/div>\n<\/div>\n","protected":false},"excerpt":{"rendered":"<p>La discussion sur le racisme isra\u00e9lien contre sa propre population palestinienne a tout sauf cess\u00e9 apr\u00e8s l\u2019approbation de la loi sur l\u2019\u00c9tat-nation<\/p>\n","protected":false},"author":1,"featured_media":19891,"comment_status":"closed","ping_status":"closed","sticky":false,"template":"","format":"standard","meta":{"ngg_post_thumbnail":0,"footnotes":""},"categories":[520,346,42,4,91],"tags":[],"class_list":["post-19885","post","type-post","status-publish","format-standard","has-post-thumbnail","hentry","category-demographie","category-discriminaton","category-letat-juif","category-les-palestiniens-de-48","category-racisme"],"yoast_head":"<!-- This site is optimized with the Yoast SEO plugin v27.3 - https:\/\/yoast.com\/product\/yoast-seo-wordpress\/ -->\n<title>L\u2019objectif strat\u00e9gique du racisme isra\u00e9lien en Palestine<\/title>\n<meta name=\"description\" content=\"La discussion sur le racisme isra\u00e9lien contre sa propre population palestinienne a tout sauf cess\u00e9 apr\u00e8s l\u2019approbation de la loi sur l\u2019\u00c9tat-nation\" \/>\n<meta name=\"robots\" content=\"index, follow, max-snippet:-1, max-image-preview:large, max-video-preview:-1\" \/>\n<link rel=\"canonical\" href=\"https:\/\/charleroi-pourlapalestine.be\/index.php\/2020\/12\/02\/lobjectif-strategique-du-racisme-israelien-en-palestine\/\" \/>\n<script type=\"application\/ld+json\" class=\"yoast-schema-graph\">{\"@context\":\"https:\\\/\\\/schema.org\",\"@graph\":[{\"@type\":\"Article\",\"@id\":\"https:\\\/\\\/charleroi-pourlapalestine.be\\\/index.php\\\/2020\\\/12\\\/02\\\/lobjectif-strategique-du-racisme-israelien-en-palestine\\\/#article\",\"isPartOf\":{\"@id\":\"https:\\\/\\\/charleroi-pourlapalestine.be\\\/index.php\\\/2020\\\/12\\\/02\\\/lobjectif-strategique-du-racisme-israelien-en-palestine\\\/\"},\"author\":{\"name\":\"admin1873\",\"@id\":\"https:\\\/\\\/charleroi-pourlapalestine.be\\\/#\\\/schema\\\/person\\\/c19ff515112f1299d8c12671d8fe3faa\"},\"headline\":\"L\u2019objectif strat\u00e9gique du racisme isra\u00e9lien en Palestine\",\"datePublished\":\"2020-12-02T04:50:08+00:00\",\"dateModified\":\"2020-12-02T04:50:10+00:00\",\"mainEntityOfPage\":{\"@id\":\"https:\\\/\\\/charleroi-pourlapalestine.be\\\/index.php\\\/2020\\\/12\\\/02\\\/lobjectif-strategique-du-racisme-israelien-en-palestine\\\/\"},\"wordCount\":1536,\"publisher\":{\"@id\":\"https:\\\/\\\/charleroi-pourlapalestine.be\\\/#organization\"},\"image\":{\"@id\":\"https:\\\/\\\/charleroi-pourlapalestine.be\\\/index.php\\\/2020\\\/12\\\/02\\\/lobjectif-strategique-du-racisme-israelien-en-palestine\\\/#primaryimage\"},\"thumbnailUrl\":\"https:\\\/\\\/charleroi-pourlapalestine.be\\\/wp-content\\\/uploads\\\/2020\\\/12\\\/Al-Arakib-e1606884033298.jpg\",\"articleSection\":[\"D\u00e9mographie\",\"Discriminaton\",\"Etat juif\",\"Les Palestiniens de 48\",\"Racisme\"],\"inLanguage\":\"fr-FR\"},{\"@type\":\"WebPage\",\"@id\":\"https:\\\/\\\/charleroi-pourlapalestine.be\\\/index.php\\\/2020\\\/12\\\/02\\\/lobjectif-strategique-du-racisme-israelien-en-palestine\\\/\",\"url\":\"https:\\\/\\\/charleroi-pourlapalestine.be\\\/index.php\\\/2020\\\/12\\\/02\\\/lobjectif-strategique-du-racisme-israelien-en-palestine\\\/\",\"name\":\"L\u2019objectif strat\u00e9gique du racisme isra\u00e9lien en Palestine\",\"isPartOf\":{\"@id\":\"https:\\\/\\\/charleroi-pourlapalestine.be\\\/#website\"},\"primaryImageOfPage\":{\"@id\":\"https:\\\/\\\/charleroi-pourlapalestine.be\\\/index.php\\\/2020\\\/12\\\/02\\\/lobjectif-strategique-du-racisme-israelien-en-palestine\\\/#primaryimage\"},\"image\":{\"@id\":\"https:\\\/\\\/charleroi-pourlapalestine.be\\\/index.php\\\/2020\\\/12\\\/02\\\/lobjectif-strategique-du-racisme-israelien-en-palestine\\\/#primaryimage\"},\"thumbnailUrl\":\"https:\\\/\\\/charleroi-pourlapalestine.be\\\/wp-content\\\/uploads\\\/2020\\\/12\\\/Al-Arakib-e1606884033298.jpg\",\"datePublished\":\"2020-12-02T04:50:08+00:00\",\"dateModified\":\"2020-12-02T04:50:10+00:00\",\"description\":\"La discussion sur le racisme isra\u00e9lien contre sa propre population palestinienne a tout sauf cess\u00e9 apr\u00e8s l\u2019approbation de la loi sur l\u2019\u00c9tat-nation\",\"breadcrumb\":{\"@id\":\"https:\\\/\\\/charleroi-pourlapalestine.be\\\/index.php\\\/2020\\\/12\\\/02\\\/lobjectif-strategique-du-racisme-israelien-en-palestine\\\/#breadcrumb\"},\"inLanguage\":\"fr-FR\",\"potentialAction\":[{\"@type\":\"ReadAction\",\"target\":[\"https:\\\/\\\/charleroi-pourlapalestine.be\\\/index.php\\\/2020\\\/12\\\/02\\\/lobjectif-strategique-du-racisme-israelien-en-palestine\\\/\"]}]},{\"@type\":\"ImageObject\",\"inLanguage\":\"fr-FR\",\"@id\":\"https:\\\/\\\/charleroi-pourlapalestine.be\\\/index.php\\\/2020\\\/12\\\/02\\\/lobjectif-strategique-du-racisme-israelien-en-palestine\\\/#primaryimage\",\"url\":\"https:\\\/\\\/charleroi-pourlapalestine.be\\\/wp-content\\\/uploads\\\/2020\\\/12\\\/Al-Arakib-e1606884033298.jpg\",\"contentUrl\":\"https:\\\/\\\/charleroi-pourlapalestine.be\\\/wp-content\\\/uploads\\\/2020\\\/12\\\/Al-Arakib-e1606884033298.jpg\",\"width\":477,\"height\":320},{\"@type\":\"BreadcrumbList\",\"@id\":\"https:\\\/\\\/charleroi-pourlapalestine.be\\\/index.php\\\/2020\\\/12\\\/02\\\/lobjectif-strategique-du-racisme-israelien-en-palestine\\\/#breadcrumb\",\"itemListElement\":[{\"@type\":\"ListItem\",\"position\":1,\"name\":\"Accueil\",\"item\":\"https:\\\/\\\/charleroi-pourlapalestine.be\\\/\"},{\"@type\":\"ListItem\",\"position\":2,\"name\":\"L\u2019objectif strat\u00e9gique du racisme isra\u00e9lien en Palestine\"}]},{\"@type\":\"WebSite\",\"@id\":\"https:\\\/\\\/charleroi-pourlapalestine.be\\\/#website\",\"url\":\"https:\\\/\\\/charleroi-pourlapalestine.be\\\/\",\"name\":\"Charleroi Pour la Palestine\",\"description\":\"\",\"publisher\":{\"@id\":\"https:\\\/\\\/charleroi-pourlapalestine.be\\\/#organization\"},\"potentialAction\":[{\"@type\":\"SearchAction\",\"target\":{\"@type\":\"EntryPoint\",\"urlTemplate\":\"https:\\\/\\\/charleroi-pourlapalestine.be\\\/?s={search_term_string}\"},\"query-input\":{\"@type\":\"PropertyValueSpecification\",\"valueRequired\":true,\"valueName\":\"search_term_string\"}}],\"inLanguage\":\"fr-FR\"},{\"@type\":\"Organization\",\"@id\":\"https:\\\/\\\/charleroi-pourlapalestine.be\\\/#organization\",\"name\":\"Plate-forme Charleroi-Palestine\",\"url\":\"https:\\\/\\\/charleroi-pourlapalestine.be\\\/\",\"logo\":{\"@type\":\"ImageObject\",\"inLanguage\":\"fr-FR\",\"@id\":\"https:\\\/\\\/charleroi-pourlapalestine.be\\\/#\\\/schema\\\/logo\\\/image\\\/\",\"url\":\"https:\\\/\\\/charleroi-pourlapalestine.be\\\/wp-content\\\/uploads\\\/2020\\\/01\\\/logo-Copy.jpg\",\"contentUrl\":\"https:\\\/\\\/charleroi-pourlapalestine.be\\\/wp-content\\\/uploads\\\/2020\\\/01\\\/logo-Copy.jpg\",\"width\":180,\"height\":180,\"caption\":\"Plate-forme Charleroi-Palestine\"},\"image\":{\"@id\":\"https:\\\/\\\/charleroi-pourlapalestine.be\\\/#\\\/schema\\\/logo\\\/image\\\/\"},\"sameAs\":[\"https:\\\/\\\/www.facebook.com\\\/PlateformeCharleroiPalestine\\\/\",\"https:\\\/\\\/x.com\\\/LaCharleroi\"]},{\"@type\":\"Person\",\"@id\":\"https:\\\/\\\/charleroi-pourlapalestine.be\\\/#\\\/schema\\\/person\\\/c19ff515112f1299d8c12671d8fe3faa\",\"name\":\"admin1873\",\"url\":\"https:\\\/\\\/charleroi-pourlapalestine.be\\\/index.php\\\/author\\\/admin1873\\\/\"}]}<\/script>\n<!-- \/ Yoast SEO plugin. -->","yoast_head_json":{"title":"L\u2019objectif strat\u00e9gique du racisme isra\u00e9lien en Palestine","description":"La discussion sur le racisme isra\u00e9lien contre sa propre population palestinienne a tout sauf cess\u00e9 apr\u00e8s l\u2019approbation de la loi sur l\u2019\u00c9tat-nation","robots":{"index":"index","follow":"follow","max-snippet":"max-snippet:-1","max-image-preview":"max-image-preview:large","max-video-preview":"max-video-preview:-1"},"canonical":"https:\/\/charleroi-pourlapalestine.be\/index.php\/2020\/12\/02\/lobjectif-strategique-du-racisme-israelien-en-palestine\/","schema":{"@context":"https:\/\/schema.org","@graph":[{"@type":"Article","@id":"https:\/\/charleroi-pourlapalestine.be\/index.php\/2020\/12\/02\/lobjectif-strategique-du-racisme-israelien-en-palestine\/#article","isPartOf":{"@id":"https:\/\/charleroi-pourlapalestine.be\/index.php\/2020\/12\/02\/lobjectif-strategique-du-racisme-israelien-en-palestine\/"},"author":{"name":"admin1873","@id":"https:\/\/charleroi-pourlapalestine.be\/#\/schema\/person\/c19ff515112f1299d8c12671d8fe3faa"},"headline":"L\u2019objectif strat\u00e9gique du racisme isra\u00e9lien en Palestine","datePublished":"2020-12-02T04:50:08+00:00","dateModified":"2020-12-02T04:50:10+00:00","mainEntityOfPage":{"@id":"https:\/\/charleroi-pourlapalestine.be\/index.php\/2020\/12\/02\/lobjectif-strategique-du-racisme-israelien-en-palestine\/"},"wordCount":1536,"publisher":{"@id":"https:\/\/charleroi-pourlapalestine.be\/#organization"},"image":{"@id":"https:\/\/charleroi-pourlapalestine.be\/index.php\/2020\/12\/02\/lobjectif-strategique-du-racisme-israelien-en-palestine\/#primaryimage"},"thumbnailUrl":"https:\/\/charleroi-pourlapalestine.be\/wp-content\/uploads\/2020\/12\/Al-Arakib-e1606884033298.jpg","articleSection":["D\u00e9mographie","Discriminaton","Etat juif","Les Palestiniens de 48","Racisme"],"inLanguage":"fr-FR"},{"@type":"WebPage","@id":"https:\/\/charleroi-pourlapalestine.be\/index.php\/2020\/12\/02\/lobjectif-strategique-du-racisme-israelien-en-palestine\/","url":"https:\/\/charleroi-pourlapalestine.be\/index.php\/2020\/12\/02\/lobjectif-strategique-du-racisme-israelien-en-palestine\/","name":"L\u2019objectif strat\u00e9gique du racisme isra\u00e9lien en Palestine","isPartOf":{"@id":"https:\/\/charleroi-pourlapalestine.be\/#website"},"primaryImageOfPage":{"@id":"https:\/\/charleroi-pourlapalestine.be\/index.php\/2020\/12\/02\/lobjectif-strategique-du-racisme-israelien-en-palestine\/#primaryimage"},"image":{"@id":"https:\/\/charleroi-pourlapalestine.be\/index.php\/2020\/12\/02\/lobjectif-strategique-du-racisme-israelien-en-palestine\/#primaryimage"},"thumbnailUrl":"https:\/\/charleroi-pourlapalestine.be\/wp-content\/uploads\/2020\/12\/Al-Arakib-e1606884033298.jpg","datePublished":"2020-12-02T04:50:08+00:00","dateModified":"2020-12-02T04:50:10+00:00","description":"La discussion sur le racisme isra\u00e9lien contre sa propre population palestinienne a tout sauf cess\u00e9 apr\u00e8s l\u2019approbation de la loi sur l\u2019\u00c9tat-nation","breadcrumb":{"@id":"https:\/\/charleroi-pourlapalestine.be\/index.php\/2020\/12\/02\/lobjectif-strategique-du-racisme-israelien-en-palestine\/#breadcrumb"},"inLanguage":"fr-FR","potentialAction":[{"@type":"ReadAction","target":["https:\/\/charleroi-pourlapalestine.be\/index.php\/2020\/12\/02\/lobjectif-strategique-du-racisme-israelien-en-palestine\/"]}]},{"@type":"ImageObject","inLanguage":"fr-FR","@id":"https:\/\/charleroi-pourlapalestine.be\/index.php\/2020\/12\/02\/lobjectif-strategique-du-racisme-israelien-en-palestine\/#primaryimage","url":"https:\/\/charleroi-pourlapalestine.be\/wp-content\/uploads\/2020\/12\/Al-Arakib-e1606884033298.jpg","contentUrl":"https:\/\/charleroi-pourlapalestine.be\/wp-content\/uploads\/2020\/12\/Al-Arakib-e1606884033298.jpg","width":477,"height":320},{"@type":"BreadcrumbList","@id":"https:\/\/charleroi-pourlapalestine.be\/index.php\/2020\/12\/02\/lobjectif-strategique-du-racisme-israelien-en-palestine\/#breadcrumb","itemListElement":[{"@type":"ListItem","position":1,"name":"Accueil","item":"https:\/\/charleroi-pourlapalestine.be\/"},{"@type":"ListItem","position":2,"name":"L\u2019objectif strat\u00e9gique du racisme isra\u00e9lien en Palestine"}]},{"@type":"WebSite","@id":"https:\/\/charleroi-pourlapalestine.be\/#website","url":"https:\/\/charleroi-pourlapalestine.be\/","name":"Charleroi Pour la Palestine","description":"","publisher":{"@id":"https:\/\/charleroi-pourlapalestine.be\/#organization"},"potentialAction":[{"@type":"SearchAction","target":{"@type":"EntryPoint","urlTemplate":"https:\/\/charleroi-pourlapalestine.be\/?s={search_term_string}"},"query-input":{"@type":"PropertyValueSpecification","valueRequired":true,"valueName":"search_term_string"}}],"inLanguage":"fr-FR"},{"@type":"Organization","@id":"https:\/\/charleroi-pourlapalestine.be\/#organization","name":"Plate-forme Charleroi-Palestine","url":"https:\/\/charleroi-pourlapalestine.be\/","logo":{"@type":"ImageObject","inLanguage":"fr-FR","@id":"https:\/\/charleroi-pourlapalestine.be\/#\/schema\/logo\/image\/","url":"https:\/\/charleroi-pourlapalestine.be\/wp-content\/uploads\/2020\/01\/logo-Copy.jpg","contentUrl":"https:\/\/charleroi-pourlapalestine.be\/wp-content\/uploads\/2020\/01\/logo-Copy.jpg","width":180,"height":180,"caption":"Plate-forme Charleroi-Palestine"},"image":{"@id":"https:\/\/charleroi-pourlapalestine.be\/#\/schema\/logo\/image\/"},"sameAs":["https:\/\/www.facebook.com\/PlateformeCharleroiPalestine\/","https:\/\/x.com\/LaCharleroi"]},{"@type":"Person","@id":"https:\/\/charleroi-pourlapalestine.be\/#\/schema\/person\/c19ff515112f1299d8c12671d8fe3faa","name":"admin1873","url":"https:\/\/charleroi-pourlapalestine.be\/index.php\/author\/admin1873\/"}]}},"_links":{"self":[{"href":"https:\/\/charleroi-pourlapalestine.be\/index.php\/wp-json\/wp\/v2\/posts\/19885","targetHints":{"allow":["GET"]}}],"collection":[{"href":"https:\/\/charleroi-pourlapalestine.be\/index.php\/wp-json\/wp\/v2\/posts"}],"about":[{"href":"https:\/\/charleroi-pourlapalestine.be\/index.php\/wp-json\/wp\/v2\/types\/post"}],"author":[{"embeddable":true,"href":"https:\/\/charleroi-pourlapalestine.be\/index.php\/wp-json\/wp\/v2\/users\/1"}],"replies":[{"embeddable":true,"href":"https:\/\/charleroi-pourlapalestine.be\/index.php\/wp-json\/wp\/v2\/comments?post=19885"}],"version-history":[{"count":0,"href":"https:\/\/charleroi-pourlapalestine.be\/index.php\/wp-json\/wp\/v2\/posts\/19885\/revisions"}],"wp:featuredmedia":[{"embeddable":true,"href":"https:\/\/charleroi-pourlapalestine.be\/index.php\/wp-json\/wp\/v2\/media\/19891"}],"wp:attachment":[{"href":"https:\/\/charleroi-pourlapalestine.be\/index.php\/wp-json\/wp\/v2\/media?parent=19885"}],"wp:term":[{"taxonomy":"category","embeddable":true,"href":"https:\/\/charleroi-pourlapalestine.be\/index.php\/wp-json\/wp\/v2\/categories?post=19885"},{"taxonomy":"post_tag","embeddable":true,"href":"https:\/\/charleroi-pourlapalestine.be\/index.php\/wp-json\/wp\/v2\/tags?post=19885"}],"curies":[{"name":"wp","href":"https:\/\/api.w.org\/{rel}","templated":true}]}}