{"id":21933,"date":"2021-01-21T11:07:59","date_gmt":"2021-01-21T10:07:59","guid":{"rendered":"https:\/\/charleroi-pourlapalestine.be\/?p=21933"},"modified":"2021-01-21T11:10:19","modified_gmt":"2021-01-21T10:10:19","slug":"silence-on-tue-les-prisonniers-palestiniens-malades","status":"publish","type":"post","link":"https:\/\/charleroi-pourlapalestine.be\/index.php\/2021\/01\/21\/silence-on-tue-les-prisonniers-palestiniens-malades\/","title":{"rendered":"Silence, on tue les prisonniers palestiniens malades !"},"content":{"rendered":"<p id=\":1ed\" class=\"hP\" tabindex=\"-1\" data-thread-perm-id=\"thread-f:1689437692371369173\" data-legacy-thread-id=\"177216a153f37cd5\">Un prisonnier palestinien de 45 ans est mort dans une prison isra\u00e9lienne \u00e0 une n\u00e9gligence m\u00e9dicale d\u00e9lib\u00e9r\u00e9e.&nbsp; Depuis 1967, 227 prisonniers palestiniens sont morts dans les prisons isra\u00e9liennes.&nbsp;<\/p>\n<div id=\"attachment_21936\" style=\"width: 610px\" class=\"wp-caption aligncenter\"><img loading=\"lazy\" decoding=\"async\" aria-describedby=\"caption-attachment-21936\" class=\"wp-image-21936 size-full\" src=\"https:\/\/charleroi-pourlapalestine.be\/wp-content\/uploads\/2021\/01\/Maher-Sasah.jpg\" alt=\"Maher Sasah\" width=\"600\" height=\"600\" srcset=\"https:\/\/charleroi-pourlapalestine.be\/wp-content\/uploads\/2021\/01\/Maher-Sasah.jpg 600w, https:\/\/charleroi-pourlapalestine.be\/wp-content\/uploads\/2021\/01\/Maher-Sasah-300x300.jpg 300w, https:\/\/charleroi-pourlapalestine.be\/wp-content\/uploads\/2021\/01\/Maher-Sasah-150x150.jpg 150w, https:\/\/charleroi-pourlapalestine.be\/wp-content\/uploads\/2021\/01\/Maher-Sasah-160x160.jpg 160w, https:\/\/charleroi-pourlapalestine.be\/wp-content\/uploads\/2021\/01\/Maher-Sasah-320x320.jpg 320w\" sizes=\"auto, (max-width: 600px) 100vw, 600px\" \/><p id=\"caption-attachment-21936\" class=\"wp-caption-text\">Maher Sasah<\/p><\/div>\n<p><a href=\"https:\/\/charleroi-pourlapalestine.be\/index.php\/tag\/ziad-medoukh\/\">Ziad Medoukh<\/a><\/p>\n<p>Le prisonnier palestinien <strong>Maher Sasah<\/strong>, \u00e2g\u00e9 de 45 ans, originaire de <strong>Qualqilya<\/strong>, au nord de la Cisjordanie occup\u00e9e, d\u00e9tenu dans les prisons isra\u00e9liennes depuis<strong> 15 ans<\/strong>, est d\u00e9c\u00e9d\u00e9 ce mercredi 20 janvier 2021 dans la prison isra\u00e9lienne de <strong>Rimonim .&nbsp;<\/strong><\/p>\n<p>Le d\u00e9tenu Maher est mort suite \u00e0 plusieurs maladies, mais surtout \u00e0 une n\u00e9gligence <strong>m\u00e9dicale d\u00e9lib\u00e9r\u00e9e<\/strong>, il avait \u00e9galement contract\u00e9 le <strong>coronavirus<\/strong> en d\u00e9tention. Il a \u00e9t\u00e9 arr\u00eat\u00e9 en 2006. Ce p\u00e8re de<strong> six enfants<\/strong> a \u00e9t\u00e9 condamn\u00e9 \u00e0 25 ans de prison.&nbsp;<\/p>\n<p>Depuis 1967, <strong>227 prisonniers palestiniens sont morts dans les prisons isra\u00e9liennes.&nbsp;<\/strong><\/p>\n<p>Ce prisonnier, entrav\u00e9 par la police, soi-disant la plus morale du monde, d&rsquo;un Etat, soi-disant le seul Etat d\u00e9mocratique de la r\u00e9gion, ne sera ni le premier ni le dernier d\u00e9tenu palestinien mort dans une prison isra\u00e9lienne.&nbsp;<\/p>\n<p>De par une n\u00e9gligence m\u00e9dicale d\u00e9lib\u00e9r\u00e9e,&nbsp;de par&nbsp;les mesures atroces de l\u2019occupation contre tous nos prisonniers, mais surtout, de par le&nbsp;silence complice de la communaut\u00e9 internationale, cette situation va se r\u00e9p\u00e9ter.&nbsp;<\/p>\n<p>La mort de <strong>Maher<\/strong> va inciter toute notre population \u00e0 continuer son combat pour la lib\u00e9ration de tous les d\u00e9tenus des ghettos isra\u00e9liens, et contre toutes les mesures ill\u00e9gales de cet \u00e9tat d&rsquo;occupation. &nbsp;<br>Cet \u00e9tat d\u2019apartheid continue sa politique agressive contre&nbsp;eux, comme contre toute notre population civile. Il poursuit ses crimes contre des prisonniers isol\u00e9s qui sont de plus en plus abandonn\u00e9s \u00e0 l\u2019arbitraire et \u00e0 l\u2019acharnement criminel des autorit\u00e9s p\u00e9nitentiaires, sans suivi m\u00e9dical, ni visites.&nbsp;<\/p>\n<p>Dans ces prisons, leur situation se d\u00e9grade jour apr\u00e8s jour, et les autorit\u00e9s isra\u00e9liennes aggravent encore leur souffrance par des mesures ill\u00e9gales et des provocations permanentes.&nbsp;Une mort lente attend les cinq mille prisonniers qui sont toujours derri\u00e8re les barreaux isra\u00e9liens.&nbsp;<\/p>\n<p>Ces conditions qui se sont aggrav\u00e9es ces derniers jours, avec<strong> le risque d&rsquo;avoir une contamination rapide pour ces prisonniers par le coronavirus- plus de 290 prisonniers sont infect\u00e9s par le virus. <\/strong>Surtout qu&rsquo;aucune mesure urgente n&rsquo;a \u00e9t\u00e9 prise par les autorit\u00e9s p\u00e9nitentiaires isra\u00e9liennes pour freiner la propagation de ce virus dans toutes les prison, ni pour prot\u00e9ger les 5000 prisonniers palestiniens toujours derri\u00e8re les barreaux de l&rsquo;occupation. Des prisonniers qui vivent la surpopulation carc\u00e9rale.&nbsp;<\/p>\n<p>En attendant, derri\u00e8re les prisonniers palestiniens, tout notre peuple&nbsp;va poursuivre le combat, <strong>jusqu\u2019\u00e0&nbsp;la conqu\u00eate&nbsp;de ses droits l\u00e9gitimes et jusqu\u2019\u00e0 la sortie du dernier d\u00e9tenu des prisons et des ghettos isra\u00e9liens.&nbsp;<\/strong><\/p>\n<hr>\n<p>Publi\u00e9 le 20 janvier 2021 sur le compte FB de <a href=\"https:\/\/www.facebook.com\/ziad.medoukh\" target=\"_blank\" rel=\"noopener noreferrer\">Ziad Medoukh<\/a><\/p>\n\n\n<p><\/p>\n","protected":false},"excerpt":{"rendered":"<p>Maher Sasah est mort suite \u00e0 une n\u00e9gligence m\u00e9dicale d\u00e9lib\u00e9r\u00e9e.\u00a0 Depuis 1967, 227 prisonniers palestiniens sont morts dans les prisons isra\u00e9liennes.<\/p>\n","protected":false},"author":1,"featured_media":0,"comment_status":"closed","ping_status":"closed","sticky":false,"template":"","format":"standard","meta":{"ngg_post_thumbnail":0,"footnotes":""},"categories":[412,126,13],"tags":[],"class_list":["post-21933","post","type-post","status-publish","format-standard","hentry","category-coronavirus","category-israel","category-les-prisionners-palestiniens"],"yoast_head":"<!-- This site is optimized with the Yoast SEO plugin v27.3 - https:\/\/yoast.com\/product\/yoast-seo-wordpress\/ -->\n<title>Silence, on tue les prisonniers palestiniens malades !<\/title>\n<meta name=\"description\" content=\"\u00a0Maher Sasah est mort suite \u00e0 une n\u00e9gligence m\u00e9dicale d\u00e9lib\u00e9r\u00e9e.\u00a0 Depuis 1967, 227 prisonniers palestiniens sont morts dans les prisons isra\u00e9liennes.\" \/>\n<meta name=\"robots\" content=\"index, follow, max-snippet:-1, max-image-preview:large, max-video-preview:-1\" \/>\n<link rel=\"canonical\" href=\"https:\/\/charleroi-pourlapalestine.be\/index.php\/2021\/01\/21\/silence-on-tue-les-prisonniers-palestiniens-malades\/\" \/>\n<script type=\"application\/ld+json\" class=\"yoast-schema-graph\">{\"@context\":\"https:\\\/\\\/schema.org\",\"@graph\":[{\"@type\":\"Article\",\"@id\":\"https:\\\/\\\/charleroi-pourlapalestine.be\\\/index.php\\\/2021\\\/01\\\/21\\\/silence-on-tue-les-prisonniers-palestiniens-malades\\\/#article\",\"isPartOf\":{\"@id\":\"https:\\\/\\\/charleroi-pourlapalestine.be\\\/index.php\\\/2021\\\/01\\\/21\\\/silence-on-tue-les-prisonniers-palestiniens-malades\\\/\"},\"author\":{\"name\":\"admin1873\",\"@id\":\"https:\\\/\\\/charleroi-pourlapalestine.be\\\/#\\\/schema\\\/person\\\/c19ff515112f1299d8c12671d8fe3faa\"},\"headline\":\"Silence, on tue les prisonniers palestiniens malades !\",\"datePublished\":\"2021-01-21T10:07:59+00:00\",\"dateModified\":\"2021-01-21T10:10:19+00:00\",\"mainEntityOfPage\":{\"@id\":\"https:\\\/\\\/charleroi-pourlapalestine.be\\\/index.php\\\/2021\\\/01\\\/21\\\/silence-on-tue-les-prisonniers-palestiniens-malades\\\/\"},\"wordCount\":517,\"publisher\":{\"@id\":\"https:\\\/\\\/charleroi-pourlapalestine.be\\\/#organization\"},\"image\":{\"@id\":\"https:\\\/\\\/charleroi-pourlapalestine.be\\\/index.php\\\/2021\\\/01\\\/21\\\/silence-on-tue-les-prisonniers-palestiniens-malades\\\/#primaryimage\"},\"thumbnailUrl\":\"https:\\\/\\\/charleroi-pourlapalestine.be\\\/wp-content\\\/uploads\\\/2021\\\/01\\\/Maher-Sasah.jpg\",\"articleSection\":[\"Coronavirus\",\"Isra\u00ebl\",\"Prisonniers\"],\"inLanguage\":\"fr-FR\"},{\"@type\":\"WebPage\",\"@id\":\"https:\\\/\\\/charleroi-pourlapalestine.be\\\/index.php\\\/2021\\\/01\\\/21\\\/silence-on-tue-les-prisonniers-palestiniens-malades\\\/\",\"url\":\"https:\\\/\\\/charleroi-pourlapalestine.be\\\/index.php\\\/2021\\\/01\\\/21\\\/silence-on-tue-les-prisonniers-palestiniens-malades\\\/\",\"name\":\"Silence, on tue les prisonniers palestiniens malades !\",\"isPartOf\":{\"@id\":\"https:\\\/\\\/charleroi-pourlapalestine.be\\\/#website\"},\"primaryImageOfPage\":{\"@id\":\"https:\\\/\\\/charleroi-pourlapalestine.be\\\/index.php\\\/2021\\\/01\\\/21\\\/silence-on-tue-les-prisonniers-palestiniens-malades\\\/#primaryimage\"},\"image\":{\"@id\":\"https:\\\/\\\/charleroi-pourlapalestine.be\\\/index.php\\\/2021\\\/01\\\/21\\\/silence-on-tue-les-prisonniers-palestiniens-malades\\\/#primaryimage\"},\"thumbnailUrl\":\"https:\\\/\\\/charleroi-pourlapalestine.be\\\/wp-content\\\/uploads\\\/2021\\\/01\\\/Maher-Sasah.jpg\",\"datePublished\":\"2021-01-21T10:07:59+00:00\",\"dateModified\":\"2021-01-21T10:10:19+00:00\",\"description\":\"\u00a0Maher Sasah est mort suite \u00e0 une n\u00e9gligence m\u00e9dicale d\u00e9lib\u00e9r\u00e9e.\u00a0 Depuis 1967, 227 prisonniers palestiniens sont morts dans les prisons isra\u00e9liennes.\",\"breadcrumb\":{\"@id\":\"https:\\\/\\\/charleroi-pourlapalestine.be\\\/index.php\\\/2021\\\/01\\\/21\\\/silence-on-tue-les-prisonniers-palestiniens-malades\\\/#breadcrumb\"},\"inLanguage\":\"fr-FR\",\"potentialAction\":[{\"@type\":\"ReadAction\",\"target\":[\"https:\\\/\\\/charleroi-pourlapalestine.be\\\/index.php\\\/2021\\\/01\\\/21\\\/silence-on-tue-les-prisonniers-palestiniens-malades\\\/\"]}]},{\"@type\":\"ImageObject\",\"inLanguage\":\"fr-FR\",\"@id\":\"https:\\\/\\\/charleroi-pourlapalestine.be\\\/index.php\\\/2021\\\/01\\\/21\\\/silence-on-tue-les-prisonniers-palestiniens-malades\\\/#primaryimage\",\"url\":\"https:\\\/\\\/charleroi-pourlapalestine.be\\\/wp-content\\\/uploads\\\/2021\\\/01\\\/Maher-Sasah.jpg\",\"contentUrl\":\"https:\\\/\\\/charleroi-pourlapalestine.be\\\/wp-content\\\/uploads\\\/2021\\\/01\\\/Maher-Sasah.jpg\",\"width\":600,\"height\":600},{\"@type\":\"BreadcrumbList\",\"@id\":\"https:\\\/\\\/charleroi-pourlapalestine.be\\\/index.php\\\/2021\\\/01\\\/21\\\/silence-on-tue-les-prisonniers-palestiniens-malades\\\/#breadcrumb\",\"itemListElement\":[{\"@type\":\"ListItem\",\"position\":1,\"name\":\"Accueil\",\"item\":\"https:\\\/\\\/charleroi-pourlapalestine.be\\\/\"},{\"@type\":\"ListItem\",\"position\":2,\"name\":\"Silence, on tue les prisonniers palestiniens malades !\"}]},{\"@type\":\"WebSite\",\"@id\":\"https:\\\/\\\/charleroi-pourlapalestine.be\\\/#website\",\"url\":\"https:\\\/\\\/charleroi-pourlapalestine.be\\\/\",\"name\":\"Charleroi Pour la Palestine\",\"description\":\"\",\"publisher\":{\"@id\":\"https:\\\/\\\/charleroi-pourlapalestine.be\\\/#organization\"},\"potentialAction\":[{\"@type\":\"SearchAction\",\"target\":{\"@type\":\"EntryPoint\",\"urlTemplate\":\"https:\\\/\\\/charleroi-pourlapalestine.be\\\/?s={search_term_string}\"},\"query-input\":{\"@type\":\"PropertyValueSpecification\",\"valueRequired\":true,\"valueName\":\"search_term_string\"}}],\"inLanguage\":\"fr-FR\"},{\"@type\":\"Organization\",\"@id\":\"https:\\\/\\\/charleroi-pourlapalestine.be\\\/#organization\",\"name\":\"Plate-forme Charleroi-Palestine\",\"url\":\"https:\\\/\\\/charleroi-pourlapalestine.be\\\/\",\"logo\":{\"@type\":\"ImageObject\",\"inLanguage\":\"fr-FR\",\"@id\":\"https:\\\/\\\/charleroi-pourlapalestine.be\\\/#\\\/schema\\\/logo\\\/image\\\/\",\"url\":\"https:\\\/\\\/charleroi-pourlapalestine.be\\\/wp-content\\\/uploads\\\/2020\\\/01\\\/logo-Copy.jpg\",\"contentUrl\":\"https:\\\/\\\/charleroi-pourlapalestine.be\\\/wp-content\\\/uploads\\\/2020\\\/01\\\/logo-Copy.jpg\",\"width\":180,\"height\":180,\"caption\":\"Plate-forme Charleroi-Palestine\"},\"image\":{\"@id\":\"https:\\\/\\\/charleroi-pourlapalestine.be\\\/#\\\/schema\\\/logo\\\/image\\\/\"},\"sameAs\":[\"https:\\\/\\\/www.facebook.com\\\/PlateformeCharleroiPalestine\\\/\",\"https:\\\/\\\/x.com\\\/LaCharleroi\"]},{\"@type\":\"Person\",\"@id\":\"https:\\\/\\\/charleroi-pourlapalestine.be\\\/#\\\/schema\\\/person\\\/c19ff515112f1299d8c12671d8fe3faa\",\"name\":\"admin1873\",\"url\":\"https:\\\/\\\/charleroi-pourlapalestine.be\\\/index.php\\\/author\\\/admin1873\\\/\"}]}<\/script>\n<!-- \/ Yoast SEO plugin. -->","yoast_head_json":{"title":"Silence, on tue les prisonniers palestiniens malades !","description":"\u00a0Maher Sasah est mort suite \u00e0 une n\u00e9gligence m\u00e9dicale d\u00e9lib\u00e9r\u00e9e.\u00a0 Depuis 1967, 227 prisonniers palestiniens sont morts dans les prisons isra\u00e9liennes.","robots":{"index":"index","follow":"follow","max-snippet":"max-snippet:-1","max-image-preview":"max-image-preview:large","max-video-preview":"max-video-preview:-1"},"canonical":"https:\/\/charleroi-pourlapalestine.be\/index.php\/2021\/01\/21\/silence-on-tue-les-prisonniers-palestiniens-malades\/","schema":{"@context":"https:\/\/schema.org","@graph":[{"@type":"Article","@id":"https:\/\/charleroi-pourlapalestine.be\/index.php\/2021\/01\/21\/silence-on-tue-les-prisonniers-palestiniens-malades\/#article","isPartOf":{"@id":"https:\/\/charleroi-pourlapalestine.be\/index.php\/2021\/01\/21\/silence-on-tue-les-prisonniers-palestiniens-malades\/"},"author":{"name":"admin1873","@id":"https:\/\/charleroi-pourlapalestine.be\/#\/schema\/person\/c19ff515112f1299d8c12671d8fe3faa"},"headline":"Silence, on tue les prisonniers palestiniens malades !","datePublished":"2021-01-21T10:07:59+00:00","dateModified":"2021-01-21T10:10:19+00:00","mainEntityOfPage":{"@id":"https:\/\/charleroi-pourlapalestine.be\/index.php\/2021\/01\/21\/silence-on-tue-les-prisonniers-palestiniens-malades\/"},"wordCount":517,"publisher":{"@id":"https:\/\/charleroi-pourlapalestine.be\/#organization"},"image":{"@id":"https:\/\/charleroi-pourlapalestine.be\/index.php\/2021\/01\/21\/silence-on-tue-les-prisonniers-palestiniens-malades\/#primaryimage"},"thumbnailUrl":"https:\/\/charleroi-pourlapalestine.be\/wp-content\/uploads\/2021\/01\/Maher-Sasah.jpg","articleSection":["Coronavirus","Isra\u00ebl","Prisonniers"],"inLanguage":"fr-FR"},{"@type":"WebPage","@id":"https:\/\/charleroi-pourlapalestine.be\/index.php\/2021\/01\/21\/silence-on-tue-les-prisonniers-palestiniens-malades\/","url":"https:\/\/charleroi-pourlapalestine.be\/index.php\/2021\/01\/21\/silence-on-tue-les-prisonniers-palestiniens-malades\/","name":"Silence, on tue les prisonniers palestiniens malades !","isPartOf":{"@id":"https:\/\/charleroi-pourlapalestine.be\/#website"},"primaryImageOfPage":{"@id":"https:\/\/charleroi-pourlapalestine.be\/index.php\/2021\/01\/21\/silence-on-tue-les-prisonniers-palestiniens-malades\/#primaryimage"},"image":{"@id":"https:\/\/charleroi-pourlapalestine.be\/index.php\/2021\/01\/21\/silence-on-tue-les-prisonniers-palestiniens-malades\/#primaryimage"},"thumbnailUrl":"https:\/\/charleroi-pourlapalestine.be\/wp-content\/uploads\/2021\/01\/Maher-Sasah.jpg","datePublished":"2021-01-21T10:07:59+00:00","dateModified":"2021-01-21T10:10:19+00:00","description":"\u00a0Maher Sasah est mort suite \u00e0 une n\u00e9gligence m\u00e9dicale d\u00e9lib\u00e9r\u00e9e.\u00a0 Depuis 1967, 227 prisonniers palestiniens sont morts dans les prisons isra\u00e9liennes.","breadcrumb":{"@id":"https:\/\/charleroi-pourlapalestine.be\/index.php\/2021\/01\/21\/silence-on-tue-les-prisonniers-palestiniens-malades\/#breadcrumb"},"inLanguage":"fr-FR","potentialAction":[{"@type":"ReadAction","target":["https:\/\/charleroi-pourlapalestine.be\/index.php\/2021\/01\/21\/silence-on-tue-les-prisonniers-palestiniens-malades\/"]}]},{"@type":"ImageObject","inLanguage":"fr-FR","@id":"https:\/\/charleroi-pourlapalestine.be\/index.php\/2021\/01\/21\/silence-on-tue-les-prisonniers-palestiniens-malades\/#primaryimage","url":"https:\/\/charleroi-pourlapalestine.be\/wp-content\/uploads\/2021\/01\/Maher-Sasah.jpg","contentUrl":"https:\/\/charleroi-pourlapalestine.be\/wp-content\/uploads\/2021\/01\/Maher-Sasah.jpg","width":600,"height":600},{"@type":"BreadcrumbList","@id":"https:\/\/charleroi-pourlapalestine.be\/index.php\/2021\/01\/21\/silence-on-tue-les-prisonniers-palestiniens-malades\/#breadcrumb","itemListElement":[{"@type":"ListItem","position":1,"name":"Accueil","item":"https:\/\/charleroi-pourlapalestine.be\/"},{"@type":"ListItem","position":2,"name":"Silence, on tue les prisonniers palestiniens malades !"}]},{"@type":"WebSite","@id":"https:\/\/charleroi-pourlapalestine.be\/#website","url":"https:\/\/charleroi-pourlapalestine.be\/","name":"Charleroi Pour la Palestine","description":"","publisher":{"@id":"https:\/\/charleroi-pourlapalestine.be\/#organization"},"potentialAction":[{"@type":"SearchAction","target":{"@type":"EntryPoint","urlTemplate":"https:\/\/charleroi-pourlapalestine.be\/?s={search_term_string}"},"query-input":{"@type":"PropertyValueSpecification","valueRequired":true,"valueName":"search_term_string"}}],"inLanguage":"fr-FR"},{"@type":"Organization","@id":"https:\/\/charleroi-pourlapalestine.be\/#organization","name":"Plate-forme Charleroi-Palestine","url":"https:\/\/charleroi-pourlapalestine.be\/","logo":{"@type":"ImageObject","inLanguage":"fr-FR","@id":"https:\/\/charleroi-pourlapalestine.be\/#\/schema\/logo\/image\/","url":"https:\/\/charleroi-pourlapalestine.be\/wp-content\/uploads\/2020\/01\/logo-Copy.jpg","contentUrl":"https:\/\/charleroi-pourlapalestine.be\/wp-content\/uploads\/2020\/01\/logo-Copy.jpg","width":180,"height":180,"caption":"Plate-forme Charleroi-Palestine"},"image":{"@id":"https:\/\/charleroi-pourlapalestine.be\/#\/schema\/logo\/image\/"},"sameAs":["https:\/\/www.facebook.com\/PlateformeCharleroiPalestine\/","https:\/\/x.com\/LaCharleroi"]},{"@type":"Person","@id":"https:\/\/charleroi-pourlapalestine.be\/#\/schema\/person\/c19ff515112f1299d8c12671d8fe3faa","name":"admin1873","url":"https:\/\/charleroi-pourlapalestine.be\/index.php\/author\/admin1873\/"}]}},"_links":{"self":[{"href":"https:\/\/charleroi-pourlapalestine.be\/index.php\/wp-json\/wp\/v2\/posts\/21933","targetHints":{"allow":["GET"]}}],"collection":[{"href":"https:\/\/charleroi-pourlapalestine.be\/index.php\/wp-json\/wp\/v2\/posts"}],"about":[{"href":"https:\/\/charleroi-pourlapalestine.be\/index.php\/wp-json\/wp\/v2\/types\/post"}],"author":[{"embeddable":true,"href":"https:\/\/charleroi-pourlapalestine.be\/index.php\/wp-json\/wp\/v2\/users\/1"}],"replies":[{"embeddable":true,"href":"https:\/\/charleroi-pourlapalestine.be\/index.php\/wp-json\/wp\/v2\/comments?post=21933"}],"version-history":[{"count":0,"href":"https:\/\/charleroi-pourlapalestine.be\/index.php\/wp-json\/wp\/v2\/posts\/21933\/revisions"}],"wp:attachment":[{"href":"https:\/\/charleroi-pourlapalestine.be\/index.php\/wp-json\/wp\/v2\/media?parent=21933"}],"wp:term":[{"taxonomy":"category","embeddable":true,"href":"https:\/\/charleroi-pourlapalestine.be\/index.php\/wp-json\/wp\/v2\/categories?post=21933"},{"taxonomy":"post_tag","embeddable":true,"href":"https:\/\/charleroi-pourlapalestine.be\/index.php\/wp-json\/wp\/v2\/tags?post=21933"}],"curies":[{"name":"wp","href":"https:\/\/api.w.org\/{rel}","templated":true}]}}