{"id":21945,"date":"2021-01-21T11:58:00","date_gmt":"2021-01-21T10:58:00","guid":{"rendered":"https:\/\/charleroi-pourlapalestine.be\/?p=21945"},"modified":"2021-01-21T19:58:36","modified_gmt":"2021-01-21T18:58:36","slug":"la-bolivie-demande-a-juger-israel-pour-ses-crimes-contre-les-palestiniens","status":"publish","type":"post","link":"https:\/\/charleroi-pourlapalestine.be\/index.php\/2021\/01\/21\/la-bolivie-demande-a-juger-israel-pour-ses-crimes-contre-les-palestiniens\/","title":{"rendered":"La Bolivie demande de juger Isra\u00ebl pour ses crimes contre les Palestiniens"},"content":{"rendered":"<p>Le vice-pr\u00e9sident de la Bolivie, David Choquehuenca, d\u00e9clare que les crimes du r\u00e9gime isra\u00e9lien contre le peuple palestinien ne doivent pas \u00eatre oubli\u00e9s, mais plut\u00f4t jug\u00e9s de mani\u00e8re exemplaire.<\/p>\n<div id=\"attachment_21946\" style=\"width: 579px\" class=\"wp-caption aligncenter\"><img loading=\"lazy\" decoding=\"async\" aria-describedby=\"caption-attachment-21946\" class=\"wp-image-21946 size-full\" src=\"https:\/\/charleroi-pourlapalestine.be\/wp-content\/uploads\/2021\/01\/David-Choquehuenca-e1611224125899.jpg\" alt=\"David Choquehuenca\" width=\"569\" height=\"320\"><p id=\"caption-attachment-21946\" class=\"wp-caption-text\">David Choquehuenca<\/p><\/div>\n<blockquote><p>\u00ab\u00a0En ce temps nouveau, l&rsquo;occupation doit prendre fin. La question des r\u00e9fugi\u00e9s palestiniens doit \u00eatre r\u00e9solue avec justice\u00a0\u00bb,<\/p><\/blockquote>\n<p>a d\u00e9clar\u00e9 le vice-pr\u00e9sident bolivien, <strong>David Choquehuanca<\/strong>, lors de <a href=\"https:\/\/www.hispantv.com\/noticias\/politica\/485893\/iran-seminario-parlamentarios-jerusalen\" target=\"_blank\" rel=\"noopener noreferrer\">la conf\u00e9rence virtuelle des parlementaires des pays qui soutiennent <strong>Al-Qods<\/strong><\/a> (J\u00e9rusalem) et la cause palestinienne, organis\u00e9e ce lundi par l&rsquo;<strong>Iran<\/strong>.<\/p>\n<p><strong>Choquehuanca<\/strong> a soulign\u00e9 la volont\u00e9 des peuples du monde de se tenir aux c\u00f4t\u00e9s de la <strong>Palestine<\/strong> et contre l&rsquo;occupation isra\u00e9lienne, tout en insistant sur la n\u00e9cessit\u00e9 de mettre un terme \u00e0<\/p>\n<blockquote><p>\u00ab\u00a0la guerre, l&rsquo;intervention et la confrontation constantes dont souffre la bande de Gaza\u00a0\u00bb.<\/p><\/blockquote>\n<p>A un autre moment de ses d\u00e9clarations, il a r\u00e9it\u00e9r\u00e9 que<\/p>\n<blockquote><p>\u00ab\u00a0les crimes commis par le r\u00e9gime sioniste, en particulier contre les civils, surtout les femmes et les enfants, ne doivent pas \u00eatre oubli\u00e9s, mais doivent \u00eatre poursuivis de mani\u00e8re exemplaire\u00a0\u00bb.<\/p><\/blockquote>\n<p>Le gouvernement bolivien, sous le mandat de l&rsquo;ancien pr\u00e9sident <strong>Evo Morales<\/strong>, et maintenant de <strong>Luis Arce<\/strong>, a toujours \u00e9t\u00e9 un critique s\u00e9v\u00e8re de l&rsquo;occupation isra\u00e9lienne et de ses crimes contre le peuple de Palestine, exprimant son ferme soutien \u00e0 la cause palestinienne.<\/p>\n<p>Fin octobre dernier, lors d&rsquo;une rencontre entre le pr\u00e9sident bolivien et l&rsquo;ambassadeur palestinien en <strong>Bolivie<\/strong>, Mahmud Alwani, Arce a indiqu\u00e9 que le chemin de la paix en Asie occidentale devrait \u00eatre ax\u00e9 sur la cr\u00e9ation d&rsquo;un \u00c9tat palestinien, avec Al Qods (J\u00e9rusalem) comme capitale, conform\u00e9ment au droit international et aux r\u00e9solutions des Nations unies.<\/p>\n<p>En fait, Arce, avec cette position sur la Palestine, suit l&rsquo;agenda adopt\u00e9 par le gouvernement <strong>Morales,<\/strong> dont l&rsquo;ex\u00e9cutif a donn\u00e9 son plein appui \u00e0 la cause palestinienne et a d\u00e9nonc\u00e9 dans toutes les enceintes les crimes perp\u00e9tr\u00e9s par Isra\u00ebl contre cette nation.<\/p>\n<p>L&rsquo;\u00e9v\u00e9nement de cette journ\u00e9e a co\u00efncid\u00e9 avec la journ\u00e9e nationale de<strong><em><a href=\"https:\/\/www.hispantv.com\/noticias\/politica\/409113\/iran-conferencia-gaza-resistencia-israel\" target=\"_blank\" rel=\"noopener noreferrer\"> \u00ab\u00a0Gaza, symbole de r\u00e9sistance\u00a0\u00bb<\/a>,<\/em> <\/strong>qui comm\u00e9more les 22 jours de r\u00e9sistance du peuple palestinien contre l&rsquo;agression isra\u00e9lienne contre Gaza en 2008.<\/p>\n<p>&nbsp;<\/p>\n<hr>\n<p>Publi\u00e9 le 18 janvier 2021 sur <a href=\"https:\/\/www.hispantv.com\/noticias\/bolivia\/485911\/causa-palestina-israel\" target=\"_blank\" rel=\"noopener noreferrer\">Hispan TV<\/a><\/p>\n<p>Traduction : <a href=\"https:\/\/www.les2rives.info\/l2r\" target=\"_blank\" rel=\"noopener noreferrer\"><strong>Les 2 Rives<\/strong><\/a> &#8211; Romain Migus<\/p>\n","protected":false},"excerpt":{"rendered":"<p>Le vice-pr\u00e9sident de la Bolivie, David Choquehuenca, d\u00e9clare que les crimes du r\u00e9gime isra\u00e9lien contre le peuple palestinien ne doivent pas \u00eatre oubli\u00e9s<\/p>\n","protected":false},"author":1,"featured_media":21946,"comment_status":"closed","ping_status":"closed","sticky":false,"template":"","format":"standard","meta":{"ngg_post_thumbnail":0,"footnotes":""},"categories":[40,126],"tags":[],"class_list":["post-21945","post","type-post","status-publish","format-standard","has-post-thumbnail","hentry","category-les-crimes-de-guerre","category-israel"],"yoast_head":"<!-- This site is optimized with the Yoast SEO plugin v27.3 - https:\/\/yoast.com\/product\/yoast-seo-wordpress\/ -->\n<title>La Bolivie demande de juger Isra\u00ebl pour ses crimes contre les Palestiniens<\/title>\n<meta name=\"description\" content=\"Le vice-pr\u00e9sident de la Bolivie, David Choquehuenca, d\u00e9clare que les crimes du r\u00e9gime isra\u00e9lien contre le peuple palestinien ne doivent pas \u00eatre oubli\u00e9s\" \/>\n<meta name=\"robots\" content=\"index, follow, max-snippet:-1, max-image-preview:large, max-video-preview:-1\" \/>\n<link rel=\"canonical\" href=\"https:\/\/charleroi-pourlapalestine.be\/index.php\/2021\/01\/21\/la-bolivie-demande-a-juger-israel-pour-ses-crimes-contre-les-palestiniens\/\" \/>\n<script type=\"application\/ld+json\" class=\"yoast-schema-graph\">{\"@context\":\"https:\\\/\\\/schema.org\",\"@graph\":[{\"@type\":\"Article\",\"@id\":\"https:\\\/\\\/charleroi-pourlapalestine.be\\\/index.php\\\/2021\\\/01\\\/21\\\/la-bolivie-demande-a-juger-israel-pour-ses-crimes-contre-les-palestiniens\\\/#article\",\"isPartOf\":{\"@id\":\"https:\\\/\\\/charleroi-pourlapalestine.be\\\/index.php\\\/2021\\\/01\\\/21\\\/la-bolivie-demande-a-juger-israel-pour-ses-crimes-contre-les-palestiniens\\\/\"},\"author\":{\"name\":\"admin1873\",\"@id\":\"https:\\\/\\\/charleroi-pourlapalestine.be\\\/#\\\/schema\\\/person\\\/c19ff515112f1299d8c12671d8fe3faa\"},\"headline\":\"La Bolivie demande de juger Isra\u00ebl pour ses crimes contre les Palestiniens\",\"datePublished\":\"2021-01-21T10:58:00+00:00\",\"dateModified\":\"2021-01-21T18:58:36+00:00\",\"mainEntityOfPage\":{\"@id\":\"https:\\\/\\\/charleroi-pourlapalestine.be\\\/index.php\\\/2021\\\/01\\\/21\\\/la-bolivie-demande-a-juger-israel-pour-ses-crimes-contre-les-palestiniens\\\/\"},\"wordCount\":423,\"publisher\":{\"@id\":\"https:\\\/\\\/charleroi-pourlapalestine.be\\\/#organization\"},\"image\":{\"@id\":\"https:\\\/\\\/charleroi-pourlapalestine.be\\\/index.php\\\/2021\\\/01\\\/21\\\/la-bolivie-demande-a-juger-israel-pour-ses-crimes-contre-les-palestiniens\\\/#primaryimage\"},\"thumbnailUrl\":\"https:\\\/\\\/charleroi-pourlapalestine.be\\\/wp-content\\\/uploads\\\/2021\\\/01\\\/David-Choquehuenca-e1611224125899.jpg\",\"articleSection\":[\"Crimes de guerre\",\"Isra\u00ebl\"],\"inLanguage\":\"fr-FR\"},{\"@type\":\"WebPage\",\"@id\":\"https:\\\/\\\/charleroi-pourlapalestine.be\\\/index.php\\\/2021\\\/01\\\/21\\\/la-bolivie-demande-a-juger-israel-pour-ses-crimes-contre-les-palestiniens\\\/\",\"url\":\"https:\\\/\\\/charleroi-pourlapalestine.be\\\/index.php\\\/2021\\\/01\\\/21\\\/la-bolivie-demande-a-juger-israel-pour-ses-crimes-contre-les-palestiniens\\\/\",\"name\":\"La Bolivie demande de juger Isra\u00ebl pour ses crimes contre les Palestiniens\",\"isPartOf\":{\"@id\":\"https:\\\/\\\/charleroi-pourlapalestine.be\\\/#website\"},\"primaryImageOfPage\":{\"@id\":\"https:\\\/\\\/charleroi-pourlapalestine.be\\\/index.php\\\/2021\\\/01\\\/21\\\/la-bolivie-demande-a-juger-israel-pour-ses-crimes-contre-les-palestiniens\\\/#primaryimage\"},\"image\":{\"@id\":\"https:\\\/\\\/charleroi-pourlapalestine.be\\\/index.php\\\/2021\\\/01\\\/21\\\/la-bolivie-demande-a-juger-israel-pour-ses-crimes-contre-les-palestiniens\\\/#primaryimage\"},\"thumbnailUrl\":\"https:\\\/\\\/charleroi-pourlapalestine.be\\\/wp-content\\\/uploads\\\/2021\\\/01\\\/David-Choquehuenca-e1611224125899.jpg\",\"datePublished\":\"2021-01-21T10:58:00+00:00\",\"dateModified\":\"2021-01-21T18:58:36+00:00\",\"description\":\"Le vice-pr\u00e9sident de la Bolivie, David Choquehuenca, d\u00e9clare que les crimes du r\u00e9gime isra\u00e9lien contre le peuple palestinien ne doivent pas \u00eatre oubli\u00e9s\",\"breadcrumb\":{\"@id\":\"https:\\\/\\\/charleroi-pourlapalestine.be\\\/index.php\\\/2021\\\/01\\\/21\\\/la-bolivie-demande-a-juger-israel-pour-ses-crimes-contre-les-palestiniens\\\/#breadcrumb\"},\"inLanguage\":\"fr-FR\",\"potentialAction\":[{\"@type\":\"ReadAction\",\"target\":[\"https:\\\/\\\/charleroi-pourlapalestine.be\\\/index.php\\\/2021\\\/01\\\/21\\\/la-bolivie-demande-a-juger-israel-pour-ses-crimes-contre-les-palestiniens\\\/\"]}]},{\"@type\":\"ImageObject\",\"inLanguage\":\"fr-FR\",\"@id\":\"https:\\\/\\\/charleroi-pourlapalestine.be\\\/index.php\\\/2021\\\/01\\\/21\\\/la-bolivie-demande-a-juger-israel-pour-ses-crimes-contre-les-palestiniens\\\/#primaryimage\",\"url\":\"https:\\\/\\\/charleroi-pourlapalestine.be\\\/wp-content\\\/uploads\\\/2021\\\/01\\\/David-Choquehuenca-e1611224125899.jpg\",\"contentUrl\":\"https:\\\/\\\/charleroi-pourlapalestine.be\\\/wp-content\\\/uploads\\\/2021\\\/01\\\/David-Choquehuenca-e1611224125899.jpg\",\"width\":569,\"height\":320},{\"@type\":\"BreadcrumbList\",\"@id\":\"https:\\\/\\\/charleroi-pourlapalestine.be\\\/index.php\\\/2021\\\/01\\\/21\\\/la-bolivie-demande-a-juger-israel-pour-ses-crimes-contre-les-palestiniens\\\/#breadcrumb\",\"itemListElement\":[{\"@type\":\"ListItem\",\"position\":1,\"name\":\"Accueil\",\"item\":\"https:\\\/\\\/charleroi-pourlapalestine.be\\\/\"},{\"@type\":\"ListItem\",\"position\":2,\"name\":\"La Bolivie demande de juger Isra\u00ebl pour ses crimes contre les Palestiniens\"}]},{\"@type\":\"WebSite\",\"@id\":\"https:\\\/\\\/charleroi-pourlapalestine.be\\\/#website\",\"url\":\"https:\\\/\\\/charleroi-pourlapalestine.be\\\/\",\"name\":\"Charleroi Pour la Palestine\",\"description\":\"\",\"publisher\":{\"@id\":\"https:\\\/\\\/charleroi-pourlapalestine.be\\\/#organization\"},\"potentialAction\":[{\"@type\":\"SearchAction\",\"target\":{\"@type\":\"EntryPoint\",\"urlTemplate\":\"https:\\\/\\\/charleroi-pourlapalestine.be\\\/?s={search_term_string}\"},\"query-input\":{\"@type\":\"PropertyValueSpecification\",\"valueRequired\":true,\"valueName\":\"search_term_string\"}}],\"inLanguage\":\"fr-FR\"},{\"@type\":\"Organization\",\"@id\":\"https:\\\/\\\/charleroi-pourlapalestine.be\\\/#organization\",\"name\":\"Plate-forme Charleroi-Palestine\",\"url\":\"https:\\\/\\\/charleroi-pourlapalestine.be\\\/\",\"logo\":{\"@type\":\"ImageObject\",\"inLanguage\":\"fr-FR\",\"@id\":\"https:\\\/\\\/charleroi-pourlapalestine.be\\\/#\\\/schema\\\/logo\\\/image\\\/\",\"url\":\"https:\\\/\\\/charleroi-pourlapalestine.be\\\/wp-content\\\/uploads\\\/2020\\\/01\\\/logo-Copy.jpg\",\"contentUrl\":\"https:\\\/\\\/charleroi-pourlapalestine.be\\\/wp-content\\\/uploads\\\/2020\\\/01\\\/logo-Copy.jpg\",\"width\":180,\"height\":180,\"caption\":\"Plate-forme Charleroi-Palestine\"},\"image\":{\"@id\":\"https:\\\/\\\/charleroi-pourlapalestine.be\\\/#\\\/schema\\\/logo\\\/image\\\/\"},\"sameAs\":[\"https:\\\/\\\/www.facebook.com\\\/PlateformeCharleroiPalestine\\\/\",\"https:\\\/\\\/x.com\\\/LaCharleroi\"]},{\"@type\":\"Person\",\"@id\":\"https:\\\/\\\/charleroi-pourlapalestine.be\\\/#\\\/schema\\\/person\\\/c19ff515112f1299d8c12671d8fe3faa\",\"name\":\"admin1873\",\"url\":\"https:\\\/\\\/charleroi-pourlapalestine.be\\\/index.php\\\/author\\\/admin1873\\\/\"}]}<\/script>\n<!-- \/ Yoast SEO plugin. -->","yoast_head_json":{"title":"La Bolivie demande de juger Isra\u00ebl pour ses crimes contre les Palestiniens","description":"Le vice-pr\u00e9sident de la Bolivie, David Choquehuenca, d\u00e9clare que les crimes du r\u00e9gime isra\u00e9lien contre le peuple palestinien ne doivent pas \u00eatre oubli\u00e9s","robots":{"index":"index","follow":"follow","max-snippet":"max-snippet:-1","max-image-preview":"max-image-preview:large","max-video-preview":"max-video-preview:-1"},"canonical":"https:\/\/charleroi-pourlapalestine.be\/index.php\/2021\/01\/21\/la-bolivie-demande-a-juger-israel-pour-ses-crimes-contre-les-palestiniens\/","schema":{"@context":"https:\/\/schema.org","@graph":[{"@type":"Article","@id":"https:\/\/charleroi-pourlapalestine.be\/index.php\/2021\/01\/21\/la-bolivie-demande-a-juger-israel-pour-ses-crimes-contre-les-palestiniens\/#article","isPartOf":{"@id":"https:\/\/charleroi-pourlapalestine.be\/index.php\/2021\/01\/21\/la-bolivie-demande-a-juger-israel-pour-ses-crimes-contre-les-palestiniens\/"},"author":{"name":"admin1873","@id":"https:\/\/charleroi-pourlapalestine.be\/#\/schema\/person\/c19ff515112f1299d8c12671d8fe3faa"},"headline":"La Bolivie demande de juger Isra\u00ebl pour ses crimes contre les Palestiniens","datePublished":"2021-01-21T10:58:00+00:00","dateModified":"2021-01-21T18:58:36+00:00","mainEntityOfPage":{"@id":"https:\/\/charleroi-pourlapalestine.be\/index.php\/2021\/01\/21\/la-bolivie-demande-a-juger-israel-pour-ses-crimes-contre-les-palestiniens\/"},"wordCount":423,"publisher":{"@id":"https:\/\/charleroi-pourlapalestine.be\/#organization"},"image":{"@id":"https:\/\/charleroi-pourlapalestine.be\/index.php\/2021\/01\/21\/la-bolivie-demande-a-juger-israel-pour-ses-crimes-contre-les-palestiniens\/#primaryimage"},"thumbnailUrl":"https:\/\/charleroi-pourlapalestine.be\/wp-content\/uploads\/2021\/01\/David-Choquehuenca-e1611224125899.jpg","articleSection":["Crimes de guerre","Isra\u00ebl"],"inLanguage":"fr-FR"},{"@type":"WebPage","@id":"https:\/\/charleroi-pourlapalestine.be\/index.php\/2021\/01\/21\/la-bolivie-demande-a-juger-israel-pour-ses-crimes-contre-les-palestiniens\/","url":"https:\/\/charleroi-pourlapalestine.be\/index.php\/2021\/01\/21\/la-bolivie-demande-a-juger-israel-pour-ses-crimes-contre-les-palestiniens\/","name":"La Bolivie demande de juger Isra\u00ebl pour ses crimes contre les Palestiniens","isPartOf":{"@id":"https:\/\/charleroi-pourlapalestine.be\/#website"},"primaryImageOfPage":{"@id":"https:\/\/charleroi-pourlapalestine.be\/index.php\/2021\/01\/21\/la-bolivie-demande-a-juger-israel-pour-ses-crimes-contre-les-palestiniens\/#primaryimage"},"image":{"@id":"https:\/\/charleroi-pourlapalestine.be\/index.php\/2021\/01\/21\/la-bolivie-demande-a-juger-israel-pour-ses-crimes-contre-les-palestiniens\/#primaryimage"},"thumbnailUrl":"https:\/\/charleroi-pourlapalestine.be\/wp-content\/uploads\/2021\/01\/David-Choquehuenca-e1611224125899.jpg","datePublished":"2021-01-21T10:58:00+00:00","dateModified":"2021-01-21T18:58:36+00:00","description":"Le vice-pr\u00e9sident de la Bolivie, David Choquehuenca, d\u00e9clare que les crimes du r\u00e9gime isra\u00e9lien contre le peuple palestinien ne doivent pas \u00eatre oubli\u00e9s","breadcrumb":{"@id":"https:\/\/charleroi-pourlapalestine.be\/index.php\/2021\/01\/21\/la-bolivie-demande-a-juger-israel-pour-ses-crimes-contre-les-palestiniens\/#breadcrumb"},"inLanguage":"fr-FR","potentialAction":[{"@type":"ReadAction","target":["https:\/\/charleroi-pourlapalestine.be\/index.php\/2021\/01\/21\/la-bolivie-demande-a-juger-israel-pour-ses-crimes-contre-les-palestiniens\/"]}]},{"@type":"ImageObject","inLanguage":"fr-FR","@id":"https:\/\/charleroi-pourlapalestine.be\/index.php\/2021\/01\/21\/la-bolivie-demande-a-juger-israel-pour-ses-crimes-contre-les-palestiniens\/#primaryimage","url":"https:\/\/charleroi-pourlapalestine.be\/wp-content\/uploads\/2021\/01\/David-Choquehuenca-e1611224125899.jpg","contentUrl":"https:\/\/charleroi-pourlapalestine.be\/wp-content\/uploads\/2021\/01\/David-Choquehuenca-e1611224125899.jpg","width":569,"height":320},{"@type":"BreadcrumbList","@id":"https:\/\/charleroi-pourlapalestine.be\/index.php\/2021\/01\/21\/la-bolivie-demande-a-juger-israel-pour-ses-crimes-contre-les-palestiniens\/#breadcrumb","itemListElement":[{"@type":"ListItem","position":1,"name":"Accueil","item":"https:\/\/charleroi-pourlapalestine.be\/"},{"@type":"ListItem","position":2,"name":"La Bolivie demande de juger Isra\u00ebl pour ses crimes contre les Palestiniens"}]},{"@type":"WebSite","@id":"https:\/\/charleroi-pourlapalestine.be\/#website","url":"https:\/\/charleroi-pourlapalestine.be\/","name":"Charleroi Pour la Palestine","description":"","publisher":{"@id":"https:\/\/charleroi-pourlapalestine.be\/#organization"},"potentialAction":[{"@type":"SearchAction","target":{"@type":"EntryPoint","urlTemplate":"https:\/\/charleroi-pourlapalestine.be\/?s={search_term_string}"},"query-input":{"@type":"PropertyValueSpecification","valueRequired":true,"valueName":"search_term_string"}}],"inLanguage":"fr-FR"},{"@type":"Organization","@id":"https:\/\/charleroi-pourlapalestine.be\/#organization","name":"Plate-forme Charleroi-Palestine","url":"https:\/\/charleroi-pourlapalestine.be\/","logo":{"@type":"ImageObject","inLanguage":"fr-FR","@id":"https:\/\/charleroi-pourlapalestine.be\/#\/schema\/logo\/image\/","url":"https:\/\/charleroi-pourlapalestine.be\/wp-content\/uploads\/2020\/01\/logo-Copy.jpg","contentUrl":"https:\/\/charleroi-pourlapalestine.be\/wp-content\/uploads\/2020\/01\/logo-Copy.jpg","width":180,"height":180,"caption":"Plate-forme Charleroi-Palestine"},"image":{"@id":"https:\/\/charleroi-pourlapalestine.be\/#\/schema\/logo\/image\/"},"sameAs":["https:\/\/www.facebook.com\/PlateformeCharleroiPalestine\/","https:\/\/x.com\/LaCharleroi"]},{"@type":"Person","@id":"https:\/\/charleroi-pourlapalestine.be\/#\/schema\/person\/c19ff515112f1299d8c12671d8fe3faa","name":"admin1873","url":"https:\/\/charleroi-pourlapalestine.be\/index.php\/author\/admin1873\/"}]}},"_links":{"self":[{"href":"https:\/\/charleroi-pourlapalestine.be\/index.php\/wp-json\/wp\/v2\/posts\/21945","targetHints":{"allow":["GET"]}}],"collection":[{"href":"https:\/\/charleroi-pourlapalestine.be\/index.php\/wp-json\/wp\/v2\/posts"}],"about":[{"href":"https:\/\/charleroi-pourlapalestine.be\/index.php\/wp-json\/wp\/v2\/types\/post"}],"author":[{"embeddable":true,"href":"https:\/\/charleroi-pourlapalestine.be\/index.php\/wp-json\/wp\/v2\/users\/1"}],"replies":[{"embeddable":true,"href":"https:\/\/charleroi-pourlapalestine.be\/index.php\/wp-json\/wp\/v2\/comments?post=21945"}],"version-history":[{"count":0,"href":"https:\/\/charleroi-pourlapalestine.be\/index.php\/wp-json\/wp\/v2\/posts\/21945\/revisions"}],"wp:featuredmedia":[{"embeddable":true,"href":"https:\/\/charleroi-pourlapalestine.be\/index.php\/wp-json\/wp\/v2\/media\/21946"}],"wp:attachment":[{"href":"https:\/\/charleroi-pourlapalestine.be\/index.php\/wp-json\/wp\/v2\/media?parent=21945"}],"wp:term":[{"taxonomy":"category","embeddable":true,"href":"https:\/\/charleroi-pourlapalestine.be\/index.php\/wp-json\/wp\/v2\/categories?post=21945"},{"taxonomy":"post_tag","embeddable":true,"href":"https:\/\/charleroi-pourlapalestine.be\/index.php\/wp-json\/wp\/v2\/tags?post=21945"}],"curies":[{"name":"wp","href":"https:\/\/api.w.org\/{rel}","templated":true}]}}