{"id":23045,"date":"2021-02-15T16:03:51","date_gmt":"2021-02-15T15:03:51","guid":{"rendered":"https:\/\/charleroi-pourlapalestine.be\/?p=23045"},"modified":"2021-02-15T16:03:56","modified_gmt":"2021-02-15T15:03:56","slug":"les-forces-israeliennes-ouvrent-le-feu-sur-des-fermiers-a-gaza","status":"publish","type":"post","link":"https:\/\/charleroi-pourlapalestine.be\/index.php\/2021\/02\/15\/les-forces-israeliennes-ouvrent-le-feu-sur-des-fermiers-a-gaza\/","title":{"rendered":"Les forces isra\u00e9liennes ouvrent le feu sur des fermiers \u00e0 Gaza"},"content":{"rendered":"<p>Aujourd\u2019hui, des troupes isra\u00e9liennes stationn\u00e9es \u00e0 la fronti\u00e8re de la bande de<a href=\"https:\/\/charleroi-pourlapalestine.be\/index.php\/category\/palestine\/gaza\/\"> Gaza<\/a> ont ouvert le feu sur des fermiers palestiniens travaillant dans leurs champs situ\u00e9s pr\u00e8s de la fronti\u00e8re, les for\u00e7ant de quitter la zone, a rapport\u00e9 l\u2019agence de presse palestinienne WAFA.<\/p>\n<p>Des soldats isra\u00e9liens de l\u2019occupation, positionn\u00e9s au sommet des miradors surveillant la fronti\u00e8re \u00e0 l\u2019est de Gaza City, ont tir\u00e9 plusieurs fois \u00e0 balles r\u00e9elles et ont \u00e9galement lanc\u00e9 des gaz lacrymog\u00e8nes sur les fermiers, les for\u00e7ant de quitter la zone pour \u00e9viter d\u2019\u00eatre abattus.<\/p>\n<p><blockquote class=\"twitter-tweet\" data-width=\"500\" data-dnt=\"true\"><p lang=\"en\" dir=\"ltr\">A Palestinian farmer works in his land while the Israeli military uses an earth-moving machine to raze agricultural land in Khan Yunis, southern Gaza Strip. <a href=\"https:\/\/t.co\/Tz2EqJBECD\">pic.twitter.com\/Tz2EqJBECD<\/a><\/p>&mdash; \ud83d\udd4a\ud83c\udf49Yaser BM (@Y3Df2) <a href=\"https:\/\/twitter.com\/Y3Df2\/status\/1358820632700551170?ref_src=twsrc%5Etfw\">February 8, 2021<\/a><\/blockquote><script async src=\"https:\/\/platform.twitter.com\/widgets.js\" charset=\"utf-8\"><\/script><\/p>\n<p>Il n\u2019a pas \u00e9t\u00e9 fait \u00e9tat de bless\u00e9s.<\/p>\n<p>Isra\u00ebl ne permet pas aux Palestiniens de se rendre sur leurs terres le long de la fronti\u00e8re de Gaza avec Isra\u00ebl et il franchit souvent cette fronti\u00e8re, soit pour d\u00e9truire la terre et la niveler, soit pour am\u00e9nager des d\u00e9charges qui provoquent bien des d\u00e9g\u00e2ts aux terres agricoles fertiles.<\/p>\n<p>L\u2019arm\u00e9e isra\u00e9lienne d\u2019occupation ouvre r\u00e9guli\u00e8rement le feu sur les gens de Gaza qui s\u2019approchent de la cl\u00f4ture frontali\u00e8re. Nombre de ces personnes sont des fermiers qui se rendent dans leurs champs, mais que l\u2019arm\u00e9e isra\u00e9lienne entend \u00e9loigner le plus possible de la fronti\u00e8re.<\/p>\n<hr>\n<p>Publi\u00e9 le 14 f\u00e9vrier 2021 sur<a href=\"https:\/\/www.palestinechronicle.com\/israeli-forces-open-fire-at-gaza-farmers-force-them-back\/\" target=\"_blank\" rel=\"noopener noreferrer\"> The Palestine Chronicle<\/a><br>Traduction : Jean-Marie Fl\u00e9mal<\/p>\n\n\n<p><\/p>\n","protected":false},"excerpt":{"rendered":"<p>Positionn\u00e9s au sommet des miradors surveillant la fronti\u00e8re \u00e0 l\u2019est de Gaza City, les soldats forcent les fermiers \u00e0 quitter leurs champs <\/p>\n","protected":false},"author":1,"featured_media":0,"comment_status":"closed","ping_status":"closed","sticky":false,"template":"","format":"standard","meta":{"ngg_post_thumbnail":0,"footnotes":""},"categories":[118,390,6],"tags":[],"class_list":["post-23045","post","type-post","status-publish","format-standard","hentry","category-agriculture","category-armee-israelienne","category-gaza"],"yoast_head":"<!-- This site is optimized with the Yoast SEO plugin v27.3 - https:\/\/yoast.com\/product\/yoast-seo-wordpress\/ -->\n<title>Les forces isra\u00e9liennes ouvrent le feu sur des fermiers \u00e0 Gaza<\/title>\n<meta name=\"description\" content=\"Positionn\u00e9s au sommet des miradors surveillant la fronti\u00e8re \u00e0 l\u2019est de Gaza City, les soldats forcent les fermiers \u00e0 quitter leurs terres\" \/>\n<meta name=\"robots\" content=\"index, follow, max-snippet:-1, max-image-preview:large, max-video-preview:-1\" \/>\n<link rel=\"canonical\" href=\"https:\/\/charleroi-pourlapalestine.be\/index.php\/2021\/02\/15\/les-forces-israeliennes-ouvrent-le-feu-sur-des-fermiers-a-gaza\/\" \/>\n<script type=\"application\/ld+json\" class=\"yoast-schema-graph\">{\"@context\":\"https:\\\/\\\/schema.org\",\"@graph\":[{\"@type\":\"Article\",\"@id\":\"https:\\\/\\\/charleroi-pourlapalestine.be\\\/index.php\\\/2021\\\/02\\\/15\\\/les-forces-israeliennes-ouvrent-le-feu-sur-des-fermiers-a-gaza\\\/#article\",\"isPartOf\":{\"@id\":\"https:\\\/\\\/charleroi-pourlapalestine.be\\\/index.php\\\/2021\\\/02\\\/15\\\/les-forces-israeliennes-ouvrent-le-feu-sur-des-fermiers-a-gaza\\\/\"},\"author\":{\"name\":\"admin1873\",\"@id\":\"https:\\\/\\\/charleroi-pourlapalestine.be\\\/#\\\/schema\\\/person\\\/c19ff515112f1299d8c12671d8fe3faa\"},\"headline\":\"Les forces isra\u00e9liennes ouvrent le feu sur des fermiers \u00e0 Gaza\",\"datePublished\":\"2021-02-15T15:03:51+00:00\",\"dateModified\":\"2021-02-15T15:03:56+00:00\",\"mainEntityOfPage\":{\"@id\":\"https:\\\/\\\/charleroi-pourlapalestine.be\\\/index.php\\\/2021\\\/02\\\/15\\\/les-forces-israeliennes-ouvrent-le-feu-sur-des-fermiers-a-gaza\\\/\"},\"wordCount\":279,\"publisher\":{\"@id\":\"https:\\\/\\\/charleroi-pourlapalestine.be\\\/#organization\"},\"articleSection\":[\"Agriculture\",\"arm\u00e9e isra\u00e9lienne\",\"Gaza\"],\"inLanguage\":\"fr-FR\"},{\"@type\":\"WebPage\",\"@id\":\"https:\\\/\\\/charleroi-pourlapalestine.be\\\/index.php\\\/2021\\\/02\\\/15\\\/les-forces-israeliennes-ouvrent-le-feu-sur-des-fermiers-a-gaza\\\/\",\"url\":\"https:\\\/\\\/charleroi-pourlapalestine.be\\\/index.php\\\/2021\\\/02\\\/15\\\/les-forces-israeliennes-ouvrent-le-feu-sur-des-fermiers-a-gaza\\\/\",\"name\":\"Les forces isra\u00e9liennes ouvrent le feu sur des fermiers \u00e0 Gaza\",\"isPartOf\":{\"@id\":\"https:\\\/\\\/charleroi-pourlapalestine.be\\\/#website\"},\"datePublished\":\"2021-02-15T15:03:51+00:00\",\"dateModified\":\"2021-02-15T15:03:56+00:00\",\"description\":\"Positionn\u00e9s au sommet des miradors surveillant la fronti\u00e8re \u00e0 l\u2019est de Gaza City, les soldats forcent les fermiers \u00e0 quitter leurs terres\",\"breadcrumb\":{\"@id\":\"https:\\\/\\\/charleroi-pourlapalestine.be\\\/index.php\\\/2021\\\/02\\\/15\\\/les-forces-israeliennes-ouvrent-le-feu-sur-des-fermiers-a-gaza\\\/#breadcrumb\"},\"inLanguage\":\"fr-FR\",\"potentialAction\":[{\"@type\":\"ReadAction\",\"target\":[\"https:\\\/\\\/charleroi-pourlapalestine.be\\\/index.php\\\/2021\\\/02\\\/15\\\/les-forces-israeliennes-ouvrent-le-feu-sur-des-fermiers-a-gaza\\\/\"]}]},{\"@type\":\"BreadcrumbList\",\"@id\":\"https:\\\/\\\/charleroi-pourlapalestine.be\\\/index.php\\\/2021\\\/02\\\/15\\\/les-forces-israeliennes-ouvrent-le-feu-sur-des-fermiers-a-gaza\\\/#breadcrumb\",\"itemListElement\":[{\"@type\":\"ListItem\",\"position\":1,\"name\":\"Accueil\",\"item\":\"https:\\\/\\\/charleroi-pourlapalestine.be\\\/\"},{\"@type\":\"ListItem\",\"position\":2,\"name\":\"Les forces isra\u00e9liennes ouvrent le feu sur des fermiers \u00e0 Gaza\"}]},{\"@type\":\"WebSite\",\"@id\":\"https:\\\/\\\/charleroi-pourlapalestine.be\\\/#website\",\"url\":\"https:\\\/\\\/charleroi-pourlapalestine.be\\\/\",\"name\":\"Charleroi Pour la Palestine\",\"description\":\"\",\"publisher\":{\"@id\":\"https:\\\/\\\/charleroi-pourlapalestine.be\\\/#organization\"},\"potentialAction\":[{\"@type\":\"SearchAction\",\"target\":{\"@type\":\"EntryPoint\",\"urlTemplate\":\"https:\\\/\\\/charleroi-pourlapalestine.be\\\/?s={search_term_string}\"},\"query-input\":{\"@type\":\"PropertyValueSpecification\",\"valueRequired\":true,\"valueName\":\"search_term_string\"}}],\"inLanguage\":\"fr-FR\"},{\"@type\":\"Organization\",\"@id\":\"https:\\\/\\\/charleroi-pourlapalestine.be\\\/#organization\",\"name\":\"Plate-forme Charleroi-Palestine\",\"url\":\"https:\\\/\\\/charleroi-pourlapalestine.be\\\/\",\"logo\":{\"@type\":\"ImageObject\",\"inLanguage\":\"fr-FR\",\"@id\":\"https:\\\/\\\/charleroi-pourlapalestine.be\\\/#\\\/schema\\\/logo\\\/image\\\/\",\"url\":\"https:\\\/\\\/charleroi-pourlapalestine.be\\\/wp-content\\\/uploads\\\/2020\\\/01\\\/logo-Copy.jpg\",\"contentUrl\":\"https:\\\/\\\/charleroi-pourlapalestine.be\\\/wp-content\\\/uploads\\\/2020\\\/01\\\/logo-Copy.jpg\",\"width\":180,\"height\":180,\"caption\":\"Plate-forme Charleroi-Palestine\"},\"image\":{\"@id\":\"https:\\\/\\\/charleroi-pourlapalestine.be\\\/#\\\/schema\\\/logo\\\/image\\\/\"},\"sameAs\":[\"https:\\\/\\\/www.facebook.com\\\/PlateformeCharleroiPalestine\\\/\",\"https:\\\/\\\/x.com\\\/LaCharleroi\"]},{\"@type\":\"Person\",\"@id\":\"https:\\\/\\\/charleroi-pourlapalestine.be\\\/#\\\/schema\\\/person\\\/c19ff515112f1299d8c12671d8fe3faa\",\"name\":\"admin1873\",\"url\":\"https:\\\/\\\/charleroi-pourlapalestine.be\\\/index.php\\\/author\\\/admin1873\\\/\"}]}<\/script>\n<!-- \/ Yoast SEO plugin. -->","yoast_head_json":{"title":"Les forces isra\u00e9liennes ouvrent le feu sur des fermiers \u00e0 Gaza","description":"Positionn\u00e9s au sommet des miradors surveillant la fronti\u00e8re \u00e0 l\u2019est de Gaza City, les soldats forcent les fermiers \u00e0 quitter leurs terres","robots":{"index":"index","follow":"follow","max-snippet":"max-snippet:-1","max-image-preview":"max-image-preview:large","max-video-preview":"max-video-preview:-1"},"canonical":"https:\/\/charleroi-pourlapalestine.be\/index.php\/2021\/02\/15\/les-forces-israeliennes-ouvrent-le-feu-sur-des-fermiers-a-gaza\/","schema":{"@context":"https:\/\/schema.org","@graph":[{"@type":"Article","@id":"https:\/\/charleroi-pourlapalestine.be\/index.php\/2021\/02\/15\/les-forces-israeliennes-ouvrent-le-feu-sur-des-fermiers-a-gaza\/#article","isPartOf":{"@id":"https:\/\/charleroi-pourlapalestine.be\/index.php\/2021\/02\/15\/les-forces-israeliennes-ouvrent-le-feu-sur-des-fermiers-a-gaza\/"},"author":{"name":"admin1873","@id":"https:\/\/charleroi-pourlapalestine.be\/#\/schema\/person\/c19ff515112f1299d8c12671d8fe3faa"},"headline":"Les forces isra\u00e9liennes ouvrent le feu sur des fermiers \u00e0 Gaza","datePublished":"2021-02-15T15:03:51+00:00","dateModified":"2021-02-15T15:03:56+00:00","mainEntityOfPage":{"@id":"https:\/\/charleroi-pourlapalestine.be\/index.php\/2021\/02\/15\/les-forces-israeliennes-ouvrent-le-feu-sur-des-fermiers-a-gaza\/"},"wordCount":279,"publisher":{"@id":"https:\/\/charleroi-pourlapalestine.be\/#organization"},"articleSection":["Agriculture","arm\u00e9e isra\u00e9lienne","Gaza"],"inLanguage":"fr-FR"},{"@type":"WebPage","@id":"https:\/\/charleroi-pourlapalestine.be\/index.php\/2021\/02\/15\/les-forces-israeliennes-ouvrent-le-feu-sur-des-fermiers-a-gaza\/","url":"https:\/\/charleroi-pourlapalestine.be\/index.php\/2021\/02\/15\/les-forces-israeliennes-ouvrent-le-feu-sur-des-fermiers-a-gaza\/","name":"Les forces isra\u00e9liennes ouvrent le feu sur des fermiers \u00e0 Gaza","isPartOf":{"@id":"https:\/\/charleroi-pourlapalestine.be\/#website"},"datePublished":"2021-02-15T15:03:51+00:00","dateModified":"2021-02-15T15:03:56+00:00","description":"Positionn\u00e9s au sommet des miradors surveillant la fronti\u00e8re \u00e0 l\u2019est de Gaza City, les soldats forcent les fermiers \u00e0 quitter leurs terres","breadcrumb":{"@id":"https:\/\/charleroi-pourlapalestine.be\/index.php\/2021\/02\/15\/les-forces-israeliennes-ouvrent-le-feu-sur-des-fermiers-a-gaza\/#breadcrumb"},"inLanguage":"fr-FR","potentialAction":[{"@type":"ReadAction","target":["https:\/\/charleroi-pourlapalestine.be\/index.php\/2021\/02\/15\/les-forces-israeliennes-ouvrent-le-feu-sur-des-fermiers-a-gaza\/"]}]},{"@type":"BreadcrumbList","@id":"https:\/\/charleroi-pourlapalestine.be\/index.php\/2021\/02\/15\/les-forces-israeliennes-ouvrent-le-feu-sur-des-fermiers-a-gaza\/#breadcrumb","itemListElement":[{"@type":"ListItem","position":1,"name":"Accueil","item":"https:\/\/charleroi-pourlapalestine.be\/"},{"@type":"ListItem","position":2,"name":"Les forces isra\u00e9liennes ouvrent le feu sur des fermiers \u00e0 Gaza"}]},{"@type":"WebSite","@id":"https:\/\/charleroi-pourlapalestine.be\/#website","url":"https:\/\/charleroi-pourlapalestine.be\/","name":"Charleroi Pour la Palestine","description":"","publisher":{"@id":"https:\/\/charleroi-pourlapalestine.be\/#organization"},"potentialAction":[{"@type":"SearchAction","target":{"@type":"EntryPoint","urlTemplate":"https:\/\/charleroi-pourlapalestine.be\/?s={search_term_string}"},"query-input":{"@type":"PropertyValueSpecification","valueRequired":true,"valueName":"search_term_string"}}],"inLanguage":"fr-FR"},{"@type":"Organization","@id":"https:\/\/charleroi-pourlapalestine.be\/#organization","name":"Plate-forme Charleroi-Palestine","url":"https:\/\/charleroi-pourlapalestine.be\/","logo":{"@type":"ImageObject","inLanguage":"fr-FR","@id":"https:\/\/charleroi-pourlapalestine.be\/#\/schema\/logo\/image\/","url":"https:\/\/charleroi-pourlapalestine.be\/wp-content\/uploads\/2020\/01\/logo-Copy.jpg","contentUrl":"https:\/\/charleroi-pourlapalestine.be\/wp-content\/uploads\/2020\/01\/logo-Copy.jpg","width":180,"height":180,"caption":"Plate-forme Charleroi-Palestine"},"image":{"@id":"https:\/\/charleroi-pourlapalestine.be\/#\/schema\/logo\/image\/"},"sameAs":["https:\/\/www.facebook.com\/PlateformeCharleroiPalestine\/","https:\/\/x.com\/LaCharleroi"]},{"@type":"Person","@id":"https:\/\/charleroi-pourlapalestine.be\/#\/schema\/person\/c19ff515112f1299d8c12671d8fe3faa","name":"admin1873","url":"https:\/\/charleroi-pourlapalestine.be\/index.php\/author\/admin1873\/"}]}},"_links":{"self":[{"href":"https:\/\/charleroi-pourlapalestine.be\/index.php\/wp-json\/wp\/v2\/posts\/23045","targetHints":{"allow":["GET"]}}],"collection":[{"href":"https:\/\/charleroi-pourlapalestine.be\/index.php\/wp-json\/wp\/v2\/posts"}],"about":[{"href":"https:\/\/charleroi-pourlapalestine.be\/index.php\/wp-json\/wp\/v2\/types\/post"}],"author":[{"embeddable":true,"href":"https:\/\/charleroi-pourlapalestine.be\/index.php\/wp-json\/wp\/v2\/users\/1"}],"replies":[{"embeddable":true,"href":"https:\/\/charleroi-pourlapalestine.be\/index.php\/wp-json\/wp\/v2\/comments?post=23045"}],"version-history":[{"count":0,"href":"https:\/\/charleroi-pourlapalestine.be\/index.php\/wp-json\/wp\/v2\/posts\/23045\/revisions"}],"wp:attachment":[{"href":"https:\/\/charleroi-pourlapalestine.be\/index.php\/wp-json\/wp\/v2\/media?parent=23045"}],"wp:term":[{"taxonomy":"category","embeddable":true,"href":"https:\/\/charleroi-pourlapalestine.be\/index.php\/wp-json\/wp\/v2\/categories?post=23045"},{"taxonomy":"post_tag","embeddable":true,"href":"https:\/\/charleroi-pourlapalestine.be\/index.php\/wp-json\/wp\/v2\/tags?post=23045"}],"curies":[{"name":"wp","href":"https:\/\/api.w.org\/{rel}","templated":true}]}}