{"id":23055,"date":"2021-02-15T20:49:43","date_gmt":"2021-02-15T19:49:43","guid":{"rendered":"https:\/\/charleroi-pourlapalestine.be\/?p=23055"},"modified":"2021-02-20T08:29:57","modified_gmt":"2021-02-20T07:29:57","slug":"protestations-dans-les-territoires-palestiniens-occupes-en-1948","status":"publish","type":"post","link":"https:\/\/charleroi-pourlapalestine.be\/index.php\/2021\/02\/15\/protestations-dans-les-territoires-palestiniens-occupes-en-1948\/","title":{"rendered":"Protestations dans les territoires palestiniens occup\u00e9s en 1948"},"content":{"rendered":"<p>Des centaines de <strong>Palestiniens des territoires occup\u00e9s en 1948<\/strong> ont particip\u00e9 \u00e0 des manifestations contre la <strong>complicit\u00e9 d&rsquo;Isra\u00ebl<\/strong> avec des <strong>gangs et des criminels de la communaut\u00e9 palestinienne.<\/strong><\/p>\n<div id=\"attachment_23058\" style=\"width: 437px\" class=\"wp-caption aligncenter\"><img loading=\"lazy\" decoding=\"async\" aria-describedby=\"caption-attachment-23058\" class=\"wp-image-23058 size-full\" src=\"https:\/\/charleroi-pourlapalestine.be\/wp-content\/uploads\/2021\/02\/umm-al-fahem-e1613415048635.jpg\" alt=\"\" width=\"427\" height=\"320\"><p id=\"caption-attachment-23058\" class=\"wp-caption-text\">Manifestation \u00e0 Umm Al Fahm, dans les territoires palestiniens occup\u00e9s en 1948<\/p><\/div>\n<p>\u00c0 <strong>Umm Al Fahm<\/strong>, des centaines de Palestiniens ont pris part \u00e0 des manifestations pour la cinqui\u00e8me semaine cons\u00e9cutive. Les participants ont accompli la pri\u00e8re du vendredi puis ils ont march\u00e9 vers un poste de police pour protester contre le soutien de la police aux criminels.<\/p>\n<p>A <strong>Tamra,<\/strong> des centaines de <strong>Palestiniens<\/strong> ont accompli la pri\u00e8re du vendredi \u00e0 c\u00f4t\u00e9 d&rsquo;un poste de police puis ils ont protest\u00e9 contre la brutalit\u00e9 polici\u00e8re et la complicit\u00e9 avec les gangs.<\/p>\n<p>Les manifestants sont \u00e9galement descendus dans les rues de <strong>Kafr Qara&rsquo;, Baqa Al Gharbiyyah, Kafr Qasem<\/strong> et<strong> Al Mashhad.<\/strong><\/p>\n<p>Pendant ce temps, la police isra\u00e9lienne s&rsquo;est d\u00e9ploy\u00e9e autour de l&rsquo;entr\u00e9e principale d&rsquo;<strong>Oum Al Fahem<\/strong> et a arros\u00e9 les manifestants avec des eaux us\u00e9es.<\/p>\n<p><strong>12 Palestiniens ont \u00e9t\u00e9 tu\u00e9s dans les territoires occup\u00e9s en 1948 depuis le d\u00e9but de cette ann\u00e9e<\/strong>, dont un adolescent. Des experts et m\u00eame des responsables isra\u00e9liens ont d\u00e9clar\u00e9 que <strong>les pratiques de la police isra\u00e9lienne visent \u00e0 augmenter les crimes dans la communaut\u00e9 palestinienne.<\/strong><\/p>\n<blockquote class=\"twitter-tweet\" data-width=\"500\" data-dnt=\"true\">\n<p lang=\"en\" dir=\"ltr\"><a href=\"https:\/\/twitter.com\/hashtag\/Watch?src=hash&amp;ref_src=twsrc%5Etfw\">#Watch<\/a> | Hundreds of Palestinian protesters march in the city of Umm al-Fahm, occupied <a href=\"https:\/\/twitter.com\/hashtag\/Palestine?src=hash&amp;ref_src=twsrc%5Etfw\">#Palestine<\/a>, against Israeli police&#39;s complicity in the ongoing crime wave in the Arab-majority communities in the occupied land, today. <a href=\"https:\/\/t.co\/14mZpOhh9P\">pic.twitter.com\/14mZpOhh9P<\/a><\/p>\n<p>&mdash; Quds News Network (@QudsNen) <a href=\"https:\/\/twitter.com\/QudsNen\/status\/1360215353629024261?ref_src=twsrc%5Etfw\">February 12, 2021<\/a><\/p><\/blockquote>\n<p><script async src=\"https:\/\/platform.twitter.com\/widgets.js\" charset=\"utf-8\"><\/script><\/p>\n<p><em>\u00ab\u00a0Des centaines de Palestiniens manifestent aujourd&rsquo;hui dans la ville d&rsquo;Umm al-Fahm, en Palestine occup\u00e9e, contre l<strong>a complicit\u00e9 de la police isra\u00e9lienne<\/strong> dans la vague de criminalit\u00e9 qui frappe actuellement les communaut\u00e9s \u00e0 majorit\u00e9 arabe dans les terres occup\u00e9es.\u00a0\u00bb<\/em><a href=\"http:\/\/www.ism-france.org\/temoignages\/Video-Protestations-dans-les-territoires-occupes-en-1948-contre-le-racisme-de-la-police-israelienne-article-21354\" target=\"_blank\" rel=\"noopener noreferrer\"><strong><br \/>\n<\/strong><\/a><\/p>\n<hr>\n<p>Publi\u00e9 le 12 f\u00e9vrier 2021 sur <a href=\"https:\/\/qudsnen.co\/?p=21375\" target=\"_blank\" rel=\"noopener noreferrer\">Quds News Network<\/a><br \/>\nTraduction : MR pour <a href=\"http:\/\/www.ism-france.org\/temoignages\/Video-Protestations-dans-les-territoires-occupes-en-1948-contre-le-racisme-de-la-police-israelienne-article-21354\">ISM<\/a><\/p>\n","protected":false},"excerpt":{"rendered":"<p>Des Palestiniens des territoires occup\u00e9s en 1948 ont protestent contre la complicit\u00e9 d&rsquo;Isra\u00ebl avec des gangs et des criminels de la communaut\u00e9 palestinienne<\/p>\n","protected":false},"author":1,"featured_media":0,"comment_status":"closed","ping_status":"closed","sticky":false,"template":"","format":"standard","meta":{"ngg_post_thumbnail":0,"footnotes":""},"categories":[4,192],"tags":[],"class_list":["post-23055","post","type-post","status-publish","format-standard","hentry","category-les-palestiniens-de-48","category-palestine"],"yoast_head":"<!-- This site is optimized with the Yoast SEO plugin v27.3 - https:\/\/yoast.com\/product\/yoast-seo-wordpress\/ -->\n<title>Protestations dans les territoires palestinines occup\u00e9s en 1948<\/title>\n<meta name=\"description\" content=\"Des Palestiniens des territoires occup\u00e9s en 1948 ont protestent contre la complicit\u00e9 d&#039;Isra\u00ebl avec des gangs et des criminels de la communaut\u00e9 palestinienne\" \/>\n<meta name=\"robots\" content=\"index, follow, max-snippet:-1, max-image-preview:large, max-video-preview:-1\" \/>\n<link rel=\"canonical\" href=\"https:\/\/charleroi-pourlapalestine.be\/index.php\/2021\/02\/15\/protestations-dans-les-territoires-palestiniens-occupes-en-1948\/\" \/>\n<script type=\"application\/ld+json\" class=\"yoast-schema-graph\">{\"@context\":\"https:\\\/\\\/schema.org\",\"@graph\":[{\"@type\":\"Article\",\"@id\":\"https:\\\/\\\/charleroi-pourlapalestine.be\\\/index.php\\\/2021\\\/02\\\/15\\\/protestations-dans-les-territoires-palestiniens-occupes-en-1948\\\/#article\",\"isPartOf\":{\"@id\":\"https:\\\/\\\/charleroi-pourlapalestine.be\\\/index.php\\\/2021\\\/02\\\/15\\\/protestations-dans-les-territoires-palestiniens-occupes-en-1948\\\/\"},\"author\":{\"name\":\"admin1873\",\"@id\":\"https:\\\/\\\/charleroi-pourlapalestine.be\\\/#\\\/schema\\\/person\\\/c19ff515112f1299d8c12671d8fe3faa\"},\"headline\":\"Protestations dans les territoires palestiniens occup\u00e9s en 1948\",\"datePublished\":\"2021-02-15T19:49:43+00:00\",\"dateModified\":\"2021-02-20T07:29:57+00:00\",\"mainEntityOfPage\":{\"@id\":\"https:\\\/\\\/charleroi-pourlapalestine.be\\\/index.php\\\/2021\\\/02\\\/15\\\/protestations-dans-les-territoires-palestiniens-occupes-en-1948\\\/\"},\"wordCount\":322,\"publisher\":{\"@id\":\"https:\\\/\\\/charleroi-pourlapalestine.be\\\/#organization\"},\"image\":{\"@id\":\"https:\\\/\\\/charleroi-pourlapalestine.be\\\/index.php\\\/2021\\\/02\\\/15\\\/protestations-dans-les-territoires-palestiniens-occupes-en-1948\\\/#primaryimage\"},\"thumbnailUrl\":\"https:\\\/\\\/charleroi-pourlapalestine.be\\\/wp-content\\\/uploads\\\/2021\\\/02\\\/umm-al-fahem-e1613415048635.jpg\",\"articleSection\":[\"Les Palestiniens de 48\",\"Palestine\"],\"inLanguage\":\"fr-FR\"},{\"@type\":\"WebPage\",\"@id\":\"https:\\\/\\\/charleroi-pourlapalestine.be\\\/index.php\\\/2021\\\/02\\\/15\\\/protestations-dans-les-territoires-palestiniens-occupes-en-1948\\\/\",\"url\":\"https:\\\/\\\/charleroi-pourlapalestine.be\\\/index.php\\\/2021\\\/02\\\/15\\\/protestations-dans-les-territoires-palestiniens-occupes-en-1948\\\/\",\"name\":\"Protestations dans les territoires palestinines occup\u00e9s en 1948\",\"isPartOf\":{\"@id\":\"https:\\\/\\\/charleroi-pourlapalestine.be\\\/#website\"},\"primaryImageOfPage\":{\"@id\":\"https:\\\/\\\/charleroi-pourlapalestine.be\\\/index.php\\\/2021\\\/02\\\/15\\\/protestations-dans-les-territoires-palestiniens-occupes-en-1948\\\/#primaryimage\"},\"image\":{\"@id\":\"https:\\\/\\\/charleroi-pourlapalestine.be\\\/index.php\\\/2021\\\/02\\\/15\\\/protestations-dans-les-territoires-palestiniens-occupes-en-1948\\\/#primaryimage\"},\"thumbnailUrl\":\"https:\\\/\\\/charleroi-pourlapalestine.be\\\/wp-content\\\/uploads\\\/2021\\\/02\\\/umm-al-fahem-e1613415048635.jpg\",\"datePublished\":\"2021-02-15T19:49:43+00:00\",\"dateModified\":\"2021-02-20T07:29:57+00:00\",\"description\":\"Des Palestiniens des territoires occup\u00e9s en 1948 ont protestent contre la complicit\u00e9 d'Isra\u00ebl avec des gangs et des criminels de la communaut\u00e9 palestinienne\",\"breadcrumb\":{\"@id\":\"https:\\\/\\\/charleroi-pourlapalestine.be\\\/index.php\\\/2021\\\/02\\\/15\\\/protestations-dans-les-territoires-palestiniens-occupes-en-1948\\\/#breadcrumb\"},\"inLanguage\":\"fr-FR\",\"potentialAction\":[{\"@type\":\"ReadAction\",\"target\":[\"https:\\\/\\\/charleroi-pourlapalestine.be\\\/index.php\\\/2021\\\/02\\\/15\\\/protestations-dans-les-territoires-palestiniens-occupes-en-1948\\\/\"]}]},{\"@type\":\"ImageObject\",\"inLanguage\":\"fr-FR\",\"@id\":\"https:\\\/\\\/charleroi-pourlapalestine.be\\\/index.php\\\/2021\\\/02\\\/15\\\/protestations-dans-les-territoires-palestiniens-occupes-en-1948\\\/#primaryimage\",\"url\":\"https:\\\/\\\/charleroi-pourlapalestine.be\\\/wp-content\\\/uploads\\\/2021\\\/02\\\/umm-al-fahem-e1613415048635.jpg\",\"contentUrl\":\"https:\\\/\\\/charleroi-pourlapalestine.be\\\/wp-content\\\/uploads\\\/2021\\\/02\\\/umm-al-fahem-e1613415048635.jpg\"},{\"@type\":\"BreadcrumbList\",\"@id\":\"https:\\\/\\\/charleroi-pourlapalestine.be\\\/index.php\\\/2021\\\/02\\\/15\\\/protestations-dans-les-territoires-palestiniens-occupes-en-1948\\\/#breadcrumb\",\"itemListElement\":[{\"@type\":\"ListItem\",\"position\":1,\"name\":\"Accueil\",\"item\":\"https:\\\/\\\/charleroi-pourlapalestine.be\\\/\"},{\"@type\":\"ListItem\",\"position\":2,\"name\":\"Protestations dans les territoires palestiniens occup\u00e9s en 1948\"}]},{\"@type\":\"WebSite\",\"@id\":\"https:\\\/\\\/charleroi-pourlapalestine.be\\\/#website\",\"url\":\"https:\\\/\\\/charleroi-pourlapalestine.be\\\/\",\"name\":\"Charleroi Pour la Palestine\",\"description\":\"\",\"publisher\":{\"@id\":\"https:\\\/\\\/charleroi-pourlapalestine.be\\\/#organization\"},\"potentialAction\":[{\"@type\":\"SearchAction\",\"target\":{\"@type\":\"EntryPoint\",\"urlTemplate\":\"https:\\\/\\\/charleroi-pourlapalestine.be\\\/?s={search_term_string}\"},\"query-input\":{\"@type\":\"PropertyValueSpecification\",\"valueRequired\":true,\"valueName\":\"search_term_string\"}}],\"inLanguage\":\"fr-FR\"},{\"@type\":\"Organization\",\"@id\":\"https:\\\/\\\/charleroi-pourlapalestine.be\\\/#organization\",\"name\":\"Plate-forme Charleroi-Palestine\",\"url\":\"https:\\\/\\\/charleroi-pourlapalestine.be\\\/\",\"logo\":{\"@type\":\"ImageObject\",\"inLanguage\":\"fr-FR\",\"@id\":\"https:\\\/\\\/charleroi-pourlapalestine.be\\\/#\\\/schema\\\/logo\\\/image\\\/\",\"url\":\"https:\\\/\\\/charleroi-pourlapalestine.be\\\/wp-content\\\/uploads\\\/2020\\\/01\\\/logo-Copy.jpg\",\"contentUrl\":\"https:\\\/\\\/charleroi-pourlapalestine.be\\\/wp-content\\\/uploads\\\/2020\\\/01\\\/logo-Copy.jpg\",\"width\":180,\"height\":180,\"caption\":\"Plate-forme Charleroi-Palestine\"},\"image\":{\"@id\":\"https:\\\/\\\/charleroi-pourlapalestine.be\\\/#\\\/schema\\\/logo\\\/image\\\/\"},\"sameAs\":[\"https:\\\/\\\/www.facebook.com\\\/PlateformeCharleroiPalestine\\\/\",\"https:\\\/\\\/x.com\\\/LaCharleroi\"]},{\"@type\":\"Person\",\"@id\":\"https:\\\/\\\/charleroi-pourlapalestine.be\\\/#\\\/schema\\\/person\\\/c19ff515112f1299d8c12671d8fe3faa\",\"name\":\"admin1873\",\"url\":\"https:\\\/\\\/charleroi-pourlapalestine.be\\\/index.php\\\/author\\\/admin1873\\\/\"}]}<\/script>\n<!-- \/ Yoast SEO plugin. -->","yoast_head_json":{"title":"Protestations dans les territoires palestinines occup\u00e9s en 1948","description":"Des Palestiniens des territoires occup\u00e9s en 1948 ont protestent contre la complicit\u00e9 d'Isra\u00ebl avec des gangs et des criminels de la communaut\u00e9 palestinienne","robots":{"index":"index","follow":"follow","max-snippet":"max-snippet:-1","max-image-preview":"max-image-preview:large","max-video-preview":"max-video-preview:-1"},"canonical":"https:\/\/charleroi-pourlapalestine.be\/index.php\/2021\/02\/15\/protestations-dans-les-territoires-palestiniens-occupes-en-1948\/","schema":{"@context":"https:\/\/schema.org","@graph":[{"@type":"Article","@id":"https:\/\/charleroi-pourlapalestine.be\/index.php\/2021\/02\/15\/protestations-dans-les-territoires-palestiniens-occupes-en-1948\/#article","isPartOf":{"@id":"https:\/\/charleroi-pourlapalestine.be\/index.php\/2021\/02\/15\/protestations-dans-les-territoires-palestiniens-occupes-en-1948\/"},"author":{"name":"admin1873","@id":"https:\/\/charleroi-pourlapalestine.be\/#\/schema\/person\/c19ff515112f1299d8c12671d8fe3faa"},"headline":"Protestations dans les territoires palestiniens occup\u00e9s en 1948","datePublished":"2021-02-15T19:49:43+00:00","dateModified":"2021-02-20T07:29:57+00:00","mainEntityOfPage":{"@id":"https:\/\/charleroi-pourlapalestine.be\/index.php\/2021\/02\/15\/protestations-dans-les-territoires-palestiniens-occupes-en-1948\/"},"wordCount":322,"publisher":{"@id":"https:\/\/charleroi-pourlapalestine.be\/#organization"},"image":{"@id":"https:\/\/charleroi-pourlapalestine.be\/index.php\/2021\/02\/15\/protestations-dans-les-territoires-palestiniens-occupes-en-1948\/#primaryimage"},"thumbnailUrl":"https:\/\/charleroi-pourlapalestine.be\/wp-content\/uploads\/2021\/02\/umm-al-fahem-e1613415048635.jpg","articleSection":["Les Palestiniens de 48","Palestine"],"inLanguage":"fr-FR"},{"@type":"WebPage","@id":"https:\/\/charleroi-pourlapalestine.be\/index.php\/2021\/02\/15\/protestations-dans-les-territoires-palestiniens-occupes-en-1948\/","url":"https:\/\/charleroi-pourlapalestine.be\/index.php\/2021\/02\/15\/protestations-dans-les-territoires-palestiniens-occupes-en-1948\/","name":"Protestations dans les territoires palestinines occup\u00e9s en 1948","isPartOf":{"@id":"https:\/\/charleroi-pourlapalestine.be\/#website"},"primaryImageOfPage":{"@id":"https:\/\/charleroi-pourlapalestine.be\/index.php\/2021\/02\/15\/protestations-dans-les-territoires-palestiniens-occupes-en-1948\/#primaryimage"},"image":{"@id":"https:\/\/charleroi-pourlapalestine.be\/index.php\/2021\/02\/15\/protestations-dans-les-territoires-palestiniens-occupes-en-1948\/#primaryimage"},"thumbnailUrl":"https:\/\/charleroi-pourlapalestine.be\/wp-content\/uploads\/2021\/02\/umm-al-fahem-e1613415048635.jpg","datePublished":"2021-02-15T19:49:43+00:00","dateModified":"2021-02-20T07:29:57+00:00","description":"Des Palestiniens des territoires occup\u00e9s en 1948 ont protestent contre la complicit\u00e9 d'Isra\u00ebl avec des gangs et des criminels de la communaut\u00e9 palestinienne","breadcrumb":{"@id":"https:\/\/charleroi-pourlapalestine.be\/index.php\/2021\/02\/15\/protestations-dans-les-territoires-palestiniens-occupes-en-1948\/#breadcrumb"},"inLanguage":"fr-FR","potentialAction":[{"@type":"ReadAction","target":["https:\/\/charleroi-pourlapalestine.be\/index.php\/2021\/02\/15\/protestations-dans-les-territoires-palestiniens-occupes-en-1948\/"]}]},{"@type":"ImageObject","inLanguage":"fr-FR","@id":"https:\/\/charleroi-pourlapalestine.be\/index.php\/2021\/02\/15\/protestations-dans-les-territoires-palestiniens-occupes-en-1948\/#primaryimage","url":"https:\/\/charleroi-pourlapalestine.be\/wp-content\/uploads\/2021\/02\/umm-al-fahem-e1613415048635.jpg","contentUrl":"https:\/\/charleroi-pourlapalestine.be\/wp-content\/uploads\/2021\/02\/umm-al-fahem-e1613415048635.jpg"},{"@type":"BreadcrumbList","@id":"https:\/\/charleroi-pourlapalestine.be\/index.php\/2021\/02\/15\/protestations-dans-les-territoires-palestiniens-occupes-en-1948\/#breadcrumb","itemListElement":[{"@type":"ListItem","position":1,"name":"Accueil","item":"https:\/\/charleroi-pourlapalestine.be\/"},{"@type":"ListItem","position":2,"name":"Protestations dans les territoires palestiniens occup\u00e9s en 1948"}]},{"@type":"WebSite","@id":"https:\/\/charleroi-pourlapalestine.be\/#website","url":"https:\/\/charleroi-pourlapalestine.be\/","name":"Charleroi Pour la Palestine","description":"","publisher":{"@id":"https:\/\/charleroi-pourlapalestine.be\/#organization"},"potentialAction":[{"@type":"SearchAction","target":{"@type":"EntryPoint","urlTemplate":"https:\/\/charleroi-pourlapalestine.be\/?s={search_term_string}"},"query-input":{"@type":"PropertyValueSpecification","valueRequired":true,"valueName":"search_term_string"}}],"inLanguage":"fr-FR"},{"@type":"Organization","@id":"https:\/\/charleroi-pourlapalestine.be\/#organization","name":"Plate-forme Charleroi-Palestine","url":"https:\/\/charleroi-pourlapalestine.be\/","logo":{"@type":"ImageObject","inLanguage":"fr-FR","@id":"https:\/\/charleroi-pourlapalestine.be\/#\/schema\/logo\/image\/","url":"https:\/\/charleroi-pourlapalestine.be\/wp-content\/uploads\/2020\/01\/logo-Copy.jpg","contentUrl":"https:\/\/charleroi-pourlapalestine.be\/wp-content\/uploads\/2020\/01\/logo-Copy.jpg","width":180,"height":180,"caption":"Plate-forme Charleroi-Palestine"},"image":{"@id":"https:\/\/charleroi-pourlapalestine.be\/#\/schema\/logo\/image\/"},"sameAs":["https:\/\/www.facebook.com\/PlateformeCharleroiPalestine\/","https:\/\/x.com\/LaCharleroi"]},{"@type":"Person","@id":"https:\/\/charleroi-pourlapalestine.be\/#\/schema\/person\/c19ff515112f1299d8c12671d8fe3faa","name":"admin1873","url":"https:\/\/charleroi-pourlapalestine.be\/index.php\/author\/admin1873\/"}]}},"_links":{"self":[{"href":"https:\/\/charleroi-pourlapalestine.be\/index.php\/wp-json\/wp\/v2\/posts\/23055","targetHints":{"allow":["GET"]}}],"collection":[{"href":"https:\/\/charleroi-pourlapalestine.be\/index.php\/wp-json\/wp\/v2\/posts"}],"about":[{"href":"https:\/\/charleroi-pourlapalestine.be\/index.php\/wp-json\/wp\/v2\/types\/post"}],"author":[{"embeddable":true,"href":"https:\/\/charleroi-pourlapalestine.be\/index.php\/wp-json\/wp\/v2\/users\/1"}],"replies":[{"embeddable":true,"href":"https:\/\/charleroi-pourlapalestine.be\/index.php\/wp-json\/wp\/v2\/comments?post=23055"}],"version-history":[{"count":0,"href":"https:\/\/charleroi-pourlapalestine.be\/index.php\/wp-json\/wp\/v2\/posts\/23055\/revisions"}],"wp:attachment":[{"href":"https:\/\/charleroi-pourlapalestine.be\/index.php\/wp-json\/wp\/v2\/media?parent=23055"}],"wp:term":[{"taxonomy":"category","embeddable":true,"href":"https:\/\/charleroi-pourlapalestine.be\/index.php\/wp-json\/wp\/v2\/categories?post=23055"},{"taxonomy":"post_tag","embeddable":true,"href":"https:\/\/charleroi-pourlapalestine.be\/index.php\/wp-json\/wp\/v2\/tags?post=23055"}],"curies":[{"name":"wp","href":"https:\/\/api.w.org\/{rel}","templated":true}]}}