{"id":23169,"date":"2021-02-18T09:04:04","date_gmt":"2021-02-18T08:04:04","guid":{"rendered":"https:\/\/charleroi-pourlapalestine.be\/?p=23169"},"modified":"2021-02-18T10:46:27","modified_gmt":"2021-02-18T09:46:27","slug":"le-pentagon-veut-inclure-israel-dans-le-centcom","status":"publish","type":"post","link":"https:\/\/charleroi-pourlapalestine.be\/index.php\/2021\/02\/18\/le-pentagon-veut-inclure-israel-dans-le-centcom\/","title":{"rendered":"Le Pentagon veut inclure Isra\u00ebl dans le CENTCOM"},"content":{"rendered":"<p><em>L\u2019arriv\u00e9e d\u2019Isra\u00ebl dans le CENTCOM, une esp\u00e8ce d\u2019OTAN moyen-oriental, va nuire davantage \u00e0 la cause palestinienne, semer la zizanie entre les pays arabes et faire monter la pression sur l\u2019Iran<\/em><\/p>\n<div id=\"attachment_23180\" style=\"width: 522px\" class=\"wp-caption aligncenter\"><img loading=\"lazy\" decoding=\"async\" aria-describedby=\"caption-attachment-23180\" class=\"wp-image-23180 size-full\" src=\"https:\/\/charleroi-pourlapalestine.be\/wp-content\/uploads\/2021\/02\/Mc-Kenzie-e1613627645947.jpg\" alt=\"\" width=\"512\" height=\"320\"><p id=\"caption-attachment-23180\" class=\"wp-caption-text\">Le g\u00e9n\u00e9ral am\u00e9ricain Kenneth McKenzie (\u00e0 gauche), commandant du US Central Command, serre la main d\u2019officiers de l\u2019arm\u00e9e saoudienne, le 18 juillet 2019 (AFP)<\/p><\/div>\n<p><a href=\"https:\/\/charleroi-pourlapalestine.be\/index.php\/tag\/jonathan-cook\/\"><strong>Jonathan Cook<\/strong><\/a>, 9 f\u00e9vrier 2021<\/p>\n<p>Sans la pompe habituelle associ\u00e9e \u00e0 ce type de d\u00e9cision historique, le<strong> Pentagone<\/strong> a <a href=\"https:\/\/www.airforcemag.com\/pentagon-shifts-israel-to-centcom-responsibility\/\" target=\"_blank\" rel=\"noopener noreferrer\">annonc\u00e9<\/a> le mois dernier une r\u00e9organisation majeure afin d\u2019<strong>inclure Isra\u00ebl \u2013 pour la premi\u00e8re fois \u2013 dans son commandement militaire au Moyen-Orient avec les pays arabes.<\/strong><\/p>\n<p>Jusqu\u2019\u00e0 pr\u00e9sent, Isra\u00ebl faisait partie du commandement militaire am\u00e9ricain en <strong>Europe<\/strong>, ou EUCOM, plut\u00f4t que du <strong>commandement moyen-oriental<\/strong> connu sous le nom de <strong>Central Command<\/strong> ou CENTCOM.&nbsp;Oubli\u00e9e la sagesse traditionnelle selon laquelle l\u2019inclusion d\u2019Isra\u00ebl dans le CENTCOM accro\u00eetrait les frictions entre les \u00c9tats-Unis et les \u00c9tats arabes, et rendrait ces derniers r\u00e9ticents \u00e0 partager des renseignements ou \u00e0 coop\u00e9rer avec le Pentagone.&nbsp;<\/p>\n<p>Ces inqui\u00e9tudes s\u2019\u00e9taient fait particuli\u00e8rement ressentir lorsque les troupes am\u00e9ricaines en<strong> Irak <\/strong>et en<strong> Afghanistan<\/strong> \u00e9taient nombreuses. En 2010, David Petraeus, alors commandant du CENTCOM, <a href=\"https:\/\/www.haaretz.com\/1.5043159\" target=\"_blank\" rel=\"noopener noreferrer\">avait exprim\u00e9<\/a> ses craintes quant au fait que les forces am\u00e9ricaines stationn\u00e9es dans la r\u00e9gion pourraient payer le prix d\u2019une collusion militaire trop ouverte avec Isra\u00ebl.&nbsp;<\/p>\n<p>Cependant, depuis longtemps, <strong>Isra\u00ebl avait pour objectif de forcer le Pentagone \u00e0 restructurer le CENTCOM<\/strong>, et les lobbys pro-Isra\u00ebl \u00e0 Washington ont fait <a href=\"https:\/\/www.jpost.com\/opinion\/why-does-us-central-command-now-include-israel-opinion-656935\" target=\"_blank\" rel=\"noopener noreferrer\">monter la pression<\/a> durant les derniers mois de l\u2019administration Trump. Cette d\u00e9cision ressemblait beaucoup \u00e0 un <em>\u00ab&nbsp;cadeau de d\u00e9part&nbsp;\u00bb<\/em> \u00e0 Isra\u00ebl de la part du pr\u00e9sident am\u00e9ricain sortant.<\/p>\n<h3>Normalisation militaire<\/h3>\n<p>Isra\u00ebl n\u2019a pas encore \u00e9t\u00e9 officiellement transf\u00e9r\u00e9 au CENTCOM mais cette initiative a \u00e9t\u00e9 ciment\u00e9e fin janvier par la<a href=\"https:\/\/www.timesofisrael.com\/head-of-us-militarys-central-command-lands-in-israel-to-meet-with-idf-top-brass\/\" target=\"_blank\" rel=\"noopener noreferrer\"> premi\u00e8re visite<\/a> en Isra\u00ebl du g\u00e9n\u00e9ral <strong>Kenneth McKenzie<\/strong>, actuel directeur du CENTCOM depuis l\u2019arriv\u00e9e de <strong>Joe Biden<\/strong> \u00e0 la Maison-Blanche.&nbsp;Avec le chef d\u2019\u00c9tat-major de l\u2019arm\u00e9e isra\u00e9lienne, <strong>Aviv Kochavi<\/strong>, McKenzie a plant\u00e9<a href=\"https:\/\/www.timesofisrael.com\/head-of-us-militarys-central-command-lands-in-israel-to-meet-with-idf-top-brass\/\" target=\"_blank\" rel=\"noopener noreferrer\"> un arbre<\/a> \u2013 officiellement pour c\u00e9l\u00e9brer la f\u00eate juive de Tou Bichvat, mais symboliquement pour marquer une<strong> nouvelle \u00e8re de leur partenariat strat\u00e9gique.&nbsp;<\/strong><\/p>\n<p>Le 29 janvier, apr\u00e8s une r\u00e9union avec le g\u00e9n\u00e9ral am\u00e9ricain, le ministre isra\u00e9lien de la D\u00e9fense Benny Gantz a publi\u00e9 un communiqu\u00e9 saluant la r\u00e9organisation du Pentagone, <a href=\"https:\/\/www.timesofisrael.com\/gantz-meets-top-us-general-in-first-visit-since-israel-moved-to-central-command\/\" target=\"_blank\" rel=\"noopener noreferrer\">affirmant<\/a> que cela<\/p>\n<blockquote><p>\u00ab&nbsp;offrirait \u00e0 Isra\u00ebl l\u2019occasion d\u2019approfondir sa coop\u00e9ration avec ses nouveaux partenaires r\u00e9gionaux et d\u2019\u00e9largir ses horizons op\u00e9rationnels&nbsp;\u00bb.<\/p><\/blockquote>\n<p>Cette d\u00e9cision d\u2019inclure Isra\u00ebl au sein du Commandement militaire am\u00e9ricain au Moyen-Orient est plut\u00f4t consid\u00e9r\u00e9e \u2013 du point de vue de Washington \u2013 comme l\u2019apog\u00e9e des efforts visant \u00e0 encourager les \u00c9tats arabes \u00e0 une <a href=\"https:\/\/www.timesofisrael.com\/pentagon-moves-israel-into-central-command-to-boost-cooperation-with-arab-states\/\" target=\"_blank\" rel=\"noopener noreferrer\"><em>\u00ab&nbsp;normalisation&nbsp;\u00bb<\/em> publique<\/a> avec Isra\u00ebl.&nbsp;<\/p>\n<p>On peut d\u00e9sormais ajouter la <strong>normalisation militaire<\/strong> \u00e0 la <strong>normalisation politique<\/strong>, diplomatique et \u00e9conomique qui a officiellement d\u00e9but\u00e9 en septembre dernier lorsque deux \u00c9tats du Golfe \u2013 les <strong>\u00c9mirats arabes unis (EAU) <\/strong>et <strong>Bahre\u00efn<\/strong> \u2013 ont sign\u00e9 les <a href=\"https:\/\/www.middleeasteye.net\/fr\/actu-et-enquetes\/accord-abraham-emirats-arabes-unis-campagne-boycott\" target=\"_blank\" rel=\"noopener noreferrer\">accords d\u2019Abraham<\/a> avec Isra\u00ebl.&nbsp;Le <strong>Maroc <\/strong>et le <strong>Soudan<\/strong> ont \u00e9galement annonc\u00e9 leurs propres accords de paix avec Isra\u00ebl, et d\u2019autres \u00c9tats arabes vont certainement leur embo\u00eeter le pas une fois que les choses se seront tass\u00e9es avec la nouvelle administration <strong>Biden<\/strong>.&nbsp;<\/p>\n<p>Depuis la signature des accords d\u2019Abraham, les <strong>EAU<\/strong> forgent de solides relations commerciales avec <strong>Isra\u00ebl<\/strong> et ont contribu\u00e9 \u00e0 cr\u00e9er le <a href=\"https:\/\/www.middleeasteye.net\/fr\/opinion-fr\/normalisation-israel-etats-golfe-occupation-annexion-colonies-palestine-accords-abraham\" target=\"_blank\" rel=\"noopener noreferrer\"><em><strong>\u00ab&nbsp;Fond Abraham&nbsp;\u00bb<\/strong><\/em><\/a>, con\u00e7u pour financer les <strong>infrastructures d\u2019occupation<\/strong> qu\u2019Isra\u00ebl utilise pour priver les Palestiniens d\u2019un \u00c9tat.&nbsp;Lorsque les vols \u00e0 destination de <strong>Duba\u00ef<\/strong> ont \u00e9t\u00e9 lanc\u00e9s en novembre, les <a href=\"https:\/\/www.middleeasteye.net\/fr\/actu-et-enquetes\/normalisation-israel-emirats-jerusalem-al-aqsa-touristes-occupation\" target=\"_blank\" rel=\"noopener noreferrer\">touristes<\/a> isra\u00e9liens ont afflu\u00e9 aux \u00c9mirats pour tirer avantage des nouvelles relations amicales et \u00e9chapper au confinement en Isra\u00ebl.<\/p>\n<p>En fait, selon de nombreuses <a href=\"https:\/\/www.jpost.com\/middle-east\/covid-19-israel-walks-back-joke-about-dubai-infection-rate-connection-657178\" target=\"_blank\" rel=\"noopener noreferrer\">informations<\/a>, ces visites sont le principal vecteur d\u2019importation des nouveaux variants du <strong>COVID-19<\/strong> en Isra\u00ebl.&nbsp;Fin janvier, Isra\u00ebl a ferm\u00e9 ses fronti\u00e8res \u2013 hormis pour le g\u00e9n\u00e9ral McKenzie \u2013 afin de garder la main sur le virus.&nbsp;<\/p>\n<h3>Confiance accrue<\/h3>\n<p>\u00c0 premi\u00e8re vue, le d\u00e9sir d\u2019Isra\u00ebl d\u2019int\u00e9grer <strong>CENTCOM<\/strong> \u2013 <strong>une esp\u00e8ce d\u2019OTAN moyen-oriental<\/strong> couvrant plusieurs \u00c9tats arabes avec lesquels Isra\u00ebl a toujours des relations hostiles \u2013 semble contre-intuitif. Mais en r\u00e9alit\u00e9, Isra\u00ebl va obtenir des <strong>gains strat\u00e9giques majeurs.&nbsp;<\/strong><\/p>\n<p>Les <strong>int\u00e9r\u00eats am\u00e9ricains<\/strong> en mati\u00e8re de <strong>s\u00e9curit\u00e9<\/strong> dans la r\u00e9gion <strong>s\u2019aligneront davantage avec ceux d\u2019Isra\u00ebl<\/strong>, au d\u00e9triment de ses voisins arabes. Cela aidera les efforts continus d\u2019Isra\u00ebl pour r\u00e9primer les ambitions nationales des Palestiniens, avec la coop\u00e9ration explicite ou implicite de nombreux pays arabes. Cela accentuera les tensions politiques au sein du bloc des \u00c9tats arabes, l\u2019affaiblissant d\u2019autant plus. Par ailleurs, cela contribuera \u00e0 faire monter la pression sur les \u00c9tats r\u00e9calcitrants afin qu\u2019ils rejoignent le large consensus contre le dernier ennemi r\u00e9gional significatif d\u2019Isra\u00ebl : l\u2019<strong>Iran.<\/strong><\/p>\n<p>L\u2019inqui\u00e9tude de longue date de Washington \u00e0 propos de la pr\u00e9sence d\u2019Isra\u00ebl au CENTCOM, qui nuirait aux relations am\u00e9ricaines avec les pays arabes, a apparemment disparu, ce qui est lourd de cons\u00e9quences.&nbsp;<\/p>\n<p>Autrefois, les \u00c9tats-Unis prenaient soin de se tenir \u00e0 distance d\u2019Isra\u00ebl d\u00e8s que le Pentagone \u00e9tait profond\u00e9ment enlis\u00e9 dans la r\u00e9gion, que ce soit dans la <strong>guerre du Golfe<\/strong> <strong>en 1990<\/strong> ou lors de l\u2019invasion et de l<strong>\u2019occupation de l\u2019Irak en 2003.<\/strong> Ces consid\u00e9rations ne semblent plus d\u2019actualit\u00e9.<\/p>\n<p>Cette initiative d\u00e9montre la confiance accrue des Am\u00e9ricains envers le fait que<strong> les \u00c9tats arabes<\/strong> \u2013 du moins ceux qui comptent pour Washington \u2013 <strong>ne sont pas perturb\u00e9s par le fait d\u2019\u00eatre vus en train d\u2019accepter un arrangement militaire avec Isra\u00ebl<\/strong>, en plus d\u2019un engagement politique et \u00e9conomique.&nbsp;Cela souligne le fait que <strong>les riches \u00c9tats p\u00e9troliers du Golfe, avec Isra\u00ebl, sont d\u00e9sormais les facteurs cl\u00e9s de la politique \u00e9trang\u00e8re am\u00e9ricaine<\/strong> dans la r\u00e9gion et sugg\u00e8re que le plus important d\u2019entre eux, l\u2019<a href=\"https:\/\/www.middleeasteye.net\/opinion\/saudi-arabia-mohammed-bin-salman-quietly-enabling-israel-axis-arab-world\" target=\"_blank\" rel=\"noopener noreferrer\">Arabie saoudite<\/a>, attend le bon moment pour signer son propre accord avec Isra\u00ebl.&nbsp;<\/p>\n<h3>Sortir de l\u2019ombre<\/h3>\n<p>On s\u2019attend \u00e0 ce qu\u2019<strong>Isra\u00ebl<\/strong> poursuive ses exercices militaires en Europe avec les pays de l\u2019<strong>OTAN,<\/strong> mais il sera bient\u00f4t capable de construire des<strong> relations directes similaires avec les arm\u00e9es arabes<\/strong>, en particulier celles qui s\u2019\u00e9tendent rapidement et se professionnalisent dans le Golfe gr\u00e2ce \u00e0 sa richesse p\u00e9troli\u00e8re.&nbsp;<\/p>\n<p>Il est probable que les officiers isra\u00e9liens sortiront bient\u00f4t de l\u2019ombre et <strong>formeront et conseilleront publiquement les arm\u00e9es \u00e9miratie et saoudienne<\/strong> dans le cadre de leur r\u00f4le conjoint au CENTCOM. L\u2019expertise particuli\u00e8re d\u2019Isra\u00ebl, s\u2019appuyant sur des d\u00e9cennies de<a href=\"https:\/\/www.middleeasteye.net\/fr\/opinion-fr\/les-outils-de-la-repression-israelienne\" target=\"_blank\" rel=\"noopener noreferrer\"> surveillance, de contr\u00f4le et d\u2019oppression des Palestiniens<\/a>, sera particuli\u00e8rement recherch\u00e9e par les <strong>\u00c9tats du Golfe<\/strong>, qui craignent la dissidence ou les soul\u00e8vements internes.&nbsp;<\/p>\n<p>Comme l\u2019universitaire isra\u00e9lien<a href=\"https:\/\/charleroi-pourlapalestine.be\/index.php\/tag\/jef-halper\/\"><strong> Jeff Halper<\/strong><\/a> l\u2019a <a href=\"https:\/\/www.middleeasteye.net\/features\/endless-war-terror-we-are-all-doomed-become-palestinians\" target=\"_blank\" rel=\"noopener noreferrer\">not\u00e9<\/a>, Isra\u00ebl a d\u00e9montr\u00e9 \u00e0 quel point il traduisait efficacement ses <strong>relations s\u00e9curitaires et militaires<\/strong> avec les arm\u00e9es et les forces de police du monde entier <strong>en soutien diplomatique dans les institutions internationales.&nbsp;<\/strong><\/p>\n<p>Il en ira s\u00fbrement de m\u00eame avec le Moyen-Orient. Une fois qu\u2019Isra\u00ebl sera devenu le pilier des arm\u00e9es plus professionnelles de la r\u00e9gion, ces \u00c9tats d\u00e9pendants de son aide pourraient abandonner encore davantage la cause palestinienne.<\/p>\n<h3>Diviser pour mieux r\u00e9gner<\/h3>\n<p>Un autre retour sur investissement pour Isra\u00ebl sera de compliquer les <strong>relations de Washington avec la r\u00e9gion arabe.&nbsp;<\/strong><\/p>\n<p>Non seulement le CENTCOM op\u00e8re des bases majeures dans le <strong>Golfe<\/strong>, en particulier \u00e0 Bahre\u00efn et au Qatar, mais il m\u00e8ne la soi-disant <em>\u00ab&nbsp;guerre contre le terrorisme&nbsp;\u00bb<\/em> avec des op\u00e9rations ouvertes ou secr\u00e8tes dans plusieurs \u00c9tats arabes, notamment l<strong>\u2019Irak<\/strong> et la <strong>Syrie.<\/strong>&nbsp;<\/p>\n<p>Il sera plus compliqu\u00e9 pour les \u00c9tats-Unis de se d\u00e9sengager des op\u00e9rations ouvertement bellicistes d\u2019Isra\u00ebl, notamment les frappes a\u00e9riennes dans ces deux pays, lesquelles sont men\u00e9es en violation flagrante du droit international. Par le pass\u00e9, les tensions entre les <strong>\u00c9tats-Unis<\/strong> et<strong> Bagdad<\/strong> se sont <a href=\"https:\/\/edition.cnn.com\/2019\/08\/23\/politics\/israel-iraq-airstrike\/index.html\" target=\"_blank\" rel=\"noopener noreferrer\">accrues<\/a> en raison des frappes a\u00e9riennes isra\u00e9liennes en Irak, avec la menace de limiter l\u2019acc\u00e8s des Am\u00e9ricains \u00e0 l\u2019espace a\u00e9rien irakien. &nbsp;<\/p>\n<p>Avec Isra\u00ebl au sein du CENTCOM, les<strong> \u00c9tats-Unis et leurs pays arabes pr\u00e9f\u00e9r\u00e9s<\/strong> sont aussi davantage susceptibles d\u2019\u00eatre <strong>impliqu\u00e9s plus directement dans les op\u00e9rations militaires isra\u00e9liennes majeures contre les Palestiniens<\/strong>, telles que les <em>\u00ab&nbsp;guerres&nbsp;\u00bb<\/em> r\u00e9p\u00e9t\u00e9es contre Gaza.&nbsp;<\/p>\n<p>Cela constituera un d\u00e9fi certain pour les institutions de coop\u00e9ration dans la r\u00e9gion, notamment la <strong>Ligue arabe<\/strong>. Il est presque certain que cela creusera une faille encore plus profonde entre les \u00c9tats arabes pro-Washington et ceux accus\u00e9s d\u2019\u00eatre du mauvais c\u00f4t\u00e9 de la <em>\u00ab&nbsp;guerre contre le terrorisme&nbsp;\u00bb.<\/em><\/p>\n<p>Le r\u00e9sultat pourrait \u00eatre une politique r\u00e9gionale du <strong>diviser pour mieux r\u00e9gner<\/strong> <strong>cultiv\u00e9e par Isra\u00ebl<\/strong> \u2013 cela refl\u00e9terait les divisions particuli\u00e8rement handicapantes qu\u2019Isra\u00ebl g\u00e9n\u00e8re depuis longtemps entre les dirigeants palestiniens, dont l\u2019exemple le plus flagrant est celle entre le Fatah et le Hamas.<\/p>\n<h3>Front contre l\u2019Iran<\/h3>\n<p>Le plus grand bonus pour Isra\u00ebl sera une<strong> alliance plus officielle avec les \u00c9tats arabes contre l\u2019Iran<\/strong> et un plus grand rassemblement d\u2019\u00c9tats plus ambivalents dans l\u2019orbite d\u2019Isra\u00ebl.&nbsp;<\/p>\n<p>Il semble que c\u2019\u00e9tait l\u00e0 l\u2019objectif de la r\u00e9cente<strong> r\u00e9conciliation<\/strong> tr\u00e8s m\u00e9diatis\u00e9e entre <strong>les EAU et l\u2019Arabie saoudite<\/strong> d\u2019un c\u00f4t\u00e9 et le <strong>Qatar<\/strong> de l\u2019autre, accomplie dans les derniers jours de l\u2019administration Trump. L\u2019une des principales<a href=\"https:\/\/www.aa.com.tr\/en\/analysis\/whats-behind-saudi-arabia-qatar-reconciliation\/2099374\" target=\"_blank\" rel=\"noopener noreferrer\"> causes<\/a> de ce long<a href=\"https:\/\/www.middleeasteye.net\/fr\/tags\/blocus-du-qatar\" target=\"_blank\" rel=\"noopener noreferrer\"> blocus du Qatar<\/a> \u00e9tait li\u00e9e \u00e0 l\u2019insistance de Doha \u00e0 maintenir des relations \u00e9conomiques et politiques avec <strong>T\u00e9h\u00e9ran<\/strong>.<\/p>\n<p>L\u2019objectif d\u2019Isra\u00ebl est de <a href=\"https:\/\/www.middleeasteye.net\/fr\/news\/breaking-donald-trump-abandons-iran-nuclear-deal-1495538244\" target=\"_blank\" rel=\"noopener noreferrer\">contraindre<\/a> l\u2019administration<strong> Biden<\/strong> \u00e0<strong> poursuivre la politique anti-iranienne belliciste de Trump<\/strong>, ses sanctions agressives, ses assassinats et sa sortie de l\u2019<a href=\"https:\/\/www.middleeasteye.net\/fr\/tags\/accord-sur-le-nucl-aire\" target=\"_blank\" rel=\"noopener noreferrer\">accord sur le nucl\u00e9aire<\/a> sign\u00e9 par<strong> Barack Obama<\/strong> avec T\u00e9h\u00e9ran en 2015. Cet accord avait donn\u00e9 aux inspecteurs de l\u2019Agence internationale de l\u2019\u00e9nergie atomique (AIEA) un <strong>acc\u00e8s \u00e0 l\u2019Iran<\/strong> pour s\u2019assurer qu\u2019il ne d\u00e9veloppe pas de bombe nucl\u00e9aire susceptible de neutraliser l\u2019influence strat\u00e9gique que tire Isra\u00ebl de son arsenal nucl\u00e9aire.<\/p>\n<p>Au sein du CENTCOM, Isra\u00ebl pourra travailler plus \u00e9troitement avec ses alli\u00e9s du Golfe pour <strong>saboter tous les efforts \u00e0 Washington visant \u00e0 ranimer cet accord<\/strong>. Ce point a \u00e9t\u00e9 soulign\u00e9 lorsque deux ministres du Golfe ont r\u00e9cemment assist\u00e9 \u00e0 une conf\u00e9rence de s\u00e9curit\u00e9 en ligne organis\u00e9 par l\u2019universit\u00e9 de Tel Aviv.<\/p>\n<p>Lors de cette conf\u00e9rence, Aviv Kochavi, le chef d\u2019\u00c9tat-major de l\u2019arm\u00e9e isra\u00e9lienne, s\u2019est <a href=\"https:\/\/www.haaretz.com\/opinion\/editorial\/israel-s-military-chief-s-iran-comments-are-way-out-of-line-1.9488872\" target=\"_blank\" rel=\"noopener noreferrer\">oppos\u00e9<\/a> publiquement aux d\u00e9clarations r\u00e9centes de <strong>Biden<\/strong> concernant son souhait de <strong>revenir<\/strong> \u00e0 l\u2019accord sur le nucl\u00e9aire. Kochavi a qualifi\u00e9 cet accord de <em>\u00ab&nbsp;mauvais sur le plan strat\u00e9gique et op\u00e9rationnel&nbsp;\u00bb<\/em>, affirmant que l\u2019Iran lancerait des missiles nucl\u00e9aires sur Isra\u00ebl d\u00e8s qu\u2019il les aurait fabriqu\u00e9s et d\u00e9clarant qu\u2019une attaque par Isra\u00ebl devait <em>\u00ab&nbsp;\u00eatre une option sur la table&nbsp;\u00bb.&nbsp;<\/em><\/p>\n<p>Le ministre des Affaires \u00e9trang\u00e8res de <strong>Bahre\u00efn<\/strong>, Abdellatif al-Zayani, a fait observer qu\u2019Isra\u00ebl et les \u00c9tats du Golfe auraient de meilleures chances de <strong>pr\u00e9venir toute conciliation am\u00e9ricaine \u00e0 l\u2019\u00e9gard de l\u2019Iran<\/strong> s\u2019ils parlaient d\u2019une <em>\u00ab&nbsp;voix unie&nbsp;\u00bb.<\/em> Il a <a href=\"https:\/\/www.timesofisrael.com\/uae-bahrain-we-need-unified-voice-with-israel-on-irans-missiles-nukes\/\" target=\"_blank\" rel=\"noopener noreferrer\">ajout\u00e9<\/a>&nbsp;:<\/p>\n<blockquote><p>\u00ab&nbsp;Une position r\u00e9gionale commune sur ces sujets exercera une plus grande influence sur les \u00c9tats-Unis.&nbsp;\u00bb&nbsp;<\/p><\/blockquote>\n<p>Anwar Gargash, le <strong>ministre \u00e9mirati des Affaires \u00e9trang\u00e8res<\/strong>, a abond\u00e9 en ce sens.<\/p>\n<h3>Le croquemitaine du Moyen-Orient<\/h3>\n<p>Signe que l\u2019administration <strong>Biden<\/strong> craint d\u00e9j\u00e0 d\u2019affronter une grande alliance moyen-orientale contre l\u2019Iran, le secr\u00e9taire d\u2019\u00c9tat choisi par le nouveau pr\u00e9sident, Antony <strong>Blinken<\/strong>, a <a href=\"https:\/\/www.haaretz.com\/us-news\/.premium-blinken-vitally-important-to-consult-with-israel-on-iran-nuclear-deal-1.9465698\" target=\"_blank\" rel=\"noopener noreferrer\">d\u00e9clar\u00e9<\/a> le mois dernier qu\u2019il \u00e9tait d\u2019une <em>\u00ab&nbsp;importance vitale<\/em>&nbsp;\u00bb de <strong>consulter Isra\u00ebl et les \u00c9tats du Golfe<\/strong> avant de revenir \u00e0 l\u2019accord sur le nucl\u00e9aire.<\/p>\n<p>Le Premier ministre isra\u00e9lien Benyamin <strong>Netanyahou,<\/strong> voulant d\u00e9sesp\u00e9r\u00e9ment accro\u00eetre ses chances \u00e9lectorales et d\u00e9tourner l\u2019attention de son <a href=\"https:\/\/www.middleeasteye.net\/fr\/en-bref\/benyamin-netanyahou-mis-en-examen-pour-corruption-fraude-abus-de-confiance\" target=\"_blank\" rel=\"noopener noreferrer\">proc\u00e8s pour corruption<\/a>, a toutes les raisons de s\u2019engouffrer dans la faille.&nbsp;<\/p>\n<p>S\u2019assurer que l\u2019<strong>Iran<\/strong> reste le croquemitaine num\u00e9ro un du Moyen-Orient \u2013 concentrant l\u2019hostilit\u00e9 de l\u2019Occident \u2013 est <strong>dans l\u2019int\u00e9r\u00eat d\u2019Isra\u00ebl,<\/strong> qui n\u2019a pas l\u2019intention de mettre fin \u00e0 ses d\u00e9cennies d\u2019obstruction \u00e0 la cr\u00e9ation d\u2019un \u00c9tat palestinien. C\u2019est aussi<strong> dans l\u2019int\u00e9r\u00eat des pays du Golfe<\/strong>, qui n\u2019ont pas la moindre intention de mettre fin \u00e0 leurs propres atteintes aux droits de l\u2019homme et \u00e0 la promotion des dissensions dans le monde musulman.<\/p>\n<p>Mike <strong>Pompeo<\/strong>, le secr\u00e9taire d\u2019\u00c9tat sortant de <strong>Trump<\/strong>, a <a href=\"https:\/\/www.bbc.com\/news\/world-middle-east-55631403\" target=\"_blank\" rel=\"noopener noreferrer\">sem\u00e9<\/a> le mois dernier une mine destin\u00e9e \u00e0 servir les int\u00e9r\u00eats saoudiens et isra\u00e9liens en soulignant le fait qu\u2019un certain nombre de dirigeants d\u2019<strong>al-Qa\u00efda<\/strong> avaient trouv\u00e9 refuge en <strong>Iran<\/strong>.&nbsp;Cela fait \u00e9cho aux all\u00e9gations de l\u2019administration <strong>Bush<\/strong> \u2013 dans ce cas,<strong> totalement fantaisistes<\/strong> \u2013 de liens entre <strong>al-Qa\u00efda <\/strong>et<strong> Saddam Hussein<\/strong> qui, avec les<strong> armes de destruction massive non existantes<\/strong>, ont servi de <strong>pr\u00e9texte \u00e0 <a href=\"https:\/\/www.middleeasteye.net\/fr\/opinion-fr\/lirak-quinze-ans-apres-un-heritage-americain-toxique\" target=\"_blank\" rel=\"noopener noreferrer\">l\u2019invasion et l\u2019occupation de l\u2019Irak en 2003.<\/a><\/strong><\/p>\n<p>Avec l\u2019arriv\u00e9e d\u2019<strong>Isra\u00ebl au sein du CENTCOM<\/strong>, le lobbying pour une r\u00e9p\u00e9tition de cette bourde catastrophique ne peut qu\u2019augmenter \u2013 et ainsi, les perspectives d\u2019un nouvel embrasement du Moyen-Orient.<\/p>\n<hr>\n<p>Publi\u00e9 le 9 f\u00e9vrier 2021 sur <a href=\"https:\/\/www.middleeasteye.net\/fr\/opinion-fr\/israel-centcom-pentagone-moyen-orient-embrasement-palestine-iran\" target=\"_blank\" rel=\"noopener noreferrer\">Middle East Eye &#8211; version fran\u00e7aise<\/a><\/p>\n<div class=\"pf-content\">\n<div id=\"attachment_5577\" class=\"wp-caption alignleft\">\n<div id=\"attachment_20622\" class=\"wp-caption alignleft\">\n<div id=\"attachment_20622\" class=\"wp-caption alignleft\">\n<div id=\"attachment_20622\" style=\"width: 160px\" class=\"wp-caption alignleft\"><img loading=\"lazy\" decoding=\"async\" aria-describedby=\"caption-attachment-20622\" class=\"wp-image-20622 size-thumbnail\" src=\"https:\/\/charleroi-pourlapalestine.be\/wp-content\/uploads\/2020\/12\/jonathan_250-150x150.jpg\" sizes=\"auto, (max-width: 150px) 100vw, 150px\" srcset=\"https:\/\/charleroi-pourlapalestine.be\/wp-content\/uploads\/2020\/12\/jonathan_250-150x150.jpg 150w, https:\/\/charleroi-pourlapalestine.be\/wp-content\/uploads\/2020\/12\/jonathan_250-160x160.jpg 160w\" alt=\"Jonathan Cook\" aria-describedby=\"caption-attachment-20622\" width=\"150\" height=\"150\"><p id=\"caption-attachment-20622\" class=\"wp-caption-text\">Jonathan Cook<\/p><\/div>\n<p id=\"caption-attachment-20622\" class=\"wp-caption-text\">&nbsp;<\/p>\n<\/div>\n<\/div>\n<p>&nbsp;<\/p>\n<\/div>\n<p><strong>Jonathan Cook<\/strong> est un journaliste install\u00e9 \u00e0 <strong>Nazareth<\/strong>. Il est laur\u00e9at du prix sp\u00e9cial Martha Gellhorn pour le journalisme. Il est l\u2019auteur de <em>Blood and Religion (Sang et religion)<\/em> et de Israel and the<em> Clash of Civilisations<\/em> (Isra\u00ebl et le choc des civilisations) disponibles en anglais <em>chez Pluto Press.<br \/>\n<\/em>Vous pouvez consulter son site web et son blog \u00e0 l\u2019adresse suivante&nbsp;:&nbsp;<a href=\"https:\/\/www.jonathan-cook.net\/\" target=\"_blank\" rel=\"noopener noreferrer\">www.jonathan-cook.net.<\/a><\/p>\n<div class=\"printfriendly pf-alignleft\">&nbsp;<\/div>\n<\/div>\n","protected":false},"excerpt":{"rendered":"<p>L\u2019arriv\u00e9e d\u2019Isra\u00ebl dans le CENTCOM va nuire davantage \u00e0 la cause palestinienne, semer la zizanie entre les pays arabes et faire monter la pression sur l\u2019Iran<\/p>\n","protected":false},"author":1,"featured_media":0,"comment_status":"closed","ping_status":"closed","sticky":false,"template":"","format":"standard","meta":{"ngg_post_thumbnail":0,"footnotes":""},"categories":[52,142,126,53,192],"tags":[],"class_list":["post-23169","post","type-post","status-publish","format-standard","hentry","category-la-cour-penale-internationale","category-iran","category-israel","category-le-monde-arabe","category-palestine"],"yoast_head":"<!-- This site is optimized with the Yoast SEO plugin v27.3 - https:\/\/yoast.com\/product\/yoast-seo-wordpress\/ -->\n<title>Le Pentagon veut inclure Isra\u00ebl dans le CENTCOM<\/title>\n<meta name=\"description\" content=\"L\u2019arriv\u00e9e d\u2019Isra\u00ebl dans le CENTCOM va nuire davantage \u00e0 la cause palestinienne, semer la zizanie entre les pays arabes et faire monter la pression sur l\u2019Iran\" \/>\n<meta name=\"robots\" content=\"index, follow, max-snippet:-1, max-image-preview:large, max-video-preview:-1\" \/>\n<link rel=\"canonical\" href=\"https:\/\/charleroi-pourlapalestine.be\/index.php\/2021\/02\/18\/le-pentagon-veut-inclure-israel-dans-le-centcom\/\" \/>\n<script type=\"application\/ld+json\" class=\"yoast-schema-graph\">{\"@context\":\"https:\\\/\\\/schema.org\",\"@graph\":[{\"@type\":\"Article\",\"@id\":\"https:\\\/\\\/charleroi-pourlapalestine.be\\\/index.php\\\/2021\\\/02\\\/18\\\/le-pentagon-veut-inclure-israel-dans-le-centcom\\\/#article\",\"isPartOf\":{\"@id\":\"https:\\\/\\\/charleroi-pourlapalestine.be\\\/index.php\\\/2021\\\/02\\\/18\\\/le-pentagon-veut-inclure-israel-dans-le-centcom\\\/\"},\"author\":{\"name\":\"admin1873\",\"@id\":\"https:\\\/\\\/charleroi-pourlapalestine.be\\\/#\\\/schema\\\/person\\\/c19ff515112f1299d8c12671d8fe3faa\"},\"headline\":\"Le Pentagon veut inclure Isra\u00ebl dans le CENTCOM\",\"datePublished\":\"2021-02-18T08:04:04+00:00\",\"dateModified\":\"2021-02-18T09:46:27+00:00\",\"mainEntityOfPage\":{\"@id\":\"https:\\\/\\\/charleroi-pourlapalestine.be\\\/index.php\\\/2021\\\/02\\\/18\\\/le-pentagon-veut-inclure-israel-dans-le-centcom\\\/\"},\"wordCount\":2497,\"publisher\":{\"@id\":\"https:\\\/\\\/charleroi-pourlapalestine.be\\\/#organization\"},\"image\":{\"@id\":\"https:\\\/\\\/charleroi-pourlapalestine.be\\\/index.php\\\/2021\\\/02\\\/18\\\/le-pentagon-veut-inclure-israel-dans-le-centcom\\\/#primaryimage\"},\"thumbnailUrl\":\"https:\\\/\\\/charleroi-pourlapalestine.be\\\/wp-content\\\/uploads\\\/2021\\\/02\\\/Mc-Kenzie-e1613627645947.jpg\",\"articleSection\":[\"Etats-Unis\",\"Iran\",\"Isra\u00ebl\",\"Moyen-Orient\",\"Palestine\"],\"inLanguage\":\"fr-FR\"},{\"@type\":\"WebPage\",\"@id\":\"https:\\\/\\\/charleroi-pourlapalestine.be\\\/index.php\\\/2021\\\/02\\\/18\\\/le-pentagon-veut-inclure-israel-dans-le-centcom\\\/\",\"url\":\"https:\\\/\\\/charleroi-pourlapalestine.be\\\/index.php\\\/2021\\\/02\\\/18\\\/le-pentagon-veut-inclure-israel-dans-le-centcom\\\/\",\"name\":\"Le Pentagon veut inclure Isra\u00ebl dans le CENTCOM\",\"isPartOf\":{\"@id\":\"https:\\\/\\\/charleroi-pourlapalestine.be\\\/#website\"},\"primaryImageOfPage\":{\"@id\":\"https:\\\/\\\/charleroi-pourlapalestine.be\\\/index.php\\\/2021\\\/02\\\/18\\\/le-pentagon-veut-inclure-israel-dans-le-centcom\\\/#primaryimage\"},\"image\":{\"@id\":\"https:\\\/\\\/charleroi-pourlapalestine.be\\\/index.php\\\/2021\\\/02\\\/18\\\/le-pentagon-veut-inclure-israel-dans-le-centcom\\\/#primaryimage\"},\"thumbnailUrl\":\"https:\\\/\\\/charleroi-pourlapalestine.be\\\/wp-content\\\/uploads\\\/2021\\\/02\\\/Mc-Kenzie-e1613627645947.jpg\",\"datePublished\":\"2021-02-18T08:04:04+00:00\",\"dateModified\":\"2021-02-18T09:46:27+00:00\",\"description\":\"L\u2019arriv\u00e9e d\u2019Isra\u00ebl dans le CENTCOM va nuire davantage \u00e0 la cause palestinienne, semer la zizanie entre les pays arabes et faire monter la pression sur l\u2019Iran\",\"breadcrumb\":{\"@id\":\"https:\\\/\\\/charleroi-pourlapalestine.be\\\/index.php\\\/2021\\\/02\\\/18\\\/le-pentagon-veut-inclure-israel-dans-le-centcom\\\/#breadcrumb\"},\"inLanguage\":\"fr-FR\",\"potentialAction\":[{\"@type\":\"ReadAction\",\"target\":[\"https:\\\/\\\/charleroi-pourlapalestine.be\\\/index.php\\\/2021\\\/02\\\/18\\\/le-pentagon-veut-inclure-israel-dans-le-centcom\\\/\"]}]},{\"@type\":\"ImageObject\",\"inLanguage\":\"fr-FR\",\"@id\":\"https:\\\/\\\/charleroi-pourlapalestine.be\\\/index.php\\\/2021\\\/02\\\/18\\\/le-pentagon-veut-inclure-israel-dans-le-centcom\\\/#primaryimage\",\"url\":\"https:\\\/\\\/charleroi-pourlapalestine.be\\\/wp-content\\\/uploads\\\/2021\\\/02\\\/Mc-Kenzie-e1613627645947.jpg\",\"contentUrl\":\"https:\\\/\\\/charleroi-pourlapalestine.be\\\/wp-content\\\/uploads\\\/2021\\\/02\\\/Mc-Kenzie-e1613627645947.jpg\"},{\"@type\":\"BreadcrumbList\",\"@id\":\"https:\\\/\\\/charleroi-pourlapalestine.be\\\/index.php\\\/2021\\\/02\\\/18\\\/le-pentagon-veut-inclure-israel-dans-le-centcom\\\/#breadcrumb\",\"itemListElement\":[{\"@type\":\"ListItem\",\"position\":1,\"name\":\"Accueil\",\"item\":\"https:\\\/\\\/charleroi-pourlapalestine.be\\\/\"},{\"@type\":\"ListItem\",\"position\":2,\"name\":\"Le Pentagon veut inclure Isra\u00ebl dans le CENTCOM\"}]},{\"@type\":\"WebSite\",\"@id\":\"https:\\\/\\\/charleroi-pourlapalestine.be\\\/#website\",\"url\":\"https:\\\/\\\/charleroi-pourlapalestine.be\\\/\",\"name\":\"Charleroi Pour la Palestine\",\"description\":\"\",\"publisher\":{\"@id\":\"https:\\\/\\\/charleroi-pourlapalestine.be\\\/#organization\"},\"potentialAction\":[{\"@type\":\"SearchAction\",\"target\":{\"@type\":\"EntryPoint\",\"urlTemplate\":\"https:\\\/\\\/charleroi-pourlapalestine.be\\\/?s={search_term_string}\"},\"query-input\":{\"@type\":\"PropertyValueSpecification\",\"valueRequired\":true,\"valueName\":\"search_term_string\"}}],\"inLanguage\":\"fr-FR\"},{\"@type\":\"Organization\",\"@id\":\"https:\\\/\\\/charleroi-pourlapalestine.be\\\/#organization\",\"name\":\"Plate-forme Charleroi-Palestine\",\"url\":\"https:\\\/\\\/charleroi-pourlapalestine.be\\\/\",\"logo\":{\"@type\":\"ImageObject\",\"inLanguage\":\"fr-FR\",\"@id\":\"https:\\\/\\\/charleroi-pourlapalestine.be\\\/#\\\/schema\\\/logo\\\/image\\\/\",\"url\":\"https:\\\/\\\/charleroi-pourlapalestine.be\\\/wp-content\\\/uploads\\\/2020\\\/01\\\/logo-Copy.jpg\",\"contentUrl\":\"https:\\\/\\\/charleroi-pourlapalestine.be\\\/wp-content\\\/uploads\\\/2020\\\/01\\\/logo-Copy.jpg\",\"width\":180,\"height\":180,\"caption\":\"Plate-forme Charleroi-Palestine\"},\"image\":{\"@id\":\"https:\\\/\\\/charleroi-pourlapalestine.be\\\/#\\\/schema\\\/logo\\\/image\\\/\"},\"sameAs\":[\"https:\\\/\\\/www.facebook.com\\\/PlateformeCharleroiPalestine\\\/\",\"https:\\\/\\\/x.com\\\/LaCharleroi\"]},{\"@type\":\"Person\",\"@id\":\"https:\\\/\\\/charleroi-pourlapalestine.be\\\/#\\\/schema\\\/person\\\/c19ff515112f1299d8c12671d8fe3faa\",\"name\":\"admin1873\",\"url\":\"https:\\\/\\\/charleroi-pourlapalestine.be\\\/index.php\\\/author\\\/admin1873\\\/\"}]}<\/script>\n<!-- \/ Yoast SEO plugin. -->","yoast_head_json":{"title":"Le Pentagon veut inclure Isra\u00ebl dans le CENTCOM","description":"L\u2019arriv\u00e9e d\u2019Isra\u00ebl dans le CENTCOM va nuire davantage \u00e0 la cause palestinienne, semer la zizanie entre les pays arabes et faire monter la pression sur l\u2019Iran","robots":{"index":"index","follow":"follow","max-snippet":"max-snippet:-1","max-image-preview":"max-image-preview:large","max-video-preview":"max-video-preview:-1"},"canonical":"https:\/\/charleroi-pourlapalestine.be\/index.php\/2021\/02\/18\/le-pentagon-veut-inclure-israel-dans-le-centcom\/","schema":{"@context":"https:\/\/schema.org","@graph":[{"@type":"Article","@id":"https:\/\/charleroi-pourlapalestine.be\/index.php\/2021\/02\/18\/le-pentagon-veut-inclure-israel-dans-le-centcom\/#article","isPartOf":{"@id":"https:\/\/charleroi-pourlapalestine.be\/index.php\/2021\/02\/18\/le-pentagon-veut-inclure-israel-dans-le-centcom\/"},"author":{"name":"admin1873","@id":"https:\/\/charleroi-pourlapalestine.be\/#\/schema\/person\/c19ff515112f1299d8c12671d8fe3faa"},"headline":"Le Pentagon veut inclure Isra\u00ebl dans le CENTCOM","datePublished":"2021-02-18T08:04:04+00:00","dateModified":"2021-02-18T09:46:27+00:00","mainEntityOfPage":{"@id":"https:\/\/charleroi-pourlapalestine.be\/index.php\/2021\/02\/18\/le-pentagon-veut-inclure-israel-dans-le-centcom\/"},"wordCount":2497,"publisher":{"@id":"https:\/\/charleroi-pourlapalestine.be\/#organization"},"image":{"@id":"https:\/\/charleroi-pourlapalestine.be\/index.php\/2021\/02\/18\/le-pentagon-veut-inclure-israel-dans-le-centcom\/#primaryimage"},"thumbnailUrl":"https:\/\/charleroi-pourlapalestine.be\/wp-content\/uploads\/2021\/02\/Mc-Kenzie-e1613627645947.jpg","articleSection":["Etats-Unis","Iran","Isra\u00ebl","Moyen-Orient","Palestine"],"inLanguage":"fr-FR"},{"@type":"WebPage","@id":"https:\/\/charleroi-pourlapalestine.be\/index.php\/2021\/02\/18\/le-pentagon-veut-inclure-israel-dans-le-centcom\/","url":"https:\/\/charleroi-pourlapalestine.be\/index.php\/2021\/02\/18\/le-pentagon-veut-inclure-israel-dans-le-centcom\/","name":"Le Pentagon veut inclure Isra\u00ebl dans le CENTCOM","isPartOf":{"@id":"https:\/\/charleroi-pourlapalestine.be\/#website"},"primaryImageOfPage":{"@id":"https:\/\/charleroi-pourlapalestine.be\/index.php\/2021\/02\/18\/le-pentagon-veut-inclure-israel-dans-le-centcom\/#primaryimage"},"image":{"@id":"https:\/\/charleroi-pourlapalestine.be\/index.php\/2021\/02\/18\/le-pentagon-veut-inclure-israel-dans-le-centcom\/#primaryimage"},"thumbnailUrl":"https:\/\/charleroi-pourlapalestine.be\/wp-content\/uploads\/2021\/02\/Mc-Kenzie-e1613627645947.jpg","datePublished":"2021-02-18T08:04:04+00:00","dateModified":"2021-02-18T09:46:27+00:00","description":"L\u2019arriv\u00e9e d\u2019Isra\u00ebl dans le CENTCOM va nuire davantage \u00e0 la cause palestinienne, semer la zizanie entre les pays arabes et faire monter la pression sur l\u2019Iran","breadcrumb":{"@id":"https:\/\/charleroi-pourlapalestine.be\/index.php\/2021\/02\/18\/le-pentagon-veut-inclure-israel-dans-le-centcom\/#breadcrumb"},"inLanguage":"fr-FR","potentialAction":[{"@type":"ReadAction","target":["https:\/\/charleroi-pourlapalestine.be\/index.php\/2021\/02\/18\/le-pentagon-veut-inclure-israel-dans-le-centcom\/"]}]},{"@type":"ImageObject","inLanguage":"fr-FR","@id":"https:\/\/charleroi-pourlapalestine.be\/index.php\/2021\/02\/18\/le-pentagon-veut-inclure-israel-dans-le-centcom\/#primaryimage","url":"https:\/\/charleroi-pourlapalestine.be\/wp-content\/uploads\/2021\/02\/Mc-Kenzie-e1613627645947.jpg","contentUrl":"https:\/\/charleroi-pourlapalestine.be\/wp-content\/uploads\/2021\/02\/Mc-Kenzie-e1613627645947.jpg"},{"@type":"BreadcrumbList","@id":"https:\/\/charleroi-pourlapalestine.be\/index.php\/2021\/02\/18\/le-pentagon-veut-inclure-israel-dans-le-centcom\/#breadcrumb","itemListElement":[{"@type":"ListItem","position":1,"name":"Accueil","item":"https:\/\/charleroi-pourlapalestine.be\/"},{"@type":"ListItem","position":2,"name":"Le Pentagon veut inclure Isra\u00ebl dans le CENTCOM"}]},{"@type":"WebSite","@id":"https:\/\/charleroi-pourlapalestine.be\/#website","url":"https:\/\/charleroi-pourlapalestine.be\/","name":"Charleroi Pour la Palestine","description":"","publisher":{"@id":"https:\/\/charleroi-pourlapalestine.be\/#organization"},"potentialAction":[{"@type":"SearchAction","target":{"@type":"EntryPoint","urlTemplate":"https:\/\/charleroi-pourlapalestine.be\/?s={search_term_string}"},"query-input":{"@type":"PropertyValueSpecification","valueRequired":true,"valueName":"search_term_string"}}],"inLanguage":"fr-FR"},{"@type":"Organization","@id":"https:\/\/charleroi-pourlapalestine.be\/#organization","name":"Plate-forme Charleroi-Palestine","url":"https:\/\/charleroi-pourlapalestine.be\/","logo":{"@type":"ImageObject","inLanguage":"fr-FR","@id":"https:\/\/charleroi-pourlapalestine.be\/#\/schema\/logo\/image\/","url":"https:\/\/charleroi-pourlapalestine.be\/wp-content\/uploads\/2020\/01\/logo-Copy.jpg","contentUrl":"https:\/\/charleroi-pourlapalestine.be\/wp-content\/uploads\/2020\/01\/logo-Copy.jpg","width":180,"height":180,"caption":"Plate-forme Charleroi-Palestine"},"image":{"@id":"https:\/\/charleroi-pourlapalestine.be\/#\/schema\/logo\/image\/"},"sameAs":["https:\/\/www.facebook.com\/PlateformeCharleroiPalestine\/","https:\/\/x.com\/LaCharleroi"]},{"@type":"Person","@id":"https:\/\/charleroi-pourlapalestine.be\/#\/schema\/person\/c19ff515112f1299d8c12671d8fe3faa","name":"admin1873","url":"https:\/\/charleroi-pourlapalestine.be\/index.php\/author\/admin1873\/"}]}},"_links":{"self":[{"href":"https:\/\/charleroi-pourlapalestine.be\/index.php\/wp-json\/wp\/v2\/posts\/23169","targetHints":{"allow":["GET"]}}],"collection":[{"href":"https:\/\/charleroi-pourlapalestine.be\/index.php\/wp-json\/wp\/v2\/posts"}],"about":[{"href":"https:\/\/charleroi-pourlapalestine.be\/index.php\/wp-json\/wp\/v2\/types\/post"}],"author":[{"embeddable":true,"href":"https:\/\/charleroi-pourlapalestine.be\/index.php\/wp-json\/wp\/v2\/users\/1"}],"replies":[{"embeddable":true,"href":"https:\/\/charleroi-pourlapalestine.be\/index.php\/wp-json\/wp\/v2\/comments?post=23169"}],"version-history":[{"count":0,"href":"https:\/\/charleroi-pourlapalestine.be\/index.php\/wp-json\/wp\/v2\/posts\/23169\/revisions"}],"wp:attachment":[{"href":"https:\/\/charleroi-pourlapalestine.be\/index.php\/wp-json\/wp\/v2\/media?parent=23169"}],"wp:term":[{"taxonomy":"category","embeddable":true,"href":"https:\/\/charleroi-pourlapalestine.be\/index.php\/wp-json\/wp\/v2\/categories?post=23169"},{"taxonomy":"post_tag","embeddable":true,"href":"https:\/\/charleroi-pourlapalestine.be\/index.php\/wp-json\/wp\/v2\/tags?post=23169"}],"curies":[{"name":"wp","href":"https:\/\/api.w.org\/{rel}","templated":true}]}}