{"id":23533,"date":"2021-02-27T18:16:43","date_gmt":"2021-02-27T17:16:43","guid":{"rendered":"https:\/\/charleroi-pourlapalestine.be\/?p=23533"},"modified":"2021-02-27T18:21:52","modified_gmt":"2021-02-27T17:21:52","slug":"le-heros-qui-a-massacre-29-palestiniens","status":"publish","type":"post","link":"https:\/\/charleroi-pourlapalestine.be\/index.php\/2021\/02\/27\/le-heros-qui-a-massacre-29-palestiniens\/","title":{"rendered":"Le <em>\u00ab h\u00e9ros \u00bb<\/em> qui a massacr\u00e9 29 Palestiniens"},"content":{"rendered":"<p><em>Pour Ben-Gvir, le massacre de H\u00e9bron avait \u00e9t\u00e9 un \u00e9v\u00e9nement fantastique, digne d\u2019\u00eatre c\u00e9l\u00e9br\u00e9. \u00ab&nbsp;C\u2019est mon h\u00e9ros&nbsp;\u00bb, affirme-t-il&nbsp; dans un clip, en parlant de Goldstein.<\/em><\/p>\n<div id=\"attachment_23563\" style=\"width: 437px\" class=\"wp-caption alignnone\"><img loading=\"lazy\" decoding=\"async\" aria-describedby=\"caption-attachment-23563\" class=\"wp-image-23563 size-full\" src=\"https:\/\/charleroi-pourlapalestine.be\/wp-content\/uploads\/2021\/02\/Massacre-H\u00e9bron-e1614444783346.jpg\" alt=\"Le 25 f\u00e9vrier 1994, un colon sioniste appel\u00e9 Baruch Goldstein, m\u00e9decin de l\u2019arm\u00e9e isra\u00e9lienne, a ouvert le feu sur des centaines de Palestiniens alors qu\u2019ils ex\u00e9cutaient la pri\u00e8re de l\u2019aube un jour de Ramadan \u00e0 la mosqu\u00e9e Ibrahimi dans le sud de la ville de H\u00e9bron\/Al Khalil en Cisjordanie occup\u00e9e.\" width=\"427\" height=\"320\"><p id=\"caption-attachment-23563\" class=\"wp-caption-text\">Le 25 f\u00e9vrier 1994, un colon sioniste appel\u00e9 Baruch Goldstein, m\u00e9decin de l\u2019arm\u00e9e isra\u00e9lienne, a ouvert le feu sur des centaines de Palestiniens alors qu\u2019ils ex\u00e9cutaient la pri\u00e8re de l\u2019aube un jour de Ramadan \u00e0 la mosqu\u00e9e Ibrahimi dans le sud de la ville de H\u00e9bron\/Al Khalil en Cisjordanie occup\u00e9e.<\/p><\/div>\n<p><a href=\"https:\/\/charleroi-pourlapalestine.be\/index.php\/tag\/ali-abunimah\/\">Ali Abunimah<\/a>, 26 f\u00e9vrier 2021<\/p>\n<p>La station de diffusion nationale isra\u00e9lienne Kan vient de ressortir ce clip de 1995 montrant <strong>Itamar Ben-Gvir<\/strong>, un <strong>candidat d\u2019extr\u00eame droite<\/strong> aux prochaines \u00e9lections isra\u00e9liennes et qui est directement soutenu par le Premier ministre <strong>Benjamin Netanyahou.<\/strong><\/p>\n<p>Pour la f\u00eate juive du <a href=\"https:\/\/electronicintifada.net\/tags\/purim\" target=\"_blank\" rel=\"noopener noreferrer\">Pourim<\/a>, Ben-Gvir<strong> \u00e9tait d\u00e9guis\u00e9 en Baruch Goldstein<\/strong>, <strong>le colon juif de Brooklyn <\/strong>qui avait<strong><a href=\"https:\/\/electronicintifada.net\/blogs\/ali-abunimah\/hebron-still-under-siege-20-years-after-ibrahimi-mosque-massacre\" target=\"_blank\" rel=\"noopener noreferrer\"> massacr\u00e9 29 adultes et enfants palestiniens<\/a> <\/strong>au moment o\u00f9 ils priaient, durant le Ramadan. &nbsp;<\/p>\n<blockquote class=\"twitter-tweet\" data-width=\"500\" data-dnt=\"true\">\n<p lang=\"iw\" dir=\"rtl\">&quot;\u05d4\u05d5\u05d0 \u05d4\u05d2\u05d9\u05d1\u05d5\u05e8 \u05e9\u05dc\u05d9&quot;: \u05e9\u05e0\u05d4 \u05d0\u05d7\u05e8\u05d9 \u05d4\u05d8\u05d1\u05d7 \u05d1\u05de\u05e2\u05e8\u05ea \u05d4\u05de\u05db\u05e4\u05dc\u05d4, \u05ea\u05d5\u05e2\u05d3 \u05d0\u05d9\u05ea\u05de\u05e8 \u05d1\u05df \u05d2\u05d1\u05d9\u05e8 \u05de\u05d7\u05d5\u05e4\u05e9 \u05d1\u05e4\u05d5\u05e8\u05d9\u05dd \u05dc\u05d1\u05e8\u05d5\u05da \u05d2\u05d5\u05dc\u05d3\u05e9\u05d8\u05d9\u05d9\u05df, \u05db\u05d5\u05dc\u05dc \u05d4\u05db\u05d9\u05ea\u05d5\u05d1 &#8211; &quot;\u05d1\u05e8\u05d5\u05da \u05d4\u05d2\u05d1\u05e8 \u05d0\u05e9\u05e8 \u05d9\u05e4\u05ea\u05d7 \u05d1\u05d0\u05e9&quot;. <\/p>\n<p>\u05d4\u05d8\u05d1\u05d7 \u05d1\u05d7\u05d1\u05e8\u05d5\u05df, <a href=\"https:\/\/twitter.com\/hashtag\/%D7%94%D7%99%D7%95%D7%9D_%D7%9C%D7%A4%D7%A0%D7%99?src=hash&amp;ref_src=twsrc%5Etfw\">#\u05d4\u05d9\u05d5\u05dd_\u05dc\u05e4\u05e0\u05d9<\/a> 27 \u05e9\u05e0\u05d9\u05dd. \u05dc\u05e1\u05e8\u05d8\u05d5\u05df \u05d4\u05de\u05dc\u05d0: <a href=\"https:\/\/t.co\/Wi6NNL8Upf\">https:\/\/t.co\/Wi6NNL8Upf<\/a> <a href=\"https:\/\/t.co\/9i8hhbaxQW\">pic.twitter.com\/9i8hhbaxQW<\/a><\/p>\n<p>&mdash; \u05db\u05d0\u05df \u05d7\u05d3\u05e9\u05d5\u05ea (@kann_news) <a href=\"https:\/\/twitter.com\/kann_news\/status\/1364979562694721541?ref_src=twsrc%5Etfw\">February 25, 2021<\/a><\/p><\/blockquote>\n<p><script async src=\"https:\/\/platform.twitter.com\/widgets.js\" charset=\"utf-8\"><\/script><\/p>\n<p>&nbsp;<\/p>\n<p>Le massacre qui avait eu lieu en f\u00e9vrier 1994 \u00e0 la <strong>mosqu\u00e9e Ibrahimi de H\u00e9bron<\/strong> avait provoqu\u00e9 une onde de choc et suscit\u00e9 un profond d\u00e9go\u00fbt dans le monde entier avant de provoquer en guise de repr\u00e9sailles, 40 jours plus tard,<a href=\"https:\/\/www.washingtonpost.com\/gdpr-consent\/?next_url=https%3a%2f%2fwww.washingtonpost.com%2farchive%2fpolitics%2f1994%2f04%2f07%2f8-killed-40-injured-in-car-bomb-blast-at-israeli-bus-stop%2f6feb4aef-1e8f-4d32-bfe5-79bf5d468760%2f\" target=\"_blank\" rel=\"noopener noreferrer\"> le tout premier attentat suicide<\/a> \u00e0 la bombe par un Palestinien, dans la ville d\u2019<strong>Afula<\/strong>, situ\u00e9e au nord.<\/p>\n<p>Mais, pour <strong>Ben-Gvir<\/strong>, <strong>ce massacre avait \u00e9t\u00e9 un \u00e9v\u00e9nement fantastique,<\/strong> digne d\u2019\u00eatre c\u00e9l\u00e9br\u00e9. <em>\u00ab&nbsp;C\u2019est mon h\u00e9ros&nbsp;\u00bb,<\/em> affirme <strong>Ben-Gvir<\/strong> en h\u00e9breu dans le clip, en parlant de <strong>Goldstein.<\/strong><\/p>\n<p>Il exhibe \u00e9galement une petite pancarte sur laquelle on peut lire&nbsp;: <em>\u00ab&nbsp;B\u00e9ni soit l\u2019homme&nbsp;qui ouvre le feu.&nbsp;\u00bb<\/em><\/p>\n<h3>Un racisme violent, sans la moindre restriction<\/h3>\n<p>Cela n\u2019avait rien d\u2019une b\u00eatise de jeunesse. Pendant le quart de si\u00e8cle qui a suivi le massacre, <strong>Ben-Gvir<\/strong> a <a href=\"https:\/\/www.timesofisrael.com\/liveblog_entry\/ben-gvir-responds-to-bennett-fine-ill-take-down-baruch-goldsteins-picture\/\" target=\"_blank\" rel=\"noopener noreferrer\">gard\u00e9 dans sa salle de s\u00e9jour une photo<\/a> de <strong>Goldstein<\/strong>.<\/p>\n<p>Aujourd\u2019hui, <strong>Ben-Gvir<\/strong> est avocat et il <a href=\"https:\/\/electronicintifada.net\/blogs\/maureen-clare-murphy\/israeli-settler-kills-farmer-palestinians-face-charges\" target=\"_blank\" rel=\"noopener noreferrer\">d\u00e9fend r\u00e9guli\u00e8rement<\/a> des colons accus\u00e9s d\u2019agressions violentes contre des Palestiniens.<\/p>\n<p>Il est aussi le pr\u00e9sident d\u2019<a href=\"https:\/\/electronicintifada.net\/tags\/otzma-yehudit\" target=\"_blank\" rel=\"noopener noreferrer\">Otzma Yehudit<\/a>, un parti inspir\u00e9 par feu <a href=\"https:\/\/electronicintifada.net\/tags\/meir-kahane\" target=\"_blank\" rel=\"noopener noreferrer\"><strong>Meir Kahane<\/strong><\/a>, fondateur de la <strong>Ligue juive de d\u00e9fense<\/strong>, un groupe extr\u00e9miste et violent qui pr\u00f4nait <a href=\"https:\/\/electronicintifada.net\/blogs\/michael-f-brown\/racist-jdl-cancels-new-york-event\" target=\"_blank\" rel=\"noopener noreferrer\">l\u2019\u00e9puration ethnique en masse des Palestiniens.<\/a><\/p>\n<p>En 2019, <strong>Ben-Gvir<\/strong> a <a href=\"https:\/\/electronicintifada.net\/blogs\/maureen-clare-murphy\/israel-pounds-gaza-after-rocket-strikes-house\" target=\"_blank\" rel=\"noopener noreferrer\">exig\u00e9<\/a> que, chaque fois qu\u2019une roquette \u00e9tait lanc\u00e9e depuis<strong> Gaza,<\/strong> <strong>Isra\u00ebl r\u00e9ponde en tuant 30 <em>\u00ab&nbsp;terroristes&nbsp;\u00bb<\/em> en guise de repr\u00e9sailles<\/strong>.<\/p>\n<p>Il s\u2019\u00e9tait \u00e9galement<a href=\"https:\/\/www.ynetnews.com\/articles\/0,7340,L-3105211,00.html\" target=\"_blank\" rel=\"noopener noreferrer\"> oppos\u00e9<\/a> au retrait par Isra\u00ebl, en 2005, de <em>\u00ab&nbsp;ses&nbsp;\u00bb<\/em> colonies dans la bande de <strong>Gaza<\/strong> et il avait exig\u00e9 qu\u2019elles fussent r\u00e9install\u00e9es.<\/p>\n<p>Et, ce mois-ci, <strong>Ben-Gvir<\/strong> a initi\u00e9 une<a href=\"https:\/\/www.jpost.com\/breaking-news\/ben-gvir-appeals-to-disqualify-all-arabs-running-for-knesset-658720\" target=\"_blank\" rel=\"noopener noreferrer\"> action en justice<\/a> en vue de disqualifier tous les candidats arabes et de les emp\u00eacher ainsi de concourir aux \u00e9lections de mars \u00e0 la Knesset, le parlement isra\u00e9lien.&nbsp;<\/p>\n<p>Ceci se passe au moment m\u00eame o\u00f9, en outre, <strong>Ben-Gvir<\/strong> <strong>diabolise les citoyens palestiniens d\u2019Isra\u00ebl<\/strong> en les <a href=\"https:\/\/www.haaretz.com\/israel-news\/elections\/.premium-kahanist-netanyahu-ally-invokes-hitler-in-israeli-election-ad-draws-ire-1.9556321\" target=\"_blank\" rel=\"noopener noreferrer\">d\u00e9finissant<\/a> comme des adorateurs d\u2019Hitler.<\/p>\n<h3>Soutenu par Netanyahou<\/h3>\n<p>Alors que <strong>Netanyahou<\/strong> se d\u00e9bat pour conserver son emprise sur les quatri\u00e8mes \u00e9lections isra\u00e9liennes en deux ans, il est \u00e9galement entr\u00e9 dans <a href=\"https:\/\/www.timesofisrael.com\/netanyahu-says-far-right-ben-gvir-wont-be-in-cabinet-will-be-part-of-coalition\/\" target=\"_blank\" rel=\"noopener noreferrer\">un pacte \u00e9lectoral<\/a> avec un groupe de <strong>petits partis d\u2019extr\u00eame droite,<\/strong> parmi lesquels<strong> Otzma Yehudit. &nbsp;<\/strong><\/p>\n<p>Selon le <em>Times of Israel,<\/em> la plate-forme d\u00e9fendue par ces partis soutenus par Netanyahou comprend entre autres<\/p>\n<blockquote><p>\u00ab&nbsp;l\u2019encouragement de l\u2019\u00e9migration des non-Juifs hors d\u2019Isra\u00ebl et l\u2019expulsion des Palestiniens et des Isra\u00e9liens arabes qui refusent d\u2019affirmer leur loyaut\u00e9 \u00e0 l\u2019\u00e9gard d\u2019Isra\u00ebl et d\u2019accepter un statut r\u00e9duit dans un \u00c9tat juif \u00e9largi dont la souverainet\u00e9 s\u2019\u00e9tendrait \u00e0 toute la Cisjordanie&nbsp;\u00bb.<\/p><\/blockquote>\n<p><strong>Ben-Gvir<\/strong> <a href=\"https:\/\/www.jpost.com\/israel-elections\/ben-gvir-to-demand-sensitive-post-from-netanyahu-658973\" target=\"_blank\" rel=\"noopener noreferrer\">demande<\/a> un poste politique de premier plan en \u00e9change de son <strong>soutien \u00e0 un nouveau gouvernement Netanyahou.<\/strong><\/p>\n<p>Le Premier ministre a d\u00e9clar\u00e9 qu\u2019il ne donnerait pas \u00e0 <strong>Ben-Gvir<\/strong> un poste dans son cabinet, mais il reconna\u00eet toutefois qu\u2019il le verrait volontiers <em>\u00ab&nbsp;au sein de notre coalition&nbsp;\u00bb.<\/em><\/p>\n<p>L\u2019adulation de <strong>Baruch Goldstein<\/strong> par <strong>Ben-Gvir<\/strong> fait partie d\u2019une <a href=\"https:\/\/electronicintifada.net\/content\/how-israel-honors-murderers-its-midst\/14813\" target=\"_blank\" rel=\"noopener noreferrer\">tradition bien \u00e9tablie en Isra\u00ebl <\/a>consistant \u00e0 <strong>honorer des criminels de guerre et des massacreurs de Palestiniens.<\/strong><\/p>\n<p>Et ce n\u2019est pas la premi\u00e8re fois que<strong> Netanyahou<\/strong> fait cause commune avec des <strong>kahanistes comme Ben-Gvir.<\/strong> Il l\u2019a d\u00e9j\u00e0 fait en 2019, ce qui, chose rare, a provoqu\u00e9 des <a href=\"https:\/\/www.timesofisrael.com\/after-aipac-rebuke-pm-defends-aiding-kahanists-hypocrisy-by-the-left\/\" target=\"_blank\" rel=\"noopener noreferrer\">rebuffades indirectes de l\u2019AIPAC<\/a>, le puissant lobby prosioniste am\u00e9ricain.<\/p>\n<p>Le journal de droite <em>Jerusalem Post<\/em> <a href=\"https:\/\/www.jpost.com\/opinion\/likud-alliance-with-religious-zionist-party-is-unholy-editorial-658876\" target=\"_blank\" rel=\"noopener noreferrer\">a dit<\/a> de <strong>l\u2019alliance renouvel\u00e9e entre Netanyahou et les kahanistes<\/strong> qu\u2019elle \u00e9tait <em>\u00ab&nbsp;impie&nbsp;\u00bb<\/em> et <em>\u00ab&nbsp;mauvaise pour le pays et en particulier pour notre d\u00e9mocratie&nbsp;\u00bb.<\/em><\/p>\n<p><em>\u00ab&nbsp;Cette fois, il n\u2019y a pas eu de condamnation de la part des \u00c9tats-Unis ou d\u2019autres pays&nbsp;\u00bb<\/em>, a ajout\u00e9 le journal.<\/p>\n<h3>Des protestations s\u2019appuyant sur un mensonge<\/h3>\n<p>En fait, <strong>Majorit\u00e9 d\u00e9mocratique pour Isra\u00ebl (MDPI),<\/strong> un <a href=\"https:\/\/charleroi-pourlapalestine.be\/wp-admin\/post.php?post=23533&amp;action=edit\" target=\"_blank\" rel=\"noopener noreferrer\">groupe de pression&nbsp;&nbsp; antipalestinien<\/a> <strong>au sein du Parti d\u00e9mocratique am\u00e9ricain<\/strong>, a \u00e9mis des objections. &nbsp;<\/p>\n<p>Mais ses protestations s\u2019appuient sur un mensonge.<\/p>\n<blockquote><p>\u00ab&nbsp;Les convictions racistes d\u2019Otzma Yehudit sont absolument contraires aux valeurs de l\u2019\u00c9tat d\u2019Isra\u00ebl et elles ne devraient pas avoir de place dans les institutions isra\u00e9liennes&nbsp;\u00bb,<\/p><\/blockquote>\n<p>a <a href=\"https:\/\/demmajorityforisrael.org\/media\/shameful-pro-israel-democratic-lobby-slams-netanyahu-kahanist-cooperation\/\" target=\"_blank\" rel=\"noopener noreferrer\">d\u00e9clar\u00e9<\/a><strong> Majorit\u00e9 d\u00e9mocratique pour Isra\u00ebl<\/strong> un peu plus t\u00f4t ce mois-ci.<\/p>\n<p><strong>Rien ne pourrait toutefois \u00eatre plus \u00e9loign\u00e9 de la v\u00e9rit\u00e9.<\/strong><\/p>\n<p>Isra\u00ebl a \u00e9t\u00e9 fond\u00e9 sur le nettoyage ethnique des Palestiniens. Il s\u2019est maintenu en tant qu\u2019\u00c9tat juif par le biais d\u2019un syst\u00e8me d\u2019apartheid d\u2019une violence inou\u00efe.<\/p>\n<p>Tout cela est \u00e9tay\u00e9 par des lois odieuses destin\u00e9es \u00e0 maintenir les Palestiniens, y compris ceux qui sont citoyens d\u2019Isra\u00ebl, dans une position inf\u00e9rieure.<\/p>\n<p>Fait d\u2019une ironie remarquable, <strong>MDPI \u2013 qui a soutenu Joe Biden<\/strong> \u2013 a r\u00e9cemment \u00e9crit \u00e0 des membres du Congr\u00e8s <a href=\"https:\/\/electronicintifada.net\/blogs\/michael-f-brown\/anti-palestinian-racists-attacking-raphael-warnock\" target=\"_blank\" rel=\"noopener noreferrer\">en faisant \u00e9tat apr\u00e8s approbation<\/a> le <strong>groupe de colons Regavim<\/strong>.<\/p>\n<p>Ce groupe a \u00e9t\u00e9<a href=\"https:\/\/jewishnews.timesofisrael.com\/controversial-pro-settlement-group-invited-to-london\/\" target=\"_blank\" rel=\"noopener noreferrer\"> cofond\u00e9<\/a> par <a href=\"https:\/\/electronicintifada.net\/tags\/bezalel-smotrich\" target=\"_blank\" rel=\"noopener noreferrer\"><strong>Bezalel Smotrich<\/strong><\/a>, un autre extr\u00e9miste de droite alli\u00e9 \u00e0 <strong>Netanyahou<\/strong> et qui participe aux \u00e9lections sur <a href=\"https:\/\/www.haaretz.com\/israel-news\/elections\/.premium-kahanist-netanyahu-ally-invokes-hitler-in-israeli-election-ad-draws-ire-1.9556321\" target=\"_blank\" rel=\"noopener noreferrer\">une liste unie<\/a> o\u00f9 l\u2019on trouve \u00e9galement <strong>Ben-Gvir.<\/strong><\/p>\n<p>Rien que ceci d\u00e9j\u00e0 confirme que <strong>les objections de MDPI au soutien des kahanistes par Netanyahou<\/strong> ne s\u2019appuie sur la <strong>moindre inqui\u00e9tude \u00e0 propos du racisme.<\/strong> En lieu et place, le lobby&nbsp;semble \u00eatre vex\u00e9 de ce que l\u2019alliance complique grandement son travail consistant \u00e0<strong> blanchir le syst\u00e8me d\u2019apartheid d\u2019Isra\u00ebl.<\/strong><\/p>\n<p>En effet, la seule chose que fait<strong> l\u2019alliance de Netanyahou avec Itamar Ben-Gvi<\/strong>r, c\u2019est de mettre encore plus en lumi\u00e8re <strong>le racisme d\u2019Isra\u00ebl.<\/strong> On devrait la saluer, pour cette raison\u2026<\/p>\n<hr>\n<p>Publi\u00e9 le 26 f\u00e9vrier 2021 sur <a href=\"https:\/\/electronicintifada.net\/blogs\/ali-abunimah\/hero-who-murdered-29-palestinians\" target=\"_blank\" rel=\"noopener noreferrer\">The Electronic Intifada<\/a><\/p>\n<p>Traduction : Jean-Marie Fl\u00e9mal<\/p>\n<div class=\"pf-content\">\n<p><img loading=\"lazy\" decoding=\"async\" class=\"alignleft wp-image-2800 size-thumbnail\" src=\"https:\/\/charleroi-pourlapalestine.be\/wp-content\/uploads\/2020\/01\/Ali-Abunimah-Copy-150x150.jpg\" sizes=\"auto, (max-width: 150px) 100vw, 150px\" srcset=\"https:\/\/charleroi-pourlapalestine.be\/wp-content\/uploads\/2020\/01\/Ali-Abunimah-Copy-150x150.jpg 150w, https:\/\/charleroi-pourlapalestine.be\/wp-content\/uploads\/2020\/01\/Ali-Abunimah-Copy-160x160.jpg 160w\" alt=\"\" width=\"150\" height=\"150\"><a href=\"https:\/\/charleroi-pourlapalestine.be\/index.php\/tag\/ali-abunimah\/\"><strong>Ali Abunimah,<\/strong> <\/a>cofondateur de <a href=\"https:\/\/electronicintifada.net\/blogs\/ali-abunimah\/israel-arrests-bds-coordinator-night-raid\" target=\"_blank\" rel=\"noopener noreferrer\"><em>The Electronic Intifada<\/em><\/a>, est l\u2019auteur de <em>The Battle for Justice in Palestine<\/em>, paru chez Haymarket Books.<\/p>\n<p>Il a aussi \u00e9crit : <em>One Country: A Bold Proposal to end the Israeli-Palestinian Impasse<br \/>\n<\/em><\/p>\n<\/div>\n","protected":false},"excerpt":{"rendered":"<p>Pour Ben-Gvir, le massacre de H\u00e9bron avait \u00e9t\u00e9 un \u00e9v\u00e9nement fantastique. \u00ab\u00a0C\u2019est mon h\u00e9ros\u00a0\u00bb, affirme-t-il\u00a0 dans un clip, en parlant de Goldstein.<\/p>\n","protected":false},"author":1,"featured_media":0,"comment_status":"closed","ping_status":"closed","sticky":false,"template":"","format":"standard","meta":{"ngg_post_thumbnail":0,"footnotes":""},"categories":[40,342,140,91],"tags":[],"class_list":["post-23533","post","type-post","status-publish","format-standard","hentry","category-les-crimes-de-guerre","category-extreme-droite","category-letat-colonial","category-racisme"],"yoast_head":"<!-- This site is optimized with the Yoast SEO plugin v27.3 - https:\/\/yoast.com\/product\/yoast-seo-wordpress\/ -->\n<title>Le \u00ab h\u00e9ros \u00bb qui a massacr\u00e9 29 Palestiniens - Charleroi Pour la Palestine<\/title>\n<meta name=\"description\" content=\"Pour Ben-Gvir, le massacre de H\u00e9bron avait \u00e9t\u00e9 un \u00e9v\u00e9nement fantastique. \u00ab\u00a0C\u2019est mon h\u00e9ros\u00a0\u00bb, affirme-t-il\u00a0 dans un clip, en parlant de Goldstein.\" \/>\n<meta name=\"robots\" content=\"index, follow, max-snippet:-1, max-image-preview:large, max-video-preview:-1\" \/>\n<link rel=\"canonical\" href=\"https:\/\/charleroi-pourlapalestine.be\/index.php\/2021\/02\/27\/le-heros-qui-a-massacre-29-palestiniens\/\" \/>\n<script type=\"application\/ld+json\" class=\"yoast-schema-graph\">{\"@context\":\"https:\\\/\\\/schema.org\",\"@graph\":[{\"@type\":\"Article\",\"@id\":\"https:\\\/\\\/charleroi-pourlapalestine.be\\\/index.php\\\/2021\\\/02\\\/27\\\/le-heros-qui-a-massacre-29-palestiniens\\\/#article\",\"isPartOf\":{\"@id\":\"https:\\\/\\\/charleroi-pourlapalestine.be\\\/index.php\\\/2021\\\/02\\\/27\\\/le-heros-qui-a-massacre-29-palestiniens\\\/\"},\"author\":{\"name\":\"admin1873\",\"@id\":\"https:\\\/\\\/charleroi-pourlapalestine.be\\\/#\\\/schema\\\/person\\\/c19ff515112f1299d8c12671d8fe3faa\"},\"headline\":\"Le \u00ab h\u00e9ros \u00bb qui a massacr\u00e9 29 Palestiniens\",\"datePublished\":\"2021-02-27T17:16:43+00:00\",\"dateModified\":\"2021-02-27T17:21:52+00:00\",\"mainEntityOfPage\":{\"@id\":\"https:\\\/\\\/charleroi-pourlapalestine.be\\\/index.php\\\/2021\\\/02\\\/27\\\/le-heros-qui-a-massacre-29-palestiniens\\\/\"},\"wordCount\":1237,\"publisher\":{\"@id\":\"https:\\\/\\\/charleroi-pourlapalestine.be\\\/#organization\"},\"image\":{\"@id\":\"https:\\\/\\\/charleroi-pourlapalestine.be\\\/index.php\\\/2021\\\/02\\\/27\\\/le-heros-qui-a-massacre-29-palestiniens\\\/#primaryimage\"},\"thumbnailUrl\":\"https:\\\/\\\/charleroi-pourlapalestine.be\\\/wp-content\\\/uploads\\\/2020\\\/01\\\/Ali-Abunimah-Copy-150x150.jpg\",\"articleSection\":[\"Crimes de guerre\",\"Extr\u00eame droite\",\"L'Etat colonial\",\"Racisme\"],\"inLanguage\":\"fr-FR\"},{\"@type\":\"WebPage\",\"@id\":\"https:\\\/\\\/charleroi-pourlapalestine.be\\\/index.php\\\/2021\\\/02\\\/27\\\/le-heros-qui-a-massacre-29-palestiniens\\\/\",\"url\":\"https:\\\/\\\/charleroi-pourlapalestine.be\\\/index.php\\\/2021\\\/02\\\/27\\\/le-heros-qui-a-massacre-29-palestiniens\\\/\",\"name\":\"Le \u00ab h\u00e9ros \u00bb qui a massacr\u00e9 29 Palestiniens - Charleroi Pour la Palestine\",\"isPartOf\":{\"@id\":\"https:\\\/\\\/charleroi-pourlapalestine.be\\\/#website\"},\"primaryImageOfPage\":{\"@id\":\"https:\\\/\\\/charleroi-pourlapalestine.be\\\/index.php\\\/2021\\\/02\\\/27\\\/le-heros-qui-a-massacre-29-palestiniens\\\/#primaryimage\"},\"image\":{\"@id\":\"https:\\\/\\\/charleroi-pourlapalestine.be\\\/index.php\\\/2021\\\/02\\\/27\\\/le-heros-qui-a-massacre-29-palestiniens\\\/#primaryimage\"},\"thumbnailUrl\":\"https:\\\/\\\/charleroi-pourlapalestine.be\\\/wp-content\\\/uploads\\\/2020\\\/01\\\/Ali-Abunimah-Copy-150x150.jpg\",\"datePublished\":\"2021-02-27T17:16:43+00:00\",\"dateModified\":\"2021-02-27T17:21:52+00:00\",\"description\":\"Pour Ben-Gvir, le massacre de H\u00e9bron avait \u00e9t\u00e9 un \u00e9v\u00e9nement fantastique. \u00ab\u00a0C\u2019est mon h\u00e9ros\u00a0\u00bb, affirme-t-il\u00a0 dans un clip, en parlant de Goldstein.\",\"breadcrumb\":{\"@id\":\"https:\\\/\\\/charleroi-pourlapalestine.be\\\/index.php\\\/2021\\\/02\\\/27\\\/le-heros-qui-a-massacre-29-palestiniens\\\/#breadcrumb\"},\"inLanguage\":\"fr-FR\",\"potentialAction\":[{\"@type\":\"ReadAction\",\"target\":[\"https:\\\/\\\/charleroi-pourlapalestine.be\\\/index.php\\\/2021\\\/02\\\/27\\\/le-heros-qui-a-massacre-29-palestiniens\\\/\"]}]},{\"@type\":\"ImageObject\",\"inLanguage\":\"fr-FR\",\"@id\":\"https:\\\/\\\/charleroi-pourlapalestine.be\\\/index.php\\\/2021\\\/02\\\/27\\\/le-heros-qui-a-massacre-29-palestiniens\\\/#primaryimage\",\"url\":\"https:\\\/\\\/charleroi-pourlapalestine.be\\\/wp-content\\\/uploads\\\/2020\\\/01\\\/Ali-Abunimah-Copy.jpg\",\"contentUrl\":\"https:\\\/\\\/charleroi-pourlapalestine.be\\\/wp-content\\\/uploads\\\/2020\\\/01\\\/Ali-Abunimah-Copy.jpg\",\"width\":400,\"height\":314},{\"@type\":\"BreadcrumbList\",\"@id\":\"https:\\\/\\\/charleroi-pourlapalestine.be\\\/index.php\\\/2021\\\/02\\\/27\\\/le-heros-qui-a-massacre-29-palestiniens\\\/#breadcrumb\",\"itemListElement\":[{\"@type\":\"ListItem\",\"position\":1,\"name\":\"Accueil\",\"item\":\"https:\\\/\\\/charleroi-pourlapalestine.be\\\/\"},{\"@type\":\"ListItem\",\"position\":2,\"name\":\"Le \u00ab h\u00e9ros \u00bb qui a massacr\u00e9 29 Palestiniens\"}]},{\"@type\":\"WebSite\",\"@id\":\"https:\\\/\\\/charleroi-pourlapalestine.be\\\/#website\",\"url\":\"https:\\\/\\\/charleroi-pourlapalestine.be\\\/\",\"name\":\"Charleroi Pour la Palestine\",\"description\":\"\",\"publisher\":{\"@id\":\"https:\\\/\\\/charleroi-pourlapalestine.be\\\/#organization\"},\"potentialAction\":[{\"@type\":\"SearchAction\",\"target\":{\"@type\":\"EntryPoint\",\"urlTemplate\":\"https:\\\/\\\/charleroi-pourlapalestine.be\\\/?s={search_term_string}\"},\"query-input\":{\"@type\":\"PropertyValueSpecification\",\"valueRequired\":true,\"valueName\":\"search_term_string\"}}],\"inLanguage\":\"fr-FR\"},{\"@type\":\"Organization\",\"@id\":\"https:\\\/\\\/charleroi-pourlapalestine.be\\\/#organization\",\"name\":\"Plate-forme Charleroi-Palestine\",\"url\":\"https:\\\/\\\/charleroi-pourlapalestine.be\\\/\",\"logo\":{\"@type\":\"ImageObject\",\"inLanguage\":\"fr-FR\",\"@id\":\"https:\\\/\\\/charleroi-pourlapalestine.be\\\/#\\\/schema\\\/logo\\\/image\\\/\",\"url\":\"https:\\\/\\\/charleroi-pourlapalestine.be\\\/wp-content\\\/uploads\\\/2020\\\/01\\\/logo-Copy.jpg\",\"contentUrl\":\"https:\\\/\\\/charleroi-pourlapalestine.be\\\/wp-content\\\/uploads\\\/2020\\\/01\\\/logo-Copy.jpg\",\"width\":180,\"height\":180,\"caption\":\"Plate-forme Charleroi-Palestine\"},\"image\":{\"@id\":\"https:\\\/\\\/charleroi-pourlapalestine.be\\\/#\\\/schema\\\/logo\\\/image\\\/\"},\"sameAs\":[\"https:\\\/\\\/www.facebook.com\\\/PlateformeCharleroiPalestine\\\/\",\"https:\\\/\\\/x.com\\\/LaCharleroi\"]},{\"@type\":\"Person\",\"@id\":\"https:\\\/\\\/charleroi-pourlapalestine.be\\\/#\\\/schema\\\/person\\\/c19ff515112f1299d8c12671d8fe3faa\",\"name\":\"admin1873\",\"url\":\"https:\\\/\\\/charleroi-pourlapalestine.be\\\/index.php\\\/author\\\/admin1873\\\/\"}]}<\/script>\n<!-- \/ Yoast SEO plugin. -->","yoast_head_json":{"title":"Le \u00ab h\u00e9ros \u00bb qui a massacr\u00e9 29 Palestiniens - Charleroi Pour la Palestine","description":"Pour Ben-Gvir, le massacre de H\u00e9bron avait \u00e9t\u00e9 un \u00e9v\u00e9nement fantastique. \u00ab\u00a0C\u2019est mon h\u00e9ros\u00a0\u00bb, affirme-t-il\u00a0 dans un clip, en parlant de Goldstein.","robots":{"index":"index","follow":"follow","max-snippet":"max-snippet:-1","max-image-preview":"max-image-preview:large","max-video-preview":"max-video-preview:-1"},"canonical":"https:\/\/charleroi-pourlapalestine.be\/index.php\/2021\/02\/27\/le-heros-qui-a-massacre-29-palestiniens\/","schema":{"@context":"https:\/\/schema.org","@graph":[{"@type":"Article","@id":"https:\/\/charleroi-pourlapalestine.be\/index.php\/2021\/02\/27\/le-heros-qui-a-massacre-29-palestiniens\/#article","isPartOf":{"@id":"https:\/\/charleroi-pourlapalestine.be\/index.php\/2021\/02\/27\/le-heros-qui-a-massacre-29-palestiniens\/"},"author":{"name":"admin1873","@id":"https:\/\/charleroi-pourlapalestine.be\/#\/schema\/person\/c19ff515112f1299d8c12671d8fe3faa"},"headline":"Le \u00ab h\u00e9ros \u00bb qui a massacr\u00e9 29 Palestiniens","datePublished":"2021-02-27T17:16:43+00:00","dateModified":"2021-02-27T17:21:52+00:00","mainEntityOfPage":{"@id":"https:\/\/charleroi-pourlapalestine.be\/index.php\/2021\/02\/27\/le-heros-qui-a-massacre-29-palestiniens\/"},"wordCount":1237,"publisher":{"@id":"https:\/\/charleroi-pourlapalestine.be\/#organization"},"image":{"@id":"https:\/\/charleroi-pourlapalestine.be\/index.php\/2021\/02\/27\/le-heros-qui-a-massacre-29-palestiniens\/#primaryimage"},"thumbnailUrl":"https:\/\/charleroi-pourlapalestine.be\/wp-content\/uploads\/2020\/01\/Ali-Abunimah-Copy-150x150.jpg","articleSection":["Crimes de guerre","Extr\u00eame droite","L'Etat colonial","Racisme"],"inLanguage":"fr-FR"},{"@type":"WebPage","@id":"https:\/\/charleroi-pourlapalestine.be\/index.php\/2021\/02\/27\/le-heros-qui-a-massacre-29-palestiniens\/","url":"https:\/\/charleroi-pourlapalestine.be\/index.php\/2021\/02\/27\/le-heros-qui-a-massacre-29-palestiniens\/","name":"Le \u00ab h\u00e9ros \u00bb qui a massacr\u00e9 29 Palestiniens - Charleroi Pour la Palestine","isPartOf":{"@id":"https:\/\/charleroi-pourlapalestine.be\/#website"},"primaryImageOfPage":{"@id":"https:\/\/charleroi-pourlapalestine.be\/index.php\/2021\/02\/27\/le-heros-qui-a-massacre-29-palestiniens\/#primaryimage"},"image":{"@id":"https:\/\/charleroi-pourlapalestine.be\/index.php\/2021\/02\/27\/le-heros-qui-a-massacre-29-palestiniens\/#primaryimage"},"thumbnailUrl":"https:\/\/charleroi-pourlapalestine.be\/wp-content\/uploads\/2020\/01\/Ali-Abunimah-Copy-150x150.jpg","datePublished":"2021-02-27T17:16:43+00:00","dateModified":"2021-02-27T17:21:52+00:00","description":"Pour Ben-Gvir, le massacre de H\u00e9bron avait \u00e9t\u00e9 un \u00e9v\u00e9nement fantastique. \u00ab\u00a0C\u2019est mon h\u00e9ros\u00a0\u00bb, affirme-t-il\u00a0 dans un clip, en parlant de Goldstein.","breadcrumb":{"@id":"https:\/\/charleroi-pourlapalestine.be\/index.php\/2021\/02\/27\/le-heros-qui-a-massacre-29-palestiniens\/#breadcrumb"},"inLanguage":"fr-FR","potentialAction":[{"@type":"ReadAction","target":["https:\/\/charleroi-pourlapalestine.be\/index.php\/2021\/02\/27\/le-heros-qui-a-massacre-29-palestiniens\/"]}]},{"@type":"ImageObject","inLanguage":"fr-FR","@id":"https:\/\/charleroi-pourlapalestine.be\/index.php\/2021\/02\/27\/le-heros-qui-a-massacre-29-palestiniens\/#primaryimage","url":"https:\/\/charleroi-pourlapalestine.be\/wp-content\/uploads\/2020\/01\/Ali-Abunimah-Copy.jpg","contentUrl":"https:\/\/charleroi-pourlapalestine.be\/wp-content\/uploads\/2020\/01\/Ali-Abunimah-Copy.jpg","width":400,"height":314},{"@type":"BreadcrumbList","@id":"https:\/\/charleroi-pourlapalestine.be\/index.php\/2021\/02\/27\/le-heros-qui-a-massacre-29-palestiniens\/#breadcrumb","itemListElement":[{"@type":"ListItem","position":1,"name":"Accueil","item":"https:\/\/charleroi-pourlapalestine.be\/"},{"@type":"ListItem","position":2,"name":"Le \u00ab h\u00e9ros \u00bb qui a massacr\u00e9 29 Palestiniens"}]},{"@type":"WebSite","@id":"https:\/\/charleroi-pourlapalestine.be\/#website","url":"https:\/\/charleroi-pourlapalestine.be\/","name":"Charleroi Pour la Palestine","description":"","publisher":{"@id":"https:\/\/charleroi-pourlapalestine.be\/#organization"},"potentialAction":[{"@type":"SearchAction","target":{"@type":"EntryPoint","urlTemplate":"https:\/\/charleroi-pourlapalestine.be\/?s={search_term_string}"},"query-input":{"@type":"PropertyValueSpecification","valueRequired":true,"valueName":"search_term_string"}}],"inLanguage":"fr-FR"},{"@type":"Organization","@id":"https:\/\/charleroi-pourlapalestine.be\/#organization","name":"Plate-forme Charleroi-Palestine","url":"https:\/\/charleroi-pourlapalestine.be\/","logo":{"@type":"ImageObject","inLanguage":"fr-FR","@id":"https:\/\/charleroi-pourlapalestine.be\/#\/schema\/logo\/image\/","url":"https:\/\/charleroi-pourlapalestine.be\/wp-content\/uploads\/2020\/01\/logo-Copy.jpg","contentUrl":"https:\/\/charleroi-pourlapalestine.be\/wp-content\/uploads\/2020\/01\/logo-Copy.jpg","width":180,"height":180,"caption":"Plate-forme Charleroi-Palestine"},"image":{"@id":"https:\/\/charleroi-pourlapalestine.be\/#\/schema\/logo\/image\/"},"sameAs":["https:\/\/www.facebook.com\/PlateformeCharleroiPalestine\/","https:\/\/x.com\/LaCharleroi"]},{"@type":"Person","@id":"https:\/\/charleroi-pourlapalestine.be\/#\/schema\/person\/c19ff515112f1299d8c12671d8fe3faa","name":"admin1873","url":"https:\/\/charleroi-pourlapalestine.be\/index.php\/author\/admin1873\/"}]}},"_links":{"self":[{"href":"https:\/\/charleroi-pourlapalestine.be\/index.php\/wp-json\/wp\/v2\/posts\/23533","targetHints":{"allow":["GET"]}}],"collection":[{"href":"https:\/\/charleroi-pourlapalestine.be\/index.php\/wp-json\/wp\/v2\/posts"}],"about":[{"href":"https:\/\/charleroi-pourlapalestine.be\/index.php\/wp-json\/wp\/v2\/types\/post"}],"author":[{"embeddable":true,"href":"https:\/\/charleroi-pourlapalestine.be\/index.php\/wp-json\/wp\/v2\/users\/1"}],"replies":[{"embeddable":true,"href":"https:\/\/charleroi-pourlapalestine.be\/index.php\/wp-json\/wp\/v2\/comments?post=23533"}],"version-history":[{"count":0,"href":"https:\/\/charleroi-pourlapalestine.be\/index.php\/wp-json\/wp\/v2\/posts\/23533\/revisions"}],"wp:attachment":[{"href":"https:\/\/charleroi-pourlapalestine.be\/index.php\/wp-json\/wp\/v2\/media?parent=23533"}],"wp:term":[{"taxonomy":"category","embeddable":true,"href":"https:\/\/charleroi-pourlapalestine.be\/index.php\/wp-json\/wp\/v2\/categories?post=23533"},{"taxonomy":"post_tag","embeddable":true,"href":"https:\/\/charleroi-pourlapalestine.be\/index.php\/wp-json\/wp\/v2\/tags?post=23533"}],"curies":[{"name":"wp","href":"https:\/\/api.w.org\/{rel}","templated":true}]}}