{"id":23671,"date":"2021-03-02T16:16:17","date_gmt":"2021-03-02T15:16:17","guid":{"rendered":"https:\/\/charleroi-pourlapalestine.be\/?p=23671"},"modified":"2021-03-02T16:16:19","modified_gmt":"2021-03-02T15:16:19","slug":"la-feministe-palestinienne-khalida-jarrar-condamnee-a-deux-ans-de-prison","status":"publish","type":"post","link":"https:\/\/charleroi-pourlapalestine.be\/index.php\/2021\/03\/02\/la-feministe-palestinienne-khalida-jarrar-condamnee-a-deux-ans-de-prison\/","title":{"rendered":"La f\u00e9ministe palestinienne Khalida Jarrar condamn\u00e9e \u00e0 deux ans de prison"},"content":{"rendered":"<p>Dans le cadre de la derni\u00e8re injustice perp\u00e9tr\u00e9e dans les tribunaux militaires isra\u00e9liens ill\u00e9gaux,<a href=\"https:\/\/charleroi-pourlapalestine.be\/index.php\/tag\/khalida-jarrar\/\" target=\"_blank\" rel=\"noopener noreferrer\"> <strong>Khalida Jarrar,<\/strong><\/a> parlementaire palestinienne de gauche, f\u00e9ministe et d\u00e9fenseuse des droits des prisonniers a \u00e9t\u00e9 condamn\u00e9e \u00e0 deux ans de prison en Isra\u00ebl, ce lundi 1er mars 2021.<\/p>\n<p><img loading=\"lazy\" decoding=\"async\" class=\"aligncenter wp-image-20340 size-full\" src=\"https:\/\/charleroi-pourlapalestine.be\/wp-content\/uploads\/2020\/12\/khalida-jarrar-1449513134_1_0-1024x622-1-e1607685457485.jpg\" alt=\"\" width=\"527\" height=\"320\"><\/p>\n<p>Cela signifie qu\u2019elle sera lib\u00e9r\u00e9e fin octobre 2021, deux ans apr\u00e8s <a href=\"https:\/\/samidoun.net\/2019\/10\/breaking-news-israeli-occupation-forces-arrest-khalida-jarrar-palestinian-leftist-feminist-parliamentarian\/\" target=\"_blank\" rel=\"noopener noreferrer\">son arrestation la plus r\u00e9cente par plus de 70 soldats arm\u00e9s de l\u2019occupation isra\u00e9lienne<\/a>, qui avaient fait irruption chez elle le 31 octobre 2019. Cette sentence a \u00e9t\u00e9 prononc\u00e9e quelques jours \u00e0 peine apr\u00e8s que <strong>la f\u00e9ministe palestinienne<a href=\"https:\/\/charleroi-pourlapalestine.be\/index.php\/tag\/khitam-saafin\/\"> Khitam Saafin<\/a><\/strong> s\u2019est vu infliger <strong>quatre mois suppl\u00e9mentaires de d\u00e9tention administrative<\/strong> (emprisonnement sans accusation ni proc\u00e8s). <strong>Samidoun Palestinian Prisoner Solidarity Network<\/strong> (R\u00e9seau Samidoun de soutien aux prisonniers palestiniens) d\u00e9nonce cette condamnation injuste inflig\u00e9e \u00e0 Khalida Jarrar et r\u00e9clame sa lib\u00e9ration imm\u00e9diate en m\u00eame temps que celle de ses compagnes palestiniennes \u00e9galement emprisonn\u00e9es.<\/p>\n<p>Devant un tribunal militaire isra\u00e9lien, la dirigeante politique de renomm\u00e9e internationale a \u00e9t\u00e9 accus\u00e9e <em>\u00ab&nbsp;d\u2019occuper un poste au sein d\u2019une organisation interdite&nbsp;\u00bb,<\/em> le <strong>Front populaire pour la lib\u00e9ration de la Palestine (FPLP)<\/strong>. \u00c0 l\u2019instar de tous les partis politiques palestiniens importants, le parti de gauche FPLP est qualifi\u00e9 d\u2019\u00ab<em>&nbsp;organisation interdite&nbsp;\u00bb<\/em> par l\u2019occupation isra\u00e9lienne. Ces accusations sont venues apr\u00e8s de pr\u00e9c\u00e9dentes attaques antipalestiniennes de la presse \u00e0 sensation contre Jarrar et ses camarades.<\/p>\n<p>https:\/\/youtu.be\/XEoG4UBKT7I?t=15<\/p>\n<p>&nbsp;<\/p>\n<p><strong>Samidoun Palestinian Prisoner Solidarity Network<\/strong> <strong>insiste pour que les organisations f\u00e9minines, les mouvements sociaux et toutes les personnes de conscience du monde entier mettent en exergue les luttes, les exp\u00e9riences et la r\u00e9sistance de Khalida Jarrar, de Khitam Saafin et de toutes les femmes palestiniennes \u2013 dont celles qui sont d\u00e9tenues dans des prisons isra\u00e9liennes \u2013 dans le cadre des activit\u00e9s de la Journ\u00e9e internationale des femmes, le 8 mars 2021.<\/strong> Parmi ces activit\u00e9s \u2013 au cours de cette Journ\u00e9e et par la suite \u2013 figure <strong>le boycott d\u2019Isra\u00ebl, de ses institutions acad\u00e9miques et culturelles et des entreprises complices de la politique d\u2019Isra\u00ebl, comme HP, Puma, Teva Pharmaceuticals et G4S, entre autres.<\/strong><\/p>\n<p>L\u2019occupation isra\u00e9lienne cherche \u00e0 \u00e9tendre et consolider sa colonisation de la Palestine <strong>en emprisonnant<\/strong> des dirigeants palestiniens comme Khalida Jarrar et <a href=\"https:\/\/charleroi-pourlapalestine.be\/index.php\/2021\/03\/01\/campagne-de-diffamation-a-lencontre-de-samidoun\/\"><strong>en attaquant les organisations qui d\u00e9fendent les prisonniers et d\u00e9tenus palestiniens.<\/strong><\/a><\/p>\n<p><strong>Jarrar<\/strong> a \u00e9t\u00e9 arr\u00eat\u00e9e huit mois \u00e0 peine apr\u00e8s sa lib\u00e9ration \u00e0 l\u2019issue de 20 mois de d\u00e9tention administrative (emprisonnement sans accusation ni proc\u00e8s) par Isra\u00ebl \u2013 elle avait \u00e9t\u00e9 arr\u00eat\u00e9e par les forces d\u2019occupation en 2017. Au cours de sa d\u00e9tention, de 2017 \u00e0 2019, plus de 275 organisations avaient sign\u00e9 un appel international en faveur de sa lib\u00e9ration. L\u2019attaque de 2019 par les forces isra\u00e9liennes d\u2019occupation avait \u00e9galement eu lieu au moment o\u00f9 elle se pr\u00e9parait \u00e0 donner \u00e0 l\u2019Universit\u00e9 de Bir Zeit des cours sur le droit international et le mouvement palestinien. Il s\u2019en \u00e9tait suivi la suppression forc\u00e9e de sa classe et, en m\u00eame temps, un ciblage syst\u00e9matique des \u00e9tudiants en raison de leurs activit\u00e9s politiques et estudiantines sur le campus.<\/p>\n<p>Jarrar d\u00e9fend depuis tr\u00e8s longtemps la libert\u00e9 des prisonniers palestiniens et elle a \u00e9t\u00e9 nagu\u00e8re vice-pr\u00e9sidente et directrice ex\u00e9cutive de l\u2019association Addameer de soutien aux prisonniers et des droits humains. Elle est \u00e9galement membre du comit\u00e9 palestinien qui a acc\u00e9d\u00e9 au Statut de Rome de la Cour p\u00e9nale internationale et qui a pr\u00e9sent\u00e9 des preuves \u00e0 ce m\u00eame organe international \u00e0 propos des crimes isra\u00e9liens toujours en cours.<\/p>\n<p>Son arrestation \u2013 et toute une vague de propagande m\u00e9diatique isra\u00e9lienne la prenant pour cible \u2013 a connu un regain de battage au moment pr\u00e9cis o\u00f9 la procureure principale de la <strong>Cour p\u00e9nale internationale,<\/strong> <strong>Fatou Bensouda<\/strong>, faisait savoir qu\u2019elle recommandait que la <strong>CPI l<\/strong>ance une enqu\u00eate officielle sur les crimes de guerre isra\u00e9liens et les crimes contre l\u2019humanit\u00e9 perp\u00e9tr\u00e9s en Palestine. Aujourd\u2019hui, la sentence inflig\u00e9e \u00e0 Jarrar vient quelques semaines \u00e0 peine apr\u00e8s que la CPI a affirm\u00e9 la validit\u00e9 de sa juridiction sur la Palestine occup\u00e9e, et ce, malgr\u00e9 les objections de l\u2019occupation isra\u00e9lienne et de l\u2019imp\u00e9rialisme mondial qui la soutient.<\/p>\n<p>Depuis sa derni\u00e8re arrestation en 2019, Khalida Jarrar a continu\u00e9 de r\u00e9sister et de prendre la parole, rompant ainsi l\u2019isolement que le r\u00e9gime isra\u00e9lien a tent\u00e9 de lui imposer. Elle a r\u00e9dig\u00e9<a href=\"https:\/\/charleroi-pourlapalestine.be\/index.php\/2020\/02\/21\/khalida-jarrar-dans-ses-propres-termes-lage-de-la-liberte-viendra\/\"> la pr\u00e9face<\/a> du livre de <strong>Ramzy Baroud<\/strong>, <a href=\"https:\/\/www.amazon.com\/These-Chains-Will-Broken-Palestinian\/dp\/1949762092\"><em><strong>These Chains Will Be Broken<\/strong><\/em><\/a> (Ces cha\u00eenes seront bris\u00e9es), qui raconte le v\u00e9cu de prisonniers et de d\u00e9tenus palestiniens&nbsp;:<\/p>\n<blockquote><p>\u00ab&nbsp;En r\u00e9alit\u00e9, ce ne sont pas que des r\u00e9cits de prison. Pour les Palestiniens, la prison est un microcosme de la lutte bien plus large d\u2019un peuple qui refuse d\u2019\u00eatre asservi sur sa propre terre et qui est d\u00e9termin\u00e9 \u00e0 reconqu\u00e9rir sa libert\u00e9, avec la m\u00eame volont\u00e9 et la m\u00eame \u00e9nergie exprim\u00e9es par toute nation triomphante apr\u00e8s avoir \u00e9t\u00e9 auparavant colonis\u00e9e.&nbsp;\u00bb<\/p><\/blockquote>\n<p>Les filles de Jarrar, Suha et Yafa, ont transmis <a href=\"https:\/\/charleroi-pourlapalestine.be\/index.php\/2020\/12\/11\/khalida-jarrar-fait-passer-en-fraude-une-lettre-adressee-au-festival-palestine-writes\/\"><strong>un message sp\u00e9cial de leur m\u00e8re adress\u00e9 au Palestine Writes Literature Festival<\/strong><\/a> qui s\u2019est tenu en d\u00e9cembre 2020. Cette lettre parle du r\u00e9gime de surveillance et de l\u2019interdiction d\u2019acc\u00e8s aux ouvrages litt\u00e9raires et culturels qui frappe les prisonniers palestiniens et le travail&nbsp;d\u2019\u00e9ducation qu\u2019ils organisent eux-m\u00eames, de m\u00eame que leur cr\u00e9ativit\u00e9 et leur r\u00e9sistance du moment. Elle \u00e9crit&nbsp;:<\/p>\n<blockquote><p>Depuis la prison isra\u00e9lienne de <strong>Damon<\/strong>, situ\u00e9e au sommet du mont Carmel \u00e0<strong> Ha\u00effa<\/strong>, je vous adresse mes salutations au nom de moi-m\u00eame et de mes 40 camarades, toutes combattantes palestiniennes pour la libert\u00e9 d\u00e9tenues dans des prisons isra\u00e9liennes.<\/p>\n<p>Nous adressons nos salutations et nos respects l\u00e9gitimes \u00e0 tous les \u00e9crivains, \u00e9rudits, intellectuels et artistes qui disent la v\u00e9rit\u00e9 et qui r\u00e9clament la libert\u00e9 et la justice pour tous et qui d\u00e9fendent le droit des gens \u00e0 l\u2019autod\u00e9termination tout en s\u2019opposant \u00e0 la domination coloniale raciste.<\/p>\n<p>\u00c0 cette occasion, permettez-moi, s\u2019il vous pla\u00eet, d\u2019\u00e9galement adresser nos salutations et notre soutien \u00e0 tous les \u00e9crivains, \u00e9rudits, intellectuels et artistes arabes qui rejettent la normalisation avec le syst\u00e8me isra\u00e9lien d\u2019implantation coloniale et qui ont refus\u00e9 d\u2019accepter les accords de normalisation entre les \u00c9mirats, Bahre\u00efn et le Soudan d\u2019une part et l\u2019entit\u00e9 sioniste d\u2019autre part. Ce sont des prises de position de ce genre qui repr\u00e9sentent les v\u00e9ritables liens entre notre peuple au sein du monde arabe et qui nous fortifient de l\u2019int\u00e9rieur, nous, les prisonniers.<\/p>\n<p>Bien que, physiquement, nous soyons gard\u00e9s emprisonn\u00e9s derri\u00e8re des barri\u00e8res et des barreaux, nos \u00e2mes restent libres et s\u2019\u00e9l\u00e8vent en fl\u00e8che vers les cieux de la Palestine et du monde entier. Qu\u2019importe la duret\u00e9 des pratiques et des mesures punitives impos\u00e9es par l\u2019occupation isra\u00e9lienne, notre voix libre continuera \u00e0 s\u2019exprimer au nom de notre peuple qui a endur\u00e9 des catastrophes horribles, la d\u00e9portation, l\u2019occupation et des arrestations. Il continuera \u00e9galement \u00e0 faire conna\u00eetre au monde cette forte Volont\u00e9 palestinienne qui, infatigablement, rejettera et d\u00e9fiera le colonialisme sous toutes ses formes. Nous \u0153uvrons \u00e0 \u00e9tablir et \u00e0 consolider les valeurs humaines et \u00e0 lutter pour obtenir une lib\u00e9ration sociale et \u00e9conomique qui unira les peuples libres du monde entier.<\/p><\/blockquote>\n<p>En 2014, elle s\u2019\u00e9tait oppos\u00e9e \u2013 avec succ\u00e8s \u2013 \u00e0 une tentative isra\u00e9lienne de l\u2019arracher de son domicile familial \u00e0 el-Bireh afin de la d\u00e9porter \u00e0 J\u00e9richo. Ce n\u2019est que neuf mois plus tard, en avril 2015, qu\u2019elle avait \u00e9t\u00e9 arr\u00eat\u00e9e par les forces isra\u00e9liennes d\u2019occupation et plac\u00e9e en d\u00e9tention administrative (emprisonnement sans accusation ni proc\u00e8s). Apr\u00e8s des protestations au niveau mondial, elle avait d\u00fb compara\u00eetre devant les tribunaux militaires isra\u00e9liens et r\u00e9pondre de douze accusations s\u2019appuyant sur ses activit\u00e9s politiques, allant de la tenue de discours \u00e0 la pr\u00e9sence \u00e0 des manifestations de soutien aux prisonniers palestiniens. Elle avait purg\u00e9 15 mois dans une prison isra\u00e9lienne et n\u2019avait \u00e9t\u00e9 libre ensuite que pendant 13 mois avant d\u2019\u00eatre arr\u00eat\u00e9e \u00e0 nouveau en 2017.<\/p>\n<p><strong>Nous r\u00e9clamons la lib\u00e9ration imm\u00e9diate de Khalida Jarrar et nous nous engageons \u00e0 nous organiser pour la lib\u00e9ration de tous les prisonniers palestiniens et de la Palestine, du fleuve \u00e0 la mer&nbsp;!<\/strong><\/p>\n<p>Vous pouvez vous servir l&rsquo;image des m\u00e9dias sociaux ci-dessous afin de rallier la campagne en vue de la lib\u00e9ration de Khalida Jarrar et de ses compagnons et compagnes emprisonn\u00e9s pour raisons politiques. D\u00e9chargez ici et partagez abondamment !<\/p>\n<div class=\"span8 column_container td-post-content\" role=\"main\">\n<article id=\"post-42464\" class=\"post-42464 post type-post status-publish format-standard has-post-thumbnail hentry category-featured category-khalida-jarrar category-news category-women-prisoners\">\n<div class=\"td-post-text-content\">\n<p><img loading=\"lazy\" decoding=\"async\" class=\"aligncenter size-large wp-image-34519\" src=\"https:\/\/i2.wp.com\/samidoun.net\/site\/wp-content\/uploads\/2019\/11\/visuel-Khalida.png?resize=1024%2C1024&amp;ssl=1\" sizes=\"auto, (max-width: 700px) 100vw, 700px\" srcset=\"https:\/\/i2.wp.com\/samidoun.net\/site\/wp-content\/uploads\/2019\/11\/visuel-Khalida.png?resize=1024%2C1024&amp;ssl=1 1024w, https:\/\/samidoun.net\/site\/wp-content\/uploads\/2019\/11\/visuel-Khalida-250x250.png 250w, https:\/\/samidoun.net\/site\/wp-content\/uploads\/2019\/11\/visuel-Khalida-300x300.png 300w\" alt=\"\" data-recalc-dims=\"1\" width=\"1024\" height=\"1024\"><\/p>\n<\/div>\n<footer>\n<div class=\"wpb_row row-fluid next-prev\">\n<div class=\"span6 prev-post\">&nbsp;<\/div>\n<\/div>\n<\/footer>\n<\/article>\n<\/div>\n","protected":false},"excerpt":{"rendered":"<p>Agissons pour la lib\u00e9ration des f\u00e9ministes Khalida Jarrar et Khitam Alsaafin lors de la Journ\u00e9e internationale des femmes, le 8 mars 2021<\/p>\n","protected":false},"author":1,"featured_media":20340,"comment_status":"closed","ping_status":"closed","sticky":false,"template":"","format":"standard","meta":{"ngg_post_thumbnail":0,"footnotes":""},"categories":[209,16,106,13],"tags":[348,349],"class_list":["post-23671","post","type-post","status-publish","format-standard","has-post-thumbnail","hentry","category-cpi","category-les-femmes","category-fplp","category-les-prisionners-palestiniens","tag-khalida-jarrar","tag-khitam-saafin"],"yoast_head":"<!-- This site is optimized with the Yoast SEO plugin v27.3 - https:\/\/yoast.com\/product\/yoast-seo-wordpress\/ -->\n<title>La f\u00e9ministe palestinienne Khalida Jarrar condamn\u00e9e \u00e0 deux ans de prison<\/title>\n<meta name=\"description\" content=\"Agissons pour la lib\u00e9ration de la f\u00e9ministe Khalida Jarrar et la f\u00e9ministe Khitam Alsaafin lors de la Journ\u00e9e internationale des femmes, le 8 mars 2021\" \/>\n<meta name=\"robots\" content=\"index, follow, max-snippet:-1, max-image-preview:large, max-video-preview:-1\" \/>\n<link rel=\"canonical\" href=\"https:\/\/charleroi-pourlapalestine.be\/index.php\/2021\/03\/02\/la-feministe-palestinienne-khalida-jarrar-condamnee-a-deux-ans-de-prison\/\" \/>\n<script type=\"application\/ld+json\" class=\"yoast-schema-graph\">{\"@context\":\"https:\\\/\\\/schema.org\",\"@graph\":[{\"@type\":\"Article\",\"@id\":\"https:\\\/\\\/charleroi-pourlapalestine.be\\\/index.php\\\/2021\\\/03\\\/02\\\/la-feministe-palestinienne-khalida-jarrar-condamnee-a-deux-ans-de-prison\\\/#article\",\"isPartOf\":{\"@id\":\"https:\\\/\\\/charleroi-pourlapalestine.be\\\/index.php\\\/2021\\\/03\\\/02\\\/la-feministe-palestinienne-khalida-jarrar-condamnee-a-deux-ans-de-prison\\\/\"},\"author\":{\"name\":\"admin1873\",\"@id\":\"https:\\\/\\\/charleroi-pourlapalestine.be\\\/#\\\/schema\\\/person\\\/c19ff515112f1299d8c12671d8fe3faa\"},\"headline\":\"La f\u00e9ministe palestinienne Khalida Jarrar condamn\u00e9e \u00e0 deux ans de prison\",\"datePublished\":\"2021-03-02T15:16:17+00:00\",\"dateModified\":\"2021-03-02T15:16:19+00:00\",\"mainEntityOfPage\":{\"@id\":\"https:\\\/\\\/charleroi-pourlapalestine.be\\\/index.php\\\/2021\\\/03\\\/02\\\/la-feministe-palestinienne-khalida-jarrar-condamnee-a-deux-ans-de-prison\\\/\"},\"wordCount\":1524,\"publisher\":{\"@id\":\"https:\\\/\\\/charleroi-pourlapalestine.be\\\/#organization\"},\"image\":{\"@id\":\"https:\\\/\\\/charleroi-pourlapalestine.be\\\/index.php\\\/2021\\\/03\\\/02\\\/la-feministe-palestinienne-khalida-jarrar-condamnee-a-deux-ans-de-prison\\\/#primaryimage\"},\"thumbnailUrl\":\"https:\\\/\\\/charleroi-pourlapalestine.be\\\/wp-content\\\/uploads\\\/2020\\\/12\\\/khalida-jarrar-1449513134_1_0-1024x622-1-e1607685457485.jpg\",\"keywords\":[\"Khalida Jarrar\",\"Khitam Saafin\"],\"articleSection\":[\"CPI\",\"Femmes\",\"FPLP\",\"Prisonniers\"],\"inLanguage\":\"fr-FR\"},{\"@type\":\"WebPage\",\"@id\":\"https:\\\/\\\/charleroi-pourlapalestine.be\\\/index.php\\\/2021\\\/03\\\/02\\\/la-feministe-palestinienne-khalida-jarrar-condamnee-a-deux-ans-de-prison\\\/\",\"url\":\"https:\\\/\\\/charleroi-pourlapalestine.be\\\/index.php\\\/2021\\\/03\\\/02\\\/la-feministe-palestinienne-khalida-jarrar-condamnee-a-deux-ans-de-prison\\\/\",\"name\":\"La f\u00e9ministe palestinienne Khalida Jarrar condamn\u00e9e \u00e0 deux ans de prison\",\"isPartOf\":{\"@id\":\"https:\\\/\\\/charleroi-pourlapalestine.be\\\/#website\"},\"primaryImageOfPage\":{\"@id\":\"https:\\\/\\\/charleroi-pourlapalestine.be\\\/index.php\\\/2021\\\/03\\\/02\\\/la-feministe-palestinienne-khalida-jarrar-condamnee-a-deux-ans-de-prison\\\/#primaryimage\"},\"image\":{\"@id\":\"https:\\\/\\\/charleroi-pourlapalestine.be\\\/index.php\\\/2021\\\/03\\\/02\\\/la-feministe-palestinienne-khalida-jarrar-condamnee-a-deux-ans-de-prison\\\/#primaryimage\"},\"thumbnailUrl\":\"https:\\\/\\\/charleroi-pourlapalestine.be\\\/wp-content\\\/uploads\\\/2020\\\/12\\\/khalida-jarrar-1449513134_1_0-1024x622-1-e1607685457485.jpg\",\"datePublished\":\"2021-03-02T15:16:17+00:00\",\"dateModified\":\"2021-03-02T15:16:19+00:00\",\"description\":\"Agissons pour la lib\u00e9ration de la f\u00e9ministe Khalida Jarrar et la f\u00e9ministe Khitam Alsaafin lors de la Journ\u00e9e internationale des femmes, le 8 mars 2021\",\"breadcrumb\":{\"@id\":\"https:\\\/\\\/charleroi-pourlapalestine.be\\\/index.php\\\/2021\\\/03\\\/02\\\/la-feministe-palestinienne-khalida-jarrar-condamnee-a-deux-ans-de-prison\\\/#breadcrumb\"},\"inLanguage\":\"fr-FR\",\"potentialAction\":[{\"@type\":\"ReadAction\",\"target\":[\"https:\\\/\\\/charleroi-pourlapalestine.be\\\/index.php\\\/2021\\\/03\\\/02\\\/la-feministe-palestinienne-khalida-jarrar-condamnee-a-deux-ans-de-prison\\\/\"]}]},{\"@type\":\"ImageObject\",\"inLanguage\":\"fr-FR\",\"@id\":\"https:\\\/\\\/charleroi-pourlapalestine.be\\\/index.php\\\/2021\\\/03\\\/02\\\/la-feministe-palestinienne-khalida-jarrar-condamnee-a-deux-ans-de-prison\\\/#primaryimage\",\"url\":\"https:\\\/\\\/charleroi-pourlapalestine.be\\\/wp-content\\\/uploads\\\/2020\\\/12\\\/khalida-jarrar-1449513134_1_0-1024x622-1-e1607685457485.jpg\",\"contentUrl\":\"https:\\\/\\\/charleroi-pourlapalestine.be\\\/wp-content\\\/uploads\\\/2020\\\/12\\\/khalida-jarrar-1449513134_1_0-1024x622-1-e1607685457485.jpg\",\"width\":527,\"height\":320},{\"@type\":\"BreadcrumbList\",\"@id\":\"https:\\\/\\\/charleroi-pourlapalestine.be\\\/index.php\\\/2021\\\/03\\\/02\\\/la-feministe-palestinienne-khalida-jarrar-condamnee-a-deux-ans-de-prison\\\/#breadcrumb\",\"itemListElement\":[{\"@type\":\"ListItem\",\"position\":1,\"name\":\"Accueil\",\"item\":\"https:\\\/\\\/charleroi-pourlapalestine.be\\\/\"},{\"@type\":\"ListItem\",\"position\":2,\"name\":\"La f\u00e9ministe palestinienne Khalida Jarrar condamn\u00e9e \u00e0 deux ans de prison\"}]},{\"@type\":\"WebSite\",\"@id\":\"https:\\\/\\\/charleroi-pourlapalestine.be\\\/#website\",\"url\":\"https:\\\/\\\/charleroi-pourlapalestine.be\\\/\",\"name\":\"Charleroi Pour la Palestine\",\"description\":\"\",\"publisher\":{\"@id\":\"https:\\\/\\\/charleroi-pourlapalestine.be\\\/#organization\"},\"potentialAction\":[{\"@type\":\"SearchAction\",\"target\":{\"@type\":\"EntryPoint\",\"urlTemplate\":\"https:\\\/\\\/charleroi-pourlapalestine.be\\\/?s={search_term_string}\"},\"query-input\":{\"@type\":\"PropertyValueSpecification\",\"valueRequired\":true,\"valueName\":\"search_term_string\"}}],\"inLanguage\":\"fr-FR\"},{\"@type\":\"Organization\",\"@id\":\"https:\\\/\\\/charleroi-pourlapalestine.be\\\/#organization\",\"name\":\"Plate-forme Charleroi-Palestine\",\"url\":\"https:\\\/\\\/charleroi-pourlapalestine.be\\\/\",\"logo\":{\"@type\":\"ImageObject\",\"inLanguage\":\"fr-FR\",\"@id\":\"https:\\\/\\\/charleroi-pourlapalestine.be\\\/#\\\/schema\\\/logo\\\/image\\\/\",\"url\":\"https:\\\/\\\/charleroi-pourlapalestine.be\\\/wp-content\\\/uploads\\\/2020\\\/01\\\/logo-Copy.jpg\",\"contentUrl\":\"https:\\\/\\\/charleroi-pourlapalestine.be\\\/wp-content\\\/uploads\\\/2020\\\/01\\\/logo-Copy.jpg\",\"width\":180,\"height\":180,\"caption\":\"Plate-forme Charleroi-Palestine\"},\"image\":{\"@id\":\"https:\\\/\\\/charleroi-pourlapalestine.be\\\/#\\\/schema\\\/logo\\\/image\\\/\"},\"sameAs\":[\"https:\\\/\\\/www.facebook.com\\\/PlateformeCharleroiPalestine\\\/\",\"https:\\\/\\\/x.com\\\/LaCharleroi\"]},{\"@type\":\"Person\",\"@id\":\"https:\\\/\\\/charleroi-pourlapalestine.be\\\/#\\\/schema\\\/person\\\/c19ff515112f1299d8c12671d8fe3faa\",\"name\":\"admin1873\",\"url\":\"https:\\\/\\\/charleroi-pourlapalestine.be\\\/index.php\\\/author\\\/admin1873\\\/\"}]}<\/script>\n<!-- \/ Yoast SEO plugin. -->","yoast_head_json":{"title":"La f\u00e9ministe palestinienne Khalida Jarrar condamn\u00e9e \u00e0 deux ans de prison","description":"Agissons pour la lib\u00e9ration de la f\u00e9ministe Khalida Jarrar et la f\u00e9ministe Khitam Alsaafin lors de la Journ\u00e9e internationale des femmes, le 8 mars 2021","robots":{"index":"index","follow":"follow","max-snippet":"max-snippet:-1","max-image-preview":"max-image-preview:large","max-video-preview":"max-video-preview:-1"},"canonical":"https:\/\/charleroi-pourlapalestine.be\/index.php\/2021\/03\/02\/la-feministe-palestinienne-khalida-jarrar-condamnee-a-deux-ans-de-prison\/","schema":{"@context":"https:\/\/schema.org","@graph":[{"@type":"Article","@id":"https:\/\/charleroi-pourlapalestine.be\/index.php\/2021\/03\/02\/la-feministe-palestinienne-khalida-jarrar-condamnee-a-deux-ans-de-prison\/#article","isPartOf":{"@id":"https:\/\/charleroi-pourlapalestine.be\/index.php\/2021\/03\/02\/la-feministe-palestinienne-khalida-jarrar-condamnee-a-deux-ans-de-prison\/"},"author":{"name":"admin1873","@id":"https:\/\/charleroi-pourlapalestine.be\/#\/schema\/person\/c19ff515112f1299d8c12671d8fe3faa"},"headline":"La f\u00e9ministe palestinienne Khalida Jarrar condamn\u00e9e \u00e0 deux ans de prison","datePublished":"2021-03-02T15:16:17+00:00","dateModified":"2021-03-02T15:16:19+00:00","mainEntityOfPage":{"@id":"https:\/\/charleroi-pourlapalestine.be\/index.php\/2021\/03\/02\/la-feministe-palestinienne-khalida-jarrar-condamnee-a-deux-ans-de-prison\/"},"wordCount":1524,"publisher":{"@id":"https:\/\/charleroi-pourlapalestine.be\/#organization"},"image":{"@id":"https:\/\/charleroi-pourlapalestine.be\/index.php\/2021\/03\/02\/la-feministe-palestinienne-khalida-jarrar-condamnee-a-deux-ans-de-prison\/#primaryimage"},"thumbnailUrl":"https:\/\/charleroi-pourlapalestine.be\/wp-content\/uploads\/2020\/12\/khalida-jarrar-1449513134_1_0-1024x622-1-e1607685457485.jpg","keywords":["Khalida Jarrar","Khitam Saafin"],"articleSection":["CPI","Femmes","FPLP","Prisonniers"],"inLanguage":"fr-FR"},{"@type":"WebPage","@id":"https:\/\/charleroi-pourlapalestine.be\/index.php\/2021\/03\/02\/la-feministe-palestinienne-khalida-jarrar-condamnee-a-deux-ans-de-prison\/","url":"https:\/\/charleroi-pourlapalestine.be\/index.php\/2021\/03\/02\/la-feministe-palestinienne-khalida-jarrar-condamnee-a-deux-ans-de-prison\/","name":"La f\u00e9ministe palestinienne Khalida Jarrar condamn\u00e9e \u00e0 deux ans de prison","isPartOf":{"@id":"https:\/\/charleroi-pourlapalestine.be\/#website"},"primaryImageOfPage":{"@id":"https:\/\/charleroi-pourlapalestine.be\/index.php\/2021\/03\/02\/la-feministe-palestinienne-khalida-jarrar-condamnee-a-deux-ans-de-prison\/#primaryimage"},"image":{"@id":"https:\/\/charleroi-pourlapalestine.be\/index.php\/2021\/03\/02\/la-feministe-palestinienne-khalida-jarrar-condamnee-a-deux-ans-de-prison\/#primaryimage"},"thumbnailUrl":"https:\/\/charleroi-pourlapalestine.be\/wp-content\/uploads\/2020\/12\/khalida-jarrar-1449513134_1_0-1024x622-1-e1607685457485.jpg","datePublished":"2021-03-02T15:16:17+00:00","dateModified":"2021-03-02T15:16:19+00:00","description":"Agissons pour la lib\u00e9ration de la f\u00e9ministe Khalida Jarrar et la f\u00e9ministe Khitam Alsaafin lors de la Journ\u00e9e internationale des femmes, le 8 mars 2021","breadcrumb":{"@id":"https:\/\/charleroi-pourlapalestine.be\/index.php\/2021\/03\/02\/la-feministe-palestinienne-khalida-jarrar-condamnee-a-deux-ans-de-prison\/#breadcrumb"},"inLanguage":"fr-FR","potentialAction":[{"@type":"ReadAction","target":["https:\/\/charleroi-pourlapalestine.be\/index.php\/2021\/03\/02\/la-feministe-palestinienne-khalida-jarrar-condamnee-a-deux-ans-de-prison\/"]}]},{"@type":"ImageObject","inLanguage":"fr-FR","@id":"https:\/\/charleroi-pourlapalestine.be\/index.php\/2021\/03\/02\/la-feministe-palestinienne-khalida-jarrar-condamnee-a-deux-ans-de-prison\/#primaryimage","url":"https:\/\/charleroi-pourlapalestine.be\/wp-content\/uploads\/2020\/12\/khalida-jarrar-1449513134_1_0-1024x622-1-e1607685457485.jpg","contentUrl":"https:\/\/charleroi-pourlapalestine.be\/wp-content\/uploads\/2020\/12\/khalida-jarrar-1449513134_1_0-1024x622-1-e1607685457485.jpg","width":527,"height":320},{"@type":"BreadcrumbList","@id":"https:\/\/charleroi-pourlapalestine.be\/index.php\/2021\/03\/02\/la-feministe-palestinienne-khalida-jarrar-condamnee-a-deux-ans-de-prison\/#breadcrumb","itemListElement":[{"@type":"ListItem","position":1,"name":"Accueil","item":"https:\/\/charleroi-pourlapalestine.be\/"},{"@type":"ListItem","position":2,"name":"La f\u00e9ministe palestinienne Khalida Jarrar condamn\u00e9e \u00e0 deux ans de prison"}]},{"@type":"WebSite","@id":"https:\/\/charleroi-pourlapalestine.be\/#website","url":"https:\/\/charleroi-pourlapalestine.be\/","name":"Charleroi Pour la Palestine","description":"","publisher":{"@id":"https:\/\/charleroi-pourlapalestine.be\/#organization"},"potentialAction":[{"@type":"SearchAction","target":{"@type":"EntryPoint","urlTemplate":"https:\/\/charleroi-pourlapalestine.be\/?s={search_term_string}"},"query-input":{"@type":"PropertyValueSpecification","valueRequired":true,"valueName":"search_term_string"}}],"inLanguage":"fr-FR"},{"@type":"Organization","@id":"https:\/\/charleroi-pourlapalestine.be\/#organization","name":"Plate-forme Charleroi-Palestine","url":"https:\/\/charleroi-pourlapalestine.be\/","logo":{"@type":"ImageObject","inLanguage":"fr-FR","@id":"https:\/\/charleroi-pourlapalestine.be\/#\/schema\/logo\/image\/","url":"https:\/\/charleroi-pourlapalestine.be\/wp-content\/uploads\/2020\/01\/logo-Copy.jpg","contentUrl":"https:\/\/charleroi-pourlapalestine.be\/wp-content\/uploads\/2020\/01\/logo-Copy.jpg","width":180,"height":180,"caption":"Plate-forme Charleroi-Palestine"},"image":{"@id":"https:\/\/charleroi-pourlapalestine.be\/#\/schema\/logo\/image\/"},"sameAs":["https:\/\/www.facebook.com\/PlateformeCharleroiPalestine\/","https:\/\/x.com\/LaCharleroi"]},{"@type":"Person","@id":"https:\/\/charleroi-pourlapalestine.be\/#\/schema\/person\/c19ff515112f1299d8c12671d8fe3faa","name":"admin1873","url":"https:\/\/charleroi-pourlapalestine.be\/index.php\/author\/admin1873\/"}]}},"_links":{"self":[{"href":"https:\/\/charleroi-pourlapalestine.be\/index.php\/wp-json\/wp\/v2\/posts\/23671","targetHints":{"allow":["GET"]}}],"collection":[{"href":"https:\/\/charleroi-pourlapalestine.be\/index.php\/wp-json\/wp\/v2\/posts"}],"about":[{"href":"https:\/\/charleroi-pourlapalestine.be\/index.php\/wp-json\/wp\/v2\/types\/post"}],"author":[{"embeddable":true,"href":"https:\/\/charleroi-pourlapalestine.be\/index.php\/wp-json\/wp\/v2\/users\/1"}],"replies":[{"embeddable":true,"href":"https:\/\/charleroi-pourlapalestine.be\/index.php\/wp-json\/wp\/v2\/comments?post=23671"}],"version-history":[{"count":0,"href":"https:\/\/charleroi-pourlapalestine.be\/index.php\/wp-json\/wp\/v2\/posts\/23671\/revisions"}],"wp:featuredmedia":[{"embeddable":true,"href":"https:\/\/charleroi-pourlapalestine.be\/index.php\/wp-json\/wp\/v2\/media\/20340"}],"wp:attachment":[{"href":"https:\/\/charleroi-pourlapalestine.be\/index.php\/wp-json\/wp\/v2\/media?parent=23671"}],"wp:term":[{"taxonomy":"category","embeddable":true,"href":"https:\/\/charleroi-pourlapalestine.be\/index.php\/wp-json\/wp\/v2\/categories?post=23671"},{"taxonomy":"post_tag","embeddable":true,"href":"https:\/\/charleroi-pourlapalestine.be\/index.php\/wp-json\/wp\/v2\/tags?post=23671"}],"curies":[{"name":"wp","href":"https:\/\/api.w.org\/{rel}","templated":true}]}}