{"id":23694,"date":"2021-03-03T07:56:23","date_gmt":"2021-03-03T06:56:23","guid":{"rendered":"https:\/\/charleroi-pourlapalestine.be\/?p=23694"},"modified":"2021-03-03T08:24:43","modified_gmt":"2021-03-03T07:24:43","slug":"quand-reunion-de-travail-en-arabe-devient-retour-a-gaza-en-hebreu","status":"publish","type":"post","link":"https:\/\/charleroi-pourlapalestine.be\/index.php\/2021\/03\/03\/quand-reunion-de-travail-en-arabe-devient-retour-a-gaza-en-hebreu\/","title":{"rendered":"Quand <em>\u00ab r\u00e9union de travail \u00bb<\/em> en arabe devient <em>\u00ab retour \u00e0 Gaza \u00bb<\/em> en h\u00e9breu"},"content":{"rendered":"<p><em>En septembre de la m\u00eame ann\u00e9e, Mohammed Habash avait re\u00e7u une autorisation d\u2019entrer \u00e0 Gaza. Sur l\u2019autorisation, les employ\u00e9s de l\u2019Administration civile avaient \u00e9crit en arabe : \u00abbesoins imm\u00e9diats \u2013 r\u00e9union de travail\u00bb. En h\u00e9breu, que Habbash ne lit pas, ils avaient \u00e9crit : \u00abbesoins sp\u00e9ciaux \u2013 retour dans la zone de Gaza\u00bb.<\/em><\/p>\n<div id=\"attachment_23700\" style=\"width: 580px\" class=\"wp-caption alignnone\"><img loading=\"lazy\" decoding=\"async\" aria-describedby=\"caption-attachment-23700\" class=\"wp-image-23700 size-full\" src=\"https:\/\/charleroi-pourlapalestine.be\/wp-content\/uploads\/2021\/03\/Gisha-e1614753555465.png\" alt=\"\" width=\"570\" height=\"320\"><p id=\"caption-attachment-23700\" class=\"wp-caption-text\">Photo : Gisha, une association qui a pour objectif de prot\u00e9ger la libert\u00e9 de mouvement des Palestiniens<\/p><\/div>\n<p><a href=\"https:\/\/charleroi-pourlapalestine.be\/index.php\/tag\/amira-hass\/\"><strong>Amira Hass<\/strong><\/a>, 2 mars 2021<\/p>\n<p>L\u2019\u00c9tat pr\u00e9tend que <strong>Mohammed Habbash,<\/strong> 41 ans, a d\u00e9cid\u00e9 de retourner \u00e0 <strong>Gaza<\/strong> et de s\u2019y \u00e9tablir et que, par cons\u00e9quent, il lui est d\u00e9sormais interdit d\u2019en repartir. <strong>Habbash<\/strong> pr\u00e9tend que ce n\u2019est pas vrai&nbsp;: Il est r\u00e9sident de<strong> Bethl\u00e9em<\/strong>, comme le montre l\u2019adresse inscrite sur sa carte d\u2019identit\u00e9. Il travaille en <strong>Isra\u00ebl,<\/strong> dans la construction, et c\u2019est ainsi qu\u2019il subvient aux besoins de sa femme et de ses enfants, qui vivent \u00e0 Gaza. L\u2019\u00c9tat \u2013 autrement dit le <em><strong>Coordinateur des activit\u00e9s gouvernementales dans les territoires, ou COGAT<\/strong><\/em> \u2013 insiste&nbsp;: Il a \u00e9lu domicile \u00e0 Gaza. Alors que lui, <strong>Mohammed Habbash<\/strong>, insiste sur le fait qu\u2019il est contraint de rester \u00e0 <strong>Gaza<\/strong> contre son gr\u00e9.<\/p>\n<p>L\u2019\u00c9tat exhibe un formulaire plut\u00f4t bizarro\u00efde sign\u00e9 par <strong>Habbash<\/strong> et intitul\u00e9 <strong><em>\u00ab&nbsp;D\u00e9claration&nbsp;\u00bb<\/em><\/strong>. Mais la d\u00e9claration est au nom de l\u2019<em><strong>Administration civile<\/strong><\/em> (laquelle est subordonn\u00e9e au COGAT) et elle n\u2019est pas dat\u00e9e. Elle dit ceci&nbsp;:<\/p>\n<blockquote><p>\u00ab&nbsp;Votre demande de permis de transit de la zone de Jud\u00e9e et Samarie vers la bande de Gaza a \u00e9t\u00e9 approuv\u00e9e sur base de votre d\u00e9claration exprimant votre d\u00e9sir de transf\u00e9rer le centre de votre existence dans la bande de Gaza.&nbsp;\u00bb<\/p><\/blockquote>\n<p><strong>Habbash<\/strong> se rappelle vaguement qu\u2019en 2017, on lui avait demand\u00e9 de signer un papelard au bureau de l\u2019<em><strong>Administration civile<\/strong><\/em>, \u00e0<strong> Gush Etzion<\/strong>. Il n\u2019avait pas compris tout \u00e0 fait de quoi il retournait et il ne se rendait certainement pas compte des cons\u00e9quences que cela pouvait avoir. Sa m\u00e8re \u00e9tait malade. Il voulait lui rendre visite. Les employ\u00e9s de l\u2019<em><strong>Administration civile<\/strong><\/em> lui avaient donn\u00e9 \u00e0 comprendre qu\u2019en signant le formulaire, il pourrait obtenir un permis plus rapidement. Des circonstances personnelles l\u2019avaient emp\u00each\u00e9 de faire le voyage imm\u00e9diatement et, heureusement, l\u2019\u00e9tat de sant\u00e9 de sa m\u00e8re s\u2019\u00e9tait stabilis\u00e9.<\/p>\n<p>En septembre de la m\u00eame ann\u00e9e, il avait re\u00e7u une autorisation d\u2019entrer \u00e0<strong> Gaza.<\/strong> Sur l\u2019autorisation, les employ\u00e9s de l\u2019<em><strong>Administration civile<\/strong> <\/em>avaient \u00e9crit en arabe&nbsp;: \u00ab<em>&nbsp;besoins imm\u00e9diats \u2013 r\u00e9union de travail&nbsp;\u00bb.<\/em> En h\u00e9breu, que <strong>Habbash<\/strong> ne lit pas, ils avaient \u00e9crit&nbsp;: <em>\u00ab&nbsp;besoins sp\u00e9ciaux \u2013 retour dans la zone de Gaza&nbsp;\u00bb.<\/em> La diff\u00e9rence entre ce qui est \u00e9crit dans les deux langues est curieuse et, administrativement, elle n\u2019est pas correcte. Quand <strong>Habbash<\/strong> avait voulu retourner en <strong>Cisjordanie<\/strong>, sa demande avait \u00e9t\u00e9 refus\u00e9e, et on avait invoqu\u00e9 plusieurs excuses. Mais le pr\u00e9texte de son <em>\u00ab&nbsp;installation permanente&nbsp;\u00bb<\/em> \u00e0 <strong>Gaza<\/strong> n\u2019avait pas \u00e9t\u00e9 mentionn\u00e9.<\/p>\n<p>C\u2019est seulement deux ans plus tard que <strong>Habbash<\/strong> a pu regagner son domicile en Cisjordanie, en passant par la<strong> Jordanie. Isra\u00ebl<\/strong> contr\u00f4le le passage du pont <strong>Allenby<\/strong> et, sur place, les inspecteurs frontaliers isra\u00e9liens l\u2019ont laiss\u00e9 entrer.<\/p>\n<div id=\"attachment_23698\" style=\"width: 178px\" class=\"wp-caption alignleft\"><img loading=\"lazy\" decoding=\"async\" aria-describedby=\"caption-attachment-23698\" class=\"wp-image-23698 size-full\" src=\"https:\/\/charleroi-pourlapalestine.be\/wp-content\/uploads\/2021\/03\/Mohammed-Habash.jpg\" alt=\"\" width=\"168\" height=\"301\"><p id=\"caption-attachment-23698\" class=\"wp-caption-text\">Mohammed Habbash<\/p><\/div>\n<p>Une ann\u00e9e s\u2019est \u00e9coul\u00e9e et, en novembre 2020, le p\u00e8re de <strong>Habbash<\/strong> est d\u00e9c\u00e9d\u00e9 \u00e0<strong> Gaza<\/strong>. La demande introduite par<strong> Habbash<\/strong> pour obtenir une autorisation d\u2019entrer \u00e0 <strong>Gaza<\/strong> n\u2019a pas \u00e9t\u00e9 accord\u00e9e imm\u00e9diatement, pr\u00e9tendument \u00e0 cause du coronavirus. Apr\u00e8s que l\u2019organisation <em><strong>Gisha<\/strong><\/em> eut introduit la demande pour lui, il a enfin re\u00e7u une autorisation, \u00e0 condition de rester \u00e0<strong> Gaza<\/strong> pendant deux semaines au moins et de demander une autorisation de retour en <strong>Cisjordanie<\/strong> au moins une semaine avant la date pr\u00e9vue de son d\u00e9part.<\/p>\n<p>Le 3 janvier, <strong>Habbash<\/strong> a soumis une demande d\u2019autorisation de retour. L\u2019<em><strong>Administration civile<\/strong><\/em> a mis trois semaines avant de lui r\u00e9pondre, insistant ensuite pour que la demande soit introduite \u00e0 <strong>Bethl\u00e9em.<\/strong> Puis elle avait r\u00e9pondu qu\u2019en raison du coronavirus,<strong> Habbash<\/strong> ne pouvait retourner chez lui. &nbsp;<em><strong>Gisha<\/strong><\/em> est alors all\u00e9 en appel au tribunal des <em><strong>Affaires administratives<\/strong><\/em> \u00e0<strong> J\u00e9rusalem<\/strong>. Dans sa r\u00e9ponse \u00e0 la demande, le district attorney de J\u00e9rusalem a soulev\u00e9 pour la premi\u00e8re fois l\u2019argument selon lequel <strong>Habbash<\/strong> <em>\u00ab&nbsp;s\u2019\u00e9tait domicili\u00e9 \u00e0 Gaza&nbsp;\u00bb<\/em>. Et c\u2019est ainsi qu\u2019une autorisation de visite pour des raisons humanitaires s\u2019est mu\u00e9e en un enfermement \u00e0 <strong>Gaza.<\/strong><\/p>\n<p>Quand, en 2001, apr\u00e8s avoir v\u00e9cu trois ans en <strong>Cisjordanie, Habbash<\/strong> avait troqu\u00e9 son adresse \u00e0 <strong>Gaza<\/strong> pour se domicilier en <strong>Cisjordanie<\/strong>, ce n\u2019\u00e9tait pas dans l\u2019intention de retourner s\u2019installer d\u00e9finitivement \u00e0<strong> Gaza.<\/strong> Dans un appel t\u00e9l\u00e9phonique lundi, <strong>Habbash<\/strong> a d\u00e9clar\u00e9&nbsp;:<\/p>\n<blockquote><p>\u00ab&nbsp;Oui, c\u2019est p\u00e9nible de vivre loin de mes enfants et de ma femme, mais ce l\u2019est encore plus de ne pas \u00eatre en mesure de subvenir \u00e0 leurs besoins et de leur payer leurs \u00e9tudes. Ma fille a\u00een\u00e9e est \u00e0 l\u2019universit\u00e9, pour l\u2019instant.&nbsp;\u00bb<\/p><\/blockquote>\n<p>\u00c0 <strong>Gaza<\/strong>, le taux de ch\u00f4mage est de 43&nbsp;pour 100. En<strong> Cisjordanie<\/strong>, le co\u00fbt de la vie est plus \u00e9lev\u00e9. La s\u00e9paration douloureuse de sa famille est ce qui lui donne la possibilit\u00e9 de lui venir en aide.<\/p>\n<p><em><strong>Gisha<\/strong> <\/em>explique que le cas de<strong> Habbash<\/strong> est embl\u00e9matique d\u2019un ph\u00e9nom\u00e8ne plus r\u00e9pandu&nbsp;: les <strong>Palestiniens q<\/strong>ui vivent en <strong>Cisjordanie<\/strong> demandent de pouvoir aller en visite \u00e0 <strong>Gaza <\/strong>pour les rares raisons humanitaires tol\u00e9r\u00e9es (rendre visite \u00e0 un parent au premier degr\u00e9 en train de mourir ou suite au d\u00e9c\u00e8s d\u2019un parent au premier degr\u00e9). C\u2019est<strong> Isra\u00ebl<\/strong> qui, \u00e0 l\u2019issue de nombreuses demandes et d\u2019une longue attente, a approuv\u00e9 le changement d\u2019adresse sur leur CI, de <strong>Gaza<\/strong> \u00e0 la <strong>Cisjordanie.<\/strong> Quand ils vont chercher l\u2019autorisation, les gens du bureau de l\u2019<em><strong>Administration civile<\/strong><\/em> leur font signer ce formulaire de d\u00e9claration \u00e0 propos de leur<em> \u00ab&nbsp;installation \u00e0 Gaza&nbsp;\u00bb<\/em>. Et, comme dans le cas de <strong>Habbash,<\/strong> c\u2019est un pi\u00e8ge de plus qu\u2019on leur tend au beau milieu de leurs conditions personnelles d\u00e9j\u00e0 passablement difficiles. Non seulement, il s\u2019agit d\u2019une tactique sournoise, mais cela constitue \u00e9galement une infraction aux lois internationales.<\/p>\n<hr>\n<p>Publi\u00e9 le 2 mars 2021 sur <a href=\"https:\/\/www.haaretz.com\/opinion\/.premium-in-arabic-work-meeting-in-hebrew-return-to-gaza-an-israeli-underhanded-trick-1.9581037\" target=\"_blank\" rel=\"noopener noreferrer\">Haaretz<\/a><br \/>\nTraduction : Jean-Marie Fl\u00e9mal, <a href=\"https:\/\/charleroi-pourlapalestine.be\/\">Charleroi pour la Palestine<\/a><\/p>\n<div id=\"attachment_21241\" style=\"width: 160px\" class=\"wp-caption alignleft\"><img loading=\"lazy\" decoding=\"async\" aria-describedby=\"caption-attachment-21241\" class=\"wp-image-21241 size-thumbnail\" src=\"https:\/\/charleroi-pourlapalestine.be\/wp-content\/uploads\/2021\/01\/amira-hass-150x150.jpg\" alt=\"\" width=\"150\" height=\"150\" srcset=\"https:\/\/charleroi-pourlapalestine.be\/wp-content\/uploads\/2021\/01\/amira-hass-150x150.jpg 150w, https:\/\/charleroi-pourlapalestine.be\/wp-content\/uploads\/2021\/01\/amira-hass-160x160.jpg 160w\" sizes=\"auto, (max-width: 150px) 100vw, 150px\" \/><p id=\"caption-attachment-21241\" class=\"wp-caption-text\">Amira Hass<\/p><\/div>\n<p><strong>Amira Hass<\/strong> est une journaliste isra\u00e9lienne, travaillant pour le journal <strong>Haaretz<\/strong>. Elle a \u00e9t\u00e9 pendant de longues ann\u00e9es l\u2019unique journaliste isra\u00e9lien \u00e0 vivre \u00e0 <strong>Gaza<\/strong>, et a notamment \u00e9crit \u00ab&nbsp;<em>Boire la mer \u00e0 Gaza<\/em>&nbsp;\u00bb (Editions La Fabrique)<\/p>\n","protected":false},"excerpt":{"rendered":"<p>Quand l\u2019Administration civile isra\u00e9lienne tend des pi\u00e8ges pour emp\u00eacher la libert\u00e9 de mouvement des Palestiniens.<\/p>\n","protected":false},"author":1,"featured_media":23700,"comment_status":"closed","ping_status":"closed","sticky":false,"template":"","format":"standard","meta":{"ngg_post_thumbnail":0,"footnotes":""},"categories":[728,192],"tags":[],"class_list":["post-23694","post","type-post","status-publish","format-standard","has-post-thumbnail","hentry","category-liberte-de-mouvement","category-palestine"],"yoast_head":"<!-- This site is optimized with the Yoast SEO plugin v27.3 - https:\/\/yoast.com\/product\/yoast-seo-wordpress\/ -->\n<title>Quand \u00ab r\u00e9union de travail \u00bb en arabe devient \u00ab retour \u00e0 Gaza \u00bb en h\u00e9breu<\/title>\n<meta name=\"description\" content=\"Sur l\u2019autorisation d&#039;entrer \u00e0 Gaza, les employ\u00e9s de l\u2019Administration civile avaient \u00e9crit en h\u00e9breu, que Habbash ne lit pas, &quot;retour dans la zone de Gaza&quot;.\" \/>\n<meta name=\"robots\" content=\"index, follow, max-snippet:-1, max-image-preview:large, max-video-preview:-1\" \/>\n<link rel=\"canonical\" href=\"https:\/\/charleroi-pourlapalestine.be\/index.php\/2021\/03\/03\/quand-reunion-de-travail-en-arabe-devient-retour-a-gaza-en-hebreu\/\" \/>\n<script type=\"application\/ld+json\" class=\"yoast-schema-graph\">{\"@context\":\"https:\\\/\\\/schema.org\",\"@graph\":[{\"@type\":\"Article\",\"@id\":\"https:\\\/\\\/charleroi-pourlapalestine.be\\\/index.php\\\/2021\\\/03\\\/03\\\/quand-reunion-de-travail-en-arabe-devient-retour-a-gaza-en-hebreu\\\/#article\",\"isPartOf\":{\"@id\":\"https:\\\/\\\/charleroi-pourlapalestine.be\\\/index.php\\\/2021\\\/03\\\/03\\\/quand-reunion-de-travail-en-arabe-devient-retour-a-gaza-en-hebreu\\\/\"},\"author\":{\"name\":\"admin1873\",\"@id\":\"https:\\\/\\\/charleroi-pourlapalestine.be\\\/#\\\/schema\\\/person\\\/c19ff515112f1299d8c12671d8fe3faa\"},\"headline\":\"Quand \u00ab r\u00e9union de travail \u00bb en arabe devient \u00ab retour \u00e0 Gaza \u00bb en h\u00e9breu\",\"datePublished\":\"2021-03-03T06:56:23+00:00\",\"dateModified\":\"2021-03-03T07:24:43+00:00\",\"mainEntityOfPage\":{\"@id\":\"https:\\\/\\\/charleroi-pourlapalestine.be\\\/index.php\\\/2021\\\/03\\\/03\\\/quand-reunion-de-travail-en-arabe-devient-retour-a-gaza-en-hebreu\\\/\"},\"wordCount\":1176,\"publisher\":{\"@id\":\"https:\\\/\\\/charleroi-pourlapalestine.be\\\/#organization\"},\"image\":{\"@id\":\"https:\\\/\\\/charleroi-pourlapalestine.be\\\/index.php\\\/2021\\\/03\\\/03\\\/quand-reunion-de-travail-en-arabe-devient-retour-a-gaza-en-hebreu\\\/#primaryimage\"},\"thumbnailUrl\":\"https:\\\/\\\/charleroi-pourlapalestine.be\\\/wp-content\\\/uploads\\\/2021\\\/03\\\/Gisha-e1614753555465.png\",\"articleSection\":[\"Libert\u00e9 de mouvement\",\"Palestine\"],\"inLanguage\":\"fr-FR\"},{\"@type\":\"WebPage\",\"@id\":\"https:\\\/\\\/charleroi-pourlapalestine.be\\\/index.php\\\/2021\\\/03\\\/03\\\/quand-reunion-de-travail-en-arabe-devient-retour-a-gaza-en-hebreu\\\/\",\"url\":\"https:\\\/\\\/charleroi-pourlapalestine.be\\\/index.php\\\/2021\\\/03\\\/03\\\/quand-reunion-de-travail-en-arabe-devient-retour-a-gaza-en-hebreu\\\/\",\"name\":\"Quand \u00ab r\u00e9union de travail \u00bb en arabe devient \u00ab retour \u00e0 Gaza \u00bb en h\u00e9breu\",\"isPartOf\":{\"@id\":\"https:\\\/\\\/charleroi-pourlapalestine.be\\\/#website\"},\"primaryImageOfPage\":{\"@id\":\"https:\\\/\\\/charleroi-pourlapalestine.be\\\/index.php\\\/2021\\\/03\\\/03\\\/quand-reunion-de-travail-en-arabe-devient-retour-a-gaza-en-hebreu\\\/#primaryimage\"},\"image\":{\"@id\":\"https:\\\/\\\/charleroi-pourlapalestine.be\\\/index.php\\\/2021\\\/03\\\/03\\\/quand-reunion-de-travail-en-arabe-devient-retour-a-gaza-en-hebreu\\\/#primaryimage\"},\"thumbnailUrl\":\"https:\\\/\\\/charleroi-pourlapalestine.be\\\/wp-content\\\/uploads\\\/2021\\\/03\\\/Gisha-e1614753555465.png\",\"datePublished\":\"2021-03-03T06:56:23+00:00\",\"dateModified\":\"2021-03-03T07:24:43+00:00\",\"description\":\"Sur l\u2019autorisation d'entrer \u00e0 Gaza, les employ\u00e9s de l\u2019Administration civile avaient \u00e9crit en h\u00e9breu, que Habbash ne lit pas, \\\"retour dans la zone de Gaza\\\".\",\"breadcrumb\":{\"@id\":\"https:\\\/\\\/charleroi-pourlapalestine.be\\\/index.php\\\/2021\\\/03\\\/03\\\/quand-reunion-de-travail-en-arabe-devient-retour-a-gaza-en-hebreu\\\/#breadcrumb\"},\"inLanguage\":\"fr-FR\",\"potentialAction\":[{\"@type\":\"ReadAction\",\"target\":[\"https:\\\/\\\/charleroi-pourlapalestine.be\\\/index.php\\\/2021\\\/03\\\/03\\\/quand-reunion-de-travail-en-arabe-devient-retour-a-gaza-en-hebreu\\\/\"]}]},{\"@type\":\"ImageObject\",\"inLanguage\":\"fr-FR\",\"@id\":\"https:\\\/\\\/charleroi-pourlapalestine.be\\\/index.php\\\/2021\\\/03\\\/03\\\/quand-reunion-de-travail-en-arabe-devient-retour-a-gaza-en-hebreu\\\/#primaryimage\",\"url\":\"https:\\\/\\\/charleroi-pourlapalestine.be\\\/wp-content\\\/uploads\\\/2021\\\/03\\\/Gisha-e1614753555465.png\",\"contentUrl\":\"https:\\\/\\\/charleroi-pourlapalestine.be\\\/wp-content\\\/uploads\\\/2021\\\/03\\\/Gisha-e1614753555465.png\",\"width\":570,\"height\":320},{\"@type\":\"BreadcrumbList\",\"@id\":\"https:\\\/\\\/charleroi-pourlapalestine.be\\\/index.php\\\/2021\\\/03\\\/03\\\/quand-reunion-de-travail-en-arabe-devient-retour-a-gaza-en-hebreu\\\/#breadcrumb\",\"itemListElement\":[{\"@type\":\"ListItem\",\"position\":1,\"name\":\"Accueil\",\"item\":\"https:\\\/\\\/charleroi-pourlapalestine.be\\\/\"},{\"@type\":\"ListItem\",\"position\":2,\"name\":\"Quand \u00ab r\u00e9union de travail \u00bb en arabe devient \u00ab retour \u00e0 Gaza \u00bb en h\u00e9breu\"}]},{\"@type\":\"WebSite\",\"@id\":\"https:\\\/\\\/charleroi-pourlapalestine.be\\\/#website\",\"url\":\"https:\\\/\\\/charleroi-pourlapalestine.be\\\/\",\"name\":\"Charleroi Pour la Palestine\",\"description\":\"\",\"publisher\":{\"@id\":\"https:\\\/\\\/charleroi-pourlapalestine.be\\\/#organization\"},\"potentialAction\":[{\"@type\":\"SearchAction\",\"target\":{\"@type\":\"EntryPoint\",\"urlTemplate\":\"https:\\\/\\\/charleroi-pourlapalestine.be\\\/?s={search_term_string}\"},\"query-input\":{\"@type\":\"PropertyValueSpecification\",\"valueRequired\":true,\"valueName\":\"search_term_string\"}}],\"inLanguage\":\"fr-FR\"},{\"@type\":\"Organization\",\"@id\":\"https:\\\/\\\/charleroi-pourlapalestine.be\\\/#organization\",\"name\":\"Plate-forme Charleroi-Palestine\",\"url\":\"https:\\\/\\\/charleroi-pourlapalestine.be\\\/\",\"logo\":{\"@type\":\"ImageObject\",\"inLanguage\":\"fr-FR\",\"@id\":\"https:\\\/\\\/charleroi-pourlapalestine.be\\\/#\\\/schema\\\/logo\\\/image\\\/\",\"url\":\"https:\\\/\\\/charleroi-pourlapalestine.be\\\/wp-content\\\/uploads\\\/2020\\\/01\\\/logo-Copy.jpg\",\"contentUrl\":\"https:\\\/\\\/charleroi-pourlapalestine.be\\\/wp-content\\\/uploads\\\/2020\\\/01\\\/logo-Copy.jpg\",\"width\":180,\"height\":180,\"caption\":\"Plate-forme Charleroi-Palestine\"},\"image\":{\"@id\":\"https:\\\/\\\/charleroi-pourlapalestine.be\\\/#\\\/schema\\\/logo\\\/image\\\/\"},\"sameAs\":[\"https:\\\/\\\/www.facebook.com\\\/PlateformeCharleroiPalestine\\\/\",\"https:\\\/\\\/x.com\\\/LaCharleroi\"]},{\"@type\":\"Person\",\"@id\":\"https:\\\/\\\/charleroi-pourlapalestine.be\\\/#\\\/schema\\\/person\\\/c19ff515112f1299d8c12671d8fe3faa\",\"name\":\"admin1873\",\"url\":\"https:\\\/\\\/charleroi-pourlapalestine.be\\\/index.php\\\/author\\\/admin1873\\\/\"}]}<\/script>\n<!-- \/ Yoast SEO plugin. -->","yoast_head_json":{"title":"Quand \u00ab r\u00e9union de travail \u00bb en arabe devient \u00ab retour \u00e0 Gaza \u00bb en h\u00e9breu","description":"Sur l\u2019autorisation d'entrer \u00e0 Gaza, les employ\u00e9s de l\u2019Administration civile avaient \u00e9crit en h\u00e9breu, que Habbash ne lit pas, \"retour dans la zone de Gaza\".","robots":{"index":"index","follow":"follow","max-snippet":"max-snippet:-1","max-image-preview":"max-image-preview:large","max-video-preview":"max-video-preview:-1"},"canonical":"https:\/\/charleroi-pourlapalestine.be\/index.php\/2021\/03\/03\/quand-reunion-de-travail-en-arabe-devient-retour-a-gaza-en-hebreu\/","schema":{"@context":"https:\/\/schema.org","@graph":[{"@type":"Article","@id":"https:\/\/charleroi-pourlapalestine.be\/index.php\/2021\/03\/03\/quand-reunion-de-travail-en-arabe-devient-retour-a-gaza-en-hebreu\/#article","isPartOf":{"@id":"https:\/\/charleroi-pourlapalestine.be\/index.php\/2021\/03\/03\/quand-reunion-de-travail-en-arabe-devient-retour-a-gaza-en-hebreu\/"},"author":{"name":"admin1873","@id":"https:\/\/charleroi-pourlapalestine.be\/#\/schema\/person\/c19ff515112f1299d8c12671d8fe3faa"},"headline":"Quand \u00ab r\u00e9union de travail \u00bb en arabe devient \u00ab retour \u00e0 Gaza \u00bb en h\u00e9breu","datePublished":"2021-03-03T06:56:23+00:00","dateModified":"2021-03-03T07:24:43+00:00","mainEntityOfPage":{"@id":"https:\/\/charleroi-pourlapalestine.be\/index.php\/2021\/03\/03\/quand-reunion-de-travail-en-arabe-devient-retour-a-gaza-en-hebreu\/"},"wordCount":1176,"publisher":{"@id":"https:\/\/charleroi-pourlapalestine.be\/#organization"},"image":{"@id":"https:\/\/charleroi-pourlapalestine.be\/index.php\/2021\/03\/03\/quand-reunion-de-travail-en-arabe-devient-retour-a-gaza-en-hebreu\/#primaryimage"},"thumbnailUrl":"https:\/\/charleroi-pourlapalestine.be\/wp-content\/uploads\/2021\/03\/Gisha-e1614753555465.png","articleSection":["Libert\u00e9 de mouvement","Palestine"],"inLanguage":"fr-FR"},{"@type":"WebPage","@id":"https:\/\/charleroi-pourlapalestine.be\/index.php\/2021\/03\/03\/quand-reunion-de-travail-en-arabe-devient-retour-a-gaza-en-hebreu\/","url":"https:\/\/charleroi-pourlapalestine.be\/index.php\/2021\/03\/03\/quand-reunion-de-travail-en-arabe-devient-retour-a-gaza-en-hebreu\/","name":"Quand \u00ab r\u00e9union de travail \u00bb en arabe devient \u00ab retour \u00e0 Gaza \u00bb en h\u00e9breu","isPartOf":{"@id":"https:\/\/charleroi-pourlapalestine.be\/#website"},"primaryImageOfPage":{"@id":"https:\/\/charleroi-pourlapalestine.be\/index.php\/2021\/03\/03\/quand-reunion-de-travail-en-arabe-devient-retour-a-gaza-en-hebreu\/#primaryimage"},"image":{"@id":"https:\/\/charleroi-pourlapalestine.be\/index.php\/2021\/03\/03\/quand-reunion-de-travail-en-arabe-devient-retour-a-gaza-en-hebreu\/#primaryimage"},"thumbnailUrl":"https:\/\/charleroi-pourlapalestine.be\/wp-content\/uploads\/2021\/03\/Gisha-e1614753555465.png","datePublished":"2021-03-03T06:56:23+00:00","dateModified":"2021-03-03T07:24:43+00:00","description":"Sur l\u2019autorisation d'entrer \u00e0 Gaza, les employ\u00e9s de l\u2019Administration civile avaient \u00e9crit en h\u00e9breu, que Habbash ne lit pas, \"retour dans la zone de Gaza\".","breadcrumb":{"@id":"https:\/\/charleroi-pourlapalestine.be\/index.php\/2021\/03\/03\/quand-reunion-de-travail-en-arabe-devient-retour-a-gaza-en-hebreu\/#breadcrumb"},"inLanguage":"fr-FR","potentialAction":[{"@type":"ReadAction","target":["https:\/\/charleroi-pourlapalestine.be\/index.php\/2021\/03\/03\/quand-reunion-de-travail-en-arabe-devient-retour-a-gaza-en-hebreu\/"]}]},{"@type":"ImageObject","inLanguage":"fr-FR","@id":"https:\/\/charleroi-pourlapalestine.be\/index.php\/2021\/03\/03\/quand-reunion-de-travail-en-arabe-devient-retour-a-gaza-en-hebreu\/#primaryimage","url":"https:\/\/charleroi-pourlapalestine.be\/wp-content\/uploads\/2021\/03\/Gisha-e1614753555465.png","contentUrl":"https:\/\/charleroi-pourlapalestine.be\/wp-content\/uploads\/2021\/03\/Gisha-e1614753555465.png","width":570,"height":320},{"@type":"BreadcrumbList","@id":"https:\/\/charleroi-pourlapalestine.be\/index.php\/2021\/03\/03\/quand-reunion-de-travail-en-arabe-devient-retour-a-gaza-en-hebreu\/#breadcrumb","itemListElement":[{"@type":"ListItem","position":1,"name":"Accueil","item":"https:\/\/charleroi-pourlapalestine.be\/"},{"@type":"ListItem","position":2,"name":"Quand \u00ab r\u00e9union de travail \u00bb en arabe devient \u00ab retour \u00e0 Gaza \u00bb en h\u00e9breu"}]},{"@type":"WebSite","@id":"https:\/\/charleroi-pourlapalestine.be\/#website","url":"https:\/\/charleroi-pourlapalestine.be\/","name":"Charleroi Pour la Palestine","description":"","publisher":{"@id":"https:\/\/charleroi-pourlapalestine.be\/#organization"},"potentialAction":[{"@type":"SearchAction","target":{"@type":"EntryPoint","urlTemplate":"https:\/\/charleroi-pourlapalestine.be\/?s={search_term_string}"},"query-input":{"@type":"PropertyValueSpecification","valueRequired":true,"valueName":"search_term_string"}}],"inLanguage":"fr-FR"},{"@type":"Organization","@id":"https:\/\/charleroi-pourlapalestine.be\/#organization","name":"Plate-forme Charleroi-Palestine","url":"https:\/\/charleroi-pourlapalestine.be\/","logo":{"@type":"ImageObject","inLanguage":"fr-FR","@id":"https:\/\/charleroi-pourlapalestine.be\/#\/schema\/logo\/image\/","url":"https:\/\/charleroi-pourlapalestine.be\/wp-content\/uploads\/2020\/01\/logo-Copy.jpg","contentUrl":"https:\/\/charleroi-pourlapalestine.be\/wp-content\/uploads\/2020\/01\/logo-Copy.jpg","width":180,"height":180,"caption":"Plate-forme Charleroi-Palestine"},"image":{"@id":"https:\/\/charleroi-pourlapalestine.be\/#\/schema\/logo\/image\/"},"sameAs":["https:\/\/www.facebook.com\/PlateformeCharleroiPalestine\/","https:\/\/x.com\/LaCharleroi"]},{"@type":"Person","@id":"https:\/\/charleroi-pourlapalestine.be\/#\/schema\/person\/c19ff515112f1299d8c12671d8fe3faa","name":"admin1873","url":"https:\/\/charleroi-pourlapalestine.be\/index.php\/author\/admin1873\/"}]}},"_links":{"self":[{"href":"https:\/\/charleroi-pourlapalestine.be\/index.php\/wp-json\/wp\/v2\/posts\/23694","targetHints":{"allow":["GET"]}}],"collection":[{"href":"https:\/\/charleroi-pourlapalestine.be\/index.php\/wp-json\/wp\/v2\/posts"}],"about":[{"href":"https:\/\/charleroi-pourlapalestine.be\/index.php\/wp-json\/wp\/v2\/types\/post"}],"author":[{"embeddable":true,"href":"https:\/\/charleroi-pourlapalestine.be\/index.php\/wp-json\/wp\/v2\/users\/1"}],"replies":[{"embeddable":true,"href":"https:\/\/charleroi-pourlapalestine.be\/index.php\/wp-json\/wp\/v2\/comments?post=23694"}],"version-history":[{"count":0,"href":"https:\/\/charleroi-pourlapalestine.be\/index.php\/wp-json\/wp\/v2\/posts\/23694\/revisions"}],"wp:featuredmedia":[{"embeddable":true,"href":"https:\/\/charleroi-pourlapalestine.be\/index.php\/wp-json\/wp\/v2\/media\/23700"}],"wp:attachment":[{"href":"https:\/\/charleroi-pourlapalestine.be\/index.php\/wp-json\/wp\/v2\/media?parent=23694"}],"wp:term":[{"taxonomy":"category","embeddable":true,"href":"https:\/\/charleroi-pourlapalestine.be\/index.php\/wp-json\/wp\/v2\/categories?post=23694"},{"taxonomy":"post_tag","embeddable":true,"href":"https:\/\/charleroi-pourlapalestine.be\/index.php\/wp-json\/wp\/v2\/tags?post=23694"}],"curies":[{"name":"wp","href":"https:\/\/api.w.org\/{rel}","templated":true}]}}