{"id":24473,"date":"2021-03-30T08:14:50","date_gmt":"2021-03-30T06:14:50","guid":{"rendered":"https:\/\/charleroi-pourlapalestine.be\/?p=24473"},"modified":"2021-03-30T09:37:26","modified_gmt":"2021-03-30T07:37:26","slug":"saisir-gaza-sur-des-photos","status":"publish","type":"post","link":"https:\/\/charleroi-pourlapalestine.be\/index.php\/2021\/03\/30\/saisir-gaza-sur-des-photos\/","title":{"rendered":"Saisir Gaza sur des photos"},"content":{"rendered":"<p>De nos jours, toute personne qui poss\u00e8de un smartphone et sait comment prendre un photo est un.e photographe. Au fil des jours, \u00e0 mesure que l\u2019horloge avance, \u00e0 chaque minute, \u00e0 chaque instant, il est des souvenirs qui doivent \u00eatre gard\u00e9s, des instants \u00e0 sauvegarder, des actions \u00e0 saisir \u00e0 jamais. Il y a de la beaut\u00e9, dans les photographies. \u00catre \u00e0 m\u00eame de sauvegarder un instant, tous, il nous arrive d\u2019en avoir besoin, durant notre vie. Imaginez, par exemple, de ne pas rire \u00e0 la vue de vos photos embarrassantes de quand vous \u00e9tiez jeune&nbsp;!<\/p>\n<p><img loading=\"lazy\" decoding=\"async\" class=\"aligncenter wp-image-24475 size-full\" src=\"https:\/\/charleroi-pourlapalestine.be\/wp-content\/uploads\/2021\/03\/Gaza-e1617083661760.jpg\" alt=\"\" width=\"442\" height=\"320\"><\/p>\n<p>Yara Jouda, 4 f\u00e9vrier 2021<\/p>\n<p>Je ne bl\u00e2me personne d\u2019aimer la photographie mais, quand il s\u2019agit de nous, les Gazaouies, nous consid\u00e9rons la chose selon une tout autre perspective. Ici, les gens appuient sur le bouton pour saisir un moment qu\u2019ils ont l\u2019intention de ne jamais oublier, qu\u2019il s\u2019agisse d\u2019un instant de bonheur, de quelque chose de comique, ou de triste. Nous saisissons l\u2019amour dans les yeux des jeunes mari\u00e9s, nous saisissons leur joie. Nous saisissons le rire des enfants qui jouent dans le sable ou dans les ruelles \u00e9troites d\u2019un camp de r\u00e9fugi\u00e9s. Nous prenons un selfie quand, avec nos amis ou nos proches, nous visitons un bel endroit. Nous essayons toujours de saisir le bonheur dans chaque coin o\u00f9 nous pouvons aller.<\/p>\n<p>Mais nous saisissons aussi la tristesse dans les yeux de ceux qui ont perdu des \u00eatres chers dans un bombardement soudain. Nous saisissons les larmes d\u2019une m\u00e8re martyris\u00e9e quand elle dit adieu \u00e0 son fils. Nous saisissons les masses d\u2019hommes pein\u00e9s venus assister aux fun\u00e9railles d\u2019un martyr et lui dire au revoir. Nous saisissons les craintes qui nous assaillent quand nous sommes forc\u00e9s de nous enfuir de nos foyers frapp\u00e9s par la guerre. Nous saisissons les crimes perp\u00e9tr\u00e9s contre nous.<\/p>\n<p>Nous ne prenons pas que des photos d\u2019\u00eatres aim\u00e9s. Nous photographions la beaut\u00e9 de tout endroit que nous aimons \u00e0 Gaza, et on peut en compter de tr\u00e8s nombreux. Si vous demandez \u00e0 quelqu\u2019un&nbsp;: <em>\u00ab&nbsp;Quel est votre endroit favori \u00e0 Gaza&nbsp;?&nbsp;\u00bb,<\/em> la r\u00e9ponse sera certainement la mer. La mer dans toute sa beaut\u00e9 \u2013 depuis le ciel jusqu\u2019\u00e0 la texture du sable, depuis les vagues blanches jusqu\u2019\u00e0 la plage jaune&nbsp;; depuis le soleil d\u2019or jusqu\u2019au soleil de pourpre, depuis les bleus de la mer jusqu\u2019au vert des algues. Les vrais amoureux de la mer peuvent entendre le bruit des vagues en se contentant de regarder une bonne photo de la mer. Tout ce paragraphe d\u00e9crit une image de la mer et, pourtant, je ne parviens m\u00eame pas \u00e0 commencer \u00e0 restituer son d\u00fb \u00e0 cette sc\u00e8ne qui vous coupe le souffle. Je n\u2019aurai jamais assez de photos de la mer. Je ne puis m\u00eame pas la saisir sous ses angles multiples afin de vous montrer ce que je vois de la beaut\u00e9 de notre mer.<\/p>\n<p>Quand nous appuyons sur le bouton de l\u2019appareil et que nous prenons une photo d\u2019un endroit d\u2019ici, \u00e0 Gaza \u2013 la maison de notre grand-p\u00e8re, notre maison, le jardin, l\u2019universit\u00e9, notre rue favorite, notre restaurant pr\u00e9f\u00e9r\u00e9 \u2013 nous le faisons en raison de la crainte de ne plus \u00eatre en mesure de revoir cet endroit plus tard. Une bombe, une grande secousse, et notre endroit n\u2019est plus l\u00e0. En lieu et place, nous retrouvons du ciment et des pierres \u00e9clat\u00e9es. Nous saisissons une image de fa\u00e7on \u00e0 ne pas oublier nos lieux, \u00e0 les faire vivre aussi longtemps que nous le pourrons, \u00e0 nous aider \u00e0 nous souvenir de ce que nous avions, \u00e0 sauvegarder nos souvenirs et \u00e0 dire \u00e0 nos enfants&nbsp;:<\/p>\n<blockquote>\n<p>\u00ab&nbsp;Dans le temps, il existait un endroit o\u00f9 ton oncle et moi allions chaque vendredi mais, aujourd\u2019hui, ce n\u2019est plus possible, \u00e0 cause d\u2019une stupide bombe.&nbsp;\u00bb<\/p>\n<\/blockquote>\n<p>Nous prenons une photo pour marquer ce qui s\u2019est pass\u00e9, pour sentir notre appartenance \u00e0 un endroit et nous rappeler les sentiments que nous \u00e9prouvions, si bien, qu\u2019importe ce qui peut nous arriver, l\u2019histoire pourra&nbsp;toujours \u00eatre racont\u00e9e par une image.<\/p>\n<div id=\"attachment_24476\" style=\"width: 396px\" class=\"wp-caption aligncenter\"><img loading=\"lazy\" decoding=\"async\" aria-describedby=\"caption-attachment-24476\" class=\"wp-image-24476 size-full\" src=\"https:\/\/charleroi-pourlapalestine.be\/wp-content\/uploads\/2021\/03\/Gaza-1-e1617083877767.jpg\" alt=\"Les Gazaouis ont converti le complexe italien d\u00e9truit en une \u0153uvre d\u2019art. (Photo : We Are Not Numbers)\" width=\"386\" height=\"320\"><p id=\"caption-attachment-24476\" class=\"wp-caption-text\">Les Gazaouis ont converti le complexe italien d\u00e9truit en une \u0153uvre d\u2019art. (Photo : We Are Not Numbers)<\/p><\/div>\n<p>Nous saisissons l\u2019amour, le bonheur, la peur et tant d\u2019autres \u00e9motions encore, en un seul clic. Une photo peut parcourir le monde entier. Les photos aujourd\u2019hui sont plus importantes que jamais \u2013 elles sont les voix et les preuves dont nous disposons pour vous faire voir ce que nous, les Gazaouis avons endur\u00e9, endurons encore et continuerons \u00e0 endurer.<\/p>\n<p>Les photos ne sont pas l\u00e0 uniquement pour vous montrer l\u2019objectif bris\u00e9 d\u2019un photographe qui a \u00e9t\u00e9 tu\u00e9 ou qui a perdu un \u0153il \u00e0 cause d\u2019une balle. Les photos sont \u00e9galement cens\u00e9es montrer le bonheur des gens qui essaient de vivre le plus pleinement possible. Quand vous d\u00e9sirez voir l\u2019amour \u00e0 Gaza, il&nbsp;vous suffit d\u2019ouvrir sur Instagram l\u2019histoire de tout photographe de Gaza sp\u00e9cialis\u00e9 dans les mariages, et ils sont nombreux. Vous seriez \u00e9tonn\u00e9s par leur cr\u00e9ativit\u00e9, par l\u2019amour qu\u2019\u00e9prouvent les proches et les amis les uns pour les autres et l\u2019amour que les jeunes mari\u00e9s montrent dans leurs yeux et vous seriez \u00e9tonn\u00e9s par cette beaut\u00e9 qui est la n\u00f4tre. Nous essayons de donner vie \u00e0 tout ce que nous pouvons et qu\u2019importe le nombre de fois o\u00f9 les choses nous laissent tomber. &nbsp;<\/p>\n<hr>\n<p>Publi\u00e9 le 4 f\u00e9vrier 2021 sur <a href=\"https:\/\/wearenotnumbers.org\/home\/Story\/Capturing_Gaza_pictures\" target=\"_blank\" rel=\"noopener noreferrer\">We are not numbers<\/a><br>Traduction : Jean-Marie Fl\u00e9mal, <a href=\"https:\/\/charleroi-pourlapalestine.be\/\">Charleroi pour la Palestine<\/a><\/p>\n<div>\n<div id=\":po\" class=\"a3s aiL \">\n<div dir=\"ltr\">\n<div id=\"attachment_24480\" style=\"width: 160px\" class=\"wp-caption alignleft\"><img loading=\"lazy\" decoding=\"async\" aria-describedby=\"caption-attachment-24480\" class=\"wp-image-24480 size-thumbnail\" src=\"https:\/\/charleroi-pourlapalestine.be\/wp-content\/uploads\/2021\/03\/Yara-150x150.jpg\" alt=\"Yara Jouda\" width=\"150\" height=\"150\"><p id=\"caption-attachment-24480\" class=\"wp-caption-text\">Yara Jouda<\/p><\/div>\n<p>Yara est une r\u00e9fugi\u00e9e palestinienne dont la ville d&rsquo;origine est<strong> Ashdod,<\/strong> qui fait partie aujourd&rsquo;hui d&rsquo;Isra\u00ebl, depuis le nettoyage ethnique de 1948. Elle d\u00e9clare : <em>\u00ab\u00a0\u00c9crire est mon hobby favori. Quand j&rsquo;\u00e9cris, je me sens comme dans mon monde \u00e0 moi. Je peux \u00e9crire sur tout ce que je veux et je me sens libre. C&rsquo;est aussi une fa\u00e7on de raconter notre v\u00e9ritable histoire au monde.\u00a0\u00bb<\/em> <strong>Yara<\/strong> aime \u00e9galement lire des romans, \u00e9couter, danser et se balader \u00e0 moto. Elle aimerait aussi patiner sur glace, si seulement Gaza avait une patinoire !<\/p>\n<p>Actuellement, Yara \u00e9tudie la litt\u00e9rature anglaise en Arabie saoudite.<\/p>\n<\/div>\n<\/div>\n<\/div>\n\n\n<p><\/p>\n","protected":false},"excerpt":{"rendered":"<p>Les photos sont les voix et les preuves dont nous disposons pour vous faire voir ce que nous, les Gazaouis avons endur\u00e9, endurons encore et continuerons \u00e0 endurer.<\/p>\n","protected":false},"author":1,"featured_media":24475,"comment_status":"closed","ping_status":"closed","sticky":false,"template":"","format":"standard","meta":{"ngg_post_thumbnail":0,"footnotes":""},"categories":[178,6,180],"tags":[],"class_list":["post-24473","post","type-post","status-publish","format-standard","has-post-thumbnail","hentry","category-culture-2","category-gaza","category-photographie"],"yoast_head":"<!-- This site is optimized with the Yoast SEO plugin v27.3 - https:\/\/yoast.com\/product\/yoast-seo-wordpress\/ -->\n<title>Saisir Gaza sur des photos - Charleroi Pour la Palestine<\/title>\n<meta name=\"description\" content=\"Yara Jouda parle de l&#039;importance des photos pour les Palestiniens de Gaza\" \/>\n<meta name=\"robots\" content=\"index, follow, max-snippet:-1, max-image-preview:large, max-video-preview:-1\" \/>\n<link rel=\"canonical\" href=\"https:\/\/charleroi-pourlapalestine.be\/index.php\/2021\/03\/30\/saisir-gaza-sur-des-photos\/\" \/>\n<script type=\"application\/ld+json\" class=\"yoast-schema-graph\">{\"@context\":\"https:\\\/\\\/schema.org\",\"@graph\":[{\"@type\":\"Article\",\"@id\":\"https:\\\/\\\/charleroi-pourlapalestine.be\\\/index.php\\\/2021\\\/03\\\/30\\\/saisir-gaza-sur-des-photos\\\/#article\",\"isPartOf\":{\"@id\":\"https:\\\/\\\/charleroi-pourlapalestine.be\\\/index.php\\\/2021\\\/03\\\/30\\\/saisir-gaza-sur-des-photos\\\/\"},\"author\":{\"name\":\"admin1873\",\"@id\":\"https:\\\/\\\/charleroi-pourlapalestine.be\\\/#\\\/schema\\\/person\\\/c19ff515112f1299d8c12671d8fe3faa\"},\"headline\":\"Saisir Gaza sur des photos\",\"datePublished\":\"2021-03-30T06:14:50+00:00\",\"dateModified\":\"2021-03-30T07:37:26+00:00\",\"mainEntityOfPage\":{\"@id\":\"https:\\\/\\\/charleroi-pourlapalestine.be\\\/index.php\\\/2021\\\/03\\\/30\\\/saisir-gaza-sur-des-photos\\\/\"},\"wordCount\":1085,\"publisher\":{\"@id\":\"https:\\\/\\\/charleroi-pourlapalestine.be\\\/#organization\"},\"image\":{\"@id\":\"https:\\\/\\\/charleroi-pourlapalestine.be\\\/index.php\\\/2021\\\/03\\\/30\\\/saisir-gaza-sur-des-photos\\\/#primaryimage\"},\"thumbnailUrl\":\"https:\\\/\\\/charleroi-pourlapalestine.be\\\/wp-content\\\/uploads\\\/2021\\\/03\\\/Gaza-e1617083661760.jpg\",\"articleSection\":[\"Culture\",\"Gaza\",\"Photographie\"],\"inLanguage\":\"fr-FR\"},{\"@type\":\"WebPage\",\"@id\":\"https:\\\/\\\/charleroi-pourlapalestine.be\\\/index.php\\\/2021\\\/03\\\/30\\\/saisir-gaza-sur-des-photos\\\/\",\"url\":\"https:\\\/\\\/charleroi-pourlapalestine.be\\\/index.php\\\/2021\\\/03\\\/30\\\/saisir-gaza-sur-des-photos\\\/\",\"name\":\"Saisir Gaza sur des photos - Charleroi Pour la Palestine\",\"isPartOf\":{\"@id\":\"https:\\\/\\\/charleroi-pourlapalestine.be\\\/#website\"},\"primaryImageOfPage\":{\"@id\":\"https:\\\/\\\/charleroi-pourlapalestine.be\\\/index.php\\\/2021\\\/03\\\/30\\\/saisir-gaza-sur-des-photos\\\/#primaryimage\"},\"image\":{\"@id\":\"https:\\\/\\\/charleroi-pourlapalestine.be\\\/index.php\\\/2021\\\/03\\\/30\\\/saisir-gaza-sur-des-photos\\\/#primaryimage\"},\"thumbnailUrl\":\"https:\\\/\\\/charleroi-pourlapalestine.be\\\/wp-content\\\/uploads\\\/2021\\\/03\\\/Gaza-e1617083661760.jpg\",\"datePublished\":\"2021-03-30T06:14:50+00:00\",\"dateModified\":\"2021-03-30T07:37:26+00:00\",\"description\":\"Yara Jouda parle de l'importance des photos pour les Palestiniens de Gaza\",\"breadcrumb\":{\"@id\":\"https:\\\/\\\/charleroi-pourlapalestine.be\\\/index.php\\\/2021\\\/03\\\/30\\\/saisir-gaza-sur-des-photos\\\/#breadcrumb\"},\"inLanguage\":\"fr-FR\",\"potentialAction\":[{\"@type\":\"ReadAction\",\"target\":[\"https:\\\/\\\/charleroi-pourlapalestine.be\\\/index.php\\\/2021\\\/03\\\/30\\\/saisir-gaza-sur-des-photos\\\/\"]}]},{\"@type\":\"ImageObject\",\"inLanguage\":\"fr-FR\",\"@id\":\"https:\\\/\\\/charleroi-pourlapalestine.be\\\/index.php\\\/2021\\\/03\\\/30\\\/saisir-gaza-sur-des-photos\\\/#primaryimage\",\"url\":\"https:\\\/\\\/charleroi-pourlapalestine.be\\\/wp-content\\\/uploads\\\/2021\\\/03\\\/Gaza-e1617083661760.jpg\",\"contentUrl\":\"https:\\\/\\\/charleroi-pourlapalestine.be\\\/wp-content\\\/uploads\\\/2021\\\/03\\\/Gaza-e1617083661760.jpg\",\"width\":442,\"height\":320},{\"@type\":\"BreadcrumbList\",\"@id\":\"https:\\\/\\\/charleroi-pourlapalestine.be\\\/index.php\\\/2021\\\/03\\\/30\\\/saisir-gaza-sur-des-photos\\\/#breadcrumb\",\"itemListElement\":[{\"@type\":\"ListItem\",\"position\":1,\"name\":\"Accueil\",\"item\":\"https:\\\/\\\/charleroi-pourlapalestine.be\\\/\"},{\"@type\":\"ListItem\",\"position\":2,\"name\":\"Saisir Gaza sur des photos\"}]},{\"@type\":\"WebSite\",\"@id\":\"https:\\\/\\\/charleroi-pourlapalestine.be\\\/#website\",\"url\":\"https:\\\/\\\/charleroi-pourlapalestine.be\\\/\",\"name\":\"Charleroi Pour la Palestine\",\"description\":\"\",\"publisher\":{\"@id\":\"https:\\\/\\\/charleroi-pourlapalestine.be\\\/#organization\"},\"potentialAction\":[{\"@type\":\"SearchAction\",\"target\":{\"@type\":\"EntryPoint\",\"urlTemplate\":\"https:\\\/\\\/charleroi-pourlapalestine.be\\\/?s={search_term_string}\"},\"query-input\":{\"@type\":\"PropertyValueSpecification\",\"valueRequired\":true,\"valueName\":\"search_term_string\"}}],\"inLanguage\":\"fr-FR\"},{\"@type\":\"Organization\",\"@id\":\"https:\\\/\\\/charleroi-pourlapalestine.be\\\/#organization\",\"name\":\"Plate-forme Charleroi-Palestine\",\"url\":\"https:\\\/\\\/charleroi-pourlapalestine.be\\\/\",\"logo\":{\"@type\":\"ImageObject\",\"inLanguage\":\"fr-FR\",\"@id\":\"https:\\\/\\\/charleroi-pourlapalestine.be\\\/#\\\/schema\\\/logo\\\/image\\\/\",\"url\":\"https:\\\/\\\/charleroi-pourlapalestine.be\\\/wp-content\\\/uploads\\\/2020\\\/01\\\/logo-Copy.jpg\",\"contentUrl\":\"https:\\\/\\\/charleroi-pourlapalestine.be\\\/wp-content\\\/uploads\\\/2020\\\/01\\\/logo-Copy.jpg\",\"width\":180,\"height\":180,\"caption\":\"Plate-forme Charleroi-Palestine\"},\"image\":{\"@id\":\"https:\\\/\\\/charleroi-pourlapalestine.be\\\/#\\\/schema\\\/logo\\\/image\\\/\"},\"sameAs\":[\"https:\\\/\\\/www.facebook.com\\\/PlateformeCharleroiPalestine\\\/\",\"https:\\\/\\\/x.com\\\/LaCharleroi\"]},{\"@type\":\"Person\",\"@id\":\"https:\\\/\\\/charleroi-pourlapalestine.be\\\/#\\\/schema\\\/person\\\/c19ff515112f1299d8c12671d8fe3faa\",\"name\":\"admin1873\",\"url\":\"https:\\\/\\\/charleroi-pourlapalestine.be\\\/index.php\\\/author\\\/admin1873\\\/\"}]}<\/script>\n<!-- \/ Yoast SEO plugin. -->","yoast_head_json":{"title":"Saisir Gaza sur des photos - Charleroi Pour la Palestine","description":"Yara Jouda parle de l'importance des photos pour les Palestiniens de Gaza","robots":{"index":"index","follow":"follow","max-snippet":"max-snippet:-1","max-image-preview":"max-image-preview:large","max-video-preview":"max-video-preview:-1"},"canonical":"https:\/\/charleroi-pourlapalestine.be\/index.php\/2021\/03\/30\/saisir-gaza-sur-des-photos\/","schema":{"@context":"https:\/\/schema.org","@graph":[{"@type":"Article","@id":"https:\/\/charleroi-pourlapalestine.be\/index.php\/2021\/03\/30\/saisir-gaza-sur-des-photos\/#article","isPartOf":{"@id":"https:\/\/charleroi-pourlapalestine.be\/index.php\/2021\/03\/30\/saisir-gaza-sur-des-photos\/"},"author":{"name":"admin1873","@id":"https:\/\/charleroi-pourlapalestine.be\/#\/schema\/person\/c19ff515112f1299d8c12671d8fe3faa"},"headline":"Saisir Gaza sur des photos","datePublished":"2021-03-30T06:14:50+00:00","dateModified":"2021-03-30T07:37:26+00:00","mainEntityOfPage":{"@id":"https:\/\/charleroi-pourlapalestine.be\/index.php\/2021\/03\/30\/saisir-gaza-sur-des-photos\/"},"wordCount":1085,"publisher":{"@id":"https:\/\/charleroi-pourlapalestine.be\/#organization"},"image":{"@id":"https:\/\/charleroi-pourlapalestine.be\/index.php\/2021\/03\/30\/saisir-gaza-sur-des-photos\/#primaryimage"},"thumbnailUrl":"https:\/\/charleroi-pourlapalestine.be\/wp-content\/uploads\/2021\/03\/Gaza-e1617083661760.jpg","articleSection":["Culture","Gaza","Photographie"],"inLanguage":"fr-FR"},{"@type":"WebPage","@id":"https:\/\/charleroi-pourlapalestine.be\/index.php\/2021\/03\/30\/saisir-gaza-sur-des-photos\/","url":"https:\/\/charleroi-pourlapalestine.be\/index.php\/2021\/03\/30\/saisir-gaza-sur-des-photos\/","name":"Saisir Gaza sur des photos - Charleroi Pour la Palestine","isPartOf":{"@id":"https:\/\/charleroi-pourlapalestine.be\/#website"},"primaryImageOfPage":{"@id":"https:\/\/charleroi-pourlapalestine.be\/index.php\/2021\/03\/30\/saisir-gaza-sur-des-photos\/#primaryimage"},"image":{"@id":"https:\/\/charleroi-pourlapalestine.be\/index.php\/2021\/03\/30\/saisir-gaza-sur-des-photos\/#primaryimage"},"thumbnailUrl":"https:\/\/charleroi-pourlapalestine.be\/wp-content\/uploads\/2021\/03\/Gaza-e1617083661760.jpg","datePublished":"2021-03-30T06:14:50+00:00","dateModified":"2021-03-30T07:37:26+00:00","description":"Yara Jouda parle de l'importance des photos pour les Palestiniens de Gaza","breadcrumb":{"@id":"https:\/\/charleroi-pourlapalestine.be\/index.php\/2021\/03\/30\/saisir-gaza-sur-des-photos\/#breadcrumb"},"inLanguage":"fr-FR","potentialAction":[{"@type":"ReadAction","target":["https:\/\/charleroi-pourlapalestine.be\/index.php\/2021\/03\/30\/saisir-gaza-sur-des-photos\/"]}]},{"@type":"ImageObject","inLanguage":"fr-FR","@id":"https:\/\/charleroi-pourlapalestine.be\/index.php\/2021\/03\/30\/saisir-gaza-sur-des-photos\/#primaryimage","url":"https:\/\/charleroi-pourlapalestine.be\/wp-content\/uploads\/2021\/03\/Gaza-e1617083661760.jpg","contentUrl":"https:\/\/charleroi-pourlapalestine.be\/wp-content\/uploads\/2021\/03\/Gaza-e1617083661760.jpg","width":442,"height":320},{"@type":"BreadcrumbList","@id":"https:\/\/charleroi-pourlapalestine.be\/index.php\/2021\/03\/30\/saisir-gaza-sur-des-photos\/#breadcrumb","itemListElement":[{"@type":"ListItem","position":1,"name":"Accueil","item":"https:\/\/charleroi-pourlapalestine.be\/"},{"@type":"ListItem","position":2,"name":"Saisir Gaza sur des photos"}]},{"@type":"WebSite","@id":"https:\/\/charleroi-pourlapalestine.be\/#website","url":"https:\/\/charleroi-pourlapalestine.be\/","name":"Charleroi Pour la Palestine","description":"","publisher":{"@id":"https:\/\/charleroi-pourlapalestine.be\/#organization"},"potentialAction":[{"@type":"SearchAction","target":{"@type":"EntryPoint","urlTemplate":"https:\/\/charleroi-pourlapalestine.be\/?s={search_term_string}"},"query-input":{"@type":"PropertyValueSpecification","valueRequired":true,"valueName":"search_term_string"}}],"inLanguage":"fr-FR"},{"@type":"Organization","@id":"https:\/\/charleroi-pourlapalestine.be\/#organization","name":"Plate-forme Charleroi-Palestine","url":"https:\/\/charleroi-pourlapalestine.be\/","logo":{"@type":"ImageObject","inLanguage":"fr-FR","@id":"https:\/\/charleroi-pourlapalestine.be\/#\/schema\/logo\/image\/","url":"https:\/\/charleroi-pourlapalestine.be\/wp-content\/uploads\/2020\/01\/logo-Copy.jpg","contentUrl":"https:\/\/charleroi-pourlapalestine.be\/wp-content\/uploads\/2020\/01\/logo-Copy.jpg","width":180,"height":180,"caption":"Plate-forme Charleroi-Palestine"},"image":{"@id":"https:\/\/charleroi-pourlapalestine.be\/#\/schema\/logo\/image\/"},"sameAs":["https:\/\/www.facebook.com\/PlateformeCharleroiPalestine\/","https:\/\/x.com\/LaCharleroi"]},{"@type":"Person","@id":"https:\/\/charleroi-pourlapalestine.be\/#\/schema\/person\/c19ff515112f1299d8c12671d8fe3faa","name":"admin1873","url":"https:\/\/charleroi-pourlapalestine.be\/index.php\/author\/admin1873\/"}]}},"_links":{"self":[{"href":"https:\/\/charleroi-pourlapalestine.be\/index.php\/wp-json\/wp\/v2\/posts\/24473","targetHints":{"allow":["GET"]}}],"collection":[{"href":"https:\/\/charleroi-pourlapalestine.be\/index.php\/wp-json\/wp\/v2\/posts"}],"about":[{"href":"https:\/\/charleroi-pourlapalestine.be\/index.php\/wp-json\/wp\/v2\/types\/post"}],"author":[{"embeddable":true,"href":"https:\/\/charleroi-pourlapalestine.be\/index.php\/wp-json\/wp\/v2\/users\/1"}],"replies":[{"embeddable":true,"href":"https:\/\/charleroi-pourlapalestine.be\/index.php\/wp-json\/wp\/v2\/comments?post=24473"}],"version-history":[{"count":0,"href":"https:\/\/charleroi-pourlapalestine.be\/index.php\/wp-json\/wp\/v2\/posts\/24473\/revisions"}],"wp:featuredmedia":[{"embeddable":true,"href":"https:\/\/charleroi-pourlapalestine.be\/index.php\/wp-json\/wp\/v2\/media\/24475"}],"wp:attachment":[{"href":"https:\/\/charleroi-pourlapalestine.be\/index.php\/wp-json\/wp\/v2\/media?parent=24473"}],"wp:term":[{"taxonomy":"category","embeddable":true,"href":"https:\/\/charleroi-pourlapalestine.be\/index.php\/wp-json\/wp\/v2\/categories?post=24473"},{"taxonomy":"post_tag","embeddable":true,"href":"https:\/\/charleroi-pourlapalestine.be\/index.php\/wp-json\/wp\/v2\/tags?post=24473"}],"curies":[{"name":"wp","href":"https:\/\/api.w.org\/{rel}","templated":true}]}}