{"id":24747,"date":"2021-04-06T10:14:00","date_gmt":"2021-04-06T08:14:00","guid":{"rendered":"https:\/\/charleroi-pourlapalestine.be\/?p=24747"},"modified":"2021-04-06T10:19:41","modified_gmt":"2021-04-06T08:19:41","slug":"le-prisonnier-marwan-barghouti-et-les-elections-palestiniennes","status":"publish","type":"post","link":"https:\/\/charleroi-pourlapalestine.be\/index.php\/2021\/04\/06\/le-prisonnier-marwan-barghouti-et-les-elections-palestiniennes\/","title":{"rendered":"Le prisonnier Marwan Barghouti et les \u00e9lections palestiniennes"},"content":{"rendered":"<p>Comment le prisonnier Marwan Barghouti est-il soudainement devenu le \u00ab <em>faiseur de roi \u00bb<\/em> dans l&rsquo;ar\u00e8ne palestinienne ?<\/p>\n<div id=\"attachment_24756\" style=\"width: 490px\" class=\"wp-caption aligncenter\"><img loading=\"lazy\" decoding=\"async\" aria-describedby=\"caption-attachment-24756\" class=\"wp-image-24756 size-full\" src=\"https:\/\/charleroi-pourlapalestine.be\/wp-content\/uploads\/2021\/04\/fresque-Marwan-Barghouti-e1617695664588.jpeg\" alt=\"\" width=\"480\" height=\"320\"><p id=\"caption-attachment-24756\" class=\"wp-caption-text\">Fresque de Marwan Barghouti sur le mur de l&rsquo;apartheid<\/p><\/div>\n<p><strong>Abdelbari Atwan<\/strong>, le 1er avril 2021<\/p>\n<p>Le pr\u00e9sident palestinien <strong>Mahmoud Abbas<\/strong> pourrait regretter d&rsquo;avoir convoqu\u00e9 des \u00e9lections l\u00e9gislatives palestiniennes pour le mois prochain. A la cl\u00f4ture des d\u00e9p\u00f4ts de listes, les choses ne se pr\u00e9sentent pas bien pour son mouvement <strong>Fatah.<\/strong> 3 des 36 listes de candidats enregistr\u00e9es aupr\u00e8s de la commission \u00e9lectorale &#8211; dont 13 ont \u00e9t\u00e9 approuv\u00e9es \u00e0 ce jour \u2013 sont des listes rivales du<strong> Fatah<\/strong> :<\/p>\n<p>&#8211;<strong>La liste officielle du Fatah<\/strong>, dirig\u00e9e par le num\u00e9ro deux d&rsquo;Abbas, Mohamed Al Aloul, et comprenant cinq autres membres du comit\u00e9 central du Fatah.<\/p>\n<p>-La<strong> liste \u00ab Libert\u00e9 \u00bb<\/strong> constitu\u00e9e par le leader du Fatah emprisonn\u00e9 <strong>Marwan Barghouti<\/strong> et l&rsquo;ancien diplomate <strong>Nasser Al Qidwa,<\/strong> neveu de feu Yaser Arafat.<\/p>\n<p>&#8211;<strong>La liste \u00ab Avenir \u00bb<\/strong> parrain\u00e9e par <strong>Mohamed Dahlan<\/strong>, l&rsquo;ancien chef de la s\u00e9curit\u00e9 de Gaza bas\u00e9 aux \u00c9mirats arabes unis, qui a ensuite \u00e9t\u00e9 exclu du Fatah.<\/p>\n<p>Il s&rsquo;agit d&rsquo;un clivage sans pr\u00e9c\u00e9dent au sein du mouvement politique palestinien dominant, qui menace non seulement de le priver d&rsquo;une majorit\u00e9 au sein du corps l\u00e9gislatif, mais aussi de son r\u00f4le historique de leader et du contr\u00f4le de l&rsquo;Autorit\u00e9 palestinienne (<strong>AP<\/strong>), de l&rsquo;Organisation de lib\u00e9ration de la Palestine (<strong>OLP<\/strong>) et d&rsquo;autres institutions palestiniennes telles que le Conseil national et le Conseil central.<\/p>\n<p>Et si les divisions du Fatah signifient que son vote sera fragment\u00e9, son principal rival, <strong>le Hamas, a pr\u00e9sent\u00e9 une liste unique b\u00e9n\u00e9ficiant du soutien solide de sa base \u00e9lectorale en Cisjordanie et dans la bande de Gaza.<\/strong><\/p>\n<p>Les derniers sondages d&rsquo;opinion indiquent que la liste de <strong>Barghouti<\/strong> b\u00e9n\u00e9ficie du soutien de 28 % des \u00e9lecteurs, les listes <strong>pro-Abbas<\/strong> et du <strong>Hamas<\/strong> obtenant 22 % chacune. Cela signifie qu&rsquo;une alliance entre<strong> Barghouti, <\/strong>le<strong> Hamas<\/strong> et d&rsquo;autres factions, ce qui est probable, pourrait obtenir une majorit\u00e9 au sein de l&rsquo;assembl\u00e9e l\u00e9gislative et former le prochain gouvernement. Le leader parlementaire de cette alliance deviendrait \u00e9galement pr\u00e9sident int\u00e9rimaire de l&rsquo;<strong>AP<\/strong> si le poste devenait vacant.<\/p>\n<p><strong>Barghouti<\/strong> a r\u00e9sist\u00e9 aux pressions et aux incitations des autres dirigeants du Fatah &#8211; transmises par Hussein Ech Cheikh qui a \u00e9t\u00e9 envoy\u00e9 le voir dans sa prison isra\u00e9lienne &#8211; et on s&rsquo;attend maintenant \u00e0 ce qu&rsquo;il d\u00e9fie Abbas lors de l\u2019\u00e9lection pr\u00e9sidentielle qui doit suivre le vote l\u00e9gislatif.<\/p>\n<p>Il a \u00e9t\u00e9 dit au sein du Fatah que la raison pour laquelle Abbas a nomm\u00e9 <strong>Aloul<\/strong> \u00e0 la t\u00eate de la liste du Fatah \u00e9tait d&rsquo;\u00e9viter d&rsquo;avoir \u00e0 nommer un successeur \u00e0 la pr\u00e9sidence de l&rsquo;AP afin de conserver la loyaut\u00e9 des membres de son cercle intime. Il souhaite apparemment que la succession soit d\u00e9cid\u00e9e apr\u00e8s son d\u00e9part, en partant du principe que le Fatah contr\u00f4le le corps l\u00e9gislatif et qu&rsquo;Aloul en est le pr\u00e9sident.<\/p>\n<p>Mais c&rsquo;\u00e9tait avant la bombe de <strong>l&rsquo;alliance de Barghouti avec Qidwa<\/strong>. D\u00e9fiant les menaces d&rsquo;expulsion du mouvement, les deux hommes semblent d\u00e9termin\u00e9s \u00e0 \u00e9vincer Abbas et son entourage et \u00e0 revigorer et reconstruire le Fatah.<\/p>\n<p>Le conseiller d&rsquo;Abbas, <strong>Nabil Shaath<\/strong>, a reconnu dans une interview qu&rsquo;il existait des divergences et des divisions au sein du mouvement, mais a pr\u00e9dit que la liste Barghouti-Qidwa se retirerait avant les \u00e9lections. Cela ressemble \u00e0 un v\u0153u pieux. <strong>Barghouti<\/strong> a refus\u00e9 d\u2019avoir une deuxi\u00e8me rencontre avec Ech Cheikh, et Aloul a essay\u00e9 de cajoler sa femme <strong>Fadwa<\/strong> dans des discussions qui ont dur\u00e9 jusqu&rsquo;\u00e0 3 heures du matin, mais n&rsquo;a pas r\u00e9ussi \u00e0 la persuader de ne pas enregistrer la liste rivale aupr\u00e8s de la commission \u00e9lectorale.<\/p>\n<p>Il est de plus en plus douteux que l&rsquo;\u00e9lection se d\u00e9roule comme pr\u00e9vu. Selon les sceptiques, si Mahmoud Abbas estime que sa liste ne peut obtenir la majorit\u00e9, il pourrait <strong>prendre pr\u00e9texte du refus d&rsquo;Isra\u00ebl d&rsquo;autoriser les habitants de J\u00e9rusalem-Est \u00e0 participer au scrutin pour l&rsquo;annuler.<\/strong><\/p>\n<p><strong>Barghouti<\/strong> est devenu le faiseur de roi de la politique palestinienne. Sa popularit\u00e9<strong> d\u00e9passe les fronti\u00e8res du Fatah<\/strong> et touche un large \u00e9ventail de Palestiniens \u00e0 l&rsquo;int\u00e9rieur et \u00e0 l&rsquo;ext\u00e9rieur de la Palestine. Il est per\u00e7u comme \u00e9tant au-dessus des partis et des factions, et repr\u00e9sente donc le plus grand d\u00e9fi pour Abbas et son entourage et leur monopole du pouvoir.<\/p>\n<p>La pr\u00e9paration des \u00e9lections et l&rsquo;engagement de l&rsquo;opinion publique palestinienne ont eu pour effet de jeter un pav\u00e9 dans une mare stagnante. <strong>Que le scrutin ait lieu ou qu&rsquo;il soit report\u00e9, la main de fer des dirigeants sur le pouvoir se desserre<\/strong> et du sang neuf est inject\u00e9 dans le corps politique palestinien. Nous approchons d&rsquo;une nouvelle \u00e9tape, avec une nouvelle direction, pour laquelle la priorit\u00e9 revient \u00e0<strong> la r\u00e9sistance \u00e0 l&rsquo;occupation par tous les moyens disponibles.<\/strong> Cela devrait impliquer <strong>le retrait de tous les arrangements d\u00e9coulant des accords d&rsquo;Oslo<\/strong>, en particulier la coop\u00e9ration en mati\u00e8re de <strong>s\u00e9curit\u00e9<\/strong>, et peut-\u00eatre la <strong>dissolution de l&rsquo;AP elle-m\u00eame.<\/strong><\/p>\n<hr>\n<p>Publi\u00e9 le 1er avril 2021 sur le site <a href=\"https:\/\/www.raialyoum.com\/index.php\/%d9%83%d9%8a%d9%81-%d8%a7%d8%b5%d8%a8%d8%ad-%d8%a7%d9%84%d8%a7%d8%b3%d9%8a%d8%b1-%d8%a7%d9%84%d8%a8%d8%b1%d8%ba%d9%88%d8%ab%d9%8a-%d8%b5%d8%a7%d9%86%d8%b9-%d8%a7%d9%84%d9%85%d9%84%d9%88%d9%83\/\" target=\"_blank\" rel=\"noopener noreferrer\">Rai al-Youm<\/a><br \/>\nTraduction :<span class=\"trad\"> Fausto Giudice, <a href=\"http:\/\/www.tlaxcala-int.org\/article.asp?reference=31247\" target=\"_blank\" rel=\"noopener noreferrer\">Tlaxcala<\/a><\/span><\/p>\n<p><img loading=\"lazy\" decoding=\"async\" class=\"alignleft size-full wp-image-223\" src=\"https:\/\/chroniquepalestine.com\/wp-content\/uploads\/2016\/07\/A1-40.jpg\" alt=\"A1\" width=\"100\" height=\"87\"> <strong>Abdel Bari Atwan<\/strong> est le r\u00e9dacteur en chef du site <a href=\"http:\/\/www.raialyoum.com\/\" target=\"_blank\" rel=\"noopener noreferrer\">Rai al-Youm<\/a> (<em>\u201cL\u2019opinion d\u2019aujourd\u2019hui\u201d<\/em>, un site qui se veut nationaliste arabe, antisaoudien et antisioniste). Il est l&rsquo;ancien directeur du quotidien <strong>Al-Quds Al-Arabi<\/strong> et l\u2019auteur de <a href=\"https:\/\/www.amazon.com\/Secret-History-al-Q%C3%A6da\/dp\/0520255615\/166-8476056-4104055?ie=UTF8&amp;*Version*=1&amp;*entries*=0\" target=\"_blank\" rel=\"noopener noreferrer\">L\u2019histoire secr\u00e8te d\u2019al-Qa\u00efda<\/a>, de ses m\u00e9moires, <a href=\"https:\/\/www.amazon.co.uk\/Country-Words-Palestinian-Journey-Refugee\/dp\/0863566219\/277-5311943-5713818?ie=UTF8&amp;*Version*=1&amp;*entries*=0\" target=\"_blank\" rel=\"noopener noreferrer\">A Country of Words<\/a>, et d\u2019<a href=\"https:\/\/www.amazon.com\/After-bin-Laden-Qaeda-Generation\/dp\/159558899X?ie=UTF8&amp;*Version*=1&amp;*entries*=0\" target=\"_blank\" rel=\"noopener noreferrer\">Al-Qaida : la nouvelle g\u00e9n\u00e9ration<\/a>. Vous pouvez le suivre sur Twitter : <a href=\"https:\/\/twitter.com\/abdelbariatwan\" target=\"_blank\" rel=\"noopener noreferrer\">@abdelbariatwan<\/a><\/p>\n<p><strong>Lisez \u00e9galement<\/strong> :<\/p>\n<p><a href=\"https:\/\/charleroi-pourlapalestine.be\/index.php\/2021\/02\/13\/a-quoi-servent-les-elections-palestiniennes\/\"><strong>A quoi servent les \u00e9lections palestiniennes ?<\/strong><\/a><\/p>\n<p><a href=\"https:\/\/charleroi-pourlapalestine.be\/index.php\/2021\/03\/28\/elections-palestiniennes-la-resurrection-de-salam-fayyad\/\"><strong>La r\u00e9surrection de Salam Fayyad<\/strong><\/a><\/p>\n","protected":false},"excerpt":{"rendered":"<p>Comment le prisonnier Marwan Barghouti est-il soudainement devenu le \u00ab faiseur de roi \u00bb dans l&rsquo;ar\u00e8ne palestinienne<\/p>\n","protected":false},"author":1,"featured_media":24756,"comment_status":"closed","ping_status":"closed","sticky":false,"template":"","format":"standard","meta":{"ngg_post_thumbnail":0,"footnotes":""},"categories":[24,7,196,6,47],"tags":[],"class_list":["post-24747","post","type-post","status-publish","format-standard","has-post-thumbnail","hentry","category-lautorite-palestinienne","category-cisjordanie","category-fatah","category-gaza","category-loccupation-militaire"],"yoast_head":"<!-- This site is optimized with the Yoast SEO plugin v27.3 - https:\/\/yoast.com\/product\/yoast-seo-wordpress\/ -->\n<title>Le prisonnier Marwan Barghouti et les \u00e9lections palestiniennes<\/title>\n<meta name=\"description\" content=\"Comment le prisonnier Marwan Barghouti est-il soudainement devenu le \u00ab faiseur de roi \u00bb dans l&#039;ar\u00e8ne palestinienne\" \/>\n<meta name=\"robots\" content=\"index, follow, max-snippet:-1, max-image-preview:large, max-video-preview:-1\" \/>\n<link rel=\"canonical\" href=\"https:\/\/charleroi-pourlapalestine.be\/index.php\/2021\/04\/06\/le-prisonnier-marwan-barghouti-et-les-elections-palestiniennes\/\" \/>\n<script type=\"application\/ld+json\" class=\"yoast-schema-graph\">{\"@context\":\"https:\\\/\\\/schema.org\",\"@graph\":[{\"@type\":\"Article\",\"@id\":\"https:\\\/\\\/charleroi-pourlapalestine.be\\\/index.php\\\/2021\\\/04\\\/06\\\/le-prisonnier-marwan-barghouti-et-les-elections-palestiniennes\\\/#article\",\"isPartOf\":{\"@id\":\"https:\\\/\\\/charleroi-pourlapalestine.be\\\/index.php\\\/2021\\\/04\\\/06\\\/le-prisonnier-marwan-barghouti-et-les-elections-palestiniennes\\\/\"},\"author\":{\"name\":\"admin1873\",\"@id\":\"https:\\\/\\\/charleroi-pourlapalestine.be\\\/#\\\/schema\\\/person\\\/c19ff515112f1299d8c12671d8fe3faa\"},\"headline\":\"Le prisonnier Marwan Barghouti et les \u00e9lections palestiniennes\",\"datePublished\":\"2021-04-06T08:14:00+00:00\",\"dateModified\":\"2021-04-06T08:19:41+00:00\",\"mainEntityOfPage\":{\"@id\":\"https:\\\/\\\/charleroi-pourlapalestine.be\\\/index.php\\\/2021\\\/04\\\/06\\\/le-prisonnier-marwan-barghouti-et-les-elections-palestiniennes\\\/\"},\"wordCount\":1006,\"publisher\":{\"@id\":\"https:\\\/\\\/charleroi-pourlapalestine.be\\\/#organization\"},\"image\":{\"@id\":\"https:\\\/\\\/charleroi-pourlapalestine.be\\\/index.php\\\/2021\\\/04\\\/06\\\/le-prisonnier-marwan-barghouti-et-les-elections-palestiniennes\\\/#primaryimage\"},\"thumbnailUrl\":\"https:\\\/\\\/charleroi-pourlapalestine.be\\\/wp-content\\\/uploads\\\/2021\\\/04\\\/fresque-Marwan-Barghouti-e1617695664588.jpeg\",\"articleSection\":[\"Autorit\u00e9 palestinienne\",\"Cisjordanie\",\"Fatah\",\"Gaza\",\"Occupation\"],\"inLanguage\":\"fr-FR\"},{\"@type\":\"WebPage\",\"@id\":\"https:\\\/\\\/charleroi-pourlapalestine.be\\\/index.php\\\/2021\\\/04\\\/06\\\/le-prisonnier-marwan-barghouti-et-les-elections-palestiniennes\\\/\",\"url\":\"https:\\\/\\\/charleroi-pourlapalestine.be\\\/index.php\\\/2021\\\/04\\\/06\\\/le-prisonnier-marwan-barghouti-et-les-elections-palestiniennes\\\/\",\"name\":\"Le prisonnier Marwan Barghouti et les \u00e9lections palestiniennes\",\"isPartOf\":{\"@id\":\"https:\\\/\\\/charleroi-pourlapalestine.be\\\/#website\"},\"primaryImageOfPage\":{\"@id\":\"https:\\\/\\\/charleroi-pourlapalestine.be\\\/index.php\\\/2021\\\/04\\\/06\\\/le-prisonnier-marwan-barghouti-et-les-elections-palestiniennes\\\/#primaryimage\"},\"image\":{\"@id\":\"https:\\\/\\\/charleroi-pourlapalestine.be\\\/index.php\\\/2021\\\/04\\\/06\\\/le-prisonnier-marwan-barghouti-et-les-elections-palestiniennes\\\/#primaryimage\"},\"thumbnailUrl\":\"https:\\\/\\\/charleroi-pourlapalestine.be\\\/wp-content\\\/uploads\\\/2021\\\/04\\\/fresque-Marwan-Barghouti-e1617695664588.jpeg\",\"datePublished\":\"2021-04-06T08:14:00+00:00\",\"dateModified\":\"2021-04-06T08:19:41+00:00\",\"description\":\"Comment le prisonnier Marwan Barghouti est-il soudainement devenu le \u00ab faiseur de roi \u00bb dans l'ar\u00e8ne palestinienne\",\"breadcrumb\":{\"@id\":\"https:\\\/\\\/charleroi-pourlapalestine.be\\\/index.php\\\/2021\\\/04\\\/06\\\/le-prisonnier-marwan-barghouti-et-les-elections-palestiniennes\\\/#breadcrumb\"},\"inLanguage\":\"fr-FR\",\"potentialAction\":[{\"@type\":\"ReadAction\",\"target\":[\"https:\\\/\\\/charleroi-pourlapalestine.be\\\/index.php\\\/2021\\\/04\\\/06\\\/le-prisonnier-marwan-barghouti-et-les-elections-palestiniennes\\\/\"]}]},{\"@type\":\"ImageObject\",\"inLanguage\":\"fr-FR\",\"@id\":\"https:\\\/\\\/charleroi-pourlapalestine.be\\\/index.php\\\/2021\\\/04\\\/06\\\/le-prisonnier-marwan-barghouti-et-les-elections-palestiniennes\\\/#primaryimage\",\"url\":\"https:\\\/\\\/charleroi-pourlapalestine.be\\\/wp-content\\\/uploads\\\/2021\\\/04\\\/fresque-Marwan-Barghouti-e1617695664588.jpeg\",\"contentUrl\":\"https:\\\/\\\/charleroi-pourlapalestine.be\\\/wp-content\\\/uploads\\\/2021\\\/04\\\/fresque-Marwan-Barghouti-e1617695664588.jpeg\",\"width\":480,\"height\":320},{\"@type\":\"BreadcrumbList\",\"@id\":\"https:\\\/\\\/charleroi-pourlapalestine.be\\\/index.php\\\/2021\\\/04\\\/06\\\/le-prisonnier-marwan-barghouti-et-les-elections-palestiniennes\\\/#breadcrumb\",\"itemListElement\":[{\"@type\":\"ListItem\",\"position\":1,\"name\":\"Accueil\",\"item\":\"https:\\\/\\\/charleroi-pourlapalestine.be\\\/\"},{\"@type\":\"ListItem\",\"position\":2,\"name\":\"Le prisonnier Marwan Barghouti et les \u00e9lections palestiniennes\"}]},{\"@type\":\"WebSite\",\"@id\":\"https:\\\/\\\/charleroi-pourlapalestine.be\\\/#website\",\"url\":\"https:\\\/\\\/charleroi-pourlapalestine.be\\\/\",\"name\":\"Charleroi Pour la Palestine\",\"description\":\"\",\"publisher\":{\"@id\":\"https:\\\/\\\/charleroi-pourlapalestine.be\\\/#organization\"},\"potentialAction\":[{\"@type\":\"SearchAction\",\"target\":{\"@type\":\"EntryPoint\",\"urlTemplate\":\"https:\\\/\\\/charleroi-pourlapalestine.be\\\/?s={search_term_string}\"},\"query-input\":{\"@type\":\"PropertyValueSpecification\",\"valueRequired\":true,\"valueName\":\"search_term_string\"}}],\"inLanguage\":\"fr-FR\"},{\"@type\":\"Organization\",\"@id\":\"https:\\\/\\\/charleroi-pourlapalestine.be\\\/#organization\",\"name\":\"Plate-forme Charleroi-Palestine\",\"url\":\"https:\\\/\\\/charleroi-pourlapalestine.be\\\/\",\"logo\":{\"@type\":\"ImageObject\",\"inLanguage\":\"fr-FR\",\"@id\":\"https:\\\/\\\/charleroi-pourlapalestine.be\\\/#\\\/schema\\\/logo\\\/image\\\/\",\"url\":\"https:\\\/\\\/charleroi-pourlapalestine.be\\\/wp-content\\\/uploads\\\/2020\\\/01\\\/logo-Copy.jpg\",\"contentUrl\":\"https:\\\/\\\/charleroi-pourlapalestine.be\\\/wp-content\\\/uploads\\\/2020\\\/01\\\/logo-Copy.jpg\",\"width\":180,\"height\":180,\"caption\":\"Plate-forme Charleroi-Palestine\"},\"image\":{\"@id\":\"https:\\\/\\\/charleroi-pourlapalestine.be\\\/#\\\/schema\\\/logo\\\/image\\\/\"},\"sameAs\":[\"https:\\\/\\\/www.facebook.com\\\/PlateformeCharleroiPalestine\\\/\",\"https:\\\/\\\/x.com\\\/LaCharleroi\"]},{\"@type\":\"Person\",\"@id\":\"https:\\\/\\\/charleroi-pourlapalestine.be\\\/#\\\/schema\\\/person\\\/c19ff515112f1299d8c12671d8fe3faa\",\"name\":\"admin1873\",\"url\":\"https:\\\/\\\/charleroi-pourlapalestine.be\\\/index.php\\\/author\\\/admin1873\\\/\"}]}<\/script>\n<!-- \/ Yoast SEO plugin. -->","yoast_head_json":{"title":"Le prisonnier Marwan Barghouti et les \u00e9lections palestiniennes","description":"Comment le prisonnier Marwan Barghouti est-il soudainement devenu le \u00ab faiseur de roi \u00bb dans l'ar\u00e8ne palestinienne","robots":{"index":"index","follow":"follow","max-snippet":"max-snippet:-1","max-image-preview":"max-image-preview:large","max-video-preview":"max-video-preview:-1"},"canonical":"https:\/\/charleroi-pourlapalestine.be\/index.php\/2021\/04\/06\/le-prisonnier-marwan-barghouti-et-les-elections-palestiniennes\/","schema":{"@context":"https:\/\/schema.org","@graph":[{"@type":"Article","@id":"https:\/\/charleroi-pourlapalestine.be\/index.php\/2021\/04\/06\/le-prisonnier-marwan-barghouti-et-les-elections-palestiniennes\/#article","isPartOf":{"@id":"https:\/\/charleroi-pourlapalestine.be\/index.php\/2021\/04\/06\/le-prisonnier-marwan-barghouti-et-les-elections-palestiniennes\/"},"author":{"name":"admin1873","@id":"https:\/\/charleroi-pourlapalestine.be\/#\/schema\/person\/c19ff515112f1299d8c12671d8fe3faa"},"headline":"Le prisonnier Marwan Barghouti et les \u00e9lections palestiniennes","datePublished":"2021-04-06T08:14:00+00:00","dateModified":"2021-04-06T08:19:41+00:00","mainEntityOfPage":{"@id":"https:\/\/charleroi-pourlapalestine.be\/index.php\/2021\/04\/06\/le-prisonnier-marwan-barghouti-et-les-elections-palestiniennes\/"},"wordCount":1006,"publisher":{"@id":"https:\/\/charleroi-pourlapalestine.be\/#organization"},"image":{"@id":"https:\/\/charleroi-pourlapalestine.be\/index.php\/2021\/04\/06\/le-prisonnier-marwan-barghouti-et-les-elections-palestiniennes\/#primaryimage"},"thumbnailUrl":"https:\/\/charleroi-pourlapalestine.be\/wp-content\/uploads\/2021\/04\/fresque-Marwan-Barghouti-e1617695664588.jpeg","articleSection":["Autorit\u00e9 palestinienne","Cisjordanie","Fatah","Gaza","Occupation"],"inLanguage":"fr-FR"},{"@type":"WebPage","@id":"https:\/\/charleroi-pourlapalestine.be\/index.php\/2021\/04\/06\/le-prisonnier-marwan-barghouti-et-les-elections-palestiniennes\/","url":"https:\/\/charleroi-pourlapalestine.be\/index.php\/2021\/04\/06\/le-prisonnier-marwan-barghouti-et-les-elections-palestiniennes\/","name":"Le prisonnier Marwan Barghouti et les \u00e9lections palestiniennes","isPartOf":{"@id":"https:\/\/charleroi-pourlapalestine.be\/#website"},"primaryImageOfPage":{"@id":"https:\/\/charleroi-pourlapalestine.be\/index.php\/2021\/04\/06\/le-prisonnier-marwan-barghouti-et-les-elections-palestiniennes\/#primaryimage"},"image":{"@id":"https:\/\/charleroi-pourlapalestine.be\/index.php\/2021\/04\/06\/le-prisonnier-marwan-barghouti-et-les-elections-palestiniennes\/#primaryimage"},"thumbnailUrl":"https:\/\/charleroi-pourlapalestine.be\/wp-content\/uploads\/2021\/04\/fresque-Marwan-Barghouti-e1617695664588.jpeg","datePublished":"2021-04-06T08:14:00+00:00","dateModified":"2021-04-06T08:19:41+00:00","description":"Comment le prisonnier Marwan Barghouti est-il soudainement devenu le \u00ab faiseur de roi \u00bb dans l'ar\u00e8ne palestinienne","breadcrumb":{"@id":"https:\/\/charleroi-pourlapalestine.be\/index.php\/2021\/04\/06\/le-prisonnier-marwan-barghouti-et-les-elections-palestiniennes\/#breadcrumb"},"inLanguage":"fr-FR","potentialAction":[{"@type":"ReadAction","target":["https:\/\/charleroi-pourlapalestine.be\/index.php\/2021\/04\/06\/le-prisonnier-marwan-barghouti-et-les-elections-palestiniennes\/"]}]},{"@type":"ImageObject","inLanguage":"fr-FR","@id":"https:\/\/charleroi-pourlapalestine.be\/index.php\/2021\/04\/06\/le-prisonnier-marwan-barghouti-et-les-elections-palestiniennes\/#primaryimage","url":"https:\/\/charleroi-pourlapalestine.be\/wp-content\/uploads\/2021\/04\/fresque-Marwan-Barghouti-e1617695664588.jpeg","contentUrl":"https:\/\/charleroi-pourlapalestine.be\/wp-content\/uploads\/2021\/04\/fresque-Marwan-Barghouti-e1617695664588.jpeg","width":480,"height":320},{"@type":"BreadcrumbList","@id":"https:\/\/charleroi-pourlapalestine.be\/index.php\/2021\/04\/06\/le-prisonnier-marwan-barghouti-et-les-elections-palestiniennes\/#breadcrumb","itemListElement":[{"@type":"ListItem","position":1,"name":"Accueil","item":"https:\/\/charleroi-pourlapalestine.be\/"},{"@type":"ListItem","position":2,"name":"Le prisonnier Marwan Barghouti et les \u00e9lections palestiniennes"}]},{"@type":"WebSite","@id":"https:\/\/charleroi-pourlapalestine.be\/#website","url":"https:\/\/charleroi-pourlapalestine.be\/","name":"Charleroi Pour la Palestine","description":"","publisher":{"@id":"https:\/\/charleroi-pourlapalestine.be\/#organization"},"potentialAction":[{"@type":"SearchAction","target":{"@type":"EntryPoint","urlTemplate":"https:\/\/charleroi-pourlapalestine.be\/?s={search_term_string}"},"query-input":{"@type":"PropertyValueSpecification","valueRequired":true,"valueName":"search_term_string"}}],"inLanguage":"fr-FR"},{"@type":"Organization","@id":"https:\/\/charleroi-pourlapalestine.be\/#organization","name":"Plate-forme Charleroi-Palestine","url":"https:\/\/charleroi-pourlapalestine.be\/","logo":{"@type":"ImageObject","inLanguage":"fr-FR","@id":"https:\/\/charleroi-pourlapalestine.be\/#\/schema\/logo\/image\/","url":"https:\/\/charleroi-pourlapalestine.be\/wp-content\/uploads\/2020\/01\/logo-Copy.jpg","contentUrl":"https:\/\/charleroi-pourlapalestine.be\/wp-content\/uploads\/2020\/01\/logo-Copy.jpg","width":180,"height":180,"caption":"Plate-forme Charleroi-Palestine"},"image":{"@id":"https:\/\/charleroi-pourlapalestine.be\/#\/schema\/logo\/image\/"},"sameAs":["https:\/\/www.facebook.com\/PlateformeCharleroiPalestine\/","https:\/\/x.com\/LaCharleroi"]},{"@type":"Person","@id":"https:\/\/charleroi-pourlapalestine.be\/#\/schema\/person\/c19ff515112f1299d8c12671d8fe3faa","name":"admin1873","url":"https:\/\/charleroi-pourlapalestine.be\/index.php\/author\/admin1873\/"}]}},"_links":{"self":[{"href":"https:\/\/charleroi-pourlapalestine.be\/index.php\/wp-json\/wp\/v2\/posts\/24747","targetHints":{"allow":["GET"]}}],"collection":[{"href":"https:\/\/charleroi-pourlapalestine.be\/index.php\/wp-json\/wp\/v2\/posts"}],"about":[{"href":"https:\/\/charleroi-pourlapalestine.be\/index.php\/wp-json\/wp\/v2\/types\/post"}],"author":[{"embeddable":true,"href":"https:\/\/charleroi-pourlapalestine.be\/index.php\/wp-json\/wp\/v2\/users\/1"}],"replies":[{"embeddable":true,"href":"https:\/\/charleroi-pourlapalestine.be\/index.php\/wp-json\/wp\/v2\/comments?post=24747"}],"version-history":[{"count":0,"href":"https:\/\/charleroi-pourlapalestine.be\/index.php\/wp-json\/wp\/v2\/posts\/24747\/revisions"}],"wp:featuredmedia":[{"embeddable":true,"href":"https:\/\/charleroi-pourlapalestine.be\/index.php\/wp-json\/wp\/v2\/media\/24756"}],"wp:attachment":[{"href":"https:\/\/charleroi-pourlapalestine.be\/index.php\/wp-json\/wp\/v2\/media?parent=24747"}],"wp:term":[{"taxonomy":"category","embeddable":true,"href":"https:\/\/charleroi-pourlapalestine.be\/index.php\/wp-json\/wp\/v2\/categories?post=24747"},{"taxonomy":"post_tag","embeddable":true,"href":"https:\/\/charleroi-pourlapalestine.be\/index.php\/wp-json\/wp\/v2\/tags?post=24747"}],"curies":[{"name":"wp","href":"https:\/\/api.w.org\/{rel}","templated":true}]}}