{"id":24792,"date":"2021-04-07T09:35:09","date_gmt":"2021-04-07T07:35:09","guid":{"rendered":"https:\/\/charleroi-pourlapalestine.be\/?p=24792"},"modified":"2021-04-07T14:20:20","modified_gmt":"2021-04-07T12:20:20","slug":"une-knesset-rouge-sang","status":"publish","type":"post","link":"https:\/\/charleroi-pourlapalestine.be\/index.php\/2021\/04\/07\/une-knesset-rouge-sang\/","title":{"rendered":"Une Knesset rouge sang"},"content":{"rendered":"<p>Dans chaque faction de la <strong>Knesset,<\/strong> \u00e0 l&rsquo;exception des partis ultra-orthodoxes et arabes, on trouve des repr\u00e9sentants qui ont port\u00e9 les armes dans le pass\u00e9 et ont \u00e9t\u00e9 impliqu\u00e9s dans le meurtre de civils : <strong>Palestiniens, Libanais, \u00c9gyptiens&#8230;<\/strong><\/p>\n<div id=\"attachment_24794\" style=\"width: 310px\" class=\"wp-caption aligncenter\"><img loading=\"lazy\" decoding=\"async\" aria-describedby=\"caption-attachment-24794\" class=\"wp-image-24794 size-medium\" src=\"https:\/\/charleroi-pourlapalestine.be\/wp-content\/uploads\/2021\/04\/Etat-dapartheid-300x196.jpg\" alt=\"&quot;\u00c9tat d'apartheid : du sang sur vos mains !&quot;: Universit\u00e9 du Cap, Afrique du Sud, janvier 2021\" width=\"300\" height=\"196\"><p id=\"caption-attachment-24794\" class=\"wp-caption-text\">\u00ab\u00a0\u00c9tat d&rsquo;apartheid : du sang sur vos mains !\u00a0\u00bb: Universit\u00e9 du Cap, Afrique du Sud, janvier 2021<\/p><\/div>\n<p><a href=\"https:\/\/charleroi-pourlapalestine.be\/index.php\/tag\/amira-hass\/\"><strong>Amira Hass<\/strong><\/a>, 5 janvier 2021<\/p>\n<p>C&rsquo;est avec beaucoup d&rsquo;enthousiasme et d&#8217;empressement que les correspondants de la cha\u00eene isra\u00e9lienne<em> Kan 11<\/em> ont fait<strong> un reportage sur les candidats au parlement palestinien<\/strong> qui, dans le pass\u00e9, ont port\u00e9 des armes, ont \u00e9t\u00e9 impliqu\u00e9s dans le meurtre d&rsquo;Isra\u00e9liens et ont \u00e9t\u00e9 ou sont encore incarc\u00e9r\u00e9s dans les prisons isra\u00e9liennes. Bref, ce que nous appelons des <em>\u00ab&nbsp;terroristes&nbsp;\u00bb.<\/em> Ils ont \u00e9galement parl\u00e9 de l&rsquo;\u00e9pouse d&rsquo;un certain habitant d&rsquo;H\u00e9bron qui a tu\u00e9 et a \u00e9t\u00e9 tu\u00e9, et qui est n\u00b0 2 sur la liste officielle du Fatah (fid\u00e8le au pr\u00e9sident de l&rsquo;Autorit\u00e9 palestinienne Mahmoud Abbas).<\/p>\n<p>Les bandeaux qui couvrent les yeux des Isra\u00e9liens, qu&rsquo;ils refusent d&rsquo;enlever ou ne remarquent m\u00eame pas, sont trop nombreux pour \u00eatre compt\u00e9s. Au cours des deux derni\u00e8res ann\u00e9es seulement, par exemple, le camp <em>\u00ab&nbsp;Tout sauf Bibi&nbsp;\u00bb<\/em> a plac\u00e9 ses espoirs dans trois d\u00e9put\u00e9s qui sont<strong> d&rsquo;anciens chefs d&rsquo;\u00e9tat-major de l&rsquo;arm\u00e9e isra\u00e9lienne &#8211; Benny Gantz, Moshe Ya&rsquo;alon et Gabi Ashkenazi<\/strong>. Il est impossible de calculer le nombre exact de citoyens palestiniens et libanais (y compris des femmes, des enfants et des personnes \u00e2g\u00e9es, tous non arm\u00e9s) qui ont \u00e9t\u00e9 tu\u00e9s par des soldats servant sous le commandement supr\u00eame de ces trois hommes. Ils ont \u00e9t\u00e9 des milliers.<\/p>\n<p>Il est \u00e9galement impossible de savoir combien ont \u00e9t\u00e9 tu\u00e9s par les trois chefs d&rsquo;\u00e9tat-major <strong>avec leurs propres fusils et de leurs propres mains<\/strong>, alors qu&rsquo;ils gravissaient les \u00e9chelons de l&rsquo;arm\u00e9e. Et n&rsquo;oublions pas <strong>deux premiers ministres dont le CV comprenait \u00ab&nbsp;chef d&rsquo;\u00e9tat-major&nbsp;\u00bb : Yitzhak Rabin et Ehud Barak.<\/strong><\/p>\n<p>Dans chaque faction de la<strong> Knesset<\/strong> &#8211; \u00e0 l&rsquo;exception des partis ultra-orthodoxes et arabes, et qu&rsquo;Hachem et Allah les b\u00e9nissent pour ce <em>\u00ab&nbsp;d\u00e9faut&nbsp;\u00bb &#8211;<\/em> il y a des repr\u00e9sentants qui ont port\u00e9 les armes dans le pass\u00e9 et ont \u00e9t\u00e9 impliqu\u00e9s dans le meurtre de civils : <strong>Palestiniens, Libanais, \u00c9gyptiens.<\/strong><\/p>\n<p>Combien de femmes membres de la <strong>Knesset<\/strong> sont des <em>\u00ab&nbsp;\u00e9pouses&nbsp;\u00bb<\/em> ou des <em>\u00ab&nbsp;s\u0153urs&nbsp;\u00bb<\/em> de <strong>pilotes de l&rsquo;arm\u00e9e de l&rsquo;air ou de simples officiers du corps d&rsquo;artillerie, qui ont \u00e9t\u00e9 directement ou indirectement impliqu\u00e9s dans le meurtre d&rsquo;Arabes ?<\/strong> Combien de l\u00e9gislateurs actuels et anciens, hommes et femmes, ont des fils qui ont<strong> tu\u00e9 et bless\u00e9 des Arabes pendant que leurs parents si\u00e9geaient \u00e0 la Knesset ?<\/strong> Comment pouvons-nous ne serait-ce que commencer \u00e0 <strong>calculer<\/strong> cette \u00e9norme statistique ? <strong>Depuis sa cr\u00e9ation, le parlement isra\u00e9lien est rempli de repr\u00e9sentants juifs ayant du sang sur les mains, principalement du sang palestinien.<\/strong><\/p>\n<p>Lorsqu&rsquo;il s&rsquo;agit de <strong>Palestiniens<\/strong> ayant du sang sur les mains, nous conna\u00eetrons tous les d\u00e9tails sur le Juif qu&rsquo;ils ont tu\u00e9 ou bless\u00e9. Et nous conna\u00eetrons tous les d\u00e9tails sur ces Palestiniens, aussi. Le service de s\u00e9curit\u00e9 <strong>Shin Bet<\/strong> et la police ne font pas seulement tout leur possible pour <strong>arr\u00eater et torturer<\/strong> ces individus &#8211; ils sont \u00e9galement heureux de faire part de leurs soup\u00e7ons \u00e0 leur sujet (qui sont pratiquement des <strong>condamnations avant proc\u00e8s)<\/strong>, suivis des actes d&rsquo;accusation et des d\u00e9cisions de justice \u00e9galement. Des journalistes et des instituts de recherche diligents s&rsquo;efforcent \u00e9galement de rapporter tout ce qui leur a \u00e9t\u00e9 dit sur ces <strong>Palestiniens arm\u00e9s<\/strong>, m\u00eame des d\u00e9cennies apr\u00e8s le proc\u00e8s.<\/p>\n<p>D&rsquo;autre part, lorsque des <strong>soldats isra\u00e9liens tuent ou blessent un Palestinien<\/strong> &#8211; et cela s&rsquo;est produit et se produit encore, bien plus que l\u2019inverse &#8211; ils sont en s\u00e9curit\u00e9 et prot\u00e9g\u00e9s par l&rsquo;anonymat bienvenu que leur conf\u00e8re leur service dans les forces de d\u00e9fense isra\u00e9liennes. En effet, c&rsquo;est le cas \u00e0 quelques rares exceptions pr\u00e8s, dans lesquelles le soldat ou le policier isra\u00e9lien fait l&rsquo;objet d&rsquo;une r\u00e9primande, d&rsquo;une audition disciplinaire ou d&rsquo;une tr\u00e8s courte peine de prison, avec un tiers de remise pour bonne conduite.<\/p>\n<p><strong>Au lieu de compter le nombre d&rsquo;anciens prisonniers ou porteurs d&rsquo;armes parmi les candidats \u00e0 l&rsquo;\u00e9lection du Conseil l\u00e9gislatif palestinien du mois prochain, il incombe aux m\u00e9dias isra\u00e9liens &#8211; d&rsquo;un point de vue professionnel &#8211; de clarifier \u00e9galement les d\u00e9tails suivants concernant chaque candidat et candidate :<\/strong><\/p>\n<blockquote>\n<p>De quel <strong>village<\/strong> ou ville sa famille a \u00e9t\u00e9 expuls\u00e9e en 1948 ; combien de <strong>dunams<\/strong> de terre <strong>Isra\u00ebl<\/strong> a-t-il vol\u00e9 \u00e0 leurs villages et villes de<strong> Cisjordanie<\/strong> afin de construire une <strong>colonie<\/strong> ou une<strong> autoroute r\u00e9serv\u00e9e aux Juifs<\/strong> ; qui a perdu des <strong>parents,<\/strong> des <strong>enfants<\/strong> et des<strong> fr\u00e8res<\/strong> et <strong>s\u0153urs<\/strong> dans les <strong>bombardements<\/strong> militaires isra\u00e9liens, et qui les a vus se faire tuer sous ses yeux ; qui a \u00e9t\u00e9 <strong>expuls\u00e9<\/strong> du pays ; qui a subi des <strong>raids militaires<\/strong> dans sa maison, au milieu de la nuit, et qui, <strong>enfant<\/strong>, a re\u00e7u une gifle ou un coup de pied ici ou l\u00e0 de la part d&rsquo;un soldat ; qui a \u00e9t\u00e9 tortur\u00e9 par le <strong>Shin Bet<\/strong> ;&nbsp; dont la maison a \u00e9t\u00e9 d\u00e9molie dans le cadre d&rsquo;une <strong>punition collective<\/strong>, avant ou sans proc\u00e8s ; qui a \u00e9t\u00e9 suffoqu\u00e9 par des gaz lacrymog\u00e8nes alors qu&rsquo;il \u00e9tait \u00e0<strong> l&rsquo;\u00e9cole primair<\/strong>e ; qui a \u00e9t\u00e9 plac\u00e9 en <strong>d\u00e9tention administrative<\/strong>, sans proc\u00e8s ; et qui a perdu et perd encore plusieurs heures par semaine aux <strong>checkpoints<\/strong> militaires, tandis que les soldats isra\u00e9liens lui pointent leurs fusils dessus.<\/p>\n<\/blockquote>\n<p>La plupart des Isra\u00e9liens, y compris de nombreux journalistes, sont <strong>aveugles<\/strong> \u00e0 ces d\u00e9tails et <strong>\u00e0 l&rsquo;injustice<\/strong> qui en d\u00e9coule &#8211; non seulement parce qu&rsquo;ils les commettent et en sont responsables, mais aussi parce qu&rsquo;ils associent automatiquement la<em> \u00ab&nbsp;l\u00e9gitimit\u00e9&nbsp;\u00bb<\/em> et la <em>\u00ab&nbsp;justice&nbsp;\u00bb<\/em> au gouvernement, aux armes officielles et aux uniformes militaires. \u00c0 leurs yeux, <em>\u00ab&nbsp;un acte juste est un acte qui exprime la volont\u00e9 des forts&nbsp;\u00bb<\/em>, comme l&rsquo;explique le regrett\u00e9 <strong>Ovadia Ezra<\/strong>, dans un recueil posthume d&rsquo;essais en h\u00e9breu, intitul\u00e9 <strong><em>Vivre dans la dignit\u00e9.<\/em><\/strong><\/p>\n<p>Professeur au d\u00e9partement de philosophie de l&rsquo;Universit\u00e9 de Tel Aviv, <strong>Ezra<\/strong> a \u00e9t\u00e9 en 1982 parmi les fondateurs de <strong>Yesh Gvul<\/strong>, une organisation soutenant les soldats et les r\u00e9servistes qui <strong>refusent de servir dans les territoires occup\u00e9s<\/strong>, et lui-m\u00eame un <strong>refuznik<\/strong> de l&rsquo;occupation, qui a \u00e9t\u00e9 incarc\u00e9r\u00e9 dans une prison militaire \u00e0 plusieurs reprises pour cette raison. Comme il l&rsquo;explique dans un essai datant de 1997 :<\/p>\n<blockquote>\n<p>\u00ab Cette perception (d&rsquo;un acte juste comme expression de la volont\u00e9 du fort) peut \u00eatre associ\u00e9e au point de vue de Thomas Hobbes, selon lequel la justice signifie l&rsquo;ex\u00e9cution de la volont\u00e9 du souverain, et donc, par d\u00e9finition, le souverain lui-m\u00eame ne peut pas \u00eatre impliqu\u00e9 dans l&rsquo;injustice&#8230; Plus le temps passe et plus la mesure de la souffrance et du tourment augmente, plus l&rsquo;adh\u00e9sion de la partie forte \u00e0 ce concept de justice est grande, et plus la haine et l&rsquo;aspiration \u00e0 renverser la hi\u00e9rarchie bellig\u00e9rante sont grandes. Parall\u00e8lement, il y a aussi une augmentation de la peur, qui atteint parfois le point de parano\u00efa, que l&rsquo;autre partie puisse devenir plus forte et que la justice franchisse les lignes et l&rsquo;atteigne \u00bb.<\/p>\n<\/blockquote>\n<hr>\n<p>Publi\u00e9 le 5 avril 2021 sur <a href=\"https:\/\/www.haaretz.com\/israel-news\/.premium-a-red-knesset-1.9682765\" target=\"_blank\" rel=\"noopener noreferrer\">Haaretz<\/a><br>Traduction : Fausto Giudice,<a href=\"http:\/\/www.tlaxcala-int.org\/article.asp?reference=31250\" target=\"_blank\" rel=\"noopener noreferrer\"> Tlaxcala<\/a><\/p>\n<div id=\"attachment_21241\" style=\"width: 160px\" class=\"wp-caption alignleft\"><img loading=\"lazy\" decoding=\"async\" aria-describedby=\"caption-attachment-21241\" class=\"wp-image-21241 size-thumbnail\" src=\"https:\/\/charleroi-pourlapalestine.be\/wp-content\/uploads\/2021\/01\/amira-hass-150x150.jpg\" alt=\"\" width=\"150\" height=\"150\" srcset=\"https:\/\/charleroi-pourlapalestine.be\/wp-content\/uploads\/2021\/01\/amira-hass-150x150.jpg 150w, https:\/\/charleroi-pourlapalestine.be\/wp-content\/uploads\/2021\/01\/amira-hass-160x160.jpg 160w\" sizes=\"auto, (max-width: 150px) 100vw, 150px\" \/><p id=\"caption-attachment-21241\" class=\"wp-caption-text\">Amira Hass<\/p><\/div>\n<p><strong>Amira Hass<\/strong> est une journaliste isra\u00e9lienne, travaillant pour le journal <strong>Haaretz<\/strong>. Elle a \u00e9t\u00e9 pendant de longues ann\u00e9es l\u2019unique journaliste isra\u00e9lienne \u00e0 vivre \u00e0 <strong>Gaza<\/strong>, et a notamment \u00e9crit \u00ab&nbsp;<em>Boire la mer \u00e0 Gaza<\/em>&nbsp;\u00bb (Editions La Fabrique)<\/p>\n\n\n<p><\/p>\n","protected":false},"excerpt":{"rendered":"<p>Dans chaque faction de la Knesset, \u00e0 l&rsquo;exception des partis ultra-orthodoxes et arabes, on trouve des repr\u00e9sentants qui ont \u00e9t\u00e9 impliqu\u00e9s dans le meurtre de civils<\/p>\n","protected":false},"author":1,"featured_media":24794,"comment_status":"closed","ping_status":"closed","sticky":false,"template":"","format":"standard","meta":{"ngg_post_thumbnail":0,"footnotes":""},"categories":[98,40,140],"tags":[],"class_list":["post-24792","post","type-post","status-publish","format-standard","has-post-thumbnail","hentry","category-crimes-contre-lhumanite","category-les-crimes-de-guerre","category-letat-colonial"],"yoast_head":"<!-- This site is optimized with the Yoast SEO plugin v27.3 - https:\/\/yoast.com\/product\/yoast-seo-wordpress\/ -->\n<title>Une Knesset rouge sang - Charleroi Pour la Palestine<\/title>\n<meta name=\"description\" content=\"Dans chaque faction de la Knesset, \u00e0 l&#039;exception des partis ultra-orthodoxes et arabes, on trouve des repr\u00e9sentants qui ont \u00e9t\u00e9 impliqu\u00e9s dans le meurtre de civils\" \/>\n<meta name=\"robots\" content=\"index, follow, max-snippet:-1, max-image-preview:large, max-video-preview:-1\" \/>\n<link rel=\"canonical\" href=\"https:\/\/charleroi-pourlapalestine.be\/index.php\/2021\/04\/07\/une-knesset-rouge-sang\/\" \/>\n<script type=\"application\/ld+json\" class=\"yoast-schema-graph\">{\"@context\":\"https:\\\/\\\/schema.org\",\"@graph\":[{\"@type\":\"Article\",\"@id\":\"https:\\\/\\\/charleroi-pourlapalestine.be\\\/index.php\\\/2021\\\/04\\\/07\\\/une-knesset-rouge-sang\\\/#article\",\"isPartOf\":{\"@id\":\"https:\\\/\\\/charleroi-pourlapalestine.be\\\/index.php\\\/2021\\\/04\\\/07\\\/une-knesset-rouge-sang\\\/\"},\"author\":{\"name\":\"admin1873\",\"@id\":\"https:\\\/\\\/charleroi-pourlapalestine.be\\\/#\\\/schema\\\/person\\\/c19ff515112f1299d8c12671d8fe3faa\"},\"headline\":\"Une Knesset rouge sang\",\"datePublished\":\"2021-04-07T07:35:09+00:00\",\"dateModified\":\"2021-04-07T12:20:20+00:00\",\"mainEntityOfPage\":{\"@id\":\"https:\\\/\\\/charleroi-pourlapalestine.be\\\/index.php\\\/2021\\\/04\\\/07\\\/une-knesset-rouge-sang\\\/\"},\"wordCount\":1374,\"publisher\":{\"@id\":\"https:\\\/\\\/charleroi-pourlapalestine.be\\\/#organization\"},\"image\":{\"@id\":\"https:\\\/\\\/charleroi-pourlapalestine.be\\\/index.php\\\/2021\\\/04\\\/07\\\/une-knesset-rouge-sang\\\/#primaryimage\"},\"thumbnailUrl\":\"https:\\\/\\\/charleroi-pourlapalestine.be\\\/wp-content\\\/uploads\\\/2021\\\/04\\\/Etat-dapartheid-e1617720477315.jpg\",\"articleSection\":[\"Crimes contre l'humanit\u00e9\",\"Crimes de guerre\",\"L'Etat colonial\"],\"inLanguage\":\"fr-FR\"},{\"@type\":\"WebPage\",\"@id\":\"https:\\\/\\\/charleroi-pourlapalestine.be\\\/index.php\\\/2021\\\/04\\\/07\\\/une-knesset-rouge-sang\\\/\",\"url\":\"https:\\\/\\\/charleroi-pourlapalestine.be\\\/index.php\\\/2021\\\/04\\\/07\\\/une-knesset-rouge-sang\\\/\",\"name\":\"Une Knesset rouge sang - Charleroi Pour la Palestine\",\"isPartOf\":{\"@id\":\"https:\\\/\\\/charleroi-pourlapalestine.be\\\/#website\"},\"primaryImageOfPage\":{\"@id\":\"https:\\\/\\\/charleroi-pourlapalestine.be\\\/index.php\\\/2021\\\/04\\\/07\\\/une-knesset-rouge-sang\\\/#primaryimage\"},\"image\":{\"@id\":\"https:\\\/\\\/charleroi-pourlapalestine.be\\\/index.php\\\/2021\\\/04\\\/07\\\/une-knesset-rouge-sang\\\/#primaryimage\"},\"thumbnailUrl\":\"https:\\\/\\\/charleroi-pourlapalestine.be\\\/wp-content\\\/uploads\\\/2021\\\/04\\\/Etat-dapartheid-e1617720477315.jpg\",\"datePublished\":\"2021-04-07T07:35:09+00:00\",\"dateModified\":\"2021-04-07T12:20:20+00:00\",\"description\":\"Dans chaque faction de la Knesset, \u00e0 l'exception des partis ultra-orthodoxes et arabes, on trouve des repr\u00e9sentants qui ont \u00e9t\u00e9 impliqu\u00e9s dans le meurtre de civils\",\"breadcrumb\":{\"@id\":\"https:\\\/\\\/charleroi-pourlapalestine.be\\\/index.php\\\/2021\\\/04\\\/07\\\/une-knesset-rouge-sang\\\/#breadcrumb\"},\"inLanguage\":\"fr-FR\",\"potentialAction\":[{\"@type\":\"ReadAction\",\"target\":[\"https:\\\/\\\/charleroi-pourlapalestine.be\\\/index.php\\\/2021\\\/04\\\/07\\\/une-knesset-rouge-sang\\\/\"]}]},{\"@type\":\"ImageObject\",\"inLanguage\":\"fr-FR\",\"@id\":\"https:\\\/\\\/charleroi-pourlapalestine.be\\\/index.php\\\/2021\\\/04\\\/07\\\/une-knesset-rouge-sang\\\/#primaryimage\",\"url\":\"https:\\\/\\\/charleroi-pourlapalestine.be\\\/wp-content\\\/uploads\\\/2021\\\/04\\\/Etat-dapartheid-e1617720477315.jpg\",\"contentUrl\":\"https:\\\/\\\/charleroi-pourlapalestine.be\\\/wp-content\\\/uploads\\\/2021\\\/04\\\/Etat-dapartheid-e1617720477315.jpg\",\"width\":490,\"height\":320},{\"@type\":\"BreadcrumbList\",\"@id\":\"https:\\\/\\\/charleroi-pourlapalestine.be\\\/index.php\\\/2021\\\/04\\\/07\\\/une-knesset-rouge-sang\\\/#breadcrumb\",\"itemListElement\":[{\"@type\":\"ListItem\",\"position\":1,\"name\":\"Accueil\",\"item\":\"https:\\\/\\\/charleroi-pourlapalestine.be\\\/\"},{\"@type\":\"ListItem\",\"position\":2,\"name\":\"Une Knesset rouge sang\"}]},{\"@type\":\"WebSite\",\"@id\":\"https:\\\/\\\/charleroi-pourlapalestine.be\\\/#website\",\"url\":\"https:\\\/\\\/charleroi-pourlapalestine.be\\\/\",\"name\":\"Charleroi Pour la Palestine\",\"description\":\"\",\"publisher\":{\"@id\":\"https:\\\/\\\/charleroi-pourlapalestine.be\\\/#organization\"},\"potentialAction\":[{\"@type\":\"SearchAction\",\"target\":{\"@type\":\"EntryPoint\",\"urlTemplate\":\"https:\\\/\\\/charleroi-pourlapalestine.be\\\/?s={search_term_string}\"},\"query-input\":{\"@type\":\"PropertyValueSpecification\",\"valueRequired\":true,\"valueName\":\"search_term_string\"}}],\"inLanguage\":\"fr-FR\"},{\"@type\":\"Organization\",\"@id\":\"https:\\\/\\\/charleroi-pourlapalestine.be\\\/#organization\",\"name\":\"Plate-forme Charleroi-Palestine\",\"url\":\"https:\\\/\\\/charleroi-pourlapalestine.be\\\/\",\"logo\":{\"@type\":\"ImageObject\",\"inLanguage\":\"fr-FR\",\"@id\":\"https:\\\/\\\/charleroi-pourlapalestine.be\\\/#\\\/schema\\\/logo\\\/image\\\/\",\"url\":\"https:\\\/\\\/charleroi-pourlapalestine.be\\\/wp-content\\\/uploads\\\/2020\\\/01\\\/logo-Copy.jpg\",\"contentUrl\":\"https:\\\/\\\/charleroi-pourlapalestine.be\\\/wp-content\\\/uploads\\\/2020\\\/01\\\/logo-Copy.jpg\",\"width\":180,\"height\":180,\"caption\":\"Plate-forme Charleroi-Palestine\"},\"image\":{\"@id\":\"https:\\\/\\\/charleroi-pourlapalestine.be\\\/#\\\/schema\\\/logo\\\/image\\\/\"},\"sameAs\":[\"https:\\\/\\\/www.facebook.com\\\/PlateformeCharleroiPalestine\\\/\",\"https:\\\/\\\/x.com\\\/LaCharleroi\"]},{\"@type\":\"Person\",\"@id\":\"https:\\\/\\\/charleroi-pourlapalestine.be\\\/#\\\/schema\\\/person\\\/c19ff515112f1299d8c12671d8fe3faa\",\"name\":\"admin1873\",\"url\":\"https:\\\/\\\/charleroi-pourlapalestine.be\\\/index.php\\\/author\\\/admin1873\\\/\"}]}<\/script>\n<!-- \/ Yoast SEO plugin. -->","yoast_head_json":{"title":"Une Knesset rouge sang - Charleroi Pour la Palestine","description":"Dans chaque faction de la Knesset, \u00e0 l'exception des partis ultra-orthodoxes et arabes, on trouve des repr\u00e9sentants qui ont \u00e9t\u00e9 impliqu\u00e9s dans le meurtre de civils","robots":{"index":"index","follow":"follow","max-snippet":"max-snippet:-1","max-image-preview":"max-image-preview:large","max-video-preview":"max-video-preview:-1"},"canonical":"https:\/\/charleroi-pourlapalestine.be\/index.php\/2021\/04\/07\/une-knesset-rouge-sang\/","schema":{"@context":"https:\/\/schema.org","@graph":[{"@type":"Article","@id":"https:\/\/charleroi-pourlapalestine.be\/index.php\/2021\/04\/07\/une-knesset-rouge-sang\/#article","isPartOf":{"@id":"https:\/\/charleroi-pourlapalestine.be\/index.php\/2021\/04\/07\/une-knesset-rouge-sang\/"},"author":{"name":"admin1873","@id":"https:\/\/charleroi-pourlapalestine.be\/#\/schema\/person\/c19ff515112f1299d8c12671d8fe3faa"},"headline":"Une Knesset rouge sang","datePublished":"2021-04-07T07:35:09+00:00","dateModified":"2021-04-07T12:20:20+00:00","mainEntityOfPage":{"@id":"https:\/\/charleroi-pourlapalestine.be\/index.php\/2021\/04\/07\/une-knesset-rouge-sang\/"},"wordCount":1374,"publisher":{"@id":"https:\/\/charleroi-pourlapalestine.be\/#organization"},"image":{"@id":"https:\/\/charleroi-pourlapalestine.be\/index.php\/2021\/04\/07\/une-knesset-rouge-sang\/#primaryimage"},"thumbnailUrl":"https:\/\/charleroi-pourlapalestine.be\/wp-content\/uploads\/2021\/04\/Etat-dapartheid-e1617720477315.jpg","articleSection":["Crimes contre l'humanit\u00e9","Crimes de guerre","L'Etat colonial"],"inLanguage":"fr-FR"},{"@type":"WebPage","@id":"https:\/\/charleroi-pourlapalestine.be\/index.php\/2021\/04\/07\/une-knesset-rouge-sang\/","url":"https:\/\/charleroi-pourlapalestine.be\/index.php\/2021\/04\/07\/une-knesset-rouge-sang\/","name":"Une Knesset rouge sang - Charleroi Pour la Palestine","isPartOf":{"@id":"https:\/\/charleroi-pourlapalestine.be\/#website"},"primaryImageOfPage":{"@id":"https:\/\/charleroi-pourlapalestine.be\/index.php\/2021\/04\/07\/une-knesset-rouge-sang\/#primaryimage"},"image":{"@id":"https:\/\/charleroi-pourlapalestine.be\/index.php\/2021\/04\/07\/une-knesset-rouge-sang\/#primaryimage"},"thumbnailUrl":"https:\/\/charleroi-pourlapalestine.be\/wp-content\/uploads\/2021\/04\/Etat-dapartheid-e1617720477315.jpg","datePublished":"2021-04-07T07:35:09+00:00","dateModified":"2021-04-07T12:20:20+00:00","description":"Dans chaque faction de la Knesset, \u00e0 l'exception des partis ultra-orthodoxes et arabes, on trouve des repr\u00e9sentants qui ont \u00e9t\u00e9 impliqu\u00e9s dans le meurtre de civils","breadcrumb":{"@id":"https:\/\/charleroi-pourlapalestine.be\/index.php\/2021\/04\/07\/une-knesset-rouge-sang\/#breadcrumb"},"inLanguage":"fr-FR","potentialAction":[{"@type":"ReadAction","target":["https:\/\/charleroi-pourlapalestine.be\/index.php\/2021\/04\/07\/une-knesset-rouge-sang\/"]}]},{"@type":"ImageObject","inLanguage":"fr-FR","@id":"https:\/\/charleroi-pourlapalestine.be\/index.php\/2021\/04\/07\/une-knesset-rouge-sang\/#primaryimage","url":"https:\/\/charleroi-pourlapalestine.be\/wp-content\/uploads\/2021\/04\/Etat-dapartheid-e1617720477315.jpg","contentUrl":"https:\/\/charleroi-pourlapalestine.be\/wp-content\/uploads\/2021\/04\/Etat-dapartheid-e1617720477315.jpg","width":490,"height":320},{"@type":"BreadcrumbList","@id":"https:\/\/charleroi-pourlapalestine.be\/index.php\/2021\/04\/07\/une-knesset-rouge-sang\/#breadcrumb","itemListElement":[{"@type":"ListItem","position":1,"name":"Accueil","item":"https:\/\/charleroi-pourlapalestine.be\/"},{"@type":"ListItem","position":2,"name":"Une Knesset rouge sang"}]},{"@type":"WebSite","@id":"https:\/\/charleroi-pourlapalestine.be\/#website","url":"https:\/\/charleroi-pourlapalestine.be\/","name":"Charleroi Pour la Palestine","description":"","publisher":{"@id":"https:\/\/charleroi-pourlapalestine.be\/#organization"},"potentialAction":[{"@type":"SearchAction","target":{"@type":"EntryPoint","urlTemplate":"https:\/\/charleroi-pourlapalestine.be\/?s={search_term_string}"},"query-input":{"@type":"PropertyValueSpecification","valueRequired":true,"valueName":"search_term_string"}}],"inLanguage":"fr-FR"},{"@type":"Organization","@id":"https:\/\/charleroi-pourlapalestine.be\/#organization","name":"Plate-forme Charleroi-Palestine","url":"https:\/\/charleroi-pourlapalestine.be\/","logo":{"@type":"ImageObject","inLanguage":"fr-FR","@id":"https:\/\/charleroi-pourlapalestine.be\/#\/schema\/logo\/image\/","url":"https:\/\/charleroi-pourlapalestine.be\/wp-content\/uploads\/2020\/01\/logo-Copy.jpg","contentUrl":"https:\/\/charleroi-pourlapalestine.be\/wp-content\/uploads\/2020\/01\/logo-Copy.jpg","width":180,"height":180,"caption":"Plate-forme Charleroi-Palestine"},"image":{"@id":"https:\/\/charleroi-pourlapalestine.be\/#\/schema\/logo\/image\/"},"sameAs":["https:\/\/www.facebook.com\/PlateformeCharleroiPalestine\/","https:\/\/x.com\/LaCharleroi"]},{"@type":"Person","@id":"https:\/\/charleroi-pourlapalestine.be\/#\/schema\/person\/c19ff515112f1299d8c12671d8fe3faa","name":"admin1873","url":"https:\/\/charleroi-pourlapalestine.be\/index.php\/author\/admin1873\/"}]}},"_links":{"self":[{"href":"https:\/\/charleroi-pourlapalestine.be\/index.php\/wp-json\/wp\/v2\/posts\/24792","targetHints":{"allow":["GET"]}}],"collection":[{"href":"https:\/\/charleroi-pourlapalestine.be\/index.php\/wp-json\/wp\/v2\/posts"}],"about":[{"href":"https:\/\/charleroi-pourlapalestine.be\/index.php\/wp-json\/wp\/v2\/types\/post"}],"author":[{"embeddable":true,"href":"https:\/\/charleroi-pourlapalestine.be\/index.php\/wp-json\/wp\/v2\/users\/1"}],"replies":[{"embeddable":true,"href":"https:\/\/charleroi-pourlapalestine.be\/index.php\/wp-json\/wp\/v2\/comments?post=24792"}],"version-history":[{"count":0,"href":"https:\/\/charleroi-pourlapalestine.be\/index.php\/wp-json\/wp\/v2\/posts\/24792\/revisions"}],"wp:featuredmedia":[{"embeddable":true,"href":"https:\/\/charleroi-pourlapalestine.be\/index.php\/wp-json\/wp\/v2\/media\/24794"}],"wp:attachment":[{"href":"https:\/\/charleroi-pourlapalestine.be\/index.php\/wp-json\/wp\/v2\/media?parent=24792"}],"wp:term":[{"taxonomy":"category","embeddable":true,"href":"https:\/\/charleroi-pourlapalestine.be\/index.php\/wp-json\/wp\/v2\/categories?post=24792"},{"taxonomy":"post_tag","embeddable":true,"href":"https:\/\/charleroi-pourlapalestine.be\/index.php\/wp-json\/wp\/v2\/tags?post=24792"}],"curies":[{"name":"wp","href":"https:\/\/api.w.org\/{rel}","templated":true}]}}