{"id":24804,"date":"2021-04-08T09:16:47","date_gmt":"2021-04-08T07:16:47","guid":{"rendered":"https:\/\/charleroi-pourlapalestine.be\/?p=24804"},"modified":"2021-04-08T09:55:16","modified_gmt":"2021-04-08T07:55:16","slug":"soutien-au-camp-daida-merci-pour-vos-dons","status":"publish","type":"post","link":"https:\/\/charleroi-pourlapalestine.be\/index.php\/2021\/04\/08\/soutien-au-camp-daida-merci-pour-vos-dons\/","title":{"rendered":"Soutien au camp d&rsquo;Aida : merci pour vos dons !"},"content":{"rendered":"<p>Aujourd\u2019hui le camp de Aida est durement frapp\u00e9 par la pand\u00e9mie de Covid-19 . Avec plus de 100 cas, d\u00e9j\u00e0 \u00e0 la mi-mars, alors que les h\u00f4pitaux palestiniens de Bethl\u00e9em sont d\u00e9pass\u00e9s, les malades du Covid sont livr\u00e9s \u00e0 eux-m\u00eames.<\/p>\n<p>Confinement oblige, h\u00f4tels, caf\u00e9s, entreprises sont ferm\u00e9s. Qui dit absence de travail dit aucun revenu. D\u00e8s lors la communaut\u00e9 s\u2019organise pour fournir aux malades chroniques du camp les m\u00e9dicaments et le mat\u00e9riel m\u00e9dical dont ils ont besoins.<\/p>\n<p>Le 13 mars, un ami de la <a href=\"https:\/\/charleroi-pourlapalestine.be\/index.php\/category\/plate-forme-charleroi-palestine\/\">Plate-forme Charleroi-Palestine<\/a> nous faisait parvenir un appel d\u00e9sesp\u00e9r\u00e9 du <strong>Comite des Femmes<\/strong> du camp de r\u00e9fugi\u00e9s palestiniens de <strong>Aida, Bethl\u00e9em<\/strong>.<\/p>\n<blockquote><p><em><strong>Je vous \u00e9cris pour vous faire part du besoin imm\u00e9diat et urgent de notre communaut\u00e9. Le camp de Aida vit une des p\u00e9riodes les plus difficiles. Nous avons plus de 100 cas de Corona et le nombre augmente.<\/strong><\/em><\/p>\n<p><em><strong>Le syst\u00e8me de sant\u00e9 de Bethl\u00e9em est sur le point de s\u2019effondrer et nous \u00e0 Aida, en particulier le Centre des Femmes, assumons nos responsabilit\u00e9s de prendre soin de nos r\u00e9sidents r\u00e9fugi\u00e9s. Nous collectons des articles de d\u00e9sinfection, mais ce n\u2019est pas suffisant.<\/strong><\/em><\/p>\n<p><em><strong>Par cons\u00e9quent, nous avons lanc\u00e9 une initiative visant \u00e0 collecter des fonds pour acheter des m\u00e9dicaments, des vitamines, des gants et des articles d\u2019hygi\u00e8ne. Nous en avons un besoin urgent.<\/strong><\/em><\/p><\/blockquote>\n<p>Nous avons imm\u00e9diatement r\u00e9agi en envoyant une somme de 500 \u20ac et nous avons lanc\u00e9 un <a href=\"https:\/\/charleroi-pourlapalestine.be\/index.php\/2021\/03\/21\/appel-a-laide-du-camp-de-refugies-de-aida\/\">appel aux dons<\/a>. Le <strong>Comit\u00e9 des Femmes<\/strong> nous a envoy\u00e9 les photos, publi\u00e9s dans cet article, du mat\u00e9riel et des m\u00e9dicaments achet\u00e9s apr\u00e8s le premier virement.<\/p>\n<div id=\"attachment_24825\" style=\"width: 529px\" class=\"wp-caption aligncenter\"><img loading=\"lazy\" decoding=\"async\" aria-describedby=\"caption-attachment-24825\" class=\"wp-image-24825 size-full\" src=\"https:\/\/charleroi-pourlapalestine.be\/wp-content\/uploads\/2021\/04\/Dons-e1617867290477.jpg\" alt=\"Photo : Comit\u00e9 des Femmes d'Aida\" width=\"519\" height=\"320\"><p id=\"caption-attachment-24825\" class=\"wp-caption-text\">Photo : Comit\u00e9 des Femmes d&rsquo;Aida<\/p><\/div>\n<p>&nbsp;<\/p>\n<p><img loading=\"lazy\" decoding=\"async\" class=\"aligncenter wp-image-24808 size-full\" src=\"https:\/\/charleroi-pourlapalestine.be\/wp-content\/uploads\/2021\/04\/Aida-1-e1617798832987.jpg\" alt=\"Photo : Comit\u00e9 des Femmes du camp d'Aida\" width=\"427\" height=\"320\"><\/p>\n<p>En total, <strong>une somme de 2.500 \u20ac a \u00e9t\u00e9 r\u00e9colt\u00e9e<\/strong>. Nous remercions tr\u00e8s chaleureusement toutes les g\u00e9n\u00e9reuses personnes et associations qui ont particip\u00e9 \u00e0 cette collecte.<\/p>\n<p><img loading=\"lazy\" decoding=\"async\" class=\"aligncenter wp-image-24814 size-full\" src=\"https:\/\/charleroi-pourlapalestine.be\/wp-content\/uploads\/2021\/04\/aida3-e1617801002732.jpg\" alt=\"Photo : Comit\u00e9 des Femmes du camp d'Aida\" width=\"427\" height=\"320\"><\/p>\n<p><img loading=\"lazy\" decoding=\"async\" class=\"aligncenter wp-image-24815 size-full\" src=\"https:\/\/charleroi-pourlapalestine.be\/wp-content\/uploads\/2021\/04\/Aida2-e1617801083734.jpg\" alt=\"Photo : Comit\u00e9 des Femmes du camp d'Aida\" width=\"427\" height=\"320\"><\/p>\n<h4>Quelques infos suppl\u00e9mentaires sur Aida, le camp au pied du mur de l&rsquo;apartheid<\/h4>\n<p><a href=\"https:\/\/fr.wikipedia.org\/wiki\/Aida_(camp)\" target=\"_blank\" rel=\"noopener noreferrer\">Aida<\/a> est un camp de r\u00e9fugi\u00e9s palestiniens situ\u00e9 \u00e0 2 kilom\u00e8tres au nord du centre historique de Bethl\u00e9em en Cisjordanie, \u00e0 une dizaine de kilom\u00e8tre de J\u00e9rusalem. Selon l&rsquo;<strong>UNRWA<\/strong>, le camp comptait une population d&rsquo;environ 5.500 r\u00e9fugi\u00e9s \u00e0 la fin de 2014, dont 50 % d\u2019enfants.<\/p>\n<p>Le camp d&rsquo;Aida a \u00e9t\u00e9 \u00e9tabli en 1950 par des r\u00e9fugi\u00e9s des r\u00e9gions de J\u00e9rusalem et de H\u00e9bron, et couvrait une superficie de 66 dunams (0,7 kilom\u00e8tre carr\u00e9). \u00c0 l&rsquo;\u00e9poque, Aida abritait 1.125 r\u00e9fugi\u00e9s vivant dans 94 tentes.<\/p>\n<p>Avec le temps, le camp s\u2019est agrandi et construit en dur. Aujourd\u2019hui, la quatri\u00e8me g\u00e9n\u00e9ration de r\u00e9fugi\u00e9s y grandit.<\/p>\n<p>Le camp a connu des difficult\u00e9s particuli\u00e8res pendant la deuxi\u00e8me Intifada, lorsque l&rsquo;\u00e9cole a subi de graves dommages et 29 unit\u00e9s de logement ont \u00e9t\u00e9 d\u00e9truites par les incursions militaires isra\u00e9liennes. A partir de 2006, les Isra\u00e9liens ont construit \u00e0 la lisi\u00e8re du camp le mur de s\u00e9paration, coupant pratiquement Aida du reste du monde.<\/p>\n<p>Le camp est en outre adjacent au tombeau de Rachel transform\u00e9 en camp militaire isra\u00e9lien, base des nombreuses incursions de l\u2019arm\u00e9e isra\u00e9lienne et contigu \u00e0 la colonie isra\u00e9lienne de Gilo.<\/p>\n<p>Le camp dispose de deux \u00e9coles, mais d&rsquo;aucun dispensaire, bien que l&rsquo;UNRWA ait fourni une assistance aux m\u00e9decins et physioth\u00e9rapeutes dans le cadre d&rsquo;une assistance m\u00e9dicale au camp.<\/p>\n<p>L&rsquo;acc\u00e8s \u00e0 l&rsquo;eau est souvent perturb\u00e9 et les \u00e9gouts sont m\u00e9diocres. Le taux de ch\u00f4mage \u00e0 Aida est de 43%.<\/p>\n<p>JV \/ MCL \/ MDL<\/p>\n","protected":false},"excerpt":{"rendered":"<p>Une somme de 2.500 \u20ac a \u00e9t\u00e9 r\u00e9colt\u00e9e en soutien au Comit\u00e9 des Femmes d&rsquo;Aida.  Merci \u00e0 toutes les g\u00e9n\u00e9reuses personnes et associations qui ont particip\u00e9 \u00e0 cette collecte.<\/p>\n","protected":false},"author":1,"featured_media":24825,"comment_status":"closed","ping_status":"closed","sticky":false,"template":"","format":"standard","meta":{"ngg_post_thumbnail":0,"footnotes":""},"categories":[412,190,47,9],"tags":[],"class_list":["post-24804","post","type-post","status-publish","format-standard","has-post-thumbnail","hentry","category-coronavirus","category-plate-forme-charleroi-palestine","category-loccupation-militaire","category-les-refugies-pamestiniens"],"yoast_head":"<!-- This site is optimized with the Yoast SEO plugin v27.3 - https:\/\/yoast.com\/product\/yoast-seo-wordpress\/ -->\n<title>Soutien au camp d&#039;Aida : merci pour vos dons !<\/title>\n<meta name=\"description\" content=\"Une somme de 2.500 \u20ac a \u00e9t\u00e9 r\u00e9colt\u00e9e. Merci \u00e0 toutes les g\u00e9n\u00e9reuses personnes et associations qui ont particip\u00e9 \u00e0 cette collecte.\" \/>\n<meta name=\"robots\" content=\"index, follow, max-snippet:-1, max-image-preview:large, max-video-preview:-1\" \/>\n<link rel=\"canonical\" href=\"https:\/\/charleroi-pourlapalestine.be\/index.php\/2021\/04\/08\/soutien-au-camp-daida-merci-pour-vos-dons\/\" \/>\n<script type=\"application\/ld+json\" class=\"yoast-schema-graph\">{\"@context\":\"https:\\\/\\\/schema.org\",\"@graph\":[{\"@type\":\"Article\",\"@id\":\"https:\\\/\\\/charleroi-pourlapalestine.be\\\/index.php\\\/2021\\\/04\\\/08\\\/soutien-au-camp-daida-merci-pour-vos-dons\\\/#article\",\"isPartOf\":{\"@id\":\"https:\\\/\\\/charleroi-pourlapalestine.be\\\/index.php\\\/2021\\\/04\\\/08\\\/soutien-au-camp-daida-merci-pour-vos-dons\\\/\"},\"author\":{\"name\":\"admin1873\",\"@id\":\"https:\\\/\\\/charleroi-pourlapalestine.be\\\/#\\\/schema\\\/person\\\/c19ff515112f1299d8c12671d8fe3faa\"},\"headline\":\"Soutien au camp d&rsquo;Aida : merci pour vos dons !\",\"datePublished\":\"2021-04-08T07:16:47+00:00\",\"dateModified\":\"2021-04-08T07:55:16+00:00\",\"mainEntityOfPage\":{\"@id\":\"https:\\\/\\\/charleroi-pourlapalestine.be\\\/index.php\\\/2021\\\/04\\\/08\\\/soutien-au-camp-daida-merci-pour-vos-dons\\\/\"},\"wordCount\":629,\"publisher\":{\"@id\":\"https:\\\/\\\/charleroi-pourlapalestine.be\\\/#organization\"},\"image\":{\"@id\":\"https:\\\/\\\/charleroi-pourlapalestine.be\\\/index.php\\\/2021\\\/04\\\/08\\\/soutien-au-camp-daida-merci-pour-vos-dons\\\/#primaryimage\"},\"thumbnailUrl\":\"https:\\\/\\\/charleroi-pourlapalestine.be\\\/wp-content\\\/uploads\\\/2021\\\/04\\\/Dons-e1617867290477.jpg\",\"articleSection\":[\"Coronavirus\",\"La Plate-forme\",\"Occupation\",\"R\u00e9fugi\u00e9s\"],\"inLanguage\":\"fr-FR\"},{\"@type\":\"WebPage\",\"@id\":\"https:\\\/\\\/charleroi-pourlapalestine.be\\\/index.php\\\/2021\\\/04\\\/08\\\/soutien-au-camp-daida-merci-pour-vos-dons\\\/\",\"url\":\"https:\\\/\\\/charleroi-pourlapalestine.be\\\/index.php\\\/2021\\\/04\\\/08\\\/soutien-au-camp-daida-merci-pour-vos-dons\\\/\",\"name\":\"Soutien au camp d'Aida : merci pour vos dons !\",\"isPartOf\":{\"@id\":\"https:\\\/\\\/charleroi-pourlapalestine.be\\\/#website\"},\"primaryImageOfPage\":{\"@id\":\"https:\\\/\\\/charleroi-pourlapalestine.be\\\/index.php\\\/2021\\\/04\\\/08\\\/soutien-au-camp-daida-merci-pour-vos-dons\\\/#primaryimage\"},\"image\":{\"@id\":\"https:\\\/\\\/charleroi-pourlapalestine.be\\\/index.php\\\/2021\\\/04\\\/08\\\/soutien-au-camp-daida-merci-pour-vos-dons\\\/#primaryimage\"},\"thumbnailUrl\":\"https:\\\/\\\/charleroi-pourlapalestine.be\\\/wp-content\\\/uploads\\\/2021\\\/04\\\/Dons-e1617867290477.jpg\",\"datePublished\":\"2021-04-08T07:16:47+00:00\",\"dateModified\":\"2021-04-08T07:55:16+00:00\",\"description\":\"Une somme de 2.500 \u20ac a \u00e9t\u00e9 r\u00e9colt\u00e9e. Merci \u00e0 toutes les g\u00e9n\u00e9reuses personnes et associations qui ont particip\u00e9 \u00e0 cette collecte.\",\"breadcrumb\":{\"@id\":\"https:\\\/\\\/charleroi-pourlapalestine.be\\\/index.php\\\/2021\\\/04\\\/08\\\/soutien-au-camp-daida-merci-pour-vos-dons\\\/#breadcrumb\"},\"inLanguage\":\"fr-FR\",\"potentialAction\":[{\"@type\":\"ReadAction\",\"target\":[\"https:\\\/\\\/charleroi-pourlapalestine.be\\\/index.php\\\/2021\\\/04\\\/08\\\/soutien-au-camp-daida-merci-pour-vos-dons\\\/\"]}]},{\"@type\":\"ImageObject\",\"inLanguage\":\"fr-FR\",\"@id\":\"https:\\\/\\\/charleroi-pourlapalestine.be\\\/index.php\\\/2021\\\/04\\\/08\\\/soutien-au-camp-daida-merci-pour-vos-dons\\\/#primaryimage\",\"url\":\"https:\\\/\\\/charleroi-pourlapalestine.be\\\/wp-content\\\/uploads\\\/2021\\\/04\\\/Dons-e1617867290477.jpg\",\"contentUrl\":\"https:\\\/\\\/charleroi-pourlapalestine.be\\\/wp-content\\\/uploads\\\/2021\\\/04\\\/Dons-e1617867290477.jpg\",\"width\":519,\"height\":320},{\"@type\":\"BreadcrumbList\",\"@id\":\"https:\\\/\\\/charleroi-pourlapalestine.be\\\/index.php\\\/2021\\\/04\\\/08\\\/soutien-au-camp-daida-merci-pour-vos-dons\\\/#breadcrumb\",\"itemListElement\":[{\"@type\":\"ListItem\",\"position\":1,\"name\":\"Accueil\",\"item\":\"https:\\\/\\\/charleroi-pourlapalestine.be\\\/\"},{\"@type\":\"ListItem\",\"position\":2,\"name\":\"Soutien au camp d&#8217;Aida : merci pour vos dons !\"}]},{\"@type\":\"WebSite\",\"@id\":\"https:\\\/\\\/charleroi-pourlapalestine.be\\\/#website\",\"url\":\"https:\\\/\\\/charleroi-pourlapalestine.be\\\/\",\"name\":\"Charleroi Pour la Palestine\",\"description\":\"\",\"publisher\":{\"@id\":\"https:\\\/\\\/charleroi-pourlapalestine.be\\\/#organization\"},\"potentialAction\":[{\"@type\":\"SearchAction\",\"target\":{\"@type\":\"EntryPoint\",\"urlTemplate\":\"https:\\\/\\\/charleroi-pourlapalestine.be\\\/?s={search_term_string}\"},\"query-input\":{\"@type\":\"PropertyValueSpecification\",\"valueRequired\":true,\"valueName\":\"search_term_string\"}}],\"inLanguage\":\"fr-FR\"},{\"@type\":\"Organization\",\"@id\":\"https:\\\/\\\/charleroi-pourlapalestine.be\\\/#organization\",\"name\":\"Plate-forme Charleroi-Palestine\",\"url\":\"https:\\\/\\\/charleroi-pourlapalestine.be\\\/\",\"logo\":{\"@type\":\"ImageObject\",\"inLanguage\":\"fr-FR\",\"@id\":\"https:\\\/\\\/charleroi-pourlapalestine.be\\\/#\\\/schema\\\/logo\\\/image\\\/\",\"url\":\"https:\\\/\\\/charleroi-pourlapalestine.be\\\/wp-content\\\/uploads\\\/2020\\\/01\\\/logo-Copy.jpg\",\"contentUrl\":\"https:\\\/\\\/charleroi-pourlapalestine.be\\\/wp-content\\\/uploads\\\/2020\\\/01\\\/logo-Copy.jpg\",\"width\":180,\"height\":180,\"caption\":\"Plate-forme Charleroi-Palestine\"},\"image\":{\"@id\":\"https:\\\/\\\/charleroi-pourlapalestine.be\\\/#\\\/schema\\\/logo\\\/image\\\/\"},\"sameAs\":[\"https:\\\/\\\/www.facebook.com\\\/PlateformeCharleroiPalestine\\\/\",\"https:\\\/\\\/x.com\\\/LaCharleroi\"]},{\"@type\":\"Person\",\"@id\":\"https:\\\/\\\/charleroi-pourlapalestine.be\\\/#\\\/schema\\\/person\\\/c19ff515112f1299d8c12671d8fe3faa\",\"name\":\"admin1873\",\"url\":\"https:\\\/\\\/charleroi-pourlapalestine.be\\\/index.php\\\/author\\\/admin1873\\\/\"}]}<\/script>\n<!-- \/ Yoast SEO plugin. -->","yoast_head_json":{"title":"Soutien au camp d'Aida : merci pour vos dons !","description":"Une somme de 2.500 \u20ac a \u00e9t\u00e9 r\u00e9colt\u00e9e. Merci \u00e0 toutes les g\u00e9n\u00e9reuses personnes et associations qui ont particip\u00e9 \u00e0 cette collecte.","robots":{"index":"index","follow":"follow","max-snippet":"max-snippet:-1","max-image-preview":"max-image-preview:large","max-video-preview":"max-video-preview:-1"},"canonical":"https:\/\/charleroi-pourlapalestine.be\/index.php\/2021\/04\/08\/soutien-au-camp-daida-merci-pour-vos-dons\/","schema":{"@context":"https:\/\/schema.org","@graph":[{"@type":"Article","@id":"https:\/\/charleroi-pourlapalestine.be\/index.php\/2021\/04\/08\/soutien-au-camp-daida-merci-pour-vos-dons\/#article","isPartOf":{"@id":"https:\/\/charleroi-pourlapalestine.be\/index.php\/2021\/04\/08\/soutien-au-camp-daida-merci-pour-vos-dons\/"},"author":{"name":"admin1873","@id":"https:\/\/charleroi-pourlapalestine.be\/#\/schema\/person\/c19ff515112f1299d8c12671d8fe3faa"},"headline":"Soutien au camp d&rsquo;Aida : merci pour vos dons !","datePublished":"2021-04-08T07:16:47+00:00","dateModified":"2021-04-08T07:55:16+00:00","mainEntityOfPage":{"@id":"https:\/\/charleroi-pourlapalestine.be\/index.php\/2021\/04\/08\/soutien-au-camp-daida-merci-pour-vos-dons\/"},"wordCount":629,"publisher":{"@id":"https:\/\/charleroi-pourlapalestine.be\/#organization"},"image":{"@id":"https:\/\/charleroi-pourlapalestine.be\/index.php\/2021\/04\/08\/soutien-au-camp-daida-merci-pour-vos-dons\/#primaryimage"},"thumbnailUrl":"https:\/\/charleroi-pourlapalestine.be\/wp-content\/uploads\/2021\/04\/Dons-e1617867290477.jpg","articleSection":["Coronavirus","La Plate-forme","Occupation","R\u00e9fugi\u00e9s"],"inLanguage":"fr-FR"},{"@type":"WebPage","@id":"https:\/\/charleroi-pourlapalestine.be\/index.php\/2021\/04\/08\/soutien-au-camp-daida-merci-pour-vos-dons\/","url":"https:\/\/charleroi-pourlapalestine.be\/index.php\/2021\/04\/08\/soutien-au-camp-daida-merci-pour-vos-dons\/","name":"Soutien au camp d'Aida : merci pour vos dons !","isPartOf":{"@id":"https:\/\/charleroi-pourlapalestine.be\/#website"},"primaryImageOfPage":{"@id":"https:\/\/charleroi-pourlapalestine.be\/index.php\/2021\/04\/08\/soutien-au-camp-daida-merci-pour-vos-dons\/#primaryimage"},"image":{"@id":"https:\/\/charleroi-pourlapalestine.be\/index.php\/2021\/04\/08\/soutien-au-camp-daida-merci-pour-vos-dons\/#primaryimage"},"thumbnailUrl":"https:\/\/charleroi-pourlapalestine.be\/wp-content\/uploads\/2021\/04\/Dons-e1617867290477.jpg","datePublished":"2021-04-08T07:16:47+00:00","dateModified":"2021-04-08T07:55:16+00:00","description":"Une somme de 2.500 \u20ac a \u00e9t\u00e9 r\u00e9colt\u00e9e. Merci \u00e0 toutes les g\u00e9n\u00e9reuses personnes et associations qui ont particip\u00e9 \u00e0 cette collecte.","breadcrumb":{"@id":"https:\/\/charleroi-pourlapalestine.be\/index.php\/2021\/04\/08\/soutien-au-camp-daida-merci-pour-vos-dons\/#breadcrumb"},"inLanguage":"fr-FR","potentialAction":[{"@type":"ReadAction","target":["https:\/\/charleroi-pourlapalestine.be\/index.php\/2021\/04\/08\/soutien-au-camp-daida-merci-pour-vos-dons\/"]}]},{"@type":"ImageObject","inLanguage":"fr-FR","@id":"https:\/\/charleroi-pourlapalestine.be\/index.php\/2021\/04\/08\/soutien-au-camp-daida-merci-pour-vos-dons\/#primaryimage","url":"https:\/\/charleroi-pourlapalestine.be\/wp-content\/uploads\/2021\/04\/Dons-e1617867290477.jpg","contentUrl":"https:\/\/charleroi-pourlapalestine.be\/wp-content\/uploads\/2021\/04\/Dons-e1617867290477.jpg","width":519,"height":320},{"@type":"BreadcrumbList","@id":"https:\/\/charleroi-pourlapalestine.be\/index.php\/2021\/04\/08\/soutien-au-camp-daida-merci-pour-vos-dons\/#breadcrumb","itemListElement":[{"@type":"ListItem","position":1,"name":"Accueil","item":"https:\/\/charleroi-pourlapalestine.be\/"},{"@type":"ListItem","position":2,"name":"Soutien au camp d&#8217;Aida : merci pour vos dons !"}]},{"@type":"WebSite","@id":"https:\/\/charleroi-pourlapalestine.be\/#website","url":"https:\/\/charleroi-pourlapalestine.be\/","name":"Charleroi Pour la Palestine","description":"","publisher":{"@id":"https:\/\/charleroi-pourlapalestine.be\/#organization"},"potentialAction":[{"@type":"SearchAction","target":{"@type":"EntryPoint","urlTemplate":"https:\/\/charleroi-pourlapalestine.be\/?s={search_term_string}"},"query-input":{"@type":"PropertyValueSpecification","valueRequired":true,"valueName":"search_term_string"}}],"inLanguage":"fr-FR"},{"@type":"Organization","@id":"https:\/\/charleroi-pourlapalestine.be\/#organization","name":"Plate-forme Charleroi-Palestine","url":"https:\/\/charleroi-pourlapalestine.be\/","logo":{"@type":"ImageObject","inLanguage":"fr-FR","@id":"https:\/\/charleroi-pourlapalestine.be\/#\/schema\/logo\/image\/","url":"https:\/\/charleroi-pourlapalestine.be\/wp-content\/uploads\/2020\/01\/logo-Copy.jpg","contentUrl":"https:\/\/charleroi-pourlapalestine.be\/wp-content\/uploads\/2020\/01\/logo-Copy.jpg","width":180,"height":180,"caption":"Plate-forme Charleroi-Palestine"},"image":{"@id":"https:\/\/charleroi-pourlapalestine.be\/#\/schema\/logo\/image\/"},"sameAs":["https:\/\/www.facebook.com\/PlateformeCharleroiPalestine\/","https:\/\/x.com\/LaCharleroi"]},{"@type":"Person","@id":"https:\/\/charleroi-pourlapalestine.be\/#\/schema\/person\/c19ff515112f1299d8c12671d8fe3faa","name":"admin1873","url":"https:\/\/charleroi-pourlapalestine.be\/index.php\/author\/admin1873\/"}]}},"_links":{"self":[{"href":"https:\/\/charleroi-pourlapalestine.be\/index.php\/wp-json\/wp\/v2\/posts\/24804","targetHints":{"allow":["GET"]}}],"collection":[{"href":"https:\/\/charleroi-pourlapalestine.be\/index.php\/wp-json\/wp\/v2\/posts"}],"about":[{"href":"https:\/\/charleroi-pourlapalestine.be\/index.php\/wp-json\/wp\/v2\/types\/post"}],"author":[{"embeddable":true,"href":"https:\/\/charleroi-pourlapalestine.be\/index.php\/wp-json\/wp\/v2\/users\/1"}],"replies":[{"embeddable":true,"href":"https:\/\/charleroi-pourlapalestine.be\/index.php\/wp-json\/wp\/v2\/comments?post=24804"}],"version-history":[{"count":0,"href":"https:\/\/charleroi-pourlapalestine.be\/index.php\/wp-json\/wp\/v2\/posts\/24804\/revisions"}],"wp:featuredmedia":[{"embeddable":true,"href":"https:\/\/charleroi-pourlapalestine.be\/index.php\/wp-json\/wp\/v2\/media\/24825"}],"wp:attachment":[{"href":"https:\/\/charleroi-pourlapalestine.be\/index.php\/wp-json\/wp\/v2\/media?parent=24804"}],"wp:term":[{"taxonomy":"category","embeddable":true,"href":"https:\/\/charleroi-pourlapalestine.be\/index.php\/wp-json\/wp\/v2\/categories?post=24804"},{"taxonomy":"post_tag","embeddable":true,"href":"https:\/\/charleroi-pourlapalestine.be\/index.php\/wp-json\/wp\/v2\/tags?post=24804"}],"curies":[{"name":"wp","href":"https:\/\/api.w.org\/{rel}","templated":true}]}}