{"id":25442,"date":"2021-04-29T11:41:41","date_gmt":"2021-04-29T09:41:41","guid":{"rendered":"https:\/\/charleroi-pourlapalestine.be\/?p=25442"},"modified":"2021-04-30T22:08:58","modified_gmt":"2021-04-30T20:08:58","slug":"israel-et-les-dattes-la-grande-magouille","status":"publish","type":"post","link":"https:\/\/charleroi-pourlapalestine.be\/index.php\/2021\/04\/29\/israel-et-les-dattes-la-grande-magouille\/","title":{"rendered":"Isra\u00ebl et les dattes : la grande magouille"},"content":{"rendered":"<p>Un article de<strong> BDS Pays-Bas<\/strong> : Chaque ann\u00e9e, \u00e0 l\u2019\u00e9poque du Ramadan, nous sommes sur la br\u00e8che contre la tricherie autour des dattes. Soyons \u00e9galement vigilants en Belgique !<\/p>\n<div id=\"attachment_25462\" style=\"width: 522px\" class=\"wp-caption aligncenter\"><img loading=\"lazy\" decoding=\"async\" aria-describedby=\"caption-attachment-25462\" class=\"wp-image-25462 size-full\" src=\"https:\/\/charleroi-pourlapalestine.be\/wp-content\/uploads\/2021\/04\/boycott-des-dattes-isra\u00e9liennes-e1619688639570.jpg\" alt=\"\" width=\"512\" height=\"320\"><p id=\"caption-attachment-25462\" class=\"wp-caption-text\">Flyer du <strong>Collectif Palestine Vaincra<\/strong> appellant \u00e0 boycotter les marques isra\u00e9liennes : <strong>Hadiklaim, Mehadrin, Mtex, Jordan River, King Salomon.<\/strong><\/p><\/div>\n<p>Pendant le Ramadan, le march\u00e9 europ\u00e9en est inond\u00e9 de dattes en provenance de nombreux pays. Parmi les gens originaires de la r\u00e9gion m\u00e9diterran\u00e9enne, la datte est tr\u00e8s populaire et c\u2019est surtout pendant le Ramadan que les musulmans en consomment beaucoup.<\/p>\n<p>Il existe diverses sortes de dattes sur le march\u00e9&nbsp;: les muzafati d\u2019<strong>Iran, <\/strong>les bahri d\u2019<strong>Afrique du Nord, <\/strong>les dattes d\u2019<strong>Arabie saoudite, <\/strong>les medjoul de divers pays, dont <strong>Isra\u00ebl <\/strong>et la<strong> Palestine.<\/strong><\/p>\n<p>Chaque ann\u00e9e, \u00e0 l\u2019\u00e9poque du Ramadan, nous sommes sur la br\u00e8che contre la tricherie autour des dattes. Avec les <strong>medjoul,<\/strong> il se passe beaucoup de choses. Ce sont des entrepreneurs isra\u00e9liens qui s\u2019occupent pour une part importante de la culture lucrative des dattes, et cela vaut aussi en territoire palestinien occup\u00e9. La culture des dattes remplace partiellement celle des oliviers, tr\u00e8s longtemps omnipr\u00e9sents en <strong>Palestine<\/strong>. Du fait des interventions violentes des colons isra\u00e9liens \u2013 soutenus par les forces isra\u00e9liennes de l\u2019occupation \u2013 bien des vergers palestiniens et des millions d\u2019oliviers ont \u00e9t\u00e9 an\u00e9antis. La gestion de l\u2019eau par la compagnie isra\u00e9lienne <strong>Mekorot<\/strong> \u2013 par laquelle les <strong>Palestiniens<\/strong> ne se voient accorder qu\u2019un cinqui\u00e8me de l\u2019eau qui peut \u00eatre utilis\u00e9e par les Isra\u00e9liens \u2013 a abouti \u00e0 l\u2019ass\u00e8chement et \u00e0 la salinisation des terres agricoles palestiniennes. De ce fait, certains fermiers palestiniens ont donc d\u00e9cid\u00e9 de passer \u00e0 la culture des dattiers, des palmiers qui ont besoin de moins d\u2019eau.<\/p>\n<p>La firme <strong>Hadiklaim<\/strong> figure sur<a href=\"https:\/\/charleroi-pourlapalestine.be\/index.php\/2020\/02\/12\/lonu-publie-une-liste-noire-de-112-entreprises-ayant-des-liens-avec-loccupation\/\"> la liste noire<\/a> des <strong>Nations unies<\/strong> en raison de sa profonde implication dans les violations isra\u00e9liennes des droits de l\u2019homme dans les territoires palestiniens occup\u00e9s. Pensons surtout aux colonies ill\u00e9gales, au vol et \u00e0 l\u2019exploitation des terres palestiniennes, entre autres, dans la<strong> vall\u00e9e du Jourdain,<\/strong> la partie la plus fertile de la Cisjordanie occup\u00e9e, et dont les produits, surtout les dattes, sont commercialis\u00e9s dans le monde entier et rapportent gros aux colons et au fisc isra\u00e9lien.<\/p>\n<p>Aux <strong>Pays-Bas<\/strong>, cette firme dispose tout simplement de coud\u00e9es franches et peut vendre des dattes sous toutes sortes de marques. Les plus connues sont <strong>Jordan River <\/strong>et <strong>King Solomon.<\/strong> Ce qui est surprenant, c\u2019est que bien des dattes de <strong>Hadiklaim<\/strong> ne sont pas reconnaissables comme telles, comme, par exemple, les dattes <strong>Bomaja<\/strong>, dont l\u2019\u00e9tiquette mentionne<em><strong> \u00ab&nbsp;The Peanut Company&nbsp;\u00bb<\/strong><\/em>. Ces dattes de <strong>Hadiklaim<\/strong> sont vendues dans quasiment tous les supermarch\u00e9s, de m\u00eame que les dattes <strong>Shomisa<\/strong>. Les emballages sont des plus trompeurs&nbsp;: sur les <strong>Shomisa,<\/strong> on d\u00e9couvre des caract\u00e8res arabes et une femme voil\u00e9e. Les dattes <strong>Shomisa<\/strong> sont propos\u00e9es <strong>sans mention du pays d\u2019origine<\/strong>. Toutefois, Shomisa est \u00e9galement un produit de Hadiklaim.&nbsp; Les dattes de <strong>Hadiklaim<\/strong> sont <em>\u00ab&nbsp;blanchies&nbsp;\u00bb<\/em> par l\u2019entreprise<strong> Palmfruits BV<\/strong>, qui est affili\u00e9e \u00e0 la <strong>Chambre de commerce des Pays-Bas.<\/strong> Sur les bo\u00eetes figure un code-barres commen\u00e7ant par 871 et indiquant donc que les dattes sont originaires des <strong>Pays-Bas.<\/strong><\/p>\n<p>Sur ses emballages, <strong>King Medjoul<\/strong> <strong>ne mentionne pas davantage le pays d\u2019origine<\/strong>. Sur le site internet de<em> World Open Food Facts<\/em>, l\u2019origine mentionn\u00e9e est <strong>\u00ab&nbsp;Isra\u00ebl&nbsp;\u00bb.<\/strong> Une photo sur le site internet de <strong>King Medjoul<\/strong> indique cependant que les dattes sont <em>\u00ab&nbsp;100 pour 100 palestiniennes&nbsp;\u00bb.<\/em> Les dattes seraient originaires de <em>\u00ab&nbsp;the ancient land of Jericho rich in Palestinian palm farms&nbsp;\u00bb<\/em> (l\u2019ancien pays de J\u00e9richo riche en palmeraies palestiniennes). Un examen plus approfondi a r\u00e9v\u00e9l\u00e9 que les petits films du site de <strong>King Medjoul<\/strong> avaient \u00e9t\u00e9 <strong>copi\u00e9s<\/strong> sur ceux de l\u2019entreprise palestinienne, avec laquelle nous sommes entr\u00e9s en contact \u00e0 ce propos. <strong>Nakheel<\/strong> exporte des dattes medjoul vers le march\u00e9 europ\u00e9en sous les marques <strong>\u00ab&nbsp;Jericho&nbsp;\u00bb<\/strong> et <strong>\u00ab&nbsp;Moon City&nbsp;\u00bb.<\/strong><\/p>\n<p>L\u2019entreprise isra\u00e9lienne <strong>Mehadrin<\/strong> elle aussi lance des dattes sur le march\u00e9 <strong>sans en mentionner le pays d\u2019origine<\/strong>. Un emballage montre la Lampe magique d\u2019Aladin, un r\u00e9cit des contes arabes des mille et une nuits, ce qui sugg\u00e9rerait que le producteur est arabe. Une autre firme mentionne tout simplement <strong>\u00ab&nbsp;Medjoul Dates (King of dates)&nbsp;\u00bb<\/strong> (la reine des dattes), <strong>sans mention de l\u2019entreprise ou du pays d\u2019origine.<\/strong> &nbsp;<\/p>\n<p>Alors que la mention de l\u2019origine est pourtant obligatoire, les A<strong>utorit\u00e9s hollandaises de l\u2019alimentation et des denr\u00e9es<\/strong> ne la contr\u00f4lent manifestement pas. Juste avant le Ramadan de cette ann\u00e9e, il s\u2019est av\u00e9r\u00e9 qu\u2019\u00e0 <strong>Sainsbury (Angleterre)<\/strong>, des consommateurs de dattes medjoul ont \u00e9t\u00e9 infect\u00e9s par l\u2019h\u00e9patite A. Comment retrouver la source de l\u2019infection si l\u2019origine du produit reste obscure&nbsp;?<\/p>\n<p><blockquote class=\"twitter-tweet\" data-width=\"500\" data-dnt=\"true\"><p lang=\"en\" dir=\"ltr\">Food safety lawyer <a href=\"https:\/\/twitter.com\/LD_mvictor?ref_src=twsrc%5Etfw\">@LD_mvictor<\/a> is considering potential legal action following a case of Hepatitis A that has been possibly linked to Sainsbury&#39;s Taste the Difference range of Medjool dates<a href=\"https:\/\/t.co\/K8A7DNkdys\">https:\/\/t.co\/K8A7DNkdys<\/a> <a href=\"https:\/\/t.co\/yDbPblswpe\">pic.twitter.com\/yDbPblswpe<\/a><\/p>&mdash; Leigh Day (@LeighDay_Law) <a href=\"https:\/\/twitter.com\/LeighDay_Law\/status\/1385565271340068864?ref_src=twsrc%5Etfw\">April 23, 2021<\/a><\/blockquote><script async src=\"https:\/\/platform.twitter.com\/widgets.js\" charset=\"utf-8\"><\/script><\/p>\n<p>&nbsp;<\/p>\n<p>Mais les acheteurs de dattes eux aussi ont des tas d\u2019ennuis avec le manque de clart\u00e9 concernant l\u2019origine des dattes medjoul. Ces dattes sont tr\u00e8s populaires, \u00e0 l\u2019\u00e9poque du Ramadan. Pour bien des musulmans, le Ramadan est un mois durant lequel ils comptent se purifier sur le plan spirituel. Le fait de savoir que l\u2019on triche avec l\u2019origine des dattes \u00e0 l\u2019aide desquelles ils rompent leur je\u00fbne leur est insupportable. &nbsp;<\/p>\n<p>C\u2019est pourquoi il existe une v\u00e9ritable qu\u00eate vers des dattes medjoul honn\u00eates, originaires de pr\u00e9f\u00e9rence de <strong>Palestine.<\/strong> Au grand dam de l\u2019acheteur, il est fr\u00e9quent que celui-ci ach\u00e8te une bo\u00eete de dattes trafiqu\u00e9es, puisqu\u2019on ne peut voir sur l\u2019emballage d\u2019o\u00f9 ces dattes proviennent. De m\u00eame, les vendeurs des march\u00e9s sont l\u00e9s\u00e9s eux aussi, a r\u00e9v\u00e9l\u00e9 une tourn\u00e9e des march\u00e9s, puisqu\u2019eux-m\u00eames, souvent, ne savent pas non plus qu\u2019ils vendent des dattes d\u2019origine trompeuse. Si l\u2019on ne contr\u00f4le pas la mention quant \u00e0 l\u2019origine, qu\u2019en est-il alors de nos droits en tant que consommateurs&nbsp;?<\/p>\n<p>Il est bel et bien question d\u2019un scandale des dattes, montre un petit film de 2014 r\u00e9alis\u00e9 par <strong>Al Jazeerah<\/strong>&nbsp;et intitul\u00e9 <strong><em>\u00ab&nbsp;How Israeli settlers deceive the international community&nbsp;\u00bb<\/em> <\/strong>(Comment les colons isra\u00e9liens &nbsp;trompent la communaut\u00e9 internationale). Le colon qui travaille comme consultant agricole montre les stocks de dattes dans son entrep\u00f4t. Les bo\u00eetes portent l\u2019\u00e9tiquette<em> <strong>\u00ab&nbsp;Jericho, Palestine&nbsp;\u00bb<\/strong><\/em> en caract\u00e8res arabes. <strong><em>\u00ab&nbsp;Nous \u00e9crivons sur les bo\u00eetes ce que le client veut&nbsp;\u00bb<\/em><\/strong>, dit le consultant. <strong>\u00ab<em>&nbsp;Nous ne mentionnons pas \u2018Isra\u00ebl\u2019 dessus.&nbsp;\u00bb<\/em><\/strong> Pas grand-chose n\u2019a chang\u00e9 depuis 2014, avons-nous constat\u00e9 nous-m\u00eames par la suite.<\/p>\n<p><div class=\"video-container\"><iframe loading=\"lazy\" title=\"Palestine Remix - How Israeli Settlers Deceive The International Community?\" width=\"500\" height=\"281\" src=\"https:\/\/www.youtube.com\/embed\/z6h1O0j5xso?start=12&#038;feature=oembed&#038;wmode=opaque\" frameborder=\"0\" allow=\"accelerometer; autoplay; clipboard-write; encrypted-media; gyroscope; picture-in-picture; web-share\" referrerpolicy=\"strict-origin-when-cross-origin\" allowfullscreen><\/iframe><\/div><\/p>\n<p>Entre-temps, les commer\u00e7ants palestiniens en dattes sont confront\u00e9s \u00e0 d\u2019\u00e9normes obstacles pour \u00e9couler leurs produits sur le march\u00e9 europ\u00e9en, comme le manque d\u2019installations frigorifiques dans les ports isra\u00e9liens et les temps d\u2019attente interminables aux check-points, des conditions qui n\u2019ont rien d\u2019optimal pour la qualit\u00e9 de leurs produits, et encore moins pour la concurrence avec les n\u00e9gociants isra\u00e9liens qui, eux, ne sont pas du tout confront\u00e9s \u00e0 ces obstacles.<\/p>\n<p>Par-dessus tout, les producteurs palestiniens sont aux prises avec des probl\u00e8mes comme le vol de leurs terres par les colons isra\u00e9liens mais, manifestement aussi, le vol de la propri\u00e9t\u00e9 intellectuelle via le plagiat de leur site internet et la concurrence d\u00e9loyale du fait que les dattes des colonies sont largu\u00e9es \u00e0 des prix cass\u00e9s sans mention de leur pays d\u2019origine.<\/p>\n<p>Quels profits ill\u00e9gaux peut-on tirer de l\u2019escamotage des taxes pr\u00e9vues au sein de l\u2019<strong>UE<\/strong> sur l\u2019importation de produits originaires des colonies ill\u00e9gales&nbsp;? Quel est le montant des taxes qui \u00e9chappent au fisc hollandais&nbsp;? Il est grand-temps qu\u2019on se livre \u00e0 une inspection fouill\u00e9e, ici, et que les fraudeurs soient poursuivis.<\/p>\n<p>Mais, par-dessus tout cela, il y a le fait que les droits des Palestiniens sont foul\u00e9s aux pieds. Depuis des d\u00e9cennies d\u2019occupation, ils doivent tenter de garder la t\u00eate au-dessus de l\u2019eau, alors que les colons isra\u00e9liens leur volent leurs terres et leur gagne-pain. On ne tient pas du tout compte non plus de nos droits en tant que consommateurs ni de nos rentr\u00e9es fiscales. Indiscutablement, il existe un lien direct entre le fait qu\u2019on m\u00e8ne nos consommateurs par le bout du nez et les violations des droits des Palestiniens.<\/p>\n<p>Et, pour l\u2019un et l\u2019autre, cela fait des ann\u00e9es que l\u2019\u00c9tat n\u00e9erlandais hausse les \u00e9paules.<\/p>\n<hr>\n<p>Publi\u00e9 le 24 avril 2021 sur <strong><a href=\"https:\/\/bdsnederland.nl\/de-grote-israelische-dadelsjoemel\/?fbclid=IwAR2MzUDrLlW4DYONcKm7F8v4ydr4VRzv3teUF37Y6ZW-7xF1pNkcnEQnFJM\" target=\"_blank\" rel=\"noopener noreferrer\">BDS Nederland<\/a><\/strong><\/p>\n<p>La <strong>Plate-forme Charleroi-Palestine<\/strong> a dans le pass\u00e9 organis\u00e9 de nombreuses actions de sensibilisation concernant les dattes isra\u00e9liennes, y compris sur les conditions de travail des ouvriers palestiniens dans les colonies, proches de l&rsquo;esclavage. Trouvez<strong><a href=\"https:\/\/charleroi-pourlapalestine.be\/index.php\/2011\/07\/30\/bds-action-pas-de-dattes-israeliennes-a-chatelineau\/\"> ici<\/a><\/strong> le t\u00e9moignage de <strong>Raed Abuyussef, <\/strong>qui travaillait \u00e0 l&rsquo;\u00e9poque pour l\u2019organisation de d\u00e9fense des travailleurs palestiniens <strong>\u00ab\u00a0Kav LaOved\u00a0\u00bb.<\/strong> <br>Ces derni\u00e8res ann\u00e9es, nous avons diffus\u00e9 nous-m\u00eames des dattes palestiniennes. Malheureusement, les conditions sanitaires nous ont emp\u00each\u00e9 de faire pareil cette ann\u00e9e.<\/p>\n\n\n<p><\/p>\n","protected":false},"excerpt":{"rendered":"<p>Un article de BDS Pays-Bas : \u00ab\u00a0Chaque ann\u00e9e, \u00e0 l\u2019\u00e9poque du Ramadan, nous sommes sur la br\u00e8che contre la tricherie autour des dattes.\u00a0\u00bb Soyons \u00e9galement vigilants en Belgique !<\/p>\n","protected":false},"author":1,"featured_media":25462,"comment_status":"closed","ping_status":"closed","sticky":false,"template":"","format":"standard","meta":{"ngg_post_thumbnail":0,"footnotes":""},"categories":[118,90,192],"tags":[],"class_list":["post-25442","post","type-post","status-publish","format-standard","has-post-thumbnail","hentry","category-agriculture","category-bds","category-palestine"],"yoast_head":"<!-- This site is optimized with the Yoast SEO plugin v27.3 - https:\/\/yoast.com\/product\/yoast-seo-wordpress\/ -->\n<title>Isra\u00ebl et les dattes : la grande magouille - Charleroi Pour la Palestine<\/title>\n<meta name=\"description\" content=\"Un article de BDS Pays-Bas : Chaque ann\u00e9e, \u00e0 l\u2019\u00e9poque du Ramadan, nous sommes sur la br\u00e8che contre la tricherie autour des dattes. Soyons \u00e9galement vigilants en Belgique !\" \/>\n<meta name=\"robots\" content=\"index, follow, max-snippet:-1, max-image-preview:large, max-video-preview:-1\" \/>\n<link rel=\"canonical\" href=\"https:\/\/charleroi-pourlapalestine.be\/index.php\/2021\/04\/29\/israel-et-les-dattes-la-grande-magouille\/\" \/>\n<script type=\"application\/ld+json\" class=\"yoast-schema-graph\">{\"@context\":\"https:\\\/\\\/schema.org\",\"@graph\":[{\"@type\":\"Article\",\"@id\":\"https:\\\/\\\/charleroi-pourlapalestine.be\\\/index.php\\\/2021\\\/04\\\/29\\\/israel-et-les-dattes-la-grande-magouille\\\/#article\",\"isPartOf\":{\"@id\":\"https:\\\/\\\/charleroi-pourlapalestine.be\\\/index.php\\\/2021\\\/04\\\/29\\\/israel-et-les-dattes-la-grande-magouille\\\/\"},\"author\":{\"name\":\"admin1873\",\"@id\":\"https:\\\/\\\/charleroi-pourlapalestine.be\\\/#\\\/schema\\\/person\\\/c19ff515112f1299d8c12671d8fe3faa\"},\"headline\":\"Isra\u00ebl et les dattes : la grande magouille\",\"datePublished\":\"2021-04-29T09:41:41+00:00\",\"dateModified\":\"2021-04-30T20:08:58+00:00\",\"mainEntityOfPage\":{\"@id\":\"https:\\\/\\\/charleroi-pourlapalestine.be\\\/index.php\\\/2021\\\/04\\\/29\\\/israel-et-les-dattes-la-grande-magouille\\\/\"},\"wordCount\":1619,\"publisher\":{\"@id\":\"https:\\\/\\\/charleroi-pourlapalestine.be\\\/#organization\"},\"image\":{\"@id\":\"https:\\\/\\\/charleroi-pourlapalestine.be\\\/index.php\\\/2021\\\/04\\\/29\\\/israel-et-les-dattes-la-grande-magouille\\\/#primaryimage\"},\"thumbnailUrl\":\"https:\\\/\\\/charleroi-pourlapalestine.be\\\/wp-content\\\/uploads\\\/2021\\\/04\\\/boycott-des-dattes-isra\u00e9liennes-e1619688639570.jpg\",\"articleSection\":[\"Agriculture\",\"BDS\",\"Palestine\"],\"inLanguage\":\"fr-FR\"},{\"@type\":\"WebPage\",\"@id\":\"https:\\\/\\\/charleroi-pourlapalestine.be\\\/index.php\\\/2021\\\/04\\\/29\\\/israel-et-les-dattes-la-grande-magouille\\\/\",\"url\":\"https:\\\/\\\/charleroi-pourlapalestine.be\\\/index.php\\\/2021\\\/04\\\/29\\\/israel-et-les-dattes-la-grande-magouille\\\/\",\"name\":\"Isra\u00ebl et les dattes : la grande magouille - Charleroi Pour la Palestine\",\"isPartOf\":{\"@id\":\"https:\\\/\\\/charleroi-pourlapalestine.be\\\/#website\"},\"primaryImageOfPage\":{\"@id\":\"https:\\\/\\\/charleroi-pourlapalestine.be\\\/index.php\\\/2021\\\/04\\\/29\\\/israel-et-les-dattes-la-grande-magouille\\\/#primaryimage\"},\"image\":{\"@id\":\"https:\\\/\\\/charleroi-pourlapalestine.be\\\/index.php\\\/2021\\\/04\\\/29\\\/israel-et-les-dattes-la-grande-magouille\\\/#primaryimage\"},\"thumbnailUrl\":\"https:\\\/\\\/charleroi-pourlapalestine.be\\\/wp-content\\\/uploads\\\/2021\\\/04\\\/boycott-des-dattes-isra\u00e9liennes-e1619688639570.jpg\",\"datePublished\":\"2021-04-29T09:41:41+00:00\",\"dateModified\":\"2021-04-30T20:08:58+00:00\",\"description\":\"Un article de BDS Pays-Bas : Chaque ann\u00e9e, \u00e0 l\u2019\u00e9poque du Ramadan, nous sommes sur la br\u00e8che contre la tricherie autour des dattes. Soyons \u00e9galement vigilants en Belgique !\",\"breadcrumb\":{\"@id\":\"https:\\\/\\\/charleroi-pourlapalestine.be\\\/index.php\\\/2021\\\/04\\\/29\\\/israel-et-les-dattes-la-grande-magouille\\\/#breadcrumb\"},\"inLanguage\":\"fr-FR\",\"potentialAction\":[{\"@type\":\"ReadAction\",\"target\":[\"https:\\\/\\\/charleroi-pourlapalestine.be\\\/index.php\\\/2021\\\/04\\\/29\\\/israel-et-les-dattes-la-grande-magouille\\\/\"]}]},{\"@type\":\"ImageObject\",\"inLanguage\":\"fr-FR\",\"@id\":\"https:\\\/\\\/charleroi-pourlapalestine.be\\\/index.php\\\/2021\\\/04\\\/29\\\/israel-et-les-dattes-la-grande-magouille\\\/#primaryimage\",\"url\":\"https:\\\/\\\/charleroi-pourlapalestine.be\\\/wp-content\\\/uploads\\\/2021\\\/04\\\/boycott-des-dattes-isra\u00e9liennes-e1619688639570.jpg\",\"contentUrl\":\"https:\\\/\\\/charleroi-pourlapalestine.be\\\/wp-content\\\/uploads\\\/2021\\\/04\\\/boycott-des-dattes-isra\u00e9liennes-e1619688639570.jpg\",\"width\":512,\"height\":320},{\"@type\":\"BreadcrumbList\",\"@id\":\"https:\\\/\\\/charleroi-pourlapalestine.be\\\/index.php\\\/2021\\\/04\\\/29\\\/israel-et-les-dattes-la-grande-magouille\\\/#breadcrumb\",\"itemListElement\":[{\"@type\":\"ListItem\",\"position\":1,\"name\":\"Accueil\",\"item\":\"https:\\\/\\\/charleroi-pourlapalestine.be\\\/\"},{\"@type\":\"ListItem\",\"position\":2,\"name\":\"Isra\u00ebl et les dattes : la grande magouille\"}]},{\"@type\":\"WebSite\",\"@id\":\"https:\\\/\\\/charleroi-pourlapalestine.be\\\/#website\",\"url\":\"https:\\\/\\\/charleroi-pourlapalestine.be\\\/\",\"name\":\"Charleroi Pour la Palestine\",\"description\":\"\",\"publisher\":{\"@id\":\"https:\\\/\\\/charleroi-pourlapalestine.be\\\/#organization\"},\"potentialAction\":[{\"@type\":\"SearchAction\",\"target\":{\"@type\":\"EntryPoint\",\"urlTemplate\":\"https:\\\/\\\/charleroi-pourlapalestine.be\\\/?s={search_term_string}\"},\"query-input\":{\"@type\":\"PropertyValueSpecification\",\"valueRequired\":true,\"valueName\":\"search_term_string\"}}],\"inLanguage\":\"fr-FR\"},{\"@type\":\"Organization\",\"@id\":\"https:\\\/\\\/charleroi-pourlapalestine.be\\\/#organization\",\"name\":\"Plate-forme Charleroi-Palestine\",\"url\":\"https:\\\/\\\/charleroi-pourlapalestine.be\\\/\",\"logo\":{\"@type\":\"ImageObject\",\"inLanguage\":\"fr-FR\",\"@id\":\"https:\\\/\\\/charleroi-pourlapalestine.be\\\/#\\\/schema\\\/logo\\\/image\\\/\",\"url\":\"https:\\\/\\\/charleroi-pourlapalestine.be\\\/wp-content\\\/uploads\\\/2020\\\/01\\\/logo-Copy.jpg\",\"contentUrl\":\"https:\\\/\\\/charleroi-pourlapalestine.be\\\/wp-content\\\/uploads\\\/2020\\\/01\\\/logo-Copy.jpg\",\"width\":180,\"height\":180,\"caption\":\"Plate-forme Charleroi-Palestine\"},\"image\":{\"@id\":\"https:\\\/\\\/charleroi-pourlapalestine.be\\\/#\\\/schema\\\/logo\\\/image\\\/\"},\"sameAs\":[\"https:\\\/\\\/www.facebook.com\\\/PlateformeCharleroiPalestine\\\/\",\"https:\\\/\\\/x.com\\\/LaCharleroi\"]},{\"@type\":\"Person\",\"@id\":\"https:\\\/\\\/charleroi-pourlapalestine.be\\\/#\\\/schema\\\/person\\\/c19ff515112f1299d8c12671d8fe3faa\",\"name\":\"admin1873\",\"url\":\"https:\\\/\\\/charleroi-pourlapalestine.be\\\/index.php\\\/author\\\/admin1873\\\/\"}]}<\/script>\n<!-- \/ Yoast SEO plugin. -->","yoast_head_json":{"title":"Isra\u00ebl et les dattes : la grande magouille - Charleroi Pour la Palestine","description":"Un article de BDS Pays-Bas : Chaque ann\u00e9e, \u00e0 l\u2019\u00e9poque du Ramadan, nous sommes sur la br\u00e8che contre la tricherie autour des dattes. Soyons \u00e9galement vigilants en Belgique !","robots":{"index":"index","follow":"follow","max-snippet":"max-snippet:-1","max-image-preview":"max-image-preview:large","max-video-preview":"max-video-preview:-1"},"canonical":"https:\/\/charleroi-pourlapalestine.be\/index.php\/2021\/04\/29\/israel-et-les-dattes-la-grande-magouille\/","schema":{"@context":"https:\/\/schema.org","@graph":[{"@type":"Article","@id":"https:\/\/charleroi-pourlapalestine.be\/index.php\/2021\/04\/29\/israel-et-les-dattes-la-grande-magouille\/#article","isPartOf":{"@id":"https:\/\/charleroi-pourlapalestine.be\/index.php\/2021\/04\/29\/israel-et-les-dattes-la-grande-magouille\/"},"author":{"name":"admin1873","@id":"https:\/\/charleroi-pourlapalestine.be\/#\/schema\/person\/c19ff515112f1299d8c12671d8fe3faa"},"headline":"Isra\u00ebl et les dattes : la grande magouille","datePublished":"2021-04-29T09:41:41+00:00","dateModified":"2021-04-30T20:08:58+00:00","mainEntityOfPage":{"@id":"https:\/\/charleroi-pourlapalestine.be\/index.php\/2021\/04\/29\/israel-et-les-dattes-la-grande-magouille\/"},"wordCount":1619,"publisher":{"@id":"https:\/\/charleroi-pourlapalestine.be\/#organization"},"image":{"@id":"https:\/\/charleroi-pourlapalestine.be\/index.php\/2021\/04\/29\/israel-et-les-dattes-la-grande-magouille\/#primaryimage"},"thumbnailUrl":"https:\/\/charleroi-pourlapalestine.be\/wp-content\/uploads\/2021\/04\/boycott-des-dattes-isra\u00e9liennes-e1619688639570.jpg","articleSection":["Agriculture","BDS","Palestine"],"inLanguage":"fr-FR"},{"@type":"WebPage","@id":"https:\/\/charleroi-pourlapalestine.be\/index.php\/2021\/04\/29\/israel-et-les-dattes-la-grande-magouille\/","url":"https:\/\/charleroi-pourlapalestine.be\/index.php\/2021\/04\/29\/israel-et-les-dattes-la-grande-magouille\/","name":"Isra\u00ebl et les dattes : la grande magouille - Charleroi Pour la Palestine","isPartOf":{"@id":"https:\/\/charleroi-pourlapalestine.be\/#website"},"primaryImageOfPage":{"@id":"https:\/\/charleroi-pourlapalestine.be\/index.php\/2021\/04\/29\/israel-et-les-dattes-la-grande-magouille\/#primaryimage"},"image":{"@id":"https:\/\/charleroi-pourlapalestine.be\/index.php\/2021\/04\/29\/israel-et-les-dattes-la-grande-magouille\/#primaryimage"},"thumbnailUrl":"https:\/\/charleroi-pourlapalestine.be\/wp-content\/uploads\/2021\/04\/boycott-des-dattes-isra\u00e9liennes-e1619688639570.jpg","datePublished":"2021-04-29T09:41:41+00:00","dateModified":"2021-04-30T20:08:58+00:00","description":"Un article de BDS Pays-Bas : Chaque ann\u00e9e, \u00e0 l\u2019\u00e9poque du Ramadan, nous sommes sur la br\u00e8che contre la tricherie autour des dattes. Soyons \u00e9galement vigilants en Belgique !","breadcrumb":{"@id":"https:\/\/charleroi-pourlapalestine.be\/index.php\/2021\/04\/29\/israel-et-les-dattes-la-grande-magouille\/#breadcrumb"},"inLanguage":"fr-FR","potentialAction":[{"@type":"ReadAction","target":["https:\/\/charleroi-pourlapalestine.be\/index.php\/2021\/04\/29\/israel-et-les-dattes-la-grande-magouille\/"]}]},{"@type":"ImageObject","inLanguage":"fr-FR","@id":"https:\/\/charleroi-pourlapalestine.be\/index.php\/2021\/04\/29\/israel-et-les-dattes-la-grande-magouille\/#primaryimage","url":"https:\/\/charleroi-pourlapalestine.be\/wp-content\/uploads\/2021\/04\/boycott-des-dattes-isra\u00e9liennes-e1619688639570.jpg","contentUrl":"https:\/\/charleroi-pourlapalestine.be\/wp-content\/uploads\/2021\/04\/boycott-des-dattes-isra\u00e9liennes-e1619688639570.jpg","width":512,"height":320},{"@type":"BreadcrumbList","@id":"https:\/\/charleroi-pourlapalestine.be\/index.php\/2021\/04\/29\/israel-et-les-dattes-la-grande-magouille\/#breadcrumb","itemListElement":[{"@type":"ListItem","position":1,"name":"Accueil","item":"https:\/\/charleroi-pourlapalestine.be\/"},{"@type":"ListItem","position":2,"name":"Isra\u00ebl et les dattes : la grande magouille"}]},{"@type":"WebSite","@id":"https:\/\/charleroi-pourlapalestine.be\/#website","url":"https:\/\/charleroi-pourlapalestine.be\/","name":"Charleroi Pour la Palestine","description":"","publisher":{"@id":"https:\/\/charleroi-pourlapalestine.be\/#organization"},"potentialAction":[{"@type":"SearchAction","target":{"@type":"EntryPoint","urlTemplate":"https:\/\/charleroi-pourlapalestine.be\/?s={search_term_string}"},"query-input":{"@type":"PropertyValueSpecification","valueRequired":true,"valueName":"search_term_string"}}],"inLanguage":"fr-FR"},{"@type":"Organization","@id":"https:\/\/charleroi-pourlapalestine.be\/#organization","name":"Plate-forme Charleroi-Palestine","url":"https:\/\/charleroi-pourlapalestine.be\/","logo":{"@type":"ImageObject","inLanguage":"fr-FR","@id":"https:\/\/charleroi-pourlapalestine.be\/#\/schema\/logo\/image\/","url":"https:\/\/charleroi-pourlapalestine.be\/wp-content\/uploads\/2020\/01\/logo-Copy.jpg","contentUrl":"https:\/\/charleroi-pourlapalestine.be\/wp-content\/uploads\/2020\/01\/logo-Copy.jpg","width":180,"height":180,"caption":"Plate-forme Charleroi-Palestine"},"image":{"@id":"https:\/\/charleroi-pourlapalestine.be\/#\/schema\/logo\/image\/"},"sameAs":["https:\/\/www.facebook.com\/PlateformeCharleroiPalestine\/","https:\/\/x.com\/LaCharleroi"]},{"@type":"Person","@id":"https:\/\/charleroi-pourlapalestine.be\/#\/schema\/person\/c19ff515112f1299d8c12671d8fe3faa","name":"admin1873","url":"https:\/\/charleroi-pourlapalestine.be\/index.php\/author\/admin1873\/"}]}},"_links":{"self":[{"href":"https:\/\/charleroi-pourlapalestine.be\/index.php\/wp-json\/wp\/v2\/posts\/25442","targetHints":{"allow":["GET"]}}],"collection":[{"href":"https:\/\/charleroi-pourlapalestine.be\/index.php\/wp-json\/wp\/v2\/posts"}],"about":[{"href":"https:\/\/charleroi-pourlapalestine.be\/index.php\/wp-json\/wp\/v2\/types\/post"}],"author":[{"embeddable":true,"href":"https:\/\/charleroi-pourlapalestine.be\/index.php\/wp-json\/wp\/v2\/users\/1"}],"replies":[{"embeddable":true,"href":"https:\/\/charleroi-pourlapalestine.be\/index.php\/wp-json\/wp\/v2\/comments?post=25442"}],"version-history":[{"count":0,"href":"https:\/\/charleroi-pourlapalestine.be\/index.php\/wp-json\/wp\/v2\/posts\/25442\/revisions"}],"wp:featuredmedia":[{"embeddable":true,"href":"https:\/\/charleroi-pourlapalestine.be\/index.php\/wp-json\/wp\/v2\/media\/25462"}],"wp:attachment":[{"href":"https:\/\/charleroi-pourlapalestine.be\/index.php\/wp-json\/wp\/v2\/media?parent=25442"}],"wp:term":[{"taxonomy":"category","embeddable":true,"href":"https:\/\/charleroi-pourlapalestine.be\/index.php\/wp-json\/wp\/v2\/categories?post=25442"},{"taxonomy":"post_tag","embeddable":true,"href":"https:\/\/charleroi-pourlapalestine.be\/index.php\/wp-json\/wp\/v2\/tags?post=25442"}],"curies":[{"name":"wp","href":"https:\/\/api.w.org\/{rel}","templated":true}]}}