{"id":25470,"date":"2021-04-30T09:55:55","date_gmt":"2021-04-30T07:55:55","guid":{"rendered":"https:\/\/charleroi-pourlapalestine.be\/?p=25470"},"modified":"2021-04-30T22:08:35","modified_gmt":"2021-04-30T20:08:35","slug":"lespagne-a-t-elle-aide-israel-a-interroger-un-journaliste-palestinien","status":"publish","type":"post","link":"https:\/\/charleroi-pourlapalestine.be\/index.php\/2021\/04\/30\/lespagne-a-t-elle-aide-israel-a-interroger-un-journaliste-palestinien\/","title":{"rendered":"L\u2019Espagne a-t-elle aid\u00e9 Isra\u00ebl \u00e0 interroger un journaliste palestinien ?"},"content":{"rendered":"<p>Un journaliste palestinien affirme qu\u2019un agent du Mossad, le service isra\u00e9lien d\u2019espionnage et d\u2019assassinat international, l\u2019a interrog\u00e9 en&nbsp;&nbsp; Espagne. &nbsp;<\/p>\n<div id=\"attachment_25472\" style=\"width: 543px\" class=\"wp-caption aligncenter\"><img loading=\"lazy\" decoding=\"async\" aria-describedby=\"caption-attachment-25472\" class=\"wp-image-25472 size-full\" src=\"https:\/\/charleroi-pourlapalestine.be\/wp-content\/uploads\/2021\/04\/Hamed-Muath-e1619764600616.png\" alt=\"Muath Hamed, journaliste palestinien, affirme avoir \u00e9t\u00e9 interrog\u00e9 par un individu qu\u2019il croit \u00eatre un agent isra\u00e9lien des renseignements en Espagne. (Photo&nbsp;: via Facebook) &nbsp;\" width=\"533\" height=\"320\"><p id=\"caption-attachment-25472\" class=\"wp-caption-text\">Muath Hamed, journaliste palestinien, affirme avoir \u00e9t\u00e9 interrog\u00e9 par un individu qu\u2019il croit \u00eatre un agent isra\u00e9lien des renseignements en Espagne. (Photo : via Facebook) &nbsp;<\/p><\/div>\n<p><a href=\"https:\/\/charleroi-pourlapalestine.be\/index.php\/tag\/tamara-nassar\/\"><strong>Tamara Nassar<\/strong>,<\/a> 28 avril 2021<\/p>\n<p>Cet incident troublant soul\u00e8ve des questions quant \u00e0 la complicit\u00e9 du gouvernement espagnol dans les violations par Isra\u00ebl des droits palestiniens.<\/p>\n<p>En 2014, <strong>Muath Hamed,<\/strong> un journaliste d\u2019<strong>Al Araby TV,<\/strong> dont&nbsp;le si\u00e8ge est \u00e0 Londres, quittait Ramallah, en Cisjordanie occup\u00e9e, pour s\u2019installer en Turquie, o\u00f9 il allait passer cinq ans.<\/p>\n<p>En mars 2019, il d\u00e9m\u00e9nageait pour l\u2019<strong>Espagne<\/strong>, o\u00f9 il est toujours demandeur d\u2019asile.<\/p>\n<p>En d\u00e9cembre 2019, il publiait un article sur le site internet <strong>al-Araby al-Jadeed<\/strong>, intitul\u00e9 <em>\u00ab&nbsp;Avec des documents \u00e0 la clef (\u2026) voici comment le Mossad cible les Palestiniens dans les pays europ\u00e9ens&nbsp;\u00bb.<\/em><\/p>\n<p>Il explique la fa\u00e7on dont Isra\u00ebl essaie de <strong>recruter<\/strong> des Palestiniens vivant en Europe pour en faire des collaborateurs. L\u2019article fait ressortir de l\u2019ombre un obscur r\u00e9seau international de recrutement impliquant des organisations de fa\u00e7ade et de fausses ONG islamiques.<\/p>\n<p>Bien que l\u2019article e\u00fbt \u00e9t\u00e9 r\u00e9dig\u00e9 un an plus t\u00f4t, Hamed avait d\u00e9cid\u00e9 d\u2019attendre d\u2019\u00eatre en Espagne pour le publier, et ce, pour des raisons de s\u00e9curit\u00e9. &nbsp;<\/p>\n<h3>Interrog\u00e9<\/h3>\n<p>Tout avait commenc\u00e9 quand Hamed avait \u00e9t\u00e9 convoqu\u00e9 \u00e0 un interrogatoire dans la ville de <strong>Bilbao,<\/strong> au Pays basque, par deux agents de la <strong>Guardia civil<\/strong> espagnole, Nicolas et Javier, en d\u00e9cembre 2020. Seuls ces deux pr\u00e9noms lui avaient \u00e9t\u00e9 communiqu\u00e9s.<\/p>\n<p>Hamed a expliqu\u00e9 \u00e0 <em>The Electronic Intifada<\/em> qu\u2019on lui avait pos\u00e9 nombre de questions g\u00e9n\u00e9rales sur son travail, mais qu\u2019il avait \u00e9prouv\u00e9 des soup\u00e7ons au moment o\u00f9 Javier lui avait pos\u00e9 une question bizarre.<\/p>\n<p>Javier lui avait demand\u00e9 quelle serait sa r\u00e9action s\u2019il devait rencontrer l\u2019ambassadeur d\u2019Isra\u00ebl ou un agent des renseignements isra\u00e9liens en Espagne, a rappel\u00e9 Hamed. Il avait r\u00e9pondu qu\u2019il ne ferait rien.<\/p>\n<p>En f\u00e9vrier, Javier avait rappel\u00e9 Hamed pour un nouvel interrogatoire.<\/p>\n<p>Javier avait demand\u00e9 \u00e0 Hamed d\u2019apporter un document de la&nbsp;Croix-Rouge confirmant qu\u2019il&nbsp;avait \u00e9t\u00e9 emprisonn\u00e9 par Isra\u00ebl d\u2019avril 2004 \u00e0 juillet 2005, comme l\u2019avait <a href=\"https:\/\/cpj.org\/2021\/04\/palestinian-journalist-muath-hamed-questioned-in-spain-by-alleged-israeli-intelligence-agent\/\" target=\"_blank\" rel=\"noopener noreferrer\">rapport\u00e9<\/a> le <strong>Comit\u00e9 de protection des journalistes (CPJ)<\/strong>.<\/p>\n<p>Hamed \u00e9tait arriv\u00e9 au quartier g\u00e9n\u00e9ral de la <strong>Guardia civil<\/strong> de la capitale espagnole le 11 f\u00e9vrier. Le guichet d\u2019accueil \u00e0 l\u2019entr\u00e9e du b\u00e2timent avait <strong>refus\u00e9<\/strong> de contr\u00f4ler sa carte d\u2019identit\u00e9 ou d\u2019enregistrer son nom dans le registre quotidien comme c\u2019est l\u2019usage habituellement, a expliqu\u00e9 Hamed \u00e0 <em>The Electronic Intifada.<\/em><\/p>\n<p>Hamed a ajout\u00e9 que le b\u00e2timent \u00e9tait presque <strong>d\u00e9sert<\/strong>, puisqu\u2019on \u00e9tait en dehors des heures de travail. Quelqu\u2019un habill\u00e9 en civil l\u2019avait escort\u00e9 jusque dans un local o\u00f9 il avait trouv\u00e9 Javier et un autre homme v\u00eatu en civil lui aussi.<\/p>\n<p>Javier avait pr\u00e9sent\u00e9 Hamed \u00e0 quelqu\u2019un dont il avait dit qu\u2019il \u00e9tait un agent belge des renseignements, d\u2019origine palestinienne et appel\u00e9 Omar.<\/p>\n<p>Hamed avait \u00e9t\u00e9 d\u00e9contenanc\u00e9 et avait r\u00e9pondu qu\u2019il n\u2019avait jamais mis les pieds en <strong>Belgique<\/strong> et qu\u2019il ne comprenait pas pourquoi un fonctionnaire belge devait \u00eatre pr\u00e9sent.<\/p>\n<p>Quand Omar s\u2019\u00e9tait mis \u00e0 parler en arabe, Hamed avait imm\u00e9diatement reconnu un accent bien distinct, commun au sein du<strong> personnel isra\u00e9lien des renseignements et de l\u2019arm\u00e9e.<\/strong><\/p>\n<p>Du fait que Hamed avait \u00e9t\u00e9 emprisonn\u00e9 \u00e0 plusieurs reprises par les forces isra\u00e9liennes d\u2019occupation, cet accent lui \u00e9tait familier. Il lui \u00e9tait apparu clairement tout de suite qu\u2019Omar \u00e9tait isra\u00e9lien.<\/p>\n<p>Hamed avait r\u00e9pondu \u00e0 Omar en h\u00e9breu, lui demandant s\u2019il parlait cette langue.<\/p>\n<p>Hamed se souvient que le visage de Javier avait tourn\u00e9 au rouge. Il lui avait dit que tout Palestinien entendant cet accent le reconna\u00eetrait aussit\u00f4t comme isra\u00e9lien, mais Javier avait insist\u00e9 en disant que ce n\u2019\u00e9tait pas le cas d\u2019Omar.<\/p>\n<p>Quand Hamed avait demand\u00e9 aux deux hommes de lui montrer leurs papiers d\u2019identit\u00e9, ils avaient refus\u00e9 de le faire.<\/p>\n<p>Javier avait quitt\u00e9 la pi\u00e8ce apr\u00e8s qu\u2019Omar lui avait demand\u00e9 de ramener du caf\u00e9 et de l\u2019eau. Il n\u2019\u00e9tait pas revenu avant une bonne heure, estime Hamed. &nbsp;<\/p>\n<p>Puis, pendant toute cette heure, Omar avait interrog\u00e9 Hamed. Celui-ci se rappelle qu\u2019Omar avait admis qu\u2019il \u00e9tait isra\u00e9lien.<\/p>\n<p>Omar avait interrog\u00e9 Hamed \u00e0 propos de ses contacts en Turquie, dont certains \u00e9taient li\u00e9s \u00e0 des organisations politiques palestiniennes, \u00e0 son travail journalistique, ainsi qu\u2019\u00e0 ses finances et \u00e0 ses dettes. &nbsp;<\/p>\n<p>Omar avait \u00e9galement questionn\u00e9 Hamed \u00e0 propos de l\u2019article publi\u00e9 dans<strong> al-Araby al-Jadeed<\/strong>, en d\u00e9cembre 2019.<\/p>\n<p>Hamed a expliqu\u00e9 \u00e0 <em>The Electronic Intifada<\/em> qu\u2019il s\u2019\u00e9tait av\u00e9r\u00e9 qu\u2019Omar connaissait l\u2019identit\u00e9 de l\u2019agent isra\u00e9lien qui avait \u00e9t\u00e9 affubl\u00e9 du pseudonyme<em><strong> \u00ab&nbsp;Amir&nbsp;\u00bb<\/strong><\/em> dans l\u2019article.<\/p>\n<blockquote><p>\u00ab&nbsp;Il connaissait les noms r\u00e9els et cela me porte \u00e0 croire qu\u2019ils avaient pirat\u00e9 mon t\u00e9l\u00e9phone cellulaire&nbsp;\u00bb,<\/p><\/blockquote>\n<p>a d\u00e9clar\u00e9 Hamed au <strong>Comit\u00e9 de protection des journalistes.<\/strong><\/p>\n<p>Omar avait conclu la conversation en disant qu\u2019il voulait revoir Hamed, peut-\u00eatre \u00e0 l\u2019ambassade.<\/p>\n<p>Hamed avait r\u00e9pondu en invoquant la mort du journaliste saoudien <strong>Jamal Khashoggi,<\/strong> qui avait \u00e9t\u00e9 assassin\u00e9, puis d\u00e9pec\u00e9 \u00e0 l\u2019ambassade d\u2019Arabie saoudite \u00e0 Istanbul, en octobre 2018.<\/p>\n<h3>Intimidation<\/h3>\n<p>Hamed pense que le but de l\u2019affaire \u00e9tait de l\u2019intimider.<\/p>\n<blockquote><p>\u00ab&nbsp;Le Mossad isra\u00e9lien est connu pour une chose&nbsp;: ses assassinats et ses enl\u00e8vements&nbsp;\u00bb,<\/p><\/blockquote>\n<p>a expliqu\u00e9 Hamed \u00e0 The Electronic Intifada.<\/p>\n<blockquote><p>\u00ab&nbsp;Le but fondamental de tout cela \u00e9tait de me terroriser, de me faire comprendre que j\u2019\u00e9tais tenu \u00e0 l\u2019\u0153il, qu\u2019ils savaient tout de moi et que mes activit\u00e9s politiques et journalistiques se trouvaient sous leur microscope.&nbsp;\u00bb<\/p><\/blockquote>\n<p>Depuis lors, la famille de Hamed vit dans la crainte, sa femme a peur d\u2019ouvrir sa porte \u00e0 qui que ce soit.<\/p>\n<p>Quand on lui demande si Omar a jamais exprim\u00e9 des menaces ou des exigences, Hamed r\u00e9pond&nbsp;:<\/p>\n<blockquote><p>\u00ab&nbsp;Il&nbsp;m\u2019a menac\u00e9 de fa\u00e7on directe et indirecte.&nbsp;\u00bb<\/p>\n<p>\u00ab&nbsp;Ne retourne pas en Palestine, reste-l\u00e0, ne reviens pas&nbsp;\u00bb,<\/p><\/blockquote>\n<p>lui a dit Omar, rappelle Hamed.<\/p>\n<h3>Une activit\u00e9 t\u00e9l\u00e9phonique inhabituelle<\/h3>\n<p>En 2018, Hamed avait remarqu\u00e9 un comportement inhabituel sur son t\u00e9l\u00e9phone, dont un \u00e9cho lorsqu\u2019il faisait des appels.<\/p>\n<p>Plus r\u00e9cemment, depuis janvier, Hamed a \u00e9galement remarqu\u00e9 des diff\u00e9rences dans le fonctionnement de son t\u00e9l\u00e9phone apr\u00e8s avoir re\u00e7u sur Skype un appel douteux d\u2019une source qu\u2019il n\u2019avait pas reconnue, fait savoir le <strong>CPJ. &nbsp;<\/strong><\/p>\n<p>Apr\u00e8s cela, Hamed a d\u00e9clar\u00e9 que sa batterie se vidait rapidement, que son t\u00e9l\u00e9phone ralentissait et chauffait, et qu\u2019on aurait dit que quelque chose \u00e9tait toujours en train de d\u00e9charger.<\/p>\n<p>Il a expliqu\u00e9 qu\u2019il avait adress\u00e9 un courriel \u00e0 l\u2019organisation canadienne de cybers\u00e9curit\u00e9 <em>Citizen Lab<\/em> en lui demandant qu\u2019elle examine son t\u00e9l\u00e9phone, et en ajoutant qu\u2019il attendait sa r\u00e9ponse.<\/p>\n<p>Apr\u00e8s que l\u2019histoire de son interrogatoire avait \u00e9t\u00e9 r\u00e9v\u00e9l\u00e9e, <em>Citizen Lab<\/em> avait pris contact avec Hamed et son t\u00e9l\u00e9phone est aujourd\u2019hui en examen.<\/p>\n<p>L\u2019an dernier, Roger Torrent, le pr\u00e9sident du <strong>Parlement de Catalogne<\/strong>, a <a href=\"https:\/\/electronicintifada.net\/blogs\/tamara-nassar\/israeli-court-backs-notorious-spy-firm-nso-group\" target=\"_blank\" rel=\"noopener noreferrer\">accus\u00e9<\/a> le gouvernement espagnol d\u2019utiliser un <strong>logiciel&nbsp;espion isra\u00e9lien pour pirater son t\u00e9l\u00e9phone<\/strong>.<\/p>\n<p>L\u2019an dernier \u00e9galement, ressort-il d\u2019une <a href=\"https:\/\/www.theguardian.com\/world\/2020\/jul\/13\/phone-of-top-catalan-politician-targeted-by-government-grade-spyware\" target=\"_blank\" rel=\"noopener noreferrer\">enqu\u00eate<\/a> de <strong>The Guardian <\/strong>et<strong> d\u2019El Pa\u00eds<\/strong>, les t\u00e9l\u00e9phones d\u2019un important homme politique catalan et de deux autres personnalit\u00e9s ont \u00e9t\u00e9 infect\u00e9s par des malwares isra\u00e9liens. &nbsp;<\/p>\n<p>Le service de messagerie <em>WhatsApp<\/em> a averti Torrent de ce que son t\u00e9l\u00e9phone avait \u00e9t\u00e9 pirat\u00e9 par <strong>Pegasus<\/strong>, qui avait tir\u00e9 parti d\u2019une tr\u00e8s grande vuln\u00e9rabilit\u00e9 pour installer des spywares dans des t\u00e9l\u00e9phones. &nbsp;<\/p>\n<p><a href=\"https:\/\/electronicintifada.net\/tags\/pegasus\" target=\"_blank\" rel=\"noopener noreferrer\">Pegasus<\/a> est une arme cybern\u00e9tique sophistiqu\u00e9e produite par le fabricant isra\u00e9lien de logiciels espions<a href=\"https:\/\/electronicintifada.net\/tags\/nso-group\" target=\"_blank\" rel=\"noopener noreferrer\"> <strong>NSO Group<\/strong>.<\/a> Il permet \u00e0 des op\u00e9rateurs de pirater des smartphones \u00e0 grande distance sans \u00eatre d\u00e9tect\u00e9s et d\u2019extraire des quantit\u00e9s massives de donn\u00e9es priv\u00e9es.<\/p>\n<p>\u00c9tant donn\u00e9 l\u2019insistance de NSO Group pour dire qu\u2019il ne vend ses softwares <strong>qu\u2019\u00e0 des gouvernements,<\/strong> Torrent croit que <strong>le gouvernement espagnol est le principal suspect, dans ces piratages.<\/strong><\/p>\n<h3>Appels \u00e0 enqu\u00eate<\/h3>\n<p>Hamed a rencontr\u00e9 les membres du <strong>Parlement national espagnol<\/strong> Luc\u00eda Mu\u00f1oz Dalda et Ant\u00f3n G\u00f3mez-Reino le 14 avril afin de discuter de son interrogatoire par un possible agent isra\u00e9lien. &nbsp;<\/p>\n<blockquote class=\"twitter-tweet\" data-width=\"500\" data-dnt=\"true\">\n<p lang=\"es\" dir=\"ltr\">Un placer haber estado esta tarde con <a href=\"https:\/\/twitter.com\/luciadalda?ref_src=twsrc%5Etfw\">@luciadalda<\/a>  y <a href=\"https:\/\/twitter.com\/AntonGomezReino?ref_src=twsrc%5Etfw\">@AntonGomezReino<\/a> en el congreso para tratar el tema del interrogatorio por un oficial del <a href=\"https:\/\/twitter.com\/hashtag\/Mossad?src=hash&amp;ref_src=twsrc%5Etfw\">#Mossad<\/a> en una sede la la guardia civil espa\u00f1ola. <a href=\"https:\/\/t.co\/Y2c8FBkU7J\">pic.twitter.com\/Y2c8FBkU7J<\/a><\/p>\n<p>&mdash; Muath Hamed (@MuathHamed) <a href=\"https:\/\/twitter.com\/MuathHamed\/status\/1382431203496714240?ref_src=twsrc%5Etfw\">April 14, 2021<\/a><\/p><\/blockquote>\n<p><script async src=\"https:\/\/platform.twitter.com\/widgets.js\" charset=\"utf-8\"><\/script><\/p>\n<p>&nbsp;<\/p>\n<p>Le <strong>CPJ<\/strong> a transmis les all\u00e9gations de Hamed au minist\u00e8re espagnol de l\u2019<strong>Int\u00e9rieur.<\/strong><\/p>\n<p>Selon l\u2019organisation, le porte-parole du minist\u00e8re a d\u00e9clar\u00e9 que<\/p>\n<blockquote><p>\u00ab&nbsp;le minist\u00e8re n\u2019avait aucune connaissance de la rencontre entre Hamed et quelqu\u2019un soup\u00e7onn\u00e9 d\u2019\u00eatre un agent isra\u00e9lien, en dehors des all\u00e9gations du journaliste publi\u00e9es dans la presse&nbsp;\u00bb.&nbsp;<\/p><\/blockquote>\n<p>Le minist\u00e8re a \u00e9galement fait preuve de peu d\u2019enthousiasme pour examiner l\u2019affaire de plus pr\u00e8s, pr\u00e9tendant \u2013 pour reprendre les termes du <strong>CPJ<\/strong> \u2013 qu\u2019il<\/p>\n<blockquote><p>\u00ab&nbsp;\u00e9tait malais\u00e9 d\u2019enqu\u00eater sur de telles all\u00e9gations, parce qu\u2019il n\u2019existait pas de rapports officiels&nbsp;\u00bb. &nbsp;<\/p><\/blockquote>\n<p>Le <strong>Syndicat des journalistes palestiniens<\/strong> <a href=\"https:\/\/www.facebook.com\/permalink.php?story_fbid=2898754967079959&amp;id=1431598080462329\" target=\"_blank\" rel=\"noopener noreferrer\">invite<\/a> le gouvernement espagnol \u00e0 fournir une <strong>protection imm\u00e9diate \u00e0 Hamed et \u00e0 sa famille<\/strong> et \u00e0 garantir leur s\u00e9curit\u00e9.<\/p>\n<p>Le syndicat demande \u00e9galement que l\u2019<strong>Espagne<\/strong> lance une enqu\u00eate s\u00e9rieuse sur l\u2019interrogatoire de Hamed au quartier g\u00e9n\u00e9ral de la <strong>Guardia civil.<\/strong><\/p>\n<p>Hamed a d\u00e9clar\u00e9 que son avocat avait introduit une plainte aupr\u00e8s de l\u2019<strong>UNRWA<\/strong>, l\u2019agence de l\u2019ONU en charge des r\u00e9fugi\u00e9s palestiniens.<\/p>\n<hr>\n<p>Publi\u00e9 le 28 avril 2021 sur <a href=\"https:\/\/electronicintifada.net\/blogs\/tamara-nassar\/did-spain-help-israel-interrogate-palestinian-journalist\" target=\"_blank\" rel=\"noopener noreferrer\">The Electronic Intifada<\/a><br \/>\nTraduction : Jean-Marie Fl\u00e9mal, <a href=\"https:\/\/charleroi-pourlapalestine.be\/\">Charleroi pour la Palestine<\/a><\/p>\n<p>Lisez \u00e9galement : <a href=\"https:\/\/www.chroniquepalestine.com\/en-espagne-le-mossad-agit-comme-en-pays-conquis\/\" target=\"_blank\" rel=\"noopener noreferrer\"><strong>En Espagne, le Mossad agit comme en pays conquis<\/strong><\/a><\/p>\n","protected":false},"excerpt":{"rendered":"<p>Un journaliste palestinien affirme qu\u2019un agent du Mossad, le service isra\u00e9lien d\u2019espionnage et d\u2019assassinat international, l\u2019a interrog\u00e9 en\u00a0\u00a0 Espagne. \u00a0<\/p>\n","protected":false},"author":1,"featured_media":25472,"comment_status":"closed","ping_status":"closed","sticky":false,"template":"","format":"standard","meta":{"ngg_post_thumbnail":0,"footnotes":""},"categories":[369,126,9,107],"tags":[],"class_list":["post-25470","post","type-post","status-publish","format-standard","has-post-thumbnail","hentry","category-espagne","category-israel","category-les-refugies-pamestiniens","category-services-secrets-israeliens"],"yoast_head":"<!-- This site is optimized with the Yoast SEO plugin v27.3 - https:\/\/yoast.com\/product\/yoast-seo-wordpress\/ -->\n<title>L\u2019Espagne a-t-elle aid\u00e9 Isra\u00ebl \u00e0 interroger un journaliste palestinien ?<\/title>\n<meta name=\"description\" content=\"Un journaliste palestinien affirme qu\u2019un agent du Mossad, le service isra\u00e9lien d\u2019espionnage et d\u2019assassinat international, l\u2019a interrog\u00e9 en\u00a0\u00a0 Espagne. \u00a0\" \/>\n<meta name=\"robots\" content=\"index, follow, max-snippet:-1, max-image-preview:large, max-video-preview:-1\" \/>\n<link rel=\"canonical\" href=\"https:\/\/charleroi-pourlapalestine.be\/index.php\/2021\/04\/30\/lespagne-a-t-elle-aide-israel-a-interroger-un-journaliste-palestinien\/\" \/>\n<script type=\"application\/ld+json\" class=\"yoast-schema-graph\">{\"@context\":\"https:\\\/\\\/schema.org\",\"@graph\":[{\"@type\":\"Article\",\"@id\":\"https:\\\/\\\/charleroi-pourlapalestine.be\\\/index.php\\\/2021\\\/04\\\/30\\\/lespagne-a-t-elle-aide-israel-a-interroger-un-journaliste-palestinien\\\/#article\",\"isPartOf\":{\"@id\":\"https:\\\/\\\/charleroi-pourlapalestine.be\\\/index.php\\\/2021\\\/04\\\/30\\\/lespagne-a-t-elle-aide-israel-a-interroger-un-journaliste-palestinien\\\/\"},\"author\":{\"name\":\"admin1873\",\"@id\":\"https:\\\/\\\/charleroi-pourlapalestine.be\\\/#\\\/schema\\\/person\\\/c19ff515112f1299d8c12671d8fe3faa\"},\"headline\":\"L\u2019Espagne a-t-elle aid\u00e9 Isra\u00ebl \u00e0 interroger un journaliste palestinien ?\",\"datePublished\":\"2021-04-30T07:55:55+00:00\",\"dateModified\":\"2021-04-30T20:08:35+00:00\",\"mainEntityOfPage\":{\"@id\":\"https:\\\/\\\/charleroi-pourlapalestine.be\\\/index.php\\\/2021\\\/04\\\/30\\\/lespagne-a-t-elle-aide-israel-a-interroger-un-journaliste-palestinien\\\/\"},\"wordCount\":1748,\"publisher\":{\"@id\":\"https:\\\/\\\/charleroi-pourlapalestine.be\\\/#organization\"},\"image\":{\"@id\":\"https:\\\/\\\/charleroi-pourlapalestine.be\\\/index.php\\\/2021\\\/04\\\/30\\\/lespagne-a-t-elle-aide-israel-a-interroger-un-journaliste-palestinien\\\/#primaryimage\"},\"thumbnailUrl\":\"https:\\\/\\\/charleroi-pourlapalestine.be\\\/wp-content\\\/uploads\\\/2021\\\/04\\\/Hamed-Muath-e1619764600616.png\",\"articleSection\":[\"Espagne\",\"Isra\u00ebl\",\"R\u00e9fugi\u00e9s\",\"Services secrets\"],\"inLanguage\":\"fr-FR\"},{\"@type\":\"WebPage\",\"@id\":\"https:\\\/\\\/charleroi-pourlapalestine.be\\\/index.php\\\/2021\\\/04\\\/30\\\/lespagne-a-t-elle-aide-israel-a-interroger-un-journaliste-palestinien\\\/\",\"url\":\"https:\\\/\\\/charleroi-pourlapalestine.be\\\/index.php\\\/2021\\\/04\\\/30\\\/lespagne-a-t-elle-aide-israel-a-interroger-un-journaliste-palestinien\\\/\",\"name\":\"L\u2019Espagne a-t-elle aid\u00e9 Isra\u00ebl \u00e0 interroger un journaliste palestinien ?\",\"isPartOf\":{\"@id\":\"https:\\\/\\\/charleroi-pourlapalestine.be\\\/#website\"},\"primaryImageOfPage\":{\"@id\":\"https:\\\/\\\/charleroi-pourlapalestine.be\\\/index.php\\\/2021\\\/04\\\/30\\\/lespagne-a-t-elle-aide-israel-a-interroger-un-journaliste-palestinien\\\/#primaryimage\"},\"image\":{\"@id\":\"https:\\\/\\\/charleroi-pourlapalestine.be\\\/index.php\\\/2021\\\/04\\\/30\\\/lespagne-a-t-elle-aide-israel-a-interroger-un-journaliste-palestinien\\\/#primaryimage\"},\"thumbnailUrl\":\"https:\\\/\\\/charleroi-pourlapalestine.be\\\/wp-content\\\/uploads\\\/2021\\\/04\\\/Hamed-Muath-e1619764600616.png\",\"datePublished\":\"2021-04-30T07:55:55+00:00\",\"dateModified\":\"2021-04-30T20:08:35+00:00\",\"description\":\"Un journaliste palestinien affirme qu\u2019un agent du Mossad, le service isra\u00e9lien d\u2019espionnage et d\u2019assassinat international, l\u2019a interrog\u00e9 en\u00a0\u00a0 Espagne. \u00a0\",\"breadcrumb\":{\"@id\":\"https:\\\/\\\/charleroi-pourlapalestine.be\\\/index.php\\\/2021\\\/04\\\/30\\\/lespagne-a-t-elle-aide-israel-a-interroger-un-journaliste-palestinien\\\/#breadcrumb\"},\"inLanguage\":\"fr-FR\",\"potentialAction\":[{\"@type\":\"ReadAction\",\"target\":[\"https:\\\/\\\/charleroi-pourlapalestine.be\\\/index.php\\\/2021\\\/04\\\/30\\\/lespagne-a-t-elle-aide-israel-a-interroger-un-journaliste-palestinien\\\/\"]}]},{\"@type\":\"ImageObject\",\"inLanguage\":\"fr-FR\",\"@id\":\"https:\\\/\\\/charleroi-pourlapalestine.be\\\/index.php\\\/2021\\\/04\\\/30\\\/lespagne-a-t-elle-aide-israel-a-interroger-un-journaliste-palestinien\\\/#primaryimage\",\"url\":\"https:\\\/\\\/charleroi-pourlapalestine.be\\\/wp-content\\\/uploads\\\/2021\\\/04\\\/Hamed-Muath-e1619764600616.png\",\"contentUrl\":\"https:\\\/\\\/charleroi-pourlapalestine.be\\\/wp-content\\\/uploads\\\/2021\\\/04\\\/Hamed-Muath-e1619764600616.png\",\"width\":533,\"height\":320},{\"@type\":\"BreadcrumbList\",\"@id\":\"https:\\\/\\\/charleroi-pourlapalestine.be\\\/index.php\\\/2021\\\/04\\\/30\\\/lespagne-a-t-elle-aide-israel-a-interroger-un-journaliste-palestinien\\\/#breadcrumb\",\"itemListElement\":[{\"@type\":\"ListItem\",\"position\":1,\"name\":\"Accueil\",\"item\":\"https:\\\/\\\/charleroi-pourlapalestine.be\\\/\"},{\"@type\":\"ListItem\",\"position\":2,\"name\":\"L\u2019Espagne a-t-elle aid\u00e9 Isra\u00ebl \u00e0 interroger un journaliste palestinien ?\"}]},{\"@type\":\"WebSite\",\"@id\":\"https:\\\/\\\/charleroi-pourlapalestine.be\\\/#website\",\"url\":\"https:\\\/\\\/charleroi-pourlapalestine.be\\\/\",\"name\":\"Charleroi Pour la Palestine\",\"description\":\"\",\"publisher\":{\"@id\":\"https:\\\/\\\/charleroi-pourlapalestine.be\\\/#organization\"},\"potentialAction\":[{\"@type\":\"SearchAction\",\"target\":{\"@type\":\"EntryPoint\",\"urlTemplate\":\"https:\\\/\\\/charleroi-pourlapalestine.be\\\/?s={search_term_string}\"},\"query-input\":{\"@type\":\"PropertyValueSpecification\",\"valueRequired\":true,\"valueName\":\"search_term_string\"}}],\"inLanguage\":\"fr-FR\"},{\"@type\":\"Organization\",\"@id\":\"https:\\\/\\\/charleroi-pourlapalestine.be\\\/#organization\",\"name\":\"Plate-forme Charleroi-Palestine\",\"url\":\"https:\\\/\\\/charleroi-pourlapalestine.be\\\/\",\"logo\":{\"@type\":\"ImageObject\",\"inLanguage\":\"fr-FR\",\"@id\":\"https:\\\/\\\/charleroi-pourlapalestine.be\\\/#\\\/schema\\\/logo\\\/image\\\/\",\"url\":\"https:\\\/\\\/charleroi-pourlapalestine.be\\\/wp-content\\\/uploads\\\/2020\\\/01\\\/logo-Copy.jpg\",\"contentUrl\":\"https:\\\/\\\/charleroi-pourlapalestine.be\\\/wp-content\\\/uploads\\\/2020\\\/01\\\/logo-Copy.jpg\",\"width\":180,\"height\":180,\"caption\":\"Plate-forme Charleroi-Palestine\"},\"image\":{\"@id\":\"https:\\\/\\\/charleroi-pourlapalestine.be\\\/#\\\/schema\\\/logo\\\/image\\\/\"},\"sameAs\":[\"https:\\\/\\\/www.facebook.com\\\/PlateformeCharleroiPalestine\\\/\",\"https:\\\/\\\/x.com\\\/LaCharleroi\"]},{\"@type\":\"Person\",\"@id\":\"https:\\\/\\\/charleroi-pourlapalestine.be\\\/#\\\/schema\\\/person\\\/c19ff515112f1299d8c12671d8fe3faa\",\"name\":\"admin1873\",\"url\":\"https:\\\/\\\/charleroi-pourlapalestine.be\\\/index.php\\\/author\\\/admin1873\\\/\"}]}<\/script>\n<!-- \/ Yoast SEO plugin. -->","yoast_head_json":{"title":"L\u2019Espagne a-t-elle aid\u00e9 Isra\u00ebl \u00e0 interroger un journaliste palestinien ?","description":"Un journaliste palestinien affirme qu\u2019un agent du Mossad, le service isra\u00e9lien d\u2019espionnage et d\u2019assassinat international, l\u2019a interrog\u00e9 en\u00a0\u00a0 Espagne. \u00a0","robots":{"index":"index","follow":"follow","max-snippet":"max-snippet:-1","max-image-preview":"max-image-preview:large","max-video-preview":"max-video-preview:-1"},"canonical":"https:\/\/charleroi-pourlapalestine.be\/index.php\/2021\/04\/30\/lespagne-a-t-elle-aide-israel-a-interroger-un-journaliste-palestinien\/","schema":{"@context":"https:\/\/schema.org","@graph":[{"@type":"Article","@id":"https:\/\/charleroi-pourlapalestine.be\/index.php\/2021\/04\/30\/lespagne-a-t-elle-aide-israel-a-interroger-un-journaliste-palestinien\/#article","isPartOf":{"@id":"https:\/\/charleroi-pourlapalestine.be\/index.php\/2021\/04\/30\/lespagne-a-t-elle-aide-israel-a-interroger-un-journaliste-palestinien\/"},"author":{"name":"admin1873","@id":"https:\/\/charleroi-pourlapalestine.be\/#\/schema\/person\/c19ff515112f1299d8c12671d8fe3faa"},"headline":"L\u2019Espagne a-t-elle aid\u00e9 Isra\u00ebl \u00e0 interroger un journaliste palestinien ?","datePublished":"2021-04-30T07:55:55+00:00","dateModified":"2021-04-30T20:08:35+00:00","mainEntityOfPage":{"@id":"https:\/\/charleroi-pourlapalestine.be\/index.php\/2021\/04\/30\/lespagne-a-t-elle-aide-israel-a-interroger-un-journaliste-palestinien\/"},"wordCount":1748,"publisher":{"@id":"https:\/\/charleroi-pourlapalestine.be\/#organization"},"image":{"@id":"https:\/\/charleroi-pourlapalestine.be\/index.php\/2021\/04\/30\/lespagne-a-t-elle-aide-israel-a-interroger-un-journaliste-palestinien\/#primaryimage"},"thumbnailUrl":"https:\/\/charleroi-pourlapalestine.be\/wp-content\/uploads\/2021\/04\/Hamed-Muath-e1619764600616.png","articleSection":["Espagne","Isra\u00ebl","R\u00e9fugi\u00e9s","Services secrets"],"inLanguage":"fr-FR"},{"@type":"WebPage","@id":"https:\/\/charleroi-pourlapalestine.be\/index.php\/2021\/04\/30\/lespagne-a-t-elle-aide-israel-a-interroger-un-journaliste-palestinien\/","url":"https:\/\/charleroi-pourlapalestine.be\/index.php\/2021\/04\/30\/lespagne-a-t-elle-aide-israel-a-interroger-un-journaliste-palestinien\/","name":"L\u2019Espagne a-t-elle aid\u00e9 Isra\u00ebl \u00e0 interroger un journaliste palestinien ?","isPartOf":{"@id":"https:\/\/charleroi-pourlapalestine.be\/#website"},"primaryImageOfPage":{"@id":"https:\/\/charleroi-pourlapalestine.be\/index.php\/2021\/04\/30\/lespagne-a-t-elle-aide-israel-a-interroger-un-journaliste-palestinien\/#primaryimage"},"image":{"@id":"https:\/\/charleroi-pourlapalestine.be\/index.php\/2021\/04\/30\/lespagne-a-t-elle-aide-israel-a-interroger-un-journaliste-palestinien\/#primaryimage"},"thumbnailUrl":"https:\/\/charleroi-pourlapalestine.be\/wp-content\/uploads\/2021\/04\/Hamed-Muath-e1619764600616.png","datePublished":"2021-04-30T07:55:55+00:00","dateModified":"2021-04-30T20:08:35+00:00","description":"Un journaliste palestinien affirme qu\u2019un agent du Mossad, le service isra\u00e9lien d\u2019espionnage et d\u2019assassinat international, l\u2019a interrog\u00e9 en\u00a0\u00a0 Espagne. \u00a0","breadcrumb":{"@id":"https:\/\/charleroi-pourlapalestine.be\/index.php\/2021\/04\/30\/lespagne-a-t-elle-aide-israel-a-interroger-un-journaliste-palestinien\/#breadcrumb"},"inLanguage":"fr-FR","potentialAction":[{"@type":"ReadAction","target":["https:\/\/charleroi-pourlapalestine.be\/index.php\/2021\/04\/30\/lespagne-a-t-elle-aide-israel-a-interroger-un-journaliste-palestinien\/"]}]},{"@type":"ImageObject","inLanguage":"fr-FR","@id":"https:\/\/charleroi-pourlapalestine.be\/index.php\/2021\/04\/30\/lespagne-a-t-elle-aide-israel-a-interroger-un-journaliste-palestinien\/#primaryimage","url":"https:\/\/charleroi-pourlapalestine.be\/wp-content\/uploads\/2021\/04\/Hamed-Muath-e1619764600616.png","contentUrl":"https:\/\/charleroi-pourlapalestine.be\/wp-content\/uploads\/2021\/04\/Hamed-Muath-e1619764600616.png","width":533,"height":320},{"@type":"BreadcrumbList","@id":"https:\/\/charleroi-pourlapalestine.be\/index.php\/2021\/04\/30\/lespagne-a-t-elle-aide-israel-a-interroger-un-journaliste-palestinien\/#breadcrumb","itemListElement":[{"@type":"ListItem","position":1,"name":"Accueil","item":"https:\/\/charleroi-pourlapalestine.be\/"},{"@type":"ListItem","position":2,"name":"L\u2019Espagne a-t-elle aid\u00e9 Isra\u00ebl \u00e0 interroger un journaliste palestinien ?"}]},{"@type":"WebSite","@id":"https:\/\/charleroi-pourlapalestine.be\/#website","url":"https:\/\/charleroi-pourlapalestine.be\/","name":"Charleroi Pour la Palestine","description":"","publisher":{"@id":"https:\/\/charleroi-pourlapalestine.be\/#organization"},"potentialAction":[{"@type":"SearchAction","target":{"@type":"EntryPoint","urlTemplate":"https:\/\/charleroi-pourlapalestine.be\/?s={search_term_string}"},"query-input":{"@type":"PropertyValueSpecification","valueRequired":true,"valueName":"search_term_string"}}],"inLanguage":"fr-FR"},{"@type":"Organization","@id":"https:\/\/charleroi-pourlapalestine.be\/#organization","name":"Plate-forme Charleroi-Palestine","url":"https:\/\/charleroi-pourlapalestine.be\/","logo":{"@type":"ImageObject","inLanguage":"fr-FR","@id":"https:\/\/charleroi-pourlapalestine.be\/#\/schema\/logo\/image\/","url":"https:\/\/charleroi-pourlapalestine.be\/wp-content\/uploads\/2020\/01\/logo-Copy.jpg","contentUrl":"https:\/\/charleroi-pourlapalestine.be\/wp-content\/uploads\/2020\/01\/logo-Copy.jpg","width":180,"height":180,"caption":"Plate-forme Charleroi-Palestine"},"image":{"@id":"https:\/\/charleroi-pourlapalestine.be\/#\/schema\/logo\/image\/"},"sameAs":["https:\/\/www.facebook.com\/PlateformeCharleroiPalestine\/","https:\/\/x.com\/LaCharleroi"]},{"@type":"Person","@id":"https:\/\/charleroi-pourlapalestine.be\/#\/schema\/person\/c19ff515112f1299d8c12671d8fe3faa","name":"admin1873","url":"https:\/\/charleroi-pourlapalestine.be\/index.php\/author\/admin1873\/"}]}},"_links":{"self":[{"href":"https:\/\/charleroi-pourlapalestine.be\/index.php\/wp-json\/wp\/v2\/posts\/25470","targetHints":{"allow":["GET"]}}],"collection":[{"href":"https:\/\/charleroi-pourlapalestine.be\/index.php\/wp-json\/wp\/v2\/posts"}],"about":[{"href":"https:\/\/charleroi-pourlapalestine.be\/index.php\/wp-json\/wp\/v2\/types\/post"}],"author":[{"embeddable":true,"href":"https:\/\/charleroi-pourlapalestine.be\/index.php\/wp-json\/wp\/v2\/users\/1"}],"replies":[{"embeddable":true,"href":"https:\/\/charleroi-pourlapalestine.be\/index.php\/wp-json\/wp\/v2\/comments?post=25470"}],"version-history":[{"count":0,"href":"https:\/\/charleroi-pourlapalestine.be\/index.php\/wp-json\/wp\/v2\/posts\/25470\/revisions"}],"wp:featuredmedia":[{"embeddable":true,"href":"https:\/\/charleroi-pourlapalestine.be\/index.php\/wp-json\/wp\/v2\/media\/25472"}],"wp:attachment":[{"href":"https:\/\/charleroi-pourlapalestine.be\/index.php\/wp-json\/wp\/v2\/media?parent=25470"}],"wp:term":[{"taxonomy":"category","embeddable":true,"href":"https:\/\/charleroi-pourlapalestine.be\/index.php\/wp-json\/wp\/v2\/categories?post=25470"},{"taxonomy":"post_tag","embeddable":true,"href":"https:\/\/charleroi-pourlapalestine.be\/index.php\/wp-json\/wp\/v2\/tags?post=25470"}],"curies":[{"name":"wp","href":"https:\/\/api.w.org\/{rel}","templated":true}]}}