{"id":25490,"date":"2021-05-01T16:37:41","date_gmt":"2021-05-01T14:37:41","guid":{"rendered":"https:\/\/charleroi-pourlapalestine.be\/?p=25490"},"modified":"2021-05-01T16:37:42","modified_gmt":"2021-05-01T14:37:42","slug":"pourquoi-leu-ne-peut-elle-prononcer-le-mot-apartheid","status":"publish","type":"post","link":"https:\/\/charleroi-pourlapalestine.be\/index.php\/2021\/05\/01\/pourquoi-leu-ne-peut-elle-prononcer-le-mot-apartheid\/","title":{"rendered":"Pourquoi l\u2019EU ne peut-elle prononcer le mot <em>\u00ab apartheid \u00bb<\/em> ?"},"content":{"rendered":"<p><em>Malgr\u00e9 son infatigable propagande sur la fa\u00e7on dont elle ch\u00e9rit les droits de l\u2019homme, l\u2019UE \u2013 en compagnie des \u00c9tats-Unis \u2013 est la principale facilitatrice de l\u2019apartheid isra\u00e9lien et, en tant que telle, elle est donc une ennemie de la libert\u00e9, de la justice et de l\u2019\u00e9galit\u00e9 pour les Palestiniens.<\/em><\/p>\n<div id=\"attachment_25506\" style=\"width: 491px\" class=\"wp-caption aligncenter\"><img loading=\"lazy\" decoding=\"async\" aria-describedby=\"caption-attachment-25506\" class=\"wp-image-25506 size-full\" src=\"https:\/\/charleroi-pourlapalestine.be\/wp-content\/uploads\/2021\/05\/This-is-apartheid-e1619834784544.jpg\" alt=\"&quot;Ceci est de l'apartheid&quot;: les Palestiniens l'affirment depuis des ann\u00e9es. Cette photo a \u00e9t\u00e9 prise \u00e0 Bil'in, en Palestine, pendant l'une des innombrables manifestations contre la colonisation et l'occupation. (Photo et commentaire d'Anne Paq \/ Activestills sur Twitter)\" width=\"481\" height=\"320\"><p id=\"caption-attachment-25506\" class=\"wp-caption-text\">\u00ab\u00a0Ceci est de l&rsquo;apartheid\u00a0\u00bb: les Palestiniens l&rsquo;affirment depuis des ann\u00e9es. Cette photo a \u00e9t\u00e9 prise \u00e0 Bil&rsquo;in, en Palestine, pendant l&rsquo;une des innombrables manifestations contre la colonisation et l&rsquo;occupation. (Photo et commentaire d&rsquo;Anne Paq\/ Activestills sur Twitter)<\/p><\/div>\n<p><a href=\"https:\/\/charleroi-pourlapalestine.be\/index.php\/tag\/ali-abunimah\/\">Ali Abunimah<\/a>, 29 avril 2021<\/p>\n<p>En d\u00e9but de semaine, <strong>Human Rights Watch<\/strong> a publi\u00e9 un important<a href=\"https:\/\/electronicintifada.net\/blogs\/maureen-clare-murphy\/hrw-israel-commits-crimes-apartheid-and-persecution\" target=\"_blank\" rel=\"noopener noreferrer\"> rapport<\/a> concluant qu\u2019Isra\u00ebl commettait bel et bien des crimes d\u2019apartheid et de pers\u00e9cution \u00e0 l\u2019\u00e9gard des Palestiniens.<\/p>\n<p>Isra\u00ebl a <em>\u00ab donn\u00e9 suite \u00e0 ses intentions de poursuivre la domination des Isra\u00e9liens juifs sur les Palestiniens partout dans les territoires qu\u2019il contr\u00f4le \u00bb<\/em>, d\u00e9clare l\u2019organisation.<\/p>\n<p>Le <a href=\"https:\/\/www.un.org\/en\/genocideprevention\/documents\/atrocity-crimes\/Doc.10_International%20Convention%20on%20the%20Suppression%20and%20Punishment%20of%20the%20Crime%20of%20Apartheid.pdf\" target=\"_blank\" rel=\"noopener noreferrer\">crime d\u2019apartheid<\/a> est l\u2019un des crimes contre l\u2019humanit\u00e9 <a href=\"https:\/\/www.icc-cpi.int\/NR\/rdonlyres\/EA9AEFF7-5752-4F84-BE94-0A655EB30E16\/0\/Rome_Statute_English.pdf\" target=\"_blank\" rel=\"noopener noreferrer\">cit\u00e9s<\/a> dans le <strong>Statut de Rome,<\/strong> le trait\u00e9 fondateur de la <strong>Cour p\u00e9nale internationale<\/strong> \u2013 ce qui classe ce crime dans la m\u00eame cat\u00e9gorie que l\u2019esclavage et l\u2019extermination.<\/p>\n<p>\u00c0 son rapport, <strong>Human Rights Watch<\/strong> joint des appels de plus en plus pressants vers une approche s\u2019appuyant sur les droits et la responsabilit\u00e9, plut\u00f4t que sur le <em>\u00ab&nbsp;processus de paix&nbsp;\u00bb<\/em> mort depuis longtemps et qui, des d\u00e9cennies durant, a fourni un <strong>alibi<\/strong> \u00e0 l\u2019inaction internationale pendant qu\u2019Isra\u00ebl n\u2019a cess\u00e9 de conforter son <strong>emprise coloniale<\/strong> sur les Palestiniens et sur leur terre.<\/p>\n<p>Mais, si on s\u2019imagine que ce changement de paradigme \u2013 m\u00eame de la part d\u2019une organisation aussi grand public que Human Rights Watch \u2013 va \u00e9branler l\u2019engagement de principe de l\u2019<strong>Union europ\u00e9enne<\/strong> dans le maintien d\u2019un statu quo brutalement injuste en Palestine, on peut s\u2019appr\u00eater \u00e0 une am\u00e8re d\u00e9sillusion.<\/p>\n<p>J\u2019ai \u00e9crit au porte-parole de la <strong>politique \u00e9trang\u00e8re de l\u2019UE<\/strong>, <strong>Peter Stano,<\/strong> pour lui demander quelle \u00e9tait la r\u00e9action du bloc au rapport de Human Rights Watch.<\/p>\n<p>J\u2019ai fait remarquer que ce rapport venait quelques mois apr\u00e8s que <strong>B\u2019Tselem<\/strong> \u2013 une organisation isra\u00e9lienne des droits de l\u2019homme <a href=\"https:\/\/www.btselem.org\/about_btselem\/donors\" target=\"_blank\" rel=\"noopener noreferrer\">financ\u00e9e<\/a> par l\u2019<strong>Union europ\u00e9enne<\/strong> \u2013 avait finalement tir\u00e9 sa propre conclusion disant qu\u2019Isra\u00ebl \u00e9tait bel et bien coupable d\u2019apartheid.<\/p>\n<p>La r\u00e9ponse de <strong>Stano<\/strong> comptait 160 mots&nbsp;: aucun n\u2019\u00e9tait <em>\u00ab&nbsp;apartheid&nbsp;\u00bb.<\/em><\/p>\n<blockquote class=\"twitter-tweet\" data-width=\"500\" data-dnt=\"true\">\n<p lang=\"en\" dir=\"ltr\">EU foreign affairs spokesperson <a href=\"https:\/\/twitter.com\/ExtSpoxEU?ref_src=twsrc%5Etfw\">@ExtSpoxEU<\/a> sent me the bloc&#39;s response to <a href=\"https:\/\/twitter.com\/hrw?ref_src=twsrc%5Etfw\">@HRW<\/a>&#39;s determination that Israel commits the crime of apartheid against Palestinians. As an exercise in loquacious evasion it would make Sir Humphrey Appleby proud. My article soon. <a href=\"https:\/\/t.co\/gJCKjhlS6A\">pic.twitter.com\/gJCKjhlS6A<\/a><\/p>\n<p>&mdash; Ali Abunimah (@AliAbunimah) <a href=\"https:\/\/twitter.com\/AliAbunimah\/status\/1387780712753815553?ref_src=twsrc%5Etfw\">April 29, 2021<\/a><\/p><\/blockquote>\n<p><script async src=\"https:\/\/platform.twitter.com\/widgets.js\" charset=\"utf-8\"><\/script><\/p>\n<p>&nbsp;<\/p>\n<p><em>\u00ab&nbsp;Nous accordons toute l\u2019attention qu\u2019il m\u00e9rite au rapport de Human Rights Watch&nbsp;\u00bb<\/em>, affirmait Stano.&nbsp;<\/p>\n<p>Venait ensuite une assez longue tirade sur l\u2019engagement suppos\u00e9 de l\u2019UE envers les droits de l\u2019homme, le droit international et <em>\u00ab&nbsp;une solution n\u00e9goci\u00e9e \u00e0 deux \u00c9tats&nbsp;\u00bb.<\/em><\/p>\n<p>Dans la poursuite de ce mirage sans cesse r\u00e9current, Stano concluait que<\/p>\n<blockquote><p>\u00ab&nbsp;l\u2019UE s\u2019engagera \u00e0 cette fin, tant en compagnie d\u2019Isra\u00ebl que des Palestiniens ainsi qu\u2019avec nos partenaires internationaux et r\u00e9gionaux&nbsp;\u00bb.<\/p><\/blockquote>\n<p>Cela a la m\u00eame allure louche que <a href=\"https:\/\/michiganintheworld.history.lsa.umich.edu\/antiapartheid\/exhibits\/show\/exhibit\/students-take-campus--1984-198\/national-context--president-re\" target=\"_blank\" rel=\"noopener noreferrer\">l\u2019<em>\u00ab&nbsp;engagement constructif&nbsp;\u00bb<\/em><\/a> pr\u00f4n\u00e9 dans les ann\u00e9es 1980 par le pr\u00e9sident am\u00e9ricain <strong>Ronald Reagan<\/strong> et la Premi\u00e8re ministre britannique <a href=\"https:\/\/www.pri.org\/stories\/2013-04-08\/margaret-thatcher-few-tears-shed-south-africa\" target=\"_blank\" rel=\"noopener noreferrer\"><strong>Margaret Thatcher<\/strong><\/a>, dans un effort en vue d\u2019all\u00e9ger la pression internationale et les sanctions contre le r\u00e9gime supr\u00e9maciste d\u2019apartheid de l\u2019<strong>Afrique du Sud.<\/strong><\/p>\n<p>En tant qu\u2019exercice d\u2019utilisation d\u2019un torrent de mots en vue de ne rien dire de substantiel, la d\u00e9claration de Stano couvrirait de fiert\u00e9 <em>Sir Humphrey Appleby<\/em> \u2013 le tr\u00e8s <a href=\"https:\/\/www.youtube.com\/watch?v=k_Ozj0m3FAo\" target=\"_blank\" rel=\"noopener noreferrer\">n\u00e9buleux haut fonctionnaire<\/a> des c\u00e9l\u00e8bres s\u00e9ries comiques britanniques <i>Yes Minister<\/i> et <i>Yes Prime Minister <\/i>(diffus\u00e9es par la BBC dans les ann\u00e9es 1980, NdT). &nbsp;<\/p>\n<p>Malheureusement, toutefois, ceci n\u2019a rien de comique, et <strong>le refus born\u00e9 de l\u2019Union europ\u00e9enne de r\u00e9clamer des comptes \u00e0 Isra\u00ebl co\u00fbte cher en vies palestiniennes.<\/strong><\/p>\n<p>J\u2019ai transmis la r\u00e9ponse de Stano \u00e0 <strong>Omar Shakir<\/strong>, le principal auteur du rapport de <strong>Human Rights Watch<\/strong> et en m\u00eame temps directeur de l\u2019organisation pour Isra\u00ebl et la Palestine.<\/p>\n<blockquote><p>\u00ab&nbsp;Nous avons h\u00e2te de nous engager avec l\u2019UE et ses \u00c9tats membres en fonction de nos conclusions et recommandations&nbsp;\u00bb,<\/p><\/blockquote>\n<p>a \u00e9crit Shakir de fa\u00e7on plut\u00f4t diplomatique, faisant remarquer qu\u2019\u00e0 plusieurs reprises, l\u2019UE<\/p>\n<blockquote><p>\u00ab&nbsp;a promis son engagement vis-\u00e0-vis des lois et m\u00e9canismes internationaux r\u00e9gissant les droits humains&nbsp;\u00bb.<\/p>\n<p>\u00ab&nbsp;De ce fait, nous croyons fermement que, pour commencer, l\u2019UE ferait bien de reconna\u00eetre la r\u00e9alit\u00e9 de l\u2019apartheid et de la pers\u00e9cution sur le terrain et, d\u00e8s ce point de d\u00e9part, de suivre les recommandations mises en exergue dans notre rapport&nbsp;\u00bb,<\/p><\/blockquote>\n<p>ajoutait Shakir.<\/p>\n<p>Pourtant, en d\u00e9pit de la reconnaissance croissante qu\u2019Isra\u00ebl est un r\u00e9gime d\u2019apartheid, l\u2019<strong>UE,<\/strong> avec diplomatie, se met les doigts dans les oreilles, ferme les yeux et grogne aussi fort qu\u2019elle peut de fa\u00e7on \u00e0 \u00e9viter de voir et d\u2019entendre ce qui se passe autour d\u2019elle.<\/p>\n<p>Jeudi, l\u2019<strong>UE<\/strong> a annonc\u00e9 la d\u00e9signation d\u2019un nouveau <em>\u00ab&nbsp;repr\u00e9sentant sp\u00e9cial pour le processus de paix au Moyen-Orient&nbsp;\u00bb<\/em>, mandat\u00e9 en vue de<\/p>\n<blockquote><p>\u00ab&nbsp;fournir une contribution active au r\u00e8glement final du conflit isra\u00e9lo-palestinien en s\u2019appuyant sur une solution \u00e0 deux \u00c9tats&nbsp;\u00bb.<\/p><\/blockquote>\n<p><strong>Sven Koopmans<\/strong>, un diplomate hollandais, remplacera sa compatriote Susanna Terstal qui, dans le m\u00eame r\u00f4le, a organis\u00e9 des r\u00e9unions secr\u00e8tes avec les groupes de pression isra\u00e9liens et a r\u00e9p\u00e9t\u00e9 publiquement des sujets de discussion antipalestiniens \u2013 tout en ne r\u00e9alisant strictement rien en faveur de la<em> \u00ab&nbsp;paix&nbsp;\u00bb.<\/em><\/p>\n<p>Malgr\u00e9 son infatigable propagande sur la fa\u00e7on dont elle ch\u00e9rit les droits de l\u2019homme, l\u2019<strong>UE<\/strong> \u2013 en compagnie des <strong>\u00c9tats-Unis<\/strong> \u2013 est <strong>la principale facilitatrice de l\u2019apartheid isra\u00e9lien<\/strong> et, en tant que telle, elle est donc une ennemie de la libert\u00e9, de la justice et de l\u2019\u00e9galit\u00e9 pour les Palestiniens.<\/p>\n<hr>\n<p>Publi\u00e9 le 29 avril 2021 sur <a href=\"https:\/\/electronicintifada.net\/blogs\/ali-abunimah\/why-cant-eu-say-word-apartheid\" target=\"_blank\" rel=\"noopener noreferrer\">The Electronic Intifada<\/a><br \/>\nTraduction : Jean-Marie Fl\u00e9mal, <a href=\"https:\/\/charleroi-pourlapalestine.be\/\" target=\"_blank\" rel=\"noopener noreferrer\">Charleroi pour la Palestine<\/a><\/p>\n","protected":false},"excerpt":{"rendered":"<p>L\u2019UE, avec les EU, est la principale facilitatrice de l\u2019apartheid isra\u00e9lien et donc une ennemie de la libert\u00e9, de la justice et de l\u2019\u00e9galit\u00e9 pour les Palestiniens<\/p>\n","protected":false},"author":1,"featured_media":25506,"comment_status":"closed","ping_status":"closed","sticky":false,"template":"","format":"standard","meta":{"ngg_post_thumbnail":0,"footnotes":""},"categories":[44,140,192,185],"tags":[],"class_list":["post-25490","post","type-post","status-publish","format-standard","has-post-thumbnail","hentry","category-lappartheid","category-letat-colonial","category-palestine","category-union-europeenne"],"yoast_head":"<!-- This site is optimized with the Yoast SEO plugin v27.3 - https:\/\/yoast.com\/product\/yoast-seo-wordpress\/ -->\n<title>Pourquoi l\u2019EU ne peut-elle prononcer le mot \u00ab apartheid \u00bb ?<\/title>\n<meta name=\"description\" content=\"L\u2019UE, avec les EU, est la principale facilitatrice de l\u2019apartheid isra\u00e9lien et donc une ennemie de la libert\u00e9, de la justice et de l\u2019\u00e9galit\u00e9 pour les Palestiniens\" \/>\n<meta name=\"robots\" content=\"index, follow, max-snippet:-1, max-image-preview:large, max-video-preview:-1\" \/>\n<link rel=\"canonical\" href=\"https:\/\/charleroi-pourlapalestine.be\/index.php\/2021\/05\/01\/pourquoi-leu-ne-peut-elle-prononcer-le-mot-apartheid\/\" \/>\n<script type=\"application\/ld+json\" class=\"yoast-schema-graph\">{\"@context\":\"https:\\\/\\\/schema.org\",\"@graph\":[{\"@type\":\"Article\",\"@id\":\"https:\\\/\\\/charleroi-pourlapalestine.be\\\/index.php\\\/2021\\\/05\\\/01\\\/pourquoi-leu-ne-peut-elle-prononcer-le-mot-apartheid\\\/#article\",\"isPartOf\":{\"@id\":\"https:\\\/\\\/charleroi-pourlapalestine.be\\\/index.php\\\/2021\\\/05\\\/01\\\/pourquoi-leu-ne-peut-elle-prononcer-le-mot-apartheid\\\/\"},\"author\":{\"name\":\"admin1873\",\"@id\":\"https:\\\/\\\/charleroi-pourlapalestine.be\\\/#\\\/schema\\\/person\\\/c19ff515112f1299d8c12671d8fe3faa\"},\"headline\":\"Pourquoi l\u2019EU ne peut-elle prononcer le mot \u00ab apartheid \u00bb ?\",\"datePublished\":\"2021-05-01T14:37:41+00:00\",\"dateModified\":\"2021-05-01T14:37:42+00:00\",\"mainEntityOfPage\":{\"@id\":\"https:\\\/\\\/charleroi-pourlapalestine.be\\\/index.php\\\/2021\\\/05\\\/01\\\/pourquoi-leu-ne-peut-elle-prononcer-le-mot-apartheid\\\/\"},\"wordCount\":1092,\"publisher\":{\"@id\":\"https:\\\/\\\/charleroi-pourlapalestine.be\\\/#organization\"},\"image\":{\"@id\":\"https:\\\/\\\/charleroi-pourlapalestine.be\\\/index.php\\\/2021\\\/05\\\/01\\\/pourquoi-leu-ne-peut-elle-prononcer-le-mot-apartheid\\\/#primaryimage\"},\"thumbnailUrl\":\"https:\\\/\\\/charleroi-pourlapalestine.be\\\/wp-content\\\/uploads\\\/2021\\\/05\\\/This-is-apartheid-e1619834784544.jpg\",\"articleSection\":[\"Apartheid\",\"L'Etat colonial\",\"Palestine\",\"Union europ\u00e9enne\"],\"inLanguage\":\"fr-FR\"},{\"@type\":\"WebPage\",\"@id\":\"https:\\\/\\\/charleroi-pourlapalestine.be\\\/index.php\\\/2021\\\/05\\\/01\\\/pourquoi-leu-ne-peut-elle-prononcer-le-mot-apartheid\\\/\",\"url\":\"https:\\\/\\\/charleroi-pourlapalestine.be\\\/index.php\\\/2021\\\/05\\\/01\\\/pourquoi-leu-ne-peut-elle-prononcer-le-mot-apartheid\\\/\",\"name\":\"Pourquoi l\u2019EU ne peut-elle prononcer le mot \u00ab apartheid \u00bb ?\",\"isPartOf\":{\"@id\":\"https:\\\/\\\/charleroi-pourlapalestine.be\\\/#website\"},\"primaryImageOfPage\":{\"@id\":\"https:\\\/\\\/charleroi-pourlapalestine.be\\\/index.php\\\/2021\\\/05\\\/01\\\/pourquoi-leu-ne-peut-elle-prononcer-le-mot-apartheid\\\/#primaryimage\"},\"image\":{\"@id\":\"https:\\\/\\\/charleroi-pourlapalestine.be\\\/index.php\\\/2021\\\/05\\\/01\\\/pourquoi-leu-ne-peut-elle-prononcer-le-mot-apartheid\\\/#primaryimage\"},\"thumbnailUrl\":\"https:\\\/\\\/charleroi-pourlapalestine.be\\\/wp-content\\\/uploads\\\/2021\\\/05\\\/This-is-apartheid-e1619834784544.jpg\",\"datePublished\":\"2021-05-01T14:37:41+00:00\",\"dateModified\":\"2021-05-01T14:37:42+00:00\",\"description\":\"L\u2019UE, avec les EU, est la principale facilitatrice de l\u2019apartheid isra\u00e9lien et donc une ennemie de la libert\u00e9, de la justice et de l\u2019\u00e9galit\u00e9 pour les Palestiniens\",\"breadcrumb\":{\"@id\":\"https:\\\/\\\/charleroi-pourlapalestine.be\\\/index.php\\\/2021\\\/05\\\/01\\\/pourquoi-leu-ne-peut-elle-prononcer-le-mot-apartheid\\\/#breadcrumb\"},\"inLanguage\":\"fr-FR\",\"potentialAction\":[{\"@type\":\"ReadAction\",\"target\":[\"https:\\\/\\\/charleroi-pourlapalestine.be\\\/index.php\\\/2021\\\/05\\\/01\\\/pourquoi-leu-ne-peut-elle-prononcer-le-mot-apartheid\\\/\"]}]},{\"@type\":\"ImageObject\",\"inLanguage\":\"fr-FR\",\"@id\":\"https:\\\/\\\/charleroi-pourlapalestine.be\\\/index.php\\\/2021\\\/05\\\/01\\\/pourquoi-leu-ne-peut-elle-prononcer-le-mot-apartheid\\\/#primaryimage\",\"url\":\"https:\\\/\\\/charleroi-pourlapalestine.be\\\/wp-content\\\/uploads\\\/2021\\\/05\\\/This-is-apartheid-e1619834784544.jpg\",\"contentUrl\":\"https:\\\/\\\/charleroi-pourlapalestine.be\\\/wp-content\\\/uploads\\\/2021\\\/05\\\/This-is-apartheid-e1619834784544.jpg\",\"width\":481,\"height\":320},{\"@type\":\"BreadcrumbList\",\"@id\":\"https:\\\/\\\/charleroi-pourlapalestine.be\\\/index.php\\\/2021\\\/05\\\/01\\\/pourquoi-leu-ne-peut-elle-prononcer-le-mot-apartheid\\\/#breadcrumb\",\"itemListElement\":[{\"@type\":\"ListItem\",\"position\":1,\"name\":\"Accueil\",\"item\":\"https:\\\/\\\/charleroi-pourlapalestine.be\\\/\"},{\"@type\":\"ListItem\",\"position\":2,\"name\":\"Pourquoi l\u2019EU ne peut-elle prononcer le mot \u00ab apartheid \u00bb ?\"}]},{\"@type\":\"WebSite\",\"@id\":\"https:\\\/\\\/charleroi-pourlapalestine.be\\\/#website\",\"url\":\"https:\\\/\\\/charleroi-pourlapalestine.be\\\/\",\"name\":\"Charleroi Pour la Palestine\",\"description\":\"\",\"publisher\":{\"@id\":\"https:\\\/\\\/charleroi-pourlapalestine.be\\\/#organization\"},\"potentialAction\":[{\"@type\":\"SearchAction\",\"target\":{\"@type\":\"EntryPoint\",\"urlTemplate\":\"https:\\\/\\\/charleroi-pourlapalestine.be\\\/?s={search_term_string}\"},\"query-input\":{\"@type\":\"PropertyValueSpecification\",\"valueRequired\":true,\"valueName\":\"search_term_string\"}}],\"inLanguage\":\"fr-FR\"},{\"@type\":\"Organization\",\"@id\":\"https:\\\/\\\/charleroi-pourlapalestine.be\\\/#organization\",\"name\":\"Plate-forme Charleroi-Palestine\",\"url\":\"https:\\\/\\\/charleroi-pourlapalestine.be\\\/\",\"logo\":{\"@type\":\"ImageObject\",\"inLanguage\":\"fr-FR\",\"@id\":\"https:\\\/\\\/charleroi-pourlapalestine.be\\\/#\\\/schema\\\/logo\\\/image\\\/\",\"url\":\"https:\\\/\\\/charleroi-pourlapalestine.be\\\/wp-content\\\/uploads\\\/2020\\\/01\\\/logo-Copy.jpg\",\"contentUrl\":\"https:\\\/\\\/charleroi-pourlapalestine.be\\\/wp-content\\\/uploads\\\/2020\\\/01\\\/logo-Copy.jpg\",\"width\":180,\"height\":180,\"caption\":\"Plate-forme Charleroi-Palestine\"},\"image\":{\"@id\":\"https:\\\/\\\/charleroi-pourlapalestine.be\\\/#\\\/schema\\\/logo\\\/image\\\/\"},\"sameAs\":[\"https:\\\/\\\/www.facebook.com\\\/PlateformeCharleroiPalestine\\\/\",\"https:\\\/\\\/x.com\\\/LaCharleroi\"]},{\"@type\":\"Person\",\"@id\":\"https:\\\/\\\/charleroi-pourlapalestine.be\\\/#\\\/schema\\\/person\\\/c19ff515112f1299d8c12671d8fe3faa\",\"name\":\"admin1873\",\"url\":\"https:\\\/\\\/charleroi-pourlapalestine.be\\\/index.php\\\/author\\\/admin1873\\\/\"}]}<\/script>\n<!-- \/ Yoast SEO plugin. -->","yoast_head_json":{"title":"Pourquoi l\u2019EU ne peut-elle prononcer le mot \u00ab apartheid \u00bb ?","description":"L\u2019UE, avec les EU, est la principale facilitatrice de l\u2019apartheid isra\u00e9lien et donc une ennemie de la libert\u00e9, de la justice et de l\u2019\u00e9galit\u00e9 pour les Palestiniens","robots":{"index":"index","follow":"follow","max-snippet":"max-snippet:-1","max-image-preview":"max-image-preview:large","max-video-preview":"max-video-preview:-1"},"canonical":"https:\/\/charleroi-pourlapalestine.be\/index.php\/2021\/05\/01\/pourquoi-leu-ne-peut-elle-prononcer-le-mot-apartheid\/","schema":{"@context":"https:\/\/schema.org","@graph":[{"@type":"Article","@id":"https:\/\/charleroi-pourlapalestine.be\/index.php\/2021\/05\/01\/pourquoi-leu-ne-peut-elle-prononcer-le-mot-apartheid\/#article","isPartOf":{"@id":"https:\/\/charleroi-pourlapalestine.be\/index.php\/2021\/05\/01\/pourquoi-leu-ne-peut-elle-prononcer-le-mot-apartheid\/"},"author":{"name":"admin1873","@id":"https:\/\/charleroi-pourlapalestine.be\/#\/schema\/person\/c19ff515112f1299d8c12671d8fe3faa"},"headline":"Pourquoi l\u2019EU ne peut-elle prononcer le mot \u00ab apartheid \u00bb ?","datePublished":"2021-05-01T14:37:41+00:00","dateModified":"2021-05-01T14:37:42+00:00","mainEntityOfPage":{"@id":"https:\/\/charleroi-pourlapalestine.be\/index.php\/2021\/05\/01\/pourquoi-leu-ne-peut-elle-prononcer-le-mot-apartheid\/"},"wordCount":1092,"publisher":{"@id":"https:\/\/charleroi-pourlapalestine.be\/#organization"},"image":{"@id":"https:\/\/charleroi-pourlapalestine.be\/index.php\/2021\/05\/01\/pourquoi-leu-ne-peut-elle-prononcer-le-mot-apartheid\/#primaryimage"},"thumbnailUrl":"https:\/\/charleroi-pourlapalestine.be\/wp-content\/uploads\/2021\/05\/This-is-apartheid-e1619834784544.jpg","articleSection":["Apartheid","L'Etat colonial","Palestine","Union europ\u00e9enne"],"inLanguage":"fr-FR"},{"@type":"WebPage","@id":"https:\/\/charleroi-pourlapalestine.be\/index.php\/2021\/05\/01\/pourquoi-leu-ne-peut-elle-prononcer-le-mot-apartheid\/","url":"https:\/\/charleroi-pourlapalestine.be\/index.php\/2021\/05\/01\/pourquoi-leu-ne-peut-elle-prononcer-le-mot-apartheid\/","name":"Pourquoi l\u2019EU ne peut-elle prononcer le mot \u00ab apartheid \u00bb ?","isPartOf":{"@id":"https:\/\/charleroi-pourlapalestine.be\/#website"},"primaryImageOfPage":{"@id":"https:\/\/charleroi-pourlapalestine.be\/index.php\/2021\/05\/01\/pourquoi-leu-ne-peut-elle-prononcer-le-mot-apartheid\/#primaryimage"},"image":{"@id":"https:\/\/charleroi-pourlapalestine.be\/index.php\/2021\/05\/01\/pourquoi-leu-ne-peut-elle-prononcer-le-mot-apartheid\/#primaryimage"},"thumbnailUrl":"https:\/\/charleroi-pourlapalestine.be\/wp-content\/uploads\/2021\/05\/This-is-apartheid-e1619834784544.jpg","datePublished":"2021-05-01T14:37:41+00:00","dateModified":"2021-05-01T14:37:42+00:00","description":"L\u2019UE, avec les EU, est la principale facilitatrice de l\u2019apartheid isra\u00e9lien et donc une ennemie de la libert\u00e9, de la justice et de l\u2019\u00e9galit\u00e9 pour les Palestiniens","breadcrumb":{"@id":"https:\/\/charleroi-pourlapalestine.be\/index.php\/2021\/05\/01\/pourquoi-leu-ne-peut-elle-prononcer-le-mot-apartheid\/#breadcrumb"},"inLanguage":"fr-FR","potentialAction":[{"@type":"ReadAction","target":["https:\/\/charleroi-pourlapalestine.be\/index.php\/2021\/05\/01\/pourquoi-leu-ne-peut-elle-prononcer-le-mot-apartheid\/"]}]},{"@type":"ImageObject","inLanguage":"fr-FR","@id":"https:\/\/charleroi-pourlapalestine.be\/index.php\/2021\/05\/01\/pourquoi-leu-ne-peut-elle-prononcer-le-mot-apartheid\/#primaryimage","url":"https:\/\/charleroi-pourlapalestine.be\/wp-content\/uploads\/2021\/05\/This-is-apartheid-e1619834784544.jpg","contentUrl":"https:\/\/charleroi-pourlapalestine.be\/wp-content\/uploads\/2021\/05\/This-is-apartheid-e1619834784544.jpg","width":481,"height":320},{"@type":"BreadcrumbList","@id":"https:\/\/charleroi-pourlapalestine.be\/index.php\/2021\/05\/01\/pourquoi-leu-ne-peut-elle-prononcer-le-mot-apartheid\/#breadcrumb","itemListElement":[{"@type":"ListItem","position":1,"name":"Accueil","item":"https:\/\/charleroi-pourlapalestine.be\/"},{"@type":"ListItem","position":2,"name":"Pourquoi l\u2019EU ne peut-elle prononcer le mot \u00ab apartheid \u00bb ?"}]},{"@type":"WebSite","@id":"https:\/\/charleroi-pourlapalestine.be\/#website","url":"https:\/\/charleroi-pourlapalestine.be\/","name":"Charleroi Pour la Palestine","description":"","publisher":{"@id":"https:\/\/charleroi-pourlapalestine.be\/#organization"},"potentialAction":[{"@type":"SearchAction","target":{"@type":"EntryPoint","urlTemplate":"https:\/\/charleroi-pourlapalestine.be\/?s={search_term_string}"},"query-input":{"@type":"PropertyValueSpecification","valueRequired":true,"valueName":"search_term_string"}}],"inLanguage":"fr-FR"},{"@type":"Organization","@id":"https:\/\/charleroi-pourlapalestine.be\/#organization","name":"Plate-forme Charleroi-Palestine","url":"https:\/\/charleroi-pourlapalestine.be\/","logo":{"@type":"ImageObject","inLanguage":"fr-FR","@id":"https:\/\/charleroi-pourlapalestine.be\/#\/schema\/logo\/image\/","url":"https:\/\/charleroi-pourlapalestine.be\/wp-content\/uploads\/2020\/01\/logo-Copy.jpg","contentUrl":"https:\/\/charleroi-pourlapalestine.be\/wp-content\/uploads\/2020\/01\/logo-Copy.jpg","width":180,"height":180,"caption":"Plate-forme Charleroi-Palestine"},"image":{"@id":"https:\/\/charleroi-pourlapalestine.be\/#\/schema\/logo\/image\/"},"sameAs":["https:\/\/www.facebook.com\/PlateformeCharleroiPalestine\/","https:\/\/x.com\/LaCharleroi"]},{"@type":"Person","@id":"https:\/\/charleroi-pourlapalestine.be\/#\/schema\/person\/c19ff515112f1299d8c12671d8fe3faa","name":"admin1873","url":"https:\/\/charleroi-pourlapalestine.be\/index.php\/author\/admin1873\/"}]}},"_links":{"self":[{"href":"https:\/\/charleroi-pourlapalestine.be\/index.php\/wp-json\/wp\/v2\/posts\/25490","targetHints":{"allow":["GET"]}}],"collection":[{"href":"https:\/\/charleroi-pourlapalestine.be\/index.php\/wp-json\/wp\/v2\/posts"}],"about":[{"href":"https:\/\/charleroi-pourlapalestine.be\/index.php\/wp-json\/wp\/v2\/types\/post"}],"author":[{"embeddable":true,"href":"https:\/\/charleroi-pourlapalestine.be\/index.php\/wp-json\/wp\/v2\/users\/1"}],"replies":[{"embeddable":true,"href":"https:\/\/charleroi-pourlapalestine.be\/index.php\/wp-json\/wp\/v2\/comments?post=25490"}],"version-history":[{"count":0,"href":"https:\/\/charleroi-pourlapalestine.be\/index.php\/wp-json\/wp\/v2\/posts\/25490\/revisions"}],"wp:featuredmedia":[{"embeddable":true,"href":"https:\/\/charleroi-pourlapalestine.be\/index.php\/wp-json\/wp\/v2\/media\/25506"}],"wp:attachment":[{"href":"https:\/\/charleroi-pourlapalestine.be\/index.php\/wp-json\/wp\/v2\/media?parent=25490"}],"wp:term":[{"taxonomy":"category","embeddable":true,"href":"https:\/\/charleroi-pourlapalestine.be\/index.php\/wp-json\/wp\/v2\/categories?post=25490"},{"taxonomy":"post_tag","embeddable":true,"href":"https:\/\/charleroi-pourlapalestine.be\/index.php\/wp-json\/wp\/v2\/tags?post=25490"}],"curies":[{"name":"wp","href":"https:\/\/api.w.org\/{rel}","templated":true}]}}