{"id":25819,"date":"2021-05-11T15:44:20","date_gmt":"2021-05-11T13:44:20","guid":{"rendered":"https:\/\/charleroi-pourlapalestine.be\/?p=25819"},"modified":"2021-05-11T15:46:47","modified_gmt":"2021-05-11T13:46:47","slug":"en-direct-de-gaza-ziad-medoukh","status":"publish","type":"post","link":"https:\/\/charleroi-pourlapalestine.be\/index.php\/2021\/05\/11\/en-direct-de-gaza-ziad-medoukh\/","title":{"rendered":"En direct de Gaza (Ziad Medoukh)"},"content":{"rendered":"<p>En direct de Gaza. Il est 16h \u00e0 Gaza ce mardi 11 mai 2021.<\/p>\n<p><img loading=\"lazy\" decoding=\"async\" class=\"aligncenter wp-image-25822 size-full\" src=\"https:\/\/charleroi-pourlapalestine.be\/wp-content\/uploads\/2021\/05\/mort1-1.jpg\" alt=\"Un des victimes de l'agression isra\u00e9lienne; photo via Ziad Medoukh\" width=\"420\" height=\"296\" srcset=\"https:\/\/charleroi-pourlapalestine.be\/wp-content\/uploads\/2021\/05\/mort1-1.jpg 420w, https:\/\/charleroi-pourlapalestine.be\/wp-content\/uploads\/2021\/05\/mort1-1-300x211.jpg 300w\" sizes=\"auto, (max-width: 420px) 100vw, 420px\" \/><\/p>\n<p><strong><a href=\"https:\/\/charleroi-pourlapalestine.be\/index.php\/tag\/ziad-medoukh\/\">Ziad Medoukh <\/a><\/strong>, au deuxi\u00e8me jour de la nouvelle agression isra\u00e9lienne contre la bande de Gaza&nbsp;<\/p>\n<p><strong>Bilan provisoire ce mardi 11 mai 2021 \u00e0 16h&nbsp;<\/strong><\/p>\n<p>30 personnes assassin\u00e9es dont dix enfants , une femme \u00e2g\u00e9e, et un handicap\u00e9&nbsp;<br>140 bless\u00e9s&nbsp;<br>250 raids isra\u00e9liens partout dans la bande de Gaza jusqu&rsquo;\u00e0 pr\u00e9sent &nbsp;<br>Trois immeubles vis\u00e9s&nbsp;<br>Cinq maisons d\u00e9truites&nbsp;<br>Une \u00e9cole endommag\u00e9e&nbsp;<br>Une usine d\u00e9truite &nbsp;<br>Deux minist\u00e8res bombard\u00e9s&nbsp;<br>Un centre m\u00e9dical vis\u00e9&nbsp;<br>Une mosqu\u00e9e touch\u00e9e&nbsp;<br>Trois puits d&rsquo;eau d\u00e9truits&nbsp;<br>Quartiers populaires bombard\u00e9s&nbsp;<br>Population horrifi\u00e9e&nbsp;<br>Familles terroris\u00e9es&nbsp;<\/p>\n<p><img loading=\"lazy\" decoding=\"async\" class=\"aligncenter wp-image-25825 size-full\" src=\"https:\/\/charleroi-pourlapalestine.be\/wp-content\/uploads\/2021\/05\/Gaza2-e1620739731485.jpg\" alt=\"Bombardements isra\u00e9liens sur Gaza. Photo via Ziad Medoukh\" width=\"480\" height=\"320\"><\/p>\n<p>Horrible!&nbsp;<br>Et \u00e7a continue en toute impunit\u00e9 !&nbsp;<br>Personne n&rsquo;arr\u00eate ces criminels&nbsp; <br>Silence, on bombarde les civils \u00e0 Gaza !&nbsp;<\/p>\n<p>La Palestine occup\u00e9e r\u00e9siste&nbsp;!&nbsp;<br>Gaza l\u2019agress\u00e9e r\u00e9siste, persiste et existe&nbsp;!&nbsp;<\/p>\n<p>La lutte continue&nbsp;!&nbsp;<br>Vive la solidarit\u00e9 !&nbsp;<br>La Palestine vivra&nbsp;!&nbsp;<br>La justice triomphera&nbsp;&nbsp;<\/p>\n\n\n<p>Publi\u00e9 sur la page FB de <a aria-label=\"undefined (s\u2019ouvre dans un nouvel onglet)\" href=\"https:\/\/www.facebook.com\/ziad.medoukh\" target=\"_blank\" rel=\"noreferrer noopener\">Ziad Medoukh<\/a><\/p>\n\n\n\n<p><strong>Mobilisations en Belgique :<\/strong> <\/p>\n\n\n\n<p><strong>Mercredi 12 mai<\/strong> \u00e0 16 h 30 devant le minist\u00e8re des Affaires \u00e9trang\u00e8res, rue des Petits Carmes, Bruxelles<\/p>\n\n\n\n<p><strong>Samedi 15 mai \u00e0 15 h<\/strong>, place de l\u2019Albertine, Bruxelles ( pr\u00e8s de la gare centrale)<br>Depart en train de Charleroi a 13.05, de Marchienne a 13.10. Organisation : Plate-forme Charleroi-Palestine<\/p>\n","protected":false},"excerpt":{"rendered":"<p>Deuxi\u00e8me jour de la nouvelle agression isra\u00e9lienne contre la bande de Gaza. 30 personnes assassin\u00e9es, dont dix enfants , une femme \u00e2g\u00e9e, et un handicap\u00e9; 140 bless\u00e9s. <\/p>\n","protected":false},"author":1,"featured_media":25822,"comment_status":"closed","ping_status":"closed","sticky":false,"template":"","format":"standard","meta":{"ngg_post_thumbnail":0,"footnotes":""},"categories":[46,40,6],"tags":[],"class_list":["post-25819","post","type-post","status-publish","format-standard","has-post-thumbnail","hentry","category-les-agressions-militaires","category-les-crimes-de-guerre","category-gaza"],"yoast_head":"<!-- This site is optimized with the Yoast SEO plugin v27.3 - https:\/\/yoast.com\/product\/yoast-seo-wordpress\/ -->\n<title>En direct de Gaza (Ziad Medoukh) - Charleroi Pour la Palestine<\/title>\n<meta name=\"description\" content=\"En direct de Gaza, mardi 11 mai 2021. Bilan provisoire : 30 morts palestiniens dont 10 enfants , une femme \u00e2g\u00e9e, et un handicap\u00e9 , 140 bless\u00e9s.\" \/>\n<meta name=\"robots\" content=\"index, follow, max-snippet:-1, max-image-preview:large, max-video-preview:-1\" \/>\n<link rel=\"canonical\" href=\"https:\/\/charleroi-pourlapalestine.be\/index.php\/2021\/05\/11\/en-direct-de-gaza-ziad-medoukh\/\" \/>\n<script type=\"application\/ld+json\" class=\"yoast-schema-graph\">{\"@context\":\"https:\\\/\\\/schema.org\",\"@graph\":[{\"@type\":\"Article\",\"@id\":\"https:\\\/\\\/charleroi-pourlapalestine.be\\\/index.php\\\/2021\\\/05\\\/11\\\/en-direct-de-gaza-ziad-medoukh\\\/#article\",\"isPartOf\":{\"@id\":\"https:\\\/\\\/charleroi-pourlapalestine.be\\\/index.php\\\/2021\\\/05\\\/11\\\/en-direct-de-gaza-ziad-medoukh\\\/\"},\"author\":{\"name\":\"admin1873\",\"@id\":\"https:\\\/\\\/charleroi-pourlapalestine.be\\\/#\\\/schema\\\/person\\\/c19ff515112f1299d8c12671d8fe3faa\"},\"headline\":\"En direct de Gaza (Ziad Medoukh)\",\"datePublished\":\"2021-05-11T13:44:20+00:00\",\"dateModified\":\"2021-05-11T13:46:47+00:00\",\"mainEntityOfPage\":{\"@id\":\"https:\\\/\\\/charleroi-pourlapalestine.be\\\/index.php\\\/2021\\\/05\\\/11\\\/en-direct-de-gaza-ziad-medoukh\\\/\"},\"wordCount\":244,\"publisher\":{\"@id\":\"https:\\\/\\\/charleroi-pourlapalestine.be\\\/#organization\"},\"image\":{\"@id\":\"https:\\\/\\\/charleroi-pourlapalestine.be\\\/index.php\\\/2021\\\/05\\\/11\\\/en-direct-de-gaza-ziad-medoukh\\\/#primaryimage\"},\"thumbnailUrl\":\"https:\\\/\\\/charleroi-pourlapalestine.be\\\/wp-content\\\/uploads\\\/2021\\\/05\\\/mort1-1.jpg\",\"articleSection\":[\"Agressions militaires\",\"Crimes de guerre\",\"Gaza\"],\"inLanguage\":\"fr-FR\"},{\"@type\":\"WebPage\",\"@id\":\"https:\\\/\\\/charleroi-pourlapalestine.be\\\/index.php\\\/2021\\\/05\\\/11\\\/en-direct-de-gaza-ziad-medoukh\\\/\",\"url\":\"https:\\\/\\\/charleroi-pourlapalestine.be\\\/index.php\\\/2021\\\/05\\\/11\\\/en-direct-de-gaza-ziad-medoukh\\\/\",\"name\":\"En direct de Gaza (Ziad Medoukh) - Charleroi Pour la Palestine\",\"isPartOf\":{\"@id\":\"https:\\\/\\\/charleroi-pourlapalestine.be\\\/#website\"},\"primaryImageOfPage\":{\"@id\":\"https:\\\/\\\/charleroi-pourlapalestine.be\\\/index.php\\\/2021\\\/05\\\/11\\\/en-direct-de-gaza-ziad-medoukh\\\/#primaryimage\"},\"image\":{\"@id\":\"https:\\\/\\\/charleroi-pourlapalestine.be\\\/index.php\\\/2021\\\/05\\\/11\\\/en-direct-de-gaza-ziad-medoukh\\\/#primaryimage\"},\"thumbnailUrl\":\"https:\\\/\\\/charleroi-pourlapalestine.be\\\/wp-content\\\/uploads\\\/2021\\\/05\\\/mort1-1.jpg\",\"datePublished\":\"2021-05-11T13:44:20+00:00\",\"dateModified\":\"2021-05-11T13:46:47+00:00\",\"description\":\"En direct de Gaza, mardi 11 mai 2021. Bilan provisoire : 30 morts palestiniens dont 10 enfants , une femme \u00e2g\u00e9e, et un handicap\u00e9 , 140 bless\u00e9s.\",\"breadcrumb\":{\"@id\":\"https:\\\/\\\/charleroi-pourlapalestine.be\\\/index.php\\\/2021\\\/05\\\/11\\\/en-direct-de-gaza-ziad-medoukh\\\/#breadcrumb\"},\"inLanguage\":\"fr-FR\",\"potentialAction\":[{\"@type\":\"ReadAction\",\"target\":[\"https:\\\/\\\/charleroi-pourlapalestine.be\\\/index.php\\\/2021\\\/05\\\/11\\\/en-direct-de-gaza-ziad-medoukh\\\/\"]}]},{\"@type\":\"ImageObject\",\"inLanguage\":\"fr-FR\",\"@id\":\"https:\\\/\\\/charleroi-pourlapalestine.be\\\/index.php\\\/2021\\\/05\\\/11\\\/en-direct-de-gaza-ziad-medoukh\\\/#primaryimage\",\"url\":\"https:\\\/\\\/charleroi-pourlapalestine.be\\\/wp-content\\\/uploads\\\/2021\\\/05\\\/mort1-1.jpg\",\"contentUrl\":\"https:\\\/\\\/charleroi-pourlapalestine.be\\\/wp-content\\\/uploads\\\/2021\\\/05\\\/mort1-1.jpg\",\"width\":420,\"height\":296},{\"@type\":\"BreadcrumbList\",\"@id\":\"https:\\\/\\\/charleroi-pourlapalestine.be\\\/index.php\\\/2021\\\/05\\\/11\\\/en-direct-de-gaza-ziad-medoukh\\\/#breadcrumb\",\"itemListElement\":[{\"@type\":\"ListItem\",\"position\":1,\"name\":\"Accueil\",\"item\":\"https:\\\/\\\/charleroi-pourlapalestine.be\\\/\"},{\"@type\":\"ListItem\",\"position\":2,\"name\":\"En direct de Gaza (Ziad Medoukh)\"}]},{\"@type\":\"WebSite\",\"@id\":\"https:\\\/\\\/charleroi-pourlapalestine.be\\\/#website\",\"url\":\"https:\\\/\\\/charleroi-pourlapalestine.be\\\/\",\"name\":\"Charleroi Pour la Palestine\",\"description\":\"\",\"publisher\":{\"@id\":\"https:\\\/\\\/charleroi-pourlapalestine.be\\\/#organization\"},\"potentialAction\":[{\"@type\":\"SearchAction\",\"target\":{\"@type\":\"EntryPoint\",\"urlTemplate\":\"https:\\\/\\\/charleroi-pourlapalestine.be\\\/?s={search_term_string}\"},\"query-input\":{\"@type\":\"PropertyValueSpecification\",\"valueRequired\":true,\"valueName\":\"search_term_string\"}}],\"inLanguage\":\"fr-FR\"},{\"@type\":\"Organization\",\"@id\":\"https:\\\/\\\/charleroi-pourlapalestine.be\\\/#organization\",\"name\":\"Plate-forme Charleroi-Palestine\",\"url\":\"https:\\\/\\\/charleroi-pourlapalestine.be\\\/\",\"logo\":{\"@type\":\"ImageObject\",\"inLanguage\":\"fr-FR\",\"@id\":\"https:\\\/\\\/charleroi-pourlapalestine.be\\\/#\\\/schema\\\/logo\\\/image\\\/\",\"url\":\"https:\\\/\\\/charleroi-pourlapalestine.be\\\/wp-content\\\/uploads\\\/2020\\\/01\\\/logo-Copy.jpg\",\"contentUrl\":\"https:\\\/\\\/charleroi-pourlapalestine.be\\\/wp-content\\\/uploads\\\/2020\\\/01\\\/logo-Copy.jpg\",\"width\":180,\"height\":180,\"caption\":\"Plate-forme Charleroi-Palestine\"},\"image\":{\"@id\":\"https:\\\/\\\/charleroi-pourlapalestine.be\\\/#\\\/schema\\\/logo\\\/image\\\/\"},\"sameAs\":[\"https:\\\/\\\/www.facebook.com\\\/PlateformeCharleroiPalestine\\\/\",\"https:\\\/\\\/x.com\\\/LaCharleroi\"]},{\"@type\":\"Person\",\"@id\":\"https:\\\/\\\/charleroi-pourlapalestine.be\\\/#\\\/schema\\\/person\\\/c19ff515112f1299d8c12671d8fe3faa\",\"name\":\"admin1873\",\"url\":\"https:\\\/\\\/charleroi-pourlapalestine.be\\\/index.php\\\/author\\\/admin1873\\\/\"}]}<\/script>\n<!-- \/ Yoast SEO plugin. -->","yoast_head_json":{"title":"En direct de Gaza (Ziad Medoukh) - Charleroi Pour la Palestine","description":"En direct de Gaza, mardi 11 mai 2021. Bilan provisoire : 30 morts palestiniens dont 10 enfants , une femme \u00e2g\u00e9e, et un handicap\u00e9 , 140 bless\u00e9s.","robots":{"index":"index","follow":"follow","max-snippet":"max-snippet:-1","max-image-preview":"max-image-preview:large","max-video-preview":"max-video-preview:-1"},"canonical":"https:\/\/charleroi-pourlapalestine.be\/index.php\/2021\/05\/11\/en-direct-de-gaza-ziad-medoukh\/","schema":{"@context":"https:\/\/schema.org","@graph":[{"@type":"Article","@id":"https:\/\/charleroi-pourlapalestine.be\/index.php\/2021\/05\/11\/en-direct-de-gaza-ziad-medoukh\/#article","isPartOf":{"@id":"https:\/\/charleroi-pourlapalestine.be\/index.php\/2021\/05\/11\/en-direct-de-gaza-ziad-medoukh\/"},"author":{"name":"admin1873","@id":"https:\/\/charleroi-pourlapalestine.be\/#\/schema\/person\/c19ff515112f1299d8c12671d8fe3faa"},"headline":"En direct de Gaza (Ziad Medoukh)","datePublished":"2021-05-11T13:44:20+00:00","dateModified":"2021-05-11T13:46:47+00:00","mainEntityOfPage":{"@id":"https:\/\/charleroi-pourlapalestine.be\/index.php\/2021\/05\/11\/en-direct-de-gaza-ziad-medoukh\/"},"wordCount":244,"publisher":{"@id":"https:\/\/charleroi-pourlapalestine.be\/#organization"},"image":{"@id":"https:\/\/charleroi-pourlapalestine.be\/index.php\/2021\/05\/11\/en-direct-de-gaza-ziad-medoukh\/#primaryimage"},"thumbnailUrl":"https:\/\/charleroi-pourlapalestine.be\/wp-content\/uploads\/2021\/05\/mort1-1.jpg","articleSection":["Agressions militaires","Crimes de guerre","Gaza"],"inLanguage":"fr-FR"},{"@type":"WebPage","@id":"https:\/\/charleroi-pourlapalestine.be\/index.php\/2021\/05\/11\/en-direct-de-gaza-ziad-medoukh\/","url":"https:\/\/charleroi-pourlapalestine.be\/index.php\/2021\/05\/11\/en-direct-de-gaza-ziad-medoukh\/","name":"En direct de Gaza (Ziad Medoukh) - Charleroi Pour la Palestine","isPartOf":{"@id":"https:\/\/charleroi-pourlapalestine.be\/#website"},"primaryImageOfPage":{"@id":"https:\/\/charleroi-pourlapalestine.be\/index.php\/2021\/05\/11\/en-direct-de-gaza-ziad-medoukh\/#primaryimage"},"image":{"@id":"https:\/\/charleroi-pourlapalestine.be\/index.php\/2021\/05\/11\/en-direct-de-gaza-ziad-medoukh\/#primaryimage"},"thumbnailUrl":"https:\/\/charleroi-pourlapalestine.be\/wp-content\/uploads\/2021\/05\/mort1-1.jpg","datePublished":"2021-05-11T13:44:20+00:00","dateModified":"2021-05-11T13:46:47+00:00","description":"En direct de Gaza, mardi 11 mai 2021. Bilan provisoire : 30 morts palestiniens dont 10 enfants , une femme \u00e2g\u00e9e, et un handicap\u00e9 , 140 bless\u00e9s.","breadcrumb":{"@id":"https:\/\/charleroi-pourlapalestine.be\/index.php\/2021\/05\/11\/en-direct-de-gaza-ziad-medoukh\/#breadcrumb"},"inLanguage":"fr-FR","potentialAction":[{"@type":"ReadAction","target":["https:\/\/charleroi-pourlapalestine.be\/index.php\/2021\/05\/11\/en-direct-de-gaza-ziad-medoukh\/"]}]},{"@type":"ImageObject","inLanguage":"fr-FR","@id":"https:\/\/charleroi-pourlapalestine.be\/index.php\/2021\/05\/11\/en-direct-de-gaza-ziad-medoukh\/#primaryimage","url":"https:\/\/charleroi-pourlapalestine.be\/wp-content\/uploads\/2021\/05\/mort1-1.jpg","contentUrl":"https:\/\/charleroi-pourlapalestine.be\/wp-content\/uploads\/2021\/05\/mort1-1.jpg","width":420,"height":296},{"@type":"BreadcrumbList","@id":"https:\/\/charleroi-pourlapalestine.be\/index.php\/2021\/05\/11\/en-direct-de-gaza-ziad-medoukh\/#breadcrumb","itemListElement":[{"@type":"ListItem","position":1,"name":"Accueil","item":"https:\/\/charleroi-pourlapalestine.be\/"},{"@type":"ListItem","position":2,"name":"En direct de Gaza (Ziad Medoukh)"}]},{"@type":"WebSite","@id":"https:\/\/charleroi-pourlapalestine.be\/#website","url":"https:\/\/charleroi-pourlapalestine.be\/","name":"Charleroi Pour la Palestine","description":"","publisher":{"@id":"https:\/\/charleroi-pourlapalestine.be\/#organization"},"potentialAction":[{"@type":"SearchAction","target":{"@type":"EntryPoint","urlTemplate":"https:\/\/charleroi-pourlapalestine.be\/?s={search_term_string}"},"query-input":{"@type":"PropertyValueSpecification","valueRequired":true,"valueName":"search_term_string"}}],"inLanguage":"fr-FR"},{"@type":"Organization","@id":"https:\/\/charleroi-pourlapalestine.be\/#organization","name":"Plate-forme Charleroi-Palestine","url":"https:\/\/charleroi-pourlapalestine.be\/","logo":{"@type":"ImageObject","inLanguage":"fr-FR","@id":"https:\/\/charleroi-pourlapalestine.be\/#\/schema\/logo\/image\/","url":"https:\/\/charleroi-pourlapalestine.be\/wp-content\/uploads\/2020\/01\/logo-Copy.jpg","contentUrl":"https:\/\/charleroi-pourlapalestine.be\/wp-content\/uploads\/2020\/01\/logo-Copy.jpg","width":180,"height":180,"caption":"Plate-forme Charleroi-Palestine"},"image":{"@id":"https:\/\/charleroi-pourlapalestine.be\/#\/schema\/logo\/image\/"},"sameAs":["https:\/\/www.facebook.com\/PlateformeCharleroiPalestine\/","https:\/\/x.com\/LaCharleroi"]},{"@type":"Person","@id":"https:\/\/charleroi-pourlapalestine.be\/#\/schema\/person\/c19ff515112f1299d8c12671d8fe3faa","name":"admin1873","url":"https:\/\/charleroi-pourlapalestine.be\/index.php\/author\/admin1873\/"}]}},"_links":{"self":[{"href":"https:\/\/charleroi-pourlapalestine.be\/index.php\/wp-json\/wp\/v2\/posts\/25819","targetHints":{"allow":["GET"]}}],"collection":[{"href":"https:\/\/charleroi-pourlapalestine.be\/index.php\/wp-json\/wp\/v2\/posts"}],"about":[{"href":"https:\/\/charleroi-pourlapalestine.be\/index.php\/wp-json\/wp\/v2\/types\/post"}],"author":[{"embeddable":true,"href":"https:\/\/charleroi-pourlapalestine.be\/index.php\/wp-json\/wp\/v2\/users\/1"}],"replies":[{"embeddable":true,"href":"https:\/\/charleroi-pourlapalestine.be\/index.php\/wp-json\/wp\/v2\/comments?post=25819"}],"version-history":[{"count":0,"href":"https:\/\/charleroi-pourlapalestine.be\/index.php\/wp-json\/wp\/v2\/posts\/25819\/revisions"}],"wp:featuredmedia":[{"embeddable":true,"href":"https:\/\/charleroi-pourlapalestine.be\/index.php\/wp-json\/wp\/v2\/media\/25822"}],"wp:attachment":[{"href":"https:\/\/charleroi-pourlapalestine.be\/index.php\/wp-json\/wp\/v2\/media?parent=25819"}],"wp:term":[{"taxonomy":"category","embeddable":true,"href":"https:\/\/charleroi-pourlapalestine.be\/index.php\/wp-json\/wp\/v2\/categories?post=25819"},{"taxonomy":"post_tag","embeddable":true,"href":"https:\/\/charleroi-pourlapalestine.be\/index.php\/wp-json\/wp\/v2\/tags?post=25819"}],"curies":[{"name":"wp","href":"https:\/\/api.w.org\/{rel}","templated":true}]}}